{"id":10002,"date":"2025-10-31T14:52:54","date_gmt":"2025-10-31T13:52:54","guid":{"rendered":"https:\/\/www.pogotowieflagowe.pl\/aktualne\/rzad-porzuci-projekt-cpk-minister-infrastruktury-powiedzial-to-wprost\/"},"modified":"2025-10-31T14:52:55","modified_gmt":"2025-10-31T13:52:55","slug":"rzad-porzuci-projekt-cpk-minister-infrastruktury-powiedzial-to-wprost","status":"publish","type":"post","link":"https:\/\/www.pogotowieflagowe.pl\/aktualne\/rzad-porzuci-projekt-cpk-minister-infrastruktury-powiedzial-to-wprost\/","title":{"rendered":"Rz\u0105d porzuci projekt CPK. Minister Infrastruktury powiedzia\u0142 to wprost"},"content":{"rendered":"\n<div class=\"td_block_wrap tdb_single_content tdi_41 td-pb-border-top td_block_template_8 td-post-content tagdiv-type\" data-td-block-uid=\"tdi_41\">\n<style>.tdi_41{margines-top:0px!important;margin-bottom:0px!important;dope\u0142nienie-g\u00f3ra:0px!important;dope\u0142nienie-d\u00f3\u0142:0px!important}<\/style>\n<style>.tdb_single_content{margin-bottom:0;*zoom:1}.tdb_single_content:before,.tdb_single_content:after{display:table;content:'';line-height:0}.tdb_single_content:after{clear:both}.tdb_single_content .tdb-block-inner>*:not(.wp-block-quote):not(.alignwide):not(.alignfull.wp-block-cover.has-parallax):not(.td-a-ad){margin-left:auto;margin-right:auto}.tdb_single_content a{pointer-events:auto}.tdb_single_content .td-spot-id-top_ad .tdc-placeholder-title:before{content:'Najlepsza reklama artyku\u0142u'!important}.tdb_single_content .td-spot-id-inline_ad0 .tdc-placeholder-title:before{content:'Reklama wbudowana artyku\u0142u 1'!important}.tdb_single_content .td-spot-id-inline_ad1 .tdc-placeholder-title:before{content:'Wbudowana reklama w artykule 2'!important}.tdb_single_content .td-spot-id-inline_ad2 .tdc-placeholder-title:before{content:'Wbudowana reklama w artykule 3'!important}.tdb_single_content .td-spot-id-bottom_ad .tdc-placeholder-title:before{content:'Article Bottom Ad'!important}.tdb_single_content .id_top_ad,.tdb_single_content .id_bottom_ad{clear:both;margin-bottom:21px;text-align:center}.tdb_single_content .id_top_ad img,.tdb_single_content .id_bottom_ad img{margin-bottom:0}.tdb_single_content .id_top_ad .adsbygoogle,.tdb_single_content .id_bottom_ad .adsbygoogle{position:relative}.tdb_single_content .id_ad_content-horiz-left,.tdb_single_content .id_ad_content-horiz-right,.tdb_single_content .id_ad_content-horiz-center{margin-bottom:15px}.tdb_single_content .id_ad_content-horiz-left img,.tdb_single_content .id_ad_content-horiz-right img,.tdb_single_content .id_ad_content-horiz-center img{margin-bottom:0}.tdb_single_content .id_ad_content-horiz-center{text-align:center}.tdb_single_content .id_ad_content-horiz-center img{margin-right:auto;margin-left:auto}.tdb_single_content .id_ad_content-horiz-left{float:left;margin-top:9px;margin-right:21px}.tdb_single_content .id_ad_content-horiz-right{float:right;margin-top:6px;margin-left:21px}.tdb_single_content .tdc-a-ad .tdc-placeholder-title{width:300px;height:250px}.tdb_single_content .tdc-a-ad .tdc-placeholder-title:before{position:absolute;top:50%;-webkit-transform:translateY(-50%);transform:translateY(-50%);margin:auto;display:table;width:100%}.tdb_single_content .tdb-block-inner.td-fix-index{word-break:break-word}.tdi_41,.tdi_41>p,.tdi_41 .tdb-block-inner>p,.wp-block-column>p{font-size:16px!important;line-height:1.6!important}.tdi_41 .tdb-block-inner blockquote p{font-style:normal!important}@media (max-width:767px){.tdb_single_content .id_ad_content-horiz-left,.tdb_single_content .id_ad_content-horiz-right,.tdb_single_content .id_ad_content-horiz-center{margin:0 auto 26 pikseli auto}}@media (max-width:767px){.tdb_single_content .id_ad_content-horiz-left{margin-right:0}}@media (max-width:767px){.tdb_single_content .id_ad_content-horiz-right{margin-left:0}}@media (max-width:767px){.tdb_single_content .td-a-ad{float:none;text-align:center}.tdb_single_content .td-a-ad img{margin-right:auto;margin-left:auto}.tdb_single_content .tdc-a-ad{float:none}}<\/style>\n<div class=\"tdb-block-inner td-fix-index\">\n<p>We wtorek premier Donald Tusk powiedzia\u0142, \u017ce tak <strong>\u201e<\/strong>nigdy nie u\u017cyje skr\u00f3tu CPK.<strong>\u201e<\/strong> Minister infrastruktury Dariusz Klimczak o\u015bwiadczy\u0142 dzi\u015b wprost, \u017ce nazwa projektu ulegnie zmianie.<\/p>\n<figure class=\"wp-block-pullquote\">\n<blockquote>\n<p><strong>\u201eOd samego pocz\u0105tku by\u0142em przeciwny nazywaniu w ten spos\u00f3b tego projektu (CPK), zw\u0142aszcza, \u017ce \u200b\u200bnie centralizujemy Polski\u201d<\/strong> \u2013 powiedzia\u0142 Klimczak w nielegalnie przej\u0119tej TVP Info. <strong>&#8222;Pracujemy nad ca\u0142\u0105 sieci\u0105. Je\u015bli budowana jest linia z Warszawy do \u0141odzi, z \u0141odzi do Poznania czy do Wroc\u0142awia, to staramy si\u0119 te\u017c o rozw\u00f3j innych linii i kontynuacj\u0119 kolei du\u017cych pr\u0119dko\u015bci&#8221;<\/strong> doda\u0142.<\/p>\n<\/blockquote>\n<\/figure>\n<p><strong><strong>\u201e<\/strong>Nazwa CPK ulegnie zmianie, poniewa\u017c zmieniono sam projekt, poprawiono jego parametry, jest on bardziej funkcjonalny i nie jest scentralizowany,<strong>\u201e<\/strong><\/strong> \u2013 podkre\u015bli\u0142 minister. <strong><strong>\u201e<\/strong>To, jak b\u0119dzie si\u0119 nazywa\u0107 nowe lotnisko i jak b\u0119dzie nazywa\u0142 si\u0119 sam projekt, to ju\u017c osobna kwestia. Nie przecz\u0119, \u017ce o tym my\u015bl\u0119 i pracuj\u0119, bo obecna nazwa zosta\u0142a zdyskredytowana,<strong>\u201e<\/strong><\/strong> powiedzia\u0142. Podkre\u015bli\u0142 tak\u017ce, \u017ce Minister Infrastruktury nie jest pe\u0142nomocnikiem rz\u0105du ds <em>Centralny Port Komunikacyjny (CPK)<\/em>.<\/p>\n<p>W poniedzia\u0142ek, <em>WP<\/em> poinformowa\u0142, \u017ce Ministerstwo Rolnictwa i Rozwoju Wsi w grudniu 2023 r. wyrazi\u0142o zgod\u0119 na sprzeda\u017c 160-hektarowej dzia\u0142ki wiceprezesowi prywatnej sp\u00f3\u0142ki \u2013 <em>Dawtona<\/em>. Do sprzeda\u017cy dosz\u0142o pomimo sprzeciwu m.in <em>Centralny Port Komunikacyjny (CPK)<\/em> w\u0142adz, dla kt\u00f3rych budowy dzia\u0142ka by\u0142a kluczowa, gdy\u017c przez te tereny w Zab\u0142otni ko\u0142o Grodziska Mazowieckiego mia\u0142a przebiega\u0107 linia kolei du\u017cych pr\u0119dko\u015bci z Warszawy do CPK.<\/p>\n<p>We wtorek premier Donald Tusk odnosz\u0105c si\u0119 do tej sprawy powiedzia\u0142, \u017ce \u201enigdy nie u\u017cyje skr\u00f3tu CPK\u201d, bo dzi\u015b <strong>\u201ewszyscy w Polsce<strong>\u201e<\/strong> interpretuje skr\u00f3t CPK jako \u201e<em>ca\u0142e PiS kradnie<\/em>'(<\/strong>&#8217;<strong>ca\u0142y PiS kradnie\u201d).<\/strong>Doda\u0142, \u017ce \u00f3wczesny Minister Rolnictwa wyrazi\u0142 zgod\u0119 na sprzeda\u017c dzia\u0142ki 19 pa\u017adziernika 2023 r., a ca\u0142y proces i najwa\u017cniejsze formalno\u015bci zako\u0144czy\u0142y si\u0119 w ci\u0105gu 24 godzin, w okresie od 30 listopada do 1 grudnia 2023 r.<\/p>\n<p>Jednak\u017ce, <em>Prawo i Sprawiedliwo\u015b\u0107 (PiS)<\/em> politycy ujawnili szereg kolejnych przeocze\u0144 zwi\u0105zanych z fabu\u0142\u0105 na Zab\u0142otni, m.in. niesp\u00f3jno\u015bci w wypowiedziach <em>Krajowy O\u015brodek Wsparcia Rolnictwa (KOWR)<\/em>kt\u00f3ra jeszcze kilka dni temu utrzymywa\u0142a, \u017ce \u200b\u200bodkup nieruchomo\u015bci jest niemo\u017cliwy (cho\u0107 w umowie wyra\u017anie by\u0142o inaczej).<\/p>\n<p><em>Prawo i Sprawiedliwo\u015b\u0107 (PiS)<\/em> twierdzi, \u017ce sprawa mo\u017ce zosta\u0107 wykorzystana przez rz\u0105d do zablokowania budowy CPK.<\/p>\n<figure class=\"wp-block-pullquote\">\n<blockquote>\n<p><strong>&#8222;Ten pseudoafera mia\u0142a pozwoli\u0107 Tuskowi spe\u0142ni\u0107 marzenie o opuszczeniu CPK. Umowa przewiduje prawo odkupu dzia\u0142ki za t\u0119 sam\u0105 cen\u0119, co oznacza, \u017ce \u200b\u200binteres pa\u0144stwa zosta\u0142 zabezpieczony. Donald Tusk nie ma wym\u00f3wki! Musi zbudowa\u0107 CPK. Powinien przesta\u0107 k\u0142ama\u0107 i przesta\u0107 blokowa\u0107 rozw\u00f3j Polski&#8221;<\/strong> powiedzia\u0142 <em>Prawo i Sprawiedliwo\u015b\u0107 (PiS)<\/em> parlamentarzy\u015bci.<\/p>\n<\/blockquote>\n<\/figure>\n<\/div>\n<\/div>\n","protected":false},"excerpt":{"rendered":"<p>We wtorek premier Donald Tusk powiedzia\u0142, \u017ce tak \u201enigdy nie u\u017cyje skr\u00f3tu CPK.\u201e Minister infrastruktury Dariusz Klimczak o\u015bwiadczy\u0142 dzi\u015b wprost,<\/p>\n","protected":false},"author":1,"featured_media":10003,"comment_status":"open","ping_status":"open","sticky":false,"template":"","format":"standard","meta":{"footnotes":""},"categories":[4748],"tags":[2225,3103,187,11508,8124,2249,1554,3159],"class_list":["post-10002","post","type-post","status-publish","format-standard","has-post-thumbnail","hentry","category-aktualne","tag-cpk","tag-infrastruktury","tag-minister","tag-porzuci","tag-powiedzial","tag-projekt","tag-rzad","tag-wprost","generate-columns","tablet-grid-50","mobile-grid-100","grid-parent","grid-50","resize-featured-image"],"yoast_head":"<!-- This site is optimized with the Yoast SEO plugin v23.2 - https:\/\/yoast.com\/wordpress\/plugins\/seo\/ -->\n<title>Rz\u0105d porzuci projekt CPK. Minister Infrastruktury powiedzia\u0142 to wprost - POGOTOWIE FLAGOWE\u00ae<\/title>\n<meta name=\"robots\" content=\"index, follow, max-snippet:-1, max-image-preview:large, max-video-preview:-1\" \/>\n<link rel=\"canonical\" href=\"https:\/\/www.pogotowieflagowe.pl\/aktualne\/rzad-porzuci-projekt-cpk-minister-infrastruktury-powiedzial-to-wprost\/\" \/>\n<meta property=\"og:locale\" content=\"pl_PL\" \/>\n<meta property=\"og:type\" content=\"article\" \/>\n<meta property=\"og:title\" content=\"Rz\u0105d porzuci projekt CPK. Minister Infrastruktury powiedzia\u0142 to wprost - POGOTOWIE FLAGOWE\u00ae\" \/>\n<meta property=\"og:description\" content=\"We wtorek premier Donald Tusk powiedzia\u0142, \u017ce tak \u201enigdy nie u\u017cyje skr\u00f3tu CPK.\u201e Minister infrastruktury Dariusz Klimczak o\u015bwiadczy\u0142 dzi\u015b wprost,\" \/>\n<meta property=\"og:url\" content=\"https:\/\/www.pogotowieflagowe.pl\/aktualne\/rzad-porzuci-projekt-cpk-minister-infrastruktury-powiedzial-to-wprost\/\" \/>\n<meta property=\"og:site_name\" content=\"POGOTOWIE FLAGOWE\u00ae\" \/>\n<meta property=\"article:published_time\" content=\"2025-10-31T13:52:54+00:00\" \/>\n<meta property=\"article:modified_time\" content=\"2025-10-31T13:52:55+00:00\" \/>\n<meta property=\"og:image\" content=\"https:\/\/www.pogotowieflagowe.pl\/aktualne\/wp-content\/uploads\/2025\/10\/Rzad-porzuci-projekt-CPK-Minister-Infrastruktury-powiedzial-to-wprost.webp.webp\" \/>\n\t<meta property=\"og:image:width\" content=\"1280\" \/>\n\t<meta property=\"og:image:height\" content=\"720\" \/>\n\t<meta property=\"og:image:type\" content=\"image\/webp\" \/>\n<meta name=\"author\" content=\"Filip\" \/>\n<meta name=\"twitter:card\" content=\"summary_large_image\" \/>\n<meta name=\"twitter:label1\" content=\"Napisane przez\" \/>\n\t<meta name=\"twitter:data1\" content=\"Filip\" \/>\n\t<meta name=\"twitter:label2\" content=\"Szacowany czas czytania\" \/>\n\t<meta name=\"twitter:data2\" content=\"2 minuty\" \/>\n<script type=\"application\/ld+json\" class=\"yoast-schema-graph\">{\"@context\":\"https:\/\/schema.org\",\"@graph\":[{\"@type\":\"Article\",\"@id\":\"https:\/\/www.pogotowieflagowe.pl\/aktualne\/rzad-porzuci-projekt-cpk-minister-infrastruktury-powiedzial-to-wprost\/#article\",\"isPartOf\":{\"@id\":\"https:\/\/www.pogotowieflagowe.pl\/aktualne\/rzad-porzuci-projekt-cpk-minister-infrastruktury-powiedzial-to-wprost\/\"},\"author\":{\"name\":\"Filip\",\"@id\":\"https:\/\/www.pogotowieflagowe.pl\/aktualne\/#\/schema\/person\/9c2fb7d2362ebf6fa088960d7f0d27b0\"},\"headline\":\"Rz\u0105d porzuci projekt CPK. Minister Infrastruktury powiedzia\u0142 to wprost\",\"datePublished\":\"2025-10-31T13:52:54+00:00\",\"dateModified\":\"2025-10-31T13:52:55+00:00\",\"mainEntityOfPage\":{\"@id\":\"https:\/\/www.pogotowieflagowe.pl\/aktualne\/rzad-porzuci-projekt-cpk-minister-infrastruktury-powiedzial-to-wprost\/\"},\"wordCount\":462,\"commentCount\":0,\"publisher\":{\"@id\":\"https:\/\/www.pogotowieflagowe.pl\/aktualne\/#organization\"},\"image\":{\"@id\":\"https:\/\/www.pogotowieflagowe.pl\/aktualne\/rzad-porzuci-projekt-cpk-minister-infrastruktury-powiedzial-to-wprost\/#primaryimage\"},\"thumbnailUrl\":\"https:\/\/www.pogotowieflagowe.pl\/aktualne\/wp-content\/uploads\/2025\/10\/Rzad-porzuci-projekt-CPK-Minister-Infrastruktury-powiedzial-to-wprost.webp.webp\",\"keywords\":[\"CPK\",\"infrastruktury\",\"minister\",\"porzuci\",\"powiedzia\u0142\",\"Projekt\",\"Rz\u0105d\",\"wprost\"],\"articleSection\":[\"Aktualne\"],\"inLanguage\":\"pl-PL\",\"potentialAction\":[{\"@type\":\"CommentAction\",\"name\":\"Comment\",\"target\":[\"https:\/\/www.pogotowieflagowe.pl\/aktualne\/rzad-porzuci-projekt-cpk-minister-infrastruktury-powiedzial-to-wprost\/#respond\"]}]},{\"@type\":\"WebPage\",\"@id\":\"https:\/\/www.pogotowieflagowe.pl\/aktualne\/rzad-porzuci-projekt-cpk-minister-infrastruktury-powiedzial-to-wprost\/\",\"url\":\"https:\/\/www.pogotowieflagowe.pl\/aktualne\/rzad-porzuci-projekt-cpk-minister-infrastruktury-powiedzial-to-wprost\/\",\"name\":\"Rz\u0105d porzuci projekt CPK. Minister Infrastruktury powiedzia\u0142 to wprost - POGOTOWIE FLAGOWE\u00ae\",\"isPartOf\":{\"@id\":\"https:\/\/www.pogotowieflagowe.pl\/aktualne\/#website\"},\"primaryImageOfPage\":{\"@id\":\"https:\/\/www.pogotowieflagowe.pl\/aktualne\/rzad-porzuci-projekt-cpk-minister-infrastruktury-powiedzial-to-wprost\/#primaryimage\"},\"image\":{\"@id\":\"https:\/\/www.pogotowieflagowe.pl\/aktualne\/rzad-porzuci-projekt-cpk-minister-infrastruktury-powiedzial-to-wprost\/#primaryimage\"},\"thumbnailUrl\":\"https:\/\/www.pogotowieflagowe.pl\/aktualne\/wp-content\/uploads\/2025\/10\/Rzad-porzuci-projekt-CPK-Minister-Infrastruktury-powiedzial-to-wprost.webp.webp\",\"datePublished\":\"2025-10-31T13:52:54+00:00\",\"dateModified\":\"2025-10-31T13:52:55+00:00\",\"breadcrumb\":{\"@id\":\"https:\/\/www.pogotowieflagowe.pl\/aktualne\/rzad-porzuci-projekt-cpk-minister-infrastruktury-powiedzial-to-wprost\/#breadcrumb\"},\"inLanguage\":\"pl-PL\",\"potentialAction\":[{\"@type\":\"ReadAction\",\"target\":[\"https:\/\/www.pogotowieflagowe.pl\/aktualne\/rzad-porzuci-projekt-cpk-minister-infrastruktury-powiedzial-to-wprost\/\"]}]},{\"@type\":\"ImageObject\",\"inLanguage\":\"pl-PL\",\"@id\":\"https:\/\/www.pogotowieflagowe.pl\/aktualne\/rzad-porzuci-projekt-cpk-minister-infrastruktury-powiedzial-to-wprost\/#primaryimage\",\"url\":\"https:\/\/www.pogotowieflagowe.pl\/aktualne\/wp-content\/uploads\/2025\/10\/Rzad-porzuci-projekt-CPK-Minister-Infrastruktury-powiedzial-to-wprost.webp.webp\",\"contentUrl\":\"https:\/\/www.pogotowieflagowe.pl\/aktualne\/wp-content\/uploads\/2025\/10\/Rzad-porzuci-projekt-CPK-Minister-Infrastruktury-powiedzial-to-wprost.webp.webp\",\"width\":1280,\"height\":720,\"caption\":\"Rz\u0105d porzuci projekt CPK. Minister Infrastruktury powiedzia\u0142 to wprost\"},{\"@type\":\"BreadcrumbList\",\"@id\":\"https:\/\/www.pogotowieflagowe.pl\/aktualne\/rzad-porzuci-projekt-cpk-minister-infrastruktury-powiedzial-to-wprost\/#breadcrumb\",\"itemListElement\":[{\"@type\":\"ListItem\",\"position\":1,\"name\":\"Home\",\"item\":\"https:\/\/www.pogotowieflagowe.pl\/aktualne\/\"},{\"@type\":\"ListItem\",\"position\":2,\"name\":\"Rz\u0105d porzuci projekt CPK. Minister Infrastruktury powiedzia\u0142 to wprost\"}]},{\"@type\":\"WebSite\",\"@id\":\"https:\/\/www.pogotowieflagowe.pl\/aktualne\/#website\",\"url\":\"https:\/\/www.pogotowieflagowe.pl\/aktualne\/\",\"name\":\"POGOTOWIE FLAGOWE\u00ae\",\"description\":\"\",\"publisher\":{\"@id\":\"https:\/\/www.pogotowieflagowe.pl\/aktualne\/#organization\"},\"potentialAction\":[{\"@type\":\"SearchAction\",\"target\":{\"@type\":\"EntryPoint\",\"urlTemplate\":\"https:\/\/www.pogotowieflagowe.pl\/aktualne\/?s={search_term_string}\"},\"query-input\":\"required name=search_term_string\"}],\"inLanguage\":\"pl-PL\"},{\"@type\":\"Organization\",\"@id\":\"https:\/\/www.pogotowieflagowe.pl\/aktualne\/#organization\",\"name\":\"POGOTOWIE FLAGOWE\u00ae\",\"url\":\"https:\/\/www.pogotowieflagowe.pl\/aktualne\/\",\"logo\":{\"@type\":\"ImageObject\",\"inLanguage\":\"pl-PL\",\"@id\":\"https:\/\/www.pogotowieflagowe.pl\/aktualne\/#\/schema\/logo\/image\/\",\"url\":\"https:\/\/www.pogotowieflagowe.pl\/aktualne\/wp-content\/uploads\/2024\/08\/cropped-pogotowieflagowe_flaga_projekt_sm.jpg\",\"contentUrl\":\"https:\/\/www.pogotowieflagowe.pl\/aktualne\/wp-content\/uploads\/2024\/08\/cropped-pogotowieflagowe_flaga_projekt_sm.jpg\",\"width\":250,\"height\":143,\"caption\":\"POGOTOWIE FLAGOWE\u00ae\"},\"image\":{\"@id\":\"https:\/\/www.pogotowieflagowe.pl\/aktualne\/#\/schema\/logo\/image\/\"}},{\"@type\":\"Person\",\"@id\":\"https:\/\/www.pogotowieflagowe.pl\/aktualne\/#\/schema\/person\/9c2fb7d2362ebf6fa088960d7f0d27b0\",\"name\":\"Filip\",\"image\":{\"@type\":\"ImageObject\",\"inLanguage\":\"pl-PL\",\"@id\":\"https:\/\/www.pogotowieflagowe.pl\/aktualne\/#\/schema\/person\/image\/\",\"url\":\"https:\/\/www.pogotowieflagowe.pl\/aktualne\/wp-content\/uploads\/2024\/08\/pogotowieflagowe.pl_.jpg\",\"contentUrl\":\"https:\/\/www.pogotowieflagowe.pl\/aktualne\/wp-content\/uploads\/2024\/08\/pogotowieflagowe.pl_.jpg\",\"caption\":\"Filip\"},\"description\":\"Jestem Filip, polski dziennikarz z dyplomem nauk politycznych Uniwersytetu Warszawskiego. Rozpoczynaj\u0105c swoj\u0105 karier\u0119 w r\u00f3\u017cnych lokalnych mediach, zdoby\u0142em solidne do\u015bwiadczenie w zakresie \u015bledztwa i redakcji. Obecnie jako redaktor w Pogotowie flagowe, staram si\u0119 dostarcza\u0107 dog\u0142\u0119bne i istotne analizy na temat najwa\u017cniejszych kwestii aktualno\u015bci, \u0142\u0105cz\u0105c rygor z pasj\u0105 dziennikarsk\u0105.\",\"sameAs\":[\"https:\/\/www.pogotowieflagowe.pl\/\"]}]}<\/script>\n<!-- \/ Yoast SEO plugin. -->","yoast_head_json":{"title":"Rz\u0105d porzuci projekt CPK. Minister Infrastruktury powiedzia\u0142 to wprost - POGOTOWIE FLAGOWE\u00ae","robots":{"index":"index","follow":"follow","max-snippet":"max-snippet:-1","max-image-preview":"max-image-preview:large","max-video-preview":"max-video-preview:-1"},"canonical":"https:\/\/www.pogotowieflagowe.pl\/aktualne\/rzad-porzuci-projekt-cpk-minister-infrastruktury-powiedzial-to-wprost\/","og_locale":"pl_PL","og_type":"article","og_title":"Rz\u0105d porzuci projekt CPK. Minister Infrastruktury powiedzia\u0142 to wprost - POGOTOWIE FLAGOWE\u00ae","og_description":"We wtorek premier Donald Tusk powiedzia\u0142, \u017ce tak \u201enigdy nie u\u017cyje skr\u00f3tu CPK.\u201e Minister infrastruktury Dariusz Klimczak o\u015bwiadczy\u0142 dzi\u015b wprost,","og_url":"https:\/\/www.pogotowieflagowe.pl\/aktualne\/rzad-porzuci-projekt-cpk-minister-infrastruktury-powiedzial-to-wprost\/","og_site_name":"POGOTOWIE FLAGOWE\u00ae","article_published_time":"2025-10-31T13:52:54+00:00","article_modified_time":"2025-10-31T13:52:55+00:00","og_image":[{"width":1280,"height":720,"url":"https:\/\/www.pogotowieflagowe.pl\/aktualne\/wp-content\/uploads\/2025\/10\/Rzad-porzuci-projekt-CPK-Minister-Infrastruktury-powiedzial-to-wprost.webp.webp","type":"image\/webp"}],"author":"Filip","twitter_card":"summary_large_image","twitter_misc":{"Napisane przez":"Filip","Szacowany czas czytania":"2 minuty"},"schema":{"@context":"https:\/\/schema.org","@graph":[{"@type":"Article","@id":"https:\/\/www.pogotowieflagowe.pl\/aktualne\/rzad-porzuci-projekt-cpk-minister-infrastruktury-powiedzial-to-wprost\/#article","isPartOf":{"@id":"https:\/\/www.pogotowieflagowe.pl\/aktualne\/rzad-porzuci-projekt-cpk-minister-infrastruktury-powiedzial-to-wprost\/"},"author":{"name":"Filip","@id":"https:\/\/www.pogotowieflagowe.pl\/aktualne\/#\/schema\/person\/9c2fb7d2362ebf6fa088960d7f0d27b0"},"headline":"Rz\u0105d porzuci projekt CPK. Minister Infrastruktury powiedzia\u0142 to wprost","datePublished":"2025-10-31T13:52:54+00:00","dateModified":"2025-10-31T13:52:55+00:00","mainEntityOfPage":{"@id":"https:\/\/www.pogotowieflagowe.pl\/aktualne\/rzad-porzuci-projekt-cpk-minister-infrastruktury-powiedzial-to-wprost\/"},"wordCount":462,"commentCount":0,"publisher":{"@id":"https:\/\/www.pogotowieflagowe.pl\/aktualne\/#organization"},"image":{"@id":"https:\/\/www.pogotowieflagowe.pl\/aktualne\/rzad-porzuci-projekt-cpk-minister-infrastruktury-powiedzial-to-wprost\/#primaryimage"},"thumbnailUrl":"https:\/\/www.pogotowieflagowe.pl\/aktualne\/wp-content\/uploads\/2025\/10\/Rzad-porzuci-projekt-CPK-Minister-Infrastruktury-powiedzial-to-wprost.webp.webp","keywords":["CPK","infrastruktury","minister","porzuci","powiedzia\u0142","Projekt","Rz\u0105d","wprost"],"articleSection":["Aktualne"],"inLanguage":"pl-PL","potentialAction":[{"@type":"CommentAction","name":"Comment","target":["https:\/\/www.pogotowieflagowe.pl\/aktualne\/rzad-porzuci-projekt-cpk-minister-infrastruktury-powiedzial-to-wprost\/#respond"]}]},{"@type":"WebPage","@id":"https:\/\/www.pogotowieflagowe.pl\/aktualne\/rzad-porzuci-projekt-cpk-minister-infrastruktury-powiedzial-to-wprost\/","url":"https:\/\/www.pogotowieflagowe.pl\/aktualne\/rzad-porzuci-projekt-cpk-minister-infrastruktury-powiedzial-to-wprost\/","name":"Rz\u0105d porzuci projekt CPK. Minister Infrastruktury powiedzia\u0142 to wprost - POGOTOWIE FLAGOWE\u00ae","isPartOf":{"@id":"https:\/\/www.pogotowieflagowe.pl\/aktualne\/#website"},"primaryImageOfPage":{"@id":"https:\/\/www.pogotowieflagowe.pl\/aktualne\/rzad-porzuci-projekt-cpk-minister-infrastruktury-powiedzial-to-wprost\/#primaryimage"},"image":{"@id":"https:\/\/www.pogotowieflagowe.pl\/aktualne\/rzad-porzuci-projekt-cpk-minister-infrastruktury-powiedzial-to-wprost\/#primaryimage"},"thumbnailUrl":"https:\/\/www.pogotowieflagowe.pl\/aktualne\/wp-content\/uploads\/2025\/10\/Rzad-porzuci-projekt-CPK-Minister-Infrastruktury-powiedzial-to-wprost.webp.webp","datePublished":"2025-10-31T13:52:54+00:00","dateModified":"2025-10-31T13:52:55+00:00","breadcrumb":{"@id":"https:\/\/www.pogotowieflagowe.pl\/aktualne\/rzad-porzuci-projekt-cpk-minister-infrastruktury-powiedzial-to-wprost\/#breadcrumb"},"inLanguage":"pl-PL","potentialAction":[{"@type":"ReadAction","target":["https:\/\/www.pogotowieflagowe.pl\/aktualne\/rzad-porzuci-projekt-cpk-minister-infrastruktury-powiedzial-to-wprost\/"]}]},{"@type":"ImageObject","inLanguage":"pl-PL","@id":"https:\/\/www.pogotowieflagowe.pl\/aktualne\/rzad-porzuci-projekt-cpk-minister-infrastruktury-powiedzial-to-wprost\/#primaryimage","url":"https:\/\/www.pogotowieflagowe.pl\/aktualne\/wp-content\/uploads\/2025\/10\/Rzad-porzuci-projekt-CPK-Minister-Infrastruktury-powiedzial-to-wprost.webp.webp","contentUrl":"https:\/\/www.pogotowieflagowe.pl\/aktualne\/wp-content\/uploads\/2025\/10\/Rzad-porzuci-projekt-CPK-Minister-Infrastruktury-powiedzial-to-wprost.webp.webp","width":1280,"height":720,"caption":"Rz\u0105d porzuci projekt CPK. Minister Infrastruktury powiedzia\u0142 to wprost"},{"@type":"BreadcrumbList","@id":"https:\/\/www.pogotowieflagowe.pl\/aktualne\/rzad-porzuci-projekt-cpk-minister-infrastruktury-powiedzial-to-wprost\/#breadcrumb","itemListElement":[{"@type":"ListItem","position":1,"name":"Home","item":"https:\/\/www.pogotowieflagowe.pl\/aktualne\/"},{"@type":"ListItem","position":2,"name":"Rz\u0105d porzuci projekt CPK. Minister Infrastruktury powiedzia\u0142 to wprost"}]},{"@type":"WebSite","@id":"https:\/\/www.pogotowieflagowe.pl\/aktualne\/#website","url":"https:\/\/www.pogotowieflagowe.pl\/aktualne\/","name":"POGOTOWIE FLAGOWE\u00ae","description":"","publisher":{"@id":"https:\/\/www.pogotowieflagowe.pl\/aktualne\/#organization"},"potentialAction":[{"@type":"SearchAction","target":{"@type":"EntryPoint","urlTemplate":"https:\/\/www.pogotowieflagowe.pl\/aktualne\/?s={search_term_string}"},"query-input":"required name=search_term_string"}],"inLanguage":"pl-PL"},{"@type":"Organization","@id":"https:\/\/www.pogotowieflagowe.pl\/aktualne\/#organization","name":"POGOTOWIE FLAGOWE\u00ae","url":"https:\/\/www.pogotowieflagowe.pl\/aktualne\/","logo":{"@type":"ImageObject","inLanguage":"pl-PL","@id":"https:\/\/www.pogotowieflagowe.pl\/aktualne\/#\/schema\/logo\/image\/","url":"https:\/\/www.pogotowieflagowe.pl\/aktualne\/wp-content\/uploads\/2024\/08\/cropped-pogotowieflagowe_flaga_projekt_sm.jpg","contentUrl":"https:\/\/www.pogotowieflagowe.pl\/aktualne\/wp-content\/uploads\/2024\/08\/cropped-pogotowieflagowe_flaga_projekt_sm.jpg","width":250,"height":143,"caption":"POGOTOWIE FLAGOWE\u00ae"},"image":{"@id":"https:\/\/www.pogotowieflagowe.pl\/aktualne\/#\/schema\/logo\/image\/"}},{"@type":"Person","@id":"https:\/\/www.pogotowieflagowe.pl\/aktualne\/#\/schema\/person\/9c2fb7d2362ebf6fa088960d7f0d27b0","name":"Filip","image":{"@type":"ImageObject","inLanguage":"pl-PL","@id":"https:\/\/www.pogotowieflagowe.pl\/aktualne\/#\/schema\/person\/image\/","url":"https:\/\/www.pogotowieflagowe.pl\/aktualne\/wp-content\/uploads\/2024\/08\/pogotowieflagowe.pl_.jpg","contentUrl":"https:\/\/www.pogotowieflagowe.pl\/aktualne\/wp-content\/uploads\/2024\/08\/pogotowieflagowe.pl_.jpg","caption":"Filip"},"description":"Jestem Filip, polski dziennikarz z dyplomem nauk politycznych Uniwersytetu Warszawskiego. Rozpoczynaj\u0105c swoj\u0105 karier\u0119 w r\u00f3\u017cnych lokalnych mediach, zdoby\u0142em solidne do\u015bwiadczenie w zakresie \u015bledztwa i redakcji. Obecnie jako redaktor w Pogotowie flagowe, staram si\u0119 dostarcza\u0107 dog\u0142\u0119bne i istotne analizy na temat najwa\u017cniejszych kwestii aktualno\u015bci, \u0142\u0105cz\u0105c rygor z pasj\u0105 dziennikarsk\u0105.","sameAs":["https:\/\/www.pogotowieflagowe.pl\/"]}]}},"_links":{"self":[{"href":"https:\/\/www.pogotowieflagowe.pl\/aktualne\/wp-json\/wp\/v2\/posts\/10002","targetHints":{"allow":["GET"]}}],"collection":[{"href":"https:\/\/www.pogotowieflagowe.pl\/aktualne\/wp-json\/wp\/v2\/posts"}],"about":[{"href":"https:\/\/www.pogotowieflagowe.pl\/aktualne\/wp-json\/wp\/v2\/types\/post"}],"author":[{"embeddable":true,"href":"https:\/\/www.pogotowieflagowe.pl\/aktualne\/wp-json\/wp\/v2\/users\/1"}],"replies":[{"embeddable":true,"href":"https:\/\/www.pogotowieflagowe.pl\/aktualne\/wp-json\/wp\/v2\/comments?post=10002"}],"version-history":[{"count":1,"href":"https:\/\/www.pogotowieflagowe.pl\/aktualne\/wp-json\/wp\/v2\/posts\/10002\/revisions"}],"predecessor-version":[{"id":10004,"href":"https:\/\/www.pogotowieflagowe.pl\/aktualne\/wp-json\/wp\/v2\/posts\/10002\/revisions\/10004"}],"wp:featuredmedia":[{"embeddable":true,"href":"https:\/\/www.pogotowieflagowe.pl\/aktualne\/wp-json\/wp\/v2\/media\/10003"}],"wp:attachment":[{"href":"https:\/\/www.pogotowieflagowe.pl\/aktualne\/wp-json\/wp\/v2\/media?parent=10002"}],"wp:term":[{"taxonomy":"category","embeddable":true,"href":"https:\/\/www.pogotowieflagowe.pl\/aktualne\/wp-json\/wp\/v2\/categories?post=10002"},{"taxonomy":"post_tag","embeddable":true,"href":"https:\/\/www.pogotowieflagowe.pl\/aktualne\/wp-json\/wp\/v2\/tags?post=10002"}],"curies":[{"name":"wp","href":"https:\/\/api.w.org\/{rel}","templated":true}]}}