{"id":10008,"date":"2025-10-31T20:09:53","date_gmt":"2025-10-31T19:09:53","guid":{"rendered":"https:\/\/www.pogotowieflagowe.pl\/aktualne\/wiecej-niz-muzyka-skandale-polityka-i-duma-narodowa-na-konkursie-chopinowskim\/"},"modified":"2025-10-31T20:09:55","modified_gmt":"2025-10-31T19:09:55","slug":"wiecej-niz-muzyka-skandale-polityka-i-duma-narodowa-na-konkursie-chopinowskim","status":"publish","type":"post","link":"https:\/\/www.pogotowieflagowe.pl\/aktualne\/wiecej-niz-muzyka-skandale-polityka-i-duma-narodowa-na-konkursie-chopinowskim\/","title":{"rendered":"Wi\u0119cej ni\u017c muzyka: skandale, polityka i duma narodowa na Konkursie Chopinowskim"},"content":{"rendered":"\n<div class=\"td_block_wrap tdb_single_content tdi_41 td-pb-border-top td_block_template_8 td-post-content tagdiv-type\" data-td-block-uid=\"tdi_41\">\n<style>.tdi_41{margines-top:0px!important;margin-bottom:0px!important;dope\u0142nienie-g\u00f3ra:0px!important;dope\u0142nienie-d\u00f3\u0142:0px!important}<\/style>\n<style>.tdb_single_content{margin-bottom:0;*zoom:1}.tdb_single_content:before,.tdb_single_content:after{display:table;content:'';line-height:0}.tdb_single_content:after{clear:both}.tdb_single_content .tdb-block-inner>*:not(.wp-block-quote):not(.alignwide):not(.alignfull.wp-block-cover.has-parallax):not(.td-a-ad){margin-left:auto;margin-right:auto}.tdb_single_content a{pointer-events:auto}.tdb_single_content .td-spot-id-top_ad .tdc-placeholder-title:before{content:'Najlepsza reklama artyku\u0142u'!important}.tdb_single_content .td-spot-id-inline_ad0 .tdc-placeholder-title:before{content:'Reklama wbudowana artyku\u0142u 1'!important}.tdb_single_content .td-spot-id-inline_ad1 .tdc-placeholder-title:before{content:'Wbudowana reklama w artykule 2'!important}.tdb_single_content .td-spot-id-inline_ad2 .tdc-placeholder-title:before{content:'Wbudowana reklama w artykule 3'!important}.tdb_single_content .td-spot-id-bottom_ad .tdc-placeholder-title:before{content:'Article Bottom Ad'!important}.tdb_single_content .id_top_ad,.tdb_single_content .id_bottom_ad{clear:both;margin-bottom:21px;text-align:center}.tdb_single_content .id_top_ad img,.tdb_single_content .id_bottom_ad img{margin-bottom:0}.tdb_single_content .id_top_ad .adsbygoogle,.tdb_single_content .id_bottom_ad .adsbygoogle{position:relative}.tdb_single_content .id_ad_content-horiz-left,.tdb_single_content .id_ad_content-horiz-right,.tdb_single_content .id_ad_content-horiz-center{margin-bottom:15px}.tdb_single_content .id_ad_content-horiz-left img,.tdb_single_content .id_ad_content-horiz-right img,.tdb_single_content .id_ad_content-horiz-center img{margin-bottom:0}.tdb_single_content .id_ad_content-horiz-center{text-align:center}.tdb_single_content .id_ad_content-horiz-center img{margin-right:auto;margin-left:auto}.tdb_single_content .id_ad_content-horiz-left{float:left;margin-top:9px;margin-right:21px}.tdb_single_content .id_ad_content-horiz-right{float:right;margin-top:6px;margin-left:21px}.tdb_single_content .tdc-a-ad .tdc-placeholder-title{width:300px;height:250px}.tdb_single_content .tdc-a-ad .tdc-placeholder-title:before{position:absolute;top:50%;-webkit-transform:translateY(-50%);transform:translateY(-50%);margin:auto;display:table;width:100%}.tdb_single_content .tdb-block-inner.td-fix-index{word-break:break-word}.tdi_41,.tdi_41>p,.tdi_41 .tdb-block-inner>p,.wp-block-column>p{font-size:16px!important;line-height:1.6!important}.tdi_41 .tdb-block-inner blockquote p{font-style:normal!important}@media (max-width:767px){.tdb_single_content .id_ad_content-horiz-left,.tdb_single_content .id_ad_content-horiz-right,.tdb_single_content .id_ad_content-horiz-center{margin:0 auto 26 pikseli auto}}@media (max-width:767px){.tdb_single_content .id_ad_content-horiz-left{margin-right:0}}@media (max-width:767px){.tdb_single_content .id_ad_content-horiz-right{margin-left:0}}@media (max-width:767px){.tdb_single_content .td-a-ad{float:none;text-align:center}.tdb_single_content .td-a-ad img{margin-right:auto;margin-left:auto}.tdb_single_content .tdc-a-ad{float:none}}<\/style>\n<div class=\"tdb-block-inner td-fix-index\">\n<p>The <em>Mi\u0119dzynarodowy Konkurs Pianistyczny im. Fryderyka Chopina<\/em> jest \u015bwiatowym symbolem najwy\u017cszego kunsztu i wra\u017cliwo\u015bci muzycznej. Co pi\u0119\u0107 lat oczy meloman\u00f3w z ca\u0142ego \u015bwiata zwracaj\u0105 si\u0119 w stron\u0119 Warszawy, gdzie m\u0142odzi wirtuozi na nowo odkrywaj\u0105 geniusz polskiego kompozytora. Jednak za fasad\u0105 eleganckich smoking\u00f3w i skupionych twarzy kryje si\u0119 historia niemal tak dramatyczna jak muzyka Chopina \u2013 opowie\u015b\u0107 o zakulisowej rywalizacji, napi\u0119ciach politycznych i wybuchach dumy narodowej, kt\u00f3re czyni\u0105 to wydarzenie czym\u015b wi\u0119cej ni\u017c tylko muzycznym konkursem.<\/p>\n<p>Konkurs od chwili swego powstania w 1927 roku by\u0142 aren\u0105 zderzenia nie tylko wizji artystycznych, ale i ambicji narodowych. Inicjatywa profesora Jerzego \u017burawlewa, kt\u00f3ry chcia\u0142 \u201euczyni\u0107 muzyk\u0119 Chopina bardziej konkurencyjn\u0105\u201d i popularyzowa\u0107 j\u0105 w\u015br\u00f3d m\u0142odzie\u017cy, od pocz\u0105tku nios\u0142a iskr\u0119 rywalizacji wykraczaj\u0105cej poza czyst\u0105 sztuk\u0119. W latach II RP, a zw\u0142aszcza po II wojnie \u015bwiatowej, w surowej rzeczywisto\u015bci PRL, Konkurs sta\u0142 si\u0119 dla Polak\u00f3w spojrzeniem na szerszy \u015bwiat i okazj\u0105 do manifestacji dumy narodowej. Ka\u017cdy sukces polskiego pianisty przeradza\u0142 si\u0119 w triumf pa\u0144stwowy, a ka\u017cda kontrowersyjna decyzja jury mog\u0142a wywo\u0142a\u0107 oburzenie spo\u0142eczne, kt\u00f3re Jerzy Waldorff obrazowo okre\u015bli\u0142 jako gro\u017ab\u0119 \u201edodatkowych powsta\u0144 muzycznych\u201d.<\/p>\n<h2 class=\"wp-block-heading\"><strong>Kiedy fortepian staje si\u0119 polem bitwy<\/strong><\/h2>\n<p>By\u0107 mo\u017ce najs\u0142ynniejszy skandal \u2013 taki, kt\u00f3ry do dzi\u015b budzi emocje i pozostaje punktem odniesienia dla wszystkich p\u00f3\u017aniejszych kontrowersji \u2013 wybuch\u0142 w 1980 roku.<\/p>\n<p>Jej bohaterem by\u0142 Ivo Pogoreli\u0107, charyzmatyczny pianista z Jugos\u0142awii, kt\u00f3rego odwa\u017cne, niekonwencjonalne interpretacje podzieli\u0142y zar\u00f3wno juror\u00f3w, jak i publiczno\u015b\u0107. Pogoreli\u0107, ubrany w d\u017cinsy i jedwabne koszule, \u017cu\u0142 na scenie gum\u0119, by\u0142 zaprzeczeniem konkursowej etykiety. Jego gra \u2013 dla jednych b\u0142yskotliwa i odkrywcza, dla innych heretycka i wypaczaj\u0105ca ducha Chopina \u2013 wywo\u0142a\u0142a skrajne reakcje s\u0119dzi\u00f3w. Po\u0142owa jury przyzna\u0142a mu oceny najwy\u017csze, druga po\u0142owa najni\u017csze. Prze\u0142om nast\u0105pi\u0142, gdy og\u0142oszono, \u017ce Pogoreli\u0107 nie zakwalifikowa\u0142 si\u0119 do fina\u0142u. Decyzja wywo\u0142a\u0142a bezprecedensowe oburzenie. Na znak protestu rezygnacj\u0119 z cz\u0142onkostwa w jury z\u0142o\u017cy\u0142a legendarna argenty\u0144ska pianistka Martha Argerich, sama zwyci\u0119\u017cczyni z 1965 roku. Jej decyzja o wyje\u017adzie z Warszawy nada\u0142a sprawie mi\u0119dzynarodowy odd\u017awi\u0119k i sta\u0142a si\u0119 symbolem buntu wobec artystycznego konserwatyzmu. <strong>\u201eSprawa Pogoreli\u0107a\u201d<\/strong> trafi\u0142 na pierwsze strony gazet na ca\u0142ym \u015bwiecie, zmieniaj\u0105c odrzuconego pianist\u0119 w \u015bwiatow\u0105 gwiazd\u0119 i idola m\u0142odzie\u017cy, kt\u00f3rego kariera b\u0142yszcza\u0142a znacznie ja\u015bniej ni\u017c kariera zwyci\u0119zcy tej edycji, wietnamskiego pianisty \u0110\u1eb7ng Th\u00e1i S\u01a1n.<\/p>\n<p>To pojedyncze wydarzenie obna\u017cy\u0142o zasadnicze napi\u0119cie w samej idei Konkursu: konflikt pomi\u0119dzy wierno\u015bci\u0105 tradycji a prawem artysty do indywidualnej, wr\u0119cz ekscentrycznej interpretacji. Pokaza\u0142 tak\u017ce, \u017ce na <em>Filharmonia Narodowa<\/em>nie chodzi\u0142o tylko o bezb\u0142\u0119dne granie nut, ale o znacznie wspanialsz\u0105 gr\u0119, w kt\u00f3rej stawk\u0105 by\u0142a wizja sztuki, emocje narodowe i miejsce Polski na kulturalnej mapie \u015bwiata.<\/p>\n<p>Skandal z Pogoreli\u0107em z 1980 r. by\u0142 jedynie najbardziej jaskrawym przyk\u0142adem napi\u0119\u0107, jakie towarzyszy\u0142y <em>Konkurs Chopinowski<\/em> przez dziesi\u0119ciolecia, osi\u0105gaj\u0105c sw\u00f3j szczyt w mrocznych czasach zimnej wojny. To wtedy, gdy \u015bwiat dzieli\u0142a \u017celazna kurtyna, powsta\u0142a warszawska scena Teatru im <em>Filharmonia Narodowa<\/em> sta\u0142 si\u0119 symbolicznym polem bitwy supermocarstw. Muzyka Chopina \u2013 symbol polskiej duszy i wolno\u015bci \u2013 nabra\u0142a dodatkowego, politycznego wymiaru, a ka\u017cda nagroda sta\u0142a si\u0119 przejawem kulturowej supremacji.<\/p>\n<h2 class=\"wp-block-heading\"><strong>\u017belazna kurtyna na klawiaturze<\/strong><\/h2>\n<p>Od najwcze\u015bniejszych wyda\u0144 wyra\u017ana by\u0142a dominacja pianist\u00f3w radzieckich. Lew Oborin, Jakow Zak, a po wojnie Bella Dawidowicz stali si\u0119 symbolami pot\u0119gi radzieckiej szko\u0142y pianistycznej. Dla w\u0142adz PRL sukces \u201ebratniczego narodu\u201d by\u0142 mile widziany, ale dla polskiego spo\u0142ecze\u0144stwa by\u0142 to gorzka pigu\u0142ka do prze\u0142kni\u0119cia. W sercach Polak\u00f3w ros\u0142a t\u0119sknota za rodakiem, kt\u00f3ry zdoby\u0142by najwy\u017csze laury, udowadniaj\u0105c \u015bwiatu, \u017ce to my jeste\u015bmy prawowitymi spadkobiercami i najlepszymi interpretatorami geniuszu Chopina.<\/p>\n<p>Pierwszy powojenny Konkurs w 1949 roku przyni\u00f3s\u0142 rozwi\u0105zanie na wz\u00f3r Salomona, cho\u0107 dla wielu niezadowalaj\u0105ce. Pierwsz\u0105 nagrod\u0105 podzieli\u0142y si\u0119 polska pianistka Halina Czerny-Stefa\u0144ska i reprezentantka ZSRR Bella Davidovich. W atmosferze stalinowskiej Polski taki werdykt mo\u017cna by\u0142o odczyta\u0107 jako gest dyplomatyczny, maj\u0105cy zadowoli\u0107 zar\u00f3wno Warszaw\u0119, jak i Moskw\u0119. Sam Konkurs odbywa\u0142 si\u0119 w cieniu polityki \u2013 wyst\u0119py odbywa\u0142y si\u0119 w jedynej ocala\u0142ej sali koncertowej, <em>Teatru Roma<\/em>jako <em>Filharmonia Narodowa<\/em> budynek nadal le\u017ca\u0142 w gruzach.<\/p>\n<p>Prawdziwy muzyczny pojedynek si\u0142 rozegra\u0142 si\u0119 sze\u015b\u0107 lat p\u00f3\u017aniej, w 1955 roku, w odbudowanej Filharmonii. V Konkurs przeszed\u0142 do historii jako starcie dw\u00f3ch tytan\u00f3w: Adama Harasiewicza, nios\u0105cego nadzieje ca\u0142ego narodu, i W\u0142adimira Aszkenazego, genialnego wirtuoza z ZSRR. Aszkenazy by\u0142 powszechnie uwa\u017cany za faworyta; jego gra, w por\u00f3wnaniu do gry m\u0142odego Horowitza, elektryzowa\u0142a publiczno\u015b\u0107.<\/p>\n<p>Ostatecznie jury pod przewodnictwem profesora Zbigniewa Drzewieckiego przyzna\u0142o Harasiewiczowi pierwsz\u0105 nagrod\u0119. Wyrok natychmiast wywo\u0142a\u0142 kontrowersje. Na znak protestu rezygnacj\u0119 z sk\u0142adu jury z\u0142o\u017cy\u0142 legendarny w\u0142oski pianista Arturo Benedetti Michelangeli, przekonany, \u017ce Aszkenazy zas\u0142u\u017cy\u0142 na zwyci\u0119stwo. Jego decyzja zwr\u00f3ci\u0142a uwag\u0119 \u015bwiata i rzuci\u0142a cie\u0144 na sukces Polaka. Do dzi\u015b tocz\u0105 si\u0119 dyskusje, czy zwyci\u0119stwo Harasiewicza by\u0142o wynikiem uprzedze\u0144 jury, czy te\u017c kwesti\u0105 preferencji artystycznych \u2013 przedk\u0142adaj\u0105cych klasyczn\u0105 pow\u015bci\u0105gliwo\u015b\u0107 Polaka nad ognist\u0105 brawur\u0105 Sowiet\u00f3w. Niezale\u017cnie od intencji juror\u00f3w, dla polskiego spo\u0142ecze\u0144stwa by\u0142 to historyczny triumf. W ponurej rzeczywisto\u015bci lat 50. zwyci\u0119stwo Polaka nad sowieckim rywalem mia\u0142o znaczenie nie tylko artystyczne, ale tak\u017ce g\u0142\u0119boko narodowo-polityczne.<\/p>\n<h2 class=\"wp-block-heading\"><strong>Globalna wioska Chopina i polskie nadzieje<\/strong><\/h2>\n<p>Upadek \u017celaznej kurtyny na zawsze zmieni\u0142 map\u0119 polityczn\u0105 \u015bwiata \u2013 a wraz z ni\u0105 krajobraz Europy <em>Konkurs Chopinowski<\/em>. Rywalizacja Wsch\u00f3d-Zach\u00f3d, kt\u00f3ra od dziesi\u0119cioleci elektryzowa\u0142a publiczno\u015b\u0107, znikn\u0119\u0142a. Konkurs wkroczy\u0142 w now\u0105 er\u0119 \u2013 epok\u0119 globalizacji, rewolucji medialnej, a dla Polak\u00f3w d\u0142ugo oczekiwan\u0105 er\u0119 jednoznacznego triumfu.<\/p>\n<p>Prze\u0142om wiek\u00f3w przyni\u00f3s\u0142 nowe zjawisko, kt\u00f3re na kolejne dziesi\u0119ciolecia zdominowa\u0142o warszawsk\u0105 scen\u0119: pianistyczn\u0105 pot\u0119g\u0119 Azji. W 2000 roku konkurs wygra\u0142 chi\u0144ski pianista Yundi Li, zachwycaj\u0105c zar\u00f3wno jury, jak i publiczno\u015b\u0107 swoj\u0105 eleganck\u0105 gr\u0105. Jego sukces symbolicznie otworzy\u0142 drzwi setkom doskona\u0142ych technicznie, niezwykle utalentowanych pianist\u00f3w z Chin, Japonii i Korei Po\u0142udniowej. Ta \u201eazjatycka fala\u201d by\u0142a dla wielu dowodem na uniwersalno\u015b\u0107 muzyki Chopina, zdoln\u0105 odbi\u0107 si\u0119 na wra\u017cliwo\u015bci kultur odleg\u0142ych. Dla innych budzi\u0142 jednak obawy, \u017ce europejska \u2013 a zw\u0142aszcza polska \u2013 tradycja interpretacyjna zostanie przy\u0107miona przez doskona\u0142e technicznie, ale rzekomo \u201ebezduszne\u201d przedstawienia.<\/p>\n<p>Obawy te zosta\u0142y na chwil\u0119 rozwiane w 2005 roku. Trzydzie\u015bci lat po zwyci\u0119stwie Krystiana Zimermana w Polsce dosz\u0142o do triumfu tak spektakularnego, \u017ce sta\u0142 si\u0119 legend\u0105. Dwudziestoletni w\u00f3wczas Rafa\u0142 Blechacz nie tylko zdoby\u0142 pierwsz\u0105 nagrod\u0119, ale zgarn\u0105\u0142 wszystkie mo\u017cliwe nagrody specjalne \u2013 za najlepsze wykonanie mazurk\u00f3w, poloneza, koncertu i sonaty. Jego dominacja by\u0142a tak absolutna, \u017ce \u200b\u200bjury, podkre\u015blaj\u0105c skal\u0119 jego talentu, zdecydowa\u0142o si\u0119 w og\u00f3le nie przyzna\u0107 drugiej nagrody. Dla Polski by\u0142 to moment czystej, nieska\u017conej dumy narodowej. Blechacz sta\u0142 si\u0119 bohaterem narodowym, symbolem odrodzenia polskiej pianistyki i dowodem na to, \u017ce Polacy wci\u0105\u017c najlepiej rozumiej\u0105 dusz\u0119 swojego najwi\u0119kszego kompozytora.<\/p>\n<p>Od tego czasu kolejne edycje odzwierciedla\u0142y rytm globalnych zmian. Konkurs, podobnie jak ca\u0142y \u015bwiat, przeni\u00f3s\u0142 si\u0119 do sieci. Transmisje na \u017cywo na YouTube, gor\u0105ce debaty na Facebooku i X (dawniej Twitterze) oraz miliony komentarzy z ca\u0142ego \u015bwiata przekszta\u0142ci\u0142y je w interaktywne, globalne widowisko. S\u0119dzi\u0105 mo\u017ce zosta\u0107 ka\u017cdy s\u0142uchacz maj\u0105cy dost\u0119p do Internetu, co wywo\u0142uje presj\u0119 spo\u0142eczn\u0105 na niespotykan\u0105 dotychczas skal\u0119. Nowa cyfrowa rzeczywisto\u015b\u0107 zrodzi\u0142a tak\u017ce nowe kontrowersje \u2013 burze internetowe po og\u0142oszeniach wynik\u00f3w, oskar\u017cenia o b\u0142\u0119dy organizacyjne czy podwa\u017canie kompetencji jury sta\u0142y si\u0119 niemal rutyn\u0105.<\/p>\n<p>Najlepszym tego przyk\u0142adem jest niedawno rozstrzygni\u0119ty XIX Konkurs, kt\u00f3ry odby\u0142 si\u0119 w pa\u017adzierniku 2025 roku. Konkurs, w kt\u00f3rym po raz kolejny zdominowali piani\u015bci z Azji, od pierwszych dni elektryzowa\u0142 media spo\u0142eczno\u015bciowe. Ostateczny werdykt, jak to cz\u0119sto bywa, podzieli\u0142 publiczno\u015b\u0107, wywo\u0142uj\u0105c fal\u0119 komentarzy i analiz, kt\u00f3re dowodzi\u0142y jednego: Konkurs wci\u0105\u017c znaczy dla Polak\u00f3w znacznie wi\u0119cej ni\u017c tylko wydarzenie artystyczne.<\/p>\n<p>Prawie sto lat po powstaniu <em>Konkurs Chopinowski<\/em> pozostaje fenomenem. To ju\u017c nie tylko konkurs artyst\u00f3w, ale zderzenie kultur, tradycji i oczekiwa\u0144 milion\u00f3w s\u0142uchaczy. To arena, na kt\u00f3rej kszta\u0142tuj\u0105 si\u0119 artystyczne losy, a duma narodowa walczy o uznanie w globalnej wiosce. I cho\u0107 fortepiany, style gry i otoczenie medialne mog\u0105 si\u0119 zmienia\u0107, jedno pozostaje niezmienne: co pi\u0119\u0107 lat w Warszawie muzyka Chopina po raz kolejny staje si\u0119 j\u0119zykiem powszechnych emocji \u2013 i iskr\u0105 rozpalaj\u0105c\u0105 wielkie narodowe debaty. Poniewa\u017c w Polsce tzw <em>Konkurs Chopinowski<\/em> to po prostu co\u015b wi\u0119cej ni\u017c muzyka.<\/p>\n<\/div>\n<\/div>\n","protected":false},"excerpt":{"rendered":"<p>The Mi\u0119dzynarodowy Konkurs Pianistyczny im. Fryderyka Chopina jest \u015bwiatowym symbolem najwy\u017cszego kunsztu i wra\u017cliwo\u015bci muzycznej. Co pi\u0119\u0107 lat oczy meloman\u00f3w<\/p>\n","protected":false},"author":1,"featured_media":10009,"comment_status":"open","ping_status":"open","sticky":false,"template":"","format":"standard","meta":{"footnotes":""},"categories":[4748],"tags":[11515,6790,91,11513,11514,3830,5286,3495,4103],"class_list":["post-10008","post","type-post","status-publish","format-standard","has-post-thumbnail","hentry","category-aktualne","tag-chopinowskim","tag-duma","tag-konkursie","tag-muzyka","tag-narodowa","tag-niz","tag-polityka","tag-skandale","tag-wiecej","generate-columns","tablet-grid-50","mobile-grid-100","grid-parent","grid-50","resize-featured-image"],"yoast_head":"<!-- This site is optimized with the Yoast SEO plugin v23.2 - https:\/\/yoast.com\/wordpress\/plugins\/seo\/ -->\n<title>Wi\u0119cej ni\u017c muzyka: skandale, polityka i duma narodowa na Konkursie Chopinowskim - POGOTOWIE FLAGOWE\u00ae<\/title>\n<meta name=\"robots\" content=\"index, follow, max-snippet:-1, max-image-preview:large, max-video-preview:-1\" \/>\n<link rel=\"canonical\" href=\"https:\/\/www.pogotowieflagowe.pl\/aktualne\/wiecej-niz-muzyka-skandale-polityka-i-duma-narodowa-na-konkursie-chopinowskim\/\" \/>\n<meta property=\"og:locale\" content=\"pl_PL\" \/>\n<meta property=\"og:type\" content=\"article\" \/>\n<meta property=\"og:title\" content=\"Wi\u0119cej ni\u017c muzyka: skandale, polityka i duma narodowa na Konkursie Chopinowskim - POGOTOWIE FLAGOWE\u00ae\" \/>\n<meta property=\"og:description\" content=\"The Mi\u0119dzynarodowy Konkurs Pianistyczny im. Fryderyka Chopina jest \u015bwiatowym symbolem najwy\u017cszego kunsztu i wra\u017cliwo\u015bci muzycznej. Co pi\u0119\u0107 lat oczy meloman\u00f3w\" \/>\n<meta property=\"og:url\" content=\"https:\/\/www.pogotowieflagowe.pl\/aktualne\/wiecej-niz-muzyka-skandale-polityka-i-duma-narodowa-na-konkursie-chopinowskim\/\" \/>\n<meta property=\"og:site_name\" content=\"POGOTOWIE FLAGOWE\u00ae\" \/>\n<meta property=\"article:published_time\" content=\"2025-10-31T19:09:53+00:00\" \/>\n<meta property=\"article:modified_time\" content=\"2025-10-31T19:09:55+00:00\" \/>\n<meta property=\"og:image\" content=\"https:\/\/www.pogotowieflagowe.pl\/aktualne\/wp-content\/uploads\/2025\/10\/Wiecej-niz-muzyka-skandale-polityka-i-duma-narodowa-na-Konkursie.webp.webp\" \/>\n\t<meta property=\"og:image:width\" content=\"1280\" \/>\n\t<meta property=\"og:image:height\" content=\"719\" \/>\n\t<meta property=\"og:image:type\" content=\"image\/webp\" \/>\n<meta name=\"author\" content=\"Filip\" \/>\n<meta name=\"twitter:card\" content=\"summary_large_image\" \/>\n<meta name=\"twitter:label1\" content=\"Napisane przez\" \/>\n\t<meta name=\"twitter:data1\" content=\"Filip\" \/>\n\t<meta name=\"twitter:label2\" content=\"Szacowany czas czytania\" \/>\n\t<meta name=\"twitter:data2\" content=\"7 minut\" \/>\n<script type=\"application\/ld+json\" class=\"yoast-schema-graph\">{\"@context\":\"https:\/\/schema.org\",\"@graph\":[{\"@type\":\"Article\",\"@id\":\"https:\/\/www.pogotowieflagowe.pl\/aktualne\/wiecej-niz-muzyka-skandale-polityka-i-duma-narodowa-na-konkursie-chopinowskim\/#article\",\"isPartOf\":{\"@id\":\"https:\/\/www.pogotowieflagowe.pl\/aktualne\/wiecej-niz-muzyka-skandale-polityka-i-duma-narodowa-na-konkursie-chopinowskim\/\"},\"author\":{\"name\":\"Filip\",\"@id\":\"https:\/\/www.pogotowieflagowe.pl\/aktualne\/#\/schema\/person\/9c2fb7d2362ebf6fa088960d7f0d27b0\"},\"headline\":\"Wi\u0119cej ni\u017c muzyka: skandale, polityka i duma narodowa na Konkursie Chopinowskim\",\"datePublished\":\"2025-10-31T19:09:53+00:00\",\"dateModified\":\"2025-10-31T19:09:55+00:00\",\"mainEntityOfPage\":{\"@id\":\"https:\/\/www.pogotowieflagowe.pl\/aktualne\/wiecej-niz-muzyka-skandale-polityka-i-duma-narodowa-na-konkursie-chopinowskim\/\"},\"wordCount\":1500,\"commentCount\":0,\"publisher\":{\"@id\":\"https:\/\/www.pogotowieflagowe.pl\/aktualne\/#organization\"},\"image\":{\"@id\":\"https:\/\/www.pogotowieflagowe.pl\/aktualne\/wiecej-niz-muzyka-skandale-polityka-i-duma-narodowa-na-konkursie-chopinowskim\/#primaryimage\"},\"thumbnailUrl\":\"https:\/\/www.pogotowieflagowe.pl\/aktualne\/wp-content\/uploads\/2025\/10\/Wiecej-niz-muzyka-skandale-polityka-i-duma-narodowa-na-Konkursie.webp.webp\",\"keywords\":[\"Chopinowskim\",\"duma\",\"konkursie\",\"muzyka\",\"narodowa\",\"ni\u017c\",\"polityk\u0105\",\"skandale\",\"wi\u0119cej\"],\"articleSection\":[\"Aktualne\"],\"inLanguage\":\"pl-PL\",\"potentialAction\":[{\"@type\":\"CommentAction\",\"name\":\"Comment\",\"target\":[\"https:\/\/www.pogotowieflagowe.pl\/aktualne\/wiecej-niz-muzyka-skandale-polityka-i-duma-narodowa-na-konkursie-chopinowskim\/#respond\"]}]},{\"@type\":\"WebPage\",\"@id\":\"https:\/\/www.pogotowieflagowe.pl\/aktualne\/wiecej-niz-muzyka-skandale-polityka-i-duma-narodowa-na-konkursie-chopinowskim\/\",\"url\":\"https:\/\/www.pogotowieflagowe.pl\/aktualne\/wiecej-niz-muzyka-skandale-polityka-i-duma-narodowa-na-konkursie-chopinowskim\/\",\"name\":\"Wi\u0119cej ni\u017c muzyka: skandale, polityka i duma narodowa na Konkursie Chopinowskim - POGOTOWIE FLAGOWE\u00ae\",\"isPartOf\":{\"@id\":\"https:\/\/www.pogotowieflagowe.pl\/aktualne\/#website\"},\"primaryImageOfPage\":{\"@id\":\"https:\/\/www.pogotowieflagowe.pl\/aktualne\/wiecej-niz-muzyka-skandale-polityka-i-duma-narodowa-na-konkursie-chopinowskim\/#primaryimage\"},\"image\":{\"@id\":\"https:\/\/www.pogotowieflagowe.pl\/aktualne\/wiecej-niz-muzyka-skandale-polityka-i-duma-narodowa-na-konkursie-chopinowskim\/#primaryimage\"},\"thumbnailUrl\":\"https:\/\/www.pogotowieflagowe.pl\/aktualne\/wp-content\/uploads\/2025\/10\/Wiecej-niz-muzyka-skandale-polityka-i-duma-narodowa-na-Konkursie.webp.webp\",\"datePublished\":\"2025-10-31T19:09:53+00:00\",\"dateModified\":\"2025-10-31T19:09:55+00:00\",\"breadcrumb\":{\"@id\":\"https:\/\/www.pogotowieflagowe.pl\/aktualne\/wiecej-niz-muzyka-skandale-polityka-i-duma-narodowa-na-konkursie-chopinowskim\/#breadcrumb\"},\"inLanguage\":\"pl-PL\",\"potentialAction\":[{\"@type\":\"ReadAction\",\"target\":[\"https:\/\/www.pogotowieflagowe.pl\/aktualne\/wiecej-niz-muzyka-skandale-polityka-i-duma-narodowa-na-konkursie-chopinowskim\/\"]}]},{\"@type\":\"ImageObject\",\"inLanguage\":\"pl-PL\",\"@id\":\"https:\/\/www.pogotowieflagowe.pl\/aktualne\/wiecej-niz-muzyka-skandale-polityka-i-duma-narodowa-na-konkursie-chopinowskim\/#primaryimage\",\"url\":\"https:\/\/www.pogotowieflagowe.pl\/aktualne\/wp-content\/uploads\/2025\/10\/Wiecej-niz-muzyka-skandale-polityka-i-duma-narodowa-na-Konkursie.webp.webp\",\"contentUrl\":\"https:\/\/www.pogotowieflagowe.pl\/aktualne\/wp-content\/uploads\/2025\/10\/Wiecej-niz-muzyka-skandale-polityka-i-duma-narodowa-na-Konkursie.webp.webp\",\"width\":1280,\"height\":719,\"caption\":\"Wi\u0119cej ni\u017c muzyka: skandale, polityka i duma narodowa na Konkursie Chopinowskim\"},{\"@type\":\"BreadcrumbList\",\"@id\":\"https:\/\/www.pogotowieflagowe.pl\/aktualne\/wiecej-niz-muzyka-skandale-polityka-i-duma-narodowa-na-konkursie-chopinowskim\/#breadcrumb\",\"itemListElement\":[{\"@type\":\"ListItem\",\"position\":1,\"name\":\"Home\",\"item\":\"https:\/\/www.pogotowieflagowe.pl\/aktualne\/\"},{\"@type\":\"ListItem\",\"position\":2,\"name\":\"Wi\u0119cej ni\u017c muzyka: skandale, polityka i duma narodowa na Konkursie Chopinowskim\"}]},{\"@type\":\"WebSite\",\"@id\":\"https:\/\/www.pogotowieflagowe.pl\/aktualne\/#website\",\"url\":\"https:\/\/www.pogotowieflagowe.pl\/aktualne\/\",\"name\":\"POGOTOWIE FLAGOWE\u00ae\",\"description\":\"\",\"publisher\":{\"@id\":\"https:\/\/www.pogotowieflagowe.pl\/aktualne\/#organization\"},\"potentialAction\":[{\"@type\":\"SearchAction\",\"target\":{\"@type\":\"EntryPoint\",\"urlTemplate\":\"https:\/\/www.pogotowieflagowe.pl\/aktualne\/?s={search_term_string}\"},\"query-input\":\"required name=search_term_string\"}],\"inLanguage\":\"pl-PL\"},{\"@type\":\"Organization\",\"@id\":\"https:\/\/www.pogotowieflagowe.pl\/aktualne\/#organization\",\"name\":\"POGOTOWIE FLAGOWE\u00ae\",\"url\":\"https:\/\/www.pogotowieflagowe.pl\/aktualne\/\",\"logo\":{\"@type\":\"ImageObject\",\"inLanguage\":\"pl-PL\",\"@id\":\"https:\/\/www.pogotowieflagowe.pl\/aktualne\/#\/schema\/logo\/image\/\",\"url\":\"https:\/\/www.pogotowieflagowe.pl\/aktualne\/wp-content\/uploads\/2024\/08\/cropped-pogotowieflagowe_flaga_projekt_sm.jpg\",\"contentUrl\":\"https:\/\/www.pogotowieflagowe.pl\/aktualne\/wp-content\/uploads\/2024\/08\/cropped-pogotowieflagowe_flaga_projekt_sm.jpg\",\"width\":250,\"height\":143,\"caption\":\"POGOTOWIE FLAGOWE\u00ae\"},\"image\":{\"@id\":\"https:\/\/www.pogotowieflagowe.pl\/aktualne\/#\/schema\/logo\/image\/\"}},{\"@type\":\"Person\",\"@id\":\"https:\/\/www.pogotowieflagowe.pl\/aktualne\/#\/schema\/person\/9c2fb7d2362ebf6fa088960d7f0d27b0\",\"name\":\"Filip\",\"image\":{\"@type\":\"ImageObject\",\"inLanguage\":\"pl-PL\",\"@id\":\"https:\/\/www.pogotowieflagowe.pl\/aktualne\/#\/schema\/person\/image\/\",\"url\":\"https:\/\/www.pogotowieflagowe.pl\/aktualne\/wp-content\/uploads\/2024\/08\/pogotowieflagowe.pl_.jpg\",\"contentUrl\":\"https:\/\/www.pogotowieflagowe.pl\/aktualne\/wp-content\/uploads\/2024\/08\/pogotowieflagowe.pl_.jpg\",\"caption\":\"Filip\"},\"description\":\"Jestem Filip, polski dziennikarz z dyplomem nauk politycznych Uniwersytetu Warszawskiego. Rozpoczynaj\u0105c swoj\u0105 karier\u0119 w r\u00f3\u017cnych lokalnych mediach, zdoby\u0142em solidne do\u015bwiadczenie w zakresie \u015bledztwa i redakcji. Obecnie jako redaktor w Pogotowie flagowe, staram si\u0119 dostarcza\u0107 dog\u0142\u0119bne i istotne analizy na temat najwa\u017cniejszych kwestii aktualno\u015bci, \u0142\u0105cz\u0105c rygor z pasj\u0105 dziennikarsk\u0105.\",\"sameAs\":[\"https:\/\/www.pogotowieflagowe.pl\/\"]}]}<\/script>\n<!-- \/ Yoast SEO plugin. -->","yoast_head_json":{"title":"Wi\u0119cej ni\u017c muzyka: skandale, polityka i duma narodowa na Konkursie Chopinowskim - POGOTOWIE FLAGOWE\u00ae","robots":{"index":"index","follow":"follow","max-snippet":"max-snippet:-1","max-image-preview":"max-image-preview:large","max-video-preview":"max-video-preview:-1"},"canonical":"https:\/\/www.pogotowieflagowe.pl\/aktualne\/wiecej-niz-muzyka-skandale-polityka-i-duma-narodowa-na-konkursie-chopinowskim\/","og_locale":"pl_PL","og_type":"article","og_title":"Wi\u0119cej ni\u017c muzyka: skandale, polityka i duma narodowa na Konkursie Chopinowskim - POGOTOWIE FLAGOWE\u00ae","og_description":"The Mi\u0119dzynarodowy Konkurs Pianistyczny im. Fryderyka Chopina jest \u015bwiatowym symbolem najwy\u017cszego kunsztu i wra\u017cliwo\u015bci muzycznej. Co pi\u0119\u0107 lat oczy meloman\u00f3w","og_url":"https:\/\/www.pogotowieflagowe.pl\/aktualne\/wiecej-niz-muzyka-skandale-polityka-i-duma-narodowa-na-konkursie-chopinowskim\/","og_site_name":"POGOTOWIE FLAGOWE\u00ae","article_published_time":"2025-10-31T19:09:53+00:00","article_modified_time":"2025-10-31T19:09:55+00:00","og_image":[{"width":1280,"height":719,"url":"https:\/\/www.pogotowieflagowe.pl\/aktualne\/wp-content\/uploads\/2025\/10\/Wiecej-niz-muzyka-skandale-polityka-i-duma-narodowa-na-Konkursie.webp.webp","type":"image\/webp"}],"author":"Filip","twitter_card":"summary_large_image","twitter_misc":{"Napisane przez":"Filip","Szacowany czas czytania":"7 minut"},"schema":{"@context":"https:\/\/schema.org","@graph":[{"@type":"Article","@id":"https:\/\/www.pogotowieflagowe.pl\/aktualne\/wiecej-niz-muzyka-skandale-polityka-i-duma-narodowa-na-konkursie-chopinowskim\/#article","isPartOf":{"@id":"https:\/\/www.pogotowieflagowe.pl\/aktualne\/wiecej-niz-muzyka-skandale-polityka-i-duma-narodowa-na-konkursie-chopinowskim\/"},"author":{"name":"Filip","@id":"https:\/\/www.pogotowieflagowe.pl\/aktualne\/#\/schema\/person\/9c2fb7d2362ebf6fa088960d7f0d27b0"},"headline":"Wi\u0119cej ni\u017c muzyka: skandale, polityka i duma narodowa na Konkursie Chopinowskim","datePublished":"2025-10-31T19:09:53+00:00","dateModified":"2025-10-31T19:09:55+00:00","mainEntityOfPage":{"@id":"https:\/\/www.pogotowieflagowe.pl\/aktualne\/wiecej-niz-muzyka-skandale-polityka-i-duma-narodowa-na-konkursie-chopinowskim\/"},"wordCount":1500,"commentCount":0,"publisher":{"@id":"https:\/\/www.pogotowieflagowe.pl\/aktualne\/#organization"},"image":{"@id":"https:\/\/www.pogotowieflagowe.pl\/aktualne\/wiecej-niz-muzyka-skandale-polityka-i-duma-narodowa-na-konkursie-chopinowskim\/#primaryimage"},"thumbnailUrl":"https:\/\/www.pogotowieflagowe.pl\/aktualne\/wp-content\/uploads\/2025\/10\/Wiecej-niz-muzyka-skandale-polityka-i-duma-narodowa-na-Konkursie.webp.webp","keywords":["Chopinowskim","duma","konkursie","muzyka","narodowa","ni\u017c","polityk\u0105","skandale","wi\u0119cej"],"articleSection":["Aktualne"],"inLanguage":"pl-PL","potentialAction":[{"@type":"CommentAction","name":"Comment","target":["https:\/\/www.pogotowieflagowe.pl\/aktualne\/wiecej-niz-muzyka-skandale-polityka-i-duma-narodowa-na-konkursie-chopinowskim\/#respond"]}]},{"@type":"WebPage","@id":"https:\/\/www.pogotowieflagowe.pl\/aktualne\/wiecej-niz-muzyka-skandale-polityka-i-duma-narodowa-na-konkursie-chopinowskim\/","url":"https:\/\/www.pogotowieflagowe.pl\/aktualne\/wiecej-niz-muzyka-skandale-polityka-i-duma-narodowa-na-konkursie-chopinowskim\/","name":"Wi\u0119cej ni\u017c muzyka: skandale, polityka i duma narodowa na Konkursie Chopinowskim - POGOTOWIE FLAGOWE\u00ae","isPartOf":{"@id":"https:\/\/www.pogotowieflagowe.pl\/aktualne\/#website"},"primaryImageOfPage":{"@id":"https:\/\/www.pogotowieflagowe.pl\/aktualne\/wiecej-niz-muzyka-skandale-polityka-i-duma-narodowa-na-konkursie-chopinowskim\/#primaryimage"},"image":{"@id":"https:\/\/www.pogotowieflagowe.pl\/aktualne\/wiecej-niz-muzyka-skandale-polityka-i-duma-narodowa-na-konkursie-chopinowskim\/#primaryimage"},"thumbnailUrl":"https:\/\/www.pogotowieflagowe.pl\/aktualne\/wp-content\/uploads\/2025\/10\/Wiecej-niz-muzyka-skandale-polityka-i-duma-narodowa-na-Konkursie.webp.webp","datePublished":"2025-10-31T19:09:53+00:00","dateModified":"2025-10-31T19:09:55+00:00","breadcrumb":{"@id":"https:\/\/www.pogotowieflagowe.pl\/aktualne\/wiecej-niz-muzyka-skandale-polityka-i-duma-narodowa-na-konkursie-chopinowskim\/#breadcrumb"},"inLanguage":"pl-PL","potentialAction":[{"@type":"ReadAction","target":["https:\/\/www.pogotowieflagowe.pl\/aktualne\/wiecej-niz-muzyka-skandale-polityka-i-duma-narodowa-na-konkursie-chopinowskim\/"]}]},{"@type":"ImageObject","inLanguage":"pl-PL","@id":"https:\/\/www.pogotowieflagowe.pl\/aktualne\/wiecej-niz-muzyka-skandale-polityka-i-duma-narodowa-na-konkursie-chopinowskim\/#primaryimage","url":"https:\/\/www.pogotowieflagowe.pl\/aktualne\/wp-content\/uploads\/2025\/10\/Wiecej-niz-muzyka-skandale-polityka-i-duma-narodowa-na-Konkursie.webp.webp","contentUrl":"https:\/\/www.pogotowieflagowe.pl\/aktualne\/wp-content\/uploads\/2025\/10\/Wiecej-niz-muzyka-skandale-polityka-i-duma-narodowa-na-Konkursie.webp.webp","width":1280,"height":719,"caption":"Wi\u0119cej ni\u017c muzyka: skandale, polityka i duma narodowa na Konkursie Chopinowskim"},{"@type":"BreadcrumbList","@id":"https:\/\/www.pogotowieflagowe.pl\/aktualne\/wiecej-niz-muzyka-skandale-polityka-i-duma-narodowa-na-konkursie-chopinowskim\/#breadcrumb","itemListElement":[{"@type":"ListItem","position":1,"name":"Home","item":"https:\/\/www.pogotowieflagowe.pl\/aktualne\/"},{"@type":"ListItem","position":2,"name":"Wi\u0119cej ni\u017c muzyka: skandale, polityka i duma narodowa na Konkursie Chopinowskim"}]},{"@type":"WebSite","@id":"https:\/\/www.pogotowieflagowe.pl\/aktualne\/#website","url":"https:\/\/www.pogotowieflagowe.pl\/aktualne\/","name":"POGOTOWIE FLAGOWE\u00ae","description":"","publisher":{"@id":"https:\/\/www.pogotowieflagowe.pl\/aktualne\/#organization"},"potentialAction":[{"@type":"SearchAction","target":{"@type":"EntryPoint","urlTemplate":"https:\/\/www.pogotowieflagowe.pl\/aktualne\/?s={search_term_string}"},"query-input":"required name=search_term_string"}],"inLanguage":"pl-PL"},{"@type":"Organization","@id":"https:\/\/www.pogotowieflagowe.pl\/aktualne\/#organization","name":"POGOTOWIE FLAGOWE\u00ae","url":"https:\/\/www.pogotowieflagowe.pl\/aktualne\/","logo":{"@type":"ImageObject","inLanguage":"pl-PL","@id":"https:\/\/www.pogotowieflagowe.pl\/aktualne\/#\/schema\/logo\/image\/","url":"https:\/\/www.pogotowieflagowe.pl\/aktualne\/wp-content\/uploads\/2024\/08\/cropped-pogotowieflagowe_flaga_projekt_sm.jpg","contentUrl":"https:\/\/www.pogotowieflagowe.pl\/aktualne\/wp-content\/uploads\/2024\/08\/cropped-pogotowieflagowe_flaga_projekt_sm.jpg","width":250,"height":143,"caption":"POGOTOWIE FLAGOWE\u00ae"},"image":{"@id":"https:\/\/www.pogotowieflagowe.pl\/aktualne\/#\/schema\/logo\/image\/"}},{"@type":"Person","@id":"https:\/\/www.pogotowieflagowe.pl\/aktualne\/#\/schema\/person\/9c2fb7d2362ebf6fa088960d7f0d27b0","name":"Filip","image":{"@type":"ImageObject","inLanguage":"pl-PL","@id":"https:\/\/www.pogotowieflagowe.pl\/aktualne\/#\/schema\/person\/image\/","url":"https:\/\/www.pogotowieflagowe.pl\/aktualne\/wp-content\/uploads\/2024\/08\/pogotowieflagowe.pl_.jpg","contentUrl":"https:\/\/www.pogotowieflagowe.pl\/aktualne\/wp-content\/uploads\/2024\/08\/pogotowieflagowe.pl_.jpg","caption":"Filip"},"description":"Jestem Filip, polski dziennikarz z dyplomem nauk politycznych Uniwersytetu Warszawskiego. Rozpoczynaj\u0105c swoj\u0105 karier\u0119 w r\u00f3\u017cnych lokalnych mediach, zdoby\u0142em solidne do\u015bwiadczenie w zakresie \u015bledztwa i redakcji. Obecnie jako redaktor w Pogotowie flagowe, staram si\u0119 dostarcza\u0107 dog\u0142\u0119bne i istotne analizy na temat najwa\u017cniejszych kwestii aktualno\u015bci, \u0142\u0105cz\u0105c rygor z pasj\u0105 dziennikarsk\u0105.","sameAs":["https:\/\/www.pogotowieflagowe.pl\/"]}]}},"_links":{"self":[{"href":"https:\/\/www.pogotowieflagowe.pl\/aktualne\/wp-json\/wp\/v2\/posts\/10008","targetHints":{"allow":["GET"]}}],"collection":[{"href":"https:\/\/www.pogotowieflagowe.pl\/aktualne\/wp-json\/wp\/v2\/posts"}],"about":[{"href":"https:\/\/www.pogotowieflagowe.pl\/aktualne\/wp-json\/wp\/v2\/types\/post"}],"author":[{"embeddable":true,"href":"https:\/\/www.pogotowieflagowe.pl\/aktualne\/wp-json\/wp\/v2\/users\/1"}],"replies":[{"embeddable":true,"href":"https:\/\/www.pogotowieflagowe.pl\/aktualne\/wp-json\/wp\/v2\/comments?post=10008"}],"version-history":[{"count":1,"href":"https:\/\/www.pogotowieflagowe.pl\/aktualne\/wp-json\/wp\/v2\/posts\/10008\/revisions"}],"predecessor-version":[{"id":10010,"href":"https:\/\/www.pogotowieflagowe.pl\/aktualne\/wp-json\/wp\/v2\/posts\/10008\/revisions\/10010"}],"wp:featuredmedia":[{"embeddable":true,"href":"https:\/\/www.pogotowieflagowe.pl\/aktualne\/wp-json\/wp\/v2\/media\/10009"}],"wp:attachment":[{"href":"https:\/\/www.pogotowieflagowe.pl\/aktualne\/wp-json\/wp\/v2\/media?parent=10008"}],"wp:term":[{"taxonomy":"category","embeddable":true,"href":"https:\/\/www.pogotowieflagowe.pl\/aktualne\/wp-json\/wp\/v2\/categories?post=10008"},{"taxonomy":"post_tag","embeddable":true,"href":"https:\/\/www.pogotowieflagowe.pl\/aktualne\/wp-json\/wp\/v2\/tags?post=10008"}],"curies":[{"name":"wp","href":"https:\/\/api.w.org\/{rel}","templated":true}]}}