{"id":10017,"date":"2025-10-31T21:43:20","date_gmt":"2025-10-31T20:43:20","guid":{"rendered":"https:\/\/www.pogotowieflagowe.pl\/aktualne\/skandal-wokol-dariusza-jonskiego-pis-zada-dzialan-prokuratury-po-rzekomych-prezentach-od-skazanego-przestepcy\/"},"modified":"2025-10-31T21:43:22","modified_gmt":"2025-10-31T20:43:22","slug":"skandal-wokol-dariusza-jonskiego-pis-zada-dzialan-prokuratury-po-rzekomych-prezentach-od-skazanego-przestepcy","status":"publish","type":"post","link":"https:\/\/www.pogotowieflagowe.pl\/aktualne\/skandal-wokol-dariusza-jonskiego-pis-zada-dzialan-prokuratury-po-rzekomych-prezentach-od-skazanego-przestepcy\/","title":{"rendered":"Skandal wok\u00f3\u0142 Dariusza Jo\u0144skiego: PiS \u017c\u0105da dzia\u0142a\u0144 prokuratury po rzekomych prezentach od skazanego przest\u0119pcy"},"content":{"rendered":"\n<div class=\"td_block_wrap tdb_single_content tdi_41 td-pb-border-top td_block_template_8 td-post-content tagdiv-type\" data-td-block-uid=\"tdi_41\">\n<style>.tdi_41{margines-top:0px!important;margin-bottom:0px!important;dope\u0142nienie-g\u00f3ra:0px!important;dope\u0142nienie-d\u00f3\u0142:0px!important}<\/style>\n<style>.tdb_single_content{margin-bottom:0;*zoom:1}.tdb_single_content:before,.tdb_single_content:after{display:table;content:'';line-height:0}.tdb_single_content:after{clear:both}.tdb_single_content .tdb-block-inner>*:not(.wp-block-quote):not(.alignwide):not(.alignfull.wp-block-cover.has-parallax):not(.td-a-ad){margin-left:auto;margin-right:auto}.tdb_single_content a{pointer-events:auto}.tdb_single_content .td-spot-id-top_ad .tdc-placeholder-title:before{content:'Najlepsza reklama artyku\u0142u'!important}.tdb_single_content .td-spot-id-inline_ad0 .tdc-placeholder-title:before{content:'Reklama wbudowana artyku\u0142u 1'!important}.tdb_single_content .td-spot-id-inline_ad1 .tdc-placeholder-title:before{content:'Wbudowana reklama w artykule 2'!important}.tdb_single_content .td-spot-id-inline_ad2 .tdc-placeholder-title:before{content:'Wbudowana reklama w artykule 3'!important}.tdb_single_content .td-spot-id-bottom_ad .tdc-placeholder-title:before{content:'Article Bottom Ad'!important}.tdb_single_content .id_top_ad,.tdb_single_content .id_bottom_ad{clear:both;margin-bottom:21px;text-align:center}.tdb_single_content .id_top_ad img,.tdb_single_content .id_bottom_ad img{margin-bottom:0}.tdb_single_content .id_top_ad .adsbygoogle,.tdb_single_content .id_bottom_ad .adsbygoogle{position:relative}.tdb_single_content .id_ad_content-horiz-left,.tdb_single_content .id_ad_content-horiz-right,.tdb_single_content .id_ad_content-horiz-center{margin-bottom:15px}.tdb_single_content .id_ad_content-horiz-left img,.tdb_single_content .id_ad_content-horiz-right img,.tdb_single_content .id_ad_content-horiz-center img{margin-bottom:0}.tdb_single_content .id_ad_content-horiz-center{text-align:center}.tdb_single_content .id_ad_content-horiz-center img{margin-right:auto;margin-left:auto}.tdb_single_content .id_ad_content-horiz-left{float:left;margin-top:9px;margin-right:21px}.tdb_single_content .id_ad_content-horiz-right{float:right;margin-top:6px;margin-left:21px}.tdb_single_content .tdc-a-ad .tdc-placeholder-title{width:300px;height:250px}.tdb_single_content .tdc-a-ad .tdc-placeholder-title:before{position:absolute;top:50%;-webkit-transform:translateY(-50%);transform:translateY(-50%);margin:auto;display:table;width:100%}.tdb_single_content .tdb-block-inner.td-fix-index{word-break:break-word}.tdi_41,.tdi_41>p,.tdi_41 .tdb-block-inner>p,.wp-block-column>p{font-size:16px!important;line-height:1.6!important}.tdi_41 .tdb-block-inner blockquote p{font-style:normal!important}@media (max-width:767px){.tdb_single_content .id_ad_content-horiz-left,.tdb_single_content .id_ad_content-horiz-right,.tdb_single_content .id_ad_content-horiz-center{margin:0 auto 26 pikseli auto}}@media (max-width:767px){.tdb_single_content .id_ad_content-horiz-left{margin-right:0}}@media (max-width:767px){.tdb_single_content .id_ad_content-horiz-right{margin-left:0}}@media (max-width:767px){.tdb_single_content .td-a-ad{float:none;text-align:center}.tdb_single_content .td-a-ad img{margin-right:auto;margin-left:auto}.tdb_single_content .tdc-a-ad{float:none}}<\/style>\n<div class=\"tdb-block-inner td-fix-index\">\n<p>Politycy PiS z\u0142o\u017c\u0105 skarg\u0119 do prokuratury w zwi\u0105zku z afer\u0105 wok\u00f3\u0142 pos\u0142a Koalicji Obywatelskiej (KO) Dariusza Jo\u0144skiego. Z doniesie\u0144 medi\u00f3w wynika, \u017ce \u200b\u200bJo\u0144ski mia\u0142 przyj\u0105\u0107 drogie prezenty od skazanego przest\u0119pcy Andrzeja R. \u201ePose\u0142 Jo\u0144ski \u2013 zwykle niezwykle aktywny \u2013 dzisiaj nagle znikn\u0105\u0142\u201d \u2013 zauwa\u017cy\u0142 eurodeputowany Piotr M\u00fcller.<\/p>\n<h3 class=\"wp-block-heading\">Skandal z Dariuszem Jo\u0144skim w roli g\u0142\u00f3wnej<\/h3>\n<p>Portal <strong>Goniec.pl<\/strong> opublikowa\u0142 raport \u015bledczy w sprawie pos\u0142a KO Dariusza Jo\u0144skiego. Z materia\u0142u wynika, \u017ce \u200b\u200bpolityk \u2013 znany z zaanga\u017cowania w \u201ewalk\u0119 z korupcj\u0105\u201d \u2013 m\u00f3g\u0142 sam ulec jej pokusie, przyjmuj\u0105c kosztowne podarunki od skazanego za przest\u0119pstwo Andrzeja R.<\/p>\n<p>W\u015br\u00f3d wymienionych prezent\u00f3w znalaz\u0142y si\u0119 m.in <strong>Oprawki okular\u00f3w Toma Forda<\/strong> i a <strong>garnitur szyty na miar\u0119<\/strong>\u2014 t\u0119 sam\u0105, kt\u00f3r\u0105 Jo\u0144ski mia\u0142 nosi\u0107 na ok\u0142adce ksi\u0105\u017cki po\u015bwi\u0119conej\u2026 walce z korupcj\u0105.<\/p>\n<p>Polityk odpowiedzia\u0142 na platformie <strong>X (dawniej Twitter)<\/strong>zawiadamiaj\u0105c, \u017ce podejmie kroki prawne przeciwko redakcji.<\/p>\n<p>&#8222;W zwi\u0105zku z pom\u00f3wieniem i znies\u0142awieniem, kt\u00f3re pojawi\u0142o si\u0119 dzi\u015b na jednym z portali, kieruj\u0119 spraw\u0119 do s\u0105du. Domagam si\u0119 przeprosin i zap\u0142aty kwoty 50 000 z\u0142 na rzecz Wielkiej Orkiestry \u015awi\u0105tecznej Pomocy&#8221; &#8211; zadeklarowa\u0142 pose\u0142 KO.<\/p>\n<h3 class=\"wp-block-heading\">Politycy PiS: Sk\u0142adamy skarg\u0119 do prokuratury<\/h3>\n<p>Podczas dzisiejszej konferencji prasowej politycy PiS odnie\u015bli si\u0119 do kontrowersji wok\u00f3\u0142 Dariusza Jo\u0144skiego. pose\u0142 do Parlamentu Europejskiego <strong>Waldemar Buda<\/strong> podkre\u015bli\u0142, \u017ce \u201ejest absolutnie niedopuszczalne, aby pose\u0142 \u2013 a konkretnie Dariusz Jo\u0144ski, nowy nabytek Koalicji Obywatelskiej \u2013 kt\u00f3ry ma s\u0142u\u017cy\u0107 w imieniu narodu, by\u0142 tak bardzo zale\u017cny od p\u00f3\u0142\u015bwiatka przest\u0119pczego, od finansowania lub utrzymywania si\u0119 z pieni\u0119dzy pochodz\u0105cych najprawdopodobniej z przest\u0119pstwa\u201d.<\/p>\n<p>&#8222;Garnitury, telefony, wyjazdy zagraniczne, wycieczki, okulary. Nie m\u00f3wimy o jakim\u015b lokalnym dzia\u0142aczu, m\u00f3wimy o cz\u0142owieku, kt\u00f3ry za naszego rz\u0105du by\u0142 najwi\u0119kszym &#8222;\u0142owc\u0105 skandal\u00f3w&#8221;, kt\u00f3ry obszernie pisa\u0142 o korupcji, a kt\u00f3ry pozowa\u0142 na ok\u0142adce swojej ksi\u0105\u017cki w okularach kupionych od kryminalisty.<\/p>\n<p>M\u00f3wimy oczywi\u015bcie o doniesieniach medialnych, ale dzi\u015b sk\u0142adamy zawiadomienie do prokuratury, aby zabezpieczy\u0107 materia\u0142y publikowane przez t\u0119 plac\u00f3wk\u0119 i przes\u0142ucha\u0107 \u015bwiadk\u00f3w\u201d \u2013 powiedzia\u0142 Buda.<\/p>\n<p>pose\u0142 do Parlamentu Europejskiego <strong>Piotra M\u00fcllera<\/strong> z kolei m\u00f3wi\u0142 o tym, co jego zdaniem powinien teraz zrobi\u0107 premier Donald Tusk.<\/p>\n<p>&#8222;Oczekujemy, \u017ce premier Donald Tusk podejmie natychmiastow\u0105 decyzj\u0119 o zawieszeniu lub wyrzuceniu z partii pos\u0142a Jo\u0144skiego. Bo je\u015bli pojawi\u0105 si\u0119 tak powa\u017cne w\u0105tpliwo\u015bci &#8211; jak widzimy w mediach &#8211; naturalnym posuni\u0119ciem ka\u017cdego kierownictwa politycznego jest przynajmniej zawieszenie takiego cz\u0142onka, w tym przypadku kandydata na eurodeputowanego.<\/p>\n<p>Pose\u0142 Jo\u0144ski \u2013 zwykle bardzo aktywny \u2013 dzi\u015b nagle znikn\u0105\u0142\u201d \u2013 stwierdzi\u0142 M\u00fcller.<\/p>\n<p>Przypomnia\u0142, \u017ce Jo\u0144ski \u201ewczoraj ani dzie\u0144 wcze\u015bniej nie odbiera\u0142 telefon\u00f3w i nie widywano go ju\u017c tak cz\u0119sto jak wcze\u015bniej na konferencjach prasowych\u201d.<\/p>\n<p>&#8222;Dlatego dzisiaj po prostu wzywamy go, aby mia\u0142 odwag\u0119 wyj\u015b\u0107 i wyja\u015bni\u0107 wszystkie stawiane mu zarzuty. Tak cz\u0119sto m\u00f3wi\u0142 o przejrzysto\u015bci i standardach &#8211; teraz po raz pierwszy w \u017cyciu ma szans\u0119 faktycznie zastosowa\u0107 te standardy w praktyce&#8221; &#8211; podsumowa\u0142 M\u00fcller.<\/p>\n<\/div>\n<\/div>\n","protected":false},"excerpt":{"rendered":"<p>Politycy PiS z\u0142o\u017c\u0105 skarg\u0119 do prokuratury w zwi\u0105zku z afer\u0105 wok\u00f3\u0142 pos\u0142a Koalicji Obywatelskiej (KO) Dariusza Jo\u0144skiego. Z doniesie\u0144 medi\u00f3w<\/p>\n","protected":false},"author":1,"featured_media":10018,"comment_status":"open","ping_status":"open","sticky":false,"template":"","format":"standard","meta":{"footnotes":""},"categories":[4748],"tags":[6384,869,11522,166,11524,1798,11526,11523,2358,11525,639,752],"class_list":["post-10017","post","type-post","status-publish","format-standard","has-post-thumbnail","hentry","category-aktualne","tag-dariusza","tag-dzialan","tag-jonskiego","tag-pis","tag-prezentach","tag-prokuratury","tag-przestepcy","tag-rzekomych","tag-skandal","tag-skazanego","tag-wokol","tag-zada","generate-columns","tablet-grid-50","mobile-grid-100","grid-parent","grid-50","resize-featured-image"],"yoast_head":"<!-- This site is optimized with the Yoast SEO plugin v23.2 - https:\/\/yoast.com\/wordpress\/plugins\/seo\/ -->\n<title>Skandal wok\u00f3\u0142 Dariusza Jo\u0144skiego: PiS \u017c\u0105da dzia\u0142a\u0144 prokuratury po rzekomych prezentach od skazanego przest\u0119pcy - POGOTOWIE FLAGOWE\u00ae<\/title>\n<meta name=\"robots\" content=\"index, follow, max-snippet:-1, max-image-preview:large, max-video-preview:-1\" \/>\n<link rel=\"canonical\" href=\"https:\/\/www.pogotowieflagowe.pl\/aktualne\/skandal-wokol-dariusza-jonskiego-pis-zada-dzialan-prokuratury-po-rzekomych-prezentach-od-skazanego-przestepcy\/\" \/>\n<meta property=\"og:locale\" content=\"pl_PL\" \/>\n<meta property=\"og:type\" content=\"article\" \/>\n<meta property=\"og:title\" content=\"Skandal wok\u00f3\u0142 Dariusza Jo\u0144skiego: PiS \u017c\u0105da dzia\u0142a\u0144 prokuratury po rzekomych prezentach od skazanego przest\u0119pcy - POGOTOWIE FLAGOWE\u00ae\" \/>\n<meta property=\"og:description\" content=\"Politycy PiS z\u0142o\u017c\u0105 skarg\u0119 do prokuratury w zwi\u0105zku z afer\u0105 wok\u00f3\u0142 pos\u0142a Koalicji Obywatelskiej (KO) Dariusza Jo\u0144skiego. Z doniesie\u0144 medi\u00f3w\" \/>\n<meta property=\"og:url\" content=\"https:\/\/www.pogotowieflagowe.pl\/aktualne\/skandal-wokol-dariusza-jonskiego-pis-zada-dzialan-prokuratury-po-rzekomych-prezentach-od-skazanego-przestepcy\/\" \/>\n<meta property=\"og:site_name\" content=\"POGOTOWIE FLAGOWE\u00ae\" \/>\n<meta property=\"article:published_time\" content=\"2025-10-31T20:43:20+00:00\" \/>\n<meta property=\"article:modified_time\" content=\"2025-10-31T20:43:22+00:00\" \/>\n<meta property=\"og:image\" content=\"https:\/\/www.pogotowieflagowe.pl\/aktualne\/wp-content\/uploads\/2025\/10\/Skandal-wokol-Dariusza-Jonskiego-PiS-zada-dzialan-prokuratury-po-rzekomych.webp.webp\" \/>\n\t<meta property=\"og:image:width\" content=\"1280\" \/>\n\t<meta property=\"og:image:height\" content=\"720\" \/>\n\t<meta property=\"og:image:type\" content=\"image\/webp\" \/>\n<meta name=\"author\" content=\"Filip\" \/>\n<meta name=\"twitter:card\" content=\"summary_large_image\" \/>\n<meta name=\"twitter:label1\" content=\"Napisane przez\" \/>\n\t<meta name=\"twitter:data1\" content=\"Filip\" \/>\n\t<meta name=\"twitter:label2\" content=\"Szacowany czas czytania\" \/>\n\t<meta name=\"twitter:data2\" content=\"3 minuty\" \/>\n<script type=\"application\/ld+json\" class=\"yoast-schema-graph\">{\"@context\":\"https:\/\/schema.org\",\"@graph\":[{\"@type\":\"Article\",\"@id\":\"https:\/\/www.pogotowieflagowe.pl\/aktualne\/skandal-wokol-dariusza-jonskiego-pis-zada-dzialan-prokuratury-po-rzekomych-prezentach-od-skazanego-przestepcy\/#article\",\"isPartOf\":{\"@id\":\"https:\/\/www.pogotowieflagowe.pl\/aktualne\/skandal-wokol-dariusza-jonskiego-pis-zada-dzialan-prokuratury-po-rzekomych-prezentach-od-skazanego-przestepcy\/\"},\"author\":{\"name\":\"Filip\",\"@id\":\"https:\/\/www.pogotowieflagowe.pl\/aktualne\/#\/schema\/person\/9c2fb7d2362ebf6fa088960d7f0d27b0\"},\"headline\":\"Skandal wok\u00f3\u0142 Dariusza Jo\u0144skiego: PiS \u017c\u0105da dzia\u0142a\u0144 prokuratury po rzekomych prezentach od skazanego przest\u0119pcy\",\"datePublished\":\"2025-10-31T20:43:20+00:00\",\"dateModified\":\"2025-10-31T20:43:22+00:00\",\"mainEntityOfPage\":{\"@id\":\"https:\/\/www.pogotowieflagowe.pl\/aktualne\/skandal-wokol-dariusza-jonskiego-pis-zada-dzialan-prokuratury-po-rzekomych-prezentach-od-skazanego-przestepcy\/\"},\"wordCount\":545,\"commentCount\":0,\"publisher\":{\"@id\":\"https:\/\/www.pogotowieflagowe.pl\/aktualne\/#organization\"},\"image\":{\"@id\":\"https:\/\/www.pogotowieflagowe.pl\/aktualne\/skandal-wokol-dariusza-jonskiego-pis-zada-dzialan-prokuratury-po-rzekomych-prezentach-od-skazanego-przestepcy\/#primaryimage\"},\"thumbnailUrl\":\"https:\/\/www.pogotowieflagowe.pl\/aktualne\/wp-content\/uploads\/2025\/10\/Skandal-wokol-Dariusza-Jonskiego-PiS-zada-dzialan-prokuratury-po-rzekomych.webp.webp\",\"keywords\":[\"Dariusza\",\"dzia\u0142a\u0144\",\"Jo\u0144skiego\",\"PiS\",\"prezentach\",\"prokuratury\",\"przest\u0119pcy\",\"rzekomych\",\"skandal\",\"skazanego\",\"wok\u00f3\u0142\",\"\u017c\u0105da\"],\"articleSection\":[\"Aktualne\"],\"inLanguage\":\"pl-PL\",\"potentialAction\":[{\"@type\":\"CommentAction\",\"name\":\"Comment\",\"target\":[\"https:\/\/www.pogotowieflagowe.pl\/aktualne\/skandal-wokol-dariusza-jonskiego-pis-zada-dzialan-prokuratury-po-rzekomych-prezentach-od-skazanego-przestepcy\/#respond\"]}]},{\"@type\":\"WebPage\",\"@id\":\"https:\/\/www.pogotowieflagowe.pl\/aktualne\/skandal-wokol-dariusza-jonskiego-pis-zada-dzialan-prokuratury-po-rzekomych-prezentach-od-skazanego-przestepcy\/\",\"url\":\"https:\/\/www.pogotowieflagowe.pl\/aktualne\/skandal-wokol-dariusza-jonskiego-pis-zada-dzialan-prokuratury-po-rzekomych-prezentach-od-skazanego-przestepcy\/\",\"name\":\"Skandal wok\u00f3\u0142 Dariusza Jo\u0144skiego: PiS \u017c\u0105da dzia\u0142a\u0144 prokuratury po rzekomych prezentach od skazanego przest\u0119pcy - POGOTOWIE FLAGOWE\u00ae\",\"isPartOf\":{\"@id\":\"https:\/\/www.pogotowieflagowe.pl\/aktualne\/#website\"},\"primaryImageOfPage\":{\"@id\":\"https:\/\/www.pogotowieflagowe.pl\/aktualne\/skandal-wokol-dariusza-jonskiego-pis-zada-dzialan-prokuratury-po-rzekomych-prezentach-od-skazanego-przestepcy\/#primaryimage\"},\"image\":{\"@id\":\"https:\/\/www.pogotowieflagowe.pl\/aktualne\/skandal-wokol-dariusza-jonskiego-pis-zada-dzialan-prokuratury-po-rzekomych-prezentach-od-skazanego-przestepcy\/#primaryimage\"},\"thumbnailUrl\":\"https:\/\/www.pogotowieflagowe.pl\/aktualne\/wp-content\/uploads\/2025\/10\/Skandal-wokol-Dariusza-Jonskiego-PiS-zada-dzialan-prokuratury-po-rzekomych.webp.webp\",\"datePublished\":\"2025-10-31T20:43:20+00:00\",\"dateModified\":\"2025-10-31T20:43:22+00:00\",\"breadcrumb\":{\"@id\":\"https:\/\/www.pogotowieflagowe.pl\/aktualne\/skandal-wokol-dariusza-jonskiego-pis-zada-dzialan-prokuratury-po-rzekomych-prezentach-od-skazanego-przestepcy\/#breadcrumb\"},\"inLanguage\":\"pl-PL\",\"potentialAction\":[{\"@type\":\"ReadAction\",\"target\":[\"https:\/\/www.pogotowieflagowe.pl\/aktualne\/skandal-wokol-dariusza-jonskiego-pis-zada-dzialan-prokuratury-po-rzekomych-prezentach-od-skazanego-przestepcy\/\"]}]},{\"@type\":\"ImageObject\",\"inLanguage\":\"pl-PL\",\"@id\":\"https:\/\/www.pogotowieflagowe.pl\/aktualne\/skandal-wokol-dariusza-jonskiego-pis-zada-dzialan-prokuratury-po-rzekomych-prezentach-od-skazanego-przestepcy\/#primaryimage\",\"url\":\"https:\/\/www.pogotowieflagowe.pl\/aktualne\/wp-content\/uploads\/2025\/10\/Skandal-wokol-Dariusza-Jonskiego-PiS-zada-dzialan-prokuratury-po-rzekomych.webp.webp\",\"contentUrl\":\"https:\/\/www.pogotowieflagowe.pl\/aktualne\/wp-content\/uploads\/2025\/10\/Skandal-wokol-Dariusza-Jonskiego-PiS-zada-dzialan-prokuratury-po-rzekomych.webp.webp\",\"width\":1280,\"height\":720,\"caption\":\"Skandal wok\u00f3\u0142 Dariusza Jo\u0144skiego: PiS \u017c\u0105da dzia\u0142a\u0144 prokuratury po rzekomych prezentach od skazanego przest\u0119pcy\"},{\"@type\":\"BreadcrumbList\",\"@id\":\"https:\/\/www.pogotowieflagowe.pl\/aktualne\/skandal-wokol-dariusza-jonskiego-pis-zada-dzialan-prokuratury-po-rzekomych-prezentach-od-skazanego-przestepcy\/#breadcrumb\",\"itemListElement\":[{\"@type\":\"ListItem\",\"position\":1,\"name\":\"Home\",\"item\":\"https:\/\/www.pogotowieflagowe.pl\/aktualne\/\"},{\"@type\":\"ListItem\",\"position\":2,\"name\":\"Skandal wok\u00f3\u0142 Dariusza Jo\u0144skiego: PiS \u017c\u0105da dzia\u0142a\u0144 prokuratury po rzekomych prezentach od skazanego przest\u0119pcy\"}]},{\"@type\":\"WebSite\",\"@id\":\"https:\/\/www.pogotowieflagowe.pl\/aktualne\/#website\",\"url\":\"https:\/\/www.pogotowieflagowe.pl\/aktualne\/\",\"name\":\"POGOTOWIE FLAGOWE\u00ae\",\"description\":\"\",\"publisher\":{\"@id\":\"https:\/\/www.pogotowieflagowe.pl\/aktualne\/#organization\"},\"potentialAction\":[{\"@type\":\"SearchAction\",\"target\":{\"@type\":\"EntryPoint\",\"urlTemplate\":\"https:\/\/www.pogotowieflagowe.pl\/aktualne\/?s={search_term_string}\"},\"query-input\":\"required name=search_term_string\"}],\"inLanguage\":\"pl-PL\"},{\"@type\":\"Organization\",\"@id\":\"https:\/\/www.pogotowieflagowe.pl\/aktualne\/#organization\",\"name\":\"POGOTOWIE FLAGOWE\u00ae\",\"url\":\"https:\/\/www.pogotowieflagowe.pl\/aktualne\/\",\"logo\":{\"@type\":\"ImageObject\",\"inLanguage\":\"pl-PL\",\"@id\":\"https:\/\/www.pogotowieflagowe.pl\/aktualne\/#\/schema\/logo\/image\/\",\"url\":\"https:\/\/www.pogotowieflagowe.pl\/aktualne\/wp-content\/uploads\/2024\/08\/cropped-pogotowieflagowe_flaga_projekt_sm.jpg\",\"contentUrl\":\"https:\/\/www.pogotowieflagowe.pl\/aktualne\/wp-content\/uploads\/2024\/08\/cropped-pogotowieflagowe_flaga_projekt_sm.jpg\",\"width\":250,\"height\":143,\"caption\":\"POGOTOWIE FLAGOWE\u00ae\"},\"image\":{\"@id\":\"https:\/\/www.pogotowieflagowe.pl\/aktualne\/#\/schema\/logo\/image\/\"}},{\"@type\":\"Person\",\"@id\":\"https:\/\/www.pogotowieflagowe.pl\/aktualne\/#\/schema\/person\/9c2fb7d2362ebf6fa088960d7f0d27b0\",\"name\":\"Filip\",\"image\":{\"@type\":\"ImageObject\",\"inLanguage\":\"pl-PL\",\"@id\":\"https:\/\/www.pogotowieflagowe.pl\/aktualne\/#\/schema\/person\/image\/\",\"url\":\"https:\/\/www.pogotowieflagowe.pl\/aktualne\/wp-content\/uploads\/2024\/08\/pogotowieflagowe.pl_.jpg\",\"contentUrl\":\"https:\/\/www.pogotowieflagowe.pl\/aktualne\/wp-content\/uploads\/2024\/08\/pogotowieflagowe.pl_.jpg\",\"caption\":\"Filip\"},\"description\":\"Jestem Filip, polski dziennikarz z dyplomem nauk politycznych Uniwersytetu Warszawskiego. Rozpoczynaj\u0105c swoj\u0105 karier\u0119 w r\u00f3\u017cnych lokalnych mediach, zdoby\u0142em solidne do\u015bwiadczenie w zakresie \u015bledztwa i redakcji. Obecnie jako redaktor w Pogotowie flagowe, staram si\u0119 dostarcza\u0107 dog\u0142\u0119bne i istotne analizy na temat najwa\u017cniejszych kwestii aktualno\u015bci, \u0142\u0105cz\u0105c rygor z pasj\u0105 dziennikarsk\u0105.\",\"sameAs\":[\"https:\/\/www.pogotowieflagowe.pl\/\"]}]}<\/script>\n<!-- \/ Yoast SEO plugin. -->","yoast_head_json":{"title":"Skandal wok\u00f3\u0142 Dariusza Jo\u0144skiego: PiS \u017c\u0105da dzia\u0142a\u0144 prokuratury po rzekomych prezentach od skazanego przest\u0119pcy - POGOTOWIE FLAGOWE\u00ae","robots":{"index":"index","follow":"follow","max-snippet":"max-snippet:-1","max-image-preview":"max-image-preview:large","max-video-preview":"max-video-preview:-1"},"canonical":"https:\/\/www.pogotowieflagowe.pl\/aktualne\/skandal-wokol-dariusza-jonskiego-pis-zada-dzialan-prokuratury-po-rzekomych-prezentach-od-skazanego-przestepcy\/","og_locale":"pl_PL","og_type":"article","og_title":"Skandal wok\u00f3\u0142 Dariusza Jo\u0144skiego: PiS \u017c\u0105da dzia\u0142a\u0144 prokuratury po rzekomych prezentach od skazanego przest\u0119pcy - POGOTOWIE FLAGOWE\u00ae","og_description":"Politycy PiS z\u0142o\u017c\u0105 skarg\u0119 do prokuratury w zwi\u0105zku z afer\u0105 wok\u00f3\u0142 pos\u0142a Koalicji Obywatelskiej (KO) Dariusza Jo\u0144skiego. Z doniesie\u0144 medi\u00f3w","og_url":"https:\/\/www.pogotowieflagowe.pl\/aktualne\/skandal-wokol-dariusza-jonskiego-pis-zada-dzialan-prokuratury-po-rzekomych-prezentach-od-skazanego-przestepcy\/","og_site_name":"POGOTOWIE FLAGOWE\u00ae","article_published_time":"2025-10-31T20:43:20+00:00","article_modified_time":"2025-10-31T20:43:22+00:00","og_image":[{"width":1280,"height":720,"url":"https:\/\/www.pogotowieflagowe.pl\/aktualne\/wp-content\/uploads\/2025\/10\/Skandal-wokol-Dariusza-Jonskiego-PiS-zada-dzialan-prokuratury-po-rzekomych.webp.webp","type":"image\/webp"}],"author":"Filip","twitter_card":"summary_large_image","twitter_misc":{"Napisane przez":"Filip","Szacowany czas czytania":"3 minuty"},"schema":{"@context":"https:\/\/schema.org","@graph":[{"@type":"Article","@id":"https:\/\/www.pogotowieflagowe.pl\/aktualne\/skandal-wokol-dariusza-jonskiego-pis-zada-dzialan-prokuratury-po-rzekomych-prezentach-od-skazanego-przestepcy\/#article","isPartOf":{"@id":"https:\/\/www.pogotowieflagowe.pl\/aktualne\/skandal-wokol-dariusza-jonskiego-pis-zada-dzialan-prokuratury-po-rzekomych-prezentach-od-skazanego-przestepcy\/"},"author":{"name":"Filip","@id":"https:\/\/www.pogotowieflagowe.pl\/aktualne\/#\/schema\/person\/9c2fb7d2362ebf6fa088960d7f0d27b0"},"headline":"Skandal wok\u00f3\u0142 Dariusza Jo\u0144skiego: PiS \u017c\u0105da dzia\u0142a\u0144 prokuratury po rzekomych prezentach od skazanego przest\u0119pcy","datePublished":"2025-10-31T20:43:20+00:00","dateModified":"2025-10-31T20:43:22+00:00","mainEntityOfPage":{"@id":"https:\/\/www.pogotowieflagowe.pl\/aktualne\/skandal-wokol-dariusza-jonskiego-pis-zada-dzialan-prokuratury-po-rzekomych-prezentach-od-skazanego-przestepcy\/"},"wordCount":545,"commentCount":0,"publisher":{"@id":"https:\/\/www.pogotowieflagowe.pl\/aktualne\/#organization"},"image":{"@id":"https:\/\/www.pogotowieflagowe.pl\/aktualne\/skandal-wokol-dariusza-jonskiego-pis-zada-dzialan-prokuratury-po-rzekomych-prezentach-od-skazanego-przestepcy\/#primaryimage"},"thumbnailUrl":"https:\/\/www.pogotowieflagowe.pl\/aktualne\/wp-content\/uploads\/2025\/10\/Skandal-wokol-Dariusza-Jonskiego-PiS-zada-dzialan-prokuratury-po-rzekomych.webp.webp","keywords":["Dariusza","dzia\u0142a\u0144","Jo\u0144skiego","PiS","prezentach","prokuratury","przest\u0119pcy","rzekomych","skandal","skazanego","wok\u00f3\u0142","\u017c\u0105da"],"articleSection":["Aktualne"],"inLanguage":"pl-PL","potentialAction":[{"@type":"CommentAction","name":"Comment","target":["https:\/\/www.pogotowieflagowe.pl\/aktualne\/skandal-wokol-dariusza-jonskiego-pis-zada-dzialan-prokuratury-po-rzekomych-prezentach-od-skazanego-przestepcy\/#respond"]}]},{"@type":"WebPage","@id":"https:\/\/www.pogotowieflagowe.pl\/aktualne\/skandal-wokol-dariusza-jonskiego-pis-zada-dzialan-prokuratury-po-rzekomych-prezentach-od-skazanego-przestepcy\/","url":"https:\/\/www.pogotowieflagowe.pl\/aktualne\/skandal-wokol-dariusza-jonskiego-pis-zada-dzialan-prokuratury-po-rzekomych-prezentach-od-skazanego-przestepcy\/","name":"Skandal wok\u00f3\u0142 Dariusza Jo\u0144skiego: PiS \u017c\u0105da dzia\u0142a\u0144 prokuratury po rzekomych prezentach od skazanego przest\u0119pcy - POGOTOWIE FLAGOWE\u00ae","isPartOf":{"@id":"https:\/\/www.pogotowieflagowe.pl\/aktualne\/#website"},"primaryImageOfPage":{"@id":"https:\/\/www.pogotowieflagowe.pl\/aktualne\/skandal-wokol-dariusza-jonskiego-pis-zada-dzialan-prokuratury-po-rzekomych-prezentach-od-skazanego-przestepcy\/#primaryimage"},"image":{"@id":"https:\/\/www.pogotowieflagowe.pl\/aktualne\/skandal-wokol-dariusza-jonskiego-pis-zada-dzialan-prokuratury-po-rzekomych-prezentach-od-skazanego-przestepcy\/#primaryimage"},"thumbnailUrl":"https:\/\/www.pogotowieflagowe.pl\/aktualne\/wp-content\/uploads\/2025\/10\/Skandal-wokol-Dariusza-Jonskiego-PiS-zada-dzialan-prokuratury-po-rzekomych.webp.webp","datePublished":"2025-10-31T20:43:20+00:00","dateModified":"2025-10-31T20:43:22+00:00","breadcrumb":{"@id":"https:\/\/www.pogotowieflagowe.pl\/aktualne\/skandal-wokol-dariusza-jonskiego-pis-zada-dzialan-prokuratury-po-rzekomych-prezentach-od-skazanego-przestepcy\/#breadcrumb"},"inLanguage":"pl-PL","potentialAction":[{"@type":"ReadAction","target":["https:\/\/www.pogotowieflagowe.pl\/aktualne\/skandal-wokol-dariusza-jonskiego-pis-zada-dzialan-prokuratury-po-rzekomych-prezentach-od-skazanego-przestepcy\/"]}]},{"@type":"ImageObject","inLanguage":"pl-PL","@id":"https:\/\/www.pogotowieflagowe.pl\/aktualne\/skandal-wokol-dariusza-jonskiego-pis-zada-dzialan-prokuratury-po-rzekomych-prezentach-od-skazanego-przestepcy\/#primaryimage","url":"https:\/\/www.pogotowieflagowe.pl\/aktualne\/wp-content\/uploads\/2025\/10\/Skandal-wokol-Dariusza-Jonskiego-PiS-zada-dzialan-prokuratury-po-rzekomych.webp.webp","contentUrl":"https:\/\/www.pogotowieflagowe.pl\/aktualne\/wp-content\/uploads\/2025\/10\/Skandal-wokol-Dariusza-Jonskiego-PiS-zada-dzialan-prokuratury-po-rzekomych.webp.webp","width":1280,"height":720,"caption":"Skandal wok\u00f3\u0142 Dariusza Jo\u0144skiego: PiS \u017c\u0105da dzia\u0142a\u0144 prokuratury po rzekomych prezentach od skazanego przest\u0119pcy"},{"@type":"BreadcrumbList","@id":"https:\/\/www.pogotowieflagowe.pl\/aktualne\/skandal-wokol-dariusza-jonskiego-pis-zada-dzialan-prokuratury-po-rzekomych-prezentach-od-skazanego-przestepcy\/#breadcrumb","itemListElement":[{"@type":"ListItem","position":1,"name":"Home","item":"https:\/\/www.pogotowieflagowe.pl\/aktualne\/"},{"@type":"ListItem","position":2,"name":"Skandal wok\u00f3\u0142 Dariusza Jo\u0144skiego: PiS \u017c\u0105da dzia\u0142a\u0144 prokuratury po rzekomych prezentach od skazanego przest\u0119pcy"}]},{"@type":"WebSite","@id":"https:\/\/www.pogotowieflagowe.pl\/aktualne\/#website","url":"https:\/\/www.pogotowieflagowe.pl\/aktualne\/","name":"POGOTOWIE FLAGOWE\u00ae","description":"","publisher":{"@id":"https:\/\/www.pogotowieflagowe.pl\/aktualne\/#organization"},"potentialAction":[{"@type":"SearchAction","target":{"@type":"EntryPoint","urlTemplate":"https:\/\/www.pogotowieflagowe.pl\/aktualne\/?s={search_term_string}"},"query-input":"required name=search_term_string"}],"inLanguage":"pl-PL"},{"@type":"Organization","@id":"https:\/\/www.pogotowieflagowe.pl\/aktualne\/#organization","name":"POGOTOWIE FLAGOWE\u00ae","url":"https:\/\/www.pogotowieflagowe.pl\/aktualne\/","logo":{"@type":"ImageObject","inLanguage":"pl-PL","@id":"https:\/\/www.pogotowieflagowe.pl\/aktualne\/#\/schema\/logo\/image\/","url":"https:\/\/www.pogotowieflagowe.pl\/aktualne\/wp-content\/uploads\/2024\/08\/cropped-pogotowieflagowe_flaga_projekt_sm.jpg","contentUrl":"https:\/\/www.pogotowieflagowe.pl\/aktualne\/wp-content\/uploads\/2024\/08\/cropped-pogotowieflagowe_flaga_projekt_sm.jpg","width":250,"height":143,"caption":"POGOTOWIE FLAGOWE\u00ae"},"image":{"@id":"https:\/\/www.pogotowieflagowe.pl\/aktualne\/#\/schema\/logo\/image\/"}},{"@type":"Person","@id":"https:\/\/www.pogotowieflagowe.pl\/aktualne\/#\/schema\/person\/9c2fb7d2362ebf6fa088960d7f0d27b0","name":"Filip","image":{"@type":"ImageObject","inLanguage":"pl-PL","@id":"https:\/\/www.pogotowieflagowe.pl\/aktualne\/#\/schema\/person\/image\/","url":"https:\/\/www.pogotowieflagowe.pl\/aktualne\/wp-content\/uploads\/2024\/08\/pogotowieflagowe.pl_.jpg","contentUrl":"https:\/\/www.pogotowieflagowe.pl\/aktualne\/wp-content\/uploads\/2024\/08\/pogotowieflagowe.pl_.jpg","caption":"Filip"},"description":"Jestem Filip, polski dziennikarz z dyplomem nauk politycznych Uniwersytetu Warszawskiego. Rozpoczynaj\u0105c swoj\u0105 karier\u0119 w r\u00f3\u017cnych lokalnych mediach, zdoby\u0142em solidne do\u015bwiadczenie w zakresie \u015bledztwa i redakcji. Obecnie jako redaktor w Pogotowie flagowe, staram si\u0119 dostarcza\u0107 dog\u0142\u0119bne i istotne analizy na temat najwa\u017cniejszych kwestii aktualno\u015bci, \u0142\u0105cz\u0105c rygor z pasj\u0105 dziennikarsk\u0105.","sameAs":["https:\/\/www.pogotowieflagowe.pl\/"]}]}},"_links":{"self":[{"href":"https:\/\/www.pogotowieflagowe.pl\/aktualne\/wp-json\/wp\/v2\/posts\/10017","targetHints":{"allow":["GET"]}}],"collection":[{"href":"https:\/\/www.pogotowieflagowe.pl\/aktualne\/wp-json\/wp\/v2\/posts"}],"about":[{"href":"https:\/\/www.pogotowieflagowe.pl\/aktualne\/wp-json\/wp\/v2\/types\/post"}],"author":[{"embeddable":true,"href":"https:\/\/www.pogotowieflagowe.pl\/aktualne\/wp-json\/wp\/v2\/users\/1"}],"replies":[{"embeddable":true,"href":"https:\/\/www.pogotowieflagowe.pl\/aktualne\/wp-json\/wp\/v2\/comments?post=10017"}],"version-history":[{"count":1,"href":"https:\/\/www.pogotowieflagowe.pl\/aktualne\/wp-json\/wp\/v2\/posts\/10017\/revisions"}],"predecessor-version":[{"id":10019,"href":"https:\/\/www.pogotowieflagowe.pl\/aktualne\/wp-json\/wp\/v2\/posts\/10017\/revisions\/10019"}],"wp:featuredmedia":[{"embeddable":true,"href":"https:\/\/www.pogotowieflagowe.pl\/aktualne\/wp-json\/wp\/v2\/media\/10018"}],"wp:attachment":[{"href":"https:\/\/www.pogotowieflagowe.pl\/aktualne\/wp-json\/wp\/v2\/media?parent=10017"}],"wp:term":[{"taxonomy":"category","embeddable":true,"href":"https:\/\/www.pogotowieflagowe.pl\/aktualne\/wp-json\/wp\/v2\/categories?post=10017"},{"taxonomy":"post_tag","embeddable":true,"href":"https:\/\/www.pogotowieflagowe.pl\/aktualne\/wp-json\/wp\/v2\/tags?post=10017"}],"curies":[{"name":"wp","href":"https:\/\/api.w.org\/{rel}","templated":true}]}}