{"id":10034,"date":"2025-11-01T15:35:58","date_gmt":"2025-11-01T14:35:58","guid":{"rendered":"https:\/\/www.pogotowieflagowe.pl\/aktualne\/patrioci-ktorzy-kochali-polske-ci-ktorych-pozegnalismy-w-2025-roku\/"},"modified":"2025-11-01T15:35:59","modified_gmt":"2025-11-01T14:35:59","slug":"patrioci-ktorzy-kochali-polske-ci-ktorych-pozegnalismy-w-2025-roku","status":"publish","type":"post","link":"https:\/\/www.pogotowieflagowe.pl\/aktualne\/patrioci-ktorzy-kochali-polske-ci-ktorych-pozegnalismy-w-2025-roku\/","title":{"rendered":"Patrioci, kt\u00f3rzy kochali Polsk\u0119. Ci, kt\u00f3rych po\u017cegnali\u015bmy w 2025 roku"},"content":{"rendered":"\n<div class=\"td_block_wrap tdb_single_content tdi_41 td-pb-border-top td_block_template_8 td-post-content tagdiv-type\" data-td-block-uid=\"tdi_41\">\n<style>.tdi_41{margines-top:0px!important;margin-bottom:0px!important;dope\u0142nienie-g\u00f3ra:0px!important;dope\u0142nienie-d\u00f3\u0142:0px!important}<\/style>\n<style>.tdb_single_content{margin-bottom:0;*zoom:1}.tdb_single_content:before,.tdb_single_content:after{display:table;content:'';line-height:0}.tdb_single_content:after{clear:both}.tdb_single_content .tdb-block-inner>*:not(.wp-block-quote):not(.alignwide):not(.alignfull.wp-block-cover.has-parallax):not(.td-a-ad){margin-left:auto;margin-right:auto}.tdb_single_content a{pointer-events:auto}.tdb_single_content .td-spot-id-top_ad .tdc-placeholder-title:before{content:'Najlepsza reklama artyku\u0142u'!important}.tdb_single_content .td-spot-id-inline_ad0 .tdc-placeholder-title:before{content:'Reklama wbudowana artyku\u0142u 1'!important}.tdb_single_content .td-spot-id-inline_ad1 .tdc-placeholder-title:before{content:'Wbudowana reklama w artykule 2'!important}.tdb_single_content .td-spot-id-inline_ad2 .tdc-placeholder-title:before{content:'Wbudowana reklama w artykule 3'!important}.tdb_single_content .td-spot-id-bottom_ad .tdc-placeholder-title:before{content:'Article Bottom Ad'!important}.tdb_single_content .id_top_ad,.tdb_single_content .id_bottom_ad{clear:both;margin-bottom:21px;text-align:center}.tdb_single_content .id_top_ad img,.tdb_single_content .id_bottom_ad img{margin-bottom:0}.tdb_single_content .id_top_ad .adsbygoogle,.tdb_single_content .id_bottom_ad .adsbygoogle{position:relative}.tdb_single_content .id_ad_content-horiz-left,.tdb_single_content .id_ad_content-horiz-right,.tdb_single_content .id_ad_content-horiz-center{margin-bottom:15px}.tdb_single_content .id_ad_content-horiz-left img,.tdb_single_content .id_ad_content-horiz-right img,.tdb_single_content .id_ad_content-horiz-center img{margin-bottom:0}.tdb_single_content .id_ad_content-horiz-center{text-align:center}.tdb_single_content .id_ad_content-horiz-center img{margin-right:auto;margin-left:auto}.tdb_single_content .id_ad_content-horiz-left{float:left;margin-top:9px;margin-right:21px}.tdb_single_content .id_ad_content-horiz-right{float:right;margin-top:6px;margin-left:21px}.tdb_single_content .tdc-a-ad .tdc-placeholder-title{width:300px;height:250px}.tdb_single_content .tdc-a-ad .tdc-placeholder-title:before{position:absolute;top:50%;-webkit-transform:translateY(-50%);transform:translateY(-50%);margin:auto;display:table;width:100%}.tdb_single_content .tdb-block-inner.td-fix-index{word-break:break-word}.tdi_41,.tdi_41>p,.tdi_41 .tdb-block-inner>p,.wp-block-column>p{font-size:16px!important;line-height:1.6!important}.tdi_41 .tdb-block-inner blockquote p{font-style:normal!important}@media (max-width:767px){.tdb_single_content .id_ad_content-horiz-left,.tdb_single_content .id_ad_content-horiz-right,.tdb_single_content .id_ad_content-horiz-center{margin:0 auto 26 pikseli auto}}@media (max-width:767px){.tdb_single_content .id_ad_content-horiz-left{margin-right:0}}@media (max-width:767px){.tdb_single_content .id_ad_content-horiz-right{margin-left:0}}@media (max-width:767px){.tdb_single_content .td-a-ad{float:none;text-align:center}.tdb_single_content .td-a-ad img{margin-right:auto;margin-left:auto}.tdb_single_content .tdc-a-ad{float:none}}<\/style>\n<div class=\"tdb-block-inner td-fix-index\">\n<p>W dniu Wszystkich \u015awi\u0119tych wspominamy tych, kt\u00f3rzy odeszli, ale pozostaj\u0105 \u017cywi w naszej pami\u0119ci i sercach. Dzi\u015b wspominamy cz\u0142onk\u00f3w <em>Gazeta Polska<\/em> Kluby i <em>Strefa Wolnego S\u0142owa<\/em> wsp\u00f3lnota \u2013 ludzie, dla kt\u00f3rych wolno\u015b\u0107 i Polska by\u0142y warto\u015bciami najwy\u017cszymi. Ich praca trwa nadal, a pami\u0119\u0107 o nich wci\u0105\u017c inspiruje.<\/p>\n<p>W mijaj\u0105cym roku 2025 stracili\u015bmy wybitnych patriot\u00f3w. Poni\u017cej kr\u00f3tkie biografie os\u00f3b, kt\u00f3re \u017cegnali\u015bmy w ostatnich miesi\u0105cach.<\/p>\n<hr class=\"wp-block-separator has-alpha-channel-opacity\">\n<h3 class=\"wp-block-heading\">\u2666 Ryszard Kapu\u015bci\u0144ski | 1954\u20132025<\/h3>\n<p>15 stycznia 2025 roku zmar\u0142 nie\u017cyj\u0105cy ju\u017c Ryszard Kapu\u015bci\u0144ski. By\u0142 nie tylko Prezesem Urz\u0119du <em>Gazeta Polska<\/em>Kluby, ale tak\u017ce przyjaciel i inspiracja dla nas wszystkich. Ca\u0142\u0105 dusz\u0119 po\u015bwi\u0119ci\u0142 s\u0142u\u017cbie Ojczy\u017anie i <em>Gazeta Polska<\/em> Cz\u0142onkowie klubu zawsze zajmowali szczeg\u00f3lne miejsce w jego sercu. Jego ci\u0105g\u0142a praca na rzecz Klub\u00f3w, pocz\u0105wszy od ich powstania w 2005 roku, by\u0142a nieoceniona.<\/p>\n<p>Decyzj\u0105 Prezydenta Andrzeja Dudy Kapu\u015bci\u0144ski zosta\u0142 po\u015bmiertnie odznaczony Krzy\u017cem Oficerskim Orderu Odrodzenia Polski.<\/p>\n<p>&#8222;Ryszard Kapu\u015bci\u0144ski. Pan Ryszard. Ryszard. Rysiek. Cz\u0142owiek, kt\u00f3ry by\u0142 instytucj\u0105. Trudno w to uwierzy\u0107 i zaakceptowa\u0107, \u017ce po 17 latach przyja\u017ani \u017cegnam Pana Ryszarda &#8211; szefa <em>Gazeta Polska<\/em>Kluby, Ryszard \u2013 kolega z Rady Miasta Krakowa\u201d \u2013 napisa\u0142 w g\u0142\u0119boko osobistym ho\u0142dzie Prezydent Andrzej Duda.<\/p>\n<p>Na nabo\u017ce\u0144stwie \u017ca\u0142obnym wok\u00f3\u0142 kaplicy cmentarnej zgromadzi\u0142y si\u0119 setki cz\u0142onk\u00f3w Klubu z ca\u0142ej Polski. W\u015br\u00f3d \u017ca\u0142obnik\u00f3w byli tak\u017ce cz\u0142onkowie <em>Gazeta Polska<\/em> zesp\u00f3\u0142 redakcyjny, na kt\u00f3rego czele stoi redaktor naczelny Tomasz Sakiewicz, kt\u00f3ry wspomina\u0142 zmar\u0142ego i jego ofiarn\u0105 prac\u0119.<\/p>\n<hr class=\"wp-block-separator has-alpha-channel-opacity\">\n<h3 class=\"wp-block-heading\">\u2666 Andrzej Ko\u0142akowski | 1964\u20132025<\/h3>\n<p>19 pa\u017adziernika 2025 roku zmar\u0142 \u015bp. Andrzej Ko\u0142akowski. Wybitny piosenkarz, poeta, pedagog, publicysta, dzia\u0142acz opozycji w czasach PRL, autor znanych piosenek m.in. <em>Epitafium dla majora \u201eOgnia\u201d<\/em>I <em>Przysi\u0119ga<\/em>. Mia\u0142 zaledwie 61 lat.<\/p>\n<p>W okresie PRL Ko\u0142akowski by\u0142 aktywnie zaanga\u017cowany w dzia\u0142alno\u015b\u0107 opozycyjn\u0105. Nale\u017ca\u0142 do Partii Liberalno-Demokratycznej \u201eNiepodleg\u0142o\u015b\u0107\u201d, od 1985 r. bra\u0142 udzia\u0142 w licznych protestach, w tym w strajku g\u0142odowym w ko\u015bciele Narodzenia Naj\u015bwi\u0119tszej Marii Panny w Krakowie. Zajmowa\u0142 si\u0119 tak\u017ce drukiem i kolporta\u017cem wydawnictw podziemnych oraz organizacj\u0105 antykomunistycznych demonstracji w Mi\u0119dzyrzeczu i Lublinie.<\/p>\n<p>W 2009 roku za wybitne zas\u0142ugi dla niepodleg\u0142o\u015bci Polski, wk\u0142ad w przemiany demokratyczne oraz osi\u0105gni\u0119cia w pracy zawodowej i spo\u0142ecznej dla dobra narodu zosta\u0142 odznaczony przez Prezydenta Lecha Kaczy\u0144skiego Krzy\u017cem Kawalerskim Orderu Odrodzenia Polski.<\/p>\n<p>W 2017 roku Prezydent Andrzej Duda odznaczy\u0142 go Krzy\u017cem Oficerskim Orderu Odrodzenia Polski za wybitne zas\u0142ugi w kultywowaniu pami\u0119ci o najnowszej historii Polski, zw\u0142aszcza o historii Polski <em>Przekl\u0119ci \u017bo\u0142nierze<\/em>. W tym samym roku otrzyma\u0142 tak\u017ce Krzy\u017c Wolno\u015bci i Solidarno\u015bci.<\/p>\n<p>Prezydent Karol Nawrocki z\u0142o\u017cy\u0142 kondolencje rodzinie za po\u015brednictwem medi\u00f3w spo\u0142eczno\u015bciowych.<\/p>\n<hr class=\"wp-block-separator has-alpha-channel-opacity\">\n<h3 class=\"wp-block-heading\">\u2666 Walter Wies\u0142aw Go\u0142\u0119biewski | 1942\u20132025<\/h3>\n<p>Zmar\u0142 20 sierpnia 2025 roku w wieku 82 lat. By\u0142 przewodnicz\u0105cym \u015awiatowej Rady Bada\u0144 nad Poloni\u0105, wiceprzewodnicz\u0105cym Koalicji Polonii Ameryka\u0144skiej i szefem <em>Gazeta Polska<\/em> Klub w Clearwater na Florydzie.<\/p>\n<p>Walter Wies\u0142aw Go\u0142\u0119biewski urodzi\u0142 si\u0119 28 pa\u017adziernika 1942 roku w Warszawie. Jest absolwentem IV Liceum Og\u00f3lnokszta\u0142c\u0105cego im. Adama Mickiewicza w stolicy. W 1965 roku uzyska\u0142 tytu\u0142 magistra ekonomii, nast\u0119pnie studiowa\u0142 na kilku uniwersytetach w ca\u0142ych Stanach Zjednoczonych.<\/p>\n<p>Od 1976 roku pracowa\u0142 jako ekspert Organizacji Narod\u00f3w Zjednoczonych ds. Rozwoju Przemys\u0142owego (UNIDO). W latach 80. wyemigrowa\u0142 do Stan\u00f3w Zjednoczonych, gdzie g\u0142\u0119boko zaanga\u017cowa\u0142 si\u0119 w \u017cycie spo\u0142eczne i polityczne Polonii. Aktywny pisarz i publicysta, autor oko\u0142o 200 artyku\u0142\u00f3w i kilku ksi\u0105\u017cek po\u015bwi\u0119conych tradycyjnym warto\u015bciom polskiego republikanizmu.<\/p>\n<\/div>\n<\/div>\n","protected":false},"excerpt":{"rendered":"<p>W dniu Wszystkich \u015awi\u0119tych wspominamy tych, kt\u00f3rzy odeszli, ale pozostaj\u0105 \u017cywi w naszej pami\u0119ci i sercach. Dzi\u015b wspominamy cz\u0142onk\u00f3w Gazeta<\/p>\n","protected":false},"author":1,"featured_media":10035,"comment_status":"open","ping_status":"open","sticky":false,"template":"","format":"standard","meta":{"footnotes":""},"categories":[4748],"tags":[11536,2468,5626,11535,698,11537,1599],"class_list":["post-10034","post","type-post","status-publish","format-standard","has-post-thumbnail","hentry","category-aktualne","tag-kochali","tag-ktorych","tag-ktorzy","tag-patrioci","tag-polske","tag-pozegnalismy","tag-roku","generate-columns","tablet-grid-50","mobile-grid-100","grid-parent","grid-50","resize-featured-image"],"yoast_head":"<!-- This site is optimized with the Yoast SEO plugin v23.2 - https:\/\/yoast.com\/wordpress\/plugins\/seo\/ -->\n<title>Patrioci, kt\u00f3rzy kochali Polsk\u0119. Ci, kt\u00f3rych po\u017cegnali\u015bmy w 2025 roku - POGOTOWIE FLAGOWE\u00ae<\/title>\n<meta name=\"robots\" content=\"index, follow, max-snippet:-1, max-image-preview:large, max-video-preview:-1\" \/>\n<link rel=\"canonical\" href=\"https:\/\/www.pogotowieflagowe.pl\/aktualne\/patrioci-ktorzy-kochali-polske-ci-ktorych-pozegnalismy-w-2025-roku\/\" \/>\n<meta property=\"og:locale\" content=\"pl_PL\" \/>\n<meta property=\"og:type\" content=\"article\" \/>\n<meta property=\"og:title\" content=\"Patrioci, kt\u00f3rzy kochali Polsk\u0119. Ci, kt\u00f3rych po\u017cegnali\u015bmy w 2025 roku - POGOTOWIE FLAGOWE\u00ae\" \/>\n<meta property=\"og:description\" content=\"W dniu Wszystkich \u015awi\u0119tych wspominamy tych, kt\u00f3rzy odeszli, ale pozostaj\u0105 \u017cywi w naszej pami\u0119ci i sercach. Dzi\u015b wspominamy cz\u0142onk\u00f3w Gazeta\" \/>\n<meta property=\"og:url\" content=\"https:\/\/www.pogotowieflagowe.pl\/aktualne\/patrioci-ktorzy-kochali-polske-ci-ktorych-pozegnalismy-w-2025-roku\/\" \/>\n<meta property=\"og:site_name\" content=\"POGOTOWIE FLAGOWE\u00ae\" \/>\n<meta property=\"article:published_time\" content=\"2025-11-01T14:35:58+00:00\" \/>\n<meta property=\"article:modified_time\" content=\"2025-11-01T14:35:59+00:00\" \/>\n<meta property=\"og:image\" content=\"https:\/\/www.pogotowieflagowe.pl\/aktualne\/wp-content\/uploads\/2025\/11\/Patrioci-ktorzy-kochali-Polske-Ci-ktorych-pozegnalismy-w-2025-roku.webp.webp\" \/>\n\t<meta property=\"og:image:width\" content=\"1280\" \/>\n\t<meta property=\"og:image:height\" content=\"720\" \/>\n\t<meta property=\"og:image:type\" content=\"image\/webp\" \/>\n<meta name=\"author\" content=\"Filip\" \/>\n<meta name=\"twitter:card\" content=\"summary_large_image\" \/>\n<meta name=\"twitter:label1\" content=\"Napisane przez\" \/>\n\t<meta name=\"twitter:data1\" content=\"Filip\" \/>\n\t<meta name=\"twitter:label2\" content=\"Szacowany czas czytania\" \/>\n\t<meta name=\"twitter:data2\" content=\"3 minuty\" \/>\n<script type=\"application\/ld+json\" class=\"yoast-schema-graph\">{\"@context\":\"https:\/\/schema.org\",\"@graph\":[{\"@type\":\"Article\",\"@id\":\"https:\/\/www.pogotowieflagowe.pl\/aktualne\/patrioci-ktorzy-kochali-polske-ci-ktorych-pozegnalismy-w-2025-roku\/#article\",\"isPartOf\":{\"@id\":\"https:\/\/www.pogotowieflagowe.pl\/aktualne\/patrioci-ktorzy-kochali-polske-ci-ktorych-pozegnalismy-w-2025-roku\/\"},\"author\":{\"name\":\"Filip\",\"@id\":\"https:\/\/www.pogotowieflagowe.pl\/aktualne\/#\/schema\/person\/9c2fb7d2362ebf6fa088960d7f0d27b0\"},\"headline\":\"Patrioci, kt\u00f3rzy kochali Polsk\u0119. Ci, kt\u00f3rych po\u017cegnali\u015bmy w 2025 roku\",\"datePublished\":\"2025-11-01T14:35:58+00:00\",\"dateModified\":\"2025-11-01T14:35:59+00:00\",\"mainEntityOfPage\":{\"@id\":\"https:\/\/www.pogotowieflagowe.pl\/aktualne\/patrioci-ktorzy-kochali-polske-ci-ktorych-pozegnalismy-w-2025-roku\/\"},\"wordCount\":624,\"commentCount\":0,\"publisher\":{\"@id\":\"https:\/\/www.pogotowieflagowe.pl\/aktualne\/#organization\"},\"image\":{\"@id\":\"https:\/\/www.pogotowieflagowe.pl\/aktualne\/patrioci-ktorzy-kochali-polske-ci-ktorych-pozegnalismy-w-2025-roku\/#primaryimage\"},\"thumbnailUrl\":\"https:\/\/www.pogotowieflagowe.pl\/aktualne\/wp-content\/uploads\/2025\/11\/Patrioci-ktorzy-kochali-Polske-Ci-ktorych-pozegnalismy-w-2025-roku.webp.webp\",\"keywords\":[\"kochali\",\"kt\u00f3rych\",\"kt\u00f3rzy\",\"Patrioci\",\"Polsk\u0119\",\"po\u017cegnali\u015bmy\",\"roku\"],\"articleSection\":[\"Aktualne\"],\"inLanguage\":\"pl-PL\",\"potentialAction\":[{\"@type\":\"CommentAction\",\"name\":\"Comment\",\"target\":[\"https:\/\/www.pogotowieflagowe.pl\/aktualne\/patrioci-ktorzy-kochali-polske-ci-ktorych-pozegnalismy-w-2025-roku\/#respond\"]}]},{\"@type\":\"WebPage\",\"@id\":\"https:\/\/www.pogotowieflagowe.pl\/aktualne\/patrioci-ktorzy-kochali-polske-ci-ktorych-pozegnalismy-w-2025-roku\/\",\"url\":\"https:\/\/www.pogotowieflagowe.pl\/aktualne\/patrioci-ktorzy-kochali-polske-ci-ktorych-pozegnalismy-w-2025-roku\/\",\"name\":\"Patrioci, kt\u00f3rzy kochali Polsk\u0119. Ci, kt\u00f3rych po\u017cegnali\u015bmy w 2025 roku - POGOTOWIE FLAGOWE\u00ae\",\"isPartOf\":{\"@id\":\"https:\/\/www.pogotowieflagowe.pl\/aktualne\/#website\"},\"primaryImageOfPage\":{\"@id\":\"https:\/\/www.pogotowieflagowe.pl\/aktualne\/patrioci-ktorzy-kochali-polske-ci-ktorych-pozegnalismy-w-2025-roku\/#primaryimage\"},\"image\":{\"@id\":\"https:\/\/www.pogotowieflagowe.pl\/aktualne\/patrioci-ktorzy-kochali-polske-ci-ktorych-pozegnalismy-w-2025-roku\/#primaryimage\"},\"thumbnailUrl\":\"https:\/\/www.pogotowieflagowe.pl\/aktualne\/wp-content\/uploads\/2025\/11\/Patrioci-ktorzy-kochali-Polske-Ci-ktorych-pozegnalismy-w-2025-roku.webp.webp\",\"datePublished\":\"2025-11-01T14:35:58+00:00\",\"dateModified\":\"2025-11-01T14:35:59+00:00\",\"breadcrumb\":{\"@id\":\"https:\/\/www.pogotowieflagowe.pl\/aktualne\/patrioci-ktorzy-kochali-polske-ci-ktorych-pozegnalismy-w-2025-roku\/#breadcrumb\"},\"inLanguage\":\"pl-PL\",\"potentialAction\":[{\"@type\":\"ReadAction\",\"target\":[\"https:\/\/www.pogotowieflagowe.pl\/aktualne\/patrioci-ktorzy-kochali-polske-ci-ktorych-pozegnalismy-w-2025-roku\/\"]}]},{\"@type\":\"ImageObject\",\"inLanguage\":\"pl-PL\",\"@id\":\"https:\/\/www.pogotowieflagowe.pl\/aktualne\/patrioci-ktorzy-kochali-polske-ci-ktorych-pozegnalismy-w-2025-roku\/#primaryimage\",\"url\":\"https:\/\/www.pogotowieflagowe.pl\/aktualne\/wp-content\/uploads\/2025\/11\/Patrioci-ktorzy-kochali-Polske-Ci-ktorych-pozegnalismy-w-2025-roku.webp.webp\",\"contentUrl\":\"https:\/\/www.pogotowieflagowe.pl\/aktualne\/wp-content\/uploads\/2025\/11\/Patrioci-ktorzy-kochali-Polske-Ci-ktorych-pozegnalismy-w-2025-roku.webp.webp\",\"width\":1280,\"height\":720,\"caption\":\"Patrioci, kt\u00f3rzy kochali Polsk\u0119. Ci, kt\u00f3rych po\u017cegnali\u015bmy w 2025 roku\"},{\"@type\":\"BreadcrumbList\",\"@id\":\"https:\/\/www.pogotowieflagowe.pl\/aktualne\/patrioci-ktorzy-kochali-polske-ci-ktorych-pozegnalismy-w-2025-roku\/#breadcrumb\",\"itemListElement\":[{\"@type\":\"ListItem\",\"position\":1,\"name\":\"Home\",\"item\":\"https:\/\/www.pogotowieflagowe.pl\/aktualne\/\"},{\"@type\":\"ListItem\",\"position\":2,\"name\":\"Patrioci, kt\u00f3rzy kochali Polsk\u0119. Ci, kt\u00f3rych po\u017cegnali\u015bmy w 2025 roku\"}]},{\"@type\":\"WebSite\",\"@id\":\"https:\/\/www.pogotowieflagowe.pl\/aktualne\/#website\",\"url\":\"https:\/\/www.pogotowieflagowe.pl\/aktualne\/\",\"name\":\"POGOTOWIE FLAGOWE\u00ae\",\"description\":\"\",\"publisher\":{\"@id\":\"https:\/\/www.pogotowieflagowe.pl\/aktualne\/#organization\"},\"potentialAction\":[{\"@type\":\"SearchAction\",\"target\":{\"@type\":\"EntryPoint\",\"urlTemplate\":\"https:\/\/www.pogotowieflagowe.pl\/aktualne\/?s={search_term_string}\"},\"query-input\":\"required name=search_term_string\"}],\"inLanguage\":\"pl-PL\"},{\"@type\":\"Organization\",\"@id\":\"https:\/\/www.pogotowieflagowe.pl\/aktualne\/#organization\",\"name\":\"POGOTOWIE FLAGOWE\u00ae\",\"url\":\"https:\/\/www.pogotowieflagowe.pl\/aktualne\/\",\"logo\":{\"@type\":\"ImageObject\",\"inLanguage\":\"pl-PL\",\"@id\":\"https:\/\/www.pogotowieflagowe.pl\/aktualne\/#\/schema\/logo\/image\/\",\"url\":\"https:\/\/www.pogotowieflagowe.pl\/aktualne\/wp-content\/uploads\/2024\/08\/cropped-pogotowieflagowe_flaga_projekt_sm.jpg\",\"contentUrl\":\"https:\/\/www.pogotowieflagowe.pl\/aktualne\/wp-content\/uploads\/2024\/08\/cropped-pogotowieflagowe_flaga_projekt_sm.jpg\",\"width\":250,\"height\":143,\"caption\":\"POGOTOWIE FLAGOWE\u00ae\"},\"image\":{\"@id\":\"https:\/\/www.pogotowieflagowe.pl\/aktualne\/#\/schema\/logo\/image\/\"}},{\"@type\":\"Person\",\"@id\":\"https:\/\/www.pogotowieflagowe.pl\/aktualne\/#\/schema\/person\/9c2fb7d2362ebf6fa088960d7f0d27b0\",\"name\":\"Filip\",\"image\":{\"@type\":\"ImageObject\",\"inLanguage\":\"pl-PL\",\"@id\":\"https:\/\/www.pogotowieflagowe.pl\/aktualne\/#\/schema\/person\/image\/\",\"url\":\"https:\/\/www.pogotowieflagowe.pl\/aktualne\/wp-content\/uploads\/2024\/08\/pogotowieflagowe.pl_.jpg\",\"contentUrl\":\"https:\/\/www.pogotowieflagowe.pl\/aktualne\/wp-content\/uploads\/2024\/08\/pogotowieflagowe.pl_.jpg\",\"caption\":\"Filip\"},\"description\":\"Jestem Filip, polski dziennikarz z dyplomem nauk politycznych Uniwersytetu Warszawskiego. Rozpoczynaj\u0105c swoj\u0105 karier\u0119 w r\u00f3\u017cnych lokalnych mediach, zdoby\u0142em solidne do\u015bwiadczenie w zakresie \u015bledztwa i redakcji. Obecnie jako redaktor w Pogotowie flagowe, staram si\u0119 dostarcza\u0107 dog\u0142\u0119bne i istotne analizy na temat najwa\u017cniejszych kwestii aktualno\u015bci, \u0142\u0105cz\u0105c rygor z pasj\u0105 dziennikarsk\u0105.\",\"sameAs\":[\"https:\/\/www.pogotowieflagowe.pl\/\"]}]}<\/script>\n<!-- \/ Yoast SEO plugin. -->","yoast_head_json":{"title":"Patrioci, kt\u00f3rzy kochali Polsk\u0119. Ci, kt\u00f3rych po\u017cegnali\u015bmy w 2025 roku - POGOTOWIE FLAGOWE\u00ae","robots":{"index":"index","follow":"follow","max-snippet":"max-snippet:-1","max-image-preview":"max-image-preview:large","max-video-preview":"max-video-preview:-1"},"canonical":"https:\/\/www.pogotowieflagowe.pl\/aktualne\/patrioci-ktorzy-kochali-polske-ci-ktorych-pozegnalismy-w-2025-roku\/","og_locale":"pl_PL","og_type":"article","og_title":"Patrioci, kt\u00f3rzy kochali Polsk\u0119. Ci, kt\u00f3rych po\u017cegnali\u015bmy w 2025 roku - POGOTOWIE FLAGOWE\u00ae","og_description":"W dniu Wszystkich \u015awi\u0119tych wspominamy tych, kt\u00f3rzy odeszli, ale pozostaj\u0105 \u017cywi w naszej pami\u0119ci i sercach. Dzi\u015b wspominamy cz\u0142onk\u00f3w Gazeta","og_url":"https:\/\/www.pogotowieflagowe.pl\/aktualne\/patrioci-ktorzy-kochali-polske-ci-ktorych-pozegnalismy-w-2025-roku\/","og_site_name":"POGOTOWIE FLAGOWE\u00ae","article_published_time":"2025-11-01T14:35:58+00:00","article_modified_time":"2025-11-01T14:35:59+00:00","og_image":[{"width":1280,"height":720,"url":"https:\/\/www.pogotowieflagowe.pl\/aktualne\/wp-content\/uploads\/2025\/11\/Patrioci-ktorzy-kochali-Polske-Ci-ktorych-pozegnalismy-w-2025-roku.webp.webp","type":"image\/webp"}],"author":"Filip","twitter_card":"summary_large_image","twitter_misc":{"Napisane przez":"Filip","Szacowany czas czytania":"3 minuty"},"schema":{"@context":"https:\/\/schema.org","@graph":[{"@type":"Article","@id":"https:\/\/www.pogotowieflagowe.pl\/aktualne\/patrioci-ktorzy-kochali-polske-ci-ktorych-pozegnalismy-w-2025-roku\/#article","isPartOf":{"@id":"https:\/\/www.pogotowieflagowe.pl\/aktualne\/patrioci-ktorzy-kochali-polske-ci-ktorych-pozegnalismy-w-2025-roku\/"},"author":{"name":"Filip","@id":"https:\/\/www.pogotowieflagowe.pl\/aktualne\/#\/schema\/person\/9c2fb7d2362ebf6fa088960d7f0d27b0"},"headline":"Patrioci, kt\u00f3rzy kochali Polsk\u0119. Ci, kt\u00f3rych po\u017cegnali\u015bmy w 2025 roku","datePublished":"2025-11-01T14:35:58+00:00","dateModified":"2025-11-01T14:35:59+00:00","mainEntityOfPage":{"@id":"https:\/\/www.pogotowieflagowe.pl\/aktualne\/patrioci-ktorzy-kochali-polske-ci-ktorych-pozegnalismy-w-2025-roku\/"},"wordCount":624,"commentCount":0,"publisher":{"@id":"https:\/\/www.pogotowieflagowe.pl\/aktualne\/#organization"},"image":{"@id":"https:\/\/www.pogotowieflagowe.pl\/aktualne\/patrioci-ktorzy-kochali-polske-ci-ktorych-pozegnalismy-w-2025-roku\/#primaryimage"},"thumbnailUrl":"https:\/\/www.pogotowieflagowe.pl\/aktualne\/wp-content\/uploads\/2025\/11\/Patrioci-ktorzy-kochali-Polske-Ci-ktorych-pozegnalismy-w-2025-roku.webp.webp","keywords":["kochali","kt\u00f3rych","kt\u00f3rzy","Patrioci","Polsk\u0119","po\u017cegnali\u015bmy","roku"],"articleSection":["Aktualne"],"inLanguage":"pl-PL","potentialAction":[{"@type":"CommentAction","name":"Comment","target":["https:\/\/www.pogotowieflagowe.pl\/aktualne\/patrioci-ktorzy-kochali-polske-ci-ktorych-pozegnalismy-w-2025-roku\/#respond"]}]},{"@type":"WebPage","@id":"https:\/\/www.pogotowieflagowe.pl\/aktualne\/patrioci-ktorzy-kochali-polske-ci-ktorych-pozegnalismy-w-2025-roku\/","url":"https:\/\/www.pogotowieflagowe.pl\/aktualne\/patrioci-ktorzy-kochali-polske-ci-ktorych-pozegnalismy-w-2025-roku\/","name":"Patrioci, kt\u00f3rzy kochali Polsk\u0119. Ci, kt\u00f3rych po\u017cegnali\u015bmy w 2025 roku - POGOTOWIE FLAGOWE\u00ae","isPartOf":{"@id":"https:\/\/www.pogotowieflagowe.pl\/aktualne\/#website"},"primaryImageOfPage":{"@id":"https:\/\/www.pogotowieflagowe.pl\/aktualne\/patrioci-ktorzy-kochali-polske-ci-ktorych-pozegnalismy-w-2025-roku\/#primaryimage"},"image":{"@id":"https:\/\/www.pogotowieflagowe.pl\/aktualne\/patrioci-ktorzy-kochali-polske-ci-ktorych-pozegnalismy-w-2025-roku\/#primaryimage"},"thumbnailUrl":"https:\/\/www.pogotowieflagowe.pl\/aktualne\/wp-content\/uploads\/2025\/11\/Patrioci-ktorzy-kochali-Polske-Ci-ktorych-pozegnalismy-w-2025-roku.webp.webp","datePublished":"2025-11-01T14:35:58+00:00","dateModified":"2025-11-01T14:35:59+00:00","breadcrumb":{"@id":"https:\/\/www.pogotowieflagowe.pl\/aktualne\/patrioci-ktorzy-kochali-polske-ci-ktorych-pozegnalismy-w-2025-roku\/#breadcrumb"},"inLanguage":"pl-PL","potentialAction":[{"@type":"ReadAction","target":["https:\/\/www.pogotowieflagowe.pl\/aktualne\/patrioci-ktorzy-kochali-polske-ci-ktorych-pozegnalismy-w-2025-roku\/"]}]},{"@type":"ImageObject","inLanguage":"pl-PL","@id":"https:\/\/www.pogotowieflagowe.pl\/aktualne\/patrioci-ktorzy-kochali-polske-ci-ktorych-pozegnalismy-w-2025-roku\/#primaryimage","url":"https:\/\/www.pogotowieflagowe.pl\/aktualne\/wp-content\/uploads\/2025\/11\/Patrioci-ktorzy-kochali-Polske-Ci-ktorych-pozegnalismy-w-2025-roku.webp.webp","contentUrl":"https:\/\/www.pogotowieflagowe.pl\/aktualne\/wp-content\/uploads\/2025\/11\/Patrioci-ktorzy-kochali-Polske-Ci-ktorych-pozegnalismy-w-2025-roku.webp.webp","width":1280,"height":720,"caption":"Patrioci, kt\u00f3rzy kochali Polsk\u0119. Ci, kt\u00f3rych po\u017cegnali\u015bmy w 2025 roku"},{"@type":"BreadcrumbList","@id":"https:\/\/www.pogotowieflagowe.pl\/aktualne\/patrioci-ktorzy-kochali-polske-ci-ktorych-pozegnalismy-w-2025-roku\/#breadcrumb","itemListElement":[{"@type":"ListItem","position":1,"name":"Home","item":"https:\/\/www.pogotowieflagowe.pl\/aktualne\/"},{"@type":"ListItem","position":2,"name":"Patrioci, kt\u00f3rzy kochali Polsk\u0119. Ci, kt\u00f3rych po\u017cegnali\u015bmy w 2025 roku"}]},{"@type":"WebSite","@id":"https:\/\/www.pogotowieflagowe.pl\/aktualne\/#website","url":"https:\/\/www.pogotowieflagowe.pl\/aktualne\/","name":"POGOTOWIE FLAGOWE\u00ae","description":"","publisher":{"@id":"https:\/\/www.pogotowieflagowe.pl\/aktualne\/#organization"},"potentialAction":[{"@type":"SearchAction","target":{"@type":"EntryPoint","urlTemplate":"https:\/\/www.pogotowieflagowe.pl\/aktualne\/?s={search_term_string}"},"query-input":"required name=search_term_string"}],"inLanguage":"pl-PL"},{"@type":"Organization","@id":"https:\/\/www.pogotowieflagowe.pl\/aktualne\/#organization","name":"POGOTOWIE FLAGOWE\u00ae","url":"https:\/\/www.pogotowieflagowe.pl\/aktualne\/","logo":{"@type":"ImageObject","inLanguage":"pl-PL","@id":"https:\/\/www.pogotowieflagowe.pl\/aktualne\/#\/schema\/logo\/image\/","url":"https:\/\/www.pogotowieflagowe.pl\/aktualne\/wp-content\/uploads\/2024\/08\/cropped-pogotowieflagowe_flaga_projekt_sm.jpg","contentUrl":"https:\/\/www.pogotowieflagowe.pl\/aktualne\/wp-content\/uploads\/2024\/08\/cropped-pogotowieflagowe_flaga_projekt_sm.jpg","width":250,"height":143,"caption":"POGOTOWIE FLAGOWE\u00ae"},"image":{"@id":"https:\/\/www.pogotowieflagowe.pl\/aktualne\/#\/schema\/logo\/image\/"}},{"@type":"Person","@id":"https:\/\/www.pogotowieflagowe.pl\/aktualne\/#\/schema\/person\/9c2fb7d2362ebf6fa088960d7f0d27b0","name":"Filip","image":{"@type":"ImageObject","inLanguage":"pl-PL","@id":"https:\/\/www.pogotowieflagowe.pl\/aktualne\/#\/schema\/person\/image\/","url":"https:\/\/www.pogotowieflagowe.pl\/aktualne\/wp-content\/uploads\/2024\/08\/pogotowieflagowe.pl_.jpg","contentUrl":"https:\/\/www.pogotowieflagowe.pl\/aktualne\/wp-content\/uploads\/2024\/08\/pogotowieflagowe.pl_.jpg","caption":"Filip"},"description":"Jestem Filip, polski dziennikarz z dyplomem nauk politycznych Uniwersytetu Warszawskiego. Rozpoczynaj\u0105c swoj\u0105 karier\u0119 w r\u00f3\u017cnych lokalnych mediach, zdoby\u0142em solidne do\u015bwiadczenie w zakresie \u015bledztwa i redakcji. Obecnie jako redaktor w Pogotowie flagowe, staram si\u0119 dostarcza\u0107 dog\u0142\u0119bne i istotne analizy na temat najwa\u017cniejszych kwestii aktualno\u015bci, \u0142\u0105cz\u0105c rygor z pasj\u0105 dziennikarsk\u0105.","sameAs":["https:\/\/www.pogotowieflagowe.pl\/"]}]}},"_links":{"self":[{"href":"https:\/\/www.pogotowieflagowe.pl\/aktualne\/wp-json\/wp\/v2\/posts\/10034","targetHints":{"allow":["GET"]}}],"collection":[{"href":"https:\/\/www.pogotowieflagowe.pl\/aktualne\/wp-json\/wp\/v2\/posts"}],"about":[{"href":"https:\/\/www.pogotowieflagowe.pl\/aktualne\/wp-json\/wp\/v2\/types\/post"}],"author":[{"embeddable":true,"href":"https:\/\/www.pogotowieflagowe.pl\/aktualne\/wp-json\/wp\/v2\/users\/1"}],"replies":[{"embeddable":true,"href":"https:\/\/www.pogotowieflagowe.pl\/aktualne\/wp-json\/wp\/v2\/comments?post=10034"}],"version-history":[{"count":1,"href":"https:\/\/www.pogotowieflagowe.pl\/aktualne\/wp-json\/wp\/v2\/posts\/10034\/revisions"}],"predecessor-version":[{"id":10036,"href":"https:\/\/www.pogotowieflagowe.pl\/aktualne\/wp-json\/wp\/v2\/posts\/10034\/revisions\/10036"}],"wp:featuredmedia":[{"embeddable":true,"href":"https:\/\/www.pogotowieflagowe.pl\/aktualne\/wp-json\/wp\/v2\/media\/10035"}],"wp:attachment":[{"href":"https:\/\/www.pogotowieflagowe.pl\/aktualne\/wp-json\/wp\/v2\/media?parent=10034"}],"wp:term":[{"taxonomy":"category","embeddable":true,"href":"https:\/\/www.pogotowieflagowe.pl\/aktualne\/wp-json\/wp\/v2\/categories?post=10034"},{"taxonomy":"post_tag","embeddable":true,"href":"https:\/\/www.pogotowieflagowe.pl\/aktualne\/wp-json\/wp\/v2\/tags?post=10034"}],"curies":[{"name":"wp","href":"https:\/\/api.w.org\/{rel}","templated":true}]}}