{"id":10043,"date":"2025-11-01T17:08:50","date_gmt":"2025-11-01T16:08:50","guid":{"rendered":"https:\/\/www.pogotowieflagowe.pl\/aktualne\/biskup-ostrowski-istota-wszystkich-swietych-i-zadusznych-jest-wiara-w-zycie-wieczne\/"},"modified":"2025-11-01T17:08:53","modified_gmt":"2025-11-01T16:08:53","slug":"biskup-ostrowski-istota-wszystkich-swietych-i-zadusznych-jest-wiara-w-zycie-wieczne","status":"publish","type":"post","link":"https:\/\/www.pogotowieflagowe.pl\/aktualne\/biskup-ostrowski-istota-wszystkich-swietych-i-zadusznych-jest-wiara-w-zycie-wieczne\/","title":{"rendered":"Biskup Ostrowski: Istot\u0105 Wszystkich \u015awi\u0119tych i Zadusznych jest wiara w \u017cycie wieczne"},"content":{"rendered":"\n<div class=\"td_block_wrap tdb_single_content tdi_41 td-pb-border-top td_block_template_8 td-post-content tagdiv-type\" data-td-block-uid=\"tdi_41\">\n<style>.tdi_41{margines-top:0px!important;margin-bottom:0px!important;dope\u0142nienie-g\u00f3ra:0px!important;dope\u0142nienie-d\u00f3\u0142:0px!important}<\/style>\n<style>.tdb_single_content{margin-bottom:0;*zoom:1}.tdb_single_content:before,.tdb_single_content:after{display:table;content:'';line-height:0}.tdb_single_content:after{clear:both}.tdb_single_content .tdb-block-inner>*:not(.wp-block-quote):not(.alignwide):not(.alignfull.wp-block-cover.has-parallax):not(.td-a-ad){margin-left:auto;margin-right:auto}.tdb_single_content a{pointer-events:auto}.tdb_single_content .td-spot-id-top_ad .tdc-placeholder-title:before{content:'Najlepsza reklama artyku\u0142u'!important}.tdb_single_content .td-spot-id-inline_ad0 .tdc-placeholder-title:before{content:'Reklama wbudowana artyku\u0142u 1'!important}.tdb_single_content .td-spot-id-inline_ad1 .tdc-placeholder-title:before{content:'Wbudowana reklama w artykule 2'!important}.tdb_single_content .td-spot-id-inline_ad2 .tdc-placeholder-title:before{content:'Wbudowana reklama w artykule 3'!important}.tdb_single_content .td-spot-id-bottom_ad .tdc-placeholder-title:before{content:'Article Bottom Ad'!important}.tdb_single_content .id_top_ad,.tdb_single_content .id_bottom_ad{clear:both;margin-bottom:21px;text-align:center}.tdb_single_content .id_top_ad img,.tdb_single_content .id_bottom_ad img{margin-bottom:0}.tdb_single_content .id_top_ad .adsbygoogle,.tdb_single_content .id_bottom_ad .adsbygoogle{position:relative}.tdb_single_content .id_ad_content-horiz-left,.tdb_single_content .id_ad_content-horiz-right,.tdb_single_content .id_ad_content-horiz-center{margin-bottom:15px}.tdb_single_content .id_ad_content-horiz-left img,.tdb_single_content .id_ad_content-horiz-right img,.tdb_single_content .id_ad_content-horiz-center img{margin-bottom:0}.tdb_single_content .id_ad_content-horiz-center{text-align:center}.tdb_single_content .id_ad_content-horiz-center img{margin-right:auto;margin-left:auto}.tdb_single_content .id_ad_content-horiz-left{float:left;margin-top:9px;margin-right:21px}.tdb_single_content .id_ad_content-horiz-right{float:right;margin-top:6px;margin-left:21px}.tdb_single_content .tdc-a-ad .tdc-placeholder-title{width:300px;height:250px}.tdb_single_content .tdc-a-ad .tdc-placeholder-title:before{position:absolute;top:50%;-webkit-transform:translateY(-50%);transform:translateY(-50%);margin:auto;display:table;width:100%}.tdb_single_content .tdb-block-inner.td-fix-index{word-break:break-word}.tdi_41,.tdi_41>p,.tdi_41 .tdb-block-inner>p,.wp-block-column>p{font-size:16px!important;line-height:1.6!important}.tdi_41 .tdb-block-inner blockquote p{font-style:normal!important}@media (max-width:767px){.tdb_single_content .id_ad_content-horiz-left,.tdb_single_content .id_ad_content-horiz-right,.tdb_single_content .id_ad_content-horiz-center{margin:0 auto 26 pikseli auto}}@media (max-width:767px){.tdb_single_content .id_ad_content-horiz-left{margin-right:0}}@media (max-width:767px){.tdb_single_content .id_ad_content-horiz-right{margin-left:0}}@media (max-width:767px){.tdb_single_content .td-a-ad{float:none;text-align:center}.tdb_single_content .td-a-ad img{margin-right:auto;margin-left:auto}.tdb_single_content .tdc-a-ad{float:none}}<\/style>\n<div class=\"tdb-block-inner td-fix-index\">\n<p>Istot\u0105 obchodzenia uroczysto\u015bci Wszystkich \u015awi\u0119tych i Zadusznych w Ko\u015bciele katolickim jest wiara w \u017cycie wieczne, kt\u00f3r\u0105 wyznajemy w Ko\u015bciele katolickim. <em>Kredo<\/em>\u2013 powiedzia\u0142 w rozmowie z PAP biskup Janusz Ostrowski.<\/p>\n<p>W Ko\u015bciele katolickim 1 listopada przypada uroczysto\u015b\u0107 Wszystkich \u015awi\u0119tych \u2013 czyli wszystkich, kt\u00f3rzy weszli ju\u017c do chwa\u0142y nieba i s\u0105 na wieczno\u015b\u0107 z Bogiem, wskazuj\u0105c drog\u0119 do \u015bwi\u0119to\u015bci tym, kt\u00f3rzy \u017cyj\u0105 jeszcze w \u015bwiecie doczesnym. Tymczasem 2 listopada, w Dzie\u0144 Zaduszny, wspominamy i modlimy si\u0119 za zmar\u0142ych, kt\u00f3rzy w czy\u015b\u0107cu doznaj\u0105 pokuty i oczyszczenia z grzech\u00f3w. W polskiej tradycji s\u0105 to dni refleksji, modlitwy i odwiedzania grob\u00f3w bliskich.<\/p>\n<figure class=\"wp-block-pullquote\">\n<blockquote>\n<p>&#8222;Id\u0105c na cmentarz, warto zada\u0107 sobie pytanie: po co to robi\u0119? Czy chc\u0119 po prostu pod\u0105\u017ca\u0107 za tradycj\u0105, spe\u0142ni\u0107 jaki\u015b obowi\u0105zek spo\u0142eczny lub narodowy, spotka\u0107 si\u0119 z rodzin\u0105, powspomina\u0107 tych, kt\u00f3rzy odeszli z tego \u015bwiata \u2013 czy naprawd\u0119 im pom\u00f3c? Kwiaty i znicze, cho\u0107 same w sobie s\u0105 pi\u0119knymi symbolami, bez modlitwy jako wyrazu mi\u0142o\u015bci nie pomog\u0105 naszym bliskim, kt\u00f3rzy odeszli\u201d \u2013 powiedzia\u0142 PAP biskup Ostrowski, doktor prawa kanonicznego.<\/p>\n<\/blockquote>\n<\/figure>\n<p>Przyzna\u0142, \u017ce \u201eodwiedzanie cmentarzy to tak\u017ce kwestia tego, czy wierzymy w \u017cycie wieczne, czy te\u017c uwa\u017camy, \u017ce wszystko ko\u0144czy si\u0119 w chwili \u015bmierci\u201d.<\/p>\n<figure class=\"wp-block-pullquote\">\n<blockquote>\n<p>&#8222;Istot\u0105 obchodzenia uroczysto\u015bci Wszystkich \u015awi\u0119tych i Zadusznych w Ko\u015bciele katolickim jest wiara w \u017cycie wieczne, w zmartwychwstanie. Jest to jedna z podstawowych prawd wiary chrze\u015bcija\u0144skiej, kt\u00f3r\u0105 wyznajemy w Ko\u015bciele katolickim. <em>Kredo<\/em>\u2013 powiedzia\u0142 biskup.<\/p>\n<\/blockquote>\n<\/figure>\n<p>Wyja\u015bni\u0142, \u017ce \u201e\u015bmier\u0107 w \u015bwietle Objawienia Bo\u017cego nie jest unicestwieniem ludzkiej egzystencji, ale zako\u0144czeniem pewnego etapu \u017cycia\u201d. Podkre\u015bli\u0142, \u017ce \u201edla chrze\u015bcijan Zmartwychwstanie Chrystusa jest najwa\u017cniejszym i ostatecznym dowodem \u017cycia wiecznego\u201d.<\/p>\n<figure class=\"wp-block-pullquote\">\n<blockquote>\n<p>\u201eSkoro czytamy w Biblii, \u017ce cz\u0142owiek zosta\u0142 stworzony na obraz i podobie\u0144stwo Bo\u017ce, obdarzony rozumem i woln\u0105 wol\u0105, a Stw\u00f3rca jest wieczny, dlatego te\u017c osoba ludzka jest powo\u0142ana do nie\u015bmiertelno\u015bci. Je\u017celi cz\u0142owiek tego nie odkryje, wszystko, co wi\u0105\u017ce si\u0119 ze \u015bmierci\u0105, pozostanie dla niego niezrozumia\u0142e\u201d \u2013 stwierdzi\u0142 duchowny.<\/p>\n<\/blockquote>\n<\/figure>\n<\/div>\n<\/div>\n","protected":false},"excerpt":{"rendered":"<p>Istot\u0105 obchodzenia uroczysto\u015bci Wszystkich \u015awi\u0119tych i Zadusznych w Ko\u015bciele katolickim jest wiara w \u017cycie wieczne, kt\u00f3r\u0105 wyznajemy w Ko\u015bciele katolickim.<\/p>\n","protected":false},"author":1,"featured_media":10044,"comment_status":"open","ping_status":"open","sticky":false,"template":"","format":"standard","meta":{"footnotes":""},"categories":[4748],"tags":[7137,3766,111,11542,2650,11544,11545,2649,11543,1785],"class_list":["post-10043","post","type-post","status-publish","format-standard","has-post-thumbnail","hentry","category-aktualne","tag-biskup","tag-istota","tag-jest","tag-ostrowski","tag-swietych","tag-wiara","tag-wieczne","tag-wszystkich","tag-zadusznych","tag-zycie","generate-columns","tablet-grid-50","mobile-grid-100","grid-parent","grid-50","resize-featured-image"],"yoast_head":"<!-- This site is optimized with the Yoast SEO plugin v23.2 - https:\/\/yoast.com\/wordpress\/plugins\/seo\/ -->\n<title>Biskup Ostrowski: Istot\u0105 Wszystkich \u015awi\u0119tych i Zadusznych jest wiara w \u017cycie wieczne - POGOTOWIE FLAGOWE\u00ae<\/title>\n<meta name=\"robots\" content=\"index, follow, max-snippet:-1, max-image-preview:large, max-video-preview:-1\" \/>\n<link rel=\"canonical\" href=\"https:\/\/www.pogotowieflagowe.pl\/aktualne\/biskup-ostrowski-istota-wszystkich-swietych-i-zadusznych-jest-wiara-w-zycie-wieczne\/\" \/>\n<meta property=\"og:locale\" content=\"pl_PL\" \/>\n<meta property=\"og:type\" content=\"article\" \/>\n<meta property=\"og:title\" content=\"Biskup Ostrowski: Istot\u0105 Wszystkich \u015awi\u0119tych i Zadusznych jest wiara w \u017cycie wieczne - POGOTOWIE FLAGOWE\u00ae\" \/>\n<meta property=\"og:description\" content=\"Istot\u0105 obchodzenia uroczysto\u015bci Wszystkich \u015awi\u0119tych i Zadusznych w Ko\u015bciele katolickim jest wiara w \u017cycie wieczne, kt\u00f3r\u0105 wyznajemy w Ko\u015bciele katolickim.\" \/>\n<meta property=\"og:url\" content=\"https:\/\/www.pogotowieflagowe.pl\/aktualne\/biskup-ostrowski-istota-wszystkich-swietych-i-zadusznych-jest-wiara-w-zycie-wieczne\/\" \/>\n<meta property=\"og:site_name\" content=\"POGOTOWIE FLAGOWE\u00ae\" \/>\n<meta property=\"article:published_time\" content=\"2025-11-01T16:08:50+00:00\" \/>\n<meta property=\"article:modified_time\" content=\"2025-11-01T16:08:53+00:00\" \/>\n<meta property=\"og:image\" content=\"https:\/\/www.pogotowieflagowe.pl\/aktualne\/wp-content\/uploads\/2025\/11\/Biskup-Ostrowski-Istota-Wszystkich-Swietych-i-Zadusznych-jest-wiara-w.jpeg\" \/>\n\t<meta property=\"og:image:width\" content=\"1920\" \/>\n\t<meta property=\"og:image:height\" content=\"1132\" \/>\n\t<meta property=\"og:image:type\" content=\"image\/jpeg\" \/>\n<meta name=\"author\" content=\"Filip\" \/>\n<meta name=\"twitter:card\" content=\"summary_large_image\" \/>\n<meta name=\"twitter:label1\" content=\"Napisane przez\" \/>\n\t<meta name=\"twitter:data1\" content=\"Filip\" \/>\n\t<meta name=\"twitter:label2\" content=\"Szacowany czas czytania\" \/>\n\t<meta name=\"twitter:data2\" content=\"2 minuty\" \/>\n<script type=\"application\/ld+json\" class=\"yoast-schema-graph\">{\"@context\":\"https:\/\/schema.org\",\"@graph\":[{\"@type\":\"Article\",\"@id\":\"https:\/\/www.pogotowieflagowe.pl\/aktualne\/biskup-ostrowski-istota-wszystkich-swietych-i-zadusznych-jest-wiara-w-zycie-wieczne\/#article\",\"isPartOf\":{\"@id\":\"https:\/\/www.pogotowieflagowe.pl\/aktualne\/biskup-ostrowski-istota-wszystkich-swietych-i-zadusznych-jest-wiara-w-zycie-wieczne\/\"},\"author\":{\"name\":\"Filip\",\"@id\":\"https:\/\/www.pogotowieflagowe.pl\/aktualne\/#\/schema\/person\/9c2fb7d2362ebf6fa088960d7f0d27b0\"},\"headline\":\"Biskup Ostrowski: Istot\u0105 Wszystkich \u015awi\u0119tych i Zadusznych jest wiara w \u017cycie wieczne\",\"datePublished\":\"2025-11-01T16:08:50+00:00\",\"dateModified\":\"2025-11-01T16:08:53+00:00\",\"mainEntityOfPage\":{\"@id\":\"https:\/\/www.pogotowieflagowe.pl\/aktualne\/biskup-ostrowski-istota-wszystkich-swietych-i-zadusznych-jest-wiara-w-zycie-wieczne\/\"},\"wordCount\":363,\"commentCount\":0,\"publisher\":{\"@id\":\"https:\/\/www.pogotowieflagowe.pl\/aktualne\/#organization\"},\"image\":{\"@id\":\"https:\/\/www.pogotowieflagowe.pl\/aktualne\/biskup-ostrowski-istota-wszystkich-swietych-i-zadusznych-jest-wiara-w-zycie-wieczne\/#primaryimage\"},\"thumbnailUrl\":\"https:\/\/www.pogotowieflagowe.pl\/aktualne\/wp-content\/uploads\/2025\/11\/Biskup-Ostrowski-Istota-Wszystkich-Swietych-i-Zadusznych-jest-wiara-w.jpeg\",\"keywords\":[\"Biskup\",\"istota\",\"jest\",\"Ostrowski\",\"\u015awi\u0119tych\",\"wiara\",\"wieczne\",\"Wszystkich\",\"Zadusznych\",\"\u017cycie\"],\"articleSection\":[\"Aktualne\"],\"inLanguage\":\"pl-PL\",\"potentialAction\":[{\"@type\":\"CommentAction\",\"name\":\"Comment\",\"target\":[\"https:\/\/www.pogotowieflagowe.pl\/aktualne\/biskup-ostrowski-istota-wszystkich-swietych-i-zadusznych-jest-wiara-w-zycie-wieczne\/#respond\"]}]},{\"@type\":\"WebPage\",\"@id\":\"https:\/\/www.pogotowieflagowe.pl\/aktualne\/biskup-ostrowski-istota-wszystkich-swietych-i-zadusznych-jest-wiara-w-zycie-wieczne\/\",\"url\":\"https:\/\/www.pogotowieflagowe.pl\/aktualne\/biskup-ostrowski-istota-wszystkich-swietych-i-zadusznych-jest-wiara-w-zycie-wieczne\/\",\"name\":\"Biskup Ostrowski: Istot\u0105 Wszystkich \u015awi\u0119tych i Zadusznych jest wiara w \u017cycie wieczne - POGOTOWIE FLAGOWE\u00ae\",\"isPartOf\":{\"@id\":\"https:\/\/www.pogotowieflagowe.pl\/aktualne\/#website\"},\"primaryImageOfPage\":{\"@id\":\"https:\/\/www.pogotowieflagowe.pl\/aktualne\/biskup-ostrowski-istota-wszystkich-swietych-i-zadusznych-jest-wiara-w-zycie-wieczne\/#primaryimage\"},\"image\":{\"@id\":\"https:\/\/www.pogotowieflagowe.pl\/aktualne\/biskup-ostrowski-istota-wszystkich-swietych-i-zadusznych-jest-wiara-w-zycie-wieczne\/#primaryimage\"},\"thumbnailUrl\":\"https:\/\/www.pogotowieflagowe.pl\/aktualne\/wp-content\/uploads\/2025\/11\/Biskup-Ostrowski-Istota-Wszystkich-Swietych-i-Zadusznych-jest-wiara-w.jpeg\",\"datePublished\":\"2025-11-01T16:08:50+00:00\",\"dateModified\":\"2025-11-01T16:08:53+00:00\",\"breadcrumb\":{\"@id\":\"https:\/\/www.pogotowieflagowe.pl\/aktualne\/biskup-ostrowski-istota-wszystkich-swietych-i-zadusznych-jest-wiara-w-zycie-wieczne\/#breadcrumb\"},\"inLanguage\":\"pl-PL\",\"potentialAction\":[{\"@type\":\"ReadAction\",\"target\":[\"https:\/\/www.pogotowieflagowe.pl\/aktualne\/biskup-ostrowski-istota-wszystkich-swietych-i-zadusznych-jest-wiara-w-zycie-wieczne\/\"]}]},{\"@type\":\"ImageObject\",\"inLanguage\":\"pl-PL\",\"@id\":\"https:\/\/www.pogotowieflagowe.pl\/aktualne\/biskup-ostrowski-istota-wszystkich-swietych-i-zadusznych-jest-wiara-w-zycie-wieczne\/#primaryimage\",\"url\":\"https:\/\/www.pogotowieflagowe.pl\/aktualne\/wp-content\/uploads\/2025\/11\/Biskup-Ostrowski-Istota-Wszystkich-Swietych-i-Zadusznych-jest-wiara-w.jpeg\",\"contentUrl\":\"https:\/\/www.pogotowieflagowe.pl\/aktualne\/wp-content\/uploads\/2025\/11\/Biskup-Ostrowski-Istota-Wszystkich-Swietych-i-Zadusznych-jest-wiara-w.jpeg\",\"width\":1920,\"height\":1132,\"caption\":\"Biskup Ostrowski: Istot\u0105 Wszystkich \u015awi\u0119tych i Zadusznych jest wiara w \u017cycie wieczne\"},{\"@type\":\"BreadcrumbList\",\"@id\":\"https:\/\/www.pogotowieflagowe.pl\/aktualne\/biskup-ostrowski-istota-wszystkich-swietych-i-zadusznych-jest-wiara-w-zycie-wieczne\/#breadcrumb\",\"itemListElement\":[{\"@type\":\"ListItem\",\"position\":1,\"name\":\"Home\",\"item\":\"https:\/\/www.pogotowieflagowe.pl\/aktualne\/\"},{\"@type\":\"ListItem\",\"position\":2,\"name\":\"Biskup Ostrowski: Istot\u0105 Wszystkich \u015awi\u0119tych i Zadusznych jest wiara w \u017cycie wieczne\"}]},{\"@type\":\"WebSite\",\"@id\":\"https:\/\/www.pogotowieflagowe.pl\/aktualne\/#website\",\"url\":\"https:\/\/www.pogotowieflagowe.pl\/aktualne\/\",\"name\":\"POGOTOWIE FLAGOWE\u00ae\",\"description\":\"\",\"publisher\":{\"@id\":\"https:\/\/www.pogotowieflagowe.pl\/aktualne\/#organization\"},\"potentialAction\":[{\"@type\":\"SearchAction\",\"target\":{\"@type\":\"EntryPoint\",\"urlTemplate\":\"https:\/\/www.pogotowieflagowe.pl\/aktualne\/?s={search_term_string}\"},\"query-input\":\"required name=search_term_string\"}],\"inLanguage\":\"pl-PL\"},{\"@type\":\"Organization\",\"@id\":\"https:\/\/www.pogotowieflagowe.pl\/aktualne\/#organization\",\"name\":\"POGOTOWIE FLAGOWE\u00ae\",\"url\":\"https:\/\/www.pogotowieflagowe.pl\/aktualne\/\",\"logo\":{\"@type\":\"ImageObject\",\"inLanguage\":\"pl-PL\",\"@id\":\"https:\/\/www.pogotowieflagowe.pl\/aktualne\/#\/schema\/logo\/image\/\",\"url\":\"https:\/\/www.pogotowieflagowe.pl\/aktualne\/wp-content\/uploads\/2024\/08\/cropped-pogotowieflagowe_flaga_projekt_sm.jpg\",\"contentUrl\":\"https:\/\/www.pogotowieflagowe.pl\/aktualne\/wp-content\/uploads\/2024\/08\/cropped-pogotowieflagowe_flaga_projekt_sm.jpg\",\"width\":250,\"height\":143,\"caption\":\"POGOTOWIE FLAGOWE\u00ae\"},\"image\":{\"@id\":\"https:\/\/www.pogotowieflagowe.pl\/aktualne\/#\/schema\/logo\/image\/\"}},{\"@type\":\"Person\",\"@id\":\"https:\/\/www.pogotowieflagowe.pl\/aktualne\/#\/schema\/person\/9c2fb7d2362ebf6fa088960d7f0d27b0\",\"name\":\"Filip\",\"image\":{\"@type\":\"ImageObject\",\"inLanguage\":\"pl-PL\",\"@id\":\"https:\/\/www.pogotowieflagowe.pl\/aktualne\/#\/schema\/person\/image\/\",\"url\":\"https:\/\/www.pogotowieflagowe.pl\/aktualne\/wp-content\/uploads\/2024\/08\/pogotowieflagowe.pl_.jpg\",\"contentUrl\":\"https:\/\/www.pogotowieflagowe.pl\/aktualne\/wp-content\/uploads\/2024\/08\/pogotowieflagowe.pl_.jpg\",\"caption\":\"Filip\"},\"description\":\"Jestem Filip, polski dziennikarz z dyplomem nauk politycznych Uniwersytetu Warszawskiego. Rozpoczynaj\u0105c swoj\u0105 karier\u0119 w r\u00f3\u017cnych lokalnych mediach, zdoby\u0142em solidne do\u015bwiadczenie w zakresie \u015bledztwa i redakcji. Obecnie jako redaktor w Pogotowie flagowe, staram si\u0119 dostarcza\u0107 dog\u0142\u0119bne i istotne analizy na temat najwa\u017cniejszych kwestii aktualno\u015bci, \u0142\u0105cz\u0105c rygor z pasj\u0105 dziennikarsk\u0105.\",\"sameAs\":[\"https:\/\/www.pogotowieflagowe.pl\/\"]}]}<\/script>\n<!-- \/ Yoast SEO plugin. -->","yoast_head_json":{"title":"Biskup Ostrowski: Istot\u0105 Wszystkich \u015awi\u0119tych i Zadusznych jest wiara w \u017cycie wieczne - POGOTOWIE FLAGOWE\u00ae","robots":{"index":"index","follow":"follow","max-snippet":"max-snippet:-1","max-image-preview":"max-image-preview:large","max-video-preview":"max-video-preview:-1"},"canonical":"https:\/\/www.pogotowieflagowe.pl\/aktualne\/biskup-ostrowski-istota-wszystkich-swietych-i-zadusznych-jest-wiara-w-zycie-wieczne\/","og_locale":"pl_PL","og_type":"article","og_title":"Biskup Ostrowski: Istot\u0105 Wszystkich \u015awi\u0119tych i Zadusznych jest wiara w \u017cycie wieczne - POGOTOWIE FLAGOWE\u00ae","og_description":"Istot\u0105 obchodzenia uroczysto\u015bci Wszystkich \u015awi\u0119tych i Zadusznych w Ko\u015bciele katolickim jest wiara w \u017cycie wieczne, kt\u00f3r\u0105 wyznajemy w Ko\u015bciele katolickim.","og_url":"https:\/\/www.pogotowieflagowe.pl\/aktualne\/biskup-ostrowski-istota-wszystkich-swietych-i-zadusznych-jest-wiara-w-zycie-wieczne\/","og_site_name":"POGOTOWIE FLAGOWE\u00ae","article_published_time":"2025-11-01T16:08:50+00:00","article_modified_time":"2025-11-01T16:08:53+00:00","og_image":[{"width":1920,"height":1132,"url":"https:\/\/www.pogotowieflagowe.pl\/aktualne\/wp-content\/uploads\/2025\/11\/Biskup-Ostrowski-Istota-Wszystkich-Swietych-i-Zadusznych-jest-wiara-w.jpeg","type":"image\/jpeg"}],"author":"Filip","twitter_card":"summary_large_image","twitter_misc":{"Napisane przez":"Filip","Szacowany czas czytania":"2 minuty"},"schema":{"@context":"https:\/\/schema.org","@graph":[{"@type":"Article","@id":"https:\/\/www.pogotowieflagowe.pl\/aktualne\/biskup-ostrowski-istota-wszystkich-swietych-i-zadusznych-jest-wiara-w-zycie-wieczne\/#article","isPartOf":{"@id":"https:\/\/www.pogotowieflagowe.pl\/aktualne\/biskup-ostrowski-istota-wszystkich-swietych-i-zadusznych-jest-wiara-w-zycie-wieczne\/"},"author":{"name":"Filip","@id":"https:\/\/www.pogotowieflagowe.pl\/aktualne\/#\/schema\/person\/9c2fb7d2362ebf6fa088960d7f0d27b0"},"headline":"Biskup Ostrowski: Istot\u0105 Wszystkich \u015awi\u0119tych i Zadusznych jest wiara w \u017cycie wieczne","datePublished":"2025-11-01T16:08:50+00:00","dateModified":"2025-11-01T16:08:53+00:00","mainEntityOfPage":{"@id":"https:\/\/www.pogotowieflagowe.pl\/aktualne\/biskup-ostrowski-istota-wszystkich-swietych-i-zadusznych-jest-wiara-w-zycie-wieczne\/"},"wordCount":363,"commentCount":0,"publisher":{"@id":"https:\/\/www.pogotowieflagowe.pl\/aktualne\/#organization"},"image":{"@id":"https:\/\/www.pogotowieflagowe.pl\/aktualne\/biskup-ostrowski-istota-wszystkich-swietych-i-zadusznych-jest-wiara-w-zycie-wieczne\/#primaryimage"},"thumbnailUrl":"https:\/\/www.pogotowieflagowe.pl\/aktualne\/wp-content\/uploads\/2025\/11\/Biskup-Ostrowski-Istota-Wszystkich-Swietych-i-Zadusznych-jest-wiara-w.jpeg","keywords":["Biskup","istota","jest","Ostrowski","\u015awi\u0119tych","wiara","wieczne","Wszystkich","Zadusznych","\u017cycie"],"articleSection":["Aktualne"],"inLanguage":"pl-PL","potentialAction":[{"@type":"CommentAction","name":"Comment","target":["https:\/\/www.pogotowieflagowe.pl\/aktualne\/biskup-ostrowski-istota-wszystkich-swietych-i-zadusznych-jest-wiara-w-zycie-wieczne\/#respond"]}]},{"@type":"WebPage","@id":"https:\/\/www.pogotowieflagowe.pl\/aktualne\/biskup-ostrowski-istota-wszystkich-swietych-i-zadusznych-jest-wiara-w-zycie-wieczne\/","url":"https:\/\/www.pogotowieflagowe.pl\/aktualne\/biskup-ostrowski-istota-wszystkich-swietych-i-zadusznych-jest-wiara-w-zycie-wieczne\/","name":"Biskup Ostrowski: Istot\u0105 Wszystkich \u015awi\u0119tych i Zadusznych jest wiara w \u017cycie wieczne - POGOTOWIE FLAGOWE\u00ae","isPartOf":{"@id":"https:\/\/www.pogotowieflagowe.pl\/aktualne\/#website"},"primaryImageOfPage":{"@id":"https:\/\/www.pogotowieflagowe.pl\/aktualne\/biskup-ostrowski-istota-wszystkich-swietych-i-zadusznych-jest-wiara-w-zycie-wieczne\/#primaryimage"},"image":{"@id":"https:\/\/www.pogotowieflagowe.pl\/aktualne\/biskup-ostrowski-istota-wszystkich-swietych-i-zadusznych-jest-wiara-w-zycie-wieczne\/#primaryimage"},"thumbnailUrl":"https:\/\/www.pogotowieflagowe.pl\/aktualne\/wp-content\/uploads\/2025\/11\/Biskup-Ostrowski-Istota-Wszystkich-Swietych-i-Zadusznych-jest-wiara-w.jpeg","datePublished":"2025-11-01T16:08:50+00:00","dateModified":"2025-11-01T16:08:53+00:00","breadcrumb":{"@id":"https:\/\/www.pogotowieflagowe.pl\/aktualne\/biskup-ostrowski-istota-wszystkich-swietych-i-zadusznych-jest-wiara-w-zycie-wieczne\/#breadcrumb"},"inLanguage":"pl-PL","potentialAction":[{"@type":"ReadAction","target":["https:\/\/www.pogotowieflagowe.pl\/aktualne\/biskup-ostrowski-istota-wszystkich-swietych-i-zadusznych-jest-wiara-w-zycie-wieczne\/"]}]},{"@type":"ImageObject","inLanguage":"pl-PL","@id":"https:\/\/www.pogotowieflagowe.pl\/aktualne\/biskup-ostrowski-istota-wszystkich-swietych-i-zadusznych-jest-wiara-w-zycie-wieczne\/#primaryimage","url":"https:\/\/www.pogotowieflagowe.pl\/aktualne\/wp-content\/uploads\/2025\/11\/Biskup-Ostrowski-Istota-Wszystkich-Swietych-i-Zadusznych-jest-wiara-w.jpeg","contentUrl":"https:\/\/www.pogotowieflagowe.pl\/aktualne\/wp-content\/uploads\/2025\/11\/Biskup-Ostrowski-Istota-Wszystkich-Swietych-i-Zadusznych-jest-wiara-w.jpeg","width":1920,"height":1132,"caption":"Biskup Ostrowski: Istot\u0105 Wszystkich \u015awi\u0119tych i Zadusznych jest wiara w \u017cycie wieczne"},{"@type":"BreadcrumbList","@id":"https:\/\/www.pogotowieflagowe.pl\/aktualne\/biskup-ostrowski-istota-wszystkich-swietych-i-zadusznych-jest-wiara-w-zycie-wieczne\/#breadcrumb","itemListElement":[{"@type":"ListItem","position":1,"name":"Home","item":"https:\/\/www.pogotowieflagowe.pl\/aktualne\/"},{"@type":"ListItem","position":2,"name":"Biskup Ostrowski: Istot\u0105 Wszystkich \u015awi\u0119tych i Zadusznych jest wiara w \u017cycie wieczne"}]},{"@type":"WebSite","@id":"https:\/\/www.pogotowieflagowe.pl\/aktualne\/#website","url":"https:\/\/www.pogotowieflagowe.pl\/aktualne\/","name":"POGOTOWIE FLAGOWE\u00ae","description":"","publisher":{"@id":"https:\/\/www.pogotowieflagowe.pl\/aktualne\/#organization"},"potentialAction":[{"@type":"SearchAction","target":{"@type":"EntryPoint","urlTemplate":"https:\/\/www.pogotowieflagowe.pl\/aktualne\/?s={search_term_string}"},"query-input":"required name=search_term_string"}],"inLanguage":"pl-PL"},{"@type":"Organization","@id":"https:\/\/www.pogotowieflagowe.pl\/aktualne\/#organization","name":"POGOTOWIE FLAGOWE\u00ae","url":"https:\/\/www.pogotowieflagowe.pl\/aktualne\/","logo":{"@type":"ImageObject","inLanguage":"pl-PL","@id":"https:\/\/www.pogotowieflagowe.pl\/aktualne\/#\/schema\/logo\/image\/","url":"https:\/\/www.pogotowieflagowe.pl\/aktualne\/wp-content\/uploads\/2024\/08\/cropped-pogotowieflagowe_flaga_projekt_sm.jpg","contentUrl":"https:\/\/www.pogotowieflagowe.pl\/aktualne\/wp-content\/uploads\/2024\/08\/cropped-pogotowieflagowe_flaga_projekt_sm.jpg","width":250,"height":143,"caption":"POGOTOWIE FLAGOWE\u00ae"},"image":{"@id":"https:\/\/www.pogotowieflagowe.pl\/aktualne\/#\/schema\/logo\/image\/"}},{"@type":"Person","@id":"https:\/\/www.pogotowieflagowe.pl\/aktualne\/#\/schema\/person\/9c2fb7d2362ebf6fa088960d7f0d27b0","name":"Filip","image":{"@type":"ImageObject","inLanguage":"pl-PL","@id":"https:\/\/www.pogotowieflagowe.pl\/aktualne\/#\/schema\/person\/image\/","url":"https:\/\/www.pogotowieflagowe.pl\/aktualne\/wp-content\/uploads\/2024\/08\/pogotowieflagowe.pl_.jpg","contentUrl":"https:\/\/www.pogotowieflagowe.pl\/aktualne\/wp-content\/uploads\/2024\/08\/pogotowieflagowe.pl_.jpg","caption":"Filip"},"description":"Jestem Filip, polski dziennikarz z dyplomem nauk politycznych Uniwersytetu Warszawskiego. Rozpoczynaj\u0105c swoj\u0105 karier\u0119 w r\u00f3\u017cnych lokalnych mediach, zdoby\u0142em solidne do\u015bwiadczenie w zakresie \u015bledztwa i redakcji. Obecnie jako redaktor w Pogotowie flagowe, staram si\u0119 dostarcza\u0107 dog\u0142\u0119bne i istotne analizy na temat najwa\u017cniejszych kwestii aktualno\u015bci, \u0142\u0105cz\u0105c rygor z pasj\u0105 dziennikarsk\u0105.","sameAs":["https:\/\/www.pogotowieflagowe.pl\/"]}]}},"_links":{"self":[{"href":"https:\/\/www.pogotowieflagowe.pl\/aktualne\/wp-json\/wp\/v2\/posts\/10043","targetHints":{"allow":["GET"]}}],"collection":[{"href":"https:\/\/www.pogotowieflagowe.pl\/aktualne\/wp-json\/wp\/v2\/posts"}],"about":[{"href":"https:\/\/www.pogotowieflagowe.pl\/aktualne\/wp-json\/wp\/v2\/types\/post"}],"author":[{"embeddable":true,"href":"https:\/\/www.pogotowieflagowe.pl\/aktualne\/wp-json\/wp\/v2\/users\/1"}],"replies":[{"embeddable":true,"href":"https:\/\/www.pogotowieflagowe.pl\/aktualne\/wp-json\/wp\/v2\/comments?post=10043"}],"version-history":[{"count":1,"href":"https:\/\/www.pogotowieflagowe.pl\/aktualne\/wp-json\/wp\/v2\/posts\/10043\/revisions"}],"predecessor-version":[{"id":10045,"href":"https:\/\/www.pogotowieflagowe.pl\/aktualne\/wp-json\/wp\/v2\/posts\/10043\/revisions\/10045"}],"wp:featuredmedia":[{"embeddable":true,"href":"https:\/\/www.pogotowieflagowe.pl\/aktualne\/wp-json\/wp\/v2\/media\/10044"}],"wp:attachment":[{"href":"https:\/\/www.pogotowieflagowe.pl\/aktualne\/wp-json\/wp\/v2\/media?parent=10043"}],"wp:term":[{"taxonomy":"category","embeddable":true,"href":"https:\/\/www.pogotowieflagowe.pl\/aktualne\/wp-json\/wp\/v2\/categories?post=10043"},{"taxonomy":"post_tag","embeddable":true,"href":"https:\/\/www.pogotowieflagowe.pl\/aktualne\/wp-json\/wp\/v2\/tags?post=10043"}],"curies":[{"name":"wp","href":"https:\/\/api.w.org\/{rel}","templated":true}]}}