{"id":10058,"date":"2025-11-01T22:52:20","date_gmt":"2025-11-01T21:52:20","guid":{"rendered":"https:\/\/www.pogotowieflagowe.pl\/aktualne\/polskie-zaduszki-komunia-swietych-jedna-z-ostatnich-lekcji-duchowych-dla-europy\/"},"modified":"2025-11-01T22:52:21","modified_gmt":"2025-11-01T21:52:21","slug":"polskie-zaduszki-komunia-swietych-jedna-z-ostatnich-lekcji-duchowych-dla-europy","status":"publish","type":"post","link":"https:\/\/www.pogotowieflagowe.pl\/aktualne\/polskie-zaduszki-komunia-swietych-jedna-z-ostatnich-lekcji-duchowych-dla-europy\/","title":{"rendered":"Polskie Zaduszki: Komunia \u015awi\u0119tych. \u201eJedna z ostatnich lekcji duchowych dla Europy\u201d"},"content":{"rendered":"\n<div class=\"td_block_wrap tdb_single_content tdi_41 td-pb-border-top td_block_template_8 td-post-content tagdiv-type\" data-td-block-uid=\"tdi_41\">\n<style>.tdi_41{margines-top:0px!important;margin-bottom:0px!important;dope\u0142nienie-g\u00f3ra:0px!important;dope\u0142nienie-d\u00f3\u0142:0px!important}<\/style>\n<style>.tdb_single_content{margin-bottom:0;*zoom:1}.tdb_single_content:before,.tdb_single_content:after{display:table;content:'';line-height:0}.tdb_single_content:after{clear:both}.tdb_single_content .tdb-block-inner>*:not(.wp-block-quote):not(.alignwide):not(.alignfull.wp-block-cover.has-parallax):not(.td-a-ad){margin-left:auto;margin-right:auto}.tdb_single_content a{pointer-events:auto}.tdb_single_content .td-spot-id-top_ad .tdc-placeholder-title:before{content:'Najlepsza reklama artyku\u0142u'!important}.tdb_single_content .td-spot-id-inline_ad0 .tdc-placeholder-title:before{content:'Reklama wbudowana artyku\u0142u 1'!important}.tdb_single_content .td-spot-id-inline_ad1 .tdc-placeholder-title:before{content:'Wbudowana reklama w artykule 2'!important}.tdb_single_content .td-spot-id-inline_ad2 .tdc-placeholder-title:before{content:'Wbudowana reklama w artykule 3'!important}.tdb_single_content .td-spot-id-bottom_ad .tdc-placeholder-title:before{content:'Article Bottom Ad'!important}.tdb_single_content .id_top_ad,.tdb_single_content .id_bottom_ad{clear:both;margin-bottom:21px;text-align:center}.tdb_single_content .id_top_ad img,.tdb_single_content .id_bottom_ad img{margin-bottom:0}.tdb_single_content .id_top_ad .adsbygoogle,.tdb_single_content .id_bottom_ad .adsbygoogle{position:relative}.tdb_single_content .id_ad_content-horiz-left,.tdb_single_content .id_ad_content-horiz-right,.tdb_single_content .id_ad_content-horiz-center{margin-bottom:15px}.tdb_single_content .id_ad_content-horiz-left img,.tdb_single_content .id_ad_content-horiz-right img,.tdb_single_content .id_ad_content-horiz-center img{margin-bottom:0}.tdb_single_content .id_ad_content-horiz-center{text-align:center}.tdb_single_content .id_ad_content-horiz-center img{margin-right:auto;margin-left:auto}.tdb_single_content .id_ad_content-horiz-left{float:left;margin-top:9px;margin-right:21px}.tdb_single_content .id_ad_content-horiz-right{float:right;margin-top:6px;margin-left:21px}.tdb_single_content .tdc-a-ad .tdc-placeholder-title{width:300px;height:250px}.tdb_single_content .tdc-a-ad .tdc-placeholder-title:before{position:absolute;top:50%;-webkit-transform:translateY(-50%);transform:translateY(-50%);margin:auto;display:table;width:100%}.tdb_single_content .tdb-block-inner.td-fix-index{word-break:break-word}.tdi_41,.tdi_41>p,.tdi_41 .tdb-block-inner>p,.wp-block-column>p{font-size:16px!important;line-height:1.6!important}.tdi_41 .tdb-block-inner blockquote p{font-style:normal!important}@media (max-width:767px){.tdb_single_content .id_ad_content-horiz-left,.tdb_single_content .id_ad_content-horiz-right,.tdb_single_content .id_ad_content-horiz-center{margin:0 auto 26 pikseli auto}}@media (max-width:767px){.tdb_single_content .id_ad_content-horiz-left{margin-right:0}}@media (max-width:767px){.tdb_single_content .id_ad_content-horiz-right{margin-left:0}}@media (max-width:767px){.tdb_single_content .td-a-ad{float:none;text-align:center}.tdb_single_content .td-a-ad img{margin-right:auto;margin-left:auto}.tdb_single_content .tdc-a-ad{float:none}}<\/style>\n<div class=\"tdb-block-inner td-fix-index\">\n<p>Dzie\u0144 Wszystkich \u015awi\u0119tych i Zaduszki wplecione s\u0105 w rytm naszego \u017cycia \u2013 g\u0142\u0119boko duchowego, wr\u0119cz mistycznego, a jednocze\u015bnie zwyczajnego i materialnego, jak zimny marmur nagrobny starannie czyszczony ludzkimi r\u0119kami w coraz ciemniejsze jesienne dni. W tych dniach liczy si\u0119 co\u015b innego \u2013 do\u015bwiadczenie wsp\u00f3lnotowe, narodowe: zbi\u00f3rki charytatywne na Starym Cmentarzu Pow\u0105zkowskim, nasze nekropolie w Wilnie i Lwowie roz\u015bwietlone blaskiem zniczy i zbiorow\u0105 pami\u0119ci\u0105; t\u0142umy na cmentarzach wiejskich i ma\u0142omiasteczkowych. Polskie cmentarze w listopadzie, roz\u015bwietlone setkami i tysi\u0105cami p\u0142omieni zniczy, to by\u0107 mo\u017ce jedna z ostatnich wsp\u00f3lnotowych, chrze\u015bcija\u0144skich, duchowych lekcji dla Europy.<\/p>\n<p>Jak przed wiekami g\u0142osi\u0142 dominikanin Jan Tauler w Dzie\u0144 Wszystkich \u015awi\u0119tych:<strong> \u201eJak dzisiaj obchodzimy dzie\u0144 czystych dusz, tak jutro b\u0119dziemy si\u0119 modli\u0107 za tych ska\u017conych grzechem, aby zostali oczyszczeni.<\/strong>To najkr\u00f3tszy i najja\u015bniejszy wyk\u0142ad katolickiego nauczania na temat obcowania \u015bwi\u0119tych \u2013 Ko\u015bcio\u0142a pielgrzymuj\u0105cego i wojuj\u0105cego, Ko\u015bcio\u0142a cierpi\u0105cego w czy\u015b\u0107cu za grzechy i Ko\u015bcio\u0142a zbawionych, triumfuj\u0105cego z Bogiem.<\/p>\n<h3 class=\"wp-block-heading\">Dzie\u0144 Wszystkich \u015awi\u0119tych \u2013 obietnica zmartwychwstania<\/h3>\n<p>Dzie\u0144 Wszystkich \u015awi\u0119tych i Zaduszki uzupe\u0142niaj\u0105 si\u0119. Nawet dzi\u015b, gdy wiara os\u0142ab\u0142a, Polacy intuicyjnie pojmuj\u0105 jedno\u015b\u0107 tych dni. Modlitwa za zmar\u0142ych, cho\u0107by kr\u00f3tka, jest oznak\u0105 niewygas\u0142ego duchowego przeczucia najistotniejszych prawd wiary \u2013 i naszych najintymniejszych t\u0119sknot egzystencjalnych.<\/p>\n<p>To do\u015bwiadczenie jest g\u0142\u0119boko chrze\u015bcija\u0144skie \u2013 nie bez powodu lutera\u0144ski pastor Dietrich Bonhoeffer napisa\u0142 w swoim tragicznym czasie: <strong>&#8222;Sokrates okaza\u0142 si\u0119 mistrzem w sztuce umierania. Chrystus zwyci\u0119\u017cy\u0142 \u015bmier\u0107 jako ostatni wr\u00f3g. Na tym polega prawdziwa r\u00f3\u017cnica mi\u0119dzy tymi dwiema sprawami. Pierwsza le\u017cy w granicach ludzkich mo\u017cliwo\u015bci, druga zak\u0142ada zmartwychwstanie. Aby wzmocni\u0107 i oczy\u015bci\u0107 dzisiejszy \u015bwiat, nie potrzebujemy <em>ars moriendi<\/em> (sztuka umierania \u2013 KW), ale zmartwychwstanie Jezusa\u201d<\/strong> (<em>Listy i dokumenty z wi\u0119zienia<\/em>). Zar\u00f3wno Dzie\u0144 Wszystkich \u015awi\u0119tych, jak i Dzie\u0144 Zaduszny czerpi\u0105 nadziej\u0119 z tej samej Bo\u017cej obietnicy, niewyobra\u017calnej dla naszego umys\u0142u, poza zasi\u0119giem naszych zmys\u0142\u00f3w: zmartwychwstania rodzaju ludzkiego.<\/p>\n<h3 class=\"wp-block-heading\">\u201eOjczyzn\u0105 jest ziemia i groby\u201d<\/h3>\n<p>Ale to nie wszystko \u2013 wymiar duchowy splata si\u0119 z tym, co g\u0142\u0119boko ludzkie. Przecie\u017c polskie cmentarze w listopadzie, roz\u015bwietlone blaskiem setek i tysi\u0119cy zniczy, to by\u0107 mo\u017ce jedna z ostatnich wsp\u00f3lnotowych, chrze\u015bcija\u0144skich, duchowych lekcji dla Europy. Nic wi\u0119c dziwnego, \u017ce go\u015bcie z kraj\u00f3w zachodnich, kt\u00f3rzy wraz ze swoimi polskimi ma\u0142\u017conkami i rodzinami odwiedzaj\u0105 nasze cmentarze w Dzie\u0144 Wszystkich \u015awi\u0119tych i Zaduszki, rozgl\u0105daj\u0105 si\u0119 ze zdziwieniem. Zaskoczenie na ich twarzach m\u00f3wi o cudzie, z kt\u00f3rym si\u0119 oswoili\u015bmy \u2013 cudzie wsp\u00f3lnej pami\u0119ci o przodkach, cudzie pocieszenia, kt\u00f3re przezwyci\u0119\u017ca cierpienie, \u017cal i najgorsz\u0105 \u0142z\u0119 straty. Krzy\u017ce cmentarne trac\u0105 sw\u00f3j grobowy ch\u0142\u00f3d, ocieplone barwami jesieni, ludzkim oddechem i mi\u0142ymi s\u0142owami.<\/p>\n<p>Dzi\u015b, gdy tak cz\u0119sto s\u0142yszymy, \u017ce grozi nam skrajna atomizacja, \u017ce \u200b\u200bprzysz\u0142e pokolenia Polak\u00f3w borykaj\u0105 si\u0119 z wielk\u0105 samotno\u015bci\u0105 \u2013 nie zapominajmy o Dniu Wszystkich \u015awi\u0119tych, piel\u0119gnujmy wsp\u00f3lnot\u0119 Zaduszn\u0105.<\/p>\n<p>W Zakopanem wol\u0119 spacer po cmentarzu na P\u0119ksowym Brzyzku ni\u017c przechadzanie si\u0119 po Krup\u00f3wkach. Zawsze zatrzymuj\u0119 si\u0119 przy bramie, \u017ceby przeczyta\u0107 dobrze znane s\u0142owa: <strong>\u201eOjczyzn\u0105 jest ziemia i groby. Narody, kt\u00f3re trac\u0105 pami\u0119\u0107, trac\u0105 \u017cycie.\u201d<\/strong> W\u015br\u00f3d wielu s\u0142ynnych grob\u00f3w znajduje si\u0119 symboliczne miejsce spoczynku jednego z przedwojennych polskich genera\u0142\u00f3w Mariusza Zaruskiego \u2013 wytropionego przez NKWD we Lwowie w 1940 roku i wkr\u00f3tce zamordowanego przez Sowiet\u00f3w. Stoj\u0105c z pochylon\u0105 g\u0142ow\u0105 na P\u0119ksowym Brzyzku, my\u015bl\u0119 tak\u017ce o innych polskich nekropoliach \u2013 Starym Cmentarzu Pow\u0105zkowskim w Warszawie, cmentarzu na wzg\u00f3rzu w Wilnie, zwanym Ross\u0105, czy Lwowskim Cmentarzu Orl\u0105t. Sta\u0142em tam kiedy\u015b, wzruszony dumn\u0105 prostot\u0105 \u0142aci\u0144skich s\u0142\u00f3w: <strong>\u201eMortui sunt ut liberi vivamus\u201d (\u201eUmarli, aby\u015bmy mogli \u017cy\u0107 wolni\u201d)<\/strong>; wychowana w Wielkopolsce, z nabo\u017ce\u0144stwem zapali\u0142am znicz na grobie Marii Konopnickiej na Cmentarzu \u0141yczakowskim.<\/p>\n<h3 class=\"wp-block-heading\">Polsko\u015b\u0107 i <em>Dziady<\/em><\/h3>\n<p>S\u0105 to znaki naszej jedno\u015bci narodowej, historycznej i kulturalnej, a tak\u017ce znaki sprzeciwu wobec obcej dominacji, spajaj\u0105ce niczym ramiona krzy\u017ca polsko\u015b\u0107, Wsch\u00f3d i Zach\u00f3d. To polsko\u015b\u0107 nie do wykorzenienia, kt\u00f3rej duszy nie da si\u0119 zabi\u0107 kul\u0105 w ty\u0142 g\u0142owy; kt\u00f3rego j\u0119zyka nie mo\u017cna uciszy\u0107 \u015bmierciono\u015bn\u0105 szmat\u0105 wepchni\u0119t\u0105 do ust; kt\u00f3rego wielko\u015bci nie mo\u017cna pochowa\u0107 w nieoznaczonym grobie.<\/p>\n<p>Na pocz\u0105tku listopada w Polsce i poza jej granicami na wielu cmentarzach i miejscach pami\u0119ci zapalone zostan\u0105 znicze. B\u0119d\u0105 upami\u0119tnia\u0107 powsta\u0144c\u00f3w styczniowych i g\u00f3rnik\u00f3w z kopalni Wujek; oddaj\u0105 cze\u015b\u0107 ofiarom tragedii smole\u0144skiej i zamordowanym w do\u0142ach \u015bmierci przez Niemc\u00f3w. B\u0119d\u0105 migota\u0107 niczym modlitwy na wspania\u0142ych grobach wielkich Polek i Polek \u2013 i na zapomnianych nagrobkach ma\u0142omiasteczkowych dzia\u0142aczy pierwszej <em>Solidarno\u015b\u0107<\/em> ruch.<\/p>\n<p>Cmentarze pe\u0142ne jesiennych barw, kwiat\u00f3w niczym \u017cywy ca\u0142un i p\u0142omieni \u015bwiec migocz\u0105cych na wietrze. Zgie\u0142k harcerzy, pobo\u017cne westchnienia i ciche rodzinne plotki; pierwszy niezagojony smutek przy \u015bwie\u017cym grobie, dope\u0142nienie pierwszej i jedynej mi\u0142o\u015bci; ludowy, nowoczesny <em>Dziady<\/em> z czym\u015b silniejszym wetkni\u0119tym pod p\u0142aszcze obok ledwo oczyszczonego grobu; blask z\u0142otych liter i marmur\u00f3w, anio\u0142y z kamiennymi kikutami zamiast d\u0142oni, uroczyste twarze zbieraczy charytatywnych. Wszystkich \u015awi\u0119tych i Zaduszki \u2013 sprawy polskie i niebia\u0144skie, ziemskie i boskie.<\/p>\n<\/div>\n<\/div>\n","protected":false},"excerpt":{"rendered":"<p>Dzie\u0144 Wszystkich \u015awi\u0119tych i Zaduszki wplecione s\u0105 w rytm naszego \u017cycia \u2013 g\u0142\u0119boko duchowego, wr\u0119cz mistycznego, a jednocze\u015bnie zwyczajnego i<\/p>\n","protected":false},"author":1,"featured_media":10059,"comment_status":"open","ping_status":"open","sticky":false,"template":"","format":"standard","meta":{"footnotes":""},"categories":[4748],"tags":[131,11563,625,8585,11561,11562,279,487,2650,11560],"class_list":["post-10058","post","type-post","status-publish","format-standard","has-post-thumbnail","hentry","category-aktualne","tag-dla","tag-duchowych","tag-europy","tag-jedna","tag-komunia","tag-lekcji","tag-ostatnich","tag-polskie","tag-swietych","tag-zaduszki","generate-columns","tablet-grid-50","mobile-grid-100","grid-parent","grid-50","resize-featured-image"],"yoast_head":"<!-- This site is optimized with the Yoast SEO plugin v23.2 - https:\/\/yoast.com\/wordpress\/plugins\/seo\/ -->\n<title>Polskie Zaduszki: Komunia \u015awi\u0119tych. \u201eJedna z ostatnich lekcji duchowych dla Europy\u201d - POGOTOWIE FLAGOWE\u00ae<\/title>\n<meta name=\"robots\" content=\"index, follow, max-snippet:-1, max-image-preview:large, max-video-preview:-1\" \/>\n<link rel=\"canonical\" href=\"https:\/\/www.pogotowieflagowe.pl\/aktualne\/polskie-zaduszki-komunia-swietych-jedna-z-ostatnich-lekcji-duchowych-dla-europy\/\" \/>\n<meta property=\"og:locale\" content=\"pl_PL\" \/>\n<meta property=\"og:type\" content=\"article\" \/>\n<meta property=\"og:title\" content=\"Polskie Zaduszki: Komunia \u015awi\u0119tych. \u201eJedna z ostatnich lekcji duchowych dla Europy\u201d - POGOTOWIE FLAGOWE\u00ae\" \/>\n<meta property=\"og:description\" content=\"Dzie\u0144 Wszystkich \u015awi\u0119tych i Zaduszki wplecione s\u0105 w rytm naszego \u017cycia \u2013 g\u0142\u0119boko duchowego, wr\u0119cz mistycznego, a jednocze\u015bnie zwyczajnego i\" \/>\n<meta property=\"og:url\" content=\"https:\/\/www.pogotowieflagowe.pl\/aktualne\/polskie-zaduszki-komunia-swietych-jedna-z-ostatnich-lekcji-duchowych-dla-europy\/\" \/>\n<meta property=\"og:site_name\" content=\"POGOTOWIE FLAGOWE\u00ae\" \/>\n<meta property=\"article:published_time\" content=\"2025-11-01T21:52:20+00:00\" \/>\n<meta property=\"article:modified_time\" content=\"2025-11-01T21:52:21+00:00\" \/>\n<meta property=\"og:image\" content=\"https:\/\/www.pogotowieflagowe.pl\/aktualne\/wp-content\/uploads\/2025\/11\/Polskie-Zaduszki-Komunia-Swietych-\u201eJedna-z-ostatnich-lekcji-duchowych-dla.webp.webp\" \/>\n\t<meta property=\"og:image:width\" content=\"1280\" \/>\n\t<meta property=\"og:image:height\" content=\"720\" \/>\n\t<meta property=\"og:image:type\" content=\"image\/webp\" \/>\n<meta name=\"author\" content=\"Filip\" \/>\n<meta name=\"twitter:card\" content=\"summary_large_image\" \/>\n<meta name=\"twitter:label1\" content=\"Napisane przez\" \/>\n\t<meta name=\"twitter:data1\" content=\"Filip\" \/>\n\t<meta name=\"twitter:label2\" content=\"Szacowany czas czytania\" \/>\n\t<meta name=\"twitter:data2\" content=\"5 minut\" \/>\n<script type=\"application\/ld+json\" class=\"yoast-schema-graph\">{\"@context\":\"https:\/\/schema.org\",\"@graph\":[{\"@type\":\"Article\",\"@id\":\"https:\/\/www.pogotowieflagowe.pl\/aktualne\/polskie-zaduszki-komunia-swietych-jedna-z-ostatnich-lekcji-duchowych-dla-europy\/#article\",\"isPartOf\":{\"@id\":\"https:\/\/www.pogotowieflagowe.pl\/aktualne\/polskie-zaduszki-komunia-swietych-jedna-z-ostatnich-lekcji-duchowych-dla-europy\/\"},\"author\":{\"name\":\"Filip\",\"@id\":\"https:\/\/www.pogotowieflagowe.pl\/aktualne\/#\/schema\/person\/9c2fb7d2362ebf6fa088960d7f0d27b0\"},\"headline\":\"Polskie Zaduszki: Komunia \u015awi\u0119tych. \u201eJedna z ostatnich lekcji duchowych dla Europy\u201d\",\"datePublished\":\"2025-11-01T21:52:20+00:00\",\"dateModified\":\"2025-11-01T21:52:21+00:00\",\"mainEntityOfPage\":{\"@id\":\"https:\/\/www.pogotowieflagowe.pl\/aktualne\/polskie-zaduszki-komunia-swietych-jedna-z-ostatnich-lekcji-duchowych-dla-europy\/\"},\"wordCount\":927,\"commentCount\":0,\"publisher\":{\"@id\":\"https:\/\/www.pogotowieflagowe.pl\/aktualne\/#organization\"},\"image\":{\"@id\":\"https:\/\/www.pogotowieflagowe.pl\/aktualne\/polskie-zaduszki-komunia-swietych-jedna-z-ostatnich-lekcji-duchowych-dla-europy\/#primaryimage\"},\"thumbnailUrl\":\"https:\/\/www.pogotowieflagowe.pl\/aktualne\/wp-content\/uploads\/2025\/11\/Polskie-Zaduszki-Komunia-Swietych-\u201eJedna-z-ostatnich-lekcji-duchowych-dla.webp.webp\",\"keywords\":[\"dla\",\"duchowych\",\"Europy\",\"jedna\",\"Komunia\",\"lekcji\",\"ostatnich\",\"Polskie\",\"\u015awi\u0119tych\",\"Zaduszki\"],\"articleSection\":[\"Aktualne\"],\"inLanguage\":\"pl-PL\",\"potentialAction\":[{\"@type\":\"CommentAction\",\"name\":\"Comment\",\"target\":[\"https:\/\/www.pogotowieflagowe.pl\/aktualne\/polskie-zaduszki-komunia-swietych-jedna-z-ostatnich-lekcji-duchowych-dla-europy\/#respond\"]}]},{\"@type\":\"WebPage\",\"@id\":\"https:\/\/www.pogotowieflagowe.pl\/aktualne\/polskie-zaduszki-komunia-swietych-jedna-z-ostatnich-lekcji-duchowych-dla-europy\/\",\"url\":\"https:\/\/www.pogotowieflagowe.pl\/aktualne\/polskie-zaduszki-komunia-swietych-jedna-z-ostatnich-lekcji-duchowych-dla-europy\/\",\"name\":\"Polskie Zaduszki: Komunia \u015awi\u0119tych. \u201eJedna z ostatnich lekcji duchowych dla Europy\u201d - POGOTOWIE FLAGOWE\u00ae\",\"isPartOf\":{\"@id\":\"https:\/\/www.pogotowieflagowe.pl\/aktualne\/#website\"},\"primaryImageOfPage\":{\"@id\":\"https:\/\/www.pogotowieflagowe.pl\/aktualne\/polskie-zaduszki-komunia-swietych-jedna-z-ostatnich-lekcji-duchowych-dla-europy\/#primaryimage\"},\"image\":{\"@id\":\"https:\/\/www.pogotowieflagowe.pl\/aktualne\/polskie-zaduszki-komunia-swietych-jedna-z-ostatnich-lekcji-duchowych-dla-europy\/#primaryimage\"},\"thumbnailUrl\":\"https:\/\/www.pogotowieflagowe.pl\/aktualne\/wp-content\/uploads\/2025\/11\/Polskie-Zaduszki-Komunia-Swietych-\u201eJedna-z-ostatnich-lekcji-duchowych-dla.webp.webp\",\"datePublished\":\"2025-11-01T21:52:20+00:00\",\"dateModified\":\"2025-11-01T21:52:21+00:00\",\"breadcrumb\":{\"@id\":\"https:\/\/www.pogotowieflagowe.pl\/aktualne\/polskie-zaduszki-komunia-swietych-jedna-z-ostatnich-lekcji-duchowych-dla-europy\/#breadcrumb\"},\"inLanguage\":\"pl-PL\",\"potentialAction\":[{\"@type\":\"ReadAction\",\"target\":[\"https:\/\/www.pogotowieflagowe.pl\/aktualne\/polskie-zaduszki-komunia-swietych-jedna-z-ostatnich-lekcji-duchowych-dla-europy\/\"]}]},{\"@type\":\"ImageObject\",\"inLanguage\":\"pl-PL\",\"@id\":\"https:\/\/www.pogotowieflagowe.pl\/aktualne\/polskie-zaduszki-komunia-swietych-jedna-z-ostatnich-lekcji-duchowych-dla-europy\/#primaryimage\",\"url\":\"https:\/\/www.pogotowieflagowe.pl\/aktualne\/wp-content\/uploads\/2025\/11\/Polskie-Zaduszki-Komunia-Swietych-\u201eJedna-z-ostatnich-lekcji-duchowych-dla.webp.webp\",\"contentUrl\":\"https:\/\/www.pogotowieflagowe.pl\/aktualne\/wp-content\/uploads\/2025\/11\/Polskie-Zaduszki-Komunia-Swietych-\u201eJedna-z-ostatnich-lekcji-duchowych-dla.webp.webp\",\"width\":1280,\"height\":720,\"caption\":\"Polskie Zaduszki: Komunia \u015awi\u0119tych. \u201eJedna z ostatnich lekcji duchowych dla Europy\u201d\"},{\"@type\":\"BreadcrumbList\",\"@id\":\"https:\/\/www.pogotowieflagowe.pl\/aktualne\/polskie-zaduszki-komunia-swietych-jedna-z-ostatnich-lekcji-duchowych-dla-europy\/#breadcrumb\",\"itemListElement\":[{\"@type\":\"ListItem\",\"position\":1,\"name\":\"Home\",\"item\":\"https:\/\/www.pogotowieflagowe.pl\/aktualne\/\"},{\"@type\":\"ListItem\",\"position\":2,\"name\":\"Polskie Zaduszki: Komunia \u015awi\u0119tych. \u201eJedna z ostatnich lekcji duchowych dla Europy\u201d\"}]},{\"@type\":\"WebSite\",\"@id\":\"https:\/\/www.pogotowieflagowe.pl\/aktualne\/#website\",\"url\":\"https:\/\/www.pogotowieflagowe.pl\/aktualne\/\",\"name\":\"POGOTOWIE FLAGOWE\u00ae\",\"description\":\"\",\"publisher\":{\"@id\":\"https:\/\/www.pogotowieflagowe.pl\/aktualne\/#organization\"},\"potentialAction\":[{\"@type\":\"SearchAction\",\"target\":{\"@type\":\"EntryPoint\",\"urlTemplate\":\"https:\/\/www.pogotowieflagowe.pl\/aktualne\/?s={search_term_string}\"},\"query-input\":\"required name=search_term_string\"}],\"inLanguage\":\"pl-PL\"},{\"@type\":\"Organization\",\"@id\":\"https:\/\/www.pogotowieflagowe.pl\/aktualne\/#organization\",\"name\":\"POGOTOWIE FLAGOWE\u00ae\",\"url\":\"https:\/\/www.pogotowieflagowe.pl\/aktualne\/\",\"logo\":{\"@type\":\"ImageObject\",\"inLanguage\":\"pl-PL\",\"@id\":\"https:\/\/www.pogotowieflagowe.pl\/aktualne\/#\/schema\/logo\/image\/\",\"url\":\"https:\/\/www.pogotowieflagowe.pl\/aktualne\/wp-content\/uploads\/2024\/08\/cropped-pogotowieflagowe_flaga_projekt_sm.jpg\",\"contentUrl\":\"https:\/\/www.pogotowieflagowe.pl\/aktualne\/wp-content\/uploads\/2024\/08\/cropped-pogotowieflagowe_flaga_projekt_sm.jpg\",\"width\":250,\"height\":143,\"caption\":\"POGOTOWIE FLAGOWE\u00ae\"},\"image\":{\"@id\":\"https:\/\/www.pogotowieflagowe.pl\/aktualne\/#\/schema\/logo\/image\/\"}},{\"@type\":\"Person\",\"@id\":\"https:\/\/www.pogotowieflagowe.pl\/aktualne\/#\/schema\/person\/9c2fb7d2362ebf6fa088960d7f0d27b0\",\"name\":\"Filip\",\"image\":{\"@type\":\"ImageObject\",\"inLanguage\":\"pl-PL\",\"@id\":\"https:\/\/www.pogotowieflagowe.pl\/aktualne\/#\/schema\/person\/image\/\",\"url\":\"https:\/\/www.pogotowieflagowe.pl\/aktualne\/wp-content\/uploads\/2024\/08\/pogotowieflagowe.pl_.jpg\",\"contentUrl\":\"https:\/\/www.pogotowieflagowe.pl\/aktualne\/wp-content\/uploads\/2024\/08\/pogotowieflagowe.pl_.jpg\",\"caption\":\"Filip\"},\"description\":\"Jestem Filip, polski dziennikarz z dyplomem nauk politycznych Uniwersytetu Warszawskiego. Rozpoczynaj\u0105c swoj\u0105 karier\u0119 w r\u00f3\u017cnych lokalnych mediach, zdoby\u0142em solidne do\u015bwiadczenie w zakresie \u015bledztwa i redakcji. Obecnie jako redaktor w Pogotowie flagowe, staram si\u0119 dostarcza\u0107 dog\u0142\u0119bne i istotne analizy na temat najwa\u017cniejszych kwestii aktualno\u015bci, \u0142\u0105cz\u0105c rygor z pasj\u0105 dziennikarsk\u0105.\",\"sameAs\":[\"https:\/\/www.pogotowieflagowe.pl\/\"]}]}<\/script>\n<!-- \/ Yoast SEO plugin. -->","yoast_head_json":{"title":"Polskie Zaduszki: Komunia \u015awi\u0119tych. \u201eJedna z ostatnich lekcji duchowych dla Europy\u201d - POGOTOWIE FLAGOWE\u00ae","robots":{"index":"index","follow":"follow","max-snippet":"max-snippet:-1","max-image-preview":"max-image-preview:large","max-video-preview":"max-video-preview:-1"},"canonical":"https:\/\/www.pogotowieflagowe.pl\/aktualne\/polskie-zaduszki-komunia-swietych-jedna-z-ostatnich-lekcji-duchowych-dla-europy\/","og_locale":"pl_PL","og_type":"article","og_title":"Polskie Zaduszki: Komunia \u015awi\u0119tych. \u201eJedna z ostatnich lekcji duchowych dla Europy\u201d - POGOTOWIE FLAGOWE\u00ae","og_description":"Dzie\u0144 Wszystkich \u015awi\u0119tych i Zaduszki wplecione s\u0105 w rytm naszego \u017cycia \u2013 g\u0142\u0119boko duchowego, wr\u0119cz mistycznego, a jednocze\u015bnie zwyczajnego i","og_url":"https:\/\/www.pogotowieflagowe.pl\/aktualne\/polskie-zaduszki-komunia-swietych-jedna-z-ostatnich-lekcji-duchowych-dla-europy\/","og_site_name":"POGOTOWIE FLAGOWE\u00ae","article_published_time":"2025-11-01T21:52:20+00:00","article_modified_time":"2025-11-01T21:52:21+00:00","og_image":[{"width":1280,"height":720,"url":"https:\/\/www.pogotowieflagowe.pl\/aktualne\/wp-content\/uploads\/2025\/11\/Polskie-Zaduszki-Komunia-Swietych-\u201eJedna-z-ostatnich-lekcji-duchowych-dla.webp.webp","type":"image\/webp"}],"author":"Filip","twitter_card":"summary_large_image","twitter_misc":{"Napisane przez":"Filip","Szacowany czas czytania":"5 minut"},"schema":{"@context":"https:\/\/schema.org","@graph":[{"@type":"Article","@id":"https:\/\/www.pogotowieflagowe.pl\/aktualne\/polskie-zaduszki-komunia-swietych-jedna-z-ostatnich-lekcji-duchowych-dla-europy\/#article","isPartOf":{"@id":"https:\/\/www.pogotowieflagowe.pl\/aktualne\/polskie-zaduszki-komunia-swietych-jedna-z-ostatnich-lekcji-duchowych-dla-europy\/"},"author":{"name":"Filip","@id":"https:\/\/www.pogotowieflagowe.pl\/aktualne\/#\/schema\/person\/9c2fb7d2362ebf6fa088960d7f0d27b0"},"headline":"Polskie Zaduszki: Komunia \u015awi\u0119tych. \u201eJedna z ostatnich lekcji duchowych dla Europy\u201d","datePublished":"2025-11-01T21:52:20+00:00","dateModified":"2025-11-01T21:52:21+00:00","mainEntityOfPage":{"@id":"https:\/\/www.pogotowieflagowe.pl\/aktualne\/polskie-zaduszki-komunia-swietych-jedna-z-ostatnich-lekcji-duchowych-dla-europy\/"},"wordCount":927,"commentCount":0,"publisher":{"@id":"https:\/\/www.pogotowieflagowe.pl\/aktualne\/#organization"},"image":{"@id":"https:\/\/www.pogotowieflagowe.pl\/aktualne\/polskie-zaduszki-komunia-swietych-jedna-z-ostatnich-lekcji-duchowych-dla-europy\/#primaryimage"},"thumbnailUrl":"https:\/\/www.pogotowieflagowe.pl\/aktualne\/wp-content\/uploads\/2025\/11\/Polskie-Zaduszki-Komunia-Swietych-\u201eJedna-z-ostatnich-lekcji-duchowych-dla.webp.webp","keywords":["dla","duchowych","Europy","jedna","Komunia","lekcji","ostatnich","Polskie","\u015awi\u0119tych","Zaduszki"],"articleSection":["Aktualne"],"inLanguage":"pl-PL","potentialAction":[{"@type":"CommentAction","name":"Comment","target":["https:\/\/www.pogotowieflagowe.pl\/aktualne\/polskie-zaduszki-komunia-swietych-jedna-z-ostatnich-lekcji-duchowych-dla-europy\/#respond"]}]},{"@type":"WebPage","@id":"https:\/\/www.pogotowieflagowe.pl\/aktualne\/polskie-zaduszki-komunia-swietych-jedna-z-ostatnich-lekcji-duchowych-dla-europy\/","url":"https:\/\/www.pogotowieflagowe.pl\/aktualne\/polskie-zaduszki-komunia-swietych-jedna-z-ostatnich-lekcji-duchowych-dla-europy\/","name":"Polskie Zaduszki: Komunia \u015awi\u0119tych. \u201eJedna z ostatnich lekcji duchowych dla Europy\u201d - POGOTOWIE FLAGOWE\u00ae","isPartOf":{"@id":"https:\/\/www.pogotowieflagowe.pl\/aktualne\/#website"},"primaryImageOfPage":{"@id":"https:\/\/www.pogotowieflagowe.pl\/aktualne\/polskie-zaduszki-komunia-swietych-jedna-z-ostatnich-lekcji-duchowych-dla-europy\/#primaryimage"},"image":{"@id":"https:\/\/www.pogotowieflagowe.pl\/aktualne\/polskie-zaduszki-komunia-swietych-jedna-z-ostatnich-lekcji-duchowych-dla-europy\/#primaryimage"},"thumbnailUrl":"https:\/\/www.pogotowieflagowe.pl\/aktualne\/wp-content\/uploads\/2025\/11\/Polskie-Zaduszki-Komunia-Swietych-\u201eJedna-z-ostatnich-lekcji-duchowych-dla.webp.webp","datePublished":"2025-11-01T21:52:20+00:00","dateModified":"2025-11-01T21:52:21+00:00","breadcrumb":{"@id":"https:\/\/www.pogotowieflagowe.pl\/aktualne\/polskie-zaduszki-komunia-swietych-jedna-z-ostatnich-lekcji-duchowych-dla-europy\/#breadcrumb"},"inLanguage":"pl-PL","potentialAction":[{"@type":"ReadAction","target":["https:\/\/www.pogotowieflagowe.pl\/aktualne\/polskie-zaduszki-komunia-swietych-jedna-z-ostatnich-lekcji-duchowych-dla-europy\/"]}]},{"@type":"ImageObject","inLanguage":"pl-PL","@id":"https:\/\/www.pogotowieflagowe.pl\/aktualne\/polskie-zaduszki-komunia-swietych-jedna-z-ostatnich-lekcji-duchowych-dla-europy\/#primaryimage","url":"https:\/\/www.pogotowieflagowe.pl\/aktualne\/wp-content\/uploads\/2025\/11\/Polskie-Zaduszki-Komunia-Swietych-\u201eJedna-z-ostatnich-lekcji-duchowych-dla.webp.webp","contentUrl":"https:\/\/www.pogotowieflagowe.pl\/aktualne\/wp-content\/uploads\/2025\/11\/Polskie-Zaduszki-Komunia-Swietych-\u201eJedna-z-ostatnich-lekcji-duchowych-dla.webp.webp","width":1280,"height":720,"caption":"Polskie Zaduszki: Komunia \u015awi\u0119tych. \u201eJedna z ostatnich lekcji duchowych dla Europy\u201d"},{"@type":"BreadcrumbList","@id":"https:\/\/www.pogotowieflagowe.pl\/aktualne\/polskie-zaduszki-komunia-swietych-jedna-z-ostatnich-lekcji-duchowych-dla-europy\/#breadcrumb","itemListElement":[{"@type":"ListItem","position":1,"name":"Home","item":"https:\/\/www.pogotowieflagowe.pl\/aktualne\/"},{"@type":"ListItem","position":2,"name":"Polskie Zaduszki: Komunia \u015awi\u0119tych. \u201eJedna z ostatnich lekcji duchowych dla Europy\u201d"}]},{"@type":"WebSite","@id":"https:\/\/www.pogotowieflagowe.pl\/aktualne\/#website","url":"https:\/\/www.pogotowieflagowe.pl\/aktualne\/","name":"POGOTOWIE FLAGOWE\u00ae","description":"","publisher":{"@id":"https:\/\/www.pogotowieflagowe.pl\/aktualne\/#organization"},"potentialAction":[{"@type":"SearchAction","target":{"@type":"EntryPoint","urlTemplate":"https:\/\/www.pogotowieflagowe.pl\/aktualne\/?s={search_term_string}"},"query-input":"required name=search_term_string"}],"inLanguage":"pl-PL"},{"@type":"Organization","@id":"https:\/\/www.pogotowieflagowe.pl\/aktualne\/#organization","name":"POGOTOWIE FLAGOWE\u00ae","url":"https:\/\/www.pogotowieflagowe.pl\/aktualne\/","logo":{"@type":"ImageObject","inLanguage":"pl-PL","@id":"https:\/\/www.pogotowieflagowe.pl\/aktualne\/#\/schema\/logo\/image\/","url":"https:\/\/www.pogotowieflagowe.pl\/aktualne\/wp-content\/uploads\/2024\/08\/cropped-pogotowieflagowe_flaga_projekt_sm.jpg","contentUrl":"https:\/\/www.pogotowieflagowe.pl\/aktualne\/wp-content\/uploads\/2024\/08\/cropped-pogotowieflagowe_flaga_projekt_sm.jpg","width":250,"height":143,"caption":"POGOTOWIE FLAGOWE\u00ae"},"image":{"@id":"https:\/\/www.pogotowieflagowe.pl\/aktualne\/#\/schema\/logo\/image\/"}},{"@type":"Person","@id":"https:\/\/www.pogotowieflagowe.pl\/aktualne\/#\/schema\/person\/9c2fb7d2362ebf6fa088960d7f0d27b0","name":"Filip","image":{"@type":"ImageObject","inLanguage":"pl-PL","@id":"https:\/\/www.pogotowieflagowe.pl\/aktualne\/#\/schema\/person\/image\/","url":"https:\/\/www.pogotowieflagowe.pl\/aktualne\/wp-content\/uploads\/2024\/08\/pogotowieflagowe.pl_.jpg","contentUrl":"https:\/\/www.pogotowieflagowe.pl\/aktualne\/wp-content\/uploads\/2024\/08\/pogotowieflagowe.pl_.jpg","caption":"Filip"},"description":"Jestem Filip, polski dziennikarz z dyplomem nauk politycznych Uniwersytetu Warszawskiego. Rozpoczynaj\u0105c swoj\u0105 karier\u0119 w r\u00f3\u017cnych lokalnych mediach, zdoby\u0142em solidne do\u015bwiadczenie w zakresie \u015bledztwa i redakcji. Obecnie jako redaktor w Pogotowie flagowe, staram si\u0119 dostarcza\u0107 dog\u0142\u0119bne i istotne analizy na temat najwa\u017cniejszych kwestii aktualno\u015bci, \u0142\u0105cz\u0105c rygor z pasj\u0105 dziennikarsk\u0105.","sameAs":["https:\/\/www.pogotowieflagowe.pl\/"]}]}},"_links":{"self":[{"href":"https:\/\/www.pogotowieflagowe.pl\/aktualne\/wp-json\/wp\/v2\/posts\/10058","targetHints":{"allow":["GET"]}}],"collection":[{"href":"https:\/\/www.pogotowieflagowe.pl\/aktualne\/wp-json\/wp\/v2\/posts"}],"about":[{"href":"https:\/\/www.pogotowieflagowe.pl\/aktualne\/wp-json\/wp\/v2\/types\/post"}],"author":[{"embeddable":true,"href":"https:\/\/www.pogotowieflagowe.pl\/aktualne\/wp-json\/wp\/v2\/users\/1"}],"replies":[{"embeddable":true,"href":"https:\/\/www.pogotowieflagowe.pl\/aktualne\/wp-json\/wp\/v2\/comments?post=10058"}],"version-history":[{"count":1,"href":"https:\/\/www.pogotowieflagowe.pl\/aktualne\/wp-json\/wp\/v2\/posts\/10058\/revisions"}],"predecessor-version":[{"id":10060,"href":"https:\/\/www.pogotowieflagowe.pl\/aktualne\/wp-json\/wp\/v2\/posts\/10058\/revisions\/10060"}],"wp:featuredmedia":[{"embeddable":true,"href":"https:\/\/www.pogotowieflagowe.pl\/aktualne\/wp-json\/wp\/v2\/media\/10059"}],"wp:attachment":[{"href":"https:\/\/www.pogotowieflagowe.pl\/aktualne\/wp-json\/wp\/v2\/media?parent=10058"}],"wp:term":[{"taxonomy":"category","embeddable":true,"href":"https:\/\/www.pogotowieflagowe.pl\/aktualne\/wp-json\/wp\/v2\/categories?post=10058"},{"taxonomy":"post_tag","embeddable":true,"href":"https:\/\/www.pogotowieflagowe.pl\/aktualne\/wp-json\/wp\/v2\/tags?post=10058"}],"curies":[{"name":"wp","href":"https:\/\/api.w.org\/{rel}","templated":true}]}}