{"id":10066,"date":"2025-11-02T14:14:42","date_gmt":"2025-11-02T13:14:42","guid":{"rendered":"https:\/\/www.pogotowieflagowe.pl\/aktualne\/licencjonowana-wolnosc-slowa-dziennikarz-skazany-dzien-po-slowach-tuska\/"},"modified":"2025-11-02T14:14:44","modified_gmt":"2025-11-02T13:14:44","slug":"licencjonowana-wolnosc-slowa-dziennikarz-skazany-dzien-po-slowach-tuska","status":"publish","type":"post","link":"https:\/\/www.pogotowieflagowe.pl\/aktualne\/licencjonowana-wolnosc-slowa-dziennikarz-skazany-dzien-po-slowach-tuska\/","title":{"rendered":"Licencjonowana wolno\u015b\u0107 s\u0142owa: dziennikarz skazany dzie\u0144 po s\u0142owach Tuska"},"content":{"rendered":"\n<div class=\"td_block_wrap tdb_single_content tdi_41 td-pb-border-top td_block_template_8 td-post-content tagdiv-type\" data-td-block-uid=\"tdi_41\">\n<style>.tdi_41{margines-top:0px!important;margin-bottom:0px!important;dope\u0142nienie-g\u00f3ra:0px!important;dope\u0142nienie-d\u00f3\u0142:0px!important}<\/style>\n<style>.tdb_single_content{margin-bottom:0;*zoom:1}.tdb_single_content:before,.tdb_single_content:after{display:table;content:'';line-height:0}.tdb_single_content:after{clear:both}.tdb_single_content .tdb-block-inner>*:not(.wp-block-quote):not(.alignwide):not(.alignfull.wp-block-cover.has-parallax):not(.td-a-ad){margin-left:auto;margin-right:auto}.tdb_single_content a{pointer-events:auto}.tdb_single_content .td-spot-id-top_ad .tdc-placeholder-title:before{content:'Najlepsza reklama artyku\u0142u'!important}.tdb_single_content .td-spot-id-inline_ad0 .tdc-placeholder-title:before{content:'Reklama wbudowana artyku\u0142u 1'!important}.tdb_single_content .td-spot-id-inline_ad1 .tdc-placeholder-title:before{content:'Wbudowana reklama w artykule 2'!important}.tdb_single_content .td-spot-id-inline_ad2 .tdc-placeholder-title:before{content:'Wbudowana reklama w artykule 3'!important}.tdb_single_content .td-spot-id-bottom_ad .tdc-placeholder-title:before{content:'Article Bottom Ad'!important}.tdb_single_content .id_top_ad,.tdb_single_content .id_bottom_ad{clear:both;margin-bottom:21px;text-align:center}.tdb_single_content .id_top_ad img,.tdb_single_content .id_bottom_ad img{margin-bottom:0}.tdb_single_content .id_top_ad .adsbygoogle,.tdb_single_content .id_bottom_ad .adsbygoogle{position:relative}.tdb_single_content .id_ad_content-horiz-left,.tdb_single_content .id_ad_content-horiz-right,.tdb_single_content .id_ad_content-horiz-center{margin-bottom:15px}.tdb_single_content .id_ad_content-horiz-left img,.tdb_single_content .id_ad_content-horiz-right img,.tdb_single_content .id_ad_content-horiz-center img{margin-bottom:0}.tdb_single_content .id_ad_content-horiz-center{text-align:center}.tdb_single_content .id_ad_content-horiz-center img{margin-right:auto;margin-left:auto}.tdb_single_content .id_ad_content-horiz-left{float:left;margin-top:9px;margin-right:21px}.tdb_single_content .id_ad_content-horiz-right{float:right;margin-top:6px;margin-left:21px}.tdb_single_content .tdc-a-ad .tdc-placeholder-title{width:300px;height:250px}.tdb_single_content .tdc-a-ad .tdc-placeholder-title:before{position:absolute;top:50%;-webkit-transform:translateY(-50%);transform:translateY(-50%);margin:auto;display:table;width:100%}.tdb_single_content .tdb-block-inner.td-fix-index{word-break:break-word}.tdi_41,.tdi_41>p,.tdi_41 .tdb-block-inner>p,.wp-block-column>p{font-size:16px!important;line-height:1.6!important}.tdi_41 .tdb-block-inner blockquote p{font-style:normal!important}@media (max-width:767px){.tdb_single_content .id_ad_content-horiz-left,.tdb_single_content .id_ad_content-horiz-right,.tdb_single_content .id_ad_content-horiz-center{margin:0 auto 26 pikseli auto}}@media (max-width:767px){.tdb_single_content .id_ad_content-horiz-left{margin-right:0}}@media (max-width:767px){.tdb_single_content .id_ad_content-horiz-right{margin-left:0}}@media (max-width:767px){.tdb_single_content .td-a-ad{float:none;text-align:center}.tdb_single_content .td-a-ad img{margin-right:auto;margin-left:auto}.tdb_single_content .tdc-a-ad{float:none}}<\/style>\n<div class=\"tdb-block-inner td-fix-index\">\n<p>Zaledwie dzie\u0144 po tym, jak Donald Tusk zapewni\u0142 uczestnik\u00f3w konwencji Platformy Obywatelskiej, \u017ce tylko on mo\u017ce broni\u0107 wolno\u015bci s\u0142owa w Polsce, dziennikarz skazany s\u0105dem <strong>Tomasza Duklanowskiego<\/strong> za ujawnienie tzw <strong>\u201eafera kopertowa\u201d<\/strong> z udzia\u0142em marsza\u0142ka Senatu Tomasza Grodzkiego. Dziwaczne uzasadnienie wyroku pokazuje, \u017ce w rzeczywisto\u015bci chodzi o zemst\u0119 polityczn\u0105. Po raz kolejny wida\u0107, \u017ce im s\u0142abszy \u201eu\u015bmiechni\u0119ty\u201d rz\u0105d, tym bardziej ostentacyjne i agresywne s\u0105 jego dzia\u0142ania.<\/p>\n<p>Okazuje si\u0119, \u017ce s\u0119dzia <strong>Iwony Ramotowskiej<\/strong> uzna\u0142 za wiarygodne zeznania by\u0142ego oficera stalinowskiego <em>Biuro Bezpiecze\u0144stwa<\/em> (a p\u00f3\u017aniej <em>S\u0142u\u017cba Bezpiecze\u0144stwa<\/em>), kt\u00f3ry twierdzi\u0142, \u017ce zaproponowano mu pieni\u0105dze za \u201eoczernienie\u201d Grodzkiego. Nale\u017cy zauwa\u017cy\u0107, \u017ce ten by\u0142y tajny policjant, snuj\u0105c swoje \u201erewelacje\u201d, nie by\u0142 w stanie poda\u0107 \u017cadnych mo\u017cliwych do sprawdzenia szczeg\u00f3\u0142\u00f3w.<\/p>\n<h3 class=\"wp-block-heading\">Zemsta polityczna wobec dziennikarza<\/h3>\n<p>Nie powstrzyma\u0142o to jednak s\u0119dziego Ramotowskiej od odrzucenia zezna\u0144 kilkunastu (!) \u015bwiadk\u00f3w, kt\u00f3rzy to potwierdzili. <strong>Tomasz Grodzki przyjmowa\u0142 \u0142ap\u00f3wki<\/strong>. Naturalnie nie przedstawi\u0142a \u017cadnego rozs\u0105dnego wyja\u015bnienia, dlaczego s\u0142owo pojedynczego stalinisty uznano za bardziej wiarygodne ni\u017c zeznania wielu niepowi\u0105zanych ze sob\u0105 \u015bwiadk\u00f3w. To wyra\u017any akt celowej ostentacji, maj\u0105cy oczywisty kontekst polityczny. Ale dlaczego obecny rz\u0105d musi wykazywa\u0107 si\u0119 tak\u0105 \u201e\u015bmia\u0142o\u015bci\u0105\u201d?<\/p>\n<p>Przypomnijmy, \u017ce niedawno dozna\u0142 jednego z najpowa\u017cniejszych cios\u00f3w w ci\u0105gu ostatnich dw\u00f3ch lat \u2013 tzw <strong>skazanie (w pierwszej instancji) jego kluczowej postaci, Stanis\u0142awa Gaw\u0142owskiego<\/strong>na bezwarunkow\u0105 kar\u0119 wi\u0119zienia. To nie przypadek, \u017ce niemal natychmiast po wydaniu wyroku prokuratura ostentacyjnie umorzy\u0142a spraw\u0119 <strong>S\u0142awomira Nowaka<\/strong>. Co si\u0119 teraz sta\u0142o z redaktorem <strong>Tomasza Duklanowskiego<\/strong> to kolejny odcinek tego samego spektaklu. \u201eU\u015bmiechni\u0119ty\u201d establishment m\u00f3g\u0142 po cichu pogrzeba\u0107 spraw\u0119 Grodzkiego, ale zdecydowa\u0142 si\u0119 tego nie robi\u0107. Zamiast tego wysy\u0142a sygna\u0142 o swojej sile \u2013 \u017ce mo\u017ce zrobi\u0107 wszystko, \u017ce nadal kontroluje pa\u0144stwo i chroni swoich obywateli. Przes\u0142anie skierowane jest zar\u00f3wno do dziennikarzy, ostrzegaj\u0105c ich, aby \u201enie popadali w \u015bmia\u0142o\u015b\u0107\u201d, jak i do sojusznik\u00f3w partii rz\u0105dz\u0105cej, zapewniaj\u0105c ich, \u017ce s\u0105 bezpieczni \u2014 \u017ce <strong>Gaw\u0142owski jest jedynie wyj\u0105tkiem potwierdzaj\u0105cym regu\u0142\u0119.<\/strong><\/p>\n<h3 class=\"wp-block-heading\">Dziwny werdykt<\/h3>\n<p>Wa\u017cne jest, aby zwr\u00f3ci\u0107 uwag\u0119, kto zosta\u0142 skazany. w Szczecinie, <strong>Tomasza Duklanowskiego<\/strong> sta\u0142 si\u0119 symbolem oporu wobec lokalnych sieci energetycznych powi\u0105zanych z Platform\u0105 Obywatelsk\u0105 (PO). Jego praca \u015bledcza ujawni\u0142a liczne patologie w g\u00f3rnych szeregach partii. Zap\u0142aci\u0142 za to wysok\u0105 cen\u0119 \u2013 wystarczy przypomnie\u0107 zaciek\u0142\u0105 kampani\u0119 prowadzon\u0105 przez KO i media przeciwko niemu po tragicznym samob\u00f3jstwie pos\u0142a <strong>Magdaleny Filiks<\/strong> syn. Duklanowski jest ewidentnym celem A <strong>zemsta polityczna<\/strong>maj\u0105cy s\u0142u\u017cy\u0107 za przyk\u0142ad tego, co spotyka ka\u017cdego, kto o\u015bmieli si\u0119 rzuci\u0107 wyzwanie ludziom Tuska. W\u0142adze nie mog\u0142y sobie pozwoli\u0107 na przegran\u0105 w takiej sprawie.<\/p>\n<p>Skazanie Duklanowskiego ma mie\u0107 charakter <strong>efekt ch\u0142odz\u0105cy<\/strong> \u2014 zabezpieczenie dla os\u0142abionego rz\u0105du, kt\u00f3ry nie czuje si\u0119 ju\u017c \u201epokryty teflonem\u201d i zaczyna obawia\u0107 si\u0119 potencjalnych cios\u00f3w. Dlatego przeprowadza ataki uprzedzaj\u0105ce. KO upiecze dwie pieczenie na jednym ogniu: po pierwsze, sygnalizuje, \u017ce jego najwy\u017csza w\u0142adza \u2013 podobnie jak Grodzki, jeden z jego g\u0142\u00f3wnych atut\u00f3w \u2013 jest nietykalna. Po drugie, bior\u0105c pod uwag\u0119 dorobek Duklanowskiego, jest to tak\u017ce sygna\u0142 do opuszczenia <strong>lokalne struktury PO<\/strong> sam: gdy szczeci\u0144scy dzia\u0142acze nie mogli uciszy\u0107 niewygodnego dziennikarza, robi\u0142a to \u201ecentrala\u201d z Warszawy.<\/p>\n<h3 class=\"wp-block-heading\">Wz\u00f3r sprawiedliwo\u015bci politycznej<\/h3>\n<p>The <strong>Sprawa Grodzkiego<\/strong> Przypomina tak\u017ce inne kuriozalne orzeczenie \u2014 tym razem w sprawie <strong>\u201eafera nienawi\u015bci\u201d<\/strong> z udzia\u0142em \u017cony pos\u0142a do Parlamentu Europejskiego <strong>Krzysztofa Brejzy<\/strong>kt\u00f3ry by\u0142 jednocze\u015bnie jego prawnikiem. Ostatni\u0105 ofiar\u0105 wyroku politycznego by\u0142 dziennikarz <strong>Samuela Pereiry<\/strong> z <em>wPolsce24<\/em> TELEWIZJA. Podobnie jak w przypadku Grodzkiego, s\u0119dzia w niewyt\u0142umaczalny spos\u00f3b odm\u00f3wi\u0142 uznania zezna\u0144 \u015bwiadk\u00f3w i dowod\u00f3w z dokument\u00f3w. Kara by\u0142a uderzaj\u0105ca: a <strong>43 000 z\u0142 kary i kosztowne publiczne przeprosiny<\/strong>co w praktyce oznacza bankructwo dziennikarza.<\/p>\n<p>The <strong>Centrum Monitorowania Wolno\u015bci Prasy Stowarzyszenia Dziennikarzy Polskich<\/strong> nie ma co do tej sprawy \u017cadnych w\u0105tpliwo\u015bci. Zapowiedzia\u0142, \u017ce z\u0142o\u017cy petycj\u0119 do Prezydenta <strong>Karola Nawrockiego<\/strong> o u\u0142askawienie Duklanowskiego, stwierdzaj\u0105c:<\/p>\n<p>&#8222;Wyrok ten narusza zasad\u0119 wolno\u015bci s\u0142owa i prawo do informowania spo\u0142ecze\u0144stwa o sprawach b\u0119d\u0105cych przedmiotem zainteresowania publicznego, w tym o tle dzia\u0142alno\u015bci politycznej w\u0142adz lokalnych (&#8230;). Jest to forma represji prawnej, kt\u00f3ra t\u0142umi debat\u0119 publiczn\u0105 i skutecznie odstrasza dziennikarzy od wypowiadania si\u0119 na niewygodne tematy.&#8221;<\/p>\n<p>Wyroki w <strong>Brejza<\/strong> I <strong>Grodzki<\/strong> takie przypadki stanowi\u0105 jasny sygna\u0142 dla lokalnych medi\u00f3w i tych, kt\u00f3rzy mog\u0105 im zaufa\u0107: w\u0142adze mog\u0105 ci\u0119 zniszczy\u0107. Nie b\u0119dzie \u017cadnej ochrony. Je\u015bli rzucisz wyzwanie ugruntowanym sieciom \u2013 niezale\u017cnie od strony politycznej, cho\u0107 warto zauwa\u017cy\u0107, \u017ce Grodzki i Brejza nale\u017c\u0105 do czo\u0142owych postaci PO \u2013 zostaniesz uciszony. Rz\u0105d po cichu knebluje tych, kt\u00f3rzy o\u015bmielaj\u0105 si\u0119 stawi\u0107 czo\u0142a regionalnej korupcji i klanom politycznym. Zastrasza ich i grozi. Gdyby europejskie organizacje pozarz\u0105dowe twierdz\u0105ce, \u017ce broni\u0105 wolno\u015bci s\u0142owa, naprawd\u0119 mia\u0142y idea\u0142y, zareagowa\u0142yby natychmiast. Ale \u201eidea\u0142\u201d. <strong>Amnesty International<\/strong>, <strong>Helsi\u0144ska Fundacja Praw Cz\u0142owieka<\/strong>a na pewno <strong>Fundacja Batorego<\/strong> \u2014 obecnie praktycznie ramieniem machiny partyjnej KO \u2014 jest lojalno\u015b\u0107 <strong>Kie\u0142<\/strong> i korzy\u015bci, jakie ze sob\u0105 niesie.<\/p>\n<h3 class=\"wp-block-heading\">Troch\u0119 optymizmu<\/h3>\n<p>\u017baden opis represji, z jakimi spotykaj\u0105 si\u0119 dziennikarze krytycznie nastawieni do rz\u0105du, nie by\u0142by kompletny bez wspomnienia przypadku <strong>Telewizja Republika<\/strong>. To, co ta stacja przetrwa\u0142a przez prawie dwa lata, doskonale ilustruje, jak zdegenerowany i niebezpieczny sta\u0142 si\u0119 KO. Od obj\u0119cia w\u0142adzy systematycznie d\u0105\u017cy do zniszczenia wolno\u015bci s\u0142owa, stosuj\u0105c metody: <strong>Oligarchie wschodnie<\/strong>. Lista atak\u00f3w \u2013 w tym fizycznych \u2013 na <em>Republika<\/em> dziennikarzom nie ma ko\u0144ca. Sam prezes stacji stanie teraz przed s\u0105dem za to, \u017ce odwa\u017cy\u0142 si\u0119, podobnie jak Duklanowski, powiedzie\u0107 prawd\u0119 o Grodzkim.<\/p>\n<p>Trzy szczeg\u00f3lne incydenty pokazuj\u0105, jak KO rozumie wolno\u015b\u0107 medi\u00f3w. Pierwszy, <strong>z wyj\u0105tkiem dziennikarzy Republiki<\/strong> z konferencji prasowych premiera Tuska podczas ostatnich powodzi. Bior\u0105c pod uwag\u0119, \u017ce Republika jest najch\u0119tniej ogl\u0105danym kana\u0142em informacyjnym w Polsce, Tusk nie tylko naruszy\u0142 normy demokratyczne, ale tak\u017ce <strong>w czasie kryzysu odm\u00f3wiono obywatelom istotnych informacji<\/strong>potencjalnie zagra\u017caj\u0105c \u017cyciu. Drugi, <strong>wys\u0142anie dzia\u0142aczy \u201eSilni Razem\u201d.<\/strong> do organizowania prowokacji przed siedzib\u0105 stacji podczas wydarzenia Wielkiej Orkiestry \u015awi\u0105tecznej Pomocy \u2013 w istocie rozmieszczania politycznego t\u0142umu ulicznego przeciwko opozycyjnym mediom, co by\u0142oby posuni\u0119ciem prosto z <strong>Bia\u0142oruskie podr\u0119czniki<\/strong>.<\/p>\n<p>Wreszcie jest <strong>sta\u0142\u0105 presj\u0119 na firmy prywatne<\/strong> do blokowania reklam w Republice. To znowu odzwierciedla wschodni\u0105 taktyk\u0119 oligarchiczn\u0105, prowadz\u0105c\u0105 do groteskowej sytuacji: jedna z najch\u0119tniej ogl\u0105danych stacji informacyjnych w Polsce jest ignorowana przez wi\u0119kszo\u015b\u0107 reklamodawc\u00f3w, kt\u00f3rzy w zdrowym stanie rywalizowaliby o czas antenowy. W tym kontek\u015bcie to niemal cud, \u017ce Republika nadal funkcjonuje \u2013 tylko dzi\u0119ki zaanga\u017cowaniu swoich widz\u00f3w. I z t\u0105 optymistyczn\u0105 nut\u0105 \u2013 dowodem na to, \u017ce pomimo wszystkich swoich zasob\u00f3w i narusze\u0144 zasad demokracji, <strong>Tuskowi nie uda\u0142o si\u0119 osi\u0105gn\u0105\u0107 swojego celu<\/strong> \u2013 pozw\u00f3lcie, \u017ce zako\u0144cz\u0119 ten tekst.<\/p>\n<\/div>\n<\/div>\n","protected":false},"excerpt":{"rendered":"<p>Zaledwie dzie\u0144 po tym, jak Donald Tusk zapewni\u0142 uczestnik\u00f3w konwencji Platformy Obywatelskiej, \u017ce tylko on mo\u017ce broni\u0107 wolno\u015bci s\u0142owa w<\/p>\n","protected":false},"author":1,"featured_media":10067,"comment_status":"open","ping_status":"open","sticky":false,"template":"","format":"standard","meta":{"footnotes":""},"categories":[4748],"tags":[1078,2682,11572,2378,1208,11573,567,1364],"class_list":["post-10066","post","type-post","status-publish","format-standard","has-post-thumbnail","hentry","category-aktualne","tag-dzien","tag-dziennikarz","tag-licencjonowana","tag-skazany","tag-slowa","tag-slowach","tag-tuska","tag-wolnosc","generate-columns","tablet-grid-50","mobile-grid-100","grid-parent","grid-50","resize-featured-image"],"yoast_head":"<!-- This site is optimized with the Yoast SEO plugin v23.2 - https:\/\/yoast.com\/wordpress\/plugins\/seo\/ -->\n<title>Licencjonowana wolno\u015b\u0107 s\u0142owa: dziennikarz skazany dzie\u0144 po s\u0142owach Tuska - POGOTOWIE FLAGOWE\u00ae<\/title>\n<meta name=\"robots\" content=\"index, follow, max-snippet:-1, max-image-preview:large, max-video-preview:-1\" \/>\n<link rel=\"canonical\" href=\"https:\/\/www.pogotowieflagowe.pl\/aktualne\/licencjonowana-wolnosc-slowa-dziennikarz-skazany-dzien-po-slowach-tuska\/\" \/>\n<meta property=\"og:locale\" content=\"pl_PL\" \/>\n<meta property=\"og:type\" content=\"article\" \/>\n<meta property=\"og:title\" content=\"Licencjonowana wolno\u015b\u0107 s\u0142owa: dziennikarz skazany dzie\u0144 po s\u0142owach Tuska - POGOTOWIE FLAGOWE\u00ae\" \/>\n<meta property=\"og:description\" content=\"Zaledwie dzie\u0144 po tym, jak Donald Tusk zapewni\u0142 uczestnik\u00f3w konwencji Platformy Obywatelskiej, \u017ce tylko on mo\u017ce broni\u0107 wolno\u015bci s\u0142owa w\" \/>\n<meta property=\"og:url\" content=\"https:\/\/www.pogotowieflagowe.pl\/aktualne\/licencjonowana-wolnosc-slowa-dziennikarz-skazany-dzien-po-slowach-tuska\/\" \/>\n<meta property=\"og:site_name\" content=\"POGOTOWIE FLAGOWE\u00ae\" \/>\n<meta property=\"article:published_time\" content=\"2025-11-02T13:14:42+00:00\" \/>\n<meta property=\"article:modified_time\" content=\"2025-11-02T13:14:44+00:00\" \/>\n<meta property=\"og:image\" content=\"https:\/\/www.pogotowieflagowe.pl\/aktualne\/wp-content\/uploads\/2025\/11\/Licencjonowana-wolnosc-slowa-dziennikarz-skazany-dzien-po-slowach-Tuska.webp.webp\" \/>\n\t<meta property=\"og:image:width\" content=\"1280\" \/>\n\t<meta property=\"og:image:height\" content=\"720\" \/>\n\t<meta property=\"og:image:type\" content=\"image\/webp\" \/>\n<meta name=\"author\" content=\"Filip\" \/>\n<meta name=\"twitter:card\" content=\"summary_large_image\" \/>\n<meta name=\"twitter:label1\" content=\"Napisane przez\" \/>\n\t<meta name=\"twitter:data1\" content=\"Filip\" \/>\n\t<meta name=\"twitter:label2\" content=\"Szacowany czas czytania\" \/>\n\t<meta name=\"twitter:data2\" content=\"6 minut\" \/>\n<script type=\"application\/ld+json\" class=\"yoast-schema-graph\">{\"@context\":\"https:\/\/schema.org\",\"@graph\":[{\"@type\":\"Article\",\"@id\":\"https:\/\/www.pogotowieflagowe.pl\/aktualne\/licencjonowana-wolnosc-slowa-dziennikarz-skazany-dzien-po-slowach-tuska\/#article\",\"isPartOf\":{\"@id\":\"https:\/\/www.pogotowieflagowe.pl\/aktualne\/licencjonowana-wolnosc-slowa-dziennikarz-skazany-dzien-po-slowach-tuska\/\"},\"author\":{\"name\":\"Filip\",\"@id\":\"https:\/\/www.pogotowieflagowe.pl\/aktualne\/#\/schema\/person\/9c2fb7d2362ebf6fa088960d7f0d27b0\"},\"headline\":\"Licencjonowana wolno\u015b\u0107 s\u0142owa: dziennikarz skazany dzie\u0144 po s\u0142owach Tuska\",\"datePublished\":\"2025-11-02T13:14:42+00:00\",\"dateModified\":\"2025-11-02T13:14:44+00:00\",\"mainEntityOfPage\":{\"@id\":\"https:\/\/www.pogotowieflagowe.pl\/aktualne\/licencjonowana-wolnosc-slowa-dziennikarz-skazany-dzien-po-slowach-tuska\/\"},\"wordCount\":1193,\"commentCount\":0,\"publisher\":{\"@id\":\"https:\/\/www.pogotowieflagowe.pl\/aktualne\/#organization\"},\"image\":{\"@id\":\"https:\/\/www.pogotowieflagowe.pl\/aktualne\/licencjonowana-wolnosc-slowa-dziennikarz-skazany-dzien-po-slowach-tuska\/#primaryimage\"},\"thumbnailUrl\":\"https:\/\/www.pogotowieflagowe.pl\/aktualne\/wp-content\/uploads\/2025\/11\/Licencjonowana-wolnosc-slowa-dziennikarz-skazany-dzien-po-slowach-Tuska.webp.webp\",\"keywords\":[\"Dzie\u0144\",\"Dziennikarz\",\"Licencjonowana\",\"skazany\",\"s\u0142owa\",\"s\u0142owach\",\"Tuska\",\"Wolno\u015b\u0107\"],\"articleSection\":[\"Aktualne\"],\"inLanguage\":\"pl-PL\",\"potentialAction\":[{\"@type\":\"CommentAction\",\"name\":\"Comment\",\"target\":[\"https:\/\/www.pogotowieflagowe.pl\/aktualne\/licencjonowana-wolnosc-slowa-dziennikarz-skazany-dzien-po-slowach-tuska\/#respond\"]}]},{\"@type\":\"WebPage\",\"@id\":\"https:\/\/www.pogotowieflagowe.pl\/aktualne\/licencjonowana-wolnosc-slowa-dziennikarz-skazany-dzien-po-slowach-tuska\/\",\"url\":\"https:\/\/www.pogotowieflagowe.pl\/aktualne\/licencjonowana-wolnosc-slowa-dziennikarz-skazany-dzien-po-slowach-tuska\/\",\"name\":\"Licencjonowana wolno\u015b\u0107 s\u0142owa: dziennikarz skazany dzie\u0144 po s\u0142owach Tuska - POGOTOWIE FLAGOWE\u00ae\",\"isPartOf\":{\"@id\":\"https:\/\/www.pogotowieflagowe.pl\/aktualne\/#website\"},\"primaryImageOfPage\":{\"@id\":\"https:\/\/www.pogotowieflagowe.pl\/aktualne\/licencjonowana-wolnosc-slowa-dziennikarz-skazany-dzien-po-slowach-tuska\/#primaryimage\"},\"image\":{\"@id\":\"https:\/\/www.pogotowieflagowe.pl\/aktualne\/licencjonowana-wolnosc-slowa-dziennikarz-skazany-dzien-po-slowach-tuska\/#primaryimage\"},\"thumbnailUrl\":\"https:\/\/www.pogotowieflagowe.pl\/aktualne\/wp-content\/uploads\/2025\/11\/Licencjonowana-wolnosc-slowa-dziennikarz-skazany-dzien-po-slowach-Tuska.webp.webp\",\"datePublished\":\"2025-11-02T13:14:42+00:00\",\"dateModified\":\"2025-11-02T13:14:44+00:00\",\"breadcrumb\":{\"@id\":\"https:\/\/www.pogotowieflagowe.pl\/aktualne\/licencjonowana-wolnosc-slowa-dziennikarz-skazany-dzien-po-slowach-tuska\/#breadcrumb\"},\"inLanguage\":\"pl-PL\",\"potentialAction\":[{\"@type\":\"ReadAction\",\"target\":[\"https:\/\/www.pogotowieflagowe.pl\/aktualne\/licencjonowana-wolnosc-slowa-dziennikarz-skazany-dzien-po-slowach-tuska\/\"]}]},{\"@type\":\"ImageObject\",\"inLanguage\":\"pl-PL\",\"@id\":\"https:\/\/www.pogotowieflagowe.pl\/aktualne\/licencjonowana-wolnosc-slowa-dziennikarz-skazany-dzien-po-slowach-tuska\/#primaryimage\",\"url\":\"https:\/\/www.pogotowieflagowe.pl\/aktualne\/wp-content\/uploads\/2025\/11\/Licencjonowana-wolnosc-slowa-dziennikarz-skazany-dzien-po-slowach-Tuska.webp.webp\",\"contentUrl\":\"https:\/\/www.pogotowieflagowe.pl\/aktualne\/wp-content\/uploads\/2025\/11\/Licencjonowana-wolnosc-slowa-dziennikarz-skazany-dzien-po-slowach-Tuska.webp.webp\",\"width\":1280,\"height\":720,\"caption\":\"Licencjonowana wolno\u015b\u0107 s\u0142owa: dziennikarz skazany dzie\u0144 po s\u0142owach Tuska\"},{\"@type\":\"BreadcrumbList\",\"@id\":\"https:\/\/www.pogotowieflagowe.pl\/aktualne\/licencjonowana-wolnosc-slowa-dziennikarz-skazany-dzien-po-slowach-tuska\/#breadcrumb\",\"itemListElement\":[{\"@type\":\"ListItem\",\"position\":1,\"name\":\"Home\",\"item\":\"https:\/\/www.pogotowieflagowe.pl\/aktualne\/\"},{\"@type\":\"ListItem\",\"position\":2,\"name\":\"Licencjonowana wolno\u015b\u0107 s\u0142owa: dziennikarz skazany dzie\u0144 po s\u0142owach Tuska\"}]},{\"@type\":\"WebSite\",\"@id\":\"https:\/\/www.pogotowieflagowe.pl\/aktualne\/#website\",\"url\":\"https:\/\/www.pogotowieflagowe.pl\/aktualne\/\",\"name\":\"POGOTOWIE FLAGOWE\u00ae\",\"description\":\"\",\"publisher\":{\"@id\":\"https:\/\/www.pogotowieflagowe.pl\/aktualne\/#organization\"},\"potentialAction\":[{\"@type\":\"SearchAction\",\"target\":{\"@type\":\"EntryPoint\",\"urlTemplate\":\"https:\/\/www.pogotowieflagowe.pl\/aktualne\/?s={search_term_string}\"},\"query-input\":\"required name=search_term_string\"}],\"inLanguage\":\"pl-PL\"},{\"@type\":\"Organization\",\"@id\":\"https:\/\/www.pogotowieflagowe.pl\/aktualne\/#organization\",\"name\":\"POGOTOWIE FLAGOWE\u00ae\",\"url\":\"https:\/\/www.pogotowieflagowe.pl\/aktualne\/\",\"logo\":{\"@type\":\"ImageObject\",\"inLanguage\":\"pl-PL\",\"@id\":\"https:\/\/www.pogotowieflagowe.pl\/aktualne\/#\/schema\/logo\/image\/\",\"url\":\"https:\/\/www.pogotowieflagowe.pl\/aktualne\/wp-content\/uploads\/2024\/08\/cropped-pogotowieflagowe_flaga_projekt_sm.jpg\",\"contentUrl\":\"https:\/\/www.pogotowieflagowe.pl\/aktualne\/wp-content\/uploads\/2024\/08\/cropped-pogotowieflagowe_flaga_projekt_sm.jpg\",\"width\":250,\"height\":143,\"caption\":\"POGOTOWIE FLAGOWE\u00ae\"},\"image\":{\"@id\":\"https:\/\/www.pogotowieflagowe.pl\/aktualne\/#\/schema\/logo\/image\/\"}},{\"@type\":\"Person\",\"@id\":\"https:\/\/www.pogotowieflagowe.pl\/aktualne\/#\/schema\/person\/9c2fb7d2362ebf6fa088960d7f0d27b0\",\"name\":\"Filip\",\"image\":{\"@type\":\"ImageObject\",\"inLanguage\":\"pl-PL\",\"@id\":\"https:\/\/www.pogotowieflagowe.pl\/aktualne\/#\/schema\/person\/image\/\",\"url\":\"https:\/\/www.pogotowieflagowe.pl\/aktualne\/wp-content\/uploads\/2024\/08\/pogotowieflagowe.pl_.jpg\",\"contentUrl\":\"https:\/\/www.pogotowieflagowe.pl\/aktualne\/wp-content\/uploads\/2024\/08\/pogotowieflagowe.pl_.jpg\",\"caption\":\"Filip\"},\"description\":\"Jestem Filip, polski dziennikarz z dyplomem nauk politycznych Uniwersytetu Warszawskiego. Rozpoczynaj\u0105c swoj\u0105 karier\u0119 w r\u00f3\u017cnych lokalnych mediach, zdoby\u0142em solidne do\u015bwiadczenie w zakresie \u015bledztwa i redakcji. Obecnie jako redaktor w Pogotowie flagowe, staram si\u0119 dostarcza\u0107 dog\u0142\u0119bne i istotne analizy na temat najwa\u017cniejszych kwestii aktualno\u015bci, \u0142\u0105cz\u0105c rygor z pasj\u0105 dziennikarsk\u0105.\",\"sameAs\":[\"https:\/\/www.pogotowieflagowe.pl\/\"]}]}<\/script>\n<!-- \/ Yoast SEO plugin. -->","yoast_head_json":{"title":"Licencjonowana wolno\u015b\u0107 s\u0142owa: dziennikarz skazany dzie\u0144 po s\u0142owach Tuska - POGOTOWIE FLAGOWE\u00ae","robots":{"index":"index","follow":"follow","max-snippet":"max-snippet:-1","max-image-preview":"max-image-preview:large","max-video-preview":"max-video-preview:-1"},"canonical":"https:\/\/www.pogotowieflagowe.pl\/aktualne\/licencjonowana-wolnosc-slowa-dziennikarz-skazany-dzien-po-slowach-tuska\/","og_locale":"pl_PL","og_type":"article","og_title":"Licencjonowana wolno\u015b\u0107 s\u0142owa: dziennikarz skazany dzie\u0144 po s\u0142owach Tuska - POGOTOWIE FLAGOWE\u00ae","og_description":"Zaledwie dzie\u0144 po tym, jak Donald Tusk zapewni\u0142 uczestnik\u00f3w konwencji Platformy Obywatelskiej, \u017ce tylko on mo\u017ce broni\u0107 wolno\u015bci s\u0142owa w","og_url":"https:\/\/www.pogotowieflagowe.pl\/aktualne\/licencjonowana-wolnosc-slowa-dziennikarz-skazany-dzien-po-slowach-tuska\/","og_site_name":"POGOTOWIE FLAGOWE\u00ae","article_published_time":"2025-11-02T13:14:42+00:00","article_modified_time":"2025-11-02T13:14:44+00:00","og_image":[{"width":1280,"height":720,"url":"https:\/\/www.pogotowieflagowe.pl\/aktualne\/wp-content\/uploads\/2025\/11\/Licencjonowana-wolnosc-slowa-dziennikarz-skazany-dzien-po-slowach-Tuska.webp.webp","type":"image\/webp"}],"author":"Filip","twitter_card":"summary_large_image","twitter_misc":{"Napisane przez":"Filip","Szacowany czas czytania":"6 minut"},"schema":{"@context":"https:\/\/schema.org","@graph":[{"@type":"Article","@id":"https:\/\/www.pogotowieflagowe.pl\/aktualne\/licencjonowana-wolnosc-slowa-dziennikarz-skazany-dzien-po-slowach-tuska\/#article","isPartOf":{"@id":"https:\/\/www.pogotowieflagowe.pl\/aktualne\/licencjonowana-wolnosc-slowa-dziennikarz-skazany-dzien-po-slowach-tuska\/"},"author":{"name":"Filip","@id":"https:\/\/www.pogotowieflagowe.pl\/aktualne\/#\/schema\/person\/9c2fb7d2362ebf6fa088960d7f0d27b0"},"headline":"Licencjonowana wolno\u015b\u0107 s\u0142owa: dziennikarz skazany dzie\u0144 po s\u0142owach Tuska","datePublished":"2025-11-02T13:14:42+00:00","dateModified":"2025-11-02T13:14:44+00:00","mainEntityOfPage":{"@id":"https:\/\/www.pogotowieflagowe.pl\/aktualne\/licencjonowana-wolnosc-slowa-dziennikarz-skazany-dzien-po-slowach-tuska\/"},"wordCount":1193,"commentCount":0,"publisher":{"@id":"https:\/\/www.pogotowieflagowe.pl\/aktualne\/#organization"},"image":{"@id":"https:\/\/www.pogotowieflagowe.pl\/aktualne\/licencjonowana-wolnosc-slowa-dziennikarz-skazany-dzien-po-slowach-tuska\/#primaryimage"},"thumbnailUrl":"https:\/\/www.pogotowieflagowe.pl\/aktualne\/wp-content\/uploads\/2025\/11\/Licencjonowana-wolnosc-slowa-dziennikarz-skazany-dzien-po-slowach-Tuska.webp.webp","keywords":["Dzie\u0144","Dziennikarz","Licencjonowana","skazany","s\u0142owa","s\u0142owach","Tuska","Wolno\u015b\u0107"],"articleSection":["Aktualne"],"inLanguage":"pl-PL","potentialAction":[{"@type":"CommentAction","name":"Comment","target":["https:\/\/www.pogotowieflagowe.pl\/aktualne\/licencjonowana-wolnosc-slowa-dziennikarz-skazany-dzien-po-slowach-tuska\/#respond"]}]},{"@type":"WebPage","@id":"https:\/\/www.pogotowieflagowe.pl\/aktualne\/licencjonowana-wolnosc-slowa-dziennikarz-skazany-dzien-po-slowach-tuska\/","url":"https:\/\/www.pogotowieflagowe.pl\/aktualne\/licencjonowana-wolnosc-slowa-dziennikarz-skazany-dzien-po-slowach-tuska\/","name":"Licencjonowana wolno\u015b\u0107 s\u0142owa: dziennikarz skazany dzie\u0144 po s\u0142owach Tuska - POGOTOWIE FLAGOWE\u00ae","isPartOf":{"@id":"https:\/\/www.pogotowieflagowe.pl\/aktualne\/#website"},"primaryImageOfPage":{"@id":"https:\/\/www.pogotowieflagowe.pl\/aktualne\/licencjonowana-wolnosc-slowa-dziennikarz-skazany-dzien-po-slowach-tuska\/#primaryimage"},"image":{"@id":"https:\/\/www.pogotowieflagowe.pl\/aktualne\/licencjonowana-wolnosc-slowa-dziennikarz-skazany-dzien-po-slowach-tuska\/#primaryimage"},"thumbnailUrl":"https:\/\/www.pogotowieflagowe.pl\/aktualne\/wp-content\/uploads\/2025\/11\/Licencjonowana-wolnosc-slowa-dziennikarz-skazany-dzien-po-slowach-Tuska.webp.webp","datePublished":"2025-11-02T13:14:42+00:00","dateModified":"2025-11-02T13:14:44+00:00","breadcrumb":{"@id":"https:\/\/www.pogotowieflagowe.pl\/aktualne\/licencjonowana-wolnosc-slowa-dziennikarz-skazany-dzien-po-slowach-tuska\/#breadcrumb"},"inLanguage":"pl-PL","potentialAction":[{"@type":"ReadAction","target":["https:\/\/www.pogotowieflagowe.pl\/aktualne\/licencjonowana-wolnosc-slowa-dziennikarz-skazany-dzien-po-slowach-tuska\/"]}]},{"@type":"ImageObject","inLanguage":"pl-PL","@id":"https:\/\/www.pogotowieflagowe.pl\/aktualne\/licencjonowana-wolnosc-slowa-dziennikarz-skazany-dzien-po-slowach-tuska\/#primaryimage","url":"https:\/\/www.pogotowieflagowe.pl\/aktualne\/wp-content\/uploads\/2025\/11\/Licencjonowana-wolnosc-slowa-dziennikarz-skazany-dzien-po-slowach-Tuska.webp.webp","contentUrl":"https:\/\/www.pogotowieflagowe.pl\/aktualne\/wp-content\/uploads\/2025\/11\/Licencjonowana-wolnosc-slowa-dziennikarz-skazany-dzien-po-slowach-Tuska.webp.webp","width":1280,"height":720,"caption":"Licencjonowana wolno\u015b\u0107 s\u0142owa: dziennikarz skazany dzie\u0144 po s\u0142owach Tuska"},{"@type":"BreadcrumbList","@id":"https:\/\/www.pogotowieflagowe.pl\/aktualne\/licencjonowana-wolnosc-slowa-dziennikarz-skazany-dzien-po-slowach-tuska\/#breadcrumb","itemListElement":[{"@type":"ListItem","position":1,"name":"Home","item":"https:\/\/www.pogotowieflagowe.pl\/aktualne\/"},{"@type":"ListItem","position":2,"name":"Licencjonowana wolno\u015b\u0107 s\u0142owa: dziennikarz skazany dzie\u0144 po s\u0142owach Tuska"}]},{"@type":"WebSite","@id":"https:\/\/www.pogotowieflagowe.pl\/aktualne\/#website","url":"https:\/\/www.pogotowieflagowe.pl\/aktualne\/","name":"POGOTOWIE FLAGOWE\u00ae","description":"","publisher":{"@id":"https:\/\/www.pogotowieflagowe.pl\/aktualne\/#organization"},"potentialAction":[{"@type":"SearchAction","target":{"@type":"EntryPoint","urlTemplate":"https:\/\/www.pogotowieflagowe.pl\/aktualne\/?s={search_term_string}"},"query-input":"required name=search_term_string"}],"inLanguage":"pl-PL"},{"@type":"Organization","@id":"https:\/\/www.pogotowieflagowe.pl\/aktualne\/#organization","name":"POGOTOWIE FLAGOWE\u00ae","url":"https:\/\/www.pogotowieflagowe.pl\/aktualne\/","logo":{"@type":"ImageObject","inLanguage":"pl-PL","@id":"https:\/\/www.pogotowieflagowe.pl\/aktualne\/#\/schema\/logo\/image\/","url":"https:\/\/www.pogotowieflagowe.pl\/aktualne\/wp-content\/uploads\/2024\/08\/cropped-pogotowieflagowe_flaga_projekt_sm.jpg","contentUrl":"https:\/\/www.pogotowieflagowe.pl\/aktualne\/wp-content\/uploads\/2024\/08\/cropped-pogotowieflagowe_flaga_projekt_sm.jpg","width":250,"height":143,"caption":"POGOTOWIE FLAGOWE\u00ae"},"image":{"@id":"https:\/\/www.pogotowieflagowe.pl\/aktualne\/#\/schema\/logo\/image\/"}},{"@type":"Person","@id":"https:\/\/www.pogotowieflagowe.pl\/aktualne\/#\/schema\/person\/9c2fb7d2362ebf6fa088960d7f0d27b0","name":"Filip","image":{"@type":"ImageObject","inLanguage":"pl-PL","@id":"https:\/\/www.pogotowieflagowe.pl\/aktualne\/#\/schema\/person\/image\/","url":"https:\/\/www.pogotowieflagowe.pl\/aktualne\/wp-content\/uploads\/2024\/08\/pogotowieflagowe.pl_.jpg","contentUrl":"https:\/\/www.pogotowieflagowe.pl\/aktualne\/wp-content\/uploads\/2024\/08\/pogotowieflagowe.pl_.jpg","caption":"Filip"},"description":"Jestem Filip, polski dziennikarz z dyplomem nauk politycznych Uniwersytetu Warszawskiego. Rozpoczynaj\u0105c swoj\u0105 karier\u0119 w r\u00f3\u017cnych lokalnych mediach, zdoby\u0142em solidne do\u015bwiadczenie w zakresie \u015bledztwa i redakcji. Obecnie jako redaktor w Pogotowie flagowe, staram si\u0119 dostarcza\u0107 dog\u0142\u0119bne i istotne analizy na temat najwa\u017cniejszych kwestii aktualno\u015bci, \u0142\u0105cz\u0105c rygor z pasj\u0105 dziennikarsk\u0105.","sameAs":["https:\/\/www.pogotowieflagowe.pl\/"]}]}},"_links":{"self":[{"href":"https:\/\/www.pogotowieflagowe.pl\/aktualne\/wp-json\/wp\/v2\/posts\/10066","targetHints":{"allow":["GET"]}}],"collection":[{"href":"https:\/\/www.pogotowieflagowe.pl\/aktualne\/wp-json\/wp\/v2\/posts"}],"about":[{"href":"https:\/\/www.pogotowieflagowe.pl\/aktualne\/wp-json\/wp\/v2\/types\/post"}],"author":[{"embeddable":true,"href":"https:\/\/www.pogotowieflagowe.pl\/aktualne\/wp-json\/wp\/v2\/users\/1"}],"replies":[{"embeddable":true,"href":"https:\/\/www.pogotowieflagowe.pl\/aktualne\/wp-json\/wp\/v2\/comments?post=10066"}],"version-history":[{"count":1,"href":"https:\/\/www.pogotowieflagowe.pl\/aktualne\/wp-json\/wp\/v2\/posts\/10066\/revisions"}],"predecessor-version":[{"id":10068,"href":"https:\/\/www.pogotowieflagowe.pl\/aktualne\/wp-json\/wp\/v2\/posts\/10066\/revisions\/10068"}],"wp:featuredmedia":[{"embeddable":true,"href":"https:\/\/www.pogotowieflagowe.pl\/aktualne\/wp-json\/wp\/v2\/media\/10067"}],"wp:attachment":[{"href":"https:\/\/www.pogotowieflagowe.pl\/aktualne\/wp-json\/wp\/v2\/media?parent=10066"}],"wp:term":[{"taxonomy":"category","embeddable":true,"href":"https:\/\/www.pogotowieflagowe.pl\/aktualne\/wp-json\/wp\/v2\/categories?post=10066"},{"taxonomy":"post_tag","embeddable":true,"href":"https:\/\/www.pogotowieflagowe.pl\/aktualne\/wp-json\/wp\/v2\/tags?post=10066"}],"curies":[{"name":"wp","href":"https:\/\/api.w.org\/{rel}","templated":true}]}}