{"id":10069,"date":"2025-11-02T14:47:13","date_gmt":"2025-11-02T13:47:13","guid":{"rendered":"https:\/\/www.pogotowieflagowe.pl\/aktualne\/wazny-apel-w-tv-republika-jestem-po-stronie-antypis-ale-nie-chcialbym-zeby-ziobro-zginal-w-areszcie\/"},"modified":"2025-11-02T14:47:13","modified_gmt":"2025-11-02T13:47:13","slug":"wazny-apel-w-tv-republika-jestem-po-stronie-antypis-ale-nie-chcialbym-zeby-ziobro-zginal-w-areszcie","status":"publish","type":"post","link":"https:\/\/www.pogotowieflagowe.pl\/aktualne\/wazny-apel-w-tv-republika-jestem-po-stronie-antypis-ale-nie-chcialbym-zeby-ziobro-zginal-w-areszcie\/","title":{"rendered":"Wa\u017cny apel w TV Republika. \u201eJestem po stronie antyPiS, ale nie chcia\u0142bym, \u017ceby Ziobro zgin\u0105\u0142 w areszcie\u201d"},"content":{"rendered":"\n<div class=\"td_block_wrap tdb_single_content tdi_41 td-pb-border-top td_block_template_8 td-post-content tagdiv-type\" data-td-block-uid=\"tdi_41\">\n<style>.tdi_41{margines-top:0px!important;margin-bottom:0px!important;dope\u0142nienie-g\u00f3ra:0px!important;dope\u0142nienie-d\u00f3\u0142:0px!important}<\/style>\n<style>.tdb_single_content{margin-bottom:0;*zoom:1}.tdb_single_content:before,.tdb_single_content:after{display:table;content:'';line-height:0}.tdb_single_content:after{clear:both}.tdb_single_content .tdb-block-inner>*:not(.wp-block-quote):not(.alignwide):not(.alignfull.wp-block-cover.has-parallax):not(.td-a-ad){margin-left:auto;margin-right:auto}.tdb_single_content a{pointer-events:auto}.tdb_single_content .td-spot-id-top_ad .tdc-placeholder-title:before{content:'Najlepsza reklama artyku\u0142u'!important}.tdb_single_content .td-spot-id-inline_ad0 .tdc-placeholder-title:before{content:'Reklama wbudowana artyku\u0142u 1'!important}.tdb_single_content .td-spot-id-inline_ad1 .tdc-placeholder-title:before{content:'Wbudowana reklama w artykule 2'!important}.tdb_single_content .td-spot-id-inline_ad2 .tdc-placeholder-title:before{content:'Wbudowana reklama w artykule 3'!important}.tdb_single_content .td-spot-id-bottom_ad .tdc-placeholder-title:before{content:'Article Bottom Ad'!important}.tdb_single_content .id_top_ad,.tdb_single_content .id_bottom_ad{clear:both;margin-bottom:21px;text-align:center}.tdb_single_content .id_top_ad img,.tdb_single_content .id_bottom_ad img{margin-bottom:0}.tdb_single_content .id_top_ad .adsbygoogle,.tdb_single_content .id_bottom_ad .adsbygoogle{position:relative}.tdb_single_content .id_ad_content-horiz-left,.tdb_single_content .id_ad_content-horiz-right,.tdb_single_content .id_ad_content-horiz-center{margin-bottom:15px}.tdb_single_content .id_ad_content-horiz-left img,.tdb_single_content .id_ad_content-horiz-right img,.tdb_single_content .id_ad_content-horiz-center img{margin-bottom:0}.tdb_single_content .id_ad_content-horiz-center{text-align:center}.tdb_single_content .id_ad_content-horiz-center img{margin-right:auto;margin-left:auto}.tdb_single_content .id_ad_content-horiz-left{float:left;margin-top:9px;margin-right:21px}.tdb_single_content .id_ad_content-horiz-right{float:right;margin-top:6px;margin-left:21px}.tdb_single_content .tdc-a-ad .tdc-placeholder-title{width:300px;height:250px}.tdb_single_content .tdc-a-ad .tdc-placeholder-title:before{position:absolute;top:50%;-webkit-transform:translateY(-50%);transform:translateY(-50%);margin:auto;display:table;width:100%}.tdb_single_content .tdb-block-inner.td-fix-index{word-break:break-word}.tdi_41,.tdi_41>p,.tdi_41 .tdb-block-inner>p,.wp-block-column>p{font-size:16px!important;line-height:1.6!important}.tdi_41 .tdb-block-inner blockquote p{font-style:normal!important}@media (max-width:767px){.tdb_single_content .id_ad_content-horiz-left,.tdb_single_content .id_ad_content-horiz-right,.tdb_single_content .id_ad_content-horiz-center{margin:0 auto 26 pikseli auto}}@media (max-width:767px){.tdb_single_content .id_ad_content-horiz-left{margin-right:0}}@media (max-width:767px){.tdb_single_content .id_ad_content-horiz-right{margin-left:0}}@media (max-width:767px){.tdb_single_content .td-a-ad{float:none;text-align:center}.tdb_single_content .td-a-ad img{margin-right:auto;margin-left:auto}.tdb_single_content .tdc-a-ad{float:none}}<\/style>\n<div class=\"tdb-block-inner td-fix-index\">\n<p>&#8222;Jestem po stronie antyPiS, ale nie chcia\u0142bym, \u017ceby pan Zbigniew Ziobro trafi\u0142 do aresztu, pogorszy\u0142 si\u0119 jego stan zdrowia i zmar\u0142. Taki scenariusz mo\u017ce si\u0119 wydarzy\u0107&#8221; &#8211; o\u015bwiadczy\u0142 Piotr Bakun z Nowej Fali w programie \u201eMi\u0142osz K\u0142eczek. Wysokie wydanie\u201d w TV Republika. Polityk podkre\u015bli\u0142, \u017ce jego zdaniem Ziobro powinien m\u00f3c odpowiada\u0107 na zarzuty na wolno\u015bci.<\/p>\n<h2 class=\"wp-block-heading\">Wniosek o aresztowanie Ziobry<\/h2>\n<p>We wtorek Waldemar \u017burek, obecny Minister Sprawiedliwo\u015bci i Prokurator Generalny, z\u0142o\u017cy\u0142 do Marsza\u0142ka Sejmu Szymona Ho\u0142owni pro\u015bb\u0119 o wyra\u017cenie zgody na poci\u0105gni\u0119cie Ziobry do odpowiedzialno\u015bci karnej oraz na jego zatrzymanie i aresztowanie. Rzecznik Prokuratury Generalnej prokurator Anna Adamiak poinformowa\u0142a na konferencji prasowej, \u017ce do Marsza\u0142ka Sejmu wp\u0142yn\u0105\u0142 158-stronicowy wniosek prokuratorski.<\/p>\n<p>Sprawa ma dotyczy\u0107 rzekomych nieprawid\u0142owo\u015bci w wydatkowaniu \u015brodk\u00f3w z Funduszu Sprawiedliwo\u015bci. Wed\u0142ug rzecznika Prokuratora Generalnego Ziobro b\u0119d\u0105c szefem Ministerstwa Sprawiedliwo\u015bci utworzy\u0142 i kierowa\u0142 zorganizowan\u0105 grup\u0105 przest\u0119pcz\u0105, kt\u00f3ra przyw\u0142aszczy\u0142a sobie z tego funduszu ponad 150 mln z\u0142.<\/p>\n<p>Tymczasem na 6 listopada zwo\u0142ano posiedzenie Komisji Regulaminowej, na kt\u00f3rym pos\u0142owie rozpatrz\u0105 wniosek o uchylenie immunitetu by\u0142ego ministra sprawiedliwo\u015bci Zbigniewa Ziobry.<\/p>\n<h2 class=\"wp-block-heading\">\u201eOpinia publiczna ma wra\u017cenie, \u017ce to wszystko jest zaplanowane\u201d<\/h2>\n<p>O dzia\u0142aniach koalicji z 13 grudnia przeciwko Zbigniewowi Ziobro rozmawiali politycy w programie \u201eMi\u0142osz K\u0142eczek. Wysokie wydanie\u201d w TV Republika.<\/p>\n<p>Po co by\u0142a operacja zmiany prezes\u00f3w i wiceprezes\u00f3w, a potem rozporz\u0105dzenie dotycz\u0105ce eliminacji przydzia\u0142u spraw losowych? \u017byjemy w pa\u0144stwie, w kt\u00f3rym panuje re\u017cim. Ostatnie dwa lata podporz\u0105dkowano jego budowie. Przede wszystkim by\u0142a to nielegalnie przej\u0119ta prokuratura, po prostu zaatakowana. Dosz\u0142a jeszcze sprawa dotycz\u0105ca s\u0105d\u00f3w \u2013 prezes\u00f3w, wiceprezes\u00f3w. Te stanowiska r\u00f3wnie\u017c by\u0142y atakowane. Potem zasady losowego przydzia\u0142u spraw \u2014 przypomnia\u0142 Micha\u0142 W\u00f3jcik, pose\u0142 PiS.<\/p>\n<p>Polityk podkre\u015bli\u0142, \u017ce \u201eje\u015bli dzisiaj kto\u015b my\u015bli, \u017ce b\u0119dzie sprawiedliwy proces, sprawiedliwe post\u0119powanie, to jest bardzo naiwny\u201d.<\/p>\n<p>Piotr Bakun z Nowej Fali zwr\u00f3ci\u0142 z kolei uwag\u0119, \u017ce \u201ekiedy prokuratura sk\u0142ada wnioski o tymczasowe aresztowanie, statystycznie w 90 proc. przypadk\u00f3w s\u0105dy si\u0119 na nie zgadzaj\u0105\u201d. Podkre\u015bli\u0142 tak\u017ce, \u017ce ze wzgl\u0119du na chorob\u0119 nowotworow\u0105, z kt\u00f3r\u0105 zmaga si\u0119 by\u0142y Minister Sprawiedliwo\u015bci, powinien odpowiada\u0107 z wolno\u015bci.<\/p>\n<p>&#8222;Mimo mojego negatywnego stosunku do ministra, uwa\u017cam, \u017ce powinno by\u0107 cz\u0142owiecze\u0144stwo. Wiem, \u017ce aby pom\u00f3c Ziobro wyj\u015b\u0107 z tej choroby, chcia\u0142bym spojrze\u0107 mu prosto w oczy i powiedzie\u0107: \u00abWidzisz, warto teraz to zmieni\u0107.\u00bb Oczywi\u015bcie, je\u015bli po\u017cyje wystarczaj\u0105co d\u0142ugo, zostanie ministrem. Je\u017celi wiem, \u017ce kto\u015b jest chory i wiem, \u017ce mam wiele rzeczy, kt\u00f3re chc\u0119 od niego wydoby\u0107, to my\u015bl\u0119, \u017ce nie m\u00f3wi\u0142abym mu tego, \u017ceby nie pogorszy\u0107 jego stanu ze zwyk\u0142ej ludzkiej przyzwoito\u015bci. Jestem po stronie antyPiS, ale nie chcia\u0142bym, \u017ceby pan Zbigniew Ziobro trafi\u0142 do aresztu, tam jego stan zdrowia si\u0119 pogorszy\u0142 i zmar\u0142. Taki scenariusz mo\u017ce si\u0119 spe\u0142ni\u0107\u201d \u2013 zapowiedzia\u0142.<\/p>\n<p>Doda\u0142, \u017ce \u201eje\u015bli kto\u015b jest chory, niech wyzdrowieje, niech minie rok, dwa, trzy i dopiero wtedy b\u0119dzie mo\u017cna go zaatakowa\u0107\u201d.<\/p>\n<p>&#8222;Pan Zbigniew Ziobro r\u00f3wnie dobrze mo\u017ce odpowiedzie\u0107 z wolno\u015bci. Nic si\u0119 nie stanie, je\u015bli odpowie z wolno\u015bci. Opinia publiczna ma wra\u017cenie, \u017ce to wszystko jest zaplanowane i wyre\u017cyserowane&#8221; &#8211; o\u015bwiadczy\u0142.<\/p>\n<\/div>\n<\/div>\n","protected":false},"excerpt":{"rendered":"<p>&#8222;Jestem po stronie antyPiS, ale nie chcia\u0142bym, \u017ceby pan Zbigniew Ziobro trafi\u0142 do aresztu, pogorszy\u0142 si\u0119 jego stan zdrowia i<\/p>\n","protected":false},"author":1,"featured_media":9951,"comment_status":"open","ping_status":"open","sticky":false,"template":"","format":"standard","meta":{"footnotes":""},"categories":[4748],"tags":[1124,11574,718,2546,11575,5937,450,340,1662,3914,11032,11576,3360],"class_list":["post-10069","post","type-post","status-publish","format-standard","has-post-thumbnail","hentry","category-aktualne","tag-ale","tag-antypis","tag-apel","tag-areszcie","tag-chcialbym","tag-jestem","tag-nie","tag-republika","tag-stronie","tag-wazny","tag-zeby","tag-zginal","tag-ziobro","generate-columns","tablet-grid-50","mobile-grid-100","grid-parent","grid-50","resize-featured-image"],"yoast_head":"<!-- This site is optimized with the Yoast SEO plugin v23.2 - https:\/\/yoast.com\/wordpress\/plugins\/seo\/ -->\n<title>Wa\u017cny apel w TV Republika. \u201eJestem po stronie antyPiS, ale nie chcia\u0142bym, \u017ceby Ziobro zgin\u0105\u0142 w areszcie\u201d - POGOTOWIE FLAGOWE\u00ae<\/title>\n<meta name=\"robots\" content=\"index, follow, max-snippet:-1, max-image-preview:large, max-video-preview:-1\" \/>\n<link rel=\"canonical\" href=\"https:\/\/www.pogotowieflagowe.pl\/aktualne\/wazny-apel-w-tv-republika-jestem-po-stronie-antypis-ale-nie-chcialbym-zeby-ziobro-zginal-w-areszcie\/\" \/>\n<meta property=\"og:locale\" content=\"pl_PL\" \/>\n<meta property=\"og:type\" content=\"article\" \/>\n<meta property=\"og:title\" content=\"Wa\u017cny apel w TV Republika. \u201eJestem po stronie antyPiS, ale nie chcia\u0142bym, \u017ceby Ziobro zgin\u0105\u0142 w areszcie\u201d - POGOTOWIE FLAGOWE\u00ae\" \/>\n<meta property=\"og:description\" content=\"&#8222;Jestem po stronie antyPiS, ale nie chcia\u0142bym, \u017ceby pan Zbigniew Ziobro trafi\u0142 do aresztu, pogorszy\u0142 si\u0119 jego stan zdrowia i\" \/>\n<meta property=\"og:url\" content=\"https:\/\/www.pogotowieflagowe.pl\/aktualne\/wazny-apel-w-tv-republika-jestem-po-stronie-antypis-ale-nie-chcialbym-zeby-ziobro-zginal-w-areszcie\/\" \/>\n<meta property=\"og:site_name\" content=\"POGOTOWIE FLAGOWE\u00ae\" \/>\n<meta property=\"article:published_time\" content=\"2025-11-02T13:47:13+00:00\" \/>\n<meta property=\"og:image\" content=\"https:\/\/www.pogotowieflagowe.pl\/aktualne\/wp-content\/uploads\/2025\/10\/Czy-aresztowanie-Ziobry-ma-zwiazek-z-prawem-\u2013-czy-z.webp.webp\" \/>\n\t<meta property=\"og:image:width\" content=\"1280\" \/>\n\t<meta property=\"og:image:height\" content=\"720\" \/>\n\t<meta property=\"og:image:type\" content=\"image\/webp\" \/>\n<meta name=\"author\" content=\"Filip\" \/>\n<meta name=\"twitter:card\" content=\"summary_large_image\" \/>\n<meta name=\"twitter:label1\" content=\"Napisane przez\" \/>\n\t<meta name=\"twitter:data1\" content=\"Filip\" \/>\n\t<meta name=\"twitter:label2\" content=\"Szacowany czas czytania\" \/>\n\t<meta name=\"twitter:data2\" content=\"3 minuty\" \/>\n<script type=\"application\/ld+json\" class=\"yoast-schema-graph\">{\"@context\":\"https:\/\/schema.org\",\"@graph\":[{\"@type\":\"Article\",\"@id\":\"https:\/\/www.pogotowieflagowe.pl\/aktualne\/wazny-apel-w-tv-republika-jestem-po-stronie-antypis-ale-nie-chcialbym-zeby-ziobro-zginal-w-areszcie\/#article\",\"isPartOf\":{\"@id\":\"https:\/\/www.pogotowieflagowe.pl\/aktualne\/wazny-apel-w-tv-republika-jestem-po-stronie-antypis-ale-nie-chcialbym-zeby-ziobro-zginal-w-areszcie\/\"},\"author\":{\"name\":\"Filip\",\"@id\":\"https:\/\/www.pogotowieflagowe.pl\/aktualne\/#\/schema\/person\/9c2fb7d2362ebf6fa088960d7f0d27b0\"},\"headline\":\"Wa\u017cny apel w TV Republika. \u201eJestem po stronie antyPiS, ale nie chcia\u0142bym, \u017ceby Ziobro zgin\u0105\u0142 w areszcie\u201d\",\"datePublished\":\"2025-11-02T13:47:13+00:00\",\"dateModified\":\"2025-11-02T13:47:13+00:00\",\"mainEntityOfPage\":{\"@id\":\"https:\/\/www.pogotowieflagowe.pl\/aktualne\/wazny-apel-w-tv-republika-jestem-po-stronie-antypis-ale-nie-chcialbym-zeby-ziobro-zginal-w-areszcie\/\"},\"wordCount\":596,\"commentCount\":0,\"publisher\":{\"@id\":\"https:\/\/www.pogotowieflagowe.pl\/aktualne\/#organization\"},\"image\":{\"@id\":\"https:\/\/www.pogotowieflagowe.pl\/aktualne\/wazny-apel-w-tv-republika-jestem-po-stronie-antypis-ale-nie-chcialbym-zeby-ziobro-zginal-w-areszcie\/#primaryimage\"},\"thumbnailUrl\":\"https:\/\/www.pogotowieflagowe.pl\/aktualne\/wp-content\/uploads\/2025\/10\/Czy-aresztowanie-Ziobry-ma-zwiazek-z-prawem-\u2013-czy-z.webp.webp\",\"keywords\":[\"ale\",\"antyPiS\",\"apel\",\"areszcie\",\"chcia\u0142bym\",\"Jestem\",\"Nie\",\"Republika\",\"stronie\",\"wa\u017cny\",\"\u017ceby\",\"zgin\u0105\u0142\",\"Ziobro\"],\"articleSection\":[\"Aktualne\"],\"inLanguage\":\"pl-PL\",\"potentialAction\":[{\"@type\":\"CommentAction\",\"name\":\"Comment\",\"target\":[\"https:\/\/www.pogotowieflagowe.pl\/aktualne\/wazny-apel-w-tv-republika-jestem-po-stronie-antypis-ale-nie-chcialbym-zeby-ziobro-zginal-w-areszcie\/#respond\"]}]},{\"@type\":\"WebPage\",\"@id\":\"https:\/\/www.pogotowieflagowe.pl\/aktualne\/wazny-apel-w-tv-republika-jestem-po-stronie-antypis-ale-nie-chcialbym-zeby-ziobro-zginal-w-areszcie\/\",\"url\":\"https:\/\/www.pogotowieflagowe.pl\/aktualne\/wazny-apel-w-tv-republika-jestem-po-stronie-antypis-ale-nie-chcialbym-zeby-ziobro-zginal-w-areszcie\/\",\"name\":\"Wa\u017cny apel w TV Republika. \u201eJestem po stronie antyPiS, ale nie chcia\u0142bym, \u017ceby Ziobro zgin\u0105\u0142 w areszcie\u201d - POGOTOWIE FLAGOWE\u00ae\",\"isPartOf\":{\"@id\":\"https:\/\/www.pogotowieflagowe.pl\/aktualne\/#website\"},\"primaryImageOfPage\":{\"@id\":\"https:\/\/www.pogotowieflagowe.pl\/aktualne\/wazny-apel-w-tv-republika-jestem-po-stronie-antypis-ale-nie-chcialbym-zeby-ziobro-zginal-w-areszcie\/#primaryimage\"},\"image\":{\"@id\":\"https:\/\/www.pogotowieflagowe.pl\/aktualne\/wazny-apel-w-tv-republika-jestem-po-stronie-antypis-ale-nie-chcialbym-zeby-ziobro-zginal-w-areszcie\/#primaryimage\"},\"thumbnailUrl\":\"https:\/\/www.pogotowieflagowe.pl\/aktualne\/wp-content\/uploads\/2025\/10\/Czy-aresztowanie-Ziobry-ma-zwiazek-z-prawem-\u2013-czy-z.webp.webp\",\"datePublished\":\"2025-11-02T13:47:13+00:00\",\"dateModified\":\"2025-11-02T13:47:13+00:00\",\"breadcrumb\":{\"@id\":\"https:\/\/www.pogotowieflagowe.pl\/aktualne\/wazny-apel-w-tv-republika-jestem-po-stronie-antypis-ale-nie-chcialbym-zeby-ziobro-zginal-w-areszcie\/#breadcrumb\"},\"inLanguage\":\"pl-PL\",\"potentialAction\":[{\"@type\":\"ReadAction\",\"target\":[\"https:\/\/www.pogotowieflagowe.pl\/aktualne\/wazny-apel-w-tv-republika-jestem-po-stronie-antypis-ale-nie-chcialbym-zeby-ziobro-zginal-w-areszcie\/\"]}]},{\"@type\":\"ImageObject\",\"inLanguage\":\"pl-PL\",\"@id\":\"https:\/\/www.pogotowieflagowe.pl\/aktualne\/wazny-apel-w-tv-republika-jestem-po-stronie-antypis-ale-nie-chcialbym-zeby-ziobro-zginal-w-areszcie\/#primaryimage\",\"url\":\"https:\/\/www.pogotowieflagowe.pl\/aktualne\/wp-content\/uploads\/2025\/10\/Czy-aresztowanie-Ziobry-ma-zwiazek-z-prawem-\u2013-czy-z.webp.webp\",\"contentUrl\":\"https:\/\/www.pogotowieflagowe.pl\/aktualne\/wp-content\/uploads\/2025\/10\/Czy-aresztowanie-Ziobry-ma-zwiazek-z-prawem-\u2013-czy-z.webp.webp\",\"width\":1280,\"height\":720,\"caption\":\"Czy aresztowanie Ziobry ma zwi\u0105zek z prawem \u2013 czy z nag\u0142\u00f3wkami gazet?\"},{\"@type\":\"BreadcrumbList\",\"@id\":\"https:\/\/www.pogotowieflagowe.pl\/aktualne\/wazny-apel-w-tv-republika-jestem-po-stronie-antypis-ale-nie-chcialbym-zeby-ziobro-zginal-w-areszcie\/#breadcrumb\",\"itemListElement\":[{\"@type\":\"ListItem\",\"position\":1,\"name\":\"Home\",\"item\":\"https:\/\/www.pogotowieflagowe.pl\/aktualne\/\"},{\"@type\":\"ListItem\",\"position\":2,\"name\":\"Wa\u017cny apel w TV Republika. \u201eJestem po stronie antyPiS, ale nie chcia\u0142bym, \u017ceby Ziobro zgin\u0105\u0142 w areszcie\u201d\"}]},{\"@type\":\"WebSite\",\"@id\":\"https:\/\/www.pogotowieflagowe.pl\/aktualne\/#website\",\"url\":\"https:\/\/www.pogotowieflagowe.pl\/aktualne\/\",\"name\":\"POGOTOWIE FLAGOWE\u00ae\",\"description\":\"\",\"publisher\":{\"@id\":\"https:\/\/www.pogotowieflagowe.pl\/aktualne\/#organization\"},\"potentialAction\":[{\"@type\":\"SearchAction\",\"target\":{\"@type\":\"EntryPoint\",\"urlTemplate\":\"https:\/\/www.pogotowieflagowe.pl\/aktualne\/?s={search_term_string}\"},\"query-input\":\"required name=search_term_string\"}],\"inLanguage\":\"pl-PL\"},{\"@type\":\"Organization\",\"@id\":\"https:\/\/www.pogotowieflagowe.pl\/aktualne\/#organization\",\"name\":\"POGOTOWIE FLAGOWE\u00ae\",\"url\":\"https:\/\/www.pogotowieflagowe.pl\/aktualne\/\",\"logo\":{\"@type\":\"ImageObject\",\"inLanguage\":\"pl-PL\",\"@id\":\"https:\/\/www.pogotowieflagowe.pl\/aktualne\/#\/schema\/logo\/image\/\",\"url\":\"https:\/\/www.pogotowieflagowe.pl\/aktualne\/wp-content\/uploads\/2024\/08\/cropped-pogotowieflagowe_flaga_projekt_sm.jpg\",\"contentUrl\":\"https:\/\/www.pogotowieflagowe.pl\/aktualne\/wp-content\/uploads\/2024\/08\/cropped-pogotowieflagowe_flaga_projekt_sm.jpg\",\"width\":250,\"height\":143,\"caption\":\"POGOTOWIE FLAGOWE\u00ae\"},\"image\":{\"@id\":\"https:\/\/www.pogotowieflagowe.pl\/aktualne\/#\/schema\/logo\/image\/\"}},{\"@type\":\"Person\",\"@id\":\"https:\/\/www.pogotowieflagowe.pl\/aktualne\/#\/schema\/person\/9c2fb7d2362ebf6fa088960d7f0d27b0\",\"name\":\"Filip\",\"image\":{\"@type\":\"ImageObject\",\"inLanguage\":\"pl-PL\",\"@id\":\"https:\/\/www.pogotowieflagowe.pl\/aktualne\/#\/schema\/person\/image\/\",\"url\":\"https:\/\/www.pogotowieflagowe.pl\/aktualne\/wp-content\/uploads\/2024\/08\/pogotowieflagowe.pl_.jpg\",\"contentUrl\":\"https:\/\/www.pogotowieflagowe.pl\/aktualne\/wp-content\/uploads\/2024\/08\/pogotowieflagowe.pl_.jpg\",\"caption\":\"Filip\"},\"description\":\"Jestem Filip, polski dziennikarz z dyplomem nauk politycznych Uniwersytetu Warszawskiego. Rozpoczynaj\u0105c swoj\u0105 karier\u0119 w r\u00f3\u017cnych lokalnych mediach, zdoby\u0142em solidne do\u015bwiadczenie w zakresie \u015bledztwa i redakcji. Obecnie jako redaktor w Pogotowie flagowe, staram si\u0119 dostarcza\u0107 dog\u0142\u0119bne i istotne analizy na temat najwa\u017cniejszych kwestii aktualno\u015bci, \u0142\u0105cz\u0105c rygor z pasj\u0105 dziennikarsk\u0105.\",\"sameAs\":[\"https:\/\/www.pogotowieflagowe.pl\/\"]}]}<\/script>\n<!-- \/ Yoast SEO plugin. -->","yoast_head_json":{"title":"Wa\u017cny apel w TV Republika. \u201eJestem po stronie antyPiS, ale nie chcia\u0142bym, \u017ceby Ziobro zgin\u0105\u0142 w areszcie\u201d - POGOTOWIE FLAGOWE\u00ae","robots":{"index":"index","follow":"follow","max-snippet":"max-snippet:-1","max-image-preview":"max-image-preview:large","max-video-preview":"max-video-preview:-1"},"canonical":"https:\/\/www.pogotowieflagowe.pl\/aktualne\/wazny-apel-w-tv-republika-jestem-po-stronie-antypis-ale-nie-chcialbym-zeby-ziobro-zginal-w-areszcie\/","og_locale":"pl_PL","og_type":"article","og_title":"Wa\u017cny apel w TV Republika. \u201eJestem po stronie antyPiS, ale nie chcia\u0142bym, \u017ceby Ziobro zgin\u0105\u0142 w areszcie\u201d - POGOTOWIE FLAGOWE\u00ae","og_description":"&#8222;Jestem po stronie antyPiS, ale nie chcia\u0142bym, \u017ceby pan Zbigniew Ziobro trafi\u0142 do aresztu, pogorszy\u0142 si\u0119 jego stan zdrowia i","og_url":"https:\/\/www.pogotowieflagowe.pl\/aktualne\/wazny-apel-w-tv-republika-jestem-po-stronie-antypis-ale-nie-chcialbym-zeby-ziobro-zginal-w-areszcie\/","og_site_name":"POGOTOWIE FLAGOWE\u00ae","article_published_time":"2025-11-02T13:47:13+00:00","og_image":[{"width":1280,"height":720,"url":"https:\/\/www.pogotowieflagowe.pl\/aktualne\/wp-content\/uploads\/2025\/10\/Czy-aresztowanie-Ziobry-ma-zwiazek-z-prawem-\u2013-czy-z.webp.webp","type":"image\/webp"}],"author":"Filip","twitter_card":"summary_large_image","twitter_misc":{"Napisane przez":"Filip","Szacowany czas czytania":"3 minuty"},"schema":{"@context":"https:\/\/schema.org","@graph":[{"@type":"Article","@id":"https:\/\/www.pogotowieflagowe.pl\/aktualne\/wazny-apel-w-tv-republika-jestem-po-stronie-antypis-ale-nie-chcialbym-zeby-ziobro-zginal-w-areszcie\/#article","isPartOf":{"@id":"https:\/\/www.pogotowieflagowe.pl\/aktualne\/wazny-apel-w-tv-republika-jestem-po-stronie-antypis-ale-nie-chcialbym-zeby-ziobro-zginal-w-areszcie\/"},"author":{"name":"Filip","@id":"https:\/\/www.pogotowieflagowe.pl\/aktualne\/#\/schema\/person\/9c2fb7d2362ebf6fa088960d7f0d27b0"},"headline":"Wa\u017cny apel w TV Republika. \u201eJestem po stronie antyPiS, ale nie chcia\u0142bym, \u017ceby Ziobro zgin\u0105\u0142 w areszcie\u201d","datePublished":"2025-11-02T13:47:13+00:00","dateModified":"2025-11-02T13:47:13+00:00","mainEntityOfPage":{"@id":"https:\/\/www.pogotowieflagowe.pl\/aktualne\/wazny-apel-w-tv-republika-jestem-po-stronie-antypis-ale-nie-chcialbym-zeby-ziobro-zginal-w-areszcie\/"},"wordCount":596,"commentCount":0,"publisher":{"@id":"https:\/\/www.pogotowieflagowe.pl\/aktualne\/#organization"},"image":{"@id":"https:\/\/www.pogotowieflagowe.pl\/aktualne\/wazny-apel-w-tv-republika-jestem-po-stronie-antypis-ale-nie-chcialbym-zeby-ziobro-zginal-w-areszcie\/#primaryimage"},"thumbnailUrl":"https:\/\/www.pogotowieflagowe.pl\/aktualne\/wp-content\/uploads\/2025\/10\/Czy-aresztowanie-Ziobry-ma-zwiazek-z-prawem-\u2013-czy-z.webp.webp","keywords":["ale","antyPiS","apel","areszcie","chcia\u0142bym","Jestem","Nie","Republika","stronie","wa\u017cny","\u017ceby","zgin\u0105\u0142","Ziobro"],"articleSection":["Aktualne"],"inLanguage":"pl-PL","potentialAction":[{"@type":"CommentAction","name":"Comment","target":["https:\/\/www.pogotowieflagowe.pl\/aktualne\/wazny-apel-w-tv-republika-jestem-po-stronie-antypis-ale-nie-chcialbym-zeby-ziobro-zginal-w-areszcie\/#respond"]}]},{"@type":"WebPage","@id":"https:\/\/www.pogotowieflagowe.pl\/aktualne\/wazny-apel-w-tv-republika-jestem-po-stronie-antypis-ale-nie-chcialbym-zeby-ziobro-zginal-w-areszcie\/","url":"https:\/\/www.pogotowieflagowe.pl\/aktualne\/wazny-apel-w-tv-republika-jestem-po-stronie-antypis-ale-nie-chcialbym-zeby-ziobro-zginal-w-areszcie\/","name":"Wa\u017cny apel w TV Republika. \u201eJestem po stronie antyPiS, ale nie chcia\u0142bym, \u017ceby Ziobro zgin\u0105\u0142 w areszcie\u201d - POGOTOWIE FLAGOWE\u00ae","isPartOf":{"@id":"https:\/\/www.pogotowieflagowe.pl\/aktualne\/#website"},"primaryImageOfPage":{"@id":"https:\/\/www.pogotowieflagowe.pl\/aktualne\/wazny-apel-w-tv-republika-jestem-po-stronie-antypis-ale-nie-chcialbym-zeby-ziobro-zginal-w-areszcie\/#primaryimage"},"image":{"@id":"https:\/\/www.pogotowieflagowe.pl\/aktualne\/wazny-apel-w-tv-republika-jestem-po-stronie-antypis-ale-nie-chcialbym-zeby-ziobro-zginal-w-areszcie\/#primaryimage"},"thumbnailUrl":"https:\/\/www.pogotowieflagowe.pl\/aktualne\/wp-content\/uploads\/2025\/10\/Czy-aresztowanie-Ziobry-ma-zwiazek-z-prawem-\u2013-czy-z.webp.webp","datePublished":"2025-11-02T13:47:13+00:00","dateModified":"2025-11-02T13:47:13+00:00","breadcrumb":{"@id":"https:\/\/www.pogotowieflagowe.pl\/aktualne\/wazny-apel-w-tv-republika-jestem-po-stronie-antypis-ale-nie-chcialbym-zeby-ziobro-zginal-w-areszcie\/#breadcrumb"},"inLanguage":"pl-PL","potentialAction":[{"@type":"ReadAction","target":["https:\/\/www.pogotowieflagowe.pl\/aktualne\/wazny-apel-w-tv-republika-jestem-po-stronie-antypis-ale-nie-chcialbym-zeby-ziobro-zginal-w-areszcie\/"]}]},{"@type":"ImageObject","inLanguage":"pl-PL","@id":"https:\/\/www.pogotowieflagowe.pl\/aktualne\/wazny-apel-w-tv-republika-jestem-po-stronie-antypis-ale-nie-chcialbym-zeby-ziobro-zginal-w-areszcie\/#primaryimage","url":"https:\/\/www.pogotowieflagowe.pl\/aktualne\/wp-content\/uploads\/2025\/10\/Czy-aresztowanie-Ziobry-ma-zwiazek-z-prawem-\u2013-czy-z.webp.webp","contentUrl":"https:\/\/www.pogotowieflagowe.pl\/aktualne\/wp-content\/uploads\/2025\/10\/Czy-aresztowanie-Ziobry-ma-zwiazek-z-prawem-\u2013-czy-z.webp.webp","width":1280,"height":720,"caption":"Czy aresztowanie Ziobry ma zwi\u0105zek z prawem \u2013 czy z nag\u0142\u00f3wkami gazet?"},{"@type":"BreadcrumbList","@id":"https:\/\/www.pogotowieflagowe.pl\/aktualne\/wazny-apel-w-tv-republika-jestem-po-stronie-antypis-ale-nie-chcialbym-zeby-ziobro-zginal-w-areszcie\/#breadcrumb","itemListElement":[{"@type":"ListItem","position":1,"name":"Home","item":"https:\/\/www.pogotowieflagowe.pl\/aktualne\/"},{"@type":"ListItem","position":2,"name":"Wa\u017cny apel w TV Republika. \u201eJestem po stronie antyPiS, ale nie chcia\u0142bym, \u017ceby Ziobro zgin\u0105\u0142 w areszcie\u201d"}]},{"@type":"WebSite","@id":"https:\/\/www.pogotowieflagowe.pl\/aktualne\/#website","url":"https:\/\/www.pogotowieflagowe.pl\/aktualne\/","name":"POGOTOWIE FLAGOWE\u00ae","description":"","publisher":{"@id":"https:\/\/www.pogotowieflagowe.pl\/aktualne\/#organization"},"potentialAction":[{"@type":"SearchAction","target":{"@type":"EntryPoint","urlTemplate":"https:\/\/www.pogotowieflagowe.pl\/aktualne\/?s={search_term_string}"},"query-input":"required name=search_term_string"}],"inLanguage":"pl-PL"},{"@type":"Organization","@id":"https:\/\/www.pogotowieflagowe.pl\/aktualne\/#organization","name":"POGOTOWIE FLAGOWE\u00ae","url":"https:\/\/www.pogotowieflagowe.pl\/aktualne\/","logo":{"@type":"ImageObject","inLanguage":"pl-PL","@id":"https:\/\/www.pogotowieflagowe.pl\/aktualne\/#\/schema\/logo\/image\/","url":"https:\/\/www.pogotowieflagowe.pl\/aktualne\/wp-content\/uploads\/2024\/08\/cropped-pogotowieflagowe_flaga_projekt_sm.jpg","contentUrl":"https:\/\/www.pogotowieflagowe.pl\/aktualne\/wp-content\/uploads\/2024\/08\/cropped-pogotowieflagowe_flaga_projekt_sm.jpg","width":250,"height":143,"caption":"POGOTOWIE FLAGOWE\u00ae"},"image":{"@id":"https:\/\/www.pogotowieflagowe.pl\/aktualne\/#\/schema\/logo\/image\/"}},{"@type":"Person","@id":"https:\/\/www.pogotowieflagowe.pl\/aktualne\/#\/schema\/person\/9c2fb7d2362ebf6fa088960d7f0d27b0","name":"Filip","image":{"@type":"ImageObject","inLanguage":"pl-PL","@id":"https:\/\/www.pogotowieflagowe.pl\/aktualne\/#\/schema\/person\/image\/","url":"https:\/\/www.pogotowieflagowe.pl\/aktualne\/wp-content\/uploads\/2024\/08\/pogotowieflagowe.pl_.jpg","contentUrl":"https:\/\/www.pogotowieflagowe.pl\/aktualne\/wp-content\/uploads\/2024\/08\/pogotowieflagowe.pl_.jpg","caption":"Filip"},"description":"Jestem Filip, polski dziennikarz z dyplomem nauk politycznych Uniwersytetu Warszawskiego. Rozpoczynaj\u0105c swoj\u0105 karier\u0119 w r\u00f3\u017cnych lokalnych mediach, zdoby\u0142em solidne do\u015bwiadczenie w zakresie \u015bledztwa i redakcji. Obecnie jako redaktor w Pogotowie flagowe, staram si\u0119 dostarcza\u0107 dog\u0142\u0119bne i istotne analizy na temat najwa\u017cniejszych kwestii aktualno\u015bci, \u0142\u0105cz\u0105c rygor z pasj\u0105 dziennikarsk\u0105.","sameAs":["https:\/\/www.pogotowieflagowe.pl\/"]}]}},"_links":{"self":[{"href":"https:\/\/www.pogotowieflagowe.pl\/aktualne\/wp-json\/wp\/v2\/posts\/10069","targetHints":{"allow":["GET"]}}],"collection":[{"href":"https:\/\/www.pogotowieflagowe.pl\/aktualne\/wp-json\/wp\/v2\/posts"}],"about":[{"href":"https:\/\/www.pogotowieflagowe.pl\/aktualne\/wp-json\/wp\/v2\/types\/post"}],"author":[{"embeddable":true,"href":"https:\/\/www.pogotowieflagowe.pl\/aktualne\/wp-json\/wp\/v2\/users\/1"}],"replies":[{"embeddable":true,"href":"https:\/\/www.pogotowieflagowe.pl\/aktualne\/wp-json\/wp\/v2\/comments?post=10069"}],"version-history":[{"count":1,"href":"https:\/\/www.pogotowieflagowe.pl\/aktualne\/wp-json\/wp\/v2\/posts\/10069\/revisions"}],"predecessor-version":[{"id":10070,"href":"https:\/\/www.pogotowieflagowe.pl\/aktualne\/wp-json\/wp\/v2\/posts\/10069\/revisions\/10070"}],"wp:featuredmedia":[{"embeddable":true,"href":"https:\/\/www.pogotowieflagowe.pl\/aktualne\/wp-json\/wp\/v2\/media\/9951"}],"wp:attachment":[{"href":"https:\/\/www.pogotowieflagowe.pl\/aktualne\/wp-json\/wp\/v2\/media?parent=10069"}],"wp:term":[{"taxonomy":"category","embeddable":true,"href":"https:\/\/www.pogotowieflagowe.pl\/aktualne\/wp-json\/wp\/v2\/categories?post=10069"},{"taxonomy":"post_tag","embeddable":true,"href":"https:\/\/www.pogotowieflagowe.pl\/aktualne\/wp-json\/wp\/v2\/tags?post=10069"}],"curies":[{"name":"wp","href":"https:\/\/api.w.org\/{rel}","templated":true}]}}