{"id":1007,"date":"2024-09-30T20:54:50","date_gmt":"2024-09-30T18:54:50","guid":{"rendered":"https:\/\/www.pogotowieflagowe.pl\/aktualne\/kryzys-w-polskim-wymiarze-sprawiedliwosci-co-zrobi-prezydent-duda\/"},"modified":"2024-09-30T20:54:54","modified_gmt":"2024-09-30T18:54:54","slug":"kryzys-w-polskim-wymiarze-sprawiedliwosci-co-zrobi-prezydent-duda","status":"publish","type":"post","link":"https:\/\/www.pogotowieflagowe.pl\/aktualne\/kryzys-w-polskim-wymiarze-sprawiedliwosci-co-zrobi-prezydent-duda\/","title":{"rendered":"Kryzys w polskim wymiarze sprawiedliwo\u015bci: co zrobi prezydent Duda?"},"content":{"rendered":"\n<div class=\"td_block_wrap tdb_single_content tdi_48 td-pb-border-top td_block_template_8 td-post-content tagdiv-type\" data-td-block-uid=\"tdi_48\">\n<style>.tdi_48{margines-g\u00f3rny:0px!important;margin-bottom:0px!important;dope\u0142nienie-g\u00f3ra:0px!important;dope\u0142nienie-d\u00f3\u0142:0px!important}<\/style>\n<style>.tdb_single_content{margin-bottom:0;*zoom:1}.tdb_single_content:before,.tdb_single_content:after{display:table;content:'';line-height:0}.tdb_single_content:after{clear:both}.tdb_single_content .tdb-block-inner>*:not(.wp-block-quote):not(.alignwide):not(.alignfull.wp-block-cover.has-parallax):not(.td-a-ad) {margin-left:auto;margin-right:auto}.tdb_single_content a{pointer-events:auto}.tdb_single_content .td-spot-id-top_ad .tdc-placeholder-title:before{content:'Najlepsza reklama artyku\u0142u'! wa\u017cne}.tdb_single_content .td-spot-id-inline_ad0 .tdc-placeholder-title:before{content:'Article Inline Ad 1'!important}.tdb_single_content .td-spot-id-inline_ad1 .tdc-placeholder-title:before {content:'Reklama wbudowana w artyku\u0142 2'!important}.tdb_single_content .td-spot-id-inline_ad2 .tdc-placeholder-title:before{content:'Reklama wbudowana w artyku\u0142 3'!important}.tdb_single_content .td-spot-id -bottom_ad .tdc-placeholder-title:before{content:'Article Bottom Ad'!important}.tdb_single_content .id_top_ad,.tdb_single_content .id_bottom_ad{clear:both;margin-bottom:21px;text-align:center}.tdb_single_content . id_top_ad img,.tdb_single_content .id_bottom_ad img{margin-bottom:0}.tdb_single_content .id_top_ad .adsbygoogle,.tdb_single_content .id_bottom_ad .adsbygoogle{position:relative}.tdb_single_content .id_ad_content-horiz- po lewej,.tdb_single_content .id_ad_content-horiz-right ,.tdb_single_content .id_ad_content-horiz-center{margin-bottom:15px}.tdb_single_content .id_ad_content-horiz-left img,.tdb_single_content .id_ad_content-horiz-right img,.tdb_single_content .id_ad_content-horiz -center img{margines-dolny: 0}.tdb_single_content .id_ad_content-horiz-center{text-align:center}.tdb_single_content .id_ad_content-horiz-center img{margin-right:auto;margin-left:auto}.tdb_single_content .id_ad_content-horiz-left{float: lewy;margin-g\u00f3rny:9px;margin-prawy:21px}.tdb_single_content .id_ad_content-horiz-right{float:right;margin-top:6px;margin-left:21px}.tdb_single_content .tdc-a-ad .tdc- placeholder-title{width:300px;height:250px}.tdb_single_content .tdc-a-ad .tdc-placeholder-title:before{position:absolute;top:50%;-webkit-transform:translateY(-50%); transform:translateY(-50%);margines:auto;display:table;width:100%}.tdb_single_content .tdb-block-inner.td-fix-index{word-break:break-word}.tdi_48,.tdi_48 >p,.tdi_48 .tdb-block-inner>p{font-size:16px!important;line-height:1.6!important}.tdi_48 .tdb-block-inner blockquote p{font-style:normal!important}@ media (maks. szeroko\u015b\u0107: 767 pikseli){.tdb_single_content .id_ad_content-horiz-left,.tdb_single_content .id_ad_content-horiz-right,.tdb_single_content .id_ad_content-horiz-center{margin:0 auto 26px auto}}@media (maks. szeroko\u015b\u0107 :767px){.tdb_single_content .id_ad_content-horiz-left{margin-right:0}}@media (max-width:767px){.tdb_single_content .id_ad_content-horiz-right{margin-left:0}}@media (max -width:767px){.tdb_single_content .td-a-ad{float:none;text-align:center}.tdb_single_content .td-a-ad img{margin-right:auto;margin-left:auto}.tdb_single_content . tdc-a-ad{float:none}}<\/style>\n<div class=\"tdb-block-inner td-fix-index\">\n<p>Wed\u0142ug Andrzeja Dery, Sekretarza Stanu w Kancelarii Prezydenta, polski wymiar sprawiedliwo\u015bci stoi w obliczu najpowa\u017cniejszego kryzysu od momentu powstania kraju. Jego wypowiedzi s\u0105 reakcj\u0105 na eskalacj\u0119 napi\u0119\u0107 na linii rz\u0105d \u2013 wymiar sprawiedliwo\u015bci, a Dera zasugerowa\u0142, \u017ce prezydent Andrzej Duda mo\u017ce podj\u0105\u0107 zdecydowane dzia\u0142ania w celu odsuni\u0119cia koalicji rz\u0105dz\u0105cej od w\u0142adzy, je\u015bli sytuacja b\u0119dzie si\u0119 nadal pogarsza\u0107.<\/p>\n<p>Sednem sprawy jest orzeczenie Izby Karnej S\u0105du Najwy\u017cszego, kt\u00f3ra uzna\u0142a Dariusza Barskiego za prawowitego Prokuratora Generalnego. Pomimo tej decyzji rz\u0105d odm\u00f3wi\u0142 zastosowania si\u0119 do wyroku. Barski pr\u00f3bowa\u0142 wej\u015b\u0107 do swojego biura, ale zosta\u0142 zablokowany, co tylko pog\u0142\u0119bi\u0142o konflikt polityczny.<\/p>\n<p>Podczas wyst\u0105pienia w Telewizji Republika Dera za kryzys konstytucyjny zrzuci\u0142 win\u0119 na premiera Donalda Tuska i ministra sprawiedliwo\u015bci Adama Bodnara. Stwierdzi\u0142, \u017ce polski wymiar sprawiedliwo\u015bci faktycznie przesta\u0142 funkcjonowa\u0107, gdy\u017c podwa\u017ca si\u0119 orzeczenia i kwestionuje legitymacj\u0119 s\u0119dzi\u00f3w i prokurator\u00f3w.<\/p>\n<h2 class=\"wp-block-heading\">Interwencja Demokrat\u00f3w?<\/h2>\n<p>Zdaniem Dery, Prezydent Duda, jako stra\u017cnik konstytucyjny, b\u0119dzie reagowa\u0142 na kryzys. Zasugerowa\u0142, \u017ce prezydent m\u00f3g\u0142by podj\u0105\u0107 dzia\u0142ania na rzecz przywr\u00f3cenia porz\u0105dku konstytucyjnego, podkre\u015blaj\u0105c, \u017ce system prawny Polski zosta\u0142 powa\u017cnie naruszony w wyniku dzia\u0142a\u0144 koalicji rz\u0105dz\u0105cej.<\/p>\n<p>\u201eWymiar sprawiedliwo\u015bci prawdopodobnie pogr\u0105\u017cy\u0142 si\u0119 w najg\u0142\u0119bszym kryzysie od powstania naszego narodu\u201d \u2013 ostrzeg\u0142a Dera. Stwierdzi\u0142 dalej, \u017ce obecny przebieg wydarze\u0144 zagra\u017ca samemu istnieniu pa\u0144stwa polskiego. Powtarzaj\u0105c obawy o przysz\u0142o\u015b\u0107 narodu, Dera wezwa\u0142 do podj\u0119cia natychmiastowych krok\u00f3w, aby zapobiec temu, co nazwa\u0142 za\u0142amaniem porz\u0105dku prawnego.<\/p>\n<p>Dera zasugerowa\u0142a, \u017ce \u200b\u200bw przypadku dalszego pogarszania si\u0119 sytuacji prezydent Duda mo\u017ce zosta\u0107 zmuszony do podj\u0119cia bardziej radykalnych dzia\u0142a\u0144, w tym wykorzystania proces\u00f3w demokratycznych do obalenia obecnej koalicji rz\u0105dz\u0105cej.<\/p>\n<h2 class=\"wp-block-heading\">Co dalej z Barskim?<\/h2>\n<p>Poniewa\u017c Barski nie mo\u017ce obj\u0105\u0107 urz\u0119du, eksperci prawni debatuj\u0105 nad jego dalszymi krokami. Wiceprezes Trybuna\u0142u Stanu Piotr Andrzejewski wskaza\u0142, \u017ce Barski mo\u017ce zaapelowa\u0107 do prezydenta, aby wywi\u0105za\u0142 si\u0119 ze swoich konstytucyjnych obowi\u0105zk\u00f3w. Andrzejewski argumentowa\u0142, \u017ce prezydent Duda m\u00f3g\u0142by wyda\u0107 wewn\u0119trzne rozporz\u0105dzenie umo\u017cliwiaj\u0105ce Barskiemu wykonywanie obowi\u0105zk\u00f3w na odleg\u0142o\u015b\u0107, twierdz\u0105c, \u017ce odmowa uznania przez obecny rz\u0105d legitymacji Barskiego podwa\u017ca praworz\u0105dno\u015b\u0107.<\/p>\n<p>Andrzejewski poszed\u0142 dalej, zarzucaj\u0105c rz\u0105dowi prowadzenie dzia\u0142alno\u015bci, kt\u00f3r\u0105 mo\u017cna zakwalifikowa\u0107 jako przest\u0119pczo\u015b\u0107 zorganizowan\u0105, poprzez ignorowanie orzecznictwa prawnego i przeciwstawienie si\u0119 najwy\u017cszym urz\u0119dom w pa\u0144stwie. Wed\u0142ug niego takie dzia\u0142ania stanowi\u0105 powa\u017cne zagro\u017cenie dla stabilno\u015bci i legalno\u015bci pa\u0144stwa polskiego.<\/p>\n<\/div>\n<\/div>\n","protected":false},"excerpt":{"rendered":"<p>Wed\u0142ug Andrzeja Dery, Sekretarza Stanu w Kancelarii Prezydenta, polski wymiar sprawiedliwo\u015bci stoi w obliczu najpowa\u017cniejszego kryzysu od momentu powstania kraju.<\/p>\n","protected":false},"author":1,"featured_media":1008,"comment_status":"closed","ping_status":"","sticky":false,"template":"","format":"standard","meta":{"footnotes":""},"categories":[44],"tags":[343,1680,1034,341,757,1681,1682],"class_list":["post-1007","post","type-post","status-publish","format-standard","has-post-thumbnail","hentry","category-polityka","tag-duda","tag-kryzys","tag-polskim","tag-prezydent","tag-sprawiedliwosci","tag-wymiarze","tag-zrobi","generate-columns","tablet-grid-50","mobile-grid-100","grid-parent","grid-50","resize-featured-image"],"yoast_head":"<!-- This site is optimized with the Yoast SEO plugin v23.2 - https:\/\/yoast.com\/wordpress\/plugins\/seo\/ -->\n<title>Kryzys w polskim wymiarze sprawiedliwo\u015bci: co zrobi prezydent Duda? - POGOTOWIE FLAGOWE\u00ae<\/title>\n<meta name=\"robots\" content=\"index, follow, max-snippet:-1, max-image-preview:large, max-video-preview:-1\" \/>\n<link rel=\"canonical\" href=\"https:\/\/www.pogotowieflagowe.pl\/aktualne\/kryzys-w-polskim-wymiarze-sprawiedliwosci-co-zrobi-prezydent-duda\/\" \/>\n<meta property=\"og:locale\" content=\"pl_PL\" \/>\n<meta property=\"og:type\" content=\"article\" \/>\n<meta property=\"og:title\" content=\"Kryzys w polskim wymiarze sprawiedliwo\u015bci: co zrobi prezydent Duda? - POGOTOWIE FLAGOWE\u00ae\" \/>\n<meta property=\"og:description\" content=\"Wed\u0142ug Andrzeja Dery, Sekretarza Stanu w Kancelarii Prezydenta, polski wymiar sprawiedliwo\u015bci stoi w obliczu najpowa\u017cniejszego kryzysu od momentu powstania kraju.\" \/>\n<meta property=\"og:url\" content=\"https:\/\/www.pogotowieflagowe.pl\/aktualne\/kryzys-w-polskim-wymiarze-sprawiedliwosci-co-zrobi-prezydent-duda\/\" \/>\n<meta property=\"og:site_name\" content=\"POGOTOWIE FLAGOWE\u00ae\" \/>\n<meta property=\"article:published_time\" content=\"2024-09-30T18:54:50+00:00\" \/>\n<meta property=\"article:modified_time\" content=\"2024-09-30T18:54:54+00:00\" \/>\n<meta property=\"og:image\" content=\"https:\/\/www.pogotowieflagowe.pl\/aktualne\/wp-content\/uploads\/2024\/09\/Kryzys-w-polskim-wymiarze-sprawiedliwosci-co-zrobi-prezydent-Duda.jpg\" \/>\n\t<meta property=\"og:image:width\" content=\"1600\" \/>\n\t<meta property=\"og:image:height\" content=\"1067\" \/>\n\t<meta property=\"og:image:type\" content=\"image\/jpeg\" \/>\n<meta name=\"author\" content=\"Filip\" \/>\n<meta name=\"twitter:card\" content=\"summary_large_image\" \/>\n<meta name=\"twitter:label1\" content=\"Napisane przez\" \/>\n\t<meta name=\"twitter:data1\" content=\"Filip\" \/>\n\t<meta name=\"twitter:label2\" content=\"Szacowany czas czytania\" \/>\n\t<meta name=\"twitter:data2\" content=\"2 minuty\" \/>\n<script type=\"application\/ld+json\" class=\"yoast-schema-graph\">{\"@context\":\"https:\/\/schema.org\",\"@graph\":[{\"@type\":\"Article\",\"@id\":\"https:\/\/www.pogotowieflagowe.pl\/aktualne\/kryzys-w-polskim-wymiarze-sprawiedliwosci-co-zrobi-prezydent-duda\/#article\",\"isPartOf\":{\"@id\":\"https:\/\/www.pogotowieflagowe.pl\/aktualne\/kryzys-w-polskim-wymiarze-sprawiedliwosci-co-zrobi-prezydent-duda\/\"},\"author\":{\"name\":\"Filip\",\"@id\":\"https:\/\/www.pogotowieflagowe.pl\/aktualne\/#\/schema\/person\/9c2fb7d2362ebf6fa088960d7f0d27b0\"},\"headline\":\"Kryzys w polskim wymiarze sprawiedliwo\u015bci: co zrobi prezydent Duda?\",\"datePublished\":\"2024-09-30T18:54:50+00:00\",\"dateModified\":\"2024-09-30T18:54:54+00:00\",\"mainEntityOfPage\":{\"@id\":\"https:\/\/www.pogotowieflagowe.pl\/aktualne\/kryzys-w-polskim-wymiarze-sprawiedliwosci-co-zrobi-prezydent-duda\/\"},\"wordCount\":451,\"publisher\":{\"@id\":\"https:\/\/www.pogotowieflagowe.pl\/aktualne\/#organization\"},\"image\":{\"@id\":\"https:\/\/www.pogotowieflagowe.pl\/aktualne\/kryzys-w-polskim-wymiarze-sprawiedliwosci-co-zrobi-prezydent-duda\/#primaryimage\"},\"thumbnailUrl\":\"https:\/\/www.pogotowieflagowe.pl\/aktualne\/wp-content\/uploads\/2024\/09\/Kryzys-w-polskim-wymiarze-sprawiedliwosci-co-zrobi-prezydent-Duda.jpg\",\"keywords\":[\"Duda\",\"Kryzys\",\"polskim\",\"Prezydent\",\"sprawiedliwo\u015bci\",\"wymiarze\",\"zrobi\"],\"articleSection\":[\"Polityka\"],\"inLanguage\":\"pl-PL\"},{\"@type\":\"WebPage\",\"@id\":\"https:\/\/www.pogotowieflagowe.pl\/aktualne\/kryzys-w-polskim-wymiarze-sprawiedliwosci-co-zrobi-prezydent-duda\/\",\"url\":\"https:\/\/www.pogotowieflagowe.pl\/aktualne\/kryzys-w-polskim-wymiarze-sprawiedliwosci-co-zrobi-prezydent-duda\/\",\"name\":\"Kryzys w polskim wymiarze sprawiedliwo\u015bci: co zrobi prezydent Duda? - POGOTOWIE FLAGOWE\u00ae\",\"isPartOf\":{\"@id\":\"https:\/\/www.pogotowieflagowe.pl\/aktualne\/#website\"},\"primaryImageOfPage\":{\"@id\":\"https:\/\/www.pogotowieflagowe.pl\/aktualne\/kryzys-w-polskim-wymiarze-sprawiedliwosci-co-zrobi-prezydent-duda\/#primaryimage\"},\"image\":{\"@id\":\"https:\/\/www.pogotowieflagowe.pl\/aktualne\/kryzys-w-polskim-wymiarze-sprawiedliwosci-co-zrobi-prezydent-duda\/#primaryimage\"},\"thumbnailUrl\":\"https:\/\/www.pogotowieflagowe.pl\/aktualne\/wp-content\/uploads\/2024\/09\/Kryzys-w-polskim-wymiarze-sprawiedliwosci-co-zrobi-prezydent-Duda.jpg\",\"datePublished\":\"2024-09-30T18:54:50+00:00\",\"dateModified\":\"2024-09-30T18:54:54+00:00\",\"breadcrumb\":{\"@id\":\"https:\/\/www.pogotowieflagowe.pl\/aktualne\/kryzys-w-polskim-wymiarze-sprawiedliwosci-co-zrobi-prezydent-duda\/#breadcrumb\"},\"inLanguage\":\"pl-PL\",\"potentialAction\":[{\"@type\":\"ReadAction\",\"target\":[\"https:\/\/www.pogotowieflagowe.pl\/aktualne\/kryzys-w-polskim-wymiarze-sprawiedliwosci-co-zrobi-prezydent-duda\/\"]}]},{\"@type\":\"ImageObject\",\"inLanguage\":\"pl-PL\",\"@id\":\"https:\/\/www.pogotowieflagowe.pl\/aktualne\/kryzys-w-polskim-wymiarze-sprawiedliwosci-co-zrobi-prezydent-duda\/#primaryimage\",\"url\":\"https:\/\/www.pogotowieflagowe.pl\/aktualne\/wp-content\/uploads\/2024\/09\/Kryzys-w-polskim-wymiarze-sprawiedliwosci-co-zrobi-prezydent-Duda.jpg\",\"contentUrl\":\"https:\/\/www.pogotowieflagowe.pl\/aktualne\/wp-content\/uploads\/2024\/09\/Kryzys-w-polskim-wymiarze-sprawiedliwosci-co-zrobi-prezydent-Duda.jpg\",\"width\":1600,\"height\":1067,\"caption\":\"Kryzys w polskim wymiarze sprawiedliwo\u015bci: co zrobi prezydent Duda?\"},{\"@type\":\"BreadcrumbList\",\"@id\":\"https:\/\/www.pogotowieflagowe.pl\/aktualne\/kryzys-w-polskim-wymiarze-sprawiedliwosci-co-zrobi-prezydent-duda\/#breadcrumb\",\"itemListElement\":[{\"@type\":\"ListItem\",\"position\":1,\"name\":\"Home\",\"item\":\"https:\/\/www.pogotowieflagowe.pl\/aktualne\/\"},{\"@type\":\"ListItem\",\"position\":2,\"name\":\"Kryzys w polskim wymiarze sprawiedliwo\u015bci: co zrobi prezydent Duda?\"}]},{\"@type\":\"WebSite\",\"@id\":\"https:\/\/www.pogotowieflagowe.pl\/aktualne\/#website\",\"url\":\"https:\/\/www.pogotowieflagowe.pl\/aktualne\/\",\"name\":\"POGOTOWIE FLAGOWE\u00ae\",\"description\":\"\",\"publisher\":{\"@id\":\"https:\/\/www.pogotowieflagowe.pl\/aktualne\/#organization\"},\"potentialAction\":[{\"@type\":\"SearchAction\",\"target\":{\"@type\":\"EntryPoint\",\"urlTemplate\":\"https:\/\/www.pogotowieflagowe.pl\/aktualne\/?s={search_term_string}\"},\"query-input\":\"required name=search_term_string\"}],\"inLanguage\":\"pl-PL\"},{\"@type\":\"Organization\",\"@id\":\"https:\/\/www.pogotowieflagowe.pl\/aktualne\/#organization\",\"name\":\"POGOTOWIE FLAGOWE\u00ae\",\"url\":\"https:\/\/www.pogotowieflagowe.pl\/aktualne\/\",\"logo\":{\"@type\":\"ImageObject\",\"inLanguage\":\"pl-PL\",\"@id\":\"https:\/\/www.pogotowieflagowe.pl\/aktualne\/#\/schema\/logo\/image\/\",\"url\":\"https:\/\/www.pogotowieflagowe.pl\/aktualne\/wp-content\/uploads\/2024\/08\/cropped-pogotowieflagowe_flaga_projekt_sm.jpg\",\"contentUrl\":\"https:\/\/www.pogotowieflagowe.pl\/aktualne\/wp-content\/uploads\/2024\/08\/cropped-pogotowieflagowe_flaga_projekt_sm.jpg\",\"width\":250,\"height\":143,\"caption\":\"POGOTOWIE FLAGOWE\u00ae\"},\"image\":{\"@id\":\"https:\/\/www.pogotowieflagowe.pl\/aktualne\/#\/schema\/logo\/image\/\"}},{\"@type\":\"Person\",\"@id\":\"https:\/\/www.pogotowieflagowe.pl\/aktualne\/#\/schema\/person\/9c2fb7d2362ebf6fa088960d7f0d27b0\",\"name\":\"Filip\",\"image\":{\"@type\":\"ImageObject\",\"inLanguage\":\"pl-PL\",\"@id\":\"https:\/\/www.pogotowieflagowe.pl\/aktualne\/#\/schema\/person\/image\/\",\"url\":\"https:\/\/www.pogotowieflagowe.pl\/aktualne\/wp-content\/uploads\/2024\/08\/pogotowieflagowe.pl_.jpg\",\"contentUrl\":\"https:\/\/www.pogotowieflagowe.pl\/aktualne\/wp-content\/uploads\/2024\/08\/pogotowieflagowe.pl_.jpg\",\"caption\":\"Filip\"},\"description\":\"Jestem Filip, polski dziennikarz z dyplomem nauk politycznych Uniwersytetu Warszawskiego. Rozpoczynaj\u0105c swoj\u0105 karier\u0119 w r\u00f3\u017cnych lokalnych mediach, zdoby\u0142em solidne do\u015bwiadczenie w zakresie \u015bledztwa i redakcji. Obecnie jako redaktor w Pogotowie flagowe, staram si\u0119 dostarcza\u0107 dog\u0142\u0119bne i istotne analizy na temat najwa\u017cniejszych kwestii aktualno\u015bci, \u0142\u0105cz\u0105c rygor z pasj\u0105 dziennikarsk\u0105.\",\"sameAs\":[\"https:\/\/www.pogotowieflagowe.pl\/\"]}]}<\/script>\n<!-- \/ Yoast SEO plugin. -->","yoast_head_json":{"title":"Kryzys w polskim wymiarze sprawiedliwo\u015bci: co zrobi prezydent Duda? - POGOTOWIE FLAGOWE\u00ae","robots":{"index":"index","follow":"follow","max-snippet":"max-snippet:-1","max-image-preview":"max-image-preview:large","max-video-preview":"max-video-preview:-1"},"canonical":"https:\/\/www.pogotowieflagowe.pl\/aktualne\/kryzys-w-polskim-wymiarze-sprawiedliwosci-co-zrobi-prezydent-duda\/","og_locale":"pl_PL","og_type":"article","og_title":"Kryzys w polskim wymiarze sprawiedliwo\u015bci: co zrobi prezydent Duda? - POGOTOWIE FLAGOWE\u00ae","og_description":"Wed\u0142ug Andrzeja Dery, Sekretarza Stanu w Kancelarii Prezydenta, polski wymiar sprawiedliwo\u015bci stoi w obliczu najpowa\u017cniejszego kryzysu od momentu powstania kraju.","og_url":"https:\/\/www.pogotowieflagowe.pl\/aktualne\/kryzys-w-polskim-wymiarze-sprawiedliwosci-co-zrobi-prezydent-duda\/","og_site_name":"POGOTOWIE FLAGOWE\u00ae","article_published_time":"2024-09-30T18:54:50+00:00","article_modified_time":"2024-09-30T18:54:54+00:00","og_image":[{"width":1600,"height":1067,"url":"https:\/\/www.pogotowieflagowe.pl\/aktualne\/wp-content\/uploads\/2024\/09\/Kryzys-w-polskim-wymiarze-sprawiedliwosci-co-zrobi-prezydent-Duda.jpg","type":"image\/jpeg"}],"author":"Filip","twitter_card":"summary_large_image","twitter_misc":{"Napisane przez":"Filip","Szacowany czas czytania":"2 minuty"},"schema":{"@context":"https:\/\/schema.org","@graph":[{"@type":"Article","@id":"https:\/\/www.pogotowieflagowe.pl\/aktualne\/kryzys-w-polskim-wymiarze-sprawiedliwosci-co-zrobi-prezydent-duda\/#article","isPartOf":{"@id":"https:\/\/www.pogotowieflagowe.pl\/aktualne\/kryzys-w-polskim-wymiarze-sprawiedliwosci-co-zrobi-prezydent-duda\/"},"author":{"name":"Filip","@id":"https:\/\/www.pogotowieflagowe.pl\/aktualne\/#\/schema\/person\/9c2fb7d2362ebf6fa088960d7f0d27b0"},"headline":"Kryzys w polskim wymiarze sprawiedliwo\u015bci: co zrobi prezydent Duda?","datePublished":"2024-09-30T18:54:50+00:00","dateModified":"2024-09-30T18:54:54+00:00","mainEntityOfPage":{"@id":"https:\/\/www.pogotowieflagowe.pl\/aktualne\/kryzys-w-polskim-wymiarze-sprawiedliwosci-co-zrobi-prezydent-duda\/"},"wordCount":451,"publisher":{"@id":"https:\/\/www.pogotowieflagowe.pl\/aktualne\/#organization"},"image":{"@id":"https:\/\/www.pogotowieflagowe.pl\/aktualne\/kryzys-w-polskim-wymiarze-sprawiedliwosci-co-zrobi-prezydent-duda\/#primaryimage"},"thumbnailUrl":"https:\/\/www.pogotowieflagowe.pl\/aktualne\/wp-content\/uploads\/2024\/09\/Kryzys-w-polskim-wymiarze-sprawiedliwosci-co-zrobi-prezydent-Duda.jpg","keywords":["Duda","Kryzys","polskim","Prezydent","sprawiedliwo\u015bci","wymiarze","zrobi"],"articleSection":["Polityka"],"inLanguage":"pl-PL"},{"@type":"WebPage","@id":"https:\/\/www.pogotowieflagowe.pl\/aktualne\/kryzys-w-polskim-wymiarze-sprawiedliwosci-co-zrobi-prezydent-duda\/","url":"https:\/\/www.pogotowieflagowe.pl\/aktualne\/kryzys-w-polskim-wymiarze-sprawiedliwosci-co-zrobi-prezydent-duda\/","name":"Kryzys w polskim wymiarze sprawiedliwo\u015bci: co zrobi prezydent Duda? - POGOTOWIE FLAGOWE\u00ae","isPartOf":{"@id":"https:\/\/www.pogotowieflagowe.pl\/aktualne\/#website"},"primaryImageOfPage":{"@id":"https:\/\/www.pogotowieflagowe.pl\/aktualne\/kryzys-w-polskim-wymiarze-sprawiedliwosci-co-zrobi-prezydent-duda\/#primaryimage"},"image":{"@id":"https:\/\/www.pogotowieflagowe.pl\/aktualne\/kryzys-w-polskim-wymiarze-sprawiedliwosci-co-zrobi-prezydent-duda\/#primaryimage"},"thumbnailUrl":"https:\/\/www.pogotowieflagowe.pl\/aktualne\/wp-content\/uploads\/2024\/09\/Kryzys-w-polskim-wymiarze-sprawiedliwosci-co-zrobi-prezydent-Duda.jpg","datePublished":"2024-09-30T18:54:50+00:00","dateModified":"2024-09-30T18:54:54+00:00","breadcrumb":{"@id":"https:\/\/www.pogotowieflagowe.pl\/aktualne\/kryzys-w-polskim-wymiarze-sprawiedliwosci-co-zrobi-prezydent-duda\/#breadcrumb"},"inLanguage":"pl-PL","potentialAction":[{"@type":"ReadAction","target":["https:\/\/www.pogotowieflagowe.pl\/aktualne\/kryzys-w-polskim-wymiarze-sprawiedliwosci-co-zrobi-prezydent-duda\/"]}]},{"@type":"ImageObject","inLanguage":"pl-PL","@id":"https:\/\/www.pogotowieflagowe.pl\/aktualne\/kryzys-w-polskim-wymiarze-sprawiedliwosci-co-zrobi-prezydent-duda\/#primaryimage","url":"https:\/\/www.pogotowieflagowe.pl\/aktualne\/wp-content\/uploads\/2024\/09\/Kryzys-w-polskim-wymiarze-sprawiedliwosci-co-zrobi-prezydent-Duda.jpg","contentUrl":"https:\/\/www.pogotowieflagowe.pl\/aktualne\/wp-content\/uploads\/2024\/09\/Kryzys-w-polskim-wymiarze-sprawiedliwosci-co-zrobi-prezydent-Duda.jpg","width":1600,"height":1067,"caption":"Kryzys w polskim wymiarze sprawiedliwo\u015bci: co zrobi prezydent Duda?"},{"@type":"BreadcrumbList","@id":"https:\/\/www.pogotowieflagowe.pl\/aktualne\/kryzys-w-polskim-wymiarze-sprawiedliwosci-co-zrobi-prezydent-duda\/#breadcrumb","itemListElement":[{"@type":"ListItem","position":1,"name":"Home","item":"https:\/\/www.pogotowieflagowe.pl\/aktualne\/"},{"@type":"ListItem","position":2,"name":"Kryzys w polskim wymiarze sprawiedliwo\u015bci: co zrobi prezydent Duda?"}]},{"@type":"WebSite","@id":"https:\/\/www.pogotowieflagowe.pl\/aktualne\/#website","url":"https:\/\/www.pogotowieflagowe.pl\/aktualne\/","name":"POGOTOWIE FLAGOWE\u00ae","description":"","publisher":{"@id":"https:\/\/www.pogotowieflagowe.pl\/aktualne\/#organization"},"potentialAction":[{"@type":"SearchAction","target":{"@type":"EntryPoint","urlTemplate":"https:\/\/www.pogotowieflagowe.pl\/aktualne\/?s={search_term_string}"},"query-input":"required name=search_term_string"}],"inLanguage":"pl-PL"},{"@type":"Organization","@id":"https:\/\/www.pogotowieflagowe.pl\/aktualne\/#organization","name":"POGOTOWIE FLAGOWE\u00ae","url":"https:\/\/www.pogotowieflagowe.pl\/aktualne\/","logo":{"@type":"ImageObject","inLanguage":"pl-PL","@id":"https:\/\/www.pogotowieflagowe.pl\/aktualne\/#\/schema\/logo\/image\/","url":"https:\/\/www.pogotowieflagowe.pl\/aktualne\/wp-content\/uploads\/2024\/08\/cropped-pogotowieflagowe_flaga_projekt_sm.jpg","contentUrl":"https:\/\/www.pogotowieflagowe.pl\/aktualne\/wp-content\/uploads\/2024\/08\/cropped-pogotowieflagowe_flaga_projekt_sm.jpg","width":250,"height":143,"caption":"POGOTOWIE FLAGOWE\u00ae"},"image":{"@id":"https:\/\/www.pogotowieflagowe.pl\/aktualne\/#\/schema\/logo\/image\/"}},{"@type":"Person","@id":"https:\/\/www.pogotowieflagowe.pl\/aktualne\/#\/schema\/person\/9c2fb7d2362ebf6fa088960d7f0d27b0","name":"Filip","image":{"@type":"ImageObject","inLanguage":"pl-PL","@id":"https:\/\/www.pogotowieflagowe.pl\/aktualne\/#\/schema\/person\/image\/","url":"https:\/\/www.pogotowieflagowe.pl\/aktualne\/wp-content\/uploads\/2024\/08\/pogotowieflagowe.pl_.jpg","contentUrl":"https:\/\/www.pogotowieflagowe.pl\/aktualne\/wp-content\/uploads\/2024\/08\/pogotowieflagowe.pl_.jpg","caption":"Filip"},"description":"Jestem Filip, polski dziennikarz z dyplomem nauk politycznych Uniwersytetu Warszawskiego. Rozpoczynaj\u0105c swoj\u0105 karier\u0119 w r\u00f3\u017cnych lokalnych mediach, zdoby\u0142em solidne do\u015bwiadczenie w zakresie \u015bledztwa i redakcji. Obecnie jako redaktor w Pogotowie flagowe, staram si\u0119 dostarcza\u0107 dog\u0142\u0119bne i istotne analizy na temat najwa\u017cniejszych kwestii aktualno\u015bci, \u0142\u0105cz\u0105c rygor z pasj\u0105 dziennikarsk\u0105.","sameAs":["https:\/\/www.pogotowieflagowe.pl\/"]}]}},"_links":{"self":[{"href":"https:\/\/www.pogotowieflagowe.pl\/aktualne\/wp-json\/wp\/v2\/posts\/1007","targetHints":{"allow":["GET"]}}],"collection":[{"href":"https:\/\/www.pogotowieflagowe.pl\/aktualne\/wp-json\/wp\/v2\/posts"}],"about":[{"href":"https:\/\/www.pogotowieflagowe.pl\/aktualne\/wp-json\/wp\/v2\/types\/post"}],"author":[{"embeddable":true,"href":"https:\/\/www.pogotowieflagowe.pl\/aktualne\/wp-json\/wp\/v2\/users\/1"}],"replies":[{"embeddable":true,"href":"https:\/\/www.pogotowieflagowe.pl\/aktualne\/wp-json\/wp\/v2\/comments?post=1007"}],"version-history":[{"count":1,"href":"https:\/\/www.pogotowieflagowe.pl\/aktualne\/wp-json\/wp\/v2\/posts\/1007\/revisions"}],"predecessor-version":[{"id":1009,"href":"https:\/\/www.pogotowieflagowe.pl\/aktualne\/wp-json\/wp\/v2\/posts\/1007\/revisions\/1009"}],"wp:featuredmedia":[{"embeddable":true,"href":"https:\/\/www.pogotowieflagowe.pl\/aktualne\/wp-json\/wp\/v2\/media\/1008"}],"wp:attachment":[{"href":"https:\/\/www.pogotowieflagowe.pl\/aktualne\/wp-json\/wp\/v2\/media?parent=1007"}],"wp:term":[{"taxonomy":"category","embeddable":true,"href":"https:\/\/www.pogotowieflagowe.pl\/aktualne\/wp-json\/wp\/v2\/categories?post=1007"},{"taxonomy":"post_tag","embeddable":true,"href":"https:\/\/www.pogotowieflagowe.pl\/aktualne\/wp-json\/wp\/v2\/tags?post=1007"}],"curies":[{"name":"wp","href":"https:\/\/api.w.org\/{rel}","templated":true}]}}