{"id":10076,"date":"2025-11-02T16:58:21","date_gmt":"2025-11-02T15:58:21","guid":{"rendered":"https:\/\/www.pogotowieflagowe.pl\/aktualne\/47-proc-polakow-pozytywnie-ocenia-pierwsza-dame-opublikowano-nowa-ankiete\/"},"modified":"2025-11-02T16:58:22","modified_gmt":"2025-11-02T15:58:22","slug":"47-proc-polakow-pozytywnie-ocenia-pierwsza-dame-opublikowano-nowa-ankiete","status":"publish","type":"post","link":"https:\/\/www.pogotowieflagowe.pl\/aktualne\/47-proc-polakow-pozytywnie-ocenia-pierwsza-dame-opublikowano-nowa-ankiete\/","title":{"rendered":"47 proc. Polak\u00f3w pozytywnie ocenia Pierwsz\u0105 Dam\u0119! Opublikowano now\u0105 ANKIET\u0118"},"content":{"rendered":"\n<div class=\"td_block_wrap tdb_single_content tdi_41 td-pb-border-top td_block_template_8 td-post-content tagdiv-type\" data-td-block-uid=\"tdi_41\">\n<style>.tdi_41{margines-top:0px!important;margin-bottom:0px!important;dope\u0142nienie-g\u00f3ra:0px!important;dope\u0142nienie-d\u00f3\u0142:0px!important}<\/style>\n<style>.tdb_single_content{margin-bottom:0;*zoom:1}.tdb_single_content:before,.tdb_single_content:after{display:table;content:'';line-height:0}.tdb_single_content:after{clear:both}.tdb_single_content .tdb-block-inner>*:not(.wp-block-quote):not(.alignwide):not(.alignfull.wp-block-cover.has-parallax):not(.td-a-ad){margin-left:auto;margin-right:auto}.tdb_single_content a{pointer-events:auto}.tdb_single_content .td-spot-id-top_ad .tdc-placeholder-title:before{content:'Najlepsza reklama artyku\u0142u'!important}.tdb_single_content .td-spot-id-inline_ad0 .tdc-placeholder-title:before{content:'Reklama wbudowana artyku\u0142u 1'!important}.tdb_single_content .td-spot-id-inline_ad1 .tdc-placeholder-title:before{content:'Wbudowana reklama w artykule 2'!important}.tdb_single_content .td-spot-id-inline_ad2 .tdc-placeholder-title:before{content:'Wbudowana reklama w artykule 3'!important}.tdb_single_content .td-spot-id-bottom_ad .tdc-placeholder-title:before{content:'Article Bottom Ad'!important}.tdb_single_content .id_top_ad,.tdb_single_content .id_bottom_ad{clear:both;margin-bottom:21px;text-align:center}.tdb_single_content .id_top_ad img,.tdb_single_content .id_bottom_ad img{margin-bottom:0}.tdb_single_content .id_top_ad .adsbygoogle,.tdb_single_content .id_bottom_ad .adsbygoogle{position:relative}.tdb_single_content .id_ad_content-horiz-left,.tdb_single_content .id_ad_content-horiz-right,.tdb_single_content .id_ad_content-horiz-center{margin-bottom:15px}.tdb_single_content .id_ad_content-horiz-left img,.tdb_single_content .id_ad_content-horiz-right img,.tdb_single_content .id_ad_content-horiz-center img{margin-bottom:0}.tdb_single_content .id_ad_content-horiz-center{text-align:center}.tdb_single_content .id_ad_content-horiz-center img{margin-right:auto;margin-left:auto}.tdb_single_content .id_ad_content-horiz-left{float:left;margin-top:9px;margin-right:21px}.tdb_single_content .id_ad_content-horiz-right{float:right;margin-top:6px;margin-left:21px}.tdb_single_content .tdc-a-ad .tdc-placeholder-title{width:300px;height:250px}.tdb_single_content .tdc-a-ad .tdc-placeholder-title:before{position:absolute;top:50%;-webkit-transform:translateY(-50%);transform:translateY(-50%);margin:auto;display:table;width:100%}.tdb_single_content .tdb-block-inner.td-fix-index{word-break:break-word}.tdi_41,.tdi_41>p,.tdi_41 .tdb-block-inner>p,.wp-block-column>p{font-size:16px!important;line-height:1.6!important}.tdi_41 .tdb-block-inner blockquote p{font-style:normal!important}@media (max-width:767px){.tdb_single_content .id_ad_content-horiz-left,.tdb_single_content .id_ad_content-horiz-right,.tdb_single_content .id_ad_content-horiz-center{margin:0 auto 26 pikseli auto}}@media (max-width:767px){.tdb_single_content .id_ad_content-horiz-left{margin-right:0}}@media (max-width:767px){.tdb_single_content .id_ad_content-horiz-right{margin-left:0}}@media (max-width:767px){.tdb_single_content .td-a-ad{float:none;text-align:center}.tdb_single_content .td-a-ad img{margin-right:auto;margin-left:auto}.tdb_single_content .tdc-a-ad{float:none}}<\/style>\n<div class=\"tdb-block-inner td-fix-index\">\n<p>Z najnowszych danych wynika, \u017ce \u200b\u200b47 proc. Polak\u00f3w pozytywnie ocenia Pierwsz\u0105 Dam\u0119 Mart\u0119 Nawrock\u0105 <em>Ariadna<\/em> ankieta przeprowadzona dla portalu <em>wp.pl<\/em>. Odmienne zdanie wyrazi\u0142o jedynie 16 proc. respondent\u00f3w.<\/p>\n<p><strong>Polacy o Pierwszej Damie Martie Nawrockiej \u2013 nowe wyniki sonda\u017cu<\/strong><\/p>\n<p>The <em>Ariadna<\/em> Centrum badawcze przeprowadzi\u0142o ankiet\u0119 dla <em>wp.pl<\/em>pytaj\u0105c Polak\u00f3w, jak oceniaj\u0105 prac\u0119 Pierwszej Damy Marty Nawrockiej. Wyniki wskazuj\u0105 na wyra\u017an\u0105 dominacj\u0119 opinii pozytywnych.<\/p>\n<p>\u0141\u0105cznie pozytywnie ocenia dzia\u0142alno\u015b\u0107 Nawrockiej 47 proc. respondent\u00f3w. Oto szczeg\u00f3\u0142owe wyniki:<\/p>\n<ul class=\"wp-block-list\">\n<li>zdecydowanie pozytywne \u2013 20 proc.,<\/li>\n<li>raczej pozytywne \u2013 27 proc.,<\/li>\n<li>raczej negatywne \u2013 8 proc.,<\/li>\n<li>zdecydowanie negatywnie \u2013 8 proc.,<\/li>\n<li>nie wiem\/trudno powiedzie\u0107 \u2013 37 proc.<\/li>\n<\/ul>\n<p>Badanie przeprowadzono w dniach 17-20 pa\u017adziernika 2025 r. metod\u0105 CAWI (ang. Computer-Assisted Web Interview) na pr\u00f3bie 1088 doros\u0142ych Polak\u00f3w.<\/p>\n<p><strong>Pierwsza Dama Marta Nawrocka<\/strong><\/p>\n<p>Marta Nawrocka pe\u0142ni t\u0119 funkcj\u0119 od 6 sierpnia br. Pierwsza Dama aktywnie uczestniczy w licznych inicjatywach i ch\u0119tnie spotyka si\u0119 z Polakami. Jest tak\u017ce aktywna w mediach spo\u0142eczno\u015bciowych, gdzie dzieli si\u0119 aktualno\u015bciami i zdj\u0119ciami ze swoich wizyt i rozm\u00f3w z obywatelami.<\/p>\n<p>Na pocz\u0105tku pa\u017adziernika opublikowa\u0142a post podsumowuj\u0105cy dotychczasow\u0105 prac\u0119. Podkre\u015bla\u0142a w nim, \u017ce ka\u017cde spotkanie z Polakami jest dla niej <strong>\u201ewyj\u0105tkowy moment, kt\u00f3ry na d\u0142ugo zostaje w sercu\u201d<\/strong><\/p>\n<p><strong>&#8222;W Pa\u0142acu Prezydenckim mamy specjalne miejsce, w kt\u00f3rym zbieramy Wasze prezenty i pami\u0105tki \u2013 symbole tej wsp\u00f3lnej, wyj\u0105tkowej podr\u00f3\u017cy. Razem z Karolem dzi\u0119kujemy za ka\u017cdy gest i ka\u017cde mi\u0142e s\u0142owo. Jeste\u015bmy tu dla Was&#8221;<\/strong> \u2013 podkre\u015bli\u0142a.<\/p>\n<p>Wcze\u015bniej Marta Nawrocka pracowa\u0142a w firmie <em>Krajowa Administracja Skarbowa<\/em> (<em>KAS<\/em>). Do jej obowi\u0105zk\u00f3w nale\u017ca\u0142o zwalczanie nielegalnego hazardu i ochrona w\u0142asno\u015bci intelektualnej. Zajmowa\u0142a si\u0119 tak\u017ce zapobieganiem produkcji i obrotowi wyrobami tytoniowymi i alkoholem przez zorganizowane grupy przest\u0119pcze, a tak\u017ce nadzorowaniem przemys\u0142u naftowego. Obecnie przebywa na bezp\u0142atnym urlopie ze wzgl\u0119du na pe\u0142nienie funkcji Pierwszej Damy.<\/p>\n<\/div>\n<\/div>\n","protected":false},"excerpt":{"rendered":"<p>Z najnowszych danych wynika, \u017ce \u200b\u200b47 proc. Polak\u00f3w pozytywnie ocenia Pierwsz\u0105 Dam\u0119 Mart\u0119 Nawrock\u0105 Ariadna ankieta przeprowadzona dla portalu wp.pl.<\/p>\n","protected":false},"author":1,"featured_media":10077,"comment_status":"open","ping_status":"open","sticky":false,"template":"","format":"standard","meta":{"footnotes":""},"categories":[4748],"tags":[6968,3577,589,11584,11585,3,194,11583,11582],"class_list":["post-10076","post","type-post","status-publish","format-standard","has-post-thumbnail","hentry","category-aktualne","tag-ankiete","tag-dame","tag-nowa","tag-ocenia","tag-opublikowano","tag-pierwsza","tag-polakow","tag-pozytywnie","tag-proc","generate-columns","tablet-grid-50","mobile-grid-100","grid-parent","grid-50","resize-featured-image"],"yoast_head":"<!-- This site is optimized with the Yoast SEO plugin v23.2 - https:\/\/yoast.com\/wordpress\/plugins\/seo\/ -->\n<title>47 proc. Polak\u00f3w pozytywnie ocenia Pierwsz\u0105 Dam\u0119! Opublikowano now\u0105 ANKIET\u0118 - POGOTOWIE FLAGOWE\u00ae<\/title>\n<meta name=\"robots\" content=\"index, follow, max-snippet:-1, max-image-preview:large, max-video-preview:-1\" \/>\n<link rel=\"canonical\" href=\"https:\/\/www.pogotowieflagowe.pl\/aktualne\/47-proc-polakow-pozytywnie-ocenia-pierwsza-dame-opublikowano-nowa-ankiete\/\" \/>\n<meta property=\"og:locale\" content=\"pl_PL\" \/>\n<meta property=\"og:type\" content=\"article\" \/>\n<meta property=\"og:title\" content=\"47 proc. Polak\u00f3w pozytywnie ocenia Pierwsz\u0105 Dam\u0119! Opublikowano now\u0105 ANKIET\u0118 - POGOTOWIE FLAGOWE\u00ae\" \/>\n<meta property=\"og:description\" content=\"Z najnowszych danych wynika, \u017ce \u200b\u200b47 proc. Polak\u00f3w pozytywnie ocenia Pierwsz\u0105 Dam\u0119 Mart\u0119 Nawrock\u0105 Ariadna ankieta przeprowadzona dla portalu wp.pl.\" \/>\n<meta property=\"og:url\" content=\"https:\/\/www.pogotowieflagowe.pl\/aktualne\/47-proc-polakow-pozytywnie-ocenia-pierwsza-dame-opublikowano-nowa-ankiete\/\" \/>\n<meta property=\"og:site_name\" content=\"POGOTOWIE FLAGOWE\u00ae\" \/>\n<meta property=\"article:published_time\" content=\"2025-11-02T15:58:21+00:00\" \/>\n<meta property=\"article:modified_time\" content=\"2025-11-02T15:58:22+00:00\" \/>\n<meta property=\"og:image\" content=\"https:\/\/www.pogotowieflagowe.pl\/aktualne\/wp-content\/uploads\/2025\/11\/47-proc-Polakow-pozytywnie-ocenia-Pierwsza-Dame-Opublikowano-nowa-ANKIETE.webp.webp\" \/>\n\t<meta property=\"og:image:width\" content=\"1280\" \/>\n\t<meta property=\"og:image:height\" content=\"720\" \/>\n\t<meta property=\"og:image:type\" content=\"image\/webp\" \/>\n<meta name=\"author\" content=\"Filip\" \/>\n<meta name=\"twitter:card\" content=\"summary_large_image\" \/>\n<meta name=\"twitter:label1\" content=\"Napisane przez\" \/>\n\t<meta name=\"twitter:data1\" content=\"Filip\" \/>\n\t<meta name=\"twitter:label2\" content=\"Szacowany czas czytania\" \/>\n\t<meta name=\"twitter:data2\" content=\"2 minuty\" \/>\n<script type=\"application\/ld+json\" class=\"yoast-schema-graph\">{\"@context\":\"https:\/\/schema.org\",\"@graph\":[{\"@type\":\"Article\",\"@id\":\"https:\/\/www.pogotowieflagowe.pl\/aktualne\/47-proc-polakow-pozytywnie-ocenia-pierwsza-dame-opublikowano-nowa-ankiete\/#article\",\"isPartOf\":{\"@id\":\"https:\/\/www.pogotowieflagowe.pl\/aktualne\/47-proc-polakow-pozytywnie-ocenia-pierwsza-dame-opublikowano-nowa-ankiete\/\"},\"author\":{\"name\":\"Filip\",\"@id\":\"https:\/\/www.pogotowieflagowe.pl\/aktualne\/#\/schema\/person\/9c2fb7d2362ebf6fa088960d7f0d27b0\"},\"headline\":\"47 proc. Polak\u00f3w pozytywnie ocenia Pierwsz\u0105 Dam\u0119! Opublikowano now\u0105 ANKIET\u0118\",\"datePublished\":\"2025-11-02T15:58:21+00:00\",\"dateModified\":\"2025-11-02T15:58:22+00:00\",\"mainEntityOfPage\":{\"@id\":\"https:\/\/www.pogotowieflagowe.pl\/aktualne\/47-proc-polakow-pozytywnie-ocenia-pierwsza-dame-opublikowano-nowa-ankiete\/\"},\"wordCount\":334,\"commentCount\":0,\"publisher\":{\"@id\":\"https:\/\/www.pogotowieflagowe.pl\/aktualne\/#organization\"},\"image\":{\"@id\":\"https:\/\/www.pogotowieflagowe.pl\/aktualne\/47-proc-polakow-pozytywnie-ocenia-pierwsza-dame-opublikowano-nowa-ankiete\/#primaryimage\"},\"thumbnailUrl\":\"https:\/\/www.pogotowieflagowe.pl\/aktualne\/wp-content\/uploads\/2025\/11\/47-proc-Polakow-pozytywnie-ocenia-Pierwsza-Dame-Opublikowano-nowa-ANKIETE.webp.webp\",\"keywords\":[\"ankiet\u0119\",\"Dame\",\"Nowa\",\"ocenia\",\"Opublikowano\",\"Pierwsza\",\"Polak\u00f3w\",\"pozytywnie\",\"proc\"],\"articleSection\":[\"Aktualne\"],\"inLanguage\":\"pl-PL\",\"potentialAction\":[{\"@type\":\"CommentAction\",\"name\":\"Comment\",\"target\":[\"https:\/\/www.pogotowieflagowe.pl\/aktualne\/47-proc-polakow-pozytywnie-ocenia-pierwsza-dame-opublikowano-nowa-ankiete\/#respond\"]}]},{\"@type\":\"WebPage\",\"@id\":\"https:\/\/www.pogotowieflagowe.pl\/aktualne\/47-proc-polakow-pozytywnie-ocenia-pierwsza-dame-opublikowano-nowa-ankiete\/\",\"url\":\"https:\/\/www.pogotowieflagowe.pl\/aktualne\/47-proc-polakow-pozytywnie-ocenia-pierwsza-dame-opublikowano-nowa-ankiete\/\",\"name\":\"47 proc. Polak\u00f3w pozytywnie ocenia Pierwsz\u0105 Dam\u0119! Opublikowano now\u0105 ANKIET\u0118 - POGOTOWIE FLAGOWE\u00ae\",\"isPartOf\":{\"@id\":\"https:\/\/www.pogotowieflagowe.pl\/aktualne\/#website\"},\"primaryImageOfPage\":{\"@id\":\"https:\/\/www.pogotowieflagowe.pl\/aktualne\/47-proc-polakow-pozytywnie-ocenia-pierwsza-dame-opublikowano-nowa-ankiete\/#primaryimage\"},\"image\":{\"@id\":\"https:\/\/www.pogotowieflagowe.pl\/aktualne\/47-proc-polakow-pozytywnie-ocenia-pierwsza-dame-opublikowano-nowa-ankiete\/#primaryimage\"},\"thumbnailUrl\":\"https:\/\/www.pogotowieflagowe.pl\/aktualne\/wp-content\/uploads\/2025\/11\/47-proc-Polakow-pozytywnie-ocenia-Pierwsza-Dame-Opublikowano-nowa-ANKIETE.webp.webp\",\"datePublished\":\"2025-11-02T15:58:21+00:00\",\"dateModified\":\"2025-11-02T15:58:22+00:00\",\"breadcrumb\":{\"@id\":\"https:\/\/www.pogotowieflagowe.pl\/aktualne\/47-proc-polakow-pozytywnie-ocenia-pierwsza-dame-opublikowano-nowa-ankiete\/#breadcrumb\"},\"inLanguage\":\"pl-PL\",\"potentialAction\":[{\"@type\":\"ReadAction\",\"target\":[\"https:\/\/www.pogotowieflagowe.pl\/aktualne\/47-proc-polakow-pozytywnie-ocenia-pierwsza-dame-opublikowano-nowa-ankiete\/\"]}]},{\"@type\":\"ImageObject\",\"inLanguage\":\"pl-PL\",\"@id\":\"https:\/\/www.pogotowieflagowe.pl\/aktualne\/47-proc-polakow-pozytywnie-ocenia-pierwsza-dame-opublikowano-nowa-ankiete\/#primaryimage\",\"url\":\"https:\/\/www.pogotowieflagowe.pl\/aktualne\/wp-content\/uploads\/2025\/11\/47-proc-Polakow-pozytywnie-ocenia-Pierwsza-Dame-Opublikowano-nowa-ANKIETE.webp.webp\",\"contentUrl\":\"https:\/\/www.pogotowieflagowe.pl\/aktualne\/wp-content\/uploads\/2025\/11\/47-proc-Polakow-pozytywnie-ocenia-Pierwsza-Dame-Opublikowano-nowa-ANKIETE.webp.webp\",\"width\":1280,\"height\":720,\"caption\":\"47 proc. Polak\u00f3w pozytywnie ocenia Pierwsz\u0105 Dam\u0119! Opublikowano now\u0105 ANKIET\u0118\"},{\"@type\":\"BreadcrumbList\",\"@id\":\"https:\/\/www.pogotowieflagowe.pl\/aktualne\/47-proc-polakow-pozytywnie-ocenia-pierwsza-dame-opublikowano-nowa-ankiete\/#breadcrumb\",\"itemListElement\":[{\"@type\":\"ListItem\",\"position\":1,\"name\":\"Home\",\"item\":\"https:\/\/www.pogotowieflagowe.pl\/aktualne\/\"},{\"@type\":\"ListItem\",\"position\":2,\"name\":\"47 proc. Polak\u00f3w pozytywnie ocenia Pierwsz\u0105 Dam\u0119! Opublikowano now\u0105 ANKIET\u0118\"}]},{\"@type\":\"WebSite\",\"@id\":\"https:\/\/www.pogotowieflagowe.pl\/aktualne\/#website\",\"url\":\"https:\/\/www.pogotowieflagowe.pl\/aktualne\/\",\"name\":\"POGOTOWIE FLAGOWE\u00ae\",\"description\":\"\",\"publisher\":{\"@id\":\"https:\/\/www.pogotowieflagowe.pl\/aktualne\/#organization\"},\"potentialAction\":[{\"@type\":\"SearchAction\",\"target\":{\"@type\":\"EntryPoint\",\"urlTemplate\":\"https:\/\/www.pogotowieflagowe.pl\/aktualne\/?s={search_term_string}\"},\"query-input\":\"required name=search_term_string\"}],\"inLanguage\":\"pl-PL\"},{\"@type\":\"Organization\",\"@id\":\"https:\/\/www.pogotowieflagowe.pl\/aktualne\/#organization\",\"name\":\"POGOTOWIE FLAGOWE\u00ae\",\"url\":\"https:\/\/www.pogotowieflagowe.pl\/aktualne\/\",\"logo\":{\"@type\":\"ImageObject\",\"inLanguage\":\"pl-PL\",\"@id\":\"https:\/\/www.pogotowieflagowe.pl\/aktualne\/#\/schema\/logo\/image\/\",\"url\":\"https:\/\/www.pogotowieflagowe.pl\/aktualne\/wp-content\/uploads\/2024\/08\/cropped-pogotowieflagowe_flaga_projekt_sm.jpg\",\"contentUrl\":\"https:\/\/www.pogotowieflagowe.pl\/aktualne\/wp-content\/uploads\/2024\/08\/cropped-pogotowieflagowe_flaga_projekt_sm.jpg\",\"width\":250,\"height\":143,\"caption\":\"POGOTOWIE FLAGOWE\u00ae\"},\"image\":{\"@id\":\"https:\/\/www.pogotowieflagowe.pl\/aktualne\/#\/schema\/logo\/image\/\"}},{\"@type\":\"Person\",\"@id\":\"https:\/\/www.pogotowieflagowe.pl\/aktualne\/#\/schema\/person\/9c2fb7d2362ebf6fa088960d7f0d27b0\",\"name\":\"Filip\",\"image\":{\"@type\":\"ImageObject\",\"inLanguage\":\"pl-PL\",\"@id\":\"https:\/\/www.pogotowieflagowe.pl\/aktualne\/#\/schema\/person\/image\/\",\"url\":\"https:\/\/www.pogotowieflagowe.pl\/aktualne\/wp-content\/uploads\/2024\/08\/pogotowieflagowe.pl_.jpg\",\"contentUrl\":\"https:\/\/www.pogotowieflagowe.pl\/aktualne\/wp-content\/uploads\/2024\/08\/pogotowieflagowe.pl_.jpg\",\"caption\":\"Filip\"},\"description\":\"Jestem Filip, polski dziennikarz z dyplomem nauk politycznych Uniwersytetu Warszawskiego. Rozpoczynaj\u0105c swoj\u0105 karier\u0119 w r\u00f3\u017cnych lokalnych mediach, zdoby\u0142em solidne do\u015bwiadczenie w zakresie \u015bledztwa i redakcji. Obecnie jako redaktor w Pogotowie flagowe, staram si\u0119 dostarcza\u0107 dog\u0142\u0119bne i istotne analizy na temat najwa\u017cniejszych kwestii aktualno\u015bci, \u0142\u0105cz\u0105c rygor z pasj\u0105 dziennikarsk\u0105.\",\"sameAs\":[\"https:\/\/www.pogotowieflagowe.pl\/\"]}]}<\/script>\n<!-- \/ Yoast SEO plugin. -->","yoast_head_json":{"title":"47 proc. Polak\u00f3w pozytywnie ocenia Pierwsz\u0105 Dam\u0119! Opublikowano now\u0105 ANKIET\u0118 - POGOTOWIE FLAGOWE\u00ae","robots":{"index":"index","follow":"follow","max-snippet":"max-snippet:-1","max-image-preview":"max-image-preview:large","max-video-preview":"max-video-preview:-1"},"canonical":"https:\/\/www.pogotowieflagowe.pl\/aktualne\/47-proc-polakow-pozytywnie-ocenia-pierwsza-dame-opublikowano-nowa-ankiete\/","og_locale":"pl_PL","og_type":"article","og_title":"47 proc. Polak\u00f3w pozytywnie ocenia Pierwsz\u0105 Dam\u0119! Opublikowano now\u0105 ANKIET\u0118 - POGOTOWIE FLAGOWE\u00ae","og_description":"Z najnowszych danych wynika, \u017ce \u200b\u200b47 proc. Polak\u00f3w pozytywnie ocenia Pierwsz\u0105 Dam\u0119 Mart\u0119 Nawrock\u0105 Ariadna ankieta przeprowadzona dla portalu wp.pl.","og_url":"https:\/\/www.pogotowieflagowe.pl\/aktualne\/47-proc-polakow-pozytywnie-ocenia-pierwsza-dame-opublikowano-nowa-ankiete\/","og_site_name":"POGOTOWIE FLAGOWE\u00ae","article_published_time":"2025-11-02T15:58:21+00:00","article_modified_time":"2025-11-02T15:58:22+00:00","og_image":[{"width":1280,"height":720,"url":"https:\/\/www.pogotowieflagowe.pl\/aktualne\/wp-content\/uploads\/2025\/11\/47-proc-Polakow-pozytywnie-ocenia-Pierwsza-Dame-Opublikowano-nowa-ANKIETE.webp.webp","type":"image\/webp"}],"author":"Filip","twitter_card":"summary_large_image","twitter_misc":{"Napisane przez":"Filip","Szacowany czas czytania":"2 minuty"},"schema":{"@context":"https:\/\/schema.org","@graph":[{"@type":"Article","@id":"https:\/\/www.pogotowieflagowe.pl\/aktualne\/47-proc-polakow-pozytywnie-ocenia-pierwsza-dame-opublikowano-nowa-ankiete\/#article","isPartOf":{"@id":"https:\/\/www.pogotowieflagowe.pl\/aktualne\/47-proc-polakow-pozytywnie-ocenia-pierwsza-dame-opublikowano-nowa-ankiete\/"},"author":{"name":"Filip","@id":"https:\/\/www.pogotowieflagowe.pl\/aktualne\/#\/schema\/person\/9c2fb7d2362ebf6fa088960d7f0d27b0"},"headline":"47 proc. Polak\u00f3w pozytywnie ocenia Pierwsz\u0105 Dam\u0119! Opublikowano now\u0105 ANKIET\u0118","datePublished":"2025-11-02T15:58:21+00:00","dateModified":"2025-11-02T15:58:22+00:00","mainEntityOfPage":{"@id":"https:\/\/www.pogotowieflagowe.pl\/aktualne\/47-proc-polakow-pozytywnie-ocenia-pierwsza-dame-opublikowano-nowa-ankiete\/"},"wordCount":334,"commentCount":0,"publisher":{"@id":"https:\/\/www.pogotowieflagowe.pl\/aktualne\/#organization"},"image":{"@id":"https:\/\/www.pogotowieflagowe.pl\/aktualne\/47-proc-polakow-pozytywnie-ocenia-pierwsza-dame-opublikowano-nowa-ankiete\/#primaryimage"},"thumbnailUrl":"https:\/\/www.pogotowieflagowe.pl\/aktualne\/wp-content\/uploads\/2025\/11\/47-proc-Polakow-pozytywnie-ocenia-Pierwsza-Dame-Opublikowano-nowa-ANKIETE.webp.webp","keywords":["ankiet\u0119","Dame","Nowa","ocenia","Opublikowano","Pierwsza","Polak\u00f3w","pozytywnie","proc"],"articleSection":["Aktualne"],"inLanguage":"pl-PL","potentialAction":[{"@type":"CommentAction","name":"Comment","target":["https:\/\/www.pogotowieflagowe.pl\/aktualne\/47-proc-polakow-pozytywnie-ocenia-pierwsza-dame-opublikowano-nowa-ankiete\/#respond"]}]},{"@type":"WebPage","@id":"https:\/\/www.pogotowieflagowe.pl\/aktualne\/47-proc-polakow-pozytywnie-ocenia-pierwsza-dame-opublikowano-nowa-ankiete\/","url":"https:\/\/www.pogotowieflagowe.pl\/aktualne\/47-proc-polakow-pozytywnie-ocenia-pierwsza-dame-opublikowano-nowa-ankiete\/","name":"47 proc. Polak\u00f3w pozytywnie ocenia Pierwsz\u0105 Dam\u0119! Opublikowano now\u0105 ANKIET\u0118 - POGOTOWIE FLAGOWE\u00ae","isPartOf":{"@id":"https:\/\/www.pogotowieflagowe.pl\/aktualne\/#website"},"primaryImageOfPage":{"@id":"https:\/\/www.pogotowieflagowe.pl\/aktualne\/47-proc-polakow-pozytywnie-ocenia-pierwsza-dame-opublikowano-nowa-ankiete\/#primaryimage"},"image":{"@id":"https:\/\/www.pogotowieflagowe.pl\/aktualne\/47-proc-polakow-pozytywnie-ocenia-pierwsza-dame-opublikowano-nowa-ankiete\/#primaryimage"},"thumbnailUrl":"https:\/\/www.pogotowieflagowe.pl\/aktualne\/wp-content\/uploads\/2025\/11\/47-proc-Polakow-pozytywnie-ocenia-Pierwsza-Dame-Opublikowano-nowa-ANKIETE.webp.webp","datePublished":"2025-11-02T15:58:21+00:00","dateModified":"2025-11-02T15:58:22+00:00","breadcrumb":{"@id":"https:\/\/www.pogotowieflagowe.pl\/aktualne\/47-proc-polakow-pozytywnie-ocenia-pierwsza-dame-opublikowano-nowa-ankiete\/#breadcrumb"},"inLanguage":"pl-PL","potentialAction":[{"@type":"ReadAction","target":["https:\/\/www.pogotowieflagowe.pl\/aktualne\/47-proc-polakow-pozytywnie-ocenia-pierwsza-dame-opublikowano-nowa-ankiete\/"]}]},{"@type":"ImageObject","inLanguage":"pl-PL","@id":"https:\/\/www.pogotowieflagowe.pl\/aktualne\/47-proc-polakow-pozytywnie-ocenia-pierwsza-dame-opublikowano-nowa-ankiete\/#primaryimage","url":"https:\/\/www.pogotowieflagowe.pl\/aktualne\/wp-content\/uploads\/2025\/11\/47-proc-Polakow-pozytywnie-ocenia-Pierwsza-Dame-Opublikowano-nowa-ANKIETE.webp.webp","contentUrl":"https:\/\/www.pogotowieflagowe.pl\/aktualne\/wp-content\/uploads\/2025\/11\/47-proc-Polakow-pozytywnie-ocenia-Pierwsza-Dame-Opublikowano-nowa-ANKIETE.webp.webp","width":1280,"height":720,"caption":"47 proc. Polak\u00f3w pozytywnie ocenia Pierwsz\u0105 Dam\u0119! Opublikowano now\u0105 ANKIET\u0118"},{"@type":"BreadcrumbList","@id":"https:\/\/www.pogotowieflagowe.pl\/aktualne\/47-proc-polakow-pozytywnie-ocenia-pierwsza-dame-opublikowano-nowa-ankiete\/#breadcrumb","itemListElement":[{"@type":"ListItem","position":1,"name":"Home","item":"https:\/\/www.pogotowieflagowe.pl\/aktualne\/"},{"@type":"ListItem","position":2,"name":"47 proc. Polak\u00f3w pozytywnie ocenia Pierwsz\u0105 Dam\u0119! Opublikowano now\u0105 ANKIET\u0118"}]},{"@type":"WebSite","@id":"https:\/\/www.pogotowieflagowe.pl\/aktualne\/#website","url":"https:\/\/www.pogotowieflagowe.pl\/aktualne\/","name":"POGOTOWIE FLAGOWE\u00ae","description":"","publisher":{"@id":"https:\/\/www.pogotowieflagowe.pl\/aktualne\/#organization"},"potentialAction":[{"@type":"SearchAction","target":{"@type":"EntryPoint","urlTemplate":"https:\/\/www.pogotowieflagowe.pl\/aktualne\/?s={search_term_string}"},"query-input":"required name=search_term_string"}],"inLanguage":"pl-PL"},{"@type":"Organization","@id":"https:\/\/www.pogotowieflagowe.pl\/aktualne\/#organization","name":"POGOTOWIE FLAGOWE\u00ae","url":"https:\/\/www.pogotowieflagowe.pl\/aktualne\/","logo":{"@type":"ImageObject","inLanguage":"pl-PL","@id":"https:\/\/www.pogotowieflagowe.pl\/aktualne\/#\/schema\/logo\/image\/","url":"https:\/\/www.pogotowieflagowe.pl\/aktualne\/wp-content\/uploads\/2024\/08\/cropped-pogotowieflagowe_flaga_projekt_sm.jpg","contentUrl":"https:\/\/www.pogotowieflagowe.pl\/aktualne\/wp-content\/uploads\/2024\/08\/cropped-pogotowieflagowe_flaga_projekt_sm.jpg","width":250,"height":143,"caption":"POGOTOWIE FLAGOWE\u00ae"},"image":{"@id":"https:\/\/www.pogotowieflagowe.pl\/aktualne\/#\/schema\/logo\/image\/"}},{"@type":"Person","@id":"https:\/\/www.pogotowieflagowe.pl\/aktualne\/#\/schema\/person\/9c2fb7d2362ebf6fa088960d7f0d27b0","name":"Filip","image":{"@type":"ImageObject","inLanguage":"pl-PL","@id":"https:\/\/www.pogotowieflagowe.pl\/aktualne\/#\/schema\/person\/image\/","url":"https:\/\/www.pogotowieflagowe.pl\/aktualne\/wp-content\/uploads\/2024\/08\/pogotowieflagowe.pl_.jpg","contentUrl":"https:\/\/www.pogotowieflagowe.pl\/aktualne\/wp-content\/uploads\/2024\/08\/pogotowieflagowe.pl_.jpg","caption":"Filip"},"description":"Jestem Filip, polski dziennikarz z dyplomem nauk politycznych Uniwersytetu Warszawskiego. Rozpoczynaj\u0105c swoj\u0105 karier\u0119 w r\u00f3\u017cnych lokalnych mediach, zdoby\u0142em solidne do\u015bwiadczenie w zakresie \u015bledztwa i redakcji. Obecnie jako redaktor w Pogotowie flagowe, staram si\u0119 dostarcza\u0107 dog\u0142\u0119bne i istotne analizy na temat najwa\u017cniejszych kwestii aktualno\u015bci, \u0142\u0105cz\u0105c rygor z pasj\u0105 dziennikarsk\u0105.","sameAs":["https:\/\/www.pogotowieflagowe.pl\/"]}]}},"_links":{"self":[{"href":"https:\/\/www.pogotowieflagowe.pl\/aktualne\/wp-json\/wp\/v2\/posts\/10076","targetHints":{"allow":["GET"]}}],"collection":[{"href":"https:\/\/www.pogotowieflagowe.pl\/aktualne\/wp-json\/wp\/v2\/posts"}],"about":[{"href":"https:\/\/www.pogotowieflagowe.pl\/aktualne\/wp-json\/wp\/v2\/types\/post"}],"author":[{"embeddable":true,"href":"https:\/\/www.pogotowieflagowe.pl\/aktualne\/wp-json\/wp\/v2\/users\/1"}],"replies":[{"embeddable":true,"href":"https:\/\/www.pogotowieflagowe.pl\/aktualne\/wp-json\/wp\/v2\/comments?post=10076"}],"version-history":[{"count":1,"href":"https:\/\/www.pogotowieflagowe.pl\/aktualne\/wp-json\/wp\/v2\/posts\/10076\/revisions"}],"predecessor-version":[{"id":10078,"href":"https:\/\/www.pogotowieflagowe.pl\/aktualne\/wp-json\/wp\/v2\/posts\/10076\/revisions\/10078"}],"wp:featuredmedia":[{"embeddable":true,"href":"https:\/\/www.pogotowieflagowe.pl\/aktualne\/wp-json\/wp\/v2\/media\/10077"}],"wp:attachment":[{"href":"https:\/\/www.pogotowieflagowe.pl\/aktualne\/wp-json\/wp\/v2\/media?parent=10076"}],"wp:term":[{"taxonomy":"category","embeddable":true,"href":"https:\/\/www.pogotowieflagowe.pl\/aktualne\/wp-json\/wp\/v2\/categories?post=10076"},{"taxonomy":"post_tag","embeddable":true,"href":"https:\/\/www.pogotowieflagowe.pl\/aktualne\/wp-json\/wp\/v2\/tags?post=10076"}],"curies":[{"name":"wp","href":"https:\/\/api.w.org\/{rel}","templated":true}]}}