{"id":10090,"date":"2025-11-02T23:12:05","date_gmt":"2025-11-02T22:12:05","guid":{"rendered":"https:\/\/www.pogotowieflagowe.pl\/aktualne\/przelamali-cisze-wyborcza-co-robi-prokuratura-osoba-ktora-zglosila-sprawe-zostala-przesluchana-po-55-miesiaca\/"},"modified":"2025-11-02T23:12:07","modified_gmt":"2025-11-02T22:12:07","slug":"przelamali-cisze-wyborcza-co-robi-prokuratura-osoba-ktora-zglosila-sprawe-zostala-przesluchana-po-55-miesiaca","status":"publish","type":"post","link":"https:\/\/www.pogotowieflagowe.pl\/aktualne\/przelamali-cisze-wyborcza-co-robi-prokuratura-osoba-ktora-zglosila-sprawe-zostala-przesluchana-po-55-miesiaca\/","title":{"rendered":"Prze\u0142amali cisz\u0119 wyborcz\u0105. Co robi prokuratura? Osoba, kt\u00f3ra zg\u0142osi\u0142a spraw\u0119, zosta\u0142a przes\u0142uchana\u2026 po 5,5 miesi\u0105ca!"},"content":{"rendered":"\n<div class=\"td_block_wrap tdb_single_content tdi_41 td-pb-border-top td_block_template_8 td-post-content tagdiv-type\" data-td-block-uid=\"tdi_41\">\n<style>.tdi_41{margines-top:0px!important;margin-bottom:0px!important;dope\u0142nienie-g\u00f3ra:0px!important;dope\u0142nienie-d\u00f3\u0142:0px!important}<\/style>\n<style>.tdb_single_content{margin-bottom:0;*zoom:1}.tdb_single_content:before,.tdb_single_content:after{display:table;content:'';line-height:0}.tdb_single_content:after{clear:both}.tdb_single_content .tdb-block-inner>*:not(.wp-block-quote):not(.alignwide):not(.alignfull.wp-block-cover.has-parallax):not(.td-a-ad){margin-left:auto;margin-right:auto}.tdb_single_content a{pointer-events:auto}.tdb_single_content .td-spot-id-top_ad .tdc-placeholder-title:before{content:'Najlepsza reklama artyku\u0142u'!important}.tdb_single_content .td-spot-id-inline_ad0 .tdc-placeholder-title:before{content:'Reklama wbudowana artyku\u0142u 1'!important}.tdb_single_content .td-spot-id-inline_ad1 .tdc-placeholder-title:before{content:'Wbudowana reklama w artykule 2'!important}.tdb_single_content .td-spot-id-inline_ad2 .tdc-placeholder-title:before{content:'Wbudowana reklama w artykule 3'!important}.tdb_single_content .td-spot-id-bottom_ad .tdc-placeholder-title:before{content:'Article Bottom Ad'!important}.tdb_single_content .id_top_ad,.tdb_single_content .id_bottom_ad{clear:both;margin-bottom:21px;text-align:center}.tdb_single_content .id_top_ad img,.tdb_single_content .id_bottom_ad img{margin-bottom:0}.tdb_single_content .id_top_ad .adsbygoogle,.tdb_single_content .id_bottom_ad .adsbygoogle{position:relative}.tdb_single_content .id_ad_content-horiz-left,.tdb_single_content .id_ad_content-horiz-right,.tdb_single_content .id_ad_content-horiz-center{margin-bottom:15px}.tdb_single_content .id_ad_content-horiz-left img,.tdb_single_content .id_ad_content-horiz-right img,.tdb_single_content .id_ad_content-horiz-center img{margin-bottom:0}.tdb_single_content .id_ad_content-horiz-center{text-align:center}.tdb_single_content .id_ad_content-horiz-center img{margin-right:auto;margin-left:auto}.tdb_single_content .id_ad_content-horiz-left{float:left;margin-top:9px;margin-right:21px}.tdb_single_content .id_ad_content-horiz-right{float:right;margin-top:6px;margin-left:21px}.tdb_single_content .tdc-a-ad .tdc-placeholder-title{width:300px;height:250px}.tdb_single_content .tdc-a-ad .tdc-placeholder-title:before{position:absolute;top:50%;-webkit-transform:translateY(-50%);transform:translateY(-50%);margin:auto;display:table;width:100%}.tdb_single_content .tdb-block-inner.td-fix-index{word-break:break-word}.tdi_41,.tdi_41>p,.tdi_41 .tdb-block-inner>p,.wp-block-column>p{font-size:16px!important;line-height:1.6!important}.tdi_41 .tdb-block-inner blockquote p{font-style:normal!important}@media (max-width:767px){.tdb_single_content .id_ad_content-horiz-left,.tdb_single_content .id_ad_content-horiz-right,.tdb_single_content .id_ad_content-horiz-center{margin:0 auto 26 pikseli auto}}@media (max-width:767px){.tdb_single_content .id_ad_content-horiz-left{margin-right:0}}@media (max-width:767px){.tdb_single_content .id_ad_content-horiz-right{margin-left:0}}@media (max-width:767px){.tdb_single_content .td-a-ad{float:none;text-align:center}.tdb_single_content .td-a-ad img{margin-right:auto;margin-left:auto}.tdb_single_content .tdc-a-ad{float:none}}<\/style>\n<div class=\"tdb-block-inner td-fix-index\">\n<p>Pi\u0119\u0107 i p\u00f3\u0142 miesi\u0105ca zaj\u0119\u0142o \u015bledczym wezwanie na przes\u0142uchanie osoby, kt\u00f3ra zg\u0142osi\u0142a naruszenie ciszy wyborczej m.in. <em>Koalicja Obywatelska<\/em> (KO) politycy Arkadiusz Myrcha i Kamila Gasiuk-Pihowicz. Pose\u0142 Dariusz Matecki z\u0142o\u017cy\u0142 zeznania i ironicznie skomentowa\u0142: <strong>\u201eSzybka akcja.\u201d<\/strong><\/p>\n<p>W niedziel\u0119 18 maja 2025 r. odby\u0142a si\u0119 pierwsza tura wybor\u00f3w prezydenckich. O p\u00f3\u0142nocy z pi\u0105tku na sobot\u0119 rozpocz\u0119\u0142a si\u0119 cisza wyborcza \u2013 zabroniono agitowania na rzecz kt\u00f3regokolwiek z kandydat\u00f3w.<\/p>\n<p>Jednak wiceminister sprawiedliwo\u015bci Arkadiusz Myrcha nie wydawa\u0142 si\u0119 tym przejmowa\u0107. 17 maja rano na jego profilu na Facebooku pojawi\u0142a si\u0119 grafika zach\u0119caj\u0105ca do g\u0142osowania na Rafa\u0142a Trzaskowskiego. Myrcha usun\u0105\u0142 go trzy godziny p\u00f3\u017aniej, twierdz\u0105c, \u017ce by\u0142o to spowodowane: <strong>\u201eb\u0142\u0105d przesy\u0142ania grafiki\u201d.<\/strong><\/p>\n<p><strong>&#8222;T\u0105 konkretn\u0105 spraw\u0105 powinna zaj\u0105\u0107 si\u0119 prokuratura, a p\u00f3\u017aniej s\u0105d. Mam nadziej\u0119, \u017ce te organy spe\u0142ni\u0105 sw\u00f3j ustawowy obowi\u0105zek&#8221;<\/strong> \u2013 powiedzia\u0142 s\u0119dzia Sylwester Marciniak, przewodnicz\u0105cy S\u0105du Najwy\u017cszego <em>Pa\u0144stwowa Komisja Wyborcza<\/em> (PKW). Podobna grafika zach\u0119caj\u0105ca do g\u0142osowania na Trzaskowskiego pojawi\u0142a si\u0119 tak\u017ce na Facebooku eurodeputowanej KO Kamili Gasiuk-Pihowicz. Pose\u0142 Dariusz Matecki zidentyfikowa\u0142 wi\u0119cej takich przypadk\u00f3w i powiadomi\u0142 organy \u015bcigania.<\/p>\n<figure class=\"wp-block-pullquote\">\n<blockquote>\n<p>\u201eInformuj\u0119, \u017ce zawiadomienie do prokuratury w sprawie naruszenia ciszy wyborczej b\u0119dzie dotyczy\u0142o nie tylko Arkadiusza Myrchy i Kamili Gasiuk-Pihowicz, ale tak\u017ce <em>Gazety Wyborczej<\/em>kt\u00f3ra wed\u0142ug informacji podanych przez Facebooka 17 maja opublikowa\u0142a sponsorowany post wymierzony w jednego z kandydat\u00f3w w wyborach. Tego dnia ukaza\u0142y si\u0119 tak\u017ce inne reklamy o tematyce politycznej, ale jedna dotyczy\u0142a bezpo\u015brednio wybor\u00f3w i by\u0142a postem hejtuj\u0105cym pod adresem konkretnego kandydata, kt\u00f3rego zdj\u0119cie by\u0142o widoczne w tre\u015bci. Materia\u0142 dowodowy w tej sprawie zosta\u0142 zabezpieczony, ale jest publicznie dost\u0119pny w <em>Gazety Wyborczej<\/em> Repozytorium reklam na Facebooku\u201d \u2013 napisa\u0142 pose\u0142 Matecki dzie\u0144 przed pierwsz\u0105 tur\u0105 wybor\u00f3w prezydenckich w 2025 roku.<\/p>\n<\/blockquote>\n<\/figure>\n<p>Jak post\u0119puje \u015bledztwo? Okazuje si\u0119, \u017ce dopiero po kilku miesi\u0105cach osoba zg\u0142aszaj\u0105ca spraw\u0119 zosta\u0142a ostatecznie przes\u0142uchana. Tempo \u015bledztwa jest i\u015bcie lodowate.<\/p>\n<p><strong>&#8222;Och, w\u0142a\u015bnie w pi\u0105tek sk\u0142ada\u0142em zeznania dotycz\u0105ce tego raportu. Z\u0142o\u017cone 15 maja, zeznania 31 pa\u017adziernika. Szybka akcja.&#8221;<\/strong> \u2013 napisa\u0142 dzi\u015b z ironi\u0105 Dariusz Matecki.<\/p>\n<figure class=\"wp-block-embed is-type-rich is-provider-twitter wp-block-embed-twitter\">\n<div class=\"wp-block-embed__wrapper\">\n<blockquote class=\"twitter-tweet\" data-width=\"550\" data-dnt=\"true\">\n<p lang=\"pl\" dir=\"ltr\">O, w\u0142a\u015bnie w sprawie tego powiadomienia w pi\u0105tek zeznawa\u0142em. Z\u0142o\u017cony 15 maja, zeznawa\u0142em 31 pa\u017adziernika. Szybkie dzia\u0142anie \ud83e\udd20\ud83e\udd26\u200d\u2642\ufe0f https:\/\/t.co\/nTkKlH4M8F<\/p>\n<p>\u2014 Dariusz Matecki (@DariuszMatecki) <a rel=\"nofollow\" href=\"https:\/\/twitter.com\/DariuszMatecki\/status\/1985011875227009206?ref_src=twsrc%5Etfw\">2 listopada 2025 r<\/a><\/p><\/blockquote>\n<\/div>\n<\/figure>\n<\/div>\n<\/div>\n<p><script async src=\"https:\/\/platform.twitter.com\/widgets.js\" charset=\"utf-8\"><\/script><\/p>\n","protected":false},"excerpt":{"rendered":"<p>Pi\u0119\u0107 i p\u00f3\u0142 miesi\u0105ca zaj\u0119\u0142o \u015bledczym wezwanie na przes\u0142uchanie osoby, kt\u00f3ra zg\u0142osi\u0142a naruszenie ciszy wyborczej m.in. Koalicja Obywatelska (KO) politycy<\/p>\n","protected":false},"author":1,"featured_media":10091,"comment_status":"open","ping_status":"open","sticky":false,"template":"","format":"standard","meta":{"footnotes":""},"categories":[4748],"tags":[7062,1708,11599,11244,6133,11596,11598,1590,8210,2199,11597,6312],"class_list":["post-10090","post","type-post","status-publish","format-standard","has-post-thumbnail","hentry","category-aktualne","tag-cisze","tag-ktora","tag-miesiaca","tag-osoba","tag-prokuratura","tag-przelamali","tag-przesluchana","tag-robi","tag-sprawe","tag-wyborcza","tag-zglosila","tag-zostala","generate-columns","tablet-grid-50","mobile-grid-100","grid-parent","grid-50","resize-featured-image"],"yoast_head":"<!-- This site is optimized with the Yoast SEO plugin v23.2 - https:\/\/yoast.com\/wordpress\/plugins\/seo\/ -->\n<title>Prze\u0142amali cisz\u0119 wyborcz\u0105. Co robi prokuratura? Osoba, kt\u00f3ra zg\u0142osi\u0142a spraw\u0119, zosta\u0142a przes\u0142uchana\u2026 po 5,5 miesi\u0105ca! - POGOTOWIE FLAGOWE\u00ae<\/title>\n<meta name=\"robots\" content=\"index, follow, max-snippet:-1, max-image-preview:large, max-video-preview:-1\" \/>\n<link rel=\"canonical\" href=\"https:\/\/www.pogotowieflagowe.pl\/aktualne\/przelamali-cisze-wyborcza-co-robi-prokuratura-osoba-ktora-zglosila-sprawe-zostala-przesluchana-po-55-miesiaca\/\" \/>\n<meta property=\"og:locale\" content=\"pl_PL\" \/>\n<meta property=\"og:type\" content=\"article\" \/>\n<meta property=\"og:title\" content=\"Prze\u0142amali cisz\u0119 wyborcz\u0105. Co robi prokuratura? Osoba, kt\u00f3ra zg\u0142osi\u0142a spraw\u0119, zosta\u0142a przes\u0142uchana\u2026 po 5,5 miesi\u0105ca! - POGOTOWIE FLAGOWE\u00ae\" \/>\n<meta property=\"og:description\" content=\"Pi\u0119\u0107 i p\u00f3\u0142 miesi\u0105ca zaj\u0119\u0142o \u015bledczym wezwanie na przes\u0142uchanie osoby, kt\u00f3ra zg\u0142osi\u0142a naruszenie ciszy wyborczej m.in. Koalicja Obywatelska (KO) politycy\" \/>\n<meta property=\"og:url\" content=\"https:\/\/www.pogotowieflagowe.pl\/aktualne\/przelamali-cisze-wyborcza-co-robi-prokuratura-osoba-ktora-zglosila-sprawe-zostala-przesluchana-po-55-miesiaca\/\" \/>\n<meta property=\"og:site_name\" content=\"POGOTOWIE FLAGOWE\u00ae\" \/>\n<meta property=\"article:published_time\" content=\"2025-11-02T22:12:05+00:00\" \/>\n<meta property=\"article:modified_time\" content=\"2025-11-02T22:12:07+00:00\" \/>\n<meta property=\"og:image\" content=\"https:\/\/www.pogotowieflagowe.pl\/aktualne\/wp-content\/uploads\/2025\/11\/Przelamali-cisze-wyborcza-Co-robi-prokuratura-Osoba-ktora-zglosila-sprawe.webp.webp\" \/>\n\t<meta property=\"og:image:width\" content=\"1280\" \/>\n\t<meta property=\"og:image:height\" content=\"720\" \/>\n\t<meta property=\"og:image:type\" content=\"image\/webp\" \/>\n<meta name=\"author\" content=\"Filip\" \/>\n<meta name=\"twitter:card\" content=\"summary_large_image\" \/>\n<meta name=\"twitter:label1\" content=\"Napisane przez\" \/>\n\t<meta name=\"twitter:data1\" content=\"Filip\" \/>\n\t<meta name=\"twitter:label2\" content=\"Szacowany czas czytania\" \/>\n\t<meta name=\"twitter:data2\" content=\"2 minuty\" \/>\n<script type=\"application\/ld+json\" class=\"yoast-schema-graph\">{\"@context\":\"https:\/\/schema.org\",\"@graph\":[{\"@type\":\"Article\",\"@id\":\"https:\/\/www.pogotowieflagowe.pl\/aktualne\/przelamali-cisze-wyborcza-co-robi-prokuratura-osoba-ktora-zglosila-sprawe-zostala-przesluchana-po-55-miesiaca\/#article\",\"isPartOf\":{\"@id\":\"https:\/\/www.pogotowieflagowe.pl\/aktualne\/przelamali-cisze-wyborcza-co-robi-prokuratura-osoba-ktora-zglosila-sprawe-zostala-przesluchana-po-55-miesiaca\/\"},\"author\":{\"name\":\"Filip\",\"@id\":\"https:\/\/www.pogotowieflagowe.pl\/aktualne\/#\/schema\/person\/9c2fb7d2362ebf6fa088960d7f0d27b0\"},\"headline\":\"Prze\u0142amali cisz\u0119 wyborcz\u0105. Co robi prokuratura? Osoba, kt\u00f3ra zg\u0142osi\u0142a spraw\u0119, zosta\u0142a przes\u0142uchana\u2026 po 5,5 miesi\u0105ca!\",\"datePublished\":\"2025-11-02T22:12:05+00:00\",\"dateModified\":\"2025-11-02T22:12:07+00:00\",\"mainEntityOfPage\":{\"@id\":\"https:\/\/www.pogotowieflagowe.pl\/aktualne\/przelamali-cisze-wyborcza-co-robi-prokuratura-osoba-ktora-zglosila-sprawe-zostala-przesluchana-po-55-miesiaca\/\"},\"wordCount\":434,\"commentCount\":0,\"publisher\":{\"@id\":\"https:\/\/www.pogotowieflagowe.pl\/aktualne\/#organization\"},\"image\":{\"@id\":\"https:\/\/www.pogotowieflagowe.pl\/aktualne\/przelamali-cisze-wyborcza-co-robi-prokuratura-osoba-ktora-zglosila-sprawe-zostala-przesluchana-po-55-miesiaca\/#primaryimage\"},\"thumbnailUrl\":\"https:\/\/www.pogotowieflagowe.pl\/aktualne\/wp-content\/uploads\/2025\/11\/Przelamali-cisze-wyborcza-Co-robi-prokuratura-Osoba-ktora-zglosila-sprawe.webp.webp\",\"keywords\":[\"cisz\u0119\",\"kt\u00f3ra\",\"miesi\u0105ca\",\"osoba\",\"Prokuratura\",\"Prze\u0142amali\",\"przes\u0142uchana\",\"robi\",\"spraw\u0119\",\"wyborcza\",\"zg\u0142osi\u0142a\",\"Zosta\u0142a\"],\"articleSection\":[\"Aktualne\"],\"inLanguage\":\"pl-PL\",\"potentialAction\":[{\"@type\":\"CommentAction\",\"name\":\"Comment\",\"target\":[\"https:\/\/www.pogotowieflagowe.pl\/aktualne\/przelamali-cisze-wyborcza-co-robi-prokuratura-osoba-ktora-zglosila-sprawe-zostala-przesluchana-po-55-miesiaca\/#respond\"]}]},{\"@type\":\"WebPage\",\"@id\":\"https:\/\/www.pogotowieflagowe.pl\/aktualne\/przelamali-cisze-wyborcza-co-robi-prokuratura-osoba-ktora-zglosila-sprawe-zostala-przesluchana-po-55-miesiaca\/\",\"url\":\"https:\/\/www.pogotowieflagowe.pl\/aktualne\/przelamali-cisze-wyborcza-co-robi-prokuratura-osoba-ktora-zglosila-sprawe-zostala-przesluchana-po-55-miesiaca\/\",\"name\":\"Prze\u0142amali cisz\u0119 wyborcz\u0105. Co robi prokuratura? Osoba, kt\u00f3ra zg\u0142osi\u0142a spraw\u0119, zosta\u0142a przes\u0142uchana\u2026 po 5,5 miesi\u0105ca! - POGOTOWIE FLAGOWE\u00ae\",\"isPartOf\":{\"@id\":\"https:\/\/www.pogotowieflagowe.pl\/aktualne\/#website\"},\"primaryImageOfPage\":{\"@id\":\"https:\/\/www.pogotowieflagowe.pl\/aktualne\/przelamali-cisze-wyborcza-co-robi-prokuratura-osoba-ktora-zglosila-sprawe-zostala-przesluchana-po-55-miesiaca\/#primaryimage\"},\"image\":{\"@id\":\"https:\/\/www.pogotowieflagowe.pl\/aktualne\/przelamali-cisze-wyborcza-co-robi-prokuratura-osoba-ktora-zglosila-sprawe-zostala-przesluchana-po-55-miesiaca\/#primaryimage\"},\"thumbnailUrl\":\"https:\/\/www.pogotowieflagowe.pl\/aktualne\/wp-content\/uploads\/2025\/11\/Przelamali-cisze-wyborcza-Co-robi-prokuratura-Osoba-ktora-zglosila-sprawe.webp.webp\",\"datePublished\":\"2025-11-02T22:12:05+00:00\",\"dateModified\":\"2025-11-02T22:12:07+00:00\",\"breadcrumb\":{\"@id\":\"https:\/\/www.pogotowieflagowe.pl\/aktualne\/przelamali-cisze-wyborcza-co-robi-prokuratura-osoba-ktora-zglosila-sprawe-zostala-przesluchana-po-55-miesiaca\/#breadcrumb\"},\"inLanguage\":\"pl-PL\",\"potentialAction\":[{\"@type\":\"ReadAction\",\"target\":[\"https:\/\/www.pogotowieflagowe.pl\/aktualne\/przelamali-cisze-wyborcza-co-robi-prokuratura-osoba-ktora-zglosila-sprawe-zostala-przesluchana-po-55-miesiaca\/\"]}]},{\"@type\":\"ImageObject\",\"inLanguage\":\"pl-PL\",\"@id\":\"https:\/\/www.pogotowieflagowe.pl\/aktualne\/przelamali-cisze-wyborcza-co-robi-prokuratura-osoba-ktora-zglosila-sprawe-zostala-przesluchana-po-55-miesiaca\/#primaryimage\",\"url\":\"https:\/\/www.pogotowieflagowe.pl\/aktualne\/wp-content\/uploads\/2025\/11\/Przelamali-cisze-wyborcza-Co-robi-prokuratura-Osoba-ktora-zglosila-sprawe.webp.webp\",\"contentUrl\":\"https:\/\/www.pogotowieflagowe.pl\/aktualne\/wp-content\/uploads\/2025\/11\/Przelamali-cisze-wyborcza-Co-robi-prokuratura-Osoba-ktora-zglosila-sprawe.webp.webp\",\"width\":1280,\"height\":720,\"caption\":\"Prze\u0142amali cisz\u0119 wyborcz\u0105. Co robi prokuratura? Osoba, kt\u00f3ra zg\u0142osi\u0142a spraw\u0119, zosta\u0142a przes\u0142uchana\u2026 po 5,5 miesi\u0105ca!\"},{\"@type\":\"BreadcrumbList\",\"@id\":\"https:\/\/www.pogotowieflagowe.pl\/aktualne\/przelamali-cisze-wyborcza-co-robi-prokuratura-osoba-ktora-zglosila-sprawe-zostala-przesluchana-po-55-miesiaca\/#breadcrumb\",\"itemListElement\":[{\"@type\":\"ListItem\",\"position\":1,\"name\":\"Home\",\"item\":\"https:\/\/www.pogotowieflagowe.pl\/aktualne\/\"},{\"@type\":\"ListItem\",\"position\":2,\"name\":\"Prze\u0142amali cisz\u0119 wyborcz\u0105. Co robi prokuratura? Osoba, kt\u00f3ra zg\u0142osi\u0142a spraw\u0119, zosta\u0142a przes\u0142uchana\u2026 po 5,5 miesi\u0105ca!\"}]},{\"@type\":\"WebSite\",\"@id\":\"https:\/\/www.pogotowieflagowe.pl\/aktualne\/#website\",\"url\":\"https:\/\/www.pogotowieflagowe.pl\/aktualne\/\",\"name\":\"POGOTOWIE FLAGOWE\u00ae\",\"description\":\"\",\"publisher\":{\"@id\":\"https:\/\/www.pogotowieflagowe.pl\/aktualne\/#organization\"},\"potentialAction\":[{\"@type\":\"SearchAction\",\"target\":{\"@type\":\"EntryPoint\",\"urlTemplate\":\"https:\/\/www.pogotowieflagowe.pl\/aktualne\/?s={search_term_string}\"},\"query-input\":\"required name=search_term_string\"}],\"inLanguage\":\"pl-PL\"},{\"@type\":\"Organization\",\"@id\":\"https:\/\/www.pogotowieflagowe.pl\/aktualne\/#organization\",\"name\":\"POGOTOWIE FLAGOWE\u00ae\",\"url\":\"https:\/\/www.pogotowieflagowe.pl\/aktualne\/\",\"logo\":{\"@type\":\"ImageObject\",\"inLanguage\":\"pl-PL\",\"@id\":\"https:\/\/www.pogotowieflagowe.pl\/aktualne\/#\/schema\/logo\/image\/\",\"url\":\"https:\/\/www.pogotowieflagowe.pl\/aktualne\/wp-content\/uploads\/2024\/08\/cropped-pogotowieflagowe_flaga_projekt_sm.jpg\",\"contentUrl\":\"https:\/\/www.pogotowieflagowe.pl\/aktualne\/wp-content\/uploads\/2024\/08\/cropped-pogotowieflagowe_flaga_projekt_sm.jpg\",\"width\":250,\"height\":143,\"caption\":\"POGOTOWIE FLAGOWE\u00ae\"},\"image\":{\"@id\":\"https:\/\/www.pogotowieflagowe.pl\/aktualne\/#\/schema\/logo\/image\/\"}},{\"@type\":\"Person\",\"@id\":\"https:\/\/www.pogotowieflagowe.pl\/aktualne\/#\/schema\/person\/9c2fb7d2362ebf6fa088960d7f0d27b0\",\"name\":\"Filip\",\"image\":{\"@type\":\"ImageObject\",\"inLanguage\":\"pl-PL\",\"@id\":\"https:\/\/www.pogotowieflagowe.pl\/aktualne\/#\/schema\/person\/image\/\",\"url\":\"https:\/\/www.pogotowieflagowe.pl\/aktualne\/wp-content\/uploads\/2024\/08\/pogotowieflagowe.pl_.jpg\",\"contentUrl\":\"https:\/\/www.pogotowieflagowe.pl\/aktualne\/wp-content\/uploads\/2024\/08\/pogotowieflagowe.pl_.jpg\",\"caption\":\"Filip\"},\"description\":\"Jestem Filip, polski dziennikarz z dyplomem nauk politycznych Uniwersytetu Warszawskiego. Rozpoczynaj\u0105c swoj\u0105 karier\u0119 w r\u00f3\u017cnych lokalnych mediach, zdoby\u0142em solidne do\u015bwiadczenie w zakresie \u015bledztwa i redakcji. Obecnie jako redaktor w Pogotowie flagowe, staram si\u0119 dostarcza\u0107 dog\u0142\u0119bne i istotne analizy na temat najwa\u017cniejszych kwestii aktualno\u015bci, \u0142\u0105cz\u0105c rygor z pasj\u0105 dziennikarsk\u0105.\",\"sameAs\":[\"https:\/\/www.pogotowieflagowe.pl\/\"]}]}<\/script>\n<!-- \/ Yoast SEO plugin. -->","yoast_head_json":{"title":"Prze\u0142amali cisz\u0119 wyborcz\u0105. Co robi prokuratura? Osoba, kt\u00f3ra zg\u0142osi\u0142a spraw\u0119, zosta\u0142a przes\u0142uchana\u2026 po 5,5 miesi\u0105ca! - POGOTOWIE FLAGOWE\u00ae","robots":{"index":"index","follow":"follow","max-snippet":"max-snippet:-1","max-image-preview":"max-image-preview:large","max-video-preview":"max-video-preview:-1"},"canonical":"https:\/\/www.pogotowieflagowe.pl\/aktualne\/przelamali-cisze-wyborcza-co-robi-prokuratura-osoba-ktora-zglosila-sprawe-zostala-przesluchana-po-55-miesiaca\/","og_locale":"pl_PL","og_type":"article","og_title":"Prze\u0142amali cisz\u0119 wyborcz\u0105. Co robi prokuratura? Osoba, kt\u00f3ra zg\u0142osi\u0142a spraw\u0119, zosta\u0142a przes\u0142uchana\u2026 po 5,5 miesi\u0105ca! - POGOTOWIE FLAGOWE\u00ae","og_description":"Pi\u0119\u0107 i p\u00f3\u0142 miesi\u0105ca zaj\u0119\u0142o \u015bledczym wezwanie na przes\u0142uchanie osoby, kt\u00f3ra zg\u0142osi\u0142a naruszenie ciszy wyborczej m.in. Koalicja Obywatelska (KO) politycy","og_url":"https:\/\/www.pogotowieflagowe.pl\/aktualne\/przelamali-cisze-wyborcza-co-robi-prokuratura-osoba-ktora-zglosila-sprawe-zostala-przesluchana-po-55-miesiaca\/","og_site_name":"POGOTOWIE FLAGOWE\u00ae","article_published_time":"2025-11-02T22:12:05+00:00","article_modified_time":"2025-11-02T22:12:07+00:00","og_image":[{"width":1280,"height":720,"url":"https:\/\/www.pogotowieflagowe.pl\/aktualne\/wp-content\/uploads\/2025\/11\/Przelamali-cisze-wyborcza-Co-robi-prokuratura-Osoba-ktora-zglosila-sprawe.webp.webp","type":"image\/webp"}],"author":"Filip","twitter_card":"summary_large_image","twitter_misc":{"Napisane przez":"Filip","Szacowany czas czytania":"2 minuty"},"schema":{"@context":"https:\/\/schema.org","@graph":[{"@type":"Article","@id":"https:\/\/www.pogotowieflagowe.pl\/aktualne\/przelamali-cisze-wyborcza-co-robi-prokuratura-osoba-ktora-zglosila-sprawe-zostala-przesluchana-po-55-miesiaca\/#article","isPartOf":{"@id":"https:\/\/www.pogotowieflagowe.pl\/aktualne\/przelamali-cisze-wyborcza-co-robi-prokuratura-osoba-ktora-zglosila-sprawe-zostala-przesluchana-po-55-miesiaca\/"},"author":{"name":"Filip","@id":"https:\/\/www.pogotowieflagowe.pl\/aktualne\/#\/schema\/person\/9c2fb7d2362ebf6fa088960d7f0d27b0"},"headline":"Prze\u0142amali cisz\u0119 wyborcz\u0105. Co robi prokuratura? Osoba, kt\u00f3ra zg\u0142osi\u0142a spraw\u0119, zosta\u0142a przes\u0142uchana\u2026 po 5,5 miesi\u0105ca!","datePublished":"2025-11-02T22:12:05+00:00","dateModified":"2025-11-02T22:12:07+00:00","mainEntityOfPage":{"@id":"https:\/\/www.pogotowieflagowe.pl\/aktualne\/przelamali-cisze-wyborcza-co-robi-prokuratura-osoba-ktora-zglosila-sprawe-zostala-przesluchana-po-55-miesiaca\/"},"wordCount":434,"commentCount":0,"publisher":{"@id":"https:\/\/www.pogotowieflagowe.pl\/aktualne\/#organization"},"image":{"@id":"https:\/\/www.pogotowieflagowe.pl\/aktualne\/przelamali-cisze-wyborcza-co-robi-prokuratura-osoba-ktora-zglosila-sprawe-zostala-przesluchana-po-55-miesiaca\/#primaryimage"},"thumbnailUrl":"https:\/\/www.pogotowieflagowe.pl\/aktualne\/wp-content\/uploads\/2025\/11\/Przelamali-cisze-wyborcza-Co-robi-prokuratura-Osoba-ktora-zglosila-sprawe.webp.webp","keywords":["cisz\u0119","kt\u00f3ra","miesi\u0105ca","osoba","Prokuratura","Prze\u0142amali","przes\u0142uchana","robi","spraw\u0119","wyborcza","zg\u0142osi\u0142a","Zosta\u0142a"],"articleSection":["Aktualne"],"inLanguage":"pl-PL","potentialAction":[{"@type":"CommentAction","name":"Comment","target":["https:\/\/www.pogotowieflagowe.pl\/aktualne\/przelamali-cisze-wyborcza-co-robi-prokuratura-osoba-ktora-zglosila-sprawe-zostala-przesluchana-po-55-miesiaca\/#respond"]}]},{"@type":"WebPage","@id":"https:\/\/www.pogotowieflagowe.pl\/aktualne\/przelamali-cisze-wyborcza-co-robi-prokuratura-osoba-ktora-zglosila-sprawe-zostala-przesluchana-po-55-miesiaca\/","url":"https:\/\/www.pogotowieflagowe.pl\/aktualne\/przelamali-cisze-wyborcza-co-robi-prokuratura-osoba-ktora-zglosila-sprawe-zostala-przesluchana-po-55-miesiaca\/","name":"Prze\u0142amali cisz\u0119 wyborcz\u0105. Co robi prokuratura? Osoba, kt\u00f3ra zg\u0142osi\u0142a spraw\u0119, zosta\u0142a przes\u0142uchana\u2026 po 5,5 miesi\u0105ca! - POGOTOWIE FLAGOWE\u00ae","isPartOf":{"@id":"https:\/\/www.pogotowieflagowe.pl\/aktualne\/#website"},"primaryImageOfPage":{"@id":"https:\/\/www.pogotowieflagowe.pl\/aktualne\/przelamali-cisze-wyborcza-co-robi-prokuratura-osoba-ktora-zglosila-sprawe-zostala-przesluchana-po-55-miesiaca\/#primaryimage"},"image":{"@id":"https:\/\/www.pogotowieflagowe.pl\/aktualne\/przelamali-cisze-wyborcza-co-robi-prokuratura-osoba-ktora-zglosila-sprawe-zostala-przesluchana-po-55-miesiaca\/#primaryimage"},"thumbnailUrl":"https:\/\/www.pogotowieflagowe.pl\/aktualne\/wp-content\/uploads\/2025\/11\/Przelamali-cisze-wyborcza-Co-robi-prokuratura-Osoba-ktora-zglosila-sprawe.webp.webp","datePublished":"2025-11-02T22:12:05+00:00","dateModified":"2025-11-02T22:12:07+00:00","breadcrumb":{"@id":"https:\/\/www.pogotowieflagowe.pl\/aktualne\/przelamali-cisze-wyborcza-co-robi-prokuratura-osoba-ktora-zglosila-sprawe-zostala-przesluchana-po-55-miesiaca\/#breadcrumb"},"inLanguage":"pl-PL","potentialAction":[{"@type":"ReadAction","target":["https:\/\/www.pogotowieflagowe.pl\/aktualne\/przelamali-cisze-wyborcza-co-robi-prokuratura-osoba-ktora-zglosila-sprawe-zostala-przesluchana-po-55-miesiaca\/"]}]},{"@type":"ImageObject","inLanguage":"pl-PL","@id":"https:\/\/www.pogotowieflagowe.pl\/aktualne\/przelamali-cisze-wyborcza-co-robi-prokuratura-osoba-ktora-zglosila-sprawe-zostala-przesluchana-po-55-miesiaca\/#primaryimage","url":"https:\/\/www.pogotowieflagowe.pl\/aktualne\/wp-content\/uploads\/2025\/11\/Przelamali-cisze-wyborcza-Co-robi-prokuratura-Osoba-ktora-zglosila-sprawe.webp.webp","contentUrl":"https:\/\/www.pogotowieflagowe.pl\/aktualne\/wp-content\/uploads\/2025\/11\/Przelamali-cisze-wyborcza-Co-robi-prokuratura-Osoba-ktora-zglosila-sprawe.webp.webp","width":1280,"height":720,"caption":"Prze\u0142amali cisz\u0119 wyborcz\u0105. Co robi prokuratura? Osoba, kt\u00f3ra zg\u0142osi\u0142a spraw\u0119, zosta\u0142a przes\u0142uchana\u2026 po 5,5 miesi\u0105ca!"},{"@type":"BreadcrumbList","@id":"https:\/\/www.pogotowieflagowe.pl\/aktualne\/przelamali-cisze-wyborcza-co-robi-prokuratura-osoba-ktora-zglosila-sprawe-zostala-przesluchana-po-55-miesiaca\/#breadcrumb","itemListElement":[{"@type":"ListItem","position":1,"name":"Home","item":"https:\/\/www.pogotowieflagowe.pl\/aktualne\/"},{"@type":"ListItem","position":2,"name":"Prze\u0142amali cisz\u0119 wyborcz\u0105. Co robi prokuratura? Osoba, kt\u00f3ra zg\u0142osi\u0142a spraw\u0119, zosta\u0142a przes\u0142uchana\u2026 po 5,5 miesi\u0105ca!"}]},{"@type":"WebSite","@id":"https:\/\/www.pogotowieflagowe.pl\/aktualne\/#website","url":"https:\/\/www.pogotowieflagowe.pl\/aktualne\/","name":"POGOTOWIE FLAGOWE\u00ae","description":"","publisher":{"@id":"https:\/\/www.pogotowieflagowe.pl\/aktualne\/#organization"},"potentialAction":[{"@type":"SearchAction","target":{"@type":"EntryPoint","urlTemplate":"https:\/\/www.pogotowieflagowe.pl\/aktualne\/?s={search_term_string}"},"query-input":"required name=search_term_string"}],"inLanguage":"pl-PL"},{"@type":"Organization","@id":"https:\/\/www.pogotowieflagowe.pl\/aktualne\/#organization","name":"POGOTOWIE FLAGOWE\u00ae","url":"https:\/\/www.pogotowieflagowe.pl\/aktualne\/","logo":{"@type":"ImageObject","inLanguage":"pl-PL","@id":"https:\/\/www.pogotowieflagowe.pl\/aktualne\/#\/schema\/logo\/image\/","url":"https:\/\/www.pogotowieflagowe.pl\/aktualne\/wp-content\/uploads\/2024\/08\/cropped-pogotowieflagowe_flaga_projekt_sm.jpg","contentUrl":"https:\/\/www.pogotowieflagowe.pl\/aktualne\/wp-content\/uploads\/2024\/08\/cropped-pogotowieflagowe_flaga_projekt_sm.jpg","width":250,"height":143,"caption":"POGOTOWIE FLAGOWE\u00ae"},"image":{"@id":"https:\/\/www.pogotowieflagowe.pl\/aktualne\/#\/schema\/logo\/image\/"}},{"@type":"Person","@id":"https:\/\/www.pogotowieflagowe.pl\/aktualne\/#\/schema\/person\/9c2fb7d2362ebf6fa088960d7f0d27b0","name":"Filip","image":{"@type":"ImageObject","inLanguage":"pl-PL","@id":"https:\/\/www.pogotowieflagowe.pl\/aktualne\/#\/schema\/person\/image\/","url":"https:\/\/www.pogotowieflagowe.pl\/aktualne\/wp-content\/uploads\/2024\/08\/pogotowieflagowe.pl_.jpg","contentUrl":"https:\/\/www.pogotowieflagowe.pl\/aktualne\/wp-content\/uploads\/2024\/08\/pogotowieflagowe.pl_.jpg","caption":"Filip"},"description":"Jestem Filip, polski dziennikarz z dyplomem nauk politycznych Uniwersytetu Warszawskiego. Rozpoczynaj\u0105c swoj\u0105 karier\u0119 w r\u00f3\u017cnych lokalnych mediach, zdoby\u0142em solidne do\u015bwiadczenie w zakresie \u015bledztwa i redakcji. Obecnie jako redaktor w Pogotowie flagowe, staram si\u0119 dostarcza\u0107 dog\u0142\u0119bne i istotne analizy na temat najwa\u017cniejszych kwestii aktualno\u015bci, \u0142\u0105cz\u0105c rygor z pasj\u0105 dziennikarsk\u0105.","sameAs":["https:\/\/www.pogotowieflagowe.pl\/"]}]}},"_links":{"self":[{"href":"https:\/\/www.pogotowieflagowe.pl\/aktualne\/wp-json\/wp\/v2\/posts\/10090","targetHints":{"allow":["GET"]}}],"collection":[{"href":"https:\/\/www.pogotowieflagowe.pl\/aktualne\/wp-json\/wp\/v2\/posts"}],"about":[{"href":"https:\/\/www.pogotowieflagowe.pl\/aktualne\/wp-json\/wp\/v2\/types\/post"}],"author":[{"embeddable":true,"href":"https:\/\/www.pogotowieflagowe.pl\/aktualne\/wp-json\/wp\/v2\/users\/1"}],"replies":[{"embeddable":true,"href":"https:\/\/www.pogotowieflagowe.pl\/aktualne\/wp-json\/wp\/v2\/comments?post=10090"}],"version-history":[{"count":1,"href":"https:\/\/www.pogotowieflagowe.pl\/aktualne\/wp-json\/wp\/v2\/posts\/10090\/revisions"}],"predecessor-version":[{"id":10092,"href":"https:\/\/www.pogotowieflagowe.pl\/aktualne\/wp-json\/wp\/v2\/posts\/10090\/revisions\/10092"}],"wp:featuredmedia":[{"embeddable":true,"href":"https:\/\/www.pogotowieflagowe.pl\/aktualne\/wp-json\/wp\/v2\/media\/10091"}],"wp:attachment":[{"href":"https:\/\/www.pogotowieflagowe.pl\/aktualne\/wp-json\/wp\/v2\/media?parent=10090"}],"wp:term":[{"taxonomy":"category","embeddable":true,"href":"https:\/\/www.pogotowieflagowe.pl\/aktualne\/wp-json\/wp\/v2\/categories?post=10090"},{"taxonomy":"post_tag","embeddable":true,"href":"https:\/\/www.pogotowieflagowe.pl\/aktualne\/wp-json\/wp\/v2\/tags?post=10090"}],"curies":[{"name":"wp","href":"https:\/\/api.w.org\/{rel}","templated":true}]}}