{"id":10093,"date":"2025-11-02T23:42:54","date_gmt":"2025-11-02T22:42:54","guid":{"rendered":"https:\/\/www.pogotowieflagowe.pl\/aktualne\/prawny-backflip-wicemarszalka-sejmu-marza-o-procesach-jak-w-latach-50\/"},"modified":"2025-11-02T23:42:56","modified_gmt":"2025-11-02T22:42:56","slug":"prawny-backflip-wicemarszalka-sejmu-marza-o-procesach-jak-w-latach-50","status":"publish","type":"post","link":"https:\/\/www.pogotowieflagowe.pl\/aktualne\/prawny-backflip-wicemarszalka-sejmu-marza-o-procesach-jak-w-latach-50\/","title":{"rendered":"Prawny backflip wicemarsza\u0142ka Sejmu: \u201eMarz\u0105 o procesach jak w latach 50.\u201d"},"content":{"rendered":"\n<div class=\"td_block_wrap tdb_single_content tdi_41 td-pb-border-top td_block_template_8 td-post-content tagdiv-type\" data-td-block-uid=\"tdi_41\">\n<style>.tdi_41{margines-top:0px!important;margin-bottom:0px!important;dope\u0142nienie-g\u00f3ra:0px!important;dope\u0142nienie-d\u00f3\u0142:0px!important}<\/style>\n<style>.tdb_single_content{margin-bottom:0;*zoom:1}.tdb_single_content:before,.tdb_single_content:after{display:table;content:'';line-height:0}.tdb_single_content:after{clear:both}.tdb_single_content .tdb-block-inner>*:not(.wp-block-quote):not(.alignwide):not(.alignfull.wp-block-cover.has-parallax):not(.td-a-ad){margin-left:auto;margin-right:auto}.tdb_single_content a{pointer-events:auto}.tdb_single_content .td-spot-id-top_ad .tdc-placeholder-title:before{content:'Najlepsza reklama artyku\u0142u'!important}.tdb_single_content .td-spot-id-inline_ad0 .tdc-placeholder-title:before{content:'Reklama wbudowana artyku\u0142u 1'!important}.tdb_single_content .td-spot-id-inline_ad1 .tdc-placeholder-title:before{content:'Wbudowana reklama w artykule 2'!important}.tdb_single_content .td-spot-id-inline_ad2 .tdc-placeholder-title:before{content:'Wbudowana reklama w artykule 3'!important}.tdb_single_content .td-spot-id-bottom_ad .tdc-placeholder-title:before{content:'Article Bottom Ad'!important}.tdb_single_content .id_top_ad,.tdb_single_content .id_bottom_ad{clear:both;margin-bottom:21px;text-align:center}.tdb_single_content .id_top_ad img,.tdb_single_content .id_bottom_ad img{margin-bottom:0}.tdb_single_content .id_top_ad .adsbygoogle,.tdb_single_content .id_bottom_ad .adsbygoogle{position:relative}.tdb_single_content .id_ad_content-horiz-left,.tdb_single_content .id_ad_content-horiz-right,.tdb_single_content .id_ad_content-horiz-center{margin-bottom:15px}.tdb_single_content .id_ad_content-horiz-left img,.tdb_single_content .id_ad_content-horiz-right img,.tdb_single_content .id_ad_content-horiz-center img{margin-bottom:0}.tdb_single_content .id_ad_content-horiz-center{text-align:center}.tdb_single_content .id_ad_content-horiz-center img{margin-right:auto;margin-left:auto}.tdb_single_content .id_ad_content-horiz-left{float:left;margin-top:9px;margin-right:21px}.tdb_single_content .id_ad_content-horiz-right{float:right;margin-top:6px;margin-left:21px}.tdb_single_content .tdc-a-ad .tdc-placeholder-title{width:300px;height:250px}.tdb_single_content .tdc-a-ad .tdc-placeholder-title:before{position:absolute;top:50%;-webkit-transform:translateY(-50%);transform:translateY(-50%);margin:auto;display:table;width:100%}.tdb_single_content .tdb-block-inner.td-fix-index{word-break:break-word}.tdi_41,.tdi_41>p,.tdi_41 .tdb-block-inner>p,.wp-block-column>p{font-size:16px!important;line-height:1.6!important}.tdi_41 .tdb-block-inner blockquote p{font-style:normal!important}@media (max-width:767px){.tdb_single_content .id_ad_content-horiz-left,.tdb_single_content .id_ad_content-horiz-right,.tdb_single_content .id_ad_content-horiz-center{margin:0 auto 26 pikseli auto}}@media (max-width:767px){.tdb_single_content .id_ad_content-horiz-left{margin-right:0}}@media (max-width:767px){.tdb_single_content .id_ad_content-horiz-right{margin-left:0}}@media (max-width:767px){.tdb_single_content .td-a-ad{float:none;text-align:center}.tdb_single_content .td-a-ad img{margin-right:auto;margin-left:auto}.tdb_single_content .tdc-a-ad{float:none}}<\/style>\n<div class=\"tdb-block-inner td-fix-index\">\n<p>&#8222;Co jest z\u0142ego w tym, \u017ce Sejm uniewa\u017cnia immunitet pos\u0142a? Przecie\u017c to dopiero pocz\u0105tek czego\u015b, a nie koniec (&#8230;)&#8221; \u2013 powiedzia\u0142 w mediach spo\u0142eczno\u015bciowych wicemarsza\u0142ek Sejmu Piotr Zgorzelski. W przysz\u0142ym tygodniu pos\u0142owie maj\u0105 rozmawia\u0107 o immunitecie polityka opozycji i by\u0142ego ministra sprawiedliwo\u015bci Zbigniewa Ziobry. I chocia\u017c przedstawiciel <em>Polskiej Partii Ludowej<\/em> (<em>PSL<\/em>) uwa\u017ca, \u017ce \u200b\u200brozbi\u00f3rka <em>Prawo i Sprawiedliwo\u015b\u0107<\/em> (<em>PiS<\/em>) polityk jego protekcji nie jest niczym z\u0142ym, zupe\u0142nie inaczej zachowa\u0142 si\u0119 w przypadku swoich koleg\u00f3w z koalicji. I to nie wszystko.<\/p>\n<p>We wtorek Minister Sprawiedliwo\u015bci i Prokurator Generalny Waldemar \u017burek zwr\u00f3ci\u0142 si\u0119 do Marsza\u0142ka Sejmu Szymona Ho\u0142owni z pro\u015bb\u0105 o wyra\u017cenie zgody na \u015bciganie <em>Prawo i Sprawiedliwo\u015b\u0107<\/em> (<em>PiS<\/em>) pose\u0142 Zbigniew Ziobro, a tak\u017ce o jego zatrzymanie i aresztowanie.<\/p>\n<p>Polityk jest oskar\u017cony o to, \u017ce w czasie pe\u0142nienia funkcji szefa Ministerstwa Sprawiedliwo\u015bci za\u0142o\u017cy\u0142 i kierowa\u0142 zorganizowan\u0105 grup\u0105 przest\u0119pcz\u0105, kt\u00f3ra zdefraudowa\u0142a ponad 150 mln z\u0142 z bud\u017cetu pa\u0144stwa <em>Fundusz Sprawiedliwo\u015bci<\/em>.<\/p>\n<p>Wi\u0119kszo\u015b\u0107 przedstawicieli partii rz\u0105dz\u0105cych nie ukrywa, jak b\u0119dzie g\u0142osowa\u0107 nad wnioskiem. Niekt\u00f3rzy wr\u0119cz sugeruj\u0105, \u017ce jest to oczywisty i w\u0142a\u015bciwy spos\u00f3b post\u0119powania. W\u015br\u00f3d nich jest wicemarsza\u0142ek Sejmu z RP <em>Polskiej Partii Ludowej<\/em> (<em>PSL<\/em>), Piotr Zgorzelski.<\/p>\n<p><strong>&#8222;Co z\u0142ego jest w tym, \u017ce Sejm uniewa\u017cnia immunitet pos\u0142a? Przecie\u017c to dopiero pocz\u0105tek czego\u015b, a nie koniec, bo pose\u0142 b\u0119dzie mia\u0142 szans\u0119 udowodni\u0107 przed s\u0105dem swoj\u0105 niewinno\u015b\u0107&#8221;<\/strong> \u2013 powiedzia\u0142 Zgorzelski w mediach spo\u0142eczno\u015bciowych.<\/p>\n<h2 class=\"wp-block-heading\"><strong>\u201ePachnie hipokryzj\u0105\u201d<\/strong><\/h2>\n<p>Post Zgorzelskiego skomentowa\u0142 m.in <em>Prawo i Sprawiedliwo\u015b\u0107<\/em> (<em>PiS<\/em>) Pose\u0142 Jacek Ozdoba. \u201eCo si\u0119 zmieni\u0142o w mi\u0119dzyczasie?\u201d \u2013 zapyta\u0142, nawi\u0105zuj\u0105c do g\u0142osowania nad wnioskiem o uchylenie immunitetu <em>Platforma Obywatelska<\/em> (<em>KO<\/em>) Pose\u0142 S\u0142awomir Nitras. W 2022 r. prokuratorzy zarzucili Nitrasowi m.in. naruszenie nietykalno\u015bci cielesnej parlamentarzyst\u00f3w Iwony Arent i Sebastiana Kalety. W tym czasie ca\u0142o\u015b\u0107 <em>Polskiej Partii Ludowej<\/em> (<em>PSL<\/em>) g\u0142osowa\u0142em przeciw wnioskowi.<\/p>\n<p><strong>\u201ePose\u0142 nie mia\u0142 mo\u017cliwo\u015bci \u201eudowodni\u0107 przed s\u0105dem swojej niewinno\u015bci\u201d. Pachnie hipokryzj\u0105\u201d<\/strong> stwierdzi\u0142 Ozdoba.<\/p>\n<h2 class=\"wp-block-heading\"><strong>\u201ePr\u00f3by jak w latach 50.\u201d<\/strong><\/h2>\n<p><em>Prawo i Sprawiedliwo\u015b\u0107<\/em> (<em>PiS<\/em>) Wypowied\u017a Zgorzelskiego skomentowa\u0142 tak\u017ce pose\u0142 Pawe\u0142 Jab\u0142o\u0144ski. Zwr\u00f3ci\u0142 uwag\u0119 na kluczow\u0105 kwesti\u0119: <strong>\u201ePrzed s\u0105dem nie udowadnia si\u0119 niewinno\u015bci \u2013 nale\u017cy udowodni\u0107 win\u0119\u201d.<\/strong> Doda\u0142: \u201eKoalicja marzy o procesach jak w latach pi\u0119\u0107dziesi\u0105tych\u201d.<\/p>\n<p>To te\u017c zauwa\u017cy\u0142 <strong>\u201eje\u015bli zniesienie immunitetu rzekomo nie jest niczym powa\u017cnym\u201d,<\/strong> dlaczego zatem koalicja rz\u0105dz\u0105ca odm\u00f3wi\u0142a zastosowania tego samego \u015brodka wobec by\u0142ego marsza\u0142ka Senatu Tomasza Grodzkiego?<\/p>\n<p><strong>&#8222;W jego sprawie \u2013 na podstawie tych samych zezna\u0144 i tych samych \u015bwiadk\u00f3w \u2013 zarzuty postawiono kilkudziesi\u0119ciu osobom. Wszyscy brali udzia\u0142 w korupcji, a tylko Grodzki rzekomo o niczym nie wiedzia\u0142?\u201d<\/strong> \u2013 zauwa\u017cy\u0142.<\/p>\n<p>Posiedzenie Komisji Regulaminowej, podczas kt\u00f3rego pos\u0142owie rozpatrz\u0105 wniosek o uchylenie immunitetu Zbigniewa Ziobry, zaplanowano na 6 listopada.<\/p>\n<\/div>\n<\/div>\n","protected":false},"excerpt":{"rendered":"<p>&#8222;Co jest z\u0142ego w tym, \u017ce Sejm uniewa\u017cnia immunitet pos\u0142a? Przecie\u017c to dopiero pocz\u0105tek czego\u015b, a nie koniec (&#8230;)&#8221; \u2013<\/p>\n","protected":false},"author":1,"featured_media":10094,"comment_status":"open","ping_status":"open","sticky":false,"template":"","format":"standard","meta":{"footnotes":""},"categories":[4748],"tags":[11601,982,1002,11603,11600,11604,11111,11602],"class_list":["post-10093","post","type-post","status-publish","format-standard","has-post-thumbnail","hentry","category-aktualne","tag-backflip","tag-jak","tag-latach","tag-marza","tag-prawny","tag-procesach","tag-sejmu","tag-wicemarszalka","generate-columns","tablet-grid-50","mobile-grid-100","grid-parent","grid-50","resize-featured-image"],"yoast_head":"<!-- This site is optimized with the Yoast SEO plugin v23.2 - https:\/\/yoast.com\/wordpress\/plugins\/seo\/ -->\n<title>Prawny backflip wicemarsza\u0142ka Sejmu: \u201eMarz\u0105 o procesach jak w latach 50.\u201d - POGOTOWIE FLAGOWE\u00ae<\/title>\n<meta name=\"robots\" content=\"index, follow, max-snippet:-1, max-image-preview:large, max-video-preview:-1\" \/>\n<link rel=\"canonical\" href=\"https:\/\/www.pogotowieflagowe.pl\/aktualne\/prawny-backflip-wicemarszalka-sejmu-marza-o-procesach-jak-w-latach-50\/\" \/>\n<meta property=\"og:locale\" content=\"pl_PL\" \/>\n<meta property=\"og:type\" content=\"article\" \/>\n<meta property=\"og:title\" content=\"Prawny backflip wicemarsza\u0142ka Sejmu: \u201eMarz\u0105 o procesach jak w latach 50.\u201d - POGOTOWIE FLAGOWE\u00ae\" \/>\n<meta property=\"og:description\" content=\"&#8222;Co jest z\u0142ego w tym, \u017ce Sejm uniewa\u017cnia immunitet pos\u0142a? Przecie\u017c to dopiero pocz\u0105tek czego\u015b, a nie koniec (&#8230;)&#8221; \u2013\" \/>\n<meta property=\"og:url\" content=\"https:\/\/www.pogotowieflagowe.pl\/aktualne\/prawny-backflip-wicemarszalka-sejmu-marza-o-procesach-jak-w-latach-50\/\" \/>\n<meta property=\"og:site_name\" content=\"POGOTOWIE FLAGOWE\u00ae\" \/>\n<meta property=\"article:published_time\" content=\"2025-11-02T22:42:54+00:00\" \/>\n<meta property=\"article:modified_time\" content=\"2025-11-02T22:42:56+00:00\" \/>\n<meta property=\"og:image\" content=\"https:\/\/www.pogotowieflagowe.pl\/aktualne\/wp-content\/uploads\/2025\/11\/Prawny-backflip-wicemarszalka-Sejmu-\u201eMarza-o-procesach-jak-w-latach.webp.webp\" \/>\n\t<meta property=\"og:image:width\" content=\"1280\" \/>\n\t<meta property=\"og:image:height\" content=\"720\" \/>\n\t<meta property=\"og:image:type\" content=\"image\/webp\" \/>\n<meta name=\"author\" content=\"Filip\" \/>\n<meta name=\"twitter:card\" content=\"summary_large_image\" \/>\n<meta name=\"twitter:label1\" content=\"Napisane przez\" \/>\n\t<meta name=\"twitter:data1\" content=\"Filip\" \/>\n\t<meta name=\"twitter:label2\" content=\"Szacowany czas czytania\" \/>\n\t<meta name=\"twitter:data2\" content=\"2 minuty\" \/>\n<script type=\"application\/ld+json\" class=\"yoast-schema-graph\">{\"@context\":\"https:\/\/schema.org\",\"@graph\":[{\"@type\":\"Article\",\"@id\":\"https:\/\/www.pogotowieflagowe.pl\/aktualne\/prawny-backflip-wicemarszalka-sejmu-marza-o-procesach-jak-w-latach-50\/#article\",\"isPartOf\":{\"@id\":\"https:\/\/www.pogotowieflagowe.pl\/aktualne\/prawny-backflip-wicemarszalka-sejmu-marza-o-procesach-jak-w-latach-50\/\"},\"author\":{\"name\":\"Filip\",\"@id\":\"https:\/\/www.pogotowieflagowe.pl\/aktualne\/#\/schema\/person\/9c2fb7d2362ebf6fa088960d7f0d27b0\"},\"headline\":\"Prawny backflip wicemarsza\u0142ka Sejmu: \u201eMarz\u0105 o procesach jak w latach 50.\u201d\",\"datePublished\":\"2025-11-02T22:42:54+00:00\",\"dateModified\":\"2025-11-02T22:42:56+00:00\",\"mainEntityOfPage\":{\"@id\":\"https:\/\/www.pogotowieflagowe.pl\/aktualne\/prawny-backflip-wicemarszalka-sejmu-marza-o-procesach-jak-w-latach-50\/\"},\"wordCount\":501,\"commentCount\":0,\"publisher\":{\"@id\":\"https:\/\/www.pogotowieflagowe.pl\/aktualne\/#organization\"},\"image\":{\"@id\":\"https:\/\/www.pogotowieflagowe.pl\/aktualne\/prawny-backflip-wicemarszalka-sejmu-marza-o-procesach-jak-w-latach-50\/#primaryimage\"},\"thumbnailUrl\":\"https:\/\/www.pogotowieflagowe.pl\/aktualne\/wp-content\/uploads\/2025\/11\/Prawny-backflip-wicemarszalka-Sejmu-\u201eMarza-o-procesach-jak-w-latach.webp.webp\",\"keywords\":[\"backflip\",\"Jak\",\"latach\",\"Marz\u0105\",\"Prawny\",\"procesach\",\"Sejmu\",\"wicemarsza\u0142ka\"],\"articleSection\":[\"Aktualne\"],\"inLanguage\":\"pl-PL\",\"potentialAction\":[{\"@type\":\"CommentAction\",\"name\":\"Comment\",\"target\":[\"https:\/\/www.pogotowieflagowe.pl\/aktualne\/prawny-backflip-wicemarszalka-sejmu-marza-o-procesach-jak-w-latach-50\/#respond\"]}]},{\"@type\":\"WebPage\",\"@id\":\"https:\/\/www.pogotowieflagowe.pl\/aktualne\/prawny-backflip-wicemarszalka-sejmu-marza-o-procesach-jak-w-latach-50\/\",\"url\":\"https:\/\/www.pogotowieflagowe.pl\/aktualne\/prawny-backflip-wicemarszalka-sejmu-marza-o-procesach-jak-w-latach-50\/\",\"name\":\"Prawny backflip wicemarsza\u0142ka Sejmu: \u201eMarz\u0105 o procesach jak w latach 50.\u201d - POGOTOWIE FLAGOWE\u00ae\",\"isPartOf\":{\"@id\":\"https:\/\/www.pogotowieflagowe.pl\/aktualne\/#website\"},\"primaryImageOfPage\":{\"@id\":\"https:\/\/www.pogotowieflagowe.pl\/aktualne\/prawny-backflip-wicemarszalka-sejmu-marza-o-procesach-jak-w-latach-50\/#primaryimage\"},\"image\":{\"@id\":\"https:\/\/www.pogotowieflagowe.pl\/aktualne\/prawny-backflip-wicemarszalka-sejmu-marza-o-procesach-jak-w-latach-50\/#primaryimage\"},\"thumbnailUrl\":\"https:\/\/www.pogotowieflagowe.pl\/aktualne\/wp-content\/uploads\/2025\/11\/Prawny-backflip-wicemarszalka-Sejmu-\u201eMarza-o-procesach-jak-w-latach.webp.webp\",\"datePublished\":\"2025-11-02T22:42:54+00:00\",\"dateModified\":\"2025-11-02T22:42:56+00:00\",\"breadcrumb\":{\"@id\":\"https:\/\/www.pogotowieflagowe.pl\/aktualne\/prawny-backflip-wicemarszalka-sejmu-marza-o-procesach-jak-w-latach-50\/#breadcrumb\"},\"inLanguage\":\"pl-PL\",\"potentialAction\":[{\"@type\":\"ReadAction\",\"target\":[\"https:\/\/www.pogotowieflagowe.pl\/aktualne\/prawny-backflip-wicemarszalka-sejmu-marza-o-procesach-jak-w-latach-50\/\"]}]},{\"@type\":\"ImageObject\",\"inLanguage\":\"pl-PL\",\"@id\":\"https:\/\/www.pogotowieflagowe.pl\/aktualne\/prawny-backflip-wicemarszalka-sejmu-marza-o-procesach-jak-w-latach-50\/#primaryimage\",\"url\":\"https:\/\/www.pogotowieflagowe.pl\/aktualne\/wp-content\/uploads\/2025\/11\/Prawny-backflip-wicemarszalka-Sejmu-\u201eMarza-o-procesach-jak-w-latach.webp.webp\",\"contentUrl\":\"https:\/\/www.pogotowieflagowe.pl\/aktualne\/wp-content\/uploads\/2025\/11\/Prawny-backflip-wicemarszalka-Sejmu-\u201eMarza-o-procesach-jak-w-latach.webp.webp\",\"width\":1280,\"height\":720,\"caption\":\"Prawny backflip wicemarsza\u0142ka Sejmu: \u201eMarz\u0105 o procesach jak w latach 50.\u201d\"},{\"@type\":\"BreadcrumbList\",\"@id\":\"https:\/\/www.pogotowieflagowe.pl\/aktualne\/prawny-backflip-wicemarszalka-sejmu-marza-o-procesach-jak-w-latach-50\/#breadcrumb\",\"itemListElement\":[{\"@type\":\"ListItem\",\"position\":1,\"name\":\"Home\",\"item\":\"https:\/\/www.pogotowieflagowe.pl\/aktualne\/\"},{\"@type\":\"ListItem\",\"position\":2,\"name\":\"Prawny backflip wicemarsza\u0142ka Sejmu: \u201eMarz\u0105 o procesach jak w latach 50.\u201d\"}]},{\"@type\":\"WebSite\",\"@id\":\"https:\/\/www.pogotowieflagowe.pl\/aktualne\/#website\",\"url\":\"https:\/\/www.pogotowieflagowe.pl\/aktualne\/\",\"name\":\"POGOTOWIE FLAGOWE\u00ae\",\"description\":\"\",\"publisher\":{\"@id\":\"https:\/\/www.pogotowieflagowe.pl\/aktualne\/#organization\"},\"potentialAction\":[{\"@type\":\"SearchAction\",\"target\":{\"@type\":\"EntryPoint\",\"urlTemplate\":\"https:\/\/www.pogotowieflagowe.pl\/aktualne\/?s={search_term_string}\"},\"query-input\":\"required name=search_term_string\"}],\"inLanguage\":\"pl-PL\"},{\"@type\":\"Organization\",\"@id\":\"https:\/\/www.pogotowieflagowe.pl\/aktualne\/#organization\",\"name\":\"POGOTOWIE FLAGOWE\u00ae\",\"url\":\"https:\/\/www.pogotowieflagowe.pl\/aktualne\/\",\"logo\":{\"@type\":\"ImageObject\",\"inLanguage\":\"pl-PL\",\"@id\":\"https:\/\/www.pogotowieflagowe.pl\/aktualne\/#\/schema\/logo\/image\/\",\"url\":\"https:\/\/www.pogotowieflagowe.pl\/aktualne\/wp-content\/uploads\/2024\/08\/cropped-pogotowieflagowe_flaga_projekt_sm.jpg\",\"contentUrl\":\"https:\/\/www.pogotowieflagowe.pl\/aktualne\/wp-content\/uploads\/2024\/08\/cropped-pogotowieflagowe_flaga_projekt_sm.jpg\",\"width\":250,\"height\":143,\"caption\":\"POGOTOWIE FLAGOWE\u00ae\"},\"image\":{\"@id\":\"https:\/\/www.pogotowieflagowe.pl\/aktualne\/#\/schema\/logo\/image\/\"}},{\"@type\":\"Person\",\"@id\":\"https:\/\/www.pogotowieflagowe.pl\/aktualne\/#\/schema\/person\/9c2fb7d2362ebf6fa088960d7f0d27b0\",\"name\":\"Filip\",\"image\":{\"@type\":\"ImageObject\",\"inLanguage\":\"pl-PL\",\"@id\":\"https:\/\/www.pogotowieflagowe.pl\/aktualne\/#\/schema\/person\/image\/\",\"url\":\"https:\/\/www.pogotowieflagowe.pl\/aktualne\/wp-content\/uploads\/2024\/08\/pogotowieflagowe.pl_.jpg\",\"contentUrl\":\"https:\/\/www.pogotowieflagowe.pl\/aktualne\/wp-content\/uploads\/2024\/08\/pogotowieflagowe.pl_.jpg\",\"caption\":\"Filip\"},\"description\":\"Jestem Filip, polski dziennikarz z dyplomem nauk politycznych Uniwersytetu Warszawskiego. Rozpoczynaj\u0105c swoj\u0105 karier\u0119 w r\u00f3\u017cnych lokalnych mediach, zdoby\u0142em solidne do\u015bwiadczenie w zakresie \u015bledztwa i redakcji. Obecnie jako redaktor w Pogotowie flagowe, staram si\u0119 dostarcza\u0107 dog\u0142\u0119bne i istotne analizy na temat najwa\u017cniejszych kwestii aktualno\u015bci, \u0142\u0105cz\u0105c rygor z pasj\u0105 dziennikarsk\u0105.\",\"sameAs\":[\"https:\/\/www.pogotowieflagowe.pl\/\"]}]}<\/script>\n<!-- \/ Yoast SEO plugin. -->","yoast_head_json":{"title":"Prawny backflip wicemarsza\u0142ka Sejmu: \u201eMarz\u0105 o procesach jak w latach 50.\u201d - POGOTOWIE FLAGOWE\u00ae","robots":{"index":"index","follow":"follow","max-snippet":"max-snippet:-1","max-image-preview":"max-image-preview:large","max-video-preview":"max-video-preview:-1"},"canonical":"https:\/\/www.pogotowieflagowe.pl\/aktualne\/prawny-backflip-wicemarszalka-sejmu-marza-o-procesach-jak-w-latach-50\/","og_locale":"pl_PL","og_type":"article","og_title":"Prawny backflip wicemarsza\u0142ka Sejmu: \u201eMarz\u0105 o procesach jak w latach 50.\u201d - POGOTOWIE FLAGOWE\u00ae","og_description":"&#8222;Co jest z\u0142ego w tym, \u017ce Sejm uniewa\u017cnia immunitet pos\u0142a? Przecie\u017c to dopiero pocz\u0105tek czego\u015b, a nie koniec (&#8230;)&#8221; \u2013","og_url":"https:\/\/www.pogotowieflagowe.pl\/aktualne\/prawny-backflip-wicemarszalka-sejmu-marza-o-procesach-jak-w-latach-50\/","og_site_name":"POGOTOWIE FLAGOWE\u00ae","article_published_time":"2025-11-02T22:42:54+00:00","article_modified_time":"2025-11-02T22:42:56+00:00","og_image":[{"width":1280,"height":720,"url":"https:\/\/www.pogotowieflagowe.pl\/aktualne\/wp-content\/uploads\/2025\/11\/Prawny-backflip-wicemarszalka-Sejmu-\u201eMarza-o-procesach-jak-w-latach.webp.webp","type":"image\/webp"}],"author":"Filip","twitter_card":"summary_large_image","twitter_misc":{"Napisane przez":"Filip","Szacowany czas czytania":"2 minuty"},"schema":{"@context":"https:\/\/schema.org","@graph":[{"@type":"Article","@id":"https:\/\/www.pogotowieflagowe.pl\/aktualne\/prawny-backflip-wicemarszalka-sejmu-marza-o-procesach-jak-w-latach-50\/#article","isPartOf":{"@id":"https:\/\/www.pogotowieflagowe.pl\/aktualne\/prawny-backflip-wicemarszalka-sejmu-marza-o-procesach-jak-w-latach-50\/"},"author":{"name":"Filip","@id":"https:\/\/www.pogotowieflagowe.pl\/aktualne\/#\/schema\/person\/9c2fb7d2362ebf6fa088960d7f0d27b0"},"headline":"Prawny backflip wicemarsza\u0142ka Sejmu: \u201eMarz\u0105 o procesach jak w latach 50.\u201d","datePublished":"2025-11-02T22:42:54+00:00","dateModified":"2025-11-02T22:42:56+00:00","mainEntityOfPage":{"@id":"https:\/\/www.pogotowieflagowe.pl\/aktualne\/prawny-backflip-wicemarszalka-sejmu-marza-o-procesach-jak-w-latach-50\/"},"wordCount":501,"commentCount":0,"publisher":{"@id":"https:\/\/www.pogotowieflagowe.pl\/aktualne\/#organization"},"image":{"@id":"https:\/\/www.pogotowieflagowe.pl\/aktualne\/prawny-backflip-wicemarszalka-sejmu-marza-o-procesach-jak-w-latach-50\/#primaryimage"},"thumbnailUrl":"https:\/\/www.pogotowieflagowe.pl\/aktualne\/wp-content\/uploads\/2025\/11\/Prawny-backflip-wicemarszalka-Sejmu-\u201eMarza-o-procesach-jak-w-latach.webp.webp","keywords":["backflip","Jak","latach","Marz\u0105","Prawny","procesach","Sejmu","wicemarsza\u0142ka"],"articleSection":["Aktualne"],"inLanguage":"pl-PL","potentialAction":[{"@type":"CommentAction","name":"Comment","target":["https:\/\/www.pogotowieflagowe.pl\/aktualne\/prawny-backflip-wicemarszalka-sejmu-marza-o-procesach-jak-w-latach-50\/#respond"]}]},{"@type":"WebPage","@id":"https:\/\/www.pogotowieflagowe.pl\/aktualne\/prawny-backflip-wicemarszalka-sejmu-marza-o-procesach-jak-w-latach-50\/","url":"https:\/\/www.pogotowieflagowe.pl\/aktualne\/prawny-backflip-wicemarszalka-sejmu-marza-o-procesach-jak-w-latach-50\/","name":"Prawny backflip wicemarsza\u0142ka Sejmu: \u201eMarz\u0105 o procesach jak w latach 50.\u201d - POGOTOWIE FLAGOWE\u00ae","isPartOf":{"@id":"https:\/\/www.pogotowieflagowe.pl\/aktualne\/#website"},"primaryImageOfPage":{"@id":"https:\/\/www.pogotowieflagowe.pl\/aktualne\/prawny-backflip-wicemarszalka-sejmu-marza-o-procesach-jak-w-latach-50\/#primaryimage"},"image":{"@id":"https:\/\/www.pogotowieflagowe.pl\/aktualne\/prawny-backflip-wicemarszalka-sejmu-marza-o-procesach-jak-w-latach-50\/#primaryimage"},"thumbnailUrl":"https:\/\/www.pogotowieflagowe.pl\/aktualne\/wp-content\/uploads\/2025\/11\/Prawny-backflip-wicemarszalka-Sejmu-\u201eMarza-o-procesach-jak-w-latach.webp.webp","datePublished":"2025-11-02T22:42:54+00:00","dateModified":"2025-11-02T22:42:56+00:00","breadcrumb":{"@id":"https:\/\/www.pogotowieflagowe.pl\/aktualne\/prawny-backflip-wicemarszalka-sejmu-marza-o-procesach-jak-w-latach-50\/#breadcrumb"},"inLanguage":"pl-PL","potentialAction":[{"@type":"ReadAction","target":["https:\/\/www.pogotowieflagowe.pl\/aktualne\/prawny-backflip-wicemarszalka-sejmu-marza-o-procesach-jak-w-latach-50\/"]}]},{"@type":"ImageObject","inLanguage":"pl-PL","@id":"https:\/\/www.pogotowieflagowe.pl\/aktualne\/prawny-backflip-wicemarszalka-sejmu-marza-o-procesach-jak-w-latach-50\/#primaryimage","url":"https:\/\/www.pogotowieflagowe.pl\/aktualne\/wp-content\/uploads\/2025\/11\/Prawny-backflip-wicemarszalka-Sejmu-\u201eMarza-o-procesach-jak-w-latach.webp.webp","contentUrl":"https:\/\/www.pogotowieflagowe.pl\/aktualne\/wp-content\/uploads\/2025\/11\/Prawny-backflip-wicemarszalka-Sejmu-\u201eMarza-o-procesach-jak-w-latach.webp.webp","width":1280,"height":720,"caption":"Prawny backflip wicemarsza\u0142ka Sejmu: \u201eMarz\u0105 o procesach jak w latach 50.\u201d"},{"@type":"BreadcrumbList","@id":"https:\/\/www.pogotowieflagowe.pl\/aktualne\/prawny-backflip-wicemarszalka-sejmu-marza-o-procesach-jak-w-latach-50\/#breadcrumb","itemListElement":[{"@type":"ListItem","position":1,"name":"Home","item":"https:\/\/www.pogotowieflagowe.pl\/aktualne\/"},{"@type":"ListItem","position":2,"name":"Prawny backflip wicemarsza\u0142ka Sejmu: \u201eMarz\u0105 o procesach jak w latach 50.\u201d"}]},{"@type":"WebSite","@id":"https:\/\/www.pogotowieflagowe.pl\/aktualne\/#website","url":"https:\/\/www.pogotowieflagowe.pl\/aktualne\/","name":"POGOTOWIE FLAGOWE\u00ae","description":"","publisher":{"@id":"https:\/\/www.pogotowieflagowe.pl\/aktualne\/#organization"},"potentialAction":[{"@type":"SearchAction","target":{"@type":"EntryPoint","urlTemplate":"https:\/\/www.pogotowieflagowe.pl\/aktualne\/?s={search_term_string}"},"query-input":"required name=search_term_string"}],"inLanguage":"pl-PL"},{"@type":"Organization","@id":"https:\/\/www.pogotowieflagowe.pl\/aktualne\/#organization","name":"POGOTOWIE FLAGOWE\u00ae","url":"https:\/\/www.pogotowieflagowe.pl\/aktualne\/","logo":{"@type":"ImageObject","inLanguage":"pl-PL","@id":"https:\/\/www.pogotowieflagowe.pl\/aktualne\/#\/schema\/logo\/image\/","url":"https:\/\/www.pogotowieflagowe.pl\/aktualne\/wp-content\/uploads\/2024\/08\/cropped-pogotowieflagowe_flaga_projekt_sm.jpg","contentUrl":"https:\/\/www.pogotowieflagowe.pl\/aktualne\/wp-content\/uploads\/2024\/08\/cropped-pogotowieflagowe_flaga_projekt_sm.jpg","width":250,"height":143,"caption":"POGOTOWIE FLAGOWE\u00ae"},"image":{"@id":"https:\/\/www.pogotowieflagowe.pl\/aktualne\/#\/schema\/logo\/image\/"}},{"@type":"Person","@id":"https:\/\/www.pogotowieflagowe.pl\/aktualne\/#\/schema\/person\/9c2fb7d2362ebf6fa088960d7f0d27b0","name":"Filip","image":{"@type":"ImageObject","inLanguage":"pl-PL","@id":"https:\/\/www.pogotowieflagowe.pl\/aktualne\/#\/schema\/person\/image\/","url":"https:\/\/www.pogotowieflagowe.pl\/aktualne\/wp-content\/uploads\/2024\/08\/pogotowieflagowe.pl_.jpg","contentUrl":"https:\/\/www.pogotowieflagowe.pl\/aktualne\/wp-content\/uploads\/2024\/08\/pogotowieflagowe.pl_.jpg","caption":"Filip"},"description":"Jestem Filip, polski dziennikarz z dyplomem nauk politycznych Uniwersytetu Warszawskiego. Rozpoczynaj\u0105c swoj\u0105 karier\u0119 w r\u00f3\u017cnych lokalnych mediach, zdoby\u0142em solidne do\u015bwiadczenie w zakresie \u015bledztwa i redakcji. Obecnie jako redaktor w Pogotowie flagowe, staram si\u0119 dostarcza\u0107 dog\u0142\u0119bne i istotne analizy na temat najwa\u017cniejszych kwestii aktualno\u015bci, \u0142\u0105cz\u0105c rygor z pasj\u0105 dziennikarsk\u0105.","sameAs":["https:\/\/www.pogotowieflagowe.pl\/"]}]}},"_links":{"self":[{"href":"https:\/\/www.pogotowieflagowe.pl\/aktualne\/wp-json\/wp\/v2\/posts\/10093","targetHints":{"allow":["GET"]}}],"collection":[{"href":"https:\/\/www.pogotowieflagowe.pl\/aktualne\/wp-json\/wp\/v2\/posts"}],"about":[{"href":"https:\/\/www.pogotowieflagowe.pl\/aktualne\/wp-json\/wp\/v2\/types\/post"}],"author":[{"embeddable":true,"href":"https:\/\/www.pogotowieflagowe.pl\/aktualne\/wp-json\/wp\/v2\/users\/1"}],"replies":[{"embeddable":true,"href":"https:\/\/www.pogotowieflagowe.pl\/aktualne\/wp-json\/wp\/v2\/comments?post=10093"}],"version-history":[{"count":1,"href":"https:\/\/www.pogotowieflagowe.pl\/aktualne\/wp-json\/wp\/v2\/posts\/10093\/revisions"}],"predecessor-version":[{"id":10095,"href":"https:\/\/www.pogotowieflagowe.pl\/aktualne\/wp-json\/wp\/v2\/posts\/10093\/revisions\/10095"}],"wp:featuredmedia":[{"embeddable":true,"href":"https:\/\/www.pogotowieflagowe.pl\/aktualne\/wp-json\/wp\/v2\/media\/10094"}],"wp:attachment":[{"href":"https:\/\/www.pogotowieflagowe.pl\/aktualne\/wp-json\/wp\/v2\/media?parent=10093"}],"wp:term":[{"taxonomy":"category","embeddable":true,"href":"https:\/\/www.pogotowieflagowe.pl\/aktualne\/wp-json\/wp\/v2\/categories?post=10093"},{"taxonomy":"post_tag","embeddable":true,"href":"https:\/\/www.pogotowieflagowe.pl\/aktualne\/wp-json\/wp\/v2\/tags?post=10093"}],"curies":[{"name":"wp","href":"https:\/\/api.w.org\/{rel}","templated":true}]}}