{"id":10096,"date":"2025-11-03T09:33:50","date_gmt":"2025-11-03T08:33:50","guid":{"rendered":"https:\/\/www.pogotowieflagowe.pl\/aktualne\/niemcy-debatuja-nad-bezpieczenstwem-kobiet-po-uwagach-kanclerza\/"},"modified":"2025-11-03T09:33:52","modified_gmt":"2025-11-03T08:33:52","slug":"niemcy-debatuja-nad-bezpieczenstwem-kobiet-po-uwagach-kanclerza","status":"publish","type":"post","link":"https:\/\/www.pogotowieflagowe.pl\/aktualne\/niemcy-debatuja-nad-bezpieczenstwem-kobiet-po-uwagach-kanclerza\/","title":{"rendered":"Niemcy debatuj\u0105 nad bezpiecze\u0144stwem kobiet po uwagach kanclerza"},"content":{"rendered":"\n<div class=\"td_block_wrap tdb_single_content tdi_41 td-pb-border-top td_block_template_8 td-post-content tagdiv-type\" data-td-block-uid=\"tdi_41\">\n<style>.tdi_41{margines-top:0px!important;margin-bottom:0px!important;dope\u0142nienie-g\u00f3ra:0px!important;dope\u0142nienie-d\u00f3\u0142:0px!important}<\/style>\n<style>.tdb_single_content{margin-bottom:0;*zoom:1}.tdb_single_content:before,.tdb_single_content:after{display:table;content:'';line-height:0}.tdb_single_content:after{clear:both}.tdb_single_content .tdb-block-inner>*:not(.wp-block-quote):not(.alignwide):not(.alignfull.wp-block-cover.has-parallax):not(.td-a-ad){margin-left:auto;margin-right:auto}.tdb_single_content a{pointer-events:auto}.tdb_single_content .td-spot-id-top_ad .tdc-placeholder-title:before{content:'Najlepsza reklama artyku\u0142u'!important}.tdb_single_content .td-spot-id-inline_ad0 .tdc-placeholder-title:before{content:'Reklama wbudowana artyku\u0142u 1'!important}.tdb_single_content .td-spot-id-inline_ad1 .tdc-placeholder-title:before{content:'Wbudowana reklama w artykule 2'!important}.tdb_single_content .td-spot-id-inline_ad2 .tdc-placeholder-title:before{content:'Wbudowana reklama w artykule 3'!important}.tdb_single_content .td-spot-id-bottom_ad .tdc-placeholder-title:before{content:'Article Bottom Ad'!important}.tdb_single_content .id_top_ad,.tdb_single_content .id_bottom_ad{clear:both;margin-bottom:21px;text-align:center}.tdb_single_content .id_top_ad img,.tdb_single_content .id_bottom_ad img{margin-bottom:0}.tdb_single_content .id_top_ad .adsbygoogle,.tdb_single_content .id_bottom_ad .adsbygoogle{position:relative}.tdb_single_content .id_ad_content-horiz-left,.tdb_single_content .id_ad_content-horiz-right,.tdb_single_content .id_ad_content-horiz-center{margin-bottom:15px}.tdb_single_content .id_ad_content-horiz-left img,.tdb_single_content .id_ad_content-horiz-right img,.tdb_single_content .id_ad_content-horiz-center img{margin-bottom:0}.tdb_single_content .id_ad_content-horiz-center{text-align:center}.tdb_single_content .id_ad_content-horiz-center img{margin-right:auto;margin-left:auto}.tdb_single_content .id_ad_content-horiz-left{float:left;margin-top:9px;margin-right:21px}.tdb_single_content .id_ad_content-horiz-right{float:right;margin-top:6px;margin-left:21px}.tdb_single_content .tdc-a-ad .tdc-placeholder-title{width:300px;height:250px}.tdb_single_content .tdc-a-ad .tdc-placeholder-title:before{position:absolute;top:50%;-webkit-transform:translateY(-50%);transform:translateY(-50%);margin:auto;display:table;width:100%}.tdb_single_content .tdb-block-inner.td-fix-index{word-break:break-word}.tdi_41,.tdi_41>p,.tdi_41 .tdb-block-inner>p,.wp-block-column>p{font-size:16px!important;line-height:1.6!important}.tdi_41 .tdb-block-inner blockquote p{font-style:normal!important}@media (max-width:767px){.tdb_single_content .id_ad_content-horiz-left,.tdb_single_content .id_ad_content-horiz-right,.tdb_single_content .id_ad_content-horiz-center{margin:0 auto 26 pikseli auto}}@media (max-width:767px){.tdb_single_content .id_ad_content-horiz-left{margin-right:0}}@media (max-width:767px){.tdb_single_content .id_ad_content-horiz-right{margin-left:0}}@media (max-width:767px){.tdb_single_content .td-a-ad{float:none;text-align:center}.tdb_single_content .td-a-ad img{margin-right:auto;margin-left:auto}.tdb_single_content .tdc-a-ad{float:none}}<\/style>\n<div class=\"tdb-block-inner td-fix-index\">\n<p>Niedawne uwagi kanclerz Niemiec na temat migracji i zagro\u017ce\u0144, na jakie nara\u017cone s\u0105 kobiety, wywo\u0142a\u0142y w ca\u0142ym kraju o\u017cywion\u0105 debat\u0119. Wiele kobiet zacz\u0119\u0142o wzywa\u0107 Friedricha Merza do podj\u0119cia konkretnych dzia\u0142a\u0144 w celu poprawy ich bezpiecze\u0144stwa. Problem zosta\u0142 zg\u0142oszony przez DW.com.<\/p>\n<h2 class=\"wp-block-heading\">Czas na dzia\u0142anie, a nie s\u0142owa<\/h2>\n<p>Hibba Kauser, radna SPD z Offenbach, podpisa\u0142a list otwarty do Friedricha Merza, w kt\u00f3rym 60 prominentnych kobiet wzywa go, aby przeku\u0142 trosk\u0119 o \u201ec\u00f3rki\u201d w konkretne dzia\u0142ania.<\/p>\n<figure class=\"wp-block-pullquote\">\n<blockquote>\n<p>&#8222;Chcemy rozmawia\u0107 o bezpiecze\u0144stwie c\u00f3rek, czyli kobiet. Ale chcemy podej\u015b\u0107 do tego powa\u017cnie i nie u\u017cywa\u0107 tego jako taniego pretekstu do usprawiedliwiania rasistowskich narracji. Ofiary seksizmu i ofiary rasizmu nie mog\u0105 by\u0107 przeciwstawiane sobie nawzajem&#8221; <\/p>\n<p><cite>czytamy w li\u015bcie.<\/cite><\/p><\/blockquote>\n<\/figure>\n<p>W po\u0142owie pa\u017adziernika kanclerz stwierdzi\u0142a w Poczdamie, \u017ce \u201eten problem nadal istnieje w krajobrazie miejskim\u201d. Kilka dni p\u00f3\u017aniej doda\u0142: \u201eDlaczego nie zapytacie o to swoich c\u00f3rek?\u201d<\/p>\n<h2 class=\"wp-block-heading\">S\u0142owa wywo\u0142uj\u0105 debat\u0119<\/h2>\n<p>Po tych komentarzach w ca\u0142ych Niemczech odby\u0142y si\u0119 debaty i demonstracje przeciwko wypowiedziom kanclerza. Pod tytu\u0142em pojawi\u0142a si\u0119 w\u0142a\u015bnie nowa inicjatywa <em>\u201eJeste\u015bmy c\u00f3rkami \u2013 10 \u017c\u0105da\u0144 wobec Friedricha Merza w sprawie naszego bezpiecze\u0144stwa\u201d.<\/em> Postulaty obejmuj\u0105 m.in. skuteczniejsze \u015bciganie przemocy seksualnej i domowej, a tak\u017ce popraw\u0119 o\u015bwietlenia i nadzoru w przestrzeni publicznej.<\/p>\n<figure class=\"wp-block-pullquote\">\n<blockquote>\n<p>&#8222;Natychmiast podpisa\u0142am petycj\u0119, poniewa\u017c uwa\u017cam, \u017ce najwa\u017cniejsze jest, aby\u015bmy, je\u015bli mamy rozmawia\u0107 o bezpiecze\u0144stwie naszych c\u00f3rek, przynajmniej robi\u0107 to w\u0142a\u015bciwie. Schroniska dla kobiet potrzebuj\u0105 lepszego finansowania; \u017cadnej kobiety nie nale\u017cy nigdy odrzuca\u0107&#8221; <\/p>\n<p><cite>Kauser powiedzia\u0142 DW.<\/cite><\/p><\/blockquote>\n<\/figure>\n<p>M\u00f3wi\u0142a ju\u017c podczas wcze\u015bniejszej demonstracji.<\/p>\n<figure class=\"wp-block-pullquote\">\n<blockquote>\n<p>\u201eJe\u015bli kobieta nie ma niemieckiego paszportu lub nie m\u00f3wi wystarczaj\u0105co dobrze po niemiecku, nie powinna by\u0107 dyskryminowana\u201d <\/p>\n<p><cite>\u2013 powiedzia\u0142a w Berlinie.<\/cite><\/p><\/blockquote>\n<\/figure>\n<p>&#8222;Ka\u017cdy, kto rozmawia z Kauser, widzi, jak dyskusje tocz\u0105ce si\u0119 w ostatnich tygodniach wp\u0142yn\u0119\u0142y na osoby takie jak ona. Urodzona w schronisku dla uchod\u017ac\u00f3w w Brandenburgii, przez dwa lata zasiada\u0142a w zarz\u0105dzie federalnym SPD M\u0142odych Socjalist\u00f3w, a w 2024 r. otrzyma\u0142a nawet nagrod\u0119 za wybitne zaanga\u017cowanie w lokaln\u0105 polityk\u0119. Reprezentuje wzorow\u0105 histori\u0119 sukcesu, a mimo to \u2013 w\u015br\u00f3d kontrowersji wok\u00f3\u0142 komentarzy kanclerz na temat \u201ekrajobrazu miejskiego\u201d \u2013 jak podaje DW.com \u2013 nadal uwa\u017ca, \u017ce <em>\u201eto nie wystarczy.\u201d<\/em><\/p>\n<figure class=\"wp-block-pullquote\">\n<blockquote>\n<p>&#8222;By\u0142am zszokowana, bardzo smutna i g\u0142\u0119boko zraniona. Niewa\u017cne, co zrobimy, niewa\u017cne, co powiemy &#8211; czy uko\u0144czymy tutaj szko\u0142\u0119, zmienimy \u015bwiat, czy wniesiemy pozytywny wk\u0142ad w to spo\u0142ecze\u0144stwo &#8211; zawsze musimy dwa, a nawet trzy razy mocniej udowadnia\u0107, \u017ce tu pasujemy. Chocia\u017c to nawet nie powinno by\u0107 pytaniem, poniewa\u017c tu si\u0119 urodzili\u015bmy i wychowali\u015bmy. Ale dlaczego ludzie wci\u0105\u017c tak o nas m\u00f3wi\u0105?&#8221; <\/p>\n<p><cite>\u2013 pyta 25-latek.<\/cite><\/p><\/blockquote>\n<\/figure>\n<div class=\"wp-block-buttons is-layout-flex wp-block-buttons-is-layout-flex\">\n<div class=\"wp-block-button\">Wi\u0119cej informacji na DW.com w artykule Olivera Piepera. <\/div>\n<\/div>\n<\/div>\n<\/div>\n","protected":false},"excerpt":{"rendered":"<p>Niedawne uwagi kanclerz Niemiec na temat migracji i zagro\u017ce\u0144, na jakie nara\u017cone s\u0105 kobiety, wywo\u0142a\u0142y w ca\u0142ym kraju o\u017cywion\u0105 debat\u0119.<\/p>\n","protected":false},"author":1,"featured_media":623,"comment_status":"open","ping_status":"open","sticky":false,"template":"","format":"standard","meta":{"footnotes":""},"categories":[44],"tags":[11606,11605,11607,691,552,30,8722],"class_list":["post-10096","post","type-post","status-publish","format-standard","has-post-thumbnail","hentry","category-polityka","tag-bezpieczenstwem","tag-debatuja","tag-kanclerza","tag-kobiet","tag-nad","tag-niemcy","tag-uwagach","generate-columns","tablet-grid-50","mobile-grid-100","grid-parent","grid-50","resize-featured-image"],"yoast_head":"<!-- This site is optimized with the Yoast SEO plugin v23.2 - https:\/\/yoast.com\/wordpress\/plugins\/seo\/ -->\n<title>Niemcy debatuj\u0105 nad bezpiecze\u0144stwem kobiet po uwagach kanclerza - POGOTOWIE FLAGOWE\u00ae<\/title>\n<meta name=\"robots\" content=\"index, follow, max-snippet:-1, max-image-preview:large, max-video-preview:-1\" \/>\n<link rel=\"canonical\" href=\"https:\/\/www.pogotowieflagowe.pl\/aktualne\/niemcy-debatuja-nad-bezpieczenstwem-kobiet-po-uwagach-kanclerza\/\" \/>\n<meta property=\"og:locale\" content=\"pl_PL\" \/>\n<meta property=\"og:type\" content=\"article\" \/>\n<meta property=\"og:title\" content=\"Niemcy debatuj\u0105 nad bezpiecze\u0144stwem kobiet po uwagach kanclerza - POGOTOWIE FLAGOWE\u00ae\" \/>\n<meta property=\"og:description\" content=\"Niedawne uwagi kanclerz Niemiec na temat migracji i zagro\u017ce\u0144, na jakie nara\u017cone s\u0105 kobiety, wywo\u0142a\u0142y w ca\u0142ym kraju o\u017cywion\u0105 debat\u0119.\" \/>\n<meta property=\"og:url\" content=\"https:\/\/www.pogotowieflagowe.pl\/aktualne\/niemcy-debatuja-nad-bezpieczenstwem-kobiet-po-uwagach-kanclerza\/\" \/>\n<meta property=\"og:site_name\" content=\"POGOTOWIE FLAGOWE\u00ae\" \/>\n<meta property=\"article:published_time\" content=\"2025-11-03T08:33:50+00:00\" \/>\n<meta property=\"article:modified_time\" content=\"2025-11-03T08:33:52+00:00\" \/>\n<meta property=\"og:image\" content=\"https:\/\/www.pogotowieflagowe.pl\/aktualne\/wp-content\/uploads\/2024\/09\/Rosnace-nastroje-prorosyjskie-w-polityce-niemieckiej-co-to-oznacza-dla.jpg\" \/>\n\t<meta property=\"og:image:width\" content=\"1920\" \/>\n\t<meta property=\"og:image:height\" content=\"1174\" \/>\n\t<meta property=\"og:image:type\" content=\"image\/jpeg\" \/>\n<meta name=\"author\" content=\"Filip\" \/>\n<meta name=\"twitter:card\" content=\"summary_large_image\" \/>\n<meta name=\"twitter:label1\" content=\"Napisane przez\" \/>\n\t<meta name=\"twitter:data1\" content=\"Filip\" \/>\n\t<meta name=\"twitter:label2\" content=\"Szacowany czas czytania\" \/>\n\t<meta name=\"twitter:data2\" content=\"2 minuty\" \/>\n<script type=\"application\/ld+json\" class=\"yoast-schema-graph\">{\"@context\":\"https:\/\/schema.org\",\"@graph\":[{\"@type\":\"Article\",\"@id\":\"https:\/\/www.pogotowieflagowe.pl\/aktualne\/niemcy-debatuja-nad-bezpieczenstwem-kobiet-po-uwagach-kanclerza\/#article\",\"isPartOf\":{\"@id\":\"https:\/\/www.pogotowieflagowe.pl\/aktualne\/niemcy-debatuja-nad-bezpieczenstwem-kobiet-po-uwagach-kanclerza\/\"},\"author\":{\"name\":\"Filip\",\"@id\":\"https:\/\/www.pogotowieflagowe.pl\/aktualne\/#\/schema\/person\/9c2fb7d2362ebf6fa088960d7f0d27b0\"},\"headline\":\"Niemcy debatuj\u0105 nad bezpiecze\u0144stwem kobiet po uwagach kanclerza\",\"datePublished\":\"2025-11-03T08:33:50+00:00\",\"dateModified\":\"2025-11-03T08:33:52+00:00\",\"mainEntityOfPage\":{\"@id\":\"https:\/\/www.pogotowieflagowe.pl\/aktualne\/niemcy-debatuja-nad-bezpieczenstwem-kobiet-po-uwagach-kanclerza\/\"},\"wordCount\":489,\"commentCount\":0,\"publisher\":{\"@id\":\"https:\/\/www.pogotowieflagowe.pl\/aktualne\/#organization\"},\"image\":{\"@id\":\"https:\/\/www.pogotowieflagowe.pl\/aktualne\/niemcy-debatuja-nad-bezpieczenstwem-kobiet-po-uwagach-kanclerza\/#primaryimage\"},\"thumbnailUrl\":\"https:\/\/www.pogotowieflagowe.pl\/aktualne\/wp-content\/uploads\/2024\/09\/Rosnace-nastroje-prorosyjskie-w-polityce-niemieckiej-co-to-oznacza-dla.jpg\",\"keywords\":[\"bezpiecze\u0144stwem\",\"debatuj\u0105\",\"kanclerza\",\"Kobiet\",\"nad\",\"Niemcy\",\"uwagach\"],\"articleSection\":[\"Polityka\"],\"inLanguage\":\"pl-PL\",\"potentialAction\":[{\"@type\":\"CommentAction\",\"name\":\"Comment\",\"target\":[\"https:\/\/www.pogotowieflagowe.pl\/aktualne\/niemcy-debatuja-nad-bezpieczenstwem-kobiet-po-uwagach-kanclerza\/#respond\"]}]},{\"@type\":\"WebPage\",\"@id\":\"https:\/\/www.pogotowieflagowe.pl\/aktualne\/niemcy-debatuja-nad-bezpieczenstwem-kobiet-po-uwagach-kanclerza\/\",\"url\":\"https:\/\/www.pogotowieflagowe.pl\/aktualne\/niemcy-debatuja-nad-bezpieczenstwem-kobiet-po-uwagach-kanclerza\/\",\"name\":\"Niemcy debatuj\u0105 nad bezpiecze\u0144stwem kobiet po uwagach kanclerza - POGOTOWIE FLAGOWE\u00ae\",\"isPartOf\":{\"@id\":\"https:\/\/www.pogotowieflagowe.pl\/aktualne\/#website\"},\"primaryImageOfPage\":{\"@id\":\"https:\/\/www.pogotowieflagowe.pl\/aktualne\/niemcy-debatuja-nad-bezpieczenstwem-kobiet-po-uwagach-kanclerza\/#primaryimage\"},\"image\":{\"@id\":\"https:\/\/www.pogotowieflagowe.pl\/aktualne\/niemcy-debatuja-nad-bezpieczenstwem-kobiet-po-uwagach-kanclerza\/#primaryimage\"},\"thumbnailUrl\":\"https:\/\/www.pogotowieflagowe.pl\/aktualne\/wp-content\/uploads\/2024\/09\/Rosnace-nastroje-prorosyjskie-w-polityce-niemieckiej-co-to-oznacza-dla.jpg\",\"datePublished\":\"2025-11-03T08:33:50+00:00\",\"dateModified\":\"2025-11-03T08:33:52+00:00\",\"breadcrumb\":{\"@id\":\"https:\/\/www.pogotowieflagowe.pl\/aktualne\/niemcy-debatuja-nad-bezpieczenstwem-kobiet-po-uwagach-kanclerza\/#breadcrumb\"},\"inLanguage\":\"pl-PL\",\"potentialAction\":[{\"@type\":\"ReadAction\",\"target\":[\"https:\/\/www.pogotowieflagowe.pl\/aktualne\/niemcy-debatuja-nad-bezpieczenstwem-kobiet-po-uwagach-kanclerza\/\"]}]},{\"@type\":\"ImageObject\",\"inLanguage\":\"pl-PL\",\"@id\":\"https:\/\/www.pogotowieflagowe.pl\/aktualne\/niemcy-debatuja-nad-bezpieczenstwem-kobiet-po-uwagach-kanclerza\/#primaryimage\",\"url\":\"https:\/\/www.pogotowieflagowe.pl\/aktualne\/wp-content\/uploads\/2024\/09\/Rosnace-nastroje-prorosyjskie-w-polityce-niemieckiej-co-to-oznacza-dla.jpg\",\"contentUrl\":\"https:\/\/www.pogotowieflagowe.pl\/aktualne\/wp-content\/uploads\/2024\/09\/Rosnace-nastroje-prorosyjskie-w-polityce-niemieckiej-co-to-oznacza-dla.jpg\",\"width\":1920,\"height\":1174,\"caption\":\"Rosn\u0105ce nastroje prorosyjskie w polityce niemieckiej: co to oznacza dla Polski\"},{\"@type\":\"BreadcrumbList\",\"@id\":\"https:\/\/www.pogotowieflagowe.pl\/aktualne\/niemcy-debatuja-nad-bezpieczenstwem-kobiet-po-uwagach-kanclerza\/#breadcrumb\",\"itemListElement\":[{\"@type\":\"ListItem\",\"position\":1,\"name\":\"Home\",\"item\":\"https:\/\/www.pogotowieflagowe.pl\/aktualne\/\"},{\"@type\":\"ListItem\",\"position\":2,\"name\":\"Niemcy debatuj\u0105 nad bezpiecze\u0144stwem kobiet po uwagach kanclerza\"}]},{\"@type\":\"WebSite\",\"@id\":\"https:\/\/www.pogotowieflagowe.pl\/aktualne\/#website\",\"url\":\"https:\/\/www.pogotowieflagowe.pl\/aktualne\/\",\"name\":\"POGOTOWIE FLAGOWE\u00ae\",\"description\":\"\",\"publisher\":{\"@id\":\"https:\/\/www.pogotowieflagowe.pl\/aktualne\/#organization\"},\"potentialAction\":[{\"@type\":\"SearchAction\",\"target\":{\"@type\":\"EntryPoint\",\"urlTemplate\":\"https:\/\/www.pogotowieflagowe.pl\/aktualne\/?s={search_term_string}\"},\"query-input\":\"required name=search_term_string\"}],\"inLanguage\":\"pl-PL\"},{\"@type\":\"Organization\",\"@id\":\"https:\/\/www.pogotowieflagowe.pl\/aktualne\/#organization\",\"name\":\"POGOTOWIE FLAGOWE\u00ae\",\"url\":\"https:\/\/www.pogotowieflagowe.pl\/aktualne\/\",\"logo\":{\"@type\":\"ImageObject\",\"inLanguage\":\"pl-PL\",\"@id\":\"https:\/\/www.pogotowieflagowe.pl\/aktualne\/#\/schema\/logo\/image\/\",\"url\":\"https:\/\/www.pogotowieflagowe.pl\/aktualne\/wp-content\/uploads\/2024\/08\/cropped-pogotowieflagowe_flaga_projekt_sm.jpg\",\"contentUrl\":\"https:\/\/www.pogotowieflagowe.pl\/aktualne\/wp-content\/uploads\/2024\/08\/cropped-pogotowieflagowe_flaga_projekt_sm.jpg\",\"width\":250,\"height\":143,\"caption\":\"POGOTOWIE FLAGOWE\u00ae\"},\"image\":{\"@id\":\"https:\/\/www.pogotowieflagowe.pl\/aktualne\/#\/schema\/logo\/image\/\"}},{\"@type\":\"Person\",\"@id\":\"https:\/\/www.pogotowieflagowe.pl\/aktualne\/#\/schema\/person\/9c2fb7d2362ebf6fa088960d7f0d27b0\",\"name\":\"Filip\",\"image\":{\"@type\":\"ImageObject\",\"inLanguage\":\"pl-PL\",\"@id\":\"https:\/\/www.pogotowieflagowe.pl\/aktualne\/#\/schema\/person\/image\/\",\"url\":\"https:\/\/www.pogotowieflagowe.pl\/aktualne\/wp-content\/uploads\/2024\/08\/pogotowieflagowe.pl_.jpg\",\"contentUrl\":\"https:\/\/www.pogotowieflagowe.pl\/aktualne\/wp-content\/uploads\/2024\/08\/pogotowieflagowe.pl_.jpg\",\"caption\":\"Filip\"},\"description\":\"Jestem Filip, polski dziennikarz z dyplomem nauk politycznych Uniwersytetu Warszawskiego. Rozpoczynaj\u0105c swoj\u0105 karier\u0119 w r\u00f3\u017cnych lokalnych mediach, zdoby\u0142em solidne do\u015bwiadczenie w zakresie \u015bledztwa i redakcji. Obecnie jako redaktor w Pogotowie flagowe, staram si\u0119 dostarcza\u0107 dog\u0142\u0119bne i istotne analizy na temat najwa\u017cniejszych kwestii aktualno\u015bci, \u0142\u0105cz\u0105c rygor z pasj\u0105 dziennikarsk\u0105.\",\"sameAs\":[\"https:\/\/www.pogotowieflagowe.pl\/\"]}]}<\/script>\n<!-- \/ Yoast SEO plugin. -->","yoast_head_json":{"title":"Niemcy debatuj\u0105 nad bezpiecze\u0144stwem kobiet po uwagach kanclerza - POGOTOWIE FLAGOWE\u00ae","robots":{"index":"index","follow":"follow","max-snippet":"max-snippet:-1","max-image-preview":"max-image-preview:large","max-video-preview":"max-video-preview:-1"},"canonical":"https:\/\/www.pogotowieflagowe.pl\/aktualne\/niemcy-debatuja-nad-bezpieczenstwem-kobiet-po-uwagach-kanclerza\/","og_locale":"pl_PL","og_type":"article","og_title":"Niemcy debatuj\u0105 nad bezpiecze\u0144stwem kobiet po uwagach kanclerza - POGOTOWIE FLAGOWE\u00ae","og_description":"Niedawne uwagi kanclerz Niemiec na temat migracji i zagro\u017ce\u0144, na jakie nara\u017cone s\u0105 kobiety, wywo\u0142a\u0142y w ca\u0142ym kraju o\u017cywion\u0105 debat\u0119.","og_url":"https:\/\/www.pogotowieflagowe.pl\/aktualne\/niemcy-debatuja-nad-bezpieczenstwem-kobiet-po-uwagach-kanclerza\/","og_site_name":"POGOTOWIE FLAGOWE\u00ae","article_published_time":"2025-11-03T08:33:50+00:00","article_modified_time":"2025-11-03T08:33:52+00:00","og_image":[{"width":1920,"height":1174,"url":"https:\/\/www.pogotowieflagowe.pl\/aktualne\/wp-content\/uploads\/2024\/09\/Rosnace-nastroje-prorosyjskie-w-polityce-niemieckiej-co-to-oznacza-dla.jpg","type":"image\/jpeg"}],"author":"Filip","twitter_card":"summary_large_image","twitter_misc":{"Napisane przez":"Filip","Szacowany czas czytania":"2 minuty"},"schema":{"@context":"https:\/\/schema.org","@graph":[{"@type":"Article","@id":"https:\/\/www.pogotowieflagowe.pl\/aktualne\/niemcy-debatuja-nad-bezpieczenstwem-kobiet-po-uwagach-kanclerza\/#article","isPartOf":{"@id":"https:\/\/www.pogotowieflagowe.pl\/aktualne\/niemcy-debatuja-nad-bezpieczenstwem-kobiet-po-uwagach-kanclerza\/"},"author":{"name":"Filip","@id":"https:\/\/www.pogotowieflagowe.pl\/aktualne\/#\/schema\/person\/9c2fb7d2362ebf6fa088960d7f0d27b0"},"headline":"Niemcy debatuj\u0105 nad bezpiecze\u0144stwem kobiet po uwagach kanclerza","datePublished":"2025-11-03T08:33:50+00:00","dateModified":"2025-11-03T08:33:52+00:00","mainEntityOfPage":{"@id":"https:\/\/www.pogotowieflagowe.pl\/aktualne\/niemcy-debatuja-nad-bezpieczenstwem-kobiet-po-uwagach-kanclerza\/"},"wordCount":489,"commentCount":0,"publisher":{"@id":"https:\/\/www.pogotowieflagowe.pl\/aktualne\/#organization"},"image":{"@id":"https:\/\/www.pogotowieflagowe.pl\/aktualne\/niemcy-debatuja-nad-bezpieczenstwem-kobiet-po-uwagach-kanclerza\/#primaryimage"},"thumbnailUrl":"https:\/\/www.pogotowieflagowe.pl\/aktualne\/wp-content\/uploads\/2024\/09\/Rosnace-nastroje-prorosyjskie-w-polityce-niemieckiej-co-to-oznacza-dla.jpg","keywords":["bezpiecze\u0144stwem","debatuj\u0105","kanclerza","Kobiet","nad","Niemcy","uwagach"],"articleSection":["Polityka"],"inLanguage":"pl-PL","potentialAction":[{"@type":"CommentAction","name":"Comment","target":["https:\/\/www.pogotowieflagowe.pl\/aktualne\/niemcy-debatuja-nad-bezpieczenstwem-kobiet-po-uwagach-kanclerza\/#respond"]}]},{"@type":"WebPage","@id":"https:\/\/www.pogotowieflagowe.pl\/aktualne\/niemcy-debatuja-nad-bezpieczenstwem-kobiet-po-uwagach-kanclerza\/","url":"https:\/\/www.pogotowieflagowe.pl\/aktualne\/niemcy-debatuja-nad-bezpieczenstwem-kobiet-po-uwagach-kanclerza\/","name":"Niemcy debatuj\u0105 nad bezpiecze\u0144stwem kobiet po uwagach kanclerza - POGOTOWIE FLAGOWE\u00ae","isPartOf":{"@id":"https:\/\/www.pogotowieflagowe.pl\/aktualne\/#website"},"primaryImageOfPage":{"@id":"https:\/\/www.pogotowieflagowe.pl\/aktualne\/niemcy-debatuja-nad-bezpieczenstwem-kobiet-po-uwagach-kanclerza\/#primaryimage"},"image":{"@id":"https:\/\/www.pogotowieflagowe.pl\/aktualne\/niemcy-debatuja-nad-bezpieczenstwem-kobiet-po-uwagach-kanclerza\/#primaryimage"},"thumbnailUrl":"https:\/\/www.pogotowieflagowe.pl\/aktualne\/wp-content\/uploads\/2024\/09\/Rosnace-nastroje-prorosyjskie-w-polityce-niemieckiej-co-to-oznacza-dla.jpg","datePublished":"2025-11-03T08:33:50+00:00","dateModified":"2025-11-03T08:33:52+00:00","breadcrumb":{"@id":"https:\/\/www.pogotowieflagowe.pl\/aktualne\/niemcy-debatuja-nad-bezpieczenstwem-kobiet-po-uwagach-kanclerza\/#breadcrumb"},"inLanguage":"pl-PL","potentialAction":[{"@type":"ReadAction","target":["https:\/\/www.pogotowieflagowe.pl\/aktualne\/niemcy-debatuja-nad-bezpieczenstwem-kobiet-po-uwagach-kanclerza\/"]}]},{"@type":"ImageObject","inLanguage":"pl-PL","@id":"https:\/\/www.pogotowieflagowe.pl\/aktualne\/niemcy-debatuja-nad-bezpieczenstwem-kobiet-po-uwagach-kanclerza\/#primaryimage","url":"https:\/\/www.pogotowieflagowe.pl\/aktualne\/wp-content\/uploads\/2024\/09\/Rosnace-nastroje-prorosyjskie-w-polityce-niemieckiej-co-to-oznacza-dla.jpg","contentUrl":"https:\/\/www.pogotowieflagowe.pl\/aktualne\/wp-content\/uploads\/2024\/09\/Rosnace-nastroje-prorosyjskie-w-polityce-niemieckiej-co-to-oznacza-dla.jpg","width":1920,"height":1174,"caption":"Rosn\u0105ce nastroje prorosyjskie w polityce niemieckiej: co to oznacza dla Polski"},{"@type":"BreadcrumbList","@id":"https:\/\/www.pogotowieflagowe.pl\/aktualne\/niemcy-debatuja-nad-bezpieczenstwem-kobiet-po-uwagach-kanclerza\/#breadcrumb","itemListElement":[{"@type":"ListItem","position":1,"name":"Home","item":"https:\/\/www.pogotowieflagowe.pl\/aktualne\/"},{"@type":"ListItem","position":2,"name":"Niemcy debatuj\u0105 nad bezpiecze\u0144stwem kobiet po uwagach kanclerza"}]},{"@type":"WebSite","@id":"https:\/\/www.pogotowieflagowe.pl\/aktualne\/#website","url":"https:\/\/www.pogotowieflagowe.pl\/aktualne\/","name":"POGOTOWIE FLAGOWE\u00ae","description":"","publisher":{"@id":"https:\/\/www.pogotowieflagowe.pl\/aktualne\/#organization"},"potentialAction":[{"@type":"SearchAction","target":{"@type":"EntryPoint","urlTemplate":"https:\/\/www.pogotowieflagowe.pl\/aktualne\/?s={search_term_string}"},"query-input":"required name=search_term_string"}],"inLanguage":"pl-PL"},{"@type":"Organization","@id":"https:\/\/www.pogotowieflagowe.pl\/aktualne\/#organization","name":"POGOTOWIE FLAGOWE\u00ae","url":"https:\/\/www.pogotowieflagowe.pl\/aktualne\/","logo":{"@type":"ImageObject","inLanguage":"pl-PL","@id":"https:\/\/www.pogotowieflagowe.pl\/aktualne\/#\/schema\/logo\/image\/","url":"https:\/\/www.pogotowieflagowe.pl\/aktualne\/wp-content\/uploads\/2024\/08\/cropped-pogotowieflagowe_flaga_projekt_sm.jpg","contentUrl":"https:\/\/www.pogotowieflagowe.pl\/aktualne\/wp-content\/uploads\/2024\/08\/cropped-pogotowieflagowe_flaga_projekt_sm.jpg","width":250,"height":143,"caption":"POGOTOWIE FLAGOWE\u00ae"},"image":{"@id":"https:\/\/www.pogotowieflagowe.pl\/aktualne\/#\/schema\/logo\/image\/"}},{"@type":"Person","@id":"https:\/\/www.pogotowieflagowe.pl\/aktualne\/#\/schema\/person\/9c2fb7d2362ebf6fa088960d7f0d27b0","name":"Filip","image":{"@type":"ImageObject","inLanguage":"pl-PL","@id":"https:\/\/www.pogotowieflagowe.pl\/aktualne\/#\/schema\/person\/image\/","url":"https:\/\/www.pogotowieflagowe.pl\/aktualne\/wp-content\/uploads\/2024\/08\/pogotowieflagowe.pl_.jpg","contentUrl":"https:\/\/www.pogotowieflagowe.pl\/aktualne\/wp-content\/uploads\/2024\/08\/pogotowieflagowe.pl_.jpg","caption":"Filip"},"description":"Jestem Filip, polski dziennikarz z dyplomem nauk politycznych Uniwersytetu Warszawskiego. Rozpoczynaj\u0105c swoj\u0105 karier\u0119 w r\u00f3\u017cnych lokalnych mediach, zdoby\u0142em solidne do\u015bwiadczenie w zakresie \u015bledztwa i redakcji. Obecnie jako redaktor w Pogotowie flagowe, staram si\u0119 dostarcza\u0107 dog\u0142\u0119bne i istotne analizy na temat najwa\u017cniejszych kwestii aktualno\u015bci, \u0142\u0105cz\u0105c rygor z pasj\u0105 dziennikarsk\u0105.","sameAs":["https:\/\/www.pogotowieflagowe.pl\/"]}]}},"_links":{"self":[{"href":"https:\/\/www.pogotowieflagowe.pl\/aktualne\/wp-json\/wp\/v2\/posts\/10096","targetHints":{"allow":["GET"]}}],"collection":[{"href":"https:\/\/www.pogotowieflagowe.pl\/aktualne\/wp-json\/wp\/v2\/posts"}],"about":[{"href":"https:\/\/www.pogotowieflagowe.pl\/aktualne\/wp-json\/wp\/v2\/types\/post"}],"author":[{"embeddable":true,"href":"https:\/\/www.pogotowieflagowe.pl\/aktualne\/wp-json\/wp\/v2\/users\/1"}],"replies":[{"embeddable":true,"href":"https:\/\/www.pogotowieflagowe.pl\/aktualne\/wp-json\/wp\/v2\/comments?post=10096"}],"version-history":[{"count":1,"href":"https:\/\/www.pogotowieflagowe.pl\/aktualne\/wp-json\/wp\/v2\/posts\/10096\/revisions"}],"predecessor-version":[{"id":10097,"href":"https:\/\/www.pogotowieflagowe.pl\/aktualne\/wp-json\/wp\/v2\/posts\/10096\/revisions\/10097"}],"wp:featuredmedia":[{"embeddable":true,"href":"https:\/\/www.pogotowieflagowe.pl\/aktualne\/wp-json\/wp\/v2\/media\/623"}],"wp:attachment":[{"href":"https:\/\/www.pogotowieflagowe.pl\/aktualne\/wp-json\/wp\/v2\/media?parent=10096"}],"wp:term":[{"taxonomy":"category","embeddable":true,"href":"https:\/\/www.pogotowieflagowe.pl\/aktualne\/wp-json\/wp\/v2\/categories?post=10096"},{"taxonomy":"post_tag","embeddable":true,"href":"https:\/\/www.pogotowieflagowe.pl\/aktualne\/wp-json\/wp\/v2\/tags?post=10096"}],"curies":[{"name":"wp","href":"https:\/\/api.w.org\/{rel}","templated":true}]}}