{"id":10101,"date":"2025-11-03T13:37:49","date_gmt":"2025-11-03T12:37:49","guid":{"rendered":"https:\/\/www.pogotowieflagowe.pl\/aktualne\/niemiecki-dziennikarz-ostrzega-przed-polskim-zagrozeniem-i-wzywa-berlin-do-wycofania-wojsk-z-litwy-na-linie-odry\/"},"modified":"2025-11-03T13:37:52","modified_gmt":"2025-11-03T12:37:52","slug":"niemiecki-dziennikarz-ostrzega-przed-polskim-zagrozeniem-i-wzywa-berlin-do-wycofania-wojsk-z-litwy-na-linie-odry","status":"publish","type":"post","link":"https:\/\/www.pogotowieflagowe.pl\/aktualne\/niemiecki-dziennikarz-ostrzega-przed-polskim-zagrozeniem-i-wzywa-berlin-do-wycofania-wojsk-z-litwy-na-linie-odry\/","title":{"rendered":"Niemiecki dziennikarz ostrzega przed polskim zagro\u017ceniem i wzywa Berlin do wycofania wojsk z Litwy na lini\u0119 Odry"},"content":{"rendered":"\n<div class=\"td_block_wrap tdb_single_content tdi_41 td-pb-border-top td_block_template_8 td-post-content tagdiv-type\" data-td-block-uid=\"tdi_41\">\n<style>.tdi_41{margines-top:0px!important;margin-bottom:0px!important;dope\u0142nienie-g\u00f3ra:0px!important;dope\u0142nienie-d\u00f3\u0142:0px!important}<\/style>\n<style>.tdb_single_content{margin-bottom:0;*zoom:1}.tdb_single_content:before,.tdb_single_content:after{display:table;content:'';line-height:0}.tdb_single_content:after{clear:both}.tdb_single_content .tdb-block-inner>*:not(.wp-block-quote):not(.alignwide):not(.alignfull.wp-block-cover.has-parallax):not(.td-a-ad){margin-left:auto;margin-right:auto}.tdb_single_content a{pointer-events:auto}.tdb_single_content .td-spot-id-top_ad .tdc-placeholder-title:before{content:'Najlepsza reklama artyku\u0142u'!important}.tdb_single_content .td-spot-id-inline_ad0 .tdc-placeholder-title:before{content:'Reklama wbudowana artyku\u0142u 1'!important}.tdb_single_content .td-spot-id-inline_ad1 .tdc-placeholder-title:before{content:'Wbudowana reklama w artykule 2'!important}.tdb_single_content .td-spot-id-inline_ad2 .tdc-placeholder-title:before{content:'Wbudowana reklama w artykule 3'!important}.tdb_single_content .td-spot-id-bottom_ad .tdc-placeholder-title:before{content:'Article Bottom Ad'!important}.tdb_single_content .id_top_ad,.tdb_single_content .id_bottom_ad{clear:both;margin-bottom:21px;text-align:center}.tdb_single_content .id_top_ad img,.tdb_single_content .id_bottom_ad img{margin-bottom:0}.tdb_single_content .id_top_ad .adsbygoogle,.tdb_single_content .id_bottom_ad .adsbygoogle{position:relative}.tdb_single_content .id_ad_content-horiz-left,.tdb_single_content .id_ad_content-horiz-right,.tdb_single_content .id_ad_content-horiz-center{margin-bottom:15px}.tdb_single_content .id_ad_content-horiz-left img,.tdb_single_content .id_ad_content-horiz-right img,.tdb_single_content .id_ad_content-horiz-center img{margin-bottom:0}.tdb_single_content .id_ad_content-horiz-center{text-align:center}.tdb_single_content .id_ad_content-horiz-center img{margin-right:auto;margin-left:auto}.tdb_single_content .id_ad_content-horiz-left{float:left;margin-top:9px;margin-right:21px}.tdb_single_content .id_ad_content-horiz-right{float:right;margin-top:6px;margin-left:21px}.tdb_single_content .tdc-a-ad .tdc-placeholder-title{width:300px;height:250px}.tdb_single_content .tdc-a-ad .tdc-placeholder-title:before{position:absolute;top:50%;-webkit-transform:translateY(-50%);transform:translateY(-50%);margin:auto;display:table;width:100%}.tdb_single_content .tdb-block-inner.td-fix-index{word-break:break-word}.tdi_41,.tdi_41>p,.tdi_41 .tdb-block-inner>p,.wp-block-column>p{font-size:16px!important;line-height:1.6!important}.tdi_41 .tdb-block-inner blockquote p{font-style:normal!important}@media (max-width:767px){.tdb_single_content .id_ad_content-horiz-left,.tdb_single_content .id_ad_content-horiz-right,.tdb_single_content .id_ad_content-horiz-center{margin:0 auto 26 pikseli auto}}@media (max-width:767px){.tdb_single_content .id_ad_content-horiz-left{margin-right:0}}@media (max-width:767px){.tdb_single_content .id_ad_content-horiz-right{margin-left:0}}@media (max-width:767px){.tdb_single_content .td-a-ad{float:none;text-align:center}.tdb_single_content .td-a-ad img{margin-right:auto;margin-left:auto}.tdb_single_content .tdc-a-ad{float:none}}<\/style>\n<div class=\"tdb-block-inner td-fix-index\">\n<p>J\u00fcrgen Els\u00e4sser, redaktor naczelny <em>Kompaktowy<\/em>wzywa rz\u0105d Berlina do wycofania swojego kontyngentu z Litwy nad lini\u0119 Odry, twierdz\u0105c, \u017ce jest on niezb\u0119dny do obrony kraju przed\u2026 Polakami. &#8222;No c\u00f3\u017c, mo\u017cna si\u0119 \u015bmia\u0107, ale oni dochodz\u0105 do w\u0142adzy. I s\u0105 tu\u017c za nami&#8230;&#8221; &#8211; napisa\u0142 publicysta Piotr Sokala na X.<\/p>\n<h2 class=\"wp-block-heading\">Chc\u0105 wycofa\u0107 si\u0119 ze wschodniej flanki NATO<\/h2>\n<p>We wrze\u015bniu tego roku Naczelny Dow\u00f3dca Si\u0142 Sojuszniczych NATO w Europie, genera\u0142 Alexus Grynkewich, og\u0142osi\u0142 podczas swojej wizyty w Wilnie, \u017ce Niemcy zdecydowa\u0142y, \u017ce ich brygada na Litwie b\u0119dzie na sta\u0142e stacjonowa\u0107 w kraju ba\u0142tyckim.<\/p>\n<p>Niemcy oficjalnie zainaugurowa\u0142y dowodzenie wielonarodow\u0105 brygad\u0105 na Litwie w maju 2025 r. Nowo utworzona 45. Brygada Pancerna stacjonuje w Rudninkach, 30 km na po\u0142udnie od Wilna, a jednostki wsparcia znajduj\u0105 si\u0119 w Rokantiszkach i Niemenczynach. Zako\u0144czenie procesu budowy niemieckiej brygady na Litwie zaplanowano na rok 2027.<\/p>\n<p>Obecno\u015b\u0107 wojskowa Bundeswehry na Litwie jest odpowiedzi\u0105 na rosn\u0105ce zagro\u017cenie ze strony Federacji Rosyjskiej, kt\u00f3ra wzmacnia swoje si\u0142y w Leningradzkim i Moskiewskim Okr\u0119gu Wojskowym.<\/p>\n<p>Jednak J\u00fcrgen Els\u00e4sser, redaktor naczelny <em>Kompaktowy<\/em>nie zgadza si\u0119 z tym pogl\u0105dem \u2013 zagro\u017cenie dla Niemiec widzi nie w Rosji, ale w Polsce.<\/p>\n<figure class=\"wp-block-pullquote\">\n<blockquote>\n<p>&#8222;Polska stanowi zagro\u017cenie dla Niemiec, a nie Rosji. Prosz\u0119 o wycofanie Bundeswehry z kraj\u00f3w ba\u0142tyckich i rozmieszczenie jej wzd\u0142u\u017c Odry&#8221;<\/p>\n<p><cite>  napisa\u0142 J\u00fcrgen Els\u00e4sser na X.<\/cite><\/p><\/blockquote>\n<\/figure>\n<p>Redaktor naczelny, w kt\u00f3rego czasopi\u015bmie pojawiaj\u0105 si\u0119 has\u0142a antysemickie, antypolskie i rasistowskie, regularnie pojawia si\u0119 na wydarzeniach organizowanych przez parti\u0119 Alternatywa dla Niemiec (AfD). To ugrupowanie polityczne opowiadaj\u0105ce si\u0119 za normalizacj\u0105 stosunk\u00f3w z Rosj\u0105 cieszy si\u0119 obecnie najwy\u017cszym poparciem w sonda\u017cach.<\/p>\n<\/div>\n<\/div>\n","protected":false},"excerpt":{"rendered":"<p>J\u00fcrgen Els\u00e4sser, redaktor naczelny Kompaktowywzywa rz\u0105d Berlina do wycofania swojego kontyngentu z Litwy nad lini\u0119 Odry, twierdz\u0105c, \u017ce jest on<\/p>\n","protected":false},"author":1,"featured_media":10102,"comment_status":"open","ping_status":"open","sticky":false,"template":"","format":"standard","meta":{"footnotes":""},"categories":[44],"tags":[7020,2682,9845,7852,5423,11611,1175,1034,643,11516,6186,1331,5228],"class_list":["post-10101","post","type-post","status-publish","format-standard","has-post-thumbnail","hentry","category-polityka","tag-berlin","tag-dziennikarz","tag-linie","tag-litwy","tag-niemiecki","tag-odry","tag-ostrzega","tag-polskim","tag-przed","tag-wojsk","tag-wycofania","tag-wzywa","tag-zagrozeniem","generate-columns","tablet-grid-50","mobile-grid-100","grid-parent","grid-50","resize-featured-image"],"yoast_head":"<!-- This site is optimized with the Yoast SEO plugin v23.2 - https:\/\/yoast.com\/wordpress\/plugins\/seo\/ -->\n<title>Niemiecki dziennikarz ostrzega przed polskim zagro\u017ceniem i wzywa Berlin do wycofania wojsk z Litwy na lini\u0119 Odry - POGOTOWIE FLAGOWE\u00ae<\/title>\n<meta name=\"robots\" content=\"index, follow, max-snippet:-1, max-image-preview:large, max-video-preview:-1\" \/>\n<link rel=\"canonical\" href=\"https:\/\/www.pogotowieflagowe.pl\/aktualne\/niemiecki-dziennikarz-ostrzega-przed-polskim-zagrozeniem-i-wzywa-berlin-do-wycofania-wojsk-z-litwy-na-linie-odry\/\" \/>\n<meta property=\"og:locale\" content=\"pl_PL\" \/>\n<meta property=\"og:type\" content=\"article\" \/>\n<meta property=\"og:title\" content=\"Niemiecki dziennikarz ostrzega przed polskim zagro\u017ceniem i wzywa Berlin do wycofania wojsk z Litwy na lini\u0119 Odry - POGOTOWIE FLAGOWE\u00ae\" \/>\n<meta property=\"og:description\" content=\"J\u00fcrgen Els\u00e4sser, redaktor naczelny Kompaktowywzywa rz\u0105d Berlina do wycofania swojego kontyngentu z Litwy nad lini\u0119 Odry, twierdz\u0105c, \u017ce jest on\" \/>\n<meta property=\"og:url\" content=\"https:\/\/www.pogotowieflagowe.pl\/aktualne\/niemiecki-dziennikarz-ostrzega-przed-polskim-zagrozeniem-i-wzywa-berlin-do-wycofania-wojsk-z-litwy-na-linie-odry\/\" \/>\n<meta property=\"og:site_name\" content=\"POGOTOWIE FLAGOWE\u00ae\" \/>\n<meta property=\"article:published_time\" content=\"2025-11-03T12:37:49+00:00\" \/>\n<meta property=\"article:modified_time\" content=\"2025-11-03T12:37:52+00:00\" \/>\n<meta property=\"og:image\" content=\"https:\/\/www.pogotowieflagowe.pl\/aktualne\/wp-content\/uploads\/2025\/11\/Niemiecki-dziennikarz-ostrzega-przed-polskim-zagrozeniem-i-wzywa-Berlin-do.jpg\" \/>\n\t<meta property=\"og:image:width\" content=\"1920\" \/>\n\t<meta property=\"og:image:height\" content=\"1440\" \/>\n\t<meta property=\"og:image:type\" content=\"image\/jpeg\" \/>\n<meta name=\"author\" content=\"Filip\" \/>\n<meta name=\"twitter:card\" content=\"summary_large_image\" \/>\n<meta name=\"twitter:label1\" content=\"Napisane przez\" \/>\n\t<meta name=\"twitter:data1\" content=\"Filip\" \/>\n\t<meta name=\"twitter:label2\" content=\"Szacowany czas czytania\" \/>\n\t<meta name=\"twitter:data2\" content=\"1 minuta\" \/>\n<script type=\"application\/ld+json\" class=\"yoast-schema-graph\">{\"@context\":\"https:\/\/schema.org\",\"@graph\":[{\"@type\":\"Article\",\"@id\":\"https:\/\/www.pogotowieflagowe.pl\/aktualne\/niemiecki-dziennikarz-ostrzega-przed-polskim-zagrozeniem-i-wzywa-berlin-do-wycofania-wojsk-z-litwy-na-linie-odry\/#article\",\"isPartOf\":{\"@id\":\"https:\/\/www.pogotowieflagowe.pl\/aktualne\/niemiecki-dziennikarz-ostrzega-przed-polskim-zagrozeniem-i-wzywa-berlin-do-wycofania-wojsk-z-litwy-na-linie-odry\/\"},\"author\":{\"name\":\"Filip\",\"@id\":\"https:\/\/www.pogotowieflagowe.pl\/aktualne\/#\/schema\/person\/9c2fb7d2362ebf6fa088960d7f0d27b0\"},\"headline\":\"Niemiecki dziennikarz ostrzega przed polskim zagro\u017ceniem i wzywa Berlin do wycofania wojsk z Litwy na lini\u0119 Odry\",\"datePublished\":\"2025-11-03T12:37:49+00:00\",\"dateModified\":\"2025-11-03T12:37:52+00:00\",\"mainEntityOfPage\":{\"@id\":\"https:\/\/www.pogotowieflagowe.pl\/aktualne\/niemiecki-dziennikarz-ostrzega-przed-polskim-zagrozeniem-i-wzywa-berlin-do-wycofania-wojsk-z-litwy-na-linie-odry\/\"},\"wordCount\":300,\"commentCount\":0,\"publisher\":{\"@id\":\"https:\/\/www.pogotowieflagowe.pl\/aktualne\/#organization\"},\"image\":{\"@id\":\"https:\/\/www.pogotowieflagowe.pl\/aktualne\/niemiecki-dziennikarz-ostrzega-przed-polskim-zagrozeniem-i-wzywa-berlin-do-wycofania-wojsk-z-litwy-na-linie-odry\/#primaryimage\"},\"thumbnailUrl\":\"https:\/\/www.pogotowieflagowe.pl\/aktualne\/wp-content\/uploads\/2025\/11\/Niemiecki-dziennikarz-ostrzega-przed-polskim-zagrozeniem-i-wzywa-Berlin-do.jpg\",\"keywords\":[\"Berlin\",\"Dziennikarz\",\"lini\u0119\",\"Litwy\",\"Niemiecki\",\"Odry\",\"ostrzega\",\"polskim\",\"przed\",\"Wojsk\",\"wycofania\",\"wzywa\",\"zagro\u017ceniem\"],\"articleSection\":[\"Polityka\"],\"inLanguage\":\"pl-PL\",\"potentialAction\":[{\"@type\":\"CommentAction\",\"name\":\"Comment\",\"target\":[\"https:\/\/www.pogotowieflagowe.pl\/aktualne\/niemiecki-dziennikarz-ostrzega-przed-polskim-zagrozeniem-i-wzywa-berlin-do-wycofania-wojsk-z-litwy-na-linie-odry\/#respond\"]}]},{\"@type\":\"WebPage\",\"@id\":\"https:\/\/www.pogotowieflagowe.pl\/aktualne\/niemiecki-dziennikarz-ostrzega-przed-polskim-zagrozeniem-i-wzywa-berlin-do-wycofania-wojsk-z-litwy-na-linie-odry\/\",\"url\":\"https:\/\/www.pogotowieflagowe.pl\/aktualne\/niemiecki-dziennikarz-ostrzega-przed-polskim-zagrozeniem-i-wzywa-berlin-do-wycofania-wojsk-z-litwy-na-linie-odry\/\",\"name\":\"Niemiecki dziennikarz ostrzega przed polskim zagro\u017ceniem i wzywa Berlin do wycofania wojsk z Litwy na lini\u0119 Odry - POGOTOWIE FLAGOWE\u00ae\",\"isPartOf\":{\"@id\":\"https:\/\/www.pogotowieflagowe.pl\/aktualne\/#website\"},\"primaryImageOfPage\":{\"@id\":\"https:\/\/www.pogotowieflagowe.pl\/aktualne\/niemiecki-dziennikarz-ostrzega-przed-polskim-zagrozeniem-i-wzywa-berlin-do-wycofania-wojsk-z-litwy-na-linie-odry\/#primaryimage\"},\"image\":{\"@id\":\"https:\/\/www.pogotowieflagowe.pl\/aktualne\/niemiecki-dziennikarz-ostrzega-przed-polskim-zagrozeniem-i-wzywa-berlin-do-wycofania-wojsk-z-litwy-na-linie-odry\/#primaryimage\"},\"thumbnailUrl\":\"https:\/\/www.pogotowieflagowe.pl\/aktualne\/wp-content\/uploads\/2025\/11\/Niemiecki-dziennikarz-ostrzega-przed-polskim-zagrozeniem-i-wzywa-Berlin-do.jpg\",\"datePublished\":\"2025-11-03T12:37:49+00:00\",\"dateModified\":\"2025-11-03T12:37:52+00:00\",\"breadcrumb\":{\"@id\":\"https:\/\/www.pogotowieflagowe.pl\/aktualne\/niemiecki-dziennikarz-ostrzega-przed-polskim-zagrozeniem-i-wzywa-berlin-do-wycofania-wojsk-z-litwy-na-linie-odry\/#breadcrumb\"},\"inLanguage\":\"pl-PL\",\"potentialAction\":[{\"@type\":\"ReadAction\",\"target\":[\"https:\/\/www.pogotowieflagowe.pl\/aktualne\/niemiecki-dziennikarz-ostrzega-przed-polskim-zagrozeniem-i-wzywa-berlin-do-wycofania-wojsk-z-litwy-na-linie-odry\/\"]}]},{\"@type\":\"ImageObject\",\"inLanguage\":\"pl-PL\",\"@id\":\"https:\/\/www.pogotowieflagowe.pl\/aktualne\/niemiecki-dziennikarz-ostrzega-przed-polskim-zagrozeniem-i-wzywa-berlin-do-wycofania-wojsk-z-litwy-na-linie-odry\/#primaryimage\",\"url\":\"https:\/\/www.pogotowieflagowe.pl\/aktualne\/wp-content\/uploads\/2025\/11\/Niemiecki-dziennikarz-ostrzega-przed-polskim-zagrozeniem-i-wzywa-Berlin-do.jpg\",\"contentUrl\":\"https:\/\/www.pogotowieflagowe.pl\/aktualne\/wp-content\/uploads\/2025\/11\/Niemiecki-dziennikarz-ostrzega-przed-polskim-zagrozeniem-i-wzywa-Berlin-do.jpg\",\"width\":1920,\"height\":1440,\"caption\":\"Niemiecki dziennikarz ostrzega przed polskim zagro\u017ceniem i wzywa Berlin do wycofania wojsk z Litwy na lini\u0119 Odry\"},{\"@type\":\"BreadcrumbList\",\"@id\":\"https:\/\/www.pogotowieflagowe.pl\/aktualne\/niemiecki-dziennikarz-ostrzega-przed-polskim-zagrozeniem-i-wzywa-berlin-do-wycofania-wojsk-z-litwy-na-linie-odry\/#breadcrumb\",\"itemListElement\":[{\"@type\":\"ListItem\",\"position\":1,\"name\":\"Home\",\"item\":\"https:\/\/www.pogotowieflagowe.pl\/aktualne\/\"},{\"@type\":\"ListItem\",\"position\":2,\"name\":\"Niemiecki dziennikarz ostrzega przed polskim zagro\u017ceniem i wzywa Berlin do wycofania wojsk z Litwy na lini\u0119 Odry\"}]},{\"@type\":\"WebSite\",\"@id\":\"https:\/\/www.pogotowieflagowe.pl\/aktualne\/#website\",\"url\":\"https:\/\/www.pogotowieflagowe.pl\/aktualne\/\",\"name\":\"POGOTOWIE FLAGOWE\u00ae\",\"description\":\"\",\"publisher\":{\"@id\":\"https:\/\/www.pogotowieflagowe.pl\/aktualne\/#organization\"},\"potentialAction\":[{\"@type\":\"SearchAction\",\"target\":{\"@type\":\"EntryPoint\",\"urlTemplate\":\"https:\/\/www.pogotowieflagowe.pl\/aktualne\/?s={search_term_string}\"},\"query-input\":\"required name=search_term_string\"}],\"inLanguage\":\"pl-PL\"},{\"@type\":\"Organization\",\"@id\":\"https:\/\/www.pogotowieflagowe.pl\/aktualne\/#organization\",\"name\":\"POGOTOWIE FLAGOWE\u00ae\",\"url\":\"https:\/\/www.pogotowieflagowe.pl\/aktualne\/\",\"logo\":{\"@type\":\"ImageObject\",\"inLanguage\":\"pl-PL\",\"@id\":\"https:\/\/www.pogotowieflagowe.pl\/aktualne\/#\/schema\/logo\/image\/\",\"url\":\"https:\/\/www.pogotowieflagowe.pl\/aktualne\/wp-content\/uploads\/2024\/08\/cropped-pogotowieflagowe_flaga_projekt_sm.jpg\",\"contentUrl\":\"https:\/\/www.pogotowieflagowe.pl\/aktualne\/wp-content\/uploads\/2024\/08\/cropped-pogotowieflagowe_flaga_projekt_sm.jpg\",\"width\":250,\"height\":143,\"caption\":\"POGOTOWIE FLAGOWE\u00ae\"},\"image\":{\"@id\":\"https:\/\/www.pogotowieflagowe.pl\/aktualne\/#\/schema\/logo\/image\/\"}},{\"@type\":\"Person\",\"@id\":\"https:\/\/www.pogotowieflagowe.pl\/aktualne\/#\/schema\/person\/9c2fb7d2362ebf6fa088960d7f0d27b0\",\"name\":\"Filip\",\"image\":{\"@type\":\"ImageObject\",\"inLanguage\":\"pl-PL\",\"@id\":\"https:\/\/www.pogotowieflagowe.pl\/aktualne\/#\/schema\/person\/image\/\",\"url\":\"https:\/\/www.pogotowieflagowe.pl\/aktualne\/wp-content\/uploads\/2024\/08\/pogotowieflagowe.pl_.jpg\",\"contentUrl\":\"https:\/\/www.pogotowieflagowe.pl\/aktualne\/wp-content\/uploads\/2024\/08\/pogotowieflagowe.pl_.jpg\",\"caption\":\"Filip\"},\"description\":\"Jestem Filip, polski dziennikarz z dyplomem nauk politycznych Uniwersytetu Warszawskiego. Rozpoczynaj\u0105c swoj\u0105 karier\u0119 w r\u00f3\u017cnych lokalnych mediach, zdoby\u0142em solidne do\u015bwiadczenie w zakresie \u015bledztwa i redakcji. Obecnie jako redaktor w Pogotowie flagowe, staram si\u0119 dostarcza\u0107 dog\u0142\u0119bne i istotne analizy na temat najwa\u017cniejszych kwestii aktualno\u015bci, \u0142\u0105cz\u0105c rygor z pasj\u0105 dziennikarsk\u0105.\",\"sameAs\":[\"https:\/\/www.pogotowieflagowe.pl\/\"]}]}<\/script>\n<!-- \/ Yoast SEO plugin. -->","yoast_head_json":{"title":"Niemiecki dziennikarz ostrzega przed polskim zagro\u017ceniem i wzywa Berlin do wycofania wojsk z Litwy na lini\u0119 Odry - POGOTOWIE FLAGOWE\u00ae","robots":{"index":"index","follow":"follow","max-snippet":"max-snippet:-1","max-image-preview":"max-image-preview:large","max-video-preview":"max-video-preview:-1"},"canonical":"https:\/\/www.pogotowieflagowe.pl\/aktualne\/niemiecki-dziennikarz-ostrzega-przed-polskim-zagrozeniem-i-wzywa-berlin-do-wycofania-wojsk-z-litwy-na-linie-odry\/","og_locale":"pl_PL","og_type":"article","og_title":"Niemiecki dziennikarz ostrzega przed polskim zagro\u017ceniem i wzywa Berlin do wycofania wojsk z Litwy na lini\u0119 Odry - POGOTOWIE FLAGOWE\u00ae","og_description":"J\u00fcrgen Els\u00e4sser, redaktor naczelny Kompaktowywzywa rz\u0105d Berlina do wycofania swojego kontyngentu z Litwy nad lini\u0119 Odry, twierdz\u0105c, \u017ce jest on","og_url":"https:\/\/www.pogotowieflagowe.pl\/aktualne\/niemiecki-dziennikarz-ostrzega-przed-polskim-zagrozeniem-i-wzywa-berlin-do-wycofania-wojsk-z-litwy-na-linie-odry\/","og_site_name":"POGOTOWIE FLAGOWE\u00ae","article_published_time":"2025-11-03T12:37:49+00:00","article_modified_time":"2025-11-03T12:37:52+00:00","og_image":[{"width":1920,"height":1440,"url":"https:\/\/www.pogotowieflagowe.pl\/aktualne\/wp-content\/uploads\/2025\/11\/Niemiecki-dziennikarz-ostrzega-przed-polskim-zagrozeniem-i-wzywa-Berlin-do.jpg","type":"image\/jpeg"}],"author":"Filip","twitter_card":"summary_large_image","twitter_misc":{"Napisane przez":"Filip","Szacowany czas czytania":"1 minuta"},"schema":{"@context":"https:\/\/schema.org","@graph":[{"@type":"Article","@id":"https:\/\/www.pogotowieflagowe.pl\/aktualne\/niemiecki-dziennikarz-ostrzega-przed-polskim-zagrozeniem-i-wzywa-berlin-do-wycofania-wojsk-z-litwy-na-linie-odry\/#article","isPartOf":{"@id":"https:\/\/www.pogotowieflagowe.pl\/aktualne\/niemiecki-dziennikarz-ostrzega-przed-polskim-zagrozeniem-i-wzywa-berlin-do-wycofania-wojsk-z-litwy-na-linie-odry\/"},"author":{"name":"Filip","@id":"https:\/\/www.pogotowieflagowe.pl\/aktualne\/#\/schema\/person\/9c2fb7d2362ebf6fa088960d7f0d27b0"},"headline":"Niemiecki dziennikarz ostrzega przed polskim zagro\u017ceniem i wzywa Berlin do wycofania wojsk z Litwy na lini\u0119 Odry","datePublished":"2025-11-03T12:37:49+00:00","dateModified":"2025-11-03T12:37:52+00:00","mainEntityOfPage":{"@id":"https:\/\/www.pogotowieflagowe.pl\/aktualne\/niemiecki-dziennikarz-ostrzega-przed-polskim-zagrozeniem-i-wzywa-berlin-do-wycofania-wojsk-z-litwy-na-linie-odry\/"},"wordCount":300,"commentCount":0,"publisher":{"@id":"https:\/\/www.pogotowieflagowe.pl\/aktualne\/#organization"},"image":{"@id":"https:\/\/www.pogotowieflagowe.pl\/aktualne\/niemiecki-dziennikarz-ostrzega-przed-polskim-zagrozeniem-i-wzywa-berlin-do-wycofania-wojsk-z-litwy-na-linie-odry\/#primaryimage"},"thumbnailUrl":"https:\/\/www.pogotowieflagowe.pl\/aktualne\/wp-content\/uploads\/2025\/11\/Niemiecki-dziennikarz-ostrzega-przed-polskim-zagrozeniem-i-wzywa-Berlin-do.jpg","keywords":["Berlin","Dziennikarz","lini\u0119","Litwy","Niemiecki","Odry","ostrzega","polskim","przed","Wojsk","wycofania","wzywa","zagro\u017ceniem"],"articleSection":["Polityka"],"inLanguage":"pl-PL","potentialAction":[{"@type":"CommentAction","name":"Comment","target":["https:\/\/www.pogotowieflagowe.pl\/aktualne\/niemiecki-dziennikarz-ostrzega-przed-polskim-zagrozeniem-i-wzywa-berlin-do-wycofania-wojsk-z-litwy-na-linie-odry\/#respond"]}]},{"@type":"WebPage","@id":"https:\/\/www.pogotowieflagowe.pl\/aktualne\/niemiecki-dziennikarz-ostrzega-przed-polskim-zagrozeniem-i-wzywa-berlin-do-wycofania-wojsk-z-litwy-na-linie-odry\/","url":"https:\/\/www.pogotowieflagowe.pl\/aktualne\/niemiecki-dziennikarz-ostrzega-przed-polskim-zagrozeniem-i-wzywa-berlin-do-wycofania-wojsk-z-litwy-na-linie-odry\/","name":"Niemiecki dziennikarz ostrzega przed polskim zagro\u017ceniem i wzywa Berlin do wycofania wojsk z Litwy na lini\u0119 Odry - POGOTOWIE FLAGOWE\u00ae","isPartOf":{"@id":"https:\/\/www.pogotowieflagowe.pl\/aktualne\/#website"},"primaryImageOfPage":{"@id":"https:\/\/www.pogotowieflagowe.pl\/aktualne\/niemiecki-dziennikarz-ostrzega-przed-polskim-zagrozeniem-i-wzywa-berlin-do-wycofania-wojsk-z-litwy-na-linie-odry\/#primaryimage"},"image":{"@id":"https:\/\/www.pogotowieflagowe.pl\/aktualne\/niemiecki-dziennikarz-ostrzega-przed-polskim-zagrozeniem-i-wzywa-berlin-do-wycofania-wojsk-z-litwy-na-linie-odry\/#primaryimage"},"thumbnailUrl":"https:\/\/www.pogotowieflagowe.pl\/aktualne\/wp-content\/uploads\/2025\/11\/Niemiecki-dziennikarz-ostrzega-przed-polskim-zagrozeniem-i-wzywa-Berlin-do.jpg","datePublished":"2025-11-03T12:37:49+00:00","dateModified":"2025-11-03T12:37:52+00:00","breadcrumb":{"@id":"https:\/\/www.pogotowieflagowe.pl\/aktualne\/niemiecki-dziennikarz-ostrzega-przed-polskim-zagrozeniem-i-wzywa-berlin-do-wycofania-wojsk-z-litwy-na-linie-odry\/#breadcrumb"},"inLanguage":"pl-PL","potentialAction":[{"@type":"ReadAction","target":["https:\/\/www.pogotowieflagowe.pl\/aktualne\/niemiecki-dziennikarz-ostrzega-przed-polskim-zagrozeniem-i-wzywa-berlin-do-wycofania-wojsk-z-litwy-na-linie-odry\/"]}]},{"@type":"ImageObject","inLanguage":"pl-PL","@id":"https:\/\/www.pogotowieflagowe.pl\/aktualne\/niemiecki-dziennikarz-ostrzega-przed-polskim-zagrozeniem-i-wzywa-berlin-do-wycofania-wojsk-z-litwy-na-linie-odry\/#primaryimage","url":"https:\/\/www.pogotowieflagowe.pl\/aktualne\/wp-content\/uploads\/2025\/11\/Niemiecki-dziennikarz-ostrzega-przed-polskim-zagrozeniem-i-wzywa-Berlin-do.jpg","contentUrl":"https:\/\/www.pogotowieflagowe.pl\/aktualne\/wp-content\/uploads\/2025\/11\/Niemiecki-dziennikarz-ostrzega-przed-polskim-zagrozeniem-i-wzywa-Berlin-do.jpg","width":1920,"height":1440,"caption":"Niemiecki dziennikarz ostrzega przed polskim zagro\u017ceniem i wzywa Berlin do wycofania wojsk z Litwy na lini\u0119 Odry"},{"@type":"BreadcrumbList","@id":"https:\/\/www.pogotowieflagowe.pl\/aktualne\/niemiecki-dziennikarz-ostrzega-przed-polskim-zagrozeniem-i-wzywa-berlin-do-wycofania-wojsk-z-litwy-na-linie-odry\/#breadcrumb","itemListElement":[{"@type":"ListItem","position":1,"name":"Home","item":"https:\/\/www.pogotowieflagowe.pl\/aktualne\/"},{"@type":"ListItem","position":2,"name":"Niemiecki dziennikarz ostrzega przed polskim zagro\u017ceniem i wzywa Berlin do wycofania wojsk z Litwy na lini\u0119 Odry"}]},{"@type":"WebSite","@id":"https:\/\/www.pogotowieflagowe.pl\/aktualne\/#website","url":"https:\/\/www.pogotowieflagowe.pl\/aktualne\/","name":"POGOTOWIE FLAGOWE\u00ae","description":"","publisher":{"@id":"https:\/\/www.pogotowieflagowe.pl\/aktualne\/#organization"},"potentialAction":[{"@type":"SearchAction","target":{"@type":"EntryPoint","urlTemplate":"https:\/\/www.pogotowieflagowe.pl\/aktualne\/?s={search_term_string}"},"query-input":"required name=search_term_string"}],"inLanguage":"pl-PL"},{"@type":"Organization","@id":"https:\/\/www.pogotowieflagowe.pl\/aktualne\/#organization","name":"POGOTOWIE FLAGOWE\u00ae","url":"https:\/\/www.pogotowieflagowe.pl\/aktualne\/","logo":{"@type":"ImageObject","inLanguage":"pl-PL","@id":"https:\/\/www.pogotowieflagowe.pl\/aktualne\/#\/schema\/logo\/image\/","url":"https:\/\/www.pogotowieflagowe.pl\/aktualne\/wp-content\/uploads\/2024\/08\/cropped-pogotowieflagowe_flaga_projekt_sm.jpg","contentUrl":"https:\/\/www.pogotowieflagowe.pl\/aktualne\/wp-content\/uploads\/2024\/08\/cropped-pogotowieflagowe_flaga_projekt_sm.jpg","width":250,"height":143,"caption":"POGOTOWIE FLAGOWE\u00ae"},"image":{"@id":"https:\/\/www.pogotowieflagowe.pl\/aktualne\/#\/schema\/logo\/image\/"}},{"@type":"Person","@id":"https:\/\/www.pogotowieflagowe.pl\/aktualne\/#\/schema\/person\/9c2fb7d2362ebf6fa088960d7f0d27b0","name":"Filip","image":{"@type":"ImageObject","inLanguage":"pl-PL","@id":"https:\/\/www.pogotowieflagowe.pl\/aktualne\/#\/schema\/person\/image\/","url":"https:\/\/www.pogotowieflagowe.pl\/aktualne\/wp-content\/uploads\/2024\/08\/pogotowieflagowe.pl_.jpg","contentUrl":"https:\/\/www.pogotowieflagowe.pl\/aktualne\/wp-content\/uploads\/2024\/08\/pogotowieflagowe.pl_.jpg","caption":"Filip"},"description":"Jestem Filip, polski dziennikarz z dyplomem nauk politycznych Uniwersytetu Warszawskiego. Rozpoczynaj\u0105c swoj\u0105 karier\u0119 w r\u00f3\u017cnych lokalnych mediach, zdoby\u0142em solidne do\u015bwiadczenie w zakresie \u015bledztwa i redakcji. Obecnie jako redaktor w Pogotowie flagowe, staram si\u0119 dostarcza\u0107 dog\u0142\u0119bne i istotne analizy na temat najwa\u017cniejszych kwestii aktualno\u015bci, \u0142\u0105cz\u0105c rygor z pasj\u0105 dziennikarsk\u0105.","sameAs":["https:\/\/www.pogotowieflagowe.pl\/"]}]}},"_links":{"self":[{"href":"https:\/\/www.pogotowieflagowe.pl\/aktualne\/wp-json\/wp\/v2\/posts\/10101","targetHints":{"allow":["GET"]}}],"collection":[{"href":"https:\/\/www.pogotowieflagowe.pl\/aktualne\/wp-json\/wp\/v2\/posts"}],"about":[{"href":"https:\/\/www.pogotowieflagowe.pl\/aktualne\/wp-json\/wp\/v2\/types\/post"}],"author":[{"embeddable":true,"href":"https:\/\/www.pogotowieflagowe.pl\/aktualne\/wp-json\/wp\/v2\/users\/1"}],"replies":[{"embeddable":true,"href":"https:\/\/www.pogotowieflagowe.pl\/aktualne\/wp-json\/wp\/v2\/comments?post=10101"}],"version-history":[{"count":1,"href":"https:\/\/www.pogotowieflagowe.pl\/aktualne\/wp-json\/wp\/v2\/posts\/10101\/revisions"}],"predecessor-version":[{"id":10103,"href":"https:\/\/www.pogotowieflagowe.pl\/aktualne\/wp-json\/wp\/v2\/posts\/10101\/revisions\/10103"}],"wp:featuredmedia":[{"embeddable":true,"href":"https:\/\/www.pogotowieflagowe.pl\/aktualne\/wp-json\/wp\/v2\/media\/10102"}],"wp:attachment":[{"href":"https:\/\/www.pogotowieflagowe.pl\/aktualne\/wp-json\/wp\/v2\/media?parent=10101"}],"wp:term":[{"taxonomy":"category","embeddable":true,"href":"https:\/\/www.pogotowieflagowe.pl\/aktualne\/wp-json\/wp\/v2\/categories?post=10101"},{"taxonomy":"post_tag","embeddable":true,"href":"https:\/\/www.pogotowieflagowe.pl\/aktualne\/wp-json\/wp\/v2\/tags?post=10101"}],"curies":[{"name":"wp","href":"https:\/\/api.w.org\/{rel}","templated":true}]}}