{"id":10113,"date":"2025-11-03T17:35:50","date_gmt":"2025-11-03T16:35:50","guid":{"rendered":"https:\/\/www.pogotowieflagowe.pl\/aktualne\/koniec-dostosowan-do-emerytur-glodowych-prezydent-proponuje-projekt-ustawy-o-godnej-emeryturze\/"},"modified":"2025-11-03T17:35:53","modified_gmt":"2025-11-03T16:35:53","slug":"koniec-dostosowan-do-emerytur-glodowych-prezydent-proponuje-projekt-ustawy-o-godnej-emeryturze","status":"publish","type":"post","link":"https:\/\/www.pogotowieflagowe.pl\/aktualne\/koniec-dostosowan-do-emerytur-glodowych-prezydent-proponuje-projekt-ustawy-o-godnej-emeryturze\/","title":{"rendered":"Koniec dostosowa\u0144 do emerytur g\u0142odowych. Prezydent proponuje projekt ustawy o \u201egodnej emeryturze\u201d."},"content":{"rendered":"\n<div class=\"td_block_wrap tdb_single_content tdi_41 td-pb-border-top td_block_template_8 td-post-content tagdiv-type\" data-td-block-uid=\"tdi_41\">\n<style>.tdi_41{margines-top:0px!important;margin-bottom:0px!important;dope\u0142nienie-g\u00f3ra:0px!important;dope\u0142nienie-d\u00f3\u0142:0px!important}<\/style>\n<style>.tdb_single_content{margin-bottom:0;*zoom:1}.tdb_single_content:before,.tdb_single_content:after{display:table;content:'';line-height:0}.tdb_single_content:after{clear:both}.tdb_single_content .tdb-block-inner>*:not(.wp-block-quote):not(.alignwide):not(.alignfull.wp-block-cover.has-parallax):not(.td-a-ad){margin-left:auto;margin-right:auto}.tdb_single_content a{pointer-events:auto}.tdb_single_content .td-spot-id-top_ad .tdc-placeholder-title:before{content:'Najlepsza reklama artyku\u0142u'!important}.tdb_single_content .td-spot-id-inline_ad0 .tdc-placeholder-title:before{content:'Reklama wbudowana artyku\u0142u 1'!important}.tdb_single_content .td-spot-id-inline_ad1 .tdc-placeholder-title:before{content:'Wbudowana reklama w artykule 2'!important}.tdb_single_content .td-spot-id-inline_ad2 .tdc-placeholder-title:before{content:'Wbudowana reklama w artykule 3'!important}.tdb_single_content .td-spot-id-bottom_ad .tdc-placeholder-title:before{content:'Article Bottom Ad'!important}.tdb_single_content .id_top_ad,.tdb_single_content .id_bottom_ad{clear:both;margin-bottom:21px;text-align:center}.tdb_single_content .id_top_ad img,.tdb_single_content .id_bottom_ad img{margin-bottom:0}.tdb_single_content .id_top_ad .adsbygoogle,.tdb_single_content .id_bottom_ad .adsbygoogle{position:relative}.tdb_single_content .id_ad_content-horiz-left,.tdb_single_content .id_ad_content-horiz-right,.tdb_single_content .id_ad_content-horiz-center{margin-bottom:15px}.tdb_single_content .id_ad_content-horiz-left img,.tdb_single_content .id_ad_content-horiz-right img,.tdb_single_content .id_ad_content-horiz-center img{margin-bottom:0}.tdb_single_content .id_ad_content-horiz-center{text-align:center}.tdb_single_content .id_ad_content-horiz-center img{margin-right:auto;margin-left:auto}.tdb_single_content .id_ad_content-horiz-left{float:left;margin-top:9px;margin-right:21px}.tdb_single_content .id_ad_content-horiz-right{float:right;margin-top:6px;margin-left:21px}.tdb_single_content .tdc-a-ad .tdc-placeholder-title{width:300px;height:250px}.tdb_single_content .tdc-a-ad .tdc-placeholder-title:before{position:absolute;top:50%;-webkit-transform:translateY(-50%);transform:translateY(-50%);margin:auto;display:table;width:100%}.tdb_single_content .tdb-block-inner.td-fix-index{word-break:break-word}.tdi_41,.tdi_41>p,.tdi_41 .tdb-block-inner>p,.wp-block-column>p{font-size:16px!important;line-height:1.6!important}.tdi_41 .tdb-block-inner blockquote p{font-style:normal!important}@media (max-width:767px){.tdb_single_content .id_ad_content-horiz-left,.tdb_single_content .id_ad_content-horiz-right,.tdb_single_content .id_ad_content-horiz-center{margin:0 auto 26 pikseli auto}}@media (max-width:767px){.tdb_single_content .id_ad_content-horiz-left{margin-right:0}}@media (max-width:767px){.tdb_single_content .id_ad_content-horiz-right{margin-left:0}}@media (max-width:767px){.tdb_single_content .td-a-ad{float:none;text-align:center}.tdb_single_content .td-a-ad img{margin-right:auto;margin-left:auto}.tdb_single_content .tdc-a-ad{float:none}}<\/style>\n<div class=\"tdb-block-inner td-fix-index\">\n<p>Prezydent Karol Nawrocki podpisa\u0142 ustaw\u0119 o \u201egodnej emeryturze\u201d. Wprowadza zmiany w systemie waloryzacji emerytur, zapewniaj\u0105c, \u017ce najni\u017csze emerytury wzrosn\u0105 o co najmniej 150 z\u0142. <strong>\u201ePa\u0144stwo polskie nie mo\u017ce porzuci\u0107 takich jak Ty\u201d<\/strong> \u2013 powiedzia\u0142 seniorom podczas spotkania w Sochaczewie.<\/p>\n<h2 class=\"wp-block-heading\"><strong>Propozycja \u201egodnej emerytury\u201d prezydenta Nawrockiego<\/strong><\/h2>\n<p>Podczas kampanii wyborczej prezydent og\u0142osi\u0142 plan dot <strong>\u201esprawiedliwa indeksacja emerytur\u201d<\/strong> \u2013 tak, aby najni\u017csze \u015bwiadczenia wzros\u0142y o co najmniej 150 z\u0142. W poniedzia\u0142ek w Sochaczewie Nawrocki podpisa\u0142 tzw <em>Godna emerytura<\/em> projekt ustawy, kt\u00f3ry zostanie teraz z\u0142o\u017cony do <em>Sejm<\/em> (ni\u017csza izba parlamentu). <strong>&#8222;Pa\u0144stwo polskie nie mo\u017ce porzuci\u0107 takich ludzi jak Pan. Lata 2011-2014 przywo\u0142uj\u0119 nie po to, \u017ceby krytykowa\u0107 rz\u0105d czy premiera, ale dlatego, \u017ce jako Prezydent RP nie mog\u0119 zapomnie\u0107, \u017ce kiedy\u015b polskim seniorom oferowano indeksacje w wysoko\u015bci 3, 13, czy nieco ponad 20 z\u0142. Jako Prezydent RP nigdy nie mog\u0119 si\u0119 na to zgodzi\u0107. Nie wybrali\u015bcie mnie na prezydenta, \u017cebym nie by\u0142 g\u0142osem senior\u00f3w.&#8221;<\/strong> powiedzia\u0142.<\/p>\n<p>Przypomnia\u0142 tak\u017ce o obietnicach partii Donalda Tuska z\u0142o\u017conych seniorom.<\/p>\n<figure class=\"wp-block-pullquote\">\n<blockquote>\n<p><strong>&#8222;Pami\u0119tam, \u017ce w pa\u017adzierniku 2023 roku w\u015br\u00f3d 100 konkretnych obietnic, kt\u00f3re wynios\u0142y obecny rz\u0105d do w\u0142adzy, by\u0142a gwarancja waloryzacji emerytur dwa razy w roku. Dzi\u015b ta obietnica nadal widnieje na li\u015bcie 100 obietnic, ale nie zosta\u0142a zrealizowana. Chc\u0119 powiedzie\u0107 rz\u0105dowi, \u017ce jako Prezydent RP podpisa\u0142bym tak\u0105 indeksacj\u0119&#8221;<\/strong> \u2013 podkre\u015bli\u0142.<\/p>\n<\/blockquote>\n<\/figure>\n<p>Doda\u0142 to <strong>\u201enie zamierza czeka\u0107\u201d.<\/strong><\/p>\n<figure class=\"wp-block-pullquote\">\n<blockquote>\n<p><strong>\u201eCelem <em>Godna emerytura<\/em> projekt ustawy ma sprawi\u0107, \u017ce Prezydent RP rzeczywi\u015bcie b\u0119dzie g\u0142osem emeryt\u00f3w. W tym projekcie ustawy proponuj\u0119 mieszane podej\u015bcie do indeksacji emerytur \u2013 zar\u00f3wno procentowe, jak i kwotowe. Gwarantowana jest minimalna podwy\u017cka w wysoko\u015bci 150 z\u0142 dla tych, kt\u00f3rych procentowa podwy\u017cka nie osi\u0105gn\u0119\u0142aby tej kwoty.\u201d<\/strong> powiedzia\u0142 prezydent.<\/p>\n<\/blockquote>\n<\/figure>\n<p>\u015awiadczenia emerytalne i rentowe wyp\u0142acane przez <em>Zak\u0142ad Ubezpiecze\u0144 Spo\u0142ecznych<\/em> (<em>ZUS<\/em>) s\u0105 indeksowane corocznie. Wed\u0142ug <em>Ustawa o emeryturach i rentach z Funduszu Ubezpiecze\u0144 Spo\u0142ecznych<\/em> (<em>FUS<\/em>), indeksacja opiera si\u0119 na \u015bredniorocznym wska\u017aniku cen towar\u00f3w i us\u0142ug konsumenckich w gospodarstwach domowych emeryt\u00f3w i rencist\u00f3w, kt\u00f3ry w 2024 r. wyni\u00f3s\u0142 103,6 proc., oraz realnym wzro\u015bcie przeci\u0119tnego wynagrodzenia, kt\u00f3ry si\u0119gn\u0105\u0142 9,5 proc.<\/p>\n<p>Obecnie minimalna emerytura w Polsce wynosi 1878,91 z\u0142 brutto.<\/p>\n<figure class=\"wp-block-embed is-type-rich is-provider-twitter wp-block-embed-twitter\">\n<div class=\"wp-block-embed__wrapper\">\n<blockquote class=\"twitter-tweet\" data-width=\"550\" data-dnt=\"true\">\n<p lang=\"pl\" dir=\"ltr\">Godna emerytura \u2013 Karol Nawrocki nast\u0119pstwe!<\/p>\n<p>Prezydent podpisuje i przekazuje do sejmu projekt ustawy, kt\u00f3ry ko\u0144czy si\u0119 z g\u0142odowymi waloryzacjami.<\/p>\n<p>\ud83d\udcc8 Najni\u017csze korzystanie z us\u0142ug o minimum 150 z\u0142 miesi\u0119cznie!<\/p>\n<p>Dla inteligentnych do testowania. Seniorzy ju\u017c u\u017cywali i oby projekt,\u2026 <a rel=\"nofollow\" href=\"https:\/\/t.co\/dln8TMXWox\">pic.twitter.com\/dln8TMXWox<\/a><\/p>\n<p>\u2014 Maciej W\u0105sik \ud83c\uddf5\ud83c\uddf1 (@WasikMaciej) <a rel=\"nofollow\" href=\"https:\/\/twitter.com\/WasikMaciej\/status\/1985323271500280298?ref_src=twsrc%5Etfw\">3 listopada 2025 r<\/a><\/p><\/blockquote>\n<\/div>\n<\/figure>\n<\/div>\n<\/div>\n<p><script async src=\"https:\/\/platform.twitter.com\/widgets.js\" charset=\"utf-8\"><\/script><\/p>\n","protected":false},"excerpt":{"rendered":"<p>Prezydent Karol Nawrocki podpisa\u0142 ustaw\u0119 o \u201egodnej emeryturze\u201d. Wprowadza zmiany w systemie waloryzacji emerytur, zapewniaj\u0105c, \u017ce najni\u017csze emerytury wzrosn\u0105 o<\/p>\n","protected":false},"author":1,"featured_media":10114,"comment_status":"open","ping_status":"open","sticky":false,"template":"","format":"standard","meta":{"footnotes":""},"categories":[4748],"tags":[11615,5848,11618,11616,11617,1723,341,2249,3920,7025],"class_list":["post-10113","post","type-post","status-publish","format-standard","has-post-thumbnail","hentry","category-aktualne","tag-dostosowan","tag-emerytur","tag-emeryturze","tag-glodowych","tag-godnej","tag-koniec","tag-prezydent","tag-projekt","tag-proponuje","tag-ustawy","generate-columns","tablet-grid-50","mobile-grid-100","grid-parent","grid-50","resize-featured-image"],"yoast_head":"<!-- This site is optimized with the Yoast SEO plugin v23.2 - https:\/\/yoast.com\/wordpress\/plugins\/seo\/ -->\n<title>Koniec dostosowa\u0144 do emerytur g\u0142odowych. Prezydent proponuje projekt ustawy o \u201egodnej emeryturze\u201d. - POGOTOWIE FLAGOWE\u00ae<\/title>\n<meta name=\"robots\" content=\"index, follow, max-snippet:-1, max-image-preview:large, max-video-preview:-1\" \/>\n<link rel=\"canonical\" href=\"https:\/\/www.pogotowieflagowe.pl\/aktualne\/koniec-dostosowan-do-emerytur-glodowych-prezydent-proponuje-projekt-ustawy-o-godnej-emeryturze\/\" \/>\n<meta property=\"og:locale\" content=\"pl_PL\" \/>\n<meta property=\"og:type\" content=\"article\" \/>\n<meta property=\"og:title\" content=\"Koniec dostosowa\u0144 do emerytur g\u0142odowych. Prezydent proponuje projekt ustawy o \u201egodnej emeryturze\u201d. - POGOTOWIE FLAGOWE\u00ae\" \/>\n<meta property=\"og:description\" content=\"Prezydent Karol Nawrocki podpisa\u0142 ustaw\u0119 o \u201egodnej emeryturze\u201d. Wprowadza zmiany w systemie waloryzacji emerytur, zapewniaj\u0105c, \u017ce najni\u017csze emerytury wzrosn\u0105 o\" \/>\n<meta property=\"og:url\" content=\"https:\/\/www.pogotowieflagowe.pl\/aktualne\/koniec-dostosowan-do-emerytur-glodowych-prezydent-proponuje-projekt-ustawy-o-godnej-emeryturze\/\" \/>\n<meta property=\"og:site_name\" content=\"POGOTOWIE FLAGOWE\u00ae\" \/>\n<meta property=\"article:published_time\" content=\"2025-11-03T16:35:50+00:00\" \/>\n<meta property=\"article:modified_time\" content=\"2025-11-03T16:35:53+00:00\" \/>\n<meta property=\"og:image\" content=\"https:\/\/www.pogotowieflagowe.pl\/aktualne\/wp-content\/uploads\/2025\/11\/Koniec-dostosowan-do-emerytur-glodowych-Prezydent-proponuje-projekt-ustawy-o.jpg\" \/>\n\t<meta property=\"og:image:width\" content=\"1537\" \/>\n\t<meta property=\"og:image:height\" content=\"1024\" \/>\n\t<meta property=\"og:image:type\" content=\"image\/jpeg\" \/>\n<meta name=\"author\" content=\"Filip\" \/>\n<meta name=\"twitter:card\" content=\"summary_large_image\" \/>\n<meta name=\"twitter:label1\" content=\"Napisane przez\" \/>\n\t<meta name=\"twitter:data1\" content=\"Filip\" \/>\n\t<meta name=\"twitter:label2\" content=\"Szacowany czas czytania\" \/>\n\t<meta name=\"twitter:data2\" content=\"2 minuty\" \/>\n<script type=\"application\/ld+json\" class=\"yoast-schema-graph\">{\"@context\":\"https:\/\/schema.org\",\"@graph\":[{\"@type\":\"Article\",\"@id\":\"https:\/\/www.pogotowieflagowe.pl\/aktualne\/koniec-dostosowan-do-emerytur-glodowych-prezydent-proponuje-projekt-ustawy-o-godnej-emeryturze\/#article\",\"isPartOf\":{\"@id\":\"https:\/\/www.pogotowieflagowe.pl\/aktualne\/koniec-dostosowan-do-emerytur-glodowych-prezydent-proponuje-projekt-ustawy-o-godnej-emeryturze\/\"},\"author\":{\"name\":\"Filip\",\"@id\":\"https:\/\/www.pogotowieflagowe.pl\/aktualne\/#\/schema\/person\/9c2fb7d2362ebf6fa088960d7f0d27b0\"},\"headline\":\"Koniec dostosowa\u0144 do emerytur g\u0142odowych. Prezydent proponuje projekt ustawy o \u201egodnej emeryturze\u201d.\",\"datePublished\":\"2025-11-03T16:35:50+00:00\",\"dateModified\":\"2025-11-03T16:35:53+00:00\",\"mainEntityOfPage\":{\"@id\":\"https:\/\/www.pogotowieflagowe.pl\/aktualne\/koniec-dostosowan-do-emerytur-glodowych-prezydent-proponuje-projekt-ustawy-o-godnej-emeryturze\/\"},\"wordCount\":445,\"commentCount\":0,\"publisher\":{\"@id\":\"https:\/\/www.pogotowieflagowe.pl\/aktualne\/#organization\"},\"image\":{\"@id\":\"https:\/\/www.pogotowieflagowe.pl\/aktualne\/koniec-dostosowan-do-emerytur-glodowych-prezydent-proponuje-projekt-ustawy-o-godnej-emeryturze\/#primaryimage\"},\"thumbnailUrl\":\"https:\/\/www.pogotowieflagowe.pl\/aktualne\/wp-content\/uploads\/2025\/11\/Koniec-dostosowan-do-emerytur-glodowych-Prezydent-proponuje-projekt-ustawy-o.jpg\",\"keywords\":[\"dostosowa\u0144\",\"emerytur\",\"emeryturze\",\"g\u0142odowych\",\"godnej\",\"koniec\",\"Prezydent\",\"Projekt\",\"proponuje\",\"ustawy\"],\"articleSection\":[\"Aktualne\"],\"inLanguage\":\"pl-PL\",\"potentialAction\":[{\"@type\":\"CommentAction\",\"name\":\"Comment\",\"target\":[\"https:\/\/www.pogotowieflagowe.pl\/aktualne\/koniec-dostosowan-do-emerytur-glodowych-prezydent-proponuje-projekt-ustawy-o-godnej-emeryturze\/#respond\"]}]},{\"@type\":\"WebPage\",\"@id\":\"https:\/\/www.pogotowieflagowe.pl\/aktualne\/koniec-dostosowan-do-emerytur-glodowych-prezydent-proponuje-projekt-ustawy-o-godnej-emeryturze\/\",\"url\":\"https:\/\/www.pogotowieflagowe.pl\/aktualne\/koniec-dostosowan-do-emerytur-glodowych-prezydent-proponuje-projekt-ustawy-o-godnej-emeryturze\/\",\"name\":\"Koniec dostosowa\u0144 do emerytur g\u0142odowych. Prezydent proponuje projekt ustawy o \u201egodnej emeryturze\u201d. - POGOTOWIE FLAGOWE\u00ae\",\"isPartOf\":{\"@id\":\"https:\/\/www.pogotowieflagowe.pl\/aktualne\/#website\"},\"primaryImageOfPage\":{\"@id\":\"https:\/\/www.pogotowieflagowe.pl\/aktualne\/koniec-dostosowan-do-emerytur-glodowych-prezydent-proponuje-projekt-ustawy-o-godnej-emeryturze\/#primaryimage\"},\"image\":{\"@id\":\"https:\/\/www.pogotowieflagowe.pl\/aktualne\/koniec-dostosowan-do-emerytur-glodowych-prezydent-proponuje-projekt-ustawy-o-godnej-emeryturze\/#primaryimage\"},\"thumbnailUrl\":\"https:\/\/www.pogotowieflagowe.pl\/aktualne\/wp-content\/uploads\/2025\/11\/Koniec-dostosowan-do-emerytur-glodowych-Prezydent-proponuje-projekt-ustawy-o.jpg\",\"datePublished\":\"2025-11-03T16:35:50+00:00\",\"dateModified\":\"2025-11-03T16:35:53+00:00\",\"breadcrumb\":{\"@id\":\"https:\/\/www.pogotowieflagowe.pl\/aktualne\/koniec-dostosowan-do-emerytur-glodowych-prezydent-proponuje-projekt-ustawy-o-godnej-emeryturze\/#breadcrumb\"},\"inLanguage\":\"pl-PL\",\"potentialAction\":[{\"@type\":\"ReadAction\",\"target\":[\"https:\/\/www.pogotowieflagowe.pl\/aktualne\/koniec-dostosowan-do-emerytur-glodowych-prezydent-proponuje-projekt-ustawy-o-godnej-emeryturze\/\"]}]},{\"@type\":\"ImageObject\",\"inLanguage\":\"pl-PL\",\"@id\":\"https:\/\/www.pogotowieflagowe.pl\/aktualne\/koniec-dostosowan-do-emerytur-glodowych-prezydent-proponuje-projekt-ustawy-o-godnej-emeryturze\/#primaryimage\",\"url\":\"https:\/\/www.pogotowieflagowe.pl\/aktualne\/wp-content\/uploads\/2025\/11\/Koniec-dostosowan-do-emerytur-glodowych-Prezydent-proponuje-projekt-ustawy-o.jpg\",\"contentUrl\":\"https:\/\/www.pogotowieflagowe.pl\/aktualne\/wp-content\/uploads\/2025\/11\/Koniec-dostosowan-do-emerytur-glodowych-Prezydent-proponuje-projekt-ustawy-o.jpg\",\"width\":1537,\"height\":1024,\"caption\":\"Koniec dostosowa\u0144 do emerytur g\u0142odowych. Prezydent proponuje projekt ustawy o \u201egodnej emeryturze\u201d.\"},{\"@type\":\"BreadcrumbList\",\"@id\":\"https:\/\/www.pogotowieflagowe.pl\/aktualne\/koniec-dostosowan-do-emerytur-glodowych-prezydent-proponuje-projekt-ustawy-o-godnej-emeryturze\/#breadcrumb\",\"itemListElement\":[{\"@type\":\"ListItem\",\"position\":1,\"name\":\"Home\",\"item\":\"https:\/\/www.pogotowieflagowe.pl\/aktualne\/\"},{\"@type\":\"ListItem\",\"position\":2,\"name\":\"Koniec dostosowa\u0144 do emerytur g\u0142odowych. Prezydent proponuje projekt ustawy o \u201egodnej emeryturze\u201d.\"}]},{\"@type\":\"WebSite\",\"@id\":\"https:\/\/www.pogotowieflagowe.pl\/aktualne\/#website\",\"url\":\"https:\/\/www.pogotowieflagowe.pl\/aktualne\/\",\"name\":\"POGOTOWIE FLAGOWE\u00ae\",\"description\":\"\",\"publisher\":{\"@id\":\"https:\/\/www.pogotowieflagowe.pl\/aktualne\/#organization\"},\"potentialAction\":[{\"@type\":\"SearchAction\",\"target\":{\"@type\":\"EntryPoint\",\"urlTemplate\":\"https:\/\/www.pogotowieflagowe.pl\/aktualne\/?s={search_term_string}\"},\"query-input\":\"required name=search_term_string\"}],\"inLanguage\":\"pl-PL\"},{\"@type\":\"Organization\",\"@id\":\"https:\/\/www.pogotowieflagowe.pl\/aktualne\/#organization\",\"name\":\"POGOTOWIE FLAGOWE\u00ae\",\"url\":\"https:\/\/www.pogotowieflagowe.pl\/aktualne\/\",\"logo\":{\"@type\":\"ImageObject\",\"inLanguage\":\"pl-PL\",\"@id\":\"https:\/\/www.pogotowieflagowe.pl\/aktualne\/#\/schema\/logo\/image\/\",\"url\":\"https:\/\/www.pogotowieflagowe.pl\/aktualne\/wp-content\/uploads\/2024\/08\/cropped-pogotowieflagowe_flaga_projekt_sm.jpg\",\"contentUrl\":\"https:\/\/www.pogotowieflagowe.pl\/aktualne\/wp-content\/uploads\/2024\/08\/cropped-pogotowieflagowe_flaga_projekt_sm.jpg\",\"width\":250,\"height\":143,\"caption\":\"POGOTOWIE FLAGOWE\u00ae\"},\"image\":{\"@id\":\"https:\/\/www.pogotowieflagowe.pl\/aktualne\/#\/schema\/logo\/image\/\"}},{\"@type\":\"Person\",\"@id\":\"https:\/\/www.pogotowieflagowe.pl\/aktualne\/#\/schema\/person\/9c2fb7d2362ebf6fa088960d7f0d27b0\",\"name\":\"Filip\",\"image\":{\"@type\":\"ImageObject\",\"inLanguage\":\"pl-PL\",\"@id\":\"https:\/\/www.pogotowieflagowe.pl\/aktualne\/#\/schema\/person\/image\/\",\"url\":\"https:\/\/www.pogotowieflagowe.pl\/aktualne\/wp-content\/uploads\/2024\/08\/pogotowieflagowe.pl_.jpg\",\"contentUrl\":\"https:\/\/www.pogotowieflagowe.pl\/aktualne\/wp-content\/uploads\/2024\/08\/pogotowieflagowe.pl_.jpg\",\"caption\":\"Filip\"},\"description\":\"Jestem Filip, polski dziennikarz z dyplomem nauk politycznych Uniwersytetu Warszawskiego. Rozpoczynaj\u0105c swoj\u0105 karier\u0119 w r\u00f3\u017cnych lokalnych mediach, zdoby\u0142em solidne do\u015bwiadczenie w zakresie \u015bledztwa i redakcji. Obecnie jako redaktor w Pogotowie flagowe, staram si\u0119 dostarcza\u0107 dog\u0142\u0119bne i istotne analizy na temat najwa\u017cniejszych kwestii aktualno\u015bci, \u0142\u0105cz\u0105c rygor z pasj\u0105 dziennikarsk\u0105.\",\"sameAs\":[\"https:\/\/www.pogotowieflagowe.pl\/\"]}]}<\/script>\n<!-- \/ Yoast SEO plugin. -->","yoast_head_json":{"title":"Koniec dostosowa\u0144 do emerytur g\u0142odowych. Prezydent proponuje projekt ustawy o \u201egodnej emeryturze\u201d. - POGOTOWIE FLAGOWE\u00ae","robots":{"index":"index","follow":"follow","max-snippet":"max-snippet:-1","max-image-preview":"max-image-preview:large","max-video-preview":"max-video-preview:-1"},"canonical":"https:\/\/www.pogotowieflagowe.pl\/aktualne\/koniec-dostosowan-do-emerytur-glodowych-prezydent-proponuje-projekt-ustawy-o-godnej-emeryturze\/","og_locale":"pl_PL","og_type":"article","og_title":"Koniec dostosowa\u0144 do emerytur g\u0142odowych. Prezydent proponuje projekt ustawy o \u201egodnej emeryturze\u201d. - POGOTOWIE FLAGOWE\u00ae","og_description":"Prezydent Karol Nawrocki podpisa\u0142 ustaw\u0119 o \u201egodnej emeryturze\u201d. Wprowadza zmiany w systemie waloryzacji emerytur, zapewniaj\u0105c, \u017ce najni\u017csze emerytury wzrosn\u0105 o","og_url":"https:\/\/www.pogotowieflagowe.pl\/aktualne\/koniec-dostosowan-do-emerytur-glodowych-prezydent-proponuje-projekt-ustawy-o-godnej-emeryturze\/","og_site_name":"POGOTOWIE FLAGOWE\u00ae","article_published_time":"2025-11-03T16:35:50+00:00","article_modified_time":"2025-11-03T16:35:53+00:00","og_image":[{"width":1537,"height":1024,"url":"https:\/\/www.pogotowieflagowe.pl\/aktualne\/wp-content\/uploads\/2025\/11\/Koniec-dostosowan-do-emerytur-glodowych-Prezydent-proponuje-projekt-ustawy-o.jpg","type":"image\/jpeg"}],"author":"Filip","twitter_card":"summary_large_image","twitter_misc":{"Napisane przez":"Filip","Szacowany czas czytania":"2 minuty"},"schema":{"@context":"https:\/\/schema.org","@graph":[{"@type":"Article","@id":"https:\/\/www.pogotowieflagowe.pl\/aktualne\/koniec-dostosowan-do-emerytur-glodowych-prezydent-proponuje-projekt-ustawy-o-godnej-emeryturze\/#article","isPartOf":{"@id":"https:\/\/www.pogotowieflagowe.pl\/aktualne\/koniec-dostosowan-do-emerytur-glodowych-prezydent-proponuje-projekt-ustawy-o-godnej-emeryturze\/"},"author":{"name":"Filip","@id":"https:\/\/www.pogotowieflagowe.pl\/aktualne\/#\/schema\/person\/9c2fb7d2362ebf6fa088960d7f0d27b0"},"headline":"Koniec dostosowa\u0144 do emerytur g\u0142odowych. Prezydent proponuje projekt ustawy o \u201egodnej emeryturze\u201d.","datePublished":"2025-11-03T16:35:50+00:00","dateModified":"2025-11-03T16:35:53+00:00","mainEntityOfPage":{"@id":"https:\/\/www.pogotowieflagowe.pl\/aktualne\/koniec-dostosowan-do-emerytur-glodowych-prezydent-proponuje-projekt-ustawy-o-godnej-emeryturze\/"},"wordCount":445,"commentCount":0,"publisher":{"@id":"https:\/\/www.pogotowieflagowe.pl\/aktualne\/#organization"},"image":{"@id":"https:\/\/www.pogotowieflagowe.pl\/aktualne\/koniec-dostosowan-do-emerytur-glodowych-prezydent-proponuje-projekt-ustawy-o-godnej-emeryturze\/#primaryimage"},"thumbnailUrl":"https:\/\/www.pogotowieflagowe.pl\/aktualne\/wp-content\/uploads\/2025\/11\/Koniec-dostosowan-do-emerytur-glodowych-Prezydent-proponuje-projekt-ustawy-o.jpg","keywords":["dostosowa\u0144","emerytur","emeryturze","g\u0142odowych","godnej","koniec","Prezydent","Projekt","proponuje","ustawy"],"articleSection":["Aktualne"],"inLanguage":"pl-PL","potentialAction":[{"@type":"CommentAction","name":"Comment","target":["https:\/\/www.pogotowieflagowe.pl\/aktualne\/koniec-dostosowan-do-emerytur-glodowych-prezydent-proponuje-projekt-ustawy-o-godnej-emeryturze\/#respond"]}]},{"@type":"WebPage","@id":"https:\/\/www.pogotowieflagowe.pl\/aktualne\/koniec-dostosowan-do-emerytur-glodowych-prezydent-proponuje-projekt-ustawy-o-godnej-emeryturze\/","url":"https:\/\/www.pogotowieflagowe.pl\/aktualne\/koniec-dostosowan-do-emerytur-glodowych-prezydent-proponuje-projekt-ustawy-o-godnej-emeryturze\/","name":"Koniec dostosowa\u0144 do emerytur g\u0142odowych. Prezydent proponuje projekt ustawy o \u201egodnej emeryturze\u201d. - POGOTOWIE FLAGOWE\u00ae","isPartOf":{"@id":"https:\/\/www.pogotowieflagowe.pl\/aktualne\/#website"},"primaryImageOfPage":{"@id":"https:\/\/www.pogotowieflagowe.pl\/aktualne\/koniec-dostosowan-do-emerytur-glodowych-prezydent-proponuje-projekt-ustawy-o-godnej-emeryturze\/#primaryimage"},"image":{"@id":"https:\/\/www.pogotowieflagowe.pl\/aktualne\/koniec-dostosowan-do-emerytur-glodowych-prezydent-proponuje-projekt-ustawy-o-godnej-emeryturze\/#primaryimage"},"thumbnailUrl":"https:\/\/www.pogotowieflagowe.pl\/aktualne\/wp-content\/uploads\/2025\/11\/Koniec-dostosowan-do-emerytur-glodowych-Prezydent-proponuje-projekt-ustawy-o.jpg","datePublished":"2025-11-03T16:35:50+00:00","dateModified":"2025-11-03T16:35:53+00:00","breadcrumb":{"@id":"https:\/\/www.pogotowieflagowe.pl\/aktualne\/koniec-dostosowan-do-emerytur-glodowych-prezydent-proponuje-projekt-ustawy-o-godnej-emeryturze\/#breadcrumb"},"inLanguage":"pl-PL","potentialAction":[{"@type":"ReadAction","target":["https:\/\/www.pogotowieflagowe.pl\/aktualne\/koniec-dostosowan-do-emerytur-glodowych-prezydent-proponuje-projekt-ustawy-o-godnej-emeryturze\/"]}]},{"@type":"ImageObject","inLanguage":"pl-PL","@id":"https:\/\/www.pogotowieflagowe.pl\/aktualne\/koniec-dostosowan-do-emerytur-glodowych-prezydent-proponuje-projekt-ustawy-o-godnej-emeryturze\/#primaryimage","url":"https:\/\/www.pogotowieflagowe.pl\/aktualne\/wp-content\/uploads\/2025\/11\/Koniec-dostosowan-do-emerytur-glodowych-Prezydent-proponuje-projekt-ustawy-o.jpg","contentUrl":"https:\/\/www.pogotowieflagowe.pl\/aktualne\/wp-content\/uploads\/2025\/11\/Koniec-dostosowan-do-emerytur-glodowych-Prezydent-proponuje-projekt-ustawy-o.jpg","width":1537,"height":1024,"caption":"Koniec dostosowa\u0144 do emerytur g\u0142odowych. Prezydent proponuje projekt ustawy o \u201egodnej emeryturze\u201d."},{"@type":"BreadcrumbList","@id":"https:\/\/www.pogotowieflagowe.pl\/aktualne\/koniec-dostosowan-do-emerytur-glodowych-prezydent-proponuje-projekt-ustawy-o-godnej-emeryturze\/#breadcrumb","itemListElement":[{"@type":"ListItem","position":1,"name":"Home","item":"https:\/\/www.pogotowieflagowe.pl\/aktualne\/"},{"@type":"ListItem","position":2,"name":"Koniec dostosowa\u0144 do emerytur g\u0142odowych. Prezydent proponuje projekt ustawy o \u201egodnej emeryturze\u201d."}]},{"@type":"WebSite","@id":"https:\/\/www.pogotowieflagowe.pl\/aktualne\/#website","url":"https:\/\/www.pogotowieflagowe.pl\/aktualne\/","name":"POGOTOWIE FLAGOWE\u00ae","description":"","publisher":{"@id":"https:\/\/www.pogotowieflagowe.pl\/aktualne\/#organization"},"potentialAction":[{"@type":"SearchAction","target":{"@type":"EntryPoint","urlTemplate":"https:\/\/www.pogotowieflagowe.pl\/aktualne\/?s={search_term_string}"},"query-input":"required name=search_term_string"}],"inLanguage":"pl-PL"},{"@type":"Organization","@id":"https:\/\/www.pogotowieflagowe.pl\/aktualne\/#organization","name":"POGOTOWIE FLAGOWE\u00ae","url":"https:\/\/www.pogotowieflagowe.pl\/aktualne\/","logo":{"@type":"ImageObject","inLanguage":"pl-PL","@id":"https:\/\/www.pogotowieflagowe.pl\/aktualne\/#\/schema\/logo\/image\/","url":"https:\/\/www.pogotowieflagowe.pl\/aktualne\/wp-content\/uploads\/2024\/08\/cropped-pogotowieflagowe_flaga_projekt_sm.jpg","contentUrl":"https:\/\/www.pogotowieflagowe.pl\/aktualne\/wp-content\/uploads\/2024\/08\/cropped-pogotowieflagowe_flaga_projekt_sm.jpg","width":250,"height":143,"caption":"POGOTOWIE FLAGOWE\u00ae"},"image":{"@id":"https:\/\/www.pogotowieflagowe.pl\/aktualne\/#\/schema\/logo\/image\/"}},{"@type":"Person","@id":"https:\/\/www.pogotowieflagowe.pl\/aktualne\/#\/schema\/person\/9c2fb7d2362ebf6fa088960d7f0d27b0","name":"Filip","image":{"@type":"ImageObject","inLanguage":"pl-PL","@id":"https:\/\/www.pogotowieflagowe.pl\/aktualne\/#\/schema\/person\/image\/","url":"https:\/\/www.pogotowieflagowe.pl\/aktualne\/wp-content\/uploads\/2024\/08\/pogotowieflagowe.pl_.jpg","contentUrl":"https:\/\/www.pogotowieflagowe.pl\/aktualne\/wp-content\/uploads\/2024\/08\/pogotowieflagowe.pl_.jpg","caption":"Filip"},"description":"Jestem Filip, polski dziennikarz z dyplomem nauk politycznych Uniwersytetu Warszawskiego. Rozpoczynaj\u0105c swoj\u0105 karier\u0119 w r\u00f3\u017cnych lokalnych mediach, zdoby\u0142em solidne do\u015bwiadczenie w zakresie \u015bledztwa i redakcji. Obecnie jako redaktor w Pogotowie flagowe, staram si\u0119 dostarcza\u0107 dog\u0142\u0119bne i istotne analizy na temat najwa\u017cniejszych kwestii aktualno\u015bci, \u0142\u0105cz\u0105c rygor z pasj\u0105 dziennikarsk\u0105.","sameAs":["https:\/\/www.pogotowieflagowe.pl\/"]}]}},"_links":{"self":[{"href":"https:\/\/www.pogotowieflagowe.pl\/aktualne\/wp-json\/wp\/v2\/posts\/10113","targetHints":{"allow":["GET"]}}],"collection":[{"href":"https:\/\/www.pogotowieflagowe.pl\/aktualne\/wp-json\/wp\/v2\/posts"}],"about":[{"href":"https:\/\/www.pogotowieflagowe.pl\/aktualne\/wp-json\/wp\/v2\/types\/post"}],"author":[{"embeddable":true,"href":"https:\/\/www.pogotowieflagowe.pl\/aktualne\/wp-json\/wp\/v2\/users\/1"}],"replies":[{"embeddable":true,"href":"https:\/\/www.pogotowieflagowe.pl\/aktualne\/wp-json\/wp\/v2\/comments?post=10113"}],"version-history":[{"count":1,"href":"https:\/\/www.pogotowieflagowe.pl\/aktualne\/wp-json\/wp\/v2\/posts\/10113\/revisions"}],"predecessor-version":[{"id":10115,"href":"https:\/\/www.pogotowieflagowe.pl\/aktualne\/wp-json\/wp\/v2\/posts\/10113\/revisions\/10115"}],"wp:featuredmedia":[{"embeddable":true,"href":"https:\/\/www.pogotowieflagowe.pl\/aktualne\/wp-json\/wp\/v2\/media\/10114"}],"wp:attachment":[{"href":"https:\/\/www.pogotowieflagowe.pl\/aktualne\/wp-json\/wp\/v2\/media?parent=10113"}],"wp:term":[{"taxonomy":"category","embeddable":true,"href":"https:\/\/www.pogotowieflagowe.pl\/aktualne\/wp-json\/wp\/v2\/categories?post=10113"},{"taxonomy":"post_tag","embeddable":true,"href":"https:\/\/www.pogotowieflagowe.pl\/aktualne\/wp-json\/wp\/v2\/tags?post=10113"}],"curies":[{"name":"wp","href":"https:\/\/api.w.org\/{rel}","templated":true}]}}