{"id":10147,"date":"2025-11-04T22:57:50","date_gmt":"2025-11-04T21:57:50","guid":{"rendered":"https:\/\/www.pogotowieflagowe.pl\/aktualne\/prokuratura-wszczyna-sledztwo-przeciwko-prezydentowi-nawrockiemu-i-tv-republika-sakiewicz-nienawisc-ich-zaslepila\/"},"modified":"2025-11-04T22:57:52","modified_gmt":"2025-11-04T21:57:52","slug":"prokuratura-wszczyna-sledztwo-przeciwko-prezydentowi-nawrockiemu-i-tv-republika-sakiewicz-nienawisc-ich-zaslepila","status":"publish","type":"post","link":"https:\/\/www.pogotowieflagowe.pl\/aktualne\/prokuratura-wszczyna-sledztwo-przeciwko-prezydentowi-nawrockiemu-i-tv-republika-sakiewicz-nienawisc-ich-zaslepila\/","title":{"rendered":"Prokuratura wszczyna \u015bledztwo przeciwko prezydentowi Nawrockiemu i TV Republika. Sakiewicz: Nienawi\u015b\u0107 ich za\u015blepi\u0142a"},"content":{"rendered":"\n<div class=\"td_block_wrap tdb_single_content tdi_41 td-pb-border-top td_block_template_8 td-post-content tagdiv-type\" data-td-block-uid=\"tdi_41\">\n<style>.tdi_41{margines-top:0px!important;margin-bottom:0px!important;dope\u0142nienie-g\u00f3ra:0px!important;dope\u0142nienie-d\u00f3\u0142:0px!important}<\/style>\n<style>.tdb_single_content{margin-bottom:0;*zoom:1}.tdb_single_content:before,.tdb_single_content:after{display:table;content:'';line-height:0}.tdb_single_content:after{clear:both}.tdb_single_content .tdb-block-inner>*:not(.wp-block-quote):not(.alignwide):not(.alignfull.wp-block-cover.has-parallax):not(.td-a-ad){margin-left:auto;margin-right:auto}.tdb_single_content a{pointer-events:auto}.tdb_single_content .td-spot-id-top_ad .tdc-placeholder-title:before{content:'Najlepsza reklama artyku\u0142u'!important}.tdb_single_content .td-spot-id-inline_ad0 .tdc-placeholder-title:before{content:'Reklama wbudowana artyku\u0142u 1'!important}.tdb_single_content .td-spot-id-inline_ad1 .tdc-placeholder-title:before{content:'Wbudowana reklama w artykule 2'!important}.tdb_single_content .td-spot-id-inline_ad2 .tdc-placeholder-title:before{content:'Wbudowana reklama w artykule 3'!important}.tdb_single_content .td-spot-id-bottom_ad .tdc-placeholder-title:before{content:'Article Bottom Ad'!important}.tdb_single_content .id_top_ad,.tdb_single_content .id_bottom_ad{clear:both;margin-bottom:21px;text-align:center}.tdb_single_content .id_top_ad img,.tdb_single_content .id_bottom_ad img{margin-bottom:0}.tdb_single_content .id_top_ad .adsbygoogle,.tdb_single_content .id_bottom_ad .adsbygoogle{position:relative}.tdb_single_content .id_ad_content-horiz-left,.tdb_single_content .id_ad_content-horiz-right,.tdb_single_content .id_ad_content-horiz-center{margin-bottom:15px}.tdb_single_content .id_ad_content-horiz-left img,.tdb_single_content .id_ad_content-horiz-right img,.tdb_single_content .id_ad_content-horiz-center img{margin-bottom:0}.tdb_single_content .id_ad_content-horiz-center{text-align:center}.tdb_single_content .id_ad_content-horiz-center img{margin-right:auto;margin-left:auto}.tdb_single_content .id_ad_content-horiz-left{float:left;margin-top:9px;margin-right:21px}.tdb_single_content .id_ad_content-horiz-right{float:right;margin-top:6px;margin-left:21px}.tdb_single_content .tdc-a-ad .tdc-placeholder-title{width:300px;height:250px}.tdb_single_content .tdc-a-ad .tdc-placeholder-title:before{position:absolute;top:50%;-webkit-transform:translateY(-50%);transform:translateY(-50%);margin:auto;display:table;width:100%}.tdb_single_content .tdb-block-inner.td-fix-index{word-break:break-word}.tdi_41,.tdi_41>p,.tdi_41 .tdb-block-inner>p,.wp-block-column>p{font-size:16px!important;line-height:1.6!important}.tdi_41 .tdb-block-inner blockquote p{font-style:normal!important}@media (max-width:767px){.tdb_single_content .id_ad_content-horiz-left,.tdb_single_content .id_ad_content-horiz-right,.tdb_single_content .id_ad_content-horiz-center{margin:0 auto 26 pikseli auto}}@media (max-width:767px){.tdb_single_content .id_ad_content-horiz-left{margin-right:0}}@media (max-width:767px){.tdb_single_content .id_ad_content-horiz-right{margin-left:0}}@media (max-width:767px){.tdb_single_content .td-a-ad{float:none;text-align:center}.tdb_single_content .td-a-ad img{margin-right:auto;margin-left:auto}.tdb_single_content .tdc-a-ad{float:none}}<\/style>\n<div class=\"tdb-block-inner td-fix-index\">\n<p>Prokuratura Okr\u0119gowa w Warszawie \u017c\u0105da od TV Republika przekazania dokument\u00f3w zwi\u0105zanych z programem wyprodukowanym we wsp\u00f3\u0142pracy z IPN. We wtorek do stacji wys\u0142ano dziwaczne pismo, w kt\u00f3rym domagano si\u0119 nawet danych o ogl\u0105dalno\u015bci. Zdaniem w\u0142adz sprawa dotyczy dzia\u0142a\u0144 by\u0142ego szefa IPN, obecnie Prezydenta RP, <strong>Karola Nawrockiego<\/strong>.<\/p>\n<p>\u201eNienawi\u015b\u0107 do prezydenta i Republiki ca\u0142kowicie za\u015blepi\u0142a osoby prowadz\u0105ce to \u015bledztwo\u201d \u2013 doda\u0142.<br \/>powiedzia\u0142 <strong>Tomasza Sakiewicza<\/strong>prezes TV Republika, w rozmowie z <em>Niezalezna.pl<\/em>.<\/p>\n<p>\u015aledztwo ma dotyczy\u0107 rzekomego nadu\u017cycia w\u0142adzy i niedope\u0142nienia obowi\u0105zk\u00f3w s\u0142u\u017cbowych przez Nawrockiego. W zwi\u0105zku z programem prokuratura skontaktowa\u0142a si\u0119 z TV Republika <strong>\u201eRepublika Historii\u201d<\/strong> (\u201eRepublika Historii\u201d), kt\u00f3ry powsta\u0142 we wsp\u00f3\u0142pracy z IPN.<\/p>\n<p>Jak wynika z pisma prokuratora, sprawa dotyczy m.in <strong>umowa najmu<\/strong> pomi\u0119dzy dyrektorem generalnym IPN a sp\u00f3\u0142k\u0105 <strong>Rozw\u00f3j p\u0142yty CD<\/strong>rzekomo \u201ena warunkach niekorzystnych dla najemcy ze wzgl\u0119du na spos\u00f3b zap\u0142aty za us\u0142ug\u0119\u201d.<\/p>\n<p>&#8222;Z pism prokuratury jasno wynika, \u017ce \u200b\u200bInstytut rzekomo przep\u0142aci\u0142 za produkcj\u0119 tego programu. Ogl\u0105dalno\u015b\u0107 Republiki by\u0142a w\u00f3wczas rzekomo zbyt niska &#8211; przynajmniej tak mo\u017cna wywnioskowa\u0107 z dokumentu&#8221;<br \/>wyja\u015bnione <strong>redaktor Micha\u0142 Rykowski<\/strong> na antenie podczas zg\u0142aszania problemu.<\/p>\n<p>W rezultacie prokuratura jest wymagaj\u0105ca <strong>informacja o ogl\u0105dalno\u015bci \u201eRepubliki Historii\u201d w okresie 1\u20137 grudnia 2023 r.<\/strong>.<\/p>\n<h3 class=\"wp-block-heading\">\u201eNienawi\u015b\u0107 za\u015blepi\u0142a tych, kt\u00f3rzy kr\u0119c\u0105 tym \u015bledztwem\u201d<\/h3>\n<p>&#8222;Emisja nie by\u0142a op\u0142acalna dla Republiki. Wynika\u0142a ona z naszej misji publicznej, a wi\u0119kszo\u015b\u0107 koszt\u00f3w produkcji pokry\u0142a sama stacja, a IPN do\u0142o\u017cy\u0142 si\u0119 tylko cz\u0119\u015bciowo&#8221;<br \/>powiedzia\u0142 <strong>Tomasza Sakiewicza<\/strong> w wywiadzie z <em>Niezalezna.pl<\/em>.<\/p>\n<p>Doda\u0142 to<\/p>\n<p>\u201eudzia\u0142 IPN w kosztach jednego odcinka nie przekracza\u0142 kilku tysi\u0119cy z\u0142otych\u201d.<\/p>\n<p>Jego zdaniem<\/p>\n<p>\u201ePr\u00f3ba zrobienia skandalu za 20 000 z\u0142otych, podczas gdy du\u017ca stacja telewizyjna produkuje niezwykle warto\u015bciowy serial historyczny, jest nie tylko dowodem na wrogo\u015b\u0107 polityczn\u0105 prokuratury, ale tak\u017ce na to, \u017ce powoli zamienia si\u0119 ona w skecz Monty Pythona\u201d.<\/p>\n<p>&#8222;Nienawi\u015b\u0107 do prezydenta i Republiki ca\u0142kowicie za\u015blepi\u0142a tych, kt\u00f3rzy kr\u0119cili tym \u015bledztwem. A co to ma wsp\u00f3lnego z umow\u0105 dzier\u017cawy IPN \u2013 szczerze nie mam poj\u0119cia&#8221;<br \/>\u2013 podsumowa\u0142.<\/p>\n<\/div>\n<\/div>\n","protected":false},"excerpt":{"rendered":"<p>Prokuratura Okr\u0119gowa w Warszawie \u017c\u0105da od TV Republika przekazania dokument\u00f3w zwi\u0105zanych z programem wyprodukowanym we wsp\u00f3\u0142pracy z IPN. We wtorek<\/p>\n","protected":false},"author":1,"featured_media":10148,"comment_status":"open","ping_status":"open","sticky":false,"template":"","format":"standard","meta":{"footnotes":""},"categories":[4748],"tags":[137,11652,6343,8809,6133,355,340,373,2752,10927,11653],"class_list":["post-10147","post","type-post","status-publish","format-standard","has-post-thumbnail","hentry","category-aktualne","tag-ich","tag-nawrockiemu","tag-nienawisc","tag-prezydentowi","tag-prokuratura","tag-przeciwko","tag-republika","tag-sakiewicz","tag-sledztwo","tag-wszczyna","tag-zaslepila","generate-columns","tablet-grid-50","mobile-grid-100","grid-parent","grid-50","resize-featured-image"],"yoast_head":"<!-- This site is optimized with the Yoast SEO plugin v23.2 - https:\/\/yoast.com\/wordpress\/plugins\/seo\/ -->\n<title>Prokuratura wszczyna \u015bledztwo przeciwko prezydentowi Nawrockiemu i TV Republika. Sakiewicz: Nienawi\u015b\u0107 ich za\u015blepi\u0142a - POGOTOWIE FLAGOWE\u00ae<\/title>\n<meta name=\"robots\" content=\"index, follow, max-snippet:-1, max-image-preview:large, max-video-preview:-1\" \/>\n<link rel=\"canonical\" href=\"https:\/\/www.pogotowieflagowe.pl\/aktualne\/prokuratura-wszczyna-sledztwo-przeciwko-prezydentowi-nawrockiemu-i-tv-republika-sakiewicz-nienawisc-ich-zaslepila\/\" \/>\n<meta property=\"og:locale\" content=\"pl_PL\" \/>\n<meta property=\"og:type\" content=\"article\" \/>\n<meta property=\"og:title\" content=\"Prokuratura wszczyna \u015bledztwo przeciwko prezydentowi Nawrockiemu i TV Republika. Sakiewicz: Nienawi\u015b\u0107 ich za\u015blepi\u0142a - POGOTOWIE FLAGOWE\u00ae\" \/>\n<meta property=\"og:description\" content=\"Prokuratura Okr\u0119gowa w Warszawie \u017c\u0105da od TV Republika przekazania dokument\u00f3w zwi\u0105zanych z programem wyprodukowanym we wsp\u00f3\u0142pracy z IPN. We wtorek\" \/>\n<meta property=\"og:url\" content=\"https:\/\/www.pogotowieflagowe.pl\/aktualne\/prokuratura-wszczyna-sledztwo-przeciwko-prezydentowi-nawrockiemu-i-tv-republika-sakiewicz-nienawisc-ich-zaslepila\/\" \/>\n<meta property=\"og:site_name\" content=\"POGOTOWIE FLAGOWE\u00ae\" \/>\n<meta property=\"article:published_time\" content=\"2025-11-04T21:57:50+00:00\" \/>\n<meta property=\"article:modified_time\" content=\"2025-11-04T21:57:52+00:00\" \/>\n<meta property=\"og:image\" content=\"https:\/\/www.pogotowieflagowe.pl\/aktualne\/wp-content\/uploads\/2025\/11\/Prokuratura-wszczyna-sledztwo-przeciwko-prezydentowi-Nawrockiemu-i-TV-Republika-Sakiewicz.webp.webp\" \/>\n\t<meta property=\"og:image:width\" content=\"1280\" \/>\n\t<meta property=\"og:image:height\" content=\"720\" \/>\n\t<meta property=\"og:image:type\" content=\"image\/webp\" \/>\n<meta name=\"author\" content=\"Filip\" \/>\n<meta name=\"twitter:card\" content=\"summary_large_image\" \/>\n<meta name=\"twitter:label1\" content=\"Napisane przez\" \/>\n\t<meta name=\"twitter:data1\" content=\"Filip\" \/>\n\t<meta name=\"twitter:label2\" content=\"Szacowany czas czytania\" \/>\n\t<meta name=\"twitter:data2\" content=\"2 minuty\" \/>\n<script type=\"application\/ld+json\" class=\"yoast-schema-graph\">{\"@context\":\"https:\/\/schema.org\",\"@graph\":[{\"@type\":\"Article\",\"@id\":\"https:\/\/www.pogotowieflagowe.pl\/aktualne\/prokuratura-wszczyna-sledztwo-przeciwko-prezydentowi-nawrockiemu-i-tv-republika-sakiewicz-nienawisc-ich-zaslepila\/#article\",\"isPartOf\":{\"@id\":\"https:\/\/www.pogotowieflagowe.pl\/aktualne\/prokuratura-wszczyna-sledztwo-przeciwko-prezydentowi-nawrockiemu-i-tv-republika-sakiewicz-nienawisc-ich-zaslepila\/\"},\"author\":{\"name\":\"Filip\",\"@id\":\"https:\/\/www.pogotowieflagowe.pl\/aktualne\/#\/schema\/person\/9c2fb7d2362ebf6fa088960d7f0d27b0\"},\"headline\":\"Prokuratura wszczyna \u015bledztwo przeciwko prezydentowi Nawrockiemu i TV Republika. Sakiewicz: Nienawi\u015b\u0107 ich za\u015blepi\u0142a\",\"datePublished\":\"2025-11-04T21:57:50+00:00\",\"dateModified\":\"2025-11-04T21:57:52+00:00\",\"mainEntityOfPage\":{\"@id\":\"https:\/\/www.pogotowieflagowe.pl\/aktualne\/prokuratura-wszczyna-sledztwo-przeciwko-prezydentowi-nawrockiemu-i-tv-republika-sakiewicz-nienawisc-ich-zaslepila\/\"},\"wordCount\":386,\"commentCount\":0,\"publisher\":{\"@id\":\"https:\/\/www.pogotowieflagowe.pl\/aktualne\/#organization\"},\"image\":{\"@id\":\"https:\/\/www.pogotowieflagowe.pl\/aktualne\/prokuratura-wszczyna-sledztwo-przeciwko-prezydentowi-nawrockiemu-i-tv-republika-sakiewicz-nienawisc-ich-zaslepila\/#primaryimage\"},\"thumbnailUrl\":\"https:\/\/www.pogotowieflagowe.pl\/aktualne\/wp-content\/uploads\/2025\/11\/Prokuratura-wszczyna-sledztwo-przeciwko-prezydentowi-Nawrockiemu-i-TV-Republika-Sakiewicz.webp.webp\",\"keywords\":[\"ich\",\"Nawrockiemu\",\"nienawi\u015b\u0107\",\"prezydentowi\",\"Prokuratura\",\"przeciwko\",\"Republika\",\"Sakiewicz\",\"\u015bledztwo\",\"wszczyna\",\"za\u015blepi\u0142a\"],\"articleSection\":[\"Aktualne\"],\"inLanguage\":\"pl-PL\",\"potentialAction\":[{\"@type\":\"CommentAction\",\"name\":\"Comment\",\"target\":[\"https:\/\/www.pogotowieflagowe.pl\/aktualne\/prokuratura-wszczyna-sledztwo-przeciwko-prezydentowi-nawrockiemu-i-tv-republika-sakiewicz-nienawisc-ich-zaslepila\/#respond\"]}]},{\"@type\":\"WebPage\",\"@id\":\"https:\/\/www.pogotowieflagowe.pl\/aktualne\/prokuratura-wszczyna-sledztwo-przeciwko-prezydentowi-nawrockiemu-i-tv-republika-sakiewicz-nienawisc-ich-zaslepila\/\",\"url\":\"https:\/\/www.pogotowieflagowe.pl\/aktualne\/prokuratura-wszczyna-sledztwo-przeciwko-prezydentowi-nawrockiemu-i-tv-republika-sakiewicz-nienawisc-ich-zaslepila\/\",\"name\":\"Prokuratura wszczyna \u015bledztwo przeciwko prezydentowi Nawrockiemu i TV Republika. Sakiewicz: Nienawi\u015b\u0107 ich za\u015blepi\u0142a - POGOTOWIE FLAGOWE\u00ae\",\"isPartOf\":{\"@id\":\"https:\/\/www.pogotowieflagowe.pl\/aktualne\/#website\"},\"primaryImageOfPage\":{\"@id\":\"https:\/\/www.pogotowieflagowe.pl\/aktualne\/prokuratura-wszczyna-sledztwo-przeciwko-prezydentowi-nawrockiemu-i-tv-republika-sakiewicz-nienawisc-ich-zaslepila\/#primaryimage\"},\"image\":{\"@id\":\"https:\/\/www.pogotowieflagowe.pl\/aktualne\/prokuratura-wszczyna-sledztwo-przeciwko-prezydentowi-nawrockiemu-i-tv-republika-sakiewicz-nienawisc-ich-zaslepila\/#primaryimage\"},\"thumbnailUrl\":\"https:\/\/www.pogotowieflagowe.pl\/aktualne\/wp-content\/uploads\/2025\/11\/Prokuratura-wszczyna-sledztwo-przeciwko-prezydentowi-Nawrockiemu-i-TV-Republika-Sakiewicz.webp.webp\",\"datePublished\":\"2025-11-04T21:57:50+00:00\",\"dateModified\":\"2025-11-04T21:57:52+00:00\",\"breadcrumb\":{\"@id\":\"https:\/\/www.pogotowieflagowe.pl\/aktualne\/prokuratura-wszczyna-sledztwo-przeciwko-prezydentowi-nawrockiemu-i-tv-republika-sakiewicz-nienawisc-ich-zaslepila\/#breadcrumb\"},\"inLanguage\":\"pl-PL\",\"potentialAction\":[{\"@type\":\"ReadAction\",\"target\":[\"https:\/\/www.pogotowieflagowe.pl\/aktualne\/prokuratura-wszczyna-sledztwo-przeciwko-prezydentowi-nawrockiemu-i-tv-republika-sakiewicz-nienawisc-ich-zaslepila\/\"]}]},{\"@type\":\"ImageObject\",\"inLanguage\":\"pl-PL\",\"@id\":\"https:\/\/www.pogotowieflagowe.pl\/aktualne\/prokuratura-wszczyna-sledztwo-przeciwko-prezydentowi-nawrockiemu-i-tv-republika-sakiewicz-nienawisc-ich-zaslepila\/#primaryimage\",\"url\":\"https:\/\/www.pogotowieflagowe.pl\/aktualne\/wp-content\/uploads\/2025\/11\/Prokuratura-wszczyna-sledztwo-przeciwko-prezydentowi-Nawrockiemu-i-TV-Republika-Sakiewicz.webp.webp\",\"contentUrl\":\"https:\/\/www.pogotowieflagowe.pl\/aktualne\/wp-content\/uploads\/2025\/11\/Prokuratura-wszczyna-sledztwo-przeciwko-prezydentowi-Nawrockiemu-i-TV-Republika-Sakiewicz.webp.webp\",\"width\":1280,\"height\":720,\"caption\":\"Prokuratura wszczyna \u015bledztwo przeciwko prezydentowi Nawrockiemu i TV Republika. Sakiewicz: Nienawi\u015b\u0107 ich za\u015blepi\u0142a\"},{\"@type\":\"BreadcrumbList\",\"@id\":\"https:\/\/www.pogotowieflagowe.pl\/aktualne\/prokuratura-wszczyna-sledztwo-przeciwko-prezydentowi-nawrockiemu-i-tv-republika-sakiewicz-nienawisc-ich-zaslepila\/#breadcrumb\",\"itemListElement\":[{\"@type\":\"ListItem\",\"position\":1,\"name\":\"Home\",\"item\":\"https:\/\/www.pogotowieflagowe.pl\/aktualne\/\"},{\"@type\":\"ListItem\",\"position\":2,\"name\":\"Prokuratura wszczyna \u015bledztwo przeciwko prezydentowi Nawrockiemu i TV Republika. Sakiewicz: Nienawi\u015b\u0107 ich za\u015blepi\u0142a\"}]},{\"@type\":\"WebSite\",\"@id\":\"https:\/\/www.pogotowieflagowe.pl\/aktualne\/#website\",\"url\":\"https:\/\/www.pogotowieflagowe.pl\/aktualne\/\",\"name\":\"POGOTOWIE FLAGOWE\u00ae\",\"description\":\"\",\"publisher\":{\"@id\":\"https:\/\/www.pogotowieflagowe.pl\/aktualne\/#organization\"},\"potentialAction\":[{\"@type\":\"SearchAction\",\"target\":{\"@type\":\"EntryPoint\",\"urlTemplate\":\"https:\/\/www.pogotowieflagowe.pl\/aktualne\/?s={search_term_string}\"},\"query-input\":\"required name=search_term_string\"}],\"inLanguage\":\"pl-PL\"},{\"@type\":\"Organization\",\"@id\":\"https:\/\/www.pogotowieflagowe.pl\/aktualne\/#organization\",\"name\":\"POGOTOWIE FLAGOWE\u00ae\",\"url\":\"https:\/\/www.pogotowieflagowe.pl\/aktualne\/\",\"logo\":{\"@type\":\"ImageObject\",\"inLanguage\":\"pl-PL\",\"@id\":\"https:\/\/www.pogotowieflagowe.pl\/aktualne\/#\/schema\/logo\/image\/\",\"url\":\"https:\/\/www.pogotowieflagowe.pl\/aktualne\/wp-content\/uploads\/2024\/08\/cropped-pogotowieflagowe_flaga_projekt_sm.jpg\",\"contentUrl\":\"https:\/\/www.pogotowieflagowe.pl\/aktualne\/wp-content\/uploads\/2024\/08\/cropped-pogotowieflagowe_flaga_projekt_sm.jpg\",\"width\":250,\"height\":143,\"caption\":\"POGOTOWIE FLAGOWE\u00ae\"},\"image\":{\"@id\":\"https:\/\/www.pogotowieflagowe.pl\/aktualne\/#\/schema\/logo\/image\/\"}},{\"@type\":\"Person\",\"@id\":\"https:\/\/www.pogotowieflagowe.pl\/aktualne\/#\/schema\/person\/9c2fb7d2362ebf6fa088960d7f0d27b0\",\"name\":\"Filip\",\"image\":{\"@type\":\"ImageObject\",\"inLanguage\":\"pl-PL\",\"@id\":\"https:\/\/www.pogotowieflagowe.pl\/aktualne\/#\/schema\/person\/image\/\",\"url\":\"https:\/\/www.pogotowieflagowe.pl\/aktualne\/wp-content\/uploads\/2024\/08\/pogotowieflagowe.pl_.jpg\",\"contentUrl\":\"https:\/\/www.pogotowieflagowe.pl\/aktualne\/wp-content\/uploads\/2024\/08\/pogotowieflagowe.pl_.jpg\",\"caption\":\"Filip\"},\"description\":\"Jestem Filip, polski dziennikarz z dyplomem nauk politycznych Uniwersytetu Warszawskiego. Rozpoczynaj\u0105c swoj\u0105 karier\u0119 w r\u00f3\u017cnych lokalnych mediach, zdoby\u0142em solidne do\u015bwiadczenie w zakresie \u015bledztwa i redakcji. Obecnie jako redaktor w Pogotowie flagowe, staram si\u0119 dostarcza\u0107 dog\u0142\u0119bne i istotne analizy na temat najwa\u017cniejszych kwestii aktualno\u015bci, \u0142\u0105cz\u0105c rygor z pasj\u0105 dziennikarsk\u0105.\",\"sameAs\":[\"https:\/\/www.pogotowieflagowe.pl\/\"]}]}<\/script>\n<!-- \/ Yoast SEO plugin. -->","yoast_head_json":{"title":"Prokuratura wszczyna \u015bledztwo przeciwko prezydentowi Nawrockiemu i TV Republika. Sakiewicz: Nienawi\u015b\u0107 ich za\u015blepi\u0142a - POGOTOWIE FLAGOWE\u00ae","robots":{"index":"index","follow":"follow","max-snippet":"max-snippet:-1","max-image-preview":"max-image-preview:large","max-video-preview":"max-video-preview:-1"},"canonical":"https:\/\/www.pogotowieflagowe.pl\/aktualne\/prokuratura-wszczyna-sledztwo-przeciwko-prezydentowi-nawrockiemu-i-tv-republika-sakiewicz-nienawisc-ich-zaslepila\/","og_locale":"pl_PL","og_type":"article","og_title":"Prokuratura wszczyna \u015bledztwo przeciwko prezydentowi Nawrockiemu i TV Republika. Sakiewicz: Nienawi\u015b\u0107 ich za\u015blepi\u0142a - POGOTOWIE FLAGOWE\u00ae","og_description":"Prokuratura Okr\u0119gowa w Warszawie \u017c\u0105da od TV Republika przekazania dokument\u00f3w zwi\u0105zanych z programem wyprodukowanym we wsp\u00f3\u0142pracy z IPN. We wtorek","og_url":"https:\/\/www.pogotowieflagowe.pl\/aktualne\/prokuratura-wszczyna-sledztwo-przeciwko-prezydentowi-nawrockiemu-i-tv-republika-sakiewicz-nienawisc-ich-zaslepila\/","og_site_name":"POGOTOWIE FLAGOWE\u00ae","article_published_time":"2025-11-04T21:57:50+00:00","article_modified_time":"2025-11-04T21:57:52+00:00","og_image":[{"width":1280,"height":720,"url":"https:\/\/www.pogotowieflagowe.pl\/aktualne\/wp-content\/uploads\/2025\/11\/Prokuratura-wszczyna-sledztwo-przeciwko-prezydentowi-Nawrockiemu-i-TV-Republika-Sakiewicz.webp.webp","type":"image\/webp"}],"author":"Filip","twitter_card":"summary_large_image","twitter_misc":{"Napisane przez":"Filip","Szacowany czas czytania":"2 minuty"},"schema":{"@context":"https:\/\/schema.org","@graph":[{"@type":"Article","@id":"https:\/\/www.pogotowieflagowe.pl\/aktualne\/prokuratura-wszczyna-sledztwo-przeciwko-prezydentowi-nawrockiemu-i-tv-republika-sakiewicz-nienawisc-ich-zaslepila\/#article","isPartOf":{"@id":"https:\/\/www.pogotowieflagowe.pl\/aktualne\/prokuratura-wszczyna-sledztwo-przeciwko-prezydentowi-nawrockiemu-i-tv-republika-sakiewicz-nienawisc-ich-zaslepila\/"},"author":{"name":"Filip","@id":"https:\/\/www.pogotowieflagowe.pl\/aktualne\/#\/schema\/person\/9c2fb7d2362ebf6fa088960d7f0d27b0"},"headline":"Prokuratura wszczyna \u015bledztwo przeciwko prezydentowi Nawrockiemu i TV Republika. Sakiewicz: Nienawi\u015b\u0107 ich za\u015blepi\u0142a","datePublished":"2025-11-04T21:57:50+00:00","dateModified":"2025-11-04T21:57:52+00:00","mainEntityOfPage":{"@id":"https:\/\/www.pogotowieflagowe.pl\/aktualne\/prokuratura-wszczyna-sledztwo-przeciwko-prezydentowi-nawrockiemu-i-tv-republika-sakiewicz-nienawisc-ich-zaslepila\/"},"wordCount":386,"commentCount":0,"publisher":{"@id":"https:\/\/www.pogotowieflagowe.pl\/aktualne\/#organization"},"image":{"@id":"https:\/\/www.pogotowieflagowe.pl\/aktualne\/prokuratura-wszczyna-sledztwo-przeciwko-prezydentowi-nawrockiemu-i-tv-republika-sakiewicz-nienawisc-ich-zaslepila\/#primaryimage"},"thumbnailUrl":"https:\/\/www.pogotowieflagowe.pl\/aktualne\/wp-content\/uploads\/2025\/11\/Prokuratura-wszczyna-sledztwo-przeciwko-prezydentowi-Nawrockiemu-i-TV-Republika-Sakiewicz.webp.webp","keywords":["ich","Nawrockiemu","nienawi\u015b\u0107","prezydentowi","Prokuratura","przeciwko","Republika","Sakiewicz","\u015bledztwo","wszczyna","za\u015blepi\u0142a"],"articleSection":["Aktualne"],"inLanguage":"pl-PL","potentialAction":[{"@type":"CommentAction","name":"Comment","target":["https:\/\/www.pogotowieflagowe.pl\/aktualne\/prokuratura-wszczyna-sledztwo-przeciwko-prezydentowi-nawrockiemu-i-tv-republika-sakiewicz-nienawisc-ich-zaslepila\/#respond"]}]},{"@type":"WebPage","@id":"https:\/\/www.pogotowieflagowe.pl\/aktualne\/prokuratura-wszczyna-sledztwo-przeciwko-prezydentowi-nawrockiemu-i-tv-republika-sakiewicz-nienawisc-ich-zaslepila\/","url":"https:\/\/www.pogotowieflagowe.pl\/aktualne\/prokuratura-wszczyna-sledztwo-przeciwko-prezydentowi-nawrockiemu-i-tv-republika-sakiewicz-nienawisc-ich-zaslepila\/","name":"Prokuratura wszczyna \u015bledztwo przeciwko prezydentowi Nawrockiemu i TV Republika. Sakiewicz: Nienawi\u015b\u0107 ich za\u015blepi\u0142a - POGOTOWIE FLAGOWE\u00ae","isPartOf":{"@id":"https:\/\/www.pogotowieflagowe.pl\/aktualne\/#website"},"primaryImageOfPage":{"@id":"https:\/\/www.pogotowieflagowe.pl\/aktualne\/prokuratura-wszczyna-sledztwo-przeciwko-prezydentowi-nawrockiemu-i-tv-republika-sakiewicz-nienawisc-ich-zaslepila\/#primaryimage"},"image":{"@id":"https:\/\/www.pogotowieflagowe.pl\/aktualne\/prokuratura-wszczyna-sledztwo-przeciwko-prezydentowi-nawrockiemu-i-tv-republika-sakiewicz-nienawisc-ich-zaslepila\/#primaryimage"},"thumbnailUrl":"https:\/\/www.pogotowieflagowe.pl\/aktualne\/wp-content\/uploads\/2025\/11\/Prokuratura-wszczyna-sledztwo-przeciwko-prezydentowi-Nawrockiemu-i-TV-Republika-Sakiewicz.webp.webp","datePublished":"2025-11-04T21:57:50+00:00","dateModified":"2025-11-04T21:57:52+00:00","breadcrumb":{"@id":"https:\/\/www.pogotowieflagowe.pl\/aktualne\/prokuratura-wszczyna-sledztwo-przeciwko-prezydentowi-nawrockiemu-i-tv-republika-sakiewicz-nienawisc-ich-zaslepila\/#breadcrumb"},"inLanguage":"pl-PL","potentialAction":[{"@type":"ReadAction","target":["https:\/\/www.pogotowieflagowe.pl\/aktualne\/prokuratura-wszczyna-sledztwo-przeciwko-prezydentowi-nawrockiemu-i-tv-republika-sakiewicz-nienawisc-ich-zaslepila\/"]}]},{"@type":"ImageObject","inLanguage":"pl-PL","@id":"https:\/\/www.pogotowieflagowe.pl\/aktualne\/prokuratura-wszczyna-sledztwo-przeciwko-prezydentowi-nawrockiemu-i-tv-republika-sakiewicz-nienawisc-ich-zaslepila\/#primaryimage","url":"https:\/\/www.pogotowieflagowe.pl\/aktualne\/wp-content\/uploads\/2025\/11\/Prokuratura-wszczyna-sledztwo-przeciwko-prezydentowi-Nawrockiemu-i-TV-Republika-Sakiewicz.webp.webp","contentUrl":"https:\/\/www.pogotowieflagowe.pl\/aktualne\/wp-content\/uploads\/2025\/11\/Prokuratura-wszczyna-sledztwo-przeciwko-prezydentowi-Nawrockiemu-i-TV-Republika-Sakiewicz.webp.webp","width":1280,"height":720,"caption":"Prokuratura wszczyna \u015bledztwo przeciwko prezydentowi Nawrockiemu i TV Republika. Sakiewicz: Nienawi\u015b\u0107 ich za\u015blepi\u0142a"},{"@type":"BreadcrumbList","@id":"https:\/\/www.pogotowieflagowe.pl\/aktualne\/prokuratura-wszczyna-sledztwo-przeciwko-prezydentowi-nawrockiemu-i-tv-republika-sakiewicz-nienawisc-ich-zaslepila\/#breadcrumb","itemListElement":[{"@type":"ListItem","position":1,"name":"Home","item":"https:\/\/www.pogotowieflagowe.pl\/aktualne\/"},{"@type":"ListItem","position":2,"name":"Prokuratura wszczyna \u015bledztwo przeciwko prezydentowi Nawrockiemu i TV Republika. Sakiewicz: Nienawi\u015b\u0107 ich za\u015blepi\u0142a"}]},{"@type":"WebSite","@id":"https:\/\/www.pogotowieflagowe.pl\/aktualne\/#website","url":"https:\/\/www.pogotowieflagowe.pl\/aktualne\/","name":"POGOTOWIE FLAGOWE\u00ae","description":"","publisher":{"@id":"https:\/\/www.pogotowieflagowe.pl\/aktualne\/#organization"},"potentialAction":[{"@type":"SearchAction","target":{"@type":"EntryPoint","urlTemplate":"https:\/\/www.pogotowieflagowe.pl\/aktualne\/?s={search_term_string}"},"query-input":"required name=search_term_string"}],"inLanguage":"pl-PL"},{"@type":"Organization","@id":"https:\/\/www.pogotowieflagowe.pl\/aktualne\/#organization","name":"POGOTOWIE FLAGOWE\u00ae","url":"https:\/\/www.pogotowieflagowe.pl\/aktualne\/","logo":{"@type":"ImageObject","inLanguage":"pl-PL","@id":"https:\/\/www.pogotowieflagowe.pl\/aktualne\/#\/schema\/logo\/image\/","url":"https:\/\/www.pogotowieflagowe.pl\/aktualne\/wp-content\/uploads\/2024\/08\/cropped-pogotowieflagowe_flaga_projekt_sm.jpg","contentUrl":"https:\/\/www.pogotowieflagowe.pl\/aktualne\/wp-content\/uploads\/2024\/08\/cropped-pogotowieflagowe_flaga_projekt_sm.jpg","width":250,"height":143,"caption":"POGOTOWIE FLAGOWE\u00ae"},"image":{"@id":"https:\/\/www.pogotowieflagowe.pl\/aktualne\/#\/schema\/logo\/image\/"}},{"@type":"Person","@id":"https:\/\/www.pogotowieflagowe.pl\/aktualne\/#\/schema\/person\/9c2fb7d2362ebf6fa088960d7f0d27b0","name":"Filip","image":{"@type":"ImageObject","inLanguage":"pl-PL","@id":"https:\/\/www.pogotowieflagowe.pl\/aktualne\/#\/schema\/person\/image\/","url":"https:\/\/www.pogotowieflagowe.pl\/aktualne\/wp-content\/uploads\/2024\/08\/pogotowieflagowe.pl_.jpg","contentUrl":"https:\/\/www.pogotowieflagowe.pl\/aktualne\/wp-content\/uploads\/2024\/08\/pogotowieflagowe.pl_.jpg","caption":"Filip"},"description":"Jestem Filip, polski dziennikarz z dyplomem nauk politycznych Uniwersytetu Warszawskiego. Rozpoczynaj\u0105c swoj\u0105 karier\u0119 w r\u00f3\u017cnych lokalnych mediach, zdoby\u0142em solidne do\u015bwiadczenie w zakresie \u015bledztwa i redakcji. Obecnie jako redaktor w Pogotowie flagowe, staram si\u0119 dostarcza\u0107 dog\u0142\u0119bne i istotne analizy na temat najwa\u017cniejszych kwestii aktualno\u015bci, \u0142\u0105cz\u0105c rygor z pasj\u0105 dziennikarsk\u0105.","sameAs":["https:\/\/www.pogotowieflagowe.pl\/"]}]}},"_links":{"self":[{"href":"https:\/\/www.pogotowieflagowe.pl\/aktualne\/wp-json\/wp\/v2\/posts\/10147","targetHints":{"allow":["GET"]}}],"collection":[{"href":"https:\/\/www.pogotowieflagowe.pl\/aktualne\/wp-json\/wp\/v2\/posts"}],"about":[{"href":"https:\/\/www.pogotowieflagowe.pl\/aktualne\/wp-json\/wp\/v2\/types\/post"}],"author":[{"embeddable":true,"href":"https:\/\/www.pogotowieflagowe.pl\/aktualne\/wp-json\/wp\/v2\/users\/1"}],"replies":[{"embeddable":true,"href":"https:\/\/www.pogotowieflagowe.pl\/aktualne\/wp-json\/wp\/v2\/comments?post=10147"}],"version-history":[{"count":1,"href":"https:\/\/www.pogotowieflagowe.pl\/aktualne\/wp-json\/wp\/v2\/posts\/10147\/revisions"}],"predecessor-version":[{"id":10149,"href":"https:\/\/www.pogotowieflagowe.pl\/aktualne\/wp-json\/wp\/v2\/posts\/10147\/revisions\/10149"}],"wp:featuredmedia":[{"embeddable":true,"href":"https:\/\/www.pogotowieflagowe.pl\/aktualne\/wp-json\/wp\/v2\/media\/10148"}],"wp:attachment":[{"href":"https:\/\/www.pogotowieflagowe.pl\/aktualne\/wp-json\/wp\/v2\/media?parent=10147"}],"wp:term":[{"taxonomy":"category","embeddable":true,"href":"https:\/\/www.pogotowieflagowe.pl\/aktualne\/wp-json\/wp\/v2\/categories?post=10147"},{"taxonomy":"post_tag","embeddable":true,"href":"https:\/\/www.pogotowieflagowe.pl\/aktualne\/wp-json\/wp\/v2\/tags?post=10147"}],"curies":[{"name":"wp","href":"https:\/\/api.w.org\/{rel}","templated":true}]}}