{"id":10150,"date":"2025-11-04T23:31:43","date_gmt":"2025-11-04T22:31:43","guid":{"rendered":"https:\/\/www.pogotowieflagowe.pl\/aktualne\/prezydent-podpisuje-nowelizacje-ustawy-o-cpk-zmiana-pomoze-osobom-wywlaszczonym-na-potrzeby-projektu\/"},"modified":"2025-11-04T23:31:44","modified_gmt":"2025-11-04T22:31:44","slug":"prezydent-podpisuje-nowelizacje-ustawy-o-cpk-zmiana-pomoze-osobom-wywlaszczonym-na-potrzeby-projektu","status":"publish","type":"post","link":"https:\/\/www.pogotowieflagowe.pl\/aktualne\/prezydent-podpisuje-nowelizacje-ustawy-o-cpk-zmiana-pomoze-osobom-wywlaszczonym-na-potrzeby-projektu\/","title":{"rendered":"Prezydent podpisuje nowelizacj\u0119 ustawy o CPK. Zmiana pomo\u017ce osobom wyw\u0142aszczonym na potrzeby projektu"},"content":{"rendered":"\n<div class=\"td_block_wrap tdb_single_content tdi_41 td-pb-border-top td_block_template_8 td-post-content tagdiv-type\" data-td-block-uid=\"tdi_41\">\n<style>.tdi_41{margines-top:0px!important;margin-bottom:0px!important;dope\u0142nienie-g\u00f3ra:0px!important;dope\u0142nienie-d\u00f3\u0142:0px!important}<\/style>\n<style>.tdb_single_content{margin-bottom:0;*zoom:1}.tdb_single_content:before,.tdb_single_content:after{display:table;content:'';line-height:0}.tdb_single_content:after{clear:both}.tdb_single_content .tdb-block-inner>*:not(.wp-block-quote):not(.alignwide):not(.alignfull.wp-block-cover.has-parallax):not(.td-a-ad){margin-left:auto;margin-right:auto}.tdb_single_content a{pointer-events:auto}.tdb_single_content .td-spot-id-top_ad .tdc-placeholder-title:before{content:'Najlepsza reklama artyku\u0142u'!important}.tdb_single_content .td-spot-id-inline_ad0 .tdc-placeholder-title:before{content:'Reklama wbudowana artyku\u0142u 1'!important}.tdb_single_content .td-spot-id-inline_ad1 .tdc-placeholder-title:before{content:'Wbudowana reklama w artykule 2'!important}.tdb_single_content .td-spot-id-inline_ad2 .tdc-placeholder-title:before{content:'Wbudowana reklama w artykule 3'!important}.tdb_single_content .td-spot-id-bottom_ad .tdc-placeholder-title:before{content:'Article Bottom Ad'!important}.tdb_single_content .id_top_ad,.tdb_single_content .id_bottom_ad{clear:both;margin-bottom:21px;text-align:center}.tdb_single_content .id_top_ad img,.tdb_single_content .id_bottom_ad img{margin-bottom:0}.tdb_single_content .id_top_ad .adsbygoogle,.tdb_single_content .id_bottom_ad .adsbygoogle{position:relative}.tdb_single_content .id_ad_content-horiz-left,.tdb_single_content .id_ad_content-horiz-right,.tdb_single_content .id_ad_content-horiz-center{margin-bottom:15px}.tdb_single_content .id_ad_content-horiz-left img,.tdb_single_content .id_ad_content-horiz-right img,.tdb_single_content .id_ad_content-horiz-center img{margin-bottom:0}.tdb_single_content .id_ad_content-horiz-center{text-align:center}.tdb_single_content .id_ad_content-horiz-center img{margin-right:auto;margin-left:auto}.tdb_single_content .id_ad_content-horiz-left{float:left;margin-top:9px;margin-right:21px}.tdb_single_content .id_ad_content-horiz-right{float:right;margin-top:6px;margin-left:21px}.tdb_single_content .tdc-a-ad .tdc-placeholder-title{width:300px;height:250px}.tdb_single_content .tdc-a-ad .tdc-placeholder-title:before{position:absolute;top:50%;-webkit-transform:translateY(-50%);transform:translateY(-50%);margin:auto;display:table;width:100%}.tdb_single_content .tdb-block-inner.td-fix-index{word-break:break-word}.tdi_41,.tdi_41>p,.tdi_41 .tdb-block-inner>p,.wp-block-column>p{font-size:16px!important;line-height:1.6!important}.tdi_41 .tdb-block-inner blockquote p{font-style:normal!important}@media (max-width:767px){.tdb_single_content .id_ad_content-horiz-left,.tdb_single_content .id_ad_content-horiz-right,.tdb_single_content .id_ad_content-horiz-center{margin:0 auto 26 pikseli auto}}@media (max-width:767px){.tdb_single_content .id_ad_content-horiz-left{margin-right:0}}@media (max-width:767px){.tdb_single_content .id_ad_content-horiz-right{margin-left:0}}@media (max-width:767px){.tdb_single_content .td-a-ad{float:none;text-align:center}.tdb_single_content .td-a-ad img{margin-right:auto;margin-left:auto}.tdb_single_content .tdc-a-ad{float:none}}<\/style>\n<div class=\"tdb-block-inner td-fix-index\">\n<p>Prezydent <strong>Karola Nawrockiego<\/strong> podpisa\u0142 dzi\u015b nowelizacj\u0119 do <strong>Centralny Port Komunikacyjny (CPK)<\/strong> Dzia\u0142a\u0107. Zgodnie z uzasadnieniem rz\u0105du, zmiana ma na celu u\u0142atwienie procesu wyw\u0142aszcze\u0144 i odszkodowa\u0144 dla dotkni\u0119tych w\u0142a\u015bcicieli nieruchomo\u015bci. Wprowadza tak\u017ce zaliczki w wysoko\u015bci do <strong>85 procent<\/strong> kwoty odszkodowania.<\/p>\n<p>Nowe regulacje maj\u0105 na celu <strong>lepiej chroni\u0107 prawa os\u00f3b, kt\u00f3rych maj\u0105tek zostanie naruszony<\/strong> w drodze decyzji ustalaj\u0105cych lokalizacj\u0119 inwestycji w ramach programu CPK. Ustawa wprowadza now\u0105 struktur\u0119 decyzji lokalizacyjnych. Obecnie decyzja taka nie inicjuje automatycznie post\u0119powania kompensacyjnego za wyw\u0142aszczon\u0105 nieruchomo\u015b\u0107. Po zmianie mo\u017cliwe b\u0119dzie wydanie decyzji <strong>natychmiastow\u0105 wykonalno\u015b\u0107<\/strong>co spowoduje m.in. rozpocz\u0119cie post\u0119powania o ustalenie odszkodowania i umo\u017cliwienie tego sp\u00f3\u0142ce CPK <strong>korzysta\u0107 z nieruchomo\u015bci na cele budowlane<\/strong>.<\/p>\n<p>Ustawa wprowadza tak\u017ce <strong>minimalny okres opuszczenia nieruchomo\u015bci<\/strong>kt\u00f3rego do tej pory nie by\u0142o, co cz\u0119sto prowadzi\u0142o do niekorzystnej sytuacji dla wyw\u0142aszczonych os\u00f3b. Po zmianie termin opuszczenia nieruchomo\u015bci nie mo\u017ce by\u0107 kr\u00f3tszy ni\u017c:<\/p>\n<p>\u2022 <strong>120 dni<\/strong> od dnia, w kt\u00f3rym decyzja lokalizacyjna stanie si\u0119 ostateczna,<br \/>\u2022 Lub <strong>120 dni<\/strong> od wydania decyzji odszkodowawczej pierwszej instancji, je\u017celi decyzji lokalizacyjnej nadano rygor natychmiastowej wykonalno\u015bci.<\/p>\n<p>Ustawa okre\u015bla tak\u017ce <strong>termin dla wojewody<\/strong> w celu ustalenia wysoko\u015bci odszkodowania: <strong>30 dni<\/strong>od dnia, w kt\u00f3rym decyzja lokalizacyjna stanie si\u0119 ostateczna, lub <strong>60 dni<\/strong> od dnia nadania mu natychmiastowej wykonalno\u015bci.<\/p>\n<p>Nowelizacja r\u00f3wnie\u017c to zapewnia <strong>wi\u0119cej os\u00f3b b\u0119dzie uprawnionych do zaliczek na odszkodowania<\/strong>. Opr\u00f3cz w\u0142a\u015bcicieli nieruchomo\u015bci zabudowanych, <strong>w\u0142a\u015bcicieli grunt\u00f3w niezabudowanych<\/strong> r\u00f3wnie\u017c si\u0119 zakwalifikuje. Osoba uprawniona do odszkodowania mo\u017ce ubiega\u0107 si\u0119 o zaliczk\u0119 w wysoko\u015bci <strong>85 procent<\/strong> kwoty odszkodowania ustalonej przez organ pierwszej instancji. Zaliczka zostanie wyp\u0142acona <strong>w ci\u0105gu 30 dni<\/strong> z\u0142o\u017cenia wniosku.<\/p>\n<p>Ustawa b\u0119dzie <strong>wchodzi w \u017cycie nast\u0119pnego dnia po jego opublikowaniu<\/strong>.<\/p>\n<p>W ramach <strong>Program PKK<\/strong>A <strong>lotnisko centralne<\/strong> ma by\u0107 budowane pomi\u0119dzy <strong>Warszaw\u0119 i \u0141\u00f3d\u017a<\/strong>wraz z A <strong>Sie\u0107 kolei du\u017cych pr\u0119dko\u015bci<\/strong>. Nowe lotnisko b\u0119dzie pocz\u0105tkowo zdolne do obs\u0142ugi <strong>34 miliony pasa\u017cer\u00f3w rocznie<\/strong> i dla kt\u00f3rych b\u0119dzie przeznaczony <strong>elastyczna, d\u0142ugoterminowa ekspansja<\/strong> zgodnie z potrzebami i prognozami rynku.<\/p>\n<p>Zgodnie z zatwierdzonym harmonogramem budowa ul <strong>lotnisko PKP<\/strong>\u2014w gminach <strong>Baran\u00f3w, Wiskitki i Teresin<\/strong>\u2014 ma si\u0119 rozpocz\u0105\u0107 za <strong>2026<\/strong>. W <strong>2031<\/strong>oczekuje si\u0119, \u017ce lotnisko uzyska niezb\u0119dne certyfikaty, a w <strong>2032<\/strong>tak b\u0119dzie <strong>otwarty do pracy<\/strong> wraz z pierwsz\u0105 sekcj\u0105 polsk\u0105 <strong>Linia Kolei Du\u017cej Pr\u0119dko\u015bci: Warszawa \u2013 CPK \u2013 \u0141\u00f3d\u017a<\/strong>. Suma <strong>szacunkowy koszt inwestycji do 2032 r. to 131,7 mld z\u0142<\/strong>.<\/p>\n<\/div>\n<\/div>\n","protected":false},"excerpt":{"rendered":"<p>Prezydent Karola Nawrockiego podpisa\u0142 dzi\u015b nowelizacj\u0119 do Centralny Port Komunikacyjny (CPK) Dzia\u0142a\u0107. Zgodnie z uzasadnieniem rz\u0105du, zmiana ma na celu<\/p>\n","protected":false},"author":1,"featured_media":7156,"comment_status":"open","ping_status":"open","sticky":false,"template":"","format":"standard","meta":{"footnotes":""},"categories":[4748],"tags":[2225,11654,11655,816,6913,11657,341,2104,7025,11656,2262],"class_list":["post-10150","post","type-post","status-publish","format-standard","has-post-thumbnail","hentry","category-aktualne","tag-cpk","tag-nowelizacje","tag-osobom","tag-podpisuje","tag-pomoze","tag-potrzeby","tag-prezydent","tag-projektu","tag-ustawy","tag-wywlaszczonym","tag-zmiana","generate-columns","tablet-grid-50","mobile-grid-100","grid-parent","grid-50","resize-featured-image"],"yoast_head":"<!-- This site is optimized with the Yoast SEO plugin v23.2 - https:\/\/yoast.com\/wordpress\/plugins\/seo\/ -->\n<title>Prezydent podpisuje nowelizacj\u0119 ustawy o CPK. Zmiana pomo\u017ce osobom wyw\u0142aszczonym na potrzeby projektu - POGOTOWIE FLAGOWE\u00ae<\/title>\n<meta name=\"robots\" content=\"index, follow, max-snippet:-1, max-image-preview:large, max-video-preview:-1\" \/>\n<link rel=\"canonical\" href=\"https:\/\/www.pogotowieflagowe.pl\/aktualne\/prezydent-podpisuje-nowelizacje-ustawy-o-cpk-zmiana-pomoze-osobom-wywlaszczonym-na-potrzeby-projektu\/\" \/>\n<meta property=\"og:locale\" content=\"pl_PL\" \/>\n<meta property=\"og:type\" content=\"article\" \/>\n<meta property=\"og:title\" content=\"Prezydent podpisuje nowelizacj\u0119 ustawy o CPK. Zmiana pomo\u017ce osobom wyw\u0142aszczonym na potrzeby projektu - POGOTOWIE FLAGOWE\u00ae\" \/>\n<meta property=\"og:description\" content=\"Prezydent Karola Nawrockiego podpisa\u0142 dzi\u015b nowelizacj\u0119 do Centralny Port Komunikacyjny (CPK) Dzia\u0142a\u0107. Zgodnie z uzasadnieniem rz\u0105du, zmiana ma na celu\" \/>\n<meta property=\"og:url\" content=\"https:\/\/www.pogotowieflagowe.pl\/aktualne\/prezydent-podpisuje-nowelizacje-ustawy-o-cpk-zmiana-pomoze-osobom-wywlaszczonym-na-potrzeby-projektu\/\" \/>\n<meta property=\"og:site_name\" content=\"POGOTOWIE FLAGOWE\u00ae\" \/>\n<meta property=\"article:published_time\" content=\"2025-11-04T22:31:43+00:00\" \/>\n<meta property=\"article:modified_time\" content=\"2025-11-04T22:31:44+00:00\" \/>\n<meta property=\"og:image\" content=\"https:\/\/www.pogotowieflagowe.pl\/aktualne\/wp-content\/uploads\/2025\/08\/Prezydent-Nawrocki-na-spotkanie-z-premierem-Tuska-na-prosbe-Tuska.webp.webp\" \/>\n\t<meta property=\"og:image:width\" content=\"1280\" \/>\n\t<meta property=\"og:image:height\" content=\"719\" \/>\n\t<meta property=\"og:image:type\" content=\"image\/webp\" \/>\n<meta name=\"author\" content=\"Filip\" \/>\n<meta name=\"twitter:card\" content=\"summary_large_image\" \/>\n<meta name=\"twitter:label1\" content=\"Napisane przez\" \/>\n\t<meta name=\"twitter:data1\" content=\"Filip\" \/>\n\t<meta name=\"twitter:label2\" content=\"Szacowany czas czytania\" \/>\n\t<meta name=\"twitter:data2\" content=\"2 minuty\" \/>\n<script type=\"application\/ld+json\" class=\"yoast-schema-graph\">{\"@context\":\"https:\/\/schema.org\",\"@graph\":[{\"@type\":\"Article\",\"@id\":\"https:\/\/www.pogotowieflagowe.pl\/aktualne\/prezydent-podpisuje-nowelizacje-ustawy-o-cpk-zmiana-pomoze-osobom-wywlaszczonym-na-potrzeby-projektu\/#article\",\"isPartOf\":{\"@id\":\"https:\/\/www.pogotowieflagowe.pl\/aktualne\/prezydent-podpisuje-nowelizacje-ustawy-o-cpk-zmiana-pomoze-osobom-wywlaszczonym-na-potrzeby-projektu\/\"},\"author\":{\"name\":\"Filip\",\"@id\":\"https:\/\/www.pogotowieflagowe.pl\/aktualne\/#\/schema\/person\/9c2fb7d2362ebf6fa088960d7f0d27b0\"},\"headline\":\"Prezydent podpisuje nowelizacj\u0119 ustawy o CPK. Zmiana pomo\u017ce osobom wyw\u0142aszczonym na potrzeby projektu\",\"datePublished\":\"2025-11-04T22:31:43+00:00\",\"dateModified\":\"2025-11-04T22:31:44+00:00\",\"mainEntityOfPage\":{\"@id\":\"https:\/\/www.pogotowieflagowe.pl\/aktualne\/prezydent-podpisuje-nowelizacje-ustawy-o-cpk-zmiana-pomoze-osobom-wywlaszczonym-na-potrzeby-projektu\/\"},\"wordCount\":442,\"commentCount\":0,\"publisher\":{\"@id\":\"https:\/\/www.pogotowieflagowe.pl\/aktualne\/#organization\"},\"image\":{\"@id\":\"https:\/\/www.pogotowieflagowe.pl\/aktualne\/prezydent-podpisuje-nowelizacje-ustawy-o-cpk-zmiana-pomoze-osobom-wywlaszczonym-na-potrzeby-projektu\/#primaryimage\"},\"thumbnailUrl\":\"https:\/\/www.pogotowieflagowe.pl\/aktualne\/wp-content\/uploads\/2025\/08\/Prezydent-Nawrocki-na-spotkanie-z-premierem-Tuska-na-prosbe-Tuska.webp.webp\",\"keywords\":[\"CPK\",\"nowelizacj\u0119\",\"osobom\",\"podpisuje\",\"pomo\u017ce\",\"potrzeby\",\"Prezydent\",\"projektu\",\"ustawy\",\"wyw\u0142aszczonym\",\"zmiana\"],\"articleSection\":[\"Aktualne\"],\"inLanguage\":\"pl-PL\",\"potentialAction\":[{\"@type\":\"CommentAction\",\"name\":\"Comment\",\"target\":[\"https:\/\/www.pogotowieflagowe.pl\/aktualne\/prezydent-podpisuje-nowelizacje-ustawy-o-cpk-zmiana-pomoze-osobom-wywlaszczonym-na-potrzeby-projektu\/#respond\"]}]},{\"@type\":\"WebPage\",\"@id\":\"https:\/\/www.pogotowieflagowe.pl\/aktualne\/prezydent-podpisuje-nowelizacje-ustawy-o-cpk-zmiana-pomoze-osobom-wywlaszczonym-na-potrzeby-projektu\/\",\"url\":\"https:\/\/www.pogotowieflagowe.pl\/aktualne\/prezydent-podpisuje-nowelizacje-ustawy-o-cpk-zmiana-pomoze-osobom-wywlaszczonym-na-potrzeby-projektu\/\",\"name\":\"Prezydent podpisuje nowelizacj\u0119 ustawy o CPK. Zmiana pomo\u017ce osobom wyw\u0142aszczonym na potrzeby projektu - POGOTOWIE FLAGOWE\u00ae\",\"isPartOf\":{\"@id\":\"https:\/\/www.pogotowieflagowe.pl\/aktualne\/#website\"},\"primaryImageOfPage\":{\"@id\":\"https:\/\/www.pogotowieflagowe.pl\/aktualne\/prezydent-podpisuje-nowelizacje-ustawy-o-cpk-zmiana-pomoze-osobom-wywlaszczonym-na-potrzeby-projektu\/#primaryimage\"},\"image\":{\"@id\":\"https:\/\/www.pogotowieflagowe.pl\/aktualne\/prezydent-podpisuje-nowelizacje-ustawy-o-cpk-zmiana-pomoze-osobom-wywlaszczonym-na-potrzeby-projektu\/#primaryimage\"},\"thumbnailUrl\":\"https:\/\/www.pogotowieflagowe.pl\/aktualne\/wp-content\/uploads\/2025\/08\/Prezydent-Nawrocki-na-spotkanie-z-premierem-Tuska-na-prosbe-Tuska.webp.webp\",\"datePublished\":\"2025-11-04T22:31:43+00:00\",\"dateModified\":\"2025-11-04T22:31:44+00:00\",\"breadcrumb\":{\"@id\":\"https:\/\/www.pogotowieflagowe.pl\/aktualne\/prezydent-podpisuje-nowelizacje-ustawy-o-cpk-zmiana-pomoze-osobom-wywlaszczonym-na-potrzeby-projektu\/#breadcrumb\"},\"inLanguage\":\"pl-PL\",\"potentialAction\":[{\"@type\":\"ReadAction\",\"target\":[\"https:\/\/www.pogotowieflagowe.pl\/aktualne\/prezydent-podpisuje-nowelizacje-ustawy-o-cpk-zmiana-pomoze-osobom-wywlaszczonym-na-potrzeby-projektu\/\"]}]},{\"@type\":\"ImageObject\",\"inLanguage\":\"pl-PL\",\"@id\":\"https:\/\/www.pogotowieflagowe.pl\/aktualne\/prezydent-podpisuje-nowelizacje-ustawy-o-cpk-zmiana-pomoze-osobom-wywlaszczonym-na-potrzeby-projektu\/#primaryimage\",\"url\":\"https:\/\/www.pogotowieflagowe.pl\/aktualne\/wp-content\/uploads\/2025\/08\/Prezydent-Nawrocki-na-spotkanie-z-premierem-Tuska-na-prosbe-Tuska.webp.webp\",\"contentUrl\":\"https:\/\/www.pogotowieflagowe.pl\/aktualne\/wp-content\/uploads\/2025\/08\/Prezydent-Nawrocki-na-spotkanie-z-premierem-Tuska-na-prosbe-Tuska.webp.webp\",\"width\":1280,\"height\":719,\"caption\":\"Prezydent Nawrocki na spotkanie z premierem Tuska na pro\u015bb\u0119 Tuska\"},{\"@type\":\"BreadcrumbList\",\"@id\":\"https:\/\/www.pogotowieflagowe.pl\/aktualne\/prezydent-podpisuje-nowelizacje-ustawy-o-cpk-zmiana-pomoze-osobom-wywlaszczonym-na-potrzeby-projektu\/#breadcrumb\",\"itemListElement\":[{\"@type\":\"ListItem\",\"position\":1,\"name\":\"Home\",\"item\":\"https:\/\/www.pogotowieflagowe.pl\/aktualne\/\"},{\"@type\":\"ListItem\",\"position\":2,\"name\":\"Prezydent podpisuje nowelizacj\u0119 ustawy o CPK. Zmiana pomo\u017ce osobom wyw\u0142aszczonym na potrzeby projektu\"}]},{\"@type\":\"WebSite\",\"@id\":\"https:\/\/www.pogotowieflagowe.pl\/aktualne\/#website\",\"url\":\"https:\/\/www.pogotowieflagowe.pl\/aktualne\/\",\"name\":\"POGOTOWIE FLAGOWE\u00ae\",\"description\":\"\",\"publisher\":{\"@id\":\"https:\/\/www.pogotowieflagowe.pl\/aktualne\/#organization\"},\"potentialAction\":[{\"@type\":\"SearchAction\",\"target\":{\"@type\":\"EntryPoint\",\"urlTemplate\":\"https:\/\/www.pogotowieflagowe.pl\/aktualne\/?s={search_term_string}\"},\"query-input\":\"required name=search_term_string\"}],\"inLanguage\":\"pl-PL\"},{\"@type\":\"Organization\",\"@id\":\"https:\/\/www.pogotowieflagowe.pl\/aktualne\/#organization\",\"name\":\"POGOTOWIE FLAGOWE\u00ae\",\"url\":\"https:\/\/www.pogotowieflagowe.pl\/aktualne\/\",\"logo\":{\"@type\":\"ImageObject\",\"inLanguage\":\"pl-PL\",\"@id\":\"https:\/\/www.pogotowieflagowe.pl\/aktualne\/#\/schema\/logo\/image\/\",\"url\":\"https:\/\/www.pogotowieflagowe.pl\/aktualne\/wp-content\/uploads\/2024\/08\/cropped-pogotowieflagowe_flaga_projekt_sm.jpg\",\"contentUrl\":\"https:\/\/www.pogotowieflagowe.pl\/aktualne\/wp-content\/uploads\/2024\/08\/cropped-pogotowieflagowe_flaga_projekt_sm.jpg\",\"width\":250,\"height\":143,\"caption\":\"POGOTOWIE FLAGOWE\u00ae\"},\"image\":{\"@id\":\"https:\/\/www.pogotowieflagowe.pl\/aktualne\/#\/schema\/logo\/image\/\"}},{\"@type\":\"Person\",\"@id\":\"https:\/\/www.pogotowieflagowe.pl\/aktualne\/#\/schema\/person\/9c2fb7d2362ebf6fa088960d7f0d27b0\",\"name\":\"Filip\",\"image\":{\"@type\":\"ImageObject\",\"inLanguage\":\"pl-PL\",\"@id\":\"https:\/\/www.pogotowieflagowe.pl\/aktualne\/#\/schema\/person\/image\/\",\"url\":\"https:\/\/www.pogotowieflagowe.pl\/aktualne\/wp-content\/uploads\/2024\/08\/pogotowieflagowe.pl_.jpg\",\"contentUrl\":\"https:\/\/www.pogotowieflagowe.pl\/aktualne\/wp-content\/uploads\/2024\/08\/pogotowieflagowe.pl_.jpg\",\"caption\":\"Filip\"},\"description\":\"Jestem Filip, polski dziennikarz z dyplomem nauk politycznych Uniwersytetu Warszawskiego. Rozpoczynaj\u0105c swoj\u0105 karier\u0119 w r\u00f3\u017cnych lokalnych mediach, zdoby\u0142em solidne do\u015bwiadczenie w zakresie \u015bledztwa i redakcji. Obecnie jako redaktor w Pogotowie flagowe, staram si\u0119 dostarcza\u0107 dog\u0142\u0119bne i istotne analizy na temat najwa\u017cniejszych kwestii aktualno\u015bci, \u0142\u0105cz\u0105c rygor z pasj\u0105 dziennikarsk\u0105.\",\"sameAs\":[\"https:\/\/www.pogotowieflagowe.pl\/\"]}]}<\/script>\n<!-- \/ Yoast SEO plugin. -->","yoast_head_json":{"title":"Prezydent podpisuje nowelizacj\u0119 ustawy o CPK. Zmiana pomo\u017ce osobom wyw\u0142aszczonym na potrzeby projektu - POGOTOWIE FLAGOWE\u00ae","robots":{"index":"index","follow":"follow","max-snippet":"max-snippet:-1","max-image-preview":"max-image-preview:large","max-video-preview":"max-video-preview:-1"},"canonical":"https:\/\/www.pogotowieflagowe.pl\/aktualne\/prezydent-podpisuje-nowelizacje-ustawy-o-cpk-zmiana-pomoze-osobom-wywlaszczonym-na-potrzeby-projektu\/","og_locale":"pl_PL","og_type":"article","og_title":"Prezydent podpisuje nowelizacj\u0119 ustawy o CPK. Zmiana pomo\u017ce osobom wyw\u0142aszczonym na potrzeby projektu - POGOTOWIE FLAGOWE\u00ae","og_description":"Prezydent Karola Nawrockiego podpisa\u0142 dzi\u015b nowelizacj\u0119 do Centralny Port Komunikacyjny (CPK) Dzia\u0142a\u0107. Zgodnie z uzasadnieniem rz\u0105du, zmiana ma na celu","og_url":"https:\/\/www.pogotowieflagowe.pl\/aktualne\/prezydent-podpisuje-nowelizacje-ustawy-o-cpk-zmiana-pomoze-osobom-wywlaszczonym-na-potrzeby-projektu\/","og_site_name":"POGOTOWIE FLAGOWE\u00ae","article_published_time":"2025-11-04T22:31:43+00:00","article_modified_time":"2025-11-04T22:31:44+00:00","og_image":[{"width":1280,"height":719,"url":"https:\/\/www.pogotowieflagowe.pl\/aktualne\/wp-content\/uploads\/2025\/08\/Prezydent-Nawrocki-na-spotkanie-z-premierem-Tuska-na-prosbe-Tuska.webp.webp","type":"image\/webp"}],"author":"Filip","twitter_card":"summary_large_image","twitter_misc":{"Napisane przez":"Filip","Szacowany czas czytania":"2 minuty"},"schema":{"@context":"https:\/\/schema.org","@graph":[{"@type":"Article","@id":"https:\/\/www.pogotowieflagowe.pl\/aktualne\/prezydent-podpisuje-nowelizacje-ustawy-o-cpk-zmiana-pomoze-osobom-wywlaszczonym-na-potrzeby-projektu\/#article","isPartOf":{"@id":"https:\/\/www.pogotowieflagowe.pl\/aktualne\/prezydent-podpisuje-nowelizacje-ustawy-o-cpk-zmiana-pomoze-osobom-wywlaszczonym-na-potrzeby-projektu\/"},"author":{"name":"Filip","@id":"https:\/\/www.pogotowieflagowe.pl\/aktualne\/#\/schema\/person\/9c2fb7d2362ebf6fa088960d7f0d27b0"},"headline":"Prezydent podpisuje nowelizacj\u0119 ustawy o CPK. Zmiana pomo\u017ce osobom wyw\u0142aszczonym na potrzeby projektu","datePublished":"2025-11-04T22:31:43+00:00","dateModified":"2025-11-04T22:31:44+00:00","mainEntityOfPage":{"@id":"https:\/\/www.pogotowieflagowe.pl\/aktualne\/prezydent-podpisuje-nowelizacje-ustawy-o-cpk-zmiana-pomoze-osobom-wywlaszczonym-na-potrzeby-projektu\/"},"wordCount":442,"commentCount":0,"publisher":{"@id":"https:\/\/www.pogotowieflagowe.pl\/aktualne\/#organization"},"image":{"@id":"https:\/\/www.pogotowieflagowe.pl\/aktualne\/prezydent-podpisuje-nowelizacje-ustawy-o-cpk-zmiana-pomoze-osobom-wywlaszczonym-na-potrzeby-projektu\/#primaryimage"},"thumbnailUrl":"https:\/\/www.pogotowieflagowe.pl\/aktualne\/wp-content\/uploads\/2025\/08\/Prezydent-Nawrocki-na-spotkanie-z-premierem-Tuska-na-prosbe-Tuska.webp.webp","keywords":["CPK","nowelizacj\u0119","osobom","podpisuje","pomo\u017ce","potrzeby","Prezydent","projektu","ustawy","wyw\u0142aszczonym","zmiana"],"articleSection":["Aktualne"],"inLanguage":"pl-PL","potentialAction":[{"@type":"CommentAction","name":"Comment","target":["https:\/\/www.pogotowieflagowe.pl\/aktualne\/prezydent-podpisuje-nowelizacje-ustawy-o-cpk-zmiana-pomoze-osobom-wywlaszczonym-na-potrzeby-projektu\/#respond"]}]},{"@type":"WebPage","@id":"https:\/\/www.pogotowieflagowe.pl\/aktualne\/prezydent-podpisuje-nowelizacje-ustawy-o-cpk-zmiana-pomoze-osobom-wywlaszczonym-na-potrzeby-projektu\/","url":"https:\/\/www.pogotowieflagowe.pl\/aktualne\/prezydent-podpisuje-nowelizacje-ustawy-o-cpk-zmiana-pomoze-osobom-wywlaszczonym-na-potrzeby-projektu\/","name":"Prezydent podpisuje nowelizacj\u0119 ustawy o CPK. Zmiana pomo\u017ce osobom wyw\u0142aszczonym na potrzeby projektu - POGOTOWIE FLAGOWE\u00ae","isPartOf":{"@id":"https:\/\/www.pogotowieflagowe.pl\/aktualne\/#website"},"primaryImageOfPage":{"@id":"https:\/\/www.pogotowieflagowe.pl\/aktualne\/prezydent-podpisuje-nowelizacje-ustawy-o-cpk-zmiana-pomoze-osobom-wywlaszczonym-na-potrzeby-projektu\/#primaryimage"},"image":{"@id":"https:\/\/www.pogotowieflagowe.pl\/aktualne\/prezydent-podpisuje-nowelizacje-ustawy-o-cpk-zmiana-pomoze-osobom-wywlaszczonym-na-potrzeby-projektu\/#primaryimage"},"thumbnailUrl":"https:\/\/www.pogotowieflagowe.pl\/aktualne\/wp-content\/uploads\/2025\/08\/Prezydent-Nawrocki-na-spotkanie-z-premierem-Tuska-na-prosbe-Tuska.webp.webp","datePublished":"2025-11-04T22:31:43+00:00","dateModified":"2025-11-04T22:31:44+00:00","breadcrumb":{"@id":"https:\/\/www.pogotowieflagowe.pl\/aktualne\/prezydent-podpisuje-nowelizacje-ustawy-o-cpk-zmiana-pomoze-osobom-wywlaszczonym-na-potrzeby-projektu\/#breadcrumb"},"inLanguage":"pl-PL","potentialAction":[{"@type":"ReadAction","target":["https:\/\/www.pogotowieflagowe.pl\/aktualne\/prezydent-podpisuje-nowelizacje-ustawy-o-cpk-zmiana-pomoze-osobom-wywlaszczonym-na-potrzeby-projektu\/"]}]},{"@type":"ImageObject","inLanguage":"pl-PL","@id":"https:\/\/www.pogotowieflagowe.pl\/aktualne\/prezydent-podpisuje-nowelizacje-ustawy-o-cpk-zmiana-pomoze-osobom-wywlaszczonym-na-potrzeby-projektu\/#primaryimage","url":"https:\/\/www.pogotowieflagowe.pl\/aktualne\/wp-content\/uploads\/2025\/08\/Prezydent-Nawrocki-na-spotkanie-z-premierem-Tuska-na-prosbe-Tuska.webp.webp","contentUrl":"https:\/\/www.pogotowieflagowe.pl\/aktualne\/wp-content\/uploads\/2025\/08\/Prezydent-Nawrocki-na-spotkanie-z-premierem-Tuska-na-prosbe-Tuska.webp.webp","width":1280,"height":719,"caption":"Prezydent Nawrocki na spotkanie z premierem Tuska na pro\u015bb\u0119 Tuska"},{"@type":"BreadcrumbList","@id":"https:\/\/www.pogotowieflagowe.pl\/aktualne\/prezydent-podpisuje-nowelizacje-ustawy-o-cpk-zmiana-pomoze-osobom-wywlaszczonym-na-potrzeby-projektu\/#breadcrumb","itemListElement":[{"@type":"ListItem","position":1,"name":"Home","item":"https:\/\/www.pogotowieflagowe.pl\/aktualne\/"},{"@type":"ListItem","position":2,"name":"Prezydent podpisuje nowelizacj\u0119 ustawy o CPK. Zmiana pomo\u017ce osobom wyw\u0142aszczonym na potrzeby projektu"}]},{"@type":"WebSite","@id":"https:\/\/www.pogotowieflagowe.pl\/aktualne\/#website","url":"https:\/\/www.pogotowieflagowe.pl\/aktualne\/","name":"POGOTOWIE FLAGOWE\u00ae","description":"","publisher":{"@id":"https:\/\/www.pogotowieflagowe.pl\/aktualne\/#organization"},"potentialAction":[{"@type":"SearchAction","target":{"@type":"EntryPoint","urlTemplate":"https:\/\/www.pogotowieflagowe.pl\/aktualne\/?s={search_term_string}"},"query-input":"required name=search_term_string"}],"inLanguage":"pl-PL"},{"@type":"Organization","@id":"https:\/\/www.pogotowieflagowe.pl\/aktualne\/#organization","name":"POGOTOWIE FLAGOWE\u00ae","url":"https:\/\/www.pogotowieflagowe.pl\/aktualne\/","logo":{"@type":"ImageObject","inLanguage":"pl-PL","@id":"https:\/\/www.pogotowieflagowe.pl\/aktualne\/#\/schema\/logo\/image\/","url":"https:\/\/www.pogotowieflagowe.pl\/aktualne\/wp-content\/uploads\/2024\/08\/cropped-pogotowieflagowe_flaga_projekt_sm.jpg","contentUrl":"https:\/\/www.pogotowieflagowe.pl\/aktualne\/wp-content\/uploads\/2024\/08\/cropped-pogotowieflagowe_flaga_projekt_sm.jpg","width":250,"height":143,"caption":"POGOTOWIE FLAGOWE\u00ae"},"image":{"@id":"https:\/\/www.pogotowieflagowe.pl\/aktualne\/#\/schema\/logo\/image\/"}},{"@type":"Person","@id":"https:\/\/www.pogotowieflagowe.pl\/aktualne\/#\/schema\/person\/9c2fb7d2362ebf6fa088960d7f0d27b0","name":"Filip","image":{"@type":"ImageObject","inLanguage":"pl-PL","@id":"https:\/\/www.pogotowieflagowe.pl\/aktualne\/#\/schema\/person\/image\/","url":"https:\/\/www.pogotowieflagowe.pl\/aktualne\/wp-content\/uploads\/2024\/08\/pogotowieflagowe.pl_.jpg","contentUrl":"https:\/\/www.pogotowieflagowe.pl\/aktualne\/wp-content\/uploads\/2024\/08\/pogotowieflagowe.pl_.jpg","caption":"Filip"},"description":"Jestem Filip, polski dziennikarz z dyplomem nauk politycznych Uniwersytetu Warszawskiego. Rozpoczynaj\u0105c swoj\u0105 karier\u0119 w r\u00f3\u017cnych lokalnych mediach, zdoby\u0142em solidne do\u015bwiadczenie w zakresie \u015bledztwa i redakcji. Obecnie jako redaktor w Pogotowie flagowe, staram si\u0119 dostarcza\u0107 dog\u0142\u0119bne i istotne analizy na temat najwa\u017cniejszych kwestii aktualno\u015bci, \u0142\u0105cz\u0105c rygor z pasj\u0105 dziennikarsk\u0105.","sameAs":["https:\/\/www.pogotowieflagowe.pl\/"]}]}},"_links":{"self":[{"href":"https:\/\/www.pogotowieflagowe.pl\/aktualne\/wp-json\/wp\/v2\/posts\/10150","targetHints":{"allow":["GET"]}}],"collection":[{"href":"https:\/\/www.pogotowieflagowe.pl\/aktualne\/wp-json\/wp\/v2\/posts"}],"about":[{"href":"https:\/\/www.pogotowieflagowe.pl\/aktualne\/wp-json\/wp\/v2\/types\/post"}],"author":[{"embeddable":true,"href":"https:\/\/www.pogotowieflagowe.pl\/aktualne\/wp-json\/wp\/v2\/users\/1"}],"replies":[{"embeddable":true,"href":"https:\/\/www.pogotowieflagowe.pl\/aktualne\/wp-json\/wp\/v2\/comments?post=10150"}],"version-history":[{"count":1,"href":"https:\/\/www.pogotowieflagowe.pl\/aktualne\/wp-json\/wp\/v2\/posts\/10150\/revisions"}],"predecessor-version":[{"id":10151,"href":"https:\/\/www.pogotowieflagowe.pl\/aktualne\/wp-json\/wp\/v2\/posts\/10150\/revisions\/10151"}],"wp:featuredmedia":[{"embeddable":true,"href":"https:\/\/www.pogotowieflagowe.pl\/aktualne\/wp-json\/wp\/v2\/media\/7156"}],"wp:attachment":[{"href":"https:\/\/www.pogotowieflagowe.pl\/aktualne\/wp-json\/wp\/v2\/media?parent=10150"}],"wp:term":[{"taxonomy":"category","embeddable":true,"href":"https:\/\/www.pogotowieflagowe.pl\/aktualne\/wp-json\/wp\/v2\/categories?post=10150"},{"taxonomy":"post_tag","embeddable":true,"href":"https:\/\/www.pogotowieflagowe.pl\/aktualne\/wp-json\/wp\/v2\/tags?post=10150"}],"curies":[{"name":"wp","href":"https:\/\/api.w.org\/{rel}","templated":true}]}}