{"id":10152,"date":"2025-11-05T00:02:59","date_gmt":"2025-11-04T23:02:59","guid":{"rendered":"https:\/\/www.pogotowieflagowe.pl\/aktualne\/rece-precz-od-slaskich-kopalni-prawie-10-000-pracownikow-zalewa-ulice-katowic-aby-bronic-miejsc-pracy-i-potepiac-rzad-oszustow\/"},"modified":"2025-11-05T00:03:00","modified_gmt":"2025-11-04T23:03:00","slug":"rece-precz-od-slaskich-kopalni-prawie-10-000-pracownikow-zalewa-ulice-katowic-aby-bronic-miejsc-pracy-i-potepiac-rzad-oszustow","status":"publish","type":"post","link":"https:\/\/www.pogotowieflagowe.pl\/aktualne\/rece-precz-od-slaskich-kopalni-prawie-10-000-pracownikow-zalewa-ulice-katowic-aby-bronic-miejsc-pracy-i-potepiac-rzad-oszustow\/","title":{"rendered":"\u201eR\u0119ce precz od \u015bl\u0105skich kopalni!\u201d \u2014 Prawie 10 000 pracownik\u00f3w zalewa ulice Katowic, aby broni\u0107 miejsc pracy i pot\u0119pia\u0107 \u201erz\u0105d oszust\u00f3w\u201d"},"content":{"rendered":"\n<div class=\"td_block_wrap tdb_single_content tdi_41 td-pb-border-top td_block_template_8 td-post-content tagdiv-type\" data-td-block-uid=\"tdi_41\">\n<style>.tdi_41{margines-top:0px!important;margin-bottom:0px!important;dope\u0142nienie-g\u00f3ra:0px!important;dope\u0142nienie-d\u00f3\u0142:0px!important}<\/style>\n<style>.tdb_single_content{margin-bottom:0;*zoom:1}.tdb_single_content:before,.tdb_single_content:after{display:table;content:'';line-height:0}.tdb_single_content:after{clear:both}.tdb_single_content .tdb-block-inner>*:not(.wp-block-quote):not(.alignwide):not(.alignfull.wp-block-cover.has-parallax):not(.td-a-ad){margin-left:auto;margin-right:auto}.tdb_single_content a{pointer-events:auto}.tdb_single_content .td-spot-id-top_ad .tdc-placeholder-title:before{content:'Najlepsza reklama artyku\u0142u'!important}.tdb_single_content .td-spot-id-inline_ad0 .tdc-placeholder-title:before{content:'Reklama wbudowana artyku\u0142u 1'!important}.tdb_single_content .td-spot-id-inline_ad1 .tdc-placeholder-title:before{content:'Wbudowana reklama w artykule 2'!important}.tdb_single_content .td-spot-id-inline_ad2 .tdc-placeholder-title:before{content:'Wbudowana reklama w artykule 3'!important}.tdb_single_content .td-spot-id-bottom_ad .tdc-placeholder-title:before{content:'Article Bottom Ad'!important}.tdb_single_content .id_top_ad,.tdb_single_content .id_bottom_ad{clear:both;margin-bottom:21px;text-align:center}.tdb_single_content .id_top_ad img,.tdb_single_content .id_bottom_ad img{margin-bottom:0}.tdb_single_content .id_top_ad .adsbygoogle,.tdb_single_content .id_bottom_ad .adsbygoogle{position:relative}.tdb_single_content .id_ad_content-horiz-left,.tdb_single_content .id_ad_content-horiz-right,.tdb_single_content .id_ad_content-horiz-center{margin-bottom:15px}.tdb_single_content .id_ad_content-horiz-left img,.tdb_single_content .id_ad_content-horiz-right img,.tdb_single_content .id_ad_content-horiz-center img{margin-bottom:0}.tdb_single_content .id_ad_content-horiz-center{text-align:center}.tdb_single_content .id_ad_content-horiz-center img{margin-right:auto;margin-left:auto}.tdb_single_content .id_ad_content-horiz-left{float:left;margin-top:9px;margin-right:21px}.tdb_single_content .id_ad_content-horiz-right{float:right;margin-top:6px;margin-left:21px}.tdb_single_content .tdc-a-ad .tdc-placeholder-title{width:300px;height:250px}.tdb_single_content .tdc-a-ad .tdc-placeholder-title:before{position:absolute;top:50%;-webkit-transform:translateY(-50%);transform:translateY(-50%);margin:auto;display:table;width:100%}.tdb_single_content .tdb-block-inner.td-fix-index{word-break:break-word}.tdi_41,.tdi_41>p,.tdi_41 .tdb-block-inner>p,.wp-block-column>p{font-size:16px!important;line-height:1.6!important}.tdi_41 .tdb-block-inner blockquote p{font-style:normal!important}@media (max-width:767px){.tdb_single_content .id_ad_content-horiz-left,.tdb_single_content .id_ad_content-horiz-right,.tdb_single_content .id_ad_content-horiz-center{margin:0 auto 26 pikseli auto}}@media (max-width:767px){.tdb_single_content .id_ad_content-horiz-left{margin-right:0}}@media (max-width:767px){.tdb_single_content .id_ad_content-horiz-right{margin-left:0}}@media (max-width:767px){.tdb_single_content .td-a-ad{float:none;text-align:center}.tdb_single_content .td-a-ad img{margin-right:auto;margin-left:auto}.tdb_single_content .tdc-a-ad{float:none}}<\/style>\n<div class=\"tdb-block-inner td-fix-index\">\n<p>Prawie 10 000 hutnik\u00f3w, g\u00f3rnik\u00f3w, pracownik\u00f3w bran\u017cy motoryzacyjnej, a nawet pracownik\u00f3w sektora publicznego protestuje dzi\u015b w Katowicach w obronie swoich miejsc pracy. To wsp\u00f3lna demonstracja najwi\u0119kszych w kraju zwi\u0105zk\u00f3w zawodowych: \u201eSolidarno\u015bci\u201d, OPZZ, Forum Zwi\u0105zk\u00f3w Zawodowych i \u201eSierpnia 80\u201d.<\/p>\n<p>&#8222;Zostali\u015bmy zepchni\u0119ci na skraj &#8211; nasz przemys\u0142 jest pod murem i nie mieli\u015bmy innego wyj\u015bcia, jak wyj\u015b\u0107 na ulice. Dzi\u015b protestuje ca\u0142y przemys\u0142 ci\u0119\u017cki i motoryzacyjny. W ka\u017cdej chwili mog\u0105 znikn\u0105\u0107, a dla tych miejsc pracy nie ma alternatywy&#8221;<br \/>\u2013 powiedzia\u0142 w rozmowie z Dariusz Gierek, zast\u0119pca szefa okr\u0119gu \u015bl\u0105sko-d\u0105browskiego \u201eSolidarno\u015bci\u201d. <em>Niezalezna.pl<\/em>.<\/p>\n<p>\u201ePrzedstawili\u015bmy rz\u0105dowi nasze \u017c\u0105dania. Ale nie s\u0105dz\u0119, \u017ceby to si\u0119 na tym sko\u0144czy\u0142o \u2013 protest\u00f3w b\u0119dzie wi\u0119cej\u201d \u2013 powiedzia\u0142 Artur Jacek Wilko\u0144, wiceprzewodnicz\u0105cy najwi\u0119kszej w Polsce Federacji Hutnik\u00f3w i Metalowc\u00f3w oraz przewodnicz\u0105cy Zwi\u0105zku Zawodowego Hutnik\u00f3w \u0141ab\u0119dy w Gliwicach.<\/p>\n<h3 class=\"wp-block-heading\">Symboliczny marsz w kszta\u0142cie gwiazdy<\/h3>\n<p>Protestuj\u0105cy maszerowali ulicami Katowic z trzech kierunk\u00f3w \u2013 ze Spodka, ulicy Gliwickiej na Za\u0142\u0119\u017cu i Parku Ko\u015bciuszki \u2013 wszyscy zbiegali si\u0119 przed Urz\u0119dem Wojew\u00f3dzkim, gdzie odbywa si\u0119 wsp\u00f3lny wiec w obronie miejsc pracy. Demonstracja przyj\u0119\u0142a symboliczn\u0105 form\u0119 \u201emarszu gwiazd\u201d. Uczestnicy skandowali has\u0142a takie jak \u201ePrecz z rz\u0105dem oszust\u00f3w\u201d, \u201eR\u0119ce precz od \u015bl\u0105skich kopalni\u201d czy \u201eNie b\u00f3jcie si\u0119\u2026 Zielonego \u0141adu\u201d.<\/p>\n<p>Do trwaj\u0105cego protestu przy\u0142\u0105czy\u0142o si\u0119 prawie 10 000 os\u00f3b.<\/p>\n<p>&#8222;Zostali\u015bmy zepchni\u0119ci na skraj &#8211; nasz przemys\u0142 jest pod murem i trzeba by\u0142o wyj\u015b\u0107 na ulice. Dzi\u015b protestuje ca\u0142y przemys\u0142 ci\u0119\u017cki i motoryzacyjny. W ka\u017cdej chwili mog\u0105 znikn\u0105\u0107, a dla tych miejsc pracy nie ma alternatywy&#8221;<br \/>\u2013 powt\u00f3rzy\u0142 z frustracj\u0105 Dariusz Gierek.<\/p>\n<h3 class=\"wp-block-heading\">\u201eTo pokaz naszej si\u0142y!\u201d<\/h3>\n<p>&#8222;Tu, na \u015al\u0105sku, zawsze potrafili\u015bmy si\u0119 zjednoczy\u0107 przeciwko z\u0142ej polityce rz\u0105du &#8211; zw\u0142aszcza temu rz\u0105dowi. Dla nas taka mobilizacja jest czym\u015b normalnym. To znak naszej determinacji, jedno\u015bci i si\u0142y &#8211; to jest prawdziwa solidarno\u015b\u0107.<\/p>\n<p>Oczekujemy, \u017ce premier Tusk i ten rz\u0105d zobacz\u0105, \u017ce nie ma sensu z nami walczy\u0107 \u2013 musz\u0105 z nami usi\u0105\u015b\u0107 i porozmawia\u0107. Aby utrzyma\u0107 \u015bl\u0105ski przemys\u0142 przy \u017cyciu, potrzebne s\u0105 realne rozwi\u0105zania. Je\u015bli jest tu przemys\u0142, na tym zyskuje gospodarka ca\u0142ego kraju.<br \/>A je\u015bli mamy si\u0119 dozbraja\u0107 \u2013 s\u0142usznie \u2013 to u nas na \u015al\u0105sku mamy huty, odlewnie i w\u0119giel koksuj\u0105cy. To wszystko jest jednym \u0142a\u0144cuchem. Nie mo\u017cemy pozwoli\u0107, aby Zielony \u0141ad pchn\u0105\u0142 nasz\u0105 bran\u017c\u0119 na skraj upadku\u201d \u2013 powiedzia\u0142 Dominik Kolorz, szef \u015bl\u0105sko-d\u0105browskiej \u201eSolidarno\u015bci\u201d.<\/p>\n<p>&#8222;Nie tak mia\u0142o by\u0107! Na pocz\u0105tku tego roku, kiedy w Warszawie protestowa\u0142y wszystkie zwi\u0105zki zawodowe hut i odlewni w Polsce, nikt z rz\u0105du nawet nie wyszed\u0142 nam na spotkanie. Teraz jeste\u015bmy &#8211; ale je\u015bli to nie zadzia\u0142a, to znowu pojedziemy do Warszawy&#8221; &#8211; oznajmi\u0142 Rafa\u0142 Mi\u015b, szef \u201eSolidarno\u015bci\u201d w Hucie \u201eBankowa\u201d w D\u0105browie G\u00f3rniczej.<\/p>\n<p>G\u00f3rnicy z kopalni \u201eBogdanka\u201d na Lubelszczy\u017anie przybyli do Katowic z transparentem \u201ePraca i Chleb\u201d.<\/p>\n<p>Cho\u0107 jest to dochodowa kopalnia, pracownicy boj\u0105 si\u0119 o swoje miejsca pracy.<\/p>\n<p>&#8222;Dlaczego? Poniewa\u017c jest to najlepsza kopalnia, jak\u0105 polski rz\u0105d m\u00f3g\u0142by zamkn\u0105\u0107&#8221; &#8211; z gorycz\u0105 stwierdzi\u0142 jeden z protestuj\u0105cych.<\/p>\n<p>W\u015br\u00f3d demonstrant\u00f3w jest tak\u017ce wielu pracownik\u00f3w znajduj\u0105cej si\u0119 na skraju bankructwa JSW (Jastrz\u0119bskiej Sp\u00f3\u0142ki W\u0119glowej) oraz kopalni \u201eBielszowice\u201d Polskiej Grupy G\u00f3rniczej. Do protestu przy\u0142\u0105czyli si\u0119 tak\u017ce pracownicy s\u0142u\u017cby zdrowia.<\/p>\n<p>\u201eWspieramy naszych koleg\u00f3w pracuj\u0105cych w przemy\u015ble ci\u0119\u017ckim. Je\u015bli znikn\u0105 kopalnie i huty, znikn\u0105 tak\u017ce us\u0142ugi publiczne, o\u015bwiata i s\u0142u\u017cba zdrowia\u201d \u2013 powiedzia\u0142a Danuta Jarosz z \u201eSolidarno\u015bci\u201d \u015al\u0105skiego Uniwersytetu Medycznego w towarzystwie dzia\u0142aczki zwi\u0105zkowej Joanny Si\u0144skiej z Sosnowca.<\/p>\n<h3 class=\"wp-block-heading\">\u201ePolski rz\u0105d nic nie robi\u201d<\/h3>\n<p>Protestuj\u0105cy sprzeciwiaj\u0105 si\u0119 przede wszystkim rosn\u0105cym cenom energii \u2013 b\u0119d\u0105cym ich zdaniem bezpo\u015brednim skutkiem Europejskiego Zielonego \u0141adu \u2013 kt\u00f3ry ich zdaniem zabija przemys\u0142. W ci\u0105gu ostatnich pi\u0119ciu lat ceny energii dla przemys\u0142u w Polsce wzros\u0142y o 80%.<\/p>\n<p>Konsekwencje s\u0105 powa\u017cne: w ci\u0105gu zaledwie ostatniego p\u00f3\u0142tora roku sam polski sektor stalowy straci\u0142 2300 miejsc pracy, a gro\u017c\u0105 kolejne zamkni\u0119cia i zwolnienia.<\/p>\n<p>&#8222;Tylko Europa niszczy w\u0142asn\u0105 gospodark\u0119 w imi\u0119 ideologii klimatycznej. Chiny, USA i Indie w dalszym ci\u0105gu produkuj\u0105 stal i wydobywaj\u0105 w\u0119giel bez takich obci\u0105\u017ce\u0144. UE woli maszerowa\u0107 w szale\u0144stwo Zielonego \u0141adu&#8221; \u2013 czytamy w ulotce rozprowadzanej przez protestuj\u0105cych.<\/p>\n<p>\u201ePolski rz\u0105d nie robi nic, aby si\u0119 temu przeciwstawi\u0107\u201d \u2013 czytamy dalej w ulotce.<\/p>\n<p>Hutnicy \u017c\u0105daj\u0105 od rz\u0105du zaprzestania niekontrolowanego importu stali spoza UE i wprowadzenia sta\u0142ej, preferencyjnej ceny energii dla ga\u0142\u0119zi przemys\u0142u energoch\u0142onnych \u2013 rozwi\u0105zanie to jest obecnie wdra\u017cane w Niemczech i innych krajach Europy Zachodniej.<\/p>\n<p>Z kolei polski rz\u0105d \u201enic nie robi i jedynie patrzy, jak polskim hutom grozi wygini\u0119cie\u201d.<\/p>\n<p>Wzywaj\u0105 te\u017c Polsk\u0119 do odrzucenia unijnego Zielonego \u0141adu, kt\u00f3ry ich zdaniem zmniejsza konkurencyjno\u015b\u0107 polskiej stali. Ka\u017cda tona wyprodukowanej stali i ka\u017cda megawatogodzina zu\u017cytej energii elektrycznej niesie ze sob\u0105 ogromne koszty narzucone przez unijn\u0105 polityk\u0119 klimatyczn\u0105.<\/p>\n<h3 class=\"wp-block-heading\">Kolejne protesty wkr\u00f3tce<\/h3>\n<p>&#8222;Przedstawili\u015bmy rz\u0105dowi nasze \u017c\u0105dania. Ale my\u015bl\u0119, \u017ce to nie koniec &#8211; nie wierz\u0119, \u017ce rz\u0105d nas wys\u0142ucha. Protest\u00f3w b\u0119dzie wi\u0119cej&#8221; &#8211; zapowiedzia\u0142 Artur Jacek Wilko\u0144, wiceszef Polskiej Federacji Hutnik\u00f3w i Metalowc\u00f3w oraz przewodnicz\u0105cy Zwi\u0105zku Hutnik\u00f3w \u0141ab\u0119dy w Gliwicach.<\/p>\n<\/div>\n<\/div>\n","protected":false},"excerpt":{"rendered":"<p>Prawie 10 000 hutnik\u00f3w, g\u00f3rnik\u00f3w, pracownik\u00f3w bran\u017cy motoryzacyjnej, a nawet pracownik\u00f3w sektora publicznego protestuje dzi\u015b w Katowicach w obronie swoich<\/p>\n","protected":false},"author":1,"featured_media":10153,"comment_status":"open","ping_status":"open","sticky":false,"template":"","format":"standard","meta":{"footnotes":""},"categories":[4748],"tags":[2143,1837,11650,3537,967,11661,11660,247,968,2424,11658,3452,1554,11659,9141,8453],"class_list":["post-10152","post","type-post","status-publish","format-standard","has-post-thumbnail","hentry","category-aktualne","tag-aby","tag-bronic","tag-katowic","tag-kopalni","tag-miejsc","tag-oszustow","tag-potepiac","tag-pracownikow","tag-pracy","tag-prawie","tag-precz","tag-rece","tag-rzad","tag-slaskich","tag-ulice","tag-zalewa","generate-columns","tablet-grid-50","mobile-grid-100","grid-parent","grid-50","resize-featured-image"],"yoast_head":"<!-- This site is optimized with the Yoast SEO plugin v23.2 - https:\/\/yoast.com\/wordpress\/plugins\/seo\/ -->\n<title>\u201eR\u0119ce precz od \u015bl\u0105skich kopalni!\u201d \u2014 Prawie 10 000 pracownik\u00f3w zalewa ulice Katowic, aby broni\u0107 miejsc pracy i pot\u0119pia\u0107 \u201erz\u0105d oszust\u00f3w\u201d - POGOTOWIE FLAGOWE\u00ae<\/title>\n<meta name=\"robots\" content=\"index, follow, max-snippet:-1, max-image-preview:large, max-video-preview:-1\" \/>\n<link rel=\"canonical\" href=\"https:\/\/www.pogotowieflagowe.pl\/aktualne\/rece-precz-od-slaskich-kopalni-prawie-10-000-pracownikow-zalewa-ulice-katowic-aby-bronic-miejsc-pracy-i-potepiac-rzad-oszustow\/\" \/>\n<meta property=\"og:locale\" content=\"pl_PL\" \/>\n<meta property=\"og:type\" content=\"article\" \/>\n<meta property=\"og:title\" content=\"\u201eR\u0119ce precz od \u015bl\u0105skich kopalni!\u201d \u2014 Prawie 10 000 pracownik\u00f3w zalewa ulice Katowic, aby broni\u0107 miejsc pracy i pot\u0119pia\u0107 \u201erz\u0105d oszust\u00f3w\u201d - POGOTOWIE FLAGOWE\u00ae\" \/>\n<meta property=\"og:description\" content=\"Prawie 10 000 hutnik\u00f3w, g\u00f3rnik\u00f3w, pracownik\u00f3w bran\u017cy motoryzacyjnej, a nawet pracownik\u00f3w sektora publicznego protestuje dzi\u015b w Katowicach w obronie swoich\" \/>\n<meta property=\"og:url\" content=\"https:\/\/www.pogotowieflagowe.pl\/aktualne\/rece-precz-od-slaskich-kopalni-prawie-10-000-pracownikow-zalewa-ulice-katowic-aby-bronic-miejsc-pracy-i-potepiac-rzad-oszustow\/\" \/>\n<meta property=\"og:site_name\" content=\"POGOTOWIE FLAGOWE\u00ae\" \/>\n<meta property=\"article:published_time\" content=\"2025-11-04T23:02:59+00:00\" \/>\n<meta property=\"article:modified_time\" content=\"2025-11-04T23:03:00+00:00\" \/>\n<meta property=\"og:image\" content=\"https:\/\/www.pogotowieflagowe.pl\/aktualne\/wp-content\/uploads\/2025\/11\/\u201eRece-precz-od-slaskich-kopalni-\u2014-Prawie-10-000-pracownikow.webp.webp\" \/>\n\t<meta property=\"og:image:width\" content=\"960\" \/>\n\t<meta property=\"og:image:height\" content=\"720\" \/>\n\t<meta property=\"og:image:type\" content=\"image\/webp\" \/>\n<meta name=\"author\" content=\"Filip\" \/>\n<meta name=\"twitter:card\" content=\"summary_large_image\" \/>\n<meta name=\"twitter:label1\" content=\"Napisane przez\" \/>\n\t<meta name=\"twitter:data1\" content=\"Filip\" \/>\n\t<meta name=\"twitter:label2\" content=\"Szacowany czas czytania\" \/>\n\t<meta name=\"twitter:data2\" content=\"5 minut\" \/>\n<script type=\"application\/ld+json\" class=\"yoast-schema-graph\">{\"@context\":\"https:\/\/schema.org\",\"@graph\":[{\"@type\":\"Article\",\"@id\":\"https:\/\/www.pogotowieflagowe.pl\/aktualne\/rece-precz-od-slaskich-kopalni-prawie-10-000-pracownikow-zalewa-ulice-katowic-aby-bronic-miejsc-pracy-i-potepiac-rzad-oszustow\/#article\",\"isPartOf\":{\"@id\":\"https:\/\/www.pogotowieflagowe.pl\/aktualne\/rece-precz-od-slaskich-kopalni-prawie-10-000-pracownikow-zalewa-ulice-katowic-aby-bronic-miejsc-pracy-i-potepiac-rzad-oszustow\/\"},\"author\":{\"name\":\"Filip\",\"@id\":\"https:\/\/www.pogotowieflagowe.pl\/aktualne\/#\/schema\/person\/9c2fb7d2362ebf6fa088960d7f0d27b0\"},\"headline\":\"\u201eR\u0119ce precz od \u015bl\u0105skich kopalni!\u201d \u2014 Prawie 10 000 pracownik\u00f3w zalewa ulice Katowic, aby broni\u0107 miejsc pracy i pot\u0119pia\u0107 \u201erz\u0105d oszust\u00f3w\u201d\",\"datePublished\":\"2025-11-04T23:02:59+00:00\",\"dateModified\":\"2025-11-04T23:03:00+00:00\",\"mainEntityOfPage\":{\"@id\":\"https:\/\/www.pogotowieflagowe.pl\/aktualne\/rece-precz-od-slaskich-kopalni-prawie-10-000-pracownikow-zalewa-ulice-katowic-aby-bronic-miejsc-pracy-i-potepiac-rzad-oszustow\/\"},\"wordCount\":961,\"commentCount\":0,\"publisher\":{\"@id\":\"https:\/\/www.pogotowieflagowe.pl\/aktualne\/#organization\"},\"image\":{\"@id\":\"https:\/\/www.pogotowieflagowe.pl\/aktualne\/rece-precz-od-slaskich-kopalni-prawie-10-000-pracownikow-zalewa-ulice-katowic-aby-bronic-miejsc-pracy-i-potepiac-rzad-oszustow\/#primaryimage\"},\"thumbnailUrl\":\"https:\/\/www.pogotowieflagowe.pl\/aktualne\/wp-content\/uploads\/2025\/11\/\u201eRece-precz-od-slaskich-kopalni-\u2014-Prawie-10-000-pracownikow.webp.webp\",\"keywords\":[\"aby\",\"broni\u0107\",\"Katowic\",\"Kopalni\",\"miejsc\",\"oszust\u00f3w\",\"pot\u0119pia\u0107\",\"pracownik\u00f3w\",\"pracy\",\"prawie\",\"precz\",\"r\u0119ce\",\"Rz\u0105d\",\"\u015bl\u0105skich\",\"ulice\",\"zalewa\"],\"articleSection\":[\"Aktualne\"],\"inLanguage\":\"pl-PL\",\"potentialAction\":[{\"@type\":\"CommentAction\",\"name\":\"Comment\",\"target\":[\"https:\/\/www.pogotowieflagowe.pl\/aktualne\/rece-precz-od-slaskich-kopalni-prawie-10-000-pracownikow-zalewa-ulice-katowic-aby-bronic-miejsc-pracy-i-potepiac-rzad-oszustow\/#respond\"]}]},{\"@type\":\"WebPage\",\"@id\":\"https:\/\/www.pogotowieflagowe.pl\/aktualne\/rece-precz-od-slaskich-kopalni-prawie-10-000-pracownikow-zalewa-ulice-katowic-aby-bronic-miejsc-pracy-i-potepiac-rzad-oszustow\/\",\"url\":\"https:\/\/www.pogotowieflagowe.pl\/aktualne\/rece-precz-od-slaskich-kopalni-prawie-10-000-pracownikow-zalewa-ulice-katowic-aby-bronic-miejsc-pracy-i-potepiac-rzad-oszustow\/\",\"name\":\"\u201eR\u0119ce precz od \u015bl\u0105skich kopalni!\u201d \u2014 Prawie 10 000 pracownik\u00f3w zalewa ulice Katowic, aby broni\u0107 miejsc pracy i pot\u0119pia\u0107 \u201erz\u0105d oszust\u00f3w\u201d - POGOTOWIE FLAGOWE\u00ae\",\"isPartOf\":{\"@id\":\"https:\/\/www.pogotowieflagowe.pl\/aktualne\/#website\"},\"primaryImageOfPage\":{\"@id\":\"https:\/\/www.pogotowieflagowe.pl\/aktualne\/rece-precz-od-slaskich-kopalni-prawie-10-000-pracownikow-zalewa-ulice-katowic-aby-bronic-miejsc-pracy-i-potepiac-rzad-oszustow\/#primaryimage\"},\"image\":{\"@id\":\"https:\/\/www.pogotowieflagowe.pl\/aktualne\/rece-precz-od-slaskich-kopalni-prawie-10-000-pracownikow-zalewa-ulice-katowic-aby-bronic-miejsc-pracy-i-potepiac-rzad-oszustow\/#primaryimage\"},\"thumbnailUrl\":\"https:\/\/www.pogotowieflagowe.pl\/aktualne\/wp-content\/uploads\/2025\/11\/\u201eRece-precz-od-slaskich-kopalni-\u2014-Prawie-10-000-pracownikow.webp.webp\",\"datePublished\":\"2025-11-04T23:02:59+00:00\",\"dateModified\":\"2025-11-04T23:03:00+00:00\",\"breadcrumb\":{\"@id\":\"https:\/\/www.pogotowieflagowe.pl\/aktualne\/rece-precz-od-slaskich-kopalni-prawie-10-000-pracownikow-zalewa-ulice-katowic-aby-bronic-miejsc-pracy-i-potepiac-rzad-oszustow\/#breadcrumb\"},\"inLanguage\":\"pl-PL\",\"potentialAction\":[{\"@type\":\"ReadAction\",\"target\":[\"https:\/\/www.pogotowieflagowe.pl\/aktualne\/rece-precz-od-slaskich-kopalni-prawie-10-000-pracownikow-zalewa-ulice-katowic-aby-bronic-miejsc-pracy-i-potepiac-rzad-oszustow\/\"]}]},{\"@type\":\"ImageObject\",\"inLanguage\":\"pl-PL\",\"@id\":\"https:\/\/www.pogotowieflagowe.pl\/aktualne\/rece-precz-od-slaskich-kopalni-prawie-10-000-pracownikow-zalewa-ulice-katowic-aby-bronic-miejsc-pracy-i-potepiac-rzad-oszustow\/#primaryimage\",\"url\":\"https:\/\/www.pogotowieflagowe.pl\/aktualne\/wp-content\/uploads\/2025\/11\/\u201eRece-precz-od-slaskich-kopalni-\u2014-Prawie-10-000-pracownikow.webp.webp\",\"contentUrl\":\"https:\/\/www.pogotowieflagowe.pl\/aktualne\/wp-content\/uploads\/2025\/11\/\u201eRece-precz-od-slaskich-kopalni-\u2014-Prawie-10-000-pracownikow.webp.webp\",\"width\":960,\"height\":720,\"caption\":\"\u201eR\u0119ce precz od \u015bl\u0105skich kopalni!\u201d \u2014 Prawie 10 000 pracownik\u00f3w zalewa ulice Katowic, aby broni\u0107 miejsc pracy i pot\u0119pia\u0107 \u201erz\u0105d oszust\u00f3w\u201d\"},{\"@type\":\"BreadcrumbList\",\"@id\":\"https:\/\/www.pogotowieflagowe.pl\/aktualne\/rece-precz-od-slaskich-kopalni-prawie-10-000-pracownikow-zalewa-ulice-katowic-aby-bronic-miejsc-pracy-i-potepiac-rzad-oszustow\/#breadcrumb\",\"itemListElement\":[{\"@type\":\"ListItem\",\"position\":1,\"name\":\"Home\",\"item\":\"https:\/\/www.pogotowieflagowe.pl\/aktualne\/\"},{\"@type\":\"ListItem\",\"position\":2,\"name\":\"\u201eR\u0119ce precz od \u015bl\u0105skich kopalni!\u201d \u2014 Prawie 10 000 pracownik\u00f3w zalewa ulice Katowic, aby broni\u0107 miejsc pracy i pot\u0119pia\u0107 \u201erz\u0105d oszust\u00f3w\u201d\"}]},{\"@type\":\"WebSite\",\"@id\":\"https:\/\/www.pogotowieflagowe.pl\/aktualne\/#website\",\"url\":\"https:\/\/www.pogotowieflagowe.pl\/aktualne\/\",\"name\":\"POGOTOWIE FLAGOWE\u00ae\",\"description\":\"\",\"publisher\":{\"@id\":\"https:\/\/www.pogotowieflagowe.pl\/aktualne\/#organization\"},\"potentialAction\":[{\"@type\":\"SearchAction\",\"target\":{\"@type\":\"EntryPoint\",\"urlTemplate\":\"https:\/\/www.pogotowieflagowe.pl\/aktualne\/?s={search_term_string}\"},\"query-input\":\"required name=search_term_string\"}],\"inLanguage\":\"pl-PL\"},{\"@type\":\"Organization\",\"@id\":\"https:\/\/www.pogotowieflagowe.pl\/aktualne\/#organization\",\"name\":\"POGOTOWIE FLAGOWE\u00ae\",\"url\":\"https:\/\/www.pogotowieflagowe.pl\/aktualne\/\",\"logo\":{\"@type\":\"ImageObject\",\"inLanguage\":\"pl-PL\",\"@id\":\"https:\/\/www.pogotowieflagowe.pl\/aktualne\/#\/schema\/logo\/image\/\",\"url\":\"https:\/\/www.pogotowieflagowe.pl\/aktualne\/wp-content\/uploads\/2024\/08\/cropped-pogotowieflagowe_flaga_projekt_sm.jpg\",\"contentUrl\":\"https:\/\/www.pogotowieflagowe.pl\/aktualne\/wp-content\/uploads\/2024\/08\/cropped-pogotowieflagowe_flaga_projekt_sm.jpg\",\"width\":250,\"height\":143,\"caption\":\"POGOTOWIE FLAGOWE\u00ae\"},\"image\":{\"@id\":\"https:\/\/www.pogotowieflagowe.pl\/aktualne\/#\/schema\/logo\/image\/\"}},{\"@type\":\"Person\",\"@id\":\"https:\/\/www.pogotowieflagowe.pl\/aktualne\/#\/schema\/person\/9c2fb7d2362ebf6fa088960d7f0d27b0\",\"name\":\"Filip\",\"image\":{\"@type\":\"ImageObject\",\"inLanguage\":\"pl-PL\",\"@id\":\"https:\/\/www.pogotowieflagowe.pl\/aktualne\/#\/schema\/person\/image\/\",\"url\":\"https:\/\/www.pogotowieflagowe.pl\/aktualne\/wp-content\/uploads\/2024\/08\/pogotowieflagowe.pl_.jpg\",\"contentUrl\":\"https:\/\/www.pogotowieflagowe.pl\/aktualne\/wp-content\/uploads\/2024\/08\/pogotowieflagowe.pl_.jpg\",\"caption\":\"Filip\"},\"description\":\"Jestem Filip, polski dziennikarz z dyplomem nauk politycznych Uniwersytetu Warszawskiego. Rozpoczynaj\u0105c swoj\u0105 karier\u0119 w r\u00f3\u017cnych lokalnych mediach, zdoby\u0142em solidne do\u015bwiadczenie w zakresie \u015bledztwa i redakcji. Obecnie jako redaktor w Pogotowie flagowe, staram si\u0119 dostarcza\u0107 dog\u0142\u0119bne i istotne analizy na temat najwa\u017cniejszych kwestii aktualno\u015bci, \u0142\u0105cz\u0105c rygor z pasj\u0105 dziennikarsk\u0105.\",\"sameAs\":[\"https:\/\/www.pogotowieflagowe.pl\/\"]}]}<\/script>\n<!-- \/ Yoast SEO plugin. -->","yoast_head_json":{"title":"\u201eR\u0119ce precz od \u015bl\u0105skich kopalni!\u201d \u2014 Prawie 10 000 pracownik\u00f3w zalewa ulice Katowic, aby broni\u0107 miejsc pracy i pot\u0119pia\u0107 \u201erz\u0105d oszust\u00f3w\u201d - POGOTOWIE FLAGOWE\u00ae","robots":{"index":"index","follow":"follow","max-snippet":"max-snippet:-1","max-image-preview":"max-image-preview:large","max-video-preview":"max-video-preview:-1"},"canonical":"https:\/\/www.pogotowieflagowe.pl\/aktualne\/rece-precz-od-slaskich-kopalni-prawie-10-000-pracownikow-zalewa-ulice-katowic-aby-bronic-miejsc-pracy-i-potepiac-rzad-oszustow\/","og_locale":"pl_PL","og_type":"article","og_title":"\u201eR\u0119ce precz od \u015bl\u0105skich kopalni!\u201d \u2014 Prawie 10 000 pracownik\u00f3w zalewa ulice Katowic, aby broni\u0107 miejsc pracy i pot\u0119pia\u0107 \u201erz\u0105d oszust\u00f3w\u201d - POGOTOWIE FLAGOWE\u00ae","og_description":"Prawie 10 000 hutnik\u00f3w, g\u00f3rnik\u00f3w, pracownik\u00f3w bran\u017cy motoryzacyjnej, a nawet pracownik\u00f3w sektora publicznego protestuje dzi\u015b w Katowicach w obronie swoich","og_url":"https:\/\/www.pogotowieflagowe.pl\/aktualne\/rece-precz-od-slaskich-kopalni-prawie-10-000-pracownikow-zalewa-ulice-katowic-aby-bronic-miejsc-pracy-i-potepiac-rzad-oszustow\/","og_site_name":"POGOTOWIE FLAGOWE\u00ae","article_published_time":"2025-11-04T23:02:59+00:00","article_modified_time":"2025-11-04T23:03:00+00:00","og_image":[{"width":960,"height":720,"url":"https:\/\/www.pogotowieflagowe.pl\/aktualne\/wp-content\/uploads\/2025\/11\/\u201eRece-precz-od-slaskich-kopalni-\u2014-Prawie-10-000-pracownikow.webp.webp","type":"image\/webp"}],"author":"Filip","twitter_card":"summary_large_image","twitter_misc":{"Napisane przez":"Filip","Szacowany czas czytania":"5 minut"},"schema":{"@context":"https:\/\/schema.org","@graph":[{"@type":"Article","@id":"https:\/\/www.pogotowieflagowe.pl\/aktualne\/rece-precz-od-slaskich-kopalni-prawie-10-000-pracownikow-zalewa-ulice-katowic-aby-bronic-miejsc-pracy-i-potepiac-rzad-oszustow\/#article","isPartOf":{"@id":"https:\/\/www.pogotowieflagowe.pl\/aktualne\/rece-precz-od-slaskich-kopalni-prawie-10-000-pracownikow-zalewa-ulice-katowic-aby-bronic-miejsc-pracy-i-potepiac-rzad-oszustow\/"},"author":{"name":"Filip","@id":"https:\/\/www.pogotowieflagowe.pl\/aktualne\/#\/schema\/person\/9c2fb7d2362ebf6fa088960d7f0d27b0"},"headline":"\u201eR\u0119ce precz od \u015bl\u0105skich kopalni!\u201d \u2014 Prawie 10 000 pracownik\u00f3w zalewa ulice Katowic, aby broni\u0107 miejsc pracy i pot\u0119pia\u0107 \u201erz\u0105d oszust\u00f3w\u201d","datePublished":"2025-11-04T23:02:59+00:00","dateModified":"2025-11-04T23:03:00+00:00","mainEntityOfPage":{"@id":"https:\/\/www.pogotowieflagowe.pl\/aktualne\/rece-precz-od-slaskich-kopalni-prawie-10-000-pracownikow-zalewa-ulice-katowic-aby-bronic-miejsc-pracy-i-potepiac-rzad-oszustow\/"},"wordCount":961,"commentCount":0,"publisher":{"@id":"https:\/\/www.pogotowieflagowe.pl\/aktualne\/#organization"},"image":{"@id":"https:\/\/www.pogotowieflagowe.pl\/aktualne\/rece-precz-od-slaskich-kopalni-prawie-10-000-pracownikow-zalewa-ulice-katowic-aby-bronic-miejsc-pracy-i-potepiac-rzad-oszustow\/#primaryimage"},"thumbnailUrl":"https:\/\/www.pogotowieflagowe.pl\/aktualne\/wp-content\/uploads\/2025\/11\/\u201eRece-precz-od-slaskich-kopalni-\u2014-Prawie-10-000-pracownikow.webp.webp","keywords":["aby","broni\u0107","Katowic","Kopalni","miejsc","oszust\u00f3w","pot\u0119pia\u0107","pracownik\u00f3w","pracy","prawie","precz","r\u0119ce","Rz\u0105d","\u015bl\u0105skich","ulice","zalewa"],"articleSection":["Aktualne"],"inLanguage":"pl-PL","potentialAction":[{"@type":"CommentAction","name":"Comment","target":["https:\/\/www.pogotowieflagowe.pl\/aktualne\/rece-precz-od-slaskich-kopalni-prawie-10-000-pracownikow-zalewa-ulice-katowic-aby-bronic-miejsc-pracy-i-potepiac-rzad-oszustow\/#respond"]}]},{"@type":"WebPage","@id":"https:\/\/www.pogotowieflagowe.pl\/aktualne\/rece-precz-od-slaskich-kopalni-prawie-10-000-pracownikow-zalewa-ulice-katowic-aby-bronic-miejsc-pracy-i-potepiac-rzad-oszustow\/","url":"https:\/\/www.pogotowieflagowe.pl\/aktualne\/rece-precz-od-slaskich-kopalni-prawie-10-000-pracownikow-zalewa-ulice-katowic-aby-bronic-miejsc-pracy-i-potepiac-rzad-oszustow\/","name":"\u201eR\u0119ce precz od \u015bl\u0105skich kopalni!\u201d \u2014 Prawie 10 000 pracownik\u00f3w zalewa ulice Katowic, aby broni\u0107 miejsc pracy i pot\u0119pia\u0107 \u201erz\u0105d oszust\u00f3w\u201d - POGOTOWIE FLAGOWE\u00ae","isPartOf":{"@id":"https:\/\/www.pogotowieflagowe.pl\/aktualne\/#website"},"primaryImageOfPage":{"@id":"https:\/\/www.pogotowieflagowe.pl\/aktualne\/rece-precz-od-slaskich-kopalni-prawie-10-000-pracownikow-zalewa-ulice-katowic-aby-bronic-miejsc-pracy-i-potepiac-rzad-oszustow\/#primaryimage"},"image":{"@id":"https:\/\/www.pogotowieflagowe.pl\/aktualne\/rece-precz-od-slaskich-kopalni-prawie-10-000-pracownikow-zalewa-ulice-katowic-aby-bronic-miejsc-pracy-i-potepiac-rzad-oszustow\/#primaryimage"},"thumbnailUrl":"https:\/\/www.pogotowieflagowe.pl\/aktualne\/wp-content\/uploads\/2025\/11\/\u201eRece-precz-od-slaskich-kopalni-\u2014-Prawie-10-000-pracownikow.webp.webp","datePublished":"2025-11-04T23:02:59+00:00","dateModified":"2025-11-04T23:03:00+00:00","breadcrumb":{"@id":"https:\/\/www.pogotowieflagowe.pl\/aktualne\/rece-precz-od-slaskich-kopalni-prawie-10-000-pracownikow-zalewa-ulice-katowic-aby-bronic-miejsc-pracy-i-potepiac-rzad-oszustow\/#breadcrumb"},"inLanguage":"pl-PL","potentialAction":[{"@type":"ReadAction","target":["https:\/\/www.pogotowieflagowe.pl\/aktualne\/rece-precz-od-slaskich-kopalni-prawie-10-000-pracownikow-zalewa-ulice-katowic-aby-bronic-miejsc-pracy-i-potepiac-rzad-oszustow\/"]}]},{"@type":"ImageObject","inLanguage":"pl-PL","@id":"https:\/\/www.pogotowieflagowe.pl\/aktualne\/rece-precz-od-slaskich-kopalni-prawie-10-000-pracownikow-zalewa-ulice-katowic-aby-bronic-miejsc-pracy-i-potepiac-rzad-oszustow\/#primaryimage","url":"https:\/\/www.pogotowieflagowe.pl\/aktualne\/wp-content\/uploads\/2025\/11\/\u201eRece-precz-od-slaskich-kopalni-\u2014-Prawie-10-000-pracownikow.webp.webp","contentUrl":"https:\/\/www.pogotowieflagowe.pl\/aktualne\/wp-content\/uploads\/2025\/11\/\u201eRece-precz-od-slaskich-kopalni-\u2014-Prawie-10-000-pracownikow.webp.webp","width":960,"height":720,"caption":"\u201eR\u0119ce precz od \u015bl\u0105skich kopalni!\u201d \u2014 Prawie 10 000 pracownik\u00f3w zalewa ulice Katowic, aby broni\u0107 miejsc pracy i pot\u0119pia\u0107 \u201erz\u0105d oszust\u00f3w\u201d"},{"@type":"BreadcrumbList","@id":"https:\/\/www.pogotowieflagowe.pl\/aktualne\/rece-precz-od-slaskich-kopalni-prawie-10-000-pracownikow-zalewa-ulice-katowic-aby-bronic-miejsc-pracy-i-potepiac-rzad-oszustow\/#breadcrumb","itemListElement":[{"@type":"ListItem","position":1,"name":"Home","item":"https:\/\/www.pogotowieflagowe.pl\/aktualne\/"},{"@type":"ListItem","position":2,"name":"\u201eR\u0119ce precz od \u015bl\u0105skich kopalni!\u201d \u2014 Prawie 10 000 pracownik\u00f3w zalewa ulice Katowic, aby broni\u0107 miejsc pracy i pot\u0119pia\u0107 \u201erz\u0105d oszust\u00f3w\u201d"}]},{"@type":"WebSite","@id":"https:\/\/www.pogotowieflagowe.pl\/aktualne\/#website","url":"https:\/\/www.pogotowieflagowe.pl\/aktualne\/","name":"POGOTOWIE FLAGOWE\u00ae","description":"","publisher":{"@id":"https:\/\/www.pogotowieflagowe.pl\/aktualne\/#organization"},"potentialAction":[{"@type":"SearchAction","target":{"@type":"EntryPoint","urlTemplate":"https:\/\/www.pogotowieflagowe.pl\/aktualne\/?s={search_term_string}"},"query-input":"required name=search_term_string"}],"inLanguage":"pl-PL"},{"@type":"Organization","@id":"https:\/\/www.pogotowieflagowe.pl\/aktualne\/#organization","name":"POGOTOWIE FLAGOWE\u00ae","url":"https:\/\/www.pogotowieflagowe.pl\/aktualne\/","logo":{"@type":"ImageObject","inLanguage":"pl-PL","@id":"https:\/\/www.pogotowieflagowe.pl\/aktualne\/#\/schema\/logo\/image\/","url":"https:\/\/www.pogotowieflagowe.pl\/aktualne\/wp-content\/uploads\/2024\/08\/cropped-pogotowieflagowe_flaga_projekt_sm.jpg","contentUrl":"https:\/\/www.pogotowieflagowe.pl\/aktualne\/wp-content\/uploads\/2024\/08\/cropped-pogotowieflagowe_flaga_projekt_sm.jpg","width":250,"height":143,"caption":"POGOTOWIE FLAGOWE\u00ae"},"image":{"@id":"https:\/\/www.pogotowieflagowe.pl\/aktualne\/#\/schema\/logo\/image\/"}},{"@type":"Person","@id":"https:\/\/www.pogotowieflagowe.pl\/aktualne\/#\/schema\/person\/9c2fb7d2362ebf6fa088960d7f0d27b0","name":"Filip","image":{"@type":"ImageObject","inLanguage":"pl-PL","@id":"https:\/\/www.pogotowieflagowe.pl\/aktualne\/#\/schema\/person\/image\/","url":"https:\/\/www.pogotowieflagowe.pl\/aktualne\/wp-content\/uploads\/2024\/08\/pogotowieflagowe.pl_.jpg","contentUrl":"https:\/\/www.pogotowieflagowe.pl\/aktualne\/wp-content\/uploads\/2024\/08\/pogotowieflagowe.pl_.jpg","caption":"Filip"},"description":"Jestem Filip, polski dziennikarz z dyplomem nauk politycznych Uniwersytetu Warszawskiego. Rozpoczynaj\u0105c swoj\u0105 karier\u0119 w r\u00f3\u017cnych lokalnych mediach, zdoby\u0142em solidne do\u015bwiadczenie w zakresie \u015bledztwa i redakcji. Obecnie jako redaktor w Pogotowie flagowe, staram si\u0119 dostarcza\u0107 dog\u0142\u0119bne i istotne analizy na temat najwa\u017cniejszych kwestii aktualno\u015bci, \u0142\u0105cz\u0105c rygor z pasj\u0105 dziennikarsk\u0105.","sameAs":["https:\/\/www.pogotowieflagowe.pl\/"]}]}},"_links":{"self":[{"href":"https:\/\/www.pogotowieflagowe.pl\/aktualne\/wp-json\/wp\/v2\/posts\/10152","targetHints":{"allow":["GET"]}}],"collection":[{"href":"https:\/\/www.pogotowieflagowe.pl\/aktualne\/wp-json\/wp\/v2\/posts"}],"about":[{"href":"https:\/\/www.pogotowieflagowe.pl\/aktualne\/wp-json\/wp\/v2\/types\/post"}],"author":[{"embeddable":true,"href":"https:\/\/www.pogotowieflagowe.pl\/aktualne\/wp-json\/wp\/v2\/users\/1"}],"replies":[{"embeddable":true,"href":"https:\/\/www.pogotowieflagowe.pl\/aktualne\/wp-json\/wp\/v2\/comments?post=10152"}],"version-history":[{"count":1,"href":"https:\/\/www.pogotowieflagowe.pl\/aktualne\/wp-json\/wp\/v2\/posts\/10152\/revisions"}],"predecessor-version":[{"id":10154,"href":"https:\/\/www.pogotowieflagowe.pl\/aktualne\/wp-json\/wp\/v2\/posts\/10152\/revisions\/10154"}],"wp:featuredmedia":[{"embeddable":true,"href":"https:\/\/www.pogotowieflagowe.pl\/aktualne\/wp-json\/wp\/v2\/media\/10153"}],"wp:attachment":[{"href":"https:\/\/www.pogotowieflagowe.pl\/aktualne\/wp-json\/wp\/v2\/media?parent=10152"}],"wp:term":[{"taxonomy":"category","embeddable":true,"href":"https:\/\/www.pogotowieflagowe.pl\/aktualne\/wp-json\/wp\/v2\/categories?post=10152"},{"taxonomy":"post_tag","embeddable":true,"href":"https:\/\/www.pogotowieflagowe.pl\/aktualne\/wp-json\/wp\/v2\/tags?post=10152"}],"curies":[{"name":"wp","href":"https:\/\/api.w.org\/{rel}","templated":true}]}}