{"id":10187,"date":"2025-11-06T00:32:54","date_gmt":"2025-11-05T23:32:54","guid":{"rendered":"https:\/\/www.pogotowieflagowe.pl\/aktualne\/wizyta-prezydenta-nawrockiego-na-slowacji-kluczowe-poruszane-tematy-jestesmy-po-tej-samej-stronie\/"},"modified":"2025-11-06T00:32:57","modified_gmt":"2025-11-05T23:32:57","slug":"wizyta-prezydenta-nawrockiego-na-slowacji-kluczowe-poruszane-tematy-jestesmy-po-tej-samej-stronie","status":"publish","type":"post","link":"https:\/\/www.pogotowieflagowe.pl\/aktualne\/wizyta-prezydenta-nawrockiego-na-slowacji-kluczowe-poruszane-tematy-jestesmy-po-tej-samej-stronie\/","title":{"rendered":"Wizyta Prezydenta Nawrockiego na S\u0142owacji: kluczowe poruszane tematy \u2013 \u201eJeste\u015bmy po tej samej stronie\u201d"},"content":{"rendered":"\n<div class=\"td_block_wrap tdb_single_content tdi_41 td-pb-border-top td_block_template_8 td-post-content tagdiv-type\" data-td-block-uid=\"tdi_41\">\n<style>.tdi_41{margines-top:0px!important;margin-bottom:0px!important;dope\u0142nienie-g\u00f3ra:0px!important;dope\u0142nienie-d\u00f3\u0142:0px!important}<\/style>\n<style>.tdb_single_content{margin-bottom:0;*zoom:1}.tdb_single_content:before,.tdb_single_content:after{display:table;content:'';line-height:0}.tdb_single_content:after{clear:both}.tdb_single_content .tdb-block-inner>*:not(.wp-block-quote):not(.alignwide):not(.alignfull.wp-block-cover.has-parallax):not(.td-a-ad){margin-left:auto;margin-right:auto}.tdb_single_content a{pointer-events:auto}.tdb_single_content .td-spot-id-top_ad .tdc-placeholder-title:before{content:'Najlepsza reklama artyku\u0142u'!important}.tdb_single_content .td-spot-id-inline_ad0 .tdc-placeholder-title:before{content:'Reklama wbudowana artyku\u0142u 1'!important}.tdb_single_content .td-spot-id-inline_ad1 .tdc-placeholder-title:before{content:'Wbudowana reklama w artykule 2'!important}.tdb_single_content .td-spot-id-inline_ad2 .tdc-placeholder-title:before{content:'Wbudowana reklama w artykule 3'!important}.tdb_single_content .td-spot-id-bottom_ad .tdc-placeholder-title:before{content:'Article Bottom Ad'!important}.tdb_single_content .id_top_ad,.tdb_single_content .id_bottom_ad{clear:both;margin-bottom:21px;text-align:center}.tdb_single_content .id_top_ad img,.tdb_single_content .id_bottom_ad img{margin-bottom:0}.tdb_single_content .id_top_ad .adsbygoogle,.tdb_single_content .id_bottom_ad .adsbygoogle{position:relative}.tdb_single_content .id_ad_content-horiz-left,.tdb_single_content .id_ad_content-horiz-right,.tdb_single_content .id_ad_content-horiz-center{margin-bottom:15px}.tdb_single_content .id_ad_content-horiz-left img,.tdb_single_content .id_ad_content-horiz-right img,.tdb_single_content .id_ad_content-horiz-center img{margin-bottom:0}.tdb_single_content .id_ad_content-horiz-center{text-align:center}.tdb_single_content .id_ad_content-horiz-center img{margin-right:auto;margin-left:auto}.tdb_single_content .id_ad_content-horiz-left{float:left;margin-top:9px;margin-right:21px}.tdb_single_content .id_ad_content-horiz-right{float:right;margin-top:6px;margin-left:21px}.tdb_single_content .tdc-a-ad .tdc-placeholder-title{width:300px;height:250px}.tdb_single_content .tdc-a-ad .tdc-placeholder-title:before{position:absolute;top:50%;-webkit-transform:translateY(-50%);transform:translateY(-50%);margin:auto;display:table;width:100%}.tdb_single_content .tdb-block-inner.td-fix-index{word-break:break-word}.tdi_41,.tdi_41>p,.tdi_41 .tdb-block-inner>p,.wp-block-column>p{font-size:16px!important;line-height:1.6!important}.tdi_41 .tdb-block-inner blockquote p{font-style:normal!important}@media (max-width:767px){.tdb_single_content .id_ad_content-horiz-left,.tdb_single_content .id_ad_content-horiz-right,.tdb_single_content .id_ad_content-horiz-center{margin:0 auto 26 pikseli auto}}@media (max-width:767px){.tdb_single_content .id_ad_content-horiz-left{margin-right:0}}@media (max-width:767px){.tdb_single_content .id_ad_content-horiz-right{margin-left:0}}@media (max-width:767px){.tdb_single_content .td-a-ad{float:none;text-align:center}.tdb_single_content .td-a-ad img{margin-right:auto;margin-left:auto}.tdb_single_content .tdc-a-ad{float:none}}<\/style>\n<div class=\"tdb-block-inner td-fix-index\">\n<p>Prezydent Polski <strong>Karola Nawrockiego<\/strong> spotka\u0142em si\u0119 w Bratys\u0142awie z <strong>Prezydent S\u0142owacji Peter Pellegrini<\/strong>. \u201eAni ja, ani prezydent Pellegrini nie zgodzimy si\u0119, aby Bruksela lub Unia Europejska decydowa\u0142y o procesach migracyjnych w naszych krajach \u2013 procesach, kt\u00f3re stanowi\u0105 zagro\u017cenie dla naszego bezpiecze\u0144stwa\u201d \u2013 powiedzia\u0142 prezydent.<\/p>\n<p>Na <strong>Pa\u0142ac Prezydencki w Bratys\u0142awie<\/strong>odby\u0142y si\u0119 zar\u00f3wno rozmowy indywidualne, jak i spotkania plenarne delegacji pod przewodnictwem Prezydent\u00f3w Polski i S\u0142owacji.<\/p>\n<p>Podczas <strong>konferencja prasowa<\/strong>Prezydent Nawrocki podkre\u015bli\u0142, \u017ce Polska i S\u0142owacja s\u0105 nie tylko s\u0105siadami, ale tak\u017ce sprawdzonymi przyjaci\u00f3\u0142mi.<\/p>\n<p>\u201eW latach 2022-2024 polscy piloci brali udzia\u0142 w patrolowaniu przestrzeni powietrznej S\u0142owacji. A kiedy granica Polski zosta\u0142a naruszona przez rosyjskie drony, prezydent Pellegrini i S\u0142owacja wyra\u017anie zadeklarowali solidarno\u015b\u0107 z Polsk\u0105\u201d \u2013 przypomnia\u0142.<\/p>\n<p>Prezydent podkre\u015bli\u0142, \u017ce zar\u00f3wno dla Polski, jak i S\u0142owacji, <strong>Grupa Wyszehradzka<\/strong>, <strong>Inicjatywa Tr\u00f3jmorza<\/strong>formaty takie jak <strong>Bukareszt Dziewi\u0119\u0107 (B9)<\/strong>i og\u00f3ln\u0105 odpowiedzialno\u015b\u0107 za <strong>Wschodnia flanka NATO oraz Europa \u015arodkowo-Wschodnia<\/strong> pozostaj\u0105 podstawowymi celami.<\/p>\n<p>\u201eTe formaty zbli\u017caj\u0105 nas do siebie i daj\u0105 naszym krajom mo\u017cliwo\u015b\u0107 reagowania w ramach NATO lub UE w kwestiach wa\u017cnych dla naszego bezpiecze\u0144stwa, gospodarki i dobrobytu\u201d \u2013 stwierdzi\u0142 Nawrocki.<\/p>\n<p>Podkre\u015bli\u0142, \u017ce \u201ebuduj\u0105c kluczow\u0105 dla naszego bezpiecze\u0144stwa i gospodarki o\u015b P\u00f3\u0142noc\u2013Po\u0142udnie, potrzebujemy realnych inwestycji w infrastruktur\u0119 drogow\u0105\u201d.<\/p>\n<p>\u201eDeklaracja prezydenta Pellegriniego, \u017ce trasa R4, b\u0119d\u0105ca cz\u0119\u015bci\u0105 korytarza Via Carpatia, jest w budowie i zostanie uko\u0144czona w ci\u0105gu kilku lat, jest kluczowa dla naszych inwestor\u00f3w, przedsi\u0119biorc\u00f3w i dla rozszerzenia naszej wsp\u00f3\u0142pracy gospodarczej\u201d \u2013 doda\u0142.<\/p>\n<p>&#8222;Po spotkaniach z prezydentem Donaldem Trumpem zaproponowa\u0142em, aby Polska jak najszybciej sta\u0142a si\u0119 hubem dla dostaw gazu ze Stan\u00f3w Zjednoczonych. Mamy ju\u017c terminal w \u015awinouj\u015bciu. Mam nadziej\u0119, \u017ce wkr\u00f3tce zako\u0144czy si\u0119 budowa p\u0142ywaj\u0105cego terminalu na Morzu Ba\u0142tyckim. Mamy po\u0142\u0105czenie mi\u0119dzysystemowe ze S\u0142owacj\u0105. Rozw\u00f3j infrastruktury Polski i nasza wsp\u00f3\u0142praca doprowadzi ca\u0142y region do niepodleg\u0142o\u015bci od Rosji&#8221; &#8211; powiedzia\u0142 polski prezydent.<\/p>\n<p>Podczas konferencji prasowej Nawrocki powiedzia\u0142, \u017ce jego rozmowy z prezydentem Pellegrinim r\u00f3wnie\u017c skupia\u0142y si\u0119 na tym <strong>kwestie migracji<\/strong>.<\/p>\n<p>&#8222;Nasze wsp\u00f3lne stanowisko jest jasne i mam nadziej\u0119, \u017ce uda nam si\u0119 przekona\u0107 do nas naszych partner\u00f3w w Budapeszcie i Pradze &#8211; Polacy i S\u0142owacy czuj\u0105 si\u0119 gospodarzami we w\u0142asnych krajach. Ani ja, ani prezydent Pellegrini nie zgodzimy si\u0119 na to, aby Bruksela czy UE decydowa\u0142y o procesach migracyjnych w naszych krajach, kt\u00f3re zagra\u017caj\u0105 naszemu bezpiecze\u0144stwu. Ciesz\u0119 si\u0119, \u017ce w tej kwestii jeste\u015bmy po tej samej stronie&#8221; &#8211; podkre\u015bli\u0142.<\/p>\n<p>B\u0119d\u0105c w Bratys\u0142awie, spotka\u0142 si\u0119 tak\u017ce z prezydentem Nawrockim <strong>Ryszard Rasi<\/strong>, <strong>Marsza\u0142ek Rady Narodowej Republiki S\u0142owackiej<\/strong>i z <strong>Roberta Fico<\/strong>, <strong>Premier S\u0142owacji<\/strong>.<\/p>\n<p>Na zako\u0144czenie wizyty Przewodnicz\u0105cy <strong>Karola Nawrockiego<\/strong> I <strong>Petera Pellegriniego<\/strong> z\u0142o\u017cyli wie\u0144ce na ul <strong>Pomnik Bramy Wolno\u015bci<\/strong>ku czci ofiar re\u017cim\u00f3w komunistycznych w Polsce i Czechos\u0142owacji.<\/p>\n<p>Prezydentowi Nawrockiemu towarzyszy\u0142 <strong>Marcina Przydacza<\/strong>szef Biura Polityki Mi\u0119dzynarodowej oraz <strong>Jaros\u0142awa D\u0119bowskiego<\/strong>zast\u0119pca szefa Gabinetu Prezydenta.<\/p>\n<p>Prezydent Nawrocki pojedzie do <strong>Czechy, 24 listopada<\/strong>i dalej <strong>3 grudnia<\/strong> b\u0119dzie uczestniczy\u0142 w <strong>Szczyt Grupy Wyszehradzkiej na W\u0119grzech<\/strong>.<\/p>\n<\/div>\n<\/div>\n","protected":false},"excerpt":{"rendered":"<p>Prezydent Polski Karola Nawrockiego spotka\u0142em si\u0119 w Bratys\u0142awie z Prezydent S\u0142owacji Peter Pellegrini. \u201eAni ja, ani prezydent Pellegrini nie zgodzimy<\/p>\n","protected":false},"author":1,"featured_media":10188,"comment_status":"open","ping_status":"open","sticky":false,"template":"","format":"standard","meta":{"footnotes":""},"categories":[4748],"tags":[1834,421,3306,11684,568,9050,11683,1662,2221,6418,1356],"class_list":["post-10187","post","type-post","status-publish","format-standard","has-post-thumbnail","hentry","category-aktualne","tag-jestesmy","tag-kluczowe","tag-nawrockiego","tag-poruszane","tag-prezydenta","tag-samej","tag-slowacji","tag-stronie","tag-tej","tag-tematy","tag-wizyta","generate-columns","tablet-grid-50","mobile-grid-100","grid-parent","grid-50","resize-featured-image"],"yoast_head":"<!-- This site is optimized with the Yoast SEO plugin v23.2 - https:\/\/yoast.com\/wordpress\/plugins\/seo\/ -->\n<title>Wizyta Prezydenta Nawrockiego na S\u0142owacji: kluczowe poruszane tematy \u2013 \u201eJeste\u015bmy po tej samej stronie\u201d - POGOTOWIE FLAGOWE\u00ae<\/title>\n<meta name=\"robots\" content=\"index, follow, max-snippet:-1, max-image-preview:large, max-video-preview:-1\" \/>\n<link rel=\"canonical\" href=\"https:\/\/www.pogotowieflagowe.pl\/aktualne\/wizyta-prezydenta-nawrockiego-na-slowacji-kluczowe-poruszane-tematy-jestesmy-po-tej-samej-stronie\/\" \/>\n<meta property=\"og:locale\" content=\"pl_PL\" \/>\n<meta property=\"og:type\" content=\"article\" \/>\n<meta property=\"og:title\" content=\"Wizyta Prezydenta Nawrockiego na S\u0142owacji: kluczowe poruszane tematy \u2013 \u201eJeste\u015bmy po tej samej stronie\u201d - POGOTOWIE FLAGOWE\u00ae\" \/>\n<meta property=\"og:description\" content=\"Prezydent Polski Karola Nawrockiego spotka\u0142em si\u0119 w Bratys\u0142awie z Prezydent S\u0142owacji Peter Pellegrini. \u201eAni ja, ani prezydent Pellegrini nie zgodzimy\" \/>\n<meta property=\"og:url\" content=\"https:\/\/www.pogotowieflagowe.pl\/aktualne\/wizyta-prezydenta-nawrockiego-na-slowacji-kluczowe-poruszane-tematy-jestesmy-po-tej-samej-stronie\/\" \/>\n<meta property=\"og:site_name\" content=\"POGOTOWIE FLAGOWE\u00ae\" \/>\n<meta property=\"article:published_time\" content=\"2025-11-05T23:32:54+00:00\" \/>\n<meta property=\"article:modified_time\" content=\"2025-11-05T23:32:57+00:00\" \/>\n<meta property=\"og:image\" content=\"https:\/\/www.pogotowieflagowe.pl\/aktualne\/wp-content\/uploads\/2025\/11\/Wizyta-Prezydenta-Nawrockiego-na-Slowacji-kluczowe-poruszane-tematy-\u2013-\u201eJestesmy.jpeg\" \/>\n\t<meta property=\"og:image:width\" content=\"2000\" \/>\n\t<meta property=\"og:image:height\" content=\"1333\" \/>\n\t<meta property=\"og:image:type\" content=\"image\/jpeg\" \/>\n<meta name=\"author\" content=\"Filip\" \/>\n<meta name=\"twitter:card\" content=\"summary_large_image\" \/>\n<meta name=\"twitter:label1\" content=\"Napisane przez\" \/>\n\t<meta name=\"twitter:data1\" content=\"Filip\" \/>\n\t<meta name=\"twitter:label2\" content=\"Szacowany czas czytania\" \/>\n\t<meta name=\"twitter:data2\" content=\"3 minuty\" \/>\n<script type=\"application\/ld+json\" class=\"yoast-schema-graph\">{\"@context\":\"https:\/\/schema.org\",\"@graph\":[{\"@type\":\"Article\",\"@id\":\"https:\/\/www.pogotowieflagowe.pl\/aktualne\/wizyta-prezydenta-nawrockiego-na-slowacji-kluczowe-poruszane-tematy-jestesmy-po-tej-samej-stronie\/#article\",\"isPartOf\":{\"@id\":\"https:\/\/www.pogotowieflagowe.pl\/aktualne\/wizyta-prezydenta-nawrockiego-na-slowacji-kluczowe-poruszane-tematy-jestesmy-po-tej-samej-stronie\/\"},\"author\":{\"name\":\"Filip\",\"@id\":\"https:\/\/www.pogotowieflagowe.pl\/aktualne\/#\/schema\/person\/9c2fb7d2362ebf6fa088960d7f0d27b0\"},\"headline\":\"Wizyta Prezydenta Nawrockiego na S\u0142owacji: kluczowe poruszane tematy \u2013 \u201eJeste\u015bmy po tej samej stronie\u201d\",\"datePublished\":\"2025-11-05T23:32:54+00:00\",\"dateModified\":\"2025-11-05T23:32:57+00:00\",\"mainEntityOfPage\":{\"@id\":\"https:\/\/www.pogotowieflagowe.pl\/aktualne\/wizyta-prezydenta-nawrockiego-na-slowacji-kluczowe-poruszane-tematy-jestesmy-po-tej-samej-stronie\/\"},\"wordCount\":553,\"commentCount\":0,\"publisher\":{\"@id\":\"https:\/\/www.pogotowieflagowe.pl\/aktualne\/#organization\"},\"image\":{\"@id\":\"https:\/\/www.pogotowieflagowe.pl\/aktualne\/wizyta-prezydenta-nawrockiego-na-slowacji-kluczowe-poruszane-tematy-jestesmy-po-tej-samej-stronie\/#primaryimage\"},\"thumbnailUrl\":\"https:\/\/www.pogotowieflagowe.pl\/aktualne\/wp-content\/uploads\/2025\/11\/Wizyta-Prezydenta-Nawrockiego-na-Slowacji-kluczowe-poruszane-tematy-\u2013-\u201eJestesmy.jpeg\",\"keywords\":[\"Jeste\u015bmy\",\"kluczowe\",\"Nawrockiego\",\"poruszane\",\"prezydenta\",\"samej\",\"S\u0142owacji\",\"stronie\",\"tej\",\"tematy\",\"wizyt\u0105\"],\"articleSection\":[\"Aktualne\"],\"inLanguage\":\"pl-PL\",\"potentialAction\":[{\"@type\":\"CommentAction\",\"name\":\"Comment\",\"target\":[\"https:\/\/www.pogotowieflagowe.pl\/aktualne\/wizyta-prezydenta-nawrockiego-na-slowacji-kluczowe-poruszane-tematy-jestesmy-po-tej-samej-stronie\/#respond\"]}]},{\"@type\":\"WebPage\",\"@id\":\"https:\/\/www.pogotowieflagowe.pl\/aktualne\/wizyta-prezydenta-nawrockiego-na-slowacji-kluczowe-poruszane-tematy-jestesmy-po-tej-samej-stronie\/\",\"url\":\"https:\/\/www.pogotowieflagowe.pl\/aktualne\/wizyta-prezydenta-nawrockiego-na-slowacji-kluczowe-poruszane-tematy-jestesmy-po-tej-samej-stronie\/\",\"name\":\"Wizyta Prezydenta Nawrockiego na S\u0142owacji: kluczowe poruszane tematy \u2013 \u201eJeste\u015bmy po tej samej stronie\u201d - POGOTOWIE FLAGOWE\u00ae\",\"isPartOf\":{\"@id\":\"https:\/\/www.pogotowieflagowe.pl\/aktualne\/#website\"},\"primaryImageOfPage\":{\"@id\":\"https:\/\/www.pogotowieflagowe.pl\/aktualne\/wizyta-prezydenta-nawrockiego-na-slowacji-kluczowe-poruszane-tematy-jestesmy-po-tej-samej-stronie\/#primaryimage\"},\"image\":{\"@id\":\"https:\/\/www.pogotowieflagowe.pl\/aktualne\/wizyta-prezydenta-nawrockiego-na-slowacji-kluczowe-poruszane-tematy-jestesmy-po-tej-samej-stronie\/#primaryimage\"},\"thumbnailUrl\":\"https:\/\/www.pogotowieflagowe.pl\/aktualne\/wp-content\/uploads\/2025\/11\/Wizyta-Prezydenta-Nawrockiego-na-Slowacji-kluczowe-poruszane-tematy-\u2013-\u201eJestesmy.jpeg\",\"datePublished\":\"2025-11-05T23:32:54+00:00\",\"dateModified\":\"2025-11-05T23:32:57+00:00\",\"breadcrumb\":{\"@id\":\"https:\/\/www.pogotowieflagowe.pl\/aktualne\/wizyta-prezydenta-nawrockiego-na-slowacji-kluczowe-poruszane-tematy-jestesmy-po-tej-samej-stronie\/#breadcrumb\"},\"inLanguage\":\"pl-PL\",\"potentialAction\":[{\"@type\":\"ReadAction\",\"target\":[\"https:\/\/www.pogotowieflagowe.pl\/aktualne\/wizyta-prezydenta-nawrockiego-na-slowacji-kluczowe-poruszane-tematy-jestesmy-po-tej-samej-stronie\/\"]}]},{\"@type\":\"ImageObject\",\"inLanguage\":\"pl-PL\",\"@id\":\"https:\/\/www.pogotowieflagowe.pl\/aktualne\/wizyta-prezydenta-nawrockiego-na-slowacji-kluczowe-poruszane-tematy-jestesmy-po-tej-samej-stronie\/#primaryimage\",\"url\":\"https:\/\/www.pogotowieflagowe.pl\/aktualne\/wp-content\/uploads\/2025\/11\/Wizyta-Prezydenta-Nawrockiego-na-Slowacji-kluczowe-poruszane-tematy-\u2013-\u201eJestesmy.jpeg\",\"contentUrl\":\"https:\/\/www.pogotowieflagowe.pl\/aktualne\/wp-content\/uploads\/2025\/11\/Wizyta-Prezydenta-Nawrockiego-na-Slowacji-kluczowe-poruszane-tematy-\u2013-\u201eJestesmy.jpeg\",\"width\":2000,\"height\":1333,\"caption\":\"Wizyta Prezydenta Nawrockiego na S\u0142owacji: kluczowe poruszane tematy \u2013 \u201eJeste\u015bmy po tej samej stronie\u201d\"},{\"@type\":\"BreadcrumbList\",\"@id\":\"https:\/\/www.pogotowieflagowe.pl\/aktualne\/wizyta-prezydenta-nawrockiego-na-slowacji-kluczowe-poruszane-tematy-jestesmy-po-tej-samej-stronie\/#breadcrumb\",\"itemListElement\":[{\"@type\":\"ListItem\",\"position\":1,\"name\":\"Home\",\"item\":\"https:\/\/www.pogotowieflagowe.pl\/aktualne\/\"},{\"@type\":\"ListItem\",\"position\":2,\"name\":\"Wizyta Prezydenta Nawrockiego na S\u0142owacji: kluczowe poruszane tematy \u2013 \u201eJeste\u015bmy po tej samej stronie\u201d\"}]},{\"@type\":\"WebSite\",\"@id\":\"https:\/\/www.pogotowieflagowe.pl\/aktualne\/#website\",\"url\":\"https:\/\/www.pogotowieflagowe.pl\/aktualne\/\",\"name\":\"POGOTOWIE FLAGOWE\u00ae\",\"description\":\"\",\"publisher\":{\"@id\":\"https:\/\/www.pogotowieflagowe.pl\/aktualne\/#organization\"},\"potentialAction\":[{\"@type\":\"SearchAction\",\"target\":{\"@type\":\"EntryPoint\",\"urlTemplate\":\"https:\/\/www.pogotowieflagowe.pl\/aktualne\/?s={search_term_string}\"},\"query-input\":\"required name=search_term_string\"}],\"inLanguage\":\"pl-PL\"},{\"@type\":\"Organization\",\"@id\":\"https:\/\/www.pogotowieflagowe.pl\/aktualne\/#organization\",\"name\":\"POGOTOWIE FLAGOWE\u00ae\",\"url\":\"https:\/\/www.pogotowieflagowe.pl\/aktualne\/\",\"logo\":{\"@type\":\"ImageObject\",\"inLanguage\":\"pl-PL\",\"@id\":\"https:\/\/www.pogotowieflagowe.pl\/aktualne\/#\/schema\/logo\/image\/\",\"url\":\"https:\/\/www.pogotowieflagowe.pl\/aktualne\/wp-content\/uploads\/2024\/08\/cropped-pogotowieflagowe_flaga_projekt_sm.jpg\",\"contentUrl\":\"https:\/\/www.pogotowieflagowe.pl\/aktualne\/wp-content\/uploads\/2024\/08\/cropped-pogotowieflagowe_flaga_projekt_sm.jpg\",\"width\":250,\"height\":143,\"caption\":\"POGOTOWIE FLAGOWE\u00ae\"},\"image\":{\"@id\":\"https:\/\/www.pogotowieflagowe.pl\/aktualne\/#\/schema\/logo\/image\/\"}},{\"@type\":\"Person\",\"@id\":\"https:\/\/www.pogotowieflagowe.pl\/aktualne\/#\/schema\/person\/9c2fb7d2362ebf6fa088960d7f0d27b0\",\"name\":\"Filip\",\"image\":{\"@type\":\"ImageObject\",\"inLanguage\":\"pl-PL\",\"@id\":\"https:\/\/www.pogotowieflagowe.pl\/aktualne\/#\/schema\/person\/image\/\",\"url\":\"https:\/\/www.pogotowieflagowe.pl\/aktualne\/wp-content\/uploads\/2024\/08\/pogotowieflagowe.pl_.jpg\",\"contentUrl\":\"https:\/\/www.pogotowieflagowe.pl\/aktualne\/wp-content\/uploads\/2024\/08\/pogotowieflagowe.pl_.jpg\",\"caption\":\"Filip\"},\"description\":\"Jestem Filip, polski dziennikarz z dyplomem nauk politycznych Uniwersytetu Warszawskiego. Rozpoczynaj\u0105c swoj\u0105 karier\u0119 w r\u00f3\u017cnych lokalnych mediach, zdoby\u0142em solidne do\u015bwiadczenie w zakresie \u015bledztwa i redakcji. Obecnie jako redaktor w Pogotowie flagowe, staram si\u0119 dostarcza\u0107 dog\u0142\u0119bne i istotne analizy na temat najwa\u017cniejszych kwestii aktualno\u015bci, \u0142\u0105cz\u0105c rygor z pasj\u0105 dziennikarsk\u0105.\",\"sameAs\":[\"https:\/\/www.pogotowieflagowe.pl\/\"]}]}<\/script>\n<!-- \/ Yoast SEO plugin. -->","yoast_head_json":{"title":"Wizyta Prezydenta Nawrockiego na S\u0142owacji: kluczowe poruszane tematy \u2013 \u201eJeste\u015bmy po tej samej stronie\u201d - POGOTOWIE FLAGOWE\u00ae","robots":{"index":"index","follow":"follow","max-snippet":"max-snippet:-1","max-image-preview":"max-image-preview:large","max-video-preview":"max-video-preview:-1"},"canonical":"https:\/\/www.pogotowieflagowe.pl\/aktualne\/wizyta-prezydenta-nawrockiego-na-slowacji-kluczowe-poruszane-tematy-jestesmy-po-tej-samej-stronie\/","og_locale":"pl_PL","og_type":"article","og_title":"Wizyta Prezydenta Nawrockiego na S\u0142owacji: kluczowe poruszane tematy \u2013 \u201eJeste\u015bmy po tej samej stronie\u201d - POGOTOWIE FLAGOWE\u00ae","og_description":"Prezydent Polski Karola Nawrockiego spotka\u0142em si\u0119 w Bratys\u0142awie z Prezydent S\u0142owacji Peter Pellegrini. \u201eAni ja, ani prezydent Pellegrini nie zgodzimy","og_url":"https:\/\/www.pogotowieflagowe.pl\/aktualne\/wizyta-prezydenta-nawrockiego-na-slowacji-kluczowe-poruszane-tematy-jestesmy-po-tej-samej-stronie\/","og_site_name":"POGOTOWIE FLAGOWE\u00ae","article_published_time":"2025-11-05T23:32:54+00:00","article_modified_time":"2025-11-05T23:32:57+00:00","og_image":[{"width":2000,"height":1333,"url":"https:\/\/www.pogotowieflagowe.pl\/aktualne\/wp-content\/uploads\/2025\/11\/Wizyta-Prezydenta-Nawrockiego-na-Slowacji-kluczowe-poruszane-tematy-\u2013-\u201eJestesmy.jpeg","type":"image\/jpeg"}],"author":"Filip","twitter_card":"summary_large_image","twitter_misc":{"Napisane przez":"Filip","Szacowany czas czytania":"3 minuty"},"schema":{"@context":"https:\/\/schema.org","@graph":[{"@type":"Article","@id":"https:\/\/www.pogotowieflagowe.pl\/aktualne\/wizyta-prezydenta-nawrockiego-na-slowacji-kluczowe-poruszane-tematy-jestesmy-po-tej-samej-stronie\/#article","isPartOf":{"@id":"https:\/\/www.pogotowieflagowe.pl\/aktualne\/wizyta-prezydenta-nawrockiego-na-slowacji-kluczowe-poruszane-tematy-jestesmy-po-tej-samej-stronie\/"},"author":{"name":"Filip","@id":"https:\/\/www.pogotowieflagowe.pl\/aktualne\/#\/schema\/person\/9c2fb7d2362ebf6fa088960d7f0d27b0"},"headline":"Wizyta Prezydenta Nawrockiego na S\u0142owacji: kluczowe poruszane tematy \u2013 \u201eJeste\u015bmy po tej samej stronie\u201d","datePublished":"2025-11-05T23:32:54+00:00","dateModified":"2025-11-05T23:32:57+00:00","mainEntityOfPage":{"@id":"https:\/\/www.pogotowieflagowe.pl\/aktualne\/wizyta-prezydenta-nawrockiego-na-slowacji-kluczowe-poruszane-tematy-jestesmy-po-tej-samej-stronie\/"},"wordCount":553,"commentCount":0,"publisher":{"@id":"https:\/\/www.pogotowieflagowe.pl\/aktualne\/#organization"},"image":{"@id":"https:\/\/www.pogotowieflagowe.pl\/aktualne\/wizyta-prezydenta-nawrockiego-na-slowacji-kluczowe-poruszane-tematy-jestesmy-po-tej-samej-stronie\/#primaryimage"},"thumbnailUrl":"https:\/\/www.pogotowieflagowe.pl\/aktualne\/wp-content\/uploads\/2025\/11\/Wizyta-Prezydenta-Nawrockiego-na-Slowacji-kluczowe-poruszane-tematy-\u2013-\u201eJestesmy.jpeg","keywords":["Jeste\u015bmy","kluczowe","Nawrockiego","poruszane","prezydenta","samej","S\u0142owacji","stronie","tej","tematy","wizyt\u0105"],"articleSection":["Aktualne"],"inLanguage":"pl-PL","potentialAction":[{"@type":"CommentAction","name":"Comment","target":["https:\/\/www.pogotowieflagowe.pl\/aktualne\/wizyta-prezydenta-nawrockiego-na-slowacji-kluczowe-poruszane-tematy-jestesmy-po-tej-samej-stronie\/#respond"]}]},{"@type":"WebPage","@id":"https:\/\/www.pogotowieflagowe.pl\/aktualne\/wizyta-prezydenta-nawrockiego-na-slowacji-kluczowe-poruszane-tematy-jestesmy-po-tej-samej-stronie\/","url":"https:\/\/www.pogotowieflagowe.pl\/aktualne\/wizyta-prezydenta-nawrockiego-na-slowacji-kluczowe-poruszane-tematy-jestesmy-po-tej-samej-stronie\/","name":"Wizyta Prezydenta Nawrockiego na S\u0142owacji: kluczowe poruszane tematy \u2013 \u201eJeste\u015bmy po tej samej stronie\u201d - POGOTOWIE FLAGOWE\u00ae","isPartOf":{"@id":"https:\/\/www.pogotowieflagowe.pl\/aktualne\/#website"},"primaryImageOfPage":{"@id":"https:\/\/www.pogotowieflagowe.pl\/aktualne\/wizyta-prezydenta-nawrockiego-na-slowacji-kluczowe-poruszane-tematy-jestesmy-po-tej-samej-stronie\/#primaryimage"},"image":{"@id":"https:\/\/www.pogotowieflagowe.pl\/aktualne\/wizyta-prezydenta-nawrockiego-na-slowacji-kluczowe-poruszane-tematy-jestesmy-po-tej-samej-stronie\/#primaryimage"},"thumbnailUrl":"https:\/\/www.pogotowieflagowe.pl\/aktualne\/wp-content\/uploads\/2025\/11\/Wizyta-Prezydenta-Nawrockiego-na-Slowacji-kluczowe-poruszane-tematy-\u2013-\u201eJestesmy.jpeg","datePublished":"2025-11-05T23:32:54+00:00","dateModified":"2025-11-05T23:32:57+00:00","breadcrumb":{"@id":"https:\/\/www.pogotowieflagowe.pl\/aktualne\/wizyta-prezydenta-nawrockiego-na-slowacji-kluczowe-poruszane-tematy-jestesmy-po-tej-samej-stronie\/#breadcrumb"},"inLanguage":"pl-PL","potentialAction":[{"@type":"ReadAction","target":["https:\/\/www.pogotowieflagowe.pl\/aktualne\/wizyta-prezydenta-nawrockiego-na-slowacji-kluczowe-poruszane-tematy-jestesmy-po-tej-samej-stronie\/"]}]},{"@type":"ImageObject","inLanguage":"pl-PL","@id":"https:\/\/www.pogotowieflagowe.pl\/aktualne\/wizyta-prezydenta-nawrockiego-na-slowacji-kluczowe-poruszane-tematy-jestesmy-po-tej-samej-stronie\/#primaryimage","url":"https:\/\/www.pogotowieflagowe.pl\/aktualne\/wp-content\/uploads\/2025\/11\/Wizyta-Prezydenta-Nawrockiego-na-Slowacji-kluczowe-poruszane-tematy-\u2013-\u201eJestesmy.jpeg","contentUrl":"https:\/\/www.pogotowieflagowe.pl\/aktualne\/wp-content\/uploads\/2025\/11\/Wizyta-Prezydenta-Nawrockiego-na-Slowacji-kluczowe-poruszane-tematy-\u2013-\u201eJestesmy.jpeg","width":2000,"height":1333,"caption":"Wizyta Prezydenta Nawrockiego na S\u0142owacji: kluczowe poruszane tematy \u2013 \u201eJeste\u015bmy po tej samej stronie\u201d"},{"@type":"BreadcrumbList","@id":"https:\/\/www.pogotowieflagowe.pl\/aktualne\/wizyta-prezydenta-nawrockiego-na-slowacji-kluczowe-poruszane-tematy-jestesmy-po-tej-samej-stronie\/#breadcrumb","itemListElement":[{"@type":"ListItem","position":1,"name":"Home","item":"https:\/\/www.pogotowieflagowe.pl\/aktualne\/"},{"@type":"ListItem","position":2,"name":"Wizyta Prezydenta Nawrockiego na S\u0142owacji: kluczowe poruszane tematy \u2013 \u201eJeste\u015bmy po tej samej stronie\u201d"}]},{"@type":"WebSite","@id":"https:\/\/www.pogotowieflagowe.pl\/aktualne\/#website","url":"https:\/\/www.pogotowieflagowe.pl\/aktualne\/","name":"POGOTOWIE FLAGOWE\u00ae","description":"","publisher":{"@id":"https:\/\/www.pogotowieflagowe.pl\/aktualne\/#organization"},"potentialAction":[{"@type":"SearchAction","target":{"@type":"EntryPoint","urlTemplate":"https:\/\/www.pogotowieflagowe.pl\/aktualne\/?s={search_term_string}"},"query-input":"required name=search_term_string"}],"inLanguage":"pl-PL"},{"@type":"Organization","@id":"https:\/\/www.pogotowieflagowe.pl\/aktualne\/#organization","name":"POGOTOWIE FLAGOWE\u00ae","url":"https:\/\/www.pogotowieflagowe.pl\/aktualne\/","logo":{"@type":"ImageObject","inLanguage":"pl-PL","@id":"https:\/\/www.pogotowieflagowe.pl\/aktualne\/#\/schema\/logo\/image\/","url":"https:\/\/www.pogotowieflagowe.pl\/aktualne\/wp-content\/uploads\/2024\/08\/cropped-pogotowieflagowe_flaga_projekt_sm.jpg","contentUrl":"https:\/\/www.pogotowieflagowe.pl\/aktualne\/wp-content\/uploads\/2024\/08\/cropped-pogotowieflagowe_flaga_projekt_sm.jpg","width":250,"height":143,"caption":"POGOTOWIE FLAGOWE\u00ae"},"image":{"@id":"https:\/\/www.pogotowieflagowe.pl\/aktualne\/#\/schema\/logo\/image\/"}},{"@type":"Person","@id":"https:\/\/www.pogotowieflagowe.pl\/aktualne\/#\/schema\/person\/9c2fb7d2362ebf6fa088960d7f0d27b0","name":"Filip","image":{"@type":"ImageObject","inLanguage":"pl-PL","@id":"https:\/\/www.pogotowieflagowe.pl\/aktualne\/#\/schema\/person\/image\/","url":"https:\/\/www.pogotowieflagowe.pl\/aktualne\/wp-content\/uploads\/2024\/08\/pogotowieflagowe.pl_.jpg","contentUrl":"https:\/\/www.pogotowieflagowe.pl\/aktualne\/wp-content\/uploads\/2024\/08\/pogotowieflagowe.pl_.jpg","caption":"Filip"},"description":"Jestem Filip, polski dziennikarz z dyplomem nauk politycznych Uniwersytetu Warszawskiego. Rozpoczynaj\u0105c swoj\u0105 karier\u0119 w r\u00f3\u017cnych lokalnych mediach, zdoby\u0142em solidne do\u015bwiadczenie w zakresie \u015bledztwa i redakcji. Obecnie jako redaktor w Pogotowie flagowe, staram si\u0119 dostarcza\u0107 dog\u0142\u0119bne i istotne analizy na temat najwa\u017cniejszych kwestii aktualno\u015bci, \u0142\u0105cz\u0105c rygor z pasj\u0105 dziennikarsk\u0105.","sameAs":["https:\/\/www.pogotowieflagowe.pl\/"]}]}},"_links":{"self":[{"href":"https:\/\/www.pogotowieflagowe.pl\/aktualne\/wp-json\/wp\/v2\/posts\/10187","targetHints":{"allow":["GET"]}}],"collection":[{"href":"https:\/\/www.pogotowieflagowe.pl\/aktualne\/wp-json\/wp\/v2\/posts"}],"about":[{"href":"https:\/\/www.pogotowieflagowe.pl\/aktualne\/wp-json\/wp\/v2\/types\/post"}],"author":[{"embeddable":true,"href":"https:\/\/www.pogotowieflagowe.pl\/aktualne\/wp-json\/wp\/v2\/users\/1"}],"replies":[{"embeddable":true,"href":"https:\/\/www.pogotowieflagowe.pl\/aktualne\/wp-json\/wp\/v2\/comments?post=10187"}],"version-history":[{"count":1,"href":"https:\/\/www.pogotowieflagowe.pl\/aktualne\/wp-json\/wp\/v2\/posts\/10187\/revisions"}],"predecessor-version":[{"id":10189,"href":"https:\/\/www.pogotowieflagowe.pl\/aktualne\/wp-json\/wp\/v2\/posts\/10187\/revisions\/10189"}],"wp:featuredmedia":[{"embeddable":true,"href":"https:\/\/www.pogotowieflagowe.pl\/aktualne\/wp-json\/wp\/v2\/media\/10188"}],"wp:attachment":[{"href":"https:\/\/www.pogotowieflagowe.pl\/aktualne\/wp-json\/wp\/v2\/media?parent=10187"}],"wp:term":[{"taxonomy":"category","embeddable":true,"href":"https:\/\/www.pogotowieflagowe.pl\/aktualne\/wp-json\/wp\/v2\/categories?post=10187"},{"taxonomy":"post_tag","embeddable":true,"href":"https:\/\/www.pogotowieflagowe.pl\/aktualne\/wp-json\/wp\/v2\/tags?post=10187"}],"curies":[{"name":"wp","href":"https:\/\/api.w.org\/{rel}","templated":true}]}}