{"id":10190,"date":"2025-11-06T01:03:55","date_gmt":"2025-11-06T00:03:55","guid":{"rendered":"https:\/\/www.pogotowieflagowe.pl\/aktualne\/kazdy-rzad-zaplaci-za-to-cene-sedzia-radzik-o-funkcjonowaniu-kasty-sedziowskiej\/"},"modified":"2025-11-06T01:03:56","modified_gmt":"2025-11-06T00:03:56","slug":"kazdy-rzad-zaplaci-za-to-cene-sedzia-radzik-o-funkcjonowaniu-kasty-sedziowskiej","status":"publish","type":"post","link":"https:\/\/www.pogotowieflagowe.pl\/aktualne\/kazdy-rzad-zaplaci-za-to-cene-sedzia-radzik-o-funkcjonowaniu-kasty-sedziowskiej\/","title":{"rendered":"\u201eKa\u017cdy rz\u0105d zap\u0142aci za to cen\u0119\u201d. S\u0119dzia Radzik o funkcjonowaniu kasty s\u0119dziowskiej"},"content":{"rendered":"\n<div class=\"td_block_wrap tdb_single_content tdi_41 td-pb-border-top td_block_template_8 td-post-content tagdiv-type\" data-td-block-uid=\"tdi_41\">\n<style>.tdi_41{margines-top:0px!important;margin-bottom:0px!important;dope\u0142nienie-g\u00f3ra:0px!important;dope\u0142nienie-d\u00f3\u0142:0px!important}<\/style>\n<style>.tdb_single_content{margin-bottom:0;*zoom:1}.tdb_single_content:before,.tdb_single_content:after{display:table;content:'';line-height:0}.tdb_single_content:after{clear:both}.tdb_single_content .tdb-block-inner>*:not(.wp-block-quote):not(.alignwide):not(.alignfull.wp-block-cover.has-parallax):not(.td-a-ad){margin-left:auto;margin-right:auto}.tdb_single_content a{pointer-events:auto}.tdb_single_content .td-spot-id-top_ad .tdc-placeholder-title:before{content:'Najlepsza reklama artyku\u0142u'!important}.tdb_single_content .td-spot-id-inline_ad0 .tdc-placeholder-title:before{content:'Reklama wbudowana artyku\u0142u 1'!important}.tdb_single_content .td-spot-id-inline_ad1 .tdc-placeholder-title:before{content:'Wbudowana reklama w artykule 2'!important}.tdb_single_content .td-spot-id-inline_ad2 .tdc-placeholder-title:before{content:'Wbudowana reklama w artykule 3'!important}.tdb_single_content .td-spot-id-bottom_ad .tdc-placeholder-title:before{content:'Article Bottom Ad'!important}.tdb_single_content .id_top_ad,.tdb_single_content .id_bottom_ad{clear:both;margin-bottom:21px;text-align:center}.tdb_single_content .id_top_ad img,.tdb_single_content .id_bottom_ad img{margin-bottom:0}.tdb_single_content .id_top_ad .adsbygoogle,.tdb_single_content .id_bottom_ad .adsbygoogle{position:relative}.tdb_single_content .id_ad_content-horiz-left,.tdb_single_content .id_ad_content-horiz-right,.tdb_single_content .id_ad_content-horiz-center{margin-bottom:15px}.tdb_single_content .id_ad_content-horiz-left img,.tdb_single_content .id_ad_content-horiz-right img,.tdb_single_content .id_ad_content-horiz-center img{margin-bottom:0}.tdb_single_content .id_ad_content-horiz-center{text-align:center}.tdb_single_content .id_ad_content-horiz-center img{margin-right:auto;margin-left:auto}.tdb_single_content .id_ad_content-horiz-left{float:left;margin-top:9px;margin-right:21px}.tdb_single_content .id_ad_content-horiz-right{float:right;margin-top:6px;margin-left:21px}.tdb_single_content .tdc-a-ad .tdc-placeholder-title{width:300px;height:250px}.tdb_single_content .tdc-a-ad .tdc-placeholder-title:before{position:absolute;top:50%;-webkit-transform:translateY(-50%);transform:translateY(-50%);margin:auto;display:table;width:100%}.tdb_single_content .tdb-block-inner.td-fix-index{word-break:break-word}.tdi_41,.tdi_41>p,.tdi_41 .tdb-block-inner>p,.wp-block-column>p{font-size:16px!important;line-height:1.6!important}.tdi_41 .tdb-block-inner blockquote p{font-style:normal!important}@media (max-width:767px){.tdb_single_content .id_ad_content-horiz-left,.tdb_single_content .id_ad_content-horiz-right,.tdb_single_content .id_ad_content-horiz-center{margin:0 auto 26 pikseli auto}}@media (max-width:767px){.tdb_single_content .id_ad_content-horiz-left{margin-right:0}}@media (max-width:767px){.tdb_single_content .id_ad_content-horiz-right{margin-left:0}}@media (max-width:767px){.tdb_single_content .td-a-ad{float:none;text-align:center}.tdb_single_content .td-a-ad img{margin-right:auto;margin-left:auto}.tdb_single_content .tdc-a-ad{float:none}}<\/style>\n<div class=\"tdb-block-inner td-fix-index\">\n<p>Ka\u017cdy rz\u0105d, kt\u00f3ry zdecyduje si\u0119 przyj\u0105\u0107 te kasty s\u0119dziowskie, pr\u0119dzej czy p\u00f3\u017aniej zap\u0142aci za to cen\u0119. Je\u015bli dzisiejszy rz\u0105d, je\u015bli minister Waldemar \u017burek uzna, \u017ce \u200b\u200bid\u0105 rami\u0119 w rami\u0119, to nadejdzie moment, w kt\u00f3rym ta kasta s\u0119dziowska osaczy w\u0142adz\u0119 polityczn\u0105 \u2013 m\u00f3wi\u0142 dzi\u015b w Sejmie s\u0119dzia Przemys\u0142aw Radzik, legalny wiceprezes S\u0105du Apelacyjnego w Poznaniu.<\/p>\n<p>W \u015brod\u0119 w Sejmie odby\u0142o si\u0119 posiedzenie Parlamentarnego Zespo\u0142u ds. Zwalczania Bezprawia \u2013 Bezpieczna Polska. Zaproszeni s\u0119dziowie opowiadali o tym, jak upolitycznienie s\u0105downictwa wp\u0142ywa na orzecznictwo s\u0105d\u00f3w w praktyce. Minister sprawiedliwo\u015bci Waldemar \u017burek odrzuci\u0142 zaproszenie.<\/p>\n<p>S\u0119dzia Przemys\u0142aw Radzik, legalny wiceprezes S\u0105du Apelacyjnego w Poznaniu i zast\u0119pca rzecznika dyscyplinarnego s\u0119dzi\u00f3w s\u0105d\u00f3w powszechnych, podzieli\u0142 si\u0119 szokuj\u0105c\u0105 relacj\u0105 ze swojej pracy w S\u0105dzie Apelacyjnym w Poznaniu.<\/p>\n<p>&#8222;Kwestionowanie statusu s\u0119dziego w polskim porz\u0105dku prawnym jest ca\u0142kowicie nielegalne. Nie b\u0119d\u0119 przytacza\u0142 przepis\u00f3w, wspomn\u0119 tylko art. 9d, 42a \u00a71 i \u00a72 oraz 55 \u00a76, kt\u00f3re zabraniaj\u0105 s\u0105dom kwestionowania w\u0142adzy pa\u0144stwowej lub powo\u0142ywania s\u0119dziego. A zgodnie z art. 55 \u201eokoliczno\u015bci powo\u0142ania s\u0119dziego nie mog\u0105 stanowi\u0107 podstawy do uchylenia wyroku\u201d \u2013 zacz\u0105\u0142.<\/p>\n<p>Podkre\u015bli\u0142, \u017ce \u201etakie dzia\u0142ania stanowi\u0105 podstaw\u0119 do odpowiedzialno\u015bci dyscyplinarnej\u201d.<\/p>\n<p>\u201eIstnieje przepis penalizuj\u0105cy dzia\u0142ania maj\u0105ce na celu podwa\u017canie statusu s\u0119dziego\u201d \u2013 doda\u0142, wskazuj\u0105c na ustaw\u0119 o ustroju s\u0105d\u00f3w powszechnych.<\/p>\n<p>Jak poinformowa\u0142, zosta\u0142 mianowany wiceprezesem S\u0105du Apelacyjnego w Poznaniu 5 czerwca 2023 r. na sze\u015bcioletni\u0105 kadencj\u0119, ale w praktyce jego praca w tym s\u0105dzie zako\u0144czy\u0142a si\u0119 w styczniu 2024 r., kiedy minister Adam Bodnar bezprawnie go zwolni\u0142.<\/p>\n<p>&#8222;Formalnie nadal sprawuj\u0119 to stanowisko, ale w praktyce ju\u017c nie. S\u0105 ju\u017c uzurpatorzy &#8211; pan Karol Ratajczak i pan Krzysztof Lewandowski&#8221; &#8211; zauwa\u017cy\u0142. Przyzna\u0142, \u017ce \u201ete siedem miesi\u0119cy by\u0142o dobr\u0105 szko\u0142\u0105 \u017cycia\u201d.<\/p>\n<p>&#8222;Kto nie zna pozna\u0144skiego \u015brodowiska s\u0105downiczego, nie wie, co tamtejsi s\u0119dziowie s\u0105 w stanie zrobi\u0107 innemu s\u0119dziemu. Najbardziej do\u015bwiadczy\u0142 tego s\u0119dzia Mateusz Bartoszek, Prezes S\u0105du Apelacyjnego &#8211; w grudniu 2023 r. grupa starszych s\u0119dzi\u00f3w w\u0142ama\u0142a si\u0119 do jego gabinetu i stosuj\u0105c gro\u017aby bezprawne pr\u00f3bowa\u0142a zmusi\u0107 go do rezygnacji. Z\u0142o\u017cono zawiadomienie karne, ale prokuratura odm\u00f3wi\u0142a wszcz\u0119cia \u015bledztwa&#8221; &#8211; relacjonuje Radzik.<\/p>\n<p>Kontynuowa\u0142:<\/p>\n<p>&#8222;\u015arodowisko pozna\u0144skie jest niezwykle z\u017cyte. Kr\u00f3tko m\u00f3wi\u0105c &#8211; s\u0119dzia Bartoszek i ja mieli\u015bmy przeciwko nam ca\u0142y s\u0105d. Nic nie uda\u0142o si\u0119 rozwi\u0105za\u0107, komunikacja normalnymi kana\u0142ami by\u0142a niemo\u017cliwa. Kiedy pierwszy raz przyjecha\u0142em do s\u0105du, przysz\u0142o do mnie dw\u00f3ch starszych s\u0119dzi\u00f3w i z\u0142o\u017cy\u0142o mi propozycj\u0119 nie do odrzucenia &#8211; powiedzieli, \u017ce uznaj\u0105 moj\u0105 tam obecno\u015b\u0107, ale nie b\u0119d\u0119 m\u00f3g\u0142 orzeka\u0107 w sprawach apelacyjnych ani w sk\u0142adach trzys\u0119dziowych. Nie poddaj\u0119 si\u0119 szanta\u017cowi i mam obowi\u0105zek os\u0105dzi\u0107 \u2013 wi\u0119c oczywi\u015bcie odm\u00f3wi\u0142em\u201d.<\/p>\n<p>Przypomnia\u0142, \u017ce by\u0142 pierwszym prezesem s\u0105du, kt\u00f3ry zosta\u0142 odwo\u0142any.<\/p>\n<p>&#8222;To dlatego, \u017ce wsp\u00f3lnie z s\u0119dzi\u0105 Bartoszkiem przygotowywali\u015bmy reform\u0119 s\u0105du. Mieli\u015bmy ju\u017c przygotowane dokumenty odwo\u0142uj\u0105ce kierownik\u00f3w wydzia\u0142\u00f3w &#8211; st\u0105d ca\u0142e &#8222;z\u0142o&#8221;. Zadbano o to, aby jak najszybciej nas usun\u0105\u0107&#8221; &#8211; powiedzia\u0142 s\u0119dzia Radzik.<\/p>\n<p>Podkre\u015bli\u0142, \u017ce \u201ew wydziale karnym nie ma przypadkowych os\u00f3b\u201d.<\/p>\n<p>&#8222;To starannie dobrane, starannie dobrane osoby. W Poznaniu poj\u0119cie &#8222;zdania odr\u0119bnego&#8221; praktycznie nie istnieje. \u015amiem twierdzi\u0107, \u017ce im g\u0142o\u015bniejsza sprawa, tym bardziej sensacyjny jest wyrok &#8211; tym wi\u0119ksza pewno\u015b\u0107, \u017ce &#8222;uniewa\u017cnimy je, bo my, kasta, poka\u017cemy, kto tu rz\u0105dzi. Nie interesuje nas prawo, obywatel, pa\u0144stwo &#8211; wszystko p\u00f3jdzie po naszej my\u015bli&#8221; &#8211; wyja\u015bni\u0142.<\/p>\n<p>Ostrzeg\u0142, \u017ce \u201eka\u017cdy rz\u0105d, kt\u00f3ry b\u0119dzie pr\u00f3bowa\u0142 udobrucha\u0107 te kasty s\u0119dziowskie, pr\u0119dzej czy p\u00f3\u017aniej za to zap\u0142aci\u201d.<\/p>\n<p>\u201eJe\u015bli dzisiejszy rz\u0105d, je\u015bli minister Waldemar \u017burek uwa\u017ca, \u017ce \u200b\u200bid\u0105 rami\u0119 w rami\u0119, to nadejdzie moment, kiedy zwr\u00f3c\u0105 si\u0119 przeciwko w\u0142adzom politycznym i osacz\u0105 je\u201d \u2013 powiedzia\u0142, odnosz\u0105c si\u0119 do kierownictwa Ministerstwa Sprawiedliwo\u015bci.<\/p>\n<p>Doszed\u0142 do wniosku:<\/p>\n<p>&#8222;W S\u0105dzie Apelacyjnym w Poznaniu zasiada te\u017c s\u0119dzia Piotr Michalski &#8211; ten sam, kt\u00f3ry bra\u0142 udzia\u0142 w wydaniu wyroku w sprawie przest\u0119pcy seksualnego. To s\u0119dzia, kt\u00f3ry zosta\u0142 mianowany i przeszed\u0142 procedur\u0119 przed obecn\u0105 KRS. Twierdzenie, \u017ce KRS jest nielegalna itp. to tylko pretekst &#8211; bajka. &#8222;Je\u015bli to jeden z naszych, to go przyjmujemy. Zasi\u0105dziemy z nim w sk\u0142adach trzyosobowych, b\u0119dziemy orzeka\u0107 z go, nawet mianuj go wiceprezesem wydzia\u0142u, je\u015bli ma nasz\u0105 zgod\u0119, to ci\u0119 przyjm\u0105\u201d \u2013 tak to dzia\u0142a. Ustawa z 2017 r. to zmieni\u0142a. Dlatego jest ta wojna \u2013 o to, kto b\u0119dzie rz\u0105dzi\u0142 i kierowa\u0142 s\u0105downictwem. Dlatego kasta nie mo\u017ce wybaczy\u0107 KRS dzia\u0142ania zgodnego z prawem, przejrzystego i zgodnego z prawem.<\/p>\n<\/div>\n<\/div>\n","protected":false},"excerpt":{"rendered":"<p>Ka\u017cdy rz\u0105d, kt\u00f3ry zdecyduje si\u0119 przyj\u0105\u0107 te kasty s\u0119dziowskie, pr\u0119dzej czy p\u00f3\u017aniej zap\u0142aci za to cen\u0119. Je\u015bli dzisiejszy rz\u0105d, je\u015bli<\/p>\n","protected":false},"author":1,"featured_media":9983,"comment_status":"open","ping_status":"open","sticky":false,"template":"","format":"standard","meta":{"footnotes":""},"categories":[4748],"tags":[11686,11688,11689,5167,11687,1554,3212,2035,11685],"class_list":["post-10190","post","type-post","status-publish","format-standard","has-post-thumbnail","hentry","category-aktualne","tag-cene","tag-funkcjonowaniu","tag-kasty","tag-kazdy","tag-radzik","tag-rzad","tag-sedzia","tag-sedziowskiej","tag-zaplaci","generate-columns","tablet-grid-50","mobile-grid-100","grid-parent","grid-50","resize-featured-image"],"yoast_head":"<!-- This site is optimized with the Yoast SEO plugin v23.2 - https:\/\/yoast.com\/wordpress\/plugins\/seo\/ -->\n<title>\u201eKa\u017cdy rz\u0105d zap\u0142aci za to cen\u0119\u201d. S\u0119dzia Radzik o funkcjonowaniu kasty s\u0119dziowskiej - POGOTOWIE FLAGOWE\u00ae<\/title>\n<meta name=\"robots\" content=\"index, follow, max-snippet:-1, max-image-preview:large, max-video-preview:-1\" \/>\n<link rel=\"canonical\" href=\"https:\/\/www.pogotowieflagowe.pl\/aktualne\/kazdy-rzad-zaplaci-za-to-cene-sedzia-radzik-o-funkcjonowaniu-kasty-sedziowskiej\/\" \/>\n<meta property=\"og:locale\" content=\"pl_PL\" \/>\n<meta property=\"og:type\" content=\"article\" \/>\n<meta property=\"og:title\" content=\"\u201eKa\u017cdy rz\u0105d zap\u0142aci za to cen\u0119\u201d. S\u0119dzia Radzik o funkcjonowaniu kasty s\u0119dziowskiej - POGOTOWIE FLAGOWE\u00ae\" \/>\n<meta property=\"og:description\" content=\"Ka\u017cdy rz\u0105d, kt\u00f3ry zdecyduje si\u0119 przyj\u0105\u0107 te kasty s\u0119dziowskie, pr\u0119dzej czy p\u00f3\u017aniej zap\u0142aci za to cen\u0119. Je\u015bli dzisiejszy rz\u0105d, je\u015bli\" \/>\n<meta property=\"og:url\" content=\"https:\/\/www.pogotowieflagowe.pl\/aktualne\/kazdy-rzad-zaplaci-za-to-cene-sedzia-radzik-o-funkcjonowaniu-kasty-sedziowskiej\/\" \/>\n<meta property=\"og:site_name\" content=\"POGOTOWIE FLAGOWE\u00ae\" \/>\n<meta property=\"article:published_time\" content=\"2025-11-06T00:03:55+00:00\" \/>\n<meta property=\"article:modified_time\" content=\"2025-11-06T00:03:56+00:00\" \/>\n<meta property=\"og:image\" content=\"https:\/\/www.pogotowieflagowe.pl\/aktualne\/wp-content\/uploads\/2025\/10\/Dozywocie-sedziego-za-potrojne-morderstwo-uchylone-poniewaz-uznano-go-za.webp.webp\" \/>\n\t<meta property=\"og:image:width\" content=\"1280\" \/>\n\t<meta property=\"og:image:height\" content=\"720\" \/>\n\t<meta property=\"og:image:type\" content=\"image\/webp\" \/>\n<meta name=\"author\" content=\"Filip\" \/>\n<meta name=\"twitter:card\" content=\"summary_large_image\" \/>\n<meta name=\"twitter:label1\" content=\"Napisane przez\" \/>\n\t<meta name=\"twitter:data1\" content=\"Filip\" \/>\n\t<meta name=\"twitter:label2\" content=\"Szacowany czas czytania\" \/>\n\t<meta name=\"twitter:data2\" content=\"4 minuty\" \/>\n<script type=\"application\/ld+json\" class=\"yoast-schema-graph\">{\"@context\":\"https:\/\/schema.org\",\"@graph\":[{\"@type\":\"Article\",\"@id\":\"https:\/\/www.pogotowieflagowe.pl\/aktualne\/kazdy-rzad-zaplaci-za-to-cene-sedzia-radzik-o-funkcjonowaniu-kasty-sedziowskiej\/#article\",\"isPartOf\":{\"@id\":\"https:\/\/www.pogotowieflagowe.pl\/aktualne\/kazdy-rzad-zaplaci-za-to-cene-sedzia-radzik-o-funkcjonowaniu-kasty-sedziowskiej\/\"},\"author\":{\"name\":\"Filip\",\"@id\":\"https:\/\/www.pogotowieflagowe.pl\/aktualne\/#\/schema\/person\/9c2fb7d2362ebf6fa088960d7f0d27b0\"},\"headline\":\"\u201eKa\u017cdy rz\u0105d zap\u0142aci za to cen\u0119\u201d. S\u0119dzia Radzik o funkcjonowaniu kasty s\u0119dziowskiej\",\"datePublished\":\"2025-11-06T00:03:55+00:00\",\"dateModified\":\"2025-11-06T00:03:56+00:00\",\"mainEntityOfPage\":{\"@id\":\"https:\/\/www.pogotowieflagowe.pl\/aktualne\/kazdy-rzad-zaplaci-za-to-cene-sedzia-radzik-o-funkcjonowaniu-kasty-sedziowskiej\/\"},\"wordCount\":859,\"commentCount\":0,\"publisher\":{\"@id\":\"https:\/\/www.pogotowieflagowe.pl\/aktualne\/#organization\"},\"image\":{\"@id\":\"https:\/\/www.pogotowieflagowe.pl\/aktualne\/kazdy-rzad-zaplaci-za-to-cene-sedzia-radzik-o-funkcjonowaniu-kasty-sedziowskiej\/#primaryimage\"},\"thumbnailUrl\":\"https:\/\/www.pogotowieflagowe.pl\/aktualne\/wp-content\/uploads\/2025\/10\/Dozywocie-sedziego-za-potrojne-morderstwo-uchylone-poniewaz-uznano-go-za.webp.webp\",\"keywords\":[\"cen\u0119\",\"funkcjonowaniu\",\"kasty\",\"ka\u017cdy\",\"Radzik\",\"Rz\u0105d\",\"s\u0119dzia\",\"s\u0119dziowskiej\",\"zap\u0142aci\"],\"articleSection\":[\"Aktualne\"],\"inLanguage\":\"pl-PL\",\"potentialAction\":[{\"@type\":\"CommentAction\",\"name\":\"Comment\",\"target\":[\"https:\/\/www.pogotowieflagowe.pl\/aktualne\/kazdy-rzad-zaplaci-za-to-cene-sedzia-radzik-o-funkcjonowaniu-kasty-sedziowskiej\/#respond\"]}]},{\"@type\":\"WebPage\",\"@id\":\"https:\/\/www.pogotowieflagowe.pl\/aktualne\/kazdy-rzad-zaplaci-za-to-cene-sedzia-radzik-o-funkcjonowaniu-kasty-sedziowskiej\/\",\"url\":\"https:\/\/www.pogotowieflagowe.pl\/aktualne\/kazdy-rzad-zaplaci-za-to-cene-sedzia-radzik-o-funkcjonowaniu-kasty-sedziowskiej\/\",\"name\":\"\u201eKa\u017cdy rz\u0105d zap\u0142aci za to cen\u0119\u201d. S\u0119dzia Radzik o funkcjonowaniu kasty s\u0119dziowskiej - POGOTOWIE FLAGOWE\u00ae\",\"isPartOf\":{\"@id\":\"https:\/\/www.pogotowieflagowe.pl\/aktualne\/#website\"},\"primaryImageOfPage\":{\"@id\":\"https:\/\/www.pogotowieflagowe.pl\/aktualne\/kazdy-rzad-zaplaci-za-to-cene-sedzia-radzik-o-funkcjonowaniu-kasty-sedziowskiej\/#primaryimage\"},\"image\":{\"@id\":\"https:\/\/www.pogotowieflagowe.pl\/aktualne\/kazdy-rzad-zaplaci-za-to-cene-sedzia-radzik-o-funkcjonowaniu-kasty-sedziowskiej\/#primaryimage\"},\"thumbnailUrl\":\"https:\/\/www.pogotowieflagowe.pl\/aktualne\/wp-content\/uploads\/2025\/10\/Dozywocie-sedziego-za-potrojne-morderstwo-uchylone-poniewaz-uznano-go-za.webp.webp\",\"datePublished\":\"2025-11-06T00:03:55+00:00\",\"dateModified\":\"2025-11-06T00:03:56+00:00\",\"breadcrumb\":{\"@id\":\"https:\/\/www.pogotowieflagowe.pl\/aktualne\/kazdy-rzad-zaplaci-za-to-cene-sedzia-radzik-o-funkcjonowaniu-kasty-sedziowskiej\/#breadcrumb\"},\"inLanguage\":\"pl-PL\",\"potentialAction\":[{\"@type\":\"ReadAction\",\"target\":[\"https:\/\/www.pogotowieflagowe.pl\/aktualne\/kazdy-rzad-zaplaci-za-to-cene-sedzia-radzik-o-funkcjonowaniu-kasty-sedziowskiej\/\"]}]},{\"@type\":\"ImageObject\",\"inLanguage\":\"pl-PL\",\"@id\":\"https:\/\/www.pogotowieflagowe.pl\/aktualne\/kazdy-rzad-zaplaci-za-to-cene-sedzia-radzik-o-funkcjonowaniu-kasty-sedziowskiej\/#primaryimage\",\"url\":\"https:\/\/www.pogotowieflagowe.pl\/aktualne\/wp-content\/uploads\/2025\/10\/Dozywocie-sedziego-za-potrojne-morderstwo-uchylone-poniewaz-uznano-go-za.webp.webp\",\"contentUrl\":\"https:\/\/www.pogotowieflagowe.pl\/aktualne\/wp-content\/uploads\/2025\/10\/Dozywocie-sedziego-za-potrojne-morderstwo-uchylone-poniewaz-uznano-go-za.webp.webp\",\"width\":1280,\"height\":720,\"caption\":\"Do\u017cywocie s\u0119dziego za potr\u00f3jne morderstwo uchylone, poniewa\u017c uznano go za \u201eneos\u0119dziego\u201d \u2013 s\u0119dzia Jurkiewicz wypowiada si\u0119 przeciwko decyzji\"},{\"@type\":\"BreadcrumbList\",\"@id\":\"https:\/\/www.pogotowieflagowe.pl\/aktualne\/kazdy-rzad-zaplaci-za-to-cene-sedzia-radzik-o-funkcjonowaniu-kasty-sedziowskiej\/#breadcrumb\",\"itemListElement\":[{\"@type\":\"ListItem\",\"position\":1,\"name\":\"Home\",\"item\":\"https:\/\/www.pogotowieflagowe.pl\/aktualne\/\"},{\"@type\":\"ListItem\",\"position\":2,\"name\":\"\u201eKa\u017cdy rz\u0105d zap\u0142aci za to cen\u0119\u201d. S\u0119dzia Radzik o funkcjonowaniu kasty s\u0119dziowskiej\"}]},{\"@type\":\"WebSite\",\"@id\":\"https:\/\/www.pogotowieflagowe.pl\/aktualne\/#website\",\"url\":\"https:\/\/www.pogotowieflagowe.pl\/aktualne\/\",\"name\":\"POGOTOWIE FLAGOWE\u00ae\",\"description\":\"\",\"publisher\":{\"@id\":\"https:\/\/www.pogotowieflagowe.pl\/aktualne\/#organization\"},\"potentialAction\":[{\"@type\":\"SearchAction\",\"target\":{\"@type\":\"EntryPoint\",\"urlTemplate\":\"https:\/\/www.pogotowieflagowe.pl\/aktualne\/?s={search_term_string}\"},\"query-input\":\"required name=search_term_string\"}],\"inLanguage\":\"pl-PL\"},{\"@type\":\"Organization\",\"@id\":\"https:\/\/www.pogotowieflagowe.pl\/aktualne\/#organization\",\"name\":\"POGOTOWIE FLAGOWE\u00ae\",\"url\":\"https:\/\/www.pogotowieflagowe.pl\/aktualne\/\",\"logo\":{\"@type\":\"ImageObject\",\"inLanguage\":\"pl-PL\",\"@id\":\"https:\/\/www.pogotowieflagowe.pl\/aktualne\/#\/schema\/logo\/image\/\",\"url\":\"https:\/\/www.pogotowieflagowe.pl\/aktualne\/wp-content\/uploads\/2024\/08\/cropped-pogotowieflagowe_flaga_projekt_sm.jpg\",\"contentUrl\":\"https:\/\/www.pogotowieflagowe.pl\/aktualne\/wp-content\/uploads\/2024\/08\/cropped-pogotowieflagowe_flaga_projekt_sm.jpg\",\"width\":250,\"height\":143,\"caption\":\"POGOTOWIE FLAGOWE\u00ae\"},\"image\":{\"@id\":\"https:\/\/www.pogotowieflagowe.pl\/aktualne\/#\/schema\/logo\/image\/\"}},{\"@type\":\"Person\",\"@id\":\"https:\/\/www.pogotowieflagowe.pl\/aktualne\/#\/schema\/person\/9c2fb7d2362ebf6fa088960d7f0d27b0\",\"name\":\"Filip\",\"image\":{\"@type\":\"ImageObject\",\"inLanguage\":\"pl-PL\",\"@id\":\"https:\/\/www.pogotowieflagowe.pl\/aktualne\/#\/schema\/person\/image\/\",\"url\":\"https:\/\/www.pogotowieflagowe.pl\/aktualne\/wp-content\/uploads\/2024\/08\/pogotowieflagowe.pl_.jpg\",\"contentUrl\":\"https:\/\/www.pogotowieflagowe.pl\/aktualne\/wp-content\/uploads\/2024\/08\/pogotowieflagowe.pl_.jpg\",\"caption\":\"Filip\"},\"description\":\"Jestem Filip, polski dziennikarz z dyplomem nauk politycznych Uniwersytetu Warszawskiego. Rozpoczynaj\u0105c swoj\u0105 karier\u0119 w r\u00f3\u017cnych lokalnych mediach, zdoby\u0142em solidne do\u015bwiadczenie w zakresie \u015bledztwa i redakcji. Obecnie jako redaktor w Pogotowie flagowe, staram si\u0119 dostarcza\u0107 dog\u0142\u0119bne i istotne analizy na temat najwa\u017cniejszych kwestii aktualno\u015bci, \u0142\u0105cz\u0105c rygor z pasj\u0105 dziennikarsk\u0105.\",\"sameAs\":[\"https:\/\/www.pogotowieflagowe.pl\/\"]}]}<\/script>\n<!-- \/ Yoast SEO plugin. -->","yoast_head_json":{"title":"\u201eKa\u017cdy rz\u0105d zap\u0142aci za to cen\u0119\u201d. S\u0119dzia Radzik o funkcjonowaniu kasty s\u0119dziowskiej - POGOTOWIE FLAGOWE\u00ae","robots":{"index":"index","follow":"follow","max-snippet":"max-snippet:-1","max-image-preview":"max-image-preview:large","max-video-preview":"max-video-preview:-1"},"canonical":"https:\/\/www.pogotowieflagowe.pl\/aktualne\/kazdy-rzad-zaplaci-za-to-cene-sedzia-radzik-o-funkcjonowaniu-kasty-sedziowskiej\/","og_locale":"pl_PL","og_type":"article","og_title":"\u201eKa\u017cdy rz\u0105d zap\u0142aci za to cen\u0119\u201d. S\u0119dzia Radzik o funkcjonowaniu kasty s\u0119dziowskiej - POGOTOWIE FLAGOWE\u00ae","og_description":"Ka\u017cdy rz\u0105d, kt\u00f3ry zdecyduje si\u0119 przyj\u0105\u0107 te kasty s\u0119dziowskie, pr\u0119dzej czy p\u00f3\u017aniej zap\u0142aci za to cen\u0119. Je\u015bli dzisiejszy rz\u0105d, je\u015bli","og_url":"https:\/\/www.pogotowieflagowe.pl\/aktualne\/kazdy-rzad-zaplaci-za-to-cene-sedzia-radzik-o-funkcjonowaniu-kasty-sedziowskiej\/","og_site_name":"POGOTOWIE FLAGOWE\u00ae","article_published_time":"2025-11-06T00:03:55+00:00","article_modified_time":"2025-11-06T00:03:56+00:00","og_image":[{"width":1280,"height":720,"url":"https:\/\/www.pogotowieflagowe.pl\/aktualne\/wp-content\/uploads\/2025\/10\/Dozywocie-sedziego-za-potrojne-morderstwo-uchylone-poniewaz-uznano-go-za.webp.webp","type":"image\/webp"}],"author":"Filip","twitter_card":"summary_large_image","twitter_misc":{"Napisane przez":"Filip","Szacowany czas czytania":"4 minuty"},"schema":{"@context":"https:\/\/schema.org","@graph":[{"@type":"Article","@id":"https:\/\/www.pogotowieflagowe.pl\/aktualne\/kazdy-rzad-zaplaci-za-to-cene-sedzia-radzik-o-funkcjonowaniu-kasty-sedziowskiej\/#article","isPartOf":{"@id":"https:\/\/www.pogotowieflagowe.pl\/aktualne\/kazdy-rzad-zaplaci-za-to-cene-sedzia-radzik-o-funkcjonowaniu-kasty-sedziowskiej\/"},"author":{"name":"Filip","@id":"https:\/\/www.pogotowieflagowe.pl\/aktualne\/#\/schema\/person\/9c2fb7d2362ebf6fa088960d7f0d27b0"},"headline":"\u201eKa\u017cdy rz\u0105d zap\u0142aci za to cen\u0119\u201d. S\u0119dzia Radzik o funkcjonowaniu kasty s\u0119dziowskiej","datePublished":"2025-11-06T00:03:55+00:00","dateModified":"2025-11-06T00:03:56+00:00","mainEntityOfPage":{"@id":"https:\/\/www.pogotowieflagowe.pl\/aktualne\/kazdy-rzad-zaplaci-za-to-cene-sedzia-radzik-o-funkcjonowaniu-kasty-sedziowskiej\/"},"wordCount":859,"commentCount":0,"publisher":{"@id":"https:\/\/www.pogotowieflagowe.pl\/aktualne\/#organization"},"image":{"@id":"https:\/\/www.pogotowieflagowe.pl\/aktualne\/kazdy-rzad-zaplaci-za-to-cene-sedzia-radzik-o-funkcjonowaniu-kasty-sedziowskiej\/#primaryimage"},"thumbnailUrl":"https:\/\/www.pogotowieflagowe.pl\/aktualne\/wp-content\/uploads\/2025\/10\/Dozywocie-sedziego-za-potrojne-morderstwo-uchylone-poniewaz-uznano-go-za.webp.webp","keywords":["cen\u0119","funkcjonowaniu","kasty","ka\u017cdy","Radzik","Rz\u0105d","s\u0119dzia","s\u0119dziowskiej","zap\u0142aci"],"articleSection":["Aktualne"],"inLanguage":"pl-PL","potentialAction":[{"@type":"CommentAction","name":"Comment","target":["https:\/\/www.pogotowieflagowe.pl\/aktualne\/kazdy-rzad-zaplaci-za-to-cene-sedzia-radzik-o-funkcjonowaniu-kasty-sedziowskiej\/#respond"]}]},{"@type":"WebPage","@id":"https:\/\/www.pogotowieflagowe.pl\/aktualne\/kazdy-rzad-zaplaci-za-to-cene-sedzia-radzik-o-funkcjonowaniu-kasty-sedziowskiej\/","url":"https:\/\/www.pogotowieflagowe.pl\/aktualne\/kazdy-rzad-zaplaci-za-to-cene-sedzia-radzik-o-funkcjonowaniu-kasty-sedziowskiej\/","name":"\u201eKa\u017cdy rz\u0105d zap\u0142aci za to cen\u0119\u201d. S\u0119dzia Radzik o funkcjonowaniu kasty s\u0119dziowskiej - POGOTOWIE FLAGOWE\u00ae","isPartOf":{"@id":"https:\/\/www.pogotowieflagowe.pl\/aktualne\/#website"},"primaryImageOfPage":{"@id":"https:\/\/www.pogotowieflagowe.pl\/aktualne\/kazdy-rzad-zaplaci-za-to-cene-sedzia-radzik-o-funkcjonowaniu-kasty-sedziowskiej\/#primaryimage"},"image":{"@id":"https:\/\/www.pogotowieflagowe.pl\/aktualne\/kazdy-rzad-zaplaci-za-to-cene-sedzia-radzik-o-funkcjonowaniu-kasty-sedziowskiej\/#primaryimage"},"thumbnailUrl":"https:\/\/www.pogotowieflagowe.pl\/aktualne\/wp-content\/uploads\/2025\/10\/Dozywocie-sedziego-za-potrojne-morderstwo-uchylone-poniewaz-uznano-go-za.webp.webp","datePublished":"2025-11-06T00:03:55+00:00","dateModified":"2025-11-06T00:03:56+00:00","breadcrumb":{"@id":"https:\/\/www.pogotowieflagowe.pl\/aktualne\/kazdy-rzad-zaplaci-za-to-cene-sedzia-radzik-o-funkcjonowaniu-kasty-sedziowskiej\/#breadcrumb"},"inLanguage":"pl-PL","potentialAction":[{"@type":"ReadAction","target":["https:\/\/www.pogotowieflagowe.pl\/aktualne\/kazdy-rzad-zaplaci-za-to-cene-sedzia-radzik-o-funkcjonowaniu-kasty-sedziowskiej\/"]}]},{"@type":"ImageObject","inLanguage":"pl-PL","@id":"https:\/\/www.pogotowieflagowe.pl\/aktualne\/kazdy-rzad-zaplaci-za-to-cene-sedzia-radzik-o-funkcjonowaniu-kasty-sedziowskiej\/#primaryimage","url":"https:\/\/www.pogotowieflagowe.pl\/aktualne\/wp-content\/uploads\/2025\/10\/Dozywocie-sedziego-za-potrojne-morderstwo-uchylone-poniewaz-uznano-go-za.webp.webp","contentUrl":"https:\/\/www.pogotowieflagowe.pl\/aktualne\/wp-content\/uploads\/2025\/10\/Dozywocie-sedziego-za-potrojne-morderstwo-uchylone-poniewaz-uznano-go-za.webp.webp","width":1280,"height":720,"caption":"Do\u017cywocie s\u0119dziego za potr\u00f3jne morderstwo uchylone, poniewa\u017c uznano go za \u201eneos\u0119dziego\u201d \u2013 s\u0119dzia Jurkiewicz wypowiada si\u0119 przeciwko decyzji"},{"@type":"BreadcrumbList","@id":"https:\/\/www.pogotowieflagowe.pl\/aktualne\/kazdy-rzad-zaplaci-za-to-cene-sedzia-radzik-o-funkcjonowaniu-kasty-sedziowskiej\/#breadcrumb","itemListElement":[{"@type":"ListItem","position":1,"name":"Home","item":"https:\/\/www.pogotowieflagowe.pl\/aktualne\/"},{"@type":"ListItem","position":2,"name":"\u201eKa\u017cdy rz\u0105d zap\u0142aci za to cen\u0119\u201d. S\u0119dzia Radzik o funkcjonowaniu kasty s\u0119dziowskiej"}]},{"@type":"WebSite","@id":"https:\/\/www.pogotowieflagowe.pl\/aktualne\/#website","url":"https:\/\/www.pogotowieflagowe.pl\/aktualne\/","name":"POGOTOWIE FLAGOWE\u00ae","description":"","publisher":{"@id":"https:\/\/www.pogotowieflagowe.pl\/aktualne\/#organization"},"potentialAction":[{"@type":"SearchAction","target":{"@type":"EntryPoint","urlTemplate":"https:\/\/www.pogotowieflagowe.pl\/aktualne\/?s={search_term_string}"},"query-input":"required name=search_term_string"}],"inLanguage":"pl-PL"},{"@type":"Organization","@id":"https:\/\/www.pogotowieflagowe.pl\/aktualne\/#organization","name":"POGOTOWIE FLAGOWE\u00ae","url":"https:\/\/www.pogotowieflagowe.pl\/aktualne\/","logo":{"@type":"ImageObject","inLanguage":"pl-PL","@id":"https:\/\/www.pogotowieflagowe.pl\/aktualne\/#\/schema\/logo\/image\/","url":"https:\/\/www.pogotowieflagowe.pl\/aktualne\/wp-content\/uploads\/2024\/08\/cropped-pogotowieflagowe_flaga_projekt_sm.jpg","contentUrl":"https:\/\/www.pogotowieflagowe.pl\/aktualne\/wp-content\/uploads\/2024\/08\/cropped-pogotowieflagowe_flaga_projekt_sm.jpg","width":250,"height":143,"caption":"POGOTOWIE FLAGOWE\u00ae"},"image":{"@id":"https:\/\/www.pogotowieflagowe.pl\/aktualne\/#\/schema\/logo\/image\/"}},{"@type":"Person","@id":"https:\/\/www.pogotowieflagowe.pl\/aktualne\/#\/schema\/person\/9c2fb7d2362ebf6fa088960d7f0d27b0","name":"Filip","image":{"@type":"ImageObject","inLanguage":"pl-PL","@id":"https:\/\/www.pogotowieflagowe.pl\/aktualne\/#\/schema\/person\/image\/","url":"https:\/\/www.pogotowieflagowe.pl\/aktualne\/wp-content\/uploads\/2024\/08\/pogotowieflagowe.pl_.jpg","contentUrl":"https:\/\/www.pogotowieflagowe.pl\/aktualne\/wp-content\/uploads\/2024\/08\/pogotowieflagowe.pl_.jpg","caption":"Filip"},"description":"Jestem Filip, polski dziennikarz z dyplomem nauk politycznych Uniwersytetu Warszawskiego. Rozpoczynaj\u0105c swoj\u0105 karier\u0119 w r\u00f3\u017cnych lokalnych mediach, zdoby\u0142em solidne do\u015bwiadczenie w zakresie \u015bledztwa i redakcji. Obecnie jako redaktor w Pogotowie flagowe, staram si\u0119 dostarcza\u0107 dog\u0142\u0119bne i istotne analizy na temat najwa\u017cniejszych kwestii aktualno\u015bci, \u0142\u0105cz\u0105c rygor z pasj\u0105 dziennikarsk\u0105.","sameAs":["https:\/\/www.pogotowieflagowe.pl\/"]}]}},"_links":{"self":[{"href":"https:\/\/www.pogotowieflagowe.pl\/aktualne\/wp-json\/wp\/v2\/posts\/10190","targetHints":{"allow":["GET"]}}],"collection":[{"href":"https:\/\/www.pogotowieflagowe.pl\/aktualne\/wp-json\/wp\/v2\/posts"}],"about":[{"href":"https:\/\/www.pogotowieflagowe.pl\/aktualne\/wp-json\/wp\/v2\/types\/post"}],"author":[{"embeddable":true,"href":"https:\/\/www.pogotowieflagowe.pl\/aktualne\/wp-json\/wp\/v2\/users\/1"}],"replies":[{"embeddable":true,"href":"https:\/\/www.pogotowieflagowe.pl\/aktualne\/wp-json\/wp\/v2\/comments?post=10190"}],"version-history":[{"count":1,"href":"https:\/\/www.pogotowieflagowe.pl\/aktualne\/wp-json\/wp\/v2\/posts\/10190\/revisions"}],"predecessor-version":[{"id":10191,"href":"https:\/\/www.pogotowieflagowe.pl\/aktualne\/wp-json\/wp\/v2\/posts\/10190\/revisions\/10191"}],"wp:featuredmedia":[{"embeddable":true,"href":"https:\/\/www.pogotowieflagowe.pl\/aktualne\/wp-json\/wp\/v2\/media\/9983"}],"wp:attachment":[{"href":"https:\/\/www.pogotowieflagowe.pl\/aktualne\/wp-json\/wp\/v2\/media?parent=10190"}],"wp:term":[{"taxonomy":"category","embeddable":true,"href":"https:\/\/www.pogotowieflagowe.pl\/aktualne\/wp-json\/wp\/v2\/categories?post=10190"},{"taxonomy":"post_tag","embeddable":true,"href":"https:\/\/www.pogotowieflagowe.pl\/aktualne\/wp-json\/wp\/v2\/tags?post=10190"}],"curies":[{"name":"wp","href":"https:\/\/api.w.org\/{rel}","templated":true}]}}