{"id":10192,"date":"2025-11-06T01:29:15","date_gmt":"2025-11-06T00:29:15","guid":{"rendered":"https:\/\/www.pogotowieflagowe.pl\/aktualne\/ue-dazy-do-drastycznego-ograniczenia-emisji-co2-to-co-wydarzylo-sie-dzisiaj-w-brukseli-jest-niewiarygodne\/"},"modified":"2025-11-06T01:29:16","modified_gmt":"2025-11-06T00:29:16","slug":"ue-dazy-do-drastycznego-ograniczenia-emisji-co2-to-co-wydarzylo-sie-dzisiaj-w-brukseli-jest-niewiarygodne","status":"publish","type":"post","link":"https:\/\/www.pogotowieflagowe.pl\/aktualne\/ue-dazy-do-drastycznego-ograniczenia-emisji-co2-to-co-wydarzylo-sie-dzisiaj-w-brukseli-jest-niewiarygodne\/","title":{"rendered":"UE d\u0105\u017cy do drastycznego ograniczenia emisji CO2. \u201eTo, co wydarzy\u0142o si\u0119 dzisiaj w Brukseli, jest niewiarygodne\u201d"},"content":{"rendered":"\n<div class=\"td_block_wrap tdb_single_content tdi_41 td-pb-border-top td_block_template_8 td-post-content tagdiv-type\" data-td-block-uid=\"tdi_41\">\n<style>.tdi_41{margines-top:0px!important;margin-bottom:0px!important;dope\u0142nienie-g\u00f3ra:0px!important;dope\u0142nienie-d\u00f3\u0142:0px!important}<\/style>\n<style>.tdb_single_content{margin-bottom:0;*zoom:1}.tdb_single_content:before,.tdb_single_content:after{display:table;content:'';line-height:0}.tdb_single_content:after{clear:both}.tdb_single_content .tdb-block-inner>*:not(.wp-block-quote):not(.alignwide):not(.alignfull.wp-block-cover.has-parallax):not(.td-a-ad){margin-left:auto;margin-right:auto}.tdb_single_content a{pointer-events:auto}.tdb_single_content .td-spot-id-top_ad .tdc-placeholder-title:before{content:'Najlepsza reklama artyku\u0142u'!important}.tdb_single_content .td-spot-id-inline_ad0 .tdc-placeholder-title:before{content:'Reklama wbudowana artyku\u0142u 1'!important}.tdb_single_content .td-spot-id-inline_ad1 .tdc-placeholder-title:before{content:'Wbudowana reklama w artykule 2'!important}.tdb_single_content .td-spot-id-inline_ad2 .tdc-placeholder-title:before{content:'Wbudowana reklama w artykule 3'!important}.tdb_single_content .td-spot-id-bottom_ad .tdc-placeholder-title:before{content:'Article Bottom Ad'!important}.tdb_single_content .id_top_ad,.tdb_single_content .id_bottom_ad{clear:both;margin-bottom:21px;text-align:center}.tdb_single_content .id_top_ad img,.tdb_single_content .id_bottom_ad img{margin-bottom:0}.tdb_single_content .id_top_ad .adsbygoogle,.tdb_single_content .id_bottom_ad .adsbygoogle{position:relative}.tdb_single_content .id_ad_content-horiz-left,.tdb_single_content .id_ad_content-horiz-right,.tdb_single_content .id_ad_content-horiz-center{margin-bottom:15px}.tdb_single_content .id_ad_content-horiz-left img,.tdb_single_content .id_ad_content-horiz-right img,.tdb_single_content .id_ad_content-horiz-center img{margin-bottom:0}.tdb_single_content .id_ad_content-horiz-center{text-align:center}.tdb_single_content .id_ad_content-horiz-center img{margin-right:auto;margin-left:auto}.tdb_single_content .id_ad_content-horiz-left{float:left;margin-top:9px;margin-right:21px}.tdb_single_content .id_ad_content-horiz-right{float:right;margin-top:6px;margin-left:21px}.tdb_single_content .tdc-a-ad .tdc-placeholder-title{width:300px;height:250px}.tdb_single_content .tdc-a-ad .tdc-placeholder-title:before{position:absolute;top:50%;-webkit-transform:translateY(-50%);transform:translateY(-50%);margin:auto;display:table;width:100%}.tdb_single_content .tdb-block-inner.td-fix-index{word-break:break-word}.tdi_41,.tdi_41>p,.tdi_41 .tdb-block-inner>p,.wp-block-column>p{font-size:16px!important;line-height:1.6!important}.tdi_41 .tdb-block-inner blockquote p{font-style:normal!important}@media (max-width:767px){.tdb_single_content .id_ad_content-horiz-left,.tdb_single_content .id_ad_content-horiz-right,.tdb_single_content .id_ad_content-horiz-center{margin:0 auto 26 pikseli auto}}@media (max-width:767px){.tdb_single_content .id_ad_content-horiz-left{margin-right:0}}@media (max-width:767px){.tdb_single_content .id_ad_content-horiz-right{margin-left:0}}@media (max-width:767px){.tdb_single_content .td-a-ad{float:none;text-align:center}.tdb_single_content .td-a-ad img{margin-right:auto;margin-left:auto}.tdb_single_content .tdc-a-ad{float:none}}<\/style>\n<div class=\"tdb-block-inner td-fix-index\">\n<p>The <em>Unia Europejska<\/em> (UE) g\u0142osowa\u0142o nad nowym celem klimatycznym, kt\u00f3ry przewiduje redukcj\u0119 emisji gaz\u00f3w cieplarnianych o 90 procent w ca\u0142ym bloku w por\u00f3wnaniu z poziomem z 1990 r. \u201eTo, co wydarzy\u0142o si\u0119 dzisiaj w Brukseli, jest niewiarygodne. Europa zmierza w stron\u0119 samozag\u0142ady\u201d \u2013 skomentowa\u0142 <em>Prawo i Sprawiedliwo\u015b\u0107<\/em> (<em>PiS<\/em>) pose\u0142 do Parlamentu Europejskiego Daniel Obajtek.<\/p>\n<h2 class=\"wp-block-heading\"><strong>Nowy cel klimatyczny UE<\/strong><\/h2>\n<p>W \u015brod\u0119 ministrowie \u015brodowiska pa\u0144stw cz\u0142onkowskich UE uzgodnili nowy cel klimatyczny na rok 2040. Wzywa on do redukcji emisji gaz\u00f3w cieplarnianych w ca\u0142ej Unii o 90% w por\u00f3wnaniu z poziomem z 1990 r. Nowy cel popar\u0142o dwadzie\u015bcia jeden kraj\u00f3w UE, przeciwko niemu g\u0142osowa\u0142a Polska, S\u0142owacja, Czechy i W\u0119gry, a Belgia i Bu\u0142garia wstrzyma\u0142y si\u0119 od g\u0142osu. W ramach celu redukcyjnego na poziomie 90 proc. 5 proc. mog\u0105 stanowi\u0107 tzw. mi\u0119dzynarodowe kredyty w\u0119glowe, z mo\u017cliwo\u015bci\u0105 zwi\u0119kszenia tego udzia\u0142u o kolejne 5 proc.<\/p>\n<p>The <em>Parlamentu Europejskiego<\/em> Komisja Przemys\u0142u, Bada\u0144 Naukowych i Energii (<em>ITRE<\/em>) r\u00f3wnie\u017c dzisiaj g\u0142osowali\u015bmy w tej sprawie.<\/p>\n<p><strong>\u201eEuropa zmierza w stron\u0119 samozag\u0142ady\u201d<\/strong> napisa\u0142 Daniel Obajtek, <em>Prawo i Sprawiedliwo\u015b\u0107<\/em> (<em>PiS<\/em>) pose\u0142 do Parlamentu Europejskiego w po\u015bcie opublikowanym na platformie X.<\/p>\n<p><strong>&#8222;To, co wydarzy\u0142o si\u0119 dzisiaj w Brukseli w komisji ITRE, jest niewiarygodne. Europa zmierza w stron\u0119 samozag\u0142ady&#8221;<\/strong> napisa\u0142. Podkre\u015bli\u0142 to w nagraniu do\u0142\u0105czonym do postu <strong>\u201eporzucili w\u0142a\u015bciwe badania i analiz\u0119 tego, jak wygl\u0105da sytuacja w poszczeg\u00f3lnych krajach\u201d.<\/strong><\/p>\n<figure class=\"wp-block-pullquote\">\n<blockquote>\n<p><strong>\u201ePo prostu, mimo \u017ce europejska gospodarka si\u0119 kurczy, przeg\u0142osowano kolejny akt zielonego fanatyzmu \u2013 kt\u00f3ry ca\u0142kowicie nas niszczy i powoduje zniszczenie europejskiej gospodarki\u201d \u2013 doda\u0142.<\/strong> \u2013 podsumowa\u0142.<\/p>\n<\/blockquote>\n<\/figure>\n<blockquote class=\"twitter-tweet\">\n<p lang=\"pl\" dir=\"ltr\">To, co zadzia\u0142o si\u0119 dzi\u015b w Brukseli na komisji ITRE jest niebywa\u0142e. Europa kroczy ku samozag\u0142adzie. Pos\u0142uchaj \ud83d\udc47 <a rel=\"nofollow\" href=\"https:\/\/t.co\/rFEbnDEQf4\">pic.twitter.com\/rFEbnDEQf4<\/a><\/p>\n<p>\u2014 Daniel Obajtek (@DanielObajtek) <a rel=\"nofollow\" href=\"https:\/\/twitter.com\/DanielObajtek\/status\/1985987969245659292?ref_src=twsrc%5Etfw\">5 listopada 2025 r<\/a><\/p><\/blockquote>\n<\/div>\n<\/div>\n<p><script async src=\"https:\/\/platform.twitter.com\/widgets.js\" charset=\"utf-8\"><\/script><\/p>\n","protected":false},"excerpt":{"rendered":"<p>The Unia Europejska (UE) g\u0142osowa\u0142o nad nowym celem klimatycznym, kt\u00f3ry przewiduje redukcj\u0119 emisji gaz\u00f3w cieplarnianych o 90 procent w ca\u0142ym<\/p>\n","protected":false},"author":1,"featured_media":10193,"comment_status":"open","ping_status":"open","sticky":false,"template":"","format":"standard","meta":{"footnotes":""},"categories":[44],"tags":[5217,11692,11690,11691,328,3849,111,5803,4626,150,11693],"class_list":["post-10192","post","type-post","status-publish","format-standard","has-post-thumbnail","hentry","category-polityka","tag-brukseli","tag-co2","tag-dazy","tag-drastycznego","tag-dzisiaj","tag-emisji","tag-jest","tag-niewiarygodne","tag-ograniczenia","tag-sie","tag-wydarzylo","generate-columns","tablet-grid-50","mobile-grid-100","grid-parent","grid-50","resize-featured-image"],"yoast_head":"<!-- This site is optimized with the Yoast SEO plugin v23.2 - https:\/\/yoast.com\/wordpress\/plugins\/seo\/ -->\n<title>UE d\u0105\u017cy do drastycznego ograniczenia emisji CO2. \u201eTo, co wydarzy\u0142o si\u0119 dzisiaj w Brukseli, jest niewiarygodne\u201d - POGOTOWIE FLAGOWE\u00ae<\/title>\n<meta name=\"robots\" content=\"index, follow, max-snippet:-1, max-image-preview:large, max-video-preview:-1\" \/>\n<link rel=\"canonical\" href=\"https:\/\/www.pogotowieflagowe.pl\/aktualne\/ue-dazy-do-drastycznego-ograniczenia-emisji-co2-to-co-wydarzylo-sie-dzisiaj-w-brukseli-jest-niewiarygodne\/\" \/>\n<meta property=\"og:locale\" content=\"pl_PL\" \/>\n<meta property=\"og:type\" content=\"article\" \/>\n<meta property=\"og:title\" content=\"UE d\u0105\u017cy do drastycznego ograniczenia emisji CO2. \u201eTo, co wydarzy\u0142o si\u0119 dzisiaj w Brukseli, jest niewiarygodne\u201d - POGOTOWIE FLAGOWE\u00ae\" \/>\n<meta property=\"og:description\" content=\"The Unia Europejska (UE) g\u0142osowa\u0142o nad nowym celem klimatycznym, kt\u00f3ry przewiduje redukcj\u0119 emisji gaz\u00f3w cieplarnianych o 90 procent w ca\u0142ym\" \/>\n<meta property=\"og:url\" content=\"https:\/\/www.pogotowieflagowe.pl\/aktualne\/ue-dazy-do-drastycznego-ograniczenia-emisji-co2-to-co-wydarzylo-sie-dzisiaj-w-brukseli-jest-niewiarygodne\/\" \/>\n<meta property=\"og:site_name\" content=\"POGOTOWIE FLAGOWE\u00ae\" \/>\n<meta property=\"article:published_time\" content=\"2025-11-06T00:29:15+00:00\" \/>\n<meta property=\"article:modified_time\" content=\"2025-11-06T00:29:16+00:00\" \/>\n<meta property=\"og:image\" content=\"https:\/\/www.pogotowieflagowe.pl\/aktualne\/wp-content\/uploads\/2025\/11\/UE-dazy-do-drastycznego-ograniczenia-emisji-CO2-\u201eTo-co-wydarzylo.webp.webp\" \/>\n\t<meta property=\"og:image:width\" content=\"1280\" \/>\n\t<meta property=\"og:image:height\" content=\"720\" \/>\n\t<meta property=\"og:image:type\" content=\"image\/webp\" \/>\n<meta name=\"author\" content=\"Filip\" \/>\n<meta name=\"twitter:card\" content=\"summary_large_image\" \/>\n<meta name=\"twitter:label1\" content=\"Napisane przez\" \/>\n\t<meta name=\"twitter:data1\" content=\"Filip\" \/>\n\t<meta name=\"twitter:label2\" content=\"Szacowany czas czytania\" \/>\n\t<meta name=\"twitter:data2\" content=\"2 minuty\" \/>\n<script type=\"application\/ld+json\" class=\"yoast-schema-graph\">{\"@context\":\"https:\/\/schema.org\",\"@graph\":[{\"@type\":\"Article\",\"@id\":\"https:\/\/www.pogotowieflagowe.pl\/aktualne\/ue-dazy-do-drastycznego-ograniczenia-emisji-co2-to-co-wydarzylo-sie-dzisiaj-w-brukseli-jest-niewiarygodne\/#article\",\"isPartOf\":{\"@id\":\"https:\/\/www.pogotowieflagowe.pl\/aktualne\/ue-dazy-do-drastycznego-ograniczenia-emisji-co2-to-co-wydarzylo-sie-dzisiaj-w-brukseli-jest-niewiarygodne\/\"},\"author\":{\"name\":\"Filip\",\"@id\":\"https:\/\/www.pogotowieflagowe.pl\/aktualne\/#\/schema\/person\/9c2fb7d2362ebf6fa088960d7f0d27b0\"},\"headline\":\"UE d\u0105\u017cy do drastycznego ograniczenia emisji CO2. \u201eTo, co wydarzy\u0142o si\u0119 dzisiaj w Brukseli, jest niewiarygodne\u201d\",\"datePublished\":\"2025-11-06T00:29:15+00:00\",\"dateModified\":\"2025-11-06T00:29:16+00:00\",\"mainEntityOfPage\":{\"@id\":\"https:\/\/www.pogotowieflagowe.pl\/aktualne\/ue-dazy-do-drastycznego-ograniczenia-emisji-co2-to-co-wydarzylo-sie-dzisiaj-w-brukseli-jest-niewiarygodne\/\"},\"wordCount\":323,\"commentCount\":0,\"publisher\":{\"@id\":\"https:\/\/www.pogotowieflagowe.pl\/aktualne\/#organization\"},\"image\":{\"@id\":\"https:\/\/www.pogotowieflagowe.pl\/aktualne\/ue-dazy-do-drastycznego-ograniczenia-emisji-co2-to-co-wydarzylo-sie-dzisiaj-w-brukseli-jest-niewiarygodne\/#primaryimage\"},\"thumbnailUrl\":\"https:\/\/www.pogotowieflagowe.pl\/aktualne\/wp-content\/uploads\/2025\/11\/UE-dazy-do-drastycznego-ograniczenia-emisji-CO2-\u201eTo-co-wydarzylo.webp.webp\",\"keywords\":[\"Brukseli\",\"CO2\",\"d\u0105\u017cy\",\"drastycznego\",\"dzisiaj\",\"emisji\",\"jest\",\"Niewiarygodne\",\"Ograniczenia\",\"si\u0119\",\"wydarzy\u0142o\"],\"articleSection\":[\"Polityka\"],\"inLanguage\":\"pl-PL\",\"potentialAction\":[{\"@type\":\"CommentAction\",\"name\":\"Comment\",\"target\":[\"https:\/\/www.pogotowieflagowe.pl\/aktualne\/ue-dazy-do-drastycznego-ograniczenia-emisji-co2-to-co-wydarzylo-sie-dzisiaj-w-brukseli-jest-niewiarygodne\/#respond\"]}]},{\"@type\":\"WebPage\",\"@id\":\"https:\/\/www.pogotowieflagowe.pl\/aktualne\/ue-dazy-do-drastycznego-ograniczenia-emisji-co2-to-co-wydarzylo-sie-dzisiaj-w-brukseli-jest-niewiarygodne\/\",\"url\":\"https:\/\/www.pogotowieflagowe.pl\/aktualne\/ue-dazy-do-drastycznego-ograniczenia-emisji-co2-to-co-wydarzylo-sie-dzisiaj-w-brukseli-jest-niewiarygodne\/\",\"name\":\"UE d\u0105\u017cy do drastycznego ograniczenia emisji CO2. \u201eTo, co wydarzy\u0142o si\u0119 dzisiaj w Brukseli, jest niewiarygodne\u201d - POGOTOWIE FLAGOWE\u00ae\",\"isPartOf\":{\"@id\":\"https:\/\/www.pogotowieflagowe.pl\/aktualne\/#website\"},\"primaryImageOfPage\":{\"@id\":\"https:\/\/www.pogotowieflagowe.pl\/aktualne\/ue-dazy-do-drastycznego-ograniczenia-emisji-co2-to-co-wydarzylo-sie-dzisiaj-w-brukseli-jest-niewiarygodne\/#primaryimage\"},\"image\":{\"@id\":\"https:\/\/www.pogotowieflagowe.pl\/aktualne\/ue-dazy-do-drastycznego-ograniczenia-emisji-co2-to-co-wydarzylo-sie-dzisiaj-w-brukseli-jest-niewiarygodne\/#primaryimage\"},\"thumbnailUrl\":\"https:\/\/www.pogotowieflagowe.pl\/aktualne\/wp-content\/uploads\/2025\/11\/UE-dazy-do-drastycznego-ograniczenia-emisji-CO2-\u201eTo-co-wydarzylo.webp.webp\",\"datePublished\":\"2025-11-06T00:29:15+00:00\",\"dateModified\":\"2025-11-06T00:29:16+00:00\",\"breadcrumb\":{\"@id\":\"https:\/\/www.pogotowieflagowe.pl\/aktualne\/ue-dazy-do-drastycznego-ograniczenia-emisji-co2-to-co-wydarzylo-sie-dzisiaj-w-brukseli-jest-niewiarygodne\/#breadcrumb\"},\"inLanguage\":\"pl-PL\",\"potentialAction\":[{\"@type\":\"ReadAction\",\"target\":[\"https:\/\/www.pogotowieflagowe.pl\/aktualne\/ue-dazy-do-drastycznego-ograniczenia-emisji-co2-to-co-wydarzylo-sie-dzisiaj-w-brukseli-jest-niewiarygodne\/\"]}]},{\"@type\":\"ImageObject\",\"inLanguage\":\"pl-PL\",\"@id\":\"https:\/\/www.pogotowieflagowe.pl\/aktualne\/ue-dazy-do-drastycznego-ograniczenia-emisji-co2-to-co-wydarzylo-sie-dzisiaj-w-brukseli-jest-niewiarygodne\/#primaryimage\",\"url\":\"https:\/\/www.pogotowieflagowe.pl\/aktualne\/wp-content\/uploads\/2025\/11\/UE-dazy-do-drastycznego-ograniczenia-emisji-CO2-\u201eTo-co-wydarzylo.webp.webp\",\"contentUrl\":\"https:\/\/www.pogotowieflagowe.pl\/aktualne\/wp-content\/uploads\/2025\/11\/UE-dazy-do-drastycznego-ograniczenia-emisji-CO2-\u201eTo-co-wydarzylo.webp.webp\",\"width\":1280,\"height\":720,\"caption\":\"UE d\u0105\u017cy do drastycznego ograniczenia emisji CO2. \u201eTo, co wydarzy\u0142o si\u0119 dzisiaj w Brukseli, jest niewiarygodne\u201d\"},{\"@type\":\"BreadcrumbList\",\"@id\":\"https:\/\/www.pogotowieflagowe.pl\/aktualne\/ue-dazy-do-drastycznego-ograniczenia-emisji-co2-to-co-wydarzylo-sie-dzisiaj-w-brukseli-jest-niewiarygodne\/#breadcrumb\",\"itemListElement\":[{\"@type\":\"ListItem\",\"position\":1,\"name\":\"Home\",\"item\":\"https:\/\/www.pogotowieflagowe.pl\/aktualne\/\"},{\"@type\":\"ListItem\",\"position\":2,\"name\":\"UE d\u0105\u017cy do drastycznego ograniczenia emisji CO2. \u201eTo, co wydarzy\u0142o si\u0119 dzisiaj w Brukseli, jest niewiarygodne\u201d\"}]},{\"@type\":\"WebSite\",\"@id\":\"https:\/\/www.pogotowieflagowe.pl\/aktualne\/#website\",\"url\":\"https:\/\/www.pogotowieflagowe.pl\/aktualne\/\",\"name\":\"POGOTOWIE FLAGOWE\u00ae\",\"description\":\"\",\"publisher\":{\"@id\":\"https:\/\/www.pogotowieflagowe.pl\/aktualne\/#organization\"},\"potentialAction\":[{\"@type\":\"SearchAction\",\"target\":{\"@type\":\"EntryPoint\",\"urlTemplate\":\"https:\/\/www.pogotowieflagowe.pl\/aktualne\/?s={search_term_string}\"},\"query-input\":\"required name=search_term_string\"}],\"inLanguage\":\"pl-PL\"},{\"@type\":\"Organization\",\"@id\":\"https:\/\/www.pogotowieflagowe.pl\/aktualne\/#organization\",\"name\":\"POGOTOWIE FLAGOWE\u00ae\",\"url\":\"https:\/\/www.pogotowieflagowe.pl\/aktualne\/\",\"logo\":{\"@type\":\"ImageObject\",\"inLanguage\":\"pl-PL\",\"@id\":\"https:\/\/www.pogotowieflagowe.pl\/aktualne\/#\/schema\/logo\/image\/\",\"url\":\"https:\/\/www.pogotowieflagowe.pl\/aktualne\/wp-content\/uploads\/2024\/08\/cropped-pogotowieflagowe_flaga_projekt_sm.jpg\",\"contentUrl\":\"https:\/\/www.pogotowieflagowe.pl\/aktualne\/wp-content\/uploads\/2024\/08\/cropped-pogotowieflagowe_flaga_projekt_sm.jpg\",\"width\":250,\"height\":143,\"caption\":\"POGOTOWIE FLAGOWE\u00ae\"},\"image\":{\"@id\":\"https:\/\/www.pogotowieflagowe.pl\/aktualne\/#\/schema\/logo\/image\/\"}},{\"@type\":\"Person\",\"@id\":\"https:\/\/www.pogotowieflagowe.pl\/aktualne\/#\/schema\/person\/9c2fb7d2362ebf6fa088960d7f0d27b0\",\"name\":\"Filip\",\"image\":{\"@type\":\"ImageObject\",\"inLanguage\":\"pl-PL\",\"@id\":\"https:\/\/www.pogotowieflagowe.pl\/aktualne\/#\/schema\/person\/image\/\",\"url\":\"https:\/\/www.pogotowieflagowe.pl\/aktualne\/wp-content\/uploads\/2024\/08\/pogotowieflagowe.pl_.jpg\",\"contentUrl\":\"https:\/\/www.pogotowieflagowe.pl\/aktualne\/wp-content\/uploads\/2024\/08\/pogotowieflagowe.pl_.jpg\",\"caption\":\"Filip\"},\"description\":\"Jestem Filip, polski dziennikarz z dyplomem nauk politycznych Uniwersytetu Warszawskiego. Rozpoczynaj\u0105c swoj\u0105 karier\u0119 w r\u00f3\u017cnych lokalnych mediach, zdoby\u0142em solidne do\u015bwiadczenie w zakresie \u015bledztwa i redakcji. Obecnie jako redaktor w Pogotowie flagowe, staram si\u0119 dostarcza\u0107 dog\u0142\u0119bne i istotne analizy na temat najwa\u017cniejszych kwestii aktualno\u015bci, \u0142\u0105cz\u0105c rygor z pasj\u0105 dziennikarsk\u0105.\",\"sameAs\":[\"https:\/\/www.pogotowieflagowe.pl\/\"]}]}<\/script>\n<!-- \/ Yoast SEO plugin. -->","yoast_head_json":{"title":"UE d\u0105\u017cy do drastycznego ograniczenia emisji CO2. \u201eTo, co wydarzy\u0142o si\u0119 dzisiaj w Brukseli, jest niewiarygodne\u201d - POGOTOWIE FLAGOWE\u00ae","robots":{"index":"index","follow":"follow","max-snippet":"max-snippet:-1","max-image-preview":"max-image-preview:large","max-video-preview":"max-video-preview:-1"},"canonical":"https:\/\/www.pogotowieflagowe.pl\/aktualne\/ue-dazy-do-drastycznego-ograniczenia-emisji-co2-to-co-wydarzylo-sie-dzisiaj-w-brukseli-jest-niewiarygodne\/","og_locale":"pl_PL","og_type":"article","og_title":"UE d\u0105\u017cy do drastycznego ograniczenia emisji CO2. \u201eTo, co wydarzy\u0142o si\u0119 dzisiaj w Brukseli, jest niewiarygodne\u201d - POGOTOWIE FLAGOWE\u00ae","og_description":"The Unia Europejska (UE) g\u0142osowa\u0142o nad nowym celem klimatycznym, kt\u00f3ry przewiduje redukcj\u0119 emisji gaz\u00f3w cieplarnianych o 90 procent w ca\u0142ym","og_url":"https:\/\/www.pogotowieflagowe.pl\/aktualne\/ue-dazy-do-drastycznego-ograniczenia-emisji-co2-to-co-wydarzylo-sie-dzisiaj-w-brukseli-jest-niewiarygodne\/","og_site_name":"POGOTOWIE FLAGOWE\u00ae","article_published_time":"2025-11-06T00:29:15+00:00","article_modified_time":"2025-11-06T00:29:16+00:00","og_image":[{"width":1280,"height":720,"url":"https:\/\/www.pogotowieflagowe.pl\/aktualne\/wp-content\/uploads\/2025\/11\/UE-dazy-do-drastycznego-ograniczenia-emisji-CO2-\u201eTo-co-wydarzylo.webp.webp","type":"image\/webp"}],"author":"Filip","twitter_card":"summary_large_image","twitter_misc":{"Napisane przez":"Filip","Szacowany czas czytania":"2 minuty"},"schema":{"@context":"https:\/\/schema.org","@graph":[{"@type":"Article","@id":"https:\/\/www.pogotowieflagowe.pl\/aktualne\/ue-dazy-do-drastycznego-ograniczenia-emisji-co2-to-co-wydarzylo-sie-dzisiaj-w-brukseli-jest-niewiarygodne\/#article","isPartOf":{"@id":"https:\/\/www.pogotowieflagowe.pl\/aktualne\/ue-dazy-do-drastycznego-ograniczenia-emisji-co2-to-co-wydarzylo-sie-dzisiaj-w-brukseli-jest-niewiarygodne\/"},"author":{"name":"Filip","@id":"https:\/\/www.pogotowieflagowe.pl\/aktualne\/#\/schema\/person\/9c2fb7d2362ebf6fa088960d7f0d27b0"},"headline":"UE d\u0105\u017cy do drastycznego ograniczenia emisji CO2. \u201eTo, co wydarzy\u0142o si\u0119 dzisiaj w Brukseli, jest niewiarygodne\u201d","datePublished":"2025-11-06T00:29:15+00:00","dateModified":"2025-11-06T00:29:16+00:00","mainEntityOfPage":{"@id":"https:\/\/www.pogotowieflagowe.pl\/aktualne\/ue-dazy-do-drastycznego-ograniczenia-emisji-co2-to-co-wydarzylo-sie-dzisiaj-w-brukseli-jest-niewiarygodne\/"},"wordCount":323,"commentCount":0,"publisher":{"@id":"https:\/\/www.pogotowieflagowe.pl\/aktualne\/#organization"},"image":{"@id":"https:\/\/www.pogotowieflagowe.pl\/aktualne\/ue-dazy-do-drastycznego-ograniczenia-emisji-co2-to-co-wydarzylo-sie-dzisiaj-w-brukseli-jest-niewiarygodne\/#primaryimage"},"thumbnailUrl":"https:\/\/www.pogotowieflagowe.pl\/aktualne\/wp-content\/uploads\/2025\/11\/UE-dazy-do-drastycznego-ograniczenia-emisji-CO2-\u201eTo-co-wydarzylo.webp.webp","keywords":["Brukseli","CO2","d\u0105\u017cy","drastycznego","dzisiaj","emisji","jest","Niewiarygodne","Ograniczenia","si\u0119","wydarzy\u0142o"],"articleSection":["Polityka"],"inLanguage":"pl-PL","potentialAction":[{"@type":"CommentAction","name":"Comment","target":["https:\/\/www.pogotowieflagowe.pl\/aktualne\/ue-dazy-do-drastycznego-ograniczenia-emisji-co2-to-co-wydarzylo-sie-dzisiaj-w-brukseli-jest-niewiarygodne\/#respond"]}]},{"@type":"WebPage","@id":"https:\/\/www.pogotowieflagowe.pl\/aktualne\/ue-dazy-do-drastycznego-ograniczenia-emisji-co2-to-co-wydarzylo-sie-dzisiaj-w-brukseli-jest-niewiarygodne\/","url":"https:\/\/www.pogotowieflagowe.pl\/aktualne\/ue-dazy-do-drastycznego-ograniczenia-emisji-co2-to-co-wydarzylo-sie-dzisiaj-w-brukseli-jest-niewiarygodne\/","name":"UE d\u0105\u017cy do drastycznego ograniczenia emisji CO2. \u201eTo, co wydarzy\u0142o si\u0119 dzisiaj w Brukseli, jest niewiarygodne\u201d - POGOTOWIE FLAGOWE\u00ae","isPartOf":{"@id":"https:\/\/www.pogotowieflagowe.pl\/aktualne\/#website"},"primaryImageOfPage":{"@id":"https:\/\/www.pogotowieflagowe.pl\/aktualne\/ue-dazy-do-drastycznego-ograniczenia-emisji-co2-to-co-wydarzylo-sie-dzisiaj-w-brukseli-jest-niewiarygodne\/#primaryimage"},"image":{"@id":"https:\/\/www.pogotowieflagowe.pl\/aktualne\/ue-dazy-do-drastycznego-ograniczenia-emisji-co2-to-co-wydarzylo-sie-dzisiaj-w-brukseli-jest-niewiarygodne\/#primaryimage"},"thumbnailUrl":"https:\/\/www.pogotowieflagowe.pl\/aktualne\/wp-content\/uploads\/2025\/11\/UE-dazy-do-drastycznego-ograniczenia-emisji-CO2-\u201eTo-co-wydarzylo.webp.webp","datePublished":"2025-11-06T00:29:15+00:00","dateModified":"2025-11-06T00:29:16+00:00","breadcrumb":{"@id":"https:\/\/www.pogotowieflagowe.pl\/aktualne\/ue-dazy-do-drastycznego-ograniczenia-emisji-co2-to-co-wydarzylo-sie-dzisiaj-w-brukseli-jest-niewiarygodne\/#breadcrumb"},"inLanguage":"pl-PL","potentialAction":[{"@type":"ReadAction","target":["https:\/\/www.pogotowieflagowe.pl\/aktualne\/ue-dazy-do-drastycznego-ograniczenia-emisji-co2-to-co-wydarzylo-sie-dzisiaj-w-brukseli-jest-niewiarygodne\/"]}]},{"@type":"ImageObject","inLanguage":"pl-PL","@id":"https:\/\/www.pogotowieflagowe.pl\/aktualne\/ue-dazy-do-drastycznego-ograniczenia-emisji-co2-to-co-wydarzylo-sie-dzisiaj-w-brukseli-jest-niewiarygodne\/#primaryimage","url":"https:\/\/www.pogotowieflagowe.pl\/aktualne\/wp-content\/uploads\/2025\/11\/UE-dazy-do-drastycznego-ograniczenia-emisji-CO2-\u201eTo-co-wydarzylo.webp.webp","contentUrl":"https:\/\/www.pogotowieflagowe.pl\/aktualne\/wp-content\/uploads\/2025\/11\/UE-dazy-do-drastycznego-ograniczenia-emisji-CO2-\u201eTo-co-wydarzylo.webp.webp","width":1280,"height":720,"caption":"UE d\u0105\u017cy do drastycznego ograniczenia emisji CO2. \u201eTo, co wydarzy\u0142o si\u0119 dzisiaj w Brukseli, jest niewiarygodne\u201d"},{"@type":"BreadcrumbList","@id":"https:\/\/www.pogotowieflagowe.pl\/aktualne\/ue-dazy-do-drastycznego-ograniczenia-emisji-co2-to-co-wydarzylo-sie-dzisiaj-w-brukseli-jest-niewiarygodne\/#breadcrumb","itemListElement":[{"@type":"ListItem","position":1,"name":"Home","item":"https:\/\/www.pogotowieflagowe.pl\/aktualne\/"},{"@type":"ListItem","position":2,"name":"UE d\u0105\u017cy do drastycznego ograniczenia emisji CO2. \u201eTo, co wydarzy\u0142o si\u0119 dzisiaj w Brukseli, jest niewiarygodne\u201d"}]},{"@type":"WebSite","@id":"https:\/\/www.pogotowieflagowe.pl\/aktualne\/#website","url":"https:\/\/www.pogotowieflagowe.pl\/aktualne\/","name":"POGOTOWIE FLAGOWE\u00ae","description":"","publisher":{"@id":"https:\/\/www.pogotowieflagowe.pl\/aktualne\/#organization"},"potentialAction":[{"@type":"SearchAction","target":{"@type":"EntryPoint","urlTemplate":"https:\/\/www.pogotowieflagowe.pl\/aktualne\/?s={search_term_string}"},"query-input":"required name=search_term_string"}],"inLanguage":"pl-PL"},{"@type":"Organization","@id":"https:\/\/www.pogotowieflagowe.pl\/aktualne\/#organization","name":"POGOTOWIE FLAGOWE\u00ae","url":"https:\/\/www.pogotowieflagowe.pl\/aktualne\/","logo":{"@type":"ImageObject","inLanguage":"pl-PL","@id":"https:\/\/www.pogotowieflagowe.pl\/aktualne\/#\/schema\/logo\/image\/","url":"https:\/\/www.pogotowieflagowe.pl\/aktualne\/wp-content\/uploads\/2024\/08\/cropped-pogotowieflagowe_flaga_projekt_sm.jpg","contentUrl":"https:\/\/www.pogotowieflagowe.pl\/aktualne\/wp-content\/uploads\/2024\/08\/cropped-pogotowieflagowe_flaga_projekt_sm.jpg","width":250,"height":143,"caption":"POGOTOWIE FLAGOWE\u00ae"},"image":{"@id":"https:\/\/www.pogotowieflagowe.pl\/aktualne\/#\/schema\/logo\/image\/"}},{"@type":"Person","@id":"https:\/\/www.pogotowieflagowe.pl\/aktualne\/#\/schema\/person\/9c2fb7d2362ebf6fa088960d7f0d27b0","name":"Filip","image":{"@type":"ImageObject","inLanguage":"pl-PL","@id":"https:\/\/www.pogotowieflagowe.pl\/aktualne\/#\/schema\/person\/image\/","url":"https:\/\/www.pogotowieflagowe.pl\/aktualne\/wp-content\/uploads\/2024\/08\/pogotowieflagowe.pl_.jpg","contentUrl":"https:\/\/www.pogotowieflagowe.pl\/aktualne\/wp-content\/uploads\/2024\/08\/pogotowieflagowe.pl_.jpg","caption":"Filip"},"description":"Jestem Filip, polski dziennikarz z dyplomem nauk politycznych Uniwersytetu Warszawskiego. Rozpoczynaj\u0105c swoj\u0105 karier\u0119 w r\u00f3\u017cnych lokalnych mediach, zdoby\u0142em solidne do\u015bwiadczenie w zakresie \u015bledztwa i redakcji. Obecnie jako redaktor w Pogotowie flagowe, staram si\u0119 dostarcza\u0107 dog\u0142\u0119bne i istotne analizy na temat najwa\u017cniejszych kwestii aktualno\u015bci, \u0142\u0105cz\u0105c rygor z pasj\u0105 dziennikarsk\u0105.","sameAs":["https:\/\/www.pogotowieflagowe.pl\/"]}]}},"_links":{"self":[{"href":"https:\/\/www.pogotowieflagowe.pl\/aktualne\/wp-json\/wp\/v2\/posts\/10192","targetHints":{"allow":["GET"]}}],"collection":[{"href":"https:\/\/www.pogotowieflagowe.pl\/aktualne\/wp-json\/wp\/v2\/posts"}],"about":[{"href":"https:\/\/www.pogotowieflagowe.pl\/aktualne\/wp-json\/wp\/v2\/types\/post"}],"author":[{"embeddable":true,"href":"https:\/\/www.pogotowieflagowe.pl\/aktualne\/wp-json\/wp\/v2\/users\/1"}],"replies":[{"embeddable":true,"href":"https:\/\/www.pogotowieflagowe.pl\/aktualne\/wp-json\/wp\/v2\/comments?post=10192"}],"version-history":[{"count":1,"href":"https:\/\/www.pogotowieflagowe.pl\/aktualne\/wp-json\/wp\/v2\/posts\/10192\/revisions"}],"predecessor-version":[{"id":10194,"href":"https:\/\/www.pogotowieflagowe.pl\/aktualne\/wp-json\/wp\/v2\/posts\/10192\/revisions\/10194"}],"wp:featuredmedia":[{"embeddable":true,"href":"https:\/\/www.pogotowieflagowe.pl\/aktualne\/wp-json\/wp\/v2\/media\/10193"}],"wp:attachment":[{"href":"https:\/\/www.pogotowieflagowe.pl\/aktualne\/wp-json\/wp\/v2\/media?parent=10192"}],"wp:term":[{"taxonomy":"category","embeddable":true,"href":"https:\/\/www.pogotowieflagowe.pl\/aktualne\/wp-json\/wp\/v2\/categories?post=10192"},{"taxonomy":"post_tag","embeddable":true,"href":"https:\/\/www.pogotowieflagowe.pl\/aktualne\/wp-json\/wp\/v2\/tags?post=10192"}],"curies":[{"name":"wp","href":"https:\/\/api.w.org\/{rel}","templated":true}]}}