{"id":10204,"date":"2025-11-06T13:18:02","date_gmt":"2025-11-06T12:18:02","guid":{"rendered":"https:\/\/www.pogotowieflagowe.pl\/aktualne\/jak-wyprowadzono-miliony-z-polnordu-skandal-z-pieczecia-rola-romana-giertycha-i-spor-prawniczy-w-rodzinie-tuskow\/"},"modified":"2025-11-06T13:18:04","modified_gmt":"2025-11-06T12:18:04","slug":"jak-wyprowadzono-miliony-z-polnordu-skandal-z-pieczecia-rola-romana-giertycha-i-spor-prawniczy-w-rodzinie-tuskow","status":"publish","type":"post","link":"https:\/\/www.pogotowieflagowe.pl\/aktualne\/jak-wyprowadzono-miliony-z-polnordu-skandal-z-pieczecia-rola-romana-giertycha-i-spor-prawniczy-w-rodzinie-tuskow\/","title":{"rendered":"Jak wyprowadzono miliony z Polnordu: skandal z \u201epiecz\u0119ci\u0105\u201d, rola Romana Giertycha i sp\u00f3r prawniczy w rodzinie Tusk\u00f3w"},"content":{"rendered":"\n<div class=\"td_block_wrap tdb_single_content tdi_41 td-pb-border-top td_block_template_8 td-post-content tagdiv-type\" data-td-block-uid=\"tdi_41\">\n<style>.tdi_41{margines-top:0px!important;margin-bottom:0px!important;dope\u0142nienie-g\u00f3ra:0px!important;dope\u0142nienie-d\u00f3\u0142:0px!important}<\/style>\n<style>.tdb_single_content{margin-bottom:0;*zoom:1}.tdb_single_content:before,.tdb_single_content:after{display:table;content:'';line-height:0}.tdb_single_content:after{clear:both}.tdb_single_content .tdb-block-inner>*:not(.wp-block-quote):not(.alignwide):not(.alignfull.wp-block-cover.has-parallax):not(.td-a-ad){margin-left:auto;margin-right:auto}.tdb_single_content a{pointer-events:auto}.tdb_single_content .td-spot-id-top_ad .tdc-placeholder-title:before{content:'Najlepsza reklama artyku\u0142u'!important}.tdb_single_content .td-spot-id-inline_ad0 .tdc-placeholder-title:before{content:'Reklama wbudowana artyku\u0142u 1'!important}.tdb_single_content .td-spot-id-inline_ad1 .tdc-placeholder-title:before{content:'Wbudowana reklama w artykule 2'!important}.tdb_single_content .td-spot-id-inline_ad2 .tdc-placeholder-title:before{content:'Wbudowana reklama w artykule 3'!important}.tdb_single_content .td-spot-id-bottom_ad .tdc-placeholder-title:before{content:'Article Bottom Ad'!important}.tdb_single_content .id_top_ad,.tdb_single_content .id_bottom_ad{clear:both;margin-bottom:21px;text-align:center}.tdb_single_content .id_top_ad img,.tdb_single_content .id_bottom_ad img{margin-bottom:0}.tdb_single_content .id_top_ad .adsbygoogle,.tdb_single_content .id_bottom_ad .adsbygoogle{position:relative}.tdb_single_content .id_ad_content-horiz-left,.tdb_single_content .id_ad_content-horiz-right,.tdb_single_content .id_ad_content-horiz-center{margin-bottom:15px}.tdb_single_content .id_ad_content-horiz-left img,.tdb_single_content .id_ad_content-horiz-right img,.tdb_single_content .id_ad_content-horiz-center img{margin-bottom:0}.tdb_single_content .id_ad_content-horiz-center{text-align:center}.tdb_single_content .id_ad_content-horiz-center img{margin-right:auto;margin-left:auto}.tdb_single_content .id_ad_content-horiz-left{float:left;margin-top:9px;margin-right:21px}.tdb_single_content .id_ad_content-horiz-right{float:right;margin-top:6px;margin-left:21px}.tdb_single_content .tdc-a-ad .tdc-placeholder-title{width:300px;height:250px}.tdb_single_content .tdc-a-ad .tdc-placeholder-title:before{position:absolute;top:50%;-webkit-transform:translateY(-50%);transform:translateY(-50%);margin:auto;display:table;width:100%}.tdb_single_content .tdb-block-inner.td-fix-index{word-break:break-word}.tdi_41,.tdi_41>p,.tdi_41 .tdb-block-inner>p,.wp-block-column>p{font-size:16px!important;line-height:1.6!important}.tdi_41 .tdb-block-inner blockquote p{font-style:normal!important}@media (max-width:767px){.tdb_single_content .id_ad_content-horiz-left,.tdb_single_content .id_ad_content-horiz-right,.tdb_single_content .id_ad_content-horiz-center{margin:0 auto 26 pikseli auto}}@media (max-width:767px){.tdb_single_content .id_ad_content-horiz-left{margin-right:0}}@media (max-width:767px){.tdb_single_content .id_ad_content-horiz-right{margin-left:0}}@media (max-width:767px){.tdb_single_content .td-a-ad{float:none;text-align:center}.tdb_single_content .td-a-ad img{margin-right:auto;margin-left:auto}.tdb_single_content .tdc-a-ad{float:none}}<\/style>\n<div class=\"tdb-block-inner td-fix-index\">\n<p>Roman Giertych otrzyma\u0142 2,4 mln z\u0142 tytu\u0142em koszt\u00f3w prawnych od dw\u00f3ch sp\u00f3\u0142ek, kt\u00f3rych w\u0142a\u015bcicielami s\u0105 jego wieloletni ochroniarz i kierowca oraz by\u0142y pose\u0142 Ligi Polskich Rodzin. \u015arodki te rzekomo pochodzi\u0142y z pieni\u0119dzy wyprowadzonych z Polnordu. Giertychowi postawiono m.in. zarzuty prania pieni\u0119dzy w zwi\u0105zku z tym procederem. Za rz\u0105d\u00f3w Donalda Tuska jego spraw\u0119 umorzono, za\u015b prokuratorzy i byli funkcjonariusze Centralnego Biura Antykorupcyjnego (CBA) prowadz\u0105cy \u015bledztwo s\u0105 obecnie \u015bcigani przez w\u0142adze i atakowani przez prorz\u0105dowe media \u2013 podaje. <em>Gazeta Polska<\/em> w swoim najnowszym numerze.<\/p>\n<p>Zdaniem \u015bledczych kluczow\u0105 rol\u0119 w operacji odegra\u0142y firmy fasadowe utworzone przez wieloletniego ochroniarza i kierowc\u0119 Giertycha, Sebastiana J., zwanego \u201eFok\u0105\u201d. Sp\u00f3\u0142ki te, nieposiadaj\u0105ce w\u0142asnego maj\u0105tku, rzekomo zajmowa\u0142y si\u0119 obrotem kilkudziesi\u0119ciomilionowym d\u0142ugiem, kt\u00f3ry ostatecznie kupi\u0142 Polnord. Ponad 2,4 mln z\u0142 z tych sp\u00f3\u0142ek trafi\u0142o do kancelarii Giertycha. Dziennikarz Leszek Kraskowski, kt\u00f3ry zbada\u0142 spraw\u0119 i w obawie przed represjami opu\u015bci\u0142 Polsk\u0119, napisa\u0142 bez ogr\u00f3dek:<\/p>\n<figure class=\"wp-block-pullquote\">\n<blockquote>\n<p>&#8222;Zgromadzone przez lubelsk\u0105 prokuratur\u0119 dokumenty daj\u0105 ca\u0142kowit\u0105 pewno\u015b\u0107, \u017ce umowy o \u015bwiadczenie us\u0142ug prawnych, na podstawie kt\u00f3rych dokonano transfer\u00f3w do Giertycha, by\u0142y fikcyjne. Mia\u0142y na celu jedynie stworzenie pretekstu do przekazania pieni\u0119dzy. Pranie \u201eFoki&#8221; by\u0142o pierwszym etapem operacji, kt\u00f3ra doprowadzi\u0142a do wy\u0142udzenia z Polnordu 93 mln z\u0142.&#8221;<\/p>\n<\/blockquote>\n<\/figure>\n<p>Kolejnym elementem programu by\u0142 zakup grunt\u00f3w pod Poznaniem, kt\u00f3re sp\u00f3\u0142ka nale\u017c\u0105ca do \u017cony \u201eSeala\u201d kupi\u0142a za 7 mln z\u0142 i zaledwie osiem dni p\u00f3\u017aniej odsprzeda\u0142a Polnordowi za 27 mln z\u0142.<\/p>\n<p>W styczniu 2025 roku za rz\u0105d\u00f3w nowego rz\u0105du prokuratura wycofa\u0142a zarzuty wobec Romana Giertycha, argumentuj\u0105c, \u017ce jego rola w ca\u0142ej sprawie ogranicza si\u0119 do \u201espraw zawodowych\u201d, a jego kancelaria prawna jedynie \u015bwiadczy us\u0142ugi podmiotom bior\u0105cym udzia\u0142 w transakcjach. Za \u201einicjatora\u201d operacji uznano Sebastiana J., kt\u00f3ry wed\u0142ug prokuratury \u201eusamodzielni\u0142 si\u0119\u201d. W tym samym czasie rozpocz\u0119\u0142o si\u0119 polowanie na czarownice przeciwko funkcjonariuszom i prokuratorom prowadz\u0105cym \u015bledztwo. W\u015br\u00f3d oskar\u017conych znalaz\u0142 si\u0119 by\u0142y zast\u0119pca szefa CBA, a prorz\u0105dowe media ujawni\u0142y dane osobowe funkcjonariusza, kt\u00f3ry prowadzi\u0142 obserwacj\u0119 operacyjn\u0105 Giertycha.<\/p>\n<p>By\u0142y funkcjonariusz CBA Artur Chodzi\u0144ski tak jednoznacznie skomentowa\u0142 te dzia\u0142ania:<\/p>\n<figure class=\"wp-block-pullquote\">\n<blockquote>\n<p>\u201eIstot\u0105 pracy Zespo\u0142u \u015aledczego nr 3 pod przewodnictwem prokuratora J\u00f3zefa Gacka jest tak naprawd\u0119 udowodnienie fa\u0142szywej tezy, \u017ce Roman Giertych jest niewinn\u0105 ofiar\u0105 nielegalnego systemu, a tak\u017ce zemsta na osobach zamieszanych w spraw\u0119 Polnordu\u201d.<\/p>\n<\/blockquote>\n<\/figure>\n<pre class=\"wp-block-preformatted\">How exactly did the money siphoning mechanism work? Who else was involved in this scheme, and why did the prosecutor\u2019s office decide to target those investigating the scandal rather than its alleged perpetrators? Piotr Nisztor writes about the background of one of the biggest economic scandals of recent years - and its political dimensions - in the latest issue of\u00a0<em>Gazeta Polska<\/em>.<\/pre>\n<figure class=\"wp-block-embed is-type-rich is-provider-twitter wp-block-embed-twitter\">\n<div class=\"wp-block-embed__wrapper\">\n<blockquote class=\"twitter-tweet\" data-width=\"550\" data-dnt=\"true\">\n<p lang=\"pl\" dir=\"ltr\"><a rel=\"nofollow\" href=\"https:\/\/twitter.com\/hashtag\/GazetaPolska?src=hash&amp;ref_src=twsrc%5Etfw\">#GazetaPolska<\/a> | Lord <a rel=\"nofollow\" href=\"https:\/\/twitter.com\/hashtag\/Polnord?src=hash&amp;ref_src=twsrc%5Etfw\">#Polnord<\/a> i jego \u201eFoka\u201d<\/p>\n<p>Czytaj wi\u0119cej \ud83d\udc47\ud83c\udffbhttps:\/\/t.co\/aUrJCbBAO7<a rel=\"nofollow\" href=\"https:\/\/twitter.com\/GiertychRoman?ref_src=twsrc%5Etfw\">@GiertychRoman<\/a> <a rel=\"nofollow\" href=\"https:\/\/twitter.com\/hashtag\/Giertych?src=hash&amp;ref_src=twsrc%5Etfw\">#Giertych<\/a> <a rel=\"nofollow\" href=\"https:\/\/t.co\/HPtwUGxagh\">pic.twitter.com\/HPtwUGxagh<\/a><\/p>\n<p>\u2014 Gazeta Polska \u2013 w ka\u017cd\u0105 \u015brod\u0119 (@GPtygodnik) <a rel=\"nofollow\" href=\"https:\/\/twitter.com\/GPtygodnik\/status\/1986049257464287627?ref_src=twsrc%5Etfw\">5 listopada 2025 r<\/a><\/p><\/blockquote>\n<\/div>\n<\/figure>\n<\/div>\n<\/div>\n<p><script async src=\"https:\/\/platform.twitter.com\/widgets.js\" charset=\"utf-8\"><\/script><\/p>\n","protected":false},"excerpt":{"rendered":"<p>Roman Giertych otrzyma\u0142 2,4 mln z\u0142 tytu\u0142em koszt\u00f3w prawnych od dw\u00f3ch sp\u00f3\u0142ek, kt\u00f3rych w\u0142a\u015bcicielami s\u0105 jego wieloletni ochroniarz i kierowca<\/p>\n","protected":false},"author":1,"featured_media":6329,"comment_status":"open","ping_status":"open","sticky":false,"template":"","format":"standard","meta":{"footnotes":""},"categories":[4748],"tags":[4102,982,1256,11701,11700,11703,11704,139,11702,2358,8481,11705,11699],"class_list":["post-10204","post","type-post","status-publish","format-standard","has-post-thumbnail","hentry","category-aktualne","tag-giertycha","tag-jak","tag-miliony","tag-pieczecia","tag-polnordu","tag-prawniczy","tag-rodzinie","tag-rola","tag-romana","tag-skandal","tag-spor","tag-tuskow","tag-wyprowadzono","generate-columns","tablet-grid-50","mobile-grid-100","grid-parent","grid-50","resize-featured-image"],"yoast_head":"<!-- This site is optimized with the Yoast SEO plugin v23.2 - https:\/\/yoast.com\/wordpress\/plugins\/seo\/ -->\n<title>Jak wyprowadzono miliony z Polnordu: skandal z \u201epiecz\u0119ci\u0105\u201d, rola Romana Giertycha i sp\u00f3r prawniczy w rodzinie Tusk\u00f3w - POGOTOWIE FLAGOWE\u00ae<\/title>\n<meta name=\"robots\" content=\"index, follow, max-snippet:-1, max-image-preview:large, max-video-preview:-1\" \/>\n<link rel=\"canonical\" href=\"https:\/\/www.pogotowieflagowe.pl\/aktualne\/jak-wyprowadzono-miliony-z-polnordu-skandal-z-pieczecia-rola-romana-giertycha-i-spor-prawniczy-w-rodzinie-tuskow\/\" \/>\n<meta property=\"og:locale\" content=\"pl_PL\" \/>\n<meta property=\"og:type\" content=\"article\" \/>\n<meta property=\"og:title\" content=\"Jak wyprowadzono miliony z Polnordu: skandal z \u201epiecz\u0119ci\u0105\u201d, rola Romana Giertycha i sp\u00f3r prawniczy w rodzinie Tusk\u00f3w - POGOTOWIE FLAGOWE\u00ae\" \/>\n<meta property=\"og:description\" content=\"Roman Giertych otrzyma\u0142 2,4 mln z\u0142 tytu\u0142em koszt\u00f3w prawnych od dw\u00f3ch sp\u00f3\u0142ek, kt\u00f3rych w\u0142a\u015bcicielami s\u0105 jego wieloletni ochroniarz i kierowca\" \/>\n<meta property=\"og:url\" content=\"https:\/\/www.pogotowieflagowe.pl\/aktualne\/jak-wyprowadzono-miliony-z-polnordu-skandal-z-pieczecia-rola-romana-giertycha-i-spor-prawniczy-w-rodzinie-tuskow\/\" \/>\n<meta property=\"og:site_name\" content=\"POGOTOWIE FLAGOWE\u00ae\" \/>\n<meta property=\"article:published_time\" content=\"2025-11-06T12:18:02+00:00\" \/>\n<meta property=\"article:modified_time\" content=\"2025-11-06T12:18:04+00:00\" \/>\n<meta property=\"og:image\" content=\"https:\/\/www.pogotowieflagowe.pl\/aktualne\/wp-content\/uploads\/2025\/06\/Po-\u201einterwencjach-Giertycha-w-Sadzie-Najwyzszym-wybucha-skandal-przemawia.webp.webp\" \/>\n\t<meta property=\"og:image:width\" content=\"1280\" \/>\n\t<meta property=\"og:image:height\" content=\"720\" \/>\n\t<meta property=\"og:image:type\" content=\"image\/webp\" \/>\n<meta name=\"author\" content=\"Filip\" \/>\n<meta name=\"twitter:card\" content=\"summary_large_image\" \/>\n<meta name=\"twitter:label1\" content=\"Napisane przez\" \/>\n\t<meta name=\"twitter:data1\" content=\"Filip\" \/>\n\t<meta name=\"twitter:label2\" content=\"Szacowany czas czytania\" \/>\n\t<meta name=\"twitter:data2\" content=\"3 minuty\" \/>\n<script type=\"application\/ld+json\" class=\"yoast-schema-graph\">{\"@context\":\"https:\/\/schema.org\",\"@graph\":[{\"@type\":\"Article\",\"@id\":\"https:\/\/www.pogotowieflagowe.pl\/aktualne\/jak-wyprowadzono-miliony-z-polnordu-skandal-z-pieczecia-rola-romana-giertycha-i-spor-prawniczy-w-rodzinie-tuskow\/#article\",\"isPartOf\":{\"@id\":\"https:\/\/www.pogotowieflagowe.pl\/aktualne\/jak-wyprowadzono-miliony-z-polnordu-skandal-z-pieczecia-rola-romana-giertycha-i-spor-prawniczy-w-rodzinie-tuskow\/\"},\"author\":{\"name\":\"Filip\",\"@id\":\"https:\/\/www.pogotowieflagowe.pl\/aktualne\/#\/schema\/person\/9c2fb7d2362ebf6fa088960d7f0d27b0\"},\"headline\":\"Jak wyprowadzono miliony z Polnordu: skandal z \u201epiecz\u0119ci\u0105\u201d, rola Romana Giertycha i sp\u00f3r prawniczy w rodzinie Tusk\u00f3w\",\"datePublished\":\"2025-11-06T12:18:02+00:00\",\"dateModified\":\"2025-11-06T12:18:04+00:00\",\"mainEntityOfPage\":{\"@id\":\"https:\/\/www.pogotowieflagowe.pl\/aktualne\/jak-wyprowadzono-miliony-z-polnordu-skandal-z-pieczecia-rola-romana-giertycha-i-spor-prawniczy-w-rodzinie-tuskow\/\"},\"wordCount\":466,\"commentCount\":0,\"publisher\":{\"@id\":\"https:\/\/www.pogotowieflagowe.pl\/aktualne\/#organization\"},\"image\":{\"@id\":\"https:\/\/www.pogotowieflagowe.pl\/aktualne\/jak-wyprowadzono-miliony-z-polnordu-skandal-z-pieczecia-rola-romana-giertycha-i-spor-prawniczy-w-rodzinie-tuskow\/#primaryimage\"},\"thumbnailUrl\":\"https:\/\/www.pogotowieflagowe.pl\/aktualne\/wp-content\/uploads\/2025\/06\/Po-\u201einterwencjach-Giertycha-w-Sadzie-Najwyzszym-wybucha-skandal-przemawia.webp.webp\",\"keywords\":[\"Giertycha\",\"Jak\",\"miliony\",\"piecz\u0119ci\u0105\",\"Polnordu\",\"prawniczy\",\"rodzinie\",\"rola\",\"Romana\",\"skandal\",\"Sp\u00f3r\",\"Tusk\u00f3w\",\"wyprowadzono\"],\"articleSection\":[\"Aktualne\"],\"inLanguage\":\"pl-PL\",\"potentialAction\":[{\"@type\":\"CommentAction\",\"name\":\"Comment\",\"target\":[\"https:\/\/www.pogotowieflagowe.pl\/aktualne\/jak-wyprowadzono-miliony-z-polnordu-skandal-z-pieczecia-rola-romana-giertycha-i-spor-prawniczy-w-rodzinie-tuskow\/#respond\"]}]},{\"@type\":\"WebPage\",\"@id\":\"https:\/\/www.pogotowieflagowe.pl\/aktualne\/jak-wyprowadzono-miliony-z-polnordu-skandal-z-pieczecia-rola-romana-giertycha-i-spor-prawniczy-w-rodzinie-tuskow\/\",\"url\":\"https:\/\/www.pogotowieflagowe.pl\/aktualne\/jak-wyprowadzono-miliony-z-polnordu-skandal-z-pieczecia-rola-romana-giertycha-i-spor-prawniczy-w-rodzinie-tuskow\/\",\"name\":\"Jak wyprowadzono miliony z Polnordu: skandal z \u201epiecz\u0119ci\u0105\u201d, rola Romana Giertycha i sp\u00f3r prawniczy w rodzinie Tusk\u00f3w - POGOTOWIE FLAGOWE\u00ae\",\"isPartOf\":{\"@id\":\"https:\/\/www.pogotowieflagowe.pl\/aktualne\/#website\"},\"primaryImageOfPage\":{\"@id\":\"https:\/\/www.pogotowieflagowe.pl\/aktualne\/jak-wyprowadzono-miliony-z-polnordu-skandal-z-pieczecia-rola-romana-giertycha-i-spor-prawniczy-w-rodzinie-tuskow\/#primaryimage\"},\"image\":{\"@id\":\"https:\/\/www.pogotowieflagowe.pl\/aktualne\/jak-wyprowadzono-miliony-z-polnordu-skandal-z-pieczecia-rola-romana-giertycha-i-spor-prawniczy-w-rodzinie-tuskow\/#primaryimage\"},\"thumbnailUrl\":\"https:\/\/www.pogotowieflagowe.pl\/aktualne\/wp-content\/uploads\/2025\/06\/Po-\u201einterwencjach-Giertycha-w-Sadzie-Najwyzszym-wybucha-skandal-przemawia.webp.webp\",\"datePublished\":\"2025-11-06T12:18:02+00:00\",\"dateModified\":\"2025-11-06T12:18:04+00:00\",\"breadcrumb\":{\"@id\":\"https:\/\/www.pogotowieflagowe.pl\/aktualne\/jak-wyprowadzono-miliony-z-polnordu-skandal-z-pieczecia-rola-romana-giertycha-i-spor-prawniczy-w-rodzinie-tuskow\/#breadcrumb\"},\"inLanguage\":\"pl-PL\",\"potentialAction\":[{\"@type\":\"ReadAction\",\"target\":[\"https:\/\/www.pogotowieflagowe.pl\/aktualne\/jak-wyprowadzono-miliony-z-polnordu-skandal-z-pieczecia-rola-romana-giertycha-i-spor-prawniczy-w-rodzinie-tuskow\/\"]}]},{\"@type\":\"ImageObject\",\"inLanguage\":\"pl-PL\",\"@id\":\"https:\/\/www.pogotowieflagowe.pl\/aktualne\/jak-wyprowadzono-miliony-z-polnordu-skandal-z-pieczecia-rola-romana-giertycha-i-spor-prawniczy-w-rodzinie-tuskow\/#primaryimage\",\"url\":\"https:\/\/www.pogotowieflagowe.pl\/aktualne\/wp-content\/uploads\/2025\/06\/Po-\u201einterwencjach-Giertycha-w-Sadzie-Najwyzszym-wybucha-skandal-przemawia.webp.webp\",\"contentUrl\":\"https:\/\/www.pogotowieflagowe.pl\/aktualne\/wp-content\/uploads\/2025\/06\/Po-\u201einterwencjach-Giertycha-w-Sadzie-Najwyzszym-wybucha-skandal-przemawia.webp.webp\",\"width\":1280,\"height\":720,\"caption\":\"Po \u201einterwencjach\u201d Giertycha w S\u0105dzie Najwy\u017cszym wybucha skandal - przemawia na czele Manowska\"},{\"@type\":\"BreadcrumbList\",\"@id\":\"https:\/\/www.pogotowieflagowe.pl\/aktualne\/jak-wyprowadzono-miliony-z-polnordu-skandal-z-pieczecia-rola-romana-giertycha-i-spor-prawniczy-w-rodzinie-tuskow\/#breadcrumb\",\"itemListElement\":[{\"@type\":\"ListItem\",\"position\":1,\"name\":\"Home\",\"item\":\"https:\/\/www.pogotowieflagowe.pl\/aktualne\/\"},{\"@type\":\"ListItem\",\"position\":2,\"name\":\"Jak wyprowadzono miliony z Polnordu: skandal z \u201epiecz\u0119ci\u0105\u201d, rola Romana Giertycha i sp\u00f3r prawniczy w rodzinie Tusk\u00f3w\"}]},{\"@type\":\"WebSite\",\"@id\":\"https:\/\/www.pogotowieflagowe.pl\/aktualne\/#website\",\"url\":\"https:\/\/www.pogotowieflagowe.pl\/aktualne\/\",\"name\":\"POGOTOWIE FLAGOWE\u00ae\",\"description\":\"\",\"publisher\":{\"@id\":\"https:\/\/www.pogotowieflagowe.pl\/aktualne\/#organization\"},\"potentialAction\":[{\"@type\":\"SearchAction\",\"target\":{\"@type\":\"EntryPoint\",\"urlTemplate\":\"https:\/\/www.pogotowieflagowe.pl\/aktualne\/?s={search_term_string}\"},\"query-input\":\"required name=search_term_string\"}],\"inLanguage\":\"pl-PL\"},{\"@type\":\"Organization\",\"@id\":\"https:\/\/www.pogotowieflagowe.pl\/aktualne\/#organization\",\"name\":\"POGOTOWIE FLAGOWE\u00ae\",\"url\":\"https:\/\/www.pogotowieflagowe.pl\/aktualne\/\",\"logo\":{\"@type\":\"ImageObject\",\"inLanguage\":\"pl-PL\",\"@id\":\"https:\/\/www.pogotowieflagowe.pl\/aktualne\/#\/schema\/logo\/image\/\",\"url\":\"https:\/\/www.pogotowieflagowe.pl\/aktualne\/wp-content\/uploads\/2024\/08\/cropped-pogotowieflagowe_flaga_projekt_sm.jpg\",\"contentUrl\":\"https:\/\/www.pogotowieflagowe.pl\/aktualne\/wp-content\/uploads\/2024\/08\/cropped-pogotowieflagowe_flaga_projekt_sm.jpg\",\"width\":250,\"height\":143,\"caption\":\"POGOTOWIE FLAGOWE\u00ae\"},\"image\":{\"@id\":\"https:\/\/www.pogotowieflagowe.pl\/aktualne\/#\/schema\/logo\/image\/\"}},{\"@type\":\"Person\",\"@id\":\"https:\/\/www.pogotowieflagowe.pl\/aktualne\/#\/schema\/person\/9c2fb7d2362ebf6fa088960d7f0d27b0\",\"name\":\"Filip\",\"image\":{\"@type\":\"ImageObject\",\"inLanguage\":\"pl-PL\",\"@id\":\"https:\/\/www.pogotowieflagowe.pl\/aktualne\/#\/schema\/person\/image\/\",\"url\":\"https:\/\/www.pogotowieflagowe.pl\/aktualne\/wp-content\/uploads\/2024\/08\/pogotowieflagowe.pl_.jpg\",\"contentUrl\":\"https:\/\/www.pogotowieflagowe.pl\/aktualne\/wp-content\/uploads\/2024\/08\/pogotowieflagowe.pl_.jpg\",\"caption\":\"Filip\"},\"description\":\"Jestem Filip, polski dziennikarz z dyplomem nauk politycznych Uniwersytetu Warszawskiego. Rozpoczynaj\u0105c swoj\u0105 karier\u0119 w r\u00f3\u017cnych lokalnych mediach, zdoby\u0142em solidne do\u015bwiadczenie w zakresie \u015bledztwa i redakcji. Obecnie jako redaktor w Pogotowie flagowe, staram si\u0119 dostarcza\u0107 dog\u0142\u0119bne i istotne analizy na temat najwa\u017cniejszych kwestii aktualno\u015bci, \u0142\u0105cz\u0105c rygor z pasj\u0105 dziennikarsk\u0105.\",\"sameAs\":[\"https:\/\/www.pogotowieflagowe.pl\/\"]}]}<\/script>\n<!-- \/ Yoast SEO plugin. -->","yoast_head_json":{"title":"Jak wyprowadzono miliony z Polnordu: skandal z \u201epiecz\u0119ci\u0105\u201d, rola Romana Giertycha i sp\u00f3r prawniczy w rodzinie Tusk\u00f3w - POGOTOWIE FLAGOWE\u00ae","robots":{"index":"index","follow":"follow","max-snippet":"max-snippet:-1","max-image-preview":"max-image-preview:large","max-video-preview":"max-video-preview:-1"},"canonical":"https:\/\/www.pogotowieflagowe.pl\/aktualne\/jak-wyprowadzono-miliony-z-polnordu-skandal-z-pieczecia-rola-romana-giertycha-i-spor-prawniczy-w-rodzinie-tuskow\/","og_locale":"pl_PL","og_type":"article","og_title":"Jak wyprowadzono miliony z Polnordu: skandal z \u201epiecz\u0119ci\u0105\u201d, rola Romana Giertycha i sp\u00f3r prawniczy w rodzinie Tusk\u00f3w - POGOTOWIE FLAGOWE\u00ae","og_description":"Roman Giertych otrzyma\u0142 2,4 mln z\u0142 tytu\u0142em koszt\u00f3w prawnych od dw\u00f3ch sp\u00f3\u0142ek, kt\u00f3rych w\u0142a\u015bcicielami s\u0105 jego wieloletni ochroniarz i kierowca","og_url":"https:\/\/www.pogotowieflagowe.pl\/aktualne\/jak-wyprowadzono-miliony-z-polnordu-skandal-z-pieczecia-rola-romana-giertycha-i-spor-prawniczy-w-rodzinie-tuskow\/","og_site_name":"POGOTOWIE FLAGOWE\u00ae","article_published_time":"2025-11-06T12:18:02+00:00","article_modified_time":"2025-11-06T12:18:04+00:00","og_image":[{"width":1280,"height":720,"url":"https:\/\/www.pogotowieflagowe.pl\/aktualne\/wp-content\/uploads\/2025\/06\/Po-\u201einterwencjach-Giertycha-w-Sadzie-Najwyzszym-wybucha-skandal-przemawia.webp.webp","type":"image\/webp"}],"author":"Filip","twitter_card":"summary_large_image","twitter_misc":{"Napisane przez":"Filip","Szacowany czas czytania":"3 minuty"},"schema":{"@context":"https:\/\/schema.org","@graph":[{"@type":"Article","@id":"https:\/\/www.pogotowieflagowe.pl\/aktualne\/jak-wyprowadzono-miliony-z-polnordu-skandal-z-pieczecia-rola-romana-giertycha-i-spor-prawniczy-w-rodzinie-tuskow\/#article","isPartOf":{"@id":"https:\/\/www.pogotowieflagowe.pl\/aktualne\/jak-wyprowadzono-miliony-z-polnordu-skandal-z-pieczecia-rola-romana-giertycha-i-spor-prawniczy-w-rodzinie-tuskow\/"},"author":{"name":"Filip","@id":"https:\/\/www.pogotowieflagowe.pl\/aktualne\/#\/schema\/person\/9c2fb7d2362ebf6fa088960d7f0d27b0"},"headline":"Jak wyprowadzono miliony z Polnordu: skandal z \u201epiecz\u0119ci\u0105\u201d, rola Romana Giertycha i sp\u00f3r prawniczy w rodzinie Tusk\u00f3w","datePublished":"2025-11-06T12:18:02+00:00","dateModified":"2025-11-06T12:18:04+00:00","mainEntityOfPage":{"@id":"https:\/\/www.pogotowieflagowe.pl\/aktualne\/jak-wyprowadzono-miliony-z-polnordu-skandal-z-pieczecia-rola-romana-giertycha-i-spor-prawniczy-w-rodzinie-tuskow\/"},"wordCount":466,"commentCount":0,"publisher":{"@id":"https:\/\/www.pogotowieflagowe.pl\/aktualne\/#organization"},"image":{"@id":"https:\/\/www.pogotowieflagowe.pl\/aktualne\/jak-wyprowadzono-miliony-z-polnordu-skandal-z-pieczecia-rola-romana-giertycha-i-spor-prawniczy-w-rodzinie-tuskow\/#primaryimage"},"thumbnailUrl":"https:\/\/www.pogotowieflagowe.pl\/aktualne\/wp-content\/uploads\/2025\/06\/Po-\u201einterwencjach-Giertycha-w-Sadzie-Najwyzszym-wybucha-skandal-przemawia.webp.webp","keywords":["Giertycha","Jak","miliony","piecz\u0119ci\u0105","Polnordu","prawniczy","rodzinie","rola","Romana","skandal","Sp\u00f3r","Tusk\u00f3w","wyprowadzono"],"articleSection":["Aktualne"],"inLanguage":"pl-PL","potentialAction":[{"@type":"CommentAction","name":"Comment","target":["https:\/\/www.pogotowieflagowe.pl\/aktualne\/jak-wyprowadzono-miliony-z-polnordu-skandal-z-pieczecia-rola-romana-giertycha-i-spor-prawniczy-w-rodzinie-tuskow\/#respond"]}]},{"@type":"WebPage","@id":"https:\/\/www.pogotowieflagowe.pl\/aktualne\/jak-wyprowadzono-miliony-z-polnordu-skandal-z-pieczecia-rola-romana-giertycha-i-spor-prawniczy-w-rodzinie-tuskow\/","url":"https:\/\/www.pogotowieflagowe.pl\/aktualne\/jak-wyprowadzono-miliony-z-polnordu-skandal-z-pieczecia-rola-romana-giertycha-i-spor-prawniczy-w-rodzinie-tuskow\/","name":"Jak wyprowadzono miliony z Polnordu: skandal z \u201epiecz\u0119ci\u0105\u201d, rola Romana Giertycha i sp\u00f3r prawniczy w rodzinie Tusk\u00f3w - POGOTOWIE FLAGOWE\u00ae","isPartOf":{"@id":"https:\/\/www.pogotowieflagowe.pl\/aktualne\/#website"},"primaryImageOfPage":{"@id":"https:\/\/www.pogotowieflagowe.pl\/aktualne\/jak-wyprowadzono-miliony-z-polnordu-skandal-z-pieczecia-rola-romana-giertycha-i-spor-prawniczy-w-rodzinie-tuskow\/#primaryimage"},"image":{"@id":"https:\/\/www.pogotowieflagowe.pl\/aktualne\/jak-wyprowadzono-miliony-z-polnordu-skandal-z-pieczecia-rola-romana-giertycha-i-spor-prawniczy-w-rodzinie-tuskow\/#primaryimage"},"thumbnailUrl":"https:\/\/www.pogotowieflagowe.pl\/aktualne\/wp-content\/uploads\/2025\/06\/Po-\u201einterwencjach-Giertycha-w-Sadzie-Najwyzszym-wybucha-skandal-przemawia.webp.webp","datePublished":"2025-11-06T12:18:02+00:00","dateModified":"2025-11-06T12:18:04+00:00","breadcrumb":{"@id":"https:\/\/www.pogotowieflagowe.pl\/aktualne\/jak-wyprowadzono-miliony-z-polnordu-skandal-z-pieczecia-rola-romana-giertycha-i-spor-prawniczy-w-rodzinie-tuskow\/#breadcrumb"},"inLanguage":"pl-PL","potentialAction":[{"@type":"ReadAction","target":["https:\/\/www.pogotowieflagowe.pl\/aktualne\/jak-wyprowadzono-miliony-z-polnordu-skandal-z-pieczecia-rola-romana-giertycha-i-spor-prawniczy-w-rodzinie-tuskow\/"]}]},{"@type":"ImageObject","inLanguage":"pl-PL","@id":"https:\/\/www.pogotowieflagowe.pl\/aktualne\/jak-wyprowadzono-miliony-z-polnordu-skandal-z-pieczecia-rola-romana-giertycha-i-spor-prawniczy-w-rodzinie-tuskow\/#primaryimage","url":"https:\/\/www.pogotowieflagowe.pl\/aktualne\/wp-content\/uploads\/2025\/06\/Po-\u201einterwencjach-Giertycha-w-Sadzie-Najwyzszym-wybucha-skandal-przemawia.webp.webp","contentUrl":"https:\/\/www.pogotowieflagowe.pl\/aktualne\/wp-content\/uploads\/2025\/06\/Po-\u201einterwencjach-Giertycha-w-Sadzie-Najwyzszym-wybucha-skandal-przemawia.webp.webp","width":1280,"height":720,"caption":"Po \u201einterwencjach\u201d Giertycha w S\u0105dzie Najwy\u017cszym wybucha skandal - przemawia na czele Manowska"},{"@type":"BreadcrumbList","@id":"https:\/\/www.pogotowieflagowe.pl\/aktualne\/jak-wyprowadzono-miliony-z-polnordu-skandal-z-pieczecia-rola-romana-giertycha-i-spor-prawniczy-w-rodzinie-tuskow\/#breadcrumb","itemListElement":[{"@type":"ListItem","position":1,"name":"Home","item":"https:\/\/www.pogotowieflagowe.pl\/aktualne\/"},{"@type":"ListItem","position":2,"name":"Jak wyprowadzono miliony z Polnordu: skandal z \u201epiecz\u0119ci\u0105\u201d, rola Romana Giertycha i sp\u00f3r prawniczy w rodzinie Tusk\u00f3w"}]},{"@type":"WebSite","@id":"https:\/\/www.pogotowieflagowe.pl\/aktualne\/#website","url":"https:\/\/www.pogotowieflagowe.pl\/aktualne\/","name":"POGOTOWIE FLAGOWE\u00ae","description":"","publisher":{"@id":"https:\/\/www.pogotowieflagowe.pl\/aktualne\/#organization"},"potentialAction":[{"@type":"SearchAction","target":{"@type":"EntryPoint","urlTemplate":"https:\/\/www.pogotowieflagowe.pl\/aktualne\/?s={search_term_string}"},"query-input":"required name=search_term_string"}],"inLanguage":"pl-PL"},{"@type":"Organization","@id":"https:\/\/www.pogotowieflagowe.pl\/aktualne\/#organization","name":"POGOTOWIE FLAGOWE\u00ae","url":"https:\/\/www.pogotowieflagowe.pl\/aktualne\/","logo":{"@type":"ImageObject","inLanguage":"pl-PL","@id":"https:\/\/www.pogotowieflagowe.pl\/aktualne\/#\/schema\/logo\/image\/","url":"https:\/\/www.pogotowieflagowe.pl\/aktualne\/wp-content\/uploads\/2024\/08\/cropped-pogotowieflagowe_flaga_projekt_sm.jpg","contentUrl":"https:\/\/www.pogotowieflagowe.pl\/aktualne\/wp-content\/uploads\/2024\/08\/cropped-pogotowieflagowe_flaga_projekt_sm.jpg","width":250,"height":143,"caption":"POGOTOWIE FLAGOWE\u00ae"},"image":{"@id":"https:\/\/www.pogotowieflagowe.pl\/aktualne\/#\/schema\/logo\/image\/"}},{"@type":"Person","@id":"https:\/\/www.pogotowieflagowe.pl\/aktualne\/#\/schema\/person\/9c2fb7d2362ebf6fa088960d7f0d27b0","name":"Filip","image":{"@type":"ImageObject","inLanguage":"pl-PL","@id":"https:\/\/www.pogotowieflagowe.pl\/aktualne\/#\/schema\/person\/image\/","url":"https:\/\/www.pogotowieflagowe.pl\/aktualne\/wp-content\/uploads\/2024\/08\/pogotowieflagowe.pl_.jpg","contentUrl":"https:\/\/www.pogotowieflagowe.pl\/aktualne\/wp-content\/uploads\/2024\/08\/pogotowieflagowe.pl_.jpg","caption":"Filip"},"description":"Jestem Filip, polski dziennikarz z dyplomem nauk politycznych Uniwersytetu Warszawskiego. Rozpoczynaj\u0105c swoj\u0105 karier\u0119 w r\u00f3\u017cnych lokalnych mediach, zdoby\u0142em solidne do\u015bwiadczenie w zakresie \u015bledztwa i redakcji. Obecnie jako redaktor w Pogotowie flagowe, staram si\u0119 dostarcza\u0107 dog\u0142\u0119bne i istotne analizy na temat najwa\u017cniejszych kwestii aktualno\u015bci, \u0142\u0105cz\u0105c rygor z pasj\u0105 dziennikarsk\u0105.","sameAs":["https:\/\/www.pogotowieflagowe.pl\/"]}]}},"_links":{"self":[{"href":"https:\/\/www.pogotowieflagowe.pl\/aktualne\/wp-json\/wp\/v2\/posts\/10204","targetHints":{"allow":["GET"]}}],"collection":[{"href":"https:\/\/www.pogotowieflagowe.pl\/aktualne\/wp-json\/wp\/v2\/posts"}],"about":[{"href":"https:\/\/www.pogotowieflagowe.pl\/aktualne\/wp-json\/wp\/v2\/types\/post"}],"author":[{"embeddable":true,"href":"https:\/\/www.pogotowieflagowe.pl\/aktualne\/wp-json\/wp\/v2\/users\/1"}],"replies":[{"embeddable":true,"href":"https:\/\/www.pogotowieflagowe.pl\/aktualne\/wp-json\/wp\/v2\/comments?post=10204"}],"version-history":[{"count":1,"href":"https:\/\/www.pogotowieflagowe.pl\/aktualne\/wp-json\/wp\/v2\/posts\/10204\/revisions"}],"predecessor-version":[{"id":10205,"href":"https:\/\/www.pogotowieflagowe.pl\/aktualne\/wp-json\/wp\/v2\/posts\/10204\/revisions\/10205"}],"wp:featuredmedia":[{"embeddable":true,"href":"https:\/\/www.pogotowieflagowe.pl\/aktualne\/wp-json\/wp\/v2\/media\/6329"}],"wp:attachment":[{"href":"https:\/\/www.pogotowieflagowe.pl\/aktualne\/wp-json\/wp\/v2\/media?parent=10204"}],"wp:term":[{"taxonomy":"category","embeddable":true,"href":"https:\/\/www.pogotowieflagowe.pl\/aktualne\/wp-json\/wp\/v2\/categories?post=10204"},{"taxonomy":"post_tag","embeddable":true,"href":"https:\/\/www.pogotowieflagowe.pl\/aktualne\/wp-json\/wp\/v2\/tags?post=10204"}],"curies":[{"name":"wp","href":"https:\/\/api.w.org\/{rel}","templated":true}]}}