{"id":10209,"date":"2025-11-06T13:50:47","date_gmt":"2025-11-06T12:50:47","guid":{"rendered":"https:\/\/www.pogotowieflagowe.pl\/aktualne\/michal-rachon-z-cpac-tv-republika-grozi-przesladowanie-prawne\/"},"modified":"2025-11-06T13:50:48","modified_gmt":"2025-11-06T12:50:48","slug":"michal-rachon-z-cpac-tv-republika-grozi-przesladowanie-prawne","status":"publish","type":"post","link":"https:\/\/www.pogotowieflagowe.pl\/aktualne\/michal-rachon-z-cpac-tv-republika-grozi-przesladowanie-prawne\/","title":{"rendered":"Micha\u0142 Racho\u0144 z CPAC: TV Republika grozi prze\u015bladowanie prawne"},"content":{"rendered":"\n<div class=\"td_block_wrap tdb_single_content tdi_41 td-pb-border-top td_block_template_8 td-post-content tagdiv-type\" data-td-block-uid=\"tdi_41\">\n<style>.tdi_41{margines-top:0px!important;margin-bottom:0px!important;dope\u0142nienie-g\u00f3ra:0px!important;dope\u0142nienie-d\u00f3\u0142:0px!important}<\/style>\n<style>.tdb_single_content{margin-bottom:0;*zoom:1}.tdb_single_content:before,.tdb_single_content:after{display:table;content:'';line-height:0}.tdb_single_content:after{clear:both}.tdb_single_content .tdb-block-inner>*:not(.wp-block-quote):not(.alignwide):not(.alignfull.wp-block-cover.has-parallax):not(.td-a-ad){margin-left:auto;margin-right:auto}.tdb_single_content a{pointer-events:auto}.tdb_single_content .td-spot-id-top_ad .tdc-placeholder-title:before{content:'Najlepsza reklama artyku\u0142u'!important}.tdb_single_content .td-spot-id-inline_ad0 .tdc-placeholder-title:before{content:'Reklama wbudowana artyku\u0142u 1'!important}.tdb_single_content .td-spot-id-inline_ad1 .tdc-placeholder-title:before{content:'Wbudowana reklama w artykule 2'!important}.tdb_single_content .td-spot-id-inline_ad2 .tdc-placeholder-title:before{content:'Wbudowana reklama w artykule 3'!important}.tdb_single_content .td-spot-id-bottom_ad .tdc-placeholder-title:before{content:'Article Bottom Ad'!important}.tdb_single_content .id_top_ad,.tdb_single_content .id_bottom_ad{clear:both;margin-bottom:21px;text-align:center}.tdb_single_content .id_top_ad img,.tdb_single_content .id_bottom_ad img{margin-bottom:0}.tdb_single_content .id_top_ad .adsbygoogle,.tdb_single_content .id_bottom_ad .adsbygoogle{position:relative}.tdb_single_content .id_ad_content-horiz-left,.tdb_single_content .id_ad_content-horiz-right,.tdb_single_content .id_ad_content-horiz-center{margin-bottom:15px}.tdb_single_content .id_ad_content-horiz-left img,.tdb_single_content .id_ad_content-horiz-right img,.tdb_single_content .id_ad_content-horiz-center img{margin-bottom:0}.tdb_single_content .id_ad_content-horiz-center{text-align:center}.tdb_single_content .id_ad_content-horiz-center img{margin-right:auto;margin-left:auto}.tdb_single_content .id_ad_content-horiz-left{float:left;margin-top:9px;margin-right:21px}.tdb_single_content .id_ad_content-horiz-right{float:right;margin-top:6px;margin-left:21px}.tdb_single_content .tdc-a-ad .tdc-placeholder-title{width:300px;height:250px}.tdb_single_content .tdc-a-ad .tdc-placeholder-title:before{position:absolute;top:50%;-webkit-transform:translateY(-50%);transform:translateY(-50%);margin:auto;display:table;width:100%}.tdb_single_content .tdb-block-inner.td-fix-index{word-break:break-word}.tdi_41,.tdi_41>p,.tdi_41 .tdb-block-inner>p,.wp-block-column>p{font-size:16px!important;line-height:1.6!important}.tdi_41 .tdb-block-inner blockquote p{font-style:normal!important}@media (max-width:767px){.tdb_single_content .id_ad_content-horiz-left,.tdb_single_content .id_ad_content-horiz-right,.tdb_single_content .id_ad_content-horiz-center{margin:0 auto 26 pikseli auto}}@media (max-width:767px){.tdb_single_content .id_ad_content-horiz-left{margin-right:0}}@media (max-width:767px){.tdb_single_content .id_ad_content-horiz-right{margin-left:0}}@media (max-width:767px){.tdb_single_content .td-a-ad{float:none;text-align:center}.tdb_single_content .td-a-ad img{margin-right:auto;margin-left:auto}.tdb_single_content .tdc-a-ad{float:none}}<\/style>\n<div class=\"tdb-block-inner td-fix-index\">\n<p><strong>\u201eTo, co si\u0119 wydarzy\u0142o pod wp\u0142ywem CPAC w Polsce, doprowadzi\u0142o do wszcz\u0119cia \u015bledztwa przez liberalno-lewicowy rz\u0105d w Polsce przeciwko mojej stacji telewizyjnej TV Republika\u201d \u2013 doda\u0142.<\/strong> \u2013 powiedzia\u0142 dyrektor programowy <em>the <em>Strefa Wolnego S\u0142owa<\/em> (<em>Strefa Wolnego S\u0142owa<\/em>)<\/em> podczas konferencji CPAC z okazji rocznicy wyboru Donalda Trumpa na prezydenta.<\/p>\n<p>TV Republika uczestniczy w ameryka\u0144skiej konferencji CPAC z okazji rocznicy wyboru Donalda Trumpa na Prezydenta Stan\u00f3w Zjednoczonych. W jednym z paneli wyst\u0105pi\u0142 dyrektor programowy stacji Micha\u0142 Racho\u0144. Dyskusja dotyczy\u0142a m.in. polskiej edycji CPAC, kt\u00f3ra odby\u0142a si\u0119 w maju br.<\/p>\n<p><strong>&#8222;Wp\u0142yw CPAC by\u0142 tak znacz\u0105cy, \u017ce (uczestnicy) mog\u0105 by\u0107 teraz pozwani przez nowy polski rz\u0105d. To, co si\u0119 wydarzy\u0142o pod wp\u0142ywem wp\u0142yw\u00f3w CPAC w Polsce, doprowadzi\u0142o do wszcz\u0119cia \u015bledztwa przez liberalno-lewicowy rz\u0105d w Polsce przeciwko mojej stacji telewizyjnej TV Republika, za\u0142o\u017conej przez zwyk\u0142ych ludzi. Obecnie rozros\u0142a si\u0119 i sta\u0142a si\u0119 kana\u0142em telewizyjnym numer jeden w Polsce.&#8221;<\/strong> powiedzia\u0142 Micha\u0142 Racho\u0144.<\/p>\n<p>Przypomnijmy, \u017ce TV Republika otrzyma\u0142a pismo z prokuratury, w kt\u00f3rej \u017c\u0105da\u0142a m.in. pe\u0142nej listy oko\u0142o 1000 uczestnik\u00f3w <em>CPAC Polska<\/em>kt\u00f3re odby\u0142o si\u0119 w Jasionce ko\u0142o Rzeszowa. Dyrektor programowy Republiki zauwa\u017cy\u0142, \u017ce CPAC w Polsce odby\u0142o si\u0119 na tydzie\u0144 przed wyborami prezydenckimi w Polsce.<\/p>\n<p><strong>&#8222;Obecno\u015b\u0107 Kristi Noem na sw\u00f3j spos\u00f3b pomog\u0142a przekaza\u0107 Polakom bardzo jasny sygna\u0142 \u2013 \u017ce nie jeste\u015bmy sami. Jednym z efekt\u00f3w tego by\u0142o zwyci\u0119stwo obecnego polskiego prezydenta Karola Nawrockiego, kt\u00f3rego Donald Trump jeszcze przed tym spotkaniem wspiera\u0142\u201d<\/strong> doda\u0142.<\/p>\n<p><strong>&#8222;Skutek tego jest taki, \u017ce wszystkie znane wam narz\u0119dzia &#8211; prze\u015bladowania prawne &#8211; s\u0105 obecnie wykorzystywane przeciwko naszej stacji telewizyjnej oraz osobom, kt\u00f3re by\u0142y go\u015b\u0107mi CPAC w Polsce. W zesz\u0142ym tygodniu otrzymali\u015bmy pismo od prokurator\u00f3w w Polsce stwierdzaj\u0105ce, \u017ce musimy udost\u0119pni\u0107 im dane osobowe wszystkich os\u00f3b zaanga\u017cowanych w organizacj\u0119 CPAC w Polsce, aby mogli postawi\u0107 przed s\u0105dem nas i ewentualnie te osoby.&#8221;<\/strong> powiedzia\u0142 Racho\u0144.<\/p>\n<h2 class=\"wp-block-heading\"><strong>Platforma do walki z szale\u0144stwem<\/strong><\/h2>\n<p>Zdaniem dyrektora programowego TV Republika pokazuje to, \u017ce na ca\u0142ym \u015bwiecie przeciwko konserwatystom u\u017cywa si\u0119 tych samych narz\u0119dzi, a fenomenem CPAC jest to, \u017ce prawdopodobnie jest to jedyna organizacja zdolna przeciwstawi\u0107 si\u0119 globalnej liberalnej lewicy.<\/p>\n<p><strong>&#8222;Sie\u0107 liberalnej lewicy jest pot\u0119\u017cna, sk\u0142ada si\u0119 z organizacji pozarz\u0105dowych i innych organizacji. Kraje na ca\u0142ym \u015bwiecie samodzielnie si\u0119 jej sprzeciwiaj\u0105. CPAC daje nam szans\u0119 na zbudowanie platformy, na kt\u00f3rej mo\u017cemy walczy\u0107 z szale\u0144stwem \u201ezielonych\u201d, szale\u0144stwem migracyjnym i szale\u0144stwem budz\u0105cym LGBT. Je\u015bli staniemy razem na ca\u0142ym \u015bwiecie, b\u0119dziemy silniejsi. Mo\u017cemy oprze\u0107 si\u0119 tym zagro\u017ceniom &#8222;<\/strong> \u2013 podkre\u015bli\u0142 Racho\u0144.<\/p>\n<p>Podczas wyst\u0105pienia Micha\u0142a Rachonia poruszony zosta\u0142 tak\u017ce temat Zbigniewa Ziobry. Dziennikarz to zauwa\u017cy\u0142 <strong>\u201eBy\u0142y polski Minister Sprawiedliwo\u015bci prawdopodobnie za kilka dni zostanie aresztowany przez liberalno-lewicowy rz\u0105d za walk\u0119 o sprawiedliwo\u015b\u0107 w ramach wymiaru sprawiedliwo\u015bci\u201d.<\/strong><\/p>\n<\/div>\n<\/div>\n","protected":false},"excerpt":{"rendered":"<p>\u201eTo, co si\u0119 wydarzy\u0142o pod wp\u0142ywem CPAC w Polsce, doprowadzi\u0142o do wszcz\u0119cia \u015bledztwa przez liberalno-lewicowy rz\u0105d w Polsce przeciwko mojej<\/p>\n","protected":false},"author":1,"featured_media":10210,"comment_status":"open","ping_status":"open","sticky":false,"template":"","format":"standard","meta":{"footnotes":""},"categories":[44],"tags":[5041,1222,684,1375,5133,338,340],"class_list":["post-10209","post","type-post","status-publish","format-standard","has-post-thumbnail","hentry","category-polityka","tag-cpac","tag-grozi","tag-michal","tag-prawne","tag-przesladowanie","tag-rachon","tag-republika","generate-columns","tablet-grid-50","mobile-grid-100","grid-parent","grid-50","resize-featured-image"],"yoast_head":"<!-- This site is optimized with the Yoast SEO plugin v23.2 - https:\/\/yoast.com\/wordpress\/plugins\/seo\/ -->\n<title>Micha\u0142 Racho\u0144 z CPAC: TV Republika grozi prze\u015bladowanie prawne - POGOTOWIE FLAGOWE\u00ae<\/title>\n<meta name=\"robots\" content=\"index, follow, max-snippet:-1, max-image-preview:large, max-video-preview:-1\" \/>\n<link rel=\"canonical\" href=\"https:\/\/www.pogotowieflagowe.pl\/aktualne\/michal-rachon-z-cpac-tv-republika-grozi-przesladowanie-prawne\/\" \/>\n<meta property=\"og:locale\" content=\"pl_PL\" \/>\n<meta property=\"og:type\" content=\"article\" \/>\n<meta property=\"og:title\" content=\"Micha\u0142 Racho\u0144 z CPAC: TV Republika grozi prze\u015bladowanie prawne - POGOTOWIE FLAGOWE\u00ae\" \/>\n<meta property=\"og:description\" content=\"\u201eTo, co si\u0119 wydarzy\u0142o pod wp\u0142ywem CPAC w Polsce, doprowadzi\u0142o do wszcz\u0119cia \u015bledztwa przez liberalno-lewicowy rz\u0105d w Polsce przeciwko mojej\" \/>\n<meta property=\"og:url\" content=\"https:\/\/www.pogotowieflagowe.pl\/aktualne\/michal-rachon-z-cpac-tv-republika-grozi-przesladowanie-prawne\/\" \/>\n<meta property=\"og:site_name\" content=\"POGOTOWIE FLAGOWE\u00ae\" \/>\n<meta property=\"article:published_time\" content=\"2025-11-06T12:50:47+00:00\" \/>\n<meta property=\"article:modified_time\" content=\"2025-11-06T12:50:48+00:00\" \/>\n<meta property=\"og:image\" content=\"https:\/\/www.pogotowieflagowe.pl\/aktualne\/wp-content\/uploads\/2025\/11\/Michal-Rachon-z-CPAC-TV-Republika-grozi-przesladowanie-prawne.webp.webp\" \/>\n\t<meta property=\"og:image:width\" content=\"1280\" \/>\n\t<meta property=\"og:image:height\" content=\"720\" \/>\n\t<meta property=\"og:image:type\" content=\"image\/webp\" \/>\n<meta name=\"author\" content=\"Filip\" \/>\n<meta name=\"twitter:card\" content=\"summary_large_image\" \/>\n<meta name=\"twitter:label1\" content=\"Napisane przez\" \/>\n\t<meta name=\"twitter:data1\" content=\"Filip\" \/>\n\t<meta name=\"twitter:label2\" content=\"Szacowany czas czytania\" \/>\n\t<meta name=\"twitter:data2\" content=\"3 minuty\" \/>\n<script type=\"application\/ld+json\" class=\"yoast-schema-graph\">{\"@context\":\"https:\/\/schema.org\",\"@graph\":[{\"@type\":\"Article\",\"@id\":\"https:\/\/www.pogotowieflagowe.pl\/aktualne\/michal-rachon-z-cpac-tv-republika-grozi-przesladowanie-prawne\/#article\",\"isPartOf\":{\"@id\":\"https:\/\/www.pogotowieflagowe.pl\/aktualne\/michal-rachon-z-cpac-tv-republika-grozi-przesladowanie-prawne\/\"},\"author\":{\"name\":\"Filip\",\"@id\":\"https:\/\/www.pogotowieflagowe.pl\/aktualne\/#\/schema\/person\/9c2fb7d2362ebf6fa088960d7f0d27b0\"},\"headline\":\"Micha\u0142 Racho\u0144 z CPAC: TV Republika grozi prze\u015bladowanie prawne\",\"datePublished\":\"2025-11-06T12:50:47+00:00\",\"dateModified\":\"2025-11-06T12:50:48+00:00\",\"mainEntityOfPage\":{\"@id\":\"https:\/\/www.pogotowieflagowe.pl\/aktualne\/michal-rachon-z-cpac-tv-republika-grozi-przesladowanie-prawne\/\"},\"wordCount\":516,\"commentCount\":0,\"publisher\":{\"@id\":\"https:\/\/www.pogotowieflagowe.pl\/aktualne\/#organization\"},\"image\":{\"@id\":\"https:\/\/www.pogotowieflagowe.pl\/aktualne\/michal-rachon-z-cpac-tv-republika-grozi-przesladowanie-prawne\/#primaryimage\"},\"thumbnailUrl\":\"https:\/\/www.pogotowieflagowe.pl\/aktualne\/wp-content\/uploads\/2025\/11\/Michal-Rachon-z-CPAC-TV-Republika-grozi-przesladowanie-prawne.webp.webp\",\"keywords\":[\"CPAC\",\"grozi\",\"Micha\u0142\",\"prawne\",\"prze\u015bladowanie\",\"Rachon\",\"Republika\"],\"articleSection\":[\"Polityka\"],\"inLanguage\":\"pl-PL\",\"potentialAction\":[{\"@type\":\"CommentAction\",\"name\":\"Comment\",\"target\":[\"https:\/\/www.pogotowieflagowe.pl\/aktualne\/michal-rachon-z-cpac-tv-republika-grozi-przesladowanie-prawne\/#respond\"]}]},{\"@type\":\"WebPage\",\"@id\":\"https:\/\/www.pogotowieflagowe.pl\/aktualne\/michal-rachon-z-cpac-tv-republika-grozi-przesladowanie-prawne\/\",\"url\":\"https:\/\/www.pogotowieflagowe.pl\/aktualne\/michal-rachon-z-cpac-tv-republika-grozi-przesladowanie-prawne\/\",\"name\":\"Micha\u0142 Racho\u0144 z CPAC: TV Republika grozi prze\u015bladowanie prawne - POGOTOWIE FLAGOWE\u00ae\",\"isPartOf\":{\"@id\":\"https:\/\/www.pogotowieflagowe.pl\/aktualne\/#website\"},\"primaryImageOfPage\":{\"@id\":\"https:\/\/www.pogotowieflagowe.pl\/aktualne\/michal-rachon-z-cpac-tv-republika-grozi-przesladowanie-prawne\/#primaryimage\"},\"image\":{\"@id\":\"https:\/\/www.pogotowieflagowe.pl\/aktualne\/michal-rachon-z-cpac-tv-republika-grozi-przesladowanie-prawne\/#primaryimage\"},\"thumbnailUrl\":\"https:\/\/www.pogotowieflagowe.pl\/aktualne\/wp-content\/uploads\/2025\/11\/Michal-Rachon-z-CPAC-TV-Republika-grozi-przesladowanie-prawne.webp.webp\",\"datePublished\":\"2025-11-06T12:50:47+00:00\",\"dateModified\":\"2025-11-06T12:50:48+00:00\",\"breadcrumb\":{\"@id\":\"https:\/\/www.pogotowieflagowe.pl\/aktualne\/michal-rachon-z-cpac-tv-republika-grozi-przesladowanie-prawne\/#breadcrumb\"},\"inLanguage\":\"pl-PL\",\"potentialAction\":[{\"@type\":\"ReadAction\",\"target\":[\"https:\/\/www.pogotowieflagowe.pl\/aktualne\/michal-rachon-z-cpac-tv-republika-grozi-przesladowanie-prawne\/\"]}]},{\"@type\":\"ImageObject\",\"inLanguage\":\"pl-PL\",\"@id\":\"https:\/\/www.pogotowieflagowe.pl\/aktualne\/michal-rachon-z-cpac-tv-republika-grozi-przesladowanie-prawne\/#primaryimage\",\"url\":\"https:\/\/www.pogotowieflagowe.pl\/aktualne\/wp-content\/uploads\/2025\/11\/Michal-Rachon-z-CPAC-TV-Republika-grozi-przesladowanie-prawne.webp.webp\",\"contentUrl\":\"https:\/\/www.pogotowieflagowe.pl\/aktualne\/wp-content\/uploads\/2025\/11\/Michal-Rachon-z-CPAC-TV-Republika-grozi-przesladowanie-prawne.webp.webp\",\"width\":1280,\"height\":720,\"caption\":\"Micha\u0142 Racho\u0144 z CPAC: TV Republika grozi prze\u015bladowanie prawne\"},{\"@type\":\"BreadcrumbList\",\"@id\":\"https:\/\/www.pogotowieflagowe.pl\/aktualne\/michal-rachon-z-cpac-tv-republika-grozi-przesladowanie-prawne\/#breadcrumb\",\"itemListElement\":[{\"@type\":\"ListItem\",\"position\":1,\"name\":\"Home\",\"item\":\"https:\/\/www.pogotowieflagowe.pl\/aktualne\/\"},{\"@type\":\"ListItem\",\"position\":2,\"name\":\"Micha\u0142 Racho\u0144 z CPAC: TV Republika grozi prze\u015bladowanie prawne\"}]},{\"@type\":\"WebSite\",\"@id\":\"https:\/\/www.pogotowieflagowe.pl\/aktualne\/#website\",\"url\":\"https:\/\/www.pogotowieflagowe.pl\/aktualne\/\",\"name\":\"POGOTOWIE FLAGOWE\u00ae\",\"description\":\"\",\"publisher\":{\"@id\":\"https:\/\/www.pogotowieflagowe.pl\/aktualne\/#organization\"},\"potentialAction\":[{\"@type\":\"SearchAction\",\"target\":{\"@type\":\"EntryPoint\",\"urlTemplate\":\"https:\/\/www.pogotowieflagowe.pl\/aktualne\/?s={search_term_string}\"},\"query-input\":\"required name=search_term_string\"}],\"inLanguage\":\"pl-PL\"},{\"@type\":\"Organization\",\"@id\":\"https:\/\/www.pogotowieflagowe.pl\/aktualne\/#organization\",\"name\":\"POGOTOWIE FLAGOWE\u00ae\",\"url\":\"https:\/\/www.pogotowieflagowe.pl\/aktualne\/\",\"logo\":{\"@type\":\"ImageObject\",\"inLanguage\":\"pl-PL\",\"@id\":\"https:\/\/www.pogotowieflagowe.pl\/aktualne\/#\/schema\/logo\/image\/\",\"url\":\"https:\/\/www.pogotowieflagowe.pl\/aktualne\/wp-content\/uploads\/2024\/08\/cropped-pogotowieflagowe_flaga_projekt_sm.jpg\",\"contentUrl\":\"https:\/\/www.pogotowieflagowe.pl\/aktualne\/wp-content\/uploads\/2024\/08\/cropped-pogotowieflagowe_flaga_projekt_sm.jpg\",\"width\":250,\"height\":143,\"caption\":\"POGOTOWIE FLAGOWE\u00ae\"},\"image\":{\"@id\":\"https:\/\/www.pogotowieflagowe.pl\/aktualne\/#\/schema\/logo\/image\/\"}},{\"@type\":\"Person\",\"@id\":\"https:\/\/www.pogotowieflagowe.pl\/aktualne\/#\/schema\/person\/9c2fb7d2362ebf6fa088960d7f0d27b0\",\"name\":\"Filip\",\"image\":{\"@type\":\"ImageObject\",\"inLanguage\":\"pl-PL\",\"@id\":\"https:\/\/www.pogotowieflagowe.pl\/aktualne\/#\/schema\/person\/image\/\",\"url\":\"https:\/\/www.pogotowieflagowe.pl\/aktualne\/wp-content\/uploads\/2024\/08\/pogotowieflagowe.pl_.jpg\",\"contentUrl\":\"https:\/\/www.pogotowieflagowe.pl\/aktualne\/wp-content\/uploads\/2024\/08\/pogotowieflagowe.pl_.jpg\",\"caption\":\"Filip\"},\"description\":\"Jestem Filip, polski dziennikarz z dyplomem nauk politycznych Uniwersytetu Warszawskiego. Rozpoczynaj\u0105c swoj\u0105 karier\u0119 w r\u00f3\u017cnych lokalnych mediach, zdoby\u0142em solidne do\u015bwiadczenie w zakresie \u015bledztwa i redakcji. Obecnie jako redaktor w Pogotowie flagowe, staram si\u0119 dostarcza\u0107 dog\u0142\u0119bne i istotne analizy na temat najwa\u017cniejszych kwestii aktualno\u015bci, \u0142\u0105cz\u0105c rygor z pasj\u0105 dziennikarsk\u0105.\",\"sameAs\":[\"https:\/\/www.pogotowieflagowe.pl\/\"]}]}<\/script>\n<!-- \/ Yoast SEO plugin. -->","yoast_head_json":{"title":"Micha\u0142 Racho\u0144 z CPAC: TV Republika grozi prze\u015bladowanie prawne - POGOTOWIE FLAGOWE\u00ae","robots":{"index":"index","follow":"follow","max-snippet":"max-snippet:-1","max-image-preview":"max-image-preview:large","max-video-preview":"max-video-preview:-1"},"canonical":"https:\/\/www.pogotowieflagowe.pl\/aktualne\/michal-rachon-z-cpac-tv-republika-grozi-przesladowanie-prawne\/","og_locale":"pl_PL","og_type":"article","og_title":"Micha\u0142 Racho\u0144 z CPAC: TV Republika grozi prze\u015bladowanie prawne - POGOTOWIE FLAGOWE\u00ae","og_description":"\u201eTo, co si\u0119 wydarzy\u0142o pod wp\u0142ywem CPAC w Polsce, doprowadzi\u0142o do wszcz\u0119cia \u015bledztwa przez liberalno-lewicowy rz\u0105d w Polsce przeciwko mojej","og_url":"https:\/\/www.pogotowieflagowe.pl\/aktualne\/michal-rachon-z-cpac-tv-republika-grozi-przesladowanie-prawne\/","og_site_name":"POGOTOWIE FLAGOWE\u00ae","article_published_time":"2025-11-06T12:50:47+00:00","article_modified_time":"2025-11-06T12:50:48+00:00","og_image":[{"width":1280,"height":720,"url":"https:\/\/www.pogotowieflagowe.pl\/aktualne\/wp-content\/uploads\/2025\/11\/Michal-Rachon-z-CPAC-TV-Republika-grozi-przesladowanie-prawne.webp.webp","type":"image\/webp"}],"author":"Filip","twitter_card":"summary_large_image","twitter_misc":{"Napisane przez":"Filip","Szacowany czas czytania":"3 minuty"},"schema":{"@context":"https:\/\/schema.org","@graph":[{"@type":"Article","@id":"https:\/\/www.pogotowieflagowe.pl\/aktualne\/michal-rachon-z-cpac-tv-republika-grozi-przesladowanie-prawne\/#article","isPartOf":{"@id":"https:\/\/www.pogotowieflagowe.pl\/aktualne\/michal-rachon-z-cpac-tv-republika-grozi-przesladowanie-prawne\/"},"author":{"name":"Filip","@id":"https:\/\/www.pogotowieflagowe.pl\/aktualne\/#\/schema\/person\/9c2fb7d2362ebf6fa088960d7f0d27b0"},"headline":"Micha\u0142 Racho\u0144 z CPAC: TV Republika grozi prze\u015bladowanie prawne","datePublished":"2025-11-06T12:50:47+00:00","dateModified":"2025-11-06T12:50:48+00:00","mainEntityOfPage":{"@id":"https:\/\/www.pogotowieflagowe.pl\/aktualne\/michal-rachon-z-cpac-tv-republika-grozi-przesladowanie-prawne\/"},"wordCount":516,"commentCount":0,"publisher":{"@id":"https:\/\/www.pogotowieflagowe.pl\/aktualne\/#organization"},"image":{"@id":"https:\/\/www.pogotowieflagowe.pl\/aktualne\/michal-rachon-z-cpac-tv-republika-grozi-przesladowanie-prawne\/#primaryimage"},"thumbnailUrl":"https:\/\/www.pogotowieflagowe.pl\/aktualne\/wp-content\/uploads\/2025\/11\/Michal-Rachon-z-CPAC-TV-Republika-grozi-przesladowanie-prawne.webp.webp","keywords":["CPAC","grozi","Micha\u0142","prawne","prze\u015bladowanie","Rachon","Republika"],"articleSection":["Polityka"],"inLanguage":"pl-PL","potentialAction":[{"@type":"CommentAction","name":"Comment","target":["https:\/\/www.pogotowieflagowe.pl\/aktualne\/michal-rachon-z-cpac-tv-republika-grozi-przesladowanie-prawne\/#respond"]}]},{"@type":"WebPage","@id":"https:\/\/www.pogotowieflagowe.pl\/aktualne\/michal-rachon-z-cpac-tv-republika-grozi-przesladowanie-prawne\/","url":"https:\/\/www.pogotowieflagowe.pl\/aktualne\/michal-rachon-z-cpac-tv-republika-grozi-przesladowanie-prawne\/","name":"Micha\u0142 Racho\u0144 z CPAC: TV Republika grozi prze\u015bladowanie prawne - POGOTOWIE FLAGOWE\u00ae","isPartOf":{"@id":"https:\/\/www.pogotowieflagowe.pl\/aktualne\/#website"},"primaryImageOfPage":{"@id":"https:\/\/www.pogotowieflagowe.pl\/aktualne\/michal-rachon-z-cpac-tv-republika-grozi-przesladowanie-prawne\/#primaryimage"},"image":{"@id":"https:\/\/www.pogotowieflagowe.pl\/aktualne\/michal-rachon-z-cpac-tv-republika-grozi-przesladowanie-prawne\/#primaryimage"},"thumbnailUrl":"https:\/\/www.pogotowieflagowe.pl\/aktualne\/wp-content\/uploads\/2025\/11\/Michal-Rachon-z-CPAC-TV-Republika-grozi-przesladowanie-prawne.webp.webp","datePublished":"2025-11-06T12:50:47+00:00","dateModified":"2025-11-06T12:50:48+00:00","breadcrumb":{"@id":"https:\/\/www.pogotowieflagowe.pl\/aktualne\/michal-rachon-z-cpac-tv-republika-grozi-przesladowanie-prawne\/#breadcrumb"},"inLanguage":"pl-PL","potentialAction":[{"@type":"ReadAction","target":["https:\/\/www.pogotowieflagowe.pl\/aktualne\/michal-rachon-z-cpac-tv-republika-grozi-przesladowanie-prawne\/"]}]},{"@type":"ImageObject","inLanguage":"pl-PL","@id":"https:\/\/www.pogotowieflagowe.pl\/aktualne\/michal-rachon-z-cpac-tv-republika-grozi-przesladowanie-prawne\/#primaryimage","url":"https:\/\/www.pogotowieflagowe.pl\/aktualne\/wp-content\/uploads\/2025\/11\/Michal-Rachon-z-CPAC-TV-Republika-grozi-przesladowanie-prawne.webp.webp","contentUrl":"https:\/\/www.pogotowieflagowe.pl\/aktualne\/wp-content\/uploads\/2025\/11\/Michal-Rachon-z-CPAC-TV-Republika-grozi-przesladowanie-prawne.webp.webp","width":1280,"height":720,"caption":"Micha\u0142 Racho\u0144 z CPAC: TV Republika grozi prze\u015bladowanie prawne"},{"@type":"BreadcrumbList","@id":"https:\/\/www.pogotowieflagowe.pl\/aktualne\/michal-rachon-z-cpac-tv-republika-grozi-przesladowanie-prawne\/#breadcrumb","itemListElement":[{"@type":"ListItem","position":1,"name":"Home","item":"https:\/\/www.pogotowieflagowe.pl\/aktualne\/"},{"@type":"ListItem","position":2,"name":"Micha\u0142 Racho\u0144 z CPAC: TV Republika grozi prze\u015bladowanie prawne"}]},{"@type":"WebSite","@id":"https:\/\/www.pogotowieflagowe.pl\/aktualne\/#website","url":"https:\/\/www.pogotowieflagowe.pl\/aktualne\/","name":"POGOTOWIE FLAGOWE\u00ae","description":"","publisher":{"@id":"https:\/\/www.pogotowieflagowe.pl\/aktualne\/#organization"},"potentialAction":[{"@type":"SearchAction","target":{"@type":"EntryPoint","urlTemplate":"https:\/\/www.pogotowieflagowe.pl\/aktualne\/?s={search_term_string}"},"query-input":"required name=search_term_string"}],"inLanguage":"pl-PL"},{"@type":"Organization","@id":"https:\/\/www.pogotowieflagowe.pl\/aktualne\/#organization","name":"POGOTOWIE FLAGOWE\u00ae","url":"https:\/\/www.pogotowieflagowe.pl\/aktualne\/","logo":{"@type":"ImageObject","inLanguage":"pl-PL","@id":"https:\/\/www.pogotowieflagowe.pl\/aktualne\/#\/schema\/logo\/image\/","url":"https:\/\/www.pogotowieflagowe.pl\/aktualne\/wp-content\/uploads\/2024\/08\/cropped-pogotowieflagowe_flaga_projekt_sm.jpg","contentUrl":"https:\/\/www.pogotowieflagowe.pl\/aktualne\/wp-content\/uploads\/2024\/08\/cropped-pogotowieflagowe_flaga_projekt_sm.jpg","width":250,"height":143,"caption":"POGOTOWIE FLAGOWE\u00ae"},"image":{"@id":"https:\/\/www.pogotowieflagowe.pl\/aktualne\/#\/schema\/logo\/image\/"}},{"@type":"Person","@id":"https:\/\/www.pogotowieflagowe.pl\/aktualne\/#\/schema\/person\/9c2fb7d2362ebf6fa088960d7f0d27b0","name":"Filip","image":{"@type":"ImageObject","inLanguage":"pl-PL","@id":"https:\/\/www.pogotowieflagowe.pl\/aktualne\/#\/schema\/person\/image\/","url":"https:\/\/www.pogotowieflagowe.pl\/aktualne\/wp-content\/uploads\/2024\/08\/pogotowieflagowe.pl_.jpg","contentUrl":"https:\/\/www.pogotowieflagowe.pl\/aktualne\/wp-content\/uploads\/2024\/08\/pogotowieflagowe.pl_.jpg","caption":"Filip"},"description":"Jestem Filip, polski dziennikarz z dyplomem nauk politycznych Uniwersytetu Warszawskiego. Rozpoczynaj\u0105c swoj\u0105 karier\u0119 w r\u00f3\u017cnych lokalnych mediach, zdoby\u0142em solidne do\u015bwiadczenie w zakresie \u015bledztwa i redakcji. Obecnie jako redaktor w Pogotowie flagowe, staram si\u0119 dostarcza\u0107 dog\u0142\u0119bne i istotne analizy na temat najwa\u017cniejszych kwestii aktualno\u015bci, \u0142\u0105cz\u0105c rygor z pasj\u0105 dziennikarsk\u0105.","sameAs":["https:\/\/www.pogotowieflagowe.pl\/"]}]}},"_links":{"self":[{"href":"https:\/\/www.pogotowieflagowe.pl\/aktualne\/wp-json\/wp\/v2\/posts\/10209","targetHints":{"allow":["GET"]}}],"collection":[{"href":"https:\/\/www.pogotowieflagowe.pl\/aktualne\/wp-json\/wp\/v2\/posts"}],"about":[{"href":"https:\/\/www.pogotowieflagowe.pl\/aktualne\/wp-json\/wp\/v2\/types\/post"}],"author":[{"embeddable":true,"href":"https:\/\/www.pogotowieflagowe.pl\/aktualne\/wp-json\/wp\/v2\/users\/1"}],"replies":[{"embeddable":true,"href":"https:\/\/www.pogotowieflagowe.pl\/aktualne\/wp-json\/wp\/v2\/comments?post=10209"}],"version-history":[{"count":1,"href":"https:\/\/www.pogotowieflagowe.pl\/aktualne\/wp-json\/wp\/v2\/posts\/10209\/revisions"}],"predecessor-version":[{"id":10211,"href":"https:\/\/www.pogotowieflagowe.pl\/aktualne\/wp-json\/wp\/v2\/posts\/10209\/revisions\/10211"}],"wp:featuredmedia":[{"embeddable":true,"href":"https:\/\/www.pogotowieflagowe.pl\/aktualne\/wp-json\/wp\/v2\/media\/10210"}],"wp:attachment":[{"href":"https:\/\/www.pogotowieflagowe.pl\/aktualne\/wp-json\/wp\/v2\/media?parent=10209"}],"wp:term":[{"taxonomy":"category","embeddable":true,"href":"https:\/\/www.pogotowieflagowe.pl\/aktualne\/wp-json\/wp\/v2\/categories?post=10209"},{"taxonomy":"post_tag","embeddable":true,"href":"https:\/\/www.pogotowieflagowe.pl\/aktualne\/wp-json\/wp\/v2\/tags?post=10209"}],"curies":[{"name":"wp","href":"https:\/\/api.w.org\/{rel}","templated":true}]}}