{"id":10221,"date":"2025-11-06T17:34:39","date_gmt":"2025-11-06T16:34:39","guid":{"rendered":"https:\/\/www.pogotowieflagowe.pl\/aktualne\/zemsta-tuska-weszla-w-nowa-faze-specjalna-konferencja-prasowa-zbigniewa-ziobry\/"},"modified":"2025-11-06T17:34:40","modified_gmt":"2025-11-06T16:34:40","slug":"zemsta-tuska-weszla-w-nowa-faze-specjalna-konferencja-prasowa-zbigniewa-ziobry","status":"publish","type":"post","link":"https:\/\/www.pogotowieflagowe.pl\/aktualne\/zemsta-tuska-weszla-w-nowa-faze-specjalna-konferencja-prasowa-zbigniewa-ziobry\/","title":{"rendered":"\u201eZemsta Tuska wesz\u0142a w now\u0105 faz\u0119\u201d. Specjalna konferencja prasowa Zbigniewa Ziobry"},"content":{"rendered":"\n<div class=\"td_block_wrap tdb_single_content tdi_41 td-pb-border-top td_block_template_8 td-post-content tagdiv-type\" data-td-block-uid=\"tdi_41\">\n<style>.tdi_41{margines-top:0px!important;margin-bottom:0px!important;dope\u0142nienie-g\u00f3ra:0px!important;dope\u0142nienie-d\u00f3\u0142:0px!important}<\/style>\n<style>.tdb_single_content{margin-bottom:0;*zoom:1}.tdb_single_content:before,.tdb_single_content:after{display:table;content:'';line-height:0}.tdb_single_content:after{clear:both}.tdb_single_content .tdb-block-inner>*:not(.wp-block-quote):not(.alignwide):not(.alignfull.wp-block-cover.has-parallax):not(.td-a-ad){margin-left:auto;margin-right:auto}.tdb_single_content a{pointer-events:auto}.tdb_single_content .td-spot-id-top_ad .tdc-placeholder-title:before{content:'Najlepsza reklama artyku\u0142u'!important}.tdb_single_content .td-spot-id-inline_ad0 .tdc-placeholder-title:before{content:'Reklama wbudowana artyku\u0142u 1'!important}.tdb_single_content .td-spot-id-inline_ad1 .tdc-placeholder-title:before{content:'Wbudowana reklama w artykule 2'!important}.tdb_single_content .td-spot-id-inline_ad2 .tdc-placeholder-title:before{content:'Wbudowana reklama w artykule 3'!important}.tdb_single_content .td-spot-id-bottom_ad .tdc-placeholder-title:before{content:'Article Bottom Ad'!important}.tdb_single_content .id_top_ad,.tdb_single_content .id_bottom_ad{clear:both;margin-bottom:21px;text-align:center}.tdb_single_content .id_top_ad img,.tdb_single_content .id_bottom_ad img{margin-bottom:0}.tdb_single_content .id_top_ad .adsbygoogle,.tdb_single_content .id_bottom_ad .adsbygoogle{position:relative}.tdb_single_content .id_ad_content-horiz-left,.tdb_single_content .id_ad_content-horiz-right,.tdb_single_content .id_ad_content-horiz-center{margin-bottom:15px}.tdb_single_content .id_ad_content-horiz-left img,.tdb_single_content .id_ad_content-horiz-right img,.tdb_single_content .id_ad_content-horiz-center img{margin-bottom:0}.tdb_single_content .id_ad_content-horiz-center{text-align:center}.tdb_single_content .id_ad_content-horiz-center img{margin-right:auto;margin-left:auto}.tdb_single_content .id_ad_content-horiz-left{float:left;margin-top:9px;margin-right:21px}.tdb_single_content .id_ad_content-horiz-right{float:right;margin-top:6px;margin-left:21px}.tdb_single_content .tdc-a-ad .tdc-placeholder-title{width:300px;height:250px}.tdb_single_content .tdc-a-ad .tdc-placeholder-title:before{position:absolute;top:50%;-webkit-transform:translateY(-50%);transform:translateY(-50%);margin:auto;display:table;width:100%}.tdb_single_content .tdb-block-inner.td-fix-index{word-break:break-word}.tdi_41,.tdi_41>p,.tdi_41 .tdb-block-inner>p,.wp-block-column>p{font-size:16px!important;line-height:1.6!important}.tdi_41 .tdb-block-inner blockquote p{font-style:normal!important}@media (max-width:767px){.tdb_single_content .id_ad_content-horiz-left,.tdb_single_content .id_ad_content-horiz-right,.tdb_single_content .id_ad_content-horiz-center{margin:0 auto 26 pikseli auto}}@media (max-width:767px){.tdb_single_content .id_ad_content-horiz-left{margin-right:0}}@media (max-width:767px){.tdb_single_content .id_ad_content-horiz-right{margin-left:0}}@media (max-width:767px){.tdb_single_content .td-a-ad{float:none;text-align:center}.tdb_single_content .td-a-ad img{margin-right:auto;margin-left:auto}.tdb_single_content .tdc-a-ad{float:none}}<\/style>\n<div class=\"tdb-block-inner td-fix-index\">\n<p><strong>\u201eZemsta Tuska wesz\u0142a w now\u0105 faz\u0119\u201d<\/strong> powiedzia\u0142 Zbigniew Ziobro podczas konferencji prasowej, kt\u00f3ra odby\u0142a si\u0119 w Budapeszcie. By\u0142y Minister Sprawiedliwo\u015bci podczas pobytu w stolicy W\u0119gier wyja\u015bni\u0142, jak przez lata walczy\u0142 z przest\u0119pcami otaczaj\u0105cymi obecnie obecnego szefa rz\u0105du. Og\u0142osi\u0142, \u017ce <strong>\u201eb\u0119dzie aktywnie uczestniczy\u0107\u201d<\/strong> w dotycz\u0105cym go post\u0119powaniu.<\/p>\n<p>O godz. 16.00 odb\u0119dzie si\u0119 kr\u00f3tkie posiedzenie komisji sejmowej w sprawie uchylenia immunitetu Zbigniewa Ziobry. Nast\u0119pnie, podczas g\u0142osowania zaplanowanego na p\u00f3\u017any wiecz\u00f3r, ma zosta\u0107 podj\u0119ta decyzja w jego sprawie. Pos\u0142owie zadecyduj\u0105 nie tylko o ewentualnym uchyleniu jego immunitetu, ale tak\u017ce o wyra\u017ceniu zgody na jego aresztowanie. Prokuratura planuje postawi\u0107 by\u0142emu Ministrowi Sprawiedliwo\u015bci zarzuty o przest\u0119pstwa zwi\u0105zane z wydatkowaniem \u015brodk\u00f3w pochodz\u0105cych <em>Fundusz Sprawiedliwo\u015bci<\/em>.<\/p>\n<p><strong>\u201eZemsta Tuska wkroczy\u0142a w now\u0105 faz\u0119, w tym przypadku z\u0142o\u017cenie wniosku o uchylenie mojego immunitetu i wyra\u017cenie przez Sejm zgody na tymczasowe aresztowanie\u201d \u2013 doda\u0142.<\/strong> \u2013 powiedzia\u0142 Zbigniew Ziobro podczas konferencji prasowej zorganizowanej przed posiedzeniem komisji parlamentarnej. Podczas pobytu w Budapeszcie polityk wymieni\u0142 kolejne skandale z udzia\u0142em ekipy obecnego premiera.<\/p>\n<p>Stwierdzi\u0142, \u017ce premier jest otoczony <strong>\u201eludzie, kt\u00f3rzy s\u0105 z\u0142odziejami\u201d.<\/strong> doda\u0142 Ziobro, <strong>&#8222;Mo\u017cna powiedzie\u0107, \u017ce Donald Tusk ma powody do zemsty. Jako Prokurator Generalny &#8211; Minister Sprawiedliwo\u015bci nadzorowa\u0142em liczne post\u0119powania, w kt\u00f3rych cz\u0142onkowie partii Donalda Tuska wyst\u0119powali jako podejrzani o bardzo powa\u017cne przest\u0119pstwa. Wystarczy wspomnie\u0107 spraw\u0119 S\u0142awomira Nowaka&#8221;<\/strong> wyja\u015bni\u0142. <strong>\u201eMoim nadrz\u0119dnym celem by\u0142o rozprawienie si\u0119 z mafiami VAT, a nie wyr\u00f3wnanie rachunk\u00f3w z poprzednikami\u201d<\/strong> doda\u0142. Przypomnia\u0142, \u017ce premier Tusk obejmuj\u0105c w\u0142adz\u0119 \u2013 w przeciwie\u0144stwie do swoich poprzednik\u00f3w \u2013 zadeklarowa\u0142, \u017ce b\u0119dzie stosowa\u0142 prawo tak, jak je rozumie.<\/p>\n<p>Odni\u00f3s\u0142 si\u0119 tak\u017ce do doniesie\u0144 sugeruj\u0105cych, \u017ce po powrocie do Polski mo\u017ce zosta\u0107 bezprawnie przetrzymywany. Ziobro potwierdzi\u0142 t\u0119 informacj\u0119 i wyrazi\u0142 zaniepokojenie. <strong>\u201eDosta\u0142am informacj\u0119, \u017ce cz\u0119\u015b\u0107 spektaklu, kt\u00f3ry Donald Tusk konsekwentnie inscenizuje, niezale\u017cnie od prawa, mia\u0142a polega\u0107 na zatrzymaniu mnie po powrocie do kraju i co najmniej utrudnieniu, a mo\u017ce nawet uniemo\u017cliwieniu mi skorzystania z prawa do ustosunkowania si\u0119 do absurdalnych zarzut\u00f3w zawartych we wniosku o uchylenie immunitetu\u201d \u2013 doda\u0142a.<\/strong> \u2013 podkre\u015bli\u0142.<\/p>\n<p>Ziobro stwierdzi\u0142, \u017ce zarzuty \u015bwiadcz\u0105 o bezradno\u015bci prokuratury. Odni\u00f3s\u0142 si\u0119 tak\u017ce do sprawy pos\u0142a Marcina Romanowskiego, dodaj\u0105c, \u017ce po zako\u0144czeniu prac komisji odniesie si\u0119 do zarzut\u00f3w, kt\u00f3re uwa\u017ca za fa\u0142szywe. <\/p>\n<figure class=\"wp-block-pullquote\">\n<blockquote>\n<p><strong>\u201eWszystkie te oskar\u017cenia s\u0105 fa\u0142szywe, sfabrykowane i stanowi\u0105 przyk\u0142ad postawy \u00abdaj mi tego cz\u0142owieka, a znajd\u0119 akapit\u00bb. Odzwierciedlaj\u0105 bezradno\u015b\u0107 podporz\u0105dkowanej panu Tuskowi prokuratury, kt\u00f3ra szuka pretekstu do niszczenia i niszczenia publicznego wizerunku przeciwnik\u00f3w politycznych. Oskar\u017cenia te sugeruj\u0105, \u017ce fundusze zosta\u0142y zdefraudowane lub skradzione. Takich absurdalnych i irracjonalnych zarzut\u00f3w w tym wniosku jest znacznie wi\u0119cej, a do ka\u017cdego z nich b\u0119d\u0119 mia\u0142 okazj\u0119 ustosunkowa\u0107 si\u0119 po zako\u0144czeniu posiedzenia komisji. Wszystkie dzia\u0142ania odbywa\u0142y si\u0119 w ramach prawa, przepis\u00f3w Kodeksu karnego wykonawczego i innych przepis\u00f3w obowi\u0105zuj\u0105cych w Polsce. Wbrew narracji decyzje o przyznaniu \u015brodk\u00f3w nie zapada\u0142y w drodze przetarg\u00f3w, lecz konkurs\u00f3w. Wszystkie kwestionowane przez prokuratora decyzje, przedstawiane jako zarzucane przest\u0119pstwa, zosta\u0142y podj\u0119te w ramach prawa i obowi\u0105zk\u00f3w Ministra Sprawiedliwo\u015bci.\u201d<\/strong> powiedzia\u0142.<\/p>\n<\/blockquote>\n<\/figure>\n<\/div>\n<\/div>\n","protected":false},"excerpt":{"rendered":"<p>\u201eZemsta Tuska wesz\u0142a w now\u0105 faz\u0119\u201d powiedzia\u0142 Zbigniew Ziobro podczas konferencji prasowej, kt\u00f3ra odby\u0142a si\u0119 w Budapeszcie. By\u0142y Minister Sprawiedliwo\u015bci<\/p>\n","protected":false},"author":1,"featured_media":10222,"comment_status":"open","ping_status":"open","sticky":false,"template":"","format":"standard","meta":{"footnotes":""},"categories":[4748],"tags":[7230,5045,589,9833,11721,567,11720,3768,6021,11424],"class_list":["post-10221","post","type-post","status-publish","format-standard","has-post-thumbnail","hentry","category-aktualne","tag-faze","tag-konferencja","tag-nowa","tag-prasowa","tag-specjalna","tag-tuska","tag-weszla","tag-zbigniewa","tag-zemsta","tag-ziobry","generate-columns","tablet-grid-50","mobile-grid-100","grid-parent","grid-50","resize-featured-image"],"yoast_head":"<!-- This site is optimized with the Yoast SEO plugin v23.2 - https:\/\/yoast.com\/wordpress\/plugins\/seo\/ -->\n<title>\u201eZemsta Tuska wesz\u0142a w now\u0105 faz\u0119\u201d. Specjalna konferencja prasowa Zbigniewa Ziobry - POGOTOWIE FLAGOWE\u00ae<\/title>\n<meta name=\"robots\" content=\"index, follow, max-snippet:-1, max-image-preview:large, max-video-preview:-1\" \/>\n<link rel=\"canonical\" href=\"https:\/\/www.pogotowieflagowe.pl\/aktualne\/zemsta-tuska-weszla-w-nowa-faze-specjalna-konferencja-prasowa-zbigniewa-ziobry\/\" \/>\n<meta property=\"og:locale\" content=\"pl_PL\" \/>\n<meta property=\"og:type\" content=\"article\" \/>\n<meta property=\"og:title\" content=\"\u201eZemsta Tuska wesz\u0142a w now\u0105 faz\u0119\u201d. Specjalna konferencja prasowa Zbigniewa Ziobry - POGOTOWIE FLAGOWE\u00ae\" \/>\n<meta property=\"og:description\" content=\"\u201eZemsta Tuska wesz\u0142a w now\u0105 faz\u0119\u201d powiedzia\u0142 Zbigniew Ziobro podczas konferencji prasowej, kt\u00f3ra odby\u0142a si\u0119 w Budapeszcie. By\u0142y Minister Sprawiedliwo\u015bci\" \/>\n<meta property=\"og:url\" content=\"https:\/\/www.pogotowieflagowe.pl\/aktualne\/zemsta-tuska-weszla-w-nowa-faze-specjalna-konferencja-prasowa-zbigniewa-ziobry\/\" \/>\n<meta property=\"og:site_name\" content=\"POGOTOWIE FLAGOWE\u00ae\" \/>\n<meta property=\"article:published_time\" content=\"2025-11-06T16:34:39+00:00\" \/>\n<meta property=\"article:modified_time\" content=\"2025-11-06T16:34:40+00:00\" \/>\n<meta property=\"og:image\" content=\"https:\/\/www.pogotowieflagowe.pl\/aktualne\/wp-content\/uploads\/2025\/11\/\u201eZemsta-Tuska-weszla-w-nowa-faze-Specjalna-konferencja-prasowa-Zbigniewa.webp.webp\" \/>\n\t<meta property=\"og:image:width\" content=\"1280\" \/>\n\t<meta property=\"og:image:height\" content=\"720\" \/>\n\t<meta property=\"og:image:type\" content=\"image\/webp\" \/>\n<meta name=\"author\" content=\"Filip\" \/>\n<meta name=\"twitter:card\" content=\"summary_large_image\" \/>\n<meta name=\"twitter:label1\" content=\"Napisane przez\" \/>\n\t<meta name=\"twitter:data1\" content=\"Filip\" \/>\n\t<meta name=\"twitter:label2\" content=\"Szacowany czas czytania\" \/>\n\t<meta name=\"twitter:data2\" content=\"3 minuty\" \/>\n<script type=\"application\/ld+json\" class=\"yoast-schema-graph\">{\"@context\":\"https:\/\/schema.org\",\"@graph\":[{\"@type\":\"Article\",\"@id\":\"https:\/\/www.pogotowieflagowe.pl\/aktualne\/zemsta-tuska-weszla-w-nowa-faze-specjalna-konferencja-prasowa-zbigniewa-ziobry\/#article\",\"isPartOf\":{\"@id\":\"https:\/\/www.pogotowieflagowe.pl\/aktualne\/zemsta-tuska-weszla-w-nowa-faze-specjalna-konferencja-prasowa-zbigniewa-ziobry\/\"},\"author\":{\"name\":\"Filip\",\"@id\":\"https:\/\/www.pogotowieflagowe.pl\/aktualne\/#\/schema\/person\/9c2fb7d2362ebf6fa088960d7f0d27b0\"},\"headline\":\"\u201eZemsta Tuska wesz\u0142a w now\u0105 faz\u0119\u201d. Specjalna konferencja prasowa Zbigniewa Ziobry\",\"datePublished\":\"2025-11-06T16:34:39+00:00\",\"dateModified\":\"2025-11-06T16:34:40+00:00\",\"mainEntityOfPage\":{\"@id\":\"https:\/\/www.pogotowieflagowe.pl\/aktualne\/zemsta-tuska-weszla-w-nowa-faze-specjalna-konferencja-prasowa-zbigniewa-ziobry\/\"},\"wordCount\":579,\"commentCount\":0,\"publisher\":{\"@id\":\"https:\/\/www.pogotowieflagowe.pl\/aktualne\/#organization\"},\"image\":{\"@id\":\"https:\/\/www.pogotowieflagowe.pl\/aktualne\/zemsta-tuska-weszla-w-nowa-faze-specjalna-konferencja-prasowa-zbigniewa-ziobry\/#primaryimage\"},\"thumbnailUrl\":\"https:\/\/www.pogotowieflagowe.pl\/aktualne\/wp-content\/uploads\/2025\/11\/\u201eZemsta-Tuska-weszla-w-nowa-faze-Specjalna-konferencja-prasowa-Zbigniewa.webp.webp\",\"keywords\":[\"faz\u0119\",\"Konferencja\",\"Nowa\",\"prasowa\",\"Specjalna\",\"Tuska\",\"wesz\u0142a\",\"Zbigniewa\",\"Zemsta\",\"Ziobry\"],\"articleSection\":[\"Aktualne\"],\"inLanguage\":\"pl-PL\",\"potentialAction\":[{\"@type\":\"CommentAction\",\"name\":\"Comment\",\"target\":[\"https:\/\/www.pogotowieflagowe.pl\/aktualne\/zemsta-tuska-weszla-w-nowa-faze-specjalna-konferencja-prasowa-zbigniewa-ziobry\/#respond\"]}]},{\"@type\":\"WebPage\",\"@id\":\"https:\/\/www.pogotowieflagowe.pl\/aktualne\/zemsta-tuska-weszla-w-nowa-faze-specjalna-konferencja-prasowa-zbigniewa-ziobry\/\",\"url\":\"https:\/\/www.pogotowieflagowe.pl\/aktualne\/zemsta-tuska-weszla-w-nowa-faze-specjalna-konferencja-prasowa-zbigniewa-ziobry\/\",\"name\":\"\u201eZemsta Tuska wesz\u0142a w now\u0105 faz\u0119\u201d. Specjalna konferencja prasowa Zbigniewa Ziobry - POGOTOWIE FLAGOWE\u00ae\",\"isPartOf\":{\"@id\":\"https:\/\/www.pogotowieflagowe.pl\/aktualne\/#website\"},\"primaryImageOfPage\":{\"@id\":\"https:\/\/www.pogotowieflagowe.pl\/aktualne\/zemsta-tuska-weszla-w-nowa-faze-specjalna-konferencja-prasowa-zbigniewa-ziobry\/#primaryimage\"},\"image\":{\"@id\":\"https:\/\/www.pogotowieflagowe.pl\/aktualne\/zemsta-tuska-weszla-w-nowa-faze-specjalna-konferencja-prasowa-zbigniewa-ziobry\/#primaryimage\"},\"thumbnailUrl\":\"https:\/\/www.pogotowieflagowe.pl\/aktualne\/wp-content\/uploads\/2025\/11\/\u201eZemsta-Tuska-weszla-w-nowa-faze-Specjalna-konferencja-prasowa-Zbigniewa.webp.webp\",\"datePublished\":\"2025-11-06T16:34:39+00:00\",\"dateModified\":\"2025-11-06T16:34:40+00:00\",\"breadcrumb\":{\"@id\":\"https:\/\/www.pogotowieflagowe.pl\/aktualne\/zemsta-tuska-weszla-w-nowa-faze-specjalna-konferencja-prasowa-zbigniewa-ziobry\/#breadcrumb\"},\"inLanguage\":\"pl-PL\",\"potentialAction\":[{\"@type\":\"ReadAction\",\"target\":[\"https:\/\/www.pogotowieflagowe.pl\/aktualne\/zemsta-tuska-weszla-w-nowa-faze-specjalna-konferencja-prasowa-zbigniewa-ziobry\/\"]}]},{\"@type\":\"ImageObject\",\"inLanguage\":\"pl-PL\",\"@id\":\"https:\/\/www.pogotowieflagowe.pl\/aktualne\/zemsta-tuska-weszla-w-nowa-faze-specjalna-konferencja-prasowa-zbigniewa-ziobry\/#primaryimage\",\"url\":\"https:\/\/www.pogotowieflagowe.pl\/aktualne\/wp-content\/uploads\/2025\/11\/\u201eZemsta-Tuska-weszla-w-nowa-faze-Specjalna-konferencja-prasowa-Zbigniewa.webp.webp\",\"contentUrl\":\"https:\/\/www.pogotowieflagowe.pl\/aktualne\/wp-content\/uploads\/2025\/11\/\u201eZemsta-Tuska-weszla-w-nowa-faze-Specjalna-konferencja-prasowa-Zbigniewa.webp.webp\",\"width\":1280,\"height\":720,\"caption\":\"\u201eZemsta Tuska wesz\u0142a w now\u0105 faz\u0119\u201d. Specjalna konferencja prasowa Zbigniewa Ziobry\"},{\"@type\":\"BreadcrumbList\",\"@id\":\"https:\/\/www.pogotowieflagowe.pl\/aktualne\/zemsta-tuska-weszla-w-nowa-faze-specjalna-konferencja-prasowa-zbigniewa-ziobry\/#breadcrumb\",\"itemListElement\":[{\"@type\":\"ListItem\",\"position\":1,\"name\":\"Home\",\"item\":\"https:\/\/www.pogotowieflagowe.pl\/aktualne\/\"},{\"@type\":\"ListItem\",\"position\":2,\"name\":\"\u201eZemsta Tuska wesz\u0142a w now\u0105 faz\u0119\u201d. Specjalna konferencja prasowa Zbigniewa Ziobry\"}]},{\"@type\":\"WebSite\",\"@id\":\"https:\/\/www.pogotowieflagowe.pl\/aktualne\/#website\",\"url\":\"https:\/\/www.pogotowieflagowe.pl\/aktualne\/\",\"name\":\"POGOTOWIE FLAGOWE\u00ae\",\"description\":\"\",\"publisher\":{\"@id\":\"https:\/\/www.pogotowieflagowe.pl\/aktualne\/#organization\"},\"potentialAction\":[{\"@type\":\"SearchAction\",\"target\":{\"@type\":\"EntryPoint\",\"urlTemplate\":\"https:\/\/www.pogotowieflagowe.pl\/aktualne\/?s={search_term_string}\"},\"query-input\":\"required name=search_term_string\"}],\"inLanguage\":\"pl-PL\"},{\"@type\":\"Organization\",\"@id\":\"https:\/\/www.pogotowieflagowe.pl\/aktualne\/#organization\",\"name\":\"POGOTOWIE FLAGOWE\u00ae\",\"url\":\"https:\/\/www.pogotowieflagowe.pl\/aktualne\/\",\"logo\":{\"@type\":\"ImageObject\",\"inLanguage\":\"pl-PL\",\"@id\":\"https:\/\/www.pogotowieflagowe.pl\/aktualne\/#\/schema\/logo\/image\/\",\"url\":\"https:\/\/www.pogotowieflagowe.pl\/aktualne\/wp-content\/uploads\/2024\/08\/cropped-pogotowieflagowe_flaga_projekt_sm.jpg\",\"contentUrl\":\"https:\/\/www.pogotowieflagowe.pl\/aktualne\/wp-content\/uploads\/2024\/08\/cropped-pogotowieflagowe_flaga_projekt_sm.jpg\",\"width\":250,\"height\":143,\"caption\":\"POGOTOWIE FLAGOWE\u00ae\"},\"image\":{\"@id\":\"https:\/\/www.pogotowieflagowe.pl\/aktualne\/#\/schema\/logo\/image\/\"}},{\"@type\":\"Person\",\"@id\":\"https:\/\/www.pogotowieflagowe.pl\/aktualne\/#\/schema\/person\/9c2fb7d2362ebf6fa088960d7f0d27b0\",\"name\":\"Filip\",\"image\":{\"@type\":\"ImageObject\",\"inLanguage\":\"pl-PL\",\"@id\":\"https:\/\/www.pogotowieflagowe.pl\/aktualne\/#\/schema\/person\/image\/\",\"url\":\"https:\/\/www.pogotowieflagowe.pl\/aktualne\/wp-content\/uploads\/2024\/08\/pogotowieflagowe.pl_.jpg\",\"contentUrl\":\"https:\/\/www.pogotowieflagowe.pl\/aktualne\/wp-content\/uploads\/2024\/08\/pogotowieflagowe.pl_.jpg\",\"caption\":\"Filip\"},\"description\":\"Jestem Filip, polski dziennikarz z dyplomem nauk politycznych Uniwersytetu Warszawskiego. Rozpoczynaj\u0105c swoj\u0105 karier\u0119 w r\u00f3\u017cnych lokalnych mediach, zdoby\u0142em solidne do\u015bwiadczenie w zakresie \u015bledztwa i redakcji. Obecnie jako redaktor w Pogotowie flagowe, staram si\u0119 dostarcza\u0107 dog\u0142\u0119bne i istotne analizy na temat najwa\u017cniejszych kwestii aktualno\u015bci, \u0142\u0105cz\u0105c rygor z pasj\u0105 dziennikarsk\u0105.\",\"sameAs\":[\"https:\/\/www.pogotowieflagowe.pl\/\"]}]}<\/script>\n<!-- \/ Yoast SEO plugin. -->","yoast_head_json":{"title":"\u201eZemsta Tuska wesz\u0142a w now\u0105 faz\u0119\u201d. Specjalna konferencja prasowa Zbigniewa Ziobry - POGOTOWIE FLAGOWE\u00ae","robots":{"index":"index","follow":"follow","max-snippet":"max-snippet:-1","max-image-preview":"max-image-preview:large","max-video-preview":"max-video-preview:-1"},"canonical":"https:\/\/www.pogotowieflagowe.pl\/aktualne\/zemsta-tuska-weszla-w-nowa-faze-specjalna-konferencja-prasowa-zbigniewa-ziobry\/","og_locale":"pl_PL","og_type":"article","og_title":"\u201eZemsta Tuska wesz\u0142a w now\u0105 faz\u0119\u201d. Specjalna konferencja prasowa Zbigniewa Ziobry - POGOTOWIE FLAGOWE\u00ae","og_description":"\u201eZemsta Tuska wesz\u0142a w now\u0105 faz\u0119\u201d powiedzia\u0142 Zbigniew Ziobro podczas konferencji prasowej, kt\u00f3ra odby\u0142a si\u0119 w Budapeszcie. By\u0142y Minister Sprawiedliwo\u015bci","og_url":"https:\/\/www.pogotowieflagowe.pl\/aktualne\/zemsta-tuska-weszla-w-nowa-faze-specjalna-konferencja-prasowa-zbigniewa-ziobry\/","og_site_name":"POGOTOWIE FLAGOWE\u00ae","article_published_time":"2025-11-06T16:34:39+00:00","article_modified_time":"2025-11-06T16:34:40+00:00","og_image":[{"width":1280,"height":720,"url":"https:\/\/www.pogotowieflagowe.pl\/aktualne\/wp-content\/uploads\/2025\/11\/\u201eZemsta-Tuska-weszla-w-nowa-faze-Specjalna-konferencja-prasowa-Zbigniewa.webp.webp","type":"image\/webp"}],"author":"Filip","twitter_card":"summary_large_image","twitter_misc":{"Napisane przez":"Filip","Szacowany czas czytania":"3 minuty"},"schema":{"@context":"https:\/\/schema.org","@graph":[{"@type":"Article","@id":"https:\/\/www.pogotowieflagowe.pl\/aktualne\/zemsta-tuska-weszla-w-nowa-faze-specjalna-konferencja-prasowa-zbigniewa-ziobry\/#article","isPartOf":{"@id":"https:\/\/www.pogotowieflagowe.pl\/aktualne\/zemsta-tuska-weszla-w-nowa-faze-specjalna-konferencja-prasowa-zbigniewa-ziobry\/"},"author":{"name":"Filip","@id":"https:\/\/www.pogotowieflagowe.pl\/aktualne\/#\/schema\/person\/9c2fb7d2362ebf6fa088960d7f0d27b0"},"headline":"\u201eZemsta Tuska wesz\u0142a w now\u0105 faz\u0119\u201d. Specjalna konferencja prasowa Zbigniewa Ziobry","datePublished":"2025-11-06T16:34:39+00:00","dateModified":"2025-11-06T16:34:40+00:00","mainEntityOfPage":{"@id":"https:\/\/www.pogotowieflagowe.pl\/aktualne\/zemsta-tuska-weszla-w-nowa-faze-specjalna-konferencja-prasowa-zbigniewa-ziobry\/"},"wordCount":579,"commentCount":0,"publisher":{"@id":"https:\/\/www.pogotowieflagowe.pl\/aktualne\/#organization"},"image":{"@id":"https:\/\/www.pogotowieflagowe.pl\/aktualne\/zemsta-tuska-weszla-w-nowa-faze-specjalna-konferencja-prasowa-zbigniewa-ziobry\/#primaryimage"},"thumbnailUrl":"https:\/\/www.pogotowieflagowe.pl\/aktualne\/wp-content\/uploads\/2025\/11\/\u201eZemsta-Tuska-weszla-w-nowa-faze-Specjalna-konferencja-prasowa-Zbigniewa.webp.webp","keywords":["faz\u0119","Konferencja","Nowa","prasowa","Specjalna","Tuska","wesz\u0142a","Zbigniewa","Zemsta","Ziobry"],"articleSection":["Aktualne"],"inLanguage":"pl-PL","potentialAction":[{"@type":"CommentAction","name":"Comment","target":["https:\/\/www.pogotowieflagowe.pl\/aktualne\/zemsta-tuska-weszla-w-nowa-faze-specjalna-konferencja-prasowa-zbigniewa-ziobry\/#respond"]}]},{"@type":"WebPage","@id":"https:\/\/www.pogotowieflagowe.pl\/aktualne\/zemsta-tuska-weszla-w-nowa-faze-specjalna-konferencja-prasowa-zbigniewa-ziobry\/","url":"https:\/\/www.pogotowieflagowe.pl\/aktualne\/zemsta-tuska-weszla-w-nowa-faze-specjalna-konferencja-prasowa-zbigniewa-ziobry\/","name":"\u201eZemsta Tuska wesz\u0142a w now\u0105 faz\u0119\u201d. Specjalna konferencja prasowa Zbigniewa Ziobry - POGOTOWIE FLAGOWE\u00ae","isPartOf":{"@id":"https:\/\/www.pogotowieflagowe.pl\/aktualne\/#website"},"primaryImageOfPage":{"@id":"https:\/\/www.pogotowieflagowe.pl\/aktualne\/zemsta-tuska-weszla-w-nowa-faze-specjalna-konferencja-prasowa-zbigniewa-ziobry\/#primaryimage"},"image":{"@id":"https:\/\/www.pogotowieflagowe.pl\/aktualne\/zemsta-tuska-weszla-w-nowa-faze-specjalna-konferencja-prasowa-zbigniewa-ziobry\/#primaryimage"},"thumbnailUrl":"https:\/\/www.pogotowieflagowe.pl\/aktualne\/wp-content\/uploads\/2025\/11\/\u201eZemsta-Tuska-weszla-w-nowa-faze-Specjalna-konferencja-prasowa-Zbigniewa.webp.webp","datePublished":"2025-11-06T16:34:39+00:00","dateModified":"2025-11-06T16:34:40+00:00","breadcrumb":{"@id":"https:\/\/www.pogotowieflagowe.pl\/aktualne\/zemsta-tuska-weszla-w-nowa-faze-specjalna-konferencja-prasowa-zbigniewa-ziobry\/#breadcrumb"},"inLanguage":"pl-PL","potentialAction":[{"@type":"ReadAction","target":["https:\/\/www.pogotowieflagowe.pl\/aktualne\/zemsta-tuska-weszla-w-nowa-faze-specjalna-konferencja-prasowa-zbigniewa-ziobry\/"]}]},{"@type":"ImageObject","inLanguage":"pl-PL","@id":"https:\/\/www.pogotowieflagowe.pl\/aktualne\/zemsta-tuska-weszla-w-nowa-faze-specjalna-konferencja-prasowa-zbigniewa-ziobry\/#primaryimage","url":"https:\/\/www.pogotowieflagowe.pl\/aktualne\/wp-content\/uploads\/2025\/11\/\u201eZemsta-Tuska-weszla-w-nowa-faze-Specjalna-konferencja-prasowa-Zbigniewa.webp.webp","contentUrl":"https:\/\/www.pogotowieflagowe.pl\/aktualne\/wp-content\/uploads\/2025\/11\/\u201eZemsta-Tuska-weszla-w-nowa-faze-Specjalna-konferencja-prasowa-Zbigniewa.webp.webp","width":1280,"height":720,"caption":"\u201eZemsta Tuska wesz\u0142a w now\u0105 faz\u0119\u201d. Specjalna konferencja prasowa Zbigniewa Ziobry"},{"@type":"BreadcrumbList","@id":"https:\/\/www.pogotowieflagowe.pl\/aktualne\/zemsta-tuska-weszla-w-nowa-faze-specjalna-konferencja-prasowa-zbigniewa-ziobry\/#breadcrumb","itemListElement":[{"@type":"ListItem","position":1,"name":"Home","item":"https:\/\/www.pogotowieflagowe.pl\/aktualne\/"},{"@type":"ListItem","position":2,"name":"\u201eZemsta Tuska wesz\u0142a w now\u0105 faz\u0119\u201d. Specjalna konferencja prasowa Zbigniewa Ziobry"}]},{"@type":"WebSite","@id":"https:\/\/www.pogotowieflagowe.pl\/aktualne\/#website","url":"https:\/\/www.pogotowieflagowe.pl\/aktualne\/","name":"POGOTOWIE FLAGOWE\u00ae","description":"","publisher":{"@id":"https:\/\/www.pogotowieflagowe.pl\/aktualne\/#organization"},"potentialAction":[{"@type":"SearchAction","target":{"@type":"EntryPoint","urlTemplate":"https:\/\/www.pogotowieflagowe.pl\/aktualne\/?s={search_term_string}"},"query-input":"required name=search_term_string"}],"inLanguage":"pl-PL"},{"@type":"Organization","@id":"https:\/\/www.pogotowieflagowe.pl\/aktualne\/#organization","name":"POGOTOWIE FLAGOWE\u00ae","url":"https:\/\/www.pogotowieflagowe.pl\/aktualne\/","logo":{"@type":"ImageObject","inLanguage":"pl-PL","@id":"https:\/\/www.pogotowieflagowe.pl\/aktualne\/#\/schema\/logo\/image\/","url":"https:\/\/www.pogotowieflagowe.pl\/aktualne\/wp-content\/uploads\/2024\/08\/cropped-pogotowieflagowe_flaga_projekt_sm.jpg","contentUrl":"https:\/\/www.pogotowieflagowe.pl\/aktualne\/wp-content\/uploads\/2024\/08\/cropped-pogotowieflagowe_flaga_projekt_sm.jpg","width":250,"height":143,"caption":"POGOTOWIE FLAGOWE\u00ae"},"image":{"@id":"https:\/\/www.pogotowieflagowe.pl\/aktualne\/#\/schema\/logo\/image\/"}},{"@type":"Person","@id":"https:\/\/www.pogotowieflagowe.pl\/aktualne\/#\/schema\/person\/9c2fb7d2362ebf6fa088960d7f0d27b0","name":"Filip","image":{"@type":"ImageObject","inLanguage":"pl-PL","@id":"https:\/\/www.pogotowieflagowe.pl\/aktualne\/#\/schema\/person\/image\/","url":"https:\/\/www.pogotowieflagowe.pl\/aktualne\/wp-content\/uploads\/2024\/08\/pogotowieflagowe.pl_.jpg","contentUrl":"https:\/\/www.pogotowieflagowe.pl\/aktualne\/wp-content\/uploads\/2024\/08\/pogotowieflagowe.pl_.jpg","caption":"Filip"},"description":"Jestem Filip, polski dziennikarz z dyplomem nauk politycznych Uniwersytetu Warszawskiego. Rozpoczynaj\u0105c swoj\u0105 karier\u0119 w r\u00f3\u017cnych lokalnych mediach, zdoby\u0142em solidne do\u015bwiadczenie w zakresie \u015bledztwa i redakcji. Obecnie jako redaktor w Pogotowie flagowe, staram si\u0119 dostarcza\u0107 dog\u0142\u0119bne i istotne analizy na temat najwa\u017cniejszych kwestii aktualno\u015bci, \u0142\u0105cz\u0105c rygor z pasj\u0105 dziennikarsk\u0105.","sameAs":["https:\/\/www.pogotowieflagowe.pl\/"]}]}},"_links":{"self":[{"href":"https:\/\/www.pogotowieflagowe.pl\/aktualne\/wp-json\/wp\/v2\/posts\/10221","targetHints":{"allow":["GET"]}}],"collection":[{"href":"https:\/\/www.pogotowieflagowe.pl\/aktualne\/wp-json\/wp\/v2\/posts"}],"about":[{"href":"https:\/\/www.pogotowieflagowe.pl\/aktualne\/wp-json\/wp\/v2\/types\/post"}],"author":[{"embeddable":true,"href":"https:\/\/www.pogotowieflagowe.pl\/aktualne\/wp-json\/wp\/v2\/users\/1"}],"replies":[{"embeddable":true,"href":"https:\/\/www.pogotowieflagowe.pl\/aktualne\/wp-json\/wp\/v2\/comments?post=10221"}],"version-history":[{"count":1,"href":"https:\/\/www.pogotowieflagowe.pl\/aktualne\/wp-json\/wp\/v2\/posts\/10221\/revisions"}],"predecessor-version":[{"id":10223,"href":"https:\/\/www.pogotowieflagowe.pl\/aktualne\/wp-json\/wp\/v2\/posts\/10221\/revisions\/10223"}],"wp:featuredmedia":[{"embeddable":true,"href":"https:\/\/www.pogotowieflagowe.pl\/aktualne\/wp-json\/wp\/v2\/media\/10222"}],"wp:attachment":[{"href":"https:\/\/www.pogotowieflagowe.pl\/aktualne\/wp-json\/wp\/v2\/media?parent=10221"}],"wp:term":[{"taxonomy":"category","embeddable":true,"href":"https:\/\/www.pogotowieflagowe.pl\/aktualne\/wp-json\/wp\/v2\/categories?post=10221"},{"taxonomy":"post_tag","embeddable":true,"href":"https:\/\/www.pogotowieflagowe.pl\/aktualne\/wp-json\/wp\/v2\/tags?post=10221"}],"curies":[{"name":"wp","href":"https:\/\/api.w.org\/{rel}","templated":true}]}}