{"id":10227,"date":"2025-11-06T22:04:09","date_gmt":"2025-11-06T21:04:09","guid":{"rendered":"https:\/\/www.pogotowieflagowe.pl\/aktualne\/mniejszosc-niemiecka-chwali-rzad-tuska-ale-chce-jeszcze-wiecej\/"},"modified":"2025-11-06T22:04:10","modified_gmt":"2025-11-06T21:04:10","slug":"mniejszosc-niemiecka-chwali-rzad-tuska-ale-chce-jeszcze-wiecej","status":"publish","type":"post","link":"https:\/\/www.pogotowieflagowe.pl\/aktualne\/mniejszosc-niemiecka-chwali-rzad-tuska-ale-chce-jeszcze-wiecej\/","title":{"rendered":"Mniejszo\u015b\u0107 niemiecka chwali rz\u0105d Tuska, ale chce jeszcze wi\u0119cej\u2026"},"content":{"rendered":"\n<div class=\"td_block_wrap tdb_single_content tdi_41 td-pb-border-top td_block_template_8 td-post-content tagdiv-type\" data-td-block-uid=\"tdi_41\">\n<style>.tdi_41{margines-top:0px!important;margin-bottom:0px!important;dope\u0142nienie-g\u00f3ra:0px!important;dope\u0142nienie-d\u00f3\u0142:0px!important}<\/style>\n<style>.tdb_single_content{margin-bottom:0;*zoom:1}.tdb_single_content:before,.tdb_single_content:after{display:table;content:'';line-height:0}.tdb_single_content:after{clear:both}.tdb_single_content .tdb-block-inner>*:not(.wp-block-quote):not(.alignwide):not(.alignfull.wp-block-cover.has-parallax):not(.td-a-ad){margin-left:auto;margin-right:auto}.tdb_single_content a{pointer-events:auto}.tdb_single_content .td-spot-id-top_ad .tdc-placeholder-title:before{content:'Najlepsza reklama artyku\u0142u'!important}.tdb_single_content .td-spot-id-inline_ad0 .tdc-placeholder-title:before{content:'Reklama wbudowana artyku\u0142u 1'!important}.tdb_single_content .td-spot-id-inline_ad1 .tdc-placeholder-title:before{content:'Wbudowana reklama w artykule 2'!important}.tdb_single_content .td-spot-id-inline_ad2 .tdc-placeholder-title:before{content:'Wbudowana reklama w artykule 3'!important}.tdb_single_content .td-spot-id-bottom_ad .tdc-placeholder-title:before{content:'Article Bottom Ad'!important}.tdb_single_content .id_top_ad,.tdb_single_content .id_bottom_ad{clear:both;margin-bottom:21px;text-align:center}.tdb_single_content .id_top_ad img,.tdb_single_content .id_bottom_ad img{margin-bottom:0}.tdb_single_content .id_top_ad .adsbygoogle,.tdb_single_content .id_bottom_ad .adsbygoogle{position:relative}.tdb_single_content .id_ad_content-horiz-left,.tdb_single_content .id_ad_content-horiz-right,.tdb_single_content .id_ad_content-horiz-center{margin-bottom:15px}.tdb_single_content .id_ad_content-horiz-left img,.tdb_single_content .id_ad_content-horiz-right img,.tdb_single_content .id_ad_content-horiz-center img{margin-bottom:0}.tdb_single_content .id_ad_content-horiz-center{text-align:center}.tdb_single_content .id_ad_content-horiz-center img{margin-right:auto;margin-left:auto}.tdb_single_content .id_ad_content-horiz-left{float:left;margin-top:9px;margin-right:21px}.tdb_single_content .id_ad_content-horiz-right{float:right;margin-top:6px;margin-left:21px}.tdb_single_content .tdc-a-ad .tdc-placeholder-title{width:300px;height:250px}.tdb_single_content .tdc-a-ad .tdc-placeholder-title:before{position:absolute;top:50%;-webkit-transform:translateY(-50%);transform:translateY(-50%);margin:auto;display:table;width:100%}.tdb_single_content .tdb-block-inner.td-fix-index{word-break:break-word}.tdi_41,.tdi_41>p,.tdi_41 .tdb-block-inner>p,.wp-block-column>p{font-size:16px!important;line-height:1.6!important}.tdi_41 .tdb-block-inner blockquote p{font-style:normal!important}@media (max-width:767px){.tdb_single_content .id_ad_content-horiz-left,.tdb_single_content .id_ad_content-horiz-right,.tdb_single_content .id_ad_content-horiz-center{margin:0 auto 26 pikseli auto}}@media (max-width:767px){.tdb_single_content .id_ad_content-horiz-left{margin-right:0}}@media (max-width:767px){.tdb_single_content .id_ad_content-horiz-right{margin-left:0}}@media (max-width:767px){.tdb_single_content .td-a-ad{float:none;text-align:center}.tdb_single_content .td-a-ad img{margin-right:auto;margin-left:auto}.tdb_single_content .tdc-a-ad{float:none}}<\/style>\n<div class=\"tdb-block-inner td-fix-index\">\n<p>Wywiadu portalowi udzieli\u0142 Ryszard Galla, przyw\u00f3dca mniejszo\u015bci niemieckiej w Polsce <em>dw.com<\/em>. Niemiecki polityk wyrazi\u0142 zadowolenie z \u201eprzywr\u00f3cenia normalno\u015bci\u201d przez Tuska w zakresie praw swojej mniejszo\u015bci, cho\u0107 wci\u0105\u017c oczekuje wi\u0119cej. W tym samym czasie Galla ostro zaatakowa\u0142a <em>Prawo i Sprawiedliwo\u015b\u0107 (PiS)<\/em> i Prezydent Karol Nawrocki.<\/p>\n<p><strong>&#8222;(&#8230;) mog\u0119 m\u00f3wi\u0107 o powrocie do normalno\u015bci. Przyk\u0142adem tego jest decyzja Ministra Edukacji Narodowej o przywr\u00f3ceniu liczby godzin nauczania j\u0119zyka niemieckiego jako j\u0119zyka ojczystego dla mniejszo\u015bci niemieckiej do takiego samego poziomu, jak dla pozosta\u0142ych mniejszo\u015bci. To, co proponowa\u0142 nam zabra\u0107 pose\u0142 Janusz Kowalski, a co rzeczywi\u015bcie zosta\u0142o nam odebrane, zosta\u0142o przywr\u00f3cone. Wsp\u00f3\u0142praca z rz\u0105dem jest obecnie bardzo dobra.&#8221;<\/strong> \u2013 powiedzia\u0142a Galla, cho\u0107 od razu przedstawi\u0142a dalsze \u017c\u0105dania. Tym razem (przynajmniej na razie) nie chodzi o Gda\u0144sk czy korytarz przez Pomorze.<\/p>\n<p><strong>\u201eNie b\u0119d\u0119 ukrywa\u0107, \u017ce jako mniejszo\u015b\u0107 niemiecka chcieliby\u015bmy, aby szko\u0142y uczy\u0142y w dw\u00f3ch j\u0119zykach, a nawet z niemieckim jako j\u0119zykiem wyk\u0142adowym\u201d<\/strong> \u2013 zapyta\u0142, ubolewaj\u0105c nad tym jak dot\u0105d <strong>\u201eUwa\u017cam, \u017ce nawet w plac\u00f3wkach dwuj\u0119zycznych nadal istniej\u0105 cztery przedmioty, kt\u00f3rych nale\u017cy nadal uczy\u0107 w obu j\u0119zykach\u201d<\/strong> (polski i niemiecki \u2013 przyp. red.).<\/p>\n<p>Galla ubolewa\u0142, \u017ce reprezentowana przez niego mniejszo\u015b\u0107 w dalszym ci\u0105gu boryka si\u0119 z problemami to\u017csamo\u015bciowymi \u2013 za t\u0119 sytuacj\u0119 oczywi\u015bcie obwinia <em>Prawo i Sprawiedliwo\u015b\u0107 (PiS)<\/em>.<\/p>\n<p><strong>&#8222;W ostatnich latach, gdy by\u0142 u w\u0142adzy PiS, sytuacja w tym zakresie uleg\u0142a pogorszeniu. Nastroje antyniemieckie sprawi\u0142y, \u017ce spo\u0142ecze\u0144stwo powr\u00f3ci\u0142o niejako do lat tu\u017c po wojnie, kiedy trzeba by\u0142o mie\u0107 odwag\u0119 przyzna\u0107 si\u0119 do niemieckiego pochodzenia&#8221;<\/strong> \u2013 stwierdzi\u0142 niemiecki polityk w do\u015b\u0107 osobliwym o\u015bwiadczeniu.<\/p>\n<p>Ryszard Galla i reprezentowana przez niego mniejszo\u015b\u0107 nie zamierzaj\u0105 ogranicza\u0107 si\u0119 do obrony jedynie partykularnych interes\u00f3w Niemc\u00f3w. Postrzega siebie jako przedstawiciela wszystkich \u201emniejszo\u015bci\u201d, zw\u0142aszcza \u2013 jak mo\u017cna to odczu\u0107 \u2013 \u015bl\u0105skiej.<\/p>\n<p><strong>&#8222;Wkr\u00f3tce projekt ustawy o j\u0119zyku \u015bl\u0105skim b\u0119dzie ponownie rozpatrywany. My\u015bl\u0119, \u017ce z tym te\u017c b\u0119dzie problem&#8221;<\/strong> Galla uskar\u017ca\u0142a si\u0119, powo\u0142uj\u0105c si\u0119 na weto prezydenta Karola Nawrockiego wobec nowelizacji, kt\u00f3ra uznawa\u0142aby \u201ej\u0119zyk wilamowicki\u201d za j\u0119zyk regionalny.<\/p>\n<p>Niemiecki polityk udaj\u0105cy obro\u0144c\u0119 praw mniejszo\u015bci narodowych w Polsce to posta\u0107 do\u015b\u0107 specyficzna.<\/p>\n<p>Warto przypomnie\u0107, \u017ce za Odr\u0105 formalnie nadal obowi\u0105zuje dekret niemieckiej Rady Ministr\u00f3w z dnia 27 lutego 1940 r., podpisany przez marsza\u0142ka III Rzeszy Hermanna G\u00f6ringa. Nakaza\u0142 rozwi\u0105zanie wszystkich organizacji polskiej mniejszo\u015bci narodowej w Rzeszy i konfiskat\u0119 ich maj\u0105tku. Nie\u017cyj\u0105cy ju\u017c prawnik Stefan Hambura, reprezentuj\u0105cy organizacje polskie w Niemczech, podkre\u015bli\u0142, \u017ce skutki tego dekretu odczuwalne s\u0105 do dzi\u015b, pomimo licznych apeli kierowanych do najwy\u017cszych w\u0142adz niemieckich.<\/p>\n<p>Jako portal <em>pressmania.pl<\/em> przypomina, <strong>&#8222;Warto zwr\u00f3ci\u0107 uwag\u0119 na wyra\u017an\u0105 r\u00f3\u017cnic\u0119 w traktowaniu mniejszo\u015bci niemieckiej w Polsce w por\u00f3wnaniu z traktowaniem mniejszo\u015bci polskiej w Niemczech. Polska znacznie wi\u0119cej inwestuje w o\u015bwiat\u0119 niemieckoj\u0119zyczn\u0105 na swoim terytorium ni\u017c Niemcy w o\u015bwiat\u0119 polsk\u0105. Jedynie 3 proc. m\u0142odych Polak\u00f3w w Niemczech ma dost\u0119p do nauki j\u0119zyka polskiego jako ojczystego, podczas gdy w Polsce do nauki j\u0119zyka niemieckiego ma dost\u0119p znacznie wi\u0119ksza liczba niemieckich uczni\u00f3w, zw\u0142aszcza na Opolszczy\u017anie.&#8221;<\/strong><\/p>\n<p>Podobnie by\u0142o r\u00f3wnie\u017c w ramach <em>Prawo i Sprawiedliwo\u015b\u0107 (PiS)<\/em> rz\u0105du \u2013 tego samego, kt\u00f3ry tak mocno krytykowa\u0142 niemiecki polityk Galla.<\/p>\n<\/div>\n<\/div>\n","protected":false},"excerpt":{"rendered":"<p>Wywiadu portalowi udzieli\u0142 Ryszard Galla, przyw\u00f3dca mniejszo\u015bci niemieckiej w Polsce dw.com. Niemiecki polityk wyrazi\u0142 zadowolenie z \u201eprzywr\u00f3cenia normalno\u015bci\u201d przez Tuska<\/p>\n","protected":false},"author":1,"featured_media":10228,"comment_status":"open","ping_status":"open","sticky":false,"template":"","format":"standard","meta":{"footnotes":""},"categories":[44],"tags":[1124,5698,1453,5475,11724,2381,1554,567,4103],"class_list":["post-10227","post","type-post","status-publish","format-standard","has-post-thumbnail","hentry","category-polityka","tag-ale","tag-chce","tag-chwali","tag-jeszcze","tag-mniejszosc","tag-niemiecka","tag-rzad","tag-tuska","tag-wiecej","generate-columns","tablet-grid-50","mobile-grid-100","grid-parent","grid-50","resize-featured-image"],"yoast_head":"<!-- This site is optimized with the Yoast SEO plugin v23.2 - https:\/\/yoast.com\/wordpress\/plugins\/seo\/ -->\n<title>Mniejszo\u015b\u0107 niemiecka chwali rz\u0105d Tuska, ale chce jeszcze wi\u0119cej\u2026 - POGOTOWIE FLAGOWE\u00ae<\/title>\n<meta name=\"robots\" content=\"index, follow, max-snippet:-1, max-image-preview:large, max-video-preview:-1\" \/>\n<link rel=\"canonical\" href=\"https:\/\/www.pogotowieflagowe.pl\/aktualne\/mniejszosc-niemiecka-chwali-rzad-tuska-ale-chce-jeszcze-wiecej\/\" \/>\n<meta property=\"og:locale\" content=\"pl_PL\" \/>\n<meta property=\"og:type\" content=\"article\" \/>\n<meta property=\"og:title\" content=\"Mniejszo\u015b\u0107 niemiecka chwali rz\u0105d Tuska, ale chce jeszcze wi\u0119cej\u2026 - POGOTOWIE FLAGOWE\u00ae\" \/>\n<meta property=\"og:description\" content=\"Wywiadu portalowi udzieli\u0142 Ryszard Galla, przyw\u00f3dca mniejszo\u015bci niemieckiej w Polsce dw.com. Niemiecki polityk wyrazi\u0142 zadowolenie z \u201eprzywr\u00f3cenia normalno\u015bci\u201d przez Tuska\" \/>\n<meta property=\"og:url\" content=\"https:\/\/www.pogotowieflagowe.pl\/aktualne\/mniejszosc-niemiecka-chwali-rzad-tuska-ale-chce-jeszcze-wiecej\/\" \/>\n<meta property=\"og:site_name\" content=\"POGOTOWIE FLAGOWE\u00ae\" \/>\n<meta property=\"article:published_time\" content=\"2025-11-06T21:04:09+00:00\" \/>\n<meta property=\"article:modified_time\" content=\"2025-11-06T21:04:10+00:00\" \/>\n<meta property=\"og:image\" content=\"https:\/\/www.pogotowieflagowe.pl\/aktualne\/wp-content\/uploads\/2025\/11\/Mniejszosc-niemiecka-chwali-rzad-Tuska-ale-chce-jeszcze-wiecej\u2026.jpg\" \/>\n\t<meta property=\"og:image:width\" content=\"1200\" \/>\n\t<meta property=\"og:image:height\" content=\"675\" \/>\n\t<meta property=\"og:image:type\" content=\"image\/jpeg\" \/>\n<meta name=\"author\" content=\"Filip\" \/>\n<meta name=\"twitter:card\" content=\"summary_large_image\" \/>\n<meta name=\"twitter:label1\" content=\"Napisane przez\" \/>\n\t<meta name=\"twitter:data1\" content=\"Filip\" \/>\n\t<meta name=\"twitter:label2\" content=\"Szacowany czas czytania\" \/>\n\t<meta name=\"twitter:data2\" content=\"3 minuty\" \/>\n<script type=\"application\/ld+json\" class=\"yoast-schema-graph\">{\"@context\":\"https:\/\/schema.org\",\"@graph\":[{\"@type\":\"Article\",\"@id\":\"https:\/\/www.pogotowieflagowe.pl\/aktualne\/mniejszosc-niemiecka-chwali-rzad-tuska-ale-chce-jeszcze-wiecej\/#article\",\"isPartOf\":{\"@id\":\"https:\/\/www.pogotowieflagowe.pl\/aktualne\/mniejszosc-niemiecka-chwali-rzad-tuska-ale-chce-jeszcze-wiecej\/\"},\"author\":{\"name\":\"Filip\",\"@id\":\"https:\/\/www.pogotowieflagowe.pl\/aktualne\/#\/schema\/person\/9c2fb7d2362ebf6fa088960d7f0d27b0\"},\"headline\":\"Mniejszo\u015b\u0107 niemiecka chwali rz\u0105d Tuska, ale chce jeszcze wi\u0119cej\u2026\",\"datePublished\":\"2025-11-06T21:04:09+00:00\",\"dateModified\":\"2025-11-06T21:04:10+00:00\",\"mainEntityOfPage\":{\"@id\":\"https:\/\/www.pogotowieflagowe.pl\/aktualne\/mniejszosc-niemiecka-chwali-rzad-tuska-ale-chce-jeszcze-wiecej\/\"},\"wordCount\":595,\"commentCount\":0,\"publisher\":{\"@id\":\"https:\/\/www.pogotowieflagowe.pl\/aktualne\/#organization\"},\"image\":{\"@id\":\"https:\/\/www.pogotowieflagowe.pl\/aktualne\/mniejszosc-niemiecka-chwali-rzad-tuska-ale-chce-jeszcze-wiecej\/#primaryimage\"},\"thumbnailUrl\":\"https:\/\/www.pogotowieflagowe.pl\/aktualne\/wp-content\/uploads\/2025\/11\/Mniejszosc-niemiecka-chwali-rzad-Tuska-ale-chce-jeszcze-wiecej\u2026.jpg\",\"keywords\":[\"ale\",\"chce\",\"chwali\",\"jeszcze\",\"Mniejszo\u015b\u0107\",\"Niemiecka\",\"Rz\u0105d\",\"Tuska\",\"wi\u0119cej\"],\"articleSection\":[\"Polityka\"],\"inLanguage\":\"pl-PL\",\"potentialAction\":[{\"@type\":\"CommentAction\",\"name\":\"Comment\",\"target\":[\"https:\/\/www.pogotowieflagowe.pl\/aktualne\/mniejszosc-niemiecka-chwali-rzad-tuska-ale-chce-jeszcze-wiecej\/#respond\"]}]},{\"@type\":\"WebPage\",\"@id\":\"https:\/\/www.pogotowieflagowe.pl\/aktualne\/mniejszosc-niemiecka-chwali-rzad-tuska-ale-chce-jeszcze-wiecej\/\",\"url\":\"https:\/\/www.pogotowieflagowe.pl\/aktualne\/mniejszosc-niemiecka-chwali-rzad-tuska-ale-chce-jeszcze-wiecej\/\",\"name\":\"Mniejszo\u015b\u0107 niemiecka chwali rz\u0105d Tuska, ale chce jeszcze wi\u0119cej\u2026 - POGOTOWIE FLAGOWE\u00ae\",\"isPartOf\":{\"@id\":\"https:\/\/www.pogotowieflagowe.pl\/aktualne\/#website\"},\"primaryImageOfPage\":{\"@id\":\"https:\/\/www.pogotowieflagowe.pl\/aktualne\/mniejszosc-niemiecka-chwali-rzad-tuska-ale-chce-jeszcze-wiecej\/#primaryimage\"},\"image\":{\"@id\":\"https:\/\/www.pogotowieflagowe.pl\/aktualne\/mniejszosc-niemiecka-chwali-rzad-tuska-ale-chce-jeszcze-wiecej\/#primaryimage\"},\"thumbnailUrl\":\"https:\/\/www.pogotowieflagowe.pl\/aktualne\/wp-content\/uploads\/2025\/11\/Mniejszosc-niemiecka-chwali-rzad-Tuska-ale-chce-jeszcze-wiecej\u2026.jpg\",\"datePublished\":\"2025-11-06T21:04:09+00:00\",\"dateModified\":\"2025-11-06T21:04:10+00:00\",\"breadcrumb\":{\"@id\":\"https:\/\/www.pogotowieflagowe.pl\/aktualne\/mniejszosc-niemiecka-chwali-rzad-tuska-ale-chce-jeszcze-wiecej\/#breadcrumb\"},\"inLanguage\":\"pl-PL\",\"potentialAction\":[{\"@type\":\"ReadAction\",\"target\":[\"https:\/\/www.pogotowieflagowe.pl\/aktualne\/mniejszosc-niemiecka-chwali-rzad-tuska-ale-chce-jeszcze-wiecej\/\"]}]},{\"@type\":\"ImageObject\",\"inLanguage\":\"pl-PL\",\"@id\":\"https:\/\/www.pogotowieflagowe.pl\/aktualne\/mniejszosc-niemiecka-chwali-rzad-tuska-ale-chce-jeszcze-wiecej\/#primaryimage\",\"url\":\"https:\/\/www.pogotowieflagowe.pl\/aktualne\/wp-content\/uploads\/2025\/11\/Mniejszosc-niemiecka-chwali-rzad-Tuska-ale-chce-jeszcze-wiecej\u2026.jpg\",\"contentUrl\":\"https:\/\/www.pogotowieflagowe.pl\/aktualne\/wp-content\/uploads\/2025\/11\/Mniejszosc-niemiecka-chwali-rzad-Tuska-ale-chce-jeszcze-wiecej\u2026.jpg\",\"width\":1200,\"height\":675,\"caption\":\"Mniejszo\u015b\u0107 niemiecka chwali rz\u0105d Tuska, ale chce jeszcze wi\u0119cej\u2026\"},{\"@type\":\"BreadcrumbList\",\"@id\":\"https:\/\/www.pogotowieflagowe.pl\/aktualne\/mniejszosc-niemiecka-chwali-rzad-tuska-ale-chce-jeszcze-wiecej\/#breadcrumb\",\"itemListElement\":[{\"@type\":\"ListItem\",\"position\":1,\"name\":\"Home\",\"item\":\"https:\/\/www.pogotowieflagowe.pl\/aktualne\/\"},{\"@type\":\"ListItem\",\"position\":2,\"name\":\"Mniejszo\u015b\u0107 niemiecka chwali rz\u0105d Tuska, ale chce jeszcze wi\u0119cej\u2026\"}]},{\"@type\":\"WebSite\",\"@id\":\"https:\/\/www.pogotowieflagowe.pl\/aktualne\/#website\",\"url\":\"https:\/\/www.pogotowieflagowe.pl\/aktualne\/\",\"name\":\"POGOTOWIE FLAGOWE\u00ae\",\"description\":\"\",\"publisher\":{\"@id\":\"https:\/\/www.pogotowieflagowe.pl\/aktualne\/#organization\"},\"potentialAction\":[{\"@type\":\"SearchAction\",\"target\":{\"@type\":\"EntryPoint\",\"urlTemplate\":\"https:\/\/www.pogotowieflagowe.pl\/aktualne\/?s={search_term_string}\"},\"query-input\":\"required name=search_term_string\"}],\"inLanguage\":\"pl-PL\"},{\"@type\":\"Organization\",\"@id\":\"https:\/\/www.pogotowieflagowe.pl\/aktualne\/#organization\",\"name\":\"POGOTOWIE FLAGOWE\u00ae\",\"url\":\"https:\/\/www.pogotowieflagowe.pl\/aktualne\/\",\"logo\":{\"@type\":\"ImageObject\",\"inLanguage\":\"pl-PL\",\"@id\":\"https:\/\/www.pogotowieflagowe.pl\/aktualne\/#\/schema\/logo\/image\/\",\"url\":\"https:\/\/www.pogotowieflagowe.pl\/aktualne\/wp-content\/uploads\/2024\/08\/cropped-pogotowieflagowe_flaga_projekt_sm.jpg\",\"contentUrl\":\"https:\/\/www.pogotowieflagowe.pl\/aktualne\/wp-content\/uploads\/2024\/08\/cropped-pogotowieflagowe_flaga_projekt_sm.jpg\",\"width\":250,\"height\":143,\"caption\":\"POGOTOWIE FLAGOWE\u00ae\"},\"image\":{\"@id\":\"https:\/\/www.pogotowieflagowe.pl\/aktualne\/#\/schema\/logo\/image\/\"}},{\"@type\":\"Person\",\"@id\":\"https:\/\/www.pogotowieflagowe.pl\/aktualne\/#\/schema\/person\/9c2fb7d2362ebf6fa088960d7f0d27b0\",\"name\":\"Filip\",\"image\":{\"@type\":\"ImageObject\",\"inLanguage\":\"pl-PL\",\"@id\":\"https:\/\/www.pogotowieflagowe.pl\/aktualne\/#\/schema\/person\/image\/\",\"url\":\"https:\/\/www.pogotowieflagowe.pl\/aktualne\/wp-content\/uploads\/2024\/08\/pogotowieflagowe.pl_.jpg\",\"contentUrl\":\"https:\/\/www.pogotowieflagowe.pl\/aktualne\/wp-content\/uploads\/2024\/08\/pogotowieflagowe.pl_.jpg\",\"caption\":\"Filip\"},\"description\":\"Jestem Filip, polski dziennikarz z dyplomem nauk politycznych Uniwersytetu Warszawskiego. Rozpoczynaj\u0105c swoj\u0105 karier\u0119 w r\u00f3\u017cnych lokalnych mediach, zdoby\u0142em solidne do\u015bwiadczenie w zakresie \u015bledztwa i redakcji. Obecnie jako redaktor w Pogotowie flagowe, staram si\u0119 dostarcza\u0107 dog\u0142\u0119bne i istotne analizy na temat najwa\u017cniejszych kwestii aktualno\u015bci, \u0142\u0105cz\u0105c rygor z pasj\u0105 dziennikarsk\u0105.\",\"sameAs\":[\"https:\/\/www.pogotowieflagowe.pl\/\"]}]}<\/script>\n<!-- \/ Yoast SEO plugin. -->","yoast_head_json":{"title":"Mniejszo\u015b\u0107 niemiecka chwali rz\u0105d Tuska, ale chce jeszcze wi\u0119cej\u2026 - POGOTOWIE FLAGOWE\u00ae","robots":{"index":"index","follow":"follow","max-snippet":"max-snippet:-1","max-image-preview":"max-image-preview:large","max-video-preview":"max-video-preview:-1"},"canonical":"https:\/\/www.pogotowieflagowe.pl\/aktualne\/mniejszosc-niemiecka-chwali-rzad-tuska-ale-chce-jeszcze-wiecej\/","og_locale":"pl_PL","og_type":"article","og_title":"Mniejszo\u015b\u0107 niemiecka chwali rz\u0105d Tuska, ale chce jeszcze wi\u0119cej\u2026 - POGOTOWIE FLAGOWE\u00ae","og_description":"Wywiadu portalowi udzieli\u0142 Ryszard Galla, przyw\u00f3dca mniejszo\u015bci niemieckiej w Polsce dw.com. Niemiecki polityk wyrazi\u0142 zadowolenie z \u201eprzywr\u00f3cenia normalno\u015bci\u201d przez Tuska","og_url":"https:\/\/www.pogotowieflagowe.pl\/aktualne\/mniejszosc-niemiecka-chwali-rzad-tuska-ale-chce-jeszcze-wiecej\/","og_site_name":"POGOTOWIE FLAGOWE\u00ae","article_published_time":"2025-11-06T21:04:09+00:00","article_modified_time":"2025-11-06T21:04:10+00:00","og_image":[{"width":1200,"height":675,"url":"https:\/\/www.pogotowieflagowe.pl\/aktualne\/wp-content\/uploads\/2025\/11\/Mniejszosc-niemiecka-chwali-rzad-Tuska-ale-chce-jeszcze-wiecej\u2026.jpg","type":"image\/jpeg"}],"author":"Filip","twitter_card":"summary_large_image","twitter_misc":{"Napisane przez":"Filip","Szacowany czas czytania":"3 minuty"},"schema":{"@context":"https:\/\/schema.org","@graph":[{"@type":"Article","@id":"https:\/\/www.pogotowieflagowe.pl\/aktualne\/mniejszosc-niemiecka-chwali-rzad-tuska-ale-chce-jeszcze-wiecej\/#article","isPartOf":{"@id":"https:\/\/www.pogotowieflagowe.pl\/aktualne\/mniejszosc-niemiecka-chwali-rzad-tuska-ale-chce-jeszcze-wiecej\/"},"author":{"name":"Filip","@id":"https:\/\/www.pogotowieflagowe.pl\/aktualne\/#\/schema\/person\/9c2fb7d2362ebf6fa088960d7f0d27b0"},"headline":"Mniejszo\u015b\u0107 niemiecka chwali rz\u0105d Tuska, ale chce jeszcze wi\u0119cej\u2026","datePublished":"2025-11-06T21:04:09+00:00","dateModified":"2025-11-06T21:04:10+00:00","mainEntityOfPage":{"@id":"https:\/\/www.pogotowieflagowe.pl\/aktualne\/mniejszosc-niemiecka-chwali-rzad-tuska-ale-chce-jeszcze-wiecej\/"},"wordCount":595,"commentCount":0,"publisher":{"@id":"https:\/\/www.pogotowieflagowe.pl\/aktualne\/#organization"},"image":{"@id":"https:\/\/www.pogotowieflagowe.pl\/aktualne\/mniejszosc-niemiecka-chwali-rzad-tuska-ale-chce-jeszcze-wiecej\/#primaryimage"},"thumbnailUrl":"https:\/\/www.pogotowieflagowe.pl\/aktualne\/wp-content\/uploads\/2025\/11\/Mniejszosc-niemiecka-chwali-rzad-Tuska-ale-chce-jeszcze-wiecej\u2026.jpg","keywords":["ale","chce","chwali","jeszcze","Mniejszo\u015b\u0107","Niemiecka","Rz\u0105d","Tuska","wi\u0119cej"],"articleSection":["Polityka"],"inLanguage":"pl-PL","potentialAction":[{"@type":"CommentAction","name":"Comment","target":["https:\/\/www.pogotowieflagowe.pl\/aktualne\/mniejszosc-niemiecka-chwali-rzad-tuska-ale-chce-jeszcze-wiecej\/#respond"]}]},{"@type":"WebPage","@id":"https:\/\/www.pogotowieflagowe.pl\/aktualne\/mniejszosc-niemiecka-chwali-rzad-tuska-ale-chce-jeszcze-wiecej\/","url":"https:\/\/www.pogotowieflagowe.pl\/aktualne\/mniejszosc-niemiecka-chwali-rzad-tuska-ale-chce-jeszcze-wiecej\/","name":"Mniejszo\u015b\u0107 niemiecka chwali rz\u0105d Tuska, ale chce jeszcze wi\u0119cej\u2026 - POGOTOWIE FLAGOWE\u00ae","isPartOf":{"@id":"https:\/\/www.pogotowieflagowe.pl\/aktualne\/#website"},"primaryImageOfPage":{"@id":"https:\/\/www.pogotowieflagowe.pl\/aktualne\/mniejszosc-niemiecka-chwali-rzad-tuska-ale-chce-jeszcze-wiecej\/#primaryimage"},"image":{"@id":"https:\/\/www.pogotowieflagowe.pl\/aktualne\/mniejszosc-niemiecka-chwali-rzad-tuska-ale-chce-jeszcze-wiecej\/#primaryimage"},"thumbnailUrl":"https:\/\/www.pogotowieflagowe.pl\/aktualne\/wp-content\/uploads\/2025\/11\/Mniejszosc-niemiecka-chwali-rzad-Tuska-ale-chce-jeszcze-wiecej\u2026.jpg","datePublished":"2025-11-06T21:04:09+00:00","dateModified":"2025-11-06T21:04:10+00:00","breadcrumb":{"@id":"https:\/\/www.pogotowieflagowe.pl\/aktualne\/mniejszosc-niemiecka-chwali-rzad-tuska-ale-chce-jeszcze-wiecej\/#breadcrumb"},"inLanguage":"pl-PL","potentialAction":[{"@type":"ReadAction","target":["https:\/\/www.pogotowieflagowe.pl\/aktualne\/mniejszosc-niemiecka-chwali-rzad-tuska-ale-chce-jeszcze-wiecej\/"]}]},{"@type":"ImageObject","inLanguage":"pl-PL","@id":"https:\/\/www.pogotowieflagowe.pl\/aktualne\/mniejszosc-niemiecka-chwali-rzad-tuska-ale-chce-jeszcze-wiecej\/#primaryimage","url":"https:\/\/www.pogotowieflagowe.pl\/aktualne\/wp-content\/uploads\/2025\/11\/Mniejszosc-niemiecka-chwali-rzad-Tuska-ale-chce-jeszcze-wiecej\u2026.jpg","contentUrl":"https:\/\/www.pogotowieflagowe.pl\/aktualne\/wp-content\/uploads\/2025\/11\/Mniejszosc-niemiecka-chwali-rzad-Tuska-ale-chce-jeszcze-wiecej\u2026.jpg","width":1200,"height":675,"caption":"Mniejszo\u015b\u0107 niemiecka chwali rz\u0105d Tuska, ale chce jeszcze wi\u0119cej\u2026"},{"@type":"BreadcrumbList","@id":"https:\/\/www.pogotowieflagowe.pl\/aktualne\/mniejszosc-niemiecka-chwali-rzad-tuska-ale-chce-jeszcze-wiecej\/#breadcrumb","itemListElement":[{"@type":"ListItem","position":1,"name":"Home","item":"https:\/\/www.pogotowieflagowe.pl\/aktualne\/"},{"@type":"ListItem","position":2,"name":"Mniejszo\u015b\u0107 niemiecka chwali rz\u0105d Tuska, ale chce jeszcze wi\u0119cej\u2026"}]},{"@type":"WebSite","@id":"https:\/\/www.pogotowieflagowe.pl\/aktualne\/#website","url":"https:\/\/www.pogotowieflagowe.pl\/aktualne\/","name":"POGOTOWIE FLAGOWE\u00ae","description":"","publisher":{"@id":"https:\/\/www.pogotowieflagowe.pl\/aktualne\/#organization"},"potentialAction":[{"@type":"SearchAction","target":{"@type":"EntryPoint","urlTemplate":"https:\/\/www.pogotowieflagowe.pl\/aktualne\/?s={search_term_string}"},"query-input":"required name=search_term_string"}],"inLanguage":"pl-PL"},{"@type":"Organization","@id":"https:\/\/www.pogotowieflagowe.pl\/aktualne\/#organization","name":"POGOTOWIE FLAGOWE\u00ae","url":"https:\/\/www.pogotowieflagowe.pl\/aktualne\/","logo":{"@type":"ImageObject","inLanguage":"pl-PL","@id":"https:\/\/www.pogotowieflagowe.pl\/aktualne\/#\/schema\/logo\/image\/","url":"https:\/\/www.pogotowieflagowe.pl\/aktualne\/wp-content\/uploads\/2024\/08\/cropped-pogotowieflagowe_flaga_projekt_sm.jpg","contentUrl":"https:\/\/www.pogotowieflagowe.pl\/aktualne\/wp-content\/uploads\/2024\/08\/cropped-pogotowieflagowe_flaga_projekt_sm.jpg","width":250,"height":143,"caption":"POGOTOWIE FLAGOWE\u00ae"},"image":{"@id":"https:\/\/www.pogotowieflagowe.pl\/aktualne\/#\/schema\/logo\/image\/"}},{"@type":"Person","@id":"https:\/\/www.pogotowieflagowe.pl\/aktualne\/#\/schema\/person\/9c2fb7d2362ebf6fa088960d7f0d27b0","name":"Filip","image":{"@type":"ImageObject","inLanguage":"pl-PL","@id":"https:\/\/www.pogotowieflagowe.pl\/aktualne\/#\/schema\/person\/image\/","url":"https:\/\/www.pogotowieflagowe.pl\/aktualne\/wp-content\/uploads\/2024\/08\/pogotowieflagowe.pl_.jpg","contentUrl":"https:\/\/www.pogotowieflagowe.pl\/aktualne\/wp-content\/uploads\/2024\/08\/pogotowieflagowe.pl_.jpg","caption":"Filip"},"description":"Jestem Filip, polski dziennikarz z dyplomem nauk politycznych Uniwersytetu Warszawskiego. Rozpoczynaj\u0105c swoj\u0105 karier\u0119 w r\u00f3\u017cnych lokalnych mediach, zdoby\u0142em solidne do\u015bwiadczenie w zakresie \u015bledztwa i redakcji. Obecnie jako redaktor w Pogotowie flagowe, staram si\u0119 dostarcza\u0107 dog\u0142\u0119bne i istotne analizy na temat najwa\u017cniejszych kwestii aktualno\u015bci, \u0142\u0105cz\u0105c rygor z pasj\u0105 dziennikarsk\u0105.","sameAs":["https:\/\/www.pogotowieflagowe.pl\/"]}]}},"_links":{"self":[{"href":"https:\/\/www.pogotowieflagowe.pl\/aktualne\/wp-json\/wp\/v2\/posts\/10227","targetHints":{"allow":["GET"]}}],"collection":[{"href":"https:\/\/www.pogotowieflagowe.pl\/aktualne\/wp-json\/wp\/v2\/posts"}],"about":[{"href":"https:\/\/www.pogotowieflagowe.pl\/aktualne\/wp-json\/wp\/v2\/types\/post"}],"author":[{"embeddable":true,"href":"https:\/\/www.pogotowieflagowe.pl\/aktualne\/wp-json\/wp\/v2\/users\/1"}],"replies":[{"embeddable":true,"href":"https:\/\/www.pogotowieflagowe.pl\/aktualne\/wp-json\/wp\/v2\/comments?post=10227"}],"version-history":[{"count":1,"href":"https:\/\/www.pogotowieflagowe.pl\/aktualne\/wp-json\/wp\/v2\/posts\/10227\/revisions"}],"predecessor-version":[{"id":10229,"href":"https:\/\/www.pogotowieflagowe.pl\/aktualne\/wp-json\/wp\/v2\/posts\/10227\/revisions\/10229"}],"wp:featuredmedia":[{"embeddable":true,"href":"https:\/\/www.pogotowieflagowe.pl\/aktualne\/wp-json\/wp\/v2\/media\/10228"}],"wp:attachment":[{"href":"https:\/\/www.pogotowieflagowe.pl\/aktualne\/wp-json\/wp\/v2\/media?parent=10227"}],"wp:term":[{"taxonomy":"category","embeddable":true,"href":"https:\/\/www.pogotowieflagowe.pl\/aktualne\/wp-json\/wp\/v2\/categories?post=10227"},{"taxonomy":"post_tag","embeddable":true,"href":"https:\/\/www.pogotowieflagowe.pl\/aktualne\/wp-json\/wp\/v2\/tags?post=10227"}],"curies":[{"name":"wp","href":"https:\/\/api.w.org\/{rel}","templated":true}]}}