{"id":10230,"date":"2025-11-06T22:54:10","date_gmt":"2025-11-06T21:54:10","guid":{"rendered":"https:\/\/www.pogotowieflagowe.pl\/aktualne\/ziobro-w-tv-republika-nie-ubiegalem-sie-o-azyl-na-wegrzech\/"},"modified":"2025-11-06T22:54:12","modified_gmt":"2025-11-06T21:54:12","slug":"ziobro-w-tv-republika-nie-ubiegalem-sie-o-azyl-na-wegrzech","status":"publish","type":"post","link":"https:\/\/www.pogotowieflagowe.pl\/aktualne\/ziobro-w-tv-republika-nie-ubiegalem-sie-o-azyl-na-wegrzech\/","title":{"rendered":"Ziobro w TV Republika: \u201eNie ubiega\u0142em si\u0119 o azyl na W\u0119grzech\u201d"},"content":{"rendered":"\n<div class=\"td_block_wrap tdb_single_content tdi_41 td-pb-border-top td_block_template_8 td-post-content tagdiv-type\" data-td-block-uid=\"tdi_41\">\n<style>.tdi_41{margines-top:0px!important;margin-bottom:0px!important;dope\u0142nienie-g\u00f3ra:0px!important;dope\u0142nienie-d\u00f3\u0142:0px!important}<\/style>\n<style>.tdb_single_content{margin-bottom:0;*zoom:1}.tdb_single_content:before,.tdb_single_content:after{display:table;content:'';line-height:0}.tdb_single_content:after{clear:both}.tdb_single_content .tdb-block-inner>*:not(.wp-block-quote):not(.alignwide):not(.alignfull.wp-block-cover.has-parallax):not(.td-a-ad){margin-left:auto;margin-right:auto}.tdb_single_content a{pointer-events:auto}.tdb_single_content .td-spot-id-top_ad .tdc-placeholder-title:before{content:'Najlepsza reklama artyku\u0142u'!important}.tdb_single_content .td-spot-id-inline_ad0 .tdc-placeholder-title:before{content:'Reklama wbudowana artyku\u0142u 1'!important}.tdb_single_content .td-spot-id-inline_ad1 .tdc-placeholder-title:before{content:'Wbudowana reklama w artykule 2'!important}.tdb_single_content .td-spot-id-inline_ad2 .tdc-placeholder-title:before{content:'Wbudowana reklama w artykule 3'!important}.tdb_single_content .td-spot-id-bottom_ad .tdc-placeholder-title:before{content:'Article Bottom Ad'!important}.tdb_single_content .id_top_ad,.tdb_single_content .id_bottom_ad{clear:both;margin-bottom:21px;text-align:center}.tdb_single_content .id_top_ad img,.tdb_single_content .id_bottom_ad img{margin-bottom:0}.tdb_single_content .id_top_ad .adsbygoogle,.tdb_single_content .id_bottom_ad .adsbygoogle{position:relative}.tdb_single_content .id_ad_content-horiz-left,.tdb_single_content .id_ad_content-horiz-right,.tdb_single_content .id_ad_content-horiz-center{margin-bottom:15px}.tdb_single_content .id_ad_content-horiz-left img,.tdb_single_content .id_ad_content-horiz-right img,.tdb_single_content .id_ad_content-horiz-center img{margin-bottom:0}.tdb_single_content .id_ad_content-horiz-center{text-align:center}.tdb_single_content .id_ad_content-horiz-center img{margin-right:auto;margin-left:auto}.tdb_single_content .id_ad_content-horiz-left{float:left;margin-top:9px;margin-right:21px}.tdb_single_content .id_ad_content-horiz-right{float:right;margin-top:6px;margin-left:21px}.tdb_single_content .tdc-a-ad .tdc-placeholder-title{width:300px;height:250px}.tdb_single_content .tdc-a-ad .tdc-placeholder-title:before{position:absolute;top:50%;-webkit-transform:translateY(-50%);transform:translateY(-50%);margin:auto;display:table;width:100%}.tdb_single_content .tdb-block-inner.td-fix-index{word-break:break-word}.tdi_41,.tdi_41>p,.tdi_41 .tdb-block-inner>p,.wp-block-column>p{font-size:16px!important;line-height:1.6!important}.tdi_41 .tdb-block-inner blockquote p{font-style:normal!important}@media (max-width:767px){.tdb_single_content .id_ad_content-horiz-left,.tdb_single_content .id_ad_content-horiz-right,.tdb_single_content .id_ad_content-horiz-center{margin:0 auto 26 pikseli auto}}@media (max-width:767px){.tdb_single_content .id_ad_content-horiz-left{margin-right:0}}@media (max-width:767px){.tdb_single_content .id_ad_content-horiz-right{margin-left:0}}@media (max-width:767px){.tdb_single_content .td-a-ad{float:none;text-align:center}.tdb_single_content .td-a-ad img{margin-right:auto;margin-left:auto}.tdb_single_content .tdc-a-ad{float:none}}<\/style>\n<div class=\"tdb-block-inner td-fix-index\">\n<p>&#8222;Nie uciek\u0142em z Polski, po prostu taka sytuacja zasta\u0142a mnie na W\u0119grzech. Nie ubiega\u0142em si\u0119 o azyl na W\u0119grzech&#8221; &#8211; oznajmi\u0142 Zbigniew Ziobro podczas wyst\u0105pienia w programie <em>Telewizja Republika<\/em>. Z by\u0142\u0105 Minister Sprawiedliwo\u015bci rozmawia\u0142a Katarzyna G\u00f3jska.<\/p>\n<p>Komisja Regulaminowa ma rekomendowa\u0107 Sejmowi uchylenie immunitetu by\u0142ego ministra sprawiedliwo\u015bci i pos\u0142a PiS Zbigniewa Ziobry oraz wyra\u017cenie zgody na jego aresztowanie i tymczasowe aresztowanie.<\/p>\n<p>Ziobro przebywa obecnie w Budapeszcie, a media spekuluj\u0105, czy podobnie jak pose\u0142 Marcin Romanowski z\u0142o\u017cy\u0142 na W\u0119grzech wniosek o azyl polityczny.<\/p>\n<p>Kiedy do\u0142\u0105czy\u0142 by\u0142y szef Ministerstwa Sprawiedliwo\u015bci <em>Telewizja Republika<\/em> na \u017cywo wieczorem, Katarzyna G\u00f3jska zapyta\u0142a go o to bezpo\u015brednio.<\/p>\n<p>\u201eNie, nie uciek\u0142em z Polski, po prostu taka sytuacja zasta\u0142a mnie na W\u0119grzech\u201d \u2013 odpowiedzia\u0142 Ziobro.<\/p>\n<p>Opisa\u0142 zarzuty postawione mu w ramach, jak to okre\u015bli\u0142, \u201enielegalnego \u015bcigania\u201d, jako czysto polityczne \u2013 kpi\u0105c z ich absurdalno\u015bci.<\/p>\n<p>&#8222;Prawdopodobnie nawet Kim Dzong Il post\u0105pi\u0142 m\u0105drzej ze swoimi przeciwnikami politycznymi. Jak mo\u017cna postawi\u0107 tak g\u0142upi, tak idiotyczny zarzut? Co ma oznacza\u0107 ta rzekoma \u201epr\u00f3ba kradzie\u017cy\u201d \u2013 skoro moim zamiarem by\u0142o, aby \u015brodki z Funduszu Sprawiedliwo\u015bci s\u0142u\u017cy\u0142y funkcjonowaniu polskiej prokuratury, czyli instytucji odpowiedzialnej za \u015bciganie przest\u0119pc\u00f3w?\u201d \u2013 podkre\u015bli\u0142.<\/p>\n<\/div>\n<\/div>\n","protected":false},"excerpt":{"rendered":"<p>&#8222;Nie uciek\u0142em z Polski, po prostu taka sytuacja zasta\u0142a mnie na W\u0119grzech. Nie ubiega\u0142em si\u0119 o azyl na W\u0119grzech&#8221; &#8211;<\/p>\n","protected":false},"author":1,"featured_media":10231,"comment_status":"open","ping_status":"open","sticky":false,"template":"","format":"standard","meta":{"footnotes":""},"categories":[4748],"tags":[3214,450,340,150,11725,11726,3360],"class_list":["post-10230","post","type-post","status-publish","format-standard","has-post-thumbnail","hentry","category-aktualne","tag-azyl","tag-nie","tag-republika","tag-sie","tag-ubiegalem","tag-wegrzech","tag-ziobro","generate-columns","tablet-grid-50","mobile-grid-100","grid-parent","grid-50","resize-featured-image"],"yoast_head":"<!-- This site is optimized with the Yoast SEO plugin v23.2 - https:\/\/yoast.com\/wordpress\/plugins\/seo\/ -->\n<title>Ziobro w TV Republika: \u201eNie ubiega\u0142em si\u0119 o azyl na W\u0119grzech\u201d - POGOTOWIE FLAGOWE\u00ae<\/title>\n<meta name=\"robots\" content=\"index, follow, max-snippet:-1, max-image-preview:large, max-video-preview:-1\" \/>\n<link rel=\"canonical\" href=\"https:\/\/www.pogotowieflagowe.pl\/aktualne\/ziobro-w-tv-republika-nie-ubiegalem-sie-o-azyl-na-wegrzech\/\" \/>\n<meta property=\"og:locale\" content=\"pl_PL\" \/>\n<meta property=\"og:type\" content=\"article\" \/>\n<meta property=\"og:title\" content=\"Ziobro w TV Republika: \u201eNie ubiega\u0142em si\u0119 o azyl na W\u0119grzech\u201d - POGOTOWIE FLAGOWE\u00ae\" \/>\n<meta property=\"og:description\" content=\"&#8222;Nie uciek\u0142em z Polski, po prostu taka sytuacja zasta\u0142a mnie na W\u0119grzech. Nie ubiega\u0142em si\u0119 o azyl na W\u0119grzech&#8221; &#8211;\" \/>\n<meta property=\"og:url\" content=\"https:\/\/www.pogotowieflagowe.pl\/aktualne\/ziobro-w-tv-republika-nie-ubiegalem-sie-o-azyl-na-wegrzech\/\" \/>\n<meta property=\"og:site_name\" content=\"POGOTOWIE FLAGOWE\u00ae\" \/>\n<meta property=\"article:published_time\" content=\"2025-11-06T21:54:10+00:00\" \/>\n<meta property=\"article:modified_time\" content=\"2025-11-06T21:54:12+00:00\" \/>\n<meta property=\"og:image\" content=\"https:\/\/www.pogotowieflagowe.pl\/aktualne\/wp-content\/uploads\/2025\/11\/Ziobro-w-TV-Republika-\u201eNie-ubiegalem-sie-o-azyl-na.webp.webp\" \/>\n\t<meta property=\"og:image:width\" content=\"1280\" \/>\n\t<meta property=\"og:image:height\" content=\"720\" \/>\n\t<meta property=\"og:image:type\" content=\"image\/webp\" \/>\n<meta name=\"author\" content=\"Filip\" \/>\n<meta name=\"twitter:card\" content=\"summary_large_image\" \/>\n<meta name=\"twitter:label1\" content=\"Napisane przez\" \/>\n\t<meta name=\"twitter:data1\" content=\"Filip\" \/>\n\t<meta name=\"twitter:label2\" content=\"Szacowany czas czytania\" \/>\n\t<meta name=\"twitter:data2\" content=\"1 minuta\" \/>\n<script type=\"application\/ld+json\" class=\"yoast-schema-graph\">{\"@context\":\"https:\/\/schema.org\",\"@graph\":[{\"@type\":\"Article\",\"@id\":\"https:\/\/www.pogotowieflagowe.pl\/aktualne\/ziobro-w-tv-republika-nie-ubiegalem-sie-o-azyl-na-wegrzech\/#article\",\"isPartOf\":{\"@id\":\"https:\/\/www.pogotowieflagowe.pl\/aktualne\/ziobro-w-tv-republika-nie-ubiegalem-sie-o-azyl-na-wegrzech\/\"},\"author\":{\"name\":\"Filip\",\"@id\":\"https:\/\/www.pogotowieflagowe.pl\/aktualne\/#\/schema\/person\/9c2fb7d2362ebf6fa088960d7f0d27b0\"},\"headline\":\"Ziobro w TV Republika: \u201eNie ubiega\u0142em si\u0119 o azyl na W\u0119grzech\u201d\",\"datePublished\":\"2025-11-06T21:54:10+00:00\",\"dateModified\":\"2025-11-06T21:54:12+00:00\",\"mainEntityOfPage\":{\"@id\":\"https:\/\/www.pogotowieflagowe.pl\/aktualne\/ziobro-w-tv-republika-nie-ubiegalem-sie-o-azyl-na-wegrzech\/\"},\"wordCount\":233,\"commentCount\":0,\"publisher\":{\"@id\":\"https:\/\/www.pogotowieflagowe.pl\/aktualne\/#organization\"},\"image\":{\"@id\":\"https:\/\/www.pogotowieflagowe.pl\/aktualne\/ziobro-w-tv-republika-nie-ubiegalem-sie-o-azyl-na-wegrzech\/#primaryimage\"},\"thumbnailUrl\":\"https:\/\/www.pogotowieflagowe.pl\/aktualne\/wp-content\/uploads\/2025\/11\/Ziobro-w-TV-Republika-\u201eNie-ubiegalem-sie-o-azyl-na.webp.webp\",\"keywords\":[\"azyl\",\"Nie\",\"Republika\",\"si\u0119\",\"ubiega\u0142em\",\"W\u0119grzech\",\"Ziobro\"],\"articleSection\":[\"Aktualne\"],\"inLanguage\":\"pl-PL\",\"potentialAction\":[{\"@type\":\"CommentAction\",\"name\":\"Comment\",\"target\":[\"https:\/\/www.pogotowieflagowe.pl\/aktualne\/ziobro-w-tv-republika-nie-ubiegalem-sie-o-azyl-na-wegrzech\/#respond\"]}]},{\"@type\":\"WebPage\",\"@id\":\"https:\/\/www.pogotowieflagowe.pl\/aktualne\/ziobro-w-tv-republika-nie-ubiegalem-sie-o-azyl-na-wegrzech\/\",\"url\":\"https:\/\/www.pogotowieflagowe.pl\/aktualne\/ziobro-w-tv-republika-nie-ubiegalem-sie-o-azyl-na-wegrzech\/\",\"name\":\"Ziobro w TV Republika: \u201eNie ubiega\u0142em si\u0119 o azyl na W\u0119grzech\u201d - POGOTOWIE FLAGOWE\u00ae\",\"isPartOf\":{\"@id\":\"https:\/\/www.pogotowieflagowe.pl\/aktualne\/#website\"},\"primaryImageOfPage\":{\"@id\":\"https:\/\/www.pogotowieflagowe.pl\/aktualne\/ziobro-w-tv-republika-nie-ubiegalem-sie-o-azyl-na-wegrzech\/#primaryimage\"},\"image\":{\"@id\":\"https:\/\/www.pogotowieflagowe.pl\/aktualne\/ziobro-w-tv-republika-nie-ubiegalem-sie-o-azyl-na-wegrzech\/#primaryimage\"},\"thumbnailUrl\":\"https:\/\/www.pogotowieflagowe.pl\/aktualne\/wp-content\/uploads\/2025\/11\/Ziobro-w-TV-Republika-\u201eNie-ubiegalem-sie-o-azyl-na.webp.webp\",\"datePublished\":\"2025-11-06T21:54:10+00:00\",\"dateModified\":\"2025-11-06T21:54:12+00:00\",\"breadcrumb\":{\"@id\":\"https:\/\/www.pogotowieflagowe.pl\/aktualne\/ziobro-w-tv-republika-nie-ubiegalem-sie-o-azyl-na-wegrzech\/#breadcrumb\"},\"inLanguage\":\"pl-PL\",\"potentialAction\":[{\"@type\":\"ReadAction\",\"target\":[\"https:\/\/www.pogotowieflagowe.pl\/aktualne\/ziobro-w-tv-republika-nie-ubiegalem-sie-o-azyl-na-wegrzech\/\"]}]},{\"@type\":\"ImageObject\",\"inLanguage\":\"pl-PL\",\"@id\":\"https:\/\/www.pogotowieflagowe.pl\/aktualne\/ziobro-w-tv-republika-nie-ubiegalem-sie-o-azyl-na-wegrzech\/#primaryimage\",\"url\":\"https:\/\/www.pogotowieflagowe.pl\/aktualne\/wp-content\/uploads\/2025\/11\/Ziobro-w-TV-Republika-\u201eNie-ubiegalem-sie-o-azyl-na.webp.webp\",\"contentUrl\":\"https:\/\/www.pogotowieflagowe.pl\/aktualne\/wp-content\/uploads\/2025\/11\/Ziobro-w-TV-Republika-\u201eNie-ubiegalem-sie-o-azyl-na.webp.webp\",\"width\":1280,\"height\":720,\"caption\":\"Ziobro w TV Republika: \u201eNie ubiega\u0142em si\u0119 o azyl na W\u0119grzech\u201d\"},{\"@type\":\"BreadcrumbList\",\"@id\":\"https:\/\/www.pogotowieflagowe.pl\/aktualne\/ziobro-w-tv-republika-nie-ubiegalem-sie-o-azyl-na-wegrzech\/#breadcrumb\",\"itemListElement\":[{\"@type\":\"ListItem\",\"position\":1,\"name\":\"Home\",\"item\":\"https:\/\/www.pogotowieflagowe.pl\/aktualne\/\"},{\"@type\":\"ListItem\",\"position\":2,\"name\":\"Ziobro w TV Republika: \u201eNie ubiega\u0142em si\u0119 o azyl na W\u0119grzech\u201d\"}]},{\"@type\":\"WebSite\",\"@id\":\"https:\/\/www.pogotowieflagowe.pl\/aktualne\/#website\",\"url\":\"https:\/\/www.pogotowieflagowe.pl\/aktualne\/\",\"name\":\"POGOTOWIE FLAGOWE\u00ae\",\"description\":\"\",\"publisher\":{\"@id\":\"https:\/\/www.pogotowieflagowe.pl\/aktualne\/#organization\"},\"potentialAction\":[{\"@type\":\"SearchAction\",\"target\":{\"@type\":\"EntryPoint\",\"urlTemplate\":\"https:\/\/www.pogotowieflagowe.pl\/aktualne\/?s={search_term_string}\"},\"query-input\":\"required name=search_term_string\"}],\"inLanguage\":\"pl-PL\"},{\"@type\":\"Organization\",\"@id\":\"https:\/\/www.pogotowieflagowe.pl\/aktualne\/#organization\",\"name\":\"POGOTOWIE FLAGOWE\u00ae\",\"url\":\"https:\/\/www.pogotowieflagowe.pl\/aktualne\/\",\"logo\":{\"@type\":\"ImageObject\",\"inLanguage\":\"pl-PL\",\"@id\":\"https:\/\/www.pogotowieflagowe.pl\/aktualne\/#\/schema\/logo\/image\/\",\"url\":\"https:\/\/www.pogotowieflagowe.pl\/aktualne\/wp-content\/uploads\/2024\/08\/cropped-pogotowieflagowe_flaga_projekt_sm.jpg\",\"contentUrl\":\"https:\/\/www.pogotowieflagowe.pl\/aktualne\/wp-content\/uploads\/2024\/08\/cropped-pogotowieflagowe_flaga_projekt_sm.jpg\",\"width\":250,\"height\":143,\"caption\":\"POGOTOWIE FLAGOWE\u00ae\"},\"image\":{\"@id\":\"https:\/\/www.pogotowieflagowe.pl\/aktualne\/#\/schema\/logo\/image\/\"}},{\"@type\":\"Person\",\"@id\":\"https:\/\/www.pogotowieflagowe.pl\/aktualne\/#\/schema\/person\/9c2fb7d2362ebf6fa088960d7f0d27b0\",\"name\":\"Filip\",\"image\":{\"@type\":\"ImageObject\",\"inLanguage\":\"pl-PL\",\"@id\":\"https:\/\/www.pogotowieflagowe.pl\/aktualne\/#\/schema\/person\/image\/\",\"url\":\"https:\/\/www.pogotowieflagowe.pl\/aktualne\/wp-content\/uploads\/2024\/08\/pogotowieflagowe.pl_.jpg\",\"contentUrl\":\"https:\/\/www.pogotowieflagowe.pl\/aktualne\/wp-content\/uploads\/2024\/08\/pogotowieflagowe.pl_.jpg\",\"caption\":\"Filip\"},\"description\":\"Jestem Filip, polski dziennikarz z dyplomem nauk politycznych Uniwersytetu Warszawskiego. Rozpoczynaj\u0105c swoj\u0105 karier\u0119 w r\u00f3\u017cnych lokalnych mediach, zdoby\u0142em solidne do\u015bwiadczenie w zakresie \u015bledztwa i redakcji. Obecnie jako redaktor w Pogotowie flagowe, staram si\u0119 dostarcza\u0107 dog\u0142\u0119bne i istotne analizy na temat najwa\u017cniejszych kwestii aktualno\u015bci, \u0142\u0105cz\u0105c rygor z pasj\u0105 dziennikarsk\u0105.\",\"sameAs\":[\"https:\/\/www.pogotowieflagowe.pl\/\"]}]}<\/script>\n<!-- \/ Yoast SEO plugin. -->","yoast_head_json":{"title":"Ziobro w TV Republika: \u201eNie ubiega\u0142em si\u0119 o azyl na W\u0119grzech\u201d - POGOTOWIE FLAGOWE\u00ae","robots":{"index":"index","follow":"follow","max-snippet":"max-snippet:-1","max-image-preview":"max-image-preview:large","max-video-preview":"max-video-preview:-1"},"canonical":"https:\/\/www.pogotowieflagowe.pl\/aktualne\/ziobro-w-tv-republika-nie-ubiegalem-sie-o-azyl-na-wegrzech\/","og_locale":"pl_PL","og_type":"article","og_title":"Ziobro w TV Republika: \u201eNie ubiega\u0142em si\u0119 o azyl na W\u0119grzech\u201d - POGOTOWIE FLAGOWE\u00ae","og_description":"&#8222;Nie uciek\u0142em z Polski, po prostu taka sytuacja zasta\u0142a mnie na W\u0119grzech. Nie ubiega\u0142em si\u0119 o azyl na W\u0119grzech&#8221; &#8211;","og_url":"https:\/\/www.pogotowieflagowe.pl\/aktualne\/ziobro-w-tv-republika-nie-ubiegalem-sie-o-azyl-na-wegrzech\/","og_site_name":"POGOTOWIE FLAGOWE\u00ae","article_published_time":"2025-11-06T21:54:10+00:00","article_modified_time":"2025-11-06T21:54:12+00:00","og_image":[{"width":1280,"height":720,"url":"https:\/\/www.pogotowieflagowe.pl\/aktualne\/wp-content\/uploads\/2025\/11\/Ziobro-w-TV-Republika-\u201eNie-ubiegalem-sie-o-azyl-na.webp.webp","type":"image\/webp"}],"author":"Filip","twitter_card":"summary_large_image","twitter_misc":{"Napisane przez":"Filip","Szacowany czas czytania":"1 minuta"},"schema":{"@context":"https:\/\/schema.org","@graph":[{"@type":"Article","@id":"https:\/\/www.pogotowieflagowe.pl\/aktualne\/ziobro-w-tv-republika-nie-ubiegalem-sie-o-azyl-na-wegrzech\/#article","isPartOf":{"@id":"https:\/\/www.pogotowieflagowe.pl\/aktualne\/ziobro-w-tv-republika-nie-ubiegalem-sie-o-azyl-na-wegrzech\/"},"author":{"name":"Filip","@id":"https:\/\/www.pogotowieflagowe.pl\/aktualne\/#\/schema\/person\/9c2fb7d2362ebf6fa088960d7f0d27b0"},"headline":"Ziobro w TV Republika: \u201eNie ubiega\u0142em si\u0119 o azyl na W\u0119grzech\u201d","datePublished":"2025-11-06T21:54:10+00:00","dateModified":"2025-11-06T21:54:12+00:00","mainEntityOfPage":{"@id":"https:\/\/www.pogotowieflagowe.pl\/aktualne\/ziobro-w-tv-republika-nie-ubiegalem-sie-o-azyl-na-wegrzech\/"},"wordCount":233,"commentCount":0,"publisher":{"@id":"https:\/\/www.pogotowieflagowe.pl\/aktualne\/#organization"},"image":{"@id":"https:\/\/www.pogotowieflagowe.pl\/aktualne\/ziobro-w-tv-republika-nie-ubiegalem-sie-o-azyl-na-wegrzech\/#primaryimage"},"thumbnailUrl":"https:\/\/www.pogotowieflagowe.pl\/aktualne\/wp-content\/uploads\/2025\/11\/Ziobro-w-TV-Republika-\u201eNie-ubiegalem-sie-o-azyl-na.webp.webp","keywords":["azyl","Nie","Republika","si\u0119","ubiega\u0142em","W\u0119grzech","Ziobro"],"articleSection":["Aktualne"],"inLanguage":"pl-PL","potentialAction":[{"@type":"CommentAction","name":"Comment","target":["https:\/\/www.pogotowieflagowe.pl\/aktualne\/ziobro-w-tv-republika-nie-ubiegalem-sie-o-azyl-na-wegrzech\/#respond"]}]},{"@type":"WebPage","@id":"https:\/\/www.pogotowieflagowe.pl\/aktualne\/ziobro-w-tv-republika-nie-ubiegalem-sie-o-azyl-na-wegrzech\/","url":"https:\/\/www.pogotowieflagowe.pl\/aktualne\/ziobro-w-tv-republika-nie-ubiegalem-sie-o-azyl-na-wegrzech\/","name":"Ziobro w TV Republika: \u201eNie ubiega\u0142em si\u0119 o azyl na W\u0119grzech\u201d - POGOTOWIE FLAGOWE\u00ae","isPartOf":{"@id":"https:\/\/www.pogotowieflagowe.pl\/aktualne\/#website"},"primaryImageOfPage":{"@id":"https:\/\/www.pogotowieflagowe.pl\/aktualne\/ziobro-w-tv-republika-nie-ubiegalem-sie-o-azyl-na-wegrzech\/#primaryimage"},"image":{"@id":"https:\/\/www.pogotowieflagowe.pl\/aktualne\/ziobro-w-tv-republika-nie-ubiegalem-sie-o-azyl-na-wegrzech\/#primaryimage"},"thumbnailUrl":"https:\/\/www.pogotowieflagowe.pl\/aktualne\/wp-content\/uploads\/2025\/11\/Ziobro-w-TV-Republika-\u201eNie-ubiegalem-sie-o-azyl-na.webp.webp","datePublished":"2025-11-06T21:54:10+00:00","dateModified":"2025-11-06T21:54:12+00:00","breadcrumb":{"@id":"https:\/\/www.pogotowieflagowe.pl\/aktualne\/ziobro-w-tv-republika-nie-ubiegalem-sie-o-azyl-na-wegrzech\/#breadcrumb"},"inLanguage":"pl-PL","potentialAction":[{"@type":"ReadAction","target":["https:\/\/www.pogotowieflagowe.pl\/aktualne\/ziobro-w-tv-republika-nie-ubiegalem-sie-o-azyl-na-wegrzech\/"]}]},{"@type":"ImageObject","inLanguage":"pl-PL","@id":"https:\/\/www.pogotowieflagowe.pl\/aktualne\/ziobro-w-tv-republika-nie-ubiegalem-sie-o-azyl-na-wegrzech\/#primaryimage","url":"https:\/\/www.pogotowieflagowe.pl\/aktualne\/wp-content\/uploads\/2025\/11\/Ziobro-w-TV-Republika-\u201eNie-ubiegalem-sie-o-azyl-na.webp.webp","contentUrl":"https:\/\/www.pogotowieflagowe.pl\/aktualne\/wp-content\/uploads\/2025\/11\/Ziobro-w-TV-Republika-\u201eNie-ubiegalem-sie-o-azyl-na.webp.webp","width":1280,"height":720,"caption":"Ziobro w TV Republika: \u201eNie ubiega\u0142em si\u0119 o azyl na W\u0119grzech\u201d"},{"@type":"BreadcrumbList","@id":"https:\/\/www.pogotowieflagowe.pl\/aktualne\/ziobro-w-tv-republika-nie-ubiegalem-sie-o-azyl-na-wegrzech\/#breadcrumb","itemListElement":[{"@type":"ListItem","position":1,"name":"Home","item":"https:\/\/www.pogotowieflagowe.pl\/aktualne\/"},{"@type":"ListItem","position":2,"name":"Ziobro w TV Republika: \u201eNie ubiega\u0142em si\u0119 o azyl na W\u0119grzech\u201d"}]},{"@type":"WebSite","@id":"https:\/\/www.pogotowieflagowe.pl\/aktualne\/#website","url":"https:\/\/www.pogotowieflagowe.pl\/aktualne\/","name":"POGOTOWIE FLAGOWE\u00ae","description":"","publisher":{"@id":"https:\/\/www.pogotowieflagowe.pl\/aktualne\/#organization"},"potentialAction":[{"@type":"SearchAction","target":{"@type":"EntryPoint","urlTemplate":"https:\/\/www.pogotowieflagowe.pl\/aktualne\/?s={search_term_string}"},"query-input":"required name=search_term_string"}],"inLanguage":"pl-PL"},{"@type":"Organization","@id":"https:\/\/www.pogotowieflagowe.pl\/aktualne\/#organization","name":"POGOTOWIE FLAGOWE\u00ae","url":"https:\/\/www.pogotowieflagowe.pl\/aktualne\/","logo":{"@type":"ImageObject","inLanguage":"pl-PL","@id":"https:\/\/www.pogotowieflagowe.pl\/aktualne\/#\/schema\/logo\/image\/","url":"https:\/\/www.pogotowieflagowe.pl\/aktualne\/wp-content\/uploads\/2024\/08\/cropped-pogotowieflagowe_flaga_projekt_sm.jpg","contentUrl":"https:\/\/www.pogotowieflagowe.pl\/aktualne\/wp-content\/uploads\/2024\/08\/cropped-pogotowieflagowe_flaga_projekt_sm.jpg","width":250,"height":143,"caption":"POGOTOWIE FLAGOWE\u00ae"},"image":{"@id":"https:\/\/www.pogotowieflagowe.pl\/aktualne\/#\/schema\/logo\/image\/"}},{"@type":"Person","@id":"https:\/\/www.pogotowieflagowe.pl\/aktualne\/#\/schema\/person\/9c2fb7d2362ebf6fa088960d7f0d27b0","name":"Filip","image":{"@type":"ImageObject","inLanguage":"pl-PL","@id":"https:\/\/www.pogotowieflagowe.pl\/aktualne\/#\/schema\/person\/image\/","url":"https:\/\/www.pogotowieflagowe.pl\/aktualne\/wp-content\/uploads\/2024\/08\/pogotowieflagowe.pl_.jpg","contentUrl":"https:\/\/www.pogotowieflagowe.pl\/aktualne\/wp-content\/uploads\/2024\/08\/pogotowieflagowe.pl_.jpg","caption":"Filip"},"description":"Jestem Filip, polski dziennikarz z dyplomem nauk politycznych Uniwersytetu Warszawskiego. Rozpoczynaj\u0105c swoj\u0105 karier\u0119 w r\u00f3\u017cnych lokalnych mediach, zdoby\u0142em solidne do\u015bwiadczenie w zakresie \u015bledztwa i redakcji. Obecnie jako redaktor w Pogotowie flagowe, staram si\u0119 dostarcza\u0107 dog\u0142\u0119bne i istotne analizy na temat najwa\u017cniejszych kwestii aktualno\u015bci, \u0142\u0105cz\u0105c rygor z pasj\u0105 dziennikarsk\u0105.","sameAs":["https:\/\/www.pogotowieflagowe.pl\/"]}]}},"_links":{"self":[{"href":"https:\/\/www.pogotowieflagowe.pl\/aktualne\/wp-json\/wp\/v2\/posts\/10230","targetHints":{"allow":["GET"]}}],"collection":[{"href":"https:\/\/www.pogotowieflagowe.pl\/aktualne\/wp-json\/wp\/v2\/posts"}],"about":[{"href":"https:\/\/www.pogotowieflagowe.pl\/aktualne\/wp-json\/wp\/v2\/types\/post"}],"author":[{"embeddable":true,"href":"https:\/\/www.pogotowieflagowe.pl\/aktualne\/wp-json\/wp\/v2\/users\/1"}],"replies":[{"embeddable":true,"href":"https:\/\/www.pogotowieflagowe.pl\/aktualne\/wp-json\/wp\/v2\/comments?post=10230"}],"version-history":[{"count":1,"href":"https:\/\/www.pogotowieflagowe.pl\/aktualne\/wp-json\/wp\/v2\/posts\/10230\/revisions"}],"predecessor-version":[{"id":10232,"href":"https:\/\/www.pogotowieflagowe.pl\/aktualne\/wp-json\/wp\/v2\/posts\/10230\/revisions\/10232"}],"wp:featuredmedia":[{"embeddable":true,"href":"https:\/\/www.pogotowieflagowe.pl\/aktualne\/wp-json\/wp\/v2\/media\/10231"}],"wp:attachment":[{"href":"https:\/\/www.pogotowieflagowe.pl\/aktualne\/wp-json\/wp\/v2\/media?parent=10230"}],"wp:term":[{"taxonomy":"category","embeddable":true,"href":"https:\/\/www.pogotowieflagowe.pl\/aktualne\/wp-json\/wp\/v2\/categories?post=10230"},{"taxonomy":"post_tag","embeddable":true,"href":"https:\/\/www.pogotowieflagowe.pl\/aktualne\/wp-json\/wp\/v2\/tags?post=10230"}],"curies":[{"name":"wp","href":"https:\/\/api.w.org\/{rel}","templated":true}]}}