{"id":10239,"date":"2025-11-07T09:24:27","date_gmt":"2025-11-07T08:24:27","guid":{"rendered":"https:\/\/www.pogotowieflagowe.pl\/aktualne\/rzad-nie-szanuje-munduru-frasyniuk-uniewinniony-a-prokuratorzy-biora-na-cel-obroncow-granic\/"},"modified":"2025-11-07T09:24:28","modified_gmt":"2025-11-07T08:24:28","slug":"rzad-nie-szanuje-munduru-frasyniuk-uniewinniony-a-prokuratorzy-biora-na-cel-obroncow-granic","status":"publish","type":"post","link":"https:\/\/www.pogotowieflagowe.pl\/aktualne\/rzad-nie-szanuje-munduru-frasyniuk-uniewinniony-a-prokuratorzy-biora-na-cel-obroncow-granic\/","title":{"rendered":"\u201eRz\u0105d nie szanuje munduru\u201d: Frasyniuk uniewinniony, a prokuratorzy bior\u0105 na cel obro\u0144c\u00f3w granic"},"content":{"rendered":"\n<div class=\"td_block_wrap tdb_single_content tdi_41 td-pb-border-top td_block_template_8 td-post-content tagdiv-type\" data-td-block-uid=\"tdi_41\">\n<style>.tdi_41{margines-top:0px!important;margin-bottom:0px!important;dope\u0142nienie-g\u00f3ra:0px!important;dope\u0142nienie-d\u00f3\u0142:0px!important}<\/style>\n<style>.tdb_single_content{margin-bottom:0;*zoom:1}.tdb_single_content:before,.tdb_single_content:after{display:table;content:'';line-height:0}.tdb_single_content:after{clear:both}.tdb_single_content .tdb-block-inner>*:not(.wp-block-quote):not(.alignwide):not(.alignfull.wp-block-cover.has-parallax):not(.td-a-ad){margin-left:auto;margin-right:auto}.tdb_single_content a{pointer-events:auto}.tdb_single_content .td-spot-id-top_ad .tdc-placeholder-title:before{content:'Najlepsza reklama artyku\u0142u'!important}.tdb_single_content .td-spot-id-inline_ad0 .tdc-placeholder-title:before{content:'Reklama wbudowana artyku\u0142u 1'!important}.tdb_single_content .td-spot-id-inline_ad1 .tdc-placeholder-title:before{content:'Wbudowana reklama w artykule 2'!important}.tdb_single_content .td-spot-id-inline_ad2 .tdc-placeholder-title:before{content:'Wbudowana reklama w artykule 3'!important}.tdb_single_content .td-spot-id-bottom_ad .tdc-placeholder-title:before{content:'Article Bottom Ad'!important}.tdb_single_content .id_top_ad,.tdb_single_content .id_bottom_ad{clear:both;margin-bottom:21px;text-align:center}.tdb_single_content .id_top_ad img,.tdb_single_content .id_bottom_ad img{margin-bottom:0}.tdb_single_content .id_top_ad .adsbygoogle,.tdb_single_content .id_bottom_ad .adsbygoogle{position:relative}.tdb_single_content .id_ad_content-horiz-left,.tdb_single_content .id_ad_content-horiz-right,.tdb_single_content .id_ad_content-horiz-center{margin-bottom:15px}.tdb_single_content .id_ad_content-horiz-left img,.tdb_single_content .id_ad_content-horiz-right img,.tdb_single_content .id_ad_content-horiz-center img{margin-bottom:0}.tdb_single_content .id_ad_content-horiz-center{text-align:center}.tdb_single_content .id_ad_content-horiz-center img{margin-right:auto;margin-left:auto}.tdb_single_content .id_ad_content-horiz-left{float:left;margin-top:9px;margin-right:21px}.tdb_single_content .id_ad_content-horiz-right{float:right;margin-top:6px;margin-left:21px}.tdb_single_content .tdc-a-ad .tdc-placeholder-title{width:300px;height:250px}.tdb_single_content .tdc-a-ad .tdc-placeholder-title:before{position:absolute;top:50%;-webkit-transform:translateY(-50%);transform:translateY(-50%);margin:auto;display:table;width:100%}.tdb_single_content .tdb-block-inner.td-fix-index{word-break:break-word}.tdi_41,.tdi_41>p,.tdi_41 .tdb-block-inner>p,.wp-block-column>p{font-size:16px!important;line-height:1.6!important}.tdi_41 .tdb-block-inner blockquote p{font-style:normal!important}@media (max-width:767px){.tdb_single_content .id_ad_content-horiz-left,.tdb_single_content .id_ad_content-horiz-right,.tdb_single_content .id_ad_content-horiz-center{margin:0 auto 26 pikseli auto}}@media (max-width:767px){.tdb_single_content .id_ad_content-horiz-left{margin-right:0}}@media (max-width:767px){.tdb_single_content .id_ad_content-horiz-right{margin-left:0}}@media (max-width:767px){.tdb_single_content .td-a-ad{float:none;text-align:center}.tdb_single_content .td-a-ad img{margin-right:auto;margin-left:auto}.tdb_single_content .tdc-a-ad{float:none}}<\/style>\n<div class=\"tdb-block-inner td-fix-index\">\n<p>\u201eHaniebne s\u0142owa W\u0142adys\u0142awa Frasyniuka pod adresem \u017co\u0142nierzy i oficer\u00f3w zas\u0142uguj\u0105 na pot\u0119pienie i surow\u0105 kar\u0119\u201d \u2013 stwierdzi\u0142 Mariusz B\u0142aszczak (PiS), nazywaj\u0105c decyzj\u0119 o uniewinnieniu Frasyniuka skandalem. \u201eTen rz\u0105d nie ma szacunku dla polskiego munduru!\u201d doda\u0142, przypominaj\u0105c, \u017ce polscy \u017co\u0142nierze \u015bcigani przed s\u0105dem nie mog\u0105 liczy\u0107 na tak \u0142agodne traktowanie. Nawet parlamentarzy\u015bci \u2013 zauwa\u017cy\u0142 Joachim Brudzi\u0144ski \u2013 s\u0105 traktowani odmiennie w zale\u017cno\u015bci od przynale\u017cno\u015bci politycznej.<\/p>\n<p>Skandaliczne s\u0142owa W\u0142adys\u0142awa Frasyniuka, kt\u00f3ry nazwa\u0142 polskich \u017co\u0142nierzy i funkcjonariuszy Stra\u017cy Granicznej broni\u0105cych granicy z Bia\u0142orusi\u0105 \u201e\u015bmieciami\u201d i \u201esfor\u0105 ps\u00f3w\u201d, pad\u0142y na \u017cywo w TVN24 22 sierpnia 2021 r. W tym czasie nasila\u0142a si\u0119 wojna hybrydowa, a re\u017cim Aleksandra \u0141ukaszenki wysy\u0142a\u0142 do polskiej granicy setki nielegalnych migrant\u00f3w. W pierwszej instancji w marcu br. S\u0105d Rejonowy dla Wroc\u0142awia-\u015ar\u00f3dmie\u015bcia uzna\u0142, \u017ce Frasyniuk naruszy\u0142 godno\u015b\u0107 i dobre imi\u0119 \u017co\u0142nierzy. Zosta\u0142 skazany za to przest\u0119pstwo (art. 216 \u00a72 kk) i ukarany grzywn\u0105 w wysoko\u015bci 15 000 z\u0142.<\/p>\n<p>Wczoraj po apelacji wroc\u0142awski s\u0105d uniewinni\u0142 Frasyniuka.<\/p>\n<figure class=\"wp-block-pullquote\">\n<blockquote>\n<p>&#8222;Skandaliczna decyzja s\u0105du w sprawie W\u0142adys\u0142awa Frasyniuka. Haniebne s\u0142owa, kt\u00f3re wypowiedzia\u0142 pod adresem \u017co\u0142nierzy i oficer\u00f3w, zas\u0142uguj\u0105 na pot\u0119pienie i surow\u0105 kar\u0119. Tymczasem Frasyniuk pozostaje ulubie\u0144cem elity liberalnej, kt\u00f3ra uwa\u017ca go za bohatera&#8221;<\/p>\n<p><cite>  \u2013 skomentowa\u0142 werdykt Mariusz B\u0142aszczak, przewodnicz\u0105cy klubu parlamentarnego PiS.<\/cite><\/p><\/blockquote>\n<\/figure>\n<p>Zwr\u00f3ci\u0142 tak\u017ce uwag\u0119 na zupe\u0142nie odmienne podej\u015bcie do \u201efaworyt\u00f3w w\u0142adzy\u201d w por\u00f3wnaniu z polskimi \u017co\u0142nierzami.<\/p>\n<figure class=\"wp-block-pullquote\">\n<blockquote>\n<p>&#8222;Kapitan Anna Michalska straci\u0142a niedawno poparcie kierowanej przez \u017burka prokuratury w jej walce o obron\u0119 swojego dobrego imienia. Wci\u0105\u017c dzia\u0142a zesp\u00f3\u0142 prokurator\u00f3w, kt\u00f3rego jedynym zadaniem jest \u015bciganie obro\u0144c\u00f3w granic. Policjant, kt\u00f3ry zapewnia\u0142 bezpiecze\u0144stwo w strefie buforowej i \u017co\u0142nierz, kt\u00f3ry broni\u0142 siebie i swoich towarzyszy \u201ena linii\u201d, musi teraz broni\u0107 si\u0119 w s\u0105dzie. Tymczasem gwiazda, kt\u00f3ra obrazi\u0142a funkcjonariuszy Stra\u017cy Granicznej, b\u0142yszczy w TVP podczas jej likwidacji. Ten rz\u0105d nie ma szacunku dla Polski mundur!\u201d <\/p>\n<p><cite>doda\u0142 B\u0142aszczak.<\/cite><\/p><\/blockquote>\n<\/figure>\n<p>\u201ecelebrytk\u0105\u201d, o kt\u00f3rej mowa, jest oczywi\u015bcie Barbara Kurdej-Szatan, mo\u017cna te\u017c wspomnie\u0107 o uniewinnieniu aktora Piotra Zelt, kt\u00f3ry werbalnie zaatakowa\u0142 kapitana Michalsk\u0105.<\/p>\n<p>Podej\u015bcie s\u0105d\u00f3w jest zr\u00f3\u017cnicowane tak\u017ce w przypadku samych polityk\u00f3w \u2013 bo jak mo\u017cna uniewinni\u0107 Frasyniuka za nazwanie \u017co\u0142nierzy i stra\u017cy granicznej \u201e\u015bmieciami\u201d i \u201esfor\u0105 ps\u00f3w\u201d, podczas gdy pose\u0142 Bruli\u0144ski (PiS) ma zosta\u0107 ukarany grzywn\u0105 w wysoko\u015bci 30 tys. z\u0142 za nazwanie Bartosza Kramka \u201em\u0105dral\u0105\u201d?<\/p>\n<figure class=\"wp-block-embed is-type-rich is-provider-twitter wp-block-embed-twitter\">\n<div class=\"wp-block-embed__wrapper\">\n<blockquote class=\"twitter-tweet\" data-width=\"550\" data-dnt=\"true\">\n<p lang=\"pl\" dir=\"ltr\">S\u0105d drugi uniewinni\u0142 Frasyniuka od zarzutu obraz\u00f3w symbolu WP\ud83c\uddf5\ud83c\uddf1, Frasyniuk nazwa\u0142 ich \u201e\u015bmieciami\u201d i \u201ewatah\u0105 ps\u00f3w\u201d. Mnie za nazw\u0119nie Kramka, (\u201ebojownika o praworz\u0105dno\u015b\u0107 i demokracj\u0119\u201d \ud83d\ude02) cwaniaczkiem s\u0105d przedstawi\u0142 na 30tys grzywny za naruszenie jego d\u00f3br osobistych.\ud83e\udd37\u200d\u2642\ufe0f<\/p>\n<p>\u2014 Joachim Brudzi\u0144ski \ud83c\uddf5\ud83c\uddf1 (@jbrudzinski) <a rel=\"nofollow\" href=\"https:\/\/twitter.com\/jbrudzinski\/status\/1986505420853350621?ref_src=twsrc%5Etfw\">6 listopada 2025 r<\/a><\/p><\/blockquote>\n<\/div>\n<\/figure>\n<\/div>\n<\/div>\n<p><script async src=\"https:\/\/platform.twitter.com\/widgets.js\" charset=\"utf-8\"><\/script><\/p>\n","protected":false},"excerpt":{"rendered":"<p>\u201eHaniebne s\u0142owa W\u0142adys\u0142awa Frasyniuka pod adresem \u017co\u0142nierzy i oficer\u00f3w zas\u0142uguj\u0105 na pot\u0119pienie i surow\u0105 kar\u0119\u201d \u2013 stwierdzi\u0142 Mariusz B\u0142aszczak (PiS),<\/p>\n","protected":false},"author":1,"featured_media":10240,"comment_status":"open","ping_status":"open","sticky":false,"template":"","format":"standard","meta":{"footnotes":""},"categories":[4748],"tags":[11066,6264,7654,5763,8727,450,8384,6122,1554,11731,11732],"class_list":["post-10239","post","type-post","status-publish","format-standard","has-post-thumbnail","hentry","category-aktualne","tag-biora","tag-cel","tag-frasyniuk","tag-granic","tag-munduru","tag-nie","tag-obroncow","tag-prokuratorzy","tag-rzad","tag-szanuje","tag-uniewinniony","generate-columns","tablet-grid-50","mobile-grid-100","grid-parent","grid-50","resize-featured-image"],"yoast_head":"<!-- This site is optimized with the Yoast SEO plugin v23.2 - https:\/\/yoast.com\/wordpress\/plugins\/seo\/ -->\n<title>\u201eRz\u0105d nie szanuje munduru\u201d: Frasyniuk uniewinniony, a prokuratorzy bior\u0105 na cel obro\u0144c\u00f3w granic - POGOTOWIE FLAGOWE\u00ae<\/title>\n<meta name=\"robots\" content=\"index, follow, max-snippet:-1, max-image-preview:large, max-video-preview:-1\" \/>\n<link rel=\"canonical\" href=\"https:\/\/www.pogotowieflagowe.pl\/aktualne\/rzad-nie-szanuje-munduru-frasyniuk-uniewinniony-a-prokuratorzy-biora-na-cel-obroncow-granic\/\" \/>\n<meta property=\"og:locale\" content=\"pl_PL\" \/>\n<meta property=\"og:type\" content=\"article\" \/>\n<meta property=\"og:title\" content=\"\u201eRz\u0105d nie szanuje munduru\u201d: Frasyniuk uniewinniony, a prokuratorzy bior\u0105 na cel obro\u0144c\u00f3w granic - POGOTOWIE FLAGOWE\u00ae\" \/>\n<meta property=\"og:description\" content=\"\u201eHaniebne s\u0142owa W\u0142adys\u0142awa Frasyniuka pod adresem \u017co\u0142nierzy i oficer\u00f3w zas\u0142uguj\u0105 na pot\u0119pienie i surow\u0105 kar\u0119\u201d \u2013 stwierdzi\u0142 Mariusz B\u0142aszczak (PiS),\" \/>\n<meta property=\"og:url\" content=\"https:\/\/www.pogotowieflagowe.pl\/aktualne\/rzad-nie-szanuje-munduru-frasyniuk-uniewinniony-a-prokuratorzy-biora-na-cel-obroncow-granic\/\" \/>\n<meta property=\"og:site_name\" content=\"POGOTOWIE FLAGOWE\u00ae\" \/>\n<meta property=\"article:published_time\" content=\"2025-11-07T08:24:27+00:00\" \/>\n<meta property=\"article:modified_time\" content=\"2025-11-07T08:24:28+00:00\" \/>\n<meta property=\"og:image\" content=\"https:\/\/www.pogotowieflagowe.pl\/aktualne\/wp-content\/uploads\/2025\/11\/\u201eRzad-nie-szanuje-munduru-Frasyniuk-uniewinniony-a-prokuratorzy-biora-na.webp.webp\" \/>\n\t<meta property=\"og:image:width\" content=\"1280\" \/>\n\t<meta property=\"og:image:height\" content=\"720\" \/>\n\t<meta property=\"og:image:type\" content=\"image\/webp\" \/>\n<meta name=\"author\" content=\"Filip\" \/>\n<meta name=\"twitter:card\" content=\"summary_large_image\" \/>\n<meta name=\"twitter:label1\" content=\"Napisane przez\" \/>\n\t<meta name=\"twitter:data1\" content=\"Filip\" \/>\n\t<meta name=\"twitter:label2\" content=\"Szacowany czas czytania\" \/>\n\t<meta name=\"twitter:data2\" content=\"2 minuty\" \/>\n<script type=\"application\/ld+json\" class=\"yoast-schema-graph\">{\"@context\":\"https:\/\/schema.org\",\"@graph\":[{\"@type\":\"Article\",\"@id\":\"https:\/\/www.pogotowieflagowe.pl\/aktualne\/rzad-nie-szanuje-munduru-frasyniuk-uniewinniony-a-prokuratorzy-biora-na-cel-obroncow-granic\/#article\",\"isPartOf\":{\"@id\":\"https:\/\/www.pogotowieflagowe.pl\/aktualne\/rzad-nie-szanuje-munduru-frasyniuk-uniewinniony-a-prokuratorzy-biora-na-cel-obroncow-granic\/\"},\"author\":{\"name\":\"Filip\",\"@id\":\"https:\/\/www.pogotowieflagowe.pl\/aktualne\/#\/schema\/person\/9c2fb7d2362ebf6fa088960d7f0d27b0\"},\"headline\":\"\u201eRz\u0105d nie szanuje munduru\u201d: Frasyniuk uniewinniony, a prokuratorzy bior\u0105 na cel obro\u0144c\u00f3w granic\",\"datePublished\":\"2025-11-07T08:24:27+00:00\",\"dateModified\":\"2025-11-07T08:24:28+00:00\",\"mainEntityOfPage\":{\"@id\":\"https:\/\/www.pogotowieflagowe.pl\/aktualne\/rzad-nie-szanuje-munduru-frasyniuk-uniewinniony-a-prokuratorzy-biora-na-cel-obroncow-granic\/\"},\"wordCount\":504,\"commentCount\":0,\"publisher\":{\"@id\":\"https:\/\/www.pogotowieflagowe.pl\/aktualne\/#organization\"},\"image\":{\"@id\":\"https:\/\/www.pogotowieflagowe.pl\/aktualne\/rzad-nie-szanuje-munduru-frasyniuk-uniewinniony-a-prokuratorzy-biora-na-cel-obroncow-granic\/#primaryimage\"},\"thumbnailUrl\":\"https:\/\/www.pogotowieflagowe.pl\/aktualne\/wp-content\/uploads\/2025\/11\/\u201eRzad-nie-szanuje-munduru-Frasyniuk-uniewinniony-a-prokuratorzy-biora-na.webp.webp\",\"keywords\":[\"bior\u0105\",\"Cel\",\"Frasyniuk\",\"granic\",\"munduru\",\"Nie\",\"obro\u0144c\u00f3w\",\"Prokuratorzy\",\"Rz\u0105d\",\"szanuje\",\"uniewinniony\"],\"articleSection\":[\"Aktualne\"],\"inLanguage\":\"pl-PL\",\"potentialAction\":[{\"@type\":\"CommentAction\",\"name\":\"Comment\",\"target\":[\"https:\/\/www.pogotowieflagowe.pl\/aktualne\/rzad-nie-szanuje-munduru-frasyniuk-uniewinniony-a-prokuratorzy-biora-na-cel-obroncow-granic\/#respond\"]}]},{\"@type\":\"WebPage\",\"@id\":\"https:\/\/www.pogotowieflagowe.pl\/aktualne\/rzad-nie-szanuje-munduru-frasyniuk-uniewinniony-a-prokuratorzy-biora-na-cel-obroncow-granic\/\",\"url\":\"https:\/\/www.pogotowieflagowe.pl\/aktualne\/rzad-nie-szanuje-munduru-frasyniuk-uniewinniony-a-prokuratorzy-biora-na-cel-obroncow-granic\/\",\"name\":\"\u201eRz\u0105d nie szanuje munduru\u201d: Frasyniuk uniewinniony, a prokuratorzy bior\u0105 na cel obro\u0144c\u00f3w granic - POGOTOWIE FLAGOWE\u00ae\",\"isPartOf\":{\"@id\":\"https:\/\/www.pogotowieflagowe.pl\/aktualne\/#website\"},\"primaryImageOfPage\":{\"@id\":\"https:\/\/www.pogotowieflagowe.pl\/aktualne\/rzad-nie-szanuje-munduru-frasyniuk-uniewinniony-a-prokuratorzy-biora-na-cel-obroncow-granic\/#primaryimage\"},\"image\":{\"@id\":\"https:\/\/www.pogotowieflagowe.pl\/aktualne\/rzad-nie-szanuje-munduru-frasyniuk-uniewinniony-a-prokuratorzy-biora-na-cel-obroncow-granic\/#primaryimage\"},\"thumbnailUrl\":\"https:\/\/www.pogotowieflagowe.pl\/aktualne\/wp-content\/uploads\/2025\/11\/\u201eRzad-nie-szanuje-munduru-Frasyniuk-uniewinniony-a-prokuratorzy-biora-na.webp.webp\",\"datePublished\":\"2025-11-07T08:24:27+00:00\",\"dateModified\":\"2025-11-07T08:24:28+00:00\",\"breadcrumb\":{\"@id\":\"https:\/\/www.pogotowieflagowe.pl\/aktualne\/rzad-nie-szanuje-munduru-frasyniuk-uniewinniony-a-prokuratorzy-biora-na-cel-obroncow-granic\/#breadcrumb\"},\"inLanguage\":\"pl-PL\",\"potentialAction\":[{\"@type\":\"ReadAction\",\"target\":[\"https:\/\/www.pogotowieflagowe.pl\/aktualne\/rzad-nie-szanuje-munduru-frasyniuk-uniewinniony-a-prokuratorzy-biora-na-cel-obroncow-granic\/\"]}]},{\"@type\":\"ImageObject\",\"inLanguage\":\"pl-PL\",\"@id\":\"https:\/\/www.pogotowieflagowe.pl\/aktualne\/rzad-nie-szanuje-munduru-frasyniuk-uniewinniony-a-prokuratorzy-biora-na-cel-obroncow-granic\/#primaryimage\",\"url\":\"https:\/\/www.pogotowieflagowe.pl\/aktualne\/wp-content\/uploads\/2025\/11\/\u201eRzad-nie-szanuje-munduru-Frasyniuk-uniewinniony-a-prokuratorzy-biora-na.webp.webp\",\"contentUrl\":\"https:\/\/www.pogotowieflagowe.pl\/aktualne\/wp-content\/uploads\/2025\/11\/\u201eRzad-nie-szanuje-munduru-Frasyniuk-uniewinniony-a-prokuratorzy-biora-na.webp.webp\",\"width\":1280,\"height\":720,\"caption\":\"\u201eRz\u0105d nie szanuje munduru\u201d: Frasyniuk uniewinniony, a prokuratorzy bior\u0105 na cel obro\u0144c\u00f3w granic\"},{\"@type\":\"BreadcrumbList\",\"@id\":\"https:\/\/www.pogotowieflagowe.pl\/aktualne\/rzad-nie-szanuje-munduru-frasyniuk-uniewinniony-a-prokuratorzy-biora-na-cel-obroncow-granic\/#breadcrumb\",\"itemListElement\":[{\"@type\":\"ListItem\",\"position\":1,\"name\":\"Home\",\"item\":\"https:\/\/www.pogotowieflagowe.pl\/aktualne\/\"},{\"@type\":\"ListItem\",\"position\":2,\"name\":\"\u201eRz\u0105d nie szanuje munduru\u201d: Frasyniuk uniewinniony, a prokuratorzy bior\u0105 na cel obro\u0144c\u00f3w granic\"}]},{\"@type\":\"WebSite\",\"@id\":\"https:\/\/www.pogotowieflagowe.pl\/aktualne\/#website\",\"url\":\"https:\/\/www.pogotowieflagowe.pl\/aktualne\/\",\"name\":\"POGOTOWIE FLAGOWE\u00ae\",\"description\":\"\",\"publisher\":{\"@id\":\"https:\/\/www.pogotowieflagowe.pl\/aktualne\/#organization\"},\"potentialAction\":[{\"@type\":\"SearchAction\",\"target\":{\"@type\":\"EntryPoint\",\"urlTemplate\":\"https:\/\/www.pogotowieflagowe.pl\/aktualne\/?s={search_term_string}\"},\"query-input\":\"required name=search_term_string\"}],\"inLanguage\":\"pl-PL\"},{\"@type\":\"Organization\",\"@id\":\"https:\/\/www.pogotowieflagowe.pl\/aktualne\/#organization\",\"name\":\"POGOTOWIE FLAGOWE\u00ae\",\"url\":\"https:\/\/www.pogotowieflagowe.pl\/aktualne\/\",\"logo\":{\"@type\":\"ImageObject\",\"inLanguage\":\"pl-PL\",\"@id\":\"https:\/\/www.pogotowieflagowe.pl\/aktualne\/#\/schema\/logo\/image\/\",\"url\":\"https:\/\/www.pogotowieflagowe.pl\/aktualne\/wp-content\/uploads\/2024\/08\/cropped-pogotowieflagowe_flaga_projekt_sm.jpg\",\"contentUrl\":\"https:\/\/www.pogotowieflagowe.pl\/aktualne\/wp-content\/uploads\/2024\/08\/cropped-pogotowieflagowe_flaga_projekt_sm.jpg\",\"width\":250,\"height\":143,\"caption\":\"POGOTOWIE FLAGOWE\u00ae\"},\"image\":{\"@id\":\"https:\/\/www.pogotowieflagowe.pl\/aktualne\/#\/schema\/logo\/image\/\"}},{\"@type\":\"Person\",\"@id\":\"https:\/\/www.pogotowieflagowe.pl\/aktualne\/#\/schema\/person\/9c2fb7d2362ebf6fa088960d7f0d27b0\",\"name\":\"Filip\",\"image\":{\"@type\":\"ImageObject\",\"inLanguage\":\"pl-PL\",\"@id\":\"https:\/\/www.pogotowieflagowe.pl\/aktualne\/#\/schema\/person\/image\/\",\"url\":\"https:\/\/www.pogotowieflagowe.pl\/aktualne\/wp-content\/uploads\/2024\/08\/pogotowieflagowe.pl_.jpg\",\"contentUrl\":\"https:\/\/www.pogotowieflagowe.pl\/aktualne\/wp-content\/uploads\/2024\/08\/pogotowieflagowe.pl_.jpg\",\"caption\":\"Filip\"},\"description\":\"Jestem Filip, polski dziennikarz z dyplomem nauk politycznych Uniwersytetu Warszawskiego. Rozpoczynaj\u0105c swoj\u0105 karier\u0119 w r\u00f3\u017cnych lokalnych mediach, zdoby\u0142em solidne do\u015bwiadczenie w zakresie \u015bledztwa i redakcji. Obecnie jako redaktor w Pogotowie flagowe, staram si\u0119 dostarcza\u0107 dog\u0142\u0119bne i istotne analizy na temat najwa\u017cniejszych kwestii aktualno\u015bci, \u0142\u0105cz\u0105c rygor z pasj\u0105 dziennikarsk\u0105.\",\"sameAs\":[\"https:\/\/www.pogotowieflagowe.pl\/\"]}]}<\/script>\n<!-- \/ Yoast SEO plugin. -->","yoast_head_json":{"title":"\u201eRz\u0105d nie szanuje munduru\u201d: Frasyniuk uniewinniony, a prokuratorzy bior\u0105 na cel obro\u0144c\u00f3w granic - POGOTOWIE FLAGOWE\u00ae","robots":{"index":"index","follow":"follow","max-snippet":"max-snippet:-1","max-image-preview":"max-image-preview:large","max-video-preview":"max-video-preview:-1"},"canonical":"https:\/\/www.pogotowieflagowe.pl\/aktualne\/rzad-nie-szanuje-munduru-frasyniuk-uniewinniony-a-prokuratorzy-biora-na-cel-obroncow-granic\/","og_locale":"pl_PL","og_type":"article","og_title":"\u201eRz\u0105d nie szanuje munduru\u201d: Frasyniuk uniewinniony, a prokuratorzy bior\u0105 na cel obro\u0144c\u00f3w granic - POGOTOWIE FLAGOWE\u00ae","og_description":"\u201eHaniebne s\u0142owa W\u0142adys\u0142awa Frasyniuka pod adresem \u017co\u0142nierzy i oficer\u00f3w zas\u0142uguj\u0105 na pot\u0119pienie i surow\u0105 kar\u0119\u201d \u2013 stwierdzi\u0142 Mariusz B\u0142aszczak (PiS),","og_url":"https:\/\/www.pogotowieflagowe.pl\/aktualne\/rzad-nie-szanuje-munduru-frasyniuk-uniewinniony-a-prokuratorzy-biora-na-cel-obroncow-granic\/","og_site_name":"POGOTOWIE FLAGOWE\u00ae","article_published_time":"2025-11-07T08:24:27+00:00","article_modified_time":"2025-11-07T08:24:28+00:00","og_image":[{"width":1280,"height":720,"url":"https:\/\/www.pogotowieflagowe.pl\/aktualne\/wp-content\/uploads\/2025\/11\/\u201eRzad-nie-szanuje-munduru-Frasyniuk-uniewinniony-a-prokuratorzy-biora-na.webp.webp","type":"image\/webp"}],"author":"Filip","twitter_card":"summary_large_image","twitter_misc":{"Napisane przez":"Filip","Szacowany czas czytania":"2 minuty"},"schema":{"@context":"https:\/\/schema.org","@graph":[{"@type":"Article","@id":"https:\/\/www.pogotowieflagowe.pl\/aktualne\/rzad-nie-szanuje-munduru-frasyniuk-uniewinniony-a-prokuratorzy-biora-na-cel-obroncow-granic\/#article","isPartOf":{"@id":"https:\/\/www.pogotowieflagowe.pl\/aktualne\/rzad-nie-szanuje-munduru-frasyniuk-uniewinniony-a-prokuratorzy-biora-na-cel-obroncow-granic\/"},"author":{"name":"Filip","@id":"https:\/\/www.pogotowieflagowe.pl\/aktualne\/#\/schema\/person\/9c2fb7d2362ebf6fa088960d7f0d27b0"},"headline":"\u201eRz\u0105d nie szanuje munduru\u201d: Frasyniuk uniewinniony, a prokuratorzy bior\u0105 na cel obro\u0144c\u00f3w granic","datePublished":"2025-11-07T08:24:27+00:00","dateModified":"2025-11-07T08:24:28+00:00","mainEntityOfPage":{"@id":"https:\/\/www.pogotowieflagowe.pl\/aktualne\/rzad-nie-szanuje-munduru-frasyniuk-uniewinniony-a-prokuratorzy-biora-na-cel-obroncow-granic\/"},"wordCount":504,"commentCount":0,"publisher":{"@id":"https:\/\/www.pogotowieflagowe.pl\/aktualne\/#organization"},"image":{"@id":"https:\/\/www.pogotowieflagowe.pl\/aktualne\/rzad-nie-szanuje-munduru-frasyniuk-uniewinniony-a-prokuratorzy-biora-na-cel-obroncow-granic\/#primaryimage"},"thumbnailUrl":"https:\/\/www.pogotowieflagowe.pl\/aktualne\/wp-content\/uploads\/2025\/11\/\u201eRzad-nie-szanuje-munduru-Frasyniuk-uniewinniony-a-prokuratorzy-biora-na.webp.webp","keywords":["bior\u0105","Cel","Frasyniuk","granic","munduru","Nie","obro\u0144c\u00f3w","Prokuratorzy","Rz\u0105d","szanuje","uniewinniony"],"articleSection":["Aktualne"],"inLanguage":"pl-PL","potentialAction":[{"@type":"CommentAction","name":"Comment","target":["https:\/\/www.pogotowieflagowe.pl\/aktualne\/rzad-nie-szanuje-munduru-frasyniuk-uniewinniony-a-prokuratorzy-biora-na-cel-obroncow-granic\/#respond"]}]},{"@type":"WebPage","@id":"https:\/\/www.pogotowieflagowe.pl\/aktualne\/rzad-nie-szanuje-munduru-frasyniuk-uniewinniony-a-prokuratorzy-biora-na-cel-obroncow-granic\/","url":"https:\/\/www.pogotowieflagowe.pl\/aktualne\/rzad-nie-szanuje-munduru-frasyniuk-uniewinniony-a-prokuratorzy-biora-na-cel-obroncow-granic\/","name":"\u201eRz\u0105d nie szanuje munduru\u201d: Frasyniuk uniewinniony, a prokuratorzy bior\u0105 na cel obro\u0144c\u00f3w granic - POGOTOWIE FLAGOWE\u00ae","isPartOf":{"@id":"https:\/\/www.pogotowieflagowe.pl\/aktualne\/#website"},"primaryImageOfPage":{"@id":"https:\/\/www.pogotowieflagowe.pl\/aktualne\/rzad-nie-szanuje-munduru-frasyniuk-uniewinniony-a-prokuratorzy-biora-na-cel-obroncow-granic\/#primaryimage"},"image":{"@id":"https:\/\/www.pogotowieflagowe.pl\/aktualne\/rzad-nie-szanuje-munduru-frasyniuk-uniewinniony-a-prokuratorzy-biora-na-cel-obroncow-granic\/#primaryimage"},"thumbnailUrl":"https:\/\/www.pogotowieflagowe.pl\/aktualne\/wp-content\/uploads\/2025\/11\/\u201eRzad-nie-szanuje-munduru-Frasyniuk-uniewinniony-a-prokuratorzy-biora-na.webp.webp","datePublished":"2025-11-07T08:24:27+00:00","dateModified":"2025-11-07T08:24:28+00:00","breadcrumb":{"@id":"https:\/\/www.pogotowieflagowe.pl\/aktualne\/rzad-nie-szanuje-munduru-frasyniuk-uniewinniony-a-prokuratorzy-biora-na-cel-obroncow-granic\/#breadcrumb"},"inLanguage":"pl-PL","potentialAction":[{"@type":"ReadAction","target":["https:\/\/www.pogotowieflagowe.pl\/aktualne\/rzad-nie-szanuje-munduru-frasyniuk-uniewinniony-a-prokuratorzy-biora-na-cel-obroncow-granic\/"]}]},{"@type":"ImageObject","inLanguage":"pl-PL","@id":"https:\/\/www.pogotowieflagowe.pl\/aktualne\/rzad-nie-szanuje-munduru-frasyniuk-uniewinniony-a-prokuratorzy-biora-na-cel-obroncow-granic\/#primaryimage","url":"https:\/\/www.pogotowieflagowe.pl\/aktualne\/wp-content\/uploads\/2025\/11\/\u201eRzad-nie-szanuje-munduru-Frasyniuk-uniewinniony-a-prokuratorzy-biora-na.webp.webp","contentUrl":"https:\/\/www.pogotowieflagowe.pl\/aktualne\/wp-content\/uploads\/2025\/11\/\u201eRzad-nie-szanuje-munduru-Frasyniuk-uniewinniony-a-prokuratorzy-biora-na.webp.webp","width":1280,"height":720,"caption":"\u201eRz\u0105d nie szanuje munduru\u201d: Frasyniuk uniewinniony, a prokuratorzy bior\u0105 na cel obro\u0144c\u00f3w granic"},{"@type":"BreadcrumbList","@id":"https:\/\/www.pogotowieflagowe.pl\/aktualne\/rzad-nie-szanuje-munduru-frasyniuk-uniewinniony-a-prokuratorzy-biora-na-cel-obroncow-granic\/#breadcrumb","itemListElement":[{"@type":"ListItem","position":1,"name":"Home","item":"https:\/\/www.pogotowieflagowe.pl\/aktualne\/"},{"@type":"ListItem","position":2,"name":"\u201eRz\u0105d nie szanuje munduru\u201d: Frasyniuk uniewinniony, a prokuratorzy bior\u0105 na cel obro\u0144c\u00f3w granic"}]},{"@type":"WebSite","@id":"https:\/\/www.pogotowieflagowe.pl\/aktualne\/#website","url":"https:\/\/www.pogotowieflagowe.pl\/aktualne\/","name":"POGOTOWIE FLAGOWE\u00ae","description":"","publisher":{"@id":"https:\/\/www.pogotowieflagowe.pl\/aktualne\/#organization"},"potentialAction":[{"@type":"SearchAction","target":{"@type":"EntryPoint","urlTemplate":"https:\/\/www.pogotowieflagowe.pl\/aktualne\/?s={search_term_string}"},"query-input":"required name=search_term_string"}],"inLanguage":"pl-PL"},{"@type":"Organization","@id":"https:\/\/www.pogotowieflagowe.pl\/aktualne\/#organization","name":"POGOTOWIE FLAGOWE\u00ae","url":"https:\/\/www.pogotowieflagowe.pl\/aktualne\/","logo":{"@type":"ImageObject","inLanguage":"pl-PL","@id":"https:\/\/www.pogotowieflagowe.pl\/aktualne\/#\/schema\/logo\/image\/","url":"https:\/\/www.pogotowieflagowe.pl\/aktualne\/wp-content\/uploads\/2024\/08\/cropped-pogotowieflagowe_flaga_projekt_sm.jpg","contentUrl":"https:\/\/www.pogotowieflagowe.pl\/aktualne\/wp-content\/uploads\/2024\/08\/cropped-pogotowieflagowe_flaga_projekt_sm.jpg","width":250,"height":143,"caption":"POGOTOWIE FLAGOWE\u00ae"},"image":{"@id":"https:\/\/www.pogotowieflagowe.pl\/aktualne\/#\/schema\/logo\/image\/"}},{"@type":"Person","@id":"https:\/\/www.pogotowieflagowe.pl\/aktualne\/#\/schema\/person\/9c2fb7d2362ebf6fa088960d7f0d27b0","name":"Filip","image":{"@type":"ImageObject","inLanguage":"pl-PL","@id":"https:\/\/www.pogotowieflagowe.pl\/aktualne\/#\/schema\/person\/image\/","url":"https:\/\/www.pogotowieflagowe.pl\/aktualne\/wp-content\/uploads\/2024\/08\/pogotowieflagowe.pl_.jpg","contentUrl":"https:\/\/www.pogotowieflagowe.pl\/aktualne\/wp-content\/uploads\/2024\/08\/pogotowieflagowe.pl_.jpg","caption":"Filip"},"description":"Jestem Filip, polski dziennikarz z dyplomem nauk politycznych Uniwersytetu Warszawskiego. Rozpoczynaj\u0105c swoj\u0105 karier\u0119 w r\u00f3\u017cnych lokalnych mediach, zdoby\u0142em solidne do\u015bwiadczenie w zakresie \u015bledztwa i redakcji. Obecnie jako redaktor w Pogotowie flagowe, staram si\u0119 dostarcza\u0107 dog\u0142\u0119bne i istotne analizy na temat najwa\u017cniejszych kwestii aktualno\u015bci, \u0142\u0105cz\u0105c rygor z pasj\u0105 dziennikarsk\u0105.","sameAs":["https:\/\/www.pogotowieflagowe.pl\/"]}]}},"_links":{"self":[{"href":"https:\/\/www.pogotowieflagowe.pl\/aktualne\/wp-json\/wp\/v2\/posts\/10239","targetHints":{"allow":["GET"]}}],"collection":[{"href":"https:\/\/www.pogotowieflagowe.pl\/aktualne\/wp-json\/wp\/v2\/posts"}],"about":[{"href":"https:\/\/www.pogotowieflagowe.pl\/aktualne\/wp-json\/wp\/v2\/types\/post"}],"author":[{"embeddable":true,"href":"https:\/\/www.pogotowieflagowe.pl\/aktualne\/wp-json\/wp\/v2\/users\/1"}],"replies":[{"embeddable":true,"href":"https:\/\/www.pogotowieflagowe.pl\/aktualne\/wp-json\/wp\/v2\/comments?post=10239"}],"version-history":[{"count":1,"href":"https:\/\/www.pogotowieflagowe.pl\/aktualne\/wp-json\/wp\/v2\/posts\/10239\/revisions"}],"predecessor-version":[{"id":10241,"href":"https:\/\/www.pogotowieflagowe.pl\/aktualne\/wp-json\/wp\/v2\/posts\/10239\/revisions\/10241"}],"wp:featuredmedia":[{"embeddable":true,"href":"https:\/\/www.pogotowieflagowe.pl\/aktualne\/wp-json\/wp\/v2\/media\/10240"}],"wp:attachment":[{"href":"https:\/\/www.pogotowieflagowe.pl\/aktualne\/wp-json\/wp\/v2\/media?parent=10239"}],"wp:term":[{"taxonomy":"category","embeddable":true,"href":"https:\/\/www.pogotowieflagowe.pl\/aktualne\/wp-json\/wp\/v2\/categories?post=10239"},{"taxonomy":"post_tag","embeddable":true,"href":"https:\/\/www.pogotowieflagowe.pl\/aktualne\/wp-json\/wp\/v2\/tags?post=10239"}],"curies":[{"name":"wp","href":"https:\/\/api.w.org\/{rel}","templated":true}]}}