{"id":10255,"date":"2025-11-07T21:00:55","date_gmt":"2025-11-07T20:00:55","guid":{"rendered":"https:\/\/www.pogotowieflagowe.pl\/aktualne\/prof-piotrowski-otwarcie-wypowiada-sie-na-temat-sprawy-ziobry-zamieszaj-takze-wsrod-sedziow-efekt-mrozacy\/"},"modified":"2025-11-07T21:00:57","modified_gmt":"2025-11-07T20:00:57","slug":"prof-piotrowski-otwarcie-wypowiada-sie-na-temat-sprawy-ziobry-zamieszaj-takze-wsrod-sedziow-efekt-mrozacy","status":"publish","type":"post","link":"https:\/\/www.pogotowieflagowe.pl\/aktualne\/prof-piotrowski-otwarcie-wypowiada-sie-na-temat-sprawy-ziobry-zamieszaj-takze-wsrod-sedziow-efekt-mrozacy\/","title":{"rendered":"Prof. Piotrowski otwarcie wypowiada si\u0119 na temat sprawy Ziobry. Zamieszaj tak\u017ce w\u015br\u00f3d s\u0119dzi\u00f3w. \u201eEfekt mro\u017c\u0105cy\u201d"},"content":{"rendered":"\n<div class=\"td_block_wrap tdb_single_content tdi_41 td-pb-border-top td_block_template_8 td-post-content tagdiv-type\" data-td-block-uid=\"tdi_41\">\n<style>.tdi_41{margines-top:0px!important;margin-bottom:0px!important;dope\u0142nienie-g\u00f3ra:0px!important;dope\u0142nienie-d\u00f3\u0142:0px!important}<\/style>\n<style>.tdb_single_content{margin-bottom:0;*zoom:1}.tdb_single_content:before,.tdb_single_content:after{display:table;content:'';line-height:0}.tdb_single_content:after{clear:both}.tdb_single_content .tdb-block-inner>*:not(.wp-block-quote):not(.alignwide):not(.alignfull.wp-block-cover.has-parallax):not(.td-a-ad){margin-left:auto;margin-right:auto}.tdb_single_content a{pointer-events:auto}.tdb_single_content .td-spot-id-top_ad .tdc-placeholder-title:before{content:'Najlepsza reklama artyku\u0142u'!important}.tdb_single_content .td-spot-id-inline_ad0 .tdc-placeholder-title:before{content:'Reklama wbudowana artyku\u0142u 1'!important}.tdb_single_content .td-spot-id-inline_ad1 .tdc-placeholder-title:before{content:'Wbudowana reklama w artykule 2'!important}.tdb_single_content .td-spot-id-inline_ad2 .tdc-placeholder-title:before{content:'Wbudowana reklama w artykule 3'!important}.tdb_single_content .td-spot-id-bottom_ad .tdc-placeholder-title:before{content:'Article Bottom Ad'!important}.tdb_single_content .id_top_ad,.tdb_single_content .id_bottom_ad{clear:both;margin-bottom:21px;text-align:center}.tdb_single_content .id_top_ad img,.tdb_single_content .id_bottom_ad img{margin-bottom:0}.tdb_single_content .id_top_ad .adsbygoogle,.tdb_single_content .id_bottom_ad .adsbygoogle{position:relative}.tdb_single_content .id_ad_content-horiz-left,.tdb_single_content .id_ad_content-horiz-right,.tdb_single_content .id_ad_content-horiz-center{margin-bottom:15px}.tdb_single_content .id_ad_content-horiz-left img,.tdb_single_content .id_ad_content-horiz-right img,.tdb_single_content .id_ad_content-horiz-center img{margin-bottom:0}.tdb_single_content .id_ad_content-horiz-center{text-align:center}.tdb_single_content .id_ad_content-horiz-center img{margin-right:auto;margin-left:auto}.tdb_single_content .id_ad_content-horiz-left{float:left;margin-top:9px;margin-right:21px}.tdb_single_content .id_ad_content-horiz-right{float:right;margin-top:6px;margin-left:21px}.tdb_single_content .tdc-a-ad .tdc-placeholder-title{width:300px;height:250px}.tdb_single_content .tdc-a-ad .tdc-placeholder-title:before{position:absolute;top:50%;-webkit-transform:translateY(-50%);transform:translateY(-50%);margin:auto;display:table;width:100%}.tdb_single_content .tdb-block-inner.td-fix-index{word-break:break-word}.tdi_41,.tdi_41>p,.tdi_41 .tdb-block-inner>p,.wp-block-column>p{font-size:16px!important;line-height:1.6!important}.tdi_41 .tdb-block-inner blockquote p{font-style:normal!important}@media (max-width:767px){.tdb_single_content .id_ad_content-horiz-left,.tdb_single_content .id_ad_content-horiz-right,.tdb_single_content .id_ad_content-horiz-center{margin:0 auto 26 pikseli auto}}@media (max-width:767px){.tdb_single_content .id_ad_content-horiz-left{margin-right:0}}@media (max-width:767px){.tdb_single_content .id_ad_content-horiz-right{margin-left:0}}@media (max-width:767px){.tdb_single_content .td-a-ad{float:none;text-align:center}.tdb_single_content .td-a-ad img{margin-right:auto;margin-left:auto}.tdb_single_content .tdc-a-ad{float:none}}<\/style>\n<div class=\"tdb-block-inner td-fix-index\">\n<p>Dzisiaj, <em>Sejm<\/em> ma podj\u0105\u0107 decyzj\u0119 o uchyleniu immunitetu Zbigniewa Ziobry i wyra\u017ceniu zgody na jego aresztowanie i aresztowanie. by\u0142emu ministrowi sprawiedliwo\u015bci postawiono 26 zarzut\u00f3w w zwi\u0105zku z tzw <em>Fundusz Sprawiedliwo\u015bci<\/em>. Znany konstytucjonalista prof. Ryszard Piotrowski nie pozostawia w\u0105tpliwo\u015bci: <em>Partia Prawo i Sprawiedliwo\u015b\u0107<\/em> (<em>PiS<\/em>) polityk nie ma szans na sprawiedliwy proces. Jego o\u015bwiadczenie odbi\u0142o si\u0119 szerokim echem \u2013 tak\u017ce w \u015brodowisku s\u0119dziowskim.<\/p>\n<p>W Budapeszcie przebywa obecnie Zbigniew Ziobro, by\u0142y Minister Sprawiedliwo\u015bci i Prokurator Generalny. Tymczasem w Polsce prokuratura, na kt\u00f3rej czele stoi Waldemar \u017burek (Minister Sprawiedliwo\u015bci pe\u0142ni tak\u017ce funkcj\u0119 Prokuratora Generalnego) zamierza postawi\u0107 mu 26 zarzut\u00f3w, a <em>Sejmu<\/em> Komisja Regulaminowa popar\u0142a ju\u017c wniosek o uchylenie immunitetu.<\/p>\n<h2 class=\"wp-block-heading\"><strong>\u201eWyrok ju\u017c zapad\u0142\u201d<\/strong><\/h2>\n<p>Wyst\u0105pi\u0142 prof. Ryszard Piotrowski, znany znawca konstytucji <em>Wiadomo\u015bci Polsatu<\/em>gdzie otwarcie podzieli\u0142 si\u0119 swoj\u0105 opini\u0105 na temat dzia\u0142a\u0144 koalicji premiera Donalda Tuska wobec by\u0142ego Ministra Sprawiedliwo\u015bci. Zapytany o przypadek Ziobry profesor zada\u0142 w\u0142asne pytanie: <strong>\u2013 Jakie ma szanse na przyzwoity proces?<\/strong> i natychmiast odpowiedzia\u0142: <strong>&#8222;Nic.&#8221;<\/strong> Uzasadniaj\u0105c swoj\u0105 argumentacj\u0119 konstytucjonalista stwierdzi\u0142 wprost: <strong>\u201eNie ma \u017cadnego, bo, \u017ce tak powiem, decyzja w jego sprawie ju\u017c zapad\u0142a \u2013 wyda\u0142 j\u0105 premier\u201d.<\/strong><\/p>\n<p>W dalszym ci\u0105gu naciskany na swoj\u0105 ocen\u0119 prof. Piotrowski zauwa\u017cy\u0142: <strong>\u201ePoniewa\u017c mamy do czynienia z dzia\u0142aniami wewn\u0105trz wymiaru sprawiedliwo\u015bci, kt\u00f3re podporz\u0105dkowuj\u0105 je rz\u0105dowi\u201d.<\/strong><\/p>\n<h2 class=\"wp-block-heading\"><strong>Oceniaj\u0105 \u201eefekt mro\u017c\u0105cy\u201d<\/strong><\/h2>\n<p>Na s\u0142owa profesora zareagowali tak\u017ce s\u0119dziowie. Komentarze do wypowiedzi Piotrowskiego zamie\u015bcili na portalu <em>X.com<\/em>.<\/p>\n<p><strong>&#8222;Dzia\u0142ania obecnego Ministerstwa Sprawiedliwo\u015bci stanowi\u0105 atak na niezale\u017cno\u015b\u0107 s\u0105downictwa. Maj\u0105 na celu wywo\u0142a\u0107 efekt mro\u017c\u0105cy i podporz\u0105dkowa\u0107 s\u0119dzi\u00f3w w\u0142adzom. Jednak\u017ce jako s\u0119dzia mam nadziej\u0119, \u017ce naciski, o kt\u00f3rych m\u00f3wi\u0142 w Polsat News prof. Ryszard Piotrowski, oka\u017c\u0105 si\u0119 nieskuteczne, bo w tym wszystkim najwa\u017cniejsze jest dobro obywateli&#8221;<\/strong> \u2013 napisa\u0142a s\u0119dzia Kamila Borszowska-Moszowska.<\/p>\n<p><strong>&#8222;Przypominam &#8211; przy ocenie niezawis\u0142o\u015bci s\u0105du licz\u0105 si\u0119 nawet pozory i wra\u017cenia. Nie m\u00f3wi\u0105c ju\u017c o wywieraniu wp\u0142ywu przez polityk\u00f3w &#8211; vide: &#8222;Potrzebuj\u0119 zaufanych s\u0119dzi\u00f3w w s\u0105dach&#8221;. To w\u0142a\u015bnie ma na my\u015bli m\u00f3j kolega Piotrowski i dok\u0142adnie tak to wygl\u0105da&#8221;<\/strong> doda\u0142 s\u0119dzia Kamil Zaradkiewicz.<\/p>\n<h2 class=\"wp-block-heading\"><strong>Co dalej?<\/strong><\/h2>\n<p>The <em>Sejm<\/em> g\u0142osowanie zaplanowano na pi\u0105tek wieczorem. Sprawa Ziobry to kolejny rozdzia\u0142 w wielomiesi\u0119cznym procesie \u201erozlicze\u0144\u201d z poprzednim rz\u0105dem. Jednak pytanie podniesione przez prof. Piotrowskiego i s\u0119dzi\u00f3w si\u0119ga znacznie g\u0142\u0119biej: czy w dzisiejszej Polsce jest jeszcze mo\u017cliwy sprawiedliwy proces dla polityka opozycji?<\/p>\n<p>By\u0142y Minister Sprawiedliwo\u015bci pozostaje w Budapeszcie. Czy zdecyduje si\u0119 na powr\u00f3t do Polski i stanie przed wymiarem sprawiedliwo\u015bci? A mo\u017ce poczeka za granic\u0105, aby zobaczy\u0107, jak rozwin\u0105 si\u0119 wydarzenia? Najbli\u017csze dni przynios\u0105 odpowiedzi na te pytania. Ziobro zapowiedzia\u0142, \u017ce po tym zdradzi swoje kolejne kroki <em>Sejm<\/em> podejmuje decyzj\u0119 w sprawie jego immunitetu.<\/p>\n<\/div>\n<\/div>\n","protected":false},"excerpt":{"rendered":"<p>Dzisiaj, Sejm ma podj\u0105\u0107 decyzj\u0119 o uchyleniu immunitetu Zbigniewa Ziobry i wyra\u017ceniu zgody na jego aresztowanie i aresztowanie. by\u0142emu ministrowi<\/p>\n","protected":false},"author":1,"featured_media":10248,"comment_status":"open","ping_status":"open","sticky":false,"template":"","format":"standard","meta":{"footnotes":""},"categories":[4748],"tags":[6506,11101,3639,8500,5985,2037,150,6746,5972,412,241,10944,11745,11424],"class_list":["post-10255","post","type-post","status-publish","format-standard","has-post-thumbnail","hentry","category-aktualne","tag-efekt","tag-mrozacy","tag-otwarcie","tag-piotrowski","tag-prof","tag-sedziow","tag-sie","tag-sprawy","tag-takze","tag-temat","tag-wsrod","tag-wypowiada","tag-zamieszaj","tag-ziobry","generate-columns","tablet-grid-50","mobile-grid-100","grid-parent","grid-50","resize-featured-image"],"yoast_head":"<!-- This site is optimized with the Yoast SEO plugin v23.2 - https:\/\/yoast.com\/wordpress\/plugins\/seo\/ -->\n<title>Prof. Piotrowski otwarcie wypowiada si\u0119 na temat sprawy Ziobry. Zamieszaj tak\u017ce w\u015br\u00f3d s\u0119dzi\u00f3w. \u201eEfekt mro\u017c\u0105cy\u201d - POGOTOWIE FLAGOWE\u00ae<\/title>\n<meta name=\"robots\" content=\"index, follow, max-snippet:-1, max-image-preview:large, max-video-preview:-1\" \/>\n<link rel=\"canonical\" href=\"https:\/\/www.pogotowieflagowe.pl\/aktualne\/prof-piotrowski-otwarcie-wypowiada-sie-na-temat-sprawy-ziobry-zamieszaj-takze-wsrod-sedziow-efekt-mrozacy\/\" \/>\n<meta property=\"og:locale\" content=\"pl_PL\" \/>\n<meta property=\"og:type\" content=\"article\" \/>\n<meta property=\"og:title\" content=\"Prof. Piotrowski otwarcie wypowiada si\u0119 na temat sprawy Ziobry. Zamieszaj tak\u017ce w\u015br\u00f3d s\u0119dzi\u00f3w. \u201eEfekt mro\u017c\u0105cy\u201d - POGOTOWIE FLAGOWE\u00ae\" \/>\n<meta property=\"og:description\" content=\"Dzisiaj, Sejm ma podj\u0105\u0107 decyzj\u0119 o uchyleniu immunitetu Zbigniewa Ziobry i wyra\u017ceniu zgody na jego aresztowanie i aresztowanie. by\u0142emu ministrowi\" \/>\n<meta property=\"og:url\" content=\"https:\/\/www.pogotowieflagowe.pl\/aktualne\/prof-piotrowski-otwarcie-wypowiada-sie-na-temat-sprawy-ziobry-zamieszaj-takze-wsrod-sedziow-efekt-mrozacy\/\" \/>\n<meta property=\"og:site_name\" content=\"POGOTOWIE FLAGOWE\u00ae\" \/>\n<meta property=\"article:published_time\" content=\"2025-11-07T20:00:55+00:00\" \/>\n<meta property=\"article:modified_time\" content=\"2025-11-07T20:00:57+00:00\" \/>\n<meta property=\"og:image\" content=\"https:\/\/www.pogotowieflagowe.pl\/aktualne\/wp-content\/uploads\/2025\/11\/Wrazliwe-dane-osobowe-Ziobry-zawarte-we-wniosku-o-uchylenie-immunitetu.webp.webp\" \/>\n\t<meta property=\"og:image:width\" content=\"1280\" \/>\n\t<meta property=\"og:image:height\" content=\"720\" \/>\n\t<meta property=\"og:image:type\" content=\"image\/webp\" \/>\n<meta name=\"author\" content=\"Filip\" \/>\n<meta name=\"twitter:card\" content=\"summary_large_image\" \/>\n<meta name=\"twitter:label1\" content=\"Napisane przez\" \/>\n\t<meta name=\"twitter:data1\" content=\"Filip\" \/>\n\t<meta name=\"twitter:label2\" content=\"Szacowany czas czytania\" \/>\n\t<meta name=\"twitter:data2\" content=\"2 minuty\" \/>\n<script type=\"application\/ld+json\" class=\"yoast-schema-graph\">{\"@context\":\"https:\/\/schema.org\",\"@graph\":[{\"@type\":\"Article\",\"@id\":\"https:\/\/www.pogotowieflagowe.pl\/aktualne\/prof-piotrowski-otwarcie-wypowiada-sie-na-temat-sprawy-ziobry-zamieszaj-takze-wsrod-sedziow-efekt-mrozacy\/#article\",\"isPartOf\":{\"@id\":\"https:\/\/www.pogotowieflagowe.pl\/aktualne\/prof-piotrowski-otwarcie-wypowiada-sie-na-temat-sprawy-ziobry-zamieszaj-takze-wsrod-sedziow-efekt-mrozacy\/\"},\"author\":{\"name\":\"Filip\",\"@id\":\"https:\/\/www.pogotowieflagowe.pl\/aktualne\/#\/schema\/person\/9c2fb7d2362ebf6fa088960d7f0d27b0\"},\"headline\":\"Prof. Piotrowski otwarcie wypowiada si\u0119 na temat sprawy Ziobry. Zamieszaj tak\u017ce w\u015br\u00f3d s\u0119dzi\u00f3w. \u201eEfekt mro\u017c\u0105cy\u201d\",\"datePublished\":\"2025-11-07T20:00:55+00:00\",\"dateModified\":\"2025-11-07T20:00:57+00:00\",\"mainEntityOfPage\":{\"@id\":\"https:\/\/www.pogotowieflagowe.pl\/aktualne\/prof-piotrowski-otwarcie-wypowiada-sie-na-temat-sprawy-ziobry-zamieszaj-takze-wsrod-sedziow-efekt-mrozacy\/\"},\"wordCount\":513,\"commentCount\":0,\"publisher\":{\"@id\":\"https:\/\/www.pogotowieflagowe.pl\/aktualne\/#organization\"},\"image\":{\"@id\":\"https:\/\/www.pogotowieflagowe.pl\/aktualne\/prof-piotrowski-otwarcie-wypowiada-sie-na-temat-sprawy-ziobry-zamieszaj-takze-wsrod-sedziow-efekt-mrozacy\/#primaryimage\"},\"thumbnailUrl\":\"https:\/\/www.pogotowieflagowe.pl\/aktualne\/wp-content\/uploads\/2025\/11\/Wrazliwe-dane-osobowe-Ziobry-zawarte-we-wniosku-o-uchylenie-immunitetu.webp.webp\",\"keywords\":[\"Efekt\",\"mro\u017c\u0105cy\",\"otwarcie\",\"Piotrowski\",\"Prof\",\"s\u0119dzi\u00f3w\",\"si\u0119\",\"sprawy\",\"tak\u017ce\",\"temat\",\"w\u015br\u00f3d\",\"wypowiada\",\"Zamieszaj\",\"Ziobry\"],\"articleSection\":[\"Aktualne\"],\"inLanguage\":\"pl-PL\",\"potentialAction\":[{\"@type\":\"CommentAction\",\"name\":\"Comment\",\"target\":[\"https:\/\/www.pogotowieflagowe.pl\/aktualne\/prof-piotrowski-otwarcie-wypowiada-sie-na-temat-sprawy-ziobry-zamieszaj-takze-wsrod-sedziow-efekt-mrozacy\/#respond\"]}]},{\"@type\":\"WebPage\",\"@id\":\"https:\/\/www.pogotowieflagowe.pl\/aktualne\/prof-piotrowski-otwarcie-wypowiada-sie-na-temat-sprawy-ziobry-zamieszaj-takze-wsrod-sedziow-efekt-mrozacy\/\",\"url\":\"https:\/\/www.pogotowieflagowe.pl\/aktualne\/prof-piotrowski-otwarcie-wypowiada-sie-na-temat-sprawy-ziobry-zamieszaj-takze-wsrod-sedziow-efekt-mrozacy\/\",\"name\":\"Prof. Piotrowski otwarcie wypowiada si\u0119 na temat sprawy Ziobry. Zamieszaj tak\u017ce w\u015br\u00f3d s\u0119dzi\u00f3w. \u201eEfekt mro\u017c\u0105cy\u201d - POGOTOWIE FLAGOWE\u00ae\",\"isPartOf\":{\"@id\":\"https:\/\/www.pogotowieflagowe.pl\/aktualne\/#website\"},\"primaryImageOfPage\":{\"@id\":\"https:\/\/www.pogotowieflagowe.pl\/aktualne\/prof-piotrowski-otwarcie-wypowiada-sie-na-temat-sprawy-ziobry-zamieszaj-takze-wsrod-sedziow-efekt-mrozacy\/#primaryimage\"},\"image\":{\"@id\":\"https:\/\/www.pogotowieflagowe.pl\/aktualne\/prof-piotrowski-otwarcie-wypowiada-sie-na-temat-sprawy-ziobry-zamieszaj-takze-wsrod-sedziow-efekt-mrozacy\/#primaryimage\"},\"thumbnailUrl\":\"https:\/\/www.pogotowieflagowe.pl\/aktualne\/wp-content\/uploads\/2025\/11\/Wrazliwe-dane-osobowe-Ziobry-zawarte-we-wniosku-o-uchylenie-immunitetu.webp.webp\",\"datePublished\":\"2025-11-07T20:00:55+00:00\",\"dateModified\":\"2025-11-07T20:00:57+00:00\",\"breadcrumb\":{\"@id\":\"https:\/\/www.pogotowieflagowe.pl\/aktualne\/prof-piotrowski-otwarcie-wypowiada-sie-na-temat-sprawy-ziobry-zamieszaj-takze-wsrod-sedziow-efekt-mrozacy\/#breadcrumb\"},\"inLanguage\":\"pl-PL\",\"potentialAction\":[{\"@type\":\"ReadAction\",\"target\":[\"https:\/\/www.pogotowieflagowe.pl\/aktualne\/prof-piotrowski-otwarcie-wypowiada-sie-na-temat-sprawy-ziobry-zamieszaj-takze-wsrod-sedziow-efekt-mrozacy\/\"]}]},{\"@type\":\"ImageObject\",\"inLanguage\":\"pl-PL\",\"@id\":\"https:\/\/www.pogotowieflagowe.pl\/aktualne\/prof-piotrowski-otwarcie-wypowiada-sie-na-temat-sprawy-ziobry-zamieszaj-takze-wsrod-sedziow-efekt-mrozacy\/#primaryimage\",\"url\":\"https:\/\/www.pogotowieflagowe.pl\/aktualne\/wp-content\/uploads\/2025\/11\/Wrazliwe-dane-osobowe-Ziobry-zawarte-we-wniosku-o-uchylenie-immunitetu.webp.webp\",\"contentUrl\":\"https:\/\/www.pogotowieflagowe.pl\/aktualne\/wp-content\/uploads\/2025\/11\/Wrazliwe-dane-osobowe-Ziobry-zawarte-we-wniosku-o-uchylenie-immunitetu.webp.webp\",\"width\":1280,\"height\":720,\"caption\":\"Wra\u017cliwe dane osobowe Ziobry zawarte we wniosku o uchylenie immunitetu \u2013 TVN zdobywa dokument\"},{\"@type\":\"BreadcrumbList\",\"@id\":\"https:\/\/www.pogotowieflagowe.pl\/aktualne\/prof-piotrowski-otwarcie-wypowiada-sie-na-temat-sprawy-ziobry-zamieszaj-takze-wsrod-sedziow-efekt-mrozacy\/#breadcrumb\",\"itemListElement\":[{\"@type\":\"ListItem\",\"position\":1,\"name\":\"Home\",\"item\":\"https:\/\/www.pogotowieflagowe.pl\/aktualne\/\"},{\"@type\":\"ListItem\",\"position\":2,\"name\":\"Prof. Piotrowski otwarcie wypowiada si\u0119 na temat sprawy Ziobry. Zamieszaj tak\u017ce w\u015br\u00f3d s\u0119dzi\u00f3w. \u201eEfekt mro\u017c\u0105cy\u201d\"}]},{\"@type\":\"WebSite\",\"@id\":\"https:\/\/www.pogotowieflagowe.pl\/aktualne\/#website\",\"url\":\"https:\/\/www.pogotowieflagowe.pl\/aktualne\/\",\"name\":\"POGOTOWIE FLAGOWE\u00ae\",\"description\":\"\",\"publisher\":{\"@id\":\"https:\/\/www.pogotowieflagowe.pl\/aktualne\/#organization\"},\"potentialAction\":[{\"@type\":\"SearchAction\",\"target\":{\"@type\":\"EntryPoint\",\"urlTemplate\":\"https:\/\/www.pogotowieflagowe.pl\/aktualne\/?s={search_term_string}\"},\"query-input\":\"required name=search_term_string\"}],\"inLanguage\":\"pl-PL\"},{\"@type\":\"Organization\",\"@id\":\"https:\/\/www.pogotowieflagowe.pl\/aktualne\/#organization\",\"name\":\"POGOTOWIE FLAGOWE\u00ae\",\"url\":\"https:\/\/www.pogotowieflagowe.pl\/aktualne\/\",\"logo\":{\"@type\":\"ImageObject\",\"inLanguage\":\"pl-PL\",\"@id\":\"https:\/\/www.pogotowieflagowe.pl\/aktualne\/#\/schema\/logo\/image\/\",\"url\":\"https:\/\/www.pogotowieflagowe.pl\/aktualne\/wp-content\/uploads\/2024\/08\/cropped-pogotowieflagowe_flaga_projekt_sm.jpg\",\"contentUrl\":\"https:\/\/www.pogotowieflagowe.pl\/aktualne\/wp-content\/uploads\/2024\/08\/cropped-pogotowieflagowe_flaga_projekt_sm.jpg\",\"width\":250,\"height\":143,\"caption\":\"POGOTOWIE FLAGOWE\u00ae\"},\"image\":{\"@id\":\"https:\/\/www.pogotowieflagowe.pl\/aktualne\/#\/schema\/logo\/image\/\"}},{\"@type\":\"Person\",\"@id\":\"https:\/\/www.pogotowieflagowe.pl\/aktualne\/#\/schema\/person\/9c2fb7d2362ebf6fa088960d7f0d27b0\",\"name\":\"Filip\",\"image\":{\"@type\":\"ImageObject\",\"inLanguage\":\"pl-PL\",\"@id\":\"https:\/\/www.pogotowieflagowe.pl\/aktualne\/#\/schema\/person\/image\/\",\"url\":\"https:\/\/www.pogotowieflagowe.pl\/aktualne\/wp-content\/uploads\/2024\/08\/pogotowieflagowe.pl_.jpg\",\"contentUrl\":\"https:\/\/www.pogotowieflagowe.pl\/aktualne\/wp-content\/uploads\/2024\/08\/pogotowieflagowe.pl_.jpg\",\"caption\":\"Filip\"},\"description\":\"Jestem Filip, polski dziennikarz z dyplomem nauk politycznych Uniwersytetu Warszawskiego. Rozpoczynaj\u0105c swoj\u0105 karier\u0119 w r\u00f3\u017cnych lokalnych mediach, zdoby\u0142em solidne do\u015bwiadczenie w zakresie \u015bledztwa i redakcji. Obecnie jako redaktor w Pogotowie flagowe, staram si\u0119 dostarcza\u0107 dog\u0142\u0119bne i istotne analizy na temat najwa\u017cniejszych kwestii aktualno\u015bci, \u0142\u0105cz\u0105c rygor z pasj\u0105 dziennikarsk\u0105.\",\"sameAs\":[\"https:\/\/www.pogotowieflagowe.pl\/\"]}]}<\/script>\n<!-- \/ Yoast SEO plugin. -->","yoast_head_json":{"title":"Prof. Piotrowski otwarcie wypowiada si\u0119 na temat sprawy Ziobry. Zamieszaj tak\u017ce w\u015br\u00f3d s\u0119dzi\u00f3w. \u201eEfekt mro\u017c\u0105cy\u201d - POGOTOWIE FLAGOWE\u00ae","robots":{"index":"index","follow":"follow","max-snippet":"max-snippet:-1","max-image-preview":"max-image-preview:large","max-video-preview":"max-video-preview:-1"},"canonical":"https:\/\/www.pogotowieflagowe.pl\/aktualne\/prof-piotrowski-otwarcie-wypowiada-sie-na-temat-sprawy-ziobry-zamieszaj-takze-wsrod-sedziow-efekt-mrozacy\/","og_locale":"pl_PL","og_type":"article","og_title":"Prof. Piotrowski otwarcie wypowiada si\u0119 na temat sprawy Ziobry. Zamieszaj tak\u017ce w\u015br\u00f3d s\u0119dzi\u00f3w. \u201eEfekt mro\u017c\u0105cy\u201d - POGOTOWIE FLAGOWE\u00ae","og_description":"Dzisiaj, Sejm ma podj\u0105\u0107 decyzj\u0119 o uchyleniu immunitetu Zbigniewa Ziobry i wyra\u017ceniu zgody na jego aresztowanie i aresztowanie. by\u0142emu ministrowi","og_url":"https:\/\/www.pogotowieflagowe.pl\/aktualne\/prof-piotrowski-otwarcie-wypowiada-sie-na-temat-sprawy-ziobry-zamieszaj-takze-wsrod-sedziow-efekt-mrozacy\/","og_site_name":"POGOTOWIE FLAGOWE\u00ae","article_published_time":"2025-11-07T20:00:55+00:00","article_modified_time":"2025-11-07T20:00:57+00:00","og_image":[{"width":1280,"height":720,"url":"https:\/\/www.pogotowieflagowe.pl\/aktualne\/wp-content\/uploads\/2025\/11\/Wrazliwe-dane-osobowe-Ziobry-zawarte-we-wniosku-o-uchylenie-immunitetu.webp.webp","type":"image\/webp"}],"author":"Filip","twitter_card":"summary_large_image","twitter_misc":{"Napisane przez":"Filip","Szacowany czas czytania":"2 minuty"},"schema":{"@context":"https:\/\/schema.org","@graph":[{"@type":"Article","@id":"https:\/\/www.pogotowieflagowe.pl\/aktualne\/prof-piotrowski-otwarcie-wypowiada-sie-na-temat-sprawy-ziobry-zamieszaj-takze-wsrod-sedziow-efekt-mrozacy\/#article","isPartOf":{"@id":"https:\/\/www.pogotowieflagowe.pl\/aktualne\/prof-piotrowski-otwarcie-wypowiada-sie-na-temat-sprawy-ziobry-zamieszaj-takze-wsrod-sedziow-efekt-mrozacy\/"},"author":{"name":"Filip","@id":"https:\/\/www.pogotowieflagowe.pl\/aktualne\/#\/schema\/person\/9c2fb7d2362ebf6fa088960d7f0d27b0"},"headline":"Prof. Piotrowski otwarcie wypowiada si\u0119 na temat sprawy Ziobry. Zamieszaj tak\u017ce w\u015br\u00f3d s\u0119dzi\u00f3w. \u201eEfekt mro\u017c\u0105cy\u201d","datePublished":"2025-11-07T20:00:55+00:00","dateModified":"2025-11-07T20:00:57+00:00","mainEntityOfPage":{"@id":"https:\/\/www.pogotowieflagowe.pl\/aktualne\/prof-piotrowski-otwarcie-wypowiada-sie-na-temat-sprawy-ziobry-zamieszaj-takze-wsrod-sedziow-efekt-mrozacy\/"},"wordCount":513,"commentCount":0,"publisher":{"@id":"https:\/\/www.pogotowieflagowe.pl\/aktualne\/#organization"},"image":{"@id":"https:\/\/www.pogotowieflagowe.pl\/aktualne\/prof-piotrowski-otwarcie-wypowiada-sie-na-temat-sprawy-ziobry-zamieszaj-takze-wsrod-sedziow-efekt-mrozacy\/#primaryimage"},"thumbnailUrl":"https:\/\/www.pogotowieflagowe.pl\/aktualne\/wp-content\/uploads\/2025\/11\/Wrazliwe-dane-osobowe-Ziobry-zawarte-we-wniosku-o-uchylenie-immunitetu.webp.webp","keywords":["Efekt","mro\u017c\u0105cy","otwarcie","Piotrowski","Prof","s\u0119dzi\u00f3w","si\u0119","sprawy","tak\u017ce","temat","w\u015br\u00f3d","wypowiada","Zamieszaj","Ziobry"],"articleSection":["Aktualne"],"inLanguage":"pl-PL","potentialAction":[{"@type":"CommentAction","name":"Comment","target":["https:\/\/www.pogotowieflagowe.pl\/aktualne\/prof-piotrowski-otwarcie-wypowiada-sie-na-temat-sprawy-ziobry-zamieszaj-takze-wsrod-sedziow-efekt-mrozacy\/#respond"]}]},{"@type":"WebPage","@id":"https:\/\/www.pogotowieflagowe.pl\/aktualne\/prof-piotrowski-otwarcie-wypowiada-sie-na-temat-sprawy-ziobry-zamieszaj-takze-wsrod-sedziow-efekt-mrozacy\/","url":"https:\/\/www.pogotowieflagowe.pl\/aktualne\/prof-piotrowski-otwarcie-wypowiada-sie-na-temat-sprawy-ziobry-zamieszaj-takze-wsrod-sedziow-efekt-mrozacy\/","name":"Prof. Piotrowski otwarcie wypowiada si\u0119 na temat sprawy Ziobry. Zamieszaj tak\u017ce w\u015br\u00f3d s\u0119dzi\u00f3w. \u201eEfekt mro\u017c\u0105cy\u201d - POGOTOWIE FLAGOWE\u00ae","isPartOf":{"@id":"https:\/\/www.pogotowieflagowe.pl\/aktualne\/#website"},"primaryImageOfPage":{"@id":"https:\/\/www.pogotowieflagowe.pl\/aktualne\/prof-piotrowski-otwarcie-wypowiada-sie-na-temat-sprawy-ziobry-zamieszaj-takze-wsrod-sedziow-efekt-mrozacy\/#primaryimage"},"image":{"@id":"https:\/\/www.pogotowieflagowe.pl\/aktualne\/prof-piotrowski-otwarcie-wypowiada-sie-na-temat-sprawy-ziobry-zamieszaj-takze-wsrod-sedziow-efekt-mrozacy\/#primaryimage"},"thumbnailUrl":"https:\/\/www.pogotowieflagowe.pl\/aktualne\/wp-content\/uploads\/2025\/11\/Wrazliwe-dane-osobowe-Ziobry-zawarte-we-wniosku-o-uchylenie-immunitetu.webp.webp","datePublished":"2025-11-07T20:00:55+00:00","dateModified":"2025-11-07T20:00:57+00:00","breadcrumb":{"@id":"https:\/\/www.pogotowieflagowe.pl\/aktualne\/prof-piotrowski-otwarcie-wypowiada-sie-na-temat-sprawy-ziobry-zamieszaj-takze-wsrod-sedziow-efekt-mrozacy\/#breadcrumb"},"inLanguage":"pl-PL","potentialAction":[{"@type":"ReadAction","target":["https:\/\/www.pogotowieflagowe.pl\/aktualne\/prof-piotrowski-otwarcie-wypowiada-sie-na-temat-sprawy-ziobry-zamieszaj-takze-wsrod-sedziow-efekt-mrozacy\/"]}]},{"@type":"ImageObject","inLanguage":"pl-PL","@id":"https:\/\/www.pogotowieflagowe.pl\/aktualne\/prof-piotrowski-otwarcie-wypowiada-sie-na-temat-sprawy-ziobry-zamieszaj-takze-wsrod-sedziow-efekt-mrozacy\/#primaryimage","url":"https:\/\/www.pogotowieflagowe.pl\/aktualne\/wp-content\/uploads\/2025\/11\/Wrazliwe-dane-osobowe-Ziobry-zawarte-we-wniosku-o-uchylenie-immunitetu.webp.webp","contentUrl":"https:\/\/www.pogotowieflagowe.pl\/aktualne\/wp-content\/uploads\/2025\/11\/Wrazliwe-dane-osobowe-Ziobry-zawarte-we-wniosku-o-uchylenie-immunitetu.webp.webp","width":1280,"height":720,"caption":"Wra\u017cliwe dane osobowe Ziobry zawarte we wniosku o uchylenie immunitetu \u2013 TVN zdobywa dokument"},{"@type":"BreadcrumbList","@id":"https:\/\/www.pogotowieflagowe.pl\/aktualne\/prof-piotrowski-otwarcie-wypowiada-sie-na-temat-sprawy-ziobry-zamieszaj-takze-wsrod-sedziow-efekt-mrozacy\/#breadcrumb","itemListElement":[{"@type":"ListItem","position":1,"name":"Home","item":"https:\/\/www.pogotowieflagowe.pl\/aktualne\/"},{"@type":"ListItem","position":2,"name":"Prof. Piotrowski otwarcie wypowiada si\u0119 na temat sprawy Ziobry. Zamieszaj tak\u017ce w\u015br\u00f3d s\u0119dzi\u00f3w. \u201eEfekt mro\u017c\u0105cy\u201d"}]},{"@type":"WebSite","@id":"https:\/\/www.pogotowieflagowe.pl\/aktualne\/#website","url":"https:\/\/www.pogotowieflagowe.pl\/aktualne\/","name":"POGOTOWIE FLAGOWE\u00ae","description":"","publisher":{"@id":"https:\/\/www.pogotowieflagowe.pl\/aktualne\/#organization"},"potentialAction":[{"@type":"SearchAction","target":{"@type":"EntryPoint","urlTemplate":"https:\/\/www.pogotowieflagowe.pl\/aktualne\/?s={search_term_string}"},"query-input":"required name=search_term_string"}],"inLanguage":"pl-PL"},{"@type":"Organization","@id":"https:\/\/www.pogotowieflagowe.pl\/aktualne\/#organization","name":"POGOTOWIE FLAGOWE\u00ae","url":"https:\/\/www.pogotowieflagowe.pl\/aktualne\/","logo":{"@type":"ImageObject","inLanguage":"pl-PL","@id":"https:\/\/www.pogotowieflagowe.pl\/aktualne\/#\/schema\/logo\/image\/","url":"https:\/\/www.pogotowieflagowe.pl\/aktualne\/wp-content\/uploads\/2024\/08\/cropped-pogotowieflagowe_flaga_projekt_sm.jpg","contentUrl":"https:\/\/www.pogotowieflagowe.pl\/aktualne\/wp-content\/uploads\/2024\/08\/cropped-pogotowieflagowe_flaga_projekt_sm.jpg","width":250,"height":143,"caption":"POGOTOWIE FLAGOWE\u00ae"},"image":{"@id":"https:\/\/www.pogotowieflagowe.pl\/aktualne\/#\/schema\/logo\/image\/"}},{"@type":"Person","@id":"https:\/\/www.pogotowieflagowe.pl\/aktualne\/#\/schema\/person\/9c2fb7d2362ebf6fa088960d7f0d27b0","name":"Filip","image":{"@type":"ImageObject","inLanguage":"pl-PL","@id":"https:\/\/www.pogotowieflagowe.pl\/aktualne\/#\/schema\/person\/image\/","url":"https:\/\/www.pogotowieflagowe.pl\/aktualne\/wp-content\/uploads\/2024\/08\/pogotowieflagowe.pl_.jpg","contentUrl":"https:\/\/www.pogotowieflagowe.pl\/aktualne\/wp-content\/uploads\/2024\/08\/pogotowieflagowe.pl_.jpg","caption":"Filip"},"description":"Jestem Filip, polski dziennikarz z dyplomem nauk politycznych Uniwersytetu Warszawskiego. Rozpoczynaj\u0105c swoj\u0105 karier\u0119 w r\u00f3\u017cnych lokalnych mediach, zdoby\u0142em solidne do\u015bwiadczenie w zakresie \u015bledztwa i redakcji. Obecnie jako redaktor w Pogotowie flagowe, staram si\u0119 dostarcza\u0107 dog\u0142\u0119bne i istotne analizy na temat najwa\u017cniejszych kwestii aktualno\u015bci, \u0142\u0105cz\u0105c rygor z pasj\u0105 dziennikarsk\u0105.","sameAs":["https:\/\/www.pogotowieflagowe.pl\/"]}]}},"_links":{"self":[{"href":"https:\/\/www.pogotowieflagowe.pl\/aktualne\/wp-json\/wp\/v2\/posts\/10255","targetHints":{"allow":["GET"]}}],"collection":[{"href":"https:\/\/www.pogotowieflagowe.pl\/aktualne\/wp-json\/wp\/v2\/posts"}],"about":[{"href":"https:\/\/www.pogotowieflagowe.pl\/aktualne\/wp-json\/wp\/v2\/types\/post"}],"author":[{"embeddable":true,"href":"https:\/\/www.pogotowieflagowe.pl\/aktualne\/wp-json\/wp\/v2\/users\/1"}],"replies":[{"embeddable":true,"href":"https:\/\/www.pogotowieflagowe.pl\/aktualne\/wp-json\/wp\/v2\/comments?post=10255"}],"version-history":[{"count":1,"href":"https:\/\/www.pogotowieflagowe.pl\/aktualne\/wp-json\/wp\/v2\/posts\/10255\/revisions"}],"predecessor-version":[{"id":10256,"href":"https:\/\/www.pogotowieflagowe.pl\/aktualne\/wp-json\/wp\/v2\/posts\/10255\/revisions\/10256"}],"wp:featuredmedia":[{"embeddable":true,"href":"https:\/\/www.pogotowieflagowe.pl\/aktualne\/wp-json\/wp\/v2\/media\/10248"}],"wp:attachment":[{"href":"https:\/\/www.pogotowieflagowe.pl\/aktualne\/wp-json\/wp\/v2\/media?parent=10255"}],"wp:term":[{"taxonomy":"category","embeddable":true,"href":"https:\/\/www.pogotowieflagowe.pl\/aktualne\/wp-json\/wp\/v2\/categories?post=10255"},{"taxonomy":"post_tag","embeddable":true,"href":"https:\/\/www.pogotowieflagowe.pl\/aktualne\/wp-json\/wp\/v2\/tags?post=10255"}],"curies":[{"name":"wp","href":"https:\/\/api.w.org\/{rel}","templated":true}]}}