{"id":10260,"date":"2025-11-07T22:03:04","date_gmt":"2025-11-07T21:03:04","guid":{"rendered":"https:\/\/www.pogotowieflagowe.pl\/aktualne\/perspektywa-smierci-dla-wielu-polakow-lider-pis-zapowiedzial-co-zrobi-jego-partia\/"},"modified":"2025-11-07T22:03:05","modified_gmt":"2025-11-07T21:03:05","slug":"perspektywa-smierci-dla-wielu-polakow-lider-pis-zapowiedzial-co-zrobi-jego-partia","status":"publish","type":"post","link":"https:\/\/www.pogotowieflagowe.pl\/aktualne\/perspektywa-smierci-dla-wielu-polakow-lider-pis-zapowiedzial-co-zrobi-jego-partia\/","title":{"rendered":"\u201ePerspektywa \u015bmierci\u201d dla wielu Polak\u00f3w. Lider PiS zapowiedzia\u0142, co zrobi jego partia"},"content":{"rendered":"\n<div class=\"td_block_wrap tdb_single_content tdi_41 td-pb-border-top td_block_template_8 td-post-content tagdiv-type\" data-td-block-uid=\"tdi_41\">\n<style>.tdi_41{margines-top:0px!important;margin-bottom:0px!important;dope\u0142nienie-g\u00f3ra:0px!important;dope\u0142nienie-d\u00f3\u0142:0px!important}<\/style>\n<style>.tdb_single_content{margin-bottom:0;*zoom:1}.tdb_single_content:before,.tdb_single_content:after{display:table;content:'';line-height:0}.tdb_single_content:after{clear:both}.tdb_single_content .tdb-block-inner>*:not(.wp-block-quote):not(.alignwide):not(.alignfull.wp-block-cover.has-parallax):not(.td-a-ad){margin-left:auto;margin-right:auto}.tdb_single_content a{pointer-events:auto}.tdb_single_content .td-spot-id-top_ad .tdc-placeholder-title:before{content:'Najlepsza reklama artyku\u0142u'!important}.tdb_single_content .td-spot-id-inline_ad0 .tdc-placeholder-title:before{content:'Reklama wbudowana artyku\u0142u 1'!important}.tdb_single_content .td-spot-id-inline_ad1 .tdc-placeholder-title:before{content:'Wbudowana reklama w artykule 2'!important}.tdb_single_content .td-spot-id-inline_ad2 .tdc-placeholder-title:before{content:'Wbudowana reklama w artykule 3'!important}.tdb_single_content .td-spot-id-bottom_ad .tdc-placeholder-title:before{content:'Article Bottom Ad'!important}.tdb_single_content .id_top_ad,.tdb_single_content .id_bottom_ad{clear:both;margin-bottom:21px;text-align:center}.tdb_single_content .id_top_ad img,.tdb_single_content .id_bottom_ad img{margin-bottom:0}.tdb_single_content .id_top_ad .adsbygoogle,.tdb_single_content .id_bottom_ad .adsbygoogle{position:relative}.tdb_single_content .id_ad_content-horiz-left,.tdb_single_content .id_ad_content-horiz-right,.tdb_single_content .id_ad_content-horiz-center{margin-bottom:15px}.tdb_single_content .id_ad_content-horiz-left img,.tdb_single_content .id_ad_content-horiz-right img,.tdb_single_content .id_ad_content-horiz-center img{margin-bottom:0}.tdb_single_content .id_ad_content-horiz-center{text-align:center}.tdb_single_content .id_ad_content-horiz-center img{margin-right:auto;margin-left:auto}.tdb_single_content .id_ad_content-horiz-left{float:left;margin-top:9px;margin-right:21px}.tdb_single_content .id_ad_content-horiz-right{float:right;margin-top:6px;margin-left:21px}.tdb_single_content .tdc-a-ad .tdc-placeholder-title{width:300px;height:250px}.tdb_single_content .tdc-a-ad .tdc-placeholder-title:before{position:absolute;top:50%;-webkit-transform:translateY(-50%);transform:translateY(-50%);margin:auto;display:table;width:100%}.tdb_single_content .tdb-block-inner.td-fix-index{word-break:break-word}.tdi_41,.tdi_41>p,.tdi_41 .tdb-block-inner>p,.wp-block-column>p{font-size:16px!important;line-height:1.6!important}.tdi_41 .tdb-block-inner blockquote p{font-style:normal!important}@media (max-width:767px){.tdb_single_content .id_ad_content-horiz-left,.tdb_single_content .id_ad_content-horiz-right,.tdb_single_content .id_ad_content-horiz-center{margin:0 auto 26 pikseli auto}}@media (max-width:767px){.tdb_single_content .id_ad_content-horiz-left{margin-right:0}}@media (max-width:767px){.tdb_single_content .id_ad_content-horiz-right{margin-left:0}}@media (max-width:767px){.tdb_single_content .td-a-ad{float:none;text-align:center}.tdb_single_content .td-a-ad img{margin-right:auto;margin-left:auto}.tdb_single_content .tdc-a-ad{float:none}}<\/style>\n<div class=\"tdb-block-inner td-fix-index\">\n<p>Lider <em>Prawo i Sprawiedliwo\u015b\u0107<\/em> (PiS) Jaros\u0142aw Kaczy\u0144ski zapowiedzia\u0142 w pi\u0105tek akcj\u0119 spotka\u0144 przed szpitalami. Ma to by\u0107 odpowied\u017a na narastaj\u0105cy kryzys w s\u0142u\u017cbie zdrowia. <strong>\u201eChcemy, aby spo\u0142ecze\u0144stwo wiedzia\u0142o, czyja jest to wina i wiedzia\u0142o, \u017ce mo\u017cna to zmieni\u0107\u201d \u2013 doda\u0142.<\/strong> \u2013 oznajmi\u0142 na konferencji prasowej.<\/p>\n<p>Przez kilka dni, <em>Niezalezna.pl<\/em> opisuje tragiczn\u0105 sytuacj\u0119 w polskich szpitalach. Brakuje \u015brodk\u00f3w na leczenie Polak\u00f3w, co oznacza, \u017ce \u200b\u200bzabiegi pacjent\u00f3w przek\u0142adane s\u0105 na p\u00f3\u017aniej, a niekt\u00f3re oddzia\u0142y szpitalne s\u0105 zamykane. W pi\u0105tek wypowiedzia\u0142 si\u0119 w tej sprawie lider PiS Jaros\u0142aw Kaczy\u0144ski.<\/p>\n<figure class=\"wp-block-embed is-type-rich is-provider-twitter wp-block-embed-twitter\">\n<div class=\"wp-block-embed__wrapper\">\n<blockquote class=\"twitter-tweet\" data-width=\"550\" data-dnt=\"true\">\n<p lang=\"pl\" dir=\"ltr\">\ud83d\udcac Prezes J. Kaczy\u0144ski <a rel=\"nofollow\" href=\"https:\/\/twitter.com\/OficjalnyJK?ref_src=twsrc%5Etfw\">@OficjalnyJK<\/a>: To wszystko stanowi tragedi\u0119 s\u0142u\u017cby zdrowia, kt\u00f3ra jest niedost\u0119pna dla rz\u0105du. Jest to przyczynkiem do sposobu rz\u0105dzenia i tego, wsp\u00f3\u0142udzia\u0142em w kampanii wyborczych. Wszystkie kampanie tej w\u0142adzy dotycz\u0105ce akt\u00f3w manipulacji i wielkiego oszustwa.\u2026 <a rel=\"nofollow\" href=\"https:\/\/t.co\/OdBmeur6Z0\">pic.twitter.com\/OdBmeur6Z0<\/a><\/p>\n<p>\u2014 Prawo i Sprawiedliwo\u015b\u0107 (@pisorgpl) <a rel=\"nofollow\" href=\"https:\/\/twitter.com\/pisorgpl\/status\/1986820246783606903?ref_src=twsrc%5Etfw\">7 listopada 2025 r<\/a><\/p><\/blockquote>\n<\/div>\n<\/figure>\n<p>Polityk podkre\u015bli\u0142, \u017ce obecna sytuacja jest ju\u017c kojarzona <strong>\u201eperspektywa \u015bmierci, a nawet faktycznej \u015bmierci bardzo wielu ludzi\u201d.<\/strong> Nawi\u0105za\u0142 do dzisiejszej zapowiedzi, \u017ce rz\u0105d przeznaczy na s\u0142u\u017cb\u0119 zdrowia dodatkowe 3,5 mld, co uwa\u017ca za niewystarczaj\u0105ce.<\/p>\n<p>Komentuj\u0105c zamkni\u0119cie niekt\u00f3rych oddzia\u0142\u00f3w szpitalnych, zwr\u00f3ci\u0142 uwag\u0119 na oddzia\u0142y po\u0142o\u017cnicze. Wed\u0142ug doniesie\u0144 po\u0142o\u017cne zamiast tam pracowa\u0107, po\u0142o\u017cne s\u0105 przydzielane do oddzia\u0142\u00f3w ratunkowych. <strong>&#8222;Na oddzia\u0142ach ratunkowych przebywaj\u0105 ludzie z powa\u017cnymi obra\u017ceniami, w stanie krytycznym, cz\u0119sto zaka\u017anymi. Kr\u00f3tko m\u00f3wi\u0105c, s\u0105 to \u015brodowiska \u2013 poza szpitalami zaka\u017anymi \u2013 kt\u00f3re s\u0105 najgorsze z mo\u017cliwych dla rodz\u0105cej kobiety\u201d<\/strong> \u2013 podkre\u015bli\u0142.<\/p>\n<p><strong>\u201eTo wszystko razem stanowi z jednej strony nie tylko problem sam w sobie, ale wr\u0119cz tragedi\u0119, na kt\u00f3r\u0105 rz\u0105d nie reaguje, a z drugiej strony stanowi bardzo powa\u017cny przyczynek do sposobu rz\u0105dzenia i tego, co wydarzy\u0142o si\u0119 w czasie kampanii wyborczych\u201d \u2013 doda\u0142.<\/strong> \u2013 powiedzia\u0142, przypominaj\u0105c obietnice rz\u0105dz\u0105cych, kt\u00f3rzy m\u00f3wili o natychmiastowej poprawie, jakby za pomoc\u0105 \u201emagicznej r\u00f3\u017cd\u017cki\u201d.<\/p>\n<p>Wed\u0142ug Kaczy\u0144skiego obecna sytuacja to pokazuje <strong>\u201eSprawi\u0105 w\u0142adz\u0119 to ludzie, kt\u00f3rzy nie tylko ra\u017c\u0105co \u0142ami\u0105 prawo i w istocie niszcz\u0105 dorobek ostatnich trzydziestu kilku lat niepodleg\u0142ej Polski (\u2026), ale rujnuj\u0105 poszczeg\u00f3lne obszary funkcjonowania pa\u0144stwa, w tym szczeg\u00f3lnie wa\u017cny dla bezpiecze\u0144stwa i \u017cycia obywateli \u2013 system opieki zdrowotnej\u201d.<\/strong><\/p>\n<p><strong>&#8222;Ostateczna odpowied\u017a mo\u017ce by\u0107 tylko jedna &#8211; ten rz\u0105d nale\u017cy zmieni\u0107. Ale poniewa\u017c na razie nie wida\u0107 takiej perspektywy, mo\u017cemy zareagowa\u0107 tylko w jeden spos\u00f3b&#8221;<\/strong> o\u015bwiadczy\u0142. Lider PiS zapowiedzia\u0142 akcj\u0119 spotka\u0144 poza szpitalami. <strong>&#8222;Chcemy, \u017ceby spo\u0142ecze\u0144stwo \u2013 niestety dzi\u015b cz\u0119sto wprowadzane w b\u0142\u0105d \u2013 wiedzia\u0142o, jak jest naprawd\u0119, wiedzia\u0142o, czyja jest wina i wiedzia\u0142o, \u017ce mo\u017cna to zmieni\u0107. Musimy tylko stworzy\u0107 rz\u0105d na miar\u0119 tych czas\u00f3w&#8221;<\/strong> powiedzia\u0142.<\/p>\n<p><strong>\u201eTo s\u0105 bardzo trudne czasy i to nie tylko z tego powodu (\u2026) ale ten rz\u0105d, kt\u00f3ry jest obecnie u w\u0142adzy, nawet na bardzo dobre czasy nie nadawa\u0142by si\u0119, bo \u2013 jak to si\u0119 m\u00f3wi \u2013 rz\u0105dzi\u0142by tak, \u017ce nawet na pustyni coraz trudniej by\u0142oby znale\u017a\u0107 piasek\u201d \u2013 doda\u0142.<\/strong> stwierdzi\u0142.<\/p>\n<figure class=\"wp-block-embed is-type-rich is-provider-twitter wp-block-embed-twitter\">\n<div class=\"wp-block-embed__wrapper\">\n<blockquote class=\"twitter-tweet\" data-width=\"550\" data-dnt=\"true\">\n<p lang=\"pl\" dir=\"ltr\">\ud83d\udcac Prezes J. Kaczy\u0144ski <a rel=\"nofollow\" href=\"https:\/\/twitter.com\/OficjalnyJK?ref_src=twsrc%5Etfw\">@OficjalnyJK<\/a>: To wszystko stanowi tragedi\u0119 s\u0142u\u017cby zdrowia, kt\u00f3ra jest niedost\u0119pna dla rz\u0105du. Jest to przyczynkiem do sposobu rz\u0105dzenia i tego, wsp\u00f3\u0142udzia\u0142em w kampanii wyborczych. Wszystkie kampanie tej w\u0142adzy dotycz\u0105ce akt\u00f3w manipulacji i wielkiego oszustwa.\u2026 <a rel=\"nofollow\" href=\"https:\/\/t.co\/OdBmeur6Z0\">pic.twitter.com\/OdBmeur6Z0<\/a><\/p>\n<p>\u2014 Prawo i Sprawiedliwo\u015b\u0107 (@pisorgpl) <a rel=\"nofollow\" href=\"https:\/\/twitter.com\/pisorgpl\/status\/1986820246783606903?ref_src=twsrc%5Etfw\">7 listopada 2025 r<\/a><\/p><\/blockquote>\n<\/div>\n<\/figure>\n<\/div>\n<\/div>\n<p><script async src=\"https:\/\/platform.twitter.com\/widgets.js\" charset=\"utf-8\"><\/script><\/p>\n","protected":false},"excerpt":{"rendered":"<p>Lider Prawo i Sprawiedliwo\u015b\u0107 (PiS) Jaros\u0142aw Kaczy\u0144ski zapowiedzia\u0142 w pi\u0105tek akcj\u0119 spotka\u0144 przed szpitalami. Ma to by\u0107 odpowied\u017a na narastaj\u0105cy<\/p>\n","protected":false},"author":1,"featured_media":10261,"comment_status":"open","ping_status":"open","sticky":false,"template":"","format":"standard","meta":{"footnotes":""},"categories":[4748],"tags":[131,257,1102,8645,78,166,194,2427,9495,11748,1682],"class_list":["post-10260","post","type-post","status-publish","format-standard","has-post-thumbnail","hentry","category-aktualne","tag-dla","tag-jego","tag-lider","tag-partia","tag-perspektywa","tag-pis","tag-polakow","tag-smierci","tag-wielu","tag-zapowiedzial","tag-zrobi","generate-columns","tablet-grid-50","mobile-grid-100","grid-parent","grid-50","resize-featured-image"],"yoast_head":"<!-- This site is optimized with the Yoast SEO plugin v23.2 - https:\/\/yoast.com\/wordpress\/plugins\/seo\/ -->\n<title>\u201ePerspektywa \u015bmierci\u201d dla wielu Polak\u00f3w. Lider PiS zapowiedzia\u0142, co zrobi jego partia - POGOTOWIE FLAGOWE\u00ae<\/title>\n<meta name=\"robots\" content=\"index, follow, max-snippet:-1, max-image-preview:large, max-video-preview:-1\" \/>\n<link rel=\"canonical\" href=\"https:\/\/www.pogotowieflagowe.pl\/aktualne\/perspektywa-smierci-dla-wielu-polakow-lider-pis-zapowiedzial-co-zrobi-jego-partia\/\" \/>\n<meta property=\"og:locale\" content=\"pl_PL\" \/>\n<meta property=\"og:type\" content=\"article\" \/>\n<meta property=\"og:title\" content=\"\u201ePerspektywa \u015bmierci\u201d dla wielu Polak\u00f3w. Lider PiS zapowiedzia\u0142, co zrobi jego partia - POGOTOWIE FLAGOWE\u00ae\" \/>\n<meta property=\"og:description\" content=\"Lider Prawo i Sprawiedliwo\u015b\u0107 (PiS) Jaros\u0142aw Kaczy\u0144ski zapowiedzia\u0142 w pi\u0105tek akcj\u0119 spotka\u0144 przed szpitalami. Ma to by\u0107 odpowied\u017a na narastaj\u0105cy\" \/>\n<meta property=\"og:url\" content=\"https:\/\/www.pogotowieflagowe.pl\/aktualne\/perspektywa-smierci-dla-wielu-polakow-lider-pis-zapowiedzial-co-zrobi-jego-partia\/\" \/>\n<meta property=\"og:site_name\" content=\"POGOTOWIE FLAGOWE\u00ae\" \/>\n<meta property=\"article:published_time\" content=\"2025-11-07T21:03:04+00:00\" \/>\n<meta property=\"article:modified_time\" content=\"2025-11-07T21:03:05+00:00\" \/>\n<meta property=\"og:image\" content=\"https:\/\/www.pogotowieflagowe.pl\/aktualne\/wp-content\/uploads\/2025\/11\/\u201ePerspektywa-smierci-dla-wielu-Polakow-Lider-PiS-zapowiedzial-co-zrobi.webp.webp\" \/>\n\t<meta property=\"og:image:width\" content=\"1280\" \/>\n\t<meta property=\"og:image:height\" content=\"720\" \/>\n\t<meta property=\"og:image:type\" content=\"image\/webp\" \/>\n<meta name=\"author\" content=\"Filip\" \/>\n<meta name=\"twitter:card\" content=\"summary_large_image\" \/>\n<meta name=\"twitter:label1\" content=\"Napisane przez\" \/>\n\t<meta name=\"twitter:data1\" content=\"Filip\" \/>\n\t<meta name=\"twitter:label2\" content=\"Szacowany czas czytania\" \/>\n\t<meta name=\"twitter:data2\" content=\"3 minuty\" \/>\n<script type=\"application\/ld+json\" class=\"yoast-schema-graph\">{\"@context\":\"https:\/\/schema.org\",\"@graph\":[{\"@type\":\"Article\",\"@id\":\"https:\/\/www.pogotowieflagowe.pl\/aktualne\/perspektywa-smierci-dla-wielu-polakow-lider-pis-zapowiedzial-co-zrobi-jego-partia\/#article\",\"isPartOf\":{\"@id\":\"https:\/\/www.pogotowieflagowe.pl\/aktualne\/perspektywa-smierci-dla-wielu-polakow-lider-pis-zapowiedzial-co-zrobi-jego-partia\/\"},\"author\":{\"name\":\"Filip\",\"@id\":\"https:\/\/www.pogotowieflagowe.pl\/aktualne\/#\/schema\/person\/9c2fb7d2362ebf6fa088960d7f0d27b0\"},\"headline\":\"\u201ePerspektywa \u015bmierci\u201d dla wielu Polak\u00f3w. Lider PiS zapowiedzia\u0142, co zrobi jego partia\",\"datePublished\":\"2025-11-07T21:03:04+00:00\",\"dateModified\":\"2025-11-07T21:03:05+00:00\",\"mainEntityOfPage\":{\"@id\":\"https:\/\/www.pogotowieflagowe.pl\/aktualne\/perspektywa-smierci-dla-wielu-polakow-lider-pis-zapowiedzial-co-zrobi-jego-partia\/\"},\"wordCount\":618,\"commentCount\":0,\"publisher\":{\"@id\":\"https:\/\/www.pogotowieflagowe.pl\/aktualne\/#organization\"},\"image\":{\"@id\":\"https:\/\/www.pogotowieflagowe.pl\/aktualne\/perspektywa-smierci-dla-wielu-polakow-lider-pis-zapowiedzial-co-zrobi-jego-partia\/#primaryimage\"},\"thumbnailUrl\":\"https:\/\/www.pogotowieflagowe.pl\/aktualne\/wp-content\/uploads\/2025\/11\/\u201ePerspektywa-smierci-dla-wielu-Polakow-Lider-PiS-zapowiedzial-co-zrobi.webp.webp\",\"keywords\":[\"dla\",\"jego\",\"lider\",\"parti\u0105\",\"perspektywa\",\"PiS\",\"Polak\u00f3w\",\"\u015bmierci\",\"wielu\",\"zapowiedzia\u0142\",\"zrobi\"],\"articleSection\":[\"Aktualne\"],\"inLanguage\":\"pl-PL\",\"potentialAction\":[{\"@type\":\"CommentAction\",\"name\":\"Comment\",\"target\":[\"https:\/\/www.pogotowieflagowe.pl\/aktualne\/perspektywa-smierci-dla-wielu-polakow-lider-pis-zapowiedzial-co-zrobi-jego-partia\/#respond\"]}]},{\"@type\":\"WebPage\",\"@id\":\"https:\/\/www.pogotowieflagowe.pl\/aktualne\/perspektywa-smierci-dla-wielu-polakow-lider-pis-zapowiedzial-co-zrobi-jego-partia\/\",\"url\":\"https:\/\/www.pogotowieflagowe.pl\/aktualne\/perspektywa-smierci-dla-wielu-polakow-lider-pis-zapowiedzial-co-zrobi-jego-partia\/\",\"name\":\"\u201ePerspektywa \u015bmierci\u201d dla wielu Polak\u00f3w. Lider PiS zapowiedzia\u0142, co zrobi jego partia - POGOTOWIE FLAGOWE\u00ae\",\"isPartOf\":{\"@id\":\"https:\/\/www.pogotowieflagowe.pl\/aktualne\/#website\"},\"primaryImageOfPage\":{\"@id\":\"https:\/\/www.pogotowieflagowe.pl\/aktualne\/perspektywa-smierci-dla-wielu-polakow-lider-pis-zapowiedzial-co-zrobi-jego-partia\/#primaryimage\"},\"image\":{\"@id\":\"https:\/\/www.pogotowieflagowe.pl\/aktualne\/perspektywa-smierci-dla-wielu-polakow-lider-pis-zapowiedzial-co-zrobi-jego-partia\/#primaryimage\"},\"thumbnailUrl\":\"https:\/\/www.pogotowieflagowe.pl\/aktualne\/wp-content\/uploads\/2025\/11\/\u201ePerspektywa-smierci-dla-wielu-Polakow-Lider-PiS-zapowiedzial-co-zrobi.webp.webp\",\"datePublished\":\"2025-11-07T21:03:04+00:00\",\"dateModified\":\"2025-11-07T21:03:05+00:00\",\"breadcrumb\":{\"@id\":\"https:\/\/www.pogotowieflagowe.pl\/aktualne\/perspektywa-smierci-dla-wielu-polakow-lider-pis-zapowiedzial-co-zrobi-jego-partia\/#breadcrumb\"},\"inLanguage\":\"pl-PL\",\"potentialAction\":[{\"@type\":\"ReadAction\",\"target\":[\"https:\/\/www.pogotowieflagowe.pl\/aktualne\/perspektywa-smierci-dla-wielu-polakow-lider-pis-zapowiedzial-co-zrobi-jego-partia\/\"]}]},{\"@type\":\"ImageObject\",\"inLanguage\":\"pl-PL\",\"@id\":\"https:\/\/www.pogotowieflagowe.pl\/aktualne\/perspektywa-smierci-dla-wielu-polakow-lider-pis-zapowiedzial-co-zrobi-jego-partia\/#primaryimage\",\"url\":\"https:\/\/www.pogotowieflagowe.pl\/aktualne\/wp-content\/uploads\/2025\/11\/\u201ePerspektywa-smierci-dla-wielu-Polakow-Lider-PiS-zapowiedzial-co-zrobi.webp.webp\",\"contentUrl\":\"https:\/\/www.pogotowieflagowe.pl\/aktualne\/wp-content\/uploads\/2025\/11\/\u201ePerspektywa-smierci-dla-wielu-Polakow-Lider-PiS-zapowiedzial-co-zrobi.webp.webp\",\"width\":1280,\"height\":720,\"caption\":\"\u201ePerspektywa \u015bmierci\u201d dla wielu Polak\u00f3w. Lider PiS zapowiedzia\u0142, co zrobi jego partia\"},{\"@type\":\"BreadcrumbList\",\"@id\":\"https:\/\/www.pogotowieflagowe.pl\/aktualne\/perspektywa-smierci-dla-wielu-polakow-lider-pis-zapowiedzial-co-zrobi-jego-partia\/#breadcrumb\",\"itemListElement\":[{\"@type\":\"ListItem\",\"position\":1,\"name\":\"Home\",\"item\":\"https:\/\/www.pogotowieflagowe.pl\/aktualne\/\"},{\"@type\":\"ListItem\",\"position\":2,\"name\":\"\u201ePerspektywa \u015bmierci\u201d dla wielu Polak\u00f3w. Lider PiS zapowiedzia\u0142, co zrobi jego partia\"}]},{\"@type\":\"WebSite\",\"@id\":\"https:\/\/www.pogotowieflagowe.pl\/aktualne\/#website\",\"url\":\"https:\/\/www.pogotowieflagowe.pl\/aktualne\/\",\"name\":\"POGOTOWIE FLAGOWE\u00ae\",\"description\":\"\",\"publisher\":{\"@id\":\"https:\/\/www.pogotowieflagowe.pl\/aktualne\/#organization\"},\"potentialAction\":[{\"@type\":\"SearchAction\",\"target\":{\"@type\":\"EntryPoint\",\"urlTemplate\":\"https:\/\/www.pogotowieflagowe.pl\/aktualne\/?s={search_term_string}\"},\"query-input\":\"required name=search_term_string\"}],\"inLanguage\":\"pl-PL\"},{\"@type\":\"Organization\",\"@id\":\"https:\/\/www.pogotowieflagowe.pl\/aktualne\/#organization\",\"name\":\"POGOTOWIE FLAGOWE\u00ae\",\"url\":\"https:\/\/www.pogotowieflagowe.pl\/aktualne\/\",\"logo\":{\"@type\":\"ImageObject\",\"inLanguage\":\"pl-PL\",\"@id\":\"https:\/\/www.pogotowieflagowe.pl\/aktualne\/#\/schema\/logo\/image\/\",\"url\":\"https:\/\/www.pogotowieflagowe.pl\/aktualne\/wp-content\/uploads\/2024\/08\/cropped-pogotowieflagowe_flaga_projekt_sm.jpg\",\"contentUrl\":\"https:\/\/www.pogotowieflagowe.pl\/aktualne\/wp-content\/uploads\/2024\/08\/cropped-pogotowieflagowe_flaga_projekt_sm.jpg\",\"width\":250,\"height\":143,\"caption\":\"POGOTOWIE FLAGOWE\u00ae\"},\"image\":{\"@id\":\"https:\/\/www.pogotowieflagowe.pl\/aktualne\/#\/schema\/logo\/image\/\"}},{\"@type\":\"Person\",\"@id\":\"https:\/\/www.pogotowieflagowe.pl\/aktualne\/#\/schema\/person\/9c2fb7d2362ebf6fa088960d7f0d27b0\",\"name\":\"Filip\",\"image\":{\"@type\":\"ImageObject\",\"inLanguage\":\"pl-PL\",\"@id\":\"https:\/\/www.pogotowieflagowe.pl\/aktualne\/#\/schema\/person\/image\/\",\"url\":\"https:\/\/www.pogotowieflagowe.pl\/aktualne\/wp-content\/uploads\/2024\/08\/pogotowieflagowe.pl_.jpg\",\"contentUrl\":\"https:\/\/www.pogotowieflagowe.pl\/aktualne\/wp-content\/uploads\/2024\/08\/pogotowieflagowe.pl_.jpg\",\"caption\":\"Filip\"},\"description\":\"Jestem Filip, polski dziennikarz z dyplomem nauk politycznych Uniwersytetu Warszawskiego. Rozpoczynaj\u0105c swoj\u0105 karier\u0119 w r\u00f3\u017cnych lokalnych mediach, zdoby\u0142em solidne do\u015bwiadczenie w zakresie \u015bledztwa i redakcji. Obecnie jako redaktor w Pogotowie flagowe, staram si\u0119 dostarcza\u0107 dog\u0142\u0119bne i istotne analizy na temat najwa\u017cniejszych kwestii aktualno\u015bci, \u0142\u0105cz\u0105c rygor z pasj\u0105 dziennikarsk\u0105.\",\"sameAs\":[\"https:\/\/www.pogotowieflagowe.pl\/\"]}]}<\/script>\n<!-- \/ Yoast SEO plugin. -->","yoast_head_json":{"title":"\u201ePerspektywa \u015bmierci\u201d dla wielu Polak\u00f3w. Lider PiS zapowiedzia\u0142, co zrobi jego partia - POGOTOWIE FLAGOWE\u00ae","robots":{"index":"index","follow":"follow","max-snippet":"max-snippet:-1","max-image-preview":"max-image-preview:large","max-video-preview":"max-video-preview:-1"},"canonical":"https:\/\/www.pogotowieflagowe.pl\/aktualne\/perspektywa-smierci-dla-wielu-polakow-lider-pis-zapowiedzial-co-zrobi-jego-partia\/","og_locale":"pl_PL","og_type":"article","og_title":"\u201ePerspektywa \u015bmierci\u201d dla wielu Polak\u00f3w. Lider PiS zapowiedzia\u0142, co zrobi jego partia - POGOTOWIE FLAGOWE\u00ae","og_description":"Lider Prawo i Sprawiedliwo\u015b\u0107 (PiS) Jaros\u0142aw Kaczy\u0144ski zapowiedzia\u0142 w pi\u0105tek akcj\u0119 spotka\u0144 przed szpitalami. Ma to by\u0107 odpowied\u017a na narastaj\u0105cy","og_url":"https:\/\/www.pogotowieflagowe.pl\/aktualne\/perspektywa-smierci-dla-wielu-polakow-lider-pis-zapowiedzial-co-zrobi-jego-partia\/","og_site_name":"POGOTOWIE FLAGOWE\u00ae","article_published_time":"2025-11-07T21:03:04+00:00","article_modified_time":"2025-11-07T21:03:05+00:00","og_image":[{"width":1280,"height":720,"url":"https:\/\/www.pogotowieflagowe.pl\/aktualne\/wp-content\/uploads\/2025\/11\/\u201ePerspektywa-smierci-dla-wielu-Polakow-Lider-PiS-zapowiedzial-co-zrobi.webp.webp","type":"image\/webp"}],"author":"Filip","twitter_card":"summary_large_image","twitter_misc":{"Napisane przez":"Filip","Szacowany czas czytania":"3 minuty"},"schema":{"@context":"https:\/\/schema.org","@graph":[{"@type":"Article","@id":"https:\/\/www.pogotowieflagowe.pl\/aktualne\/perspektywa-smierci-dla-wielu-polakow-lider-pis-zapowiedzial-co-zrobi-jego-partia\/#article","isPartOf":{"@id":"https:\/\/www.pogotowieflagowe.pl\/aktualne\/perspektywa-smierci-dla-wielu-polakow-lider-pis-zapowiedzial-co-zrobi-jego-partia\/"},"author":{"name":"Filip","@id":"https:\/\/www.pogotowieflagowe.pl\/aktualne\/#\/schema\/person\/9c2fb7d2362ebf6fa088960d7f0d27b0"},"headline":"\u201ePerspektywa \u015bmierci\u201d dla wielu Polak\u00f3w. Lider PiS zapowiedzia\u0142, co zrobi jego partia","datePublished":"2025-11-07T21:03:04+00:00","dateModified":"2025-11-07T21:03:05+00:00","mainEntityOfPage":{"@id":"https:\/\/www.pogotowieflagowe.pl\/aktualne\/perspektywa-smierci-dla-wielu-polakow-lider-pis-zapowiedzial-co-zrobi-jego-partia\/"},"wordCount":618,"commentCount":0,"publisher":{"@id":"https:\/\/www.pogotowieflagowe.pl\/aktualne\/#organization"},"image":{"@id":"https:\/\/www.pogotowieflagowe.pl\/aktualne\/perspektywa-smierci-dla-wielu-polakow-lider-pis-zapowiedzial-co-zrobi-jego-partia\/#primaryimage"},"thumbnailUrl":"https:\/\/www.pogotowieflagowe.pl\/aktualne\/wp-content\/uploads\/2025\/11\/\u201ePerspektywa-smierci-dla-wielu-Polakow-Lider-PiS-zapowiedzial-co-zrobi.webp.webp","keywords":["dla","jego","lider","parti\u0105","perspektywa","PiS","Polak\u00f3w","\u015bmierci","wielu","zapowiedzia\u0142","zrobi"],"articleSection":["Aktualne"],"inLanguage":"pl-PL","potentialAction":[{"@type":"CommentAction","name":"Comment","target":["https:\/\/www.pogotowieflagowe.pl\/aktualne\/perspektywa-smierci-dla-wielu-polakow-lider-pis-zapowiedzial-co-zrobi-jego-partia\/#respond"]}]},{"@type":"WebPage","@id":"https:\/\/www.pogotowieflagowe.pl\/aktualne\/perspektywa-smierci-dla-wielu-polakow-lider-pis-zapowiedzial-co-zrobi-jego-partia\/","url":"https:\/\/www.pogotowieflagowe.pl\/aktualne\/perspektywa-smierci-dla-wielu-polakow-lider-pis-zapowiedzial-co-zrobi-jego-partia\/","name":"\u201ePerspektywa \u015bmierci\u201d dla wielu Polak\u00f3w. Lider PiS zapowiedzia\u0142, co zrobi jego partia - POGOTOWIE FLAGOWE\u00ae","isPartOf":{"@id":"https:\/\/www.pogotowieflagowe.pl\/aktualne\/#website"},"primaryImageOfPage":{"@id":"https:\/\/www.pogotowieflagowe.pl\/aktualne\/perspektywa-smierci-dla-wielu-polakow-lider-pis-zapowiedzial-co-zrobi-jego-partia\/#primaryimage"},"image":{"@id":"https:\/\/www.pogotowieflagowe.pl\/aktualne\/perspektywa-smierci-dla-wielu-polakow-lider-pis-zapowiedzial-co-zrobi-jego-partia\/#primaryimage"},"thumbnailUrl":"https:\/\/www.pogotowieflagowe.pl\/aktualne\/wp-content\/uploads\/2025\/11\/\u201ePerspektywa-smierci-dla-wielu-Polakow-Lider-PiS-zapowiedzial-co-zrobi.webp.webp","datePublished":"2025-11-07T21:03:04+00:00","dateModified":"2025-11-07T21:03:05+00:00","breadcrumb":{"@id":"https:\/\/www.pogotowieflagowe.pl\/aktualne\/perspektywa-smierci-dla-wielu-polakow-lider-pis-zapowiedzial-co-zrobi-jego-partia\/#breadcrumb"},"inLanguage":"pl-PL","potentialAction":[{"@type":"ReadAction","target":["https:\/\/www.pogotowieflagowe.pl\/aktualne\/perspektywa-smierci-dla-wielu-polakow-lider-pis-zapowiedzial-co-zrobi-jego-partia\/"]}]},{"@type":"ImageObject","inLanguage":"pl-PL","@id":"https:\/\/www.pogotowieflagowe.pl\/aktualne\/perspektywa-smierci-dla-wielu-polakow-lider-pis-zapowiedzial-co-zrobi-jego-partia\/#primaryimage","url":"https:\/\/www.pogotowieflagowe.pl\/aktualne\/wp-content\/uploads\/2025\/11\/\u201ePerspektywa-smierci-dla-wielu-Polakow-Lider-PiS-zapowiedzial-co-zrobi.webp.webp","contentUrl":"https:\/\/www.pogotowieflagowe.pl\/aktualne\/wp-content\/uploads\/2025\/11\/\u201ePerspektywa-smierci-dla-wielu-Polakow-Lider-PiS-zapowiedzial-co-zrobi.webp.webp","width":1280,"height":720,"caption":"\u201ePerspektywa \u015bmierci\u201d dla wielu Polak\u00f3w. Lider PiS zapowiedzia\u0142, co zrobi jego partia"},{"@type":"BreadcrumbList","@id":"https:\/\/www.pogotowieflagowe.pl\/aktualne\/perspektywa-smierci-dla-wielu-polakow-lider-pis-zapowiedzial-co-zrobi-jego-partia\/#breadcrumb","itemListElement":[{"@type":"ListItem","position":1,"name":"Home","item":"https:\/\/www.pogotowieflagowe.pl\/aktualne\/"},{"@type":"ListItem","position":2,"name":"\u201ePerspektywa \u015bmierci\u201d dla wielu Polak\u00f3w. Lider PiS zapowiedzia\u0142, co zrobi jego partia"}]},{"@type":"WebSite","@id":"https:\/\/www.pogotowieflagowe.pl\/aktualne\/#website","url":"https:\/\/www.pogotowieflagowe.pl\/aktualne\/","name":"POGOTOWIE FLAGOWE\u00ae","description":"","publisher":{"@id":"https:\/\/www.pogotowieflagowe.pl\/aktualne\/#organization"},"potentialAction":[{"@type":"SearchAction","target":{"@type":"EntryPoint","urlTemplate":"https:\/\/www.pogotowieflagowe.pl\/aktualne\/?s={search_term_string}"},"query-input":"required name=search_term_string"}],"inLanguage":"pl-PL"},{"@type":"Organization","@id":"https:\/\/www.pogotowieflagowe.pl\/aktualne\/#organization","name":"POGOTOWIE FLAGOWE\u00ae","url":"https:\/\/www.pogotowieflagowe.pl\/aktualne\/","logo":{"@type":"ImageObject","inLanguage":"pl-PL","@id":"https:\/\/www.pogotowieflagowe.pl\/aktualne\/#\/schema\/logo\/image\/","url":"https:\/\/www.pogotowieflagowe.pl\/aktualne\/wp-content\/uploads\/2024\/08\/cropped-pogotowieflagowe_flaga_projekt_sm.jpg","contentUrl":"https:\/\/www.pogotowieflagowe.pl\/aktualne\/wp-content\/uploads\/2024\/08\/cropped-pogotowieflagowe_flaga_projekt_sm.jpg","width":250,"height":143,"caption":"POGOTOWIE FLAGOWE\u00ae"},"image":{"@id":"https:\/\/www.pogotowieflagowe.pl\/aktualne\/#\/schema\/logo\/image\/"}},{"@type":"Person","@id":"https:\/\/www.pogotowieflagowe.pl\/aktualne\/#\/schema\/person\/9c2fb7d2362ebf6fa088960d7f0d27b0","name":"Filip","image":{"@type":"ImageObject","inLanguage":"pl-PL","@id":"https:\/\/www.pogotowieflagowe.pl\/aktualne\/#\/schema\/person\/image\/","url":"https:\/\/www.pogotowieflagowe.pl\/aktualne\/wp-content\/uploads\/2024\/08\/pogotowieflagowe.pl_.jpg","contentUrl":"https:\/\/www.pogotowieflagowe.pl\/aktualne\/wp-content\/uploads\/2024\/08\/pogotowieflagowe.pl_.jpg","caption":"Filip"},"description":"Jestem Filip, polski dziennikarz z dyplomem nauk politycznych Uniwersytetu Warszawskiego. Rozpoczynaj\u0105c swoj\u0105 karier\u0119 w r\u00f3\u017cnych lokalnych mediach, zdoby\u0142em solidne do\u015bwiadczenie w zakresie \u015bledztwa i redakcji. Obecnie jako redaktor w Pogotowie flagowe, staram si\u0119 dostarcza\u0107 dog\u0142\u0119bne i istotne analizy na temat najwa\u017cniejszych kwestii aktualno\u015bci, \u0142\u0105cz\u0105c rygor z pasj\u0105 dziennikarsk\u0105.","sameAs":["https:\/\/www.pogotowieflagowe.pl\/"]}]}},"_links":{"self":[{"href":"https:\/\/www.pogotowieflagowe.pl\/aktualne\/wp-json\/wp\/v2\/posts\/10260","targetHints":{"allow":["GET"]}}],"collection":[{"href":"https:\/\/www.pogotowieflagowe.pl\/aktualne\/wp-json\/wp\/v2\/posts"}],"about":[{"href":"https:\/\/www.pogotowieflagowe.pl\/aktualne\/wp-json\/wp\/v2\/types\/post"}],"author":[{"embeddable":true,"href":"https:\/\/www.pogotowieflagowe.pl\/aktualne\/wp-json\/wp\/v2\/users\/1"}],"replies":[{"embeddable":true,"href":"https:\/\/www.pogotowieflagowe.pl\/aktualne\/wp-json\/wp\/v2\/comments?post=10260"}],"version-history":[{"count":1,"href":"https:\/\/www.pogotowieflagowe.pl\/aktualne\/wp-json\/wp\/v2\/posts\/10260\/revisions"}],"predecessor-version":[{"id":10262,"href":"https:\/\/www.pogotowieflagowe.pl\/aktualne\/wp-json\/wp\/v2\/posts\/10260\/revisions\/10262"}],"wp:featuredmedia":[{"embeddable":true,"href":"https:\/\/www.pogotowieflagowe.pl\/aktualne\/wp-json\/wp\/v2\/media\/10261"}],"wp:attachment":[{"href":"https:\/\/www.pogotowieflagowe.pl\/aktualne\/wp-json\/wp\/v2\/media?parent=10260"}],"wp:term":[{"taxonomy":"category","embeddable":true,"href":"https:\/\/www.pogotowieflagowe.pl\/aktualne\/wp-json\/wp\/v2\/categories?post=10260"},{"taxonomy":"post_tag","embeddable":true,"href":"https:\/\/www.pogotowieflagowe.pl\/aktualne\/wp-json\/wp\/v2\/tags?post=10260"}],"curies":[{"name":"wp","href":"https:\/\/api.w.org\/{rel}","templated":true}]}}