{"id":10263,"date":"2025-11-07T22:33:57","date_gmt":"2025-11-07T21:33:57","guid":{"rendered":"https:\/\/www.pogotowieflagowe.pl\/aktualne\/tragiczna-sytuacja-polskich-szpitali-czy-rzad-ma-plan-naprawczy-plan-jest-taki-aby-przetrwac-do-wyborow\/"},"modified":"2025-11-07T22:33:58","modified_gmt":"2025-11-07T21:33:58","slug":"tragiczna-sytuacja-polskich-szpitali-czy-rzad-ma-plan-naprawczy-plan-jest-taki-aby-przetrwac-do-wyborow","status":"publish","type":"post","link":"https:\/\/www.pogotowieflagowe.pl\/aktualne\/tragiczna-sytuacja-polskich-szpitali-czy-rzad-ma-plan-naprawczy-plan-jest-taki-aby-przetrwac-do-wyborow\/","title":{"rendered":"Tragiczna sytuacja polskich szpitali. Czy rz\u0105d ma plan naprawczy? \u201ePlan jest taki, aby przetrwa\u0107 do wybor\u00f3w\u201d"},"content":{"rendered":"\n<div class=\"td_block_wrap tdb_single_content tdi_41 td-pb-border-top td_block_template_8 td-post-content tagdiv-type\" data-td-block-uid=\"tdi_41\">\n<style>.tdi_41{margines-top:0px!important;margin-bottom:0px!important;dope\u0142nienie-g\u00f3ra:0px!important;dope\u0142nienie-d\u00f3\u0142:0px!important}<\/style>\n<style>.tdb_single_content{margin-bottom:0;*zoom:1}.tdb_single_content:before,.tdb_single_content:after{display:table;content:'';line-height:0}.tdb_single_content:after{clear:both}.tdb_single_content .tdb-block-inner>*:not(.wp-block-quote):not(.alignwide):not(.alignfull.wp-block-cover.has-parallax):not(.td-a-ad){margin-left:auto;margin-right:auto}.tdb_single_content a{pointer-events:auto}.tdb_single_content .td-spot-id-top_ad .tdc-placeholder-title:before{content:'Najlepsza reklama artyku\u0142u'!important}.tdb_single_content .td-spot-id-inline_ad0 .tdc-placeholder-title:before{content:'Reklama wbudowana artyku\u0142u 1'!important}.tdb_single_content .td-spot-id-inline_ad1 .tdc-placeholder-title:before{content:'Wbudowana reklama w artykule 2'!important}.tdb_single_content .td-spot-id-inline_ad2 .tdc-placeholder-title:before{content:'Wbudowana reklama w artykule 3'!important}.tdb_single_content .td-spot-id-bottom_ad .tdc-placeholder-title:before{content:'Article Bottom Ad'!important}.tdb_single_content .id_top_ad,.tdb_single_content .id_bottom_ad{clear:both;margin-bottom:21px;text-align:center}.tdb_single_content .id_top_ad img,.tdb_single_content .id_bottom_ad img{margin-bottom:0}.tdb_single_content .id_top_ad .adsbygoogle,.tdb_single_content .id_bottom_ad .adsbygoogle{position:relative}.tdb_single_content .id_ad_content-horiz-left,.tdb_single_content .id_ad_content-horiz-right,.tdb_single_content .id_ad_content-horiz-center{margin-bottom:15px}.tdb_single_content .id_ad_content-horiz-left img,.tdb_single_content .id_ad_content-horiz-right img,.tdb_single_content .id_ad_content-horiz-center img{margin-bottom:0}.tdb_single_content .id_ad_content-horiz-center{text-align:center}.tdb_single_content .id_ad_content-horiz-center img{margin-right:auto;margin-left:auto}.tdb_single_content .id_ad_content-horiz-left{float:left;margin-top:9px;margin-right:21px}.tdb_single_content .id_ad_content-horiz-right{float:right;margin-top:6px;margin-left:21px}.tdb_single_content .tdc-a-ad .tdc-placeholder-title{width:300px;height:250px}.tdb_single_content .tdc-a-ad .tdc-placeholder-title:before{position:absolute;top:50%;-webkit-transform:translateY(-50%);transform:translateY(-50%);margin:auto;display:table;width:100%}.tdb_single_content .tdb-block-inner.td-fix-index{word-break:break-word}.tdi_41,.tdi_41>p,.tdi_41 .tdb-block-inner>p,.wp-block-column>p{font-size:16px!important;line-height:1.6!important}.tdi_41 .tdb-block-inner blockquote p{font-style:normal!important}@media (max-width:767px){.tdb_single_content .id_ad_content-horiz-left,.tdb_single_content .id_ad_content-horiz-right,.tdb_single_content .id_ad_content-horiz-center{margin:0 auto 26 pikseli auto}}@media (max-width:767px){.tdb_single_content .id_ad_content-horiz-left{margin-right:0}}@media (max-width:767px){.tdb_single_content .id_ad_content-horiz-right{margin-left:0}}@media (max-width:767px){.tdb_single_content .td-a-ad{float:none;text-align:center}.tdb_single_content .td-a-ad img{margin-right:auto;margin-left:auto}.tdb_single_content .tdc-a-ad{float:none}}<\/style>\n<div class=\"tdb-block-inner td-fix-index\">\n<p>&#8222;Mamy teraz do czynienia z sytuacj\u0105, \u017ce szpitale maj\u0105 kadr\u0119, a nawet lekarze i piel\u0119gniarki nie maj\u0105 pieni\u0119dzy na leczenie pacjent\u00f3w w ramach swojej codziennej pracy. Szpitale nie dzia\u0142aj\u0105 na 100 procent&#8221; &#8211; powiedzia\u0142 Jakub Kosikowski, rzecznik prasowy Agencji <em>Naczelna Izba Lekarska<\/em> (<em>ZERO<\/em>), w TV Republika.<\/p>\n<p>Odk\u0142adanie zabieg\u00f3w medycznych na czas nieokre\u015blony, zamykanie oddzia\u0142\u00f3w szpitalnych, bezwstydne wypowiedzi polityk\u00f3w koalicji rz\u0105dz\u0105cej, kt\u00f3rzy twierdz\u0105, \u017ce \u201emo\u017cna pojecha\u0107 do innego miasta\u201d, aby skorzysta\u0107 z opieki zdrowotnej, je\u015bli w pobli\u017cu jej nie ma \u2013 to tylko kilka przyk\u0142ad\u00f3w pokazuj\u0105cych, \u017ce <em>Narodowy Fundusz Zdrowia<\/em> (<em>NFZ<\/em>) jest w stanie upadku. Deficyt w tegorocznym <em>NFZ<\/em> bud\u017cet mo\u017ce wynie\u015b\u0107 nawet 14 miliard\u00f3w z\u0142otych.<\/p>\n<p>I cho\u0107 pod naciskiem opinii publicznej i medi\u00f3w przekazano ju\u017c 3,5 mld z\u0142 <em>NFZ<\/em>luka finansowa pozostaje ogromna. Zdaniem Ministra Zdrowia, dla ratowania sytuacji mo\u017cna do\u0142o\u017cy\u0107 kolejny miliard z obligacji. To jednak wci\u0105\u017c za ma\u0142o.<\/p>\n<h2 class=\"wp-block-heading\"><strong>\u201eSzpitale nie dzia\u0142aj\u0105 na 100 procent\u201d<\/strong><\/h2>\n<p>Jakub Kosikowski, rzecznik prasowy <em>Naczelna Izba Lekarska<\/em> (<em>ZERO<\/em>), pojawi\u0142 si\u0119 dzi\u015b w TV Republika, aby szerzej om\u00f3wi\u0107 dramatyczny stan polskiego bud\u017cetu s\u0142u\u017cby zdrowia.<\/p>\n<figure class=\"wp-block-pullquote\">\n<blockquote>\n<p>&#8222;Odk\u0142adanie i odwo\u0142ywanie zabieg\u00f3w &#8222;na Nowy Rok&#8221; sta\u0142o si\u0119 swego rodzaju ruchomym \u015bwi\u0119tem polskiej s\u0142u\u017cby zdrowia. Poza okresem pandemii jest to zjawisko powtarzaj\u0105ce si\u0119 co roku. Media o tym donosz\u0105 co roku. Dok\u0142adnie tak samo by\u0142o w zesz\u0142ym roku. W tym roku jednak brakuje nam a\u017c 10 miliard\u00f3w z\u0142otych \u2013 nadal. Jeszcze przed chwil\u0105 by\u0142o to 14 miliard\u00f3w. W przysz\u0142ym roku niedob\u00f3r si\u0119gnie 23 miliard\u00f3w, a deficyt z tego roku przeniesie si\u0119 na Naszym zdaniem dochodzimy do punktu, w kt\u00f3rym masa krytyczna \u2013 prze\u0142o\u017ceni pacjent\u00f3w i brak funduszy \u2013 sprawia, \u017ce system jest ca\u0142kowicie dysfunkcyjny i nieefektywny\u201d \u2013 stwierdzi\u0142.<\/p>\n<\/blockquote>\n<\/figure>\n<p>Zapytany o wypowied\u017a rzecznika rz\u0105du Adama Sz\u0142apki, \u017ce sytuacja jest pod kontrol\u0105, m.in <em>ZERO<\/em> Rzecznik odpowiedzia\u0142: &#8222;Politycy s\u0105 przyzwyczajeni do przekazywania tego rodzaju przekazu. To nic nowego \u2013 dzieje si\u0119 tak co roku, niezale\u017cnie od tego, kto sprawuje w\u0142adz\u0119, z wyj\u0105tkiem czasu pandemii. To nie jest \u0142atwa sytuacja. Reformy wymagaj\u0105 odpowiedniego planowania \u2013 wykraczaj\u0105cego poza horyzont jednej kadencji parlamentarnej.&#8221;<\/p>\n<p>Zapytany, czy istnieje taki plan, odpowiedzia\u0142: <strong>&#8222;Nie. Plan jest taki, \u017ceby dotrwa\u0107 do wybor\u00f3w. Zmiany zaproponowane przez Ministra maj\u0105 sprawi\u0107, \u017ce w przysz\u0142ym roku \u015brodk\u00f3w nie zabraknie. I to nie dlatego, \u017ce zabraknie pieni\u0119dzy, ale dlatego, \u017ce b\u0119dziemy je wydawa\u0107 wolniej.&#8221;<\/strong><\/p>\n<p>\u201eTo nie tak, \u017ce <em>NFZ<\/em> p\u0142aci pensje piel\u0119gniarkom i lekarzom, a to, co zostaje, trafia na leczenie. Jest odwrotnie \u2013 <em>NFZ<\/em> p\u0142aci w ca\u0142o\u015bci za leczenie i jedynie z tego, co szpital zarobi na tym leczeniu, wyp\u0142acane jest wynagrodzenie. Jeste\u015bmy teraz w sytuacji, \u017ce szpitale maj\u0105 personel, ale nie maj\u0105 pieni\u0119dzy nawet dla lekarzy i piel\u0119gniarek na leczenie pacjent\u00f3w w ramach swojej normalnej pracy\u201d \u2013 stwierdzi\u0142, dodaj\u0105c, \u017ce <strong>\u201eSzpitale nie dzia\u0142aj\u0105 na 100 procent\u201d.<\/strong><\/p>\n<p>Kosikowski zwr\u00f3ci\u0142 tak\u017ce uwag\u0119 na skal\u0119 problemu, odnosz\u0105c si\u0119 do cytowanego wcze\u015bniej przez nasz newsroomu wpisu Janusza Cieszy\u0144skiego.<\/p>\n<\/div>\n<\/div>\n","protected":false},"excerpt":{"rendered":"<p>&#8222;Mamy teraz do czynienia z sytuacj\u0105, \u017ce szpitale maj\u0105 kadr\u0119, a nawet lekarze i piel\u0119gniarki nie maj\u0105 pieni\u0119dzy na leczenie<\/p>\n","protected":false},"author":1,"featured_media":10264,"comment_status":"open","ping_status":"open","sticky":false,"template":"","format":"standard","meta":{"footnotes":""},"categories":[4748],"tags":[2143,501,111,11750,4827,83,4678,1554,5852,11749,10917,5139,768],"class_list":["post-10263","post","type-post","status-publish","format-standard","has-post-thumbnail","hentry","category-aktualne","tag-aby","tag-czy","tag-jest","tag-naprawczy","tag-plan","tag-polskich","tag-przetrwac","tag-rzad","tag-sytuacja","tag-szpitali","tag-taki","tag-tragiczna","tag-wyborow","generate-columns","tablet-grid-50","mobile-grid-100","grid-parent","grid-50","resize-featured-image"],"yoast_head":"<!-- This site is optimized with the Yoast SEO plugin v23.2 - https:\/\/yoast.com\/wordpress\/plugins\/seo\/ -->\n<title>Tragiczna sytuacja polskich szpitali. Czy rz\u0105d ma plan naprawczy? \u201ePlan jest taki, aby przetrwa\u0107 do wybor\u00f3w\u201d - POGOTOWIE FLAGOWE\u00ae<\/title>\n<meta name=\"robots\" content=\"index, follow, max-snippet:-1, max-image-preview:large, max-video-preview:-1\" \/>\n<link rel=\"canonical\" href=\"https:\/\/www.pogotowieflagowe.pl\/aktualne\/tragiczna-sytuacja-polskich-szpitali-czy-rzad-ma-plan-naprawczy-plan-jest-taki-aby-przetrwac-do-wyborow\/\" \/>\n<meta property=\"og:locale\" content=\"pl_PL\" \/>\n<meta property=\"og:type\" content=\"article\" \/>\n<meta property=\"og:title\" content=\"Tragiczna sytuacja polskich szpitali. Czy rz\u0105d ma plan naprawczy? \u201ePlan jest taki, aby przetrwa\u0107 do wybor\u00f3w\u201d - POGOTOWIE FLAGOWE\u00ae\" \/>\n<meta property=\"og:description\" content=\"&#8222;Mamy teraz do czynienia z sytuacj\u0105, \u017ce szpitale maj\u0105 kadr\u0119, a nawet lekarze i piel\u0119gniarki nie maj\u0105 pieni\u0119dzy na leczenie\" \/>\n<meta property=\"og:url\" content=\"https:\/\/www.pogotowieflagowe.pl\/aktualne\/tragiczna-sytuacja-polskich-szpitali-czy-rzad-ma-plan-naprawczy-plan-jest-taki-aby-przetrwac-do-wyborow\/\" \/>\n<meta property=\"og:site_name\" content=\"POGOTOWIE FLAGOWE\u00ae\" \/>\n<meta property=\"article:published_time\" content=\"2025-11-07T21:33:57+00:00\" \/>\n<meta property=\"article:modified_time\" content=\"2025-11-07T21:33:58+00:00\" \/>\n<meta property=\"og:image\" content=\"https:\/\/www.pogotowieflagowe.pl\/aktualne\/wp-content\/uploads\/2025\/11\/Tragiczna-sytuacja-polskich-szpitali-Czy-rzad-ma-plan-naprawczy-\u201ePlan.webp.webp\" \/>\n\t<meta property=\"og:image:width\" content=\"1280\" \/>\n\t<meta property=\"og:image:height\" content=\"720\" \/>\n\t<meta property=\"og:image:type\" content=\"image\/webp\" \/>\n<meta name=\"author\" content=\"Filip\" \/>\n<meta name=\"twitter:card\" content=\"summary_large_image\" \/>\n<meta name=\"twitter:label1\" content=\"Napisane przez\" \/>\n\t<meta name=\"twitter:data1\" content=\"Filip\" \/>\n\t<meta name=\"twitter:label2\" content=\"Szacowany czas czytania\" \/>\n\t<meta name=\"twitter:data2\" content=\"3 minuty\" \/>\n<script type=\"application\/ld+json\" class=\"yoast-schema-graph\">{\"@context\":\"https:\/\/schema.org\",\"@graph\":[{\"@type\":\"Article\",\"@id\":\"https:\/\/www.pogotowieflagowe.pl\/aktualne\/tragiczna-sytuacja-polskich-szpitali-czy-rzad-ma-plan-naprawczy-plan-jest-taki-aby-przetrwac-do-wyborow\/#article\",\"isPartOf\":{\"@id\":\"https:\/\/www.pogotowieflagowe.pl\/aktualne\/tragiczna-sytuacja-polskich-szpitali-czy-rzad-ma-plan-naprawczy-plan-jest-taki-aby-przetrwac-do-wyborow\/\"},\"author\":{\"name\":\"Filip\",\"@id\":\"https:\/\/www.pogotowieflagowe.pl\/aktualne\/#\/schema\/person\/9c2fb7d2362ebf6fa088960d7f0d27b0\"},\"headline\":\"Tragiczna sytuacja polskich szpitali. Czy rz\u0105d ma plan naprawczy? \u201ePlan jest taki, aby przetrwa\u0107 do wybor\u00f3w\u201d\",\"datePublished\":\"2025-11-07T21:33:57+00:00\",\"dateModified\":\"2025-11-07T21:33:58+00:00\",\"mainEntityOfPage\":{\"@id\":\"https:\/\/www.pogotowieflagowe.pl\/aktualne\/tragiczna-sytuacja-polskich-szpitali-czy-rzad-ma-plan-naprawczy-plan-jest-taki-aby-przetrwac-do-wyborow\/\"},\"wordCount\":545,\"commentCount\":0,\"publisher\":{\"@id\":\"https:\/\/www.pogotowieflagowe.pl\/aktualne\/#organization\"},\"image\":{\"@id\":\"https:\/\/www.pogotowieflagowe.pl\/aktualne\/tragiczna-sytuacja-polskich-szpitali-czy-rzad-ma-plan-naprawczy-plan-jest-taki-aby-przetrwac-do-wyborow\/#primaryimage\"},\"thumbnailUrl\":\"https:\/\/www.pogotowieflagowe.pl\/aktualne\/wp-content\/uploads\/2025\/11\/Tragiczna-sytuacja-polskich-szpitali-Czy-rzad-ma-plan-naprawczy-\u201ePlan.webp.webp\",\"keywords\":[\"aby\",\"Czy\",\"jest\",\"naprawczy\",\"plan\",\"polskich\",\"przetrwa\u0107\",\"Rz\u0105d\",\"sytuacj\u0105\",\"szpitali\",\"taki\",\"Tragiczna\",\"wybor\u00f3w\"],\"articleSection\":[\"Aktualne\"],\"inLanguage\":\"pl-PL\",\"potentialAction\":[{\"@type\":\"CommentAction\",\"name\":\"Comment\",\"target\":[\"https:\/\/www.pogotowieflagowe.pl\/aktualne\/tragiczna-sytuacja-polskich-szpitali-czy-rzad-ma-plan-naprawczy-plan-jest-taki-aby-przetrwac-do-wyborow\/#respond\"]}]},{\"@type\":\"WebPage\",\"@id\":\"https:\/\/www.pogotowieflagowe.pl\/aktualne\/tragiczna-sytuacja-polskich-szpitali-czy-rzad-ma-plan-naprawczy-plan-jest-taki-aby-przetrwac-do-wyborow\/\",\"url\":\"https:\/\/www.pogotowieflagowe.pl\/aktualne\/tragiczna-sytuacja-polskich-szpitali-czy-rzad-ma-plan-naprawczy-plan-jest-taki-aby-przetrwac-do-wyborow\/\",\"name\":\"Tragiczna sytuacja polskich szpitali. Czy rz\u0105d ma plan naprawczy? \u201ePlan jest taki, aby przetrwa\u0107 do wybor\u00f3w\u201d - POGOTOWIE FLAGOWE\u00ae\",\"isPartOf\":{\"@id\":\"https:\/\/www.pogotowieflagowe.pl\/aktualne\/#website\"},\"primaryImageOfPage\":{\"@id\":\"https:\/\/www.pogotowieflagowe.pl\/aktualne\/tragiczna-sytuacja-polskich-szpitali-czy-rzad-ma-plan-naprawczy-plan-jest-taki-aby-przetrwac-do-wyborow\/#primaryimage\"},\"image\":{\"@id\":\"https:\/\/www.pogotowieflagowe.pl\/aktualne\/tragiczna-sytuacja-polskich-szpitali-czy-rzad-ma-plan-naprawczy-plan-jest-taki-aby-przetrwac-do-wyborow\/#primaryimage\"},\"thumbnailUrl\":\"https:\/\/www.pogotowieflagowe.pl\/aktualne\/wp-content\/uploads\/2025\/11\/Tragiczna-sytuacja-polskich-szpitali-Czy-rzad-ma-plan-naprawczy-\u201ePlan.webp.webp\",\"datePublished\":\"2025-11-07T21:33:57+00:00\",\"dateModified\":\"2025-11-07T21:33:58+00:00\",\"breadcrumb\":{\"@id\":\"https:\/\/www.pogotowieflagowe.pl\/aktualne\/tragiczna-sytuacja-polskich-szpitali-czy-rzad-ma-plan-naprawczy-plan-jest-taki-aby-przetrwac-do-wyborow\/#breadcrumb\"},\"inLanguage\":\"pl-PL\",\"potentialAction\":[{\"@type\":\"ReadAction\",\"target\":[\"https:\/\/www.pogotowieflagowe.pl\/aktualne\/tragiczna-sytuacja-polskich-szpitali-czy-rzad-ma-plan-naprawczy-plan-jest-taki-aby-przetrwac-do-wyborow\/\"]}]},{\"@type\":\"ImageObject\",\"inLanguage\":\"pl-PL\",\"@id\":\"https:\/\/www.pogotowieflagowe.pl\/aktualne\/tragiczna-sytuacja-polskich-szpitali-czy-rzad-ma-plan-naprawczy-plan-jest-taki-aby-przetrwac-do-wyborow\/#primaryimage\",\"url\":\"https:\/\/www.pogotowieflagowe.pl\/aktualne\/wp-content\/uploads\/2025\/11\/Tragiczna-sytuacja-polskich-szpitali-Czy-rzad-ma-plan-naprawczy-\u201ePlan.webp.webp\",\"contentUrl\":\"https:\/\/www.pogotowieflagowe.pl\/aktualne\/wp-content\/uploads\/2025\/11\/Tragiczna-sytuacja-polskich-szpitali-Czy-rzad-ma-plan-naprawczy-\u201ePlan.webp.webp\",\"width\":1280,\"height\":720,\"caption\":\"Tragiczna sytuacja polskich szpitali. Czy rz\u0105d ma plan naprawczy? \u201ePlan jest taki, aby przetrwa\u0107 do wybor\u00f3w\u201d\"},{\"@type\":\"BreadcrumbList\",\"@id\":\"https:\/\/www.pogotowieflagowe.pl\/aktualne\/tragiczna-sytuacja-polskich-szpitali-czy-rzad-ma-plan-naprawczy-plan-jest-taki-aby-przetrwac-do-wyborow\/#breadcrumb\",\"itemListElement\":[{\"@type\":\"ListItem\",\"position\":1,\"name\":\"Home\",\"item\":\"https:\/\/www.pogotowieflagowe.pl\/aktualne\/\"},{\"@type\":\"ListItem\",\"position\":2,\"name\":\"Tragiczna sytuacja polskich szpitali. Czy rz\u0105d ma plan naprawczy? \u201ePlan jest taki, aby przetrwa\u0107 do wybor\u00f3w\u201d\"}]},{\"@type\":\"WebSite\",\"@id\":\"https:\/\/www.pogotowieflagowe.pl\/aktualne\/#website\",\"url\":\"https:\/\/www.pogotowieflagowe.pl\/aktualne\/\",\"name\":\"POGOTOWIE FLAGOWE\u00ae\",\"description\":\"\",\"publisher\":{\"@id\":\"https:\/\/www.pogotowieflagowe.pl\/aktualne\/#organization\"},\"potentialAction\":[{\"@type\":\"SearchAction\",\"target\":{\"@type\":\"EntryPoint\",\"urlTemplate\":\"https:\/\/www.pogotowieflagowe.pl\/aktualne\/?s={search_term_string}\"},\"query-input\":\"required name=search_term_string\"}],\"inLanguage\":\"pl-PL\"},{\"@type\":\"Organization\",\"@id\":\"https:\/\/www.pogotowieflagowe.pl\/aktualne\/#organization\",\"name\":\"POGOTOWIE FLAGOWE\u00ae\",\"url\":\"https:\/\/www.pogotowieflagowe.pl\/aktualne\/\",\"logo\":{\"@type\":\"ImageObject\",\"inLanguage\":\"pl-PL\",\"@id\":\"https:\/\/www.pogotowieflagowe.pl\/aktualne\/#\/schema\/logo\/image\/\",\"url\":\"https:\/\/www.pogotowieflagowe.pl\/aktualne\/wp-content\/uploads\/2024\/08\/cropped-pogotowieflagowe_flaga_projekt_sm.jpg\",\"contentUrl\":\"https:\/\/www.pogotowieflagowe.pl\/aktualne\/wp-content\/uploads\/2024\/08\/cropped-pogotowieflagowe_flaga_projekt_sm.jpg\",\"width\":250,\"height\":143,\"caption\":\"POGOTOWIE FLAGOWE\u00ae\"},\"image\":{\"@id\":\"https:\/\/www.pogotowieflagowe.pl\/aktualne\/#\/schema\/logo\/image\/\"}},{\"@type\":\"Person\",\"@id\":\"https:\/\/www.pogotowieflagowe.pl\/aktualne\/#\/schema\/person\/9c2fb7d2362ebf6fa088960d7f0d27b0\",\"name\":\"Filip\",\"image\":{\"@type\":\"ImageObject\",\"inLanguage\":\"pl-PL\",\"@id\":\"https:\/\/www.pogotowieflagowe.pl\/aktualne\/#\/schema\/person\/image\/\",\"url\":\"https:\/\/www.pogotowieflagowe.pl\/aktualne\/wp-content\/uploads\/2024\/08\/pogotowieflagowe.pl_.jpg\",\"contentUrl\":\"https:\/\/www.pogotowieflagowe.pl\/aktualne\/wp-content\/uploads\/2024\/08\/pogotowieflagowe.pl_.jpg\",\"caption\":\"Filip\"},\"description\":\"Jestem Filip, polski dziennikarz z dyplomem nauk politycznych Uniwersytetu Warszawskiego. Rozpoczynaj\u0105c swoj\u0105 karier\u0119 w r\u00f3\u017cnych lokalnych mediach, zdoby\u0142em solidne do\u015bwiadczenie w zakresie \u015bledztwa i redakcji. Obecnie jako redaktor w Pogotowie flagowe, staram si\u0119 dostarcza\u0107 dog\u0142\u0119bne i istotne analizy na temat najwa\u017cniejszych kwestii aktualno\u015bci, \u0142\u0105cz\u0105c rygor z pasj\u0105 dziennikarsk\u0105.\",\"sameAs\":[\"https:\/\/www.pogotowieflagowe.pl\/\"]}]}<\/script>\n<!-- \/ Yoast SEO plugin. -->","yoast_head_json":{"title":"Tragiczna sytuacja polskich szpitali. Czy rz\u0105d ma plan naprawczy? \u201ePlan jest taki, aby przetrwa\u0107 do wybor\u00f3w\u201d - POGOTOWIE FLAGOWE\u00ae","robots":{"index":"index","follow":"follow","max-snippet":"max-snippet:-1","max-image-preview":"max-image-preview:large","max-video-preview":"max-video-preview:-1"},"canonical":"https:\/\/www.pogotowieflagowe.pl\/aktualne\/tragiczna-sytuacja-polskich-szpitali-czy-rzad-ma-plan-naprawczy-plan-jest-taki-aby-przetrwac-do-wyborow\/","og_locale":"pl_PL","og_type":"article","og_title":"Tragiczna sytuacja polskich szpitali. Czy rz\u0105d ma plan naprawczy? \u201ePlan jest taki, aby przetrwa\u0107 do wybor\u00f3w\u201d - POGOTOWIE FLAGOWE\u00ae","og_description":"&#8222;Mamy teraz do czynienia z sytuacj\u0105, \u017ce szpitale maj\u0105 kadr\u0119, a nawet lekarze i piel\u0119gniarki nie maj\u0105 pieni\u0119dzy na leczenie","og_url":"https:\/\/www.pogotowieflagowe.pl\/aktualne\/tragiczna-sytuacja-polskich-szpitali-czy-rzad-ma-plan-naprawczy-plan-jest-taki-aby-przetrwac-do-wyborow\/","og_site_name":"POGOTOWIE FLAGOWE\u00ae","article_published_time":"2025-11-07T21:33:57+00:00","article_modified_time":"2025-11-07T21:33:58+00:00","og_image":[{"width":1280,"height":720,"url":"https:\/\/www.pogotowieflagowe.pl\/aktualne\/wp-content\/uploads\/2025\/11\/Tragiczna-sytuacja-polskich-szpitali-Czy-rzad-ma-plan-naprawczy-\u201ePlan.webp.webp","type":"image\/webp"}],"author":"Filip","twitter_card":"summary_large_image","twitter_misc":{"Napisane przez":"Filip","Szacowany czas czytania":"3 minuty"},"schema":{"@context":"https:\/\/schema.org","@graph":[{"@type":"Article","@id":"https:\/\/www.pogotowieflagowe.pl\/aktualne\/tragiczna-sytuacja-polskich-szpitali-czy-rzad-ma-plan-naprawczy-plan-jest-taki-aby-przetrwac-do-wyborow\/#article","isPartOf":{"@id":"https:\/\/www.pogotowieflagowe.pl\/aktualne\/tragiczna-sytuacja-polskich-szpitali-czy-rzad-ma-plan-naprawczy-plan-jest-taki-aby-przetrwac-do-wyborow\/"},"author":{"name":"Filip","@id":"https:\/\/www.pogotowieflagowe.pl\/aktualne\/#\/schema\/person\/9c2fb7d2362ebf6fa088960d7f0d27b0"},"headline":"Tragiczna sytuacja polskich szpitali. Czy rz\u0105d ma plan naprawczy? \u201ePlan jest taki, aby przetrwa\u0107 do wybor\u00f3w\u201d","datePublished":"2025-11-07T21:33:57+00:00","dateModified":"2025-11-07T21:33:58+00:00","mainEntityOfPage":{"@id":"https:\/\/www.pogotowieflagowe.pl\/aktualne\/tragiczna-sytuacja-polskich-szpitali-czy-rzad-ma-plan-naprawczy-plan-jest-taki-aby-przetrwac-do-wyborow\/"},"wordCount":545,"commentCount":0,"publisher":{"@id":"https:\/\/www.pogotowieflagowe.pl\/aktualne\/#organization"},"image":{"@id":"https:\/\/www.pogotowieflagowe.pl\/aktualne\/tragiczna-sytuacja-polskich-szpitali-czy-rzad-ma-plan-naprawczy-plan-jest-taki-aby-przetrwac-do-wyborow\/#primaryimage"},"thumbnailUrl":"https:\/\/www.pogotowieflagowe.pl\/aktualne\/wp-content\/uploads\/2025\/11\/Tragiczna-sytuacja-polskich-szpitali-Czy-rzad-ma-plan-naprawczy-\u201ePlan.webp.webp","keywords":["aby","Czy","jest","naprawczy","plan","polskich","przetrwa\u0107","Rz\u0105d","sytuacj\u0105","szpitali","taki","Tragiczna","wybor\u00f3w"],"articleSection":["Aktualne"],"inLanguage":"pl-PL","potentialAction":[{"@type":"CommentAction","name":"Comment","target":["https:\/\/www.pogotowieflagowe.pl\/aktualne\/tragiczna-sytuacja-polskich-szpitali-czy-rzad-ma-plan-naprawczy-plan-jest-taki-aby-przetrwac-do-wyborow\/#respond"]}]},{"@type":"WebPage","@id":"https:\/\/www.pogotowieflagowe.pl\/aktualne\/tragiczna-sytuacja-polskich-szpitali-czy-rzad-ma-plan-naprawczy-plan-jest-taki-aby-przetrwac-do-wyborow\/","url":"https:\/\/www.pogotowieflagowe.pl\/aktualne\/tragiczna-sytuacja-polskich-szpitali-czy-rzad-ma-plan-naprawczy-plan-jest-taki-aby-przetrwac-do-wyborow\/","name":"Tragiczna sytuacja polskich szpitali. Czy rz\u0105d ma plan naprawczy? \u201ePlan jest taki, aby przetrwa\u0107 do wybor\u00f3w\u201d - POGOTOWIE FLAGOWE\u00ae","isPartOf":{"@id":"https:\/\/www.pogotowieflagowe.pl\/aktualne\/#website"},"primaryImageOfPage":{"@id":"https:\/\/www.pogotowieflagowe.pl\/aktualne\/tragiczna-sytuacja-polskich-szpitali-czy-rzad-ma-plan-naprawczy-plan-jest-taki-aby-przetrwac-do-wyborow\/#primaryimage"},"image":{"@id":"https:\/\/www.pogotowieflagowe.pl\/aktualne\/tragiczna-sytuacja-polskich-szpitali-czy-rzad-ma-plan-naprawczy-plan-jest-taki-aby-przetrwac-do-wyborow\/#primaryimage"},"thumbnailUrl":"https:\/\/www.pogotowieflagowe.pl\/aktualne\/wp-content\/uploads\/2025\/11\/Tragiczna-sytuacja-polskich-szpitali-Czy-rzad-ma-plan-naprawczy-\u201ePlan.webp.webp","datePublished":"2025-11-07T21:33:57+00:00","dateModified":"2025-11-07T21:33:58+00:00","breadcrumb":{"@id":"https:\/\/www.pogotowieflagowe.pl\/aktualne\/tragiczna-sytuacja-polskich-szpitali-czy-rzad-ma-plan-naprawczy-plan-jest-taki-aby-przetrwac-do-wyborow\/#breadcrumb"},"inLanguage":"pl-PL","potentialAction":[{"@type":"ReadAction","target":["https:\/\/www.pogotowieflagowe.pl\/aktualne\/tragiczna-sytuacja-polskich-szpitali-czy-rzad-ma-plan-naprawczy-plan-jest-taki-aby-przetrwac-do-wyborow\/"]}]},{"@type":"ImageObject","inLanguage":"pl-PL","@id":"https:\/\/www.pogotowieflagowe.pl\/aktualne\/tragiczna-sytuacja-polskich-szpitali-czy-rzad-ma-plan-naprawczy-plan-jest-taki-aby-przetrwac-do-wyborow\/#primaryimage","url":"https:\/\/www.pogotowieflagowe.pl\/aktualne\/wp-content\/uploads\/2025\/11\/Tragiczna-sytuacja-polskich-szpitali-Czy-rzad-ma-plan-naprawczy-\u201ePlan.webp.webp","contentUrl":"https:\/\/www.pogotowieflagowe.pl\/aktualne\/wp-content\/uploads\/2025\/11\/Tragiczna-sytuacja-polskich-szpitali-Czy-rzad-ma-plan-naprawczy-\u201ePlan.webp.webp","width":1280,"height":720,"caption":"Tragiczna sytuacja polskich szpitali. Czy rz\u0105d ma plan naprawczy? \u201ePlan jest taki, aby przetrwa\u0107 do wybor\u00f3w\u201d"},{"@type":"BreadcrumbList","@id":"https:\/\/www.pogotowieflagowe.pl\/aktualne\/tragiczna-sytuacja-polskich-szpitali-czy-rzad-ma-plan-naprawczy-plan-jest-taki-aby-przetrwac-do-wyborow\/#breadcrumb","itemListElement":[{"@type":"ListItem","position":1,"name":"Home","item":"https:\/\/www.pogotowieflagowe.pl\/aktualne\/"},{"@type":"ListItem","position":2,"name":"Tragiczna sytuacja polskich szpitali. Czy rz\u0105d ma plan naprawczy? \u201ePlan jest taki, aby przetrwa\u0107 do wybor\u00f3w\u201d"}]},{"@type":"WebSite","@id":"https:\/\/www.pogotowieflagowe.pl\/aktualne\/#website","url":"https:\/\/www.pogotowieflagowe.pl\/aktualne\/","name":"POGOTOWIE FLAGOWE\u00ae","description":"","publisher":{"@id":"https:\/\/www.pogotowieflagowe.pl\/aktualne\/#organization"},"potentialAction":[{"@type":"SearchAction","target":{"@type":"EntryPoint","urlTemplate":"https:\/\/www.pogotowieflagowe.pl\/aktualne\/?s={search_term_string}"},"query-input":"required name=search_term_string"}],"inLanguage":"pl-PL"},{"@type":"Organization","@id":"https:\/\/www.pogotowieflagowe.pl\/aktualne\/#organization","name":"POGOTOWIE FLAGOWE\u00ae","url":"https:\/\/www.pogotowieflagowe.pl\/aktualne\/","logo":{"@type":"ImageObject","inLanguage":"pl-PL","@id":"https:\/\/www.pogotowieflagowe.pl\/aktualne\/#\/schema\/logo\/image\/","url":"https:\/\/www.pogotowieflagowe.pl\/aktualne\/wp-content\/uploads\/2024\/08\/cropped-pogotowieflagowe_flaga_projekt_sm.jpg","contentUrl":"https:\/\/www.pogotowieflagowe.pl\/aktualne\/wp-content\/uploads\/2024\/08\/cropped-pogotowieflagowe_flaga_projekt_sm.jpg","width":250,"height":143,"caption":"POGOTOWIE FLAGOWE\u00ae"},"image":{"@id":"https:\/\/www.pogotowieflagowe.pl\/aktualne\/#\/schema\/logo\/image\/"}},{"@type":"Person","@id":"https:\/\/www.pogotowieflagowe.pl\/aktualne\/#\/schema\/person\/9c2fb7d2362ebf6fa088960d7f0d27b0","name":"Filip","image":{"@type":"ImageObject","inLanguage":"pl-PL","@id":"https:\/\/www.pogotowieflagowe.pl\/aktualne\/#\/schema\/person\/image\/","url":"https:\/\/www.pogotowieflagowe.pl\/aktualne\/wp-content\/uploads\/2024\/08\/pogotowieflagowe.pl_.jpg","contentUrl":"https:\/\/www.pogotowieflagowe.pl\/aktualne\/wp-content\/uploads\/2024\/08\/pogotowieflagowe.pl_.jpg","caption":"Filip"},"description":"Jestem Filip, polski dziennikarz z dyplomem nauk politycznych Uniwersytetu Warszawskiego. Rozpoczynaj\u0105c swoj\u0105 karier\u0119 w r\u00f3\u017cnych lokalnych mediach, zdoby\u0142em solidne do\u015bwiadczenie w zakresie \u015bledztwa i redakcji. Obecnie jako redaktor w Pogotowie flagowe, staram si\u0119 dostarcza\u0107 dog\u0142\u0119bne i istotne analizy na temat najwa\u017cniejszych kwestii aktualno\u015bci, \u0142\u0105cz\u0105c rygor z pasj\u0105 dziennikarsk\u0105.","sameAs":["https:\/\/www.pogotowieflagowe.pl\/"]}]}},"_links":{"self":[{"href":"https:\/\/www.pogotowieflagowe.pl\/aktualne\/wp-json\/wp\/v2\/posts\/10263","targetHints":{"allow":["GET"]}}],"collection":[{"href":"https:\/\/www.pogotowieflagowe.pl\/aktualne\/wp-json\/wp\/v2\/posts"}],"about":[{"href":"https:\/\/www.pogotowieflagowe.pl\/aktualne\/wp-json\/wp\/v2\/types\/post"}],"author":[{"embeddable":true,"href":"https:\/\/www.pogotowieflagowe.pl\/aktualne\/wp-json\/wp\/v2\/users\/1"}],"replies":[{"embeddable":true,"href":"https:\/\/www.pogotowieflagowe.pl\/aktualne\/wp-json\/wp\/v2\/comments?post=10263"}],"version-history":[{"count":1,"href":"https:\/\/www.pogotowieflagowe.pl\/aktualne\/wp-json\/wp\/v2\/posts\/10263\/revisions"}],"predecessor-version":[{"id":10265,"href":"https:\/\/www.pogotowieflagowe.pl\/aktualne\/wp-json\/wp\/v2\/posts\/10263\/revisions\/10265"}],"wp:featuredmedia":[{"embeddable":true,"href":"https:\/\/www.pogotowieflagowe.pl\/aktualne\/wp-json\/wp\/v2\/media\/10264"}],"wp:attachment":[{"href":"https:\/\/www.pogotowieflagowe.pl\/aktualne\/wp-json\/wp\/v2\/media?parent=10263"}],"wp:term":[{"taxonomy":"category","embeddable":true,"href":"https:\/\/www.pogotowieflagowe.pl\/aktualne\/wp-json\/wp\/v2\/categories?post=10263"},{"taxonomy":"post_tag","embeddable":true,"href":"https:\/\/www.pogotowieflagowe.pl\/aktualne\/wp-json\/wp\/v2\/tags?post=10263"}],"curies":[{"name":"wp","href":"https:\/\/api.w.org\/{rel}","templated":true}]}}