{"id":10269,"date":"2025-11-07T23:35:58","date_gmt":"2025-11-07T22:35:58","guid":{"rendered":"https:\/\/www.pogotowieflagowe.pl\/aktualne\/nizszy-podatek-eliminacja-dodatkowych-oplat-prezydent-przedstawia-projekt-ustawy-o-obnizce-cen-pradu\/"},"modified":"2025-11-07T23:36:00","modified_gmt":"2025-11-07T22:36:00","slug":"nizszy-podatek-eliminacja-dodatkowych-oplat-prezydent-przedstawia-projekt-ustawy-o-obnizce-cen-pradu","status":"publish","type":"post","link":"https:\/\/www.pogotowieflagowe.pl\/aktualne\/nizszy-podatek-eliminacja-dodatkowych-oplat-prezydent-przedstawia-projekt-ustawy-o-obnizce-cen-pradu\/","title":{"rendered":"Ni\u017cszy podatek, eliminacja dodatkowych op\u0142at. Prezydent przedstawia projekt ustawy o obni\u017cce cen pr\u0105du"},"content":{"rendered":"\n<div class=\"td_block_wrap tdb_single_content tdi_41 td-pb-border-top td_block_template_8 td-post-content tagdiv-type\" data-td-block-uid=\"tdi_41\">\n<style>.tdi_41{margines-top:0px!important;margin-bottom:0px!important;dope\u0142nienie-g\u00f3ra:0px!important;dope\u0142nienie-d\u00f3\u0142:0px!important}<\/style>\n<style>.tdb_single_content{margin-bottom:0;*zoom:1}.tdb_single_content:before,.tdb_single_content:after{display:table;content:'';line-height:0}.tdb_single_content:after{clear:both}.tdb_single_content .tdb-block-inner>*:not(.wp-block-quote):not(.alignwide):not(.alignfull.wp-block-cover.has-parallax):not(.td-a-ad){margin-left:auto;margin-right:auto}.tdb_single_content a{pointer-events:auto}.tdb_single_content .td-spot-id-top_ad .tdc-placeholder-title:before{content:'Najlepsza reklama artyku\u0142u'!important}.tdb_single_content .td-spot-id-inline_ad0 .tdc-placeholder-title:before{content:'Reklama wbudowana artyku\u0142u 1'!important}.tdb_single_content .td-spot-id-inline_ad1 .tdc-placeholder-title:before{content:'Wbudowana reklama w artykule 2'!important}.tdb_single_content .td-spot-id-inline_ad2 .tdc-placeholder-title:before{content:'Wbudowana reklama w artykule 3'!important}.tdb_single_content .td-spot-id-bottom_ad .tdc-placeholder-title:before{content:'Article Bottom Ad'!important}.tdb_single_content .id_top_ad,.tdb_single_content .id_bottom_ad{clear:both;margin-bottom:21px;text-align:center}.tdb_single_content .id_top_ad img,.tdb_single_content .id_bottom_ad img{margin-bottom:0}.tdb_single_content .id_top_ad .adsbygoogle,.tdb_single_content .id_bottom_ad .adsbygoogle{position:relative}.tdb_single_content .id_ad_content-horiz-left,.tdb_single_content .id_ad_content-horiz-right,.tdb_single_content .id_ad_content-horiz-center{margin-bottom:15px}.tdb_single_content .id_ad_content-horiz-left img,.tdb_single_content .id_ad_content-horiz-right img,.tdb_single_content .id_ad_content-horiz-center img{margin-bottom:0}.tdb_single_content .id_ad_content-horiz-center{text-align:center}.tdb_single_content .id_ad_content-horiz-center img{margin-right:auto;margin-left:auto}.tdb_single_content .id_ad_content-horiz-left{float:left;margin-top:9px;margin-right:21px}.tdb_single_content .id_ad_content-horiz-right{float:right;margin-top:6px;margin-left:21px}.tdb_single_content .tdc-a-ad .tdc-placeholder-title{width:300px;height:250px}.tdb_single_content .tdc-a-ad .tdc-placeholder-title:before{position:absolute;top:50%;-webkit-transform:translateY(-50%);transform:translateY(-50%);margin:auto;display:table;width:100%}.tdb_single_content .tdb-block-inner.td-fix-index{word-break:break-word}.tdi_41,.tdi_41>p,.tdi_41 .tdb-block-inner>p,.wp-block-column>p{font-size:16px!important;line-height:1.6!important}.tdi_41 .tdb-block-inner blockquote p{font-style:normal!important}@media (max-width:767px){.tdb_single_content .id_ad_content-horiz-left,.tdb_single_content .id_ad_content-horiz-right,.tdb_single_content .id_ad_content-horiz-center{margin:0 auto 26 pikseli auto}}@media (max-width:767px){.tdb_single_content .id_ad_content-horiz-left{margin-right:0}}@media (max-width:767px){.tdb_single_content .id_ad_content-horiz-right{margin-left:0}}@media (max-width:767px){.tdb_single_content .td-a-ad{float:none;text-align:center}.tdb_single_content .td-a-ad img{margin-right:auto;margin-left:auto}.tdb_single_content .tdc-a-ad{float:none}}<\/style>\n<div class=\"tdb-block-inner td-fix-index\">\n<p><strong>\u201eProponuj\u0119 nie tylko \u00abtarcz\u0119\u00bb, ale prawdziwy \u00abmiecz\u00bb, \u017ceby obci\u0105\u0107 z cen te elementy, za kt\u00f3re Polacy nie powinni p\u0142aci\u0107\u201d<\/strong> \u2013 powiedzia\u0142 Prezydent Karol Nawrocki, zapowiadaj\u0105c z\u0142o\u017cenie prezydenckiego projektu ustawy o obni\u017ceniu cen energii elektrycznej. Jego propozycja zak\u0142ada likwidacj\u0119 dodatkowych op\u0142at, obni\u017cenie koszt\u00f3w certyfikat\u00f3w, ni\u017csze koszty dystrybucji oraz wprowadzenie zasady, \u017ce podmioty odpowiedzialne za niezbilansowania w systemie energetycznym musz\u0105 pokrywa\u0107 wynikaj\u0105ce z tego koszty. Projekt przewiduje tak\u017ce 5-procentow\u0105 stawk\u0119 podatku od energii elektrycznej.<\/p>\n<p>Polski premier i opinia publiczna s\u0105 zaj\u0119ci spektaklem politycznym, a nie realnymi problemami polskich obywateli. Mamy sytuacj\u0119, w kt\u00f3rej finanse publiczne s\u0105 dewastowane. Polacy p\u0142ac\u0105 za pr\u0105d za du\u017co, a by\u0142ego Ministra Sprawiedliwo\u015bci \u015bciga nielegalnie powo\u0142any prokurator krajowy. Minister Finans\u00f3w, kt\u00f3ry ponosi odpowiedzialno\u015b\u0107 za t\u0119 tragedi\u0119 finans\u00f3w publicznych, twierdzi, \u017ce jedynym celem jego istnienia (mam nadziej\u0119, \u017ce ma na my\u015bli w polityce, a nie w \u017cyciu prywatnym) jest zemsta na tych, kt\u00f3rzy byli przed nim \u2013 powiedzia\u0142 Karol Nawrocki og\u0142aszaj\u0105c swoj\u0105 decyzj\u0119. <strong>\u201eDlatego jako Prezydent RP chc\u0119 powiedzie\u0107, \u017ce reprezentuj\u0119 tylko Polak\u00f3w i skupiam si\u0119 na tym, co dla nich wa\u017cne\u201d<\/strong> doda\u0142.<\/p>\n<p>Przypomnia\u0142, \u017ce w 2025 roku Polska plasowa\u0142a si\u0119 w\u015br\u00f3d najgorszych w Europie, je\u015bli chodzi o podwy\u017cki cen energii elektrycznej. Tylko w Irlandii i Luksemburgu ceny energii elektrycznej wzros\u0142y tak gwa\u0142townie jak w Polsce (nieco wi\u0119cej). W ramach <em>Unia Europejska (UE)<\/em>oznacza to, \u017ce jedynie Czechy maj\u0105 dla odbiorc\u00f3w wy\u017csze koszty energii elektrycznej ni\u017c Polska. Jeste\u015bmy zatem na samym dnie.<\/p>\n<figure class=\"wp-block-pullquote\">\n<blockquote>\n<p><strong>&#8222;Z jednej strony zwi\u0105zany s\u0142owem z wyborcami, z drugiej odpowiedzialny za losy polskich przedsi\u0119biorc\u00f3w i obywateli, przedstawi\u0142em inicjatyw\u0119 ustawodawcz\u0105 opart\u0105 na czterech propozycjach. Oferuj\u0119 nie tylko \u00abtarcz\u0119\u00bb, ale prawdziwy \u00abmiecz\u00bb, aby obci\u0105\u0107 z cen te sk\u0142adniki, za kt\u00f3re Polacy nie powinni p\u0142aci\u0107\u201d<\/strong> \u2013 stwierdzi\u0142 Prezydent Nawrocki.<\/p>\n<\/blockquote>\n<\/figure>\n<p>Nast\u0119pnie wyja\u015bni\u0142, \u017ce te cztery filary to:<\/p>\n<ul class=\"wp-block-list\">\n<li>eliminacja dodatkowych op\u0142at (<em>OZE<\/em>op\u0142ata mocowa, op\u0142ata kogeneracyjna, op\u0142ata przej\u015bciowa);<\/li>\n<li>redukcja koszt\u00f3w certyfikat\u00f3w;<\/li>\n<li>obni\u017cenie op\u0142at dystrybucyjnych;<\/li>\n<li>zmiana zasad bilansowania systemu, <strong>\u201etak, aby jego koszty pokrywa\u0142y jedynie podmioty powoduj\u0105ce nier\u00f3wnowag\u0119\u201d.<\/strong><\/li>\n<\/ul>\n<figure class=\"wp-block-pullquote\">\n<blockquote>\n<p><strong>&#8222;Trzeba te\u017c wr\u00f3ci\u0107 do 5% stawki VAT na energi\u0119 elektryczn\u0105. To uda\u0142o si\u0119 osi\u0105gn\u0105\u0107 w czasie tarczy antyinflacyjnej i taki jest kierunek, jaki wytyczy\u0142a moja inicjatywa legislacyjna. Dzi\u0119ki tym wszystkim zmianom polskie rodziny b\u0119d\u0105 mog\u0142y zaoszcz\u0119dzi\u0107 ponad 800 z\u0142 rocznie&#8221;<\/strong> doda\u0142 Karol Nawrocki.<\/p>\n<\/blockquote>\n<\/figure>\n<p>Podkre\u015bli\u0142, \u017ce bud\u017cet pa\u0144stwa nie straci, bo \u015brodki z tzw <em>System handlu uprawnieniami do emisji (ETS)<\/em> zostanie przekierowany. Przypomnia\u0142, \u017ce nawet pod <em>Unia Europejska (UE)<\/em> polityka klimatyczna, od 2024 r. 100 proc <em>ETS<\/em> fundusze powinny zosta\u0107 wykorzystane na finansowanie transformacji energetycznej. Wed\u0142ug za\u0142o\u017ce\u0144 propozycji ceny energii elektrycznej mog\u0105 spa\u015b\u0107 nawet o 33%.<\/p>\n<\/div>\n<\/div>\n","protected":false},"excerpt":{"rendered":"<p>\u201eProponuj\u0119 nie tylko \u00abtarcz\u0119\u00bb, ale prawdziwy \u00abmiecz\u00bb, \u017ceby obci\u0105\u0107 z cen te elementy, za kt\u00f3re Polacy nie powinni p\u0142aci\u0107\u201d \u2013<\/p>\n","protected":false},"author":1,"featured_media":10270,"comment_status":"open","ping_status":"open","sticky":false,"template":"","format":"standard","meta":{"footnotes":""},"categories":[4748],"tags":[3109,9604,11752,9080,11754,11753,5393,4339,341,2249,420,7025],"class_list":["post-10269","post","type-post","status-publish","format-standard","has-post-thumbnail","hentry","category-aktualne","tag-cen","tag-dodatkowych","tag-eliminacja","tag-nizszy","tag-obnizce","tag-oplat","tag-podatek","tag-pradu","tag-prezydent","tag-projekt","tag-przedstawia","tag-ustawy","generate-columns","tablet-grid-50","mobile-grid-100","grid-parent","grid-50","resize-featured-image"],"yoast_head":"<!-- This site is optimized with the Yoast SEO plugin v23.2 - https:\/\/yoast.com\/wordpress\/plugins\/seo\/ -->\n<title>Ni\u017cszy podatek, eliminacja dodatkowych op\u0142at. Prezydent przedstawia projekt ustawy o obni\u017cce cen pr\u0105du - POGOTOWIE FLAGOWE\u00ae<\/title>\n<meta name=\"robots\" content=\"index, follow, max-snippet:-1, max-image-preview:large, max-video-preview:-1\" \/>\n<link rel=\"canonical\" href=\"https:\/\/www.pogotowieflagowe.pl\/aktualne\/nizszy-podatek-eliminacja-dodatkowych-oplat-prezydent-przedstawia-projekt-ustawy-o-obnizce-cen-pradu\/\" \/>\n<meta property=\"og:locale\" content=\"pl_PL\" \/>\n<meta property=\"og:type\" content=\"article\" \/>\n<meta property=\"og:title\" content=\"Ni\u017cszy podatek, eliminacja dodatkowych op\u0142at. Prezydent przedstawia projekt ustawy o obni\u017cce cen pr\u0105du - POGOTOWIE FLAGOWE\u00ae\" \/>\n<meta property=\"og:description\" content=\"\u201eProponuj\u0119 nie tylko \u00abtarcz\u0119\u00bb, ale prawdziwy \u00abmiecz\u00bb, \u017ceby obci\u0105\u0107 z cen te elementy, za kt\u00f3re Polacy nie powinni p\u0142aci\u0107\u201d \u2013\" \/>\n<meta property=\"og:url\" content=\"https:\/\/www.pogotowieflagowe.pl\/aktualne\/nizszy-podatek-eliminacja-dodatkowych-oplat-prezydent-przedstawia-projekt-ustawy-o-obnizce-cen-pradu\/\" \/>\n<meta property=\"og:site_name\" content=\"POGOTOWIE FLAGOWE\u00ae\" \/>\n<meta property=\"article:published_time\" content=\"2025-11-07T22:35:58+00:00\" \/>\n<meta property=\"article:modified_time\" content=\"2025-11-07T22:36:00+00:00\" \/>\n<meta property=\"og:image\" content=\"https:\/\/www.pogotowieflagowe.pl\/aktualne\/wp-content\/uploads\/2025\/11\/Nizszy-podatek-eliminacja-dodatkowych-oplat-Prezydent-przedstawia-projekt-ustawy-o.webp.webp\" \/>\n\t<meta property=\"og:image:width\" content=\"1280\" \/>\n\t<meta property=\"og:image:height\" content=\"720\" \/>\n\t<meta property=\"og:image:type\" content=\"image\/webp\" \/>\n<meta name=\"author\" content=\"Filip\" \/>\n<meta name=\"twitter:card\" content=\"summary_large_image\" \/>\n<meta name=\"twitter:label1\" content=\"Napisane przez\" \/>\n\t<meta name=\"twitter:data1\" content=\"Filip\" \/>\n\t<meta name=\"twitter:label2\" content=\"Szacowany czas czytania\" \/>\n\t<meta name=\"twitter:data2\" content=\"2 minuty\" \/>\n<script type=\"application\/ld+json\" class=\"yoast-schema-graph\">{\"@context\":\"https:\/\/schema.org\",\"@graph\":[{\"@type\":\"Article\",\"@id\":\"https:\/\/www.pogotowieflagowe.pl\/aktualne\/nizszy-podatek-eliminacja-dodatkowych-oplat-prezydent-przedstawia-projekt-ustawy-o-obnizce-cen-pradu\/#article\",\"isPartOf\":{\"@id\":\"https:\/\/www.pogotowieflagowe.pl\/aktualne\/nizszy-podatek-eliminacja-dodatkowych-oplat-prezydent-przedstawia-projekt-ustawy-o-obnizce-cen-pradu\/\"},\"author\":{\"name\":\"Filip\",\"@id\":\"https:\/\/www.pogotowieflagowe.pl\/aktualne\/#\/schema\/person\/9c2fb7d2362ebf6fa088960d7f0d27b0\"},\"headline\":\"Ni\u017cszy podatek, eliminacja dodatkowych op\u0142at. Prezydent przedstawia projekt ustawy o obni\u017cce cen pr\u0105du\",\"datePublished\":\"2025-11-07T22:35:58+00:00\",\"dateModified\":\"2025-11-07T22:36:00+00:00\",\"mainEntityOfPage\":{\"@id\":\"https:\/\/www.pogotowieflagowe.pl\/aktualne\/nizszy-podatek-eliminacja-dodatkowych-oplat-prezydent-przedstawia-projekt-ustawy-o-obnizce-cen-pradu\/\"},\"wordCount\":495,\"commentCount\":0,\"publisher\":{\"@id\":\"https:\/\/www.pogotowieflagowe.pl\/aktualne\/#organization\"},\"image\":{\"@id\":\"https:\/\/www.pogotowieflagowe.pl\/aktualne\/nizszy-podatek-eliminacja-dodatkowych-oplat-prezydent-przedstawia-projekt-ustawy-o-obnizce-cen-pradu\/#primaryimage\"},\"thumbnailUrl\":\"https:\/\/www.pogotowieflagowe.pl\/aktualne\/wp-content\/uploads\/2025\/11\/Nizszy-podatek-eliminacja-dodatkowych-oplat-Prezydent-przedstawia-projekt-ustawy-o.webp.webp\",\"keywords\":[\"cen\",\"dodatkowych\",\"eliminacja\",\"Ni\u017cszy\",\"obni\u017cce\",\"op\u0142at\",\"podatek\",\"pr\u0105du\",\"Prezydent\",\"Projekt\",\"przedstawia\",\"ustawy\"],\"articleSection\":[\"Aktualne\"],\"inLanguage\":\"pl-PL\",\"potentialAction\":[{\"@type\":\"CommentAction\",\"name\":\"Comment\",\"target\":[\"https:\/\/www.pogotowieflagowe.pl\/aktualne\/nizszy-podatek-eliminacja-dodatkowych-oplat-prezydent-przedstawia-projekt-ustawy-o-obnizce-cen-pradu\/#respond\"]}]},{\"@type\":\"WebPage\",\"@id\":\"https:\/\/www.pogotowieflagowe.pl\/aktualne\/nizszy-podatek-eliminacja-dodatkowych-oplat-prezydent-przedstawia-projekt-ustawy-o-obnizce-cen-pradu\/\",\"url\":\"https:\/\/www.pogotowieflagowe.pl\/aktualne\/nizszy-podatek-eliminacja-dodatkowych-oplat-prezydent-przedstawia-projekt-ustawy-o-obnizce-cen-pradu\/\",\"name\":\"Ni\u017cszy podatek, eliminacja dodatkowych op\u0142at. Prezydent przedstawia projekt ustawy o obni\u017cce cen pr\u0105du - POGOTOWIE FLAGOWE\u00ae\",\"isPartOf\":{\"@id\":\"https:\/\/www.pogotowieflagowe.pl\/aktualne\/#website\"},\"primaryImageOfPage\":{\"@id\":\"https:\/\/www.pogotowieflagowe.pl\/aktualne\/nizszy-podatek-eliminacja-dodatkowych-oplat-prezydent-przedstawia-projekt-ustawy-o-obnizce-cen-pradu\/#primaryimage\"},\"image\":{\"@id\":\"https:\/\/www.pogotowieflagowe.pl\/aktualne\/nizszy-podatek-eliminacja-dodatkowych-oplat-prezydent-przedstawia-projekt-ustawy-o-obnizce-cen-pradu\/#primaryimage\"},\"thumbnailUrl\":\"https:\/\/www.pogotowieflagowe.pl\/aktualne\/wp-content\/uploads\/2025\/11\/Nizszy-podatek-eliminacja-dodatkowych-oplat-Prezydent-przedstawia-projekt-ustawy-o.webp.webp\",\"datePublished\":\"2025-11-07T22:35:58+00:00\",\"dateModified\":\"2025-11-07T22:36:00+00:00\",\"breadcrumb\":{\"@id\":\"https:\/\/www.pogotowieflagowe.pl\/aktualne\/nizszy-podatek-eliminacja-dodatkowych-oplat-prezydent-przedstawia-projekt-ustawy-o-obnizce-cen-pradu\/#breadcrumb\"},\"inLanguage\":\"pl-PL\",\"potentialAction\":[{\"@type\":\"ReadAction\",\"target\":[\"https:\/\/www.pogotowieflagowe.pl\/aktualne\/nizszy-podatek-eliminacja-dodatkowych-oplat-prezydent-przedstawia-projekt-ustawy-o-obnizce-cen-pradu\/\"]}]},{\"@type\":\"ImageObject\",\"inLanguage\":\"pl-PL\",\"@id\":\"https:\/\/www.pogotowieflagowe.pl\/aktualne\/nizszy-podatek-eliminacja-dodatkowych-oplat-prezydent-przedstawia-projekt-ustawy-o-obnizce-cen-pradu\/#primaryimage\",\"url\":\"https:\/\/www.pogotowieflagowe.pl\/aktualne\/wp-content\/uploads\/2025\/11\/Nizszy-podatek-eliminacja-dodatkowych-oplat-Prezydent-przedstawia-projekt-ustawy-o.webp.webp\",\"contentUrl\":\"https:\/\/www.pogotowieflagowe.pl\/aktualne\/wp-content\/uploads\/2025\/11\/Nizszy-podatek-eliminacja-dodatkowych-oplat-Prezydent-przedstawia-projekt-ustawy-o.webp.webp\",\"width\":1280,\"height\":720,\"caption\":\"Ni\u017cszy podatek, eliminacja dodatkowych op\u0142at. Prezydent przedstawia projekt ustawy o obni\u017cce cen pr\u0105du\"},{\"@type\":\"BreadcrumbList\",\"@id\":\"https:\/\/www.pogotowieflagowe.pl\/aktualne\/nizszy-podatek-eliminacja-dodatkowych-oplat-prezydent-przedstawia-projekt-ustawy-o-obnizce-cen-pradu\/#breadcrumb\",\"itemListElement\":[{\"@type\":\"ListItem\",\"position\":1,\"name\":\"Home\",\"item\":\"https:\/\/www.pogotowieflagowe.pl\/aktualne\/\"},{\"@type\":\"ListItem\",\"position\":2,\"name\":\"Ni\u017cszy podatek, eliminacja dodatkowych op\u0142at. Prezydent przedstawia projekt ustawy o obni\u017cce cen pr\u0105du\"}]},{\"@type\":\"WebSite\",\"@id\":\"https:\/\/www.pogotowieflagowe.pl\/aktualne\/#website\",\"url\":\"https:\/\/www.pogotowieflagowe.pl\/aktualne\/\",\"name\":\"POGOTOWIE FLAGOWE\u00ae\",\"description\":\"\",\"publisher\":{\"@id\":\"https:\/\/www.pogotowieflagowe.pl\/aktualne\/#organization\"},\"potentialAction\":[{\"@type\":\"SearchAction\",\"target\":{\"@type\":\"EntryPoint\",\"urlTemplate\":\"https:\/\/www.pogotowieflagowe.pl\/aktualne\/?s={search_term_string}\"},\"query-input\":\"required name=search_term_string\"}],\"inLanguage\":\"pl-PL\"},{\"@type\":\"Organization\",\"@id\":\"https:\/\/www.pogotowieflagowe.pl\/aktualne\/#organization\",\"name\":\"POGOTOWIE FLAGOWE\u00ae\",\"url\":\"https:\/\/www.pogotowieflagowe.pl\/aktualne\/\",\"logo\":{\"@type\":\"ImageObject\",\"inLanguage\":\"pl-PL\",\"@id\":\"https:\/\/www.pogotowieflagowe.pl\/aktualne\/#\/schema\/logo\/image\/\",\"url\":\"https:\/\/www.pogotowieflagowe.pl\/aktualne\/wp-content\/uploads\/2024\/08\/cropped-pogotowieflagowe_flaga_projekt_sm.jpg\",\"contentUrl\":\"https:\/\/www.pogotowieflagowe.pl\/aktualne\/wp-content\/uploads\/2024\/08\/cropped-pogotowieflagowe_flaga_projekt_sm.jpg\",\"width\":250,\"height\":143,\"caption\":\"POGOTOWIE FLAGOWE\u00ae\"},\"image\":{\"@id\":\"https:\/\/www.pogotowieflagowe.pl\/aktualne\/#\/schema\/logo\/image\/\"}},{\"@type\":\"Person\",\"@id\":\"https:\/\/www.pogotowieflagowe.pl\/aktualne\/#\/schema\/person\/9c2fb7d2362ebf6fa088960d7f0d27b0\",\"name\":\"Filip\",\"image\":{\"@type\":\"ImageObject\",\"inLanguage\":\"pl-PL\",\"@id\":\"https:\/\/www.pogotowieflagowe.pl\/aktualne\/#\/schema\/person\/image\/\",\"url\":\"https:\/\/www.pogotowieflagowe.pl\/aktualne\/wp-content\/uploads\/2024\/08\/pogotowieflagowe.pl_.jpg\",\"contentUrl\":\"https:\/\/www.pogotowieflagowe.pl\/aktualne\/wp-content\/uploads\/2024\/08\/pogotowieflagowe.pl_.jpg\",\"caption\":\"Filip\"},\"description\":\"Jestem Filip, polski dziennikarz z dyplomem nauk politycznych Uniwersytetu Warszawskiego. Rozpoczynaj\u0105c swoj\u0105 karier\u0119 w r\u00f3\u017cnych lokalnych mediach, zdoby\u0142em solidne do\u015bwiadczenie w zakresie \u015bledztwa i redakcji. Obecnie jako redaktor w Pogotowie flagowe, staram si\u0119 dostarcza\u0107 dog\u0142\u0119bne i istotne analizy na temat najwa\u017cniejszych kwestii aktualno\u015bci, \u0142\u0105cz\u0105c rygor z pasj\u0105 dziennikarsk\u0105.\",\"sameAs\":[\"https:\/\/www.pogotowieflagowe.pl\/\"]}]}<\/script>\n<!-- \/ Yoast SEO plugin. -->","yoast_head_json":{"title":"Ni\u017cszy podatek, eliminacja dodatkowych op\u0142at. Prezydent przedstawia projekt ustawy o obni\u017cce cen pr\u0105du - POGOTOWIE FLAGOWE\u00ae","robots":{"index":"index","follow":"follow","max-snippet":"max-snippet:-1","max-image-preview":"max-image-preview:large","max-video-preview":"max-video-preview:-1"},"canonical":"https:\/\/www.pogotowieflagowe.pl\/aktualne\/nizszy-podatek-eliminacja-dodatkowych-oplat-prezydent-przedstawia-projekt-ustawy-o-obnizce-cen-pradu\/","og_locale":"pl_PL","og_type":"article","og_title":"Ni\u017cszy podatek, eliminacja dodatkowych op\u0142at. Prezydent przedstawia projekt ustawy o obni\u017cce cen pr\u0105du - POGOTOWIE FLAGOWE\u00ae","og_description":"\u201eProponuj\u0119 nie tylko \u00abtarcz\u0119\u00bb, ale prawdziwy \u00abmiecz\u00bb, \u017ceby obci\u0105\u0107 z cen te elementy, za kt\u00f3re Polacy nie powinni p\u0142aci\u0107\u201d \u2013","og_url":"https:\/\/www.pogotowieflagowe.pl\/aktualne\/nizszy-podatek-eliminacja-dodatkowych-oplat-prezydent-przedstawia-projekt-ustawy-o-obnizce-cen-pradu\/","og_site_name":"POGOTOWIE FLAGOWE\u00ae","article_published_time":"2025-11-07T22:35:58+00:00","article_modified_time":"2025-11-07T22:36:00+00:00","og_image":[{"width":1280,"height":720,"url":"https:\/\/www.pogotowieflagowe.pl\/aktualne\/wp-content\/uploads\/2025\/11\/Nizszy-podatek-eliminacja-dodatkowych-oplat-Prezydent-przedstawia-projekt-ustawy-o.webp.webp","type":"image\/webp"}],"author":"Filip","twitter_card":"summary_large_image","twitter_misc":{"Napisane przez":"Filip","Szacowany czas czytania":"2 minuty"},"schema":{"@context":"https:\/\/schema.org","@graph":[{"@type":"Article","@id":"https:\/\/www.pogotowieflagowe.pl\/aktualne\/nizszy-podatek-eliminacja-dodatkowych-oplat-prezydent-przedstawia-projekt-ustawy-o-obnizce-cen-pradu\/#article","isPartOf":{"@id":"https:\/\/www.pogotowieflagowe.pl\/aktualne\/nizszy-podatek-eliminacja-dodatkowych-oplat-prezydent-przedstawia-projekt-ustawy-o-obnizce-cen-pradu\/"},"author":{"name":"Filip","@id":"https:\/\/www.pogotowieflagowe.pl\/aktualne\/#\/schema\/person\/9c2fb7d2362ebf6fa088960d7f0d27b0"},"headline":"Ni\u017cszy podatek, eliminacja dodatkowych op\u0142at. Prezydent przedstawia projekt ustawy o obni\u017cce cen pr\u0105du","datePublished":"2025-11-07T22:35:58+00:00","dateModified":"2025-11-07T22:36:00+00:00","mainEntityOfPage":{"@id":"https:\/\/www.pogotowieflagowe.pl\/aktualne\/nizszy-podatek-eliminacja-dodatkowych-oplat-prezydent-przedstawia-projekt-ustawy-o-obnizce-cen-pradu\/"},"wordCount":495,"commentCount":0,"publisher":{"@id":"https:\/\/www.pogotowieflagowe.pl\/aktualne\/#organization"},"image":{"@id":"https:\/\/www.pogotowieflagowe.pl\/aktualne\/nizszy-podatek-eliminacja-dodatkowych-oplat-prezydent-przedstawia-projekt-ustawy-o-obnizce-cen-pradu\/#primaryimage"},"thumbnailUrl":"https:\/\/www.pogotowieflagowe.pl\/aktualne\/wp-content\/uploads\/2025\/11\/Nizszy-podatek-eliminacja-dodatkowych-oplat-Prezydent-przedstawia-projekt-ustawy-o.webp.webp","keywords":["cen","dodatkowych","eliminacja","Ni\u017cszy","obni\u017cce","op\u0142at","podatek","pr\u0105du","Prezydent","Projekt","przedstawia","ustawy"],"articleSection":["Aktualne"],"inLanguage":"pl-PL","potentialAction":[{"@type":"CommentAction","name":"Comment","target":["https:\/\/www.pogotowieflagowe.pl\/aktualne\/nizszy-podatek-eliminacja-dodatkowych-oplat-prezydent-przedstawia-projekt-ustawy-o-obnizce-cen-pradu\/#respond"]}]},{"@type":"WebPage","@id":"https:\/\/www.pogotowieflagowe.pl\/aktualne\/nizszy-podatek-eliminacja-dodatkowych-oplat-prezydent-przedstawia-projekt-ustawy-o-obnizce-cen-pradu\/","url":"https:\/\/www.pogotowieflagowe.pl\/aktualne\/nizszy-podatek-eliminacja-dodatkowych-oplat-prezydent-przedstawia-projekt-ustawy-o-obnizce-cen-pradu\/","name":"Ni\u017cszy podatek, eliminacja dodatkowych op\u0142at. Prezydent przedstawia projekt ustawy o obni\u017cce cen pr\u0105du - POGOTOWIE FLAGOWE\u00ae","isPartOf":{"@id":"https:\/\/www.pogotowieflagowe.pl\/aktualne\/#website"},"primaryImageOfPage":{"@id":"https:\/\/www.pogotowieflagowe.pl\/aktualne\/nizszy-podatek-eliminacja-dodatkowych-oplat-prezydent-przedstawia-projekt-ustawy-o-obnizce-cen-pradu\/#primaryimage"},"image":{"@id":"https:\/\/www.pogotowieflagowe.pl\/aktualne\/nizszy-podatek-eliminacja-dodatkowych-oplat-prezydent-przedstawia-projekt-ustawy-o-obnizce-cen-pradu\/#primaryimage"},"thumbnailUrl":"https:\/\/www.pogotowieflagowe.pl\/aktualne\/wp-content\/uploads\/2025\/11\/Nizszy-podatek-eliminacja-dodatkowych-oplat-Prezydent-przedstawia-projekt-ustawy-o.webp.webp","datePublished":"2025-11-07T22:35:58+00:00","dateModified":"2025-11-07T22:36:00+00:00","breadcrumb":{"@id":"https:\/\/www.pogotowieflagowe.pl\/aktualne\/nizszy-podatek-eliminacja-dodatkowych-oplat-prezydent-przedstawia-projekt-ustawy-o-obnizce-cen-pradu\/#breadcrumb"},"inLanguage":"pl-PL","potentialAction":[{"@type":"ReadAction","target":["https:\/\/www.pogotowieflagowe.pl\/aktualne\/nizszy-podatek-eliminacja-dodatkowych-oplat-prezydent-przedstawia-projekt-ustawy-o-obnizce-cen-pradu\/"]}]},{"@type":"ImageObject","inLanguage":"pl-PL","@id":"https:\/\/www.pogotowieflagowe.pl\/aktualne\/nizszy-podatek-eliminacja-dodatkowych-oplat-prezydent-przedstawia-projekt-ustawy-o-obnizce-cen-pradu\/#primaryimage","url":"https:\/\/www.pogotowieflagowe.pl\/aktualne\/wp-content\/uploads\/2025\/11\/Nizszy-podatek-eliminacja-dodatkowych-oplat-Prezydent-przedstawia-projekt-ustawy-o.webp.webp","contentUrl":"https:\/\/www.pogotowieflagowe.pl\/aktualne\/wp-content\/uploads\/2025\/11\/Nizszy-podatek-eliminacja-dodatkowych-oplat-Prezydent-przedstawia-projekt-ustawy-o.webp.webp","width":1280,"height":720,"caption":"Ni\u017cszy podatek, eliminacja dodatkowych op\u0142at. Prezydent przedstawia projekt ustawy o obni\u017cce cen pr\u0105du"},{"@type":"BreadcrumbList","@id":"https:\/\/www.pogotowieflagowe.pl\/aktualne\/nizszy-podatek-eliminacja-dodatkowych-oplat-prezydent-przedstawia-projekt-ustawy-o-obnizce-cen-pradu\/#breadcrumb","itemListElement":[{"@type":"ListItem","position":1,"name":"Home","item":"https:\/\/www.pogotowieflagowe.pl\/aktualne\/"},{"@type":"ListItem","position":2,"name":"Ni\u017cszy podatek, eliminacja dodatkowych op\u0142at. Prezydent przedstawia projekt ustawy o obni\u017cce cen pr\u0105du"}]},{"@type":"WebSite","@id":"https:\/\/www.pogotowieflagowe.pl\/aktualne\/#website","url":"https:\/\/www.pogotowieflagowe.pl\/aktualne\/","name":"POGOTOWIE FLAGOWE\u00ae","description":"","publisher":{"@id":"https:\/\/www.pogotowieflagowe.pl\/aktualne\/#organization"},"potentialAction":[{"@type":"SearchAction","target":{"@type":"EntryPoint","urlTemplate":"https:\/\/www.pogotowieflagowe.pl\/aktualne\/?s={search_term_string}"},"query-input":"required name=search_term_string"}],"inLanguage":"pl-PL"},{"@type":"Organization","@id":"https:\/\/www.pogotowieflagowe.pl\/aktualne\/#organization","name":"POGOTOWIE FLAGOWE\u00ae","url":"https:\/\/www.pogotowieflagowe.pl\/aktualne\/","logo":{"@type":"ImageObject","inLanguage":"pl-PL","@id":"https:\/\/www.pogotowieflagowe.pl\/aktualne\/#\/schema\/logo\/image\/","url":"https:\/\/www.pogotowieflagowe.pl\/aktualne\/wp-content\/uploads\/2024\/08\/cropped-pogotowieflagowe_flaga_projekt_sm.jpg","contentUrl":"https:\/\/www.pogotowieflagowe.pl\/aktualne\/wp-content\/uploads\/2024\/08\/cropped-pogotowieflagowe_flaga_projekt_sm.jpg","width":250,"height":143,"caption":"POGOTOWIE FLAGOWE\u00ae"},"image":{"@id":"https:\/\/www.pogotowieflagowe.pl\/aktualne\/#\/schema\/logo\/image\/"}},{"@type":"Person","@id":"https:\/\/www.pogotowieflagowe.pl\/aktualne\/#\/schema\/person\/9c2fb7d2362ebf6fa088960d7f0d27b0","name":"Filip","image":{"@type":"ImageObject","inLanguage":"pl-PL","@id":"https:\/\/www.pogotowieflagowe.pl\/aktualne\/#\/schema\/person\/image\/","url":"https:\/\/www.pogotowieflagowe.pl\/aktualne\/wp-content\/uploads\/2024\/08\/pogotowieflagowe.pl_.jpg","contentUrl":"https:\/\/www.pogotowieflagowe.pl\/aktualne\/wp-content\/uploads\/2024\/08\/pogotowieflagowe.pl_.jpg","caption":"Filip"},"description":"Jestem Filip, polski dziennikarz z dyplomem nauk politycznych Uniwersytetu Warszawskiego. Rozpoczynaj\u0105c swoj\u0105 karier\u0119 w r\u00f3\u017cnych lokalnych mediach, zdoby\u0142em solidne do\u015bwiadczenie w zakresie \u015bledztwa i redakcji. Obecnie jako redaktor w Pogotowie flagowe, staram si\u0119 dostarcza\u0107 dog\u0142\u0119bne i istotne analizy na temat najwa\u017cniejszych kwestii aktualno\u015bci, \u0142\u0105cz\u0105c rygor z pasj\u0105 dziennikarsk\u0105.","sameAs":["https:\/\/www.pogotowieflagowe.pl\/"]}]}},"_links":{"self":[{"href":"https:\/\/www.pogotowieflagowe.pl\/aktualne\/wp-json\/wp\/v2\/posts\/10269","targetHints":{"allow":["GET"]}}],"collection":[{"href":"https:\/\/www.pogotowieflagowe.pl\/aktualne\/wp-json\/wp\/v2\/posts"}],"about":[{"href":"https:\/\/www.pogotowieflagowe.pl\/aktualne\/wp-json\/wp\/v2\/types\/post"}],"author":[{"embeddable":true,"href":"https:\/\/www.pogotowieflagowe.pl\/aktualne\/wp-json\/wp\/v2\/users\/1"}],"replies":[{"embeddable":true,"href":"https:\/\/www.pogotowieflagowe.pl\/aktualne\/wp-json\/wp\/v2\/comments?post=10269"}],"version-history":[{"count":1,"href":"https:\/\/www.pogotowieflagowe.pl\/aktualne\/wp-json\/wp\/v2\/posts\/10269\/revisions"}],"predecessor-version":[{"id":10271,"href":"https:\/\/www.pogotowieflagowe.pl\/aktualne\/wp-json\/wp\/v2\/posts\/10269\/revisions\/10271"}],"wp:featuredmedia":[{"embeddable":true,"href":"https:\/\/www.pogotowieflagowe.pl\/aktualne\/wp-json\/wp\/v2\/media\/10270"}],"wp:attachment":[{"href":"https:\/\/www.pogotowieflagowe.pl\/aktualne\/wp-json\/wp\/v2\/media?parent=10269"}],"wp:term":[{"taxonomy":"category","embeddable":true,"href":"https:\/\/www.pogotowieflagowe.pl\/aktualne\/wp-json\/wp\/v2\/categories?post=10269"},{"taxonomy":"post_tag","embeddable":true,"href":"https:\/\/www.pogotowieflagowe.pl\/aktualne\/wp-json\/wp\/v2\/tags?post=10269"}],"curies":[{"name":"wp","href":"https:\/\/api.w.org\/{rel}","templated":true}]}}