{"id":1027,"date":"2024-10-02T03:49:32","date_gmt":"2024-10-02T01:49:32","guid":{"rendered":"https:\/\/www.pogotowieflagowe.pl\/aktualne\/wojciech-szczesny-od-srody-dolaczy-do-fc-barcelona\/"},"modified":"2024-10-02T03:49:36","modified_gmt":"2024-10-02T01:49:36","slug":"wojciech-szczesny-od-srody-dolaczy-do-fc-barcelona","status":"publish","type":"post","link":"https:\/\/www.pogotowieflagowe.pl\/aktualne\/wojciech-szczesny-od-srody-dolaczy-do-fc-barcelona\/","title":{"rendered":"Wojciech Szcz\u0119sny od \u015brody do\u0142\u0105czy do FC Barcelona"},"content":{"rendered":"\n<div class=\"td_block_wrap tdb_single_content tdi_48 td-pb-border-top td_block_template_8 td-post-content tagdiv-type\" data-td-block-uid=\"tdi_48\">\n<style>.tdi_48{margines-g\u00f3rny:0px!important;margin-bottom:0px!important;dope\u0142nienie-g\u00f3ra:0px!important;dope\u0142nienie-d\u00f3\u0142:0px!important}<\/style>\n<style>.tdb_single_content{margin-bottom:0;*zoom:1}.tdb_single_content:before,.tdb_single_content:after{display:table;content:'';line-height:0}.tdb_single_content:after{clear:both}.tdb_single_content .tdb-block-inner>*:not(.wp-block-quote):not(.alignwide):not(.alignfull.wp-block-cover.has-parallax):not(.td-a-ad) {margin-left:auto;margin-right:auto}.tdb_single_content a{pointer-events:auto}.tdb_single_content .td-spot-id-top_ad .tdc-placeholder-title:before{content:'Najlepsza reklama artyku\u0142u'! wa\u017cne}.tdb_single_content .td-spot-id-inline_ad0 .tdc-placeholder-title:before{content:'Article Inline Ad 1'!important}.tdb_single_content .td-spot-id-inline_ad1 .tdc-placeholder-title:before {content:'Reklama wbudowana w artyku\u0142 2'!important}.tdb_single_content .td-spot-id-inline_ad2 .tdc-placeholder-title:before{content:'Reklama wbudowana w artyku\u0142 3'!important}.tdb_single_content .td-spot-id -bottom_ad .tdc-placeholder-title:before{content:'Article Bottom Ad'!important}.tdb_single_content .id_top_ad,.tdb_single_content .id_bottom_ad{clear:both;margin-bottom:21px;text-align:center}.tdb_single_content . id_top_ad img,.tdb_single_content .id_bottom_ad img{margin-bottom:0}.tdb_single_content .id_top_ad .adsbygoogle,.tdb_single_content .id_bottom_ad .adsbygoogle{position:relative}.tdb_single_content .id_ad_content-horiz- po lewej,.tdb_single_content .id_ad_content-horiz-right ,.tdb_single_content .id_ad_content-horiz-center{margin-bottom:15px}.tdb_single_content .id_ad_content-horiz-left img,.tdb_single_content .id_ad_content-horiz-right img,.tdb_single_content .id_ad_content-horiz -center img{margines-dolny: 0}.tdb_single_content .id_ad_content-horiz-center{text-align:center}.tdb_single_content .id_ad_content-horiz-center img{margin-right:auto;margin-left:auto}.tdb_single_content .id_ad_content-horiz-left{float: lewy;margin-g\u00f3rny:9px;margin-prawy:21px}.tdb_single_content .id_ad_content-horiz-right{float:right;margin-top:6px;margin-left:21px}.tdb_single_content .tdc-a-ad .tdc- placeholder-title{width:300px;height:250px}.tdb_single_content .tdc-a-ad .tdc-placeholder-title:before{position:absolute;top:50%;-webkit-transform:translateY(-50%); transform:translateY(-50%);margines:auto;display:table;width:100%}.tdb_single_content .tdb-block-inner.td-fix-index{word-break:break-word}.tdi_48,.tdi_48 >p,.tdi_48 .tdb-block-inner>p{font-size:16px!important;line-height:1.6!important}.tdi_48 .tdb-block-inner blockquote p{font-style:normal!important}@ media (maks. szeroko\u015b\u0107: 767 pikseli){.tdb_single_content .id_ad_content-horiz-left,.tdb_single_content .id_ad_content-horiz-right,.tdb_single_content .id_ad_content-horiz-center{margin:0 auto 26px auto}}@media (maks. szeroko\u015b\u0107 :767px){.tdb_single_content .id_ad_content-horiz-left{margin-right:0}}@media (max-width:767px){.tdb_single_content .id_ad_content-horiz-right{margin-left:0}}@media (max -width:767px){.tdb_single_content .td-a-ad{float:none;text-align:center}.tdb_single_content .td-a-ad img{margin-right:auto;margin-left:auto}.tdb_single_content . tdc-a-ad{float:none}}<\/style>\n<div class=\"tdb-block-inner td-fix-index\">\n<p><strong>Oczekuje si\u0119, \u017ce polski bramkarz Wojciech Szcz\u0119sny po pomy\u015blnym przej\u015bciu bada\u0144 lekarskich w \u015brod\u0119 podpisze kontrakt z FC Barcelona. Szcz\u0119sny od poniedzia\u0142ku przebywa w Barcelonie i przygotowuje si\u0119 do przeprowadzki do klubu. Przeszed\u0142 badania lekarskie i pozna\u0142 swoich przysz\u0142ych koleg\u00f3w z dru\u017cyny, w tym Roberta Lewandowskiego. Jednak ze wzgl\u0119du na skupienie si\u0119 klubu na zobowi\u0105zaniach zwi\u0105zanych z Lig\u0105 Mistrz\u00f3w oficjalne podpisanie kontraktu zosta\u0142o op\u00f3\u017anione.<\/strong><\/p>\n<h2 class=\"wp-block-heading\">Podpisanie awaryjne dla Barcelony<\/h2>\n<p>Nag\u0142y powr\u00f3t Szcz\u0119snego do pi\u0142ki no\u017cnej nast\u0105pi\u0142 po d\u0142ugotrwa\u0142ej kontuzji kolana, w kt\u00f3rej podstawowy bramkarz Barcelony, Marc-Andr\u00e9 ter Stegen, dozna\u0142 kontuzji. Jako wolny agent Szcz\u0119sny m\u00f3g\u0142 podpisa\u0107 kontrakt poza oknem transferowym. 34-latek, kt\u00f3ry niedawno przeszed\u0142 na emerytur\u0119, zosta\u0142 wybrany ze wzgl\u0119du na swoje do\u015bwiadczenie i bliskie wi\u0119zi z trenerem Barcelony Hansi Flickiem z czas\u00f3w, gdy gra\u0142 w Bayernie Monachium.<\/p>\n<p>Po podpisaniu kontraktu Szcz\u0119sny rozpocznie treningi z dru\u017cyn\u0105 i ma zadebiutowa\u0107 20 pa\u017adziernika w meczu przeciwko Sevilli. Na razie rezerwowy bramkarz Barcelony I\u00f1aki Pe\u00f1a pozostanie bramkarzem pierwszego wyboru. Szcz\u0119sny, do\u015bwiadczony reprezentant Polski z 84 wyst\u0119pami, nie mo\u017ce si\u0119 doczeka\u0107 powrotu do konkurencyjnej pi\u0142ki no\u017cnej.<\/p>\n<\/div>\n<\/div>\n","protected":false},"excerpt":{"rendered":"<p>Oczekuje si\u0119, \u017ce polski bramkarz Wojciech Szcz\u0119sny po pomy\u015blnym przej\u015bciu bada\u0144 lekarskich w \u015brod\u0119 podpisze kontrakt z FC Barcelona. Szcz\u0119sny<\/p>\n","protected":false},"author":1,"featured_media":1028,"comment_status":"closed","ping_status":"","sticky":false,"template":"","format":"standard","meta":{"footnotes":""},"categories":[118],"tags":[1721,1600,1720,543,542],"class_list":["post-1027","post","type-post","status-publish","format-standard","has-post-thumbnail","hentry","category-lekkoatletyka","tag-barcelona","tag-dolaczy","tag-srody","tag-szczesny","tag-wojciech","generate-columns","tablet-grid-50","mobile-grid-100","grid-parent","grid-50","resize-featured-image"],"yoast_head":"<!-- This site is optimized with the Yoast SEO plugin v23.2 - https:\/\/yoast.com\/wordpress\/plugins\/seo\/ -->\n<title>Wojciech Szcz\u0119sny od \u015brody do\u0142\u0105czy do FC Barcelona - POGOTOWIE FLAGOWE\u00ae<\/title>\n<meta name=\"robots\" content=\"index, follow, max-snippet:-1, max-image-preview:large, max-video-preview:-1\" \/>\n<link rel=\"canonical\" href=\"https:\/\/www.pogotowieflagowe.pl\/aktualne\/wojciech-szczesny-od-srody-dolaczy-do-fc-barcelona\/\" \/>\n<meta property=\"og:locale\" content=\"pl_PL\" \/>\n<meta property=\"og:type\" content=\"article\" \/>\n<meta property=\"og:title\" content=\"Wojciech Szcz\u0119sny od \u015brody do\u0142\u0105czy do FC Barcelona - POGOTOWIE FLAGOWE\u00ae\" \/>\n<meta property=\"og:description\" content=\"Oczekuje si\u0119, \u017ce polski bramkarz Wojciech Szcz\u0119sny po pomy\u015blnym przej\u015bciu bada\u0144 lekarskich w \u015brod\u0119 podpisze kontrakt z FC Barcelona. Szcz\u0119sny\" \/>\n<meta property=\"og:url\" content=\"https:\/\/www.pogotowieflagowe.pl\/aktualne\/wojciech-szczesny-od-srody-dolaczy-do-fc-barcelona\/\" \/>\n<meta property=\"og:site_name\" content=\"POGOTOWIE FLAGOWE\u00ae\" \/>\n<meta property=\"article:published_time\" content=\"2024-10-02T01:49:32+00:00\" \/>\n<meta property=\"article:modified_time\" content=\"2024-10-02T01:49:36+00:00\" \/>\n<meta property=\"og:image\" content=\"https:\/\/www.pogotowieflagowe.pl\/aktualne\/wp-content\/uploads\/2024\/10\/Wojciech-Szczesny-od-srody-dolaczy-do-FC-Barcelona.jpg\" \/>\n\t<meta property=\"og:image:width\" content=\"2048\" \/>\n\t<meta property=\"og:image:height\" content=\"1366\" \/>\n\t<meta property=\"og:image:type\" content=\"image\/jpeg\" \/>\n<meta name=\"author\" content=\"Filip\" \/>\n<meta name=\"twitter:card\" content=\"summary_large_image\" \/>\n<meta name=\"twitter:label1\" content=\"Napisane przez\" \/>\n\t<meta name=\"twitter:data1\" content=\"Filip\" \/>\n\t<meta name=\"twitter:label2\" content=\"Szacowany czas czytania\" \/>\n\t<meta name=\"twitter:data2\" content=\"1 minuta\" \/>\n<script type=\"application\/ld+json\" class=\"yoast-schema-graph\">{\"@context\":\"https:\/\/schema.org\",\"@graph\":[{\"@type\":\"Article\",\"@id\":\"https:\/\/www.pogotowieflagowe.pl\/aktualne\/wojciech-szczesny-od-srody-dolaczy-do-fc-barcelona\/#article\",\"isPartOf\":{\"@id\":\"https:\/\/www.pogotowieflagowe.pl\/aktualne\/wojciech-szczesny-od-srody-dolaczy-do-fc-barcelona\/\"},\"author\":{\"name\":\"Filip\",\"@id\":\"https:\/\/www.pogotowieflagowe.pl\/aktualne\/#\/schema\/person\/9c2fb7d2362ebf6fa088960d7f0d27b0\"},\"headline\":\"Wojciech Szcz\u0119sny od \u015brody do\u0142\u0105czy do FC Barcelona\",\"datePublished\":\"2024-10-02T01:49:32+00:00\",\"dateModified\":\"2024-10-02T01:49:36+00:00\",\"mainEntityOfPage\":{\"@id\":\"https:\/\/www.pogotowieflagowe.pl\/aktualne\/wojciech-szczesny-od-srody-dolaczy-do-fc-barcelona\/\"},\"wordCount\":220,\"publisher\":{\"@id\":\"https:\/\/www.pogotowieflagowe.pl\/aktualne\/#organization\"},\"image\":{\"@id\":\"https:\/\/www.pogotowieflagowe.pl\/aktualne\/wojciech-szczesny-od-srody-dolaczy-do-fc-barcelona\/#primaryimage\"},\"thumbnailUrl\":\"https:\/\/www.pogotowieflagowe.pl\/aktualne\/wp-content\/uploads\/2024\/10\/Wojciech-Szczesny-od-srody-dolaczy-do-FC-Barcelona.jpg\",\"keywords\":[\"Barcelona\",\"do\u0142\u0105czy\",\"\u015brody\",\"Szcz\u0119sny\",\"Wojciech\"],\"articleSection\":[\"Lekkoatletyka\"],\"inLanguage\":\"pl-PL\"},{\"@type\":\"WebPage\",\"@id\":\"https:\/\/www.pogotowieflagowe.pl\/aktualne\/wojciech-szczesny-od-srody-dolaczy-do-fc-barcelona\/\",\"url\":\"https:\/\/www.pogotowieflagowe.pl\/aktualne\/wojciech-szczesny-od-srody-dolaczy-do-fc-barcelona\/\",\"name\":\"Wojciech Szcz\u0119sny od \u015brody do\u0142\u0105czy do FC Barcelona - POGOTOWIE FLAGOWE\u00ae\",\"isPartOf\":{\"@id\":\"https:\/\/www.pogotowieflagowe.pl\/aktualne\/#website\"},\"primaryImageOfPage\":{\"@id\":\"https:\/\/www.pogotowieflagowe.pl\/aktualne\/wojciech-szczesny-od-srody-dolaczy-do-fc-barcelona\/#primaryimage\"},\"image\":{\"@id\":\"https:\/\/www.pogotowieflagowe.pl\/aktualne\/wojciech-szczesny-od-srody-dolaczy-do-fc-barcelona\/#primaryimage\"},\"thumbnailUrl\":\"https:\/\/www.pogotowieflagowe.pl\/aktualne\/wp-content\/uploads\/2024\/10\/Wojciech-Szczesny-od-srody-dolaczy-do-FC-Barcelona.jpg\",\"datePublished\":\"2024-10-02T01:49:32+00:00\",\"dateModified\":\"2024-10-02T01:49:36+00:00\",\"breadcrumb\":{\"@id\":\"https:\/\/www.pogotowieflagowe.pl\/aktualne\/wojciech-szczesny-od-srody-dolaczy-do-fc-barcelona\/#breadcrumb\"},\"inLanguage\":\"pl-PL\",\"potentialAction\":[{\"@type\":\"ReadAction\",\"target\":[\"https:\/\/www.pogotowieflagowe.pl\/aktualne\/wojciech-szczesny-od-srody-dolaczy-do-fc-barcelona\/\"]}]},{\"@type\":\"ImageObject\",\"inLanguage\":\"pl-PL\",\"@id\":\"https:\/\/www.pogotowieflagowe.pl\/aktualne\/wojciech-szczesny-od-srody-dolaczy-do-fc-barcelona\/#primaryimage\",\"url\":\"https:\/\/www.pogotowieflagowe.pl\/aktualne\/wp-content\/uploads\/2024\/10\/Wojciech-Szczesny-od-srody-dolaczy-do-FC-Barcelona.jpg\",\"contentUrl\":\"https:\/\/www.pogotowieflagowe.pl\/aktualne\/wp-content\/uploads\/2024\/10\/Wojciech-Szczesny-od-srody-dolaczy-do-FC-Barcelona.jpg\",\"width\":2048,\"height\":1366,\"caption\":\"Wojciech Szcz\u0119sny od \u015brody do\u0142\u0105czy do FC Barcelona\"},{\"@type\":\"BreadcrumbList\",\"@id\":\"https:\/\/www.pogotowieflagowe.pl\/aktualne\/wojciech-szczesny-od-srody-dolaczy-do-fc-barcelona\/#breadcrumb\",\"itemListElement\":[{\"@type\":\"ListItem\",\"position\":1,\"name\":\"Home\",\"item\":\"https:\/\/www.pogotowieflagowe.pl\/aktualne\/\"},{\"@type\":\"ListItem\",\"position\":2,\"name\":\"Wojciech Szcz\u0119sny od \u015brody do\u0142\u0105czy do FC Barcelona\"}]},{\"@type\":\"WebSite\",\"@id\":\"https:\/\/www.pogotowieflagowe.pl\/aktualne\/#website\",\"url\":\"https:\/\/www.pogotowieflagowe.pl\/aktualne\/\",\"name\":\"POGOTOWIE FLAGOWE\u00ae\",\"description\":\"\",\"publisher\":{\"@id\":\"https:\/\/www.pogotowieflagowe.pl\/aktualne\/#organization\"},\"potentialAction\":[{\"@type\":\"SearchAction\",\"target\":{\"@type\":\"EntryPoint\",\"urlTemplate\":\"https:\/\/www.pogotowieflagowe.pl\/aktualne\/?s={search_term_string}\"},\"query-input\":\"required name=search_term_string\"}],\"inLanguage\":\"pl-PL\"},{\"@type\":\"Organization\",\"@id\":\"https:\/\/www.pogotowieflagowe.pl\/aktualne\/#organization\",\"name\":\"POGOTOWIE FLAGOWE\u00ae\",\"url\":\"https:\/\/www.pogotowieflagowe.pl\/aktualne\/\",\"logo\":{\"@type\":\"ImageObject\",\"inLanguage\":\"pl-PL\",\"@id\":\"https:\/\/www.pogotowieflagowe.pl\/aktualne\/#\/schema\/logo\/image\/\",\"url\":\"https:\/\/www.pogotowieflagowe.pl\/aktualne\/wp-content\/uploads\/2024\/08\/cropped-pogotowieflagowe_flaga_projekt_sm.jpg\",\"contentUrl\":\"https:\/\/www.pogotowieflagowe.pl\/aktualne\/wp-content\/uploads\/2024\/08\/cropped-pogotowieflagowe_flaga_projekt_sm.jpg\",\"width\":250,\"height\":143,\"caption\":\"POGOTOWIE FLAGOWE\u00ae\"},\"image\":{\"@id\":\"https:\/\/www.pogotowieflagowe.pl\/aktualne\/#\/schema\/logo\/image\/\"}},{\"@type\":\"Person\",\"@id\":\"https:\/\/www.pogotowieflagowe.pl\/aktualne\/#\/schema\/person\/9c2fb7d2362ebf6fa088960d7f0d27b0\",\"name\":\"Filip\",\"image\":{\"@type\":\"ImageObject\",\"inLanguage\":\"pl-PL\",\"@id\":\"https:\/\/www.pogotowieflagowe.pl\/aktualne\/#\/schema\/person\/image\/\",\"url\":\"https:\/\/www.pogotowieflagowe.pl\/aktualne\/wp-content\/uploads\/2024\/08\/pogotowieflagowe.pl_.jpg\",\"contentUrl\":\"https:\/\/www.pogotowieflagowe.pl\/aktualne\/wp-content\/uploads\/2024\/08\/pogotowieflagowe.pl_.jpg\",\"caption\":\"Filip\"},\"description\":\"Jestem Filip, polski dziennikarz z dyplomem nauk politycznych Uniwersytetu Warszawskiego. Rozpoczynaj\u0105c swoj\u0105 karier\u0119 w r\u00f3\u017cnych lokalnych mediach, zdoby\u0142em solidne do\u015bwiadczenie w zakresie \u015bledztwa i redakcji. Obecnie jako redaktor w Pogotowie flagowe, staram si\u0119 dostarcza\u0107 dog\u0142\u0119bne i istotne analizy na temat najwa\u017cniejszych kwestii aktualno\u015bci, \u0142\u0105cz\u0105c rygor z pasj\u0105 dziennikarsk\u0105.\",\"sameAs\":[\"https:\/\/www.pogotowieflagowe.pl\/\"]}]}<\/script>\n<!-- \/ Yoast SEO plugin. -->","yoast_head_json":{"title":"Wojciech Szcz\u0119sny od \u015brody do\u0142\u0105czy do FC Barcelona - POGOTOWIE FLAGOWE\u00ae","robots":{"index":"index","follow":"follow","max-snippet":"max-snippet:-1","max-image-preview":"max-image-preview:large","max-video-preview":"max-video-preview:-1"},"canonical":"https:\/\/www.pogotowieflagowe.pl\/aktualne\/wojciech-szczesny-od-srody-dolaczy-do-fc-barcelona\/","og_locale":"pl_PL","og_type":"article","og_title":"Wojciech Szcz\u0119sny od \u015brody do\u0142\u0105czy do FC Barcelona - POGOTOWIE FLAGOWE\u00ae","og_description":"Oczekuje si\u0119, \u017ce polski bramkarz Wojciech Szcz\u0119sny po pomy\u015blnym przej\u015bciu bada\u0144 lekarskich w \u015brod\u0119 podpisze kontrakt z FC Barcelona. Szcz\u0119sny","og_url":"https:\/\/www.pogotowieflagowe.pl\/aktualne\/wojciech-szczesny-od-srody-dolaczy-do-fc-barcelona\/","og_site_name":"POGOTOWIE FLAGOWE\u00ae","article_published_time":"2024-10-02T01:49:32+00:00","article_modified_time":"2024-10-02T01:49:36+00:00","og_image":[{"width":2048,"height":1366,"url":"https:\/\/www.pogotowieflagowe.pl\/aktualne\/wp-content\/uploads\/2024\/10\/Wojciech-Szczesny-od-srody-dolaczy-do-FC-Barcelona.jpg","type":"image\/jpeg"}],"author":"Filip","twitter_card":"summary_large_image","twitter_misc":{"Napisane przez":"Filip","Szacowany czas czytania":"1 minuta"},"schema":{"@context":"https:\/\/schema.org","@graph":[{"@type":"Article","@id":"https:\/\/www.pogotowieflagowe.pl\/aktualne\/wojciech-szczesny-od-srody-dolaczy-do-fc-barcelona\/#article","isPartOf":{"@id":"https:\/\/www.pogotowieflagowe.pl\/aktualne\/wojciech-szczesny-od-srody-dolaczy-do-fc-barcelona\/"},"author":{"name":"Filip","@id":"https:\/\/www.pogotowieflagowe.pl\/aktualne\/#\/schema\/person\/9c2fb7d2362ebf6fa088960d7f0d27b0"},"headline":"Wojciech Szcz\u0119sny od \u015brody do\u0142\u0105czy do FC Barcelona","datePublished":"2024-10-02T01:49:32+00:00","dateModified":"2024-10-02T01:49:36+00:00","mainEntityOfPage":{"@id":"https:\/\/www.pogotowieflagowe.pl\/aktualne\/wojciech-szczesny-od-srody-dolaczy-do-fc-barcelona\/"},"wordCount":220,"publisher":{"@id":"https:\/\/www.pogotowieflagowe.pl\/aktualne\/#organization"},"image":{"@id":"https:\/\/www.pogotowieflagowe.pl\/aktualne\/wojciech-szczesny-od-srody-dolaczy-do-fc-barcelona\/#primaryimage"},"thumbnailUrl":"https:\/\/www.pogotowieflagowe.pl\/aktualne\/wp-content\/uploads\/2024\/10\/Wojciech-Szczesny-od-srody-dolaczy-do-FC-Barcelona.jpg","keywords":["Barcelona","do\u0142\u0105czy","\u015brody","Szcz\u0119sny","Wojciech"],"articleSection":["Lekkoatletyka"],"inLanguage":"pl-PL"},{"@type":"WebPage","@id":"https:\/\/www.pogotowieflagowe.pl\/aktualne\/wojciech-szczesny-od-srody-dolaczy-do-fc-barcelona\/","url":"https:\/\/www.pogotowieflagowe.pl\/aktualne\/wojciech-szczesny-od-srody-dolaczy-do-fc-barcelona\/","name":"Wojciech Szcz\u0119sny od \u015brody do\u0142\u0105czy do FC Barcelona - POGOTOWIE FLAGOWE\u00ae","isPartOf":{"@id":"https:\/\/www.pogotowieflagowe.pl\/aktualne\/#website"},"primaryImageOfPage":{"@id":"https:\/\/www.pogotowieflagowe.pl\/aktualne\/wojciech-szczesny-od-srody-dolaczy-do-fc-barcelona\/#primaryimage"},"image":{"@id":"https:\/\/www.pogotowieflagowe.pl\/aktualne\/wojciech-szczesny-od-srody-dolaczy-do-fc-barcelona\/#primaryimage"},"thumbnailUrl":"https:\/\/www.pogotowieflagowe.pl\/aktualne\/wp-content\/uploads\/2024\/10\/Wojciech-Szczesny-od-srody-dolaczy-do-FC-Barcelona.jpg","datePublished":"2024-10-02T01:49:32+00:00","dateModified":"2024-10-02T01:49:36+00:00","breadcrumb":{"@id":"https:\/\/www.pogotowieflagowe.pl\/aktualne\/wojciech-szczesny-od-srody-dolaczy-do-fc-barcelona\/#breadcrumb"},"inLanguage":"pl-PL","potentialAction":[{"@type":"ReadAction","target":["https:\/\/www.pogotowieflagowe.pl\/aktualne\/wojciech-szczesny-od-srody-dolaczy-do-fc-barcelona\/"]}]},{"@type":"ImageObject","inLanguage":"pl-PL","@id":"https:\/\/www.pogotowieflagowe.pl\/aktualne\/wojciech-szczesny-od-srody-dolaczy-do-fc-barcelona\/#primaryimage","url":"https:\/\/www.pogotowieflagowe.pl\/aktualne\/wp-content\/uploads\/2024\/10\/Wojciech-Szczesny-od-srody-dolaczy-do-FC-Barcelona.jpg","contentUrl":"https:\/\/www.pogotowieflagowe.pl\/aktualne\/wp-content\/uploads\/2024\/10\/Wojciech-Szczesny-od-srody-dolaczy-do-FC-Barcelona.jpg","width":2048,"height":1366,"caption":"Wojciech Szcz\u0119sny od \u015brody do\u0142\u0105czy do FC Barcelona"},{"@type":"BreadcrumbList","@id":"https:\/\/www.pogotowieflagowe.pl\/aktualne\/wojciech-szczesny-od-srody-dolaczy-do-fc-barcelona\/#breadcrumb","itemListElement":[{"@type":"ListItem","position":1,"name":"Home","item":"https:\/\/www.pogotowieflagowe.pl\/aktualne\/"},{"@type":"ListItem","position":2,"name":"Wojciech Szcz\u0119sny od \u015brody do\u0142\u0105czy do FC Barcelona"}]},{"@type":"WebSite","@id":"https:\/\/www.pogotowieflagowe.pl\/aktualne\/#website","url":"https:\/\/www.pogotowieflagowe.pl\/aktualne\/","name":"POGOTOWIE FLAGOWE\u00ae","description":"","publisher":{"@id":"https:\/\/www.pogotowieflagowe.pl\/aktualne\/#organization"},"potentialAction":[{"@type":"SearchAction","target":{"@type":"EntryPoint","urlTemplate":"https:\/\/www.pogotowieflagowe.pl\/aktualne\/?s={search_term_string}"},"query-input":"required name=search_term_string"}],"inLanguage":"pl-PL"},{"@type":"Organization","@id":"https:\/\/www.pogotowieflagowe.pl\/aktualne\/#organization","name":"POGOTOWIE FLAGOWE\u00ae","url":"https:\/\/www.pogotowieflagowe.pl\/aktualne\/","logo":{"@type":"ImageObject","inLanguage":"pl-PL","@id":"https:\/\/www.pogotowieflagowe.pl\/aktualne\/#\/schema\/logo\/image\/","url":"https:\/\/www.pogotowieflagowe.pl\/aktualne\/wp-content\/uploads\/2024\/08\/cropped-pogotowieflagowe_flaga_projekt_sm.jpg","contentUrl":"https:\/\/www.pogotowieflagowe.pl\/aktualne\/wp-content\/uploads\/2024\/08\/cropped-pogotowieflagowe_flaga_projekt_sm.jpg","width":250,"height":143,"caption":"POGOTOWIE FLAGOWE\u00ae"},"image":{"@id":"https:\/\/www.pogotowieflagowe.pl\/aktualne\/#\/schema\/logo\/image\/"}},{"@type":"Person","@id":"https:\/\/www.pogotowieflagowe.pl\/aktualne\/#\/schema\/person\/9c2fb7d2362ebf6fa088960d7f0d27b0","name":"Filip","image":{"@type":"ImageObject","inLanguage":"pl-PL","@id":"https:\/\/www.pogotowieflagowe.pl\/aktualne\/#\/schema\/person\/image\/","url":"https:\/\/www.pogotowieflagowe.pl\/aktualne\/wp-content\/uploads\/2024\/08\/pogotowieflagowe.pl_.jpg","contentUrl":"https:\/\/www.pogotowieflagowe.pl\/aktualne\/wp-content\/uploads\/2024\/08\/pogotowieflagowe.pl_.jpg","caption":"Filip"},"description":"Jestem Filip, polski dziennikarz z dyplomem nauk politycznych Uniwersytetu Warszawskiego. Rozpoczynaj\u0105c swoj\u0105 karier\u0119 w r\u00f3\u017cnych lokalnych mediach, zdoby\u0142em solidne do\u015bwiadczenie w zakresie \u015bledztwa i redakcji. Obecnie jako redaktor w Pogotowie flagowe, staram si\u0119 dostarcza\u0107 dog\u0142\u0119bne i istotne analizy na temat najwa\u017cniejszych kwestii aktualno\u015bci, \u0142\u0105cz\u0105c rygor z pasj\u0105 dziennikarsk\u0105.","sameAs":["https:\/\/www.pogotowieflagowe.pl\/"]}]}},"_links":{"self":[{"href":"https:\/\/www.pogotowieflagowe.pl\/aktualne\/wp-json\/wp\/v2\/posts\/1027","targetHints":{"allow":["GET"]}}],"collection":[{"href":"https:\/\/www.pogotowieflagowe.pl\/aktualne\/wp-json\/wp\/v2\/posts"}],"about":[{"href":"https:\/\/www.pogotowieflagowe.pl\/aktualne\/wp-json\/wp\/v2\/types\/post"}],"author":[{"embeddable":true,"href":"https:\/\/www.pogotowieflagowe.pl\/aktualne\/wp-json\/wp\/v2\/users\/1"}],"replies":[{"embeddable":true,"href":"https:\/\/www.pogotowieflagowe.pl\/aktualne\/wp-json\/wp\/v2\/comments?post=1027"}],"version-history":[{"count":1,"href":"https:\/\/www.pogotowieflagowe.pl\/aktualne\/wp-json\/wp\/v2\/posts\/1027\/revisions"}],"predecessor-version":[{"id":1029,"href":"https:\/\/www.pogotowieflagowe.pl\/aktualne\/wp-json\/wp\/v2\/posts\/1027\/revisions\/1029"}],"wp:featuredmedia":[{"embeddable":true,"href":"https:\/\/www.pogotowieflagowe.pl\/aktualne\/wp-json\/wp\/v2\/media\/1028"}],"wp:attachment":[{"href":"https:\/\/www.pogotowieflagowe.pl\/aktualne\/wp-json\/wp\/v2\/media?parent=1027"}],"wp:term":[{"taxonomy":"category","embeddable":true,"href":"https:\/\/www.pogotowieflagowe.pl\/aktualne\/wp-json\/wp\/v2\/categories?post=1027"},{"taxonomy":"post_tag","embeddable":true,"href":"https:\/\/www.pogotowieflagowe.pl\/aktualne\/wp-json\/wp\/v2\/tags?post=1027"}],"curies":[{"name":"wp","href":"https:\/\/api.w.org\/{rel}","templated":true}]}}