{"id":10277,"date":"2025-11-08T15:10:00","date_gmt":"2025-11-08T14:10:00","guid":{"rendered":"https:\/\/www.pogotowieflagowe.pl\/aktualne\/prezydent-nawrocki-blokuje-cztery-kontrowersyjne-ustawy-weto-w-sprawie-parku-doliny-odry-ciecia-w-transporcie-publicznym-i-powrot-skazanych-do-spolek-panstwowych\/"},"modified":"2025-11-08T15:10:01","modified_gmt":"2025-11-08T14:10:01","slug":"prezydent-nawrocki-blokuje-cztery-kontrowersyjne-ustawy-weto-w-sprawie-parku-doliny-odry-ciecia-w-transporcie-publicznym-i-powrot-skazanych-do-spolek-panstwowych","status":"publish","type":"post","link":"https:\/\/www.pogotowieflagowe.pl\/aktualne\/prezydent-nawrocki-blokuje-cztery-kontrowersyjne-ustawy-weto-w-sprawie-parku-doliny-odry-ciecia-w-transporcie-publicznym-i-powrot-skazanych-do-spolek-panstwowych\/","title":{"rendered":"Prezydent Nawrocki blokuje cztery kontrowersyjne ustawy: weto w sprawie Parku Doliny Odry, ci\u0119cia w transporcie publicznym i powr\u00f3t skazanych do sp\u00f3\u0142ek pa\u0144stwowych"},"content":{"rendered":"\n<div class=\"td_block_wrap tdb_single_content tdi_41 td-pb-border-top td_block_template_8 td-post-content tagdiv-type\" data-td-block-uid=\"tdi_41\">\n<style>.tdi_41{margines-top:0px!important;margin-bottom:0px!important;dope\u0142nienie-g\u00f3ra:0px!important;dope\u0142nienie-d\u00f3\u0142:0px!important}<\/style>\n<style>.tdb_single_content{margin-bottom:0;*zoom:1}.tdb_single_content:before,.tdb_single_content:after{display:table;content:'';line-height:0}.tdb_single_content:after{clear:both}.tdb_single_content .tdb-block-inner>*:not(.wp-block-quote):not(.alignwide):not(.alignfull.wp-block-cover.has-parallax):not(.td-a-ad){margin-left:auto;margin-right:auto}.tdb_single_content a{pointer-events:auto}.tdb_single_content .td-spot-id-top_ad .tdc-placeholder-title:before{content:'Najlepsza reklama artyku\u0142u'!important}.tdb_single_content .td-spot-id-inline_ad0 .tdc-placeholder-title:before{content:'Reklama wbudowana artyku\u0142u 1'!important}.tdb_single_content .td-spot-id-inline_ad1 .tdc-placeholder-title:before{content:'Wbudowana reklama w artykule 2'!important}.tdb_single_content .td-spot-id-inline_ad2 .tdc-placeholder-title:before{content:'Wbudowana reklama w artykule 3'!important}.tdb_single_content .td-spot-id-bottom_ad .tdc-placeholder-title:before{content:'Article Bottom Ad'!important}.tdb_single_content .id_top_ad,.tdb_single_content .id_bottom_ad{clear:both;margin-bottom:21px;text-align:center}.tdb_single_content .id_top_ad img,.tdb_single_content .id_bottom_ad img{margin-bottom:0}.tdb_single_content .id_top_ad .adsbygoogle,.tdb_single_content .id_bottom_ad .adsbygoogle{position:relative}.tdb_single_content .id_ad_content-horiz-left,.tdb_single_content .id_ad_content-horiz-right,.tdb_single_content .id_ad_content-horiz-center{margin-bottom:15px}.tdb_single_content .id_ad_content-horiz-left img,.tdb_single_content .id_ad_content-horiz-right img,.tdb_single_content .id_ad_content-horiz-center img{margin-bottom:0}.tdb_single_content .id_ad_content-horiz-center{text-align:center}.tdb_single_content .id_ad_content-horiz-center img{margin-right:auto;margin-left:auto}.tdb_single_content .id_ad_content-horiz-left{float:left;margin-top:9px;margin-right:21px}.tdb_single_content .id_ad_content-horiz-right{float:right;margin-top:6px;margin-left:21px}.tdb_single_content .tdc-a-ad .tdc-placeholder-title{width:300px;height:250px}.tdb_single_content .tdc-a-ad .tdc-placeholder-title:before{position:absolute;top:50%;-webkit-transform:translateY(-50%);transform:translateY(-50%);margin:auto;display:table;width:100%}.tdb_single_content .tdb-block-inner.td-fix-index{word-break:break-word}.tdi_41,.tdi_41>p,.tdi_41 .tdb-block-inner>p,.wp-block-column>p{font-size:16px!important;line-height:1.6!important}.tdi_41 .tdb-block-inner blockquote p{font-style:normal!important}@media (max-width:767px){.tdb_single_content .id_ad_content-horiz-left,.tdb_single_content .id_ad_content-horiz-right,.tdb_single_content .id_ad_content-horiz-center{margin:0 auto 26 pikseli auto}}@media (max-width:767px){.tdb_single_content .id_ad_content-horiz-left{margin-right:0}}@media (max-width:767px){.tdb_single_content .id_ad_content-horiz-right{margin-left:0}}@media (max-width:767px){.tdb_single_content .td-a-ad{float:none;text-align:center}.tdb_single_content .td-a-ad img{margin-right:auto;margin-left:auto}.tdb_single_content .tdc-a-ad{float:none}}<\/style>\n<div class=\"tdb-block-inner td-fix-index\">\n<p>Cztery weta prezydenta \u2014 Prezydent <strong>Karola Nawrockiego<\/strong> w pi\u0105tek odm\u00f3wi\u0142 podpisania czterech ustaw uchwalonych przez Sejm. A przede wszystkim on <strong>sprzeciwia\u0142 si\u0119 utworzeniu Parku Narodowego Dolina Dolnej Odry<\/strong>powo\u0142uj\u0105c si\u0119 na obawy, \u017ce zablokuje to rozw\u00f3j gospodarczy regionu, w kt\u00f3rym Odra jest kluczowym \u017ar\u00f3d\u0142em potencja\u0142u inwestycyjnego. Ale \u2013 jak podaje Kancelaria Prezydenta \u2013 kolejne z weta <strong>uniemo\u017cliwia uchylenie lub skr\u00f3cenie zakaz\u00f3w pe\u0142nienia funkcji w zarz\u0105dach sp\u00f3\u0142ek przez osoby skazane za okre\u015blone przest\u0119pstwa.<\/strong><\/p>\n<p>Prezydent Karol Nawrocki odm\u00f3wi\u0142 podpisania:<br \/>\u2022 ustawa z dnia <strong>17 pa\u017adziernika 2025 r<\/strong>w sprawie za\u0142o\u017cenia <strong>Park Narodowy Dolina Dolnej Odry<\/strong>,<br \/>\u2022 ustawa z dnia <strong>26 wrze\u015bnia 2025 r<\/strong>o zmianie ustawy o <strong>Zbiorowe zaopatrzenie w wod\u0119 i odprowadzanie \u015bciek\u00f3w<\/strong> i niekt\u00f3re inne akty,<br \/>\u2022 ustawa z dnia <strong>26 wrze\u015bnia 2025 r<\/strong>zmieniaj\u0105c <strong>Prawo o ruchu drogowym<\/strong> i niekt\u00f3re inne akty,<br \/>\u2022 ustawa z dnia <strong>26 wrze\u015bnia 2025 r<\/strong>zmieniaj\u0105c <strong>Ustawa o Krajowym Rejestrze Karnym<\/strong>, <strong>Kodeks sp\u00f3\u0142ek handlowych<\/strong>, <strong>Ustawa o odpowiedzialno\u015bci podmiot\u00f3w zbiorowych za przest\u0119pstwa karalne<\/strong>oraz <strong>Ustawa o przeciwdzia\u0142aniu praniu pieni\u0119dzy oraz finansowaniu terroryzmu<\/strong>.<\/p>\n<p>Zgodnie z uzasadnieniem, w ocenie Prezydenta, utworzenie Parku Narodowego Dolina Dolnej Odry na podstawie przepis\u00f3w tej ustawy podnios\u0142o <strong>powa\u017cne obawy o zahamowanie rozwoju gospodarczego regionu<\/strong>gdzie Odra jest kluczowym \u017ar\u00f3d\u0142em potencja\u0142u inwestycyjnego. Prezydent zwr\u00f3ci\u0142 tak\u017ce uwag\u0119 na <strong>brak analiz dotycz\u0105cych wp\u0142ywu na inwestycje infrastrukturalne<\/strong> w okolicy, cho\u0107 za\u0142o\u017cenie parku mog\u0142oby przynie\u015b\u0107 <strong>realne straty finansowe dla niekt\u00f3rych gmin.<\/strong> Co wi\u0119cej, pomimo <strong>ostry podzia\u0142 pogl\u0105d\u00f3w w\u015br\u00f3d lokalnej spo\u0142eczno\u015bci Mi\u0119dzyodrza<\/strong>nie odby\u0142o si\u0119 \u017cadne referendum lokalne. Ustawa by na\u0142o\u017cy\u0142a <strong>znaczne ograniczenia dla mieszka\u0144c\u00f3w<\/strong> bez szerokich konsultacji spo\u0142ecznych i debaty eksperckiej.<\/p>\n<p>Kolejne weto dotyczy ustawy z dn <strong>26 wrze\u015bnia 2025 r<\/strong>zmieniaj\u0105c <strong>Ustawa o Krajowym Rejestrze Karnym<\/strong>, <strong>Kodeks sp\u00f3\u0142ek handlowych<\/strong>, <strong>Ustawa o odpowiedzialno\u015bci podmiot\u00f3w zbiorowych<\/strong>oraz <strong>Ustawa o przeciwdzia\u0142aniu praniu pieni\u0119dzy i finansowaniu terroryzmu.<\/strong> Zdaniem Prezydenta przepisy na to pozwala\u0142y <strong>zniesienie lub skr\u00f3cenie zakaz\u00f3w pe\u0142nienia funkcji w organach sp\u00f3\u0142ek<\/strong> dla os\u00f3b skazanych za okre\u015blone przest\u0119pstwa.<\/p>\n<p>W uzasadnieniu tak napisano <em>&#8222;Rozwi\u0105zanie to w praktyce znacz\u0105co zwi\u0119ksza ryzyko powrotu do zarz\u0105d\u00f3w sp\u00f3\u0142ek os\u00f3b prawomocnie skazanych za naruszenie prawa. Mo\u017ce to prowadzi\u0107 do obni\u017cenia standard\u00f3w \u0142adu korporacyjnego, zmniejszenia przejrzysto\u015bci i uczciwo\u015bci w dzia\u0142aniu sp\u00f3\u0142ek, zaszkodzi\u0107 akcjonariuszom, wierzycielom i kontrahentom oraz podwa\u017cy\u0107 zaufanie do rynku jako ca\u0142o\u015bci.&#8221;<\/em><\/p>\n<p>Prezydent tak\u017ce <strong>popar\u0142 sprzeciw przedstawicieli bran\u017cy transportowej i samorz\u0105d\u00f3w lokalnych<\/strong>kt\u00f3ry twierdzi\u0142, \u017ce <strong>nowelizacja Prawa o ruchu drogowym<\/strong> zaszkodzi\u0142oby rozwojowi <strong>transport autobusowy na terenach mniej zurbanizowanych.<\/strong> Przepisy wprowadzone na etapie prac komisji sejmowych \u2014 <strong>bez konsultacji i niezwi\u0105zanego z g\u0142\u00f3wnym celem projektu ustawy<\/strong> \u2014 zosta\u0142y uznane za niekorzystne dla transportu publicznego i w konsekwencji dla <strong>setki tysi\u0119cy ludzi, kt\u00f3rzy codziennie korzystaj\u0105 z autobus\u00f3w<\/strong> aby dotrze\u0107 do szk\u00f3\u0142, miejsc pracy, urz\u0119d\u00f3w lub klinik.<\/p>\n<p>Ustawa mia\u0142a na celu <strong>skr\u00f3ci\u0107 czas trwania um\u00f3w<\/strong> zako\u0144czy\u0142 si\u0119 z <strong>Fundusz Rozwoju Transportu Autobusowego (FRPA)<\/strong>z dziesi\u0119ciu do trzech lat \u2013 co wed\u0142ug lokalnych urz\u0119dnik\u00f3w, ekspert\u00f3w i przewo\u017anik\u00f3w mia\u0142oby nast\u0105pi\u0107 <strong>zmniejszy\u0107 liczb\u0119 istniej\u0105cych linii autobusowych<\/strong>poniewa\u017c w wielu gminach <strong>po\u0142\u0105czenia autobusowe istniej\u0105 tylko dzi\u0119ki obs\u0142udze FRPA.<\/strong> Prezydent da\u0142 jasno do zrozumienia, \u017ce \u200b\u200btak <strong>nie zgodzi\u0142aby si\u0119 na dalsze ograniczenia dost\u0119pu Polak\u00f3w do transportu publicznego.<\/strong><\/p>\n<p>Wreszcie prezydent Karol Nawrocki tak\u017ce <strong>zawetowa\u0142 nowelizacj\u0119 ustawy o zbiorowym zaopatrzeniu w wod\u0119 i odprowadzaniu \u015bciek\u00f3w.<\/strong> Zdaniem Prezydenta, ustawa ta stanowi <strong>nadmierna regulacja<\/strong>narzucaj\u0105cego wsp\u00f3lnotom mieszkaniowym, sp\u00f3\u0142dzielniom i samorz\u0105dom lokalnym <strong>obowi\u0105zk\u00f3w nie wymaganych przez dyrektyw\u0119 UE.<\/strong> W rezultacie tak <strong>zwi\u0119kszy\u0107 obci\u0105\u017cenia finansowe<\/strong> na te podmioty. Prezydent zwr\u00f3ci\u0142 uwag\u0119, \u017ce zamiast oferowa\u0107 gminom pomoc w <strong>modernizacje sieci wodoci\u0105gowych i oczyszczalni \u015bciek\u00f3w<\/strong>rachunek <strong>na\u0142o\u017cy\u0142a nowe obowi\u0105zki i kary, w tym odpowiedzialno\u015b\u0107 administracyjn\u0105.<\/strong><\/p>\n<\/div>\n<\/div>\n","protected":false},"excerpt":{"rendered":"<p>Cztery weta prezydenta \u2014 Prezydent Karola Nawrockiego w pi\u0105tek odm\u00f3wi\u0142 podpisania czterech ustaw uchwalonych przez Sejm. A przede wszystkim on<\/p>\n","protected":false},"author":1,"featured_media":7286,"comment_status":"open","ping_status":"open","sticky":false,"template":"","format":"standard","meta":{"footnotes":""},"categories":[4748],"tags":[1255,6594,58,11760,1754,2727,11611,2878,1541,2787,341,10576,10407,2062,35,11761,7025,7383],"class_list":["post-10277","post","type-post","status-publish","format-standard","has-post-thumbnail","hentry","category-aktualne","tag-blokuje","tag-ciecia","tag-cztery","tag-doliny","tag-kontrowersyjne","tag-nawrocki","tag-odry","tag-panstwowych","tag-parku","tag-powrot","tag-prezydent","tag-publicznym","tag-skazanych","tag-spolek","tag-sprawie","tag-transporcie","tag-ustawy","tag-weto","generate-columns","tablet-grid-50","mobile-grid-100","grid-parent","grid-50","resize-featured-image"],"yoast_head":"<!-- This site is optimized with the Yoast SEO plugin v23.2 - https:\/\/yoast.com\/wordpress\/plugins\/seo\/ -->\n<title>Prezydent Nawrocki blokuje cztery kontrowersyjne ustawy: weto w sprawie Parku Doliny Odry, ci\u0119cia w transporcie publicznym i powr\u00f3t skazanych do sp\u00f3\u0142ek pa\u0144stwowych - POGOTOWIE FLAGOWE\u00ae<\/title>\n<meta name=\"robots\" content=\"index, follow, max-snippet:-1, max-image-preview:large, max-video-preview:-1\" \/>\n<link rel=\"canonical\" href=\"https:\/\/www.pogotowieflagowe.pl\/aktualne\/prezydent-nawrocki-blokuje-cztery-kontrowersyjne-ustawy-weto-w-sprawie-parku-doliny-odry-ciecia-w-transporcie-publicznym-i-powrot-skazanych-do-spolek-panstwowych\/\" \/>\n<meta property=\"og:locale\" content=\"pl_PL\" \/>\n<meta property=\"og:type\" content=\"article\" \/>\n<meta property=\"og:title\" content=\"Prezydent Nawrocki blokuje cztery kontrowersyjne ustawy: weto w sprawie Parku Doliny Odry, ci\u0119cia w transporcie publicznym i powr\u00f3t skazanych do sp\u00f3\u0142ek pa\u0144stwowych - POGOTOWIE FLAGOWE\u00ae\" \/>\n<meta property=\"og:description\" content=\"Cztery weta prezydenta \u2014 Prezydent Karola Nawrockiego w pi\u0105tek odm\u00f3wi\u0142 podpisania czterech ustaw uchwalonych przez Sejm. A przede wszystkim on\" \/>\n<meta property=\"og:url\" content=\"https:\/\/www.pogotowieflagowe.pl\/aktualne\/prezydent-nawrocki-blokuje-cztery-kontrowersyjne-ustawy-weto-w-sprawie-parku-doliny-odry-ciecia-w-transporcie-publicznym-i-powrot-skazanych-do-spolek-panstwowych\/\" \/>\n<meta property=\"og:site_name\" content=\"POGOTOWIE FLAGOWE\u00ae\" \/>\n<meta property=\"article:published_time\" content=\"2025-11-08T14:10:00+00:00\" \/>\n<meta property=\"article:modified_time\" content=\"2025-11-08T14:10:01+00:00\" \/>\n<meta property=\"og:image\" content=\"https:\/\/www.pogotowieflagowe.pl\/aktualne\/wp-content\/uploads\/2025\/08\/21-podpisow-i-1-weta-Leskiewicz-Prezydent-przyjmuje-rozsadne-podejscie.webp.webp\" \/>\n\t<meta property=\"og:image:width\" content=\"1280\" \/>\n\t<meta property=\"og:image:height\" content=\"720\" \/>\n\t<meta property=\"og:image:type\" content=\"image\/webp\" \/>\n<meta name=\"author\" content=\"Filip\" \/>\n<meta name=\"twitter:card\" content=\"summary_large_image\" \/>\n<meta name=\"twitter:label1\" content=\"Napisane przez\" \/>\n\t<meta name=\"twitter:data1\" content=\"Filip\" \/>\n\t<meta name=\"twitter:label2\" content=\"Szacowany czas czytania\" \/>\n\t<meta name=\"twitter:data2\" content=\"3 minuty\" \/>\n<script type=\"application\/ld+json\" class=\"yoast-schema-graph\">{\"@context\":\"https:\/\/schema.org\",\"@graph\":[{\"@type\":\"Article\",\"@id\":\"https:\/\/www.pogotowieflagowe.pl\/aktualne\/prezydent-nawrocki-blokuje-cztery-kontrowersyjne-ustawy-weto-w-sprawie-parku-doliny-odry-ciecia-w-transporcie-publicznym-i-powrot-skazanych-do-spolek-panstwowych\/#article\",\"isPartOf\":{\"@id\":\"https:\/\/www.pogotowieflagowe.pl\/aktualne\/prezydent-nawrocki-blokuje-cztery-kontrowersyjne-ustawy-weto-w-sprawie-parku-doliny-odry-ciecia-w-transporcie-publicznym-i-powrot-skazanych-do-spolek-panstwowych\/\"},\"author\":{\"name\":\"Filip\",\"@id\":\"https:\/\/www.pogotowieflagowe.pl\/aktualne\/#\/schema\/person\/9c2fb7d2362ebf6fa088960d7f0d27b0\"},\"headline\":\"Prezydent Nawrocki blokuje cztery kontrowersyjne ustawy: weto w sprawie Parku Doliny Odry, ci\u0119cia w transporcie publicznym i powr\u00f3t skazanych do sp\u00f3\u0142ek pa\u0144stwowych\",\"datePublished\":\"2025-11-08T14:10:00+00:00\",\"dateModified\":\"2025-11-08T14:10:01+00:00\",\"mainEntityOfPage\":{\"@id\":\"https:\/\/www.pogotowieflagowe.pl\/aktualne\/prezydent-nawrocki-blokuje-cztery-kontrowersyjne-ustawy-weto-w-sprawie-parku-doliny-odry-ciecia-w-transporcie-publicznym-i-powrot-skazanych-do-spolek-panstwowych\/\"},\"wordCount\":702,\"commentCount\":0,\"publisher\":{\"@id\":\"https:\/\/www.pogotowieflagowe.pl\/aktualne\/#organization\"},\"image\":{\"@id\":\"https:\/\/www.pogotowieflagowe.pl\/aktualne\/prezydent-nawrocki-blokuje-cztery-kontrowersyjne-ustawy-weto-w-sprawie-parku-doliny-odry-ciecia-w-transporcie-publicznym-i-powrot-skazanych-do-spolek-panstwowych\/#primaryimage\"},\"thumbnailUrl\":\"https:\/\/www.pogotowieflagowe.pl\/aktualne\/wp-content\/uploads\/2025\/08\/21-podpisow-i-1-weta-Leskiewicz-Prezydent-przyjmuje-rozsadne-podejscie.webp.webp\",\"keywords\":[\"blokuje\",\"ci\u0119cia\",\"cztery\",\"Doliny\",\"Kontrowersyjne\",\"Nawrocki\",\"Odry\",\"Pa\u0144stwowych\",\"Parku\",\"powr\u00f3t\",\"Prezydent\",\"publicznym\",\"skazanych\",\"sp\u00f3\u0142ek\",\"sprawie\",\"transporcie\",\"ustawy\",\"Weto\"],\"articleSection\":[\"Aktualne\"],\"inLanguage\":\"pl-PL\",\"potentialAction\":[{\"@type\":\"CommentAction\",\"name\":\"Comment\",\"target\":[\"https:\/\/www.pogotowieflagowe.pl\/aktualne\/prezydent-nawrocki-blokuje-cztery-kontrowersyjne-ustawy-weto-w-sprawie-parku-doliny-odry-ciecia-w-transporcie-publicznym-i-powrot-skazanych-do-spolek-panstwowych\/#respond\"]}]},{\"@type\":\"WebPage\",\"@id\":\"https:\/\/www.pogotowieflagowe.pl\/aktualne\/prezydent-nawrocki-blokuje-cztery-kontrowersyjne-ustawy-weto-w-sprawie-parku-doliny-odry-ciecia-w-transporcie-publicznym-i-powrot-skazanych-do-spolek-panstwowych\/\",\"url\":\"https:\/\/www.pogotowieflagowe.pl\/aktualne\/prezydent-nawrocki-blokuje-cztery-kontrowersyjne-ustawy-weto-w-sprawie-parku-doliny-odry-ciecia-w-transporcie-publicznym-i-powrot-skazanych-do-spolek-panstwowych\/\",\"name\":\"Prezydent Nawrocki blokuje cztery kontrowersyjne ustawy: weto w sprawie Parku Doliny Odry, ci\u0119cia w transporcie publicznym i powr\u00f3t skazanych do sp\u00f3\u0142ek pa\u0144stwowych - POGOTOWIE FLAGOWE\u00ae\",\"isPartOf\":{\"@id\":\"https:\/\/www.pogotowieflagowe.pl\/aktualne\/#website\"},\"primaryImageOfPage\":{\"@id\":\"https:\/\/www.pogotowieflagowe.pl\/aktualne\/prezydent-nawrocki-blokuje-cztery-kontrowersyjne-ustawy-weto-w-sprawie-parku-doliny-odry-ciecia-w-transporcie-publicznym-i-powrot-skazanych-do-spolek-panstwowych\/#primaryimage\"},\"image\":{\"@id\":\"https:\/\/www.pogotowieflagowe.pl\/aktualne\/prezydent-nawrocki-blokuje-cztery-kontrowersyjne-ustawy-weto-w-sprawie-parku-doliny-odry-ciecia-w-transporcie-publicznym-i-powrot-skazanych-do-spolek-panstwowych\/#primaryimage\"},\"thumbnailUrl\":\"https:\/\/www.pogotowieflagowe.pl\/aktualne\/wp-content\/uploads\/2025\/08\/21-podpisow-i-1-weta-Leskiewicz-Prezydent-przyjmuje-rozsadne-podejscie.webp.webp\",\"datePublished\":\"2025-11-08T14:10:00+00:00\",\"dateModified\":\"2025-11-08T14:10:01+00:00\",\"breadcrumb\":{\"@id\":\"https:\/\/www.pogotowieflagowe.pl\/aktualne\/prezydent-nawrocki-blokuje-cztery-kontrowersyjne-ustawy-weto-w-sprawie-parku-doliny-odry-ciecia-w-transporcie-publicznym-i-powrot-skazanych-do-spolek-panstwowych\/#breadcrumb\"},\"inLanguage\":\"pl-PL\",\"potentialAction\":[{\"@type\":\"ReadAction\",\"target\":[\"https:\/\/www.pogotowieflagowe.pl\/aktualne\/prezydent-nawrocki-blokuje-cztery-kontrowersyjne-ustawy-weto-w-sprawie-parku-doliny-odry-ciecia-w-transporcie-publicznym-i-powrot-skazanych-do-spolek-panstwowych\/\"]}]},{\"@type\":\"ImageObject\",\"inLanguage\":\"pl-PL\",\"@id\":\"https:\/\/www.pogotowieflagowe.pl\/aktualne\/prezydent-nawrocki-blokuje-cztery-kontrowersyjne-ustawy-weto-w-sprawie-parku-doliny-odry-ciecia-w-transporcie-publicznym-i-powrot-skazanych-do-spolek-panstwowych\/#primaryimage\",\"url\":\"https:\/\/www.pogotowieflagowe.pl\/aktualne\/wp-content\/uploads\/2025\/08\/21-podpisow-i-1-weta-Leskiewicz-Prezydent-przyjmuje-rozsadne-podejscie.webp.webp\",\"contentUrl\":\"https:\/\/www.pogotowieflagowe.pl\/aktualne\/wp-content\/uploads\/2025\/08\/21-podpisow-i-1-weta-Leskiewicz-Prezydent-przyjmuje-rozsadne-podejscie.webp.webp\",\"width\":1280,\"height\":720,\"caption\":\"21 podpis\u00f3w i 1 weta. Le\u015bkiewicz: Prezydent przyjmuje rozs\u0105dne podej\u015bcie do prawa\"},{\"@type\":\"BreadcrumbList\",\"@id\":\"https:\/\/www.pogotowieflagowe.pl\/aktualne\/prezydent-nawrocki-blokuje-cztery-kontrowersyjne-ustawy-weto-w-sprawie-parku-doliny-odry-ciecia-w-transporcie-publicznym-i-powrot-skazanych-do-spolek-panstwowych\/#breadcrumb\",\"itemListElement\":[{\"@type\":\"ListItem\",\"position\":1,\"name\":\"Home\",\"item\":\"https:\/\/www.pogotowieflagowe.pl\/aktualne\/\"},{\"@type\":\"ListItem\",\"position\":2,\"name\":\"Prezydent Nawrocki blokuje cztery kontrowersyjne ustawy: weto w sprawie Parku Doliny Odry, ci\u0119cia w transporcie publicznym i powr\u00f3t skazanych do sp\u00f3\u0142ek pa\u0144stwowych\"}]},{\"@type\":\"WebSite\",\"@id\":\"https:\/\/www.pogotowieflagowe.pl\/aktualne\/#website\",\"url\":\"https:\/\/www.pogotowieflagowe.pl\/aktualne\/\",\"name\":\"POGOTOWIE FLAGOWE\u00ae\",\"description\":\"\",\"publisher\":{\"@id\":\"https:\/\/www.pogotowieflagowe.pl\/aktualne\/#organization\"},\"potentialAction\":[{\"@type\":\"SearchAction\",\"target\":{\"@type\":\"EntryPoint\",\"urlTemplate\":\"https:\/\/www.pogotowieflagowe.pl\/aktualne\/?s={search_term_string}\"},\"query-input\":\"required name=search_term_string\"}],\"inLanguage\":\"pl-PL\"},{\"@type\":\"Organization\",\"@id\":\"https:\/\/www.pogotowieflagowe.pl\/aktualne\/#organization\",\"name\":\"POGOTOWIE FLAGOWE\u00ae\",\"url\":\"https:\/\/www.pogotowieflagowe.pl\/aktualne\/\",\"logo\":{\"@type\":\"ImageObject\",\"inLanguage\":\"pl-PL\",\"@id\":\"https:\/\/www.pogotowieflagowe.pl\/aktualne\/#\/schema\/logo\/image\/\",\"url\":\"https:\/\/www.pogotowieflagowe.pl\/aktualne\/wp-content\/uploads\/2024\/08\/cropped-pogotowieflagowe_flaga_projekt_sm.jpg\",\"contentUrl\":\"https:\/\/www.pogotowieflagowe.pl\/aktualne\/wp-content\/uploads\/2024\/08\/cropped-pogotowieflagowe_flaga_projekt_sm.jpg\",\"width\":250,\"height\":143,\"caption\":\"POGOTOWIE FLAGOWE\u00ae\"},\"image\":{\"@id\":\"https:\/\/www.pogotowieflagowe.pl\/aktualne\/#\/schema\/logo\/image\/\"}},{\"@type\":\"Person\",\"@id\":\"https:\/\/www.pogotowieflagowe.pl\/aktualne\/#\/schema\/person\/9c2fb7d2362ebf6fa088960d7f0d27b0\",\"name\":\"Filip\",\"image\":{\"@type\":\"ImageObject\",\"inLanguage\":\"pl-PL\",\"@id\":\"https:\/\/www.pogotowieflagowe.pl\/aktualne\/#\/schema\/person\/image\/\",\"url\":\"https:\/\/www.pogotowieflagowe.pl\/aktualne\/wp-content\/uploads\/2024\/08\/pogotowieflagowe.pl_.jpg\",\"contentUrl\":\"https:\/\/www.pogotowieflagowe.pl\/aktualne\/wp-content\/uploads\/2024\/08\/pogotowieflagowe.pl_.jpg\",\"caption\":\"Filip\"},\"description\":\"Jestem Filip, polski dziennikarz z dyplomem nauk politycznych Uniwersytetu Warszawskiego. Rozpoczynaj\u0105c swoj\u0105 karier\u0119 w r\u00f3\u017cnych lokalnych mediach, zdoby\u0142em solidne do\u015bwiadczenie w zakresie \u015bledztwa i redakcji. Obecnie jako redaktor w Pogotowie flagowe, staram si\u0119 dostarcza\u0107 dog\u0142\u0119bne i istotne analizy na temat najwa\u017cniejszych kwestii aktualno\u015bci, \u0142\u0105cz\u0105c rygor z pasj\u0105 dziennikarsk\u0105.\",\"sameAs\":[\"https:\/\/www.pogotowieflagowe.pl\/\"]}]}<\/script>\n<!-- \/ Yoast SEO plugin. -->","yoast_head_json":{"title":"Prezydent Nawrocki blokuje cztery kontrowersyjne ustawy: weto w sprawie Parku Doliny Odry, ci\u0119cia w transporcie publicznym i powr\u00f3t skazanych do sp\u00f3\u0142ek pa\u0144stwowych - POGOTOWIE FLAGOWE\u00ae","robots":{"index":"index","follow":"follow","max-snippet":"max-snippet:-1","max-image-preview":"max-image-preview:large","max-video-preview":"max-video-preview:-1"},"canonical":"https:\/\/www.pogotowieflagowe.pl\/aktualne\/prezydent-nawrocki-blokuje-cztery-kontrowersyjne-ustawy-weto-w-sprawie-parku-doliny-odry-ciecia-w-transporcie-publicznym-i-powrot-skazanych-do-spolek-panstwowych\/","og_locale":"pl_PL","og_type":"article","og_title":"Prezydent Nawrocki blokuje cztery kontrowersyjne ustawy: weto w sprawie Parku Doliny Odry, ci\u0119cia w transporcie publicznym i powr\u00f3t skazanych do sp\u00f3\u0142ek pa\u0144stwowych - POGOTOWIE FLAGOWE\u00ae","og_description":"Cztery weta prezydenta \u2014 Prezydent Karola Nawrockiego w pi\u0105tek odm\u00f3wi\u0142 podpisania czterech ustaw uchwalonych przez Sejm. A przede wszystkim on","og_url":"https:\/\/www.pogotowieflagowe.pl\/aktualne\/prezydent-nawrocki-blokuje-cztery-kontrowersyjne-ustawy-weto-w-sprawie-parku-doliny-odry-ciecia-w-transporcie-publicznym-i-powrot-skazanych-do-spolek-panstwowych\/","og_site_name":"POGOTOWIE FLAGOWE\u00ae","article_published_time":"2025-11-08T14:10:00+00:00","article_modified_time":"2025-11-08T14:10:01+00:00","og_image":[{"width":1280,"height":720,"url":"https:\/\/www.pogotowieflagowe.pl\/aktualne\/wp-content\/uploads\/2025\/08\/21-podpisow-i-1-weta-Leskiewicz-Prezydent-przyjmuje-rozsadne-podejscie.webp.webp","type":"image\/webp"}],"author":"Filip","twitter_card":"summary_large_image","twitter_misc":{"Napisane przez":"Filip","Szacowany czas czytania":"3 minuty"},"schema":{"@context":"https:\/\/schema.org","@graph":[{"@type":"Article","@id":"https:\/\/www.pogotowieflagowe.pl\/aktualne\/prezydent-nawrocki-blokuje-cztery-kontrowersyjne-ustawy-weto-w-sprawie-parku-doliny-odry-ciecia-w-transporcie-publicznym-i-powrot-skazanych-do-spolek-panstwowych\/#article","isPartOf":{"@id":"https:\/\/www.pogotowieflagowe.pl\/aktualne\/prezydent-nawrocki-blokuje-cztery-kontrowersyjne-ustawy-weto-w-sprawie-parku-doliny-odry-ciecia-w-transporcie-publicznym-i-powrot-skazanych-do-spolek-panstwowych\/"},"author":{"name":"Filip","@id":"https:\/\/www.pogotowieflagowe.pl\/aktualne\/#\/schema\/person\/9c2fb7d2362ebf6fa088960d7f0d27b0"},"headline":"Prezydent Nawrocki blokuje cztery kontrowersyjne ustawy: weto w sprawie Parku Doliny Odry, ci\u0119cia w transporcie publicznym i powr\u00f3t skazanych do sp\u00f3\u0142ek pa\u0144stwowych","datePublished":"2025-11-08T14:10:00+00:00","dateModified":"2025-11-08T14:10:01+00:00","mainEntityOfPage":{"@id":"https:\/\/www.pogotowieflagowe.pl\/aktualne\/prezydent-nawrocki-blokuje-cztery-kontrowersyjne-ustawy-weto-w-sprawie-parku-doliny-odry-ciecia-w-transporcie-publicznym-i-powrot-skazanych-do-spolek-panstwowych\/"},"wordCount":702,"commentCount":0,"publisher":{"@id":"https:\/\/www.pogotowieflagowe.pl\/aktualne\/#organization"},"image":{"@id":"https:\/\/www.pogotowieflagowe.pl\/aktualne\/prezydent-nawrocki-blokuje-cztery-kontrowersyjne-ustawy-weto-w-sprawie-parku-doliny-odry-ciecia-w-transporcie-publicznym-i-powrot-skazanych-do-spolek-panstwowych\/#primaryimage"},"thumbnailUrl":"https:\/\/www.pogotowieflagowe.pl\/aktualne\/wp-content\/uploads\/2025\/08\/21-podpisow-i-1-weta-Leskiewicz-Prezydent-przyjmuje-rozsadne-podejscie.webp.webp","keywords":["blokuje","ci\u0119cia","cztery","Doliny","Kontrowersyjne","Nawrocki","Odry","Pa\u0144stwowych","Parku","powr\u00f3t","Prezydent","publicznym","skazanych","sp\u00f3\u0142ek","sprawie","transporcie","ustawy","Weto"],"articleSection":["Aktualne"],"inLanguage":"pl-PL","potentialAction":[{"@type":"CommentAction","name":"Comment","target":["https:\/\/www.pogotowieflagowe.pl\/aktualne\/prezydent-nawrocki-blokuje-cztery-kontrowersyjne-ustawy-weto-w-sprawie-parku-doliny-odry-ciecia-w-transporcie-publicznym-i-powrot-skazanych-do-spolek-panstwowych\/#respond"]}]},{"@type":"WebPage","@id":"https:\/\/www.pogotowieflagowe.pl\/aktualne\/prezydent-nawrocki-blokuje-cztery-kontrowersyjne-ustawy-weto-w-sprawie-parku-doliny-odry-ciecia-w-transporcie-publicznym-i-powrot-skazanych-do-spolek-panstwowych\/","url":"https:\/\/www.pogotowieflagowe.pl\/aktualne\/prezydent-nawrocki-blokuje-cztery-kontrowersyjne-ustawy-weto-w-sprawie-parku-doliny-odry-ciecia-w-transporcie-publicznym-i-powrot-skazanych-do-spolek-panstwowych\/","name":"Prezydent Nawrocki blokuje cztery kontrowersyjne ustawy: weto w sprawie Parku Doliny Odry, ci\u0119cia w transporcie publicznym i powr\u00f3t skazanych do sp\u00f3\u0142ek pa\u0144stwowych - POGOTOWIE FLAGOWE\u00ae","isPartOf":{"@id":"https:\/\/www.pogotowieflagowe.pl\/aktualne\/#website"},"primaryImageOfPage":{"@id":"https:\/\/www.pogotowieflagowe.pl\/aktualne\/prezydent-nawrocki-blokuje-cztery-kontrowersyjne-ustawy-weto-w-sprawie-parku-doliny-odry-ciecia-w-transporcie-publicznym-i-powrot-skazanych-do-spolek-panstwowych\/#primaryimage"},"image":{"@id":"https:\/\/www.pogotowieflagowe.pl\/aktualne\/prezydent-nawrocki-blokuje-cztery-kontrowersyjne-ustawy-weto-w-sprawie-parku-doliny-odry-ciecia-w-transporcie-publicznym-i-powrot-skazanych-do-spolek-panstwowych\/#primaryimage"},"thumbnailUrl":"https:\/\/www.pogotowieflagowe.pl\/aktualne\/wp-content\/uploads\/2025\/08\/21-podpisow-i-1-weta-Leskiewicz-Prezydent-przyjmuje-rozsadne-podejscie.webp.webp","datePublished":"2025-11-08T14:10:00+00:00","dateModified":"2025-11-08T14:10:01+00:00","breadcrumb":{"@id":"https:\/\/www.pogotowieflagowe.pl\/aktualne\/prezydent-nawrocki-blokuje-cztery-kontrowersyjne-ustawy-weto-w-sprawie-parku-doliny-odry-ciecia-w-transporcie-publicznym-i-powrot-skazanych-do-spolek-panstwowych\/#breadcrumb"},"inLanguage":"pl-PL","potentialAction":[{"@type":"ReadAction","target":["https:\/\/www.pogotowieflagowe.pl\/aktualne\/prezydent-nawrocki-blokuje-cztery-kontrowersyjne-ustawy-weto-w-sprawie-parku-doliny-odry-ciecia-w-transporcie-publicznym-i-powrot-skazanych-do-spolek-panstwowych\/"]}]},{"@type":"ImageObject","inLanguage":"pl-PL","@id":"https:\/\/www.pogotowieflagowe.pl\/aktualne\/prezydent-nawrocki-blokuje-cztery-kontrowersyjne-ustawy-weto-w-sprawie-parku-doliny-odry-ciecia-w-transporcie-publicznym-i-powrot-skazanych-do-spolek-panstwowych\/#primaryimage","url":"https:\/\/www.pogotowieflagowe.pl\/aktualne\/wp-content\/uploads\/2025\/08\/21-podpisow-i-1-weta-Leskiewicz-Prezydent-przyjmuje-rozsadne-podejscie.webp.webp","contentUrl":"https:\/\/www.pogotowieflagowe.pl\/aktualne\/wp-content\/uploads\/2025\/08\/21-podpisow-i-1-weta-Leskiewicz-Prezydent-przyjmuje-rozsadne-podejscie.webp.webp","width":1280,"height":720,"caption":"21 podpis\u00f3w i 1 weta. Le\u015bkiewicz: Prezydent przyjmuje rozs\u0105dne podej\u015bcie do prawa"},{"@type":"BreadcrumbList","@id":"https:\/\/www.pogotowieflagowe.pl\/aktualne\/prezydent-nawrocki-blokuje-cztery-kontrowersyjne-ustawy-weto-w-sprawie-parku-doliny-odry-ciecia-w-transporcie-publicznym-i-powrot-skazanych-do-spolek-panstwowych\/#breadcrumb","itemListElement":[{"@type":"ListItem","position":1,"name":"Home","item":"https:\/\/www.pogotowieflagowe.pl\/aktualne\/"},{"@type":"ListItem","position":2,"name":"Prezydent Nawrocki blokuje cztery kontrowersyjne ustawy: weto w sprawie Parku Doliny Odry, ci\u0119cia w transporcie publicznym i powr\u00f3t skazanych do sp\u00f3\u0142ek pa\u0144stwowych"}]},{"@type":"WebSite","@id":"https:\/\/www.pogotowieflagowe.pl\/aktualne\/#website","url":"https:\/\/www.pogotowieflagowe.pl\/aktualne\/","name":"POGOTOWIE FLAGOWE\u00ae","description":"","publisher":{"@id":"https:\/\/www.pogotowieflagowe.pl\/aktualne\/#organization"},"potentialAction":[{"@type":"SearchAction","target":{"@type":"EntryPoint","urlTemplate":"https:\/\/www.pogotowieflagowe.pl\/aktualne\/?s={search_term_string}"},"query-input":"required name=search_term_string"}],"inLanguage":"pl-PL"},{"@type":"Organization","@id":"https:\/\/www.pogotowieflagowe.pl\/aktualne\/#organization","name":"POGOTOWIE FLAGOWE\u00ae","url":"https:\/\/www.pogotowieflagowe.pl\/aktualne\/","logo":{"@type":"ImageObject","inLanguage":"pl-PL","@id":"https:\/\/www.pogotowieflagowe.pl\/aktualne\/#\/schema\/logo\/image\/","url":"https:\/\/www.pogotowieflagowe.pl\/aktualne\/wp-content\/uploads\/2024\/08\/cropped-pogotowieflagowe_flaga_projekt_sm.jpg","contentUrl":"https:\/\/www.pogotowieflagowe.pl\/aktualne\/wp-content\/uploads\/2024\/08\/cropped-pogotowieflagowe_flaga_projekt_sm.jpg","width":250,"height":143,"caption":"POGOTOWIE FLAGOWE\u00ae"},"image":{"@id":"https:\/\/www.pogotowieflagowe.pl\/aktualne\/#\/schema\/logo\/image\/"}},{"@type":"Person","@id":"https:\/\/www.pogotowieflagowe.pl\/aktualne\/#\/schema\/person\/9c2fb7d2362ebf6fa088960d7f0d27b0","name":"Filip","image":{"@type":"ImageObject","inLanguage":"pl-PL","@id":"https:\/\/www.pogotowieflagowe.pl\/aktualne\/#\/schema\/person\/image\/","url":"https:\/\/www.pogotowieflagowe.pl\/aktualne\/wp-content\/uploads\/2024\/08\/pogotowieflagowe.pl_.jpg","contentUrl":"https:\/\/www.pogotowieflagowe.pl\/aktualne\/wp-content\/uploads\/2024\/08\/pogotowieflagowe.pl_.jpg","caption":"Filip"},"description":"Jestem Filip, polski dziennikarz z dyplomem nauk politycznych Uniwersytetu Warszawskiego. Rozpoczynaj\u0105c swoj\u0105 karier\u0119 w r\u00f3\u017cnych lokalnych mediach, zdoby\u0142em solidne do\u015bwiadczenie w zakresie \u015bledztwa i redakcji. Obecnie jako redaktor w Pogotowie flagowe, staram si\u0119 dostarcza\u0107 dog\u0142\u0119bne i istotne analizy na temat najwa\u017cniejszych kwestii aktualno\u015bci, \u0142\u0105cz\u0105c rygor z pasj\u0105 dziennikarsk\u0105.","sameAs":["https:\/\/www.pogotowieflagowe.pl\/"]}]}},"_links":{"self":[{"href":"https:\/\/www.pogotowieflagowe.pl\/aktualne\/wp-json\/wp\/v2\/posts\/10277","targetHints":{"allow":["GET"]}}],"collection":[{"href":"https:\/\/www.pogotowieflagowe.pl\/aktualne\/wp-json\/wp\/v2\/posts"}],"about":[{"href":"https:\/\/www.pogotowieflagowe.pl\/aktualne\/wp-json\/wp\/v2\/types\/post"}],"author":[{"embeddable":true,"href":"https:\/\/www.pogotowieflagowe.pl\/aktualne\/wp-json\/wp\/v2\/users\/1"}],"replies":[{"embeddable":true,"href":"https:\/\/www.pogotowieflagowe.pl\/aktualne\/wp-json\/wp\/v2\/comments?post=10277"}],"version-history":[{"count":1,"href":"https:\/\/www.pogotowieflagowe.pl\/aktualne\/wp-json\/wp\/v2\/posts\/10277\/revisions"}],"predecessor-version":[{"id":10278,"href":"https:\/\/www.pogotowieflagowe.pl\/aktualne\/wp-json\/wp\/v2\/posts\/10277\/revisions\/10278"}],"wp:featuredmedia":[{"embeddable":true,"href":"https:\/\/www.pogotowieflagowe.pl\/aktualne\/wp-json\/wp\/v2\/media\/7286"}],"wp:attachment":[{"href":"https:\/\/www.pogotowieflagowe.pl\/aktualne\/wp-json\/wp\/v2\/media?parent=10277"}],"wp:term":[{"taxonomy":"category","embeddable":true,"href":"https:\/\/www.pogotowieflagowe.pl\/aktualne\/wp-json\/wp\/v2\/categories?post=10277"},{"taxonomy":"post_tag","embeddable":true,"href":"https:\/\/www.pogotowieflagowe.pl\/aktualne\/wp-json\/wp\/v2\/tags?post=10277"}],"curies":[{"name":"wp","href":"https:\/\/api.w.org\/{rel}","templated":true}]}}