{"id":10279,"date":"2025-11-08T15:43:40","date_gmt":"2025-11-08T14:43:40","guid":{"rendered":"https:\/\/www.pogotowieflagowe.pl\/aktualne\/matecki-podsumowal-dwa-lata-marszalka-holowni-odegral-marna-role-w-grze-donalda-tuska\/"},"modified":"2025-11-08T15:43:42","modified_gmt":"2025-11-08T14:43:42","slug":"matecki-podsumowal-dwa-lata-marszalka-holowni-odegral-marna-role-w-grze-donalda-tuska","status":"publish","type":"post","link":"https:\/\/www.pogotowieflagowe.pl\/aktualne\/matecki-podsumowal-dwa-lata-marszalka-holowni-odegral-marna-role-w-grze-donalda-tuska\/","title":{"rendered":"Matecki podsumowa\u0142 dwa lata marsza\u0142ka Ho\u0142owni: \u201eOdegra\u0142 marn\u0105 rol\u0119 w grze Donalda Tuska\u201d"},"content":{"rendered":"\n<div class=\"td_block_wrap tdb_single_content tdi_41 td-pb-border-top td_block_template_8 td-post-content tagdiv-type\" data-td-block-uid=\"tdi_41\">\n<style>.tdi_41{margines-top:0px!important;margin-bottom:0px!important;dope\u0142nienie-g\u00f3ra:0px!important;dope\u0142nienie-d\u00f3\u0142:0px!important}<\/style>\n<style>.tdb_single_content{margin-bottom:0;*zoom:1}.tdb_single_content:before,.tdb_single_content:after{display:table;content:'';line-height:0}.tdb_single_content:after{clear:both}.tdb_single_content .tdb-block-inner>*:not(.wp-block-quote):not(.alignwide):not(.alignfull.wp-block-cover.has-parallax):not(.td-a-ad){margin-left:auto;margin-right:auto}.tdb_single_content a{pointer-events:auto}.tdb_single_content .td-spot-id-top_ad .tdc-placeholder-title:before{content:'Najlepsza reklama artyku\u0142u'!important}.tdb_single_content .td-spot-id-inline_ad0 .tdc-placeholder-title:before{content:'Reklama wbudowana artyku\u0142u 1'!important}.tdb_single_content .td-spot-id-inline_ad1 .tdc-placeholder-title:before{content:'Wbudowana reklama w artykule 2'!important}.tdb_single_content .td-spot-id-inline_ad2 .tdc-placeholder-title:before{content:'Wbudowana reklama w artykule 3'!important}.tdb_single_content .td-spot-id-bottom_ad .tdc-placeholder-title:before{content:'Article Bottom Ad'!important}.tdb_single_content .id_top_ad,.tdb_single_content .id_bottom_ad{clear:both;margin-bottom:21px;text-align:center}.tdb_single_content .id_top_ad img,.tdb_single_content .id_bottom_ad img{margin-bottom:0}.tdb_single_content .id_top_ad .adsbygoogle,.tdb_single_content .id_bottom_ad .adsbygoogle{position:relative}.tdb_single_content .id_ad_content-horiz-left,.tdb_single_content .id_ad_content-horiz-right,.tdb_single_content .id_ad_content-horiz-center{margin-bottom:15px}.tdb_single_content .id_ad_content-horiz-left img,.tdb_single_content .id_ad_content-horiz-right img,.tdb_single_content .id_ad_content-horiz-center img{margin-bottom:0}.tdb_single_content .id_ad_content-horiz-center{text-align:center}.tdb_single_content .id_ad_content-horiz-center img{margin-right:auto;margin-left:auto}.tdb_single_content .id_ad_content-horiz-left{float:left;margin-top:9px;margin-right:21px}.tdb_single_content .id_ad_content-horiz-right{float:right;margin-top:6px;margin-left:21px}.tdb_single_content .tdc-a-ad .tdc-placeholder-title{width:300px;height:250px}.tdb_single_content .tdc-a-ad .tdc-placeholder-title:before{position:absolute;top:50%;-webkit-transform:translateY(-50%);transform:translateY(-50%);margin:auto;display:table;width:100%}.tdb_single_content .tdb-block-inner.td-fix-index{word-break:break-word}.tdi_41,.tdi_41>p,.tdi_41 .tdb-block-inner>p,.wp-block-column>p{font-size:16px!important;line-height:1.6!important}.tdi_41 .tdb-block-inner blockquote p{font-style:normal!important}@media (max-width:767px){.tdb_single_content .id_ad_content-horiz-left,.tdb_single_content .id_ad_content-horiz-right,.tdb_single_content .id_ad_content-horiz-center{margin:0 auto 26 pikseli auto}}@media (max-width:767px){.tdb_single_content .id_ad_content-horiz-left{margin-right:0}}@media (max-width:767px){.tdb_single_content .id_ad_content-horiz-right{margin-left:0}}@media (max-width:767px){.tdb_single_content .td-a-ad{float:none;text-align:center}.tdb_single_content .td-a-ad img{margin-right:auto;margin-left:auto}.tdb_single_content .tdc-a-ad{float:none}}<\/style>\n<div class=\"tdb-block-inner td-fix-index\">\n<p>Podczas pi\u0105tkowego posiedzenia Sejmu marsza\u0142ek Szymon Ho\u0142ownia postanowi\u0142 po\u017cegna\u0107 si\u0119 z pos\u0142ami \u2013 wkr\u00f3tce zrezygnuje ze stanowiska. pose\u0142 Dariusz Matecki (<em>Partia Prawo i Sprawiedliwo\u015b\u0107<\/em>PiS) ostro podsumowa\u0142 dwa lata tzw <em>Impreza Polska 2050<\/em> kadencji lidera w Sejmie, m\u00f3wi\u0105c: <strong>\u201eNie rozumia\u0142 roli Marsza\u0142ka\u201d.<\/strong><\/p>\n<p><strong>\u201ePodsumujmy dwa lata Szymona Ho\u0142owni\u201d<\/strong> \u2013 zacz\u0105\u0142 w swoim o\u015bwiadczeniu pose\u0142 Dariusz Matecki. Powiedzia\u0142, <strong>&#8222;Dzi\u015b po raz ostatni wcieli\u0142 si\u0119 w rol\u0119 Marsza\u0142ka Sejmu. Wys\u0142a\u0142 Stra\u017c Marsza\u0142kowsk\u0105 przeciwko pos\u0142om opozycji, aby ich fizycznie zaatakowano. Nie uzna\u0142 orzecze\u0144 Trybuna\u0142u Konstytucyjnego i S\u0105du Najwy\u017cszego. Jako marsza\u0142ek powinien by\u0142 by\u0107 marsza\u0142kiem wszystkich parlamentarzyst\u00f3w, a zachowa\u0142 si\u0119 w spos\u00f3b skrajnie dyskryminuj\u0105cy opozycj\u0119. Do dzi\u015b najwi\u0119kszy klub parlamentarny w polskim Sejmie nie ma w\u0142asnego wicemarsza\u0142ka \u2013 po raz pierwszy od 1989. Dopu\u015bci\u0142 do dzia\u0142ania nielegaln\u0105 Komisj\u0119 Pegaza, nara\u017caj\u0105c tym samym jej cz\u0142onk\u00f3w na przysz\u0142\u0105 odpowiedzialno\u015b\u0107 karn\u0105, w tym za bezprawne zatrzymania. Od dw\u00f3ch lat zapewni\u0142 \u2013 i nadal zapewnia \u2013 wi\u0119kszo\u015b\u0107 dla zbrodniczego rz\u0105du, kt\u00f3ry wyniszcza Polsk\u0119 w ka\u017cdej sferze: od edukacji i kultury, przez gospodark\u0119 i bezpiecze\u0144stwo, po opiek\u0119 zdrowotn\u0105 i ochron\u0119 \u015brodowiska, kt\u00f3ry jego partia zamieni\u0142a w raj dla lewicowych organizacji pozarz\u0105dowych i lobbyst\u00f3w.\u201d<\/strong> \u2013 stwierdzi\u0142 pose\u0142 PiS.<\/p>\n<p>Matecki twierdzi\u0142, \u017ce Szymon Ho\u0142ownia <strong>\u201enie rozumia\u0142 roli Marsza\u0142ka\u201d.<\/strong><\/p>\n<p><strong>&#8222;Dziennym zachowaniem pr\u00f3bowa\u0142 zrobi\u0107 z Sejmu spektakl w stylu TVN. W grze Donalda Tuska odegra\u0142 kiepsk\u0105 rol\u0119. A dzisiejsza decyzja &#8211; zgoda na aresztowanie ministra Ziobry, cz\u0142owieka, kt\u00f3ry walczy\u0142 z mafiami. Panie Ho\u0142ownia, to ha\u0144ba&#8221;<\/strong> \u2013 stwierdzi\u0142 pose\u0142 opozycji.<\/p>\n<p><strong>&#8222;Ale najtragiczniejsze jest to, \u017ce nast\u0119pny marsza\u0142ek tej koalicji b\u0119dzie jeszcze gorszy. Na kolejnej sesji chcecie z drugiego najwy\u017cszego urz\u0119dnika w pa\u0144stwie zrobi\u0107 starego komunist\u0119 z legitymacj\u0105 PZPR. Jeszcze wi\u0119ksza ha\u0144ba&#8221;<\/strong> \u2013 zako\u0144czy\u0142 Matecki.<\/p>\n<p>13 listopada marsza\u0142ek Sejmu Szymon Ho\u0142ownia (<em>Impreza Polska 2050<\/em>) ma z\u0142o\u017cy\u0107 rezygnacj\u0119. Jest to wype\u0142nieniem porozumienia koalicyjnego, kt\u00f3re przewidywa\u0142o, \u017ce w drugiej po\u0142owie kadencji zast\u0105pi go W\u0142odzimierz Czarzasty z Partii <em>Nowa lewica<\/em> (<em>Nowa Lewica<\/em>). Zmiana stanowiska Marsza\u0142ka ma nast\u0105pi\u0107 na kolejnym posiedzeniu Sejmu, kt\u00f3re rozpoczyna si\u0119 19 listopada.<\/p>\n<\/div>\n<\/div>\n","protected":false},"excerpt":{"rendered":"<p>Podczas pi\u0105tkowego posiedzenia Sejmu marsza\u0142ek Szymon Ho\u0142ownia postanowi\u0142 po\u017cegna\u0107 si\u0119 z pos\u0142ami \u2013 wkr\u00f3tce zrezygnuje ze stanowiska. pose\u0142 Dariusz Matecki<\/p>\n","protected":false},"author":1,"featured_media":10280,"comment_status":"open","ping_status":"open","sticky":false,"template":"","format":"standard","meta":{"footnotes":""},"categories":[4748],"tags":[287,223,5479,11763,224,11765,11762,6078,11764,6397,514,567],"class_list":["post-10279","post","type-post","status-publish","format-standard","has-post-thumbnail","hentry","category-aktualne","tag-donalda","tag-dwa","tag-grze","tag-holowni","tag-lata","tag-marna","tag-marszalka","tag-matecki","tag-odegral","tag-podsumowal","tag-role","tag-tuska","generate-columns","tablet-grid-50","mobile-grid-100","grid-parent","grid-50","resize-featured-image"],"yoast_head":"<!-- This site is optimized with the Yoast SEO plugin v23.2 - https:\/\/yoast.com\/wordpress\/plugins\/seo\/ -->\n<title>Matecki podsumowa\u0142 dwa lata marsza\u0142ka Ho\u0142owni: \u201eOdegra\u0142 marn\u0105 rol\u0119 w grze Donalda Tuska\u201d - POGOTOWIE FLAGOWE\u00ae<\/title>\n<meta name=\"robots\" content=\"index, follow, max-snippet:-1, max-image-preview:large, max-video-preview:-1\" \/>\n<link rel=\"canonical\" href=\"https:\/\/www.pogotowieflagowe.pl\/aktualne\/matecki-podsumowal-dwa-lata-marszalka-holowni-odegral-marna-role-w-grze-donalda-tuska\/\" \/>\n<meta property=\"og:locale\" content=\"pl_PL\" \/>\n<meta property=\"og:type\" content=\"article\" \/>\n<meta property=\"og:title\" content=\"Matecki podsumowa\u0142 dwa lata marsza\u0142ka Ho\u0142owni: \u201eOdegra\u0142 marn\u0105 rol\u0119 w grze Donalda Tuska\u201d - POGOTOWIE FLAGOWE\u00ae\" \/>\n<meta property=\"og:description\" content=\"Podczas pi\u0105tkowego posiedzenia Sejmu marsza\u0142ek Szymon Ho\u0142ownia postanowi\u0142 po\u017cegna\u0107 si\u0119 z pos\u0142ami \u2013 wkr\u00f3tce zrezygnuje ze stanowiska. pose\u0142 Dariusz Matecki\" \/>\n<meta property=\"og:url\" content=\"https:\/\/www.pogotowieflagowe.pl\/aktualne\/matecki-podsumowal-dwa-lata-marszalka-holowni-odegral-marna-role-w-grze-donalda-tuska\/\" \/>\n<meta property=\"og:site_name\" content=\"POGOTOWIE FLAGOWE\u00ae\" \/>\n<meta property=\"article:published_time\" content=\"2025-11-08T14:43:40+00:00\" \/>\n<meta property=\"article:modified_time\" content=\"2025-11-08T14:43:42+00:00\" \/>\n<meta property=\"og:image\" content=\"https:\/\/www.pogotowieflagowe.pl\/aktualne\/wp-content\/uploads\/2025\/11\/Matecki-podsumowal-dwa-lata-marszalka-Holowni-\u201eOdegral-marna-role-w.webp.webp\" \/>\n\t<meta property=\"og:image:width\" content=\"1280\" \/>\n\t<meta property=\"og:image:height\" content=\"720\" \/>\n\t<meta property=\"og:image:type\" content=\"image\/webp\" \/>\n<meta name=\"author\" content=\"Filip\" \/>\n<meta name=\"twitter:card\" content=\"summary_large_image\" \/>\n<meta name=\"twitter:label1\" content=\"Napisane przez\" \/>\n\t<meta name=\"twitter:data1\" content=\"Filip\" \/>\n\t<meta name=\"twitter:label2\" content=\"Szacowany czas czytania\" \/>\n\t<meta name=\"twitter:data2\" content=\"2 minuty\" \/>\n<script type=\"application\/ld+json\" class=\"yoast-schema-graph\">{\"@context\":\"https:\/\/schema.org\",\"@graph\":[{\"@type\":\"Article\",\"@id\":\"https:\/\/www.pogotowieflagowe.pl\/aktualne\/matecki-podsumowal-dwa-lata-marszalka-holowni-odegral-marna-role-w-grze-donalda-tuska\/#article\",\"isPartOf\":{\"@id\":\"https:\/\/www.pogotowieflagowe.pl\/aktualne\/matecki-podsumowal-dwa-lata-marszalka-holowni-odegral-marna-role-w-grze-donalda-tuska\/\"},\"author\":{\"name\":\"Filip\",\"@id\":\"https:\/\/www.pogotowieflagowe.pl\/aktualne\/#\/schema\/person\/9c2fb7d2362ebf6fa088960d7f0d27b0\"},\"headline\":\"Matecki podsumowa\u0142 dwa lata marsza\u0142ka Ho\u0142owni: \u201eOdegra\u0142 marn\u0105 rol\u0119 w grze Donalda Tuska\u201d\",\"datePublished\":\"2025-11-08T14:43:40+00:00\",\"dateModified\":\"2025-11-08T14:43:42+00:00\",\"mainEntityOfPage\":{\"@id\":\"https:\/\/www.pogotowieflagowe.pl\/aktualne\/matecki-podsumowal-dwa-lata-marszalka-holowni-odegral-marna-role-w-grze-donalda-tuska\/\"},\"wordCount\":390,\"commentCount\":0,\"publisher\":{\"@id\":\"https:\/\/www.pogotowieflagowe.pl\/aktualne\/#organization\"},\"image\":{\"@id\":\"https:\/\/www.pogotowieflagowe.pl\/aktualne\/matecki-podsumowal-dwa-lata-marszalka-holowni-odegral-marna-role-w-grze-donalda-tuska\/#primaryimage\"},\"thumbnailUrl\":\"https:\/\/www.pogotowieflagowe.pl\/aktualne\/wp-content\/uploads\/2025\/11\/Matecki-podsumowal-dwa-lata-marszalka-Holowni-\u201eOdegral-marna-role-w.webp.webp\",\"keywords\":[\"Donalda\",\"Dwa\",\"grze\",\"Ho\u0142owni\",\"lata\",\"marn\u0105\",\"marsza\u0142ka\",\"Matecki\",\"Odegra\u0142\",\"podsumowa\u0142\",\"rol\u0119\",\"Tuska\"],\"articleSection\":[\"Aktualne\"],\"inLanguage\":\"pl-PL\",\"potentialAction\":[{\"@type\":\"CommentAction\",\"name\":\"Comment\",\"target\":[\"https:\/\/www.pogotowieflagowe.pl\/aktualne\/matecki-podsumowal-dwa-lata-marszalka-holowni-odegral-marna-role-w-grze-donalda-tuska\/#respond\"]}]},{\"@type\":\"WebPage\",\"@id\":\"https:\/\/www.pogotowieflagowe.pl\/aktualne\/matecki-podsumowal-dwa-lata-marszalka-holowni-odegral-marna-role-w-grze-donalda-tuska\/\",\"url\":\"https:\/\/www.pogotowieflagowe.pl\/aktualne\/matecki-podsumowal-dwa-lata-marszalka-holowni-odegral-marna-role-w-grze-donalda-tuska\/\",\"name\":\"Matecki podsumowa\u0142 dwa lata marsza\u0142ka Ho\u0142owni: \u201eOdegra\u0142 marn\u0105 rol\u0119 w grze Donalda Tuska\u201d - POGOTOWIE FLAGOWE\u00ae\",\"isPartOf\":{\"@id\":\"https:\/\/www.pogotowieflagowe.pl\/aktualne\/#website\"},\"primaryImageOfPage\":{\"@id\":\"https:\/\/www.pogotowieflagowe.pl\/aktualne\/matecki-podsumowal-dwa-lata-marszalka-holowni-odegral-marna-role-w-grze-donalda-tuska\/#primaryimage\"},\"image\":{\"@id\":\"https:\/\/www.pogotowieflagowe.pl\/aktualne\/matecki-podsumowal-dwa-lata-marszalka-holowni-odegral-marna-role-w-grze-donalda-tuska\/#primaryimage\"},\"thumbnailUrl\":\"https:\/\/www.pogotowieflagowe.pl\/aktualne\/wp-content\/uploads\/2025\/11\/Matecki-podsumowal-dwa-lata-marszalka-Holowni-\u201eOdegral-marna-role-w.webp.webp\",\"datePublished\":\"2025-11-08T14:43:40+00:00\",\"dateModified\":\"2025-11-08T14:43:42+00:00\",\"breadcrumb\":{\"@id\":\"https:\/\/www.pogotowieflagowe.pl\/aktualne\/matecki-podsumowal-dwa-lata-marszalka-holowni-odegral-marna-role-w-grze-donalda-tuska\/#breadcrumb\"},\"inLanguage\":\"pl-PL\",\"potentialAction\":[{\"@type\":\"ReadAction\",\"target\":[\"https:\/\/www.pogotowieflagowe.pl\/aktualne\/matecki-podsumowal-dwa-lata-marszalka-holowni-odegral-marna-role-w-grze-donalda-tuska\/\"]}]},{\"@type\":\"ImageObject\",\"inLanguage\":\"pl-PL\",\"@id\":\"https:\/\/www.pogotowieflagowe.pl\/aktualne\/matecki-podsumowal-dwa-lata-marszalka-holowni-odegral-marna-role-w-grze-donalda-tuska\/#primaryimage\",\"url\":\"https:\/\/www.pogotowieflagowe.pl\/aktualne\/wp-content\/uploads\/2025\/11\/Matecki-podsumowal-dwa-lata-marszalka-Holowni-\u201eOdegral-marna-role-w.webp.webp\",\"contentUrl\":\"https:\/\/www.pogotowieflagowe.pl\/aktualne\/wp-content\/uploads\/2025\/11\/Matecki-podsumowal-dwa-lata-marszalka-Holowni-\u201eOdegral-marna-role-w.webp.webp\",\"width\":1280,\"height\":720,\"caption\":\"Matecki podsumowa\u0142 dwa lata marsza\u0142ka Ho\u0142owni: \u201eOdegra\u0142 marn\u0105 rol\u0119 w grze Donalda Tuska\u201d\"},{\"@type\":\"BreadcrumbList\",\"@id\":\"https:\/\/www.pogotowieflagowe.pl\/aktualne\/matecki-podsumowal-dwa-lata-marszalka-holowni-odegral-marna-role-w-grze-donalda-tuska\/#breadcrumb\",\"itemListElement\":[{\"@type\":\"ListItem\",\"position\":1,\"name\":\"Home\",\"item\":\"https:\/\/www.pogotowieflagowe.pl\/aktualne\/\"},{\"@type\":\"ListItem\",\"position\":2,\"name\":\"Matecki podsumowa\u0142 dwa lata marsza\u0142ka Ho\u0142owni: \u201eOdegra\u0142 marn\u0105 rol\u0119 w grze Donalda Tuska\u201d\"}]},{\"@type\":\"WebSite\",\"@id\":\"https:\/\/www.pogotowieflagowe.pl\/aktualne\/#website\",\"url\":\"https:\/\/www.pogotowieflagowe.pl\/aktualne\/\",\"name\":\"POGOTOWIE FLAGOWE\u00ae\",\"description\":\"\",\"publisher\":{\"@id\":\"https:\/\/www.pogotowieflagowe.pl\/aktualne\/#organization\"},\"potentialAction\":[{\"@type\":\"SearchAction\",\"target\":{\"@type\":\"EntryPoint\",\"urlTemplate\":\"https:\/\/www.pogotowieflagowe.pl\/aktualne\/?s={search_term_string}\"},\"query-input\":\"required name=search_term_string\"}],\"inLanguage\":\"pl-PL\"},{\"@type\":\"Organization\",\"@id\":\"https:\/\/www.pogotowieflagowe.pl\/aktualne\/#organization\",\"name\":\"POGOTOWIE FLAGOWE\u00ae\",\"url\":\"https:\/\/www.pogotowieflagowe.pl\/aktualne\/\",\"logo\":{\"@type\":\"ImageObject\",\"inLanguage\":\"pl-PL\",\"@id\":\"https:\/\/www.pogotowieflagowe.pl\/aktualne\/#\/schema\/logo\/image\/\",\"url\":\"https:\/\/www.pogotowieflagowe.pl\/aktualne\/wp-content\/uploads\/2024\/08\/cropped-pogotowieflagowe_flaga_projekt_sm.jpg\",\"contentUrl\":\"https:\/\/www.pogotowieflagowe.pl\/aktualne\/wp-content\/uploads\/2024\/08\/cropped-pogotowieflagowe_flaga_projekt_sm.jpg\",\"width\":250,\"height\":143,\"caption\":\"POGOTOWIE FLAGOWE\u00ae\"},\"image\":{\"@id\":\"https:\/\/www.pogotowieflagowe.pl\/aktualne\/#\/schema\/logo\/image\/\"}},{\"@type\":\"Person\",\"@id\":\"https:\/\/www.pogotowieflagowe.pl\/aktualne\/#\/schema\/person\/9c2fb7d2362ebf6fa088960d7f0d27b0\",\"name\":\"Filip\",\"image\":{\"@type\":\"ImageObject\",\"inLanguage\":\"pl-PL\",\"@id\":\"https:\/\/www.pogotowieflagowe.pl\/aktualne\/#\/schema\/person\/image\/\",\"url\":\"https:\/\/www.pogotowieflagowe.pl\/aktualne\/wp-content\/uploads\/2024\/08\/pogotowieflagowe.pl_.jpg\",\"contentUrl\":\"https:\/\/www.pogotowieflagowe.pl\/aktualne\/wp-content\/uploads\/2024\/08\/pogotowieflagowe.pl_.jpg\",\"caption\":\"Filip\"},\"description\":\"Jestem Filip, polski dziennikarz z dyplomem nauk politycznych Uniwersytetu Warszawskiego. Rozpoczynaj\u0105c swoj\u0105 karier\u0119 w r\u00f3\u017cnych lokalnych mediach, zdoby\u0142em solidne do\u015bwiadczenie w zakresie \u015bledztwa i redakcji. Obecnie jako redaktor w Pogotowie flagowe, staram si\u0119 dostarcza\u0107 dog\u0142\u0119bne i istotne analizy na temat najwa\u017cniejszych kwestii aktualno\u015bci, \u0142\u0105cz\u0105c rygor z pasj\u0105 dziennikarsk\u0105.\",\"sameAs\":[\"https:\/\/www.pogotowieflagowe.pl\/\"]}]}<\/script>\n<!-- \/ Yoast SEO plugin. -->","yoast_head_json":{"title":"Matecki podsumowa\u0142 dwa lata marsza\u0142ka Ho\u0142owni: \u201eOdegra\u0142 marn\u0105 rol\u0119 w grze Donalda Tuska\u201d - POGOTOWIE FLAGOWE\u00ae","robots":{"index":"index","follow":"follow","max-snippet":"max-snippet:-1","max-image-preview":"max-image-preview:large","max-video-preview":"max-video-preview:-1"},"canonical":"https:\/\/www.pogotowieflagowe.pl\/aktualne\/matecki-podsumowal-dwa-lata-marszalka-holowni-odegral-marna-role-w-grze-donalda-tuska\/","og_locale":"pl_PL","og_type":"article","og_title":"Matecki podsumowa\u0142 dwa lata marsza\u0142ka Ho\u0142owni: \u201eOdegra\u0142 marn\u0105 rol\u0119 w grze Donalda Tuska\u201d - POGOTOWIE FLAGOWE\u00ae","og_description":"Podczas pi\u0105tkowego posiedzenia Sejmu marsza\u0142ek Szymon Ho\u0142ownia postanowi\u0142 po\u017cegna\u0107 si\u0119 z pos\u0142ami \u2013 wkr\u00f3tce zrezygnuje ze stanowiska. pose\u0142 Dariusz Matecki","og_url":"https:\/\/www.pogotowieflagowe.pl\/aktualne\/matecki-podsumowal-dwa-lata-marszalka-holowni-odegral-marna-role-w-grze-donalda-tuska\/","og_site_name":"POGOTOWIE FLAGOWE\u00ae","article_published_time":"2025-11-08T14:43:40+00:00","article_modified_time":"2025-11-08T14:43:42+00:00","og_image":[{"width":1280,"height":720,"url":"https:\/\/www.pogotowieflagowe.pl\/aktualne\/wp-content\/uploads\/2025\/11\/Matecki-podsumowal-dwa-lata-marszalka-Holowni-\u201eOdegral-marna-role-w.webp.webp","type":"image\/webp"}],"author":"Filip","twitter_card":"summary_large_image","twitter_misc":{"Napisane przez":"Filip","Szacowany czas czytania":"2 minuty"},"schema":{"@context":"https:\/\/schema.org","@graph":[{"@type":"Article","@id":"https:\/\/www.pogotowieflagowe.pl\/aktualne\/matecki-podsumowal-dwa-lata-marszalka-holowni-odegral-marna-role-w-grze-donalda-tuska\/#article","isPartOf":{"@id":"https:\/\/www.pogotowieflagowe.pl\/aktualne\/matecki-podsumowal-dwa-lata-marszalka-holowni-odegral-marna-role-w-grze-donalda-tuska\/"},"author":{"name":"Filip","@id":"https:\/\/www.pogotowieflagowe.pl\/aktualne\/#\/schema\/person\/9c2fb7d2362ebf6fa088960d7f0d27b0"},"headline":"Matecki podsumowa\u0142 dwa lata marsza\u0142ka Ho\u0142owni: \u201eOdegra\u0142 marn\u0105 rol\u0119 w grze Donalda Tuska\u201d","datePublished":"2025-11-08T14:43:40+00:00","dateModified":"2025-11-08T14:43:42+00:00","mainEntityOfPage":{"@id":"https:\/\/www.pogotowieflagowe.pl\/aktualne\/matecki-podsumowal-dwa-lata-marszalka-holowni-odegral-marna-role-w-grze-donalda-tuska\/"},"wordCount":390,"commentCount":0,"publisher":{"@id":"https:\/\/www.pogotowieflagowe.pl\/aktualne\/#organization"},"image":{"@id":"https:\/\/www.pogotowieflagowe.pl\/aktualne\/matecki-podsumowal-dwa-lata-marszalka-holowni-odegral-marna-role-w-grze-donalda-tuska\/#primaryimage"},"thumbnailUrl":"https:\/\/www.pogotowieflagowe.pl\/aktualne\/wp-content\/uploads\/2025\/11\/Matecki-podsumowal-dwa-lata-marszalka-Holowni-\u201eOdegral-marna-role-w.webp.webp","keywords":["Donalda","Dwa","grze","Ho\u0142owni","lata","marn\u0105","marsza\u0142ka","Matecki","Odegra\u0142","podsumowa\u0142","rol\u0119","Tuska"],"articleSection":["Aktualne"],"inLanguage":"pl-PL","potentialAction":[{"@type":"CommentAction","name":"Comment","target":["https:\/\/www.pogotowieflagowe.pl\/aktualne\/matecki-podsumowal-dwa-lata-marszalka-holowni-odegral-marna-role-w-grze-donalda-tuska\/#respond"]}]},{"@type":"WebPage","@id":"https:\/\/www.pogotowieflagowe.pl\/aktualne\/matecki-podsumowal-dwa-lata-marszalka-holowni-odegral-marna-role-w-grze-donalda-tuska\/","url":"https:\/\/www.pogotowieflagowe.pl\/aktualne\/matecki-podsumowal-dwa-lata-marszalka-holowni-odegral-marna-role-w-grze-donalda-tuska\/","name":"Matecki podsumowa\u0142 dwa lata marsza\u0142ka Ho\u0142owni: \u201eOdegra\u0142 marn\u0105 rol\u0119 w grze Donalda Tuska\u201d - POGOTOWIE FLAGOWE\u00ae","isPartOf":{"@id":"https:\/\/www.pogotowieflagowe.pl\/aktualne\/#website"},"primaryImageOfPage":{"@id":"https:\/\/www.pogotowieflagowe.pl\/aktualne\/matecki-podsumowal-dwa-lata-marszalka-holowni-odegral-marna-role-w-grze-donalda-tuska\/#primaryimage"},"image":{"@id":"https:\/\/www.pogotowieflagowe.pl\/aktualne\/matecki-podsumowal-dwa-lata-marszalka-holowni-odegral-marna-role-w-grze-donalda-tuska\/#primaryimage"},"thumbnailUrl":"https:\/\/www.pogotowieflagowe.pl\/aktualne\/wp-content\/uploads\/2025\/11\/Matecki-podsumowal-dwa-lata-marszalka-Holowni-\u201eOdegral-marna-role-w.webp.webp","datePublished":"2025-11-08T14:43:40+00:00","dateModified":"2025-11-08T14:43:42+00:00","breadcrumb":{"@id":"https:\/\/www.pogotowieflagowe.pl\/aktualne\/matecki-podsumowal-dwa-lata-marszalka-holowni-odegral-marna-role-w-grze-donalda-tuska\/#breadcrumb"},"inLanguage":"pl-PL","potentialAction":[{"@type":"ReadAction","target":["https:\/\/www.pogotowieflagowe.pl\/aktualne\/matecki-podsumowal-dwa-lata-marszalka-holowni-odegral-marna-role-w-grze-donalda-tuska\/"]}]},{"@type":"ImageObject","inLanguage":"pl-PL","@id":"https:\/\/www.pogotowieflagowe.pl\/aktualne\/matecki-podsumowal-dwa-lata-marszalka-holowni-odegral-marna-role-w-grze-donalda-tuska\/#primaryimage","url":"https:\/\/www.pogotowieflagowe.pl\/aktualne\/wp-content\/uploads\/2025\/11\/Matecki-podsumowal-dwa-lata-marszalka-Holowni-\u201eOdegral-marna-role-w.webp.webp","contentUrl":"https:\/\/www.pogotowieflagowe.pl\/aktualne\/wp-content\/uploads\/2025\/11\/Matecki-podsumowal-dwa-lata-marszalka-Holowni-\u201eOdegral-marna-role-w.webp.webp","width":1280,"height":720,"caption":"Matecki podsumowa\u0142 dwa lata marsza\u0142ka Ho\u0142owni: \u201eOdegra\u0142 marn\u0105 rol\u0119 w grze Donalda Tuska\u201d"},{"@type":"BreadcrumbList","@id":"https:\/\/www.pogotowieflagowe.pl\/aktualne\/matecki-podsumowal-dwa-lata-marszalka-holowni-odegral-marna-role-w-grze-donalda-tuska\/#breadcrumb","itemListElement":[{"@type":"ListItem","position":1,"name":"Home","item":"https:\/\/www.pogotowieflagowe.pl\/aktualne\/"},{"@type":"ListItem","position":2,"name":"Matecki podsumowa\u0142 dwa lata marsza\u0142ka Ho\u0142owni: \u201eOdegra\u0142 marn\u0105 rol\u0119 w grze Donalda Tuska\u201d"}]},{"@type":"WebSite","@id":"https:\/\/www.pogotowieflagowe.pl\/aktualne\/#website","url":"https:\/\/www.pogotowieflagowe.pl\/aktualne\/","name":"POGOTOWIE FLAGOWE\u00ae","description":"","publisher":{"@id":"https:\/\/www.pogotowieflagowe.pl\/aktualne\/#organization"},"potentialAction":[{"@type":"SearchAction","target":{"@type":"EntryPoint","urlTemplate":"https:\/\/www.pogotowieflagowe.pl\/aktualne\/?s={search_term_string}"},"query-input":"required name=search_term_string"}],"inLanguage":"pl-PL"},{"@type":"Organization","@id":"https:\/\/www.pogotowieflagowe.pl\/aktualne\/#organization","name":"POGOTOWIE FLAGOWE\u00ae","url":"https:\/\/www.pogotowieflagowe.pl\/aktualne\/","logo":{"@type":"ImageObject","inLanguage":"pl-PL","@id":"https:\/\/www.pogotowieflagowe.pl\/aktualne\/#\/schema\/logo\/image\/","url":"https:\/\/www.pogotowieflagowe.pl\/aktualne\/wp-content\/uploads\/2024\/08\/cropped-pogotowieflagowe_flaga_projekt_sm.jpg","contentUrl":"https:\/\/www.pogotowieflagowe.pl\/aktualne\/wp-content\/uploads\/2024\/08\/cropped-pogotowieflagowe_flaga_projekt_sm.jpg","width":250,"height":143,"caption":"POGOTOWIE FLAGOWE\u00ae"},"image":{"@id":"https:\/\/www.pogotowieflagowe.pl\/aktualne\/#\/schema\/logo\/image\/"}},{"@type":"Person","@id":"https:\/\/www.pogotowieflagowe.pl\/aktualne\/#\/schema\/person\/9c2fb7d2362ebf6fa088960d7f0d27b0","name":"Filip","image":{"@type":"ImageObject","inLanguage":"pl-PL","@id":"https:\/\/www.pogotowieflagowe.pl\/aktualne\/#\/schema\/person\/image\/","url":"https:\/\/www.pogotowieflagowe.pl\/aktualne\/wp-content\/uploads\/2024\/08\/pogotowieflagowe.pl_.jpg","contentUrl":"https:\/\/www.pogotowieflagowe.pl\/aktualne\/wp-content\/uploads\/2024\/08\/pogotowieflagowe.pl_.jpg","caption":"Filip"},"description":"Jestem Filip, polski dziennikarz z dyplomem nauk politycznych Uniwersytetu Warszawskiego. Rozpoczynaj\u0105c swoj\u0105 karier\u0119 w r\u00f3\u017cnych lokalnych mediach, zdoby\u0142em solidne do\u015bwiadczenie w zakresie \u015bledztwa i redakcji. Obecnie jako redaktor w Pogotowie flagowe, staram si\u0119 dostarcza\u0107 dog\u0142\u0119bne i istotne analizy na temat najwa\u017cniejszych kwestii aktualno\u015bci, \u0142\u0105cz\u0105c rygor z pasj\u0105 dziennikarsk\u0105.","sameAs":["https:\/\/www.pogotowieflagowe.pl\/"]}]}},"_links":{"self":[{"href":"https:\/\/www.pogotowieflagowe.pl\/aktualne\/wp-json\/wp\/v2\/posts\/10279","targetHints":{"allow":["GET"]}}],"collection":[{"href":"https:\/\/www.pogotowieflagowe.pl\/aktualne\/wp-json\/wp\/v2\/posts"}],"about":[{"href":"https:\/\/www.pogotowieflagowe.pl\/aktualne\/wp-json\/wp\/v2\/types\/post"}],"author":[{"embeddable":true,"href":"https:\/\/www.pogotowieflagowe.pl\/aktualne\/wp-json\/wp\/v2\/users\/1"}],"replies":[{"embeddable":true,"href":"https:\/\/www.pogotowieflagowe.pl\/aktualne\/wp-json\/wp\/v2\/comments?post=10279"}],"version-history":[{"count":1,"href":"https:\/\/www.pogotowieflagowe.pl\/aktualne\/wp-json\/wp\/v2\/posts\/10279\/revisions"}],"predecessor-version":[{"id":10281,"href":"https:\/\/www.pogotowieflagowe.pl\/aktualne\/wp-json\/wp\/v2\/posts\/10279\/revisions\/10281"}],"wp:featuredmedia":[{"embeddable":true,"href":"https:\/\/www.pogotowieflagowe.pl\/aktualne\/wp-json\/wp\/v2\/media\/10280"}],"wp:attachment":[{"href":"https:\/\/www.pogotowieflagowe.pl\/aktualne\/wp-json\/wp\/v2\/media?parent=10279"}],"wp:term":[{"taxonomy":"category","embeddable":true,"href":"https:\/\/www.pogotowieflagowe.pl\/aktualne\/wp-json\/wp\/v2\/categories?post=10279"},{"taxonomy":"post_tag","embeddable":true,"href":"https:\/\/www.pogotowieflagowe.pl\/aktualne\/wp-json\/wp\/v2\/tags?post=10279"}],"curies":[{"name":"wp","href":"https:\/\/api.w.org\/{rel}","templated":true}]}}