{"id":10291,"date":"2025-11-08T20:10:37","date_gmt":"2025-11-08T19:10:37","guid":{"rendered":"https:\/\/www.pogotowieflagowe.pl\/aktualne\/dokad-zmierza-polska-tomasz-lysiak-o-barbaryzacji-polskiej-polityki-wewnetrznej\/"},"modified":"2025-11-08T20:10:39","modified_gmt":"2025-11-08T19:10:39","slug":"dokad-zmierza-polska-tomasz-lysiak-o-barbaryzacji-polskiej-polityki-wewnetrznej","status":"publish","type":"post","link":"https:\/\/www.pogotowieflagowe.pl\/aktualne\/dokad-zmierza-polska-tomasz-lysiak-o-barbaryzacji-polskiej-polityki-wewnetrznej\/","title":{"rendered":"Dok\u0105d zmierza Polska? Tomasz \u0141ysiak o barbaryzacji polskiej polityki wewn\u0119trznej"},"content":{"rendered":"\n<div class=\"td_block_wrap tdb_single_content tdi_41 td-pb-border-top td_block_template_8 td-post-content tagdiv-type\" data-td-block-uid=\"tdi_41\">\n<style>.tdi_41{margines-top:0px!important;margin-bottom:0px!important;dope\u0142nienie-g\u00f3ra:0px!important;dope\u0142nienie-d\u00f3\u0142:0px!important}<\/style>\n<style>.tdb_single_content{margin-bottom:0;*zoom:1}.tdb_single_content:before,.tdb_single_content:after{display:table;content:'';line-height:0}.tdb_single_content:after{clear:both}.tdb_single_content .tdb-block-inner>*:not(.wp-block-quote):not(.alignwide):not(.alignfull.wp-block-cover.has-parallax):not(.td-a-ad){margin-left:auto;margin-right:auto}.tdb_single_content a{pointer-events:auto}.tdb_single_content .td-spot-id-top_ad .tdc-placeholder-title:before{content:'Najlepsza reklama artyku\u0142u'!important}.tdb_single_content .td-spot-id-inline_ad0 .tdc-placeholder-title:before{content:'Reklama wbudowana artyku\u0142u 1'!important}.tdb_single_content .td-spot-id-inline_ad1 .tdc-placeholder-title:before{content:'Wbudowana reklama w artykule 2'!important}.tdb_single_content .td-spot-id-inline_ad2 .tdc-placeholder-title:before{content:'Wbudowana reklama w artykule 3'!important}.tdb_single_content .td-spot-id-bottom_ad .tdc-placeholder-title:before{content:'Article Bottom Ad'!important}.tdb_single_content .id_top_ad,.tdb_single_content .id_bottom_ad{clear:both;margin-bottom:21px;text-align:center}.tdb_single_content .id_top_ad img,.tdb_single_content .id_bottom_ad img{margin-bottom:0}.tdb_single_content .id_top_ad .adsbygoogle,.tdb_single_content .id_bottom_ad .adsbygoogle{position:relative}.tdb_single_content .id_ad_content-horiz-left,.tdb_single_content .id_ad_content-horiz-right,.tdb_single_content .id_ad_content-horiz-center{margin-bottom:15px}.tdb_single_content .id_ad_content-horiz-left img,.tdb_single_content .id_ad_content-horiz-right img,.tdb_single_content .id_ad_content-horiz-center img{margin-bottom:0}.tdb_single_content .id_ad_content-horiz-center{text-align:center}.tdb_single_content .id_ad_content-horiz-center img{margin-right:auto;margin-left:auto}.tdb_single_content .id_ad_content-horiz-left{float:left;margin-top:9px;margin-right:21px}.tdb_single_content .id_ad_content-horiz-right{float:right;margin-top:6px;margin-left:21px}.tdb_single_content .tdc-a-ad .tdc-placeholder-title{width:300px;height:250px}.tdb_single_content .tdc-a-ad .tdc-placeholder-title:before{position:absolute;top:50%;-webkit-transform:translateY(-50%);transform:translateY(-50%);margin:auto;display:table;width:100%}.tdb_single_content .tdb-block-inner.td-fix-index{word-break:break-word}.tdi_41,.tdi_41>p,.tdi_41 .tdb-block-inner>p,.wp-block-column>p{font-size:16px!important;line-height:1.6!important}.tdi_41 .tdb-block-inner blockquote p{font-style:normal!important}@media (max-width:767px){.tdb_single_content .id_ad_content-horiz-left,.tdb_single_content .id_ad_content-horiz-right,.tdb_single_content .id_ad_content-horiz-center{margin:0 auto 26 pikseli auto}}@media (max-width:767px){.tdb_single_content .id_ad_content-horiz-left{margin-right:0}}@media (max-width:767px){.tdb_single_content .id_ad_content-horiz-right{margin-left:0}}@media (max-width:767px){.tdb_single_content .td-a-ad{float:none;text-align:center}.tdb_single_content .td-a-ad img{margin-right:auto;margin-left:auto}.tdb_single_content .tdc-a-ad{float:none}}<\/style>\n<div class=\"tdb-block-inner td-fix-index\">\n<p>\u017byjemy w czasach brutalizacji, w czasach barbaryzacji polskiej polityki wewn\u0119trznej. Pr\u00f3ba zatrzymania w areszcie przeciwnika politycznego (sprawa ministra Zbigniewa Ziobry), ci\u0119\u017cko chorego cz\u0142owieka, w atmosferze kpiny z jego choroby i zamienienia tego aresztu w kar\u0119 \u2013 to w\u0142a\u015bnie jaskrawy przyk\u0142ad takiej barbaryzacji.<\/p>\n<p>Od ksi\u0105\u017cki Artura G\u00f3rskiego min\u0119\u0142o nieco ponad sto lat <em>Ku czemu Polska sz\u0142a<\/em> (1917) \u2013 niezwyk\u0142y esej o Polsce, kt\u00f3ry w II RP sta\u0142 si\u0119 absolutnym bestsellerem. Opowiada\u0142a histori\u0119 r\u00f3\u017cnych si\u0142, kt\u00f3re czasami rozdziera\u0142y Rzeczpospolit\u0105, a innym razem dawa\u0142y jej si\u0142\u0119, by przetrwa\u0107 pomimo przeciwno\u015bci losu. Tym, co spaja\u0142o nasz\u0105 ojczyzn\u0119, co dawa\u0142o jej si\u0142\u0119 do przeciwstawienia si\u0119 z\u0142u, by\u0142y warto\u015bci. <strong>\u201eTak wi\u0119c zar\u00f3wno w republikanizmie wewn\u0105trz, jak i w polityce chrze\u015bcija\u0144skiej na zewn\u0105trz\u201d,<\/strong> napisa\u0142 G\u00f3rski, <strong>\u201echodzi\u0142o ostatecznie o obron\u0119 pewnego sposobu \u017cycia i cz\u0142owieka, opartego, jak widzieli\u015bmy u Kochanowskiego, na w\u0142asnej odpowiedzialno\u015bci przed Bogiem i przed prawami ojczystymi, przyj\u0119tymi dobrowolnie\u201d<\/strong>. Si\u0142a Polski polega\u0142a wi\u0119c na tym, \u017ce opieraj\u0105c si\u0119 na warto\u015bciach chrze\u015bcija\u0144skich, opowiada\u0142a si\u0119 za wolno\u015bci\u0105 i godno\u015bci\u0105 cz\u0142owieka, a na pierwszym miejscu stawia\u0142a zawsze poszanowanie \u017cycia i godno\u015bci ludzkiej. Tym r\u00f3\u017cnili\u015bmy si\u0119 od hord barbarzy\u0144c\u00f3w ze Wschodu: rozumieli\u015bmy wszystkie te warto\u015bci i pozostali\u015bmy wierni zasadom, kt\u00f3re z nich wynika\u0142y \u2013 szanowali\u015bmy \u017cycie ludzkie, dbali\u015bmy o honor, traktowali\u015bmy kobiety, s\u0142abych, starszych i chorych z uprzejmo\u015bci\u0105. Nawet wobec wroga zachowywali\u015bmy si\u0119 inaczej ni\u017c on. Przestrzegali\u015bmy tych rycerskich zasad nawet podczas II wojny \u015bwiatowej.<\/p>\n<p>M\u00f3wili\u015bmy sobie, <strong>\u201eNie mo\u017cemy by\u0107 tacy jak oni\u201d<\/strong> czyli Niemc\u00f3w czy Sowiet\u00f3w, kt\u00f3rzy cz\u0119sto zachowywali si\u0119 jak bestie pozbawione ludzkich instynkt\u00f3w. Nie kierowa\u0142o nami zatem poczucie dzikiej, barbarzy\u0144skiej zemsty. Genera\u0142 W\u0142adys\u0142aw Anders uczy\u0142 tego swoich \u017co\u0142nierzy. Zem\u015bcili\u015bmy si\u0119 na wrogu w szlachetnie prowadzonej walce \u2013 oko w oko, twarz\u0105 w twarz. Nie przez wbicie wroga na pal, czy to w stylu kozackim, czy tatarskim.<\/p>\n<p>Dzi\u015b niestety \u017cyjemy w czasach brutalizacji, w czasach barbaryzacji polskiej polityki wewn\u0119trznej. Pr\u00f3ba zatrzymania w areszcie przeciwnika politycznego (sprawa ministra Zbigniewa Ziobry), ci\u0119\u017cko chorego cz\u0142owieka, w atmosferze kpiny z jego choroby i zamienienia tego aresztu w kar\u0119 \u2013 to w\u0142a\u015bnie jaskrawy przyk\u0142ad takiej barbaryzacji. <strong>\u201eOsoba podejrzana o pope\u0142nienie przest\u0119pstwa ju\u017c staje si\u0119 przest\u0119pc\u0105\u201d<\/strong> takie stwierdzenia wypowiadane s\u0105 w tym kontek\u015bcie, a w\u0142osy staj\u0105 d\u0119ba. Na lito\u015b\u0107 bosk\u0105, Polsko, dok\u0105d idziesz?<\/p>\n<\/div>\n<\/div>\n","protected":false},"excerpt":{"rendered":"<p>\u017byjemy w czasach brutalizacji, w czasach barbaryzacji polskiej polityki wewn\u0119trznej. Pr\u00f3ba zatrzymania w areszcie przeciwnika politycznego (sprawa ministra Zbigniewa Ziobry),<\/p>\n","protected":false},"author":1,"featured_media":10292,"comment_status":"open","ping_status":"open","sticky":false,"template":"","format":"standard","meta":{"footnotes":""},"categories":[4748],"tags":[11779,10911,11778,1993,4,652,372,11780,8187],"class_list":["post-10291","post","type-post","status-publish","format-standard","has-post-thumbnail","hentry","category-aktualne","tag-barbaryzacji","tag-dokad","tag-lysiak","tag-polityki","tag-polska","tag-polskiej","tag-tomasz","tag-wewnetrznej","tag-zmierza","generate-columns","tablet-grid-50","mobile-grid-100","grid-parent","grid-50","resize-featured-image"],"yoast_head":"<!-- This site is optimized with the Yoast SEO plugin v23.2 - https:\/\/yoast.com\/wordpress\/plugins\/seo\/ -->\n<title>Dok\u0105d zmierza Polska? Tomasz \u0141ysiak o barbaryzacji polskiej polityki wewn\u0119trznej - POGOTOWIE FLAGOWE\u00ae<\/title>\n<meta name=\"robots\" content=\"index, follow, max-snippet:-1, max-image-preview:large, max-video-preview:-1\" \/>\n<link rel=\"canonical\" href=\"https:\/\/www.pogotowieflagowe.pl\/aktualne\/dokad-zmierza-polska-tomasz-lysiak-o-barbaryzacji-polskiej-polityki-wewnetrznej\/\" \/>\n<meta property=\"og:locale\" content=\"pl_PL\" \/>\n<meta property=\"og:type\" content=\"article\" \/>\n<meta property=\"og:title\" content=\"Dok\u0105d zmierza Polska? Tomasz \u0141ysiak o barbaryzacji polskiej polityki wewn\u0119trznej - POGOTOWIE FLAGOWE\u00ae\" \/>\n<meta property=\"og:description\" content=\"\u017byjemy w czasach brutalizacji, w czasach barbaryzacji polskiej polityki wewn\u0119trznej. Pr\u00f3ba zatrzymania w areszcie przeciwnika politycznego (sprawa ministra Zbigniewa Ziobry),\" \/>\n<meta property=\"og:url\" content=\"https:\/\/www.pogotowieflagowe.pl\/aktualne\/dokad-zmierza-polska-tomasz-lysiak-o-barbaryzacji-polskiej-polityki-wewnetrznej\/\" \/>\n<meta property=\"og:site_name\" content=\"POGOTOWIE FLAGOWE\u00ae\" \/>\n<meta property=\"article:published_time\" content=\"2025-11-08T19:10:37+00:00\" \/>\n<meta property=\"article:modified_time\" content=\"2025-11-08T19:10:39+00:00\" \/>\n<meta property=\"og:image\" content=\"https:\/\/www.pogotowieflagowe.pl\/aktualne\/wp-content\/uploads\/2025\/11\/Dokad-zmierza-Polska-Tomasz-Lysiak-o-barbaryzacji-polskiej-polityki-wewnetrznej.webp.webp\" \/>\n\t<meta property=\"og:image:width\" content=\"1280\" \/>\n\t<meta property=\"og:image:height\" content=\"720\" \/>\n\t<meta property=\"og:image:type\" content=\"image\/webp\" \/>\n<meta name=\"author\" content=\"Filip\" \/>\n<meta name=\"twitter:card\" content=\"summary_large_image\" \/>\n<meta name=\"twitter:label1\" content=\"Napisane przez\" \/>\n\t<meta name=\"twitter:data1\" content=\"Filip\" \/>\n\t<meta name=\"twitter:label2\" content=\"Szacowany czas czytania\" \/>\n\t<meta name=\"twitter:data2\" content=\"2 minuty\" \/>\n<script type=\"application\/ld+json\" class=\"yoast-schema-graph\">{\"@context\":\"https:\/\/schema.org\",\"@graph\":[{\"@type\":\"Article\",\"@id\":\"https:\/\/www.pogotowieflagowe.pl\/aktualne\/dokad-zmierza-polska-tomasz-lysiak-o-barbaryzacji-polskiej-polityki-wewnetrznej\/#article\",\"isPartOf\":{\"@id\":\"https:\/\/www.pogotowieflagowe.pl\/aktualne\/dokad-zmierza-polska-tomasz-lysiak-o-barbaryzacji-polskiej-polityki-wewnetrznej\/\"},\"author\":{\"name\":\"Filip\",\"@id\":\"https:\/\/www.pogotowieflagowe.pl\/aktualne\/#\/schema\/person\/9c2fb7d2362ebf6fa088960d7f0d27b0\"},\"headline\":\"Dok\u0105d zmierza Polska? Tomasz \u0141ysiak o barbaryzacji polskiej polityki wewn\u0119trznej\",\"datePublished\":\"2025-11-08T19:10:37+00:00\",\"dateModified\":\"2025-11-08T19:10:39+00:00\",\"mainEntityOfPage\":{\"@id\":\"https:\/\/www.pogotowieflagowe.pl\/aktualne\/dokad-zmierza-polska-tomasz-lysiak-o-barbaryzacji-polskiej-polityki-wewnetrznej\/\"},\"wordCount\":460,\"commentCount\":0,\"publisher\":{\"@id\":\"https:\/\/www.pogotowieflagowe.pl\/aktualne\/#organization\"},\"image\":{\"@id\":\"https:\/\/www.pogotowieflagowe.pl\/aktualne\/dokad-zmierza-polska-tomasz-lysiak-o-barbaryzacji-polskiej-polityki-wewnetrznej\/#primaryimage\"},\"thumbnailUrl\":\"https:\/\/www.pogotowieflagowe.pl\/aktualne\/wp-content\/uploads\/2025\/11\/Dokad-zmierza-Polska-Tomasz-Lysiak-o-barbaryzacji-polskiej-polityki-wewnetrznej.webp.webp\",\"keywords\":[\"barbaryzacji\",\"dok\u0105d\",\"\u0141ysiak\",\"polityki\",\"polska\",\"polskiej\",\"Tomasz\",\"wewn\u0119trznej\",\"zmierza\"],\"articleSection\":[\"Aktualne\"],\"inLanguage\":\"pl-PL\",\"potentialAction\":[{\"@type\":\"CommentAction\",\"name\":\"Comment\",\"target\":[\"https:\/\/www.pogotowieflagowe.pl\/aktualne\/dokad-zmierza-polska-tomasz-lysiak-o-barbaryzacji-polskiej-polityki-wewnetrznej\/#respond\"]}]},{\"@type\":\"WebPage\",\"@id\":\"https:\/\/www.pogotowieflagowe.pl\/aktualne\/dokad-zmierza-polska-tomasz-lysiak-o-barbaryzacji-polskiej-polityki-wewnetrznej\/\",\"url\":\"https:\/\/www.pogotowieflagowe.pl\/aktualne\/dokad-zmierza-polska-tomasz-lysiak-o-barbaryzacji-polskiej-polityki-wewnetrznej\/\",\"name\":\"Dok\u0105d zmierza Polska? Tomasz \u0141ysiak o barbaryzacji polskiej polityki wewn\u0119trznej - POGOTOWIE FLAGOWE\u00ae\",\"isPartOf\":{\"@id\":\"https:\/\/www.pogotowieflagowe.pl\/aktualne\/#website\"},\"primaryImageOfPage\":{\"@id\":\"https:\/\/www.pogotowieflagowe.pl\/aktualne\/dokad-zmierza-polska-tomasz-lysiak-o-barbaryzacji-polskiej-polityki-wewnetrznej\/#primaryimage\"},\"image\":{\"@id\":\"https:\/\/www.pogotowieflagowe.pl\/aktualne\/dokad-zmierza-polska-tomasz-lysiak-o-barbaryzacji-polskiej-polityki-wewnetrznej\/#primaryimage\"},\"thumbnailUrl\":\"https:\/\/www.pogotowieflagowe.pl\/aktualne\/wp-content\/uploads\/2025\/11\/Dokad-zmierza-Polska-Tomasz-Lysiak-o-barbaryzacji-polskiej-polityki-wewnetrznej.webp.webp\",\"datePublished\":\"2025-11-08T19:10:37+00:00\",\"dateModified\":\"2025-11-08T19:10:39+00:00\",\"breadcrumb\":{\"@id\":\"https:\/\/www.pogotowieflagowe.pl\/aktualne\/dokad-zmierza-polska-tomasz-lysiak-o-barbaryzacji-polskiej-polityki-wewnetrznej\/#breadcrumb\"},\"inLanguage\":\"pl-PL\",\"potentialAction\":[{\"@type\":\"ReadAction\",\"target\":[\"https:\/\/www.pogotowieflagowe.pl\/aktualne\/dokad-zmierza-polska-tomasz-lysiak-o-barbaryzacji-polskiej-polityki-wewnetrznej\/\"]}]},{\"@type\":\"ImageObject\",\"inLanguage\":\"pl-PL\",\"@id\":\"https:\/\/www.pogotowieflagowe.pl\/aktualne\/dokad-zmierza-polska-tomasz-lysiak-o-barbaryzacji-polskiej-polityki-wewnetrznej\/#primaryimage\",\"url\":\"https:\/\/www.pogotowieflagowe.pl\/aktualne\/wp-content\/uploads\/2025\/11\/Dokad-zmierza-Polska-Tomasz-Lysiak-o-barbaryzacji-polskiej-polityki-wewnetrznej.webp.webp\",\"contentUrl\":\"https:\/\/www.pogotowieflagowe.pl\/aktualne\/wp-content\/uploads\/2025\/11\/Dokad-zmierza-Polska-Tomasz-Lysiak-o-barbaryzacji-polskiej-polityki-wewnetrznej.webp.webp\",\"width\":1280,\"height\":720,\"caption\":\"Dok\u0105d zmierza Polska? Tomasz \u0141ysiak o barbaryzacji polskiej polityki wewn\u0119trznej\"},{\"@type\":\"BreadcrumbList\",\"@id\":\"https:\/\/www.pogotowieflagowe.pl\/aktualne\/dokad-zmierza-polska-tomasz-lysiak-o-barbaryzacji-polskiej-polityki-wewnetrznej\/#breadcrumb\",\"itemListElement\":[{\"@type\":\"ListItem\",\"position\":1,\"name\":\"Home\",\"item\":\"https:\/\/www.pogotowieflagowe.pl\/aktualne\/\"},{\"@type\":\"ListItem\",\"position\":2,\"name\":\"Dok\u0105d zmierza Polska? Tomasz \u0141ysiak o barbaryzacji polskiej polityki wewn\u0119trznej\"}]},{\"@type\":\"WebSite\",\"@id\":\"https:\/\/www.pogotowieflagowe.pl\/aktualne\/#website\",\"url\":\"https:\/\/www.pogotowieflagowe.pl\/aktualne\/\",\"name\":\"POGOTOWIE FLAGOWE\u00ae\",\"description\":\"\",\"publisher\":{\"@id\":\"https:\/\/www.pogotowieflagowe.pl\/aktualne\/#organization\"},\"potentialAction\":[{\"@type\":\"SearchAction\",\"target\":{\"@type\":\"EntryPoint\",\"urlTemplate\":\"https:\/\/www.pogotowieflagowe.pl\/aktualne\/?s={search_term_string}\"},\"query-input\":\"required name=search_term_string\"}],\"inLanguage\":\"pl-PL\"},{\"@type\":\"Organization\",\"@id\":\"https:\/\/www.pogotowieflagowe.pl\/aktualne\/#organization\",\"name\":\"POGOTOWIE FLAGOWE\u00ae\",\"url\":\"https:\/\/www.pogotowieflagowe.pl\/aktualne\/\",\"logo\":{\"@type\":\"ImageObject\",\"inLanguage\":\"pl-PL\",\"@id\":\"https:\/\/www.pogotowieflagowe.pl\/aktualne\/#\/schema\/logo\/image\/\",\"url\":\"https:\/\/www.pogotowieflagowe.pl\/aktualne\/wp-content\/uploads\/2024\/08\/cropped-pogotowieflagowe_flaga_projekt_sm.jpg\",\"contentUrl\":\"https:\/\/www.pogotowieflagowe.pl\/aktualne\/wp-content\/uploads\/2024\/08\/cropped-pogotowieflagowe_flaga_projekt_sm.jpg\",\"width\":250,\"height\":143,\"caption\":\"POGOTOWIE FLAGOWE\u00ae\"},\"image\":{\"@id\":\"https:\/\/www.pogotowieflagowe.pl\/aktualne\/#\/schema\/logo\/image\/\"}},{\"@type\":\"Person\",\"@id\":\"https:\/\/www.pogotowieflagowe.pl\/aktualne\/#\/schema\/person\/9c2fb7d2362ebf6fa088960d7f0d27b0\",\"name\":\"Filip\",\"image\":{\"@type\":\"ImageObject\",\"inLanguage\":\"pl-PL\",\"@id\":\"https:\/\/www.pogotowieflagowe.pl\/aktualne\/#\/schema\/person\/image\/\",\"url\":\"https:\/\/www.pogotowieflagowe.pl\/aktualne\/wp-content\/uploads\/2024\/08\/pogotowieflagowe.pl_.jpg\",\"contentUrl\":\"https:\/\/www.pogotowieflagowe.pl\/aktualne\/wp-content\/uploads\/2024\/08\/pogotowieflagowe.pl_.jpg\",\"caption\":\"Filip\"},\"description\":\"Jestem Filip, polski dziennikarz z dyplomem nauk politycznych Uniwersytetu Warszawskiego. Rozpoczynaj\u0105c swoj\u0105 karier\u0119 w r\u00f3\u017cnych lokalnych mediach, zdoby\u0142em solidne do\u015bwiadczenie w zakresie \u015bledztwa i redakcji. Obecnie jako redaktor w Pogotowie flagowe, staram si\u0119 dostarcza\u0107 dog\u0142\u0119bne i istotne analizy na temat najwa\u017cniejszych kwestii aktualno\u015bci, \u0142\u0105cz\u0105c rygor z pasj\u0105 dziennikarsk\u0105.\",\"sameAs\":[\"https:\/\/www.pogotowieflagowe.pl\/\"]}]}<\/script>\n<!-- \/ Yoast SEO plugin. -->","yoast_head_json":{"title":"Dok\u0105d zmierza Polska? Tomasz \u0141ysiak o barbaryzacji polskiej polityki wewn\u0119trznej - POGOTOWIE FLAGOWE\u00ae","robots":{"index":"index","follow":"follow","max-snippet":"max-snippet:-1","max-image-preview":"max-image-preview:large","max-video-preview":"max-video-preview:-1"},"canonical":"https:\/\/www.pogotowieflagowe.pl\/aktualne\/dokad-zmierza-polska-tomasz-lysiak-o-barbaryzacji-polskiej-polityki-wewnetrznej\/","og_locale":"pl_PL","og_type":"article","og_title":"Dok\u0105d zmierza Polska? Tomasz \u0141ysiak o barbaryzacji polskiej polityki wewn\u0119trznej - POGOTOWIE FLAGOWE\u00ae","og_description":"\u017byjemy w czasach brutalizacji, w czasach barbaryzacji polskiej polityki wewn\u0119trznej. Pr\u00f3ba zatrzymania w areszcie przeciwnika politycznego (sprawa ministra Zbigniewa Ziobry),","og_url":"https:\/\/www.pogotowieflagowe.pl\/aktualne\/dokad-zmierza-polska-tomasz-lysiak-o-barbaryzacji-polskiej-polityki-wewnetrznej\/","og_site_name":"POGOTOWIE FLAGOWE\u00ae","article_published_time":"2025-11-08T19:10:37+00:00","article_modified_time":"2025-11-08T19:10:39+00:00","og_image":[{"width":1280,"height":720,"url":"https:\/\/www.pogotowieflagowe.pl\/aktualne\/wp-content\/uploads\/2025\/11\/Dokad-zmierza-Polska-Tomasz-Lysiak-o-barbaryzacji-polskiej-polityki-wewnetrznej.webp.webp","type":"image\/webp"}],"author":"Filip","twitter_card":"summary_large_image","twitter_misc":{"Napisane przez":"Filip","Szacowany czas czytania":"2 minuty"},"schema":{"@context":"https:\/\/schema.org","@graph":[{"@type":"Article","@id":"https:\/\/www.pogotowieflagowe.pl\/aktualne\/dokad-zmierza-polska-tomasz-lysiak-o-barbaryzacji-polskiej-polityki-wewnetrznej\/#article","isPartOf":{"@id":"https:\/\/www.pogotowieflagowe.pl\/aktualne\/dokad-zmierza-polska-tomasz-lysiak-o-barbaryzacji-polskiej-polityki-wewnetrznej\/"},"author":{"name":"Filip","@id":"https:\/\/www.pogotowieflagowe.pl\/aktualne\/#\/schema\/person\/9c2fb7d2362ebf6fa088960d7f0d27b0"},"headline":"Dok\u0105d zmierza Polska? Tomasz \u0141ysiak o barbaryzacji polskiej polityki wewn\u0119trznej","datePublished":"2025-11-08T19:10:37+00:00","dateModified":"2025-11-08T19:10:39+00:00","mainEntityOfPage":{"@id":"https:\/\/www.pogotowieflagowe.pl\/aktualne\/dokad-zmierza-polska-tomasz-lysiak-o-barbaryzacji-polskiej-polityki-wewnetrznej\/"},"wordCount":460,"commentCount":0,"publisher":{"@id":"https:\/\/www.pogotowieflagowe.pl\/aktualne\/#organization"},"image":{"@id":"https:\/\/www.pogotowieflagowe.pl\/aktualne\/dokad-zmierza-polska-tomasz-lysiak-o-barbaryzacji-polskiej-polityki-wewnetrznej\/#primaryimage"},"thumbnailUrl":"https:\/\/www.pogotowieflagowe.pl\/aktualne\/wp-content\/uploads\/2025\/11\/Dokad-zmierza-Polska-Tomasz-Lysiak-o-barbaryzacji-polskiej-polityki-wewnetrznej.webp.webp","keywords":["barbaryzacji","dok\u0105d","\u0141ysiak","polityki","polska","polskiej","Tomasz","wewn\u0119trznej","zmierza"],"articleSection":["Aktualne"],"inLanguage":"pl-PL","potentialAction":[{"@type":"CommentAction","name":"Comment","target":["https:\/\/www.pogotowieflagowe.pl\/aktualne\/dokad-zmierza-polska-tomasz-lysiak-o-barbaryzacji-polskiej-polityki-wewnetrznej\/#respond"]}]},{"@type":"WebPage","@id":"https:\/\/www.pogotowieflagowe.pl\/aktualne\/dokad-zmierza-polska-tomasz-lysiak-o-barbaryzacji-polskiej-polityki-wewnetrznej\/","url":"https:\/\/www.pogotowieflagowe.pl\/aktualne\/dokad-zmierza-polska-tomasz-lysiak-o-barbaryzacji-polskiej-polityki-wewnetrznej\/","name":"Dok\u0105d zmierza Polska? Tomasz \u0141ysiak o barbaryzacji polskiej polityki wewn\u0119trznej - POGOTOWIE FLAGOWE\u00ae","isPartOf":{"@id":"https:\/\/www.pogotowieflagowe.pl\/aktualne\/#website"},"primaryImageOfPage":{"@id":"https:\/\/www.pogotowieflagowe.pl\/aktualne\/dokad-zmierza-polska-tomasz-lysiak-o-barbaryzacji-polskiej-polityki-wewnetrznej\/#primaryimage"},"image":{"@id":"https:\/\/www.pogotowieflagowe.pl\/aktualne\/dokad-zmierza-polska-tomasz-lysiak-o-barbaryzacji-polskiej-polityki-wewnetrznej\/#primaryimage"},"thumbnailUrl":"https:\/\/www.pogotowieflagowe.pl\/aktualne\/wp-content\/uploads\/2025\/11\/Dokad-zmierza-Polska-Tomasz-Lysiak-o-barbaryzacji-polskiej-polityki-wewnetrznej.webp.webp","datePublished":"2025-11-08T19:10:37+00:00","dateModified":"2025-11-08T19:10:39+00:00","breadcrumb":{"@id":"https:\/\/www.pogotowieflagowe.pl\/aktualne\/dokad-zmierza-polska-tomasz-lysiak-o-barbaryzacji-polskiej-polityki-wewnetrznej\/#breadcrumb"},"inLanguage":"pl-PL","potentialAction":[{"@type":"ReadAction","target":["https:\/\/www.pogotowieflagowe.pl\/aktualne\/dokad-zmierza-polska-tomasz-lysiak-o-barbaryzacji-polskiej-polityki-wewnetrznej\/"]}]},{"@type":"ImageObject","inLanguage":"pl-PL","@id":"https:\/\/www.pogotowieflagowe.pl\/aktualne\/dokad-zmierza-polska-tomasz-lysiak-o-barbaryzacji-polskiej-polityki-wewnetrznej\/#primaryimage","url":"https:\/\/www.pogotowieflagowe.pl\/aktualne\/wp-content\/uploads\/2025\/11\/Dokad-zmierza-Polska-Tomasz-Lysiak-o-barbaryzacji-polskiej-polityki-wewnetrznej.webp.webp","contentUrl":"https:\/\/www.pogotowieflagowe.pl\/aktualne\/wp-content\/uploads\/2025\/11\/Dokad-zmierza-Polska-Tomasz-Lysiak-o-barbaryzacji-polskiej-polityki-wewnetrznej.webp.webp","width":1280,"height":720,"caption":"Dok\u0105d zmierza Polska? Tomasz \u0141ysiak o barbaryzacji polskiej polityki wewn\u0119trznej"},{"@type":"BreadcrumbList","@id":"https:\/\/www.pogotowieflagowe.pl\/aktualne\/dokad-zmierza-polska-tomasz-lysiak-o-barbaryzacji-polskiej-polityki-wewnetrznej\/#breadcrumb","itemListElement":[{"@type":"ListItem","position":1,"name":"Home","item":"https:\/\/www.pogotowieflagowe.pl\/aktualne\/"},{"@type":"ListItem","position":2,"name":"Dok\u0105d zmierza Polska? Tomasz \u0141ysiak o barbaryzacji polskiej polityki wewn\u0119trznej"}]},{"@type":"WebSite","@id":"https:\/\/www.pogotowieflagowe.pl\/aktualne\/#website","url":"https:\/\/www.pogotowieflagowe.pl\/aktualne\/","name":"POGOTOWIE FLAGOWE\u00ae","description":"","publisher":{"@id":"https:\/\/www.pogotowieflagowe.pl\/aktualne\/#organization"},"potentialAction":[{"@type":"SearchAction","target":{"@type":"EntryPoint","urlTemplate":"https:\/\/www.pogotowieflagowe.pl\/aktualne\/?s={search_term_string}"},"query-input":"required name=search_term_string"}],"inLanguage":"pl-PL"},{"@type":"Organization","@id":"https:\/\/www.pogotowieflagowe.pl\/aktualne\/#organization","name":"POGOTOWIE FLAGOWE\u00ae","url":"https:\/\/www.pogotowieflagowe.pl\/aktualne\/","logo":{"@type":"ImageObject","inLanguage":"pl-PL","@id":"https:\/\/www.pogotowieflagowe.pl\/aktualne\/#\/schema\/logo\/image\/","url":"https:\/\/www.pogotowieflagowe.pl\/aktualne\/wp-content\/uploads\/2024\/08\/cropped-pogotowieflagowe_flaga_projekt_sm.jpg","contentUrl":"https:\/\/www.pogotowieflagowe.pl\/aktualne\/wp-content\/uploads\/2024\/08\/cropped-pogotowieflagowe_flaga_projekt_sm.jpg","width":250,"height":143,"caption":"POGOTOWIE FLAGOWE\u00ae"},"image":{"@id":"https:\/\/www.pogotowieflagowe.pl\/aktualne\/#\/schema\/logo\/image\/"}},{"@type":"Person","@id":"https:\/\/www.pogotowieflagowe.pl\/aktualne\/#\/schema\/person\/9c2fb7d2362ebf6fa088960d7f0d27b0","name":"Filip","image":{"@type":"ImageObject","inLanguage":"pl-PL","@id":"https:\/\/www.pogotowieflagowe.pl\/aktualne\/#\/schema\/person\/image\/","url":"https:\/\/www.pogotowieflagowe.pl\/aktualne\/wp-content\/uploads\/2024\/08\/pogotowieflagowe.pl_.jpg","contentUrl":"https:\/\/www.pogotowieflagowe.pl\/aktualne\/wp-content\/uploads\/2024\/08\/pogotowieflagowe.pl_.jpg","caption":"Filip"},"description":"Jestem Filip, polski dziennikarz z dyplomem nauk politycznych Uniwersytetu Warszawskiego. Rozpoczynaj\u0105c swoj\u0105 karier\u0119 w r\u00f3\u017cnych lokalnych mediach, zdoby\u0142em solidne do\u015bwiadczenie w zakresie \u015bledztwa i redakcji. Obecnie jako redaktor w Pogotowie flagowe, staram si\u0119 dostarcza\u0107 dog\u0142\u0119bne i istotne analizy na temat najwa\u017cniejszych kwestii aktualno\u015bci, \u0142\u0105cz\u0105c rygor z pasj\u0105 dziennikarsk\u0105.","sameAs":["https:\/\/www.pogotowieflagowe.pl\/"]}]}},"_links":{"self":[{"href":"https:\/\/www.pogotowieflagowe.pl\/aktualne\/wp-json\/wp\/v2\/posts\/10291","targetHints":{"allow":["GET"]}}],"collection":[{"href":"https:\/\/www.pogotowieflagowe.pl\/aktualne\/wp-json\/wp\/v2\/posts"}],"about":[{"href":"https:\/\/www.pogotowieflagowe.pl\/aktualne\/wp-json\/wp\/v2\/types\/post"}],"author":[{"embeddable":true,"href":"https:\/\/www.pogotowieflagowe.pl\/aktualne\/wp-json\/wp\/v2\/users\/1"}],"replies":[{"embeddable":true,"href":"https:\/\/www.pogotowieflagowe.pl\/aktualne\/wp-json\/wp\/v2\/comments?post=10291"}],"version-history":[{"count":1,"href":"https:\/\/www.pogotowieflagowe.pl\/aktualne\/wp-json\/wp\/v2\/posts\/10291\/revisions"}],"predecessor-version":[{"id":10293,"href":"https:\/\/www.pogotowieflagowe.pl\/aktualne\/wp-json\/wp\/v2\/posts\/10291\/revisions\/10293"}],"wp:featuredmedia":[{"embeddable":true,"href":"https:\/\/www.pogotowieflagowe.pl\/aktualne\/wp-json\/wp\/v2\/media\/10292"}],"wp:attachment":[{"href":"https:\/\/www.pogotowieflagowe.pl\/aktualne\/wp-json\/wp\/v2\/media?parent=10291"}],"wp:term":[{"taxonomy":"category","embeddable":true,"href":"https:\/\/www.pogotowieflagowe.pl\/aktualne\/wp-json\/wp\/v2\/categories?post=10291"},{"taxonomy":"post_tag","embeddable":true,"href":"https:\/\/www.pogotowieflagowe.pl\/aktualne\/wp-json\/wp\/v2\/tags?post=10291"}],"curies":[{"name":"wp","href":"https:\/\/api.w.org\/{rel}","templated":true}]}}