{"id":10294,"date":"2025-11-08T20:41:15","date_gmt":"2025-11-08T19:41:15","guid":{"rendered":"https:\/\/www.pogotowieflagowe.pl\/aktualne\/setki-osob-straca-prace-po-ogloszeniu-masowych-zwolnien-polskiego-giganta-meblarskiego-black-red-white\/"},"modified":"2025-11-08T20:41:16","modified_gmt":"2025-11-08T19:41:16","slug":"setki-osob-straca-prace-po-ogloszeniu-masowych-zwolnien-polskiego-giganta-meblarskiego-black-red-white","status":"publish","type":"post","link":"https:\/\/www.pogotowieflagowe.pl\/aktualne\/setki-osob-straca-prace-po-ogloszeniu-masowych-zwolnien-polskiego-giganta-meblarskiego-black-red-white\/","title":{"rendered":"Setki os\u00f3b strac\u0105 prac\u0119 po og\u0142oszeniu masowych zwolnie\u0144 polskiego giganta meblarskiego Black Red White"},"content":{"rendered":"\n<div class=\"td_block_wrap tdb_single_content tdi_41 td-pb-border-top td_block_template_8 td-post-content tagdiv-type\" data-td-block-uid=\"tdi_41\">\n<style>.tdi_41{margines-top:0px!important;margin-bottom:0px!important;dope\u0142nienie-g\u00f3ra:0px!important;dope\u0142nienie-d\u00f3\u0142:0px!important}<\/style>\n<style>.tdb_single_content{margin-bottom:0;*zoom:1}.tdb_single_content:before,.tdb_single_content:after{display:table;content:'';line-height:0}.tdb_single_content:after{clear:both}.tdb_single_content .tdb-block-inner>*:not(.wp-block-quote):not(.alignwide):not(.alignfull.wp-block-cover.has-parallax):not(.td-a-ad){margin-left:auto;margin-right:auto}.tdb_single_content a{pointer-events:auto}.tdb_single_content .td-spot-id-top_ad .tdc-placeholder-title:before{content:'Najlepsza reklama artyku\u0142u'!important}.tdb_single_content .td-spot-id-inline_ad0 .tdc-placeholder-title:before{content:'Reklama wbudowana artyku\u0142u 1'!important}.tdb_single_content .td-spot-id-inline_ad1 .tdc-placeholder-title:before{content:'Wbudowana reklama w artykule 2'!important}.tdb_single_content .td-spot-id-inline_ad2 .tdc-placeholder-title:before{content:'Wbudowana reklama w artykule 3'!important}.tdb_single_content .td-spot-id-bottom_ad .tdc-placeholder-title:before{content:'Article Bottom Ad'!important}.tdb_single_content .id_top_ad,.tdb_single_content .id_bottom_ad{clear:both;margin-bottom:21px;text-align:center}.tdb_single_content .id_top_ad img,.tdb_single_content .id_bottom_ad img{margin-bottom:0}.tdb_single_content .id_top_ad .adsbygoogle,.tdb_single_content .id_bottom_ad .adsbygoogle{position:relative}.tdb_single_content .id_ad_content-horiz-left,.tdb_single_content .id_ad_content-horiz-right,.tdb_single_content .id_ad_content-horiz-center{margin-bottom:15px}.tdb_single_content .id_ad_content-horiz-left img,.tdb_single_content .id_ad_content-horiz-right img,.tdb_single_content .id_ad_content-horiz-center img{margin-bottom:0}.tdb_single_content .id_ad_content-horiz-center{text-align:center}.tdb_single_content .id_ad_content-horiz-center img{margin-right:auto;margin-left:auto}.tdb_single_content .id_ad_content-horiz-left{float:left;margin-top:9px;margin-right:21px}.tdb_single_content .id_ad_content-horiz-right{float:right;margin-top:6px;margin-left:21px}.tdb_single_content .tdc-a-ad .tdc-placeholder-title{width:300px;height:250px}.tdb_single_content .tdc-a-ad .tdc-placeholder-title:before{position:absolute;top:50%;-webkit-transform:translateY(-50%);transform:translateY(-50%);margin:auto;display:table;width:100%}.tdb_single_content .tdb-block-inner.td-fix-index{word-break:break-word}.tdi_41,.tdi_41>p,.tdi_41 .tdb-block-inner>p,.wp-block-column>p{font-size:16px!important;line-height:1.6!important}.tdi_41 .tdb-block-inner blockquote p{font-style:normal!important}@media (max-width:767px){.tdb_single_content .id_ad_content-horiz-left,.tdb_single_content .id_ad_content-horiz-right,.tdb_single_content .id_ad_content-horiz-center{margin:0 auto 26 pikseli auto}}@media (max-width:767px){.tdb_single_content .id_ad_content-horiz-left{margin-right:0}}@media (max-width:767px){.tdb_single_content .id_ad_content-horiz-right{margin-left:0}}@media (max-width:767px){.tdb_single_content .td-a-ad{float:none;text-align:center}.tdb_single_content .td-a-ad img{margin-right:auto;margin-left:auto}.tdb_single_content .tdc-a-ad{float:none}}<\/style>\n<div class=\"tdb-block-inner td-fix-index\">\n<p>Sytuacja na polskim rynku pracy staje si\u0119 coraz trudniejsza. Wkr\u00f3tce mieszka\u0144cy Lubelszczyzny zatrudnieni przez giganta meblarskiego Black Red White odczuj\u0105 jego skutki w dramatyczny spos\u00f3b, gdy firma og\u0142osi drug\u0105 fal\u0119 masowych zwolnie\u0144. Szacuje si\u0119, \u017ce w najbli\u017cszej przysz\u0142o\u015bci prac\u0119 straci oko\u0142o 800 os\u00f3b.<\/p>\n<p>Black Red White (BRW) to najwi\u0119kszy pracodawca na Lubelszczy\u017anie i jedna z wiod\u0105cych firm w bran\u017cy meblarskiej w Polsce. Firma zatrudnia obecnie oko\u0142o 2700 os\u00f3b, ale ze wzgl\u0119du na restrukturyzacj\u0119 i trudno\u015bci finansowe planuje zwolni\u0107 oko\u0142o 800 stanowisk.<\/p>\n<h2 class=\"wp-block-heading\">Druga fala zwolnie\u0144<\/h2>\n<p>Ju\u017c na pocz\u0105tku 2025 roku BRW przeprowadzi\u0142a masowe zwolnienia, zmuszaj\u0105c do odej\u015bcia 500 pracownik\u00f3w. Jednak to nie by\u0142 koniec. W listopadzie firma og\u0142osi\u0142a rozpocz\u0119cie drugiej tury zwolnie\u0144, co stanowi\u0142o powa\u017cny cios dla kolejnych 800 pracownik\u00f3w i ich rodzin.<\/p>\n<p>Zwolnienia wynikaj\u0105 z problem\u00f3w finansowych sp\u00f3\u0142ki i zamkni\u0119cia cz\u0119\u015bci jednostek organizacyjnych. Sytuacji protestuje zwi\u0105zek zawodowy \u201eSolidarno\u015b\u0107\u201d, \u017c\u0105daj\u0105c wy\u017cszych odpraw i pr\u00f3buj\u0105c negocjowa\u0107 warunki z nowym w\u0142a\u015bcicielem firmy.<\/p>\n<p>Black Red White to kluczowy pracodawca w wojew\u00f3dztwie lubelskim. Redukcja 800 stanowisk pracy mo\u017ce mie\u0107 powa\u017cne konsekwencje spo\u0142eczne i gospodarcze, szczeg\u00f3lnie w Bi\u0142goraju i Zamo\u015bciu, gdzie zak\u0142ady BRW od dawna stanowi\u0105 trzon lokalnego rynku pracy.<\/p>\n<\/div>\n<\/div>\n","protected":false},"excerpt":{"rendered":"<p>Sytuacja na polskim rynku pracy staje si\u0119 coraz trudniejsza. Wkr\u00f3tce mieszka\u0144cy Lubelszczyzny zatrudnieni przez giganta meblarskiego Black Red White odczuj\u0105<\/p>\n","protected":false},"author":1,"featured_media":3217,"comment_status":"open","ping_status":"open","sticky":false,"template":"","format":"standard","meta":{"footnotes":""},"categories":[4748],"tags":[11783,2174,1881,11782,11781,4195,129,2054,11784,3851,9731,11785,1627],"class_list":["post-10294","post","type-post","status-publish","format-standard","has-post-thumbnail","hentry","category-aktualne","tag-black","tag-giganta","tag-masowych","tag-meblarskiego","tag-ogloszeniu","tag-osob","tag-polskiego","tag-prace","tag-red","tag-setki","tag-straca","tag-white","tag-zwolnien","generate-columns","tablet-grid-50","mobile-grid-100","grid-parent","grid-50","resize-featured-image"],"yoast_head":"<!-- This site is optimized with the Yoast SEO plugin v23.2 - https:\/\/yoast.com\/wordpress\/plugins\/seo\/ -->\n<title>Setki os\u00f3b strac\u0105 prac\u0119 po og\u0142oszeniu masowych zwolnie\u0144 polskiego giganta meblarskiego Black Red White - POGOTOWIE FLAGOWE\u00ae<\/title>\n<meta name=\"robots\" content=\"index, follow, max-snippet:-1, max-image-preview:large, max-video-preview:-1\" \/>\n<link rel=\"canonical\" href=\"https:\/\/www.pogotowieflagowe.pl\/aktualne\/setki-osob-straca-prace-po-ogloszeniu-masowych-zwolnien-polskiego-giganta-meblarskiego-black-red-white\/\" \/>\n<meta property=\"og:locale\" content=\"pl_PL\" \/>\n<meta property=\"og:type\" content=\"article\" \/>\n<meta property=\"og:title\" content=\"Setki os\u00f3b strac\u0105 prac\u0119 po og\u0142oszeniu masowych zwolnie\u0144 polskiego giganta meblarskiego Black Red White - POGOTOWIE FLAGOWE\u00ae\" \/>\n<meta property=\"og:description\" content=\"Sytuacja na polskim rynku pracy staje si\u0119 coraz trudniejsza. Wkr\u00f3tce mieszka\u0144cy Lubelszczyzny zatrudnieni przez giganta meblarskiego Black Red White odczuj\u0105\" \/>\n<meta property=\"og:url\" content=\"https:\/\/www.pogotowieflagowe.pl\/aktualne\/setki-osob-straca-prace-po-ogloszeniu-masowych-zwolnien-polskiego-giganta-meblarskiego-black-red-white\/\" \/>\n<meta property=\"og:site_name\" content=\"POGOTOWIE FLAGOWE\u00ae\" \/>\n<meta property=\"article:published_time\" content=\"2025-11-08T19:41:15+00:00\" \/>\n<meta property=\"article:modified_time\" content=\"2025-11-08T19:41:16+00:00\" \/>\n<meta property=\"og:image\" content=\"https:\/\/www.pogotowieflagowe.pl\/aktualne\/wp-content\/uploads\/2025\/01\/Lider-branzy-meblarskiej-zamyka-fabryke-ponad-200-stanowisk-pracy-jest.jpg\" \/>\n\t<meta property=\"og:image:width\" content=\"1920\" \/>\n\t<meta property=\"og:image:height\" content=\"1440\" \/>\n\t<meta property=\"og:image:type\" content=\"image\/jpeg\" \/>\n<meta name=\"author\" content=\"Filip\" \/>\n<meta name=\"twitter:card\" content=\"summary_large_image\" \/>\n<meta name=\"twitter:label1\" content=\"Napisane przez\" \/>\n\t<meta name=\"twitter:data1\" content=\"Filip\" \/>\n\t<meta name=\"twitter:label2\" content=\"Szacowany czas czytania\" \/>\n\t<meta name=\"twitter:data2\" content=\"1 minuta\" \/>\n<script type=\"application\/ld+json\" class=\"yoast-schema-graph\">{\"@context\":\"https:\/\/schema.org\",\"@graph\":[{\"@type\":\"Article\",\"@id\":\"https:\/\/www.pogotowieflagowe.pl\/aktualne\/setki-osob-straca-prace-po-ogloszeniu-masowych-zwolnien-polskiego-giganta-meblarskiego-black-red-white\/#article\",\"isPartOf\":{\"@id\":\"https:\/\/www.pogotowieflagowe.pl\/aktualne\/setki-osob-straca-prace-po-ogloszeniu-masowych-zwolnien-polskiego-giganta-meblarskiego-black-red-white\/\"},\"author\":{\"name\":\"Filip\",\"@id\":\"https:\/\/www.pogotowieflagowe.pl\/aktualne\/#\/schema\/person\/9c2fb7d2362ebf6fa088960d7f0d27b0\"},\"headline\":\"Setki os\u00f3b strac\u0105 prac\u0119 po og\u0142oszeniu masowych zwolnie\u0144 polskiego giganta meblarskiego Black Red White\",\"datePublished\":\"2025-11-08T19:41:15+00:00\",\"dateModified\":\"2025-11-08T19:41:16+00:00\",\"mainEntityOfPage\":{\"@id\":\"https:\/\/www.pogotowieflagowe.pl\/aktualne\/setki-osob-straca-prace-po-ogloszeniu-masowych-zwolnien-polskiego-giganta-meblarskiego-black-red-white\/\"},\"wordCount\":241,\"commentCount\":0,\"publisher\":{\"@id\":\"https:\/\/www.pogotowieflagowe.pl\/aktualne\/#organization\"},\"image\":{\"@id\":\"https:\/\/www.pogotowieflagowe.pl\/aktualne\/setki-osob-straca-prace-po-ogloszeniu-masowych-zwolnien-polskiego-giganta-meblarskiego-black-red-white\/#primaryimage\"},\"thumbnailUrl\":\"https:\/\/www.pogotowieflagowe.pl\/aktualne\/wp-content\/uploads\/2025\/01\/Lider-branzy-meblarskiej-zamyka-fabryke-ponad-200-stanowisk-pracy-jest.jpg\",\"keywords\":[\"Black\",\"giganta\",\"masowych\",\"meblarskiego\",\"og\u0142oszeniu\",\"os\u00f3b\",\"Polskiego\",\"prac\u0119\",\"Red\",\"setki\",\"strac\u0105\",\"White\",\"zwolnie\u0144\"],\"articleSection\":[\"Aktualne\"],\"inLanguage\":\"pl-PL\",\"potentialAction\":[{\"@type\":\"CommentAction\",\"name\":\"Comment\",\"target\":[\"https:\/\/www.pogotowieflagowe.pl\/aktualne\/setki-osob-straca-prace-po-ogloszeniu-masowych-zwolnien-polskiego-giganta-meblarskiego-black-red-white\/#respond\"]}]},{\"@type\":\"WebPage\",\"@id\":\"https:\/\/www.pogotowieflagowe.pl\/aktualne\/setki-osob-straca-prace-po-ogloszeniu-masowych-zwolnien-polskiego-giganta-meblarskiego-black-red-white\/\",\"url\":\"https:\/\/www.pogotowieflagowe.pl\/aktualne\/setki-osob-straca-prace-po-ogloszeniu-masowych-zwolnien-polskiego-giganta-meblarskiego-black-red-white\/\",\"name\":\"Setki os\u00f3b strac\u0105 prac\u0119 po og\u0142oszeniu masowych zwolnie\u0144 polskiego giganta meblarskiego Black Red White - POGOTOWIE FLAGOWE\u00ae\",\"isPartOf\":{\"@id\":\"https:\/\/www.pogotowieflagowe.pl\/aktualne\/#website\"},\"primaryImageOfPage\":{\"@id\":\"https:\/\/www.pogotowieflagowe.pl\/aktualne\/setki-osob-straca-prace-po-ogloszeniu-masowych-zwolnien-polskiego-giganta-meblarskiego-black-red-white\/#primaryimage\"},\"image\":{\"@id\":\"https:\/\/www.pogotowieflagowe.pl\/aktualne\/setki-osob-straca-prace-po-ogloszeniu-masowych-zwolnien-polskiego-giganta-meblarskiego-black-red-white\/#primaryimage\"},\"thumbnailUrl\":\"https:\/\/www.pogotowieflagowe.pl\/aktualne\/wp-content\/uploads\/2025\/01\/Lider-branzy-meblarskiej-zamyka-fabryke-ponad-200-stanowisk-pracy-jest.jpg\",\"datePublished\":\"2025-11-08T19:41:15+00:00\",\"dateModified\":\"2025-11-08T19:41:16+00:00\",\"breadcrumb\":{\"@id\":\"https:\/\/www.pogotowieflagowe.pl\/aktualne\/setki-osob-straca-prace-po-ogloszeniu-masowych-zwolnien-polskiego-giganta-meblarskiego-black-red-white\/#breadcrumb\"},\"inLanguage\":\"pl-PL\",\"potentialAction\":[{\"@type\":\"ReadAction\",\"target\":[\"https:\/\/www.pogotowieflagowe.pl\/aktualne\/setki-osob-straca-prace-po-ogloszeniu-masowych-zwolnien-polskiego-giganta-meblarskiego-black-red-white\/\"]}]},{\"@type\":\"ImageObject\",\"inLanguage\":\"pl-PL\",\"@id\":\"https:\/\/www.pogotowieflagowe.pl\/aktualne\/setki-osob-straca-prace-po-ogloszeniu-masowych-zwolnien-polskiego-giganta-meblarskiego-black-red-white\/#primaryimage\",\"url\":\"https:\/\/www.pogotowieflagowe.pl\/aktualne\/wp-content\/uploads\/2025\/01\/Lider-branzy-meblarskiej-zamyka-fabryke-ponad-200-stanowisk-pracy-jest.jpg\",\"contentUrl\":\"https:\/\/www.pogotowieflagowe.pl\/aktualne\/wp-content\/uploads\/2025\/01\/Lider-branzy-meblarskiej-zamyka-fabryke-ponad-200-stanowisk-pracy-jest.jpg\",\"width\":1920,\"height\":1440,\"caption\":\"Lider bran\u017cy meblarskiej zamyka fabryk\u0119, ponad 200 stanowisk pracy jest zagro\u017conych\"},{\"@type\":\"BreadcrumbList\",\"@id\":\"https:\/\/www.pogotowieflagowe.pl\/aktualne\/setki-osob-straca-prace-po-ogloszeniu-masowych-zwolnien-polskiego-giganta-meblarskiego-black-red-white\/#breadcrumb\",\"itemListElement\":[{\"@type\":\"ListItem\",\"position\":1,\"name\":\"Home\",\"item\":\"https:\/\/www.pogotowieflagowe.pl\/aktualne\/\"},{\"@type\":\"ListItem\",\"position\":2,\"name\":\"Setki os\u00f3b strac\u0105 prac\u0119 po og\u0142oszeniu masowych zwolnie\u0144 polskiego giganta meblarskiego Black Red White\"}]},{\"@type\":\"WebSite\",\"@id\":\"https:\/\/www.pogotowieflagowe.pl\/aktualne\/#website\",\"url\":\"https:\/\/www.pogotowieflagowe.pl\/aktualne\/\",\"name\":\"POGOTOWIE FLAGOWE\u00ae\",\"description\":\"\",\"publisher\":{\"@id\":\"https:\/\/www.pogotowieflagowe.pl\/aktualne\/#organization\"},\"potentialAction\":[{\"@type\":\"SearchAction\",\"target\":{\"@type\":\"EntryPoint\",\"urlTemplate\":\"https:\/\/www.pogotowieflagowe.pl\/aktualne\/?s={search_term_string}\"},\"query-input\":\"required name=search_term_string\"}],\"inLanguage\":\"pl-PL\"},{\"@type\":\"Organization\",\"@id\":\"https:\/\/www.pogotowieflagowe.pl\/aktualne\/#organization\",\"name\":\"POGOTOWIE FLAGOWE\u00ae\",\"url\":\"https:\/\/www.pogotowieflagowe.pl\/aktualne\/\",\"logo\":{\"@type\":\"ImageObject\",\"inLanguage\":\"pl-PL\",\"@id\":\"https:\/\/www.pogotowieflagowe.pl\/aktualne\/#\/schema\/logo\/image\/\",\"url\":\"https:\/\/www.pogotowieflagowe.pl\/aktualne\/wp-content\/uploads\/2024\/08\/cropped-pogotowieflagowe_flaga_projekt_sm.jpg\",\"contentUrl\":\"https:\/\/www.pogotowieflagowe.pl\/aktualne\/wp-content\/uploads\/2024\/08\/cropped-pogotowieflagowe_flaga_projekt_sm.jpg\",\"width\":250,\"height\":143,\"caption\":\"POGOTOWIE FLAGOWE\u00ae\"},\"image\":{\"@id\":\"https:\/\/www.pogotowieflagowe.pl\/aktualne\/#\/schema\/logo\/image\/\"}},{\"@type\":\"Person\",\"@id\":\"https:\/\/www.pogotowieflagowe.pl\/aktualne\/#\/schema\/person\/9c2fb7d2362ebf6fa088960d7f0d27b0\",\"name\":\"Filip\",\"image\":{\"@type\":\"ImageObject\",\"inLanguage\":\"pl-PL\",\"@id\":\"https:\/\/www.pogotowieflagowe.pl\/aktualne\/#\/schema\/person\/image\/\",\"url\":\"https:\/\/www.pogotowieflagowe.pl\/aktualne\/wp-content\/uploads\/2024\/08\/pogotowieflagowe.pl_.jpg\",\"contentUrl\":\"https:\/\/www.pogotowieflagowe.pl\/aktualne\/wp-content\/uploads\/2024\/08\/pogotowieflagowe.pl_.jpg\",\"caption\":\"Filip\"},\"description\":\"Jestem Filip, polski dziennikarz z dyplomem nauk politycznych Uniwersytetu Warszawskiego. Rozpoczynaj\u0105c swoj\u0105 karier\u0119 w r\u00f3\u017cnych lokalnych mediach, zdoby\u0142em solidne do\u015bwiadczenie w zakresie \u015bledztwa i redakcji. Obecnie jako redaktor w Pogotowie flagowe, staram si\u0119 dostarcza\u0107 dog\u0142\u0119bne i istotne analizy na temat najwa\u017cniejszych kwestii aktualno\u015bci, \u0142\u0105cz\u0105c rygor z pasj\u0105 dziennikarsk\u0105.\",\"sameAs\":[\"https:\/\/www.pogotowieflagowe.pl\/\"]}]}<\/script>\n<!-- \/ Yoast SEO plugin. -->","yoast_head_json":{"title":"Setki os\u00f3b strac\u0105 prac\u0119 po og\u0142oszeniu masowych zwolnie\u0144 polskiego giganta meblarskiego Black Red White - POGOTOWIE FLAGOWE\u00ae","robots":{"index":"index","follow":"follow","max-snippet":"max-snippet:-1","max-image-preview":"max-image-preview:large","max-video-preview":"max-video-preview:-1"},"canonical":"https:\/\/www.pogotowieflagowe.pl\/aktualne\/setki-osob-straca-prace-po-ogloszeniu-masowych-zwolnien-polskiego-giganta-meblarskiego-black-red-white\/","og_locale":"pl_PL","og_type":"article","og_title":"Setki os\u00f3b strac\u0105 prac\u0119 po og\u0142oszeniu masowych zwolnie\u0144 polskiego giganta meblarskiego Black Red White - POGOTOWIE FLAGOWE\u00ae","og_description":"Sytuacja na polskim rynku pracy staje si\u0119 coraz trudniejsza. Wkr\u00f3tce mieszka\u0144cy Lubelszczyzny zatrudnieni przez giganta meblarskiego Black Red White odczuj\u0105","og_url":"https:\/\/www.pogotowieflagowe.pl\/aktualne\/setki-osob-straca-prace-po-ogloszeniu-masowych-zwolnien-polskiego-giganta-meblarskiego-black-red-white\/","og_site_name":"POGOTOWIE FLAGOWE\u00ae","article_published_time":"2025-11-08T19:41:15+00:00","article_modified_time":"2025-11-08T19:41:16+00:00","og_image":[{"width":1920,"height":1440,"url":"https:\/\/www.pogotowieflagowe.pl\/aktualne\/wp-content\/uploads\/2025\/01\/Lider-branzy-meblarskiej-zamyka-fabryke-ponad-200-stanowisk-pracy-jest.jpg","type":"image\/jpeg"}],"author":"Filip","twitter_card":"summary_large_image","twitter_misc":{"Napisane przez":"Filip","Szacowany czas czytania":"1 minuta"},"schema":{"@context":"https:\/\/schema.org","@graph":[{"@type":"Article","@id":"https:\/\/www.pogotowieflagowe.pl\/aktualne\/setki-osob-straca-prace-po-ogloszeniu-masowych-zwolnien-polskiego-giganta-meblarskiego-black-red-white\/#article","isPartOf":{"@id":"https:\/\/www.pogotowieflagowe.pl\/aktualne\/setki-osob-straca-prace-po-ogloszeniu-masowych-zwolnien-polskiego-giganta-meblarskiego-black-red-white\/"},"author":{"name":"Filip","@id":"https:\/\/www.pogotowieflagowe.pl\/aktualne\/#\/schema\/person\/9c2fb7d2362ebf6fa088960d7f0d27b0"},"headline":"Setki os\u00f3b strac\u0105 prac\u0119 po og\u0142oszeniu masowych zwolnie\u0144 polskiego giganta meblarskiego Black Red White","datePublished":"2025-11-08T19:41:15+00:00","dateModified":"2025-11-08T19:41:16+00:00","mainEntityOfPage":{"@id":"https:\/\/www.pogotowieflagowe.pl\/aktualne\/setki-osob-straca-prace-po-ogloszeniu-masowych-zwolnien-polskiego-giganta-meblarskiego-black-red-white\/"},"wordCount":241,"commentCount":0,"publisher":{"@id":"https:\/\/www.pogotowieflagowe.pl\/aktualne\/#organization"},"image":{"@id":"https:\/\/www.pogotowieflagowe.pl\/aktualne\/setki-osob-straca-prace-po-ogloszeniu-masowych-zwolnien-polskiego-giganta-meblarskiego-black-red-white\/#primaryimage"},"thumbnailUrl":"https:\/\/www.pogotowieflagowe.pl\/aktualne\/wp-content\/uploads\/2025\/01\/Lider-branzy-meblarskiej-zamyka-fabryke-ponad-200-stanowisk-pracy-jest.jpg","keywords":["Black","giganta","masowych","meblarskiego","og\u0142oszeniu","os\u00f3b","Polskiego","prac\u0119","Red","setki","strac\u0105","White","zwolnie\u0144"],"articleSection":["Aktualne"],"inLanguage":"pl-PL","potentialAction":[{"@type":"CommentAction","name":"Comment","target":["https:\/\/www.pogotowieflagowe.pl\/aktualne\/setki-osob-straca-prace-po-ogloszeniu-masowych-zwolnien-polskiego-giganta-meblarskiego-black-red-white\/#respond"]}]},{"@type":"WebPage","@id":"https:\/\/www.pogotowieflagowe.pl\/aktualne\/setki-osob-straca-prace-po-ogloszeniu-masowych-zwolnien-polskiego-giganta-meblarskiego-black-red-white\/","url":"https:\/\/www.pogotowieflagowe.pl\/aktualne\/setki-osob-straca-prace-po-ogloszeniu-masowych-zwolnien-polskiego-giganta-meblarskiego-black-red-white\/","name":"Setki os\u00f3b strac\u0105 prac\u0119 po og\u0142oszeniu masowych zwolnie\u0144 polskiego giganta meblarskiego Black Red White - POGOTOWIE FLAGOWE\u00ae","isPartOf":{"@id":"https:\/\/www.pogotowieflagowe.pl\/aktualne\/#website"},"primaryImageOfPage":{"@id":"https:\/\/www.pogotowieflagowe.pl\/aktualne\/setki-osob-straca-prace-po-ogloszeniu-masowych-zwolnien-polskiego-giganta-meblarskiego-black-red-white\/#primaryimage"},"image":{"@id":"https:\/\/www.pogotowieflagowe.pl\/aktualne\/setki-osob-straca-prace-po-ogloszeniu-masowych-zwolnien-polskiego-giganta-meblarskiego-black-red-white\/#primaryimage"},"thumbnailUrl":"https:\/\/www.pogotowieflagowe.pl\/aktualne\/wp-content\/uploads\/2025\/01\/Lider-branzy-meblarskiej-zamyka-fabryke-ponad-200-stanowisk-pracy-jest.jpg","datePublished":"2025-11-08T19:41:15+00:00","dateModified":"2025-11-08T19:41:16+00:00","breadcrumb":{"@id":"https:\/\/www.pogotowieflagowe.pl\/aktualne\/setki-osob-straca-prace-po-ogloszeniu-masowych-zwolnien-polskiego-giganta-meblarskiego-black-red-white\/#breadcrumb"},"inLanguage":"pl-PL","potentialAction":[{"@type":"ReadAction","target":["https:\/\/www.pogotowieflagowe.pl\/aktualne\/setki-osob-straca-prace-po-ogloszeniu-masowych-zwolnien-polskiego-giganta-meblarskiego-black-red-white\/"]}]},{"@type":"ImageObject","inLanguage":"pl-PL","@id":"https:\/\/www.pogotowieflagowe.pl\/aktualne\/setki-osob-straca-prace-po-ogloszeniu-masowych-zwolnien-polskiego-giganta-meblarskiego-black-red-white\/#primaryimage","url":"https:\/\/www.pogotowieflagowe.pl\/aktualne\/wp-content\/uploads\/2025\/01\/Lider-branzy-meblarskiej-zamyka-fabryke-ponad-200-stanowisk-pracy-jest.jpg","contentUrl":"https:\/\/www.pogotowieflagowe.pl\/aktualne\/wp-content\/uploads\/2025\/01\/Lider-branzy-meblarskiej-zamyka-fabryke-ponad-200-stanowisk-pracy-jest.jpg","width":1920,"height":1440,"caption":"Lider bran\u017cy meblarskiej zamyka fabryk\u0119, ponad 200 stanowisk pracy jest zagro\u017conych"},{"@type":"BreadcrumbList","@id":"https:\/\/www.pogotowieflagowe.pl\/aktualne\/setki-osob-straca-prace-po-ogloszeniu-masowych-zwolnien-polskiego-giganta-meblarskiego-black-red-white\/#breadcrumb","itemListElement":[{"@type":"ListItem","position":1,"name":"Home","item":"https:\/\/www.pogotowieflagowe.pl\/aktualne\/"},{"@type":"ListItem","position":2,"name":"Setki os\u00f3b strac\u0105 prac\u0119 po og\u0142oszeniu masowych zwolnie\u0144 polskiego giganta meblarskiego Black Red White"}]},{"@type":"WebSite","@id":"https:\/\/www.pogotowieflagowe.pl\/aktualne\/#website","url":"https:\/\/www.pogotowieflagowe.pl\/aktualne\/","name":"POGOTOWIE FLAGOWE\u00ae","description":"","publisher":{"@id":"https:\/\/www.pogotowieflagowe.pl\/aktualne\/#organization"},"potentialAction":[{"@type":"SearchAction","target":{"@type":"EntryPoint","urlTemplate":"https:\/\/www.pogotowieflagowe.pl\/aktualne\/?s={search_term_string}"},"query-input":"required name=search_term_string"}],"inLanguage":"pl-PL"},{"@type":"Organization","@id":"https:\/\/www.pogotowieflagowe.pl\/aktualne\/#organization","name":"POGOTOWIE FLAGOWE\u00ae","url":"https:\/\/www.pogotowieflagowe.pl\/aktualne\/","logo":{"@type":"ImageObject","inLanguage":"pl-PL","@id":"https:\/\/www.pogotowieflagowe.pl\/aktualne\/#\/schema\/logo\/image\/","url":"https:\/\/www.pogotowieflagowe.pl\/aktualne\/wp-content\/uploads\/2024\/08\/cropped-pogotowieflagowe_flaga_projekt_sm.jpg","contentUrl":"https:\/\/www.pogotowieflagowe.pl\/aktualne\/wp-content\/uploads\/2024\/08\/cropped-pogotowieflagowe_flaga_projekt_sm.jpg","width":250,"height":143,"caption":"POGOTOWIE FLAGOWE\u00ae"},"image":{"@id":"https:\/\/www.pogotowieflagowe.pl\/aktualne\/#\/schema\/logo\/image\/"}},{"@type":"Person","@id":"https:\/\/www.pogotowieflagowe.pl\/aktualne\/#\/schema\/person\/9c2fb7d2362ebf6fa088960d7f0d27b0","name":"Filip","image":{"@type":"ImageObject","inLanguage":"pl-PL","@id":"https:\/\/www.pogotowieflagowe.pl\/aktualne\/#\/schema\/person\/image\/","url":"https:\/\/www.pogotowieflagowe.pl\/aktualne\/wp-content\/uploads\/2024\/08\/pogotowieflagowe.pl_.jpg","contentUrl":"https:\/\/www.pogotowieflagowe.pl\/aktualne\/wp-content\/uploads\/2024\/08\/pogotowieflagowe.pl_.jpg","caption":"Filip"},"description":"Jestem Filip, polski dziennikarz z dyplomem nauk politycznych Uniwersytetu Warszawskiego. Rozpoczynaj\u0105c swoj\u0105 karier\u0119 w r\u00f3\u017cnych lokalnych mediach, zdoby\u0142em solidne do\u015bwiadczenie w zakresie \u015bledztwa i redakcji. Obecnie jako redaktor w Pogotowie flagowe, staram si\u0119 dostarcza\u0107 dog\u0142\u0119bne i istotne analizy na temat najwa\u017cniejszych kwestii aktualno\u015bci, \u0142\u0105cz\u0105c rygor z pasj\u0105 dziennikarsk\u0105.","sameAs":["https:\/\/www.pogotowieflagowe.pl\/"]}]}},"_links":{"self":[{"href":"https:\/\/www.pogotowieflagowe.pl\/aktualne\/wp-json\/wp\/v2\/posts\/10294","targetHints":{"allow":["GET"]}}],"collection":[{"href":"https:\/\/www.pogotowieflagowe.pl\/aktualne\/wp-json\/wp\/v2\/posts"}],"about":[{"href":"https:\/\/www.pogotowieflagowe.pl\/aktualne\/wp-json\/wp\/v2\/types\/post"}],"author":[{"embeddable":true,"href":"https:\/\/www.pogotowieflagowe.pl\/aktualne\/wp-json\/wp\/v2\/users\/1"}],"replies":[{"embeddable":true,"href":"https:\/\/www.pogotowieflagowe.pl\/aktualne\/wp-json\/wp\/v2\/comments?post=10294"}],"version-history":[{"count":1,"href":"https:\/\/www.pogotowieflagowe.pl\/aktualne\/wp-json\/wp\/v2\/posts\/10294\/revisions"}],"predecessor-version":[{"id":10295,"href":"https:\/\/www.pogotowieflagowe.pl\/aktualne\/wp-json\/wp\/v2\/posts\/10294\/revisions\/10295"}],"wp:featuredmedia":[{"embeddable":true,"href":"https:\/\/www.pogotowieflagowe.pl\/aktualne\/wp-json\/wp\/v2\/media\/3217"}],"wp:attachment":[{"href":"https:\/\/www.pogotowieflagowe.pl\/aktualne\/wp-json\/wp\/v2\/media?parent=10294"}],"wp:term":[{"taxonomy":"category","embeddable":true,"href":"https:\/\/www.pogotowieflagowe.pl\/aktualne\/wp-json\/wp\/v2\/categories?post=10294"},{"taxonomy":"post_tag","embeddable":true,"href":"https:\/\/www.pogotowieflagowe.pl\/aktualne\/wp-json\/wp\/v2\/tags?post=10294"}],"curies":[{"name":"wp","href":"https:\/\/api.w.org\/{rel}","templated":true}]}}