{"id":10296,"date":"2025-11-08T21:08:14","date_gmt":"2025-11-08T20:08:14","guid":{"rendered":"https:\/\/www.pogotowieflagowe.pl\/aktualne\/marty-nawrockiej-w-paryzu-wezmie-udzial-w-ceremonii-wprowadzenia-ikony-matki-boskiej-do-katedry-notre-dame\/"},"modified":"2025-11-08T21:08:16","modified_gmt":"2025-11-08T20:08:16","slug":"marty-nawrockiej-w-paryzu-wezmie-udzial-w-ceremonii-wprowadzenia-ikony-matki-boskiej-do-katedry-notre-dame","status":"publish","type":"post","link":"https:\/\/www.pogotowieflagowe.pl\/aktualne\/marty-nawrockiej-w-paryzu-wezmie-udzial-w-ceremonii-wprowadzenia-ikony-matki-boskiej-do-katedry-notre-dame\/","title":{"rendered":"Marty Nawrockiej w Pary\u017cu. We\u017amie udzia\u0142 w ceremonii wprowadzenia Ikony Matki Boskiej do katedry Notre-Dame"},"content":{"rendered":"\n<div class=\"td_block_wrap tdb_single_content tdi_41 td-pb-border-top td_block_template_8 td-post-content tagdiv-type\" data-td-block-uid=\"tdi_41\">\n<style>.tdi_41{margines-top:0px!important;margin-bottom:0px!important;dope\u0142nienie-g\u00f3ra:0px!important;dope\u0142nienie-d\u00f3\u0142:0px!important}<\/style>\n<style>.tdb_single_content{margin-bottom:0;*zoom:1}.tdb_single_content:before,.tdb_single_content:after{display:table;content:'';line-height:0}.tdb_single_content:after{clear:both}.tdb_single_content .tdb-block-inner>*:not(.wp-block-quote):not(.alignwide):not(.alignfull.wp-block-cover.has-parallax):not(.td-a-ad){margin-left:auto;margin-right:auto}.tdb_single_content a{pointer-events:auto}.tdb_single_content .td-spot-id-top_ad .tdc-placeholder-title:before{content:'Najlepsza reklama artyku\u0142u'!important}.tdb_single_content .td-spot-id-inline_ad0 .tdc-placeholder-title:before{content:'Reklama wbudowana artyku\u0142u 1'!important}.tdb_single_content .td-spot-id-inline_ad1 .tdc-placeholder-title:before{content:'Wbudowana reklama w artykule 2'!important}.tdb_single_content .td-spot-id-inline_ad2 .tdc-placeholder-title:before{content:'Wbudowana reklama w artykule 3'!important}.tdb_single_content .td-spot-id-bottom_ad .tdc-placeholder-title:before{content:'Article Bottom Ad'!important}.tdb_single_content .id_top_ad,.tdb_single_content .id_bottom_ad{clear:both;margin-bottom:21px;text-align:center}.tdb_single_content .id_top_ad img,.tdb_single_content .id_bottom_ad img{margin-bottom:0}.tdb_single_content .id_top_ad .adsbygoogle,.tdb_single_content .id_bottom_ad .adsbygoogle{position:relative}.tdb_single_content .id_ad_content-horiz-left,.tdb_single_content .id_ad_content-horiz-right,.tdb_single_content .id_ad_content-horiz-center{margin-bottom:15px}.tdb_single_content .id_ad_content-horiz-left img,.tdb_single_content .id_ad_content-horiz-right img,.tdb_single_content .id_ad_content-horiz-center img{margin-bottom:0}.tdb_single_content .id_ad_content-horiz-center{text-align:center}.tdb_single_content .id_ad_content-horiz-center img{margin-right:auto;margin-left:auto}.tdb_single_content .id_ad_content-horiz-left{float:left;margin-top:9px;margin-right:21px}.tdb_single_content .id_ad_content-horiz-right{float:right;margin-top:6px;margin-left:21px}.tdb_single_content .tdc-a-ad .tdc-placeholder-title{width:300px;height:250px}.tdb_single_content .tdc-a-ad .tdc-placeholder-title:before{position:absolute;top:50%;-webkit-transform:translateY(-50%);transform:translateY(-50%);margin:auto;display:table;width:100%}.tdb_single_content .tdb-block-inner.td-fix-index{word-break:break-word}.tdi_41,.tdi_41>p,.tdi_41 .tdb-block-inner>p,.wp-block-column>p{font-size:16px!important;line-height:1.6!important}.tdi_41 .tdb-block-inner blockquote p{font-style:normal!important}@media (max-width:767px){.tdb_single_content .id_ad_content-horiz-left,.tdb_single_content .id_ad_content-horiz-right,.tdb_single_content .id_ad_content-horiz-center{margin:0 auto 26 pikseli auto}}@media (max-width:767px){.tdb_single_content .id_ad_content-horiz-left{margin-right:0}}@media (max-width:767px){.tdb_single_content .id_ad_content-horiz-right{margin-left:0}}@media (max-width:767px){.tdb_single_content .td-a-ad{float:none;text-align:center}.tdb_single_content .td-a-ad img{margin-right:auto;margin-left:auto}.tdb_single_content .tdc-a-ad{float:none}}<\/style>\n<div class=\"tdb-block-inner td-fix-index\">\n<p>Pierwsza Dama Marta Nawrocka przebywa z wizyt\u0105 w Pary\u017cu, gdzie we\u017amie udzia\u0142 w wyj\u0105tkowym wydarzeniu kulturalnym w odrestaurowanym lokalu <em>Katedra Notre-Dame<\/em>. Uroczysto\u015b\u0107 b\u0119dzie jednocze\u015bnie inauguracj\u0105 <em>Kaplica Polska<\/em> oraz ponowne wprowadzenie Ikony Matki Bo\u017cej Cz\u0119stochowskiej, kt\u00f3ra uleg\u0142a zniszczeniu podczas po\u017caru katedry w 2019 roku.<\/p>\n<h2 class=\"wp-block-heading\"><strong>Polska Delegacja w sercu Pary\u017ca<\/strong><\/h2>\n<p>Wizyta Marty Nawrockiej w stolicy Francji ma znaczenie zar\u00f3wno symboliczne, jak i duchowe. Polska delegacja w towarzystwie abp. Tadeusza Wojdy, Prezydenta RP <em>Konferencja Episkopatu Polski<\/em> (<em>ZACHOWAJ<\/em>), we\u017amie udzia\u0142 w uroczysto\u015bci przywr\u00f3cenia <em>Kaplica Polska<\/em> Do <em>Katedra Notre-Dame<\/em> \u2013 jedno z najwa\u017cniejszych miejsc kultu chrze\u015bcija\u0144skiego w Europie. Wydarzenie ma na celu zjednoczenie przedstawicieli Polonii francuskiej, duchowie\u0144stwa i urz\u0119dnik\u00f3w pa\u0144stwowych, podkre\u015blaj\u0105c miejsce Polski w duchowym i kulturowym dziedzictwie Francji. Jak zapowiadaj\u0105 organizatorzy, uroczysto\u015b\u0107 b\u0119dzie \u0142\u0105czy\u0107 elementy modlitwy, muzyki sakralnej i refleksji nad wsp\u00f3ln\u0105 histori\u0105.<\/p>\n<p>The <em>Kaplica Polska<\/em> konsekrowano w 2018 r., jednak ju\u017c kilka miesi\u0119cy p\u00f3\u017aniej, w kwietniu 2019 r., po\u017car zniszczy\u0142 znaczn\u0105 cz\u0119\u015b\u0107 katedry. Uszkodzeniu uleg\u0142a tak\u017ce kopia Ikony Matki Bo\u017cej Cz\u0119stochowskiej, g\u0142\u0119boko czczona przez Poloni\u0119 we Francji. Po latach odbudowy i restauracji <em>Katedra Notre-Dame<\/em>dzi\u0119ki wsp\u00f3lnym wysi\u0142kom polskiego duchowie\u0144stwa i dobroczy\u0144c\u00f3w z Jasnej G\u00f3ry, obraz Matki Boskiej powraca na swoje miejsce w odnowionej kaplicy.<\/p>\n<p>Wizyta Marty Nawrockiej w Pary\u017cu podkre\u015bli\u0142a znaczenie polskiego dziedzictwa religijnego w Europie. Bior\u0105c udzia\u0142 w tym wydarzeniu, Pierwsza Dama z\u0142o\u017cy ho\u0142d polskiej tradycji chrze\u015bcija\u0144skiej i francuskiej Polonii, kt\u00f3ra od pokole\u0144 zachowa\u0142a pami\u0119\u0107 o swoich korzeniach.<\/p>\n<\/div>\n<\/div>\n","protected":false},"excerpt":{"rendered":"<p>Pierwsza Dama Marta Nawrocka przebywa z wizyt\u0105 w Pary\u017cu, gdzie we\u017amie udzia\u0142 w wyj\u0105tkowym wydarzeniu kulturalnym w odrestaurowanym lokalu Katedra<\/p>\n","protected":false},"author":1,"featured_media":10297,"comment_status":"open","ping_status":"open","sticky":false,"template":"","format":"standard","meta":{"footnotes":""},"categories":[44],"tags":[11790,3574,1081,3640,11786,3196,11787,3585,606,408,11788,11789],"class_list":["post-10296","post","type-post","status-publish","format-standard","has-post-thumbnail","hentry","category-polityka","tag-boskiej","tag-ceremonii","tag-ikony","tag-katedry","tag-marty","tag-matki","tag-nawrockiej","tag-notredame","tag-paryzu","tag-udzial","tag-wezmie","tag-wprowadzenia","generate-columns","tablet-grid-50","mobile-grid-100","grid-parent","grid-50","resize-featured-image"],"yoast_head":"<!-- This site is optimized with the Yoast SEO plugin v23.2 - https:\/\/yoast.com\/wordpress\/plugins\/seo\/ -->\n<title>Marty Nawrockiej w Pary\u017cu. We\u017amie udzia\u0142 w ceremonii wprowadzenia Ikony Matki Boskiej do katedry Notre-Dame - POGOTOWIE FLAGOWE\u00ae<\/title>\n<meta name=\"robots\" content=\"index, follow, max-snippet:-1, max-image-preview:large, max-video-preview:-1\" \/>\n<link rel=\"canonical\" href=\"https:\/\/www.pogotowieflagowe.pl\/aktualne\/marty-nawrockiej-w-paryzu-wezmie-udzial-w-ceremonii-wprowadzenia-ikony-matki-boskiej-do-katedry-notre-dame\/\" \/>\n<meta property=\"og:locale\" content=\"pl_PL\" \/>\n<meta property=\"og:type\" content=\"article\" \/>\n<meta property=\"og:title\" content=\"Marty Nawrockiej w Pary\u017cu. We\u017amie udzia\u0142 w ceremonii wprowadzenia Ikony Matki Boskiej do katedry Notre-Dame - POGOTOWIE FLAGOWE\u00ae\" \/>\n<meta property=\"og:description\" content=\"Pierwsza Dama Marta Nawrocka przebywa z wizyt\u0105 w Pary\u017cu, gdzie we\u017amie udzia\u0142 w wyj\u0105tkowym wydarzeniu kulturalnym w odrestaurowanym lokalu Katedra\" \/>\n<meta property=\"og:url\" content=\"https:\/\/www.pogotowieflagowe.pl\/aktualne\/marty-nawrockiej-w-paryzu-wezmie-udzial-w-ceremonii-wprowadzenia-ikony-matki-boskiej-do-katedry-notre-dame\/\" \/>\n<meta property=\"og:site_name\" content=\"POGOTOWIE FLAGOWE\u00ae\" \/>\n<meta property=\"article:published_time\" content=\"2025-11-08T20:08:14+00:00\" \/>\n<meta property=\"article:modified_time\" content=\"2025-11-08T20:08:16+00:00\" \/>\n<meta property=\"og:image\" content=\"https:\/\/www.pogotowieflagowe.pl\/aktualne\/wp-content\/uploads\/2025\/11\/Marty-Nawrockiej-w-Paryzu-Wezmie-udzial-w-ceremonii-wprowadzenia-Ikony.jpg\" \/>\n\t<meta property=\"og:image:width\" content=\"1200\" \/>\n\t<meta property=\"og:image:height\" content=\"675\" \/>\n\t<meta property=\"og:image:type\" content=\"image\/jpeg\" \/>\n<meta name=\"author\" content=\"Filip\" \/>\n<meta name=\"twitter:card\" content=\"summary_large_image\" \/>\n<meta name=\"twitter:label1\" content=\"Napisane przez\" \/>\n\t<meta name=\"twitter:data1\" content=\"Filip\" \/>\n\t<meta name=\"twitter:label2\" content=\"Szacowany czas czytania\" \/>\n\t<meta name=\"twitter:data2\" content=\"1 minuta\" \/>\n<script type=\"application\/ld+json\" class=\"yoast-schema-graph\">{\"@context\":\"https:\/\/schema.org\",\"@graph\":[{\"@type\":\"Article\",\"@id\":\"https:\/\/www.pogotowieflagowe.pl\/aktualne\/marty-nawrockiej-w-paryzu-wezmie-udzial-w-ceremonii-wprowadzenia-ikony-matki-boskiej-do-katedry-notre-dame\/#article\",\"isPartOf\":{\"@id\":\"https:\/\/www.pogotowieflagowe.pl\/aktualne\/marty-nawrockiej-w-paryzu-wezmie-udzial-w-ceremonii-wprowadzenia-ikony-matki-boskiej-do-katedry-notre-dame\/\"},\"author\":{\"name\":\"Filip\",\"@id\":\"https:\/\/www.pogotowieflagowe.pl\/aktualne\/#\/schema\/person\/9c2fb7d2362ebf6fa088960d7f0d27b0\"},\"headline\":\"Marty Nawrockiej w Pary\u017cu. We\u017amie udzia\u0142 w ceremonii wprowadzenia Ikony Matki Boskiej do katedry Notre-Dame\",\"datePublished\":\"2025-11-08T20:08:14+00:00\",\"dateModified\":\"2025-11-08T20:08:16+00:00\",\"mainEntityOfPage\":{\"@id\":\"https:\/\/www.pogotowieflagowe.pl\/aktualne\/marty-nawrockiej-w-paryzu-wezmie-udzial-w-ceremonii-wprowadzenia-ikony-matki-boskiej-do-katedry-notre-dame\/\"},\"wordCount\":290,\"commentCount\":0,\"publisher\":{\"@id\":\"https:\/\/www.pogotowieflagowe.pl\/aktualne\/#organization\"},\"image\":{\"@id\":\"https:\/\/www.pogotowieflagowe.pl\/aktualne\/marty-nawrockiej-w-paryzu-wezmie-udzial-w-ceremonii-wprowadzenia-ikony-matki-boskiej-do-katedry-notre-dame\/#primaryimage\"},\"thumbnailUrl\":\"https:\/\/www.pogotowieflagowe.pl\/aktualne\/wp-content\/uploads\/2025\/11\/Marty-Nawrockiej-w-Paryzu-Wezmie-udzial-w-ceremonii-wprowadzenia-Ikony.jpg\",\"keywords\":[\"Boskiej\",\"ceremonii\",\"ikony\",\"katedry\",\"Marty\",\"Matki\",\"Nawrockiej\",\"NotreDame\",\"Pary\u017cu\",\"udzia\u0142\",\"We\u017amie\",\"wprowadzenia\"],\"articleSection\":[\"Polityka\"],\"inLanguage\":\"pl-PL\",\"potentialAction\":[{\"@type\":\"CommentAction\",\"name\":\"Comment\",\"target\":[\"https:\/\/www.pogotowieflagowe.pl\/aktualne\/marty-nawrockiej-w-paryzu-wezmie-udzial-w-ceremonii-wprowadzenia-ikony-matki-boskiej-do-katedry-notre-dame\/#respond\"]}]},{\"@type\":\"WebPage\",\"@id\":\"https:\/\/www.pogotowieflagowe.pl\/aktualne\/marty-nawrockiej-w-paryzu-wezmie-udzial-w-ceremonii-wprowadzenia-ikony-matki-boskiej-do-katedry-notre-dame\/\",\"url\":\"https:\/\/www.pogotowieflagowe.pl\/aktualne\/marty-nawrockiej-w-paryzu-wezmie-udzial-w-ceremonii-wprowadzenia-ikony-matki-boskiej-do-katedry-notre-dame\/\",\"name\":\"Marty Nawrockiej w Pary\u017cu. We\u017amie udzia\u0142 w ceremonii wprowadzenia Ikony Matki Boskiej do katedry Notre-Dame - POGOTOWIE FLAGOWE\u00ae\",\"isPartOf\":{\"@id\":\"https:\/\/www.pogotowieflagowe.pl\/aktualne\/#website\"},\"primaryImageOfPage\":{\"@id\":\"https:\/\/www.pogotowieflagowe.pl\/aktualne\/marty-nawrockiej-w-paryzu-wezmie-udzial-w-ceremonii-wprowadzenia-ikony-matki-boskiej-do-katedry-notre-dame\/#primaryimage\"},\"image\":{\"@id\":\"https:\/\/www.pogotowieflagowe.pl\/aktualne\/marty-nawrockiej-w-paryzu-wezmie-udzial-w-ceremonii-wprowadzenia-ikony-matki-boskiej-do-katedry-notre-dame\/#primaryimage\"},\"thumbnailUrl\":\"https:\/\/www.pogotowieflagowe.pl\/aktualne\/wp-content\/uploads\/2025\/11\/Marty-Nawrockiej-w-Paryzu-Wezmie-udzial-w-ceremonii-wprowadzenia-Ikony.jpg\",\"datePublished\":\"2025-11-08T20:08:14+00:00\",\"dateModified\":\"2025-11-08T20:08:16+00:00\",\"breadcrumb\":{\"@id\":\"https:\/\/www.pogotowieflagowe.pl\/aktualne\/marty-nawrockiej-w-paryzu-wezmie-udzial-w-ceremonii-wprowadzenia-ikony-matki-boskiej-do-katedry-notre-dame\/#breadcrumb\"},\"inLanguage\":\"pl-PL\",\"potentialAction\":[{\"@type\":\"ReadAction\",\"target\":[\"https:\/\/www.pogotowieflagowe.pl\/aktualne\/marty-nawrockiej-w-paryzu-wezmie-udzial-w-ceremonii-wprowadzenia-ikony-matki-boskiej-do-katedry-notre-dame\/\"]}]},{\"@type\":\"ImageObject\",\"inLanguage\":\"pl-PL\",\"@id\":\"https:\/\/www.pogotowieflagowe.pl\/aktualne\/marty-nawrockiej-w-paryzu-wezmie-udzial-w-ceremonii-wprowadzenia-ikony-matki-boskiej-do-katedry-notre-dame\/#primaryimage\",\"url\":\"https:\/\/www.pogotowieflagowe.pl\/aktualne\/wp-content\/uploads\/2025\/11\/Marty-Nawrockiej-w-Paryzu-Wezmie-udzial-w-ceremonii-wprowadzenia-Ikony.jpg\",\"contentUrl\":\"https:\/\/www.pogotowieflagowe.pl\/aktualne\/wp-content\/uploads\/2025\/11\/Marty-Nawrockiej-w-Paryzu-Wezmie-udzial-w-ceremonii-wprowadzenia-Ikony.jpg\",\"width\":1200,\"height\":675,\"caption\":\"Marty Nawrockiej w Pary\u017cu. We\u017amie udzia\u0142 w ceremonii wprowadzenia Ikony Matki Boskiej do katedry Notre-Dame\"},{\"@type\":\"BreadcrumbList\",\"@id\":\"https:\/\/www.pogotowieflagowe.pl\/aktualne\/marty-nawrockiej-w-paryzu-wezmie-udzial-w-ceremonii-wprowadzenia-ikony-matki-boskiej-do-katedry-notre-dame\/#breadcrumb\",\"itemListElement\":[{\"@type\":\"ListItem\",\"position\":1,\"name\":\"Home\",\"item\":\"https:\/\/www.pogotowieflagowe.pl\/aktualne\/\"},{\"@type\":\"ListItem\",\"position\":2,\"name\":\"Marty Nawrockiej w Pary\u017cu. We\u017amie udzia\u0142 w ceremonii wprowadzenia Ikony Matki Boskiej do katedry Notre-Dame\"}]},{\"@type\":\"WebSite\",\"@id\":\"https:\/\/www.pogotowieflagowe.pl\/aktualne\/#website\",\"url\":\"https:\/\/www.pogotowieflagowe.pl\/aktualne\/\",\"name\":\"POGOTOWIE FLAGOWE\u00ae\",\"description\":\"\",\"publisher\":{\"@id\":\"https:\/\/www.pogotowieflagowe.pl\/aktualne\/#organization\"},\"potentialAction\":[{\"@type\":\"SearchAction\",\"target\":{\"@type\":\"EntryPoint\",\"urlTemplate\":\"https:\/\/www.pogotowieflagowe.pl\/aktualne\/?s={search_term_string}\"},\"query-input\":\"required name=search_term_string\"}],\"inLanguage\":\"pl-PL\"},{\"@type\":\"Organization\",\"@id\":\"https:\/\/www.pogotowieflagowe.pl\/aktualne\/#organization\",\"name\":\"POGOTOWIE FLAGOWE\u00ae\",\"url\":\"https:\/\/www.pogotowieflagowe.pl\/aktualne\/\",\"logo\":{\"@type\":\"ImageObject\",\"inLanguage\":\"pl-PL\",\"@id\":\"https:\/\/www.pogotowieflagowe.pl\/aktualne\/#\/schema\/logo\/image\/\",\"url\":\"https:\/\/www.pogotowieflagowe.pl\/aktualne\/wp-content\/uploads\/2024\/08\/cropped-pogotowieflagowe_flaga_projekt_sm.jpg\",\"contentUrl\":\"https:\/\/www.pogotowieflagowe.pl\/aktualne\/wp-content\/uploads\/2024\/08\/cropped-pogotowieflagowe_flaga_projekt_sm.jpg\",\"width\":250,\"height\":143,\"caption\":\"POGOTOWIE FLAGOWE\u00ae\"},\"image\":{\"@id\":\"https:\/\/www.pogotowieflagowe.pl\/aktualne\/#\/schema\/logo\/image\/\"}},{\"@type\":\"Person\",\"@id\":\"https:\/\/www.pogotowieflagowe.pl\/aktualne\/#\/schema\/person\/9c2fb7d2362ebf6fa088960d7f0d27b0\",\"name\":\"Filip\",\"image\":{\"@type\":\"ImageObject\",\"inLanguage\":\"pl-PL\",\"@id\":\"https:\/\/www.pogotowieflagowe.pl\/aktualne\/#\/schema\/person\/image\/\",\"url\":\"https:\/\/www.pogotowieflagowe.pl\/aktualne\/wp-content\/uploads\/2024\/08\/pogotowieflagowe.pl_.jpg\",\"contentUrl\":\"https:\/\/www.pogotowieflagowe.pl\/aktualne\/wp-content\/uploads\/2024\/08\/pogotowieflagowe.pl_.jpg\",\"caption\":\"Filip\"},\"description\":\"Jestem Filip, polski dziennikarz z dyplomem nauk politycznych Uniwersytetu Warszawskiego. Rozpoczynaj\u0105c swoj\u0105 karier\u0119 w r\u00f3\u017cnych lokalnych mediach, zdoby\u0142em solidne do\u015bwiadczenie w zakresie \u015bledztwa i redakcji. Obecnie jako redaktor w Pogotowie flagowe, staram si\u0119 dostarcza\u0107 dog\u0142\u0119bne i istotne analizy na temat najwa\u017cniejszych kwestii aktualno\u015bci, \u0142\u0105cz\u0105c rygor z pasj\u0105 dziennikarsk\u0105.\",\"sameAs\":[\"https:\/\/www.pogotowieflagowe.pl\/\"]}]}<\/script>\n<!-- \/ Yoast SEO plugin. -->","yoast_head_json":{"title":"Marty Nawrockiej w Pary\u017cu. We\u017amie udzia\u0142 w ceremonii wprowadzenia Ikony Matki Boskiej do katedry Notre-Dame - POGOTOWIE FLAGOWE\u00ae","robots":{"index":"index","follow":"follow","max-snippet":"max-snippet:-1","max-image-preview":"max-image-preview:large","max-video-preview":"max-video-preview:-1"},"canonical":"https:\/\/www.pogotowieflagowe.pl\/aktualne\/marty-nawrockiej-w-paryzu-wezmie-udzial-w-ceremonii-wprowadzenia-ikony-matki-boskiej-do-katedry-notre-dame\/","og_locale":"pl_PL","og_type":"article","og_title":"Marty Nawrockiej w Pary\u017cu. We\u017amie udzia\u0142 w ceremonii wprowadzenia Ikony Matki Boskiej do katedry Notre-Dame - POGOTOWIE FLAGOWE\u00ae","og_description":"Pierwsza Dama Marta Nawrocka przebywa z wizyt\u0105 w Pary\u017cu, gdzie we\u017amie udzia\u0142 w wyj\u0105tkowym wydarzeniu kulturalnym w odrestaurowanym lokalu Katedra","og_url":"https:\/\/www.pogotowieflagowe.pl\/aktualne\/marty-nawrockiej-w-paryzu-wezmie-udzial-w-ceremonii-wprowadzenia-ikony-matki-boskiej-do-katedry-notre-dame\/","og_site_name":"POGOTOWIE FLAGOWE\u00ae","article_published_time":"2025-11-08T20:08:14+00:00","article_modified_time":"2025-11-08T20:08:16+00:00","og_image":[{"width":1200,"height":675,"url":"https:\/\/www.pogotowieflagowe.pl\/aktualne\/wp-content\/uploads\/2025\/11\/Marty-Nawrockiej-w-Paryzu-Wezmie-udzial-w-ceremonii-wprowadzenia-Ikony.jpg","type":"image\/jpeg"}],"author":"Filip","twitter_card":"summary_large_image","twitter_misc":{"Napisane przez":"Filip","Szacowany czas czytania":"1 minuta"},"schema":{"@context":"https:\/\/schema.org","@graph":[{"@type":"Article","@id":"https:\/\/www.pogotowieflagowe.pl\/aktualne\/marty-nawrockiej-w-paryzu-wezmie-udzial-w-ceremonii-wprowadzenia-ikony-matki-boskiej-do-katedry-notre-dame\/#article","isPartOf":{"@id":"https:\/\/www.pogotowieflagowe.pl\/aktualne\/marty-nawrockiej-w-paryzu-wezmie-udzial-w-ceremonii-wprowadzenia-ikony-matki-boskiej-do-katedry-notre-dame\/"},"author":{"name":"Filip","@id":"https:\/\/www.pogotowieflagowe.pl\/aktualne\/#\/schema\/person\/9c2fb7d2362ebf6fa088960d7f0d27b0"},"headline":"Marty Nawrockiej w Pary\u017cu. We\u017amie udzia\u0142 w ceremonii wprowadzenia Ikony Matki Boskiej do katedry Notre-Dame","datePublished":"2025-11-08T20:08:14+00:00","dateModified":"2025-11-08T20:08:16+00:00","mainEntityOfPage":{"@id":"https:\/\/www.pogotowieflagowe.pl\/aktualne\/marty-nawrockiej-w-paryzu-wezmie-udzial-w-ceremonii-wprowadzenia-ikony-matki-boskiej-do-katedry-notre-dame\/"},"wordCount":290,"commentCount":0,"publisher":{"@id":"https:\/\/www.pogotowieflagowe.pl\/aktualne\/#organization"},"image":{"@id":"https:\/\/www.pogotowieflagowe.pl\/aktualne\/marty-nawrockiej-w-paryzu-wezmie-udzial-w-ceremonii-wprowadzenia-ikony-matki-boskiej-do-katedry-notre-dame\/#primaryimage"},"thumbnailUrl":"https:\/\/www.pogotowieflagowe.pl\/aktualne\/wp-content\/uploads\/2025\/11\/Marty-Nawrockiej-w-Paryzu-Wezmie-udzial-w-ceremonii-wprowadzenia-Ikony.jpg","keywords":["Boskiej","ceremonii","ikony","katedry","Marty","Matki","Nawrockiej","NotreDame","Pary\u017cu","udzia\u0142","We\u017amie","wprowadzenia"],"articleSection":["Polityka"],"inLanguage":"pl-PL","potentialAction":[{"@type":"CommentAction","name":"Comment","target":["https:\/\/www.pogotowieflagowe.pl\/aktualne\/marty-nawrockiej-w-paryzu-wezmie-udzial-w-ceremonii-wprowadzenia-ikony-matki-boskiej-do-katedry-notre-dame\/#respond"]}]},{"@type":"WebPage","@id":"https:\/\/www.pogotowieflagowe.pl\/aktualne\/marty-nawrockiej-w-paryzu-wezmie-udzial-w-ceremonii-wprowadzenia-ikony-matki-boskiej-do-katedry-notre-dame\/","url":"https:\/\/www.pogotowieflagowe.pl\/aktualne\/marty-nawrockiej-w-paryzu-wezmie-udzial-w-ceremonii-wprowadzenia-ikony-matki-boskiej-do-katedry-notre-dame\/","name":"Marty Nawrockiej w Pary\u017cu. We\u017amie udzia\u0142 w ceremonii wprowadzenia Ikony Matki Boskiej do katedry Notre-Dame - POGOTOWIE FLAGOWE\u00ae","isPartOf":{"@id":"https:\/\/www.pogotowieflagowe.pl\/aktualne\/#website"},"primaryImageOfPage":{"@id":"https:\/\/www.pogotowieflagowe.pl\/aktualne\/marty-nawrockiej-w-paryzu-wezmie-udzial-w-ceremonii-wprowadzenia-ikony-matki-boskiej-do-katedry-notre-dame\/#primaryimage"},"image":{"@id":"https:\/\/www.pogotowieflagowe.pl\/aktualne\/marty-nawrockiej-w-paryzu-wezmie-udzial-w-ceremonii-wprowadzenia-ikony-matki-boskiej-do-katedry-notre-dame\/#primaryimage"},"thumbnailUrl":"https:\/\/www.pogotowieflagowe.pl\/aktualne\/wp-content\/uploads\/2025\/11\/Marty-Nawrockiej-w-Paryzu-Wezmie-udzial-w-ceremonii-wprowadzenia-Ikony.jpg","datePublished":"2025-11-08T20:08:14+00:00","dateModified":"2025-11-08T20:08:16+00:00","breadcrumb":{"@id":"https:\/\/www.pogotowieflagowe.pl\/aktualne\/marty-nawrockiej-w-paryzu-wezmie-udzial-w-ceremonii-wprowadzenia-ikony-matki-boskiej-do-katedry-notre-dame\/#breadcrumb"},"inLanguage":"pl-PL","potentialAction":[{"@type":"ReadAction","target":["https:\/\/www.pogotowieflagowe.pl\/aktualne\/marty-nawrockiej-w-paryzu-wezmie-udzial-w-ceremonii-wprowadzenia-ikony-matki-boskiej-do-katedry-notre-dame\/"]}]},{"@type":"ImageObject","inLanguage":"pl-PL","@id":"https:\/\/www.pogotowieflagowe.pl\/aktualne\/marty-nawrockiej-w-paryzu-wezmie-udzial-w-ceremonii-wprowadzenia-ikony-matki-boskiej-do-katedry-notre-dame\/#primaryimage","url":"https:\/\/www.pogotowieflagowe.pl\/aktualne\/wp-content\/uploads\/2025\/11\/Marty-Nawrockiej-w-Paryzu-Wezmie-udzial-w-ceremonii-wprowadzenia-Ikony.jpg","contentUrl":"https:\/\/www.pogotowieflagowe.pl\/aktualne\/wp-content\/uploads\/2025\/11\/Marty-Nawrockiej-w-Paryzu-Wezmie-udzial-w-ceremonii-wprowadzenia-Ikony.jpg","width":1200,"height":675,"caption":"Marty Nawrockiej w Pary\u017cu. We\u017amie udzia\u0142 w ceremonii wprowadzenia Ikony Matki Boskiej do katedry Notre-Dame"},{"@type":"BreadcrumbList","@id":"https:\/\/www.pogotowieflagowe.pl\/aktualne\/marty-nawrockiej-w-paryzu-wezmie-udzial-w-ceremonii-wprowadzenia-ikony-matki-boskiej-do-katedry-notre-dame\/#breadcrumb","itemListElement":[{"@type":"ListItem","position":1,"name":"Home","item":"https:\/\/www.pogotowieflagowe.pl\/aktualne\/"},{"@type":"ListItem","position":2,"name":"Marty Nawrockiej w Pary\u017cu. We\u017amie udzia\u0142 w ceremonii wprowadzenia Ikony Matki Boskiej do katedry Notre-Dame"}]},{"@type":"WebSite","@id":"https:\/\/www.pogotowieflagowe.pl\/aktualne\/#website","url":"https:\/\/www.pogotowieflagowe.pl\/aktualne\/","name":"POGOTOWIE FLAGOWE\u00ae","description":"","publisher":{"@id":"https:\/\/www.pogotowieflagowe.pl\/aktualne\/#organization"},"potentialAction":[{"@type":"SearchAction","target":{"@type":"EntryPoint","urlTemplate":"https:\/\/www.pogotowieflagowe.pl\/aktualne\/?s={search_term_string}"},"query-input":"required name=search_term_string"}],"inLanguage":"pl-PL"},{"@type":"Organization","@id":"https:\/\/www.pogotowieflagowe.pl\/aktualne\/#organization","name":"POGOTOWIE FLAGOWE\u00ae","url":"https:\/\/www.pogotowieflagowe.pl\/aktualne\/","logo":{"@type":"ImageObject","inLanguage":"pl-PL","@id":"https:\/\/www.pogotowieflagowe.pl\/aktualne\/#\/schema\/logo\/image\/","url":"https:\/\/www.pogotowieflagowe.pl\/aktualne\/wp-content\/uploads\/2024\/08\/cropped-pogotowieflagowe_flaga_projekt_sm.jpg","contentUrl":"https:\/\/www.pogotowieflagowe.pl\/aktualne\/wp-content\/uploads\/2024\/08\/cropped-pogotowieflagowe_flaga_projekt_sm.jpg","width":250,"height":143,"caption":"POGOTOWIE FLAGOWE\u00ae"},"image":{"@id":"https:\/\/www.pogotowieflagowe.pl\/aktualne\/#\/schema\/logo\/image\/"}},{"@type":"Person","@id":"https:\/\/www.pogotowieflagowe.pl\/aktualne\/#\/schema\/person\/9c2fb7d2362ebf6fa088960d7f0d27b0","name":"Filip","image":{"@type":"ImageObject","inLanguage":"pl-PL","@id":"https:\/\/www.pogotowieflagowe.pl\/aktualne\/#\/schema\/person\/image\/","url":"https:\/\/www.pogotowieflagowe.pl\/aktualne\/wp-content\/uploads\/2024\/08\/pogotowieflagowe.pl_.jpg","contentUrl":"https:\/\/www.pogotowieflagowe.pl\/aktualne\/wp-content\/uploads\/2024\/08\/pogotowieflagowe.pl_.jpg","caption":"Filip"},"description":"Jestem Filip, polski dziennikarz z dyplomem nauk politycznych Uniwersytetu Warszawskiego. Rozpoczynaj\u0105c swoj\u0105 karier\u0119 w r\u00f3\u017cnych lokalnych mediach, zdoby\u0142em solidne do\u015bwiadczenie w zakresie \u015bledztwa i redakcji. Obecnie jako redaktor w Pogotowie flagowe, staram si\u0119 dostarcza\u0107 dog\u0142\u0119bne i istotne analizy na temat najwa\u017cniejszych kwestii aktualno\u015bci, \u0142\u0105cz\u0105c rygor z pasj\u0105 dziennikarsk\u0105.","sameAs":["https:\/\/www.pogotowieflagowe.pl\/"]}]}},"_links":{"self":[{"href":"https:\/\/www.pogotowieflagowe.pl\/aktualne\/wp-json\/wp\/v2\/posts\/10296","targetHints":{"allow":["GET"]}}],"collection":[{"href":"https:\/\/www.pogotowieflagowe.pl\/aktualne\/wp-json\/wp\/v2\/posts"}],"about":[{"href":"https:\/\/www.pogotowieflagowe.pl\/aktualne\/wp-json\/wp\/v2\/types\/post"}],"author":[{"embeddable":true,"href":"https:\/\/www.pogotowieflagowe.pl\/aktualne\/wp-json\/wp\/v2\/users\/1"}],"replies":[{"embeddable":true,"href":"https:\/\/www.pogotowieflagowe.pl\/aktualne\/wp-json\/wp\/v2\/comments?post=10296"}],"version-history":[{"count":1,"href":"https:\/\/www.pogotowieflagowe.pl\/aktualne\/wp-json\/wp\/v2\/posts\/10296\/revisions"}],"predecessor-version":[{"id":10298,"href":"https:\/\/www.pogotowieflagowe.pl\/aktualne\/wp-json\/wp\/v2\/posts\/10296\/revisions\/10298"}],"wp:featuredmedia":[{"embeddable":true,"href":"https:\/\/www.pogotowieflagowe.pl\/aktualne\/wp-json\/wp\/v2\/media\/10297"}],"wp:attachment":[{"href":"https:\/\/www.pogotowieflagowe.pl\/aktualne\/wp-json\/wp\/v2\/media?parent=10296"}],"wp:term":[{"taxonomy":"category","embeddable":true,"href":"https:\/\/www.pogotowieflagowe.pl\/aktualne\/wp-json\/wp\/v2\/categories?post=10296"},{"taxonomy":"post_tag","embeddable":true,"href":"https:\/\/www.pogotowieflagowe.pl\/aktualne\/wp-json\/wp\/v2\/tags?post=10296"}],"curies":[{"name":"wp","href":"https:\/\/api.w.org\/{rel}","templated":true}]}}