{"id":10299,"date":"2025-11-08T21:12:02","date_gmt":"2025-11-08T20:12:02","guid":{"rendered":"https:\/\/www.pogotowieflagowe.pl\/aktualne\/swieto-wolnych-polakow-prezydent-nawrocki-oficjalnie-potwierdza-swoj-udzial-w-marszu-niepodleglosci\/"},"modified":"2025-11-08T21:12:04","modified_gmt":"2025-11-08T20:12:04","slug":"swieto-wolnych-polakow-prezydent-nawrocki-oficjalnie-potwierdza-swoj-udzial-w-marszu-niepodleglosci","status":"publish","type":"post","link":"https:\/\/www.pogotowieflagowe.pl\/aktualne\/swieto-wolnych-polakow-prezydent-nawrocki-oficjalnie-potwierdza-swoj-udzial-w-marszu-niepodleglosci\/","title":{"rendered":"\u201e\u015awi\u0119to Wolnych Polak\u00f3w\u201d: Prezydent Nawrocki oficjalnie potwierdza sw\u00f3j udzia\u0142 w Marszu Niepodleg\u0142o\u015bci"},"content":{"rendered":"\n<div class=\"td_block_wrap tdb_single_content tdi_41 td-pb-border-top td_block_template_8 td-post-content tagdiv-type\" data-td-block-uid=\"tdi_41\">\n<style>.tdi_41{margines-top:0px!important;margin-bottom:0px!important;dope\u0142nienie-g\u00f3ra:0px!important;dope\u0142nienie-d\u00f3\u0142:0px!important}<\/style>\n<style>.tdb_single_content{margin-bottom:0;*zoom:1}.tdb_single_content:before,.tdb_single_content:after{display:table;content:'';line-height:0}.tdb_single_content:after{clear:both}.tdb_single_content .tdb-block-inner>*:not(.wp-block-quote):not(.alignwide):not(.alignfull.wp-block-cover.has-parallax):not(.td-a-ad){margin-left:auto;margin-right:auto}.tdb_single_content a{pointer-events:auto}.tdb_single_content .td-spot-id-top_ad .tdc-placeholder-title:before{content:'Najlepsza reklama artyku\u0142u'!important}.tdb_single_content .td-spot-id-inline_ad0 .tdc-placeholder-title:before{content:'Reklama wbudowana artyku\u0142u 1'!important}.tdb_single_content .td-spot-id-inline_ad1 .tdc-placeholder-title:before{content:'Wbudowana reklama w artykule 2'!important}.tdb_single_content .td-spot-id-inline_ad2 .tdc-placeholder-title:before{content:'Wbudowana reklama w artykule 3'!important}.tdb_single_content .td-spot-id-bottom_ad .tdc-placeholder-title:before{content:'Article Bottom Ad'!important}.tdb_single_content .id_top_ad,.tdb_single_content .id_bottom_ad{clear:both;margin-bottom:21px;text-align:center}.tdb_single_content .id_top_ad img,.tdb_single_content .id_bottom_ad img{margin-bottom:0}.tdb_single_content .id_top_ad .adsbygoogle,.tdb_single_content .id_bottom_ad .adsbygoogle{position:relative}.tdb_single_content .id_ad_content-horiz-left,.tdb_single_content .id_ad_content-horiz-right,.tdb_single_content .id_ad_content-horiz-center{margin-bottom:15px}.tdb_single_content .id_ad_content-horiz-left img,.tdb_single_content .id_ad_content-horiz-right img,.tdb_single_content .id_ad_content-horiz-center img{margin-bottom:0}.tdb_single_content .id_ad_content-horiz-center{text-align:center}.tdb_single_content .id_ad_content-horiz-center img{margin-right:auto;margin-left:auto}.tdb_single_content .id_ad_content-horiz-left{float:left;margin-top:9px;margin-right:21px}.tdb_single_content .id_ad_content-horiz-right{float:right;margin-top:6px;margin-left:21px}.tdb_single_content .tdc-a-ad .tdc-placeholder-title{width:300px;height:250px}.tdb_single_content .tdc-a-ad .tdc-placeholder-title:before{position:absolute;top:50%;-webkit-transform:translateY(-50%);transform:translateY(-50%);margin:auto;display:table;width:100%}.tdb_single_content .tdb-block-inner.td-fix-index{word-break:break-word}.tdi_41,.tdi_41>p,.tdi_41 .tdb-block-inner>p,.wp-block-column>p{font-size:16px!important;line-height:1.6!important}.tdi_41 .tdb-block-inner blockquote p{font-style:normal!important}@media (max-width:767px){.tdb_single_content .id_ad_content-horiz-left,.tdb_single_content .id_ad_content-horiz-right,.tdb_single_content .id_ad_content-horiz-center{margin:0 auto 26 pikseli auto}}@media (max-width:767px){.tdb_single_content .id_ad_content-horiz-left{margin-right:0}}@media (max-width:767px){.tdb_single_content .id_ad_content-horiz-right{margin-left:0}}@media (max-width:767px){.tdb_single_content .td-a-ad{float:none;text-align:center}.tdb_single_content .td-a-ad img{margin-right:auto;margin-left:auto}.tdb_single_content .tdc-a-ad{float:none}}<\/style>\n<div class=\"tdb-block-inner td-fix-index\">\n<p>Prezydent Karol Nawrocki we\u017amie udzia\u0142 w Marszu Niepodleg\u0142o\u015bci. <strong>\u201eW tym roku po raz pierwszy jako prezydent b\u0119d\u0119 bra\u0142 udzia\u0142 w obchodach\u201d \u2013 doda\u0142. <\/strong>zadeklarowa\u0142, potwierdzaj\u0105c tym samym wcze\u015bniejsze nieoficjalne doniesienia.<\/p>\n<p>Prezydent Karol Nawrocki oficjalnie og\u0142osi\u0142 sw\u00f3j udzia\u0142 w tegorocznym Marszu Niepodleg\u0142o\u015bci w Warszawie. Informacj\u0119 t\u0119 przekaza\u0142 w artykule \u201e\u015awi\u0119to wolnych Polak\u00f3w\u201d, opublikowanym na portalu Wszystko co Najwa\u017cniejsze. Podkre\u015bli\u0142, \u017ce jego obecno\u015b\u0107 na marszu b\u0119dzie mia\u0142a w tym roku szczeg\u00f3lne znaczenie. <strong>\u201eW poprzednich latach bra\u0142em udzia\u0142 jako Prezes Instytutu Pami\u0119ci Narodowej (IPN), ale w tym roku po raz pierwszy jako Prezydent przy\u0142\u0105cz\u0119 si\u0119 do obchod\u00f3w\u201d \u2013 doda\u0142.<\/strong> Nawrocki napisa\u0142.<\/p>\n<p>W swoim artykule Prezydent zauwa\u017cy\u0142, \u017ce \u201eNarodowe \u015awi\u0119to Niepodleg\u0142o\u015bci, obchodzone 11 listopada i ustanowione dla upami\u0119tnienia wydarze\u0144 1918 r., jest jednym z najwa\u017cniejszych dni w polskim kalendarzu\u201d. Nawrocki podkre\u015bli\u0142 tak\u017ce rosn\u0105c\u0105 rol\u0119 samego marszu, kt\u00f3ry na sta\u0142e wpisa\u0142 si\u0119 w tradycj\u0119 \u015awi\u0119ta Niepodleg\u0142o\u015bci. <strong>\u201eZorganizowany w Warszawie Marsz Niepodleg\u0142o\u015bci, kt\u00f3ry zgromadzi\u0142 szerokie grono \u015brodowisk patriotycznych manifestuj\u0105cych swoje przywi\u0105zanie do bia\u0142o-czerwonej flagi narodowej, sta\u0142 si\u0119 ju\u017c pi\u0119kn\u0105 tradycj\u0105\u201d<\/strong> stwierdzi\u0142.<\/p>\n<p>Prezydent przypomnia\u0142 tak\u017ce o swoim wcze\u015bniejszym zaanga\u017cowaniu w uroczysto\u015bci narodowe. <strong>\u201eW ubieg\u0142ych latach, s\u0142u\u017c\u0105c Ojczy\u017anie jako Prezes IPN, 11 listopada uczestniczy\u0142em tak\u017ce w centralnych uroczysto\u015bciach pa\u0144stwowych z udzia\u0142em najwy\u017cszych w\u0142adz pa\u0144stwowych i korpusu dyplomatycznego\u201d \u2013 doda\u0142. <\/strong>napisa\u0142.<\/p>\n<p>Wcze\u015bniej szef Biura Prezydenta ds. Polityki Mi\u0119dzynarodowej Marcin Przydacz wypowiada\u0142 si\u0119 na temat ewentualnego udzia\u0142u Prezydenta w marszu. Zanim pojawi\u0142o si\u0119 oficjalne potwierdzenie, Przydacz z\u0142agodzi\u0142 oczekiwania, m\u00f3wi\u0105c: <strong>\u201eNa tym etapie nie ma jeszcze konkretnej decyzji do og\u0142oszenia w sprawie udzia\u0142u lub braku udzia\u0142u Prezydenta w Marszu Niepodleg\u0142o\u015bci\u201d.<\/strong> Jednocze\u015bnie przypomnia\u0142, \u017ce w poprzednich latach Karol Nawrocki wielokrotnie bra\u0142 udzia\u0142 w marszu.<\/p>\n<p>Tegoroczny Marsz Niepodleg\u0142o\u015bci, organizowany przez Stowarzyszenie Marsz Niepodleg\u0142o\u015bci, przejdzie ulicami Warszawy pod has\u0142em \u201eJeden nar\u00f3d, silna Polska\u201d. Po dw\u00f3ch latach spor\u00f3w prawnych impreza odzyska\u0142a status zgromadzenia cyklicznego na lata 2025\u20132027, co gwarantuje, \u017ce marsz si\u0119 odb\u0119dzie i nie zostanie zablokowany.<\/p>\n<p>Trasa marszu pozostaje niezmieniona od lat. Uczestnicy zbior\u0105 si\u0119 pod Rondem Dmowskiego, gdzie o godzinie 13:00 odm\u00f3wi\u0105 r\u00f3\u017caniec. Oficjalne rozpocz\u0119cie marszu zaplanowano na godzin\u0119 14:00. Po od\u015bpiewaniu hymnu demonstranci wyrusz\u0105 Alejami Jerozolimskimi i przejd\u0105 przez Most Poniatowskiego w kierunku p\u00f3l otaczaj\u0105cych Stadion Narodowy. Przewiduje si\u0119, \u017ce wydarzenie zako\u0144czy si\u0119 o godzinie 20:00<\/p>\n<p>Organizatorzy spodziewaj\u0105 si\u0119 du\u017cej frekwencji. Do stolicy maj\u0105 przyjecha\u0107 liczne grupy zorganizowane z ca\u0142ej Polski, m.in. parafie, stowarzyszenia i ko\u0142a kobiet wiejskich. Opr\u00f3cz s\u0142u\u017cb pa\u0144stwowych nad bezpiecze\u0144stwem uczestnik\u00f3w b\u0119dzie czuwa\u0107 Stra\u017c Marszu Niepodleg\u0142o\u015bci.<\/p>\n<p>Wydarzeniu nie zabraknie tak\u017ce atrakcji, m.in. \u201eMiasta Niepodleg\u0142o\u015bci\u201d pod Pa\u0142acem Kultury i Nauki oraz koncert\u00f3w odbywaj\u0105cych si\u0119 na boiskach wok\u00f3\u0142 Stadionu Narodowego.<\/p>\n<\/div>\n<\/div>\n","protected":false},"excerpt":{"rendered":"<p>Prezydent Karol Nawrocki we\u017amie udzia\u0142 w Marszu Niepodleg\u0142o\u015bci. \u201eW tym roku po raz pierwszy jako prezydent b\u0119d\u0119 bra\u0142 udzia\u0142 w<\/p>\n","protected":false},"author":1,"featured_media":7125,"comment_status":"open","ping_status":"open","sticky":false,"template":"","format":"standard","meta":{"footnotes":""},"categories":[4748],"tags":[2179,2727,2180,3702,194,4223,341,127,1150,408,7978],"class_list":["post-10299","post","type-post","status-publish","format-standard","has-post-thumbnail","hentry","category-aktualne","tag-marszu","tag-nawrocki","tag-niepodleglosci","tag-oficjalnie","tag-polakow","tag-potwierdza","tag-prezydent","tag-swieto","tag-swoj","tag-udzial","tag-wolnych","generate-columns","tablet-grid-50","mobile-grid-100","grid-parent","grid-50","resize-featured-image"],"yoast_head":"<!-- This site is optimized with the Yoast SEO plugin v23.2 - https:\/\/yoast.com\/wordpress\/plugins\/seo\/ -->\n<title>\u201e\u015awi\u0119to Wolnych Polak\u00f3w\u201d: Prezydent Nawrocki oficjalnie potwierdza sw\u00f3j udzia\u0142 w Marszu Niepodleg\u0142o\u015bci - POGOTOWIE FLAGOWE\u00ae<\/title>\n<meta name=\"robots\" content=\"index, follow, max-snippet:-1, max-image-preview:large, max-video-preview:-1\" \/>\n<link rel=\"canonical\" href=\"https:\/\/www.pogotowieflagowe.pl\/aktualne\/swieto-wolnych-polakow-prezydent-nawrocki-oficjalnie-potwierdza-swoj-udzial-w-marszu-niepodleglosci\/\" \/>\n<meta property=\"og:locale\" content=\"pl_PL\" \/>\n<meta property=\"og:type\" content=\"article\" \/>\n<meta property=\"og:title\" content=\"\u201e\u015awi\u0119to Wolnych Polak\u00f3w\u201d: Prezydent Nawrocki oficjalnie potwierdza sw\u00f3j udzia\u0142 w Marszu Niepodleg\u0142o\u015bci - POGOTOWIE FLAGOWE\u00ae\" \/>\n<meta property=\"og:description\" content=\"Prezydent Karol Nawrocki we\u017amie udzia\u0142 w Marszu Niepodleg\u0142o\u015bci. \u201eW tym roku po raz pierwszy jako prezydent b\u0119d\u0119 bra\u0142 udzia\u0142 w\" \/>\n<meta property=\"og:url\" content=\"https:\/\/www.pogotowieflagowe.pl\/aktualne\/swieto-wolnych-polakow-prezydent-nawrocki-oficjalnie-potwierdza-swoj-udzial-w-marszu-niepodleglosci\/\" \/>\n<meta property=\"og:site_name\" content=\"POGOTOWIE FLAGOWE\u00ae\" \/>\n<meta property=\"article:published_time\" content=\"2025-11-08T20:12:02+00:00\" \/>\n<meta property=\"article:modified_time\" content=\"2025-11-08T20:12:04+00:00\" \/>\n<meta property=\"og:image\" content=\"https:\/\/www.pogotowieflagowe.pl\/aktualne\/wp-content\/uploads\/2025\/08\/Karol-Nawrocki-utrzymuje-swoje-slowo-kolejna-propozycja-legislacyjna-gotowa.webp.webp\" \/>\n\t<meta property=\"og:image:width\" content=\"1280\" \/>\n\t<meta property=\"og:image:height\" content=\"720\" \/>\n\t<meta property=\"og:image:type\" content=\"image\/webp\" \/>\n<meta name=\"author\" content=\"Filip\" \/>\n<meta name=\"twitter:card\" content=\"summary_large_image\" \/>\n<meta name=\"twitter:label1\" content=\"Napisane przez\" \/>\n\t<meta name=\"twitter:data1\" content=\"Filip\" \/>\n\t<meta name=\"twitter:label2\" content=\"Szacowany czas czytania\" \/>\n\t<meta name=\"twitter:data2\" content=\"3 minuty\" \/>\n<script type=\"application\/ld+json\" class=\"yoast-schema-graph\">{\"@context\":\"https:\/\/schema.org\",\"@graph\":[{\"@type\":\"Article\",\"@id\":\"https:\/\/www.pogotowieflagowe.pl\/aktualne\/swieto-wolnych-polakow-prezydent-nawrocki-oficjalnie-potwierdza-swoj-udzial-w-marszu-niepodleglosci\/#article\",\"isPartOf\":{\"@id\":\"https:\/\/www.pogotowieflagowe.pl\/aktualne\/swieto-wolnych-polakow-prezydent-nawrocki-oficjalnie-potwierdza-swoj-udzial-w-marszu-niepodleglosci\/\"},\"author\":{\"name\":\"Filip\",\"@id\":\"https:\/\/www.pogotowieflagowe.pl\/aktualne\/#\/schema\/person\/9c2fb7d2362ebf6fa088960d7f0d27b0\"},\"headline\":\"\u201e\u015awi\u0119to Wolnych Polak\u00f3w\u201d: Prezydent Nawrocki oficjalnie potwierdza sw\u00f3j udzia\u0142 w Marszu Niepodleg\u0142o\u015bci\",\"datePublished\":\"2025-11-08T20:12:02+00:00\",\"dateModified\":\"2025-11-08T20:12:04+00:00\",\"mainEntityOfPage\":{\"@id\":\"https:\/\/www.pogotowieflagowe.pl\/aktualne\/swieto-wolnych-polakow-prezydent-nawrocki-oficjalnie-potwierdza-swoj-udzial-w-marszu-niepodleglosci\/\"},\"wordCount\":524,\"commentCount\":0,\"publisher\":{\"@id\":\"https:\/\/www.pogotowieflagowe.pl\/aktualne\/#organization\"},\"image\":{\"@id\":\"https:\/\/www.pogotowieflagowe.pl\/aktualne\/swieto-wolnych-polakow-prezydent-nawrocki-oficjalnie-potwierdza-swoj-udzial-w-marszu-niepodleglosci\/#primaryimage\"},\"thumbnailUrl\":\"https:\/\/www.pogotowieflagowe.pl\/aktualne\/wp-content\/uploads\/2025\/08\/Karol-Nawrocki-utrzymuje-swoje-slowo-kolejna-propozycja-legislacyjna-gotowa.webp.webp\",\"keywords\":[\"Marszu\",\"Nawrocki\",\"Niepodleg\u0142o\u015bci\",\"oficjalnie\",\"Polak\u00f3w\",\"potwierdza\",\"Prezydent\",\"\u015awi\u0119to\",\"sw\u00f3j\",\"udzia\u0142\",\"wolnych\"],\"articleSection\":[\"Aktualne\"],\"inLanguage\":\"pl-PL\",\"potentialAction\":[{\"@type\":\"CommentAction\",\"name\":\"Comment\",\"target\":[\"https:\/\/www.pogotowieflagowe.pl\/aktualne\/swieto-wolnych-polakow-prezydent-nawrocki-oficjalnie-potwierdza-swoj-udzial-w-marszu-niepodleglosci\/#respond\"]}]},{\"@type\":\"WebPage\",\"@id\":\"https:\/\/www.pogotowieflagowe.pl\/aktualne\/swieto-wolnych-polakow-prezydent-nawrocki-oficjalnie-potwierdza-swoj-udzial-w-marszu-niepodleglosci\/\",\"url\":\"https:\/\/www.pogotowieflagowe.pl\/aktualne\/swieto-wolnych-polakow-prezydent-nawrocki-oficjalnie-potwierdza-swoj-udzial-w-marszu-niepodleglosci\/\",\"name\":\"\u201e\u015awi\u0119to Wolnych Polak\u00f3w\u201d: Prezydent Nawrocki oficjalnie potwierdza sw\u00f3j udzia\u0142 w Marszu Niepodleg\u0142o\u015bci - POGOTOWIE FLAGOWE\u00ae\",\"isPartOf\":{\"@id\":\"https:\/\/www.pogotowieflagowe.pl\/aktualne\/#website\"},\"primaryImageOfPage\":{\"@id\":\"https:\/\/www.pogotowieflagowe.pl\/aktualne\/swieto-wolnych-polakow-prezydent-nawrocki-oficjalnie-potwierdza-swoj-udzial-w-marszu-niepodleglosci\/#primaryimage\"},\"image\":{\"@id\":\"https:\/\/www.pogotowieflagowe.pl\/aktualne\/swieto-wolnych-polakow-prezydent-nawrocki-oficjalnie-potwierdza-swoj-udzial-w-marszu-niepodleglosci\/#primaryimage\"},\"thumbnailUrl\":\"https:\/\/www.pogotowieflagowe.pl\/aktualne\/wp-content\/uploads\/2025\/08\/Karol-Nawrocki-utrzymuje-swoje-slowo-kolejna-propozycja-legislacyjna-gotowa.webp.webp\",\"datePublished\":\"2025-11-08T20:12:02+00:00\",\"dateModified\":\"2025-11-08T20:12:04+00:00\",\"breadcrumb\":{\"@id\":\"https:\/\/www.pogotowieflagowe.pl\/aktualne\/swieto-wolnych-polakow-prezydent-nawrocki-oficjalnie-potwierdza-swoj-udzial-w-marszu-niepodleglosci\/#breadcrumb\"},\"inLanguage\":\"pl-PL\",\"potentialAction\":[{\"@type\":\"ReadAction\",\"target\":[\"https:\/\/www.pogotowieflagowe.pl\/aktualne\/swieto-wolnych-polakow-prezydent-nawrocki-oficjalnie-potwierdza-swoj-udzial-w-marszu-niepodleglosci\/\"]}]},{\"@type\":\"ImageObject\",\"inLanguage\":\"pl-PL\",\"@id\":\"https:\/\/www.pogotowieflagowe.pl\/aktualne\/swieto-wolnych-polakow-prezydent-nawrocki-oficjalnie-potwierdza-swoj-udzial-w-marszu-niepodleglosci\/#primaryimage\",\"url\":\"https:\/\/www.pogotowieflagowe.pl\/aktualne\/wp-content\/uploads\/2025\/08\/Karol-Nawrocki-utrzymuje-swoje-slowo-kolejna-propozycja-legislacyjna-gotowa.webp.webp\",\"contentUrl\":\"https:\/\/www.pogotowieflagowe.pl\/aktualne\/wp-content\/uploads\/2025\/08\/Karol-Nawrocki-utrzymuje-swoje-slowo-kolejna-propozycja-legislacyjna-gotowa.webp.webp\",\"width\":1280,\"height\":720,\"caption\":\"Karol Nawrocki utrzymuje swoje s\u0142owo - kolejna propozycja legislacyjna gotowa! Pe\u0142ny tekst opublikowanych rachunk\u00f3w prezydenckich\"},{\"@type\":\"BreadcrumbList\",\"@id\":\"https:\/\/www.pogotowieflagowe.pl\/aktualne\/swieto-wolnych-polakow-prezydent-nawrocki-oficjalnie-potwierdza-swoj-udzial-w-marszu-niepodleglosci\/#breadcrumb\",\"itemListElement\":[{\"@type\":\"ListItem\",\"position\":1,\"name\":\"Home\",\"item\":\"https:\/\/www.pogotowieflagowe.pl\/aktualne\/\"},{\"@type\":\"ListItem\",\"position\":2,\"name\":\"\u201e\u015awi\u0119to Wolnych Polak\u00f3w\u201d: Prezydent Nawrocki oficjalnie potwierdza sw\u00f3j udzia\u0142 w Marszu Niepodleg\u0142o\u015bci\"}]},{\"@type\":\"WebSite\",\"@id\":\"https:\/\/www.pogotowieflagowe.pl\/aktualne\/#website\",\"url\":\"https:\/\/www.pogotowieflagowe.pl\/aktualne\/\",\"name\":\"POGOTOWIE FLAGOWE\u00ae\",\"description\":\"\",\"publisher\":{\"@id\":\"https:\/\/www.pogotowieflagowe.pl\/aktualne\/#organization\"},\"potentialAction\":[{\"@type\":\"SearchAction\",\"target\":{\"@type\":\"EntryPoint\",\"urlTemplate\":\"https:\/\/www.pogotowieflagowe.pl\/aktualne\/?s={search_term_string}\"},\"query-input\":\"required name=search_term_string\"}],\"inLanguage\":\"pl-PL\"},{\"@type\":\"Organization\",\"@id\":\"https:\/\/www.pogotowieflagowe.pl\/aktualne\/#organization\",\"name\":\"POGOTOWIE FLAGOWE\u00ae\",\"url\":\"https:\/\/www.pogotowieflagowe.pl\/aktualne\/\",\"logo\":{\"@type\":\"ImageObject\",\"inLanguage\":\"pl-PL\",\"@id\":\"https:\/\/www.pogotowieflagowe.pl\/aktualne\/#\/schema\/logo\/image\/\",\"url\":\"https:\/\/www.pogotowieflagowe.pl\/aktualne\/wp-content\/uploads\/2024\/08\/cropped-pogotowieflagowe_flaga_projekt_sm.jpg\",\"contentUrl\":\"https:\/\/www.pogotowieflagowe.pl\/aktualne\/wp-content\/uploads\/2024\/08\/cropped-pogotowieflagowe_flaga_projekt_sm.jpg\",\"width\":250,\"height\":143,\"caption\":\"POGOTOWIE FLAGOWE\u00ae\"},\"image\":{\"@id\":\"https:\/\/www.pogotowieflagowe.pl\/aktualne\/#\/schema\/logo\/image\/\"}},{\"@type\":\"Person\",\"@id\":\"https:\/\/www.pogotowieflagowe.pl\/aktualne\/#\/schema\/person\/9c2fb7d2362ebf6fa088960d7f0d27b0\",\"name\":\"Filip\",\"image\":{\"@type\":\"ImageObject\",\"inLanguage\":\"pl-PL\",\"@id\":\"https:\/\/www.pogotowieflagowe.pl\/aktualne\/#\/schema\/person\/image\/\",\"url\":\"https:\/\/www.pogotowieflagowe.pl\/aktualne\/wp-content\/uploads\/2024\/08\/pogotowieflagowe.pl_.jpg\",\"contentUrl\":\"https:\/\/www.pogotowieflagowe.pl\/aktualne\/wp-content\/uploads\/2024\/08\/pogotowieflagowe.pl_.jpg\",\"caption\":\"Filip\"},\"description\":\"Jestem Filip, polski dziennikarz z dyplomem nauk politycznych Uniwersytetu Warszawskiego. Rozpoczynaj\u0105c swoj\u0105 karier\u0119 w r\u00f3\u017cnych lokalnych mediach, zdoby\u0142em solidne do\u015bwiadczenie w zakresie \u015bledztwa i redakcji. Obecnie jako redaktor w Pogotowie flagowe, staram si\u0119 dostarcza\u0107 dog\u0142\u0119bne i istotne analizy na temat najwa\u017cniejszych kwestii aktualno\u015bci, \u0142\u0105cz\u0105c rygor z pasj\u0105 dziennikarsk\u0105.\",\"sameAs\":[\"https:\/\/www.pogotowieflagowe.pl\/\"]}]}<\/script>\n<!-- \/ Yoast SEO plugin. -->","yoast_head_json":{"title":"\u201e\u015awi\u0119to Wolnych Polak\u00f3w\u201d: Prezydent Nawrocki oficjalnie potwierdza sw\u00f3j udzia\u0142 w Marszu Niepodleg\u0142o\u015bci - POGOTOWIE FLAGOWE\u00ae","robots":{"index":"index","follow":"follow","max-snippet":"max-snippet:-1","max-image-preview":"max-image-preview:large","max-video-preview":"max-video-preview:-1"},"canonical":"https:\/\/www.pogotowieflagowe.pl\/aktualne\/swieto-wolnych-polakow-prezydent-nawrocki-oficjalnie-potwierdza-swoj-udzial-w-marszu-niepodleglosci\/","og_locale":"pl_PL","og_type":"article","og_title":"\u201e\u015awi\u0119to Wolnych Polak\u00f3w\u201d: Prezydent Nawrocki oficjalnie potwierdza sw\u00f3j udzia\u0142 w Marszu Niepodleg\u0142o\u015bci - POGOTOWIE FLAGOWE\u00ae","og_description":"Prezydent Karol Nawrocki we\u017amie udzia\u0142 w Marszu Niepodleg\u0142o\u015bci. \u201eW tym roku po raz pierwszy jako prezydent b\u0119d\u0119 bra\u0142 udzia\u0142 w","og_url":"https:\/\/www.pogotowieflagowe.pl\/aktualne\/swieto-wolnych-polakow-prezydent-nawrocki-oficjalnie-potwierdza-swoj-udzial-w-marszu-niepodleglosci\/","og_site_name":"POGOTOWIE FLAGOWE\u00ae","article_published_time":"2025-11-08T20:12:02+00:00","article_modified_time":"2025-11-08T20:12:04+00:00","og_image":[{"width":1280,"height":720,"url":"https:\/\/www.pogotowieflagowe.pl\/aktualne\/wp-content\/uploads\/2025\/08\/Karol-Nawrocki-utrzymuje-swoje-slowo-kolejna-propozycja-legislacyjna-gotowa.webp.webp","type":"image\/webp"}],"author":"Filip","twitter_card":"summary_large_image","twitter_misc":{"Napisane przez":"Filip","Szacowany czas czytania":"3 minuty"},"schema":{"@context":"https:\/\/schema.org","@graph":[{"@type":"Article","@id":"https:\/\/www.pogotowieflagowe.pl\/aktualne\/swieto-wolnych-polakow-prezydent-nawrocki-oficjalnie-potwierdza-swoj-udzial-w-marszu-niepodleglosci\/#article","isPartOf":{"@id":"https:\/\/www.pogotowieflagowe.pl\/aktualne\/swieto-wolnych-polakow-prezydent-nawrocki-oficjalnie-potwierdza-swoj-udzial-w-marszu-niepodleglosci\/"},"author":{"name":"Filip","@id":"https:\/\/www.pogotowieflagowe.pl\/aktualne\/#\/schema\/person\/9c2fb7d2362ebf6fa088960d7f0d27b0"},"headline":"\u201e\u015awi\u0119to Wolnych Polak\u00f3w\u201d: Prezydent Nawrocki oficjalnie potwierdza sw\u00f3j udzia\u0142 w Marszu Niepodleg\u0142o\u015bci","datePublished":"2025-11-08T20:12:02+00:00","dateModified":"2025-11-08T20:12:04+00:00","mainEntityOfPage":{"@id":"https:\/\/www.pogotowieflagowe.pl\/aktualne\/swieto-wolnych-polakow-prezydent-nawrocki-oficjalnie-potwierdza-swoj-udzial-w-marszu-niepodleglosci\/"},"wordCount":524,"commentCount":0,"publisher":{"@id":"https:\/\/www.pogotowieflagowe.pl\/aktualne\/#organization"},"image":{"@id":"https:\/\/www.pogotowieflagowe.pl\/aktualne\/swieto-wolnych-polakow-prezydent-nawrocki-oficjalnie-potwierdza-swoj-udzial-w-marszu-niepodleglosci\/#primaryimage"},"thumbnailUrl":"https:\/\/www.pogotowieflagowe.pl\/aktualne\/wp-content\/uploads\/2025\/08\/Karol-Nawrocki-utrzymuje-swoje-slowo-kolejna-propozycja-legislacyjna-gotowa.webp.webp","keywords":["Marszu","Nawrocki","Niepodleg\u0142o\u015bci","oficjalnie","Polak\u00f3w","potwierdza","Prezydent","\u015awi\u0119to","sw\u00f3j","udzia\u0142","wolnych"],"articleSection":["Aktualne"],"inLanguage":"pl-PL","potentialAction":[{"@type":"CommentAction","name":"Comment","target":["https:\/\/www.pogotowieflagowe.pl\/aktualne\/swieto-wolnych-polakow-prezydent-nawrocki-oficjalnie-potwierdza-swoj-udzial-w-marszu-niepodleglosci\/#respond"]}]},{"@type":"WebPage","@id":"https:\/\/www.pogotowieflagowe.pl\/aktualne\/swieto-wolnych-polakow-prezydent-nawrocki-oficjalnie-potwierdza-swoj-udzial-w-marszu-niepodleglosci\/","url":"https:\/\/www.pogotowieflagowe.pl\/aktualne\/swieto-wolnych-polakow-prezydent-nawrocki-oficjalnie-potwierdza-swoj-udzial-w-marszu-niepodleglosci\/","name":"\u201e\u015awi\u0119to Wolnych Polak\u00f3w\u201d: Prezydent Nawrocki oficjalnie potwierdza sw\u00f3j udzia\u0142 w Marszu Niepodleg\u0142o\u015bci - POGOTOWIE FLAGOWE\u00ae","isPartOf":{"@id":"https:\/\/www.pogotowieflagowe.pl\/aktualne\/#website"},"primaryImageOfPage":{"@id":"https:\/\/www.pogotowieflagowe.pl\/aktualne\/swieto-wolnych-polakow-prezydent-nawrocki-oficjalnie-potwierdza-swoj-udzial-w-marszu-niepodleglosci\/#primaryimage"},"image":{"@id":"https:\/\/www.pogotowieflagowe.pl\/aktualne\/swieto-wolnych-polakow-prezydent-nawrocki-oficjalnie-potwierdza-swoj-udzial-w-marszu-niepodleglosci\/#primaryimage"},"thumbnailUrl":"https:\/\/www.pogotowieflagowe.pl\/aktualne\/wp-content\/uploads\/2025\/08\/Karol-Nawrocki-utrzymuje-swoje-slowo-kolejna-propozycja-legislacyjna-gotowa.webp.webp","datePublished":"2025-11-08T20:12:02+00:00","dateModified":"2025-11-08T20:12:04+00:00","breadcrumb":{"@id":"https:\/\/www.pogotowieflagowe.pl\/aktualne\/swieto-wolnych-polakow-prezydent-nawrocki-oficjalnie-potwierdza-swoj-udzial-w-marszu-niepodleglosci\/#breadcrumb"},"inLanguage":"pl-PL","potentialAction":[{"@type":"ReadAction","target":["https:\/\/www.pogotowieflagowe.pl\/aktualne\/swieto-wolnych-polakow-prezydent-nawrocki-oficjalnie-potwierdza-swoj-udzial-w-marszu-niepodleglosci\/"]}]},{"@type":"ImageObject","inLanguage":"pl-PL","@id":"https:\/\/www.pogotowieflagowe.pl\/aktualne\/swieto-wolnych-polakow-prezydent-nawrocki-oficjalnie-potwierdza-swoj-udzial-w-marszu-niepodleglosci\/#primaryimage","url":"https:\/\/www.pogotowieflagowe.pl\/aktualne\/wp-content\/uploads\/2025\/08\/Karol-Nawrocki-utrzymuje-swoje-slowo-kolejna-propozycja-legislacyjna-gotowa.webp.webp","contentUrl":"https:\/\/www.pogotowieflagowe.pl\/aktualne\/wp-content\/uploads\/2025\/08\/Karol-Nawrocki-utrzymuje-swoje-slowo-kolejna-propozycja-legislacyjna-gotowa.webp.webp","width":1280,"height":720,"caption":"Karol Nawrocki utrzymuje swoje s\u0142owo - kolejna propozycja legislacyjna gotowa! Pe\u0142ny tekst opublikowanych rachunk\u00f3w prezydenckich"},{"@type":"BreadcrumbList","@id":"https:\/\/www.pogotowieflagowe.pl\/aktualne\/swieto-wolnych-polakow-prezydent-nawrocki-oficjalnie-potwierdza-swoj-udzial-w-marszu-niepodleglosci\/#breadcrumb","itemListElement":[{"@type":"ListItem","position":1,"name":"Home","item":"https:\/\/www.pogotowieflagowe.pl\/aktualne\/"},{"@type":"ListItem","position":2,"name":"\u201e\u015awi\u0119to Wolnych Polak\u00f3w\u201d: Prezydent Nawrocki oficjalnie potwierdza sw\u00f3j udzia\u0142 w Marszu Niepodleg\u0142o\u015bci"}]},{"@type":"WebSite","@id":"https:\/\/www.pogotowieflagowe.pl\/aktualne\/#website","url":"https:\/\/www.pogotowieflagowe.pl\/aktualne\/","name":"POGOTOWIE FLAGOWE\u00ae","description":"","publisher":{"@id":"https:\/\/www.pogotowieflagowe.pl\/aktualne\/#organization"},"potentialAction":[{"@type":"SearchAction","target":{"@type":"EntryPoint","urlTemplate":"https:\/\/www.pogotowieflagowe.pl\/aktualne\/?s={search_term_string}"},"query-input":"required name=search_term_string"}],"inLanguage":"pl-PL"},{"@type":"Organization","@id":"https:\/\/www.pogotowieflagowe.pl\/aktualne\/#organization","name":"POGOTOWIE FLAGOWE\u00ae","url":"https:\/\/www.pogotowieflagowe.pl\/aktualne\/","logo":{"@type":"ImageObject","inLanguage":"pl-PL","@id":"https:\/\/www.pogotowieflagowe.pl\/aktualne\/#\/schema\/logo\/image\/","url":"https:\/\/www.pogotowieflagowe.pl\/aktualne\/wp-content\/uploads\/2024\/08\/cropped-pogotowieflagowe_flaga_projekt_sm.jpg","contentUrl":"https:\/\/www.pogotowieflagowe.pl\/aktualne\/wp-content\/uploads\/2024\/08\/cropped-pogotowieflagowe_flaga_projekt_sm.jpg","width":250,"height":143,"caption":"POGOTOWIE FLAGOWE\u00ae"},"image":{"@id":"https:\/\/www.pogotowieflagowe.pl\/aktualne\/#\/schema\/logo\/image\/"}},{"@type":"Person","@id":"https:\/\/www.pogotowieflagowe.pl\/aktualne\/#\/schema\/person\/9c2fb7d2362ebf6fa088960d7f0d27b0","name":"Filip","image":{"@type":"ImageObject","inLanguage":"pl-PL","@id":"https:\/\/www.pogotowieflagowe.pl\/aktualne\/#\/schema\/person\/image\/","url":"https:\/\/www.pogotowieflagowe.pl\/aktualne\/wp-content\/uploads\/2024\/08\/pogotowieflagowe.pl_.jpg","contentUrl":"https:\/\/www.pogotowieflagowe.pl\/aktualne\/wp-content\/uploads\/2024\/08\/pogotowieflagowe.pl_.jpg","caption":"Filip"},"description":"Jestem Filip, polski dziennikarz z dyplomem nauk politycznych Uniwersytetu Warszawskiego. Rozpoczynaj\u0105c swoj\u0105 karier\u0119 w r\u00f3\u017cnych lokalnych mediach, zdoby\u0142em solidne do\u015bwiadczenie w zakresie \u015bledztwa i redakcji. Obecnie jako redaktor w Pogotowie flagowe, staram si\u0119 dostarcza\u0107 dog\u0142\u0119bne i istotne analizy na temat najwa\u017cniejszych kwestii aktualno\u015bci, \u0142\u0105cz\u0105c rygor z pasj\u0105 dziennikarsk\u0105.","sameAs":["https:\/\/www.pogotowieflagowe.pl\/"]}]}},"_links":{"self":[{"href":"https:\/\/www.pogotowieflagowe.pl\/aktualne\/wp-json\/wp\/v2\/posts\/10299","targetHints":{"allow":["GET"]}}],"collection":[{"href":"https:\/\/www.pogotowieflagowe.pl\/aktualne\/wp-json\/wp\/v2\/posts"}],"about":[{"href":"https:\/\/www.pogotowieflagowe.pl\/aktualne\/wp-json\/wp\/v2\/types\/post"}],"author":[{"embeddable":true,"href":"https:\/\/www.pogotowieflagowe.pl\/aktualne\/wp-json\/wp\/v2\/users\/1"}],"replies":[{"embeddable":true,"href":"https:\/\/www.pogotowieflagowe.pl\/aktualne\/wp-json\/wp\/v2\/comments?post=10299"}],"version-history":[{"count":1,"href":"https:\/\/www.pogotowieflagowe.pl\/aktualne\/wp-json\/wp\/v2\/posts\/10299\/revisions"}],"predecessor-version":[{"id":10300,"href":"https:\/\/www.pogotowieflagowe.pl\/aktualne\/wp-json\/wp\/v2\/posts\/10299\/revisions\/10300"}],"wp:featuredmedia":[{"embeddable":true,"href":"https:\/\/www.pogotowieflagowe.pl\/aktualne\/wp-json\/wp\/v2\/media\/7125"}],"wp:attachment":[{"href":"https:\/\/www.pogotowieflagowe.pl\/aktualne\/wp-json\/wp\/v2\/media?parent=10299"}],"wp:term":[{"taxonomy":"category","embeddable":true,"href":"https:\/\/www.pogotowieflagowe.pl\/aktualne\/wp-json\/wp\/v2\/categories?post=10299"},{"taxonomy":"post_tag","embeddable":true,"href":"https:\/\/www.pogotowieflagowe.pl\/aktualne\/wp-json\/wp\/v2\/tags?post=10299"}],"curies":[{"name":"wp","href":"https:\/\/api.w.org\/{rel}","templated":true}]}}