{"id":10310,"date":"2025-11-09T16:30:28","date_gmt":"2025-11-09T15:30:28","guid":{"rendered":"https:\/\/www.pogotowieflagowe.pl\/aktualne\/ta-ankieta-to-nokautujacy-cios-dla-koalicji-13-grudnia-tusk-nie-bylby-dzis-u-wladzy\/"},"modified":"2025-11-09T16:30:29","modified_gmt":"2025-11-09T15:30:29","slug":"ta-ankieta-to-nokautujacy-cios-dla-koalicji-13-grudnia-tusk-nie-bylby-dzis-u-wladzy","status":"publish","type":"post","link":"https:\/\/www.pogotowieflagowe.pl\/aktualne\/ta-ankieta-to-nokautujacy-cios-dla-koalicji-13-grudnia-tusk-nie-bylby-dzis-u-wladzy\/","title":{"rendered":"Ta ankieta to nokautuj\u0105cy cios dla Koalicji 13 Grudnia! Tusk nie by\u0142by dzi\u015b u w\u0142adzy"},"content":{"rendered":"\n<div class=\"td_block_wrap tdb_single_content tdi_41 td-pb-border-top td_block_template_8 td-post-content tagdiv-type\" data-td-block-uid=\"tdi_41\">\n<style>.tdi_41{margines-top:0px!important;margin-bottom:0px!important;dope\u0142nienie-g\u00f3ra:0px!important;dope\u0142nienie-d\u00f3\u0142:0px!important}<\/style>\n<style>.tdb_single_content{margin-bottom:0;*zoom:1}.tdb_single_content:before,.tdb_single_content:after{display:table;content:'';line-height:0}.tdb_single_content:after{clear:both}.tdb_single_content .tdb-block-inner>*:not(.wp-block-quote):not(.alignwide):not(.alignfull.wp-block-cover.has-parallax):not(.td-a-ad){margin-left:auto;margin-right:auto}.tdb_single_content a{pointer-events:auto}.tdb_single_content .td-spot-id-top_ad .tdc-placeholder-title:before{content:'Najlepsza reklama artyku\u0142u'!important}.tdb_single_content .td-spot-id-inline_ad0 .tdc-placeholder-title:before{content:'Reklama wbudowana artyku\u0142u 1'!important}.tdb_single_content .td-spot-id-inline_ad1 .tdc-placeholder-title:before{content:'Wbudowana reklama w artykule 2'!important}.tdb_single_content .td-spot-id-inline_ad2 .tdc-placeholder-title:before{content:'Wbudowana reklama w artykule 3'!important}.tdb_single_content .td-spot-id-bottom_ad .tdc-placeholder-title:before{content:'Article Bottom Ad'!important}.tdb_single_content .id_top_ad,.tdb_single_content .id_bottom_ad{clear:both;margin-bottom:21px;text-align:center}.tdb_single_content .id_top_ad img,.tdb_single_content .id_bottom_ad img{margin-bottom:0}.tdb_single_content .id_top_ad .adsbygoogle,.tdb_single_content .id_bottom_ad .adsbygoogle{position:relative}.tdb_single_content .id_ad_content-horiz-left,.tdb_single_content .id_ad_content-horiz-right,.tdb_single_content .id_ad_content-horiz-center{margin-bottom:15px}.tdb_single_content .id_ad_content-horiz-left img,.tdb_single_content .id_ad_content-horiz-right img,.tdb_single_content .id_ad_content-horiz-center img{margin-bottom:0}.tdb_single_content .id_ad_content-horiz-center{text-align:center}.tdb_single_content .id_ad_content-horiz-center img{margin-right:auto;margin-left:auto}.tdb_single_content .id_ad_content-horiz-left{float:left;margin-top:9px;margin-right:21px}.tdb_single_content .id_ad_content-horiz-right{float:right;margin-top:6px;margin-left:21px}.tdb_single_content .tdc-a-ad .tdc-placeholder-title{width:300px;height:250px}.tdb_single_content .tdc-a-ad .tdc-placeholder-title:before{position:absolute;top:50%;-webkit-transform:translateY(-50%);transform:translateY(-50%);margin:auto;display:table;width:100%}.tdb_single_content .tdb-block-inner.td-fix-index{word-break:break-word}.tdi_41,.tdi_41>p,.tdi_41 .tdb-block-inner>p,.wp-block-column>p{font-size:16px!important;line-height:1.6!important}.tdi_41 .tdb-block-inner blockquote p{font-style:normal!important}@media (max-width:767px){.tdb_single_content .id_ad_content-horiz-left,.tdb_single_content .id_ad_content-horiz-right,.tdb_single_content .id_ad_content-horiz-center{margin:0 auto 26 pikseli auto}}@media (max-width:767px){.tdb_single_content .id_ad_content-horiz-left{margin-right:0}}@media (max-width:767px){.tdb_single_content .id_ad_content-horiz-right{margin-left:0}}@media (max-width:767px){.tdb_single_content .td-a-ad{float:none;text-align:center}.tdb_single_content .td-a-ad img{margin-right:auto;margin-left:auto}.tdb_single_content .tdc-a-ad{float:none}}<\/style>\n<div class=\"tdb-block-inner td-fix-index\">\n<p>Jak g\u0142osowaliby Polacy, gdyby dzisiaj odby\u0142y si\u0119 wybory parlamentarne? Agencja Research Partner sprawdzi\u0142a to za pomoc\u0105 panelu Ariadna \u2013 i wniosek jest jasny: ekipa Tuska straci\u0142aby wi\u0119kszo\u015b\u0107.<\/p>\n<h3 class=\"wp-block-heading\">KO na prowadzeniu, ale\u2026<\/h3>\n<p>Jak wynika z sonda\u017cu opublikowanego w \u015brod\u0119 przez Research Partner i przeprowadzonego za po\u015brednictwem panelu Ariadna, gdyby w najbli\u017csz\u0105 niedziel\u0119 odby\u0142y si\u0119 wybory parlamentarne, <strong>Koalicja Obywatelska (KO)<\/strong> przyszed\u0142by jako pierwszy <strong>29 procent<\/strong> g\u0142osowania.<\/p>\n<p><strong>Prawo i Sprawiedliwo\u015b\u0107 (PiS)<\/strong> otrzyma\u0142by <strong>27,6 proc<\/strong>chwila <strong>Konfederacja<\/strong> zaj\u0105\u0142by trzecie miejsce z <strong>11,6 proc<\/strong>wsparcie.<\/p>\n<p>Wej\u015bcie do parlamentu te\u017c by\u0142oby <strong>lewica (bez partii Razem)<\/strong>wspierany przez <strong>7,1 proc<\/strong> respondent\u00f3w oraz <strong>Konfederacji Korony Polskiej<\/strong>wybrany przez <strong>6,4 proc<\/strong> ankietowanych.<\/p>\n<p>Poni\u017cej progu wyborczego by\u0142oby <strong>Polska 2050 (3 proc.)<\/strong>, <strong>Partia Razem (2,9 proc.)<\/strong>I <strong>Polskie Stronnictwo Ludowe (PSL) (1,1 proc.)<\/strong>. Inne mniejsze grupy wskazano przez <strong>1,5 proc<\/strong> uczestnik\u00f3w. O <strong>10 procent<\/strong> respondent\u00f3w stwierdzi\u0142o, \u017ce jest niezdecydowanych.<\/p>\n<p>Zaanga\u017cowanie wyborc\u00f3w pozostaje wysokie \u2014 <strong>69,3 proc<\/strong> Polak\u00f3w zadeklarowa\u0142o udzia\u0142 w wyborach (m.in <strong>\u201eZdecydowanie tak\u201d 53,8 proc.<\/strong> I <strong>\u201eraczej tak\u201d 15,5 proc.<\/strong>).<\/p>\n<h3 class=\"wp-block-heading\">Podzia\u0142 mandat\u00f3w pozbawi\u0142by Tuska w\u0142adzy<\/h3>\n<p>Badanie to pokazuje <strong>Koalicja Obywatelska zdob\u0119dzie 179 mandat\u00f3w<\/strong>, <strong>PiS \u2013 178<\/strong>, <strong>Konfederacja \u2013 56<\/strong>, <strong>lewica \u2013 27<\/strong>I <strong>Konfederacja Korony Polskiej \u2013 20<\/strong>.<\/p>\n<p>Ta dystrybucja oznacza, \u017ce <strong>obecna koalicja rz\u0105dz\u0105ca zapewni\u0142aby \u0142\u0105cznie 206 mandat\u00f3w<\/strong>chwila <strong>partie opozycyjne posiada\u0142yby 254 mandaty<\/strong> w izbie ni\u017cszej parlamentu. Wyniki wyra\u017anie na to wskazuj\u0105 <strong>Koalicja Donalda Tuska nie mia\u0142aby ju\u017c dzi\u015b wi\u0119kszo\u015bci parlamentarnej<\/strong>.<\/p>\n<p>Ankieta zosta\u0142a przeprowadzona przez Research Partner przy wykorzystaniu Panelu Badawczego Ariadna pomi\u0119dzy <strong>31 pa\u017adziernika i 3 listopada 2025 r<\/strong>na <strong>og\u00f3lnopolska pr\u00f3ba licz\u0105ca 1090 os\u00f3b w wieku 18 lat i wi\u0119cej<\/strong>dobrane ze wzgl\u0119du na p\u0142e\u0107, wiek i wielko\u015b\u0107 miejsca zamieszkania.<\/p>\n<\/div>\n<\/div>\n","protected":false},"excerpt":{"rendered":"<p>Jak g\u0142osowaliby Polacy, gdyby dzisiaj odby\u0142y si\u0119 wybory parlamentarne? Agencja Research Partner sprawdzi\u0142a to za pomoc\u0105 panelu Ariadna \u2013 i<\/p>\n","protected":false},"author":1,"featured_media":10053,"comment_status":"open","ping_status":"open","sticky":false,"template":"","format":"standard","meta":{"footnotes":""},"categories":[4748],"tags":[7809,6210,3604,131,3654,3426,3843,450,11798,221,2437],"class_list":["post-10310","post","type-post","status-publish","format-standard","has-post-thumbnail","hentry","category-aktualne","tag-ankieta","tag-bylby","tag-cios","tag-dla","tag-dzis","tag-grudnia","tag-koalicji","tag-nie","tag-nokautujacy","tag-tusk","tag-wladzy","generate-columns","tablet-grid-50","mobile-grid-100","grid-parent","grid-50","resize-featured-image"],"yoast_head":"<!-- This site is optimized with the Yoast SEO plugin v23.2 - https:\/\/yoast.com\/wordpress\/plugins\/seo\/ -->\n<title>Ta ankieta to nokautuj\u0105cy cios dla Koalicji 13 Grudnia! Tusk nie by\u0142by dzi\u015b u w\u0142adzy - POGOTOWIE FLAGOWE\u00ae<\/title>\n<meta name=\"robots\" content=\"index, follow, max-snippet:-1, max-image-preview:large, max-video-preview:-1\" \/>\n<link rel=\"canonical\" href=\"https:\/\/www.pogotowieflagowe.pl\/aktualne\/ta-ankieta-to-nokautujacy-cios-dla-koalicji-13-grudnia-tusk-nie-bylby-dzis-u-wladzy\/\" \/>\n<meta property=\"og:locale\" content=\"pl_PL\" \/>\n<meta property=\"og:type\" content=\"article\" \/>\n<meta property=\"og:title\" content=\"Ta ankieta to nokautuj\u0105cy cios dla Koalicji 13 Grudnia! Tusk nie by\u0142by dzi\u015b u w\u0142adzy - POGOTOWIE FLAGOWE\u00ae\" \/>\n<meta property=\"og:description\" content=\"Jak g\u0142osowaliby Polacy, gdyby dzisiaj odby\u0142y si\u0119 wybory parlamentarne? Agencja Research Partner sprawdzi\u0142a to za pomoc\u0105 panelu Ariadna \u2013 i\" \/>\n<meta property=\"og:url\" content=\"https:\/\/www.pogotowieflagowe.pl\/aktualne\/ta-ankieta-to-nokautujacy-cios-dla-koalicji-13-grudnia-tusk-nie-bylby-dzis-u-wladzy\/\" \/>\n<meta property=\"og:site_name\" content=\"POGOTOWIE FLAGOWE\u00ae\" \/>\n<meta property=\"article:published_time\" content=\"2025-11-09T15:30:28+00:00\" \/>\n<meta property=\"article:modified_time\" content=\"2025-11-09T15:30:29+00:00\" \/>\n<meta property=\"og:image\" content=\"https:\/\/www.pogotowieflagowe.pl\/aktualne\/wp-content\/uploads\/2025\/11\/Orban-w-obszernym-poscie-o-Tusku-\u201eMa-powazne-problemy-w.jpg\" \/>\n\t<meta property=\"og:image:width\" content=\"1000\" \/>\n\t<meta property=\"og:image:height\" content=\"562\" \/>\n\t<meta property=\"og:image:type\" content=\"image\/jpeg\" \/>\n<meta name=\"author\" content=\"Filip\" \/>\n<meta name=\"twitter:card\" content=\"summary_large_image\" \/>\n<meta name=\"twitter:label1\" content=\"Napisane przez\" \/>\n\t<meta name=\"twitter:data1\" content=\"Filip\" \/>\n\t<meta name=\"twitter:label2\" content=\"Szacowany czas czytania\" \/>\n\t<meta name=\"twitter:data2\" content=\"1 minuta\" \/>\n<script type=\"application\/ld+json\" class=\"yoast-schema-graph\">{\"@context\":\"https:\/\/schema.org\",\"@graph\":[{\"@type\":\"Article\",\"@id\":\"https:\/\/www.pogotowieflagowe.pl\/aktualne\/ta-ankieta-to-nokautujacy-cios-dla-koalicji-13-grudnia-tusk-nie-bylby-dzis-u-wladzy\/#article\",\"isPartOf\":{\"@id\":\"https:\/\/www.pogotowieflagowe.pl\/aktualne\/ta-ankieta-to-nokautujacy-cios-dla-koalicji-13-grudnia-tusk-nie-bylby-dzis-u-wladzy\/\"},\"author\":{\"name\":\"Filip\",\"@id\":\"https:\/\/www.pogotowieflagowe.pl\/aktualne\/#\/schema\/person\/9c2fb7d2362ebf6fa088960d7f0d27b0\"},\"headline\":\"Ta ankieta to nokautuj\u0105cy cios dla Koalicji 13 Grudnia! Tusk nie by\u0142by dzi\u015b u w\u0142adzy\",\"datePublished\":\"2025-11-09T15:30:28+00:00\",\"dateModified\":\"2025-11-09T15:30:29+00:00\",\"mainEntityOfPage\":{\"@id\":\"https:\/\/www.pogotowieflagowe.pl\/aktualne\/ta-ankieta-to-nokautujacy-cios-dla-koalicji-13-grudnia-tusk-nie-bylby-dzis-u-wladzy\/\"},\"wordCount\":294,\"commentCount\":0,\"publisher\":{\"@id\":\"https:\/\/www.pogotowieflagowe.pl\/aktualne\/#organization\"},\"image\":{\"@id\":\"https:\/\/www.pogotowieflagowe.pl\/aktualne\/ta-ankieta-to-nokautujacy-cios-dla-koalicji-13-grudnia-tusk-nie-bylby-dzis-u-wladzy\/#primaryimage\"},\"thumbnailUrl\":\"https:\/\/www.pogotowieflagowe.pl\/aktualne\/wp-content\/uploads\/2025\/11\/Orban-w-obszernym-poscie-o-Tusku-\u201eMa-powazne-problemy-w.jpg\",\"keywords\":[\"ankieta\",\"by\u0142by\",\"cios\",\"dla\",\"dzi\u015b\",\"grudnia\",\"Koalicji\",\"Nie\",\"nokautuj\u0105cy\",\"Tusk\",\"w\u0142adzy\"],\"articleSection\":[\"Aktualne\"],\"inLanguage\":\"pl-PL\",\"potentialAction\":[{\"@type\":\"CommentAction\",\"name\":\"Comment\",\"target\":[\"https:\/\/www.pogotowieflagowe.pl\/aktualne\/ta-ankieta-to-nokautujacy-cios-dla-koalicji-13-grudnia-tusk-nie-bylby-dzis-u-wladzy\/#respond\"]}]},{\"@type\":\"WebPage\",\"@id\":\"https:\/\/www.pogotowieflagowe.pl\/aktualne\/ta-ankieta-to-nokautujacy-cios-dla-koalicji-13-grudnia-tusk-nie-bylby-dzis-u-wladzy\/\",\"url\":\"https:\/\/www.pogotowieflagowe.pl\/aktualne\/ta-ankieta-to-nokautujacy-cios-dla-koalicji-13-grudnia-tusk-nie-bylby-dzis-u-wladzy\/\",\"name\":\"Ta ankieta to nokautuj\u0105cy cios dla Koalicji 13 Grudnia! Tusk nie by\u0142by dzi\u015b u w\u0142adzy - POGOTOWIE FLAGOWE\u00ae\",\"isPartOf\":{\"@id\":\"https:\/\/www.pogotowieflagowe.pl\/aktualne\/#website\"},\"primaryImageOfPage\":{\"@id\":\"https:\/\/www.pogotowieflagowe.pl\/aktualne\/ta-ankieta-to-nokautujacy-cios-dla-koalicji-13-grudnia-tusk-nie-bylby-dzis-u-wladzy\/#primaryimage\"},\"image\":{\"@id\":\"https:\/\/www.pogotowieflagowe.pl\/aktualne\/ta-ankieta-to-nokautujacy-cios-dla-koalicji-13-grudnia-tusk-nie-bylby-dzis-u-wladzy\/#primaryimage\"},\"thumbnailUrl\":\"https:\/\/www.pogotowieflagowe.pl\/aktualne\/wp-content\/uploads\/2025\/11\/Orban-w-obszernym-poscie-o-Tusku-\u201eMa-powazne-problemy-w.jpg\",\"datePublished\":\"2025-11-09T15:30:28+00:00\",\"dateModified\":\"2025-11-09T15:30:29+00:00\",\"breadcrumb\":{\"@id\":\"https:\/\/www.pogotowieflagowe.pl\/aktualne\/ta-ankieta-to-nokautujacy-cios-dla-koalicji-13-grudnia-tusk-nie-bylby-dzis-u-wladzy\/#breadcrumb\"},\"inLanguage\":\"pl-PL\",\"potentialAction\":[{\"@type\":\"ReadAction\",\"target\":[\"https:\/\/www.pogotowieflagowe.pl\/aktualne\/ta-ankieta-to-nokautujacy-cios-dla-koalicji-13-grudnia-tusk-nie-bylby-dzis-u-wladzy\/\"]}]},{\"@type\":\"ImageObject\",\"inLanguage\":\"pl-PL\",\"@id\":\"https:\/\/www.pogotowieflagowe.pl\/aktualne\/ta-ankieta-to-nokautujacy-cios-dla-koalicji-13-grudnia-tusk-nie-bylby-dzis-u-wladzy\/#primaryimage\",\"url\":\"https:\/\/www.pogotowieflagowe.pl\/aktualne\/wp-content\/uploads\/2025\/11\/Orban-w-obszernym-poscie-o-Tusku-\u201eMa-powazne-problemy-w.jpg\",\"contentUrl\":\"https:\/\/www.pogotowieflagowe.pl\/aktualne\/wp-content\/uploads\/2025\/11\/Orban-w-obszernym-poscie-o-Tusku-\u201eMa-powazne-problemy-w.jpg\",\"width\":1000,\"height\":562,\"caption\":\"Orb\u00e1n w obszernym po\u015bcie o Tusku: \u201eMa powa\u017cne problemy w domu\u201d\"},{\"@type\":\"BreadcrumbList\",\"@id\":\"https:\/\/www.pogotowieflagowe.pl\/aktualne\/ta-ankieta-to-nokautujacy-cios-dla-koalicji-13-grudnia-tusk-nie-bylby-dzis-u-wladzy\/#breadcrumb\",\"itemListElement\":[{\"@type\":\"ListItem\",\"position\":1,\"name\":\"Home\",\"item\":\"https:\/\/www.pogotowieflagowe.pl\/aktualne\/\"},{\"@type\":\"ListItem\",\"position\":2,\"name\":\"Ta ankieta to nokautuj\u0105cy cios dla Koalicji 13 Grudnia! Tusk nie by\u0142by dzi\u015b u w\u0142adzy\"}]},{\"@type\":\"WebSite\",\"@id\":\"https:\/\/www.pogotowieflagowe.pl\/aktualne\/#website\",\"url\":\"https:\/\/www.pogotowieflagowe.pl\/aktualne\/\",\"name\":\"POGOTOWIE FLAGOWE\u00ae\",\"description\":\"\",\"publisher\":{\"@id\":\"https:\/\/www.pogotowieflagowe.pl\/aktualne\/#organization\"},\"potentialAction\":[{\"@type\":\"SearchAction\",\"target\":{\"@type\":\"EntryPoint\",\"urlTemplate\":\"https:\/\/www.pogotowieflagowe.pl\/aktualne\/?s={search_term_string}\"},\"query-input\":\"required name=search_term_string\"}],\"inLanguage\":\"pl-PL\"},{\"@type\":\"Organization\",\"@id\":\"https:\/\/www.pogotowieflagowe.pl\/aktualne\/#organization\",\"name\":\"POGOTOWIE FLAGOWE\u00ae\",\"url\":\"https:\/\/www.pogotowieflagowe.pl\/aktualne\/\",\"logo\":{\"@type\":\"ImageObject\",\"inLanguage\":\"pl-PL\",\"@id\":\"https:\/\/www.pogotowieflagowe.pl\/aktualne\/#\/schema\/logo\/image\/\",\"url\":\"https:\/\/www.pogotowieflagowe.pl\/aktualne\/wp-content\/uploads\/2024\/08\/cropped-pogotowieflagowe_flaga_projekt_sm.jpg\",\"contentUrl\":\"https:\/\/www.pogotowieflagowe.pl\/aktualne\/wp-content\/uploads\/2024\/08\/cropped-pogotowieflagowe_flaga_projekt_sm.jpg\",\"width\":250,\"height\":143,\"caption\":\"POGOTOWIE FLAGOWE\u00ae\"},\"image\":{\"@id\":\"https:\/\/www.pogotowieflagowe.pl\/aktualne\/#\/schema\/logo\/image\/\"}},{\"@type\":\"Person\",\"@id\":\"https:\/\/www.pogotowieflagowe.pl\/aktualne\/#\/schema\/person\/9c2fb7d2362ebf6fa088960d7f0d27b0\",\"name\":\"Filip\",\"image\":{\"@type\":\"ImageObject\",\"inLanguage\":\"pl-PL\",\"@id\":\"https:\/\/www.pogotowieflagowe.pl\/aktualne\/#\/schema\/person\/image\/\",\"url\":\"https:\/\/www.pogotowieflagowe.pl\/aktualne\/wp-content\/uploads\/2024\/08\/pogotowieflagowe.pl_.jpg\",\"contentUrl\":\"https:\/\/www.pogotowieflagowe.pl\/aktualne\/wp-content\/uploads\/2024\/08\/pogotowieflagowe.pl_.jpg\",\"caption\":\"Filip\"},\"description\":\"Jestem Filip, polski dziennikarz z dyplomem nauk politycznych Uniwersytetu Warszawskiego. Rozpoczynaj\u0105c swoj\u0105 karier\u0119 w r\u00f3\u017cnych lokalnych mediach, zdoby\u0142em solidne do\u015bwiadczenie w zakresie \u015bledztwa i redakcji. Obecnie jako redaktor w Pogotowie flagowe, staram si\u0119 dostarcza\u0107 dog\u0142\u0119bne i istotne analizy na temat najwa\u017cniejszych kwestii aktualno\u015bci, \u0142\u0105cz\u0105c rygor z pasj\u0105 dziennikarsk\u0105.\",\"sameAs\":[\"https:\/\/www.pogotowieflagowe.pl\/\"]}]}<\/script>\n<!-- \/ Yoast SEO plugin. -->","yoast_head_json":{"title":"Ta ankieta to nokautuj\u0105cy cios dla Koalicji 13 Grudnia! Tusk nie by\u0142by dzi\u015b u w\u0142adzy - POGOTOWIE FLAGOWE\u00ae","robots":{"index":"index","follow":"follow","max-snippet":"max-snippet:-1","max-image-preview":"max-image-preview:large","max-video-preview":"max-video-preview:-1"},"canonical":"https:\/\/www.pogotowieflagowe.pl\/aktualne\/ta-ankieta-to-nokautujacy-cios-dla-koalicji-13-grudnia-tusk-nie-bylby-dzis-u-wladzy\/","og_locale":"pl_PL","og_type":"article","og_title":"Ta ankieta to nokautuj\u0105cy cios dla Koalicji 13 Grudnia! Tusk nie by\u0142by dzi\u015b u w\u0142adzy - POGOTOWIE FLAGOWE\u00ae","og_description":"Jak g\u0142osowaliby Polacy, gdyby dzisiaj odby\u0142y si\u0119 wybory parlamentarne? Agencja Research Partner sprawdzi\u0142a to za pomoc\u0105 panelu Ariadna \u2013 i","og_url":"https:\/\/www.pogotowieflagowe.pl\/aktualne\/ta-ankieta-to-nokautujacy-cios-dla-koalicji-13-grudnia-tusk-nie-bylby-dzis-u-wladzy\/","og_site_name":"POGOTOWIE FLAGOWE\u00ae","article_published_time":"2025-11-09T15:30:28+00:00","article_modified_time":"2025-11-09T15:30:29+00:00","og_image":[{"width":1000,"height":562,"url":"https:\/\/www.pogotowieflagowe.pl\/aktualne\/wp-content\/uploads\/2025\/11\/Orban-w-obszernym-poscie-o-Tusku-\u201eMa-powazne-problemy-w.jpg","type":"image\/jpeg"}],"author":"Filip","twitter_card":"summary_large_image","twitter_misc":{"Napisane przez":"Filip","Szacowany czas czytania":"1 minuta"},"schema":{"@context":"https:\/\/schema.org","@graph":[{"@type":"Article","@id":"https:\/\/www.pogotowieflagowe.pl\/aktualne\/ta-ankieta-to-nokautujacy-cios-dla-koalicji-13-grudnia-tusk-nie-bylby-dzis-u-wladzy\/#article","isPartOf":{"@id":"https:\/\/www.pogotowieflagowe.pl\/aktualne\/ta-ankieta-to-nokautujacy-cios-dla-koalicji-13-grudnia-tusk-nie-bylby-dzis-u-wladzy\/"},"author":{"name":"Filip","@id":"https:\/\/www.pogotowieflagowe.pl\/aktualne\/#\/schema\/person\/9c2fb7d2362ebf6fa088960d7f0d27b0"},"headline":"Ta ankieta to nokautuj\u0105cy cios dla Koalicji 13 Grudnia! Tusk nie by\u0142by dzi\u015b u w\u0142adzy","datePublished":"2025-11-09T15:30:28+00:00","dateModified":"2025-11-09T15:30:29+00:00","mainEntityOfPage":{"@id":"https:\/\/www.pogotowieflagowe.pl\/aktualne\/ta-ankieta-to-nokautujacy-cios-dla-koalicji-13-grudnia-tusk-nie-bylby-dzis-u-wladzy\/"},"wordCount":294,"commentCount":0,"publisher":{"@id":"https:\/\/www.pogotowieflagowe.pl\/aktualne\/#organization"},"image":{"@id":"https:\/\/www.pogotowieflagowe.pl\/aktualne\/ta-ankieta-to-nokautujacy-cios-dla-koalicji-13-grudnia-tusk-nie-bylby-dzis-u-wladzy\/#primaryimage"},"thumbnailUrl":"https:\/\/www.pogotowieflagowe.pl\/aktualne\/wp-content\/uploads\/2025\/11\/Orban-w-obszernym-poscie-o-Tusku-\u201eMa-powazne-problemy-w.jpg","keywords":["ankieta","by\u0142by","cios","dla","dzi\u015b","grudnia","Koalicji","Nie","nokautuj\u0105cy","Tusk","w\u0142adzy"],"articleSection":["Aktualne"],"inLanguage":"pl-PL","potentialAction":[{"@type":"CommentAction","name":"Comment","target":["https:\/\/www.pogotowieflagowe.pl\/aktualne\/ta-ankieta-to-nokautujacy-cios-dla-koalicji-13-grudnia-tusk-nie-bylby-dzis-u-wladzy\/#respond"]}]},{"@type":"WebPage","@id":"https:\/\/www.pogotowieflagowe.pl\/aktualne\/ta-ankieta-to-nokautujacy-cios-dla-koalicji-13-grudnia-tusk-nie-bylby-dzis-u-wladzy\/","url":"https:\/\/www.pogotowieflagowe.pl\/aktualne\/ta-ankieta-to-nokautujacy-cios-dla-koalicji-13-grudnia-tusk-nie-bylby-dzis-u-wladzy\/","name":"Ta ankieta to nokautuj\u0105cy cios dla Koalicji 13 Grudnia! Tusk nie by\u0142by dzi\u015b u w\u0142adzy - POGOTOWIE FLAGOWE\u00ae","isPartOf":{"@id":"https:\/\/www.pogotowieflagowe.pl\/aktualne\/#website"},"primaryImageOfPage":{"@id":"https:\/\/www.pogotowieflagowe.pl\/aktualne\/ta-ankieta-to-nokautujacy-cios-dla-koalicji-13-grudnia-tusk-nie-bylby-dzis-u-wladzy\/#primaryimage"},"image":{"@id":"https:\/\/www.pogotowieflagowe.pl\/aktualne\/ta-ankieta-to-nokautujacy-cios-dla-koalicji-13-grudnia-tusk-nie-bylby-dzis-u-wladzy\/#primaryimage"},"thumbnailUrl":"https:\/\/www.pogotowieflagowe.pl\/aktualne\/wp-content\/uploads\/2025\/11\/Orban-w-obszernym-poscie-o-Tusku-\u201eMa-powazne-problemy-w.jpg","datePublished":"2025-11-09T15:30:28+00:00","dateModified":"2025-11-09T15:30:29+00:00","breadcrumb":{"@id":"https:\/\/www.pogotowieflagowe.pl\/aktualne\/ta-ankieta-to-nokautujacy-cios-dla-koalicji-13-grudnia-tusk-nie-bylby-dzis-u-wladzy\/#breadcrumb"},"inLanguage":"pl-PL","potentialAction":[{"@type":"ReadAction","target":["https:\/\/www.pogotowieflagowe.pl\/aktualne\/ta-ankieta-to-nokautujacy-cios-dla-koalicji-13-grudnia-tusk-nie-bylby-dzis-u-wladzy\/"]}]},{"@type":"ImageObject","inLanguage":"pl-PL","@id":"https:\/\/www.pogotowieflagowe.pl\/aktualne\/ta-ankieta-to-nokautujacy-cios-dla-koalicji-13-grudnia-tusk-nie-bylby-dzis-u-wladzy\/#primaryimage","url":"https:\/\/www.pogotowieflagowe.pl\/aktualne\/wp-content\/uploads\/2025\/11\/Orban-w-obszernym-poscie-o-Tusku-\u201eMa-powazne-problemy-w.jpg","contentUrl":"https:\/\/www.pogotowieflagowe.pl\/aktualne\/wp-content\/uploads\/2025\/11\/Orban-w-obszernym-poscie-o-Tusku-\u201eMa-powazne-problemy-w.jpg","width":1000,"height":562,"caption":"Orb\u00e1n w obszernym po\u015bcie o Tusku: \u201eMa powa\u017cne problemy w domu\u201d"},{"@type":"BreadcrumbList","@id":"https:\/\/www.pogotowieflagowe.pl\/aktualne\/ta-ankieta-to-nokautujacy-cios-dla-koalicji-13-grudnia-tusk-nie-bylby-dzis-u-wladzy\/#breadcrumb","itemListElement":[{"@type":"ListItem","position":1,"name":"Home","item":"https:\/\/www.pogotowieflagowe.pl\/aktualne\/"},{"@type":"ListItem","position":2,"name":"Ta ankieta to nokautuj\u0105cy cios dla Koalicji 13 Grudnia! Tusk nie by\u0142by dzi\u015b u w\u0142adzy"}]},{"@type":"WebSite","@id":"https:\/\/www.pogotowieflagowe.pl\/aktualne\/#website","url":"https:\/\/www.pogotowieflagowe.pl\/aktualne\/","name":"POGOTOWIE FLAGOWE\u00ae","description":"","publisher":{"@id":"https:\/\/www.pogotowieflagowe.pl\/aktualne\/#organization"},"potentialAction":[{"@type":"SearchAction","target":{"@type":"EntryPoint","urlTemplate":"https:\/\/www.pogotowieflagowe.pl\/aktualne\/?s={search_term_string}"},"query-input":"required name=search_term_string"}],"inLanguage":"pl-PL"},{"@type":"Organization","@id":"https:\/\/www.pogotowieflagowe.pl\/aktualne\/#organization","name":"POGOTOWIE FLAGOWE\u00ae","url":"https:\/\/www.pogotowieflagowe.pl\/aktualne\/","logo":{"@type":"ImageObject","inLanguage":"pl-PL","@id":"https:\/\/www.pogotowieflagowe.pl\/aktualne\/#\/schema\/logo\/image\/","url":"https:\/\/www.pogotowieflagowe.pl\/aktualne\/wp-content\/uploads\/2024\/08\/cropped-pogotowieflagowe_flaga_projekt_sm.jpg","contentUrl":"https:\/\/www.pogotowieflagowe.pl\/aktualne\/wp-content\/uploads\/2024\/08\/cropped-pogotowieflagowe_flaga_projekt_sm.jpg","width":250,"height":143,"caption":"POGOTOWIE FLAGOWE\u00ae"},"image":{"@id":"https:\/\/www.pogotowieflagowe.pl\/aktualne\/#\/schema\/logo\/image\/"}},{"@type":"Person","@id":"https:\/\/www.pogotowieflagowe.pl\/aktualne\/#\/schema\/person\/9c2fb7d2362ebf6fa088960d7f0d27b0","name":"Filip","image":{"@type":"ImageObject","inLanguage":"pl-PL","@id":"https:\/\/www.pogotowieflagowe.pl\/aktualne\/#\/schema\/person\/image\/","url":"https:\/\/www.pogotowieflagowe.pl\/aktualne\/wp-content\/uploads\/2024\/08\/pogotowieflagowe.pl_.jpg","contentUrl":"https:\/\/www.pogotowieflagowe.pl\/aktualne\/wp-content\/uploads\/2024\/08\/pogotowieflagowe.pl_.jpg","caption":"Filip"},"description":"Jestem Filip, polski dziennikarz z dyplomem nauk politycznych Uniwersytetu Warszawskiego. Rozpoczynaj\u0105c swoj\u0105 karier\u0119 w r\u00f3\u017cnych lokalnych mediach, zdoby\u0142em solidne do\u015bwiadczenie w zakresie \u015bledztwa i redakcji. Obecnie jako redaktor w Pogotowie flagowe, staram si\u0119 dostarcza\u0107 dog\u0142\u0119bne i istotne analizy na temat najwa\u017cniejszych kwestii aktualno\u015bci, \u0142\u0105cz\u0105c rygor z pasj\u0105 dziennikarsk\u0105.","sameAs":["https:\/\/www.pogotowieflagowe.pl\/"]}]}},"_links":{"self":[{"href":"https:\/\/www.pogotowieflagowe.pl\/aktualne\/wp-json\/wp\/v2\/posts\/10310","targetHints":{"allow":["GET"]}}],"collection":[{"href":"https:\/\/www.pogotowieflagowe.pl\/aktualne\/wp-json\/wp\/v2\/posts"}],"about":[{"href":"https:\/\/www.pogotowieflagowe.pl\/aktualne\/wp-json\/wp\/v2\/types\/post"}],"author":[{"embeddable":true,"href":"https:\/\/www.pogotowieflagowe.pl\/aktualne\/wp-json\/wp\/v2\/users\/1"}],"replies":[{"embeddable":true,"href":"https:\/\/www.pogotowieflagowe.pl\/aktualne\/wp-json\/wp\/v2\/comments?post=10310"}],"version-history":[{"count":1,"href":"https:\/\/www.pogotowieflagowe.pl\/aktualne\/wp-json\/wp\/v2\/posts\/10310\/revisions"}],"predecessor-version":[{"id":10311,"href":"https:\/\/www.pogotowieflagowe.pl\/aktualne\/wp-json\/wp\/v2\/posts\/10310\/revisions\/10311"}],"wp:featuredmedia":[{"embeddable":true,"href":"https:\/\/www.pogotowieflagowe.pl\/aktualne\/wp-json\/wp\/v2\/media\/10053"}],"wp:attachment":[{"href":"https:\/\/www.pogotowieflagowe.pl\/aktualne\/wp-json\/wp\/v2\/media?parent=10310"}],"wp:term":[{"taxonomy":"category","embeddable":true,"href":"https:\/\/www.pogotowieflagowe.pl\/aktualne\/wp-json\/wp\/v2\/categories?post=10310"},{"taxonomy":"post_tag","embeddable":true,"href":"https:\/\/www.pogotowieflagowe.pl\/aktualne\/wp-json\/wp\/v2\/tags?post=10310"}],"curies":[{"name":"wp","href":"https:\/\/api.w.org\/{rel}","templated":true}]}}