{"id":10312,"date":"2025-11-09T16:34:23","date_gmt":"2025-11-09T15:34:23","guid":{"rendered":"https:\/\/www.pogotowieflagowe.pl\/aktualne\/inzynierowie-nie-pomogli-niemcy-borykaja-sie-z-niedoborem-ponad-cwierc-miliona-wykwalifikowanych-pracownikow\/"},"modified":"2025-11-09T16:34:24","modified_gmt":"2025-11-09T15:34:24","slug":"inzynierowie-nie-pomogli-niemcy-borykaja-sie-z-niedoborem-ponad-cwierc-miliona-wykwalifikowanych-pracownikow","status":"publish","type":"post","link":"https:\/\/www.pogotowieflagowe.pl\/aktualne\/inzynierowie-nie-pomogli-niemcy-borykaja-sie-z-niedoborem-ponad-cwierc-miliona-wykwalifikowanych-pracownikow\/","title":{"rendered":"\u201eIn\u017cynierowie\u201d nie pomogli? Niemcy borykaj\u0105 si\u0119 z niedoborem ponad \u0107wier\u0107 miliona wykwalifikowanych pracownik\u00f3w"},"content":{"rendered":"\n<div class=\"td_block_wrap tdb_single_content tdi_41 td-pb-border-top td_block_template_8 td-post-content tagdiv-type\" data-td-block-uid=\"tdi_41\">\n<style>.tdi_41{margines-top:0px!important;margin-bottom:0px!important;dope\u0142nienie-g\u00f3ra:0px!important;dope\u0142nienie-d\u00f3\u0142:0px!important}<\/style>\n<style>.tdb_single_content{margin-bottom:0;*zoom:1}.tdb_single_content:before,.tdb_single_content:after{display:table;content:'';line-height:0}.tdb_single_content:after{clear:both}.tdb_single_content .tdb-block-inner>*:not(.wp-block-quote):not(.alignwide):not(.alignfull.wp-block-cover.has-parallax):not(.td-a-ad){margin-left:auto;margin-right:auto}.tdb_single_content a{pointer-events:auto}.tdb_single_content .td-spot-id-top_ad .tdc-placeholder-title:before{content:'Najlepsza reklama artyku\u0142u'!important}.tdb_single_content .td-spot-id-inline_ad0 .tdc-placeholder-title:before{content:'Reklama wbudowana artyku\u0142u 1'!important}.tdb_single_content .td-spot-id-inline_ad1 .tdc-placeholder-title:before{content:'Wbudowana reklama w artykule 2'!important}.tdb_single_content .td-spot-id-inline_ad2 .tdc-placeholder-title:before{content:'Wbudowana reklama w artykule 3'!important}.tdb_single_content .td-spot-id-bottom_ad .tdc-placeholder-title:before{content:'Article Bottom Ad'!important}.tdb_single_content .id_top_ad,.tdb_single_content .id_bottom_ad{clear:both;margin-bottom:21px;text-align:center}.tdb_single_content .id_top_ad img,.tdb_single_content .id_bottom_ad img{margin-bottom:0}.tdb_single_content .id_top_ad .adsbygoogle,.tdb_single_content .id_bottom_ad .adsbygoogle{position:relative}.tdb_single_content .id_ad_content-horiz-left,.tdb_single_content .id_ad_content-horiz-right,.tdb_single_content .id_ad_content-horiz-center{margin-bottom:15px}.tdb_single_content .id_ad_content-horiz-left img,.tdb_single_content .id_ad_content-horiz-right img,.tdb_single_content .id_ad_content-horiz-center img{margin-bottom:0}.tdb_single_content .id_ad_content-horiz-center{text-align:center}.tdb_single_content .id_ad_content-horiz-center img{margin-right:auto;margin-left:auto}.tdb_single_content .id_ad_content-horiz-left{float:left;margin-top:9px;margin-right:21px}.tdb_single_content .id_ad_content-horiz-right{float:right;margin-top:6px;margin-left:21px}.tdb_single_content .tdc-a-ad .tdc-placeholder-title{width:300px;height:250px}.tdb_single_content .tdc-a-ad .tdc-placeholder-title:before{position:absolute;top:50%;-webkit-transform:translateY(-50%);transform:translateY(-50%);margin:auto;display:table;width:100%}.tdb_single_content .tdb-block-inner.td-fix-index{word-break:break-word}.tdi_41,.tdi_41>p,.tdi_41 .tdb-block-inner>p,.wp-block-column>p{font-size:16px!important;line-height:1.6!important}.tdi_41 .tdb-block-inner blockquote p{font-style:normal!important}@media (max-width:767px){.tdb_single_content .id_ad_content-horiz-left,.tdb_single_content .id_ad_content-horiz-right,.tdb_single_content .id_ad_content-horiz-center{margin:0 auto 26 pikseli auto}}@media (max-width:767px){.tdb_single_content .id_ad_content-horiz-left{margin-right:0}}@media (max-width:767px){.tdb_single_content .id_ad_content-horiz-right{margin-left:0}}@media (max-width:767px){.tdb_single_content .td-a-ad{float:none;text-align:center}.tdb_single_content .td-a-ad img{margin-right:auto;margin-left:auto}.tdb_single_content .tdc-a-ad{float:none}}<\/style>\n<div class=\"tdb-block-inner td-fix-index\">\n<p>Najwi\u0119kszy niedob\u00f3r wykwalifikowanych pracownik\u00f3w wyst\u0119puje w s\u0142u\u017cbie zdrowia i budownictwie. W zesz\u0142ym roku w dziesi\u0119ciu bran\u017cach o najwi\u0119kszych deficytach nieobsadzonych pozosta\u0142o ponad 260 000 stanowisk pracy \u2013 wynika z danych <em>DW<\/em>. Kraj od lat przyci\u0105ga licznych nielegalnych migrant\u00f3w i cho\u0107 lewicowo-liberalne media twierdz\u0105, \u017ce w\u015br\u00f3d nich s\u0105 mityczni <strong>\u201ein\u017cynierowie\u201d,<\/strong> okazuje si\u0119, \u017ce nie wype\u0142ni\u0142y luki w niemieckim systemie.<\/p>\n<h2 class=\"wp-block-heading\">Znacz\u0105ce braki<\/h2>\n<p>Jak wynika z badania opublikowanego w sobot\u0119 (8 listopada 2026 r.) przez <em>Niemiecki Instytut Ekonomiczny (IW)<\/em>w 2024 r. nieobsadzonych pozosta\u0142o oko\u0142o 46 tys. stanowisk pracy w sektorze opieki zdrowotnej. Niedobory dotycz\u0105 g\u0142\u00f3wnie fizjoterapeut\u00f3w, piel\u0119gniarek i asystentek stomatologicznych.<\/p>\n<p>W budownictwie brakowa\u0142o blisko 41 300 wykwalifikowanych pracownik\u00f3w, przede wszystkim specjalist\u00f3w od instalacji elektrycznych oraz wodno-kanalizacyjnych, grzewczych i klimatyzacyjnych. Na trzecim miejscu znalaz\u0142a si\u0119 administracja publiczna i sektor spo\u0142eczny, a na czwartym przemys\u0142.<\/p>\n<\/div>\n<\/div>\n","protected":false},"excerpt":{"rendered":"<p>Najwi\u0119kszy niedob\u00f3r wykwalifikowanych pracownik\u00f3w wyst\u0119puje w s\u0142u\u017cbie zdrowia i budownictwie. W zesz\u0142ym roku w dziesi\u0119ciu bran\u017cach o najwi\u0119kszych deficytach nieobsadzonych<\/p>\n","protected":false},"author":1,"featured_media":3932,"comment_status":"open","ping_status":"open","sticky":false,"template":"","format":"standard","meta":{"footnotes":""},"categories":[44],"tags":[11799,11800,5125,2765,450,2291,30,4773,87,247,150,11801],"class_list":["post-10312","post","type-post","status-publish","format-standard","has-post-thumbnail","hentry","category-polityka","tag-borykaja","tag-cwierc","tag-inzynierowie","tag-miliona","tag-nie","tag-niedoborem","tag-niemcy","tag-pomogli","tag-ponad","tag-pracownikow","tag-sie","tag-wykwalifikowanych","generate-columns","tablet-grid-50","mobile-grid-100","grid-parent","grid-50","resize-featured-image"],"yoast_head":"<!-- This site is optimized with the Yoast SEO plugin v23.2 - https:\/\/yoast.com\/wordpress\/plugins\/seo\/ -->\n<title>\u201eIn\u017cynierowie\u201d nie pomogli? Niemcy borykaj\u0105 si\u0119 z niedoborem ponad \u0107wier\u0107 miliona wykwalifikowanych pracownik\u00f3w - POGOTOWIE FLAGOWE\u00ae<\/title>\n<meta name=\"robots\" content=\"index, follow, max-snippet:-1, max-image-preview:large, max-video-preview:-1\" \/>\n<link rel=\"canonical\" href=\"https:\/\/www.pogotowieflagowe.pl\/aktualne\/inzynierowie-nie-pomogli-niemcy-borykaja-sie-z-niedoborem-ponad-cwierc-miliona-wykwalifikowanych-pracownikow\/\" \/>\n<meta property=\"og:locale\" content=\"pl_PL\" \/>\n<meta property=\"og:type\" content=\"article\" \/>\n<meta property=\"og:title\" content=\"\u201eIn\u017cynierowie\u201d nie pomogli? Niemcy borykaj\u0105 si\u0119 z niedoborem ponad \u0107wier\u0107 miliona wykwalifikowanych pracownik\u00f3w - POGOTOWIE FLAGOWE\u00ae\" \/>\n<meta property=\"og:description\" content=\"Najwi\u0119kszy niedob\u00f3r wykwalifikowanych pracownik\u00f3w wyst\u0119puje w s\u0142u\u017cbie zdrowia i budownictwie. W zesz\u0142ym roku w dziesi\u0119ciu bran\u017cach o najwi\u0119kszych deficytach nieobsadzonych\" \/>\n<meta property=\"og:url\" content=\"https:\/\/www.pogotowieflagowe.pl\/aktualne\/inzynierowie-nie-pomogli-niemcy-borykaja-sie-z-niedoborem-ponad-cwierc-miliona-wykwalifikowanych-pracownikow\/\" \/>\n<meta property=\"og:site_name\" content=\"POGOTOWIE FLAGOWE\u00ae\" \/>\n<meta property=\"article:published_time\" content=\"2025-11-09T15:34:23+00:00\" \/>\n<meta property=\"article:modified_time\" content=\"2025-11-09T15:34:24+00:00\" \/>\n<meta property=\"og:image\" content=\"https:\/\/www.pogotowieflagowe.pl\/aktualne\/wp-content\/uploads\/2025\/02\/UE-Pakt-migracyjny-zdrada-odsloniecia-Polski.jpg\" \/>\n\t<meta property=\"og:image:width\" content=\"1920\" \/>\n\t<meta property=\"og:image:height\" content=\"1018\" \/>\n\t<meta property=\"og:image:type\" content=\"image\/jpeg\" \/>\n<meta name=\"author\" content=\"Filip\" \/>\n<meta name=\"twitter:card\" content=\"summary_large_image\" \/>\n<meta name=\"twitter:label1\" content=\"Napisane przez\" \/>\n\t<meta name=\"twitter:data1\" content=\"Filip\" \/>\n\t<meta name=\"twitter:label2\" content=\"Szacowany czas czytania\" \/>\n\t<meta name=\"twitter:data2\" content=\"1 minuta\" \/>\n<script type=\"application\/ld+json\" class=\"yoast-schema-graph\">{\"@context\":\"https:\/\/schema.org\",\"@graph\":[{\"@type\":\"Article\",\"@id\":\"https:\/\/www.pogotowieflagowe.pl\/aktualne\/inzynierowie-nie-pomogli-niemcy-borykaja-sie-z-niedoborem-ponad-cwierc-miliona-wykwalifikowanych-pracownikow\/#article\",\"isPartOf\":{\"@id\":\"https:\/\/www.pogotowieflagowe.pl\/aktualne\/inzynierowie-nie-pomogli-niemcy-borykaja-sie-z-niedoborem-ponad-cwierc-miliona-wykwalifikowanych-pracownikow\/\"},\"author\":{\"name\":\"Filip\",\"@id\":\"https:\/\/www.pogotowieflagowe.pl\/aktualne\/#\/schema\/person\/9c2fb7d2362ebf6fa088960d7f0d27b0\"},\"headline\":\"\u201eIn\u017cynierowie\u201d nie pomogli? Niemcy borykaj\u0105 si\u0119 z niedoborem ponad \u0107wier\u0107 miliona wykwalifikowanych pracownik\u00f3w\",\"datePublished\":\"2025-11-09T15:34:23+00:00\",\"dateModified\":\"2025-11-09T15:34:24+00:00\",\"mainEntityOfPage\":{\"@id\":\"https:\/\/www.pogotowieflagowe.pl\/aktualne\/inzynierowie-nie-pomogli-niemcy-borykaja-sie-z-niedoborem-ponad-cwierc-miliona-wykwalifikowanych-pracownikow\/\"},\"wordCount\":166,\"commentCount\":0,\"publisher\":{\"@id\":\"https:\/\/www.pogotowieflagowe.pl\/aktualne\/#organization\"},\"image\":{\"@id\":\"https:\/\/www.pogotowieflagowe.pl\/aktualne\/inzynierowie-nie-pomogli-niemcy-borykaja-sie-z-niedoborem-ponad-cwierc-miliona-wykwalifikowanych-pracownikow\/#primaryimage\"},\"thumbnailUrl\":\"https:\/\/www.pogotowieflagowe.pl\/aktualne\/wp-content\/uploads\/2025\/02\/UE-Pakt-migracyjny-zdrada-odsloniecia-Polski.jpg\",\"keywords\":[\"borykaj\u0105\",\"\u0107wier\u0107\",\"in\u017cynierowie\",\"miliona\",\"Nie\",\"niedoborem\",\"Niemcy\",\"pomogli\",\"ponad\",\"pracownik\u00f3w\",\"si\u0119\",\"wykwalifikowanych\"],\"articleSection\":[\"Polityka\"],\"inLanguage\":\"pl-PL\",\"potentialAction\":[{\"@type\":\"CommentAction\",\"name\":\"Comment\",\"target\":[\"https:\/\/www.pogotowieflagowe.pl\/aktualne\/inzynierowie-nie-pomogli-niemcy-borykaja-sie-z-niedoborem-ponad-cwierc-miliona-wykwalifikowanych-pracownikow\/#respond\"]}]},{\"@type\":\"WebPage\",\"@id\":\"https:\/\/www.pogotowieflagowe.pl\/aktualne\/inzynierowie-nie-pomogli-niemcy-borykaja-sie-z-niedoborem-ponad-cwierc-miliona-wykwalifikowanych-pracownikow\/\",\"url\":\"https:\/\/www.pogotowieflagowe.pl\/aktualne\/inzynierowie-nie-pomogli-niemcy-borykaja-sie-z-niedoborem-ponad-cwierc-miliona-wykwalifikowanych-pracownikow\/\",\"name\":\"\u201eIn\u017cynierowie\u201d nie pomogli? Niemcy borykaj\u0105 si\u0119 z niedoborem ponad \u0107wier\u0107 miliona wykwalifikowanych pracownik\u00f3w - POGOTOWIE FLAGOWE\u00ae\",\"isPartOf\":{\"@id\":\"https:\/\/www.pogotowieflagowe.pl\/aktualne\/#website\"},\"primaryImageOfPage\":{\"@id\":\"https:\/\/www.pogotowieflagowe.pl\/aktualne\/inzynierowie-nie-pomogli-niemcy-borykaja-sie-z-niedoborem-ponad-cwierc-miliona-wykwalifikowanych-pracownikow\/#primaryimage\"},\"image\":{\"@id\":\"https:\/\/www.pogotowieflagowe.pl\/aktualne\/inzynierowie-nie-pomogli-niemcy-borykaja-sie-z-niedoborem-ponad-cwierc-miliona-wykwalifikowanych-pracownikow\/#primaryimage\"},\"thumbnailUrl\":\"https:\/\/www.pogotowieflagowe.pl\/aktualne\/wp-content\/uploads\/2025\/02\/UE-Pakt-migracyjny-zdrada-odsloniecia-Polski.jpg\",\"datePublished\":\"2025-11-09T15:34:23+00:00\",\"dateModified\":\"2025-11-09T15:34:24+00:00\",\"breadcrumb\":{\"@id\":\"https:\/\/www.pogotowieflagowe.pl\/aktualne\/inzynierowie-nie-pomogli-niemcy-borykaja-sie-z-niedoborem-ponad-cwierc-miliona-wykwalifikowanych-pracownikow\/#breadcrumb\"},\"inLanguage\":\"pl-PL\",\"potentialAction\":[{\"@type\":\"ReadAction\",\"target\":[\"https:\/\/www.pogotowieflagowe.pl\/aktualne\/inzynierowie-nie-pomogli-niemcy-borykaja-sie-z-niedoborem-ponad-cwierc-miliona-wykwalifikowanych-pracownikow\/\"]}]},{\"@type\":\"ImageObject\",\"inLanguage\":\"pl-PL\",\"@id\":\"https:\/\/www.pogotowieflagowe.pl\/aktualne\/inzynierowie-nie-pomogli-niemcy-borykaja-sie-z-niedoborem-ponad-cwierc-miliona-wykwalifikowanych-pracownikow\/#primaryimage\",\"url\":\"https:\/\/www.pogotowieflagowe.pl\/aktualne\/wp-content\/uploads\/2025\/02\/UE-Pakt-migracyjny-zdrada-odsloniecia-Polski.jpg\",\"contentUrl\":\"https:\/\/www.pogotowieflagowe.pl\/aktualne\/wp-content\/uploads\/2025\/02\/UE-Pakt-migracyjny-zdrada-odsloniecia-Polski.jpg\",\"width\":1920,\"height\":1018,\"caption\":\"UE Pakt migracyjny: zdrada ods\u0142oni\u0119cia Polski\"},{\"@type\":\"BreadcrumbList\",\"@id\":\"https:\/\/www.pogotowieflagowe.pl\/aktualne\/inzynierowie-nie-pomogli-niemcy-borykaja-sie-z-niedoborem-ponad-cwierc-miliona-wykwalifikowanych-pracownikow\/#breadcrumb\",\"itemListElement\":[{\"@type\":\"ListItem\",\"position\":1,\"name\":\"Home\",\"item\":\"https:\/\/www.pogotowieflagowe.pl\/aktualne\/\"},{\"@type\":\"ListItem\",\"position\":2,\"name\":\"\u201eIn\u017cynierowie\u201d nie pomogli? Niemcy borykaj\u0105 si\u0119 z niedoborem ponad \u0107wier\u0107 miliona wykwalifikowanych pracownik\u00f3w\"}]},{\"@type\":\"WebSite\",\"@id\":\"https:\/\/www.pogotowieflagowe.pl\/aktualne\/#website\",\"url\":\"https:\/\/www.pogotowieflagowe.pl\/aktualne\/\",\"name\":\"POGOTOWIE FLAGOWE\u00ae\",\"description\":\"\",\"publisher\":{\"@id\":\"https:\/\/www.pogotowieflagowe.pl\/aktualne\/#organization\"},\"potentialAction\":[{\"@type\":\"SearchAction\",\"target\":{\"@type\":\"EntryPoint\",\"urlTemplate\":\"https:\/\/www.pogotowieflagowe.pl\/aktualne\/?s={search_term_string}\"},\"query-input\":\"required name=search_term_string\"}],\"inLanguage\":\"pl-PL\"},{\"@type\":\"Organization\",\"@id\":\"https:\/\/www.pogotowieflagowe.pl\/aktualne\/#organization\",\"name\":\"POGOTOWIE FLAGOWE\u00ae\",\"url\":\"https:\/\/www.pogotowieflagowe.pl\/aktualne\/\",\"logo\":{\"@type\":\"ImageObject\",\"inLanguage\":\"pl-PL\",\"@id\":\"https:\/\/www.pogotowieflagowe.pl\/aktualne\/#\/schema\/logo\/image\/\",\"url\":\"https:\/\/www.pogotowieflagowe.pl\/aktualne\/wp-content\/uploads\/2024\/08\/cropped-pogotowieflagowe_flaga_projekt_sm.jpg\",\"contentUrl\":\"https:\/\/www.pogotowieflagowe.pl\/aktualne\/wp-content\/uploads\/2024\/08\/cropped-pogotowieflagowe_flaga_projekt_sm.jpg\",\"width\":250,\"height\":143,\"caption\":\"POGOTOWIE FLAGOWE\u00ae\"},\"image\":{\"@id\":\"https:\/\/www.pogotowieflagowe.pl\/aktualne\/#\/schema\/logo\/image\/\"}},{\"@type\":\"Person\",\"@id\":\"https:\/\/www.pogotowieflagowe.pl\/aktualne\/#\/schema\/person\/9c2fb7d2362ebf6fa088960d7f0d27b0\",\"name\":\"Filip\",\"image\":{\"@type\":\"ImageObject\",\"inLanguage\":\"pl-PL\",\"@id\":\"https:\/\/www.pogotowieflagowe.pl\/aktualne\/#\/schema\/person\/image\/\",\"url\":\"https:\/\/www.pogotowieflagowe.pl\/aktualne\/wp-content\/uploads\/2024\/08\/pogotowieflagowe.pl_.jpg\",\"contentUrl\":\"https:\/\/www.pogotowieflagowe.pl\/aktualne\/wp-content\/uploads\/2024\/08\/pogotowieflagowe.pl_.jpg\",\"caption\":\"Filip\"},\"description\":\"Jestem Filip, polski dziennikarz z dyplomem nauk politycznych Uniwersytetu Warszawskiego. Rozpoczynaj\u0105c swoj\u0105 karier\u0119 w r\u00f3\u017cnych lokalnych mediach, zdoby\u0142em solidne do\u015bwiadczenie w zakresie \u015bledztwa i redakcji. Obecnie jako redaktor w Pogotowie flagowe, staram si\u0119 dostarcza\u0107 dog\u0142\u0119bne i istotne analizy na temat najwa\u017cniejszych kwestii aktualno\u015bci, \u0142\u0105cz\u0105c rygor z pasj\u0105 dziennikarsk\u0105.\",\"sameAs\":[\"https:\/\/www.pogotowieflagowe.pl\/\"]}]}<\/script>\n<!-- \/ Yoast SEO plugin. -->","yoast_head_json":{"title":"\u201eIn\u017cynierowie\u201d nie pomogli? Niemcy borykaj\u0105 si\u0119 z niedoborem ponad \u0107wier\u0107 miliona wykwalifikowanych pracownik\u00f3w - POGOTOWIE FLAGOWE\u00ae","robots":{"index":"index","follow":"follow","max-snippet":"max-snippet:-1","max-image-preview":"max-image-preview:large","max-video-preview":"max-video-preview:-1"},"canonical":"https:\/\/www.pogotowieflagowe.pl\/aktualne\/inzynierowie-nie-pomogli-niemcy-borykaja-sie-z-niedoborem-ponad-cwierc-miliona-wykwalifikowanych-pracownikow\/","og_locale":"pl_PL","og_type":"article","og_title":"\u201eIn\u017cynierowie\u201d nie pomogli? Niemcy borykaj\u0105 si\u0119 z niedoborem ponad \u0107wier\u0107 miliona wykwalifikowanych pracownik\u00f3w - POGOTOWIE FLAGOWE\u00ae","og_description":"Najwi\u0119kszy niedob\u00f3r wykwalifikowanych pracownik\u00f3w wyst\u0119puje w s\u0142u\u017cbie zdrowia i budownictwie. W zesz\u0142ym roku w dziesi\u0119ciu bran\u017cach o najwi\u0119kszych deficytach nieobsadzonych","og_url":"https:\/\/www.pogotowieflagowe.pl\/aktualne\/inzynierowie-nie-pomogli-niemcy-borykaja-sie-z-niedoborem-ponad-cwierc-miliona-wykwalifikowanych-pracownikow\/","og_site_name":"POGOTOWIE FLAGOWE\u00ae","article_published_time":"2025-11-09T15:34:23+00:00","article_modified_time":"2025-11-09T15:34:24+00:00","og_image":[{"width":1920,"height":1018,"url":"https:\/\/www.pogotowieflagowe.pl\/aktualne\/wp-content\/uploads\/2025\/02\/UE-Pakt-migracyjny-zdrada-odsloniecia-Polski.jpg","type":"image\/jpeg"}],"author":"Filip","twitter_card":"summary_large_image","twitter_misc":{"Napisane przez":"Filip","Szacowany czas czytania":"1 minuta"},"schema":{"@context":"https:\/\/schema.org","@graph":[{"@type":"Article","@id":"https:\/\/www.pogotowieflagowe.pl\/aktualne\/inzynierowie-nie-pomogli-niemcy-borykaja-sie-z-niedoborem-ponad-cwierc-miliona-wykwalifikowanych-pracownikow\/#article","isPartOf":{"@id":"https:\/\/www.pogotowieflagowe.pl\/aktualne\/inzynierowie-nie-pomogli-niemcy-borykaja-sie-z-niedoborem-ponad-cwierc-miliona-wykwalifikowanych-pracownikow\/"},"author":{"name":"Filip","@id":"https:\/\/www.pogotowieflagowe.pl\/aktualne\/#\/schema\/person\/9c2fb7d2362ebf6fa088960d7f0d27b0"},"headline":"\u201eIn\u017cynierowie\u201d nie pomogli? Niemcy borykaj\u0105 si\u0119 z niedoborem ponad \u0107wier\u0107 miliona wykwalifikowanych pracownik\u00f3w","datePublished":"2025-11-09T15:34:23+00:00","dateModified":"2025-11-09T15:34:24+00:00","mainEntityOfPage":{"@id":"https:\/\/www.pogotowieflagowe.pl\/aktualne\/inzynierowie-nie-pomogli-niemcy-borykaja-sie-z-niedoborem-ponad-cwierc-miliona-wykwalifikowanych-pracownikow\/"},"wordCount":166,"commentCount":0,"publisher":{"@id":"https:\/\/www.pogotowieflagowe.pl\/aktualne\/#organization"},"image":{"@id":"https:\/\/www.pogotowieflagowe.pl\/aktualne\/inzynierowie-nie-pomogli-niemcy-borykaja-sie-z-niedoborem-ponad-cwierc-miliona-wykwalifikowanych-pracownikow\/#primaryimage"},"thumbnailUrl":"https:\/\/www.pogotowieflagowe.pl\/aktualne\/wp-content\/uploads\/2025\/02\/UE-Pakt-migracyjny-zdrada-odsloniecia-Polski.jpg","keywords":["borykaj\u0105","\u0107wier\u0107","in\u017cynierowie","miliona","Nie","niedoborem","Niemcy","pomogli","ponad","pracownik\u00f3w","si\u0119","wykwalifikowanych"],"articleSection":["Polityka"],"inLanguage":"pl-PL","potentialAction":[{"@type":"CommentAction","name":"Comment","target":["https:\/\/www.pogotowieflagowe.pl\/aktualne\/inzynierowie-nie-pomogli-niemcy-borykaja-sie-z-niedoborem-ponad-cwierc-miliona-wykwalifikowanych-pracownikow\/#respond"]}]},{"@type":"WebPage","@id":"https:\/\/www.pogotowieflagowe.pl\/aktualne\/inzynierowie-nie-pomogli-niemcy-borykaja-sie-z-niedoborem-ponad-cwierc-miliona-wykwalifikowanych-pracownikow\/","url":"https:\/\/www.pogotowieflagowe.pl\/aktualne\/inzynierowie-nie-pomogli-niemcy-borykaja-sie-z-niedoborem-ponad-cwierc-miliona-wykwalifikowanych-pracownikow\/","name":"\u201eIn\u017cynierowie\u201d nie pomogli? Niemcy borykaj\u0105 si\u0119 z niedoborem ponad \u0107wier\u0107 miliona wykwalifikowanych pracownik\u00f3w - POGOTOWIE FLAGOWE\u00ae","isPartOf":{"@id":"https:\/\/www.pogotowieflagowe.pl\/aktualne\/#website"},"primaryImageOfPage":{"@id":"https:\/\/www.pogotowieflagowe.pl\/aktualne\/inzynierowie-nie-pomogli-niemcy-borykaja-sie-z-niedoborem-ponad-cwierc-miliona-wykwalifikowanych-pracownikow\/#primaryimage"},"image":{"@id":"https:\/\/www.pogotowieflagowe.pl\/aktualne\/inzynierowie-nie-pomogli-niemcy-borykaja-sie-z-niedoborem-ponad-cwierc-miliona-wykwalifikowanych-pracownikow\/#primaryimage"},"thumbnailUrl":"https:\/\/www.pogotowieflagowe.pl\/aktualne\/wp-content\/uploads\/2025\/02\/UE-Pakt-migracyjny-zdrada-odsloniecia-Polski.jpg","datePublished":"2025-11-09T15:34:23+00:00","dateModified":"2025-11-09T15:34:24+00:00","breadcrumb":{"@id":"https:\/\/www.pogotowieflagowe.pl\/aktualne\/inzynierowie-nie-pomogli-niemcy-borykaja-sie-z-niedoborem-ponad-cwierc-miliona-wykwalifikowanych-pracownikow\/#breadcrumb"},"inLanguage":"pl-PL","potentialAction":[{"@type":"ReadAction","target":["https:\/\/www.pogotowieflagowe.pl\/aktualne\/inzynierowie-nie-pomogli-niemcy-borykaja-sie-z-niedoborem-ponad-cwierc-miliona-wykwalifikowanych-pracownikow\/"]}]},{"@type":"ImageObject","inLanguage":"pl-PL","@id":"https:\/\/www.pogotowieflagowe.pl\/aktualne\/inzynierowie-nie-pomogli-niemcy-borykaja-sie-z-niedoborem-ponad-cwierc-miliona-wykwalifikowanych-pracownikow\/#primaryimage","url":"https:\/\/www.pogotowieflagowe.pl\/aktualne\/wp-content\/uploads\/2025\/02\/UE-Pakt-migracyjny-zdrada-odsloniecia-Polski.jpg","contentUrl":"https:\/\/www.pogotowieflagowe.pl\/aktualne\/wp-content\/uploads\/2025\/02\/UE-Pakt-migracyjny-zdrada-odsloniecia-Polski.jpg","width":1920,"height":1018,"caption":"UE Pakt migracyjny: zdrada ods\u0142oni\u0119cia Polski"},{"@type":"BreadcrumbList","@id":"https:\/\/www.pogotowieflagowe.pl\/aktualne\/inzynierowie-nie-pomogli-niemcy-borykaja-sie-z-niedoborem-ponad-cwierc-miliona-wykwalifikowanych-pracownikow\/#breadcrumb","itemListElement":[{"@type":"ListItem","position":1,"name":"Home","item":"https:\/\/www.pogotowieflagowe.pl\/aktualne\/"},{"@type":"ListItem","position":2,"name":"\u201eIn\u017cynierowie\u201d nie pomogli? Niemcy borykaj\u0105 si\u0119 z niedoborem ponad \u0107wier\u0107 miliona wykwalifikowanych pracownik\u00f3w"}]},{"@type":"WebSite","@id":"https:\/\/www.pogotowieflagowe.pl\/aktualne\/#website","url":"https:\/\/www.pogotowieflagowe.pl\/aktualne\/","name":"POGOTOWIE FLAGOWE\u00ae","description":"","publisher":{"@id":"https:\/\/www.pogotowieflagowe.pl\/aktualne\/#organization"},"potentialAction":[{"@type":"SearchAction","target":{"@type":"EntryPoint","urlTemplate":"https:\/\/www.pogotowieflagowe.pl\/aktualne\/?s={search_term_string}"},"query-input":"required name=search_term_string"}],"inLanguage":"pl-PL"},{"@type":"Organization","@id":"https:\/\/www.pogotowieflagowe.pl\/aktualne\/#organization","name":"POGOTOWIE FLAGOWE\u00ae","url":"https:\/\/www.pogotowieflagowe.pl\/aktualne\/","logo":{"@type":"ImageObject","inLanguage":"pl-PL","@id":"https:\/\/www.pogotowieflagowe.pl\/aktualne\/#\/schema\/logo\/image\/","url":"https:\/\/www.pogotowieflagowe.pl\/aktualne\/wp-content\/uploads\/2024\/08\/cropped-pogotowieflagowe_flaga_projekt_sm.jpg","contentUrl":"https:\/\/www.pogotowieflagowe.pl\/aktualne\/wp-content\/uploads\/2024\/08\/cropped-pogotowieflagowe_flaga_projekt_sm.jpg","width":250,"height":143,"caption":"POGOTOWIE FLAGOWE\u00ae"},"image":{"@id":"https:\/\/www.pogotowieflagowe.pl\/aktualne\/#\/schema\/logo\/image\/"}},{"@type":"Person","@id":"https:\/\/www.pogotowieflagowe.pl\/aktualne\/#\/schema\/person\/9c2fb7d2362ebf6fa088960d7f0d27b0","name":"Filip","image":{"@type":"ImageObject","inLanguage":"pl-PL","@id":"https:\/\/www.pogotowieflagowe.pl\/aktualne\/#\/schema\/person\/image\/","url":"https:\/\/www.pogotowieflagowe.pl\/aktualne\/wp-content\/uploads\/2024\/08\/pogotowieflagowe.pl_.jpg","contentUrl":"https:\/\/www.pogotowieflagowe.pl\/aktualne\/wp-content\/uploads\/2024\/08\/pogotowieflagowe.pl_.jpg","caption":"Filip"},"description":"Jestem Filip, polski dziennikarz z dyplomem nauk politycznych Uniwersytetu Warszawskiego. Rozpoczynaj\u0105c swoj\u0105 karier\u0119 w r\u00f3\u017cnych lokalnych mediach, zdoby\u0142em solidne do\u015bwiadczenie w zakresie \u015bledztwa i redakcji. Obecnie jako redaktor w Pogotowie flagowe, staram si\u0119 dostarcza\u0107 dog\u0142\u0119bne i istotne analizy na temat najwa\u017cniejszych kwestii aktualno\u015bci, \u0142\u0105cz\u0105c rygor z pasj\u0105 dziennikarsk\u0105.","sameAs":["https:\/\/www.pogotowieflagowe.pl\/"]}]}},"_links":{"self":[{"href":"https:\/\/www.pogotowieflagowe.pl\/aktualne\/wp-json\/wp\/v2\/posts\/10312","targetHints":{"allow":["GET"]}}],"collection":[{"href":"https:\/\/www.pogotowieflagowe.pl\/aktualne\/wp-json\/wp\/v2\/posts"}],"about":[{"href":"https:\/\/www.pogotowieflagowe.pl\/aktualne\/wp-json\/wp\/v2\/types\/post"}],"author":[{"embeddable":true,"href":"https:\/\/www.pogotowieflagowe.pl\/aktualne\/wp-json\/wp\/v2\/users\/1"}],"replies":[{"embeddable":true,"href":"https:\/\/www.pogotowieflagowe.pl\/aktualne\/wp-json\/wp\/v2\/comments?post=10312"}],"version-history":[{"count":1,"href":"https:\/\/www.pogotowieflagowe.pl\/aktualne\/wp-json\/wp\/v2\/posts\/10312\/revisions"}],"predecessor-version":[{"id":10313,"href":"https:\/\/www.pogotowieflagowe.pl\/aktualne\/wp-json\/wp\/v2\/posts\/10312\/revisions\/10313"}],"wp:featuredmedia":[{"embeddable":true,"href":"https:\/\/www.pogotowieflagowe.pl\/aktualne\/wp-json\/wp\/v2\/media\/3932"}],"wp:attachment":[{"href":"https:\/\/www.pogotowieflagowe.pl\/aktualne\/wp-json\/wp\/v2\/media?parent=10312"}],"wp:term":[{"taxonomy":"category","embeddable":true,"href":"https:\/\/www.pogotowieflagowe.pl\/aktualne\/wp-json\/wp\/v2\/categories?post=10312"},{"taxonomy":"post_tag","embeddable":true,"href":"https:\/\/www.pogotowieflagowe.pl\/aktualne\/wp-json\/wp\/v2\/tags?post=10312"}],"curies":[{"name":"wp","href":"https:\/\/api.w.org\/{rel}","templated":true}]}}