{"id":10317,"date":"2025-11-09T17:35:02","date_gmt":"2025-11-09T16:35:02","guid":{"rendered":"https:\/\/www.pogotowieflagowe.pl\/aktualne\/washington-times-o-rzadzie-tuska-romanowski-pierwszym-uchodzca-politycznym-w-polsce-od-1989-r\/"},"modified":"2025-11-09T17:35:03","modified_gmt":"2025-11-09T16:35:03","slug":"washington-times-o-rzadzie-tuska-romanowski-pierwszym-uchodzca-politycznym-w-polsce-od-1989-r","status":"publish","type":"post","link":"https:\/\/www.pogotowieflagowe.pl\/aktualne\/washington-times-o-rzadzie-tuska-romanowski-pierwszym-uchodzca-politycznym-w-polsce-od-1989-r\/","title":{"rendered":"\u201eWashington Times\u201d o rz\u0105dzie Tuska: Romanowski pierwszym uchod\u017ac\u0105 politycznym w Polsce od 1989 r."},"content":{"rendered":"\n<div class=\"td_block_wrap tdb_single_content tdi_41 td-pb-border-top td_block_template_8 td-post-content tagdiv-type\" data-td-block-uid=\"tdi_41\">\n<style>.tdi_41{margines-top:0px!important;margin-bottom:0px!important;dope\u0142nienie-g\u00f3ra:0px!important;dope\u0142nienie-d\u00f3\u0142:0px!important}<\/style>\n<style>.tdb_single_content{margin-bottom:0;*zoom:1}.tdb_single_content:before,.tdb_single_content:after{display:table;content:'';line-height:0}.tdb_single_content:after{clear:both}.tdb_single_content .tdb-block-inner>*:not(.wp-block-quote):not(.alignwide):not(.alignfull.wp-block-cover.has-parallax):not(.td-a-ad){margin-left:auto;margin-right:auto}.tdb_single_content a{pointer-events:auto}.tdb_single_content .td-spot-id-top_ad .tdc-placeholder-title:before{content:'Najlepsza reklama artyku\u0142u'!important}.tdb_single_content .td-spot-id-inline_ad0 .tdc-placeholder-title:before{content:'Reklama wbudowana artyku\u0142u 1'!important}.tdb_single_content .td-spot-id-inline_ad1 .tdc-placeholder-title:before{content:'Wbudowana reklama w artykule 2'!important}.tdb_single_content .td-spot-id-inline_ad2 .tdc-placeholder-title:before{content:'Wbudowana reklama w artykule 3'!important}.tdb_single_content .td-spot-id-bottom_ad .tdc-placeholder-title:before{content:'Article Bottom Ad'!important}.tdb_single_content .id_top_ad,.tdb_single_content .id_bottom_ad{clear:both;margin-bottom:21px;text-align:center}.tdb_single_content .id_top_ad img,.tdb_single_content .id_bottom_ad img{margin-bottom:0}.tdb_single_content .id_top_ad .adsbygoogle,.tdb_single_content .id_bottom_ad .adsbygoogle{position:relative}.tdb_single_content .id_ad_content-horiz-left,.tdb_single_content .id_ad_content-horiz-right,.tdb_single_content .id_ad_content-horiz-center{margin-bottom:15px}.tdb_single_content .id_ad_content-horiz-left img,.tdb_single_content .id_ad_content-horiz-right img,.tdb_single_content .id_ad_content-horiz-center img{margin-bottom:0}.tdb_single_content .id_ad_content-horiz-center{text-align:center}.tdb_single_content .id_ad_content-horiz-center img{margin-right:auto;margin-left:auto}.tdb_single_content .id_ad_content-horiz-left{float:left;margin-top:9px;margin-right:21px}.tdb_single_content .id_ad_content-horiz-right{float:right;margin-top:6px;margin-left:21px}.tdb_single_content .tdc-a-ad .tdc-placeholder-title{width:300px;height:250px}.tdb_single_content .tdc-a-ad .tdc-placeholder-title:before{position:absolute;top:50%;-webkit-transform:translateY(-50%);transform:translateY(-50%);margin:auto;display:table;width:100%}.tdb_single_content .tdb-block-inner.td-fix-index{word-break:break-word}.tdi_41,.tdi_41>p,.tdi_41 .tdb-block-inner>p,.wp-block-column>p{font-size:16px!important;line-height:1.6!important}.tdi_41 .tdb-block-inner blockquote p{font-style:normal!important}@media (max-width:767px){.tdb_single_content .id_ad_content-horiz-left,.tdb_single_content .id_ad_content-horiz-right,.tdb_single_content .id_ad_content-horiz-center{margin:0 auto 26 pikseli auto}}@media (max-width:767px){.tdb_single_content .id_ad_content-horiz-left{margin-right:0}}@media (max-width:767px){.tdb_single_content .id_ad_content-horiz-right{margin-left:0}}@media (max-width:767px){.tdb_single_content .td-a-ad{float:none;text-align:center}.tdb_single_content .td-a-ad img{margin-right:auto;margin-left:auto}.tdb_single_content .tdc-a-ad{float:none}}<\/style>\n<div class=\"tdb-block-inner td-fix-index\">\n<p>Pisze Anna Wellisz, prezes Fundacji Edmunda Burke\u2019a <em>\u201eWashington Times\u201d.<\/em>argumentuje, \u017ce koalicja pod wodz\u0105 Donalda Tuska prowadzi kampani\u0119 represji i prze\u015bladowa\u0144 wobec swoich przeciwnik\u00f3w politycznych. Wed\u0142ug Wellisza Marcin Romanowski \u2013 kt\u00f3remu udzielono azylu na W\u0119grzech \u2013 sta\u0142 si\u0119 pierwszym uchod\u017ac\u0105 politycznym z Polski od upadku komunizmu w 1989 roku.<\/p>\n<h2 class=\"wp-block-heading\">\u017belazna miot\u0142a Tuska zamiata opozycj\u0119<\/h2>\n<p>Anna Wellisz, prezes Fundacji Edmunda Burke\u2019a, zauwa\u017ca w swoim artykule, \u017ce pod rz\u0105dami Donalda Tuska wyciszanie medi\u00f3w opozycyjnych i podwa\u017canie niezawis\u0142o\u015bci s\u0105downictwa nie wystarczy\u0142o. Najwi\u0119ksza partia opozycyjna w kraju zosta\u0142a pozbawiona \u015brodk\u00f3w finansowych w chwili, gdy Polska przygotowywa\u0142a si\u0119 do gor\u0105cej kampanii prezydenckiej.<\/p>\n<p>\u201eWendeta rz\u0105du wobec przeciwnik\u00f3w by\u0142a tak agresywna, jak mo\u017cna by si\u0119 spodziewa\u0107 po re\u017cimie nie przejmuj\u0105cym si\u0119 kwestiami prawnymi \u2013 doniesienia o traktowaniu wi\u0119\u017ani\u00f3w politycznych zawieraj\u0105 oskar\u017cenia o tortury i odmow\u0119 obrony\u201d \u2013 podkre\u015bli\u0142 Wellisz.<\/p>\n<p>W obliczu bezpo\u015bredniego zagro\u017cenia aresztowaniem Marcin Romanowski, by\u0142y wiceminister sprawiedliwo\u015bci, pose\u0142 i jeden z zaciek\u0142ych krytyk\u00f3w re\u017cimu Tuska, podj\u0105\u0142 w grudniu ubieg\u0142ego roku decyzj\u0119 o ucieczce z kraju i kontynuowaniu walki na emigracji.<\/p>\n<p>Po przybyciu na W\u0119gry Romanowski szybko uzyska\u0142 azyl polityczny, staj\u0105c si\u0119 pierwszym polskim uchod\u017ac\u0105 politycznym od upadku komunizmu w 1989 roku, <em>\u201eWashington Times\u201d.<\/em> raporty.<\/p>\n<p>Ameryka\u0144ska gazeta zauwa\u017ca, \u017ce \u200b\u200bwolno\u015b\u0107 i bezpiecze\u0144stwo pana Romanowskiego pozostaj\u0105 niepewne. Ucieczka sk\u0142oni\u0142a sojusznika Tuska, Leszka Millera \u2013 by\u0142ego cz\u0142onka KC PZPR \u2013 do ostrej krytyki policji za niezatrzymanie go i zasugerowania, \u017ce \u200b\u200bpowinien on \u201esprowadzi\u0107 go z powrotem do Polski, (p)w szczeg\u00f3lno\u015bci w baga\u017cniku samochodu\u201d.<\/p>\n<p>Wysocy urz\u0119dnicy UE, kt\u00f3rzy przez osiem lat zabiegali o przywr\u00f3cenie Donalda Tuska do w\u0142adzy w Polsce, raczej nie sprzeciwi\u0105 si\u0119 kt\u00f3remukolwiek z jego metod, niezale\u017cnie od tego, jak w\u0105tpliwe mog\u0105 by\u0107 \u2013 czytamy w artykule.<\/p>\n<h2 class=\"wp-block-heading\">Stany Zjednoczone mog\u0105 wkroczy\u0107<\/h2>\n<p>Prezydent Trump m\u00f3g\u0142by przyzna\u0107 Marcinowi Romanowskiemu status uchod\u017acy politycznego w Stanach Zjednoczonych, zanim re\u017cim Tuska spe\u0142ni swoje gro\u017aby i sprowadzi go z powrotem do Polski, gdzie stanie przed trybuna\u0142em wojskowym. Ani Tusk, ani jego sojusznicy w Brukseli nie boj\u0105 si\u0119 krytyki ze strony zachodnich medi\u00f3w g\u0142\u00f3wnego nurtu. Niemniej jednak bezpo\u015brednia interwencja Stan\u00f3w Zjednoczonych mo\u017ce ochroni\u0107 tego dysydenta przed Uni\u0105 Europejsk\u0105, podsumowuje Wellisz.<\/p>\n<div class=\"wp-block-buttons is-content-justification-center is-layout-flex wp-container-core-buttons-is-layout-16018d1d wp-block-buttons-is-layout-flex\">\n<div class=\"wp-block-button\">Przeczytaj wi\u0119cej: Tak, s\u0105 uchod\u017acy polityczni z Unii Europejskiej<\/div>\n<\/div>\n<\/div>\n<\/div>\n","protected":false},"excerpt":{"rendered":"<p>Pisze Anna Wellisz, prezes Fundacji Edmunda Burke\u2019a \u201eWashington Times\u201d.argumentuje, \u017ce koalicja pod wodz\u0105 Donalda Tuska prowadzi kampani\u0119 represji i prze\u015bladowa\u0144<\/p>\n","protected":false},"author":1,"featured_media":4024,"comment_status":"open","ping_status":"open","sticky":false,"template":"","format":"standard","meta":{"footnotes":""},"categories":[4748],"tags":[1213,2739,60,5247,5010,11803,567,6236,11802],"class_list":["post-10317","post","type-post","status-publish","format-standard","has-post-thumbnail","hentry","category-aktualne","tag-pierwszym","tag-politycznym","tag-polsce","tag-romanowski","tag-rzadzie","tag-times","tag-tuska","tag-uchodzca","tag-washington","generate-columns","tablet-grid-50","mobile-grid-100","grid-parent","grid-50","resize-featured-image"],"yoast_head":"<!-- This site is optimized with the Yoast SEO plugin v23.2 - https:\/\/yoast.com\/wordpress\/plugins\/seo\/ -->\n<title>\u201eWashington Times\u201d o rz\u0105dzie Tuska: Romanowski pierwszym uchod\u017ac\u0105 politycznym w Polsce od 1989 r. - POGOTOWIE FLAGOWE\u00ae<\/title>\n<meta name=\"robots\" content=\"index, follow, max-snippet:-1, max-image-preview:large, max-video-preview:-1\" \/>\n<link rel=\"canonical\" href=\"https:\/\/www.pogotowieflagowe.pl\/aktualne\/washington-times-o-rzadzie-tuska-romanowski-pierwszym-uchodzca-politycznym-w-polsce-od-1989-r\/\" \/>\n<meta property=\"og:locale\" content=\"pl_PL\" \/>\n<meta property=\"og:type\" content=\"article\" \/>\n<meta property=\"og:title\" content=\"\u201eWashington Times\u201d o rz\u0105dzie Tuska: Romanowski pierwszym uchod\u017ac\u0105 politycznym w Polsce od 1989 r. - POGOTOWIE FLAGOWE\u00ae\" \/>\n<meta property=\"og:description\" content=\"Pisze Anna Wellisz, prezes Fundacji Edmunda Burke\u2019a \u201eWashington Times\u201d.argumentuje, \u017ce koalicja pod wodz\u0105 Donalda Tuska prowadzi kampani\u0119 represji i prze\u015bladowa\u0144\" \/>\n<meta property=\"og:url\" content=\"https:\/\/www.pogotowieflagowe.pl\/aktualne\/washington-times-o-rzadzie-tuska-romanowski-pierwszym-uchodzca-politycznym-w-polsce-od-1989-r\/\" \/>\n<meta property=\"og:site_name\" content=\"POGOTOWIE FLAGOWE\u00ae\" \/>\n<meta property=\"article:published_time\" content=\"2025-11-09T16:35:02+00:00\" \/>\n<meta property=\"article:modified_time\" content=\"2025-11-09T16:35:03+00:00\" \/>\n<meta property=\"og:image\" content=\"https:\/\/www.pogotowieflagowe.pl\/aktualne\/wp-content\/uploads\/2025\/02\/Rekordowy-spadek-dla-Polski-w-rankingu-korupcji-Najgorszy-wynik-od.jpg\" \/>\n\t<meta property=\"og:image:width\" content=\"1200\" \/>\n\t<meta property=\"og:image:height\" content=\"675\" \/>\n\t<meta property=\"og:image:type\" content=\"image\/jpeg\" \/>\n<meta name=\"author\" content=\"Filip\" \/>\n<meta name=\"twitter:card\" content=\"summary_large_image\" \/>\n<meta name=\"twitter:label1\" content=\"Napisane przez\" \/>\n\t<meta name=\"twitter:data1\" content=\"Filip\" \/>\n\t<meta name=\"twitter:label2\" content=\"Szacowany czas czytania\" \/>\n\t<meta name=\"twitter:data2\" content=\"2 minuty\" \/>\n<script type=\"application\/ld+json\" class=\"yoast-schema-graph\">{\"@context\":\"https:\/\/schema.org\",\"@graph\":[{\"@type\":\"Article\",\"@id\":\"https:\/\/www.pogotowieflagowe.pl\/aktualne\/washington-times-o-rzadzie-tuska-romanowski-pierwszym-uchodzca-politycznym-w-polsce-od-1989-r\/#article\",\"isPartOf\":{\"@id\":\"https:\/\/www.pogotowieflagowe.pl\/aktualne\/washington-times-o-rzadzie-tuska-romanowski-pierwszym-uchodzca-politycznym-w-polsce-od-1989-r\/\"},\"author\":{\"name\":\"Filip\",\"@id\":\"https:\/\/www.pogotowieflagowe.pl\/aktualne\/#\/schema\/person\/9c2fb7d2362ebf6fa088960d7f0d27b0\"},\"headline\":\"\u201eWashington Times\u201d o rz\u0105dzie Tuska: Romanowski pierwszym uchod\u017ac\u0105 politycznym w Polsce od 1989 r.\",\"datePublished\":\"2025-11-09T16:35:02+00:00\",\"dateModified\":\"2025-11-09T16:35:03+00:00\",\"mainEntityOfPage\":{\"@id\":\"https:\/\/www.pogotowieflagowe.pl\/aktualne\/washington-times-o-rzadzie-tuska-romanowski-pierwszym-uchodzca-politycznym-w-polsce-od-1989-r\/\"},\"wordCount\":426,\"commentCount\":0,\"publisher\":{\"@id\":\"https:\/\/www.pogotowieflagowe.pl\/aktualne\/#organization\"},\"image\":{\"@id\":\"https:\/\/www.pogotowieflagowe.pl\/aktualne\/washington-times-o-rzadzie-tuska-romanowski-pierwszym-uchodzca-politycznym-w-polsce-od-1989-r\/#primaryimage\"},\"thumbnailUrl\":\"https:\/\/www.pogotowieflagowe.pl\/aktualne\/wp-content\/uploads\/2025\/02\/Rekordowy-spadek-dla-Polski-w-rankingu-korupcji-Najgorszy-wynik-od.jpg\",\"keywords\":[\"pierwszym\",\"politycznym\",\"Polsce\",\"Romanowski\",\"rz\u0105dzie\",\"Times\",\"Tuska\",\"uchod\u017aca\",\"Washington\"],\"articleSection\":[\"Aktualne\"],\"inLanguage\":\"pl-PL\",\"potentialAction\":[{\"@type\":\"CommentAction\",\"name\":\"Comment\",\"target\":[\"https:\/\/www.pogotowieflagowe.pl\/aktualne\/washington-times-o-rzadzie-tuska-romanowski-pierwszym-uchodzca-politycznym-w-polsce-od-1989-r\/#respond\"]}]},{\"@type\":\"WebPage\",\"@id\":\"https:\/\/www.pogotowieflagowe.pl\/aktualne\/washington-times-o-rzadzie-tuska-romanowski-pierwszym-uchodzca-politycznym-w-polsce-od-1989-r\/\",\"url\":\"https:\/\/www.pogotowieflagowe.pl\/aktualne\/washington-times-o-rzadzie-tuska-romanowski-pierwszym-uchodzca-politycznym-w-polsce-od-1989-r\/\",\"name\":\"\u201eWashington Times\u201d o rz\u0105dzie Tuska: Romanowski pierwszym uchod\u017ac\u0105 politycznym w Polsce od 1989 r. - POGOTOWIE FLAGOWE\u00ae\",\"isPartOf\":{\"@id\":\"https:\/\/www.pogotowieflagowe.pl\/aktualne\/#website\"},\"primaryImageOfPage\":{\"@id\":\"https:\/\/www.pogotowieflagowe.pl\/aktualne\/washington-times-o-rzadzie-tuska-romanowski-pierwszym-uchodzca-politycznym-w-polsce-od-1989-r\/#primaryimage\"},\"image\":{\"@id\":\"https:\/\/www.pogotowieflagowe.pl\/aktualne\/washington-times-o-rzadzie-tuska-romanowski-pierwszym-uchodzca-politycznym-w-polsce-od-1989-r\/#primaryimage\"},\"thumbnailUrl\":\"https:\/\/www.pogotowieflagowe.pl\/aktualne\/wp-content\/uploads\/2025\/02\/Rekordowy-spadek-dla-Polski-w-rankingu-korupcji-Najgorszy-wynik-od.jpg\",\"datePublished\":\"2025-11-09T16:35:02+00:00\",\"dateModified\":\"2025-11-09T16:35:03+00:00\",\"breadcrumb\":{\"@id\":\"https:\/\/www.pogotowieflagowe.pl\/aktualne\/washington-times-o-rzadzie-tuska-romanowski-pierwszym-uchodzca-politycznym-w-polsce-od-1989-r\/#breadcrumb\"},\"inLanguage\":\"pl-PL\",\"potentialAction\":[{\"@type\":\"ReadAction\",\"target\":[\"https:\/\/www.pogotowieflagowe.pl\/aktualne\/washington-times-o-rzadzie-tuska-romanowski-pierwszym-uchodzca-politycznym-w-polsce-od-1989-r\/\"]}]},{\"@type\":\"ImageObject\",\"inLanguage\":\"pl-PL\",\"@id\":\"https:\/\/www.pogotowieflagowe.pl\/aktualne\/washington-times-o-rzadzie-tuska-romanowski-pierwszym-uchodzca-politycznym-w-polsce-od-1989-r\/#primaryimage\",\"url\":\"https:\/\/www.pogotowieflagowe.pl\/aktualne\/wp-content\/uploads\/2025\/02\/Rekordowy-spadek-dla-Polski-w-rankingu-korupcji-Najgorszy-wynik-od.jpg\",\"contentUrl\":\"https:\/\/www.pogotowieflagowe.pl\/aktualne\/wp-content\/uploads\/2025\/02\/Rekordowy-spadek-dla-Polski-w-rankingu-korupcji-Najgorszy-wynik-od.jpg\",\"width\":1200,\"height\":675,\"caption\":\"Rekordowy spadek dla Polski w rankingu korupcji! Najgorszy wynik od 12 lat, gdy Rwanda i Oman przewy\u017cszaj\u0105 Warszaw\u0119\"},{\"@type\":\"BreadcrumbList\",\"@id\":\"https:\/\/www.pogotowieflagowe.pl\/aktualne\/washington-times-o-rzadzie-tuska-romanowski-pierwszym-uchodzca-politycznym-w-polsce-od-1989-r\/#breadcrumb\",\"itemListElement\":[{\"@type\":\"ListItem\",\"position\":1,\"name\":\"Home\",\"item\":\"https:\/\/www.pogotowieflagowe.pl\/aktualne\/\"},{\"@type\":\"ListItem\",\"position\":2,\"name\":\"\u201eWashington Times\u201d o rz\u0105dzie Tuska: Romanowski pierwszym uchod\u017ac\u0105 politycznym w Polsce od 1989 r.\"}]},{\"@type\":\"WebSite\",\"@id\":\"https:\/\/www.pogotowieflagowe.pl\/aktualne\/#website\",\"url\":\"https:\/\/www.pogotowieflagowe.pl\/aktualne\/\",\"name\":\"POGOTOWIE FLAGOWE\u00ae\",\"description\":\"\",\"publisher\":{\"@id\":\"https:\/\/www.pogotowieflagowe.pl\/aktualne\/#organization\"},\"potentialAction\":[{\"@type\":\"SearchAction\",\"target\":{\"@type\":\"EntryPoint\",\"urlTemplate\":\"https:\/\/www.pogotowieflagowe.pl\/aktualne\/?s={search_term_string}\"},\"query-input\":\"required name=search_term_string\"}],\"inLanguage\":\"pl-PL\"},{\"@type\":\"Organization\",\"@id\":\"https:\/\/www.pogotowieflagowe.pl\/aktualne\/#organization\",\"name\":\"POGOTOWIE FLAGOWE\u00ae\",\"url\":\"https:\/\/www.pogotowieflagowe.pl\/aktualne\/\",\"logo\":{\"@type\":\"ImageObject\",\"inLanguage\":\"pl-PL\",\"@id\":\"https:\/\/www.pogotowieflagowe.pl\/aktualne\/#\/schema\/logo\/image\/\",\"url\":\"https:\/\/www.pogotowieflagowe.pl\/aktualne\/wp-content\/uploads\/2024\/08\/cropped-pogotowieflagowe_flaga_projekt_sm.jpg\",\"contentUrl\":\"https:\/\/www.pogotowieflagowe.pl\/aktualne\/wp-content\/uploads\/2024\/08\/cropped-pogotowieflagowe_flaga_projekt_sm.jpg\",\"width\":250,\"height\":143,\"caption\":\"POGOTOWIE FLAGOWE\u00ae\"},\"image\":{\"@id\":\"https:\/\/www.pogotowieflagowe.pl\/aktualne\/#\/schema\/logo\/image\/\"}},{\"@type\":\"Person\",\"@id\":\"https:\/\/www.pogotowieflagowe.pl\/aktualne\/#\/schema\/person\/9c2fb7d2362ebf6fa088960d7f0d27b0\",\"name\":\"Filip\",\"image\":{\"@type\":\"ImageObject\",\"inLanguage\":\"pl-PL\",\"@id\":\"https:\/\/www.pogotowieflagowe.pl\/aktualne\/#\/schema\/person\/image\/\",\"url\":\"https:\/\/www.pogotowieflagowe.pl\/aktualne\/wp-content\/uploads\/2024\/08\/pogotowieflagowe.pl_.jpg\",\"contentUrl\":\"https:\/\/www.pogotowieflagowe.pl\/aktualne\/wp-content\/uploads\/2024\/08\/pogotowieflagowe.pl_.jpg\",\"caption\":\"Filip\"},\"description\":\"Jestem Filip, polski dziennikarz z dyplomem nauk politycznych Uniwersytetu Warszawskiego. Rozpoczynaj\u0105c swoj\u0105 karier\u0119 w r\u00f3\u017cnych lokalnych mediach, zdoby\u0142em solidne do\u015bwiadczenie w zakresie \u015bledztwa i redakcji. Obecnie jako redaktor w Pogotowie flagowe, staram si\u0119 dostarcza\u0107 dog\u0142\u0119bne i istotne analizy na temat najwa\u017cniejszych kwestii aktualno\u015bci, \u0142\u0105cz\u0105c rygor z pasj\u0105 dziennikarsk\u0105.\",\"sameAs\":[\"https:\/\/www.pogotowieflagowe.pl\/\"]}]}<\/script>\n<!-- \/ Yoast SEO plugin. -->","yoast_head_json":{"title":"\u201eWashington Times\u201d o rz\u0105dzie Tuska: Romanowski pierwszym uchod\u017ac\u0105 politycznym w Polsce od 1989 r. - POGOTOWIE FLAGOWE\u00ae","robots":{"index":"index","follow":"follow","max-snippet":"max-snippet:-1","max-image-preview":"max-image-preview:large","max-video-preview":"max-video-preview:-1"},"canonical":"https:\/\/www.pogotowieflagowe.pl\/aktualne\/washington-times-o-rzadzie-tuska-romanowski-pierwszym-uchodzca-politycznym-w-polsce-od-1989-r\/","og_locale":"pl_PL","og_type":"article","og_title":"\u201eWashington Times\u201d o rz\u0105dzie Tuska: Romanowski pierwszym uchod\u017ac\u0105 politycznym w Polsce od 1989 r. - POGOTOWIE FLAGOWE\u00ae","og_description":"Pisze Anna Wellisz, prezes Fundacji Edmunda Burke\u2019a \u201eWashington Times\u201d.argumentuje, \u017ce koalicja pod wodz\u0105 Donalda Tuska prowadzi kampani\u0119 represji i prze\u015bladowa\u0144","og_url":"https:\/\/www.pogotowieflagowe.pl\/aktualne\/washington-times-o-rzadzie-tuska-romanowski-pierwszym-uchodzca-politycznym-w-polsce-od-1989-r\/","og_site_name":"POGOTOWIE FLAGOWE\u00ae","article_published_time":"2025-11-09T16:35:02+00:00","article_modified_time":"2025-11-09T16:35:03+00:00","og_image":[{"width":1200,"height":675,"url":"https:\/\/www.pogotowieflagowe.pl\/aktualne\/wp-content\/uploads\/2025\/02\/Rekordowy-spadek-dla-Polski-w-rankingu-korupcji-Najgorszy-wynik-od.jpg","type":"image\/jpeg"}],"author":"Filip","twitter_card":"summary_large_image","twitter_misc":{"Napisane przez":"Filip","Szacowany czas czytania":"2 minuty"},"schema":{"@context":"https:\/\/schema.org","@graph":[{"@type":"Article","@id":"https:\/\/www.pogotowieflagowe.pl\/aktualne\/washington-times-o-rzadzie-tuska-romanowski-pierwszym-uchodzca-politycznym-w-polsce-od-1989-r\/#article","isPartOf":{"@id":"https:\/\/www.pogotowieflagowe.pl\/aktualne\/washington-times-o-rzadzie-tuska-romanowski-pierwszym-uchodzca-politycznym-w-polsce-od-1989-r\/"},"author":{"name":"Filip","@id":"https:\/\/www.pogotowieflagowe.pl\/aktualne\/#\/schema\/person\/9c2fb7d2362ebf6fa088960d7f0d27b0"},"headline":"\u201eWashington Times\u201d o rz\u0105dzie Tuska: Romanowski pierwszym uchod\u017ac\u0105 politycznym w Polsce od 1989 r.","datePublished":"2025-11-09T16:35:02+00:00","dateModified":"2025-11-09T16:35:03+00:00","mainEntityOfPage":{"@id":"https:\/\/www.pogotowieflagowe.pl\/aktualne\/washington-times-o-rzadzie-tuska-romanowski-pierwszym-uchodzca-politycznym-w-polsce-od-1989-r\/"},"wordCount":426,"commentCount":0,"publisher":{"@id":"https:\/\/www.pogotowieflagowe.pl\/aktualne\/#organization"},"image":{"@id":"https:\/\/www.pogotowieflagowe.pl\/aktualne\/washington-times-o-rzadzie-tuska-romanowski-pierwszym-uchodzca-politycznym-w-polsce-od-1989-r\/#primaryimage"},"thumbnailUrl":"https:\/\/www.pogotowieflagowe.pl\/aktualne\/wp-content\/uploads\/2025\/02\/Rekordowy-spadek-dla-Polski-w-rankingu-korupcji-Najgorszy-wynik-od.jpg","keywords":["pierwszym","politycznym","Polsce","Romanowski","rz\u0105dzie","Times","Tuska","uchod\u017aca","Washington"],"articleSection":["Aktualne"],"inLanguage":"pl-PL","potentialAction":[{"@type":"CommentAction","name":"Comment","target":["https:\/\/www.pogotowieflagowe.pl\/aktualne\/washington-times-o-rzadzie-tuska-romanowski-pierwszym-uchodzca-politycznym-w-polsce-od-1989-r\/#respond"]}]},{"@type":"WebPage","@id":"https:\/\/www.pogotowieflagowe.pl\/aktualne\/washington-times-o-rzadzie-tuska-romanowski-pierwszym-uchodzca-politycznym-w-polsce-od-1989-r\/","url":"https:\/\/www.pogotowieflagowe.pl\/aktualne\/washington-times-o-rzadzie-tuska-romanowski-pierwszym-uchodzca-politycznym-w-polsce-od-1989-r\/","name":"\u201eWashington Times\u201d o rz\u0105dzie Tuska: Romanowski pierwszym uchod\u017ac\u0105 politycznym w Polsce od 1989 r. - POGOTOWIE FLAGOWE\u00ae","isPartOf":{"@id":"https:\/\/www.pogotowieflagowe.pl\/aktualne\/#website"},"primaryImageOfPage":{"@id":"https:\/\/www.pogotowieflagowe.pl\/aktualne\/washington-times-o-rzadzie-tuska-romanowski-pierwszym-uchodzca-politycznym-w-polsce-od-1989-r\/#primaryimage"},"image":{"@id":"https:\/\/www.pogotowieflagowe.pl\/aktualne\/washington-times-o-rzadzie-tuska-romanowski-pierwszym-uchodzca-politycznym-w-polsce-od-1989-r\/#primaryimage"},"thumbnailUrl":"https:\/\/www.pogotowieflagowe.pl\/aktualne\/wp-content\/uploads\/2025\/02\/Rekordowy-spadek-dla-Polski-w-rankingu-korupcji-Najgorszy-wynik-od.jpg","datePublished":"2025-11-09T16:35:02+00:00","dateModified":"2025-11-09T16:35:03+00:00","breadcrumb":{"@id":"https:\/\/www.pogotowieflagowe.pl\/aktualne\/washington-times-o-rzadzie-tuska-romanowski-pierwszym-uchodzca-politycznym-w-polsce-od-1989-r\/#breadcrumb"},"inLanguage":"pl-PL","potentialAction":[{"@type":"ReadAction","target":["https:\/\/www.pogotowieflagowe.pl\/aktualne\/washington-times-o-rzadzie-tuska-romanowski-pierwszym-uchodzca-politycznym-w-polsce-od-1989-r\/"]}]},{"@type":"ImageObject","inLanguage":"pl-PL","@id":"https:\/\/www.pogotowieflagowe.pl\/aktualne\/washington-times-o-rzadzie-tuska-romanowski-pierwszym-uchodzca-politycznym-w-polsce-od-1989-r\/#primaryimage","url":"https:\/\/www.pogotowieflagowe.pl\/aktualne\/wp-content\/uploads\/2025\/02\/Rekordowy-spadek-dla-Polski-w-rankingu-korupcji-Najgorszy-wynik-od.jpg","contentUrl":"https:\/\/www.pogotowieflagowe.pl\/aktualne\/wp-content\/uploads\/2025\/02\/Rekordowy-spadek-dla-Polski-w-rankingu-korupcji-Najgorszy-wynik-od.jpg","width":1200,"height":675,"caption":"Rekordowy spadek dla Polski w rankingu korupcji! Najgorszy wynik od 12 lat, gdy Rwanda i Oman przewy\u017cszaj\u0105 Warszaw\u0119"},{"@type":"BreadcrumbList","@id":"https:\/\/www.pogotowieflagowe.pl\/aktualne\/washington-times-o-rzadzie-tuska-romanowski-pierwszym-uchodzca-politycznym-w-polsce-od-1989-r\/#breadcrumb","itemListElement":[{"@type":"ListItem","position":1,"name":"Home","item":"https:\/\/www.pogotowieflagowe.pl\/aktualne\/"},{"@type":"ListItem","position":2,"name":"\u201eWashington Times\u201d o rz\u0105dzie Tuska: Romanowski pierwszym uchod\u017ac\u0105 politycznym w Polsce od 1989 r."}]},{"@type":"WebSite","@id":"https:\/\/www.pogotowieflagowe.pl\/aktualne\/#website","url":"https:\/\/www.pogotowieflagowe.pl\/aktualne\/","name":"POGOTOWIE FLAGOWE\u00ae","description":"","publisher":{"@id":"https:\/\/www.pogotowieflagowe.pl\/aktualne\/#organization"},"potentialAction":[{"@type":"SearchAction","target":{"@type":"EntryPoint","urlTemplate":"https:\/\/www.pogotowieflagowe.pl\/aktualne\/?s={search_term_string}"},"query-input":"required name=search_term_string"}],"inLanguage":"pl-PL"},{"@type":"Organization","@id":"https:\/\/www.pogotowieflagowe.pl\/aktualne\/#organization","name":"POGOTOWIE FLAGOWE\u00ae","url":"https:\/\/www.pogotowieflagowe.pl\/aktualne\/","logo":{"@type":"ImageObject","inLanguage":"pl-PL","@id":"https:\/\/www.pogotowieflagowe.pl\/aktualne\/#\/schema\/logo\/image\/","url":"https:\/\/www.pogotowieflagowe.pl\/aktualne\/wp-content\/uploads\/2024\/08\/cropped-pogotowieflagowe_flaga_projekt_sm.jpg","contentUrl":"https:\/\/www.pogotowieflagowe.pl\/aktualne\/wp-content\/uploads\/2024\/08\/cropped-pogotowieflagowe_flaga_projekt_sm.jpg","width":250,"height":143,"caption":"POGOTOWIE FLAGOWE\u00ae"},"image":{"@id":"https:\/\/www.pogotowieflagowe.pl\/aktualne\/#\/schema\/logo\/image\/"}},{"@type":"Person","@id":"https:\/\/www.pogotowieflagowe.pl\/aktualne\/#\/schema\/person\/9c2fb7d2362ebf6fa088960d7f0d27b0","name":"Filip","image":{"@type":"ImageObject","inLanguage":"pl-PL","@id":"https:\/\/www.pogotowieflagowe.pl\/aktualne\/#\/schema\/person\/image\/","url":"https:\/\/www.pogotowieflagowe.pl\/aktualne\/wp-content\/uploads\/2024\/08\/pogotowieflagowe.pl_.jpg","contentUrl":"https:\/\/www.pogotowieflagowe.pl\/aktualne\/wp-content\/uploads\/2024\/08\/pogotowieflagowe.pl_.jpg","caption":"Filip"},"description":"Jestem Filip, polski dziennikarz z dyplomem nauk politycznych Uniwersytetu Warszawskiego. Rozpoczynaj\u0105c swoj\u0105 karier\u0119 w r\u00f3\u017cnych lokalnych mediach, zdoby\u0142em solidne do\u015bwiadczenie w zakresie \u015bledztwa i redakcji. Obecnie jako redaktor w Pogotowie flagowe, staram si\u0119 dostarcza\u0107 dog\u0142\u0119bne i istotne analizy na temat najwa\u017cniejszych kwestii aktualno\u015bci, \u0142\u0105cz\u0105c rygor z pasj\u0105 dziennikarsk\u0105.","sameAs":["https:\/\/www.pogotowieflagowe.pl\/"]}]}},"_links":{"self":[{"href":"https:\/\/www.pogotowieflagowe.pl\/aktualne\/wp-json\/wp\/v2\/posts\/10317","targetHints":{"allow":["GET"]}}],"collection":[{"href":"https:\/\/www.pogotowieflagowe.pl\/aktualne\/wp-json\/wp\/v2\/posts"}],"about":[{"href":"https:\/\/www.pogotowieflagowe.pl\/aktualne\/wp-json\/wp\/v2\/types\/post"}],"author":[{"embeddable":true,"href":"https:\/\/www.pogotowieflagowe.pl\/aktualne\/wp-json\/wp\/v2\/users\/1"}],"replies":[{"embeddable":true,"href":"https:\/\/www.pogotowieflagowe.pl\/aktualne\/wp-json\/wp\/v2\/comments?post=10317"}],"version-history":[{"count":1,"href":"https:\/\/www.pogotowieflagowe.pl\/aktualne\/wp-json\/wp\/v2\/posts\/10317\/revisions"}],"predecessor-version":[{"id":10318,"href":"https:\/\/www.pogotowieflagowe.pl\/aktualne\/wp-json\/wp\/v2\/posts\/10317\/revisions\/10318"}],"wp:featuredmedia":[{"embeddable":true,"href":"https:\/\/www.pogotowieflagowe.pl\/aktualne\/wp-json\/wp\/v2\/media\/4024"}],"wp:attachment":[{"href":"https:\/\/www.pogotowieflagowe.pl\/aktualne\/wp-json\/wp\/v2\/media?parent=10317"}],"wp:term":[{"taxonomy":"category","embeddable":true,"href":"https:\/\/www.pogotowieflagowe.pl\/aktualne\/wp-json\/wp\/v2\/categories?post=10317"},{"taxonomy":"post_tag","embeddable":true,"href":"https:\/\/www.pogotowieflagowe.pl\/aktualne\/wp-json\/wp\/v2\/tags?post=10317"}],"curies":[{"name":"wp","href":"https:\/\/api.w.org\/{rel}","templated":true}]}}