{"id":10319,"date":"2025-11-09T17:36:42","date_gmt":"2025-11-09T16:36:42","guid":{"rendered":"https:\/\/www.pogotowieflagowe.pl\/aktualne\/dochodzenie-w-sprawie-nord-stream-ukrainiec-poszukiwany-przez-niemcy-w-stanie-krytycznym\/"},"modified":"2025-11-09T17:36:43","modified_gmt":"2025-11-09T16:36:43","slug":"dochodzenie-w-sprawie-nord-stream-ukrainiec-poszukiwany-przez-niemcy-w-stanie-krytycznym","status":"publish","type":"post","link":"https:\/\/www.pogotowieflagowe.pl\/aktualne\/dochodzenie-w-sprawie-nord-stream-ukrainiec-poszukiwany-przez-niemcy-w-stanie-krytycznym\/","title":{"rendered":"Dochodzenie w sprawie Nord Stream: Ukrainiec poszukiwany przez Niemcy w stanie krytycznym"},"content":{"rendered":"\n<div class=\"td_block_wrap tdb_single_content tdi_41 td-pb-border-top td_block_template_8 td-post-content tagdiv-type\" data-td-block-uid=\"tdi_41\">\n<style>.tdi_41{margines-top:0px!important;margin-bottom:0px!important;dope\u0142nienie-g\u00f3ra:0px!important;dope\u0142nienie-d\u00f3\u0142:0px!important}<\/style>\n<style>.tdb_single_content{margin-bottom:0;*zoom:1}.tdb_single_content:before,.tdb_single_content:after{display:table;content:'';line-height:0}.tdb_single_content:after{clear:both}.tdb_single_content .tdb-block-inner>*:not(.wp-block-quote):not(.alignwide):not(.alignfull.wp-block-cover.has-parallax):not(.td-a-ad){margin-left:auto;margin-right:auto}.tdb_single_content a{pointer-events:auto}.tdb_single_content .td-spot-id-top_ad .tdc-placeholder-title:before{content:'Najlepsza reklama artyku\u0142u'!important}.tdb_single_content .td-spot-id-inline_ad0 .tdc-placeholder-title:before{content:'Reklama wbudowana artyku\u0142u 1'!important}.tdb_single_content .td-spot-id-inline_ad1 .tdc-placeholder-title:before{content:'Wbudowana reklama w artykule 2'!important}.tdb_single_content .td-spot-id-inline_ad2 .tdc-placeholder-title:before{content:'Wbudowana reklama w artykule 3'!important}.tdb_single_content .td-spot-id-bottom_ad .tdc-placeholder-title:before{content:'Article Bottom Ad'!important}.tdb_single_content .id_top_ad,.tdb_single_content .id_bottom_ad{clear:both;margin-bottom:21px;text-align:center}.tdb_single_content .id_top_ad img,.tdb_single_content .id_bottom_ad img{margin-bottom:0}.tdb_single_content .id_top_ad .adsbygoogle,.tdb_single_content .id_bottom_ad .adsbygoogle{position:relative}.tdb_single_content .id_ad_content-horiz-left,.tdb_single_content .id_ad_content-horiz-right,.tdb_single_content .id_ad_content-horiz-center{margin-bottom:15px}.tdb_single_content .id_ad_content-horiz-left img,.tdb_single_content .id_ad_content-horiz-right img,.tdb_single_content .id_ad_content-horiz-center img{margin-bottom:0}.tdb_single_content .id_ad_content-horiz-center{text-align:center}.tdb_single_content .id_ad_content-horiz-center img{margin-right:auto;margin-left:auto}.tdb_single_content .id_ad_content-horiz-left{float:left;margin-top:9px;margin-right:21px}.tdb_single_content .id_ad_content-horiz-right{float:right;margin-top:6px;margin-left:21px}.tdb_single_content .tdc-a-ad .tdc-placeholder-title{width:300px;height:250px}.tdb_single_content .tdc-a-ad .tdc-placeholder-title:before{position:absolute;top:50%;-webkit-transform:translateY(-50%);transform:translateY(-50%);margin:auto;display:table;width:100%}.tdb_single_content .tdb-block-inner.td-fix-index{word-break:break-word}.tdi_41,.tdi_41>p,.tdi_41 .tdb-block-inner>p,.wp-block-column>p{font-size:16px!important;line-height:1.6!important}.tdi_41 .tdb-block-inner blockquote p{font-style:normal!important}@media (max-width:767px){.tdb_single_content .id_ad_content-horiz-left,.tdb_single_content .id_ad_content-horiz-right,.tdb_single_content .id_ad_content-horiz-center{margin:0 auto 26 pikseli auto}}@media (max-width:767px){.tdb_single_content .id_ad_content-horiz-left{margin-right:0}}@media (max-width:767px){.tdb_single_content .id_ad_content-horiz-right{margin-left:0}}@media (max-width:767px){.tdb_single_content .td-a-ad{float:none;text-align:center}.tdb_single_content .td-a-ad img{margin-right:auto;margin-left:auto}.tdb_single_content .tdc-a-ad{float:none}}<\/style>\n<div class=\"tdb-block-inner td-fix-index\">\n<p>Wed\u0142ug rzecznika Ukrainy Dmytro Lubinetsa Serhij Kuzniecow, przetrzymywany we w\u0142oskim wi\u0119zieniu i poszukiwany przez niemiecki wymiar sprawiedliwo\u015bci pod zarzutem przeprowadzenia atak\u00f3w na ruroci\u0105g Nord Stream w 2022 r., jest w stanie krytycznym. Kuzniecow prowadzi strajk g\u0142odowy od dziewi\u0119ciu dni po tym, jak s\u0105d w Bolonii ponownie zatwierdzi\u0142 jego ekstradycj\u0119 do Niemiec.<\/p>\n<p>Serhij Kuzniecow, by\u0142y kapitan armii ukrai\u0144skiej, oskar\u017cony jest o zorganizowanie i przeprowadzenie atak\u00f3w na gazoci\u0105gi Nord Stream 1 i 2 we wrze\u015bniu 2022 roku. Zosta\u0142 zatrzymany 21 sierpnia 2025 roku w Rimini we W\u0142oszech na podstawie Europejskiego Nakazu Aresztowania wydanego przez niemieckie organy s\u0105dowe.<\/p>\n<p>W kolejnych miesi\u0105cach w\u0142oskie s\u0105dy r\u00f3\u017cnych szczebli wyrazi\u0142y zgod\u0119 na jego ekstradycj\u0119 do Niemiec, co stara si\u0119 postawi\u0107 go przed s\u0105dem. P\u00f3\u017aniej jednak w\u0142oski S\u0105d Najwy\u017cszy (S\u0105d Kasacyjny) uchyli\u0142 wcze\u015bniejsze orzeczenie apelacyjne zezwalaj\u0105ce na ekstradycj\u0119 i przekaza\u0142 spraw\u0119 do ponownego rozpatrzenia.<\/p>\n<p>27 pa\u017adziernika 2025 r. S\u0105d Apelacyjny w Bolonii opowiedzia\u0142 si\u0119 za ekstradycj\u0105 do Niemiec 49-letniego Serhija Kuzniecowa. Obro\u0144ca Kuzniecowa Nicola Canestrini zapowiedzia\u0142, \u017ce ponownie z\u0142o\u017cy apelacj\u0119 od tej decyzji do S\u0105du Najwy\u017cszego.<\/p>\n<p>31 pa\u017adziernika w areszcie Kuzniecow rozpocz\u0105\u0142 strajk g\u0142odowy. Canestrini powiedzia\u0142 w\u0142oskim mediom, \u017ce jego klient odmawia jedzenia, \u017c\u0105daj\u0105c poszanowania jego podstawowych praw.<\/p>\n<p>Wed\u0142ug prawnika prawa te dotycz\u0105 odpowiedniego od\u017cywiania dostosowanego do stanu zdrowia Kuzniecowa, humanitarnych warunk\u00f3w przetrzymywania oraz r\u00f3wnego traktowania w por\u00f3wnaniu z innymi osadzonymi \u2013 zw\u0142aszcza w zakresie wizyt rodzinnych i dost\u0119pu do informacji. Prawnik o\u015bwiadczy\u0142, \u017ce zwr\u00f3ci\u0142 si\u0119 do administracji wi\u0119ziennej i w\u0142oskiego Ministerstwa Sprawiedliwo\u015bci o interwencj\u0119.<\/p>\n<h2 class=\"wp-block-heading\">\u017bona: Kuzniecow w stanie krytycznym<\/h2>\n<p>Spraw\u0105 zainteresowa\u0142 si\u0119 Rzecznik Praw Obywatelskich Ukrainy Dmytro Lubinets. W mediach spo\u0142eczno\u015bciowych doni\u00f3s\u0142 o spotkaniu z \u017con\u0105 Kuzniecowa, Halyn\u0105, kt\u00f3ra przekaza\u0142a, \u017ce \u200b\u200bjej m\u0105\u017c prowadzi strajk g\u0142odowy i jest w krytycznym stanie zdrowia.<\/p>\n<figure class=\"wp-block-pullquote\">\n<blockquote>\n<p>\u201eTa sytuacja wymaga natychmiastowych dzia\u0142a\u0144 i przej\u0105\u0142em nad ni\u0105 osobist\u0105 kontrol\u0119\u201d <\/p>\n<p><cite>Lubinet napisa\u0142.<\/cite><\/p><\/blockquote>\n<\/figure>\n<p>O\u015bwiadczy\u0142, \u017ce wys\u0142a\u0142 oficjalne pisma do Ministerstwa Spraw Zagranicznych Ukrainy, Ministerstwa Sprawiedliwo\u015bci W\u0142och, wiceprzewodnicz\u0105cej Parlamentu Europejskiego Piny Picierno, w\u0142oskiego rzecznika praw obywatelskich Marino Fardelliego oraz w\u0142oskiego Krajowego Gwaranta Praw Os\u00f3b Pozbawionych Wolno\u015bci Osobistej.<\/p>\n<figure class=\"wp-block-pullquote\">\n<blockquote>\n<p>&#8222;Musimy zrobi\u0107 wszystko, co w naszej mocy, aby chroni\u0107 prawa obywatela Ukrainy. Przetrzymywanie Serhija w o\u015brodku o zaostrzonym rygorze i w niew\u0142a\u015bciwych warunkach jest niedopuszczalne i narusza Europejsk\u0105 Konwencj\u0119 Praw Cz\u0142owieka&#8221;<\/p>\n<p><cite>  \u2013 napisa\u0142 Lubinets.<\/cite><\/p><\/blockquote>\n<\/figure>\n<p>Niemieckie media podaj\u0105, \u017ce Kuzniecow mia\u0142 by\u0107 organizatorem ataku na rosyjsko-niemiecki ruroci\u0105g Nord Stream, a nie \u2013 jak wcze\u015bniej s\u0105dzono \u2013 jedynie jednym z koordynator\u00f3w operacji. Jego prawnik podkre\u015bla jednak \u201epolityczny i militarny charakter zarzucanych dzia\u0142a\u0144, kt\u00f3re mieszcz\u0105 si\u0119 w kontek\u015bcie dzia\u0142a\u0144 zwi\u0105zanych z mi\u0119dzynarodowym konfliktem zbrojnym\u201d.<\/p>\n<h2 class=\"wp-block-heading\">\u017buraw\u0142ow pozostanie w Polsce<\/h2>\n<p>17 pa\u017adziernika 2025 r. polski s\u0105d odm\u00f3wi\u0142 ekstradycji kolejnego Ukrai\u0144ca poszukiwanego przez Niemcy w zwi\u0105zku z wybuchami Nord Stream \u2013 Wo\u0142odymyra \u017buraw\u0142owa. Zosta\u0142 tak\u017ce zwolniony z tymczasowego aresztu.<\/p>\n<p>W swoim uzasadnieniu s\u0119dzia Dariusz \u0141ubowski stwierdzi\u0142, \u017ce \u2013 bez ustalenia, czy Ukrainiec czynu dopu\u015bci\u0142 si\u0119, czy nie \u2013 dzia\u0142ania takie nie by\u0142y niezgodne z prawem. Wr\u0119cz przeciwnie, by\u0142y one \u201euzasadnione, racjonalne i sprawiedliwe\u201d, gdy\u017c ataki na infrastruktur\u0119 krytyczn\u0105 agresora przeprowadzane przez si\u0142y zbrojne lub jednostki specjalne w czasie wojny stanowi\u0105 akt dywersji, a nie sabota\u017cu, w zwi\u0105zku z czym nie mog\u0105 by\u0107 uznane za przest\u0119pstwa.<\/p>\n<p>Wyja\u015bni\u0142, \u017ce do czynu dosz\u0142o w czasie trwaj\u0105cej od 2014 roku \u201ekrwawej i ludob\u00f3jczej agresji\u201d Rosji na Ukrain\u0119, i argumentowa\u0142, \u017ce odpowiedzialno\u015b\u0107 mo\u017ce spoczywa\u0107 wy\u0142\u0105cznie na pa\u0144stwie \u2013 a konkretnie na pa\u0144stwie ukrai\u0144skim \u2013 i tylko to pa\u0144stwo mo\u017ce ponosi\u0107 odpowiedzialno\u015b\u0107.<\/p>\n<\/div>\n<\/div>\n","protected":false},"excerpt":{"rendered":"<p>Wed\u0142ug rzecznika Ukrainy Dmytro Lubinetsa Serhij Kuzniecow, przetrzymywany we w\u0142oskim wi\u0119zieniu i poszukiwany przez niemiecki wymiar sprawiedliwo\u015bci pod zarzutem przeprowadzenia<\/p>\n","protected":false},"author":1,"featured_media":5592,"comment_status":"open","ping_status":"open","sticky":false,"template":"","format":"standard","meta":{"footnotes":""},"categories":[44],"tags":[6036,11804,30,37,2950,214,35,758,38,10901],"class_list":["post-10319","post","type-post","status-publish","format-standard","has-post-thumbnail","hentry","category-polityka","tag-dochodzenie","tag-krytycznym","tag-niemcy","tag-nord","tag-poszukiwany","tag-przez","tag-sprawie","tag-stanie","tag-stream","tag-ukrainiec","generate-columns","tablet-grid-50","mobile-grid-100","grid-parent","grid-50","resize-featured-image"],"yoast_head":"<!-- This site is optimized with the Yoast SEO plugin v23.2 - https:\/\/yoast.com\/wordpress\/plugins\/seo\/ -->\n<title>Dochodzenie w sprawie Nord Stream: Ukrainiec poszukiwany przez Niemcy w stanie krytycznym - POGOTOWIE FLAGOWE\u00ae<\/title>\n<meta name=\"robots\" content=\"index, follow, max-snippet:-1, max-image-preview:large, max-video-preview:-1\" \/>\n<link rel=\"canonical\" href=\"https:\/\/www.pogotowieflagowe.pl\/aktualne\/dochodzenie-w-sprawie-nord-stream-ukrainiec-poszukiwany-przez-niemcy-w-stanie-krytycznym\/\" \/>\n<meta property=\"og:locale\" content=\"pl_PL\" \/>\n<meta property=\"og:type\" content=\"article\" \/>\n<meta property=\"og:title\" content=\"Dochodzenie w sprawie Nord Stream: Ukrainiec poszukiwany przez Niemcy w stanie krytycznym - POGOTOWIE FLAGOWE\u00ae\" \/>\n<meta property=\"og:description\" content=\"Wed\u0142ug rzecznika Ukrainy Dmytro Lubinetsa Serhij Kuzniecow, przetrzymywany we w\u0142oskim wi\u0119zieniu i poszukiwany przez niemiecki wymiar sprawiedliwo\u015bci pod zarzutem przeprowadzenia\" \/>\n<meta property=\"og:url\" content=\"https:\/\/www.pogotowieflagowe.pl\/aktualne\/dochodzenie-w-sprawie-nord-stream-ukrainiec-poszukiwany-przez-niemcy-w-stanie-krytycznym\/\" \/>\n<meta property=\"og:site_name\" content=\"POGOTOWIE FLAGOWE\u00ae\" \/>\n<meta property=\"article:published_time\" content=\"2025-11-09T16:36:42+00:00\" \/>\n<meta property=\"article:modified_time\" content=\"2025-11-09T16:36:43+00:00\" \/>\n<meta property=\"og:image\" content=\"https:\/\/www.pogotowieflagowe.pl\/aktualne\/wp-content\/uploads\/2025\/05\/Niemcy-ujawnia-kwote-na-finansowanie-wojny-rosyjskiej-ponad-104-miliardy.jpg\" \/>\n\t<meta property=\"og:image:width\" content=\"650\" \/>\n\t<meta property=\"og:image:height\" content=\"368\" \/>\n\t<meta property=\"og:image:type\" content=\"image\/jpeg\" \/>\n<meta name=\"author\" content=\"Filip\" \/>\n<meta name=\"twitter:card\" content=\"summary_large_image\" \/>\n<meta name=\"twitter:label1\" content=\"Napisane przez\" \/>\n\t<meta name=\"twitter:data1\" content=\"Filip\" \/>\n\t<meta name=\"twitter:label2\" content=\"Szacowany czas czytania\" \/>\n\t<meta name=\"twitter:data2\" content=\"3 minuty\" \/>\n<script type=\"application\/ld+json\" class=\"yoast-schema-graph\">{\"@context\":\"https:\/\/schema.org\",\"@graph\":[{\"@type\":\"Article\",\"@id\":\"https:\/\/www.pogotowieflagowe.pl\/aktualne\/dochodzenie-w-sprawie-nord-stream-ukrainiec-poszukiwany-przez-niemcy-w-stanie-krytycznym\/#article\",\"isPartOf\":{\"@id\":\"https:\/\/www.pogotowieflagowe.pl\/aktualne\/dochodzenie-w-sprawie-nord-stream-ukrainiec-poszukiwany-przez-niemcy-w-stanie-krytycznym\/\"},\"author\":{\"name\":\"Filip\",\"@id\":\"https:\/\/www.pogotowieflagowe.pl\/aktualne\/#\/schema\/person\/9c2fb7d2362ebf6fa088960d7f0d27b0\"},\"headline\":\"Dochodzenie w sprawie Nord Stream: Ukrainiec poszukiwany przez Niemcy w stanie krytycznym\",\"datePublished\":\"2025-11-09T16:36:42+00:00\",\"dateModified\":\"2025-11-09T16:36:43+00:00\",\"mainEntityOfPage\":{\"@id\":\"https:\/\/www.pogotowieflagowe.pl\/aktualne\/dochodzenie-w-sprawie-nord-stream-ukrainiec-poszukiwany-przez-niemcy-w-stanie-krytycznym\/\"},\"wordCount\":647,\"commentCount\":0,\"publisher\":{\"@id\":\"https:\/\/www.pogotowieflagowe.pl\/aktualne\/#organization\"},\"image\":{\"@id\":\"https:\/\/www.pogotowieflagowe.pl\/aktualne\/dochodzenie-w-sprawie-nord-stream-ukrainiec-poszukiwany-przez-niemcy-w-stanie-krytycznym\/#primaryimage\"},\"thumbnailUrl\":\"https:\/\/www.pogotowieflagowe.pl\/aktualne\/wp-content\/uploads\/2025\/05\/Niemcy-ujawnia-kwote-na-finansowanie-wojny-rosyjskiej-ponad-104-miliardy.jpg\",\"keywords\":[\"dochodzenie\",\"krytycznym\",\"Niemcy\",\"Nord\",\"poszukiwany\",\"przez\",\"sprawie\",\"stanie\",\"Stream\",\"Ukrainiec\"],\"articleSection\":[\"Polityka\"],\"inLanguage\":\"pl-PL\",\"potentialAction\":[{\"@type\":\"CommentAction\",\"name\":\"Comment\",\"target\":[\"https:\/\/www.pogotowieflagowe.pl\/aktualne\/dochodzenie-w-sprawie-nord-stream-ukrainiec-poszukiwany-przez-niemcy-w-stanie-krytycznym\/#respond\"]}]},{\"@type\":\"WebPage\",\"@id\":\"https:\/\/www.pogotowieflagowe.pl\/aktualne\/dochodzenie-w-sprawie-nord-stream-ukrainiec-poszukiwany-przez-niemcy-w-stanie-krytycznym\/\",\"url\":\"https:\/\/www.pogotowieflagowe.pl\/aktualne\/dochodzenie-w-sprawie-nord-stream-ukrainiec-poszukiwany-przez-niemcy-w-stanie-krytycznym\/\",\"name\":\"Dochodzenie w sprawie Nord Stream: Ukrainiec poszukiwany przez Niemcy w stanie krytycznym - POGOTOWIE FLAGOWE\u00ae\",\"isPartOf\":{\"@id\":\"https:\/\/www.pogotowieflagowe.pl\/aktualne\/#website\"},\"primaryImageOfPage\":{\"@id\":\"https:\/\/www.pogotowieflagowe.pl\/aktualne\/dochodzenie-w-sprawie-nord-stream-ukrainiec-poszukiwany-przez-niemcy-w-stanie-krytycznym\/#primaryimage\"},\"image\":{\"@id\":\"https:\/\/www.pogotowieflagowe.pl\/aktualne\/dochodzenie-w-sprawie-nord-stream-ukrainiec-poszukiwany-przez-niemcy-w-stanie-krytycznym\/#primaryimage\"},\"thumbnailUrl\":\"https:\/\/www.pogotowieflagowe.pl\/aktualne\/wp-content\/uploads\/2025\/05\/Niemcy-ujawnia-kwote-na-finansowanie-wojny-rosyjskiej-ponad-104-miliardy.jpg\",\"datePublished\":\"2025-11-09T16:36:42+00:00\",\"dateModified\":\"2025-11-09T16:36:43+00:00\",\"breadcrumb\":{\"@id\":\"https:\/\/www.pogotowieflagowe.pl\/aktualne\/dochodzenie-w-sprawie-nord-stream-ukrainiec-poszukiwany-przez-niemcy-w-stanie-krytycznym\/#breadcrumb\"},\"inLanguage\":\"pl-PL\",\"potentialAction\":[{\"@type\":\"ReadAction\",\"target\":[\"https:\/\/www.pogotowieflagowe.pl\/aktualne\/dochodzenie-w-sprawie-nord-stream-ukrainiec-poszukiwany-przez-niemcy-w-stanie-krytycznym\/\"]}]},{\"@type\":\"ImageObject\",\"inLanguage\":\"pl-PL\",\"@id\":\"https:\/\/www.pogotowieflagowe.pl\/aktualne\/dochodzenie-w-sprawie-nord-stream-ukrainiec-poszukiwany-przez-niemcy-w-stanie-krytycznym\/#primaryimage\",\"url\":\"https:\/\/www.pogotowieflagowe.pl\/aktualne\/wp-content\/uploads\/2025\/05\/Niemcy-ujawnia-kwote-na-finansowanie-wojny-rosyjskiej-ponad-104-miliardy.jpg\",\"contentUrl\":\"https:\/\/www.pogotowieflagowe.pl\/aktualne\/wp-content\/uploads\/2025\/05\/Niemcy-ujawnia-kwote-na-finansowanie-wojny-rosyjskiej-ponad-104-miliardy.jpg\",\"width\":650,\"height\":368,\"caption\":\"Niemcy ujawnia kwot\u0119 na finansowanie wojny rosyjskiej: ponad 104 miliardy euro\"},{\"@type\":\"BreadcrumbList\",\"@id\":\"https:\/\/www.pogotowieflagowe.pl\/aktualne\/dochodzenie-w-sprawie-nord-stream-ukrainiec-poszukiwany-przez-niemcy-w-stanie-krytycznym\/#breadcrumb\",\"itemListElement\":[{\"@type\":\"ListItem\",\"position\":1,\"name\":\"Home\",\"item\":\"https:\/\/www.pogotowieflagowe.pl\/aktualne\/\"},{\"@type\":\"ListItem\",\"position\":2,\"name\":\"Dochodzenie w sprawie Nord Stream: Ukrainiec poszukiwany przez Niemcy w stanie krytycznym\"}]},{\"@type\":\"WebSite\",\"@id\":\"https:\/\/www.pogotowieflagowe.pl\/aktualne\/#website\",\"url\":\"https:\/\/www.pogotowieflagowe.pl\/aktualne\/\",\"name\":\"POGOTOWIE FLAGOWE\u00ae\",\"description\":\"\",\"publisher\":{\"@id\":\"https:\/\/www.pogotowieflagowe.pl\/aktualne\/#organization\"},\"potentialAction\":[{\"@type\":\"SearchAction\",\"target\":{\"@type\":\"EntryPoint\",\"urlTemplate\":\"https:\/\/www.pogotowieflagowe.pl\/aktualne\/?s={search_term_string}\"},\"query-input\":\"required name=search_term_string\"}],\"inLanguage\":\"pl-PL\"},{\"@type\":\"Organization\",\"@id\":\"https:\/\/www.pogotowieflagowe.pl\/aktualne\/#organization\",\"name\":\"POGOTOWIE FLAGOWE\u00ae\",\"url\":\"https:\/\/www.pogotowieflagowe.pl\/aktualne\/\",\"logo\":{\"@type\":\"ImageObject\",\"inLanguage\":\"pl-PL\",\"@id\":\"https:\/\/www.pogotowieflagowe.pl\/aktualne\/#\/schema\/logo\/image\/\",\"url\":\"https:\/\/www.pogotowieflagowe.pl\/aktualne\/wp-content\/uploads\/2024\/08\/cropped-pogotowieflagowe_flaga_projekt_sm.jpg\",\"contentUrl\":\"https:\/\/www.pogotowieflagowe.pl\/aktualne\/wp-content\/uploads\/2024\/08\/cropped-pogotowieflagowe_flaga_projekt_sm.jpg\",\"width\":250,\"height\":143,\"caption\":\"POGOTOWIE FLAGOWE\u00ae\"},\"image\":{\"@id\":\"https:\/\/www.pogotowieflagowe.pl\/aktualne\/#\/schema\/logo\/image\/\"}},{\"@type\":\"Person\",\"@id\":\"https:\/\/www.pogotowieflagowe.pl\/aktualne\/#\/schema\/person\/9c2fb7d2362ebf6fa088960d7f0d27b0\",\"name\":\"Filip\",\"image\":{\"@type\":\"ImageObject\",\"inLanguage\":\"pl-PL\",\"@id\":\"https:\/\/www.pogotowieflagowe.pl\/aktualne\/#\/schema\/person\/image\/\",\"url\":\"https:\/\/www.pogotowieflagowe.pl\/aktualne\/wp-content\/uploads\/2024\/08\/pogotowieflagowe.pl_.jpg\",\"contentUrl\":\"https:\/\/www.pogotowieflagowe.pl\/aktualne\/wp-content\/uploads\/2024\/08\/pogotowieflagowe.pl_.jpg\",\"caption\":\"Filip\"},\"description\":\"Jestem Filip, polski dziennikarz z dyplomem nauk politycznych Uniwersytetu Warszawskiego. Rozpoczynaj\u0105c swoj\u0105 karier\u0119 w r\u00f3\u017cnych lokalnych mediach, zdoby\u0142em solidne do\u015bwiadczenie w zakresie \u015bledztwa i redakcji. Obecnie jako redaktor w Pogotowie flagowe, staram si\u0119 dostarcza\u0107 dog\u0142\u0119bne i istotne analizy na temat najwa\u017cniejszych kwestii aktualno\u015bci, \u0142\u0105cz\u0105c rygor z pasj\u0105 dziennikarsk\u0105.\",\"sameAs\":[\"https:\/\/www.pogotowieflagowe.pl\/\"]}]}<\/script>\n<!-- \/ Yoast SEO plugin. -->","yoast_head_json":{"title":"Dochodzenie w sprawie Nord Stream: Ukrainiec poszukiwany przez Niemcy w stanie krytycznym - POGOTOWIE FLAGOWE\u00ae","robots":{"index":"index","follow":"follow","max-snippet":"max-snippet:-1","max-image-preview":"max-image-preview:large","max-video-preview":"max-video-preview:-1"},"canonical":"https:\/\/www.pogotowieflagowe.pl\/aktualne\/dochodzenie-w-sprawie-nord-stream-ukrainiec-poszukiwany-przez-niemcy-w-stanie-krytycznym\/","og_locale":"pl_PL","og_type":"article","og_title":"Dochodzenie w sprawie Nord Stream: Ukrainiec poszukiwany przez Niemcy w stanie krytycznym - POGOTOWIE FLAGOWE\u00ae","og_description":"Wed\u0142ug rzecznika Ukrainy Dmytro Lubinetsa Serhij Kuzniecow, przetrzymywany we w\u0142oskim wi\u0119zieniu i poszukiwany przez niemiecki wymiar sprawiedliwo\u015bci pod zarzutem przeprowadzenia","og_url":"https:\/\/www.pogotowieflagowe.pl\/aktualne\/dochodzenie-w-sprawie-nord-stream-ukrainiec-poszukiwany-przez-niemcy-w-stanie-krytycznym\/","og_site_name":"POGOTOWIE FLAGOWE\u00ae","article_published_time":"2025-11-09T16:36:42+00:00","article_modified_time":"2025-11-09T16:36:43+00:00","og_image":[{"width":650,"height":368,"url":"https:\/\/www.pogotowieflagowe.pl\/aktualne\/wp-content\/uploads\/2025\/05\/Niemcy-ujawnia-kwote-na-finansowanie-wojny-rosyjskiej-ponad-104-miliardy.jpg","type":"image\/jpeg"}],"author":"Filip","twitter_card":"summary_large_image","twitter_misc":{"Napisane przez":"Filip","Szacowany czas czytania":"3 minuty"},"schema":{"@context":"https:\/\/schema.org","@graph":[{"@type":"Article","@id":"https:\/\/www.pogotowieflagowe.pl\/aktualne\/dochodzenie-w-sprawie-nord-stream-ukrainiec-poszukiwany-przez-niemcy-w-stanie-krytycznym\/#article","isPartOf":{"@id":"https:\/\/www.pogotowieflagowe.pl\/aktualne\/dochodzenie-w-sprawie-nord-stream-ukrainiec-poszukiwany-przez-niemcy-w-stanie-krytycznym\/"},"author":{"name":"Filip","@id":"https:\/\/www.pogotowieflagowe.pl\/aktualne\/#\/schema\/person\/9c2fb7d2362ebf6fa088960d7f0d27b0"},"headline":"Dochodzenie w sprawie Nord Stream: Ukrainiec poszukiwany przez Niemcy w stanie krytycznym","datePublished":"2025-11-09T16:36:42+00:00","dateModified":"2025-11-09T16:36:43+00:00","mainEntityOfPage":{"@id":"https:\/\/www.pogotowieflagowe.pl\/aktualne\/dochodzenie-w-sprawie-nord-stream-ukrainiec-poszukiwany-przez-niemcy-w-stanie-krytycznym\/"},"wordCount":647,"commentCount":0,"publisher":{"@id":"https:\/\/www.pogotowieflagowe.pl\/aktualne\/#organization"},"image":{"@id":"https:\/\/www.pogotowieflagowe.pl\/aktualne\/dochodzenie-w-sprawie-nord-stream-ukrainiec-poszukiwany-przez-niemcy-w-stanie-krytycznym\/#primaryimage"},"thumbnailUrl":"https:\/\/www.pogotowieflagowe.pl\/aktualne\/wp-content\/uploads\/2025\/05\/Niemcy-ujawnia-kwote-na-finansowanie-wojny-rosyjskiej-ponad-104-miliardy.jpg","keywords":["dochodzenie","krytycznym","Niemcy","Nord","poszukiwany","przez","sprawie","stanie","Stream","Ukrainiec"],"articleSection":["Polityka"],"inLanguage":"pl-PL","potentialAction":[{"@type":"CommentAction","name":"Comment","target":["https:\/\/www.pogotowieflagowe.pl\/aktualne\/dochodzenie-w-sprawie-nord-stream-ukrainiec-poszukiwany-przez-niemcy-w-stanie-krytycznym\/#respond"]}]},{"@type":"WebPage","@id":"https:\/\/www.pogotowieflagowe.pl\/aktualne\/dochodzenie-w-sprawie-nord-stream-ukrainiec-poszukiwany-przez-niemcy-w-stanie-krytycznym\/","url":"https:\/\/www.pogotowieflagowe.pl\/aktualne\/dochodzenie-w-sprawie-nord-stream-ukrainiec-poszukiwany-przez-niemcy-w-stanie-krytycznym\/","name":"Dochodzenie w sprawie Nord Stream: Ukrainiec poszukiwany przez Niemcy w stanie krytycznym - POGOTOWIE FLAGOWE\u00ae","isPartOf":{"@id":"https:\/\/www.pogotowieflagowe.pl\/aktualne\/#website"},"primaryImageOfPage":{"@id":"https:\/\/www.pogotowieflagowe.pl\/aktualne\/dochodzenie-w-sprawie-nord-stream-ukrainiec-poszukiwany-przez-niemcy-w-stanie-krytycznym\/#primaryimage"},"image":{"@id":"https:\/\/www.pogotowieflagowe.pl\/aktualne\/dochodzenie-w-sprawie-nord-stream-ukrainiec-poszukiwany-przez-niemcy-w-stanie-krytycznym\/#primaryimage"},"thumbnailUrl":"https:\/\/www.pogotowieflagowe.pl\/aktualne\/wp-content\/uploads\/2025\/05\/Niemcy-ujawnia-kwote-na-finansowanie-wojny-rosyjskiej-ponad-104-miliardy.jpg","datePublished":"2025-11-09T16:36:42+00:00","dateModified":"2025-11-09T16:36:43+00:00","breadcrumb":{"@id":"https:\/\/www.pogotowieflagowe.pl\/aktualne\/dochodzenie-w-sprawie-nord-stream-ukrainiec-poszukiwany-przez-niemcy-w-stanie-krytycznym\/#breadcrumb"},"inLanguage":"pl-PL","potentialAction":[{"@type":"ReadAction","target":["https:\/\/www.pogotowieflagowe.pl\/aktualne\/dochodzenie-w-sprawie-nord-stream-ukrainiec-poszukiwany-przez-niemcy-w-stanie-krytycznym\/"]}]},{"@type":"ImageObject","inLanguage":"pl-PL","@id":"https:\/\/www.pogotowieflagowe.pl\/aktualne\/dochodzenie-w-sprawie-nord-stream-ukrainiec-poszukiwany-przez-niemcy-w-stanie-krytycznym\/#primaryimage","url":"https:\/\/www.pogotowieflagowe.pl\/aktualne\/wp-content\/uploads\/2025\/05\/Niemcy-ujawnia-kwote-na-finansowanie-wojny-rosyjskiej-ponad-104-miliardy.jpg","contentUrl":"https:\/\/www.pogotowieflagowe.pl\/aktualne\/wp-content\/uploads\/2025\/05\/Niemcy-ujawnia-kwote-na-finansowanie-wojny-rosyjskiej-ponad-104-miliardy.jpg","width":650,"height":368,"caption":"Niemcy ujawnia kwot\u0119 na finansowanie wojny rosyjskiej: ponad 104 miliardy euro"},{"@type":"BreadcrumbList","@id":"https:\/\/www.pogotowieflagowe.pl\/aktualne\/dochodzenie-w-sprawie-nord-stream-ukrainiec-poszukiwany-przez-niemcy-w-stanie-krytycznym\/#breadcrumb","itemListElement":[{"@type":"ListItem","position":1,"name":"Home","item":"https:\/\/www.pogotowieflagowe.pl\/aktualne\/"},{"@type":"ListItem","position":2,"name":"Dochodzenie w sprawie Nord Stream: Ukrainiec poszukiwany przez Niemcy w stanie krytycznym"}]},{"@type":"WebSite","@id":"https:\/\/www.pogotowieflagowe.pl\/aktualne\/#website","url":"https:\/\/www.pogotowieflagowe.pl\/aktualne\/","name":"POGOTOWIE FLAGOWE\u00ae","description":"","publisher":{"@id":"https:\/\/www.pogotowieflagowe.pl\/aktualne\/#organization"},"potentialAction":[{"@type":"SearchAction","target":{"@type":"EntryPoint","urlTemplate":"https:\/\/www.pogotowieflagowe.pl\/aktualne\/?s={search_term_string}"},"query-input":"required name=search_term_string"}],"inLanguage":"pl-PL"},{"@type":"Organization","@id":"https:\/\/www.pogotowieflagowe.pl\/aktualne\/#organization","name":"POGOTOWIE FLAGOWE\u00ae","url":"https:\/\/www.pogotowieflagowe.pl\/aktualne\/","logo":{"@type":"ImageObject","inLanguage":"pl-PL","@id":"https:\/\/www.pogotowieflagowe.pl\/aktualne\/#\/schema\/logo\/image\/","url":"https:\/\/www.pogotowieflagowe.pl\/aktualne\/wp-content\/uploads\/2024\/08\/cropped-pogotowieflagowe_flaga_projekt_sm.jpg","contentUrl":"https:\/\/www.pogotowieflagowe.pl\/aktualne\/wp-content\/uploads\/2024\/08\/cropped-pogotowieflagowe_flaga_projekt_sm.jpg","width":250,"height":143,"caption":"POGOTOWIE FLAGOWE\u00ae"},"image":{"@id":"https:\/\/www.pogotowieflagowe.pl\/aktualne\/#\/schema\/logo\/image\/"}},{"@type":"Person","@id":"https:\/\/www.pogotowieflagowe.pl\/aktualne\/#\/schema\/person\/9c2fb7d2362ebf6fa088960d7f0d27b0","name":"Filip","image":{"@type":"ImageObject","inLanguage":"pl-PL","@id":"https:\/\/www.pogotowieflagowe.pl\/aktualne\/#\/schema\/person\/image\/","url":"https:\/\/www.pogotowieflagowe.pl\/aktualne\/wp-content\/uploads\/2024\/08\/pogotowieflagowe.pl_.jpg","contentUrl":"https:\/\/www.pogotowieflagowe.pl\/aktualne\/wp-content\/uploads\/2024\/08\/pogotowieflagowe.pl_.jpg","caption":"Filip"},"description":"Jestem Filip, polski dziennikarz z dyplomem nauk politycznych Uniwersytetu Warszawskiego. Rozpoczynaj\u0105c swoj\u0105 karier\u0119 w r\u00f3\u017cnych lokalnych mediach, zdoby\u0142em solidne do\u015bwiadczenie w zakresie \u015bledztwa i redakcji. Obecnie jako redaktor w Pogotowie flagowe, staram si\u0119 dostarcza\u0107 dog\u0142\u0119bne i istotne analizy na temat najwa\u017cniejszych kwestii aktualno\u015bci, \u0142\u0105cz\u0105c rygor z pasj\u0105 dziennikarsk\u0105.","sameAs":["https:\/\/www.pogotowieflagowe.pl\/"]}]}},"_links":{"self":[{"href":"https:\/\/www.pogotowieflagowe.pl\/aktualne\/wp-json\/wp\/v2\/posts\/10319","targetHints":{"allow":["GET"]}}],"collection":[{"href":"https:\/\/www.pogotowieflagowe.pl\/aktualne\/wp-json\/wp\/v2\/posts"}],"about":[{"href":"https:\/\/www.pogotowieflagowe.pl\/aktualne\/wp-json\/wp\/v2\/types\/post"}],"author":[{"embeddable":true,"href":"https:\/\/www.pogotowieflagowe.pl\/aktualne\/wp-json\/wp\/v2\/users\/1"}],"replies":[{"embeddable":true,"href":"https:\/\/www.pogotowieflagowe.pl\/aktualne\/wp-json\/wp\/v2\/comments?post=10319"}],"version-history":[{"count":1,"href":"https:\/\/www.pogotowieflagowe.pl\/aktualne\/wp-json\/wp\/v2\/posts\/10319\/revisions"}],"predecessor-version":[{"id":10320,"href":"https:\/\/www.pogotowieflagowe.pl\/aktualne\/wp-json\/wp\/v2\/posts\/10319\/revisions\/10320"}],"wp:featuredmedia":[{"embeddable":true,"href":"https:\/\/www.pogotowieflagowe.pl\/aktualne\/wp-json\/wp\/v2\/media\/5592"}],"wp:attachment":[{"href":"https:\/\/www.pogotowieflagowe.pl\/aktualne\/wp-json\/wp\/v2\/media?parent=10319"}],"wp:term":[{"taxonomy":"category","embeddable":true,"href":"https:\/\/www.pogotowieflagowe.pl\/aktualne\/wp-json\/wp\/v2\/categories?post=10319"},{"taxonomy":"post_tag","embeddable":true,"href":"https:\/\/www.pogotowieflagowe.pl\/aktualne\/wp-json\/wp\/v2\/tags?post=10319"}],"curies":[{"name":"wp","href":"https:\/\/api.w.org\/{rel}","templated":true}]}}