{"id":10321,"date":"2025-11-09T20:12:34","date_gmt":"2025-11-09T19:12:34","guid":{"rendered":"https:\/\/www.pogotowieflagowe.pl\/aktualne\/tani-prad-33-sektor-energetyczny-reaguje-pozytywnie-co-zrobi-rzad\/"},"modified":"2025-11-09T20:12:36","modified_gmt":"2025-11-09T19:12:36","slug":"tani-prad-33-sektor-energetyczny-reaguje-pozytywnie-co-zrobi-rzad","status":"publish","type":"post","link":"https:\/\/www.pogotowieflagowe.pl\/aktualne\/tani-prad-33-sektor-energetyczny-reaguje-pozytywnie-co-zrobi-rzad\/","title":{"rendered":"Tani pr\u0105d \u2013 33%. \u201eSektor energetyczny reaguje pozytywnie.\u201d Co zrobi rz\u0105d?"},"content":{"rendered":"\n<div class=\"td_block_wrap tdb_single_content tdi_41 td-pb-border-top td_block_template_8 td-post-content tagdiv-type\" data-td-block-uid=\"tdi_41\">\n<style>.tdi_41{margines-top:0px!important;margin-bottom:0px!important;dope\u0142nienie-g\u00f3ra:0px!important;dope\u0142nienie-d\u00f3\u0142:0px!important}<\/style>\n<style>.tdb_single_content{margin-bottom:0;*zoom:1}.tdb_single_content:before,.tdb_single_content:after{display:table;content:'';line-height:0}.tdb_single_content:after{clear:both}.tdb_single_content .tdb-block-inner>*:not(.wp-block-quote):not(.alignwide):not(.alignfull.wp-block-cover.has-parallax):not(.td-a-ad){margin-left:auto;margin-right:auto}.tdb_single_content a{pointer-events:auto}.tdb_single_content .td-spot-id-top_ad .tdc-placeholder-title:before{content:'Najlepsza reklama artyku\u0142u'!important}.tdb_single_content .td-spot-id-inline_ad0 .tdc-placeholder-title:before{content:'Reklama wbudowana artyku\u0142u 1'!important}.tdb_single_content .td-spot-id-inline_ad1 .tdc-placeholder-title:before{content:'Wbudowana reklama w artykule 2'!important}.tdb_single_content .td-spot-id-inline_ad2 .tdc-placeholder-title:before{content:'Wbudowana reklama w artykule 3'!important}.tdb_single_content .td-spot-id-bottom_ad .tdc-placeholder-title:before{content:'Article Bottom Ad'!important}.tdb_single_content .id_top_ad,.tdb_single_content .id_bottom_ad{clear:both;margin-bottom:21px;text-align:center}.tdb_single_content .id_top_ad img,.tdb_single_content .id_bottom_ad img{margin-bottom:0}.tdb_single_content .id_top_ad .adsbygoogle,.tdb_single_content .id_bottom_ad .adsbygoogle{position:relative}.tdb_single_content .id_ad_content-horiz-left,.tdb_single_content .id_ad_content-horiz-right,.tdb_single_content .id_ad_content-horiz-center{margin-bottom:15px}.tdb_single_content .id_ad_content-horiz-left img,.tdb_single_content .id_ad_content-horiz-right img,.tdb_single_content .id_ad_content-horiz-center img{margin-bottom:0}.tdb_single_content .id_ad_content-horiz-center{text-align:center}.tdb_single_content .id_ad_content-horiz-center img{margin-right:auto;margin-left:auto}.tdb_single_content .id_ad_content-horiz-left{float:left;margin-top:9px;margin-right:21px}.tdb_single_content .id_ad_content-horiz-right{float:right;margin-top:6px;margin-left:21px}.tdb_single_content .tdc-a-ad .tdc-placeholder-title{width:300px;height:250px}.tdb_single_content .tdc-a-ad .tdc-placeholder-title:before{position:absolute;top:50%;-webkit-transform:translateY(-50%);transform:translateY(-50%);margin:auto;display:table;width:100%}.tdb_single_content .tdb-block-inner.td-fix-index{word-break:break-word}.tdi_41,.tdi_41>p,.tdi_41 .tdb-block-inner>p,.wp-block-column>p{font-size:16px!important;line-height:1.6!important}.tdi_41 .tdb-block-inner blockquote p{font-style:normal!important}@media (max-width:767px){.tdb_single_content .id_ad_content-horiz-left,.tdb_single_content .id_ad_content-horiz-right,.tdb_single_content .id_ad_content-horiz-center{margin:0 auto 26 pikseli auto}}@media (max-width:767px){.tdb_single_content .id_ad_content-horiz-left{margin-right:0}}@media (max-width:767px){.tdb_single_content .id_ad_content-horiz-right{margin-left:0}}@media (max-width:767px){.tdb_single_content .td-a-ad{float:none;text-align:center}.tdb_single_content .td-a-ad img{margin-right:auto;margin-left:auto}.tdb_single_content .tdc-a-ad{float:none}}<\/style>\n<div class=\"tdb-block-inner td-fix-index\">\n<p>\u201ePo og\u0142oszeniu ww <em>Tani pr\u0105d \u2013 33%<\/em> ustawy wi\u0119kszo\u015b\u0107 przedstawicieli sektora energetycznego \u2013 nawet tych zwi\u0105zanych z rz\u0105dem\u201d \u2013 pozytywnie oceni\u0142a propozycj\u0119 Prezydenta \u2013 napisa\u0142 na X. Pawe\u0142 Szefernaker, Szef Kancelarii Prezydenta RP. Przypomnia\u0142 przede wszystkim kluczowe za\u0142o\u017cenia projektu ustawy.<\/p>\n<p>W pi\u0105tek inicjatyw\u0119 ustawodawcz\u0105 podpisa\u0142 prezydent Karol Nawrocki <em>Tani pr\u0105d \u2013 33%<\/em>. To jedno z jego za\u0142o\u017ce\u0144 kampanii.<\/p>\n<h2 class=\"wp-block-heading\"><strong>\u201eDzi\u0119ki tym wszystkim zmianom polskie gospodarstwa domowe b\u0119d\u0105 mog\u0142y zaoszcz\u0119dzi\u0107 na rachunkach za pr\u0105d ponad 800 z\u0142 rocznie\u201d \u2013 doda\u0142.<\/strong> \u2013 podkre\u015bli\u0142.<\/h2>\n<p>Szefernaker powr\u00f3ci\u0142 do inicjatywy. Zauwa\u017cy\u0142 to w po\u015bcie na X <strong>\u201ewi\u0119kszo\u015b\u0107 przedstawicieli sektora energetycznego \u2013 nawet tych zwi\u0105zanych z rz\u0105dem \u2013 pozytywnie oceni\u0142a propozycj\u0119 Prezydenta\u201d.<\/strong> Przypomnia\u0142 czytelnikom g\u0142\u00f3wne zapisy projektu ustawy:<\/p>\n<ul class=\"wp-block-list\">\n<li>Koniec z podw\u00f3jnymi p\u0142atno\u015bciami za transformacj\u0119 energetyczn\u0105. Z rachunk\u00f3w za pr\u0105d znikn\u0105 op\u0142aty za energi\u0119 odnawialn\u0105 (OZE), moc, kogeneracj\u0119 i op\u0142aty przej\u015bciowe. Finansowanie odnawialnych \u017ar\u00f3de\u0142 energii, mocy w systemie oraz dekarbonizacji ciep\u0142ownictwa b\u0119dzie pochodzi\u0107 z przychod\u00f3w generowanych przez <em>System handlu uprawnieniami do emisji (ETS)<\/em>.<\/li>\n<li>Ograniczenie zysk\u00f3w sp\u00f3\u0142ek dystrybucyjnych. Przedsi\u0119biorstwa pa\u0144stwowe osi\u0105ga\u0142y dotychczas zwrot z inwestycji si\u0119gaj\u0105cy 13%, wyp\u0142acaj\u0105c dywidendy zamiast inwestowa\u0107 w infrastruktur\u0119 sieciow\u0105. Ustawa ogranicza zyski do 7% \u2013 reszta wr\u00f3ci do obywateli w postaci ni\u017cszych rachunk\u00f3w.<\/li>\n<li>Wycofywanie starych przywilej\u00f3w dla deweloper\u00f3w zajmuj\u0105cych si\u0119 OZE. Co roku 300\u2013400 mln z\u0142 trafia do firm, kt\u00f3re ju\u017c dawno zwr\u00f3ci\u0142y swoje inwestycje. Obowi\u0105zek umorzenia zielonych certyfikat\u00f3w zostanie obni\u017cony do 0,5%.<\/li>\n<li>Obni\u017cenie podatku VAT na energi\u0119 elektryczn\u0105 do 5%, jak mia\u0142o to miejsce w ramach tzw <em>Prawo i Sprawiedliwo\u015b\u0107 (PiS)<\/em> rz\u0105d. Oznacza to oszcz\u0119dno\u015bci a\u017c do 350 z\u0142 rocznie dla przeci\u0119tnego gospodarstwa domowego.<\/li>\n<\/ul>\n<figure class=\"wp-block-embed is-type-rich is-provider-twitter wp-block-embed-twitter\">\n<div class=\"wp-block-embed__wrapper\">\n<blockquote class=\"twitter-tweet\" data-width=\"550\" data-dnt=\"true\">\n<p lang=\"pl\" dir=\"ltr\">Po og\u0142oszeniu projektu ustawy \u201eTani pr\u0105d \u2013 33%\u201d zawiera elementy elektryczne \u2014 nawet te powi\u0105zane z rz\u0105dem \u2014 udost\u0119pniane przez Prezydenta.<\/p>\n<p>Rz\u0105dz\u0105cy przeprowadzaj\u0105 proponowan\u0105 reform\u0119, przez uderzenie w <a rel=\"nofollow\" href=\"https:\/\/twitter.com\/NawrockiKn?ref_src=twsrc%5Etfw\">@NawrockiKn<\/a> \u2014 nie zwa\u017caj\u0105c, \u017ce szkodz\u0105 milionom Polak\u00f3w\u2026<\/p>\n<p>\u2014 Pawe\u0142 Szefernaker \ud83c\uddf5\ud83c\uddf1 (@szefernaker) <a rel=\"nofollow\" href=\"https:\/\/twitter.com\/szefernaker\/status\/1987447764045717840?ref_src=twsrc%5Etfw\">9 listopada 2025 r<\/a><\/p><\/blockquote>\n<\/div>\n<\/figure>\n<\/div>\n<\/div>\n<p><script async src=\"https:\/\/platform.twitter.com\/widgets.js\" charset=\"utf-8\"><\/script><\/p>\n","protected":false},"excerpt":{"rendered":"<p>\u201ePo og\u0142oszeniu ww Tani pr\u0105d \u2013 33% ustawy wi\u0119kszo\u015b\u0107 przedstawicieli sektora energetycznego \u2013 nawet tych zwi\u0105zanych z rz\u0105dem\u201d \u2013 pozytywnie<\/p>\n","protected":false},"author":1,"featured_media":10322,"comment_status":"open","ping_status":"open","sticky":false,"template":"","format":"standard","meta":{"footnotes":""},"categories":[4748],"tags":[11806,11583,11805,5601,1554,746,9547,1682],"class_list":["post-10321","post","type-post","status-publish","format-standard","has-post-thumbnail","hentry","category-aktualne","tag-energetyczny","tag-pozytywnie","tag-prad","tag-reaguje","tag-rzad","tag-sektor","tag-tani","tag-zrobi","generate-columns","tablet-grid-50","mobile-grid-100","grid-parent","grid-50","resize-featured-image"],"yoast_head":"<!-- This site is optimized with the Yoast SEO plugin v23.2 - https:\/\/yoast.com\/wordpress\/plugins\/seo\/ -->\n<title>Tani pr\u0105d \u2013 33%. \u201eSektor energetyczny reaguje pozytywnie.\u201d Co zrobi rz\u0105d? - POGOTOWIE FLAGOWE\u00ae<\/title>\n<meta name=\"robots\" content=\"index, follow, max-snippet:-1, max-image-preview:large, max-video-preview:-1\" \/>\n<link rel=\"canonical\" href=\"https:\/\/www.pogotowieflagowe.pl\/aktualne\/tani-prad-33-sektor-energetyczny-reaguje-pozytywnie-co-zrobi-rzad\/\" \/>\n<meta property=\"og:locale\" content=\"pl_PL\" \/>\n<meta property=\"og:type\" content=\"article\" \/>\n<meta property=\"og:title\" content=\"Tani pr\u0105d \u2013 33%. \u201eSektor energetyczny reaguje pozytywnie.\u201d Co zrobi rz\u0105d? - POGOTOWIE FLAGOWE\u00ae\" \/>\n<meta property=\"og:description\" content=\"\u201ePo og\u0142oszeniu ww Tani pr\u0105d \u2013 33% ustawy wi\u0119kszo\u015b\u0107 przedstawicieli sektora energetycznego \u2013 nawet tych zwi\u0105zanych z rz\u0105dem\u201d \u2013 pozytywnie\" \/>\n<meta property=\"og:url\" content=\"https:\/\/www.pogotowieflagowe.pl\/aktualne\/tani-prad-33-sektor-energetyczny-reaguje-pozytywnie-co-zrobi-rzad\/\" \/>\n<meta property=\"og:site_name\" content=\"POGOTOWIE FLAGOWE\u00ae\" \/>\n<meta property=\"article:published_time\" content=\"2025-11-09T19:12:34+00:00\" \/>\n<meta property=\"article:modified_time\" content=\"2025-11-09T19:12:36+00:00\" \/>\n<meta property=\"og:image\" content=\"https:\/\/www.pogotowieflagowe.pl\/aktualne\/wp-content\/uploads\/2025\/11\/Tani-prad-\u2013-33-\u201eSektor-energetyczny-reaguje-pozytywnie-Co-zrobi.webp.webp\" \/>\n\t<meta property=\"og:image:width\" content=\"1280\" \/>\n\t<meta property=\"og:image:height\" content=\"720\" \/>\n\t<meta property=\"og:image:type\" content=\"image\/webp\" \/>\n<meta name=\"author\" content=\"Filip\" \/>\n<meta name=\"twitter:card\" content=\"summary_large_image\" \/>\n<meta name=\"twitter:label1\" content=\"Napisane przez\" \/>\n\t<meta name=\"twitter:data1\" content=\"Filip\" \/>\n\t<meta name=\"twitter:label2\" content=\"Szacowany czas czytania\" \/>\n\t<meta name=\"twitter:data2\" content=\"2 minuty\" \/>\n<script type=\"application\/ld+json\" class=\"yoast-schema-graph\">{\"@context\":\"https:\/\/schema.org\",\"@graph\":[{\"@type\":\"Article\",\"@id\":\"https:\/\/www.pogotowieflagowe.pl\/aktualne\/tani-prad-33-sektor-energetyczny-reaguje-pozytywnie-co-zrobi-rzad\/#article\",\"isPartOf\":{\"@id\":\"https:\/\/www.pogotowieflagowe.pl\/aktualne\/tani-prad-33-sektor-energetyczny-reaguje-pozytywnie-co-zrobi-rzad\/\"},\"author\":{\"name\":\"Filip\",\"@id\":\"https:\/\/www.pogotowieflagowe.pl\/aktualne\/#\/schema\/person\/9c2fb7d2362ebf6fa088960d7f0d27b0\"},\"headline\":\"Tani pr\u0105d \u2013 33%. \u201eSektor energetyczny reaguje pozytywnie.\u201d Co zrobi rz\u0105d?\",\"datePublished\":\"2025-11-09T19:12:34+00:00\",\"dateModified\":\"2025-11-09T19:12:36+00:00\",\"mainEntityOfPage\":{\"@id\":\"https:\/\/www.pogotowieflagowe.pl\/aktualne\/tani-prad-33-sektor-energetyczny-reaguje-pozytywnie-co-zrobi-rzad\/\"},\"wordCount\":355,\"commentCount\":0,\"publisher\":{\"@id\":\"https:\/\/www.pogotowieflagowe.pl\/aktualne\/#organization\"},\"image\":{\"@id\":\"https:\/\/www.pogotowieflagowe.pl\/aktualne\/tani-prad-33-sektor-energetyczny-reaguje-pozytywnie-co-zrobi-rzad\/#primaryimage\"},\"thumbnailUrl\":\"https:\/\/www.pogotowieflagowe.pl\/aktualne\/wp-content\/uploads\/2025\/11\/Tani-prad-\u2013-33-\u201eSektor-energetyczny-reaguje-pozytywnie-Co-zrobi.webp.webp\",\"keywords\":[\"energetyczny\",\"pozytywnie\",\"pr\u0105d\",\"reaguje\",\"Rz\u0105d\",\"sektor\",\"tani\",\"zrobi\"],\"articleSection\":[\"Aktualne\"],\"inLanguage\":\"pl-PL\",\"potentialAction\":[{\"@type\":\"CommentAction\",\"name\":\"Comment\",\"target\":[\"https:\/\/www.pogotowieflagowe.pl\/aktualne\/tani-prad-33-sektor-energetyczny-reaguje-pozytywnie-co-zrobi-rzad\/#respond\"]}]},{\"@type\":\"WebPage\",\"@id\":\"https:\/\/www.pogotowieflagowe.pl\/aktualne\/tani-prad-33-sektor-energetyczny-reaguje-pozytywnie-co-zrobi-rzad\/\",\"url\":\"https:\/\/www.pogotowieflagowe.pl\/aktualne\/tani-prad-33-sektor-energetyczny-reaguje-pozytywnie-co-zrobi-rzad\/\",\"name\":\"Tani pr\u0105d \u2013 33%. \u201eSektor energetyczny reaguje pozytywnie.\u201d Co zrobi rz\u0105d? - POGOTOWIE FLAGOWE\u00ae\",\"isPartOf\":{\"@id\":\"https:\/\/www.pogotowieflagowe.pl\/aktualne\/#website\"},\"primaryImageOfPage\":{\"@id\":\"https:\/\/www.pogotowieflagowe.pl\/aktualne\/tani-prad-33-sektor-energetyczny-reaguje-pozytywnie-co-zrobi-rzad\/#primaryimage\"},\"image\":{\"@id\":\"https:\/\/www.pogotowieflagowe.pl\/aktualne\/tani-prad-33-sektor-energetyczny-reaguje-pozytywnie-co-zrobi-rzad\/#primaryimage\"},\"thumbnailUrl\":\"https:\/\/www.pogotowieflagowe.pl\/aktualne\/wp-content\/uploads\/2025\/11\/Tani-prad-\u2013-33-\u201eSektor-energetyczny-reaguje-pozytywnie-Co-zrobi.webp.webp\",\"datePublished\":\"2025-11-09T19:12:34+00:00\",\"dateModified\":\"2025-11-09T19:12:36+00:00\",\"breadcrumb\":{\"@id\":\"https:\/\/www.pogotowieflagowe.pl\/aktualne\/tani-prad-33-sektor-energetyczny-reaguje-pozytywnie-co-zrobi-rzad\/#breadcrumb\"},\"inLanguage\":\"pl-PL\",\"potentialAction\":[{\"@type\":\"ReadAction\",\"target\":[\"https:\/\/www.pogotowieflagowe.pl\/aktualne\/tani-prad-33-sektor-energetyczny-reaguje-pozytywnie-co-zrobi-rzad\/\"]}]},{\"@type\":\"ImageObject\",\"inLanguage\":\"pl-PL\",\"@id\":\"https:\/\/www.pogotowieflagowe.pl\/aktualne\/tani-prad-33-sektor-energetyczny-reaguje-pozytywnie-co-zrobi-rzad\/#primaryimage\",\"url\":\"https:\/\/www.pogotowieflagowe.pl\/aktualne\/wp-content\/uploads\/2025\/11\/Tani-prad-\u2013-33-\u201eSektor-energetyczny-reaguje-pozytywnie-Co-zrobi.webp.webp\",\"contentUrl\":\"https:\/\/www.pogotowieflagowe.pl\/aktualne\/wp-content\/uploads\/2025\/11\/Tani-prad-\u2013-33-\u201eSektor-energetyczny-reaguje-pozytywnie-Co-zrobi.webp.webp\",\"width\":1280,\"height\":720,\"caption\":\"Tani pr\u0105d \u2013 33%. \u201eSektor energetyczny reaguje pozytywnie.\u201d Co zrobi rz\u0105d?\"},{\"@type\":\"BreadcrumbList\",\"@id\":\"https:\/\/www.pogotowieflagowe.pl\/aktualne\/tani-prad-33-sektor-energetyczny-reaguje-pozytywnie-co-zrobi-rzad\/#breadcrumb\",\"itemListElement\":[{\"@type\":\"ListItem\",\"position\":1,\"name\":\"Home\",\"item\":\"https:\/\/www.pogotowieflagowe.pl\/aktualne\/\"},{\"@type\":\"ListItem\",\"position\":2,\"name\":\"Tani pr\u0105d \u2013 33%. \u201eSektor energetyczny reaguje pozytywnie.\u201d Co zrobi rz\u0105d?\"}]},{\"@type\":\"WebSite\",\"@id\":\"https:\/\/www.pogotowieflagowe.pl\/aktualne\/#website\",\"url\":\"https:\/\/www.pogotowieflagowe.pl\/aktualne\/\",\"name\":\"POGOTOWIE FLAGOWE\u00ae\",\"description\":\"\",\"publisher\":{\"@id\":\"https:\/\/www.pogotowieflagowe.pl\/aktualne\/#organization\"},\"potentialAction\":[{\"@type\":\"SearchAction\",\"target\":{\"@type\":\"EntryPoint\",\"urlTemplate\":\"https:\/\/www.pogotowieflagowe.pl\/aktualne\/?s={search_term_string}\"},\"query-input\":\"required name=search_term_string\"}],\"inLanguage\":\"pl-PL\"},{\"@type\":\"Organization\",\"@id\":\"https:\/\/www.pogotowieflagowe.pl\/aktualne\/#organization\",\"name\":\"POGOTOWIE FLAGOWE\u00ae\",\"url\":\"https:\/\/www.pogotowieflagowe.pl\/aktualne\/\",\"logo\":{\"@type\":\"ImageObject\",\"inLanguage\":\"pl-PL\",\"@id\":\"https:\/\/www.pogotowieflagowe.pl\/aktualne\/#\/schema\/logo\/image\/\",\"url\":\"https:\/\/www.pogotowieflagowe.pl\/aktualne\/wp-content\/uploads\/2024\/08\/cropped-pogotowieflagowe_flaga_projekt_sm.jpg\",\"contentUrl\":\"https:\/\/www.pogotowieflagowe.pl\/aktualne\/wp-content\/uploads\/2024\/08\/cropped-pogotowieflagowe_flaga_projekt_sm.jpg\",\"width\":250,\"height\":143,\"caption\":\"POGOTOWIE FLAGOWE\u00ae\"},\"image\":{\"@id\":\"https:\/\/www.pogotowieflagowe.pl\/aktualne\/#\/schema\/logo\/image\/\"}},{\"@type\":\"Person\",\"@id\":\"https:\/\/www.pogotowieflagowe.pl\/aktualne\/#\/schema\/person\/9c2fb7d2362ebf6fa088960d7f0d27b0\",\"name\":\"Filip\",\"image\":{\"@type\":\"ImageObject\",\"inLanguage\":\"pl-PL\",\"@id\":\"https:\/\/www.pogotowieflagowe.pl\/aktualne\/#\/schema\/person\/image\/\",\"url\":\"https:\/\/www.pogotowieflagowe.pl\/aktualne\/wp-content\/uploads\/2024\/08\/pogotowieflagowe.pl_.jpg\",\"contentUrl\":\"https:\/\/www.pogotowieflagowe.pl\/aktualne\/wp-content\/uploads\/2024\/08\/pogotowieflagowe.pl_.jpg\",\"caption\":\"Filip\"},\"description\":\"Jestem Filip, polski dziennikarz z dyplomem nauk politycznych Uniwersytetu Warszawskiego. Rozpoczynaj\u0105c swoj\u0105 karier\u0119 w r\u00f3\u017cnych lokalnych mediach, zdoby\u0142em solidne do\u015bwiadczenie w zakresie \u015bledztwa i redakcji. Obecnie jako redaktor w Pogotowie flagowe, staram si\u0119 dostarcza\u0107 dog\u0142\u0119bne i istotne analizy na temat najwa\u017cniejszych kwestii aktualno\u015bci, \u0142\u0105cz\u0105c rygor z pasj\u0105 dziennikarsk\u0105.\",\"sameAs\":[\"https:\/\/www.pogotowieflagowe.pl\/\"]}]}<\/script>\n<!-- \/ Yoast SEO plugin. -->","yoast_head_json":{"title":"Tani pr\u0105d \u2013 33%. \u201eSektor energetyczny reaguje pozytywnie.\u201d Co zrobi rz\u0105d? - POGOTOWIE FLAGOWE\u00ae","robots":{"index":"index","follow":"follow","max-snippet":"max-snippet:-1","max-image-preview":"max-image-preview:large","max-video-preview":"max-video-preview:-1"},"canonical":"https:\/\/www.pogotowieflagowe.pl\/aktualne\/tani-prad-33-sektor-energetyczny-reaguje-pozytywnie-co-zrobi-rzad\/","og_locale":"pl_PL","og_type":"article","og_title":"Tani pr\u0105d \u2013 33%. \u201eSektor energetyczny reaguje pozytywnie.\u201d Co zrobi rz\u0105d? - POGOTOWIE FLAGOWE\u00ae","og_description":"\u201ePo og\u0142oszeniu ww Tani pr\u0105d \u2013 33% ustawy wi\u0119kszo\u015b\u0107 przedstawicieli sektora energetycznego \u2013 nawet tych zwi\u0105zanych z rz\u0105dem\u201d \u2013 pozytywnie","og_url":"https:\/\/www.pogotowieflagowe.pl\/aktualne\/tani-prad-33-sektor-energetyczny-reaguje-pozytywnie-co-zrobi-rzad\/","og_site_name":"POGOTOWIE FLAGOWE\u00ae","article_published_time":"2025-11-09T19:12:34+00:00","article_modified_time":"2025-11-09T19:12:36+00:00","og_image":[{"width":1280,"height":720,"url":"https:\/\/www.pogotowieflagowe.pl\/aktualne\/wp-content\/uploads\/2025\/11\/Tani-prad-\u2013-33-\u201eSektor-energetyczny-reaguje-pozytywnie-Co-zrobi.webp.webp","type":"image\/webp"}],"author":"Filip","twitter_card":"summary_large_image","twitter_misc":{"Napisane przez":"Filip","Szacowany czas czytania":"2 minuty"},"schema":{"@context":"https:\/\/schema.org","@graph":[{"@type":"Article","@id":"https:\/\/www.pogotowieflagowe.pl\/aktualne\/tani-prad-33-sektor-energetyczny-reaguje-pozytywnie-co-zrobi-rzad\/#article","isPartOf":{"@id":"https:\/\/www.pogotowieflagowe.pl\/aktualne\/tani-prad-33-sektor-energetyczny-reaguje-pozytywnie-co-zrobi-rzad\/"},"author":{"name":"Filip","@id":"https:\/\/www.pogotowieflagowe.pl\/aktualne\/#\/schema\/person\/9c2fb7d2362ebf6fa088960d7f0d27b0"},"headline":"Tani pr\u0105d \u2013 33%. \u201eSektor energetyczny reaguje pozytywnie.\u201d Co zrobi rz\u0105d?","datePublished":"2025-11-09T19:12:34+00:00","dateModified":"2025-11-09T19:12:36+00:00","mainEntityOfPage":{"@id":"https:\/\/www.pogotowieflagowe.pl\/aktualne\/tani-prad-33-sektor-energetyczny-reaguje-pozytywnie-co-zrobi-rzad\/"},"wordCount":355,"commentCount":0,"publisher":{"@id":"https:\/\/www.pogotowieflagowe.pl\/aktualne\/#organization"},"image":{"@id":"https:\/\/www.pogotowieflagowe.pl\/aktualne\/tani-prad-33-sektor-energetyczny-reaguje-pozytywnie-co-zrobi-rzad\/#primaryimage"},"thumbnailUrl":"https:\/\/www.pogotowieflagowe.pl\/aktualne\/wp-content\/uploads\/2025\/11\/Tani-prad-\u2013-33-\u201eSektor-energetyczny-reaguje-pozytywnie-Co-zrobi.webp.webp","keywords":["energetyczny","pozytywnie","pr\u0105d","reaguje","Rz\u0105d","sektor","tani","zrobi"],"articleSection":["Aktualne"],"inLanguage":"pl-PL","potentialAction":[{"@type":"CommentAction","name":"Comment","target":["https:\/\/www.pogotowieflagowe.pl\/aktualne\/tani-prad-33-sektor-energetyczny-reaguje-pozytywnie-co-zrobi-rzad\/#respond"]}]},{"@type":"WebPage","@id":"https:\/\/www.pogotowieflagowe.pl\/aktualne\/tani-prad-33-sektor-energetyczny-reaguje-pozytywnie-co-zrobi-rzad\/","url":"https:\/\/www.pogotowieflagowe.pl\/aktualne\/tani-prad-33-sektor-energetyczny-reaguje-pozytywnie-co-zrobi-rzad\/","name":"Tani pr\u0105d \u2013 33%. \u201eSektor energetyczny reaguje pozytywnie.\u201d Co zrobi rz\u0105d? - POGOTOWIE FLAGOWE\u00ae","isPartOf":{"@id":"https:\/\/www.pogotowieflagowe.pl\/aktualne\/#website"},"primaryImageOfPage":{"@id":"https:\/\/www.pogotowieflagowe.pl\/aktualne\/tani-prad-33-sektor-energetyczny-reaguje-pozytywnie-co-zrobi-rzad\/#primaryimage"},"image":{"@id":"https:\/\/www.pogotowieflagowe.pl\/aktualne\/tani-prad-33-sektor-energetyczny-reaguje-pozytywnie-co-zrobi-rzad\/#primaryimage"},"thumbnailUrl":"https:\/\/www.pogotowieflagowe.pl\/aktualne\/wp-content\/uploads\/2025\/11\/Tani-prad-\u2013-33-\u201eSektor-energetyczny-reaguje-pozytywnie-Co-zrobi.webp.webp","datePublished":"2025-11-09T19:12:34+00:00","dateModified":"2025-11-09T19:12:36+00:00","breadcrumb":{"@id":"https:\/\/www.pogotowieflagowe.pl\/aktualne\/tani-prad-33-sektor-energetyczny-reaguje-pozytywnie-co-zrobi-rzad\/#breadcrumb"},"inLanguage":"pl-PL","potentialAction":[{"@type":"ReadAction","target":["https:\/\/www.pogotowieflagowe.pl\/aktualne\/tani-prad-33-sektor-energetyczny-reaguje-pozytywnie-co-zrobi-rzad\/"]}]},{"@type":"ImageObject","inLanguage":"pl-PL","@id":"https:\/\/www.pogotowieflagowe.pl\/aktualne\/tani-prad-33-sektor-energetyczny-reaguje-pozytywnie-co-zrobi-rzad\/#primaryimage","url":"https:\/\/www.pogotowieflagowe.pl\/aktualne\/wp-content\/uploads\/2025\/11\/Tani-prad-\u2013-33-\u201eSektor-energetyczny-reaguje-pozytywnie-Co-zrobi.webp.webp","contentUrl":"https:\/\/www.pogotowieflagowe.pl\/aktualne\/wp-content\/uploads\/2025\/11\/Tani-prad-\u2013-33-\u201eSektor-energetyczny-reaguje-pozytywnie-Co-zrobi.webp.webp","width":1280,"height":720,"caption":"Tani pr\u0105d \u2013 33%. \u201eSektor energetyczny reaguje pozytywnie.\u201d Co zrobi rz\u0105d?"},{"@type":"BreadcrumbList","@id":"https:\/\/www.pogotowieflagowe.pl\/aktualne\/tani-prad-33-sektor-energetyczny-reaguje-pozytywnie-co-zrobi-rzad\/#breadcrumb","itemListElement":[{"@type":"ListItem","position":1,"name":"Home","item":"https:\/\/www.pogotowieflagowe.pl\/aktualne\/"},{"@type":"ListItem","position":2,"name":"Tani pr\u0105d \u2013 33%. \u201eSektor energetyczny reaguje pozytywnie.\u201d Co zrobi rz\u0105d?"}]},{"@type":"WebSite","@id":"https:\/\/www.pogotowieflagowe.pl\/aktualne\/#website","url":"https:\/\/www.pogotowieflagowe.pl\/aktualne\/","name":"POGOTOWIE FLAGOWE\u00ae","description":"","publisher":{"@id":"https:\/\/www.pogotowieflagowe.pl\/aktualne\/#organization"},"potentialAction":[{"@type":"SearchAction","target":{"@type":"EntryPoint","urlTemplate":"https:\/\/www.pogotowieflagowe.pl\/aktualne\/?s={search_term_string}"},"query-input":"required name=search_term_string"}],"inLanguage":"pl-PL"},{"@type":"Organization","@id":"https:\/\/www.pogotowieflagowe.pl\/aktualne\/#organization","name":"POGOTOWIE FLAGOWE\u00ae","url":"https:\/\/www.pogotowieflagowe.pl\/aktualne\/","logo":{"@type":"ImageObject","inLanguage":"pl-PL","@id":"https:\/\/www.pogotowieflagowe.pl\/aktualne\/#\/schema\/logo\/image\/","url":"https:\/\/www.pogotowieflagowe.pl\/aktualne\/wp-content\/uploads\/2024\/08\/cropped-pogotowieflagowe_flaga_projekt_sm.jpg","contentUrl":"https:\/\/www.pogotowieflagowe.pl\/aktualne\/wp-content\/uploads\/2024\/08\/cropped-pogotowieflagowe_flaga_projekt_sm.jpg","width":250,"height":143,"caption":"POGOTOWIE FLAGOWE\u00ae"},"image":{"@id":"https:\/\/www.pogotowieflagowe.pl\/aktualne\/#\/schema\/logo\/image\/"}},{"@type":"Person","@id":"https:\/\/www.pogotowieflagowe.pl\/aktualne\/#\/schema\/person\/9c2fb7d2362ebf6fa088960d7f0d27b0","name":"Filip","image":{"@type":"ImageObject","inLanguage":"pl-PL","@id":"https:\/\/www.pogotowieflagowe.pl\/aktualne\/#\/schema\/person\/image\/","url":"https:\/\/www.pogotowieflagowe.pl\/aktualne\/wp-content\/uploads\/2024\/08\/pogotowieflagowe.pl_.jpg","contentUrl":"https:\/\/www.pogotowieflagowe.pl\/aktualne\/wp-content\/uploads\/2024\/08\/pogotowieflagowe.pl_.jpg","caption":"Filip"},"description":"Jestem Filip, polski dziennikarz z dyplomem nauk politycznych Uniwersytetu Warszawskiego. Rozpoczynaj\u0105c swoj\u0105 karier\u0119 w r\u00f3\u017cnych lokalnych mediach, zdoby\u0142em solidne do\u015bwiadczenie w zakresie \u015bledztwa i redakcji. Obecnie jako redaktor w Pogotowie flagowe, staram si\u0119 dostarcza\u0107 dog\u0142\u0119bne i istotne analizy na temat najwa\u017cniejszych kwestii aktualno\u015bci, \u0142\u0105cz\u0105c rygor z pasj\u0105 dziennikarsk\u0105.","sameAs":["https:\/\/www.pogotowieflagowe.pl\/"]}]}},"_links":{"self":[{"href":"https:\/\/www.pogotowieflagowe.pl\/aktualne\/wp-json\/wp\/v2\/posts\/10321","targetHints":{"allow":["GET"]}}],"collection":[{"href":"https:\/\/www.pogotowieflagowe.pl\/aktualne\/wp-json\/wp\/v2\/posts"}],"about":[{"href":"https:\/\/www.pogotowieflagowe.pl\/aktualne\/wp-json\/wp\/v2\/types\/post"}],"author":[{"embeddable":true,"href":"https:\/\/www.pogotowieflagowe.pl\/aktualne\/wp-json\/wp\/v2\/users\/1"}],"replies":[{"embeddable":true,"href":"https:\/\/www.pogotowieflagowe.pl\/aktualne\/wp-json\/wp\/v2\/comments?post=10321"}],"version-history":[{"count":1,"href":"https:\/\/www.pogotowieflagowe.pl\/aktualne\/wp-json\/wp\/v2\/posts\/10321\/revisions"}],"predecessor-version":[{"id":10323,"href":"https:\/\/www.pogotowieflagowe.pl\/aktualne\/wp-json\/wp\/v2\/posts\/10321\/revisions\/10323"}],"wp:featuredmedia":[{"embeddable":true,"href":"https:\/\/www.pogotowieflagowe.pl\/aktualne\/wp-json\/wp\/v2\/media\/10322"}],"wp:attachment":[{"href":"https:\/\/www.pogotowieflagowe.pl\/aktualne\/wp-json\/wp\/v2\/media?parent=10321"}],"wp:term":[{"taxonomy":"category","embeddable":true,"href":"https:\/\/www.pogotowieflagowe.pl\/aktualne\/wp-json\/wp\/v2\/categories?post=10321"},{"taxonomy":"post_tag","embeddable":true,"href":"https:\/\/www.pogotowieflagowe.pl\/aktualne\/wp-json\/wp\/v2\/tags?post=10321"}],"curies":[{"name":"wp","href":"https:\/\/api.w.org\/{rel}","templated":true}]}}