{"id":10339,"date":"2025-11-09T21:14:57","date_gmt":"2025-11-09T20:14:57","guid":{"rendered":"https:\/\/www.pogotowieflagowe.pl\/aktualne\/rzad-zaostrza-spor-o-awanse-oficerskie-prezydent-zdecyduje-i-czas-sie-do-tego-przyzwyczaic\/"},"modified":"2025-11-09T21:14:58","modified_gmt":"2025-11-09T20:14:58","slug":"rzad-zaostrza-spor-o-awanse-oficerskie-prezydent-zdecyduje-i-czas-sie-do-tego-przyzwyczaic","status":"publish","type":"post","link":"https:\/\/www.pogotowieflagowe.pl\/aktualne\/rzad-zaostrza-spor-o-awanse-oficerskie-prezydent-zdecyduje-i-czas-sie-do-tego-przyzwyczaic\/","title":{"rendered":"Rz\u0105d zaostrza sp\u00f3r o awanse oficerskie: \u201ePrezydent zdecyduje i czas si\u0119 do tego przyzwyczai\u0107\u201d"},"content":{"rendered":"\n<div class=\"td_block_wrap tdb_single_content tdi_41 td-pb-border-top td_block_template_8 td-post-content tagdiv-type\" data-td-block-uid=\"tdi_41\">\n<style>.tdi_41{margines-top:0px!important;margin-bottom:0px!important;dope\u0142nienie-g\u00f3ra:0px!important;dope\u0142nienie-d\u00f3\u0142:0px!important}<\/style>\n<style>.tdb_single_content{margin-bottom:0;*zoom:1}.tdb_single_content:before,.tdb_single_content:after{display:table;content:'';line-height:0}.tdb_single_content:after{clear:both}.tdb_single_content .tdb-block-inner>*:not(.wp-block-quote):not(.alignwide):not(.alignfull.wp-block-cover.has-parallax):not(.td-a-ad){margin-left:auto;margin-right:auto}.tdb_single_content a{pointer-events:auto}.tdb_single_content .td-spot-id-top_ad .tdc-placeholder-title:before{content:'Najlepsza reklama artyku\u0142u'!important}.tdb_single_content .td-spot-id-inline_ad0 .tdc-placeholder-title:before{content:'Reklama wbudowana artyku\u0142u 1'!important}.tdb_single_content .td-spot-id-inline_ad1 .tdc-placeholder-title:before{content:'Wbudowana reklama w artykule 2'!important}.tdb_single_content .td-spot-id-inline_ad2 .tdc-placeholder-title:before{content:'Wbudowana reklama w artykule 3'!important}.tdb_single_content .td-spot-id-bottom_ad .tdc-placeholder-title:before{content:'Article Bottom Ad'!important}.tdb_single_content .id_top_ad,.tdb_single_content .id_bottom_ad{clear:both;margin-bottom:21px;text-align:center}.tdb_single_content .id_top_ad img,.tdb_single_content .id_bottom_ad img{margin-bottom:0}.tdb_single_content .id_top_ad .adsbygoogle,.tdb_single_content .id_bottom_ad .adsbygoogle{position:relative}.tdb_single_content .id_ad_content-horiz-left,.tdb_single_content .id_ad_content-horiz-right,.tdb_single_content .id_ad_content-horiz-center{margin-bottom:15px}.tdb_single_content .id_ad_content-horiz-left img,.tdb_single_content .id_ad_content-horiz-right img,.tdb_single_content .id_ad_content-horiz-center img{margin-bottom:0}.tdb_single_content .id_ad_content-horiz-center{text-align:center}.tdb_single_content .id_ad_content-horiz-center img{margin-right:auto;margin-left:auto}.tdb_single_content .id_ad_content-horiz-left{float:left;margin-top:9px;margin-right:21px}.tdb_single_content .id_ad_content-horiz-right{float:right;margin-top:6px;margin-left:21px}.tdb_single_content .tdc-a-ad .tdc-placeholder-title{width:300px;height:250px}.tdb_single_content .tdc-a-ad .tdc-placeholder-title:before{position:absolute;top:50%;-webkit-transform:translateY(-50%);transform:translateY(-50%);margin:auto;display:table;width:100%}.tdb_single_content .tdb-block-inner.td-fix-index{word-break:break-word}.tdi_41,.tdi_41>p,.tdi_41 .tdb-block-inner>p,.wp-block-column>p{font-size:16px!important;line-height:1.6!important}.tdi_41 .tdb-block-inner blockquote p{font-style:normal!important}@media (max-width:767px){.tdb_single_content .id_ad_content-horiz-left,.tdb_single_content .id_ad_content-horiz-right,.tdb_single_content .id_ad_content-horiz-center{margin:0 auto 26 pikseli auto}}@media (max-width:767px){.tdb_single_content .id_ad_content-horiz-left{margin-right:0}}@media (max-width:767px){.tdb_single_content .id_ad_content-horiz-right{margin-left:0}}@media (max-width:767px){.tdb_single_content .td-a-ad{float:none;text-align:center}.tdb_single_content .td-a-ad img{margin-right:auto;margin-left:auto}.tdb_single_content .tdc-a-ad{float:none}}<\/style>\n<div class=\"tdb-block-inner td-fix-index\">\n<p><strong>\u201eTo nie premier Tusk, ani szefowie s\u0142u\u017cb bezpiecze\u0144stwa nie b\u0119d\u0105 ogranicza\u0107 Prezydenta RP wybranego z woli narodu \u2013 to Prezydent zadecyduje i ludzie naprawd\u0119 musz\u0105 si\u0119 do tego przyzwyczai\u0107\u201d<\/strong> \u2013 powiedzia\u0142 Zbigniew Bogucki, Szef Kancelarii Prezydenta RP. <strong>\u201ePrezydent sam decyduje, o co i w jakim zakresie pyta\u0107 podczas spotka\u0144, kt\u00f3re prowadzi\u201d \u2013 doda\u0142.<\/strong> stwierdzi\u0142 <em>Biuro Bezpiecze\u0144stwa Narodowego<\/em> (BBN).<\/p>\n<p>W pi\u0105tek prezydent Karol Nawrocki poinformowa\u0142, \u017ce premier Donald Tusk zakaza\u0142 szefom s\u0142u\u017cb specjalnych spotykania si\u0119 lub rozm\u00f3w z g\u0142ow\u0105 pa\u0144stwa. The <em>Biuro Bezpiecze\u0144stwa Narodowego<\/em> skomentowa\u0142 decyzj\u0119 premiera, okre\u015blaj\u0105c j\u0105 jako <strong>\u201eniedopuszczalne i niebezpieczne dla bezpiecze\u0144stwa naszej Ojczyzny\u201d.<\/strong><\/p>\n<p>Wcze\u015bniej Tusk zarzuca\u0142 Prezydentowi, \u017ce odm\u00f3wi\u0142 podpisania awans\u00f3w oficerskich dla 136 kandydat\u00f3w ubiegaj\u0105cych si\u0119 o s\u0142u\u017cb\u0119 w RP <em>S\u0142u\u017cba Kontrwywiadu Wojskowego<\/em> (SKW) i <em>Agencja Bezpiecze\u0144stwa Wewn\u0119trznego<\/em> (ABW).<\/p>\n<figure class=\"wp-block-pullquote\">\n<blockquote>\n<p>&#8222;Prezydent chcia\u0142 spotka\u0107 si\u0119 z szefami s\u0142u\u017cb, \u017ceby om\u00f3wi\u0107 m.in. te awanse na pierwszy stopie\u0144 oficerski kontrwywiadu wojskowego i cywilnego. A pi\u0105tkowa stand-up premiera by\u0142a pe\u0142na manipulacji i k\u0142amstw. Premier wykorzystywa\u0142 m\u0142odych oficer\u00f3w do w\u0142asnych cel\u00f3w politycznych, aby poprzez przekr\u0119canie fakt\u00f3w sprawi\u0107 wra\u017cenie, \u017ce prezydent Karol Nawrocki nie chce zgodzi\u0107 si\u0119 na te awanse&#8221; &#8211; powiedzia\u0142 w rozmowie z TV Republika Rafa\u0142 Le\u015bkiewicz, rzecznik prezydenta.<\/p>\n<\/blockquote>\n<\/figure>\n<h2 class=\"wp-block-heading\"><strong>Odpowied\u017a Siemoniaka<\/strong><\/h2>\n<p>Koalicja rz\u0105dz\u0105ca kwestionuje stanowisko prezydenta.<\/p>\n<p>Jak poinformowa\u0142 w mediach spo\u0142eczno\u015bciowych Tomasz Siemoniak, minister-koordynator s\u0142u\u017cb specjalnych<strong> \u201eNigdy nie mo\u017ce by\u0107 tak, \u017ce funkcjonariusze s\u0105 wzywani na indywidualne spotkania z Prezydentem bez zgody prze\u0142o\u017conych, gdy\u017c nie s\u0105 mu w \u017caden spos\u00f3b podporz\u0105dkowani\u201d.<\/strong><\/p>\n<figure class=\"wp-block-embed is-type-rich is-provider-twitter wp-block-embed-twitter\">\n<div class=\"wp-block-embed__wrapper\">\n<blockquote class=\"twitter-tweet\" data-width=\"550\" data-dnt=\"true\">\n<p lang=\"pl\" dir=\"ltr\">Panie rzeczniku <a rel=\"nofollow\" href=\"https:\/\/twitter.com\/LeskiewiczRafa?ref_src=twsrc%5Etfw\">@LeskiewiczRafa<\/a>prosz\u0119 \u0142askawie podzi\u0119kowa\u0107, \u017ce przedstawiciel <a rel=\"nofollow\" href=\"https:\/\/twitter.com\/BBN_PL?ref_src=twsrc%5Etfw\">@BBN_PL<\/a> zapraszaj\u0105c szefa <a rel=\"nofollow\" href=\"https:\/\/twitter.com\/hashtag\/ABW?src=hash&amp;ref_src=twsrc%5Etfw\">#ABW<\/a> na \u2013 jak na nazw\u0119 \u2013 \u201eodpraw\u0119 z prezydentem\u201d posz\u0142a na dzieci\u0119c\u0105 \u0142atwizn\u0119 i powiadomienie w powiadomieniu okre\u015blonym przez agend\u0119 z Komisji do Spraw S\u0142u\u017cb Specjalnych, kt\u00f3ra zosta\u0142a\u2026 <a rel=\"nofollow\" href=\"https:\/\/t.co\/uffFo4hHex\">pic.twitter.com\/uffFo4hHex<\/a><\/p>\n<p>\u2014 Jacek Dobrzy\u0144ski (@JacekDobrzy\u0144ski) <a rel=\"nofollow\" href=\"https:\/\/twitter.com\/JacekDobrzynski\/status\/1987430942273610172?ref_src=twsrc%5Etfw\">9 listopada 2025 r<\/a><\/p><\/blockquote>\n<\/div>\n<\/figure>\n<p>Jacek Dobrzy\u0144ski, rzecznik resortu Siemoniaka, zarzuci\u0142 rzecznikowi Prezydenta i Pa\u0142acowi Prezydenckiemu \u201ek\u0142amstwo\u201d i <strong>\u201eblokowanie awans\u00f3w oficerskich\u201d.<\/strong><\/p>\n<h2 class=\"wp-block-heading\"><strong>Le\u015bkiewicz do Dobrzy\u0144skiego: Nie uda\u0142o si\u0119<\/strong><\/h2>\n<p>W odpowiedzi na post Dobrzy\u0144skiego Le\u015bkiewicz zasugerowa\u0142, \u017ce \u201ed\u0142ugo zastanawia\u0142 si\u0119, jak zatuszowa\u0107 skandaliczn\u0105 i bezprecedensow\u0105 odmow\u0119 szef\u00f3w s\u0142u\u017cb specjalnych udzia\u0142u w spotkaniach z Prezydentem\u201d.<\/p>\n<figure class=\"wp-block-pullquote\">\n<blockquote>\n<p>&#8222;Przykro mi, \u017ce Pana rozczarowa\u0142em. Nie uda\u0142o si\u0119. Przypomn\u0119 tylko, \u017ce zaplanowane spotkania mia\u0142y na celu poruszenie kwestii bezpiecze\u0144stwa narodowego i awans\u00f3w oficerskich. To tyle, je\u015bli chodzi o fakty. Niestety szefowie s\u0142u\u017cb zignorowali zaproszenie Prezydenta&#8221; &#8211; oznajmi\u0142 rzecznik Prezydenta.<\/p>\n<\/blockquote>\n<\/figure>\n<p>Doda\u0142, \u017ce \u201ewszyscy wiedz\u0105\u201d, \u017ce wi\u0119kszo\u015b\u0107 parlamentarna w swojej walce politycznej z Prezydentem korzysta ze s\u0142u\u017cb bezpiecze\u0144stwa.<\/p>\n<figure class=\"wp-block-pullquote\">\n<blockquote>\n<p>\u201eTo mo\u017ce Was bawi\u0107, ale Polak\u00f3w niepokoi \u2013 bo jak powinni si\u0119 czu\u0107, gdy urz\u0119dnicy odpowiedzialni za nasze wsp\u00f3lne bezpiecze\u0144stwo, w imi\u0119 politycznego poklasku ze strony swojego szefa, ignoruj\u0105 Prezydenta RP\u201d \u2013 komentowa\u0142 Rafa\u0142 Le\u015bkiewicz.<\/p>\n<\/blockquote>\n<\/figure>\n<figure class=\"wp-block-embed is-type-rich is-provider-twitter wp-block-embed-twitter\">\n<div class=\"wp-block-embed__wrapper\">\n<blockquote class=\"twitter-tweet\" data-width=\"550\" data-dnt=\"true\">\n<p lang=\"pl\" dir=\"ltr\">Panie rzeczniku <a rel=\"nofollow\" href=\"https:\/\/twitter.com\/JacekDobrzynski?ref_src=twsrc%5Etfw\">@JacekDobrzy\u0144ski<\/a> Pan zastanawia\u0142 si\u0119, jak \u201eprzykry\u0107\u201d skandaliczn\u0105 i bezprecedensow\u0105 okre\u015blon\u0105 odmowy udzia\u0142 w spotkaniach z Panem Prezydentem szef\u00f3w s\u0142u\u017cb specjalnych. Zmartwi\u0119 Pana. Nie wysz\u0142o. <br \/>Przypomn\u0119 tylko, \u017ce podczas dost\u0119pnych spotka\u0144 miano\u2026 https:\/\/t.co\/fJBu28EycA<\/p>\n<p>\u2014 Rafa\u0142 Le\u015bkiewicz (@LeskiewiczRafa) <a rel=\"nofollow\" href=\"https:\/\/twitter.com\/LeskiewiczRafa\/status\/1987441325545799789?ref_src=twsrc%5Etfw\">9 listopada 2025 r<\/a><\/p><\/blockquote>\n<\/div>\n<\/figure>\n<h2 class=\"wp-block-heading\"><strong>Co m\u00f3wi prawo?<\/strong><\/h2>\n<p>\u2013 powiedzia\u0142 Zbigniew Bogucki, szef Kancelarii Prezydenta <em>Wiadomo\u015bci Polsatu<\/em> \u017ce szefowie s\u0142u\u017cb nie pojawili si\u0119 na spotkaniu z Prezydentem, mimo wyra\u017anych obowi\u0105zk\u00f3w prawnych.<\/p>\n<figure class=\"wp-block-pullquote\">\n<blockquote>\n<p>\u201ePrezydent Karol Nawrocki zaprasza\u0142 szef\u00f3w s\u0142u\u017cb specjalnych na spotkania dotycz\u0105ce bezpiecze\u0144stwa pa\u0144stwa. \u017baden z nich nie pojawi\u0142 si\u0119 w Pa\u0142acu Prezydenckim \u2013 mimo obowi\u0105zku wynikaj\u0105cego z art. 18 ust. <em>Ustawa o Agencji Bezpiecze\u0144stwa Wewn\u0119trznego i Agencji Wywiadu<\/em> (ABW i AW) oraz art. 19 ust. 2 ustawy <em>Ustawa o S\u0142u\u017cbie Kontrwywiadu Wojskowego i S\u0142u\u017cbie Wywiadu Wojskowego<\/em> (SKW i SWW). To sytuacja bezprecedensowa\u201d \u2013 stwierdzi\u0142.<\/p>\n<\/blockquote>\n<\/figure>\n<figure class=\"wp-block-embed is-type-rich is-provider-twitter wp-block-embed-twitter\">\n<div class=\"wp-block-embed__wrapper\">\n<blockquote class=\"twitter-tweet\" data-width=\"550\" data-dnt=\"true\">\n<p lang=\"pl\" dir=\"ltr\">Rzeczywisto\u015b\u0107 pod rz\u0105dami premier Tuska jest fatalna\u203c\ufe0fPrezydent RP <a rel=\"nofollow\" href=\"https:\/\/twitter.com\/NawrockiKn?ref_src=twsrc%5Etfw\">@NawrockiKn<\/a>  szef\u00f3w s\u0142u\u017cb specjalnych na urz\u0105dzeniach bezpiecze\u0144stwa dotycz\u0105cych pa\u0144stwa. \u017baden z nich nie zastawi\u0142 si\u0119 w Pa\u0142acu Prezydenckim \u2013 mimo ataku z art. 18 ust. 2 ustawy o ABW i AW\u2026 <a rel=\"nofollow\" href=\"https:\/\/t.co\/6mGnpEGlxk\">pic.twitter.com\/6mGnpEGlxk<\/a><\/p>\n<p>\u2014 Zbigniew Bogucki\ud83c\uddf5\ud83c\uddf1 (@BoguckiZbigniew) <a rel=\"nofollow\" href=\"https:\/\/twitter.com\/BoguckiZbigniew\/status\/1987471045633155442?ref_src=twsrc%5Etfw\">9 listopada 2025 r<\/a><\/p><\/blockquote>\n<\/div>\n<\/figure>\n<p>Bogucki wyja\u015bni\u0142, \u017ce wykonuje polecenie Prezydenta, aby \u201ezaprosi\u0107 szef\u00f3w s\u0142u\u017cb z odpowiednim zawiadomieniem, informuj\u0105c Premiera o temacie, dacie i miejscu spotkania\u201d.<\/p>\n<figure class=\"wp-block-pullquote\">\n<blockquote>\n<p>&#8222;W ostatniej chwili, w spos\u00f3b absolutnie bezczelny, informacj\u0119 przekazano jedynie cz\u0119\u015bciowo i w formie pisemnej, zamiast poprzez osobiste przybycie szef\u00f3w s\u0142u\u017cb. To nie by\u0142y wszystkie szczeg\u00f3\u0142y, o kt\u00f3rych Prezydent chcia\u0142 rozmawia\u0107&#8221; &#8211; powiedzia\u0142 Szef Kancelarii Prezydenta.<\/p>\n<\/blockquote>\n<\/figure>\n<p>Doda\u0142, \u017ce \u201ePrezydent ma prawo otrzymywa\u0107 informacje w dowolnej formie, o kt\u00f3r\u0105 prosi\u201d.<\/p>\n<figure class=\"wp-block-pullquote\">\n<blockquote>\n<p>\u201eTo nie premier Tusk, ani szefowie s\u0142u\u017cb, nie b\u0119d\u0105 ogranicza\u0107 Prezydenta RP wybranego z woli narodu \u2013 to Prezydent zadecyduje i ludzie naprawd\u0119 musz\u0105 si\u0119 do tego przyzwyczai\u0107\u201d \u2013 podkre\u015bli\u0142 Zbigniew Bogucki.<\/p>\n<\/blockquote>\n<\/figure>\n<h2 class=\"wp-block-heading\">\u201e<strong>Nie ma z tym problemu<\/strong>\u201e<\/h2>\n<p>W sobot\u0119 o <em>Biuro Bezpiecze\u0144stwa Narodowego<\/em> og\u0142osi\u0142, \u017ce Prezydent mianowa\u0142 na stopnie generalskie jedenastu funkcjonariuszy Si\u0142 Zbrojnych RP, jednego policjanta, jednego funkcjonariusza Stra\u017cy Granicznej i jednego funkcjonariusza Pa\u0144stwowej Stra\u017cy Po\u017carnej. <strong>&#8222;Gratuluj\u0119 Panu Generale. I dzi\u0119kuj\u0119 za dobr\u0105 wsp\u00f3\u0142prac\u0119 w tej sprawie pomi\u0119dzy Prezydentem Karolem Nawrockim, Premierem W\u0142adys\u0142awem Kosiniakiem-Kamyszem, Ministrem Spraw Wewn\u0119trznych Marcinem Kierwi\u0144skim i BBN&#8221; <\/strong>\u2013 napisa\u0142 szef Biura S\u0142awomir Cenckiewicz.<\/p>\n<figure class=\"wp-block-pullquote\">\n<blockquote>\n<p>&#8222;Wszystkie awanse na pierwszy stopie\u0144 oficerski w Wojsku Polskim s\u0105 bez problemu podpisywane przez Prezydenta. Bo z Ministerstwem Obrony Narodowej jest wsp\u00f3\u0142praca i normalny dialog. Je\u015bli chodzi o MSWiA, nie ma problemu ani z awansami na pierwszy stopie\u0144 oficerski, ani na stopnie genera\u0142a. Prezydent dzia\u0142a w interesie pa\u0144stwa, za\u015b Donald Tusk i s\u0142u\u017cby specjalne dzia\u0142aj\u0105 obecnie na rozkazy polityczne, pr\u00f3buj\u0105c wp\u0142yn\u0105\u0107 na polityk\u00f3w i Prezydenta&#8221; &#8211; oceni\u0142 Bogucki.<\/p>\n<\/blockquote>\n<\/figure>\n<figure class=\"wp-block-embed is-type-rich is-provider-twitter wp-block-embed-twitter\">\n<div class=\"wp-block-embed__wrapper\">\n<blockquote class=\"twitter-tweet\" data-width=\"550\" data-dnt=\"true\">\n<p lang=\"pl\" dir=\"ltr\">1\ufe0f\u20e3 Propozycje awans\u00f3w generalskich w Wojsku Polskim iw innych s\u0142u\u017cbach mundurowych omawiane by\u0142y z Prezydentem RP <a rel=\"nofollow\" href=\"https:\/\/twitter.com\/NawrockiKn?ref_src=twsrc%5Etfw\">@NawrockiKn<\/a> w atmosferze rozproszonego dialogu i rozproszonych. W \u015blad za tym postanowieniami z dn. 8 listopada br. Pan Prezydent mianowa\u0142 na stopnie generalskie:\u2026 https:\/\/t.co\/sZPOINs7Ry<\/p>\n<p>\u2014 BBN (@BBN_PL) <a rel=\"nofollow\" href=\"https:\/\/twitter.com\/BBN_PL\/status\/1987502576904905072?ref_src=twsrc%5Etfw\">9 listopada 2025 r<\/a><\/p><\/blockquote>\n<\/div>\n<\/figure>\n<\/div>\n<\/div>\n<p><script async src=\"https:\/\/platform.twitter.com\/widgets.js\" charset=\"utf-8\"><\/script><\/p>\n","protected":false},"excerpt":{"rendered":"<p>\u201eTo nie premier Tusk, ani szefowie s\u0142u\u017cb bezpiecze\u0144stwa nie b\u0119d\u0105 ogranicza\u0107 Prezydenta RP wybranego z woli narodu \u2013 to Prezydent<\/p>\n","protected":false},"author":1,"featured_media":10258,"comment_status":"open","ping_status":"open","sticky":false,"template":"","format":"standard","meta":{"footnotes":""},"categories":[4748],"tags":[11820,1335,11821,341,11823,1554,150,8481,4768,6598,11822],"class_list":["post-10339","post","type-post","status-publish","format-standard","has-post-thumbnail","hentry","category-aktualne","tag-awanse","tag-czas","tag-oficerskie","tag-prezydent","tag-przyzwyczaic","tag-rzad","tag-sie","tag-spor","tag-tego","tag-zaostrza","tag-zdecyduje","generate-columns","tablet-grid-50","mobile-grid-100","grid-parent","grid-50","resize-featured-image"],"yoast_head":"<!-- This site is optimized with the Yoast SEO plugin v23.2 - https:\/\/yoast.com\/wordpress\/plugins\/seo\/ -->\n<title>Rz\u0105d zaostrza sp\u00f3r o awanse oficerskie: \u201ePrezydent zdecyduje i czas si\u0119 do tego przyzwyczai\u0107\u201d - POGOTOWIE FLAGOWE\u00ae<\/title>\n<meta name=\"robots\" content=\"index, follow, max-snippet:-1, max-image-preview:large, max-video-preview:-1\" \/>\n<link rel=\"canonical\" href=\"https:\/\/www.pogotowieflagowe.pl\/aktualne\/rzad-zaostrza-spor-o-awanse-oficerskie-prezydent-zdecyduje-i-czas-sie-do-tego-przyzwyczaic\/\" \/>\n<meta property=\"og:locale\" content=\"pl_PL\" \/>\n<meta property=\"og:type\" content=\"article\" \/>\n<meta property=\"og:title\" content=\"Rz\u0105d zaostrza sp\u00f3r o awanse oficerskie: \u201ePrezydent zdecyduje i czas si\u0119 do tego przyzwyczai\u0107\u201d - POGOTOWIE FLAGOWE\u00ae\" \/>\n<meta property=\"og:description\" content=\"\u201eTo nie premier Tusk, ani szefowie s\u0142u\u017cb bezpiecze\u0144stwa nie b\u0119d\u0105 ogranicza\u0107 Prezydenta RP wybranego z woli narodu \u2013 to Prezydent\" \/>\n<meta property=\"og:url\" content=\"https:\/\/www.pogotowieflagowe.pl\/aktualne\/rzad-zaostrza-spor-o-awanse-oficerskie-prezydent-zdecyduje-i-czas-sie-do-tego-przyzwyczaic\/\" \/>\n<meta property=\"og:site_name\" content=\"POGOTOWIE FLAGOWE\u00ae\" \/>\n<meta property=\"article:published_time\" content=\"2025-11-09T20:14:57+00:00\" \/>\n<meta property=\"article:modified_time\" content=\"2025-11-09T20:14:58+00:00\" \/>\n<meta property=\"og:image\" content=\"https:\/\/www.pogotowieflagowe.pl\/aktualne\/wp-content\/uploads\/2025\/11\/\u201eTrzeba-tez-wiedziec-jak-rzadzic-Prezydent-dyscyplinuje-Tuska-musi-zrozumiec.webp.webp\" \/>\n\t<meta property=\"og:image:width\" content=\"1280\" \/>\n\t<meta property=\"og:image:height\" content=\"720\" \/>\n\t<meta property=\"og:image:type\" content=\"image\/webp\" \/>\n<meta name=\"author\" content=\"Filip\" \/>\n<meta name=\"twitter:card\" content=\"summary_large_image\" \/>\n<meta name=\"twitter:label1\" content=\"Napisane przez\" \/>\n\t<meta name=\"twitter:data1\" content=\"Filip\" \/>\n\t<meta name=\"twitter:label2\" content=\"Szacowany czas czytania\" \/>\n\t<meta name=\"twitter:data2\" content=\"5 minut\" \/>\n<script type=\"application\/ld+json\" class=\"yoast-schema-graph\">{\"@context\":\"https:\/\/schema.org\",\"@graph\":[{\"@type\":\"Article\",\"@id\":\"https:\/\/www.pogotowieflagowe.pl\/aktualne\/rzad-zaostrza-spor-o-awanse-oficerskie-prezydent-zdecyduje-i-czas-sie-do-tego-przyzwyczaic\/#article\",\"isPartOf\":{\"@id\":\"https:\/\/www.pogotowieflagowe.pl\/aktualne\/rzad-zaostrza-spor-o-awanse-oficerskie-prezydent-zdecyduje-i-czas-sie-do-tego-przyzwyczaic\/\"},\"author\":{\"name\":\"Filip\",\"@id\":\"https:\/\/www.pogotowieflagowe.pl\/aktualne\/#\/schema\/person\/9c2fb7d2362ebf6fa088960d7f0d27b0\"},\"headline\":\"Rz\u0105d zaostrza sp\u00f3r o awanse oficerskie: \u201ePrezydent zdecyduje i czas si\u0119 do tego przyzwyczai\u0107\u201d\",\"datePublished\":\"2025-11-09T20:14:57+00:00\",\"dateModified\":\"2025-11-09T20:14:58+00:00\",\"mainEntityOfPage\":{\"@id\":\"https:\/\/www.pogotowieflagowe.pl\/aktualne\/rzad-zaostrza-spor-o-awanse-oficerskie-prezydent-zdecyduje-i-czas-sie-do-tego-przyzwyczaic\/\"},\"wordCount\":1062,\"commentCount\":0,\"publisher\":{\"@id\":\"https:\/\/www.pogotowieflagowe.pl\/aktualne\/#organization\"},\"image\":{\"@id\":\"https:\/\/www.pogotowieflagowe.pl\/aktualne\/rzad-zaostrza-spor-o-awanse-oficerskie-prezydent-zdecyduje-i-czas-sie-do-tego-przyzwyczaic\/#primaryimage\"},\"thumbnailUrl\":\"https:\/\/www.pogotowieflagowe.pl\/aktualne\/wp-content\/uploads\/2025\/11\/\u201eTrzeba-tez-wiedziec-jak-rzadzic-Prezydent-dyscyplinuje-Tuska-musi-zrozumiec.webp.webp\",\"keywords\":[\"awanse\",\"czas\",\"oficerskie\",\"Prezydent\",\"przyzwyczai\u0107\",\"Rz\u0105d\",\"si\u0119\",\"Sp\u00f3r\",\"tego\",\"zaostrza\",\"zdecyduje\"],\"articleSection\":[\"Aktualne\"],\"inLanguage\":\"pl-PL\",\"potentialAction\":[{\"@type\":\"CommentAction\",\"name\":\"Comment\",\"target\":[\"https:\/\/www.pogotowieflagowe.pl\/aktualne\/rzad-zaostrza-spor-o-awanse-oficerskie-prezydent-zdecyduje-i-czas-sie-do-tego-przyzwyczaic\/#respond\"]}]},{\"@type\":\"WebPage\",\"@id\":\"https:\/\/www.pogotowieflagowe.pl\/aktualne\/rzad-zaostrza-spor-o-awanse-oficerskie-prezydent-zdecyduje-i-czas-sie-do-tego-przyzwyczaic\/\",\"url\":\"https:\/\/www.pogotowieflagowe.pl\/aktualne\/rzad-zaostrza-spor-o-awanse-oficerskie-prezydent-zdecyduje-i-czas-sie-do-tego-przyzwyczaic\/\",\"name\":\"Rz\u0105d zaostrza sp\u00f3r o awanse oficerskie: \u201ePrezydent zdecyduje i czas si\u0119 do tego przyzwyczai\u0107\u201d - POGOTOWIE FLAGOWE\u00ae\",\"isPartOf\":{\"@id\":\"https:\/\/www.pogotowieflagowe.pl\/aktualne\/#website\"},\"primaryImageOfPage\":{\"@id\":\"https:\/\/www.pogotowieflagowe.pl\/aktualne\/rzad-zaostrza-spor-o-awanse-oficerskie-prezydent-zdecyduje-i-czas-sie-do-tego-przyzwyczaic\/#primaryimage\"},\"image\":{\"@id\":\"https:\/\/www.pogotowieflagowe.pl\/aktualne\/rzad-zaostrza-spor-o-awanse-oficerskie-prezydent-zdecyduje-i-czas-sie-do-tego-przyzwyczaic\/#primaryimage\"},\"thumbnailUrl\":\"https:\/\/www.pogotowieflagowe.pl\/aktualne\/wp-content\/uploads\/2025\/11\/\u201eTrzeba-tez-wiedziec-jak-rzadzic-Prezydent-dyscyplinuje-Tuska-musi-zrozumiec.webp.webp\",\"datePublished\":\"2025-11-09T20:14:57+00:00\",\"dateModified\":\"2025-11-09T20:14:58+00:00\",\"breadcrumb\":{\"@id\":\"https:\/\/www.pogotowieflagowe.pl\/aktualne\/rzad-zaostrza-spor-o-awanse-oficerskie-prezydent-zdecyduje-i-czas-sie-do-tego-przyzwyczaic\/#breadcrumb\"},\"inLanguage\":\"pl-PL\",\"potentialAction\":[{\"@type\":\"ReadAction\",\"target\":[\"https:\/\/www.pogotowieflagowe.pl\/aktualne\/rzad-zaostrza-spor-o-awanse-oficerskie-prezydent-zdecyduje-i-czas-sie-do-tego-przyzwyczaic\/\"]}]},{\"@type\":\"ImageObject\",\"inLanguage\":\"pl-PL\",\"@id\":\"https:\/\/www.pogotowieflagowe.pl\/aktualne\/rzad-zaostrza-spor-o-awanse-oficerskie-prezydent-zdecyduje-i-czas-sie-do-tego-przyzwyczaic\/#primaryimage\",\"url\":\"https:\/\/www.pogotowieflagowe.pl\/aktualne\/wp-content\/uploads\/2025\/11\/\u201eTrzeba-tez-wiedziec-jak-rzadzic-Prezydent-dyscyplinuje-Tuska-musi-zrozumiec.webp.webp\",\"contentUrl\":\"https:\/\/www.pogotowieflagowe.pl\/aktualne\/wp-content\/uploads\/2025\/11\/\u201eTrzeba-tez-wiedziec-jak-rzadzic-Prezydent-dyscyplinuje-Tuska-musi-zrozumiec.webp.webp\",\"width\":1280,\"height\":720,\"caption\":\"\u201eTrzeba te\u017c wiedzie\u0107, jak rz\u0105dzi\u0107\u201d. Prezydent dyscyplinuje Tuska: musi zrozumie\u0107, \u017ce nie jest kr\u00f3lem\"},{\"@type\":\"BreadcrumbList\",\"@id\":\"https:\/\/www.pogotowieflagowe.pl\/aktualne\/rzad-zaostrza-spor-o-awanse-oficerskie-prezydent-zdecyduje-i-czas-sie-do-tego-przyzwyczaic\/#breadcrumb\",\"itemListElement\":[{\"@type\":\"ListItem\",\"position\":1,\"name\":\"Home\",\"item\":\"https:\/\/www.pogotowieflagowe.pl\/aktualne\/\"},{\"@type\":\"ListItem\",\"position\":2,\"name\":\"Rz\u0105d zaostrza sp\u00f3r o awanse oficerskie: \u201ePrezydent zdecyduje i czas si\u0119 do tego przyzwyczai\u0107\u201d\"}]},{\"@type\":\"WebSite\",\"@id\":\"https:\/\/www.pogotowieflagowe.pl\/aktualne\/#website\",\"url\":\"https:\/\/www.pogotowieflagowe.pl\/aktualne\/\",\"name\":\"POGOTOWIE FLAGOWE\u00ae\",\"description\":\"\",\"publisher\":{\"@id\":\"https:\/\/www.pogotowieflagowe.pl\/aktualne\/#organization\"},\"potentialAction\":[{\"@type\":\"SearchAction\",\"target\":{\"@type\":\"EntryPoint\",\"urlTemplate\":\"https:\/\/www.pogotowieflagowe.pl\/aktualne\/?s={search_term_string}\"},\"query-input\":\"required name=search_term_string\"}],\"inLanguage\":\"pl-PL\"},{\"@type\":\"Organization\",\"@id\":\"https:\/\/www.pogotowieflagowe.pl\/aktualne\/#organization\",\"name\":\"POGOTOWIE FLAGOWE\u00ae\",\"url\":\"https:\/\/www.pogotowieflagowe.pl\/aktualne\/\",\"logo\":{\"@type\":\"ImageObject\",\"inLanguage\":\"pl-PL\",\"@id\":\"https:\/\/www.pogotowieflagowe.pl\/aktualne\/#\/schema\/logo\/image\/\",\"url\":\"https:\/\/www.pogotowieflagowe.pl\/aktualne\/wp-content\/uploads\/2024\/08\/cropped-pogotowieflagowe_flaga_projekt_sm.jpg\",\"contentUrl\":\"https:\/\/www.pogotowieflagowe.pl\/aktualne\/wp-content\/uploads\/2024\/08\/cropped-pogotowieflagowe_flaga_projekt_sm.jpg\",\"width\":250,\"height\":143,\"caption\":\"POGOTOWIE FLAGOWE\u00ae\"},\"image\":{\"@id\":\"https:\/\/www.pogotowieflagowe.pl\/aktualne\/#\/schema\/logo\/image\/\"}},{\"@type\":\"Person\",\"@id\":\"https:\/\/www.pogotowieflagowe.pl\/aktualne\/#\/schema\/person\/9c2fb7d2362ebf6fa088960d7f0d27b0\",\"name\":\"Filip\",\"image\":{\"@type\":\"ImageObject\",\"inLanguage\":\"pl-PL\",\"@id\":\"https:\/\/www.pogotowieflagowe.pl\/aktualne\/#\/schema\/person\/image\/\",\"url\":\"https:\/\/www.pogotowieflagowe.pl\/aktualne\/wp-content\/uploads\/2024\/08\/pogotowieflagowe.pl_.jpg\",\"contentUrl\":\"https:\/\/www.pogotowieflagowe.pl\/aktualne\/wp-content\/uploads\/2024\/08\/pogotowieflagowe.pl_.jpg\",\"caption\":\"Filip\"},\"description\":\"Jestem Filip, polski dziennikarz z dyplomem nauk politycznych Uniwersytetu Warszawskiego. Rozpoczynaj\u0105c swoj\u0105 karier\u0119 w r\u00f3\u017cnych lokalnych mediach, zdoby\u0142em solidne do\u015bwiadczenie w zakresie \u015bledztwa i redakcji. Obecnie jako redaktor w Pogotowie flagowe, staram si\u0119 dostarcza\u0107 dog\u0142\u0119bne i istotne analizy na temat najwa\u017cniejszych kwestii aktualno\u015bci, \u0142\u0105cz\u0105c rygor z pasj\u0105 dziennikarsk\u0105.\",\"sameAs\":[\"https:\/\/www.pogotowieflagowe.pl\/\"]}]}<\/script>\n<!-- \/ Yoast SEO plugin. -->","yoast_head_json":{"title":"Rz\u0105d zaostrza sp\u00f3r o awanse oficerskie: \u201ePrezydent zdecyduje i czas si\u0119 do tego przyzwyczai\u0107\u201d - POGOTOWIE FLAGOWE\u00ae","robots":{"index":"index","follow":"follow","max-snippet":"max-snippet:-1","max-image-preview":"max-image-preview:large","max-video-preview":"max-video-preview:-1"},"canonical":"https:\/\/www.pogotowieflagowe.pl\/aktualne\/rzad-zaostrza-spor-o-awanse-oficerskie-prezydent-zdecyduje-i-czas-sie-do-tego-przyzwyczaic\/","og_locale":"pl_PL","og_type":"article","og_title":"Rz\u0105d zaostrza sp\u00f3r o awanse oficerskie: \u201ePrezydent zdecyduje i czas si\u0119 do tego przyzwyczai\u0107\u201d - POGOTOWIE FLAGOWE\u00ae","og_description":"\u201eTo nie premier Tusk, ani szefowie s\u0142u\u017cb bezpiecze\u0144stwa nie b\u0119d\u0105 ogranicza\u0107 Prezydenta RP wybranego z woli narodu \u2013 to Prezydent","og_url":"https:\/\/www.pogotowieflagowe.pl\/aktualne\/rzad-zaostrza-spor-o-awanse-oficerskie-prezydent-zdecyduje-i-czas-sie-do-tego-przyzwyczaic\/","og_site_name":"POGOTOWIE FLAGOWE\u00ae","article_published_time":"2025-11-09T20:14:57+00:00","article_modified_time":"2025-11-09T20:14:58+00:00","og_image":[{"width":1280,"height":720,"url":"https:\/\/www.pogotowieflagowe.pl\/aktualne\/wp-content\/uploads\/2025\/11\/\u201eTrzeba-tez-wiedziec-jak-rzadzic-Prezydent-dyscyplinuje-Tuska-musi-zrozumiec.webp.webp","type":"image\/webp"}],"author":"Filip","twitter_card":"summary_large_image","twitter_misc":{"Napisane przez":"Filip","Szacowany czas czytania":"5 minut"},"schema":{"@context":"https:\/\/schema.org","@graph":[{"@type":"Article","@id":"https:\/\/www.pogotowieflagowe.pl\/aktualne\/rzad-zaostrza-spor-o-awanse-oficerskie-prezydent-zdecyduje-i-czas-sie-do-tego-przyzwyczaic\/#article","isPartOf":{"@id":"https:\/\/www.pogotowieflagowe.pl\/aktualne\/rzad-zaostrza-spor-o-awanse-oficerskie-prezydent-zdecyduje-i-czas-sie-do-tego-przyzwyczaic\/"},"author":{"name":"Filip","@id":"https:\/\/www.pogotowieflagowe.pl\/aktualne\/#\/schema\/person\/9c2fb7d2362ebf6fa088960d7f0d27b0"},"headline":"Rz\u0105d zaostrza sp\u00f3r o awanse oficerskie: \u201ePrezydent zdecyduje i czas si\u0119 do tego przyzwyczai\u0107\u201d","datePublished":"2025-11-09T20:14:57+00:00","dateModified":"2025-11-09T20:14:58+00:00","mainEntityOfPage":{"@id":"https:\/\/www.pogotowieflagowe.pl\/aktualne\/rzad-zaostrza-spor-o-awanse-oficerskie-prezydent-zdecyduje-i-czas-sie-do-tego-przyzwyczaic\/"},"wordCount":1062,"commentCount":0,"publisher":{"@id":"https:\/\/www.pogotowieflagowe.pl\/aktualne\/#organization"},"image":{"@id":"https:\/\/www.pogotowieflagowe.pl\/aktualne\/rzad-zaostrza-spor-o-awanse-oficerskie-prezydent-zdecyduje-i-czas-sie-do-tego-przyzwyczaic\/#primaryimage"},"thumbnailUrl":"https:\/\/www.pogotowieflagowe.pl\/aktualne\/wp-content\/uploads\/2025\/11\/\u201eTrzeba-tez-wiedziec-jak-rzadzic-Prezydent-dyscyplinuje-Tuska-musi-zrozumiec.webp.webp","keywords":["awanse","czas","oficerskie","Prezydent","przyzwyczai\u0107","Rz\u0105d","si\u0119","Sp\u00f3r","tego","zaostrza","zdecyduje"],"articleSection":["Aktualne"],"inLanguage":"pl-PL","potentialAction":[{"@type":"CommentAction","name":"Comment","target":["https:\/\/www.pogotowieflagowe.pl\/aktualne\/rzad-zaostrza-spor-o-awanse-oficerskie-prezydent-zdecyduje-i-czas-sie-do-tego-przyzwyczaic\/#respond"]}]},{"@type":"WebPage","@id":"https:\/\/www.pogotowieflagowe.pl\/aktualne\/rzad-zaostrza-spor-o-awanse-oficerskie-prezydent-zdecyduje-i-czas-sie-do-tego-przyzwyczaic\/","url":"https:\/\/www.pogotowieflagowe.pl\/aktualne\/rzad-zaostrza-spor-o-awanse-oficerskie-prezydent-zdecyduje-i-czas-sie-do-tego-przyzwyczaic\/","name":"Rz\u0105d zaostrza sp\u00f3r o awanse oficerskie: \u201ePrezydent zdecyduje i czas si\u0119 do tego przyzwyczai\u0107\u201d - POGOTOWIE FLAGOWE\u00ae","isPartOf":{"@id":"https:\/\/www.pogotowieflagowe.pl\/aktualne\/#website"},"primaryImageOfPage":{"@id":"https:\/\/www.pogotowieflagowe.pl\/aktualne\/rzad-zaostrza-spor-o-awanse-oficerskie-prezydent-zdecyduje-i-czas-sie-do-tego-przyzwyczaic\/#primaryimage"},"image":{"@id":"https:\/\/www.pogotowieflagowe.pl\/aktualne\/rzad-zaostrza-spor-o-awanse-oficerskie-prezydent-zdecyduje-i-czas-sie-do-tego-przyzwyczaic\/#primaryimage"},"thumbnailUrl":"https:\/\/www.pogotowieflagowe.pl\/aktualne\/wp-content\/uploads\/2025\/11\/\u201eTrzeba-tez-wiedziec-jak-rzadzic-Prezydent-dyscyplinuje-Tuska-musi-zrozumiec.webp.webp","datePublished":"2025-11-09T20:14:57+00:00","dateModified":"2025-11-09T20:14:58+00:00","breadcrumb":{"@id":"https:\/\/www.pogotowieflagowe.pl\/aktualne\/rzad-zaostrza-spor-o-awanse-oficerskie-prezydent-zdecyduje-i-czas-sie-do-tego-przyzwyczaic\/#breadcrumb"},"inLanguage":"pl-PL","potentialAction":[{"@type":"ReadAction","target":["https:\/\/www.pogotowieflagowe.pl\/aktualne\/rzad-zaostrza-spor-o-awanse-oficerskie-prezydent-zdecyduje-i-czas-sie-do-tego-przyzwyczaic\/"]}]},{"@type":"ImageObject","inLanguage":"pl-PL","@id":"https:\/\/www.pogotowieflagowe.pl\/aktualne\/rzad-zaostrza-spor-o-awanse-oficerskie-prezydent-zdecyduje-i-czas-sie-do-tego-przyzwyczaic\/#primaryimage","url":"https:\/\/www.pogotowieflagowe.pl\/aktualne\/wp-content\/uploads\/2025\/11\/\u201eTrzeba-tez-wiedziec-jak-rzadzic-Prezydent-dyscyplinuje-Tuska-musi-zrozumiec.webp.webp","contentUrl":"https:\/\/www.pogotowieflagowe.pl\/aktualne\/wp-content\/uploads\/2025\/11\/\u201eTrzeba-tez-wiedziec-jak-rzadzic-Prezydent-dyscyplinuje-Tuska-musi-zrozumiec.webp.webp","width":1280,"height":720,"caption":"\u201eTrzeba te\u017c wiedzie\u0107, jak rz\u0105dzi\u0107\u201d. Prezydent dyscyplinuje Tuska: musi zrozumie\u0107, \u017ce nie jest kr\u00f3lem"},{"@type":"BreadcrumbList","@id":"https:\/\/www.pogotowieflagowe.pl\/aktualne\/rzad-zaostrza-spor-o-awanse-oficerskie-prezydent-zdecyduje-i-czas-sie-do-tego-przyzwyczaic\/#breadcrumb","itemListElement":[{"@type":"ListItem","position":1,"name":"Home","item":"https:\/\/www.pogotowieflagowe.pl\/aktualne\/"},{"@type":"ListItem","position":2,"name":"Rz\u0105d zaostrza sp\u00f3r o awanse oficerskie: \u201ePrezydent zdecyduje i czas si\u0119 do tego przyzwyczai\u0107\u201d"}]},{"@type":"WebSite","@id":"https:\/\/www.pogotowieflagowe.pl\/aktualne\/#website","url":"https:\/\/www.pogotowieflagowe.pl\/aktualne\/","name":"POGOTOWIE FLAGOWE\u00ae","description":"","publisher":{"@id":"https:\/\/www.pogotowieflagowe.pl\/aktualne\/#organization"},"potentialAction":[{"@type":"SearchAction","target":{"@type":"EntryPoint","urlTemplate":"https:\/\/www.pogotowieflagowe.pl\/aktualne\/?s={search_term_string}"},"query-input":"required name=search_term_string"}],"inLanguage":"pl-PL"},{"@type":"Organization","@id":"https:\/\/www.pogotowieflagowe.pl\/aktualne\/#organization","name":"POGOTOWIE FLAGOWE\u00ae","url":"https:\/\/www.pogotowieflagowe.pl\/aktualne\/","logo":{"@type":"ImageObject","inLanguage":"pl-PL","@id":"https:\/\/www.pogotowieflagowe.pl\/aktualne\/#\/schema\/logo\/image\/","url":"https:\/\/www.pogotowieflagowe.pl\/aktualne\/wp-content\/uploads\/2024\/08\/cropped-pogotowieflagowe_flaga_projekt_sm.jpg","contentUrl":"https:\/\/www.pogotowieflagowe.pl\/aktualne\/wp-content\/uploads\/2024\/08\/cropped-pogotowieflagowe_flaga_projekt_sm.jpg","width":250,"height":143,"caption":"POGOTOWIE FLAGOWE\u00ae"},"image":{"@id":"https:\/\/www.pogotowieflagowe.pl\/aktualne\/#\/schema\/logo\/image\/"}},{"@type":"Person","@id":"https:\/\/www.pogotowieflagowe.pl\/aktualne\/#\/schema\/person\/9c2fb7d2362ebf6fa088960d7f0d27b0","name":"Filip","image":{"@type":"ImageObject","inLanguage":"pl-PL","@id":"https:\/\/www.pogotowieflagowe.pl\/aktualne\/#\/schema\/person\/image\/","url":"https:\/\/www.pogotowieflagowe.pl\/aktualne\/wp-content\/uploads\/2024\/08\/pogotowieflagowe.pl_.jpg","contentUrl":"https:\/\/www.pogotowieflagowe.pl\/aktualne\/wp-content\/uploads\/2024\/08\/pogotowieflagowe.pl_.jpg","caption":"Filip"},"description":"Jestem Filip, polski dziennikarz z dyplomem nauk politycznych Uniwersytetu Warszawskiego. Rozpoczynaj\u0105c swoj\u0105 karier\u0119 w r\u00f3\u017cnych lokalnych mediach, zdoby\u0142em solidne do\u015bwiadczenie w zakresie \u015bledztwa i redakcji. Obecnie jako redaktor w Pogotowie flagowe, staram si\u0119 dostarcza\u0107 dog\u0142\u0119bne i istotne analizy na temat najwa\u017cniejszych kwestii aktualno\u015bci, \u0142\u0105cz\u0105c rygor z pasj\u0105 dziennikarsk\u0105.","sameAs":["https:\/\/www.pogotowieflagowe.pl\/"]}]}},"_links":{"self":[{"href":"https:\/\/www.pogotowieflagowe.pl\/aktualne\/wp-json\/wp\/v2\/posts\/10339","targetHints":{"allow":["GET"]}}],"collection":[{"href":"https:\/\/www.pogotowieflagowe.pl\/aktualne\/wp-json\/wp\/v2\/posts"}],"about":[{"href":"https:\/\/www.pogotowieflagowe.pl\/aktualne\/wp-json\/wp\/v2\/types\/post"}],"author":[{"embeddable":true,"href":"https:\/\/www.pogotowieflagowe.pl\/aktualne\/wp-json\/wp\/v2\/users\/1"}],"replies":[{"embeddable":true,"href":"https:\/\/www.pogotowieflagowe.pl\/aktualne\/wp-json\/wp\/v2\/comments?post=10339"}],"version-history":[{"count":1,"href":"https:\/\/www.pogotowieflagowe.pl\/aktualne\/wp-json\/wp\/v2\/posts\/10339\/revisions"}],"predecessor-version":[{"id":10340,"href":"https:\/\/www.pogotowieflagowe.pl\/aktualne\/wp-json\/wp\/v2\/posts\/10339\/revisions\/10340"}],"wp:featuredmedia":[{"embeddable":true,"href":"https:\/\/www.pogotowieflagowe.pl\/aktualne\/wp-json\/wp\/v2\/media\/10258"}],"wp:attachment":[{"href":"https:\/\/www.pogotowieflagowe.pl\/aktualne\/wp-json\/wp\/v2\/media?parent=10339"}],"wp:term":[{"taxonomy":"category","embeddable":true,"href":"https:\/\/www.pogotowieflagowe.pl\/aktualne\/wp-json\/wp\/v2\/categories?post=10339"},{"taxonomy":"post_tag","embeddable":true,"href":"https:\/\/www.pogotowieflagowe.pl\/aktualne\/wp-json\/wp\/v2\/tags?post=10339"}],"curies":[{"name":"wp","href":"https:\/\/api.w.org\/{rel}","templated":true}]}}