{"id":10362,"date":"2025-11-09T23:18:56","date_gmt":"2025-11-09T22:18:56","guid":{"rendered":"https:\/\/www.pogotowieflagowe.pl\/aktualne\/co-tusk-zrobi-z-marszem-niepodleglosci-dawid-wildstein-o-mozliwych-prowokacjach-11-listopada\/"},"modified":"2025-11-09T23:18:56","modified_gmt":"2025-11-09T22:18:56","slug":"co-tusk-zrobi-z-marszem-niepodleglosci-dawid-wildstein-o-mozliwych-prowokacjach-11-listopada","status":"publish","type":"post","link":"https:\/\/www.pogotowieflagowe.pl\/aktualne\/co-tusk-zrobi-z-marszem-niepodleglosci-dawid-wildstein-o-mozliwych-prowokacjach-11-listopada\/","title":{"rendered":"Co Tusk zrobi z Marszem Niepodleg\u0142o\u015bci? Dawid Wildstein o mo\u017cliwych prowokacjach 11 listopada"},"content":{"rendered":"\n<div class=\"td_block_wrap tdb_single_content tdi_41 td-pb-border-top td_block_template_8 td-post-content tagdiv-type\" data-td-block-uid=\"tdi_41\">\n<style>.tdi_41{margines-top:0px!important;margin-bottom:0px!important;dope\u0142nienie-g\u00f3ra:0px!important;dope\u0142nienie-d\u00f3\u0142:0px!important}<\/style>\n<style>.tdb_single_content{margin-bottom:0;*zoom:1}.tdb_single_content:before,.tdb_single_content:after{display:table;content:'';line-height:0}.tdb_single_content:after{clear:both}.tdb_single_content .tdb-block-inner>*:not(.wp-block-quote):not(.alignwide):not(.alignfull.wp-block-cover.has-parallax):not(.td-a-ad){margin-left:auto;margin-right:auto}.tdb_single_content a{pointer-events:auto}.tdb_single_content .td-spot-id-top_ad .tdc-placeholder-title:before{content:'Najlepsza reklama artyku\u0142u'!important}.tdb_single_content .td-spot-id-inline_ad0 .tdc-placeholder-title:before{content:'Reklama wbudowana artyku\u0142u 1'!important}.tdb_single_content .td-spot-id-inline_ad1 .tdc-placeholder-title:before{content:'Wbudowana reklama w artykule 2'!important}.tdb_single_content .td-spot-id-inline_ad2 .tdc-placeholder-title:before{content:'Wbudowana reklama w artykule 3'!important}.tdb_single_content .td-spot-id-bottom_ad .tdc-placeholder-title:before{content:'Article Bottom Ad'!important}.tdb_single_content .id_top_ad,.tdb_single_content .id_bottom_ad{clear:both;margin-bottom:21px;text-align:center}.tdb_single_content .id_top_ad img,.tdb_single_content .id_bottom_ad img{margin-bottom:0}.tdb_single_content .id_top_ad .adsbygoogle,.tdb_single_content .id_bottom_ad .adsbygoogle{position:relative}.tdb_single_content .id_ad_content-horiz-left,.tdb_single_content .id_ad_content-horiz-right,.tdb_single_content .id_ad_content-horiz-center{margin-bottom:15px}.tdb_single_content .id_ad_content-horiz-left img,.tdb_single_content .id_ad_content-horiz-right img,.tdb_single_content .id_ad_content-horiz-center img{margin-bottom:0}.tdb_single_content .id_ad_content-horiz-center{text-align:center}.tdb_single_content .id_ad_content-horiz-center img{margin-right:auto;margin-left:auto}.tdb_single_content .id_ad_content-horiz-left{float:left;margin-top:9px;margin-right:21px}.tdb_single_content .id_ad_content-horiz-right{float:right;margin-top:6px;margin-left:21px}.tdb_single_content .tdc-a-ad .tdc-placeholder-title{width:300px;height:250px}.tdb_single_content .tdc-a-ad .tdc-placeholder-title:before{position:absolute;top:50%;-webkit-transform:translateY(-50%);transform:translateY(-50%);margin:auto;display:table;width:100%}.tdb_single_content .tdb-block-inner.td-fix-index{word-break:break-word}.tdi_41,.tdi_41>p,.tdi_41 .tdb-block-inner>p,.wp-block-column>p{font-size:16px!important;line-height:1.6!important}.tdi_41 .tdb-block-inner blockquote p{font-style:normal!important}@media (max-width:767px){.tdb_single_content .id_ad_content-horiz-left,.tdb_single_content .id_ad_content-horiz-right,.tdb_single_content .id_ad_content-horiz-center{margin:0 auto 26 pikseli auto}}@media (max-width:767px){.tdb_single_content .id_ad_content-horiz-left{margin-right:0}}@media (max-width:767px){.tdb_single_content .id_ad_content-horiz-right{margin-left:0}}@media (max-width:767px){.tdb_single_content .td-a-ad{float:none;text-align:center}.tdb_single_content .td-a-ad img{margin-right:auto;margin-left:auto}.tdb_single_content .tdc-a-ad{float:none}}<\/style>\n<div class=\"tdb-block-inner td-fix-index\">\n<p>We wtorek zobaczymy kolejny <em>Marsz Niepodleg\u0142o\u015bci<\/em>. Przy tej okazji warto przypomnie\u0107, co dzia\u0142o si\u0119 wok\u00f3\u0142 tego wydarzenia w ci\u0105gu o\u015bmiu lat istnienia <em>Prawo i Sprawiedliwo\u015b\u0107 (PiS)<\/em> regu\u0142a. Z <em>Platforma Obywatelska (PO)<\/em> i powi\u0105zane z ni\u0105 media, byli\u015bmy \u015bwiadkami trwaj\u0105cej od lat operacji propagandowej zbudowanej na najbardziej idiotycznych i ostentacyjnych k\u0142amstwach. Jej celem by\u0142o pot\u0119pienie Polski za granic\u0105, zniszczenie mi\u0119dzynarodowej pozycji naszego kraju i ukazanie Polak\u00f3w jako nazist\u00f3w \u2013 a wszystko to przy jednoczesnym wspieraniu kremlowskiej propagandy skierowanej przeciwko Polsce. Niestety taka sytuacja mo\u017ce si\u0119 powt\u00f3rzy\u0107.<\/p>\n<p>Oczywi\u015bcie narracja przedstawiaj\u0105ca <em>Marsz Niepodleg\u0142o\u015bci<\/em> jako zgromadzenie pe\u0142ne nienawi\u015bci i faszyzmu wci\u0105\u017c \u017cyje i ma si\u0119 dobrze. Ju\u017c teraz r\u00f3\u017cni medialni zab\u00f3jcy s\u0142u\u017c\u0105cy obecnemu rz\u0105dowi przygotowuj\u0105 grunt pod atak na t\u0119 demonstracj\u0119, opowiadaj\u0105c historie o atmosferze przypominaj\u0105cej pogrom w Polsce i obcokrajowcach rzekomo boj\u0105cych si\u0119 chodzi\u0107 ulicami polskich miast. Jednak w ostatnich latach Marsz okaza\u0142 si\u0119 znacznie spokojniejszy i cywilizowany ni\u017c przeci\u0119tny wiec <em>Silni razem<\/em> fanatycy.<\/p>\n<h2 class=\"wp-block-heading\"><strong>Ukry\u0142 si\u0119 w \u0142azience<\/strong><\/h2>\n<p>Wiele wskazuje na to, \u017ce Tusk, jego partia i pos\u0142uszne jej media mog\u0105 po dwuletniej przerwie zdecydowa\u0107 si\u0119 na powr\u00f3t do opisanej powy\u017cej kampanii nienawi\u015bci. Dlatego warto przypomnie\u0107 t\u0119 wcze\u015bniejsz\u0105 bzdur\u0119 \u2013 aby odpowiednio przygotowa\u0107 si\u0119 na kolejn\u0105 fal\u0119 propagandy ze strony obecnych w\u0142adz.<\/p>\n<p>Potok obelg, nonsens\u00f3w, g\u0142upoty i fa\u0142szywych wiadomo\u015bci, jaki ka\u017cdego 11 listopada leje si\u0119 z polskich medi\u00f3w <em>Platforma Obywatelska<\/em> i Tuska podczas <em>PiS<\/em> lat by\u0142o zdumiewaj\u0105ce. Przypomnijmy kilka z ich najwi\u0119kszych \u201eosi\u0105gni\u0119\u0107\u201d. Szczeg\u00f3lnie absurdalnym przyk\u0142adem by\u0142a \u201eszokuj\u0105ca historia\u201d niejakiego Sama Rubina, pochodzenia \u017cydowskiego, kt\u00f3ry w obawie o swoje \u017cycie 11 listopada rzekomo ukry\u0142 si\u0119 w swojej \u0142azience i nie wychodzi\u0142 z niej przez ca\u0142y dzie\u0144.<\/p>\n<p>Co wa\u017cne, Sam sprzeda\u0142 swoje \u201erewelacje\u201d zagranicznym mediom, kt\u00f3re natychmiast podchwyci\u0142y histori\u0119 o ukrywaniu si\u0119 \u017byd\u00f3w przed Polakami organizuj\u0105cymi pogromy. Cho\u0107 anegdota \u0142azienkowa by\u0142a szczeg\u00f3lnie groteskowa, jej tre\u015b\u0107 zbiega\u0142a si\u0119 z wieloma innymi doniesieniami polskiego \u201elibera\u0142a\u201d (czytaj: <em>Platforma Obywatelska<\/em>-wyr\u00f3wnane) media i kr\u0119gi na temat <em>Marsz Niepodleg\u0142o\u015bci<\/em>. Nikogo nie obchodzi\u0142o, jak naprawd\u0119 wygl\u0105da\u0142o to wydarzenie. Zamiast tego sta\u0142 si\u0119 pretekstem do histerycznych opowie\u015bci o nienawi\u015bci, nazizmie, rasizmie i przemocy. Marsz by\u0142 przedstawiany jako dow\u00f3d na spe\u0142nienie si\u0119 kasandrowych przepowiedni o ko\u0144cu demokracji i \u201eskrajnie prawicowym zamachu stanu\u201d. Ka\u017cdy, kto uczestniczy\u0142, by\u0142 automatycznie nazywany wielbicielem Hitlera.<\/p>\n<p>Marsz sta\u0142 si\u0119 tak\u017ce kolejnym narz\u0119dziem <em>U\u015bmiechni\u0119ta Polska<\/em>b\u0119d\u0105cy znakiem firmowym oddzia\u0142u Polak\u00f3w. W <em>Platforma Obywatelska<\/em>medi\u00f3w byli\u015bmy \u015bwiadkami festiwalu absurdalnych, zmanipulowanych kontrast\u00f3w: z jednej strony \u201eciemna i z\u0142a Polska\u201d, kraina niebezpiecznych troglodyt\u00f3w; z drugiej szlachetna, tolerancyjna i post\u0119powa m\u0142odzie\u017c, kobiety i ideali\u015bci, kt\u00f3rzy \u2013 mimo strachu \u2013 bohatersko przeciwstawiali si\u0119 hordom faszystowskim i organizowali kontrdemonstracje. Jak zawsze w przypadku <em>Platforma Obywatelska<\/em>W narracji ten prymitywny manicheizm by\u0142 zar\u00f3wno dziecinny, jak i po prostu g\u0142upi.<\/p>\n<h2 class=\"wp-block-heading\"><strong>Rami\u0119 w rami\u0119 z Kremlem<\/strong><\/h2>\n<p>Warto zaznaczy\u0107, \u017ce w zwi\u0105zku z brakiem policyjnych prowokacji, <em>Marsz Niepodleg\u0142o\u015bci<\/em> przez wi\u0119kszo\u015b\u0107 <em>PiS<\/em>Jego rz\u0105dy by\u0142y niepor\u00f3wnywalnie spokojniejsze ni\u017c w latach wcze\u015bniejszych. Jednak w \u017caden spos\u00f3b nie zak\u0142\u00f3ci\u0142o to tocz\u0105cej si\u0119 narracji o \u201enazistowsko-faszystowskiej Polsce podnosz\u0105cej g\u0142ow\u0119\u201d. Medialni najemnicy Tuska z <em>Krytyka Polityczna<\/em> Lub <em>Gazety Wyborczej<\/em> argumentowa\u0142 nawet, \u017ce pokojowy, rodzinny marzec by\u0142 bardziej niebezpieczny w\u0142a\u015bnie dlatego, \u017ce mia\u0142 wi\u0119kszy wyd\u017awi\u0119k spo\u0142eczny.<\/p>\n<p>Taki artyku\u0142 napisa\u0142 m.in. Witkowski, niegdy\u015b wsp\u00f3\u0142pracownik proputinowskiego portalu <em>Strajk<\/em> oraz autor, kt\u00f3rego teksty ukazywa\u0142y si\u0119 na Kremlu <em>Sputnik<\/em>. Patrz\u0105c wstecz, jasne jest, \u017ce zosta\u0142 nagrodzony za swoj\u0105 prac\u0119 propagandow\u0105 \u2013 dzi\u015b buduje karier\u0119 <em>Platforma Obywatelska<\/em>instytucje jako \u201eeksperta\u201d, rzecz jasna, od wp\u0142yw\u00f3w rosyjskich.<\/p>\n<p>G\u0142\u00f3wnym celem tej propagandowej akcji wg <em>Platforma Obywatelska<\/em> a jej mediami by\u0142a jednak arena mi\u0119dzynarodowa. Przez osiem lat ka\u017cdy <em>Marsz Niepodleg\u0142o\u015bci<\/em> zosta\u0142a przedstawiona jako niezbity dow\u00f3d, \u017ce <em>PiS<\/em>Rz\u0105dzona Polska by\u0142a krajem terroru, nazizmu, antysemityzmu i dyktatury \u2013 wspieranej przez policj\u0119. \u017be by\u0142 to w istocie re\u017cim faszystowski.<\/p>\n<p>Te absurdy rozpowszechnia\u0142a nie tylko prasa zachodnia, ale tak\u017ce media rosyjskie, a nawet arabskie. Co istotne, w wielu przypadkach te szokuj\u0105ce \u201eraporty z faszystowskiej Polski\u201d pisali dziennikarze z <em>Platforma Obywatelska<\/em>w\u0142asnych punkt\u00f3w sprzeda\u017cy lub ich wsp\u00f3\u0142pracownik\u00f3w.<\/p>\n<p>Ta kampania znies\u0142awiaj\u0105ca by\u0142a skierowana nie tylko do uczestnik\u00f3w <em>Marsz Niepodleg\u0142o\u015bci<\/em> czy polskiego rz\u0105du, ale tak\u017ce zwyk\u0142ych Polak\u00f3w. Jego celem by\u0142o ukazanie naszego narodu jako t\u0142umu troglodyt\u00f3w i rasist\u00f3w \u2013 niebezpiecznych antysemit\u00f3w, spragnionych krwi i autorytarnych rz\u0105d\u00f3w. Nie tylko Polska mia\u0142a wygl\u0105da\u0107 na faszystowsk\u0105, ale sami Polacy.<\/p>\n<p>Narracja ta zakorzeni\u0142a si\u0119 i pojawia\u0142a w niemal ka\u017cdej wi\u0119kszej debacie europejskiej \u2013 zw\u0142aszcza w kolejnych <em>Platforma Obywatelska<\/em>-popar\u0142 uchwa\u0142y wzywaj\u0105ce do wprowadzenia sankcji wobec Polski. Sta\u0142o si\u0119 tak\u017ce cz\u0119\u015bci\u0105 kremlowskiej propagandy na temat sytuacji na granicy polsko-bia\u0142oruskiej (temat porusza\u0142 Gonzalez ps. Rubcow). W tej propagandzie Polak\u00f3w przedstawiano jako nar\u00f3d rasist\u00f3w dokonuj\u0105cych ludob\u00f3jstwa na pograniczu. I tak poprzez opowie\u015bci o \u201enazistach z 11 listopada\u201d <em>Platforma Obywatelska<\/em> a propaganda Putina nios\u0142a zasadniczo to samo przes\u0142anie.<\/p>\n<h2 class=\"wp-block-heading\"><strong>Historia si\u0119 powtarza?<\/strong><\/h2>\n<p>The <em>Marsz Niepodleg\u0142o\u015bci<\/em> odb\u0119dzie si\u0119 dopiero we wtorek, wi\u0119c na temat atmosfery mo\u017cemy jedynie spekulowa\u0107. Niestety wiele wskazuje na to, \u017ce mog\u0105 doj\u015b\u0107 do prowokacji podobnych do tych, jakie mia\u0142y miejsce za kadencji poprzedniego rz\u0105du Tuska.<\/p>\n<p>Po pierwsze, bardzo niepokoj\u0105ce s\u0105 dzia\u0142ania Kierwi\u0144skiego i kwestia rzekomej nielegalno\u015bci flar (przyp <em>Platforma Obywatelska<\/em> wiecach s\u0105 symbolami wolno\u015bci, za\u015b na manifestacjach patriotycznych nagle staj\u0105 si\u0119 niebezpiecznymi materia\u0142ami pirotechnicznymi). Po drugie, dotychczasowe dzia\u0142ania rz\u0105du sugeruj\u0105, \u017ce d\u0105\u017cy on do intensyfikacji napi\u0119\u0107 spo\u0142ecznych i eskalacji konfliktu wewn\u0119trznego. Sprawa Ziobry i uchylenie wyrok\u00f3w dla najgorszych przest\u0119pc\u00f3w pokazuje, \u017ce ich celem jest maksymalny chaos, zamieszanie i polaryzacja.<\/p>\n<p>W tym kontek\u015bcie zamieszki w marcu mog\u0105 dobrze s\u0142u\u017cy\u0107 ich interesom. Stanowi\u0142oby to doskona\u0142y pretekst do stosowania drako\u0144skich \u015brodk\u00f3w i dalszego \u0142amania prawa. Historia \u201efaszyst\u00f3w pr\u00f3buj\u0105cych obali\u0107 U\u015bmiechni\u0119ty Rz\u0105d\u201d przyda\u0142aby si\u0119 tak\u017ce Tuskowi i \u017burkowi przy wyja\u015bnianiu swoich dzia\u0142a\u0144 za granic\u0105.<\/p>\n<p>Jedno jest pewne \u2013 ten rz\u0105d wiedzia\u0142, jak organizowa\u0107 prowokacje (co pokaza\u0142 nies\u0142awny incydent pod ambasad\u0105 Rosji) i nadal to robi (jak podczas protest\u00f3w rolnik\u00f3w na pocz\u0105tku swojej kadencji, gdzie tajna policja rzuca\u0142a kamieniami w umundurowanych funkcjonariuszy).<\/p>\n<p>Dlatego szczeg\u00f3lnie wa\u017cny jest apel do uczestnik\u00f3w Marszu o zachowanie spokoju \u2013 nie dawanie przyn\u0119ty i nie u\u0142atwianie \u017cycia U\u015bmiechni\u0119temu Rz\u0105dowi. Smutna prawda jest jednak taka, \u017ce \u200b\u200bje\u015bli Tusk zdecyduje si\u0119 wywo\u0142a\u0107 niepokoje, zorganizuje zamieszki niezale\u017cnie od tego, jak spokojni b\u0119d\u0105 demonstranci. Miejmy nadziej\u0119, \u017ce w\u0142adze przestrasz\u0105 si\u0119 skali wydarzenia i powstrzymaj\u0105 si\u0119 od eskalacji przemocy i prowokacji takich jak te sprzed 2015 roku. Jednak sam fakt, \u017ce musimy si\u0119 na nie przygotowa\u0107, pokazuje, jak niespokojna jest dzi\u015b nasza Polska.<\/p>\n<\/div>\n<\/div>\n","protected":false},"excerpt":{"rendered":"<p>We wtorek zobaczymy kolejny Marsz Niepodleg\u0142o\u015bci. Przy tej okazji warto przypomnie\u0107, co dzia\u0142o si\u0119 wok\u00f3\u0142 tego wydarzenia w ci\u0105gu o\u015bmiu<\/p>\n","protected":false},"author":1,"featured_media":10111,"comment_status":"open","ping_status":"open","sticky":false,"template":"","format":"standard","meta":{"footnotes":""},"categories":[4748],"tags":[11850,2808,2890,11852,2180,11853,221,11851,1682],"class_list":["post-10362","post","type-post","status-publish","format-standard","has-post-thumbnail","hentry","category-aktualne","tag-dawid","tag-listopada","tag-marszem","tag-mozliwych","tag-niepodleglosci","tag-prowokacjach","tag-tusk","tag-wildstein","tag-zrobi","generate-columns","tablet-grid-50","mobile-grid-100","grid-parent","grid-50","resize-featured-image"],"yoast_head":"<!-- This site is optimized with the Yoast SEO plugin v23.2 - https:\/\/yoast.com\/wordpress\/plugins\/seo\/ -->\n<title>Co Tusk zrobi z Marszem Niepodleg\u0142o\u015bci? Dawid Wildstein o mo\u017cliwych prowokacjach 11 listopada - POGOTOWIE FLAGOWE\u00ae<\/title>\n<meta name=\"robots\" content=\"index, follow, max-snippet:-1, max-image-preview:large, max-video-preview:-1\" \/>\n<link rel=\"canonical\" href=\"https:\/\/www.pogotowieflagowe.pl\/aktualne\/co-tusk-zrobi-z-marszem-niepodleglosci-dawid-wildstein-o-mozliwych-prowokacjach-11-listopada\/\" \/>\n<meta property=\"og:locale\" content=\"pl_PL\" \/>\n<meta property=\"og:type\" content=\"article\" \/>\n<meta property=\"og:title\" content=\"Co Tusk zrobi z Marszem Niepodleg\u0142o\u015bci? Dawid Wildstein o mo\u017cliwych prowokacjach 11 listopada - POGOTOWIE FLAGOWE\u00ae\" \/>\n<meta property=\"og:description\" content=\"We wtorek zobaczymy kolejny Marsz Niepodleg\u0142o\u015bci. Przy tej okazji warto przypomnie\u0107, co dzia\u0142o si\u0119 wok\u00f3\u0142 tego wydarzenia w ci\u0105gu o\u015bmiu\" \/>\n<meta property=\"og:url\" content=\"https:\/\/www.pogotowieflagowe.pl\/aktualne\/co-tusk-zrobi-z-marszem-niepodleglosci-dawid-wildstein-o-mozliwych-prowokacjach-11-listopada\/\" \/>\n<meta property=\"og:site_name\" content=\"POGOTOWIE FLAGOWE\u00ae\" \/>\n<meta property=\"article:published_time\" content=\"2025-11-09T22:18:56+00:00\" \/>\n<meta property=\"og:image\" content=\"https:\/\/www.pogotowieflagowe.pl\/aktualne\/wp-content\/uploads\/2025\/11\/TV-Republika-patronem-medialnym-Marszu-Niepodleglosci-Prezes-stacji-komentuje.webp.webp\" \/>\n\t<meta property=\"og:image:width\" content=\"1280\" \/>\n\t<meta property=\"og:image:height\" content=\"720\" \/>\n\t<meta property=\"og:image:type\" content=\"image\/webp\" \/>\n<meta name=\"author\" content=\"Filip\" \/>\n<meta name=\"twitter:card\" content=\"summary_large_image\" \/>\n<meta name=\"twitter:label1\" content=\"Napisane przez\" \/>\n\t<meta name=\"twitter:data1\" content=\"Filip\" \/>\n\t<meta name=\"twitter:label2\" content=\"Szacowany czas czytania\" \/>\n\t<meta name=\"twitter:data2\" content=\"6 minut\" \/>\n<script type=\"application\/ld+json\" class=\"yoast-schema-graph\">{\"@context\":\"https:\/\/schema.org\",\"@graph\":[{\"@type\":\"Article\",\"@id\":\"https:\/\/www.pogotowieflagowe.pl\/aktualne\/co-tusk-zrobi-z-marszem-niepodleglosci-dawid-wildstein-o-mozliwych-prowokacjach-11-listopada\/#article\",\"isPartOf\":{\"@id\":\"https:\/\/www.pogotowieflagowe.pl\/aktualne\/co-tusk-zrobi-z-marszem-niepodleglosci-dawid-wildstein-o-mozliwych-prowokacjach-11-listopada\/\"},\"author\":{\"name\":\"Filip\",\"@id\":\"https:\/\/www.pogotowieflagowe.pl\/aktualne\/#\/schema\/person\/9c2fb7d2362ebf6fa088960d7f0d27b0\"},\"headline\":\"Co Tusk zrobi z Marszem Niepodleg\u0142o\u015bci? Dawid Wildstein o mo\u017cliwych prowokacjach 11 listopada\",\"datePublished\":\"2025-11-09T22:18:56+00:00\",\"dateModified\":\"2025-11-09T22:18:56+00:00\",\"mainEntityOfPage\":{\"@id\":\"https:\/\/www.pogotowieflagowe.pl\/aktualne\/co-tusk-zrobi-z-marszem-niepodleglosci-dawid-wildstein-o-mozliwych-prowokacjach-11-listopada\/\"},\"wordCount\":1239,\"commentCount\":0,\"publisher\":{\"@id\":\"https:\/\/www.pogotowieflagowe.pl\/aktualne\/#organization\"},\"image\":{\"@id\":\"https:\/\/www.pogotowieflagowe.pl\/aktualne\/co-tusk-zrobi-z-marszem-niepodleglosci-dawid-wildstein-o-mozliwych-prowokacjach-11-listopada\/#primaryimage\"},\"thumbnailUrl\":\"https:\/\/www.pogotowieflagowe.pl\/aktualne\/wp-content\/uploads\/2025\/11\/TV-Republika-patronem-medialnym-Marszu-Niepodleglosci-Prezes-stacji-komentuje.webp.webp\",\"keywords\":[\"Dawid\",\"listopada\",\"Marszem\",\"mo\u017cliwych\",\"Niepodleg\u0142o\u015bci\",\"prowokacjach\",\"Tusk\",\"Wildstein\",\"zrobi\"],\"articleSection\":[\"Aktualne\"],\"inLanguage\":\"pl-PL\",\"potentialAction\":[{\"@type\":\"CommentAction\",\"name\":\"Comment\",\"target\":[\"https:\/\/www.pogotowieflagowe.pl\/aktualne\/co-tusk-zrobi-z-marszem-niepodleglosci-dawid-wildstein-o-mozliwych-prowokacjach-11-listopada\/#respond\"]}]},{\"@type\":\"WebPage\",\"@id\":\"https:\/\/www.pogotowieflagowe.pl\/aktualne\/co-tusk-zrobi-z-marszem-niepodleglosci-dawid-wildstein-o-mozliwych-prowokacjach-11-listopada\/\",\"url\":\"https:\/\/www.pogotowieflagowe.pl\/aktualne\/co-tusk-zrobi-z-marszem-niepodleglosci-dawid-wildstein-o-mozliwych-prowokacjach-11-listopada\/\",\"name\":\"Co Tusk zrobi z Marszem Niepodleg\u0142o\u015bci? Dawid Wildstein o mo\u017cliwych prowokacjach 11 listopada - POGOTOWIE FLAGOWE\u00ae\",\"isPartOf\":{\"@id\":\"https:\/\/www.pogotowieflagowe.pl\/aktualne\/#website\"},\"primaryImageOfPage\":{\"@id\":\"https:\/\/www.pogotowieflagowe.pl\/aktualne\/co-tusk-zrobi-z-marszem-niepodleglosci-dawid-wildstein-o-mozliwych-prowokacjach-11-listopada\/#primaryimage\"},\"image\":{\"@id\":\"https:\/\/www.pogotowieflagowe.pl\/aktualne\/co-tusk-zrobi-z-marszem-niepodleglosci-dawid-wildstein-o-mozliwych-prowokacjach-11-listopada\/#primaryimage\"},\"thumbnailUrl\":\"https:\/\/www.pogotowieflagowe.pl\/aktualne\/wp-content\/uploads\/2025\/11\/TV-Republika-patronem-medialnym-Marszu-Niepodleglosci-Prezes-stacji-komentuje.webp.webp\",\"datePublished\":\"2025-11-09T22:18:56+00:00\",\"dateModified\":\"2025-11-09T22:18:56+00:00\",\"breadcrumb\":{\"@id\":\"https:\/\/www.pogotowieflagowe.pl\/aktualne\/co-tusk-zrobi-z-marszem-niepodleglosci-dawid-wildstein-o-mozliwych-prowokacjach-11-listopada\/#breadcrumb\"},\"inLanguage\":\"pl-PL\",\"potentialAction\":[{\"@type\":\"ReadAction\",\"target\":[\"https:\/\/www.pogotowieflagowe.pl\/aktualne\/co-tusk-zrobi-z-marszem-niepodleglosci-dawid-wildstein-o-mozliwych-prowokacjach-11-listopada\/\"]}]},{\"@type\":\"ImageObject\",\"inLanguage\":\"pl-PL\",\"@id\":\"https:\/\/www.pogotowieflagowe.pl\/aktualne\/co-tusk-zrobi-z-marszem-niepodleglosci-dawid-wildstein-o-mozliwych-prowokacjach-11-listopada\/#primaryimage\",\"url\":\"https:\/\/www.pogotowieflagowe.pl\/aktualne\/wp-content\/uploads\/2025\/11\/TV-Republika-patronem-medialnym-Marszu-Niepodleglosci-Prezes-stacji-komentuje.webp.webp\",\"contentUrl\":\"https:\/\/www.pogotowieflagowe.pl\/aktualne\/wp-content\/uploads\/2025\/11\/TV-Republika-patronem-medialnym-Marszu-Niepodleglosci-Prezes-stacji-komentuje.webp.webp\",\"width\":1280,\"height\":720,\"caption\":\"TV Republika patronem medialnym Marszu Niepodleg\u0142o\u015bci. Prezes stacji komentuje\"},{\"@type\":\"BreadcrumbList\",\"@id\":\"https:\/\/www.pogotowieflagowe.pl\/aktualne\/co-tusk-zrobi-z-marszem-niepodleglosci-dawid-wildstein-o-mozliwych-prowokacjach-11-listopada\/#breadcrumb\",\"itemListElement\":[{\"@type\":\"ListItem\",\"position\":1,\"name\":\"Home\",\"item\":\"https:\/\/www.pogotowieflagowe.pl\/aktualne\/\"},{\"@type\":\"ListItem\",\"position\":2,\"name\":\"Co Tusk zrobi z Marszem Niepodleg\u0142o\u015bci? Dawid Wildstein o mo\u017cliwych prowokacjach 11 listopada\"}]},{\"@type\":\"WebSite\",\"@id\":\"https:\/\/www.pogotowieflagowe.pl\/aktualne\/#website\",\"url\":\"https:\/\/www.pogotowieflagowe.pl\/aktualne\/\",\"name\":\"POGOTOWIE FLAGOWE\u00ae\",\"description\":\"\",\"publisher\":{\"@id\":\"https:\/\/www.pogotowieflagowe.pl\/aktualne\/#organization\"},\"potentialAction\":[{\"@type\":\"SearchAction\",\"target\":{\"@type\":\"EntryPoint\",\"urlTemplate\":\"https:\/\/www.pogotowieflagowe.pl\/aktualne\/?s={search_term_string}\"},\"query-input\":\"required name=search_term_string\"}],\"inLanguage\":\"pl-PL\"},{\"@type\":\"Organization\",\"@id\":\"https:\/\/www.pogotowieflagowe.pl\/aktualne\/#organization\",\"name\":\"POGOTOWIE FLAGOWE\u00ae\",\"url\":\"https:\/\/www.pogotowieflagowe.pl\/aktualne\/\",\"logo\":{\"@type\":\"ImageObject\",\"inLanguage\":\"pl-PL\",\"@id\":\"https:\/\/www.pogotowieflagowe.pl\/aktualne\/#\/schema\/logo\/image\/\",\"url\":\"https:\/\/www.pogotowieflagowe.pl\/aktualne\/wp-content\/uploads\/2024\/08\/cropped-pogotowieflagowe_flaga_projekt_sm.jpg\",\"contentUrl\":\"https:\/\/www.pogotowieflagowe.pl\/aktualne\/wp-content\/uploads\/2024\/08\/cropped-pogotowieflagowe_flaga_projekt_sm.jpg\",\"width\":250,\"height\":143,\"caption\":\"POGOTOWIE FLAGOWE\u00ae\"},\"image\":{\"@id\":\"https:\/\/www.pogotowieflagowe.pl\/aktualne\/#\/schema\/logo\/image\/\"}},{\"@type\":\"Person\",\"@id\":\"https:\/\/www.pogotowieflagowe.pl\/aktualne\/#\/schema\/person\/9c2fb7d2362ebf6fa088960d7f0d27b0\",\"name\":\"Filip\",\"image\":{\"@type\":\"ImageObject\",\"inLanguage\":\"pl-PL\",\"@id\":\"https:\/\/www.pogotowieflagowe.pl\/aktualne\/#\/schema\/person\/image\/\",\"url\":\"https:\/\/www.pogotowieflagowe.pl\/aktualne\/wp-content\/uploads\/2024\/08\/pogotowieflagowe.pl_.jpg\",\"contentUrl\":\"https:\/\/www.pogotowieflagowe.pl\/aktualne\/wp-content\/uploads\/2024\/08\/pogotowieflagowe.pl_.jpg\",\"caption\":\"Filip\"},\"description\":\"Jestem Filip, polski dziennikarz z dyplomem nauk politycznych Uniwersytetu Warszawskiego. Rozpoczynaj\u0105c swoj\u0105 karier\u0119 w r\u00f3\u017cnych lokalnych mediach, zdoby\u0142em solidne do\u015bwiadczenie w zakresie \u015bledztwa i redakcji. Obecnie jako redaktor w Pogotowie flagowe, staram si\u0119 dostarcza\u0107 dog\u0142\u0119bne i istotne analizy na temat najwa\u017cniejszych kwestii aktualno\u015bci, \u0142\u0105cz\u0105c rygor z pasj\u0105 dziennikarsk\u0105.\",\"sameAs\":[\"https:\/\/www.pogotowieflagowe.pl\/\"]}]}<\/script>\n<!-- \/ Yoast SEO plugin. -->","yoast_head_json":{"title":"Co Tusk zrobi z Marszem Niepodleg\u0142o\u015bci? Dawid Wildstein o mo\u017cliwych prowokacjach 11 listopada - POGOTOWIE FLAGOWE\u00ae","robots":{"index":"index","follow":"follow","max-snippet":"max-snippet:-1","max-image-preview":"max-image-preview:large","max-video-preview":"max-video-preview:-1"},"canonical":"https:\/\/www.pogotowieflagowe.pl\/aktualne\/co-tusk-zrobi-z-marszem-niepodleglosci-dawid-wildstein-o-mozliwych-prowokacjach-11-listopada\/","og_locale":"pl_PL","og_type":"article","og_title":"Co Tusk zrobi z Marszem Niepodleg\u0142o\u015bci? Dawid Wildstein o mo\u017cliwych prowokacjach 11 listopada - POGOTOWIE FLAGOWE\u00ae","og_description":"We wtorek zobaczymy kolejny Marsz Niepodleg\u0142o\u015bci. Przy tej okazji warto przypomnie\u0107, co dzia\u0142o si\u0119 wok\u00f3\u0142 tego wydarzenia w ci\u0105gu o\u015bmiu","og_url":"https:\/\/www.pogotowieflagowe.pl\/aktualne\/co-tusk-zrobi-z-marszem-niepodleglosci-dawid-wildstein-o-mozliwych-prowokacjach-11-listopada\/","og_site_name":"POGOTOWIE FLAGOWE\u00ae","article_published_time":"2025-11-09T22:18:56+00:00","og_image":[{"width":1280,"height":720,"url":"https:\/\/www.pogotowieflagowe.pl\/aktualne\/wp-content\/uploads\/2025\/11\/TV-Republika-patronem-medialnym-Marszu-Niepodleglosci-Prezes-stacji-komentuje.webp.webp","type":"image\/webp"}],"author":"Filip","twitter_card":"summary_large_image","twitter_misc":{"Napisane przez":"Filip","Szacowany czas czytania":"6 minut"},"schema":{"@context":"https:\/\/schema.org","@graph":[{"@type":"Article","@id":"https:\/\/www.pogotowieflagowe.pl\/aktualne\/co-tusk-zrobi-z-marszem-niepodleglosci-dawid-wildstein-o-mozliwych-prowokacjach-11-listopada\/#article","isPartOf":{"@id":"https:\/\/www.pogotowieflagowe.pl\/aktualne\/co-tusk-zrobi-z-marszem-niepodleglosci-dawid-wildstein-o-mozliwych-prowokacjach-11-listopada\/"},"author":{"name":"Filip","@id":"https:\/\/www.pogotowieflagowe.pl\/aktualne\/#\/schema\/person\/9c2fb7d2362ebf6fa088960d7f0d27b0"},"headline":"Co Tusk zrobi z Marszem Niepodleg\u0142o\u015bci? Dawid Wildstein o mo\u017cliwych prowokacjach 11 listopada","datePublished":"2025-11-09T22:18:56+00:00","dateModified":"2025-11-09T22:18:56+00:00","mainEntityOfPage":{"@id":"https:\/\/www.pogotowieflagowe.pl\/aktualne\/co-tusk-zrobi-z-marszem-niepodleglosci-dawid-wildstein-o-mozliwych-prowokacjach-11-listopada\/"},"wordCount":1239,"commentCount":0,"publisher":{"@id":"https:\/\/www.pogotowieflagowe.pl\/aktualne\/#organization"},"image":{"@id":"https:\/\/www.pogotowieflagowe.pl\/aktualne\/co-tusk-zrobi-z-marszem-niepodleglosci-dawid-wildstein-o-mozliwych-prowokacjach-11-listopada\/#primaryimage"},"thumbnailUrl":"https:\/\/www.pogotowieflagowe.pl\/aktualne\/wp-content\/uploads\/2025\/11\/TV-Republika-patronem-medialnym-Marszu-Niepodleglosci-Prezes-stacji-komentuje.webp.webp","keywords":["Dawid","listopada","Marszem","mo\u017cliwych","Niepodleg\u0142o\u015bci","prowokacjach","Tusk","Wildstein","zrobi"],"articleSection":["Aktualne"],"inLanguage":"pl-PL","potentialAction":[{"@type":"CommentAction","name":"Comment","target":["https:\/\/www.pogotowieflagowe.pl\/aktualne\/co-tusk-zrobi-z-marszem-niepodleglosci-dawid-wildstein-o-mozliwych-prowokacjach-11-listopada\/#respond"]}]},{"@type":"WebPage","@id":"https:\/\/www.pogotowieflagowe.pl\/aktualne\/co-tusk-zrobi-z-marszem-niepodleglosci-dawid-wildstein-o-mozliwych-prowokacjach-11-listopada\/","url":"https:\/\/www.pogotowieflagowe.pl\/aktualne\/co-tusk-zrobi-z-marszem-niepodleglosci-dawid-wildstein-o-mozliwych-prowokacjach-11-listopada\/","name":"Co Tusk zrobi z Marszem Niepodleg\u0142o\u015bci? Dawid Wildstein o mo\u017cliwych prowokacjach 11 listopada - POGOTOWIE FLAGOWE\u00ae","isPartOf":{"@id":"https:\/\/www.pogotowieflagowe.pl\/aktualne\/#website"},"primaryImageOfPage":{"@id":"https:\/\/www.pogotowieflagowe.pl\/aktualne\/co-tusk-zrobi-z-marszem-niepodleglosci-dawid-wildstein-o-mozliwych-prowokacjach-11-listopada\/#primaryimage"},"image":{"@id":"https:\/\/www.pogotowieflagowe.pl\/aktualne\/co-tusk-zrobi-z-marszem-niepodleglosci-dawid-wildstein-o-mozliwych-prowokacjach-11-listopada\/#primaryimage"},"thumbnailUrl":"https:\/\/www.pogotowieflagowe.pl\/aktualne\/wp-content\/uploads\/2025\/11\/TV-Republika-patronem-medialnym-Marszu-Niepodleglosci-Prezes-stacji-komentuje.webp.webp","datePublished":"2025-11-09T22:18:56+00:00","dateModified":"2025-11-09T22:18:56+00:00","breadcrumb":{"@id":"https:\/\/www.pogotowieflagowe.pl\/aktualne\/co-tusk-zrobi-z-marszem-niepodleglosci-dawid-wildstein-o-mozliwych-prowokacjach-11-listopada\/#breadcrumb"},"inLanguage":"pl-PL","potentialAction":[{"@type":"ReadAction","target":["https:\/\/www.pogotowieflagowe.pl\/aktualne\/co-tusk-zrobi-z-marszem-niepodleglosci-dawid-wildstein-o-mozliwych-prowokacjach-11-listopada\/"]}]},{"@type":"ImageObject","inLanguage":"pl-PL","@id":"https:\/\/www.pogotowieflagowe.pl\/aktualne\/co-tusk-zrobi-z-marszem-niepodleglosci-dawid-wildstein-o-mozliwych-prowokacjach-11-listopada\/#primaryimage","url":"https:\/\/www.pogotowieflagowe.pl\/aktualne\/wp-content\/uploads\/2025\/11\/TV-Republika-patronem-medialnym-Marszu-Niepodleglosci-Prezes-stacji-komentuje.webp.webp","contentUrl":"https:\/\/www.pogotowieflagowe.pl\/aktualne\/wp-content\/uploads\/2025\/11\/TV-Republika-patronem-medialnym-Marszu-Niepodleglosci-Prezes-stacji-komentuje.webp.webp","width":1280,"height":720,"caption":"TV Republika patronem medialnym Marszu Niepodleg\u0142o\u015bci. Prezes stacji komentuje"},{"@type":"BreadcrumbList","@id":"https:\/\/www.pogotowieflagowe.pl\/aktualne\/co-tusk-zrobi-z-marszem-niepodleglosci-dawid-wildstein-o-mozliwych-prowokacjach-11-listopada\/#breadcrumb","itemListElement":[{"@type":"ListItem","position":1,"name":"Home","item":"https:\/\/www.pogotowieflagowe.pl\/aktualne\/"},{"@type":"ListItem","position":2,"name":"Co Tusk zrobi z Marszem Niepodleg\u0142o\u015bci? Dawid Wildstein o mo\u017cliwych prowokacjach 11 listopada"}]},{"@type":"WebSite","@id":"https:\/\/www.pogotowieflagowe.pl\/aktualne\/#website","url":"https:\/\/www.pogotowieflagowe.pl\/aktualne\/","name":"POGOTOWIE FLAGOWE\u00ae","description":"","publisher":{"@id":"https:\/\/www.pogotowieflagowe.pl\/aktualne\/#organization"},"potentialAction":[{"@type":"SearchAction","target":{"@type":"EntryPoint","urlTemplate":"https:\/\/www.pogotowieflagowe.pl\/aktualne\/?s={search_term_string}"},"query-input":"required name=search_term_string"}],"inLanguage":"pl-PL"},{"@type":"Organization","@id":"https:\/\/www.pogotowieflagowe.pl\/aktualne\/#organization","name":"POGOTOWIE FLAGOWE\u00ae","url":"https:\/\/www.pogotowieflagowe.pl\/aktualne\/","logo":{"@type":"ImageObject","inLanguage":"pl-PL","@id":"https:\/\/www.pogotowieflagowe.pl\/aktualne\/#\/schema\/logo\/image\/","url":"https:\/\/www.pogotowieflagowe.pl\/aktualne\/wp-content\/uploads\/2024\/08\/cropped-pogotowieflagowe_flaga_projekt_sm.jpg","contentUrl":"https:\/\/www.pogotowieflagowe.pl\/aktualne\/wp-content\/uploads\/2024\/08\/cropped-pogotowieflagowe_flaga_projekt_sm.jpg","width":250,"height":143,"caption":"POGOTOWIE FLAGOWE\u00ae"},"image":{"@id":"https:\/\/www.pogotowieflagowe.pl\/aktualne\/#\/schema\/logo\/image\/"}},{"@type":"Person","@id":"https:\/\/www.pogotowieflagowe.pl\/aktualne\/#\/schema\/person\/9c2fb7d2362ebf6fa088960d7f0d27b0","name":"Filip","image":{"@type":"ImageObject","inLanguage":"pl-PL","@id":"https:\/\/www.pogotowieflagowe.pl\/aktualne\/#\/schema\/person\/image\/","url":"https:\/\/www.pogotowieflagowe.pl\/aktualne\/wp-content\/uploads\/2024\/08\/pogotowieflagowe.pl_.jpg","contentUrl":"https:\/\/www.pogotowieflagowe.pl\/aktualne\/wp-content\/uploads\/2024\/08\/pogotowieflagowe.pl_.jpg","caption":"Filip"},"description":"Jestem Filip, polski dziennikarz z dyplomem nauk politycznych Uniwersytetu Warszawskiego. Rozpoczynaj\u0105c swoj\u0105 karier\u0119 w r\u00f3\u017cnych lokalnych mediach, zdoby\u0142em solidne do\u015bwiadczenie w zakresie \u015bledztwa i redakcji. Obecnie jako redaktor w Pogotowie flagowe, staram si\u0119 dostarcza\u0107 dog\u0142\u0119bne i istotne analizy na temat najwa\u017cniejszych kwestii aktualno\u015bci, \u0142\u0105cz\u0105c rygor z pasj\u0105 dziennikarsk\u0105.","sameAs":["https:\/\/www.pogotowieflagowe.pl\/"]}]}},"_links":{"self":[{"href":"https:\/\/www.pogotowieflagowe.pl\/aktualne\/wp-json\/wp\/v2\/posts\/10362","targetHints":{"allow":["GET"]}}],"collection":[{"href":"https:\/\/www.pogotowieflagowe.pl\/aktualne\/wp-json\/wp\/v2\/posts"}],"about":[{"href":"https:\/\/www.pogotowieflagowe.pl\/aktualne\/wp-json\/wp\/v2\/types\/post"}],"author":[{"embeddable":true,"href":"https:\/\/www.pogotowieflagowe.pl\/aktualne\/wp-json\/wp\/v2\/users\/1"}],"replies":[{"embeddable":true,"href":"https:\/\/www.pogotowieflagowe.pl\/aktualne\/wp-json\/wp\/v2\/comments?post=10362"}],"version-history":[{"count":1,"href":"https:\/\/www.pogotowieflagowe.pl\/aktualne\/wp-json\/wp\/v2\/posts\/10362\/revisions"}],"predecessor-version":[{"id":10363,"href":"https:\/\/www.pogotowieflagowe.pl\/aktualne\/wp-json\/wp\/v2\/posts\/10362\/revisions\/10363"}],"wp:featuredmedia":[{"embeddable":true,"href":"https:\/\/www.pogotowieflagowe.pl\/aktualne\/wp-json\/wp\/v2\/media\/10111"}],"wp:attachment":[{"href":"https:\/\/www.pogotowieflagowe.pl\/aktualne\/wp-json\/wp\/v2\/media?parent=10362"}],"wp:term":[{"taxonomy":"category","embeddable":true,"href":"https:\/\/www.pogotowieflagowe.pl\/aktualne\/wp-json\/wp\/v2\/categories?post=10362"},{"taxonomy":"post_tag","embeddable":true,"href":"https:\/\/www.pogotowieflagowe.pl\/aktualne\/wp-json\/wp\/v2\/tags?post=10362"}],"curies":[{"name":"wp","href":"https:\/\/api.w.org\/{rel}","templated":true}]}}