{"id":10379,"date":"2025-11-10T09:22:06","date_gmt":"2025-11-10T08:22:06","guid":{"rendered":"https:\/\/www.pogotowieflagowe.pl\/aktualne\/oblawa-medialna-romanowski-twierdzi-ze-tusk-przegral-w-walce-z-przesladowaniami-polakow\/"},"modified":"2025-11-10T09:22:07","modified_gmt":"2025-11-10T08:22:07","slug":"oblawa-medialna-romanowski-twierdzi-ze-tusk-przegral-w-walce-z-przesladowaniami-polakow","status":"publish","type":"post","link":"https:\/\/www.pogotowieflagowe.pl\/aktualne\/oblawa-medialna-romanowski-twierdzi-ze-tusk-przegral-w-walce-z-przesladowaniami-polakow\/","title":{"rendered":"Ob\u0142awa medialna: Romanowski twierdzi, \u017ce Tusk \u201eprzegra\u0142\u201d w walce z prze\u015bladowaniami Polak\u00f3w"},"content":{"rendered":"\n<div class=\"td_block_wrap tdb_single_content tdi_41 td-pb-border-top td_block_template_8 td-post-content tagdiv-type\" data-td-block-uid=\"tdi_41\">\n<style>.tdi_41{margines-top:0px!important;margin-bottom:0px!important;dope\u0142nienie-g\u00f3ra:0px!important;dope\u0142nienie-d\u00f3\u0142:0px!important}<\/style>\n<style>.tdb_single_content{margin-bottom:0;*zoom:1}.tdb_single_content:before,.tdb_single_content:after{display:table;content:'';line-height:0}.tdb_single_content:after{clear:both}.tdb_single_content .tdb-block-inner>*:not(.wp-block-quote):not(.alignwide):not(.alignfull.wp-block-cover.has-parallax):not(.td-a-ad){margin-left:auto;margin-right:auto}.tdb_single_content a{pointer-events:auto}.tdb_single_content .td-spot-id-top_ad .tdc-placeholder-title:before{content:'Najlepsza reklama artyku\u0142u'!important}.tdb_single_content .td-spot-id-inline_ad0 .tdc-placeholder-title:before{content:'Reklama wbudowana artyku\u0142u 1'!important}.tdb_single_content .td-spot-id-inline_ad1 .tdc-placeholder-title:before{content:'Wbudowana reklama w artykule 2'!important}.tdb_single_content .td-spot-id-inline_ad2 .tdc-placeholder-title:before{content:'Wbudowana reklama w artykule 3'!important}.tdb_single_content .td-spot-id-bottom_ad .tdc-placeholder-title:before{content:'Article Bottom Ad'!important}.tdb_single_content .id_top_ad,.tdb_single_content .id_bottom_ad{clear:both;margin-bottom:21px;text-align:center}.tdb_single_content .id_top_ad img,.tdb_single_content .id_bottom_ad img{margin-bottom:0}.tdb_single_content .id_top_ad .adsbygoogle,.tdb_single_content .id_bottom_ad .adsbygoogle{position:relative}.tdb_single_content .id_ad_content-horiz-left,.tdb_single_content .id_ad_content-horiz-right,.tdb_single_content .id_ad_content-horiz-center{margin-bottom:15px}.tdb_single_content .id_ad_content-horiz-left img,.tdb_single_content .id_ad_content-horiz-right img,.tdb_single_content .id_ad_content-horiz-center img{margin-bottom:0}.tdb_single_content .id_ad_content-horiz-center{text-align:center}.tdb_single_content .id_ad_content-horiz-center img{margin-right:auto;margin-left:auto}.tdb_single_content .id_ad_content-horiz-left{float:left;margin-top:9px;margin-right:21px}.tdb_single_content .id_ad_content-horiz-right{float:right;margin-top:6px;margin-left:21px}.tdb_single_content .tdc-a-ad .tdc-placeholder-title{width:300px;height:250px}.tdb_single_content .tdc-a-ad .tdc-placeholder-title:before{position:absolute;top:50%;-webkit-transform:translateY(-50%);transform:translateY(-50%);margin:auto;display:table;width:100%}.tdb_single_content .tdb-block-inner.td-fix-index{word-break:break-word}.tdi_41,.tdi_41>p,.tdi_41 .tdb-block-inner>p,.wp-block-column>p{font-size:16px!important;line-height:1.6!important}.tdi_41 .tdb-block-inner blockquote p{font-style:normal!important}@media (max-width:767px){.tdb_single_content .id_ad_content-horiz-left,.tdb_single_content .id_ad_content-horiz-right,.tdb_single_content .id_ad_content-horiz-center{margin:0 auto 26 pikseli auto}}@media (max-width:767px){.tdb_single_content .id_ad_content-horiz-left{margin-right:0}}@media (max-width:767px){.tdb_single_content .id_ad_content-horiz-right{margin-left:0}}@media (max-width:767px){.tdb_single_content .td-a-ad{float:none;text-align:center}.tdb_single_content .td-a-ad img{margin-right:auto;margin-left:auto}.tdb_single_content .tdc-a-ad{float:none}}<\/style>\n<div class=\"tdb-block-inner td-fix-index\">\n<p>\u201eMy\u015bl\u0119, \u017ce premier Donald Tusk nie do ko\u0144ca radzi sobie z ob\u0142awami na Polak\u00f3w\u201d \u2013 powiedzia\u0142 by\u0142y wiceminister sprawiedliwo\u015bci i pose\u0142 PiS Marcin Romanowski. Komentowa\u0142 dzia\u0142ania w\u0142adz rz\u0105dz\u0105cych wymierzone w polityk\u00f3w opozycji.<\/p>\n<figure class=\"wp-block-pullquote\">\n<blockquote>\n<p>&#8222;W Budapeszcie trwa ob\u0142awa medi\u00f3w g\u0142\u00f3wnego nurtu na Zbigniewa Ziobr\u0119. Kilka minut po transmisji na \u017cywo z Marcinem Romanowskim nagle pojawi\u0142y si\u0119 kamery. Minister wdar\u0142 si\u0119 na premiera, m\u00f3wi\u0105c, \u017ce nie wie, jak sobie poradzi\u0107 z ob\u0142aw\u0105&#8221; <\/p>\n<p><cite>\u2013 relacjonuje dziennikarz TV Republika \u0141ukasz \u017bmuda.<\/cite><\/p><\/blockquote>\n<\/figure>\n<figure class=\"wp-block-embed is-type-rich is-provider-twitter wp-block-embed-twitter\">\n<div class=\"wp-block-embed__wrapper\">\n<blockquote class=\"twitter-tweet\" data-width=\"550\" data-dnt=\"true\">\n<p lang=\"pl\" dir=\"ltr\">Trwa medialna ob\u0142awa mainstreamu na Zbigniewa Ziobro w Budapeszcie. Kilka minut po wej\u015bciu na \u017cywo z <a rel=\"nofollow\" href=\"https:\/\/twitter.com\/RomanowskiPL?ref_src=twsrc%5Etfw\">@RomanowskiPL<\/a>  nagle pojawiaj\u0105 si\u0119 kamery. Minister zrobi\u0142 sobie ork\u0119 na premierze, rozumiej\u0105c, \u017ce nie umie w ob\u0142awy.<a rel=\"nofollow\" href=\"https:\/\/twitter.com\/RepublikaTV?ref_src=twsrc%5Etfw\">@RepublikaTV<\/a> <a rel=\"nofollow\" href=\"https:\/\/t.co\/reLAtKlc0i\">pic.twitter.com\/reLAtKlc0i<\/a><\/p>\n<p>\u2014 \u0141ukasz \u017bmuda (@eLZmuda) <a rel=\"nofollow\" href=\"https:\/\/twitter.com\/eLZmuda\/status\/1987514641853882712?ref_src=twsrc%5Etfw\">9 listopada 2025 r<\/a><\/p><\/blockquote>\n<\/div>\n<\/figure>\n<p>By\u0142y wiceminister sprawiedliwo\u015bci zosta\u0142 zapytany na ulicy w Budapeszcie, co s\u0105dzi o s\u0142ynnych ju\u017c s\u0142owach Zbigniewa Ziobry z pocz\u0105tku kadencji, kiedy Ziobro zwraca\u0142 si\u0119 do polityk\u00f3w koalicji rz\u0105dz\u0105cej, wyra\u017caj\u0105c nadziej\u0119, \u017ce nie oka\u017c\u0105 si\u0119 oni \u201eprzegranymi\u201d.<\/p>\n<figure class=\"wp-block-pullquote\">\n<blockquote>\n<p>&#8222;My\u015bl\u0119, \u017ce premier Donald Tusk nie do ko\u0144ca radzi sobie z tymi ob\u0142awami na Polak\u00f3w. My\u015bl\u0119, \u017ce pan Maksymilian Schnepf nie by\u0142by z niego dumny, wi\u0119c w tym sensie tak \u2013 mo\u017cna powiedzie\u0107, \u017ce jest przegranym&#8221; <\/p>\n<p><cite>\u2013 odpowiedzia\u0142 Romanowski.<\/cite><\/p><\/blockquote>\n<\/figure>\n<p>W ubieg\u0142ym roku rz\u0105d w\u0119gierski udzieli\u0142 pos\u0142owi PiS Marcinowi Romanowskiemu ochrony mi\u0119dzynarodowej na mocy ustawy o azylu z 2007 roku. Jest \u015bcigany przez polsk\u0105 prokuratur\u0119 w zwi\u0105zku ze spraw\u0105 Fundusz Sprawiedliwo\u015bci, w trakcie kt\u00f3rej zosta\u0142 nawet bezprawnie przetrzymywany, gdy\u017c posiada\u0142 wa\u017cny immunitet Zgromadzenia Parlamentarnego Rady Europy, a s\u0105d nakaza\u0142 jego zwolnienie.<\/p>\n<p>W grudniu ubieg\u0142ego roku S\u0105d Okr\u0119gowy w Warszawie wyda\u0142 Europejski Nakaz Aresztowania dla Romanowskiego. W\u0142adze w\u0119gierskie stwierdzi\u0142y jednak, \u017ce pose\u0142 PiS ma status uchod\u017acy i mo\u017ce korzysta\u0107 z prawa do swobodnego przemieszczania si\u0119 na terenie W\u0119gier. M\u00f3wi si\u0119, \u017ce obecnie w Budapeszcie przebywa tak\u017ce Zbigniew Ziobro, kt\u00f3ry sta\u0142 si\u0119 kolejnym celem w\u0142adz rz\u0105dz\u0105cych. Prokuratura wyda\u0142a ju\u017c decyzj\u0119 o postawieniu mu zarzut\u00f3w, tak\u017ce w zwi\u0105zku ze spraw\u0105 Funduszu Sprawiedliwo\u015bci.<\/p>\n<\/div>\n<\/div>\n<p><script async src=\"https:\/\/platform.twitter.com\/widgets.js\" charset=\"utf-8\"><\/script><\/p>\n","protected":false},"excerpt":{"rendered":"<p>\u201eMy\u015bl\u0119, \u017ce premier Donald Tusk nie do ko\u0144ca radzi sobie z ob\u0142awami na Polak\u00f3w\u201d \u2013 powiedzia\u0142 by\u0142y wiceminister sprawiedliwo\u015bci i<\/p>\n","protected":false},"author":1,"featured_media":10380,"comment_status":"open","ping_status":"open","sticky":false,"template":"","format":"standard","meta":{"footnotes":""},"categories":[4748],"tags":[3161,11864,194,1621,11865,5247,221,4533,207,453],"class_list":["post-10379","post","type-post","status-publish","format-standard","has-post-thumbnail","hentry","category-aktualne","tag-medialna","tag-oblawa","tag-polakow","tag-przegral","tag-przesladowaniami","tag-romanowski","tag-tusk","tag-twierdzi","tag-walce","tag-ze","generate-columns","tablet-grid-50","mobile-grid-100","grid-parent","grid-50","resize-featured-image"],"yoast_head":"<!-- This site is optimized with the Yoast SEO plugin v23.2 - https:\/\/yoast.com\/wordpress\/plugins\/seo\/ -->\n<title>Ob\u0142awa medialna: Romanowski twierdzi, \u017ce Tusk \u201eprzegra\u0142\u201d w walce z prze\u015bladowaniami Polak\u00f3w - POGOTOWIE FLAGOWE\u00ae<\/title>\n<meta name=\"robots\" content=\"index, follow, max-snippet:-1, max-image-preview:large, max-video-preview:-1\" \/>\n<link rel=\"canonical\" href=\"https:\/\/www.pogotowieflagowe.pl\/aktualne\/oblawa-medialna-romanowski-twierdzi-ze-tusk-przegral-w-walce-z-przesladowaniami-polakow\/\" \/>\n<meta property=\"og:locale\" content=\"pl_PL\" \/>\n<meta property=\"og:type\" content=\"article\" \/>\n<meta property=\"og:title\" content=\"Ob\u0142awa medialna: Romanowski twierdzi, \u017ce Tusk \u201eprzegra\u0142\u201d w walce z prze\u015bladowaniami Polak\u00f3w - POGOTOWIE FLAGOWE\u00ae\" \/>\n<meta property=\"og:description\" content=\"\u201eMy\u015bl\u0119, \u017ce premier Donald Tusk nie do ko\u0144ca radzi sobie z ob\u0142awami na Polak\u00f3w\u201d \u2013 powiedzia\u0142 by\u0142y wiceminister sprawiedliwo\u015bci i\" \/>\n<meta property=\"og:url\" content=\"https:\/\/www.pogotowieflagowe.pl\/aktualne\/oblawa-medialna-romanowski-twierdzi-ze-tusk-przegral-w-walce-z-przesladowaniami-polakow\/\" \/>\n<meta property=\"og:site_name\" content=\"POGOTOWIE FLAGOWE\u00ae\" \/>\n<meta property=\"article:published_time\" content=\"2025-11-10T08:22:06+00:00\" \/>\n<meta property=\"article:modified_time\" content=\"2025-11-10T08:22:07+00:00\" \/>\n<meta property=\"og:image\" content=\"https:\/\/www.pogotowieflagowe.pl\/aktualne\/wp-content\/uploads\/2025\/11\/Oblawa-medialna-Romanowski-twierdzi-ze-Tusk-\u201eprzegral-w-walce-z.webp.webp\" \/>\n\t<meta property=\"og:image:width\" content=\"1280\" \/>\n\t<meta property=\"og:image:height\" content=\"720\" \/>\n\t<meta property=\"og:image:type\" content=\"image\/webp\" \/>\n<meta name=\"author\" content=\"Filip\" \/>\n<meta name=\"twitter:card\" content=\"summary_large_image\" \/>\n<meta name=\"twitter:label1\" content=\"Napisane przez\" \/>\n\t<meta name=\"twitter:data1\" content=\"Filip\" \/>\n\t<meta name=\"twitter:label2\" content=\"Szacowany czas czytania\" \/>\n\t<meta name=\"twitter:data2\" content=\"2 minuty\" \/>\n<script type=\"application\/ld+json\" class=\"yoast-schema-graph\">{\"@context\":\"https:\/\/schema.org\",\"@graph\":[{\"@type\":\"Article\",\"@id\":\"https:\/\/www.pogotowieflagowe.pl\/aktualne\/oblawa-medialna-romanowski-twierdzi-ze-tusk-przegral-w-walce-z-przesladowaniami-polakow\/#article\",\"isPartOf\":{\"@id\":\"https:\/\/www.pogotowieflagowe.pl\/aktualne\/oblawa-medialna-romanowski-twierdzi-ze-tusk-przegral-w-walce-z-przesladowaniami-polakow\/\"},\"author\":{\"name\":\"Filip\",\"@id\":\"https:\/\/www.pogotowieflagowe.pl\/aktualne\/#\/schema\/person\/9c2fb7d2362ebf6fa088960d7f0d27b0\"},\"headline\":\"Ob\u0142awa medialna: Romanowski twierdzi, \u017ce Tusk \u201eprzegra\u0142\u201d w walce z prze\u015bladowaniami Polak\u00f3w\",\"datePublished\":\"2025-11-10T08:22:06+00:00\",\"dateModified\":\"2025-11-10T08:22:07+00:00\",\"mainEntityOfPage\":{\"@id\":\"https:\/\/www.pogotowieflagowe.pl\/aktualne\/oblawa-medialna-romanowski-twierdzi-ze-tusk-przegral-w-walce-z-przesladowaniami-polakow\/\"},\"wordCount\":395,\"commentCount\":0,\"publisher\":{\"@id\":\"https:\/\/www.pogotowieflagowe.pl\/aktualne\/#organization\"},\"image\":{\"@id\":\"https:\/\/www.pogotowieflagowe.pl\/aktualne\/oblawa-medialna-romanowski-twierdzi-ze-tusk-przegral-w-walce-z-przesladowaniami-polakow\/#primaryimage\"},\"thumbnailUrl\":\"https:\/\/www.pogotowieflagowe.pl\/aktualne\/wp-content\/uploads\/2025\/11\/Oblawa-medialna-Romanowski-twierdzi-ze-Tusk-\u201eprzegral-w-walce-z.webp.webp\",\"keywords\":[\"medialna\",\"Ob\u0142awa\",\"Polak\u00f3w\",\"przegra\u0142\",\"prze\u015bladowaniami\",\"Romanowski\",\"Tusk\",\"twierdzi\",\"walce\",\"\u017ce\"],\"articleSection\":[\"Aktualne\"],\"inLanguage\":\"pl-PL\",\"potentialAction\":[{\"@type\":\"CommentAction\",\"name\":\"Comment\",\"target\":[\"https:\/\/www.pogotowieflagowe.pl\/aktualne\/oblawa-medialna-romanowski-twierdzi-ze-tusk-przegral-w-walce-z-przesladowaniami-polakow\/#respond\"]}]},{\"@type\":\"WebPage\",\"@id\":\"https:\/\/www.pogotowieflagowe.pl\/aktualne\/oblawa-medialna-romanowski-twierdzi-ze-tusk-przegral-w-walce-z-przesladowaniami-polakow\/\",\"url\":\"https:\/\/www.pogotowieflagowe.pl\/aktualne\/oblawa-medialna-romanowski-twierdzi-ze-tusk-przegral-w-walce-z-przesladowaniami-polakow\/\",\"name\":\"Ob\u0142awa medialna: Romanowski twierdzi, \u017ce Tusk \u201eprzegra\u0142\u201d w walce z prze\u015bladowaniami Polak\u00f3w - POGOTOWIE FLAGOWE\u00ae\",\"isPartOf\":{\"@id\":\"https:\/\/www.pogotowieflagowe.pl\/aktualne\/#website\"},\"primaryImageOfPage\":{\"@id\":\"https:\/\/www.pogotowieflagowe.pl\/aktualne\/oblawa-medialna-romanowski-twierdzi-ze-tusk-przegral-w-walce-z-przesladowaniami-polakow\/#primaryimage\"},\"image\":{\"@id\":\"https:\/\/www.pogotowieflagowe.pl\/aktualne\/oblawa-medialna-romanowski-twierdzi-ze-tusk-przegral-w-walce-z-przesladowaniami-polakow\/#primaryimage\"},\"thumbnailUrl\":\"https:\/\/www.pogotowieflagowe.pl\/aktualne\/wp-content\/uploads\/2025\/11\/Oblawa-medialna-Romanowski-twierdzi-ze-Tusk-\u201eprzegral-w-walce-z.webp.webp\",\"datePublished\":\"2025-11-10T08:22:06+00:00\",\"dateModified\":\"2025-11-10T08:22:07+00:00\",\"breadcrumb\":{\"@id\":\"https:\/\/www.pogotowieflagowe.pl\/aktualne\/oblawa-medialna-romanowski-twierdzi-ze-tusk-przegral-w-walce-z-przesladowaniami-polakow\/#breadcrumb\"},\"inLanguage\":\"pl-PL\",\"potentialAction\":[{\"@type\":\"ReadAction\",\"target\":[\"https:\/\/www.pogotowieflagowe.pl\/aktualne\/oblawa-medialna-romanowski-twierdzi-ze-tusk-przegral-w-walce-z-przesladowaniami-polakow\/\"]}]},{\"@type\":\"ImageObject\",\"inLanguage\":\"pl-PL\",\"@id\":\"https:\/\/www.pogotowieflagowe.pl\/aktualne\/oblawa-medialna-romanowski-twierdzi-ze-tusk-przegral-w-walce-z-przesladowaniami-polakow\/#primaryimage\",\"url\":\"https:\/\/www.pogotowieflagowe.pl\/aktualne\/wp-content\/uploads\/2025\/11\/Oblawa-medialna-Romanowski-twierdzi-ze-Tusk-\u201eprzegral-w-walce-z.webp.webp\",\"contentUrl\":\"https:\/\/www.pogotowieflagowe.pl\/aktualne\/wp-content\/uploads\/2025\/11\/Oblawa-medialna-Romanowski-twierdzi-ze-Tusk-\u201eprzegral-w-walce-z.webp.webp\",\"width\":1280,\"height\":720,\"caption\":\"Ob\u0142awa medialna: Romanowski twierdzi, \u017ce Tusk \u201eprzegra\u0142\u201d w walce z prze\u015bladowaniami Polak\u00f3w\"},{\"@type\":\"BreadcrumbList\",\"@id\":\"https:\/\/www.pogotowieflagowe.pl\/aktualne\/oblawa-medialna-romanowski-twierdzi-ze-tusk-przegral-w-walce-z-przesladowaniami-polakow\/#breadcrumb\",\"itemListElement\":[{\"@type\":\"ListItem\",\"position\":1,\"name\":\"Home\",\"item\":\"https:\/\/www.pogotowieflagowe.pl\/aktualne\/\"},{\"@type\":\"ListItem\",\"position\":2,\"name\":\"Ob\u0142awa medialna: Romanowski twierdzi, \u017ce Tusk \u201eprzegra\u0142\u201d w walce z prze\u015bladowaniami Polak\u00f3w\"}]},{\"@type\":\"WebSite\",\"@id\":\"https:\/\/www.pogotowieflagowe.pl\/aktualne\/#website\",\"url\":\"https:\/\/www.pogotowieflagowe.pl\/aktualne\/\",\"name\":\"POGOTOWIE FLAGOWE\u00ae\",\"description\":\"\",\"publisher\":{\"@id\":\"https:\/\/www.pogotowieflagowe.pl\/aktualne\/#organization\"},\"potentialAction\":[{\"@type\":\"SearchAction\",\"target\":{\"@type\":\"EntryPoint\",\"urlTemplate\":\"https:\/\/www.pogotowieflagowe.pl\/aktualne\/?s={search_term_string}\"},\"query-input\":\"required name=search_term_string\"}],\"inLanguage\":\"pl-PL\"},{\"@type\":\"Organization\",\"@id\":\"https:\/\/www.pogotowieflagowe.pl\/aktualne\/#organization\",\"name\":\"POGOTOWIE FLAGOWE\u00ae\",\"url\":\"https:\/\/www.pogotowieflagowe.pl\/aktualne\/\",\"logo\":{\"@type\":\"ImageObject\",\"inLanguage\":\"pl-PL\",\"@id\":\"https:\/\/www.pogotowieflagowe.pl\/aktualne\/#\/schema\/logo\/image\/\",\"url\":\"https:\/\/www.pogotowieflagowe.pl\/aktualne\/wp-content\/uploads\/2024\/08\/cropped-pogotowieflagowe_flaga_projekt_sm.jpg\",\"contentUrl\":\"https:\/\/www.pogotowieflagowe.pl\/aktualne\/wp-content\/uploads\/2024\/08\/cropped-pogotowieflagowe_flaga_projekt_sm.jpg\",\"width\":250,\"height\":143,\"caption\":\"POGOTOWIE FLAGOWE\u00ae\"},\"image\":{\"@id\":\"https:\/\/www.pogotowieflagowe.pl\/aktualne\/#\/schema\/logo\/image\/\"}},{\"@type\":\"Person\",\"@id\":\"https:\/\/www.pogotowieflagowe.pl\/aktualne\/#\/schema\/person\/9c2fb7d2362ebf6fa088960d7f0d27b0\",\"name\":\"Filip\",\"image\":{\"@type\":\"ImageObject\",\"inLanguage\":\"pl-PL\",\"@id\":\"https:\/\/www.pogotowieflagowe.pl\/aktualne\/#\/schema\/person\/image\/\",\"url\":\"https:\/\/www.pogotowieflagowe.pl\/aktualne\/wp-content\/uploads\/2024\/08\/pogotowieflagowe.pl_.jpg\",\"contentUrl\":\"https:\/\/www.pogotowieflagowe.pl\/aktualne\/wp-content\/uploads\/2024\/08\/pogotowieflagowe.pl_.jpg\",\"caption\":\"Filip\"},\"description\":\"Jestem Filip, polski dziennikarz z dyplomem nauk politycznych Uniwersytetu Warszawskiego. Rozpoczynaj\u0105c swoj\u0105 karier\u0119 w r\u00f3\u017cnych lokalnych mediach, zdoby\u0142em solidne do\u015bwiadczenie w zakresie \u015bledztwa i redakcji. Obecnie jako redaktor w Pogotowie flagowe, staram si\u0119 dostarcza\u0107 dog\u0142\u0119bne i istotne analizy na temat najwa\u017cniejszych kwestii aktualno\u015bci, \u0142\u0105cz\u0105c rygor z pasj\u0105 dziennikarsk\u0105.\",\"sameAs\":[\"https:\/\/www.pogotowieflagowe.pl\/\"]}]}<\/script>\n<!-- \/ Yoast SEO plugin. -->","yoast_head_json":{"title":"Ob\u0142awa medialna: Romanowski twierdzi, \u017ce Tusk \u201eprzegra\u0142\u201d w walce z prze\u015bladowaniami Polak\u00f3w - POGOTOWIE FLAGOWE\u00ae","robots":{"index":"index","follow":"follow","max-snippet":"max-snippet:-1","max-image-preview":"max-image-preview:large","max-video-preview":"max-video-preview:-1"},"canonical":"https:\/\/www.pogotowieflagowe.pl\/aktualne\/oblawa-medialna-romanowski-twierdzi-ze-tusk-przegral-w-walce-z-przesladowaniami-polakow\/","og_locale":"pl_PL","og_type":"article","og_title":"Ob\u0142awa medialna: Romanowski twierdzi, \u017ce Tusk \u201eprzegra\u0142\u201d w walce z prze\u015bladowaniami Polak\u00f3w - POGOTOWIE FLAGOWE\u00ae","og_description":"\u201eMy\u015bl\u0119, \u017ce premier Donald Tusk nie do ko\u0144ca radzi sobie z ob\u0142awami na Polak\u00f3w\u201d \u2013 powiedzia\u0142 by\u0142y wiceminister sprawiedliwo\u015bci i","og_url":"https:\/\/www.pogotowieflagowe.pl\/aktualne\/oblawa-medialna-romanowski-twierdzi-ze-tusk-przegral-w-walce-z-przesladowaniami-polakow\/","og_site_name":"POGOTOWIE FLAGOWE\u00ae","article_published_time":"2025-11-10T08:22:06+00:00","article_modified_time":"2025-11-10T08:22:07+00:00","og_image":[{"width":1280,"height":720,"url":"https:\/\/www.pogotowieflagowe.pl\/aktualne\/wp-content\/uploads\/2025\/11\/Oblawa-medialna-Romanowski-twierdzi-ze-Tusk-\u201eprzegral-w-walce-z.webp.webp","type":"image\/webp"}],"author":"Filip","twitter_card":"summary_large_image","twitter_misc":{"Napisane przez":"Filip","Szacowany czas czytania":"2 minuty"},"schema":{"@context":"https:\/\/schema.org","@graph":[{"@type":"Article","@id":"https:\/\/www.pogotowieflagowe.pl\/aktualne\/oblawa-medialna-romanowski-twierdzi-ze-tusk-przegral-w-walce-z-przesladowaniami-polakow\/#article","isPartOf":{"@id":"https:\/\/www.pogotowieflagowe.pl\/aktualne\/oblawa-medialna-romanowski-twierdzi-ze-tusk-przegral-w-walce-z-przesladowaniami-polakow\/"},"author":{"name":"Filip","@id":"https:\/\/www.pogotowieflagowe.pl\/aktualne\/#\/schema\/person\/9c2fb7d2362ebf6fa088960d7f0d27b0"},"headline":"Ob\u0142awa medialna: Romanowski twierdzi, \u017ce Tusk \u201eprzegra\u0142\u201d w walce z prze\u015bladowaniami Polak\u00f3w","datePublished":"2025-11-10T08:22:06+00:00","dateModified":"2025-11-10T08:22:07+00:00","mainEntityOfPage":{"@id":"https:\/\/www.pogotowieflagowe.pl\/aktualne\/oblawa-medialna-romanowski-twierdzi-ze-tusk-przegral-w-walce-z-przesladowaniami-polakow\/"},"wordCount":395,"commentCount":0,"publisher":{"@id":"https:\/\/www.pogotowieflagowe.pl\/aktualne\/#organization"},"image":{"@id":"https:\/\/www.pogotowieflagowe.pl\/aktualne\/oblawa-medialna-romanowski-twierdzi-ze-tusk-przegral-w-walce-z-przesladowaniami-polakow\/#primaryimage"},"thumbnailUrl":"https:\/\/www.pogotowieflagowe.pl\/aktualne\/wp-content\/uploads\/2025\/11\/Oblawa-medialna-Romanowski-twierdzi-ze-Tusk-\u201eprzegral-w-walce-z.webp.webp","keywords":["medialna","Ob\u0142awa","Polak\u00f3w","przegra\u0142","prze\u015bladowaniami","Romanowski","Tusk","twierdzi","walce","\u017ce"],"articleSection":["Aktualne"],"inLanguage":"pl-PL","potentialAction":[{"@type":"CommentAction","name":"Comment","target":["https:\/\/www.pogotowieflagowe.pl\/aktualne\/oblawa-medialna-romanowski-twierdzi-ze-tusk-przegral-w-walce-z-przesladowaniami-polakow\/#respond"]}]},{"@type":"WebPage","@id":"https:\/\/www.pogotowieflagowe.pl\/aktualne\/oblawa-medialna-romanowski-twierdzi-ze-tusk-przegral-w-walce-z-przesladowaniami-polakow\/","url":"https:\/\/www.pogotowieflagowe.pl\/aktualne\/oblawa-medialna-romanowski-twierdzi-ze-tusk-przegral-w-walce-z-przesladowaniami-polakow\/","name":"Ob\u0142awa medialna: Romanowski twierdzi, \u017ce Tusk \u201eprzegra\u0142\u201d w walce z prze\u015bladowaniami Polak\u00f3w - POGOTOWIE FLAGOWE\u00ae","isPartOf":{"@id":"https:\/\/www.pogotowieflagowe.pl\/aktualne\/#website"},"primaryImageOfPage":{"@id":"https:\/\/www.pogotowieflagowe.pl\/aktualne\/oblawa-medialna-romanowski-twierdzi-ze-tusk-przegral-w-walce-z-przesladowaniami-polakow\/#primaryimage"},"image":{"@id":"https:\/\/www.pogotowieflagowe.pl\/aktualne\/oblawa-medialna-romanowski-twierdzi-ze-tusk-przegral-w-walce-z-przesladowaniami-polakow\/#primaryimage"},"thumbnailUrl":"https:\/\/www.pogotowieflagowe.pl\/aktualne\/wp-content\/uploads\/2025\/11\/Oblawa-medialna-Romanowski-twierdzi-ze-Tusk-\u201eprzegral-w-walce-z.webp.webp","datePublished":"2025-11-10T08:22:06+00:00","dateModified":"2025-11-10T08:22:07+00:00","breadcrumb":{"@id":"https:\/\/www.pogotowieflagowe.pl\/aktualne\/oblawa-medialna-romanowski-twierdzi-ze-tusk-przegral-w-walce-z-przesladowaniami-polakow\/#breadcrumb"},"inLanguage":"pl-PL","potentialAction":[{"@type":"ReadAction","target":["https:\/\/www.pogotowieflagowe.pl\/aktualne\/oblawa-medialna-romanowski-twierdzi-ze-tusk-przegral-w-walce-z-przesladowaniami-polakow\/"]}]},{"@type":"ImageObject","inLanguage":"pl-PL","@id":"https:\/\/www.pogotowieflagowe.pl\/aktualne\/oblawa-medialna-romanowski-twierdzi-ze-tusk-przegral-w-walce-z-przesladowaniami-polakow\/#primaryimage","url":"https:\/\/www.pogotowieflagowe.pl\/aktualne\/wp-content\/uploads\/2025\/11\/Oblawa-medialna-Romanowski-twierdzi-ze-Tusk-\u201eprzegral-w-walce-z.webp.webp","contentUrl":"https:\/\/www.pogotowieflagowe.pl\/aktualne\/wp-content\/uploads\/2025\/11\/Oblawa-medialna-Romanowski-twierdzi-ze-Tusk-\u201eprzegral-w-walce-z.webp.webp","width":1280,"height":720,"caption":"Ob\u0142awa medialna: Romanowski twierdzi, \u017ce Tusk \u201eprzegra\u0142\u201d w walce z prze\u015bladowaniami Polak\u00f3w"},{"@type":"BreadcrumbList","@id":"https:\/\/www.pogotowieflagowe.pl\/aktualne\/oblawa-medialna-romanowski-twierdzi-ze-tusk-przegral-w-walce-z-przesladowaniami-polakow\/#breadcrumb","itemListElement":[{"@type":"ListItem","position":1,"name":"Home","item":"https:\/\/www.pogotowieflagowe.pl\/aktualne\/"},{"@type":"ListItem","position":2,"name":"Ob\u0142awa medialna: Romanowski twierdzi, \u017ce Tusk \u201eprzegra\u0142\u201d w walce z prze\u015bladowaniami Polak\u00f3w"}]},{"@type":"WebSite","@id":"https:\/\/www.pogotowieflagowe.pl\/aktualne\/#website","url":"https:\/\/www.pogotowieflagowe.pl\/aktualne\/","name":"POGOTOWIE FLAGOWE\u00ae","description":"","publisher":{"@id":"https:\/\/www.pogotowieflagowe.pl\/aktualne\/#organization"},"potentialAction":[{"@type":"SearchAction","target":{"@type":"EntryPoint","urlTemplate":"https:\/\/www.pogotowieflagowe.pl\/aktualne\/?s={search_term_string}"},"query-input":"required name=search_term_string"}],"inLanguage":"pl-PL"},{"@type":"Organization","@id":"https:\/\/www.pogotowieflagowe.pl\/aktualne\/#organization","name":"POGOTOWIE FLAGOWE\u00ae","url":"https:\/\/www.pogotowieflagowe.pl\/aktualne\/","logo":{"@type":"ImageObject","inLanguage":"pl-PL","@id":"https:\/\/www.pogotowieflagowe.pl\/aktualne\/#\/schema\/logo\/image\/","url":"https:\/\/www.pogotowieflagowe.pl\/aktualne\/wp-content\/uploads\/2024\/08\/cropped-pogotowieflagowe_flaga_projekt_sm.jpg","contentUrl":"https:\/\/www.pogotowieflagowe.pl\/aktualne\/wp-content\/uploads\/2024\/08\/cropped-pogotowieflagowe_flaga_projekt_sm.jpg","width":250,"height":143,"caption":"POGOTOWIE FLAGOWE\u00ae"},"image":{"@id":"https:\/\/www.pogotowieflagowe.pl\/aktualne\/#\/schema\/logo\/image\/"}},{"@type":"Person","@id":"https:\/\/www.pogotowieflagowe.pl\/aktualne\/#\/schema\/person\/9c2fb7d2362ebf6fa088960d7f0d27b0","name":"Filip","image":{"@type":"ImageObject","inLanguage":"pl-PL","@id":"https:\/\/www.pogotowieflagowe.pl\/aktualne\/#\/schema\/person\/image\/","url":"https:\/\/www.pogotowieflagowe.pl\/aktualne\/wp-content\/uploads\/2024\/08\/pogotowieflagowe.pl_.jpg","contentUrl":"https:\/\/www.pogotowieflagowe.pl\/aktualne\/wp-content\/uploads\/2024\/08\/pogotowieflagowe.pl_.jpg","caption":"Filip"},"description":"Jestem Filip, polski dziennikarz z dyplomem nauk politycznych Uniwersytetu Warszawskiego. Rozpoczynaj\u0105c swoj\u0105 karier\u0119 w r\u00f3\u017cnych lokalnych mediach, zdoby\u0142em solidne do\u015bwiadczenie w zakresie \u015bledztwa i redakcji. Obecnie jako redaktor w Pogotowie flagowe, staram si\u0119 dostarcza\u0107 dog\u0142\u0119bne i istotne analizy na temat najwa\u017cniejszych kwestii aktualno\u015bci, \u0142\u0105cz\u0105c rygor z pasj\u0105 dziennikarsk\u0105.","sameAs":["https:\/\/www.pogotowieflagowe.pl\/"]}]}},"_links":{"self":[{"href":"https:\/\/www.pogotowieflagowe.pl\/aktualne\/wp-json\/wp\/v2\/posts\/10379","targetHints":{"allow":["GET"]}}],"collection":[{"href":"https:\/\/www.pogotowieflagowe.pl\/aktualne\/wp-json\/wp\/v2\/posts"}],"about":[{"href":"https:\/\/www.pogotowieflagowe.pl\/aktualne\/wp-json\/wp\/v2\/types\/post"}],"author":[{"embeddable":true,"href":"https:\/\/www.pogotowieflagowe.pl\/aktualne\/wp-json\/wp\/v2\/users\/1"}],"replies":[{"embeddable":true,"href":"https:\/\/www.pogotowieflagowe.pl\/aktualne\/wp-json\/wp\/v2\/comments?post=10379"}],"version-history":[{"count":1,"href":"https:\/\/www.pogotowieflagowe.pl\/aktualne\/wp-json\/wp\/v2\/posts\/10379\/revisions"}],"predecessor-version":[{"id":10381,"href":"https:\/\/www.pogotowieflagowe.pl\/aktualne\/wp-json\/wp\/v2\/posts\/10379\/revisions\/10381"}],"wp:featuredmedia":[{"embeddable":true,"href":"https:\/\/www.pogotowieflagowe.pl\/aktualne\/wp-json\/wp\/v2\/media\/10380"}],"wp:attachment":[{"href":"https:\/\/www.pogotowieflagowe.pl\/aktualne\/wp-json\/wp\/v2\/media?parent=10379"}],"wp:term":[{"taxonomy":"category","embeddable":true,"href":"https:\/\/www.pogotowieflagowe.pl\/aktualne\/wp-json\/wp\/v2\/categories?post=10379"},{"taxonomy":"post_tag","embeddable":true,"href":"https:\/\/www.pogotowieflagowe.pl\/aktualne\/wp-json\/wp\/v2\/tags?post=10379"}],"curies":[{"name":"wp","href":"https:\/\/api.w.org\/{rel}","templated":true}]}}