{"id":10382,"date":"2025-11-10T13:01:41","date_gmt":"2025-11-10T12:01:41","guid":{"rendered":"https:\/\/www.pogotowieflagowe.pl\/aktualne\/byly-premier-mateusz-morawiecki-zaprasza-na-marsz-niepodleglosci-w-obliczu-podzialu-swiata-polacy-musza-stac-zjednoczeni\/"},"modified":"2025-11-10T13:01:43","modified_gmt":"2025-11-10T12:01:43","slug":"byly-premier-mateusz-morawiecki-zaprasza-na-marsz-niepodleglosci-w-obliczu-podzialu-swiata-polacy-musza-stac-zjednoczeni","status":"publish","type":"post","link":"https:\/\/www.pogotowieflagowe.pl\/aktualne\/byly-premier-mateusz-morawiecki-zaprasza-na-marsz-niepodleglosci-w-obliczu-podzialu-swiata-polacy-musza-stac-zjednoczeni\/","title":{"rendered":"By\u0142y premier Mateusz Morawiecki zaprasza na Marsz Niepodleg\u0142o\u015bci: \u201eW obliczu podzia\u0142u \u015bwiata Polacy musz\u0105 sta\u0107 zjednoczeni\u201d"},"content":{"rendered":"\n<div class=\"td_block_wrap tdb_single_content tdi_41 td-pb-border-top td_block_template_8 td-post-content tagdiv-type\" data-td-block-uid=\"tdi_41\">\n<style>.tdi_41{margines-top:0px!important;margin-bottom:0px!important;dope\u0142nienie-g\u00f3ra:0px!important;dope\u0142nienie-d\u00f3\u0142:0px!important}<\/style>\n<style>.tdb_single_content{margin-bottom:0;*zoom:1}.tdb_single_content:before,.tdb_single_content:after{display:table;content:'';line-height:0}.tdb_single_content:after{clear:both}.tdb_single_content .tdb-block-inner>*:not(.wp-block-quote):not(.alignwide):not(.alignfull.wp-block-cover.has-parallax):not(.td-a-ad){margin-left:auto;margin-right:auto}.tdb_single_content a{pointer-events:auto}.tdb_single_content .td-spot-id-top_ad .tdc-placeholder-title:before{content:'Najlepsza reklama artyku\u0142u'!important}.tdb_single_content .td-spot-id-inline_ad0 .tdc-placeholder-title:before{content:'Reklama wbudowana artyku\u0142u 1'!important}.tdb_single_content .td-spot-id-inline_ad1 .tdc-placeholder-title:before{content:'Wbudowana reklama w artykule 2'!important}.tdb_single_content .td-spot-id-inline_ad2 .tdc-placeholder-title:before{content:'Wbudowana reklama w artykule 3'!important}.tdb_single_content .td-spot-id-bottom_ad .tdc-placeholder-title:before{content:'Article Bottom Ad'!important}.tdb_single_content .id_top_ad,.tdb_single_content .id_bottom_ad{clear:both;margin-bottom:21px;text-align:center}.tdb_single_content .id_top_ad img,.tdb_single_content .id_bottom_ad img{margin-bottom:0}.tdb_single_content .id_top_ad .adsbygoogle,.tdb_single_content .id_bottom_ad .adsbygoogle{position:relative}.tdb_single_content .id_ad_content-horiz-left,.tdb_single_content .id_ad_content-horiz-right,.tdb_single_content .id_ad_content-horiz-center{margin-bottom:15px}.tdb_single_content .id_ad_content-horiz-left img,.tdb_single_content .id_ad_content-horiz-right img,.tdb_single_content .id_ad_content-horiz-center img{margin-bottom:0}.tdb_single_content .id_ad_content-horiz-center{text-align:center}.tdb_single_content .id_ad_content-horiz-center img{margin-right:auto;margin-left:auto}.tdb_single_content .id_ad_content-horiz-left{float:left;margin-top:9px;margin-right:21px}.tdb_single_content .id_ad_content-horiz-right{float:right;margin-top:6px;margin-left:21px}.tdb_single_content .tdc-a-ad .tdc-placeholder-title{width:300px;height:250px}.tdb_single_content .tdc-a-ad .tdc-placeholder-title:before{position:absolute;top:50%;-webkit-transform:translateY(-50%);transform:translateY(-50%);margin:auto;display:table;width:100%}.tdb_single_content .tdb-block-inner.td-fix-index{word-break:break-word}.tdi_41,.tdi_41>p,.tdi_41 .tdb-block-inner>p,.wp-block-column>p{font-size:16px!important;line-height:1.6!important}.tdi_41 .tdb-block-inner blockquote p{font-style:normal!important}@media (max-width:767px){.tdb_single_content .id_ad_content-horiz-left,.tdb_single_content .id_ad_content-horiz-right,.tdb_single_content .id_ad_content-horiz-center{margin:0 auto 26 pikseli auto}}@media (max-width:767px){.tdb_single_content .id_ad_content-horiz-left{margin-right:0}}@media (max-width:767px){.tdb_single_content .id_ad_content-horiz-right{margin-left:0}}@media (max-width:767px){.tdb_single_content .td-a-ad{float:none;text-align:center}.tdb_single_content .td-a-ad img{margin-right:auto;margin-left:auto}.tdb_single_content .tdc-a-ad{float:none}}<\/style>\n<div class=\"tdb-block-inner td-fix-index\">\n<p>&#8222;Polska zawsze triumfowa\u0142a, gdy by\u0142a zjednoczonym, dumnym, silnym narodem, kt\u00f3ry wierzy\u0142 w nasze polskie warto\u015bci. Dzi\u015b tej si\u0142y i odwagi potrzebujemy&#8221; &#8211; powiedzia\u0142 w nagraniu Mateusz Morawiecki, zapraszaj\u0105c do wzi\u0119cia udzia\u0142u w tegorocznej edycji <em>Marsz Niepodleg\u0142o\u015bci<\/em>. Morawiecki zapowiedzia\u0142 tak\u017ce, \u017ce sam do\u0142\u0105czy do wydarzenia.<\/p>\n<figure class=\"wp-block-embed is-type-rich is-provider-twitter wp-block-embed-twitter\">\n<div class=\"wp-block-embed__wrapper\">\n<blockquote class=\"twitter-tweet\" data-width=\"550\" data-dnt=\"true\">\n<p lang=\"pl\" dir=\"ltr\">Widzimy si\u0119 na Marszu Niepodleg\u0142o\u015bci! Zobacz \ud83e\udd1d\ud83c\uddf5\ud83c\uddf1\ud83e\udd1d <a rel=\"nofollow\" href=\"https:\/\/t.co\/B1Q6XGMVtn\">pic.twitter.com\/B1Q6XGMVtn<\/a><\/p>\n<p>\u2014 Mateusz Morawiecki (@MorawieckiM) <a rel=\"nofollow\" href=\"https:\/\/twitter.com\/MorawieckiM\/status\/1987823472161231260?ref_src=twsrc%5Etfw\">10 listopada 2025 r<\/a><\/p><\/blockquote>\n<\/div>\n<\/figure>\n<p>By\u0142y premier zach\u0119ca\u0142 wszystkich do zjednoczenia si\u0119 z tymi, kt\u00f3rzy podzielaj\u0105 te warto\u015bci. <strong>\u201ePrzyjd\u017acie i sta\u0144cie rami\u0119 w rami\u0119 z tymi, kt\u00f3rzy wierz\u0105 w tak\u0105 Polsk\u0119\u201d<\/strong> powiedzia\u0142 Morawiecki. <strong>\u201ePoka\u017cmy wszystkim, \u017ce nie tylko kochamy nasz\u0105 histori\u0119 i nasz\u0105 przesz\u0142o\u015b\u0107, ale tak\u017ce wierzymy w nasz\u0105 wsp\u00f3ln\u0105 przysz\u0142o\u015b\u0107\u201d \u2013 doda\u0142.<\/strong> \u2013 podkre\u015bli\u0142, dodaj\u0105c, \u017ce gdy \u015bwiat si\u0119 dzieli, Polacy musz\u0105 trzyma\u0107 si\u0119 razem.<\/p>\n<p>Ca\u0142\u0105 wiadomo\u015b\u0107 Morawieckiego mo\u017cna zobaczy\u0107 na filmie. The <em>Marsz Niepodleg\u0142o\u015bci<\/em> to doskona\u0142a okazja, aby przej\u015b\u0107 si\u0119 ulicami stolicy w bia\u0142o-czerwonych barwach wraz z innymi patriotami. Patronat medialny nad wydarzeniem obj\u0119li: <em>Telewizja Republika<\/em>. The <em>Kluby Gazety Polskiej<\/em> zapowiedzieli ju\u017c sw\u00f3j udzia\u0142. Miejsce zbi\u00f3rki sektora Klub\u00f3w odb\u0119dzie si\u0119 11 listopada o godzinie 13:00 o godz <em>Rondo Dmowskiego<\/em>po stronie <em>Banku PKO BP<\/em>kieruj\u0105c si\u0119 w stron\u0119 <em>Stadion Narodowy<\/em>.<\/p>\n<p>The <em>Marsz Niepodleg\u0142o\u015bci<\/em> to coroczne wydarzenie gromadz\u0105ce setki tysi\u0119cy Polak\u00f3w pragn\u0105cych uczci\u0107 rocznic\u0119 odzyskania suwerenno\u015bci po 123 latach zabor\u00f3w. Jest wyrazem mi\u0142o\u015bci do ojczyzny, dumy z historii Polski i to\u017csamo\u015bci narodowej.<\/p>\n<figure class=\"wp-block-embed is-type-rich is-provider-twitter wp-block-embed-twitter\">\n<div class=\"wp-block-embed__wrapper\">\n<blockquote class=\"twitter-tweet\" data-width=\"550\" data-dnt=\"true\">\n<p lang=\"pl\" dir=\"ltr\">\ud83c\uddf5\ud83c\uddf1 <a rel=\"nofollow\" href=\"https:\/\/twitter.com\/hashtag\/MarszNiepodleg%C5%82o%C5%9Bci?src=hash&amp;ref_src=twsrc%5Etfw\">#MarszNiepodleg\u0142o\u015bci<\/a> \u2013 B\u0105d\u017amy razem! \ud83c\uddf5\ud83c\uddf1<a rel=\"nofollow\" href=\"https:\/\/twitter.com\/hashtag\/KlubyGazetyPolskiej?src=hash&amp;ref_src=twsrc%5Etfw\">#KlubyGazetyPolskiej<\/a> zapraszaj\u0105 do swojego sektora na Marszu Niepodleg\u0142o\u015bci.<\/p>\n<p>\u23f0 \ud835\udfed\ud835\udfed <a rel=\"nofollow\" href=\"https:\/\/twitter.com\/hashtag\/listopada?src=hash&amp;ref_src=twsrc%5Etfw\">#listopada<\/a>godzina \ud835\udfed\ud835\udfef:\ud835\udfec\ud835\udfec<br \/>\ud83d\udccd ZBI\u00d3RKA \u00bb\u00bb Rondo Dmowskiego, od strony Banku PKO BP, w kierunku Stadionu Narodowego<a rel=\"nofollow\" href=\"https:\/\/twitter.com\/hashtag\/%C5%9Awi%C4%99toNiepodleg%C5%82o%C5%9Bci?src=hash&amp;ref_src=twsrc%5Etfw\">#\u015awi\u0119toNiepodleg\u0142o\u015bci<\/a> <a rel=\"nofollow\" href=\"https:\/\/twitter.com\/KlubyGP?ref_src=twsrc%5Etfw\">@KlubyGP<\/a> <a rel=\"nofollow\" href=\"https:\/\/t.co\/f28LUp2ch9\">pic.twitter.com\/f28LUp2ch9<\/a><\/p>\n<p>\u2014 Kluby \u201eGazety Polskiej\u201d (@KlubyGP) <a rel=\"nofollow\" href=\"https:\/\/twitter.com\/KlubyGP\/status\/1987559259467395141?ref_src=twsrc%5Etfw\">9 listopada 2025 r<\/a><\/p><\/blockquote>\n<\/div>\n<\/figure>\n<\/div>\n<\/div>\n<p><script async src=\"https:\/\/platform.twitter.com\/widgets.js\" charset=\"utf-8\"><\/script><\/p>\n","protected":false},"excerpt":{"rendered":"<p>&#8222;Polska zawsze triumfowa\u0142a, gdy by\u0142a zjednoczonym, dumnym, silnym narodem, kt\u00f3ry wierzy\u0142 w nasze polskie warto\u015bci. Dzi\u015b tej si\u0142y i odwagi<\/p>\n","protected":false},"author":1,"featured_media":10383,"comment_status":"open","ping_status":"open","sticky":false,"template":"","format":"standard","meta":{"footnotes":""},"categories":[4748],"tags":[1791,2197,3761,419,6858,2180,185,11866,888,804,3490,444,3780,2084],"class_list":["post-10382","post","type-post","status-publish","format-standard","has-post-thumbnail","hentry","category-aktualne","tag-byly","tag-marsz","tag-mateusz","tag-morawiecki","tag-musza","tag-niepodleglosci","tag-obliczu","tag-podzialu","tag-polacy","tag-premier","tag-stac","tag-swiata","tag-zaprasza","tag-zjednoczeni","generate-columns","tablet-grid-50","mobile-grid-100","grid-parent","grid-50","resize-featured-image"],"yoast_head":"<!-- This site is optimized with the Yoast SEO plugin v23.2 - https:\/\/yoast.com\/wordpress\/plugins\/seo\/ -->\n<title>By\u0142y premier Mateusz Morawiecki zaprasza na Marsz Niepodleg\u0142o\u015bci: \u201eW obliczu podzia\u0142u \u015bwiata Polacy musz\u0105 sta\u0107 zjednoczeni\u201d - POGOTOWIE FLAGOWE\u00ae<\/title>\n<meta name=\"robots\" content=\"index, follow, max-snippet:-1, max-image-preview:large, max-video-preview:-1\" \/>\n<link rel=\"canonical\" href=\"https:\/\/www.pogotowieflagowe.pl\/aktualne\/byly-premier-mateusz-morawiecki-zaprasza-na-marsz-niepodleglosci-w-obliczu-podzialu-swiata-polacy-musza-stac-zjednoczeni\/\" \/>\n<meta property=\"og:locale\" content=\"pl_PL\" \/>\n<meta property=\"og:type\" content=\"article\" \/>\n<meta property=\"og:title\" content=\"By\u0142y premier Mateusz Morawiecki zaprasza na Marsz Niepodleg\u0142o\u015bci: \u201eW obliczu podzia\u0142u \u015bwiata Polacy musz\u0105 sta\u0107 zjednoczeni\u201d - POGOTOWIE FLAGOWE\u00ae\" \/>\n<meta property=\"og:description\" content=\"&#8222;Polska zawsze triumfowa\u0142a, gdy by\u0142a zjednoczonym, dumnym, silnym narodem, kt\u00f3ry wierzy\u0142 w nasze polskie warto\u015bci. Dzi\u015b tej si\u0142y i odwagi\" \/>\n<meta property=\"og:url\" content=\"https:\/\/www.pogotowieflagowe.pl\/aktualne\/byly-premier-mateusz-morawiecki-zaprasza-na-marsz-niepodleglosci-w-obliczu-podzialu-swiata-polacy-musza-stac-zjednoczeni\/\" \/>\n<meta property=\"og:site_name\" content=\"POGOTOWIE FLAGOWE\u00ae\" \/>\n<meta property=\"article:published_time\" content=\"2025-11-10T12:01:41+00:00\" \/>\n<meta property=\"article:modified_time\" content=\"2025-11-10T12:01:43+00:00\" \/>\n<meta property=\"og:image\" content=\"https:\/\/www.pogotowieflagowe.pl\/aktualne\/wp-content\/uploads\/2025\/11\/Byly-premier-Mateusz-Morawiecki-zaprasza-na-Marsz-Niepodleglosci-\u201eW-obliczu.webp.webp\" \/>\n\t<meta property=\"og:image:width\" content=\"1280\" \/>\n\t<meta property=\"og:image:height\" content=\"720\" \/>\n\t<meta property=\"og:image:type\" content=\"image\/webp\" \/>\n<meta name=\"author\" content=\"Filip\" \/>\n<meta name=\"twitter:card\" content=\"summary_large_image\" \/>\n<meta name=\"twitter:label1\" content=\"Napisane przez\" \/>\n\t<meta name=\"twitter:data1\" content=\"Filip\" \/>\n\t<meta name=\"twitter:label2\" content=\"Szacowany czas czytania\" \/>\n\t<meta name=\"twitter:data2\" content=\"2 minuty\" \/>\n<script type=\"application\/ld+json\" class=\"yoast-schema-graph\">{\"@context\":\"https:\/\/schema.org\",\"@graph\":[{\"@type\":\"Article\",\"@id\":\"https:\/\/www.pogotowieflagowe.pl\/aktualne\/byly-premier-mateusz-morawiecki-zaprasza-na-marsz-niepodleglosci-w-obliczu-podzialu-swiata-polacy-musza-stac-zjednoczeni\/#article\",\"isPartOf\":{\"@id\":\"https:\/\/www.pogotowieflagowe.pl\/aktualne\/byly-premier-mateusz-morawiecki-zaprasza-na-marsz-niepodleglosci-w-obliczu-podzialu-swiata-polacy-musza-stac-zjednoczeni\/\"},\"author\":{\"name\":\"Filip\",\"@id\":\"https:\/\/www.pogotowieflagowe.pl\/aktualne\/#\/schema\/person\/9c2fb7d2362ebf6fa088960d7f0d27b0\"},\"headline\":\"By\u0142y premier Mateusz Morawiecki zaprasza na Marsz Niepodleg\u0142o\u015bci: \u201eW obliczu podzia\u0142u \u015bwiata Polacy musz\u0105 sta\u0107 zjednoczeni\u201d\",\"datePublished\":\"2025-11-10T12:01:41+00:00\",\"dateModified\":\"2025-11-10T12:01:43+00:00\",\"mainEntityOfPage\":{\"@id\":\"https:\/\/www.pogotowieflagowe.pl\/aktualne\/byly-premier-mateusz-morawiecki-zaprasza-na-marsz-niepodleglosci-w-obliczu-podzialu-swiata-polacy-musza-stac-zjednoczeni\/\"},\"wordCount\":331,\"commentCount\":0,\"publisher\":{\"@id\":\"https:\/\/www.pogotowieflagowe.pl\/aktualne\/#organization\"},\"image\":{\"@id\":\"https:\/\/www.pogotowieflagowe.pl\/aktualne\/byly-premier-mateusz-morawiecki-zaprasza-na-marsz-niepodleglosci-w-obliczu-podzialu-swiata-polacy-musza-stac-zjednoczeni\/#primaryimage\"},\"thumbnailUrl\":\"https:\/\/www.pogotowieflagowe.pl\/aktualne\/wp-content\/uploads\/2025\/11\/Byly-premier-Mateusz-Morawiecki-zaprasza-na-Marsz-Niepodleglosci-\u201eW-obliczu.webp.webp\",\"keywords\":[\"By\u0142y\",\"Marsz\",\"Mateusz\",\"Morawiecki\",\"Musz\u0105\",\"Niepodleg\u0142o\u015bci\",\"obliczu\",\"podzia\u0142u\",\"Polacy\",\"Premier\",\"sta\u0107\",\"\u015awiata\",\"zaprasza\",\"zjednoczeni\"],\"articleSection\":[\"Aktualne\"],\"inLanguage\":\"pl-PL\",\"potentialAction\":[{\"@type\":\"CommentAction\",\"name\":\"Comment\",\"target\":[\"https:\/\/www.pogotowieflagowe.pl\/aktualne\/byly-premier-mateusz-morawiecki-zaprasza-na-marsz-niepodleglosci-w-obliczu-podzialu-swiata-polacy-musza-stac-zjednoczeni\/#respond\"]}]},{\"@type\":\"WebPage\",\"@id\":\"https:\/\/www.pogotowieflagowe.pl\/aktualne\/byly-premier-mateusz-morawiecki-zaprasza-na-marsz-niepodleglosci-w-obliczu-podzialu-swiata-polacy-musza-stac-zjednoczeni\/\",\"url\":\"https:\/\/www.pogotowieflagowe.pl\/aktualne\/byly-premier-mateusz-morawiecki-zaprasza-na-marsz-niepodleglosci-w-obliczu-podzialu-swiata-polacy-musza-stac-zjednoczeni\/\",\"name\":\"By\u0142y premier Mateusz Morawiecki zaprasza na Marsz Niepodleg\u0142o\u015bci: \u201eW obliczu podzia\u0142u \u015bwiata Polacy musz\u0105 sta\u0107 zjednoczeni\u201d - POGOTOWIE FLAGOWE\u00ae\",\"isPartOf\":{\"@id\":\"https:\/\/www.pogotowieflagowe.pl\/aktualne\/#website\"},\"primaryImageOfPage\":{\"@id\":\"https:\/\/www.pogotowieflagowe.pl\/aktualne\/byly-premier-mateusz-morawiecki-zaprasza-na-marsz-niepodleglosci-w-obliczu-podzialu-swiata-polacy-musza-stac-zjednoczeni\/#primaryimage\"},\"image\":{\"@id\":\"https:\/\/www.pogotowieflagowe.pl\/aktualne\/byly-premier-mateusz-morawiecki-zaprasza-na-marsz-niepodleglosci-w-obliczu-podzialu-swiata-polacy-musza-stac-zjednoczeni\/#primaryimage\"},\"thumbnailUrl\":\"https:\/\/www.pogotowieflagowe.pl\/aktualne\/wp-content\/uploads\/2025\/11\/Byly-premier-Mateusz-Morawiecki-zaprasza-na-Marsz-Niepodleglosci-\u201eW-obliczu.webp.webp\",\"datePublished\":\"2025-11-10T12:01:41+00:00\",\"dateModified\":\"2025-11-10T12:01:43+00:00\",\"breadcrumb\":{\"@id\":\"https:\/\/www.pogotowieflagowe.pl\/aktualne\/byly-premier-mateusz-morawiecki-zaprasza-na-marsz-niepodleglosci-w-obliczu-podzialu-swiata-polacy-musza-stac-zjednoczeni\/#breadcrumb\"},\"inLanguage\":\"pl-PL\",\"potentialAction\":[{\"@type\":\"ReadAction\",\"target\":[\"https:\/\/www.pogotowieflagowe.pl\/aktualne\/byly-premier-mateusz-morawiecki-zaprasza-na-marsz-niepodleglosci-w-obliczu-podzialu-swiata-polacy-musza-stac-zjednoczeni\/\"]}]},{\"@type\":\"ImageObject\",\"inLanguage\":\"pl-PL\",\"@id\":\"https:\/\/www.pogotowieflagowe.pl\/aktualne\/byly-premier-mateusz-morawiecki-zaprasza-na-marsz-niepodleglosci-w-obliczu-podzialu-swiata-polacy-musza-stac-zjednoczeni\/#primaryimage\",\"url\":\"https:\/\/www.pogotowieflagowe.pl\/aktualne\/wp-content\/uploads\/2025\/11\/Byly-premier-Mateusz-Morawiecki-zaprasza-na-Marsz-Niepodleglosci-\u201eW-obliczu.webp.webp\",\"contentUrl\":\"https:\/\/www.pogotowieflagowe.pl\/aktualne\/wp-content\/uploads\/2025\/11\/Byly-premier-Mateusz-Morawiecki-zaprasza-na-Marsz-Niepodleglosci-\u201eW-obliczu.webp.webp\",\"width\":1280,\"height\":720,\"caption\":\"By\u0142y premier Mateusz Morawiecki zaprasza na Marsz Niepodleg\u0142o\u015bci: \u201eW obliczu podzia\u0142u \u015bwiata Polacy musz\u0105 sta\u0107 zjednoczeni\u201d\"},{\"@type\":\"BreadcrumbList\",\"@id\":\"https:\/\/www.pogotowieflagowe.pl\/aktualne\/byly-premier-mateusz-morawiecki-zaprasza-na-marsz-niepodleglosci-w-obliczu-podzialu-swiata-polacy-musza-stac-zjednoczeni\/#breadcrumb\",\"itemListElement\":[{\"@type\":\"ListItem\",\"position\":1,\"name\":\"Home\",\"item\":\"https:\/\/www.pogotowieflagowe.pl\/aktualne\/\"},{\"@type\":\"ListItem\",\"position\":2,\"name\":\"By\u0142y premier Mateusz Morawiecki zaprasza na Marsz Niepodleg\u0142o\u015bci: \u201eW obliczu podzia\u0142u \u015bwiata Polacy musz\u0105 sta\u0107 zjednoczeni\u201d\"}]},{\"@type\":\"WebSite\",\"@id\":\"https:\/\/www.pogotowieflagowe.pl\/aktualne\/#website\",\"url\":\"https:\/\/www.pogotowieflagowe.pl\/aktualne\/\",\"name\":\"POGOTOWIE FLAGOWE\u00ae\",\"description\":\"\",\"publisher\":{\"@id\":\"https:\/\/www.pogotowieflagowe.pl\/aktualne\/#organization\"},\"potentialAction\":[{\"@type\":\"SearchAction\",\"target\":{\"@type\":\"EntryPoint\",\"urlTemplate\":\"https:\/\/www.pogotowieflagowe.pl\/aktualne\/?s={search_term_string}\"},\"query-input\":\"required name=search_term_string\"}],\"inLanguage\":\"pl-PL\"},{\"@type\":\"Organization\",\"@id\":\"https:\/\/www.pogotowieflagowe.pl\/aktualne\/#organization\",\"name\":\"POGOTOWIE FLAGOWE\u00ae\",\"url\":\"https:\/\/www.pogotowieflagowe.pl\/aktualne\/\",\"logo\":{\"@type\":\"ImageObject\",\"inLanguage\":\"pl-PL\",\"@id\":\"https:\/\/www.pogotowieflagowe.pl\/aktualne\/#\/schema\/logo\/image\/\",\"url\":\"https:\/\/www.pogotowieflagowe.pl\/aktualne\/wp-content\/uploads\/2024\/08\/cropped-pogotowieflagowe_flaga_projekt_sm.jpg\",\"contentUrl\":\"https:\/\/www.pogotowieflagowe.pl\/aktualne\/wp-content\/uploads\/2024\/08\/cropped-pogotowieflagowe_flaga_projekt_sm.jpg\",\"width\":250,\"height\":143,\"caption\":\"POGOTOWIE FLAGOWE\u00ae\"},\"image\":{\"@id\":\"https:\/\/www.pogotowieflagowe.pl\/aktualne\/#\/schema\/logo\/image\/\"}},{\"@type\":\"Person\",\"@id\":\"https:\/\/www.pogotowieflagowe.pl\/aktualne\/#\/schema\/person\/9c2fb7d2362ebf6fa088960d7f0d27b0\",\"name\":\"Filip\",\"image\":{\"@type\":\"ImageObject\",\"inLanguage\":\"pl-PL\",\"@id\":\"https:\/\/www.pogotowieflagowe.pl\/aktualne\/#\/schema\/person\/image\/\",\"url\":\"https:\/\/www.pogotowieflagowe.pl\/aktualne\/wp-content\/uploads\/2024\/08\/pogotowieflagowe.pl_.jpg\",\"contentUrl\":\"https:\/\/www.pogotowieflagowe.pl\/aktualne\/wp-content\/uploads\/2024\/08\/pogotowieflagowe.pl_.jpg\",\"caption\":\"Filip\"},\"description\":\"Jestem Filip, polski dziennikarz z dyplomem nauk politycznych Uniwersytetu Warszawskiego. Rozpoczynaj\u0105c swoj\u0105 karier\u0119 w r\u00f3\u017cnych lokalnych mediach, zdoby\u0142em solidne do\u015bwiadczenie w zakresie \u015bledztwa i redakcji. Obecnie jako redaktor w Pogotowie flagowe, staram si\u0119 dostarcza\u0107 dog\u0142\u0119bne i istotne analizy na temat najwa\u017cniejszych kwestii aktualno\u015bci, \u0142\u0105cz\u0105c rygor z pasj\u0105 dziennikarsk\u0105.\",\"sameAs\":[\"https:\/\/www.pogotowieflagowe.pl\/\"]}]}<\/script>\n<!-- \/ Yoast SEO plugin. -->","yoast_head_json":{"title":"By\u0142y premier Mateusz Morawiecki zaprasza na Marsz Niepodleg\u0142o\u015bci: \u201eW obliczu podzia\u0142u \u015bwiata Polacy musz\u0105 sta\u0107 zjednoczeni\u201d - POGOTOWIE FLAGOWE\u00ae","robots":{"index":"index","follow":"follow","max-snippet":"max-snippet:-1","max-image-preview":"max-image-preview:large","max-video-preview":"max-video-preview:-1"},"canonical":"https:\/\/www.pogotowieflagowe.pl\/aktualne\/byly-premier-mateusz-morawiecki-zaprasza-na-marsz-niepodleglosci-w-obliczu-podzialu-swiata-polacy-musza-stac-zjednoczeni\/","og_locale":"pl_PL","og_type":"article","og_title":"By\u0142y premier Mateusz Morawiecki zaprasza na Marsz Niepodleg\u0142o\u015bci: \u201eW obliczu podzia\u0142u \u015bwiata Polacy musz\u0105 sta\u0107 zjednoczeni\u201d - POGOTOWIE FLAGOWE\u00ae","og_description":"&#8222;Polska zawsze triumfowa\u0142a, gdy by\u0142a zjednoczonym, dumnym, silnym narodem, kt\u00f3ry wierzy\u0142 w nasze polskie warto\u015bci. Dzi\u015b tej si\u0142y i odwagi","og_url":"https:\/\/www.pogotowieflagowe.pl\/aktualne\/byly-premier-mateusz-morawiecki-zaprasza-na-marsz-niepodleglosci-w-obliczu-podzialu-swiata-polacy-musza-stac-zjednoczeni\/","og_site_name":"POGOTOWIE FLAGOWE\u00ae","article_published_time":"2025-11-10T12:01:41+00:00","article_modified_time":"2025-11-10T12:01:43+00:00","og_image":[{"width":1280,"height":720,"url":"https:\/\/www.pogotowieflagowe.pl\/aktualne\/wp-content\/uploads\/2025\/11\/Byly-premier-Mateusz-Morawiecki-zaprasza-na-Marsz-Niepodleglosci-\u201eW-obliczu.webp.webp","type":"image\/webp"}],"author":"Filip","twitter_card":"summary_large_image","twitter_misc":{"Napisane przez":"Filip","Szacowany czas czytania":"2 minuty"},"schema":{"@context":"https:\/\/schema.org","@graph":[{"@type":"Article","@id":"https:\/\/www.pogotowieflagowe.pl\/aktualne\/byly-premier-mateusz-morawiecki-zaprasza-na-marsz-niepodleglosci-w-obliczu-podzialu-swiata-polacy-musza-stac-zjednoczeni\/#article","isPartOf":{"@id":"https:\/\/www.pogotowieflagowe.pl\/aktualne\/byly-premier-mateusz-morawiecki-zaprasza-na-marsz-niepodleglosci-w-obliczu-podzialu-swiata-polacy-musza-stac-zjednoczeni\/"},"author":{"name":"Filip","@id":"https:\/\/www.pogotowieflagowe.pl\/aktualne\/#\/schema\/person\/9c2fb7d2362ebf6fa088960d7f0d27b0"},"headline":"By\u0142y premier Mateusz Morawiecki zaprasza na Marsz Niepodleg\u0142o\u015bci: \u201eW obliczu podzia\u0142u \u015bwiata Polacy musz\u0105 sta\u0107 zjednoczeni\u201d","datePublished":"2025-11-10T12:01:41+00:00","dateModified":"2025-11-10T12:01:43+00:00","mainEntityOfPage":{"@id":"https:\/\/www.pogotowieflagowe.pl\/aktualne\/byly-premier-mateusz-morawiecki-zaprasza-na-marsz-niepodleglosci-w-obliczu-podzialu-swiata-polacy-musza-stac-zjednoczeni\/"},"wordCount":331,"commentCount":0,"publisher":{"@id":"https:\/\/www.pogotowieflagowe.pl\/aktualne\/#organization"},"image":{"@id":"https:\/\/www.pogotowieflagowe.pl\/aktualne\/byly-premier-mateusz-morawiecki-zaprasza-na-marsz-niepodleglosci-w-obliczu-podzialu-swiata-polacy-musza-stac-zjednoczeni\/#primaryimage"},"thumbnailUrl":"https:\/\/www.pogotowieflagowe.pl\/aktualne\/wp-content\/uploads\/2025\/11\/Byly-premier-Mateusz-Morawiecki-zaprasza-na-Marsz-Niepodleglosci-\u201eW-obliczu.webp.webp","keywords":["By\u0142y","Marsz","Mateusz","Morawiecki","Musz\u0105","Niepodleg\u0142o\u015bci","obliczu","podzia\u0142u","Polacy","Premier","sta\u0107","\u015awiata","zaprasza","zjednoczeni"],"articleSection":["Aktualne"],"inLanguage":"pl-PL","potentialAction":[{"@type":"CommentAction","name":"Comment","target":["https:\/\/www.pogotowieflagowe.pl\/aktualne\/byly-premier-mateusz-morawiecki-zaprasza-na-marsz-niepodleglosci-w-obliczu-podzialu-swiata-polacy-musza-stac-zjednoczeni\/#respond"]}]},{"@type":"WebPage","@id":"https:\/\/www.pogotowieflagowe.pl\/aktualne\/byly-premier-mateusz-morawiecki-zaprasza-na-marsz-niepodleglosci-w-obliczu-podzialu-swiata-polacy-musza-stac-zjednoczeni\/","url":"https:\/\/www.pogotowieflagowe.pl\/aktualne\/byly-premier-mateusz-morawiecki-zaprasza-na-marsz-niepodleglosci-w-obliczu-podzialu-swiata-polacy-musza-stac-zjednoczeni\/","name":"By\u0142y premier Mateusz Morawiecki zaprasza na Marsz Niepodleg\u0142o\u015bci: \u201eW obliczu podzia\u0142u \u015bwiata Polacy musz\u0105 sta\u0107 zjednoczeni\u201d - POGOTOWIE FLAGOWE\u00ae","isPartOf":{"@id":"https:\/\/www.pogotowieflagowe.pl\/aktualne\/#website"},"primaryImageOfPage":{"@id":"https:\/\/www.pogotowieflagowe.pl\/aktualne\/byly-premier-mateusz-morawiecki-zaprasza-na-marsz-niepodleglosci-w-obliczu-podzialu-swiata-polacy-musza-stac-zjednoczeni\/#primaryimage"},"image":{"@id":"https:\/\/www.pogotowieflagowe.pl\/aktualne\/byly-premier-mateusz-morawiecki-zaprasza-na-marsz-niepodleglosci-w-obliczu-podzialu-swiata-polacy-musza-stac-zjednoczeni\/#primaryimage"},"thumbnailUrl":"https:\/\/www.pogotowieflagowe.pl\/aktualne\/wp-content\/uploads\/2025\/11\/Byly-premier-Mateusz-Morawiecki-zaprasza-na-Marsz-Niepodleglosci-\u201eW-obliczu.webp.webp","datePublished":"2025-11-10T12:01:41+00:00","dateModified":"2025-11-10T12:01:43+00:00","breadcrumb":{"@id":"https:\/\/www.pogotowieflagowe.pl\/aktualne\/byly-premier-mateusz-morawiecki-zaprasza-na-marsz-niepodleglosci-w-obliczu-podzialu-swiata-polacy-musza-stac-zjednoczeni\/#breadcrumb"},"inLanguage":"pl-PL","potentialAction":[{"@type":"ReadAction","target":["https:\/\/www.pogotowieflagowe.pl\/aktualne\/byly-premier-mateusz-morawiecki-zaprasza-na-marsz-niepodleglosci-w-obliczu-podzialu-swiata-polacy-musza-stac-zjednoczeni\/"]}]},{"@type":"ImageObject","inLanguage":"pl-PL","@id":"https:\/\/www.pogotowieflagowe.pl\/aktualne\/byly-premier-mateusz-morawiecki-zaprasza-na-marsz-niepodleglosci-w-obliczu-podzialu-swiata-polacy-musza-stac-zjednoczeni\/#primaryimage","url":"https:\/\/www.pogotowieflagowe.pl\/aktualne\/wp-content\/uploads\/2025\/11\/Byly-premier-Mateusz-Morawiecki-zaprasza-na-Marsz-Niepodleglosci-\u201eW-obliczu.webp.webp","contentUrl":"https:\/\/www.pogotowieflagowe.pl\/aktualne\/wp-content\/uploads\/2025\/11\/Byly-premier-Mateusz-Morawiecki-zaprasza-na-Marsz-Niepodleglosci-\u201eW-obliczu.webp.webp","width":1280,"height":720,"caption":"By\u0142y premier Mateusz Morawiecki zaprasza na Marsz Niepodleg\u0142o\u015bci: \u201eW obliczu podzia\u0142u \u015bwiata Polacy musz\u0105 sta\u0107 zjednoczeni\u201d"},{"@type":"BreadcrumbList","@id":"https:\/\/www.pogotowieflagowe.pl\/aktualne\/byly-premier-mateusz-morawiecki-zaprasza-na-marsz-niepodleglosci-w-obliczu-podzialu-swiata-polacy-musza-stac-zjednoczeni\/#breadcrumb","itemListElement":[{"@type":"ListItem","position":1,"name":"Home","item":"https:\/\/www.pogotowieflagowe.pl\/aktualne\/"},{"@type":"ListItem","position":2,"name":"By\u0142y premier Mateusz Morawiecki zaprasza na Marsz Niepodleg\u0142o\u015bci: \u201eW obliczu podzia\u0142u \u015bwiata Polacy musz\u0105 sta\u0107 zjednoczeni\u201d"}]},{"@type":"WebSite","@id":"https:\/\/www.pogotowieflagowe.pl\/aktualne\/#website","url":"https:\/\/www.pogotowieflagowe.pl\/aktualne\/","name":"POGOTOWIE FLAGOWE\u00ae","description":"","publisher":{"@id":"https:\/\/www.pogotowieflagowe.pl\/aktualne\/#organization"},"potentialAction":[{"@type":"SearchAction","target":{"@type":"EntryPoint","urlTemplate":"https:\/\/www.pogotowieflagowe.pl\/aktualne\/?s={search_term_string}"},"query-input":"required name=search_term_string"}],"inLanguage":"pl-PL"},{"@type":"Organization","@id":"https:\/\/www.pogotowieflagowe.pl\/aktualne\/#organization","name":"POGOTOWIE FLAGOWE\u00ae","url":"https:\/\/www.pogotowieflagowe.pl\/aktualne\/","logo":{"@type":"ImageObject","inLanguage":"pl-PL","@id":"https:\/\/www.pogotowieflagowe.pl\/aktualne\/#\/schema\/logo\/image\/","url":"https:\/\/www.pogotowieflagowe.pl\/aktualne\/wp-content\/uploads\/2024\/08\/cropped-pogotowieflagowe_flaga_projekt_sm.jpg","contentUrl":"https:\/\/www.pogotowieflagowe.pl\/aktualne\/wp-content\/uploads\/2024\/08\/cropped-pogotowieflagowe_flaga_projekt_sm.jpg","width":250,"height":143,"caption":"POGOTOWIE FLAGOWE\u00ae"},"image":{"@id":"https:\/\/www.pogotowieflagowe.pl\/aktualne\/#\/schema\/logo\/image\/"}},{"@type":"Person","@id":"https:\/\/www.pogotowieflagowe.pl\/aktualne\/#\/schema\/person\/9c2fb7d2362ebf6fa088960d7f0d27b0","name":"Filip","image":{"@type":"ImageObject","inLanguage":"pl-PL","@id":"https:\/\/www.pogotowieflagowe.pl\/aktualne\/#\/schema\/person\/image\/","url":"https:\/\/www.pogotowieflagowe.pl\/aktualne\/wp-content\/uploads\/2024\/08\/pogotowieflagowe.pl_.jpg","contentUrl":"https:\/\/www.pogotowieflagowe.pl\/aktualne\/wp-content\/uploads\/2024\/08\/pogotowieflagowe.pl_.jpg","caption":"Filip"},"description":"Jestem Filip, polski dziennikarz z dyplomem nauk politycznych Uniwersytetu Warszawskiego. Rozpoczynaj\u0105c swoj\u0105 karier\u0119 w r\u00f3\u017cnych lokalnych mediach, zdoby\u0142em solidne do\u015bwiadczenie w zakresie \u015bledztwa i redakcji. Obecnie jako redaktor w Pogotowie flagowe, staram si\u0119 dostarcza\u0107 dog\u0142\u0119bne i istotne analizy na temat najwa\u017cniejszych kwestii aktualno\u015bci, \u0142\u0105cz\u0105c rygor z pasj\u0105 dziennikarsk\u0105.","sameAs":["https:\/\/www.pogotowieflagowe.pl\/"]}]}},"_links":{"self":[{"href":"https:\/\/www.pogotowieflagowe.pl\/aktualne\/wp-json\/wp\/v2\/posts\/10382","targetHints":{"allow":["GET"]}}],"collection":[{"href":"https:\/\/www.pogotowieflagowe.pl\/aktualne\/wp-json\/wp\/v2\/posts"}],"about":[{"href":"https:\/\/www.pogotowieflagowe.pl\/aktualne\/wp-json\/wp\/v2\/types\/post"}],"author":[{"embeddable":true,"href":"https:\/\/www.pogotowieflagowe.pl\/aktualne\/wp-json\/wp\/v2\/users\/1"}],"replies":[{"embeddable":true,"href":"https:\/\/www.pogotowieflagowe.pl\/aktualne\/wp-json\/wp\/v2\/comments?post=10382"}],"version-history":[{"count":1,"href":"https:\/\/www.pogotowieflagowe.pl\/aktualne\/wp-json\/wp\/v2\/posts\/10382\/revisions"}],"predecessor-version":[{"id":10384,"href":"https:\/\/www.pogotowieflagowe.pl\/aktualne\/wp-json\/wp\/v2\/posts\/10382\/revisions\/10384"}],"wp:featuredmedia":[{"embeddable":true,"href":"https:\/\/www.pogotowieflagowe.pl\/aktualne\/wp-json\/wp\/v2\/media\/10383"}],"wp:attachment":[{"href":"https:\/\/www.pogotowieflagowe.pl\/aktualne\/wp-json\/wp\/v2\/media?parent=10382"}],"wp:term":[{"taxonomy":"category","embeddable":true,"href":"https:\/\/www.pogotowieflagowe.pl\/aktualne\/wp-json\/wp\/v2\/categories?post=10382"},{"taxonomy":"post_tag","embeddable":true,"href":"https:\/\/www.pogotowieflagowe.pl\/aktualne\/wp-json\/wp\/v2\/tags?post=10382"}],"curies":[{"name":"wp","href":"https:\/\/api.w.org\/{rel}","templated":true}]}}