{"id":10385,"date":"2025-11-10T13:33:02","date_gmt":"2025-11-10T12:33:02","guid":{"rendered":"https:\/\/www.pogotowieflagowe.pl\/aktualne\/czy-pis-moze-wkrotce-wrocic-do-wladzy-tak-mysla-nawet-niektorzy-zwolennicy-koalicji-rzadzacej\/"},"modified":"2025-11-10T13:33:05","modified_gmt":"2025-11-10T12:33:05","slug":"czy-pis-moze-wkrotce-wrocic-do-wladzy-tak-mysla-nawet-niektorzy-zwolennicy-koalicji-rzadzacej","status":"publish","type":"post","link":"https:\/\/www.pogotowieflagowe.pl\/aktualne\/czy-pis-moze-wkrotce-wrocic-do-wladzy-tak-mysla-nawet-niektorzy-zwolennicy-koalicji-rzadzacej\/","title":{"rendered":"Czy PiS mo\u017ce wkr\u00f3tce wr\u00f3ci\u0107 do w\u0142adzy? Tak my\u015bl\u0105 nawet niekt\u00f3rzy zwolennicy koalicji rz\u0105dz\u0105cej"},"content":{"rendered":"\n<div class=\"td_block_wrap tdb_single_content tdi_41 td-pb-border-top td_block_template_8 td-post-content tagdiv-type\" data-td-block-uid=\"tdi_41\">\n<style>.tdi_41{margines-top:0px!important;margin-bottom:0px!important;dope\u0142nienie-g\u00f3ra:0px!important;dope\u0142nienie-d\u00f3\u0142:0px!important}<\/style>\n<style>.tdb_single_content{margin-bottom:0;*zoom:1}.tdb_single_content:before,.tdb_single_content:after{display:table;content:'';line-height:0}.tdb_single_content:after{clear:both}.tdb_single_content .tdb-block-inner>*:not(.wp-block-quote):not(.alignwide):not(.alignfull.wp-block-cover.has-parallax):not(.td-a-ad){margin-left:auto;margin-right:auto}.tdb_single_content a{pointer-events:auto}.tdb_single_content .td-spot-id-top_ad .tdc-placeholder-title:before{content:'Najlepsza reklama artyku\u0142u'!important}.tdb_single_content .td-spot-id-inline_ad0 .tdc-placeholder-title:before{content:'Reklama wbudowana artyku\u0142u 1'!important}.tdb_single_content .td-spot-id-inline_ad1 .tdc-placeholder-title:before{content:'Wbudowana reklama w artykule 2'!important}.tdb_single_content .td-spot-id-inline_ad2 .tdc-placeholder-title:before{content:'Wbudowana reklama w artykule 3'!important}.tdb_single_content .td-spot-id-bottom_ad .tdc-placeholder-title:before{content:'Article Bottom Ad'!important}.tdb_single_content .id_top_ad,.tdb_single_content .id_bottom_ad{clear:both;margin-bottom:21px;text-align:center}.tdb_single_content .id_top_ad img,.tdb_single_content .id_bottom_ad img{margin-bottom:0}.tdb_single_content .id_top_ad .adsbygoogle,.tdb_single_content .id_bottom_ad .adsbygoogle{position:relative}.tdb_single_content .id_ad_content-horiz-left,.tdb_single_content .id_ad_content-horiz-right,.tdb_single_content .id_ad_content-horiz-center{margin-bottom:15px}.tdb_single_content .id_ad_content-horiz-left img,.tdb_single_content .id_ad_content-horiz-right img,.tdb_single_content .id_ad_content-horiz-center img{margin-bottom:0}.tdb_single_content .id_ad_content-horiz-center{text-align:center}.tdb_single_content .id_ad_content-horiz-center img{margin-right:auto;margin-left:auto}.tdb_single_content .id_ad_content-horiz-left{float:left;margin-top:9px;margin-right:21px}.tdb_single_content .id_ad_content-horiz-right{float:right;margin-top:6px;margin-left:21px}.tdb_single_content .tdc-a-ad .tdc-placeholder-title{width:300px;height:250px}.tdb_single_content .tdc-a-ad .tdc-placeholder-title:before{position:absolute;top:50%;-webkit-transform:translateY(-50%);transform:translateY(-50%);margin:auto;display:table;width:100%}.tdb_single_content .tdb-block-inner.td-fix-index{word-break:break-word}.tdi_41,.tdi_41>p,.tdi_41 .tdb-block-inner>p,.wp-block-column>p{font-size:16px!important;line-height:1.6!important}.tdi_41 .tdb-block-inner blockquote p{font-style:normal!important}@media (max-width:767px){.tdb_single_content .id_ad_content-horiz-left,.tdb_single_content .id_ad_content-horiz-right,.tdb_single_content .id_ad_content-horiz-center{margin:0 auto 26 pikseli auto}}@media (max-width:767px){.tdb_single_content .id_ad_content-horiz-left{margin-right:0}}@media (max-width:767px){.tdb_single_content .id_ad_content-horiz-right{margin-left:0}}@media (max-width:767px){.tdb_single_content .td-a-ad{float:none;text-align:center}.tdb_single_content .td-a-ad img{margin-right:auto;margin-left:auto}.tdb_single_content .tdc-a-ad{float:none}}<\/style>\n<div class=\"tdb-block-inner td-fix-index\">\n<p>Z nowego sonda\u017cu United Surveys dla IBRiS wynika, \u017ce \u200b\u200bwi\u0119kszo\u015b\u0107 Polak\u00f3w uwa\u017ca, \u017ce \u200b\u200bPrawo i Sprawiedliwo\u015b\u0107 (PiS) ma szans\u0119 wr\u00f3ci\u0107 do w\u0142adzy po wyborach parlamentarnych w 2027 roku. T\u0119 opini\u0119 podziela ponad 67 proc. ankietowanych. Co ciekawe, nawet cz\u0119\u015b\u0107 zwolennik\u00f3w obecnej koalicji rz\u0105dz\u0105cej w\u0105tpi w jej zdolno\u015b\u0107 do utrzymania si\u0119 przy w\u0142adzy.<\/p>\n<p>Badanie zosta\u0142o zlecone przez <em>Wirtualna Polska<\/em>. Respondent\u00f3w zapytano, czy Prawo i Sprawiedliwo\u015b\u0107 ma szans\u0119 odzyska\u0107 w\u0142adz\u0119 po wyborach parlamentarnych w 2027 roku.<\/p>\n<p>W sumie 67,5 proc. ankietowanych odpowiedzia\u0142o \u201etak\u201d. Najwi\u0119ksz\u0105 grup\u0119 stanowi\u0142y osoby, kt\u00f3re odpowiedzia\u0142y \u201eraczej tak\u201d (47,7 proc.). Prawie co pi\u0105ty respondent (19,8 proc.) wybra\u0142 opcj\u0119 \u201ezdecydowanie tak\u201d. W sumie 22,2 proc. nie zgodzi\u0142o si\u0119 z koncepcj\u0105 powrotu PiS do w\u0142adzy (17,9 proc. wybra\u0142o \u201eraczej nie\u201d, a 4,3 proc. \u201ezdecydowanie nie\u201d). Ponad 10 proc. Polak\u00f3w nie mia\u0142o zdania.<\/p>\n<h2 class=\"wp-block-heading\">Niepewno\u015b\u0107 w\u015br\u00f3d wyborc\u00f3w koalicji rz\u0105dz\u0105cej<\/h2>\n<p>Pomimo sprawowania w\u0142adzy znaczna cz\u0119\u015b\u0107 wyborc\u00f3w koalicji rz\u0105dz\u0105cej nie jest pewna trwa\u0142o\u015bci obecnego uk\u0142adu. Na pytanie, czy PiS mo\u017ce wr\u00f3ci\u0107 do w\u0142adzy w ci\u0105gu dw\u00f3ch lat, 57 proc. wyborc\u00f3w koalicji odpowiedzia\u0142o \u201etak\u201d (3 proc. \u201ezdecydowanie tak\u201d, 54 proc. \u201eraczej tak\u201d). Tymczasem 32 proc. by\u0142o bardziej sk\u0142onnych stwierdzi\u0107, \u017ce PiS nie wr\u00f3ci do w\u0142adzy (23 proc. \u201eraczej nie\u201d, 9 proc. \u201ezdecydowanie nie\u201d). Z sonda\u017cu wynika, \u017ce \u200b\u200bjedena\u015bcie procent nie mia\u0142o zdania.<\/p>\n<p>Podkre\u015blano, \u017ce w\u015br\u00f3d wyborc\u00f3w opozycji dominuje wiara w zdolno\u015b\u0107 PiS do odzyskania w\u0142adzy. 81 proc. (39 proc. \u201ezdecydowanie tak\u201d, 42 proc. \u201eraczej tak\u201d) wierzy, \u017ce PiS powr\u00f3ci w 2027 r. 15 proc. nie widzi takiej mo\u017cliwo\u015bci (14 proc. odpowiedzia\u0142o \u201eraczej nie\u201d, a 1 proc. \u201ezdecydowanie nie\u201d). W\u015br\u00f3d zwolennik\u00f3w pozosta\u0142ych partii sytuacja wygl\u0105da nieco inaczej: 54 proc. uwa\u017ca, \u017ce \u200b\u200bPiS ma szans\u0119 na powr\u00f3t (5 proc. \u201ezdecydowanie tak\u201d, 49 proc. \u201eraczej tak\u201d), a 23 proc. uwa\u017ca, \u017ce \u200b\u200bjest to niemo\u017cliwe (19 proc. \u201eraczej nie\u201d, 4 proc. \u201ezdecydowanie nie\u201d). Kolejne 23 proc. nie ma zdania.<\/p>\n<pre class=\"wp-block-preformatted\">The United Surveys by IBRiS poll for\u00a0<em>Wirtualna Polska<\/em>\u00a0was conducted on October 24-26, 2025, using the CATI &amp; CAWI methods, on a sample of 1,000 adult Poles.<\/pre>\n<\/div>\n<\/div>\n","protected":false},"excerpt":{"rendered":"<p>Z nowego sonda\u017cu United Surveys dla IBRiS wynika, \u017ce \u200b\u200bwi\u0119kszo\u015b\u0107 Polak\u00f3w uwa\u017ca, \u017ce \u200b\u200bPrawo i Sprawiedliwo\u015b\u0107 (PiS) ma szans\u0119 wr\u00f3ci\u0107<\/p>\n","protected":false},"author":1,"featured_media":10386,"comment_status":"open","ping_status":"open","sticky":false,"template":"","format":"standard","meta":{"footnotes":""},"categories":[4748],"tags":[501,3843,2219,8896,1964,5846,166,8928,1547,4294,2437,7339,11867],"class_list":["post-10385","post","type-post","status-publish","format-standard","has-post-thumbnail","hentry","category-aktualne","tag-czy","tag-koalicji","tag-moze","tag-mysla","tag-nawet","tag-niektorzy","tag-pis","tag-rzadzacej","tag-tak","tag-wkrotce","tag-wladzy","tag-wrocic","tag-zwolennicy","generate-columns","tablet-grid-50","mobile-grid-100","grid-parent","grid-50","resize-featured-image"],"yoast_head":"<!-- This site is optimized with the Yoast SEO plugin v23.2 - https:\/\/yoast.com\/wordpress\/plugins\/seo\/ -->\n<title>Czy PiS mo\u017ce wkr\u00f3tce wr\u00f3ci\u0107 do w\u0142adzy? Tak my\u015bl\u0105 nawet niekt\u00f3rzy zwolennicy koalicji rz\u0105dz\u0105cej - POGOTOWIE FLAGOWE\u00ae<\/title>\n<meta name=\"robots\" content=\"index, follow, max-snippet:-1, max-image-preview:large, max-video-preview:-1\" \/>\n<link rel=\"canonical\" href=\"https:\/\/www.pogotowieflagowe.pl\/aktualne\/czy-pis-moze-wkrotce-wrocic-do-wladzy-tak-mysla-nawet-niektorzy-zwolennicy-koalicji-rzadzacej\/\" \/>\n<meta property=\"og:locale\" content=\"pl_PL\" \/>\n<meta property=\"og:type\" content=\"article\" \/>\n<meta property=\"og:title\" content=\"Czy PiS mo\u017ce wkr\u00f3tce wr\u00f3ci\u0107 do w\u0142adzy? Tak my\u015bl\u0105 nawet niekt\u00f3rzy zwolennicy koalicji rz\u0105dz\u0105cej - POGOTOWIE FLAGOWE\u00ae\" \/>\n<meta property=\"og:description\" content=\"Z nowego sonda\u017cu United Surveys dla IBRiS wynika, \u017ce \u200b\u200bwi\u0119kszo\u015b\u0107 Polak\u00f3w uwa\u017ca, \u017ce \u200b\u200bPrawo i Sprawiedliwo\u015b\u0107 (PiS) ma szans\u0119 wr\u00f3ci\u0107\" \/>\n<meta property=\"og:url\" content=\"https:\/\/www.pogotowieflagowe.pl\/aktualne\/czy-pis-moze-wkrotce-wrocic-do-wladzy-tak-mysla-nawet-niektorzy-zwolennicy-koalicji-rzadzacej\/\" \/>\n<meta property=\"og:site_name\" content=\"POGOTOWIE FLAGOWE\u00ae\" \/>\n<meta property=\"article:published_time\" content=\"2025-11-10T12:33:02+00:00\" \/>\n<meta property=\"article:modified_time\" content=\"2025-11-10T12:33:05+00:00\" \/>\n<meta property=\"og:image\" content=\"https:\/\/www.pogotowieflagowe.pl\/aktualne\/wp-content\/uploads\/2025\/11\/Czy-PiS-moze-wkrotce-wrocic-do-wladzy-Tak-mysla-nawet.jpg\" \/>\n\t<meta property=\"og:image:width\" content=\"1920\" \/>\n\t<meta property=\"og:image:height\" content=\"1280\" \/>\n\t<meta property=\"og:image:type\" content=\"image\/jpeg\" \/>\n<meta name=\"author\" content=\"Filip\" \/>\n<meta name=\"twitter:card\" content=\"summary_large_image\" \/>\n<meta name=\"twitter:label1\" content=\"Napisane przez\" \/>\n\t<meta name=\"twitter:data1\" content=\"Filip\" \/>\n\t<meta name=\"twitter:label2\" content=\"Szacowany czas czytania\" \/>\n\t<meta name=\"twitter:data2\" content=\"2 minuty\" \/>\n<script type=\"application\/ld+json\" class=\"yoast-schema-graph\">{\"@context\":\"https:\/\/schema.org\",\"@graph\":[{\"@type\":\"Article\",\"@id\":\"https:\/\/www.pogotowieflagowe.pl\/aktualne\/czy-pis-moze-wkrotce-wrocic-do-wladzy-tak-mysla-nawet-niektorzy-zwolennicy-koalicji-rzadzacej\/#article\",\"isPartOf\":{\"@id\":\"https:\/\/www.pogotowieflagowe.pl\/aktualne\/czy-pis-moze-wkrotce-wrocic-do-wladzy-tak-mysla-nawet-niektorzy-zwolennicy-koalicji-rzadzacej\/\"},\"author\":{\"name\":\"Filip\",\"@id\":\"https:\/\/www.pogotowieflagowe.pl\/aktualne\/#\/schema\/person\/9c2fb7d2362ebf6fa088960d7f0d27b0\"},\"headline\":\"Czy PiS mo\u017ce wkr\u00f3tce wr\u00f3ci\u0107 do w\u0142adzy? Tak my\u015bl\u0105 nawet niekt\u00f3rzy zwolennicy koalicji rz\u0105dz\u0105cej\",\"datePublished\":\"2025-11-10T12:33:02+00:00\",\"dateModified\":\"2025-11-10T12:33:05+00:00\",\"mainEntityOfPage\":{\"@id\":\"https:\/\/www.pogotowieflagowe.pl\/aktualne\/czy-pis-moze-wkrotce-wrocic-do-wladzy-tak-mysla-nawet-niektorzy-zwolennicy-koalicji-rzadzacej\/\"},\"wordCount\":360,\"commentCount\":0,\"publisher\":{\"@id\":\"https:\/\/www.pogotowieflagowe.pl\/aktualne\/#organization\"},\"image\":{\"@id\":\"https:\/\/www.pogotowieflagowe.pl\/aktualne\/czy-pis-moze-wkrotce-wrocic-do-wladzy-tak-mysla-nawet-niektorzy-zwolennicy-koalicji-rzadzacej\/#primaryimage\"},\"thumbnailUrl\":\"https:\/\/www.pogotowieflagowe.pl\/aktualne\/wp-content\/uploads\/2025\/11\/Czy-PiS-moze-wkrotce-wrocic-do-wladzy-Tak-mysla-nawet.jpg\",\"keywords\":[\"Czy\",\"Koalicji\",\"mo\u017ce\",\"my\u015bl\u0105\",\"nawet\",\"Niekt\u00f3rzy\",\"PiS\",\"rz\u0105dz\u0105cej\",\"tak\",\"wkr\u00f3tce\",\"w\u0142adzy\",\"wr\u00f3ci\u0107\",\"zwolennicy\"],\"articleSection\":[\"Aktualne\"],\"inLanguage\":\"pl-PL\",\"potentialAction\":[{\"@type\":\"CommentAction\",\"name\":\"Comment\",\"target\":[\"https:\/\/www.pogotowieflagowe.pl\/aktualne\/czy-pis-moze-wkrotce-wrocic-do-wladzy-tak-mysla-nawet-niektorzy-zwolennicy-koalicji-rzadzacej\/#respond\"]}]},{\"@type\":\"WebPage\",\"@id\":\"https:\/\/www.pogotowieflagowe.pl\/aktualne\/czy-pis-moze-wkrotce-wrocic-do-wladzy-tak-mysla-nawet-niektorzy-zwolennicy-koalicji-rzadzacej\/\",\"url\":\"https:\/\/www.pogotowieflagowe.pl\/aktualne\/czy-pis-moze-wkrotce-wrocic-do-wladzy-tak-mysla-nawet-niektorzy-zwolennicy-koalicji-rzadzacej\/\",\"name\":\"Czy PiS mo\u017ce wkr\u00f3tce wr\u00f3ci\u0107 do w\u0142adzy? Tak my\u015bl\u0105 nawet niekt\u00f3rzy zwolennicy koalicji rz\u0105dz\u0105cej - POGOTOWIE FLAGOWE\u00ae\",\"isPartOf\":{\"@id\":\"https:\/\/www.pogotowieflagowe.pl\/aktualne\/#website\"},\"primaryImageOfPage\":{\"@id\":\"https:\/\/www.pogotowieflagowe.pl\/aktualne\/czy-pis-moze-wkrotce-wrocic-do-wladzy-tak-mysla-nawet-niektorzy-zwolennicy-koalicji-rzadzacej\/#primaryimage\"},\"image\":{\"@id\":\"https:\/\/www.pogotowieflagowe.pl\/aktualne\/czy-pis-moze-wkrotce-wrocic-do-wladzy-tak-mysla-nawet-niektorzy-zwolennicy-koalicji-rzadzacej\/#primaryimage\"},\"thumbnailUrl\":\"https:\/\/www.pogotowieflagowe.pl\/aktualne\/wp-content\/uploads\/2025\/11\/Czy-PiS-moze-wkrotce-wrocic-do-wladzy-Tak-mysla-nawet.jpg\",\"datePublished\":\"2025-11-10T12:33:02+00:00\",\"dateModified\":\"2025-11-10T12:33:05+00:00\",\"breadcrumb\":{\"@id\":\"https:\/\/www.pogotowieflagowe.pl\/aktualne\/czy-pis-moze-wkrotce-wrocic-do-wladzy-tak-mysla-nawet-niektorzy-zwolennicy-koalicji-rzadzacej\/#breadcrumb\"},\"inLanguage\":\"pl-PL\",\"potentialAction\":[{\"@type\":\"ReadAction\",\"target\":[\"https:\/\/www.pogotowieflagowe.pl\/aktualne\/czy-pis-moze-wkrotce-wrocic-do-wladzy-tak-mysla-nawet-niektorzy-zwolennicy-koalicji-rzadzacej\/\"]}]},{\"@type\":\"ImageObject\",\"inLanguage\":\"pl-PL\",\"@id\":\"https:\/\/www.pogotowieflagowe.pl\/aktualne\/czy-pis-moze-wkrotce-wrocic-do-wladzy-tak-mysla-nawet-niektorzy-zwolennicy-koalicji-rzadzacej\/#primaryimage\",\"url\":\"https:\/\/www.pogotowieflagowe.pl\/aktualne\/wp-content\/uploads\/2025\/11\/Czy-PiS-moze-wkrotce-wrocic-do-wladzy-Tak-mysla-nawet.jpg\",\"contentUrl\":\"https:\/\/www.pogotowieflagowe.pl\/aktualne\/wp-content\/uploads\/2025\/11\/Czy-PiS-moze-wkrotce-wrocic-do-wladzy-Tak-mysla-nawet.jpg\",\"width\":1920,\"height\":1280,\"caption\":\"Czy PiS mo\u017ce wkr\u00f3tce wr\u00f3ci\u0107 do w\u0142adzy? Tak my\u015bl\u0105 nawet niekt\u00f3rzy zwolennicy koalicji rz\u0105dz\u0105cej\"},{\"@type\":\"BreadcrumbList\",\"@id\":\"https:\/\/www.pogotowieflagowe.pl\/aktualne\/czy-pis-moze-wkrotce-wrocic-do-wladzy-tak-mysla-nawet-niektorzy-zwolennicy-koalicji-rzadzacej\/#breadcrumb\",\"itemListElement\":[{\"@type\":\"ListItem\",\"position\":1,\"name\":\"Home\",\"item\":\"https:\/\/www.pogotowieflagowe.pl\/aktualne\/\"},{\"@type\":\"ListItem\",\"position\":2,\"name\":\"Czy PiS mo\u017ce wkr\u00f3tce wr\u00f3ci\u0107 do w\u0142adzy? Tak my\u015bl\u0105 nawet niekt\u00f3rzy zwolennicy koalicji rz\u0105dz\u0105cej\"}]},{\"@type\":\"WebSite\",\"@id\":\"https:\/\/www.pogotowieflagowe.pl\/aktualne\/#website\",\"url\":\"https:\/\/www.pogotowieflagowe.pl\/aktualne\/\",\"name\":\"POGOTOWIE FLAGOWE\u00ae\",\"description\":\"\",\"publisher\":{\"@id\":\"https:\/\/www.pogotowieflagowe.pl\/aktualne\/#organization\"},\"potentialAction\":[{\"@type\":\"SearchAction\",\"target\":{\"@type\":\"EntryPoint\",\"urlTemplate\":\"https:\/\/www.pogotowieflagowe.pl\/aktualne\/?s={search_term_string}\"},\"query-input\":\"required name=search_term_string\"}],\"inLanguage\":\"pl-PL\"},{\"@type\":\"Organization\",\"@id\":\"https:\/\/www.pogotowieflagowe.pl\/aktualne\/#organization\",\"name\":\"POGOTOWIE FLAGOWE\u00ae\",\"url\":\"https:\/\/www.pogotowieflagowe.pl\/aktualne\/\",\"logo\":{\"@type\":\"ImageObject\",\"inLanguage\":\"pl-PL\",\"@id\":\"https:\/\/www.pogotowieflagowe.pl\/aktualne\/#\/schema\/logo\/image\/\",\"url\":\"https:\/\/www.pogotowieflagowe.pl\/aktualne\/wp-content\/uploads\/2024\/08\/cropped-pogotowieflagowe_flaga_projekt_sm.jpg\",\"contentUrl\":\"https:\/\/www.pogotowieflagowe.pl\/aktualne\/wp-content\/uploads\/2024\/08\/cropped-pogotowieflagowe_flaga_projekt_sm.jpg\",\"width\":250,\"height\":143,\"caption\":\"POGOTOWIE FLAGOWE\u00ae\"},\"image\":{\"@id\":\"https:\/\/www.pogotowieflagowe.pl\/aktualne\/#\/schema\/logo\/image\/\"}},{\"@type\":\"Person\",\"@id\":\"https:\/\/www.pogotowieflagowe.pl\/aktualne\/#\/schema\/person\/9c2fb7d2362ebf6fa088960d7f0d27b0\",\"name\":\"Filip\",\"image\":{\"@type\":\"ImageObject\",\"inLanguage\":\"pl-PL\",\"@id\":\"https:\/\/www.pogotowieflagowe.pl\/aktualne\/#\/schema\/person\/image\/\",\"url\":\"https:\/\/www.pogotowieflagowe.pl\/aktualne\/wp-content\/uploads\/2024\/08\/pogotowieflagowe.pl_.jpg\",\"contentUrl\":\"https:\/\/www.pogotowieflagowe.pl\/aktualne\/wp-content\/uploads\/2024\/08\/pogotowieflagowe.pl_.jpg\",\"caption\":\"Filip\"},\"description\":\"Jestem Filip, polski dziennikarz z dyplomem nauk politycznych Uniwersytetu Warszawskiego. Rozpoczynaj\u0105c swoj\u0105 karier\u0119 w r\u00f3\u017cnych lokalnych mediach, zdoby\u0142em solidne do\u015bwiadczenie w zakresie \u015bledztwa i redakcji. Obecnie jako redaktor w Pogotowie flagowe, staram si\u0119 dostarcza\u0107 dog\u0142\u0119bne i istotne analizy na temat najwa\u017cniejszych kwestii aktualno\u015bci, \u0142\u0105cz\u0105c rygor z pasj\u0105 dziennikarsk\u0105.\",\"sameAs\":[\"https:\/\/www.pogotowieflagowe.pl\/\"]}]}<\/script>\n<!-- \/ Yoast SEO plugin. -->","yoast_head_json":{"title":"Czy PiS mo\u017ce wkr\u00f3tce wr\u00f3ci\u0107 do w\u0142adzy? Tak my\u015bl\u0105 nawet niekt\u00f3rzy zwolennicy koalicji rz\u0105dz\u0105cej - POGOTOWIE FLAGOWE\u00ae","robots":{"index":"index","follow":"follow","max-snippet":"max-snippet:-1","max-image-preview":"max-image-preview:large","max-video-preview":"max-video-preview:-1"},"canonical":"https:\/\/www.pogotowieflagowe.pl\/aktualne\/czy-pis-moze-wkrotce-wrocic-do-wladzy-tak-mysla-nawet-niektorzy-zwolennicy-koalicji-rzadzacej\/","og_locale":"pl_PL","og_type":"article","og_title":"Czy PiS mo\u017ce wkr\u00f3tce wr\u00f3ci\u0107 do w\u0142adzy? Tak my\u015bl\u0105 nawet niekt\u00f3rzy zwolennicy koalicji rz\u0105dz\u0105cej - POGOTOWIE FLAGOWE\u00ae","og_description":"Z nowego sonda\u017cu United Surveys dla IBRiS wynika, \u017ce \u200b\u200bwi\u0119kszo\u015b\u0107 Polak\u00f3w uwa\u017ca, \u017ce \u200b\u200bPrawo i Sprawiedliwo\u015b\u0107 (PiS) ma szans\u0119 wr\u00f3ci\u0107","og_url":"https:\/\/www.pogotowieflagowe.pl\/aktualne\/czy-pis-moze-wkrotce-wrocic-do-wladzy-tak-mysla-nawet-niektorzy-zwolennicy-koalicji-rzadzacej\/","og_site_name":"POGOTOWIE FLAGOWE\u00ae","article_published_time":"2025-11-10T12:33:02+00:00","article_modified_time":"2025-11-10T12:33:05+00:00","og_image":[{"width":1920,"height":1280,"url":"https:\/\/www.pogotowieflagowe.pl\/aktualne\/wp-content\/uploads\/2025\/11\/Czy-PiS-moze-wkrotce-wrocic-do-wladzy-Tak-mysla-nawet.jpg","type":"image\/jpeg"}],"author":"Filip","twitter_card":"summary_large_image","twitter_misc":{"Napisane przez":"Filip","Szacowany czas czytania":"2 minuty"},"schema":{"@context":"https:\/\/schema.org","@graph":[{"@type":"Article","@id":"https:\/\/www.pogotowieflagowe.pl\/aktualne\/czy-pis-moze-wkrotce-wrocic-do-wladzy-tak-mysla-nawet-niektorzy-zwolennicy-koalicji-rzadzacej\/#article","isPartOf":{"@id":"https:\/\/www.pogotowieflagowe.pl\/aktualne\/czy-pis-moze-wkrotce-wrocic-do-wladzy-tak-mysla-nawet-niektorzy-zwolennicy-koalicji-rzadzacej\/"},"author":{"name":"Filip","@id":"https:\/\/www.pogotowieflagowe.pl\/aktualne\/#\/schema\/person\/9c2fb7d2362ebf6fa088960d7f0d27b0"},"headline":"Czy PiS mo\u017ce wkr\u00f3tce wr\u00f3ci\u0107 do w\u0142adzy? Tak my\u015bl\u0105 nawet niekt\u00f3rzy zwolennicy koalicji rz\u0105dz\u0105cej","datePublished":"2025-11-10T12:33:02+00:00","dateModified":"2025-11-10T12:33:05+00:00","mainEntityOfPage":{"@id":"https:\/\/www.pogotowieflagowe.pl\/aktualne\/czy-pis-moze-wkrotce-wrocic-do-wladzy-tak-mysla-nawet-niektorzy-zwolennicy-koalicji-rzadzacej\/"},"wordCount":360,"commentCount":0,"publisher":{"@id":"https:\/\/www.pogotowieflagowe.pl\/aktualne\/#organization"},"image":{"@id":"https:\/\/www.pogotowieflagowe.pl\/aktualne\/czy-pis-moze-wkrotce-wrocic-do-wladzy-tak-mysla-nawet-niektorzy-zwolennicy-koalicji-rzadzacej\/#primaryimage"},"thumbnailUrl":"https:\/\/www.pogotowieflagowe.pl\/aktualne\/wp-content\/uploads\/2025\/11\/Czy-PiS-moze-wkrotce-wrocic-do-wladzy-Tak-mysla-nawet.jpg","keywords":["Czy","Koalicji","mo\u017ce","my\u015bl\u0105","nawet","Niekt\u00f3rzy","PiS","rz\u0105dz\u0105cej","tak","wkr\u00f3tce","w\u0142adzy","wr\u00f3ci\u0107","zwolennicy"],"articleSection":["Aktualne"],"inLanguage":"pl-PL","potentialAction":[{"@type":"CommentAction","name":"Comment","target":["https:\/\/www.pogotowieflagowe.pl\/aktualne\/czy-pis-moze-wkrotce-wrocic-do-wladzy-tak-mysla-nawet-niektorzy-zwolennicy-koalicji-rzadzacej\/#respond"]}]},{"@type":"WebPage","@id":"https:\/\/www.pogotowieflagowe.pl\/aktualne\/czy-pis-moze-wkrotce-wrocic-do-wladzy-tak-mysla-nawet-niektorzy-zwolennicy-koalicji-rzadzacej\/","url":"https:\/\/www.pogotowieflagowe.pl\/aktualne\/czy-pis-moze-wkrotce-wrocic-do-wladzy-tak-mysla-nawet-niektorzy-zwolennicy-koalicji-rzadzacej\/","name":"Czy PiS mo\u017ce wkr\u00f3tce wr\u00f3ci\u0107 do w\u0142adzy? Tak my\u015bl\u0105 nawet niekt\u00f3rzy zwolennicy koalicji rz\u0105dz\u0105cej - POGOTOWIE FLAGOWE\u00ae","isPartOf":{"@id":"https:\/\/www.pogotowieflagowe.pl\/aktualne\/#website"},"primaryImageOfPage":{"@id":"https:\/\/www.pogotowieflagowe.pl\/aktualne\/czy-pis-moze-wkrotce-wrocic-do-wladzy-tak-mysla-nawet-niektorzy-zwolennicy-koalicji-rzadzacej\/#primaryimage"},"image":{"@id":"https:\/\/www.pogotowieflagowe.pl\/aktualne\/czy-pis-moze-wkrotce-wrocic-do-wladzy-tak-mysla-nawet-niektorzy-zwolennicy-koalicji-rzadzacej\/#primaryimage"},"thumbnailUrl":"https:\/\/www.pogotowieflagowe.pl\/aktualne\/wp-content\/uploads\/2025\/11\/Czy-PiS-moze-wkrotce-wrocic-do-wladzy-Tak-mysla-nawet.jpg","datePublished":"2025-11-10T12:33:02+00:00","dateModified":"2025-11-10T12:33:05+00:00","breadcrumb":{"@id":"https:\/\/www.pogotowieflagowe.pl\/aktualne\/czy-pis-moze-wkrotce-wrocic-do-wladzy-tak-mysla-nawet-niektorzy-zwolennicy-koalicji-rzadzacej\/#breadcrumb"},"inLanguage":"pl-PL","potentialAction":[{"@type":"ReadAction","target":["https:\/\/www.pogotowieflagowe.pl\/aktualne\/czy-pis-moze-wkrotce-wrocic-do-wladzy-tak-mysla-nawet-niektorzy-zwolennicy-koalicji-rzadzacej\/"]}]},{"@type":"ImageObject","inLanguage":"pl-PL","@id":"https:\/\/www.pogotowieflagowe.pl\/aktualne\/czy-pis-moze-wkrotce-wrocic-do-wladzy-tak-mysla-nawet-niektorzy-zwolennicy-koalicji-rzadzacej\/#primaryimage","url":"https:\/\/www.pogotowieflagowe.pl\/aktualne\/wp-content\/uploads\/2025\/11\/Czy-PiS-moze-wkrotce-wrocic-do-wladzy-Tak-mysla-nawet.jpg","contentUrl":"https:\/\/www.pogotowieflagowe.pl\/aktualne\/wp-content\/uploads\/2025\/11\/Czy-PiS-moze-wkrotce-wrocic-do-wladzy-Tak-mysla-nawet.jpg","width":1920,"height":1280,"caption":"Czy PiS mo\u017ce wkr\u00f3tce wr\u00f3ci\u0107 do w\u0142adzy? Tak my\u015bl\u0105 nawet niekt\u00f3rzy zwolennicy koalicji rz\u0105dz\u0105cej"},{"@type":"BreadcrumbList","@id":"https:\/\/www.pogotowieflagowe.pl\/aktualne\/czy-pis-moze-wkrotce-wrocic-do-wladzy-tak-mysla-nawet-niektorzy-zwolennicy-koalicji-rzadzacej\/#breadcrumb","itemListElement":[{"@type":"ListItem","position":1,"name":"Home","item":"https:\/\/www.pogotowieflagowe.pl\/aktualne\/"},{"@type":"ListItem","position":2,"name":"Czy PiS mo\u017ce wkr\u00f3tce wr\u00f3ci\u0107 do w\u0142adzy? Tak my\u015bl\u0105 nawet niekt\u00f3rzy zwolennicy koalicji rz\u0105dz\u0105cej"}]},{"@type":"WebSite","@id":"https:\/\/www.pogotowieflagowe.pl\/aktualne\/#website","url":"https:\/\/www.pogotowieflagowe.pl\/aktualne\/","name":"POGOTOWIE FLAGOWE\u00ae","description":"","publisher":{"@id":"https:\/\/www.pogotowieflagowe.pl\/aktualne\/#organization"},"potentialAction":[{"@type":"SearchAction","target":{"@type":"EntryPoint","urlTemplate":"https:\/\/www.pogotowieflagowe.pl\/aktualne\/?s={search_term_string}"},"query-input":"required name=search_term_string"}],"inLanguage":"pl-PL"},{"@type":"Organization","@id":"https:\/\/www.pogotowieflagowe.pl\/aktualne\/#organization","name":"POGOTOWIE FLAGOWE\u00ae","url":"https:\/\/www.pogotowieflagowe.pl\/aktualne\/","logo":{"@type":"ImageObject","inLanguage":"pl-PL","@id":"https:\/\/www.pogotowieflagowe.pl\/aktualne\/#\/schema\/logo\/image\/","url":"https:\/\/www.pogotowieflagowe.pl\/aktualne\/wp-content\/uploads\/2024\/08\/cropped-pogotowieflagowe_flaga_projekt_sm.jpg","contentUrl":"https:\/\/www.pogotowieflagowe.pl\/aktualne\/wp-content\/uploads\/2024\/08\/cropped-pogotowieflagowe_flaga_projekt_sm.jpg","width":250,"height":143,"caption":"POGOTOWIE FLAGOWE\u00ae"},"image":{"@id":"https:\/\/www.pogotowieflagowe.pl\/aktualne\/#\/schema\/logo\/image\/"}},{"@type":"Person","@id":"https:\/\/www.pogotowieflagowe.pl\/aktualne\/#\/schema\/person\/9c2fb7d2362ebf6fa088960d7f0d27b0","name":"Filip","image":{"@type":"ImageObject","inLanguage":"pl-PL","@id":"https:\/\/www.pogotowieflagowe.pl\/aktualne\/#\/schema\/person\/image\/","url":"https:\/\/www.pogotowieflagowe.pl\/aktualne\/wp-content\/uploads\/2024\/08\/pogotowieflagowe.pl_.jpg","contentUrl":"https:\/\/www.pogotowieflagowe.pl\/aktualne\/wp-content\/uploads\/2024\/08\/pogotowieflagowe.pl_.jpg","caption":"Filip"},"description":"Jestem Filip, polski dziennikarz z dyplomem nauk politycznych Uniwersytetu Warszawskiego. Rozpoczynaj\u0105c swoj\u0105 karier\u0119 w r\u00f3\u017cnych lokalnych mediach, zdoby\u0142em solidne do\u015bwiadczenie w zakresie \u015bledztwa i redakcji. Obecnie jako redaktor w Pogotowie flagowe, staram si\u0119 dostarcza\u0107 dog\u0142\u0119bne i istotne analizy na temat najwa\u017cniejszych kwestii aktualno\u015bci, \u0142\u0105cz\u0105c rygor z pasj\u0105 dziennikarsk\u0105.","sameAs":["https:\/\/www.pogotowieflagowe.pl\/"]}]}},"_links":{"self":[{"href":"https:\/\/www.pogotowieflagowe.pl\/aktualne\/wp-json\/wp\/v2\/posts\/10385","targetHints":{"allow":["GET"]}}],"collection":[{"href":"https:\/\/www.pogotowieflagowe.pl\/aktualne\/wp-json\/wp\/v2\/posts"}],"about":[{"href":"https:\/\/www.pogotowieflagowe.pl\/aktualne\/wp-json\/wp\/v2\/types\/post"}],"author":[{"embeddable":true,"href":"https:\/\/www.pogotowieflagowe.pl\/aktualne\/wp-json\/wp\/v2\/users\/1"}],"replies":[{"embeddable":true,"href":"https:\/\/www.pogotowieflagowe.pl\/aktualne\/wp-json\/wp\/v2\/comments?post=10385"}],"version-history":[{"count":1,"href":"https:\/\/www.pogotowieflagowe.pl\/aktualne\/wp-json\/wp\/v2\/posts\/10385\/revisions"}],"predecessor-version":[{"id":10387,"href":"https:\/\/www.pogotowieflagowe.pl\/aktualne\/wp-json\/wp\/v2\/posts\/10385\/revisions\/10387"}],"wp:featuredmedia":[{"embeddable":true,"href":"https:\/\/www.pogotowieflagowe.pl\/aktualne\/wp-json\/wp\/v2\/media\/10386"}],"wp:attachment":[{"href":"https:\/\/www.pogotowieflagowe.pl\/aktualne\/wp-json\/wp\/v2\/media?parent=10385"}],"wp:term":[{"taxonomy":"category","embeddable":true,"href":"https:\/\/www.pogotowieflagowe.pl\/aktualne\/wp-json\/wp\/v2\/categories?post=10385"},{"taxonomy":"post_tag","embeddable":true,"href":"https:\/\/www.pogotowieflagowe.pl\/aktualne\/wp-json\/wp\/v2\/tags?post=10385"}],"curies":[{"name":"wp","href":"https:\/\/api.w.org\/{rel}","templated":true}]}}