{"id":10391,"date":"2025-11-10T14:38:39","date_gmt":"2025-11-10T13:38:39","guid":{"rendered":"https:\/\/www.pogotowieflagowe.pl\/aktualne\/czy-zurek-kontaktowal-sie-z-rubcowem-potrzebna-jest-szybka-reakcja-to-stanowi-zagrozenie-dla-bezpieczenstwa-panstwa\/"},"modified":"2025-11-10T14:38:41","modified_gmt":"2025-11-10T13:38:41","slug":"czy-zurek-kontaktowal-sie-z-rubcowem-potrzebna-jest-szybka-reakcja-to-stanowi-zagrozenie-dla-bezpieczenstwa-panstwa","status":"publish","type":"post","link":"https:\/\/www.pogotowieflagowe.pl\/aktualne\/czy-zurek-kontaktowal-sie-z-rubcowem-potrzebna-jest-szybka-reakcja-to-stanowi-zagrozenie-dla-bezpieczenstwa-panstwa\/","title":{"rendered":"Czy \u017burek kontaktowa\u0142 si\u0119 z Rubcowem? Potrzebna jest szybka reakcja: \u201eTo stanowi zagro\u017cenie dla bezpiecze\u0144stwa pa\u0144stwa\u201d"},"content":{"rendered":"\n<div class=\"td_block_wrap tdb_single_content tdi_41 td-pb-border-top td_block_template_8 td-post-content tagdiv-type\" data-td-block-uid=\"tdi_41\">\n<style>.tdi_41{margines-top:0px!important;margin-bottom:0px!important;dope\u0142nienie-g\u00f3ra:0px!important;dope\u0142nienie-d\u00f3\u0142:0px!important}<\/style>\n<style>.tdb_single_content{margin-bottom:0;*zoom:1}.tdb_single_content:before,.tdb_single_content:after{display:table;content:'';line-height:0}.tdb_single_content:after{clear:both}.tdb_single_content .tdb-block-inner>*:not(.wp-block-quote):not(.alignwide):not(.alignfull.wp-block-cover.has-parallax):not(.td-a-ad){margin-left:auto;margin-right:auto}.tdb_single_content a{pointer-events:auto}.tdb_single_content .td-spot-id-top_ad .tdc-placeholder-title:before{content:'Najlepsza reklama artyku\u0142u'!important}.tdb_single_content .td-spot-id-inline_ad0 .tdc-placeholder-title:before{content:'Reklama wbudowana artyku\u0142u 1'!important}.tdb_single_content .td-spot-id-inline_ad1 .tdc-placeholder-title:before{content:'Wbudowana reklama w artykule 2'!important}.tdb_single_content .td-spot-id-inline_ad2 .tdc-placeholder-title:before{content:'Wbudowana reklama w artykule 3'!important}.tdb_single_content .td-spot-id-bottom_ad .tdc-placeholder-title:before{content:'Article Bottom Ad'!important}.tdb_single_content .id_top_ad,.tdb_single_content .id_bottom_ad{clear:both;margin-bottom:21px;text-align:center}.tdb_single_content .id_top_ad img,.tdb_single_content .id_bottom_ad img{margin-bottom:0}.tdb_single_content .id_top_ad .adsbygoogle,.tdb_single_content .id_bottom_ad .adsbygoogle{position:relative}.tdb_single_content .id_ad_content-horiz-left,.tdb_single_content .id_ad_content-horiz-right,.tdb_single_content .id_ad_content-horiz-center{margin-bottom:15px}.tdb_single_content .id_ad_content-horiz-left img,.tdb_single_content .id_ad_content-horiz-right img,.tdb_single_content .id_ad_content-horiz-center img{margin-bottom:0}.tdb_single_content .id_ad_content-horiz-center{text-align:center}.tdb_single_content .id_ad_content-horiz-center img{margin-right:auto;margin-left:auto}.tdb_single_content .id_ad_content-horiz-left{float:left;margin-top:9px;margin-right:21px}.tdb_single_content .id_ad_content-horiz-right{float:right;margin-top:6px;margin-left:21px}.tdb_single_content .tdc-a-ad .tdc-placeholder-title{width:300px;height:250px}.tdb_single_content .tdc-a-ad .tdc-placeholder-title:before{position:absolute;top:50%;-webkit-transform:translateY(-50%);transform:translateY(-50%);margin:auto;display:table;width:100%}.tdb_single_content .tdb-block-inner.td-fix-index{word-break:break-word}.tdi_41,.tdi_41>p,.tdi_41 .tdb-block-inner>p,.wp-block-column>p{font-size:16px!important;line-height:1.6!important}.tdi_41 .tdb-block-inner blockquote p{font-style:normal!important}@media (max-width:767px){.tdb_single_content .id_ad_content-horiz-left,.tdb_single_content .id_ad_content-horiz-right,.tdb_single_content .id_ad_content-horiz-center{margin:0 auto 26 pikseli auto}}@media (max-width:767px){.tdb_single_content .id_ad_content-horiz-left{margin-right:0}}@media (max-width:767px){.tdb_single_content .id_ad_content-horiz-right{margin-left:0}}@media (max-width:767px){.tdb_single_content .td-a-ad{float:none;text-align:center}.tdb_single_content .td-a-ad img{margin-right:auto;margin-left:auto}.tdb_single_content .tdc-a-ad{float:none}}<\/style>\n<div class=\"tdb-block-inner td-fix-index\">\n<p><strong>\u201eJe\u015bli oka\u017ce si\u0119, \u017ce \u017ar\u00f3d\u0142em by\u0142 \u017burek <strong>Rubcow<\/strong>agenta GRU, rodzi powa\u017cne pytania dotycz\u0105ce jego przysz\u0142o\u015bci w rz\u0105dzie i konieczno\u015bci wszcz\u0119cia okre\u015blonych post\u0119powa\u0144\u201d<\/strong> powiedzia\u0142 <em>Prawo i Sprawiedliwo\u015b\u0107<\/em> (<em>PiS<\/em>) Pose\u0142 Pawe\u0142 Jab\u0142o\u0144ski na antenie o godz <em>Telewizja Republika<\/em>. Polityk PiS poinformowa\u0142 tak\u017ce, \u017ce skierowa\u0142 do \u017burka oficjalne zapytanie parlamentarne w tej w\u0142a\u015bnie sprawie. <strong>&#8222;Trzeba to od razu wyja\u015bni\u0107 &#8211; kim w\u0142a\u015bciwie jest pan \u017burek? Sk\u0105d taka siatka powi\u0105za\u0144?&#8221;<\/strong> zaapelowa\u0142 Tomasz Sakiewicz, prezes <em>Telewizja Republika<\/em>.<\/p>\n<p>Kr\u00f3tki fragment wywiadu udzielonego przez Waldemara \u017burka \u2013 w\u00f3wczas s\u0119dziego S\u0105du Okr\u0119gowego w Krakowie i cz\u0142onka Zespo\u0142u ds. <em>Krajowa Rada S\u0105downictwa<\/em> (<em>KRS<\/em>), a obecnie Minister Sprawiedliwo\u015bci \u2013 do <em>TOKFM<\/em> radio, cieszy si\u0119 coraz wi\u0119kszym zainteresowaniem.<\/p>\n<p>Rozmowa odby\u0142a si\u0119 19 maja 2016 roku, nied\u0142ugo po zwyci\u0119stwie <em>Prawo i Sprawiedliwo\u015b\u0107<\/em> w wyborach parlamentarnych. Nied\u0142ugo potem wesz\u0142a w \u017cycie ustawa o <em>Trybuna\u0142 Konstytucyjny<\/em> zosta\u0142a uchwalona, \u200b\u200bwprowadzaj\u0105c m.in. obowi\u0105zek ponownego wyboru s\u0119dzi\u00f3w.<\/p>\n<p>\u017burek grzmia\u0142 w\u00f3wczas, \u017ce zgadza si\u0119 z dzia\u0142aniami instytucji europejskich reaguj\u0105cych na sytuacj\u0119 wok\u00f3\u0142 Trybuna\u0142u. Wypali\u0142, \u017ce zaraz po projekcie ustawy zaproponowanym przez <em>Prawo i Sprawiedliwo\u015b\u0107<\/em> pojawi\u0142 si\u0119, <strong>\u201enatychmiast otrzyma\u0142 telefon z Hiszpanii od wa\u017cnego dziennikarza\u201d.<\/strong><\/p>\n<figure class=\"wp-block-embed is-type-rich is-provider-twitter wp-block-embed-twitter\">\n<div class=\"wp-block-embed__wrapper\">\n<blockquote class=\"twitter-tweet\" data-width=\"550\" data-dnt=\"true\">\n<p lang=\"pl\" dir=\"ltr\">Panie Ministrze <a rel=\"nofollow\" href=\"https:\/\/twitter.com\/w_zurek?ref_src=twsrc%5Etfw\">@w_zurek<\/a>czy \u0142\u0105czy Pana po\u0142\u0105czenie z Pablo Gonzalezem? <a rel=\"nofollow\" href=\"https:\/\/t.co\/v2FiUTqSuU\">pic.twitter.com\/v2FiUTqSuU<\/a><\/p>\n<p>\u2014 Pawe\u0142 Rybicki (@Rybitzky) <a rel=\"nofollow\" href=\"https:\/\/twitter.com\/Rybitzky\/status\/1987271620516364325?ref_src=twsrc%5Etfw\">8 listopada 2025 r<\/a><\/p><\/blockquote>\n<\/div>\n<\/figure>\n<p>\u0141\u0105cz\u0105c kropki: nied\u0142ugo potem na portalu hiszpa\u0144skim (baskijskim) pojawi\u0142 si\u0119 artyku\u0142 <em>naiz.eu<\/em>napisany przez \u201ehiszpa\u0144skiego\u201d dziennikarza o \u201epolskiej demokracji w tarapatach\u201d. A kto by\u0142 jego autorem? Cz\u0142owiek znany w Polsce pod dwoma nazwiskami \u2013 Pablo Gonz\u00e1lez, znany te\u017c jako Pavel Rubtsov \u2013 rosyjski szpieg.<\/p>\n<p>Szpieg Pawe\u0142 Rubcow zosta\u0142 zwolniony z polskiego wi\u0119zienia w ramach wymiany wi\u0119\u017ani\u00f3w mi\u0119dzy krajami zachodnimi a Rosj\u0105. Pod koniec lipca ubieg\u0142ego roku opu\u015bci\u0142 Polsk\u0119, a na lotnisku powita\u0142 go nie kto inny jak W\u0142adimir Putin. Rubcow dzia\u0142a\u0142 w Polsce, wykorzystuj\u0105c sw\u00f3j status dziennikarza (podaj\u0105c si\u0119 za Hiszpana Pabla Gonz\u00e1leza) do zbierania informacji wywiadowczych na Ukrainie dla rosyjskich s\u0142u\u017cb specjalnych. D\u0105\u017cy\u0142 tak\u017ce do zdobycia zaufania rosyjskich dzia\u0142aczy opozycji. W Polsce budowa\u0142 bliskie relacje z kobietami, m.in. z Magdalen\u0105 Ch., dziennikark\u0105 swobodnie poruszaj\u0105c\u0105 si\u0119 w kr\u0119gach politycznych, obecn\u0105 nawet na <em>TVP<\/em> centrali podczas nielegalnego przej\u0119cia medi\u00f3w publicznych.<\/p>\n<p>Jak ustali\u0142y nasze \u017ar\u00f3d\u0142a, w telefonie rosyjskiego szpiega Paw\u0142a Rubcowa znajdowa\u0142y si\u0119 dane kontaktowe obecnego Ministra Sprawiedliwo\u015bci Waldemara \u017burka oraz korespondencja prowadzona za po\u015brednictwem komunikator\u00f3w. Wed\u0142ug naszych informator\u00f3w z <em>Agencja Bezpiecze\u0144stwa Wewn\u0119trznego (ABW)<\/em>po dzisiejszych raportach atmosfera w s\u0142u\u017cbie z ka\u017cd\u0105 godzin\u0105 staje si\u0119 coraz bardziej napi\u0119ta. Za kulisami m\u00f3wi si\u0119 o \u201e\u015bcis\u0142ych konsultacjach\u201d i \u201eniespodziewanych powi\u0105zaniach\u201d, kt\u00f3rych ujawnienie mog\u0142oby zachwia\u0107 polityczn\u0105 przysz\u0142o\u015bci\u0105 ministra \u017burka \u2013 napisa\u0142 u\u017cytkownik X.<\/p>\n<figure class=\"wp-block-embed is-type-rich is-provider-twitter wp-block-embed-twitter\">\n<div class=\"wp-block-embed__wrapper\">\n<blockquote class=\"twitter-tweet\" data-width=\"550\" data-dnt=\"true\">\n<p lang=\"pl\" dir=\"ltr\">Nasze News: Jak ustalili\u015bmy, w j\u0119zyku rosyjskiego szpiega Paw\u0142a Rubcowa kontrolowana przez kontakt do ministra \u015bcigania Waldemara \u017burka, a tak\u017ce korespondencja prowadzona za po\u015brednictwem komunikator\u00f3w.<br \/>Zdaniem naszych informator\u00f3w z ABW atmosfera w ministerstwie po\u2026<\/p>\n<p>\u2014 Jack Strong \ud83c\uddf5\ud83c\uddf1 (@JackStrongPL) <a rel=\"nofollow\" href=\"https:\/\/twitter.com\/JackStrongPL\/status\/1987559320918077709?ref_src=twsrc%5Etfw\">9 listopada 2025 r<\/a><\/p><\/blockquote>\n<\/div>\n<\/figure>\n<h2 class=\"wp-block-heading\"><strong>Czy \u017burek zdradzi, z kim rozmawia\u0142?<\/strong><\/h2>\n<p>Sprawa, bior\u0105c pod uwag\u0119 fakt, \u017ce \u017burek pe\u0142ni obecnie funkcj\u0119 Ministra Sprawiedliwo\u015bci, budzi coraz wi\u0119ksze zaniepokojenie i konkretne pytania. By\u0142o to omawiane dzisiaj w sprawie <em>Telewizja Republika<\/em> Paw\u0142a Jab\u0142o\u0144skiego, by\u0142ego wiceministra spraw zagranicznych.<\/p>\n<figure class=\"wp-block-pullquote\">\n<blockquote>\n<p><strong>&#8222;Takie pytania trzeba stawia\u0107. Dlatego dzi\u015b rano skierowa\u0142em oficjalne zapytanie parlamentarne do Ministra Sprawiedliwo\u015bci, prosz\u0105c o podanie nazwiska dziennikarza, z kt\u00f3rym si\u0119 w\u00f3wczas kontaktowa\u0142. Oraz czy kiedykolwiek kontaktowa\u0142 si\u0119 z cz\u0142owiekiem, kt\u00f3ry czasami nazywa\u0142 si\u0119 Pablo Gonz\u00e1lez, a innym razem Pavel Rubtsov. Putin wita\u0142 go osobi\u015bcie w Moskwie &#8211; wszyscy widzieli\u015bmy te zdj\u0119cia. Przecie\u017c by\u0142 przetrzymywany w Polsce pod <em>Prawo i Sprawiedliwo\u015b\u0107<\/em>ale pod <em>Platforma Obywatelska<\/em> zosta\u0142 przekazany Putinowi praktycznie za darmo\u201d<\/strong> \u2013 powiedzia\u0142 polityk.<\/p>\n<\/blockquote>\n<\/figure>\n<figure class=\"wp-block-pullquote\">\n<blockquote>\n<p>Kontynuowa\u0142: <strong>\u201eJe\u015bli pan \u017burek w 2016 roku jako s\u0119dzia, cz\u0142onek i rzecznik prasowy <em>Krajowa Rada S\u0105downictwa<\/em>skontaktowa\u0142 si\u0119 z hiszpa\u0144skim dziennikarzem \u2013 nie wiemy z kim dok\u0142adnie \u2013 to \u017ale o nim \u015bwiadczy. Jako s\u0119dzia by\u0142 zobowi\u0105zany zachowa\u0107 apolityczno\u015b\u0107. Je\u015bli atakowa\u0142 rz\u0105d z powod\u00f3w politycznych, \u0142ama\u0142 tak\u017ce Konstytucj\u0119 i zasady dyscyplinarne s\u0119dzi\u00f3w. Wkr\u00f3tce potem Gonz\u00e1lez\/<strong>Rubcow<\/strong>pisa\u0142 o Polsce, atakuj\u0105c polski rz\u0105d za rzekome naruszenie praworz\u0105dno\u015bci. Mam nadziej\u0119, \u017ce \u017burek odwa\u017cy si\u0119 ujawni\u0107, z kim si\u0119 kontaktowa\u0142 \u2013 i czy by\u0142 to Rubcow. Je\u015bli oka\u017ce si\u0119, \u017ce \u017ar\u00f3d\u0142em by\u0142 \u017burek <strong>Rubcow<\/strong>agenta GRU, rodzi powa\u017cne pytania dotycz\u0105ce jego przysz\u0142o\u015bci w rz\u0105dzie i konieczno\u015bci wszcz\u0119cia okre\u015blonych post\u0119powa\u0144\u201d.<\/strong><\/p>\n<\/blockquote>\n<\/figure>\n<h2 class=\"wp-block-heading\"><strong>Sakiewicz: To jest zagro\u017cenie dla bezpiecze\u0144stwa pa\u0144stwa<\/strong><\/h2>\n<p><strong>\u201eTo, co dzieje si\u0119 wok\u00f3\u0142 ministra Waldemara \u017burka, wymaga reakcji najwy\u017cszych w\u0142adz pa\u0144stwowych\u201d<\/strong> oceni\u0142 Tomasz Sakiewicz, prezes <em>Telewizja Republika<\/em>.<\/p>\n<p>Podkre\u015bli\u0142, \u017ce konieczne jest wyja\u015bnienie, czy <strong>\u201e\u017burek jest w dalszym ci\u0105gu w kontakcie <strong>Rubcow<\/strong>.\u201d<\/strong><\/p>\n<figure class=\"wp-block-pullquote\">\n<blockquote>\n<p><strong>&#8222;Wiemy, \u017ce by\u0142. Wiemy te\u017c, \u017ce awansowa\u0142, jak ujawni\u0142 szef RP <em>Krajowa Rada S\u0105downictwa<\/em>s\u0119dzia (Tomasz) Szmydt, kt\u00f3ry obecnie ukrywa si\u0119 na Bia\u0142orusi. Ca\u0142a ta sprawa \u015bmierdzi czerstw\u0105 zup\u0105 \u2013 i to wschodni\u0105. Trzeba od razu wyja\u015bni\u0107, kim tak naprawd\u0119 jest pan \u017burek i sk\u0105d wzi\u0119\u0142a si\u0119 ta sie\u0107 powi\u0105za\u0144. Publicznie pochwali\u0142 <strong>Rubcow<\/strong>publicznie m\u00f3wi\u0142 o swoich kontaktach \u2013 dopiero wtedy, <strong>Rubcow<\/strong><\/strong> <strong>nazywa\u0142o si\u0119 nieco inaczej. Spraw\u0119 t\u0119 nale\u017cy natychmiast wyja\u015bni\u0107, gdy\u017c stanowi ona zagro\u017cenie dla bezpiecze\u0144stwa pa\u0144stwa. Je\u015bli konstytucyjny minister sprawiedliwo\u015bci przechwala\u0142 si\u0119 kontaktami ze szpiegiem osobi\u015bcie powitanym przez Putina, a p\u00f3\u017aniej awansowa\u0142 innego szpiega, kt\u00f3ry uciek\u0142 na Bia\u0142oru\u015b \u2013 jest to zagro\u017cenie dla bezpiecze\u0144stwa pa\u0144stwa i zar\u00f3wno Prezydent RP, jak i Premier musz\u0105 zareagowa\u0107. Nale\u017cy niezw\u0142ocznie wyja\u015bni\u0107, w jakim stopniu pan \u017burek by\u0142 uzale\u017cniony od tych ludzi i jakie by\u0142y ich powi\u0105zania\u201d<\/strong> \u2013 powiedzia\u0142 Tomasz Sakiewicz.<\/p>\n<\/blockquote>\n<\/figure>\n<h2 class=\"wp-block-heading\">Przeczytaj tak\u017ce:<\/h2>\n<figure class=\"wp-block-embed is-type-wp-embed is-provider-polanddaily-24-com wp-block-embed-polanddaily-24-com\">\n<div class=\"wp-block-embed__wrapper\">\n<blockquote class=\"wp-embedded-content\" data-secret=\"Toaque8QDW\"><p>\u201eNatychmiast otrzyma\u0142em telefon\u201d. Z kim \u017burek rozmawia\u0142? Nasuwaj\u0105 si\u0119 niebezpieczne wnioski<\/p><\/blockquote>\n<p><iframe class=\"wp-embedded-content lazyload\" sandbox=\"allow-scripts\" security=\"restricted\" style=\"position: absolute; visibility: hidden;\" title=\"\u201c\u201cI got a phone call immediately.\u201d Who did \u017burek talk to? Dangerous conclusions arise\u201d \u2014 PolandDaily24.com\" data-secret=\"Toaque8QDW\" width=\"600\" height=\"338\" frameborder=\"0\" marginwidth=\"0\" marginheight=\"0\" scrolling=\"no\" data-src=\"https:\/\/polanddaily24.com\/i-got-a-phone-call-immediately-who-did-zurek-talk-to-dangerous-conclusions-arise\/poland-today\/62511\/embed#?secret=xgVEIvaOpD#?secret=Toaque8QDW\"><\/iframe>\n<\/div>\n<\/figure>\n<\/div>\n<\/div>\n<p><script async src=\"https:\/\/platform.twitter.com\/widgets.js\" charset=\"utf-8\"><\/script><\/p>\n","protected":false},"excerpt":{"rendered":"<p>\u201eJe\u015bli oka\u017ce si\u0119, \u017ce \u017ar\u00f3d\u0142em by\u0142 \u017burek Rubcowagenta GRU, rodzi powa\u017cne pytania dotycz\u0105ce jego przysz\u0142o\u015bci w rz\u0105dzie i konieczno\u015bci wszcz\u0119cia<\/p>\n","protected":false},"author":1,"featured_media":10392,"comment_status":"open","ping_status":"open","sticky":false,"template":"","format":"standard","meta":{"footnotes":""},"categories":[4748],"tags":[2852,501,131,111,11871,1717,11872,2686,2357,150,2814,1511,141,4131],"class_list":["post-10391","post","type-post","status-publish","format-standard","has-post-thumbnail","hentry","category-aktualne","tag-bezpieczenstwa","tag-czy","tag-dla","tag-jest","tag-kontaktowal","tag-panstwa","tag-potrzebna","tag-reakcja","tag-rubcowem","tag-sie","tag-stanowi","tag-szybka","tag-zagrozenie","tag-zurek","generate-columns","tablet-grid-50","mobile-grid-100","grid-parent","grid-50","resize-featured-image"],"yoast_head":"<!-- This site is optimized with the Yoast SEO plugin v23.2 - https:\/\/yoast.com\/wordpress\/plugins\/seo\/ -->\n<title>Czy \u017burek kontaktowa\u0142 si\u0119 z Rubcowem? Potrzebna jest szybka reakcja: \u201eTo stanowi zagro\u017cenie dla bezpiecze\u0144stwa pa\u0144stwa\u201d - POGOTOWIE FLAGOWE\u00ae<\/title>\n<meta name=\"robots\" content=\"index, follow, max-snippet:-1, max-image-preview:large, max-video-preview:-1\" \/>\n<link rel=\"canonical\" href=\"https:\/\/www.pogotowieflagowe.pl\/aktualne\/czy-zurek-kontaktowal-sie-z-rubcowem-potrzebna-jest-szybka-reakcja-to-stanowi-zagrozenie-dla-bezpieczenstwa-panstwa\/\" \/>\n<meta property=\"og:locale\" content=\"pl_PL\" \/>\n<meta property=\"og:type\" content=\"article\" \/>\n<meta property=\"og:title\" content=\"Czy \u017burek kontaktowa\u0142 si\u0119 z Rubcowem? Potrzebna jest szybka reakcja: \u201eTo stanowi zagro\u017cenie dla bezpiecze\u0144stwa pa\u0144stwa\u201d - POGOTOWIE FLAGOWE\u00ae\" \/>\n<meta property=\"og:description\" content=\"\u201eJe\u015bli oka\u017ce si\u0119, \u017ce \u017ar\u00f3d\u0142em by\u0142 \u017burek Rubcowagenta GRU, rodzi powa\u017cne pytania dotycz\u0105ce jego przysz\u0142o\u015bci w rz\u0105dzie i konieczno\u015bci wszcz\u0119cia\" \/>\n<meta property=\"og:url\" content=\"https:\/\/www.pogotowieflagowe.pl\/aktualne\/czy-zurek-kontaktowal-sie-z-rubcowem-potrzebna-jest-szybka-reakcja-to-stanowi-zagrozenie-dla-bezpieczenstwa-panstwa\/\" \/>\n<meta property=\"og:site_name\" content=\"POGOTOWIE FLAGOWE\u00ae\" \/>\n<meta property=\"article:published_time\" content=\"2025-11-10T13:38:39+00:00\" \/>\n<meta property=\"article:modified_time\" content=\"2025-11-10T13:38:41+00:00\" \/>\n<meta property=\"og:image\" content=\"https:\/\/www.pogotowieflagowe.pl\/aktualne\/wp-content\/uploads\/2025\/11\/Czy-Zurek-kontaktowal-sie-z-Rubcowem-Potrzebna-jest-szybka-reakcja.webp.webp\" \/>\n\t<meta property=\"og:image:width\" content=\"1280\" \/>\n\t<meta property=\"og:image:height\" content=\"720\" \/>\n\t<meta property=\"og:image:type\" content=\"image\/webp\" \/>\n<meta name=\"author\" content=\"Filip\" \/>\n<meta name=\"twitter:card\" content=\"summary_large_image\" \/>\n<meta name=\"twitter:label1\" content=\"Napisane przez\" \/>\n\t<meta name=\"twitter:data1\" content=\"Filip\" \/>\n\t<meta name=\"twitter:label2\" content=\"Szacowany czas czytania\" \/>\n\t<meta name=\"twitter:data2\" content=\"5 minut\" \/>\n<script type=\"application\/ld+json\" class=\"yoast-schema-graph\">{\"@context\":\"https:\/\/schema.org\",\"@graph\":[{\"@type\":\"Article\",\"@id\":\"https:\/\/www.pogotowieflagowe.pl\/aktualne\/czy-zurek-kontaktowal-sie-z-rubcowem-potrzebna-jest-szybka-reakcja-to-stanowi-zagrozenie-dla-bezpieczenstwa-panstwa\/#article\",\"isPartOf\":{\"@id\":\"https:\/\/www.pogotowieflagowe.pl\/aktualne\/czy-zurek-kontaktowal-sie-z-rubcowem-potrzebna-jest-szybka-reakcja-to-stanowi-zagrozenie-dla-bezpieczenstwa-panstwa\/\"},\"author\":{\"name\":\"Filip\",\"@id\":\"https:\/\/www.pogotowieflagowe.pl\/aktualne\/#\/schema\/person\/9c2fb7d2362ebf6fa088960d7f0d27b0\"},\"headline\":\"Czy \u017burek kontaktowa\u0142 si\u0119 z Rubcowem? Potrzebna jest szybka reakcja: \u201eTo stanowi zagro\u017cenie dla bezpiecze\u0144stwa pa\u0144stwa\u201d\",\"datePublished\":\"2025-11-10T13:38:39+00:00\",\"dateModified\":\"2025-11-10T13:38:41+00:00\",\"mainEntityOfPage\":{\"@id\":\"https:\/\/www.pogotowieflagowe.pl\/aktualne\/czy-zurek-kontaktowal-sie-z-rubcowem-potrzebna-jest-szybka-reakcja-to-stanowi-zagrozenie-dla-bezpieczenstwa-panstwa\/\"},\"wordCount\":1058,\"commentCount\":0,\"publisher\":{\"@id\":\"https:\/\/www.pogotowieflagowe.pl\/aktualne\/#organization\"},\"image\":{\"@id\":\"https:\/\/www.pogotowieflagowe.pl\/aktualne\/czy-zurek-kontaktowal-sie-z-rubcowem-potrzebna-jest-szybka-reakcja-to-stanowi-zagrozenie-dla-bezpieczenstwa-panstwa\/#primaryimage\"},\"thumbnailUrl\":\"https:\/\/www.pogotowieflagowe.pl\/aktualne\/wp-content\/uploads\/2025\/11\/Czy-Zurek-kontaktowal-sie-z-Rubcowem-Potrzebna-jest-szybka-reakcja.webp.webp\",\"keywords\":[\"bezpiecze\u0144stwa\",\"Czy\",\"dla\",\"jest\",\"kontaktowa\u0142\",\"pa\u0144stwa\",\"Potrzebna\",\"reakcja\",\"Rubcowem\",\"si\u0119\",\"stanowi\",\"szybk\u0105\",\"zagro\u017cenie\",\"\u017burek\"],\"articleSection\":[\"Aktualne\"],\"inLanguage\":\"pl-PL\",\"potentialAction\":[{\"@type\":\"CommentAction\",\"name\":\"Comment\",\"target\":[\"https:\/\/www.pogotowieflagowe.pl\/aktualne\/czy-zurek-kontaktowal-sie-z-rubcowem-potrzebna-jest-szybka-reakcja-to-stanowi-zagrozenie-dla-bezpieczenstwa-panstwa\/#respond\"]}]},{\"@type\":\"WebPage\",\"@id\":\"https:\/\/www.pogotowieflagowe.pl\/aktualne\/czy-zurek-kontaktowal-sie-z-rubcowem-potrzebna-jest-szybka-reakcja-to-stanowi-zagrozenie-dla-bezpieczenstwa-panstwa\/\",\"url\":\"https:\/\/www.pogotowieflagowe.pl\/aktualne\/czy-zurek-kontaktowal-sie-z-rubcowem-potrzebna-jest-szybka-reakcja-to-stanowi-zagrozenie-dla-bezpieczenstwa-panstwa\/\",\"name\":\"Czy \u017burek kontaktowa\u0142 si\u0119 z Rubcowem? Potrzebna jest szybka reakcja: \u201eTo stanowi zagro\u017cenie dla bezpiecze\u0144stwa pa\u0144stwa\u201d - POGOTOWIE FLAGOWE\u00ae\",\"isPartOf\":{\"@id\":\"https:\/\/www.pogotowieflagowe.pl\/aktualne\/#website\"},\"primaryImageOfPage\":{\"@id\":\"https:\/\/www.pogotowieflagowe.pl\/aktualne\/czy-zurek-kontaktowal-sie-z-rubcowem-potrzebna-jest-szybka-reakcja-to-stanowi-zagrozenie-dla-bezpieczenstwa-panstwa\/#primaryimage\"},\"image\":{\"@id\":\"https:\/\/www.pogotowieflagowe.pl\/aktualne\/czy-zurek-kontaktowal-sie-z-rubcowem-potrzebna-jest-szybka-reakcja-to-stanowi-zagrozenie-dla-bezpieczenstwa-panstwa\/#primaryimage\"},\"thumbnailUrl\":\"https:\/\/www.pogotowieflagowe.pl\/aktualne\/wp-content\/uploads\/2025\/11\/Czy-Zurek-kontaktowal-sie-z-Rubcowem-Potrzebna-jest-szybka-reakcja.webp.webp\",\"datePublished\":\"2025-11-10T13:38:39+00:00\",\"dateModified\":\"2025-11-10T13:38:41+00:00\",\"breadcrumb\":{\"@id\":\"https:\/\/www.pogotowieflagowe.pl\/aktualne\/czy-zurek-kontaktowal-sie-z-rubcowem-potrzebna-jest-szybka-reakcja-to-stanowi-zagrozenie-dla-bezpieczenstwa-panstwa\/#breadcrumb\"},\"inLanguage\":\"pl-PL\",\"potentialAction\":[{\"@type\":\"ReadAction\",\"target\":[\"https:\/\/www.pogotowieflagowe.pl\/aktualne\/czy-zurek-kontaktowal-sie-z-rubcowem-potrzebna-jest-szybka-reakcja-to-stanowi-zagrozenie-dla-bezpieczenstwa-panstwa\/\"]}]},{\"@type\":\"ImageObject\",\"inLanguage\":\"pl-PL\",\"@id\":\"https:\/\/www.pogotowieflagowe.pl\/aktualne\/czy-zurek-kontaktowal-sie-z-rubcowem-potrzebna-jest-szybka-reakcja-to-stanowi-zagrozenie-dla-bezpieczenstwa-panstwa\/#primaryimage\",\"url\":\"https:\/\/www.pogotowieflagowe.pl\/aktualne\/wp-content\/uploads\/2025\/11\/Czy-Zurek-kontaktowal-sie-z-Rubcowem-Potrzebna-jest-szybka-reakcja.webp.webp\",\"contentUrl\":\"https:\/\/www.pogotowieflagowe.pl\/aktualne\/wp-content\/uploads\/2025\/11\/Czy-Zurek-kontaktowal-sie-z-Rubcowem-Potrzebna-jest-szybka-reakcja.webp.webp\",\"width\":1280,\"height\":720,\"caption\":\"Czy \u017burek kontaktowa\u0142 si\u0119 z Rubcowem? Potrzebna jest szybka reakcja: \u201eTo stanowi zagro\u017cenie dla bezpiecze\u0144stwa pa\u0144stwa\u201d\"},{\"@type\":\"BreadcrumbList\",\"@id\":\"https:\/\/www.pogotowieflagowe.pl\/aktualne\/czy-zurek-kontaktowal-sie-z-rubcowem-potrzebna-jest-szybka-reakcja-to-stanowi-zagrozenie-dla-bezpieczenstwa-panstwa\/#breadcrumb\",\"itemListElement\":[{\"@type\":\"ListItem\",\"position\":1,\"name\":\"Home\",\"item\":\"https:\/\/www.pogotowieflagowe.pl\/aktualne\/\"},{\"@type\":\"ListItem\",\"position\":2,\"name\":\"Czy \u017burek kontaktowa\u0142 si\u0119 z Rubcowem? Potrzebna jest szybka reakcja: \u201eTo stanowi zagro\u017cenie dla bezpiecze\u0144stwa pa\u0144stwa\u201d\"}]},{\"@type\":\"WebSite\",\"@id\":\"https:\/\/www.pogotowieflagowe.pl\/aktualne\/#website\",\"url\":\"https:\/\/www.pogotowieflagowe.pl\/aktualne\/\",\"name\":\"POGOTOWIE FLAGOWE\u00ae\",\"description\":\"\",\"publisher\":{\"@id\":\"https:\/\/www.pogotowieflagowe.pl\/aktualne\/#organization\"},\"potentialAction\":[{\"@type\":\"SearchAction\",\"target\":{\"@type\":\"EntryPoint\",\"urlTemplate\":\"https:\/\/www.pogotowieflagowe.pl\/aktualne\/?s={search_term_string}\"},\"query-input\":\"required name=search_term_string\"}],\"inLanguage\":\"pl-PL\"},{\"@type\":\"Organization\",\"@id\":\"https:\/\/www.pogotowieflagowe.pl\/aktualne\/#organization\",\"name\":\"POGOTOWIE FLAGOWE\u00ae\",\"url\":\"https:\/\/www.pogotowieflagowe.pl\/aktualne\/\",\"logo\":{\"@type\":\"ImageObject\",\"inLanguage\":\"pl-PL\",\"@id\":\"https:\/\/www.pogotowieflagowe.pl\/aktualne\/#\/schema\/logo\/image\/\",\"url\":\"https:\/\/www.pogotowieflagowe.pl\/aktualne\/wp-content\/uploads\/2024\/08\/cropped-pogotowieflagowe_flaga_projekt_sm.jpg\",\"contentUrl\":\"https:\/\/www.pogotowieflagowe.pl\/aktualne\/wp-content\/uploads\/2024\/08\/cropped-pogotowieflagowe_flaga_projekt_sm.jpg\",\"width\":250,\"height\":143,\"caption\":\"POGOTOWIE FLAGOWE\u00ae\"},\"image\":{\"@id\":\"https:\/\/www.pogotowieflagowe.pl\/aktualne\/#\/schema\/logo\/image\/\"}},{\"@type\":\"Person\",\"@id\":\"https:\/\/www.pogotowieflagowe.pl\/aktualne\/#\/schema\/person\/9c2fb7d2362ebf6fa088960d7f0d27b0\",\"name\":\"Filip\",\"image\":{\"@type\":\"ImageObject\",\"inLanguage\":\"pl-PL\",\"@id\":\"https:\/\/www.pogotowieflagowe.pl\/aktualne\/#\/schema\/person\/image\/\",\"url\":\"https:\/\/www.pogotowieflagowe.pl\/aktualne\/wp-content\/uploads\/2024\/08\/pogotowieflagowe.pl_.jpg\",\"contentUrl\":\"https:\/\/www.pogotowieflagowe.pl\/aktualne\/wp-content\/uploads\/2024\/08\/pogotowieflagowe.pl_.jpg\",\"caption\":\"Filip\"},\"description\":\"Jestem Filip, polski dziennikarz z dyplomem nauk politycznych Uniwersytetu Warszawskiego. Rozpoczynaj\u0105c swoj\u0105 karier\u0119 w r\u00f3\u017cnych lokalnych mediach, zdoby\u0142em solidne do\u015bwiadczenie w zakresie \u015bledztwa i redakcji. Obecnie jako redaktor w Pogotowie flagowe, staram si\u0119 dostarcza\u0107 dog\u0142\u0119bne i istotne analizy na temat najwa\u017cniejszych kwestii aktualno\u015bci, \u0142\u0105cz\u0105c rygor z pasj\u0105 dziennikarsk\u0105.\",\"sameAs\":[\"https:\/\/www.pogotowieflagowe.pl\/\"]}]}<\/script>\n<!-- \/ Yoast SEO plugin. -->","yoast_head_json":{"title":"Czy \u017burek kontaktowa\u0142 si\u0119 z Rubcowem? Potrzebna jest szybka reakcja: \u201eTo stanowi zagro\u017cenie dla bezpiecze\u0144stwa pa\u0144stwa\u201d - POGOTOWIE FLAGOWE\u00ae","robots":{"index":"index","follow":"follow","max-snippet":"max-snippet:-1","max-image-preview":"max-image-preview:large","max-video-preview":"max-video-preview:-1"},"canonical":"https:\/\/www.pogotowieflagowe.pl\/aktualne\/czy-zurek-kontaktowal-sie-z-rubcowem-potrzebna-jest-szybka-reakcja-to-stanowi-zagrozenie-dla-bezpieczenstwa-panstwa\/","og_locale":"pl_PL","og_type":"article","og_title":"Czy \u017burek kontaktowa\u0142 si\u0119 z Rubcowem? Potrzebna jest szybka reakcja: \u201eTo stanowi zagro\u017cenie dla bezpiecze\u0144stwa pa\u0144stwa\u201d - POGOTOWIE FLAGOWE\u00ae","og_description":"\u201eJe\u015bli oka\u017ce si\u0119, \u017ce \u017ar\u00f3d\u0142em by\u0142 \u017burek Rubcowagenta GRU, rodzi powa\u017cne pytania dotycz\u0105ce jego przysz\u0142o\u015bci w rz\u0105dzie i konieczno\u015bci wszcz\u0119cia","og_url":"https:\/\/www.pogotowieflagowe.pl\/aktualne\/czy-zurek-kontaktowal-sie-z-rubcowem-potrzebna-jest-szybka-reakcja-to-stanowi-zagrozenie-dla-bezpieczenstwa-panstwa\/","og_site_name":"POGOTOWIE FLAGOWE\u00ae","article_published_time":"2025-11-10T13:38:39+00:00","article_modified_time":"2025-11-10T13:38:41+00:00","og_image":[{"width":1280,"height":720,"url":"https:\/\/www.pogotowieflagowe.pl\/aktualne\/wp-content\/uploads\/2025\/11\/Czy-Zurek-kontaktowal-sie-z-Rubcowem-Potrzebna-jest-szybka-reakcja.webp.webp","type":"image\/webp"}],"author":"Filip","twitter_card":"summary_large_image","twitter_misc":{"Napisane przez":"Filip","Szacowany czas czytania":"5 minut"},"schema":{"@context":"https:\/\/schema.org","@graph":[{"@type":"Article","@id":"https:\/\/www.pogotowieflagowe.pl\/aktualne\/czy-zurek-kontaktowal-sie-z-rubcowem-potrzebna-jest-szybka-reakcja-to-stanowi-zagrozenie-dla-bezpieczenstwa-panstwa\/#article","isPartOf":{"@id":"https:\/\/www.pogotowieflagowe.pl\/aktualne\/czy-zurek-kontaktowal-sie-z-rubcowem-potrzebna-jest-szybka-reakcja-to-stanowi-zagrozenie-dla-bezpieczenstwa-panstwa\/"},"author":{"name":"Filip","@id":"https:\/\/www.pogotowieflagowe.pl\/aktualne\/#\/schema\/person\/9c2fb7d2362ebf6fa088960d7f0d27b0"},"headline":"Czy \u017burek kontaktowa\u0142 si\u0119 z Rubcowem? Potrzebna jest szybka reakcja: \u201eTo stanowi zagro\u017cenie dla bezpiecze\u0144stwa pa\u0144stwa\u201d","datePublished":"2025-11-10T13:38:39+00:00","dateModified":"2025-11-10T13:38:41+00:00","mainEntityOfPage":{"@id":"https:\/\/www.pogotowieflagowe.pl\/aktualne\/czy-zurek-kontaktowal-sie-z-rubcowem-potrzebna-jest-szybka-reakcja-to-stanowi-zagrozenie-dla-bezpieczenstwa-panstwa\/"},"wordCount":1058,"commentCount":0,"publisher":{"@id":"https:\/\/www.pogotowieflagowe.pl\/aktualne\/#organization"},"image":{"@id":"https:\/\/www.pogotowieflagowe.pl\/aktualne\/czy-zurek-kontaktowal-sie-z-rubcowem-potrzebna-jest-szybka-reakcja-to-stanowi-zagrozenie-dla-bezpieczenstwa-panstwa\/#primaryimage"},"thumbnailUrl":"https:\/\/www.pogotowieflagowe.pl\/aktualne\/wp-content\/uploads\/2025\/11\/Czy-Zurek-kontaktowal-sie-z-Rubcowem-Potrzebna-jest-szybka-reakcja.webp.webp","keywords":["bezpiecze\u0144stwa","Czy","dla","jest","kontaktowa\u0142","pa\u0144stwa","Potrzebna","reakcja","Rubcowem","si\u0119","stanowi","szybk\u0105","zagro\u017cenie","\u017burek"],"articleSection":["Aktualne"],"inLanguage":"pl-PL","potentialAction":[{"@type":"CommentAction","name":"Comment","target":["https:\/\/www.pogotowieflagowe.pl\/aktualne\/czy-zurek-kontaktowal-sie-z-rubcowem-potrzebna-jest-szybka-reakcja-to-stanowi-zagrozenie-dla-bezpieczenstwa-panstwa\/#respond"]}]},{"@type":"WebPage","@id":"https:\/\/www.pogotowieflagowe.pl\/aktualne\/czy-zurek-kontaktowal-sie-z-rubcowem-potrzebna-jest-szybka-reakcja-to-stanowi-zagrozenie-dla-bezpieczenstwa-panstwa\/","url":"https:\/\/www.pogotowieflagowe.pl\/aktualne\/czy-zurek-kontaktowal-sie-z-rubcowem-potrzebna-jest-szybka-reakcja-to-stanowi-zagrozenie-dla-bezpieczenstwa-panstwa\/","name":"Czy \u017burek kontaktowa\u0142 si\u0119 z Rubcowem? Potrzebna jest szybka reakcja: \u201eTo stanowi zagro\u017cenie dla bezpiecze\u0144stwa pa\u0144stwa\u201d - POGOTOWIE FLAGOWE\u00ae","isPartOf":{"@id":"https:\/\/www.pogotowieflagowe.pl\/aktualne\/#website"},"primaryImageOfPage":{"@id":"https:\/\/www.pogotowieflagowe.pl\/aktualne\/czy-zurek-kontaktowal-sie-z-rubcowem-potrzebna-jest-szybka-reakcja-to-stanowi-zagrozenie-dla-bezpieczenstwa-panstwa\/#primaryimage"},"image":{"@id":"https:\/\/www.pogotowieflagowe.pl\/aktualne\/czy-zurek-kontaktowal-sie-z-rubcowem-potrzebna-jest-szybka-reakcja-to-stanowi-zagrozenie-dla-bezpieczenstwa-panstwa\/#primaryimage"},"thumbnailUrl":"https:\/\/www.pogotowieflagowe.pl\/aktualne\/wp-content\/uploads\/2025\/11\/Czy-Zurek-kontaktowal-sie-z-Rubcowem-Potrzebna-jest-szybka-reakcja.webp.webp","datePublished":"2025-11-10T13:38:39+00:00","dateModified":"2025-11-10T13:38:41+00:00","breadcrumb":{"@id":"https:\/\/www.pogotowieflagowe.pl\/aktualne\/czy-zurek-kontaktowal-sie-z-rubcowem-potrzebna-jest-szybka-reakcja-to-stanowi-zagrozenie-dla-bezpieczenstwa-panstwa\/#breadcrumb"},"inLanguage":"pl-PL","potentialAction":[{"@type":"ReadAction","target":["https:\/\/www.pogotowieflagowe.pl\/aktualne\/czy-zurek-kontaktowal-sie-z-rubcowem-potrzebna-jest-szybka-reakcja-to-stanowi-zagrozenie-dla-bezpieczenstwa-panstwa\/"]}]},{"@type":"ImageObject","inLanguage":"pl-PL","@id":"https:\/\/www.pogotowieflagowe.pl\/aktualne\/czy-zurek-kontaktowal-sie-z-rubcowem-potrzebna-jest-szybka-reakcja-to-stanowi-zagrozenie-dla-bezpieczenstwa-panstwa\/#primaryimage","url":"https:\/\/www.pogotowieflagowe.pl\/aktualne\/wp-content\/uploads\/2025\/11\/Czy-Zurek-kontaktowal-sie-z-Rubcowem-Potrzebna-jest-szybka-reakcja.webp.webp","contentUrl":"https:\/\/www.pogotowieflagowe.pl\/aktualne\/wp-content\/uploads\/2025\/11\/Czy-Zurek-kontaktowal-sie-z-Rubcowem-Potrzebna-jest-szybka-reakcja.webp.webp","width":1280,"height":720,"caption":"Czy \u017burek kontaktowa\u0142 si\u0119 z Rubcowem? Potrzebna jest szybka reakcja: \u201eTo stanowi zagro\u017cenie dla bezpiecze\u0144stwa pa\u0144stwa\u201d"},{"@type":"BreadcrumbList","@id":"https:\/\/www.pogotowieflagowe.pl\/aktualne\/czy-zurek-kontaktowal-sie-z-rubcowem-potrzebna-jest-szybka-reakcja-to-stanowi-zagrozenie-dla-bezpieczenstwa-panstwa\/#breadcrumb","itemListElement":[{"@type":"ListItem","position":1,"name":"Home","item":"https:\/\/www.pogotowieflagowe.pl\/aktualne\/"},{"@type":"ListItem","position":2,"name":"Czy \u017burek kontaktowa\u0142 si\u0119 z Rubcowem? Potrzebna jest szybka reakcja: \u201eTo stanowi zagro\u017cenie dla bezpiecze\u0144stwa pa\u0144stwa\u201d"}]},{"@type":"WebSite","@id":"https:\/\/www.pogotowieflagowe.pl\/aktualne\/#website","url":"https:\/\/www.pogotowieflagowe.pl\/aktualne\/","name":"POGOTOWIE FLAGOWE\u00ae","description":"","publisher":{"@id":"https:\/\/www.pogotowieflagowe.pl\/aktualne\/#organization"},"potentialAction":[{"@type":"SearchAction","target":{"@type":"EntryPoint","urlTemplate":"https:\/\/www.pogotowieflagowe.pl\/aktualne\/?s={search_term_string}"},"query-input":"required name=search_term_string"}],"inLanguage":"pl-PL"},{"@type":"Organization","@id":"https:\/\/www.pogotowieflagowe.pl\/aktualne\/#organization","name":"POGOTOWIE FLAGOWE\u00ae","url":"https:\/\/www.pogotowieflagowe.pl\/aktualne\/","logo":{"@type":"ImageObject","inLanguage":"pl-PL","@id":"https:\/\/www.pogotowieflagowe.pl\/aktualne\/#\/schema\/logo\/image\/","url":"https:\/\/www.pogotowieflagowe.pl\/aktualne\/wp-content\/uploads\/2024\/08\/cropped-pogotowieflagowe_flaga_projekt_sm.jpg","contentUrl":"https:\/\/www.pogotowieflagowe.pl\/aktualne\/wp-content\/uploads\/2024\/08\/cropped-pogotowieflagowe_flaga_projekt_sm.jpg","width":250,"height":143,"caption":"POGOTOWIE FLAGOWE\u00ae"},"image":{"@id":"https:\/\/www.pogotowieflagowe.pl\/aktualne\/#\/schema\/logo\/image\/"}},{"@type":"Person","@id":"https:\/\/www.pogotowieflagowe.pl\/aktualne\/#\/schema\/person\/9c2fb7d2362ebf6fa088960d7f0d27b0","name":"Filip","image":{"@type":"ImageObject","inLanguage":"pl-PL","@id":"https:\/\/www.pogotowieflagowe.pl\/aktualne\/#\/schema\/person\/image\/","url":"https:\/\/www.pogotowieflagowe.pl\/aktualne\/wp-content\/uploads\/2024\/08\/pogotowieflagowe.pl_.jpg","contentUrl":"https:\/\/www.pogotowieflagowe.pl\/aktualne\/wp-content\/uploads\/2024\/08\/pogotowieflagowe.pl_.jpg","caption":"Filip"},"description":"Jestem Filip, polski dziennikarz z dyplomem nauk politycznych Uniwersytetu Warszawskiego. Rozpoczynaj\u0105c swoj\u0105 karier\u0119 w r\u00f3\u017cnych lokalnych mediach, zdoby\u0142em solidne do\u015bwiadczenie w zakresie \u015bledztwa i redakcji. Obecnie jako redaktor w Pogotowie flagowe, staram si\u0119 dostarcza\u0107 dog\u0142\u0119bne i istotne analizy na temat najwa\u017cniejszych kwestii aktualno\u015bci, \u0142\u0105cz\u0105c rygor z pasj\u0105 dziennikarsk\u0105.","sameAs":["https:\/\/www.pogotowieflagowe.pl\/"]}]}},"_links":{"self":[{"href":"https:\/\/www.pogotowieflagowe.pl\/aktualne\/wp-json\/wp\/v2\/posts\/10391","targetHints":{"allow":["GET"]}}],"collection":[{"href":"https:\/\/www.pogotowieflagowe.pl\/aktualne\/wp-json\/wp\/v2\/posts"}],"about":[{"href":"https:\/\/www.pogotowieflagowe.pl\/aktualne\/wp-json\/wp\/v2\/types\/post"}],"author":[{"embeddable":true,"href":"https:\/\/www.pogotowieflagowe.pl\/aktualne\/wp-json\/wp\/v2\/users\/1"}],"replies":[{"embeddable":true,"href":"https:\/\/www.pogotowieflagowe.pl\/aktualne\/wp-json\/wp\/v2\/comments?post=10391"}],"version-history":[{"count":1,"href":"https:\/\/www.pogotowieflagowe.pl\/aktualne\/wp-json\/wp\/v2\/posts\/10391\/revisions"}],"predecessor-version":[{"id":10393,"href":"https:\/\/www.pogotowieflagowe.pl\/aktualne\/wp-json\/wp\/v2\/posts\/10391\/revisions\/10393"}],"wp:featuredmedia":[{"embeddable":true,"href":"https:\/\/www.pogotowieflagowe.pl\/aktualne\/wp-json\/wp\/v2\/media\/10392"}],"wp:attachment":[{"href":"https:\/\/www.pogotowieflagowe.pl\/aktualne\/wp-json\/wp\/v2\/media?parent=10391"}],"wp:term":[{"taxonomy":"category","embeddable":true,"href":"https:\/\/www.pogotowieflagowe.pl\/aktualne\/wp-json\/wp\/v2\/categories?post=10391"},{"taxonomy":"post_tag","embeddable":true,"href":"https:\/\/www.pogotowieflagowe.pl\/aktualne\/wp-json\/wp\/v2\/tags?post=10391"}],"curies":[{"name":"wp","href":"https:\/\/api.w.org\/{rel}","templated":true}]}}