{"id":10414,"date":"2025-11-10T22:59:19","date_gmt":"2025-11-10T21:59:19","guid":{"rendered":"https:\/\/www.pogotowieflagowe.pl\/aktualne\/to-nie-przypadek-prezydent-w-wywiadzie-dla-tv-republika-przypomina-o-prowokacjach-przeciwko-marszowi-niepodleglosci\/"},"modified":"2025-11-10T22:59:21","modified_gmt":"2025-11-10T21:59:21","slug":"to-nie-przypadek-prezydent-w-wywiadzie-dla-tv-republika-przypomina-o-prowokacjach-przeciwko-marszowi-niepodleglosci","status":"publish","type":"post","link":"https:\/\/www.pogotowieflagowe.pl\/aktualne\/to-nie-przypadek-prezydent-w-wywiadzie-dla-tv-republika-przypomina-o-prowokacjach-przeciwko-marszowi-niepodleglosci\/","title":{"rendered":"\u201eTo nie przypadek\u201d. Prezydent w wywiadzie dla TV Republika przypomina o prowokacjach przeciwko Marszowi Niepodleg\u0142o\u015bci"},"content":{"rendered":"\n<div class=\"td_block_wrap tdb_single_content tdi_41 td-pb-border-top td_block_template_8 td-post-content tagdiv-type\" data-td-block-uid=\"tdi_41\">\n<style>.tdi_41{margines-top:0px!important;margin-bottom:0px!important;dope\u0142nienie-g\u00f3ra:0px!important;dope\u0142nienie-d\u00f3\u0142:0px!important}<\/style>\n<style>.tdb_single_content{margin-bottom:0;*zoom:1}.tdb_single_content:before,.tdb_single_content:after{display:table;content:'';line-height:0}.tdb_single_content:after{clear:both}.tdb_single_content .tdb-block-inner>*:not(.wp-block-quote):not(.alignwide):not(.alignfull.wp-block-cover.has-parallax):not(.td-a-ad){margin-left:auto;margin-right:auto}.tdb_single_content a{pointer-events:auto}.tdb_single_content .td-spot-id-top_ad .tdc-placeholder-title:before{content:'Najlepsza reklama artyku\u0142u'!important}.tdb_single_content .td-spot-id-inline_ad0 .tdc-placeholder-title:before{content:'Reklama wbudowana artyku\u0142u 1'!important}.tdb_single_content .td-spot-id-inline_ad1 .tdc-placeholder-title:before{content:'Wbudowana reklama w artykule 2'!important}.tdb_single_content .td-spot-id-inline_ad2 .tdc-placeholder-title:before{content:'Wbudowana reklama w artykule 3'!important}.tdb_single_content .td-spot-id-bottom_ad .tdc-placeholder-title:before{content:'Article Bottom Ad'!important}.tdb_single_content .id_top_ad,.tdb_single_content .id_bottom_ad{clear:both;margin-bottom:21px;text-align:center}.tdb_single_content .id_top_ad img,.tdb_single_content .id_bottom_ad img{margin-bottom:0}.tdb_single_content .id_top_ad .adsbygoogle,.tdb_single_content .id_bottom_ad .adsbygoogle{position:relative}.tdb_single_content .id_ad_content-horiz-left,.tdb_single_content .id_ad_content-horiz-right,.tdb_single_content .id_ad_content-horiz-center{margin-bottom:15px}.tdb_single_content .id_ad_content-horiz-left img,.tdb_single_content .id_ad_content-horiz-right img,.tdb_single_content .id_ad_content-horiz-center img{margin-bottom:0}.tdb_single_content .id_ad_content-horiz-center{text-align:center}.tdb_single_content .id_ad_content-horiz-center img{margin-right:auto;margin-left:auto}.tdb_single_content .id_ad_content-horiz-left{float:left;margin-top:9px;margin-right:21px}.tdb_single_content .id_ad_content-horiz-right{float:right;margin-top:6px;margin-left:21px}.tdb_single_content .tdc-a-ad .tdc-placeholder-title{width:300px;height:250px}.tdb_single_content .tdc-a-ad .tdc-placeholder-title:before{position:absolute;top:50%;-webkit-transform:translateY(-50%);transform:translateY(-50%);margin:auto;display:table;width:100%}.tdb_single_content .tdb-block-inner.td-fix-index{word-break:break-word}.tdi_41,.tdi_41>p,.tdi_41 .tdb-block-inner>p,.wp-block-column>p{font-size:16px!important;line-height:1.6!important}.tdi_41 .tdb-block-inner blockquote p{font-style:normal!important}@media (max-width:767px){.tdb_single_content .id_ad_content-horiz-left,.tdb_single_content .id_ad_content-horiz-right,.tdb_single_content .id_ad_content-horiz-center{margin:0 auto 26 pikseli auto}}@media (max-width:767px){.tdb_single_content .id_ad_content-horiz-left{margin-right:0}}@media (max-width:767px){.tdb_single_content .id_ad_content-horiz-right{margin-left:0}}@media (max-width:767px){.tdb_single_content .td-a-ad{float:none;text-align:center}.tdb_single_content .td-a-ad img{margin-right:auto;margin-left:auto}.tdb_single_content .tdc-a-ad{float:none}}<\/style>\n<div class=\"tdb-block-inner td-fix-index\">\n<p>\u201e\u015awi\u0119to Niepodleg\u0142o\u015bci przypadaj\u0105ce 11 listopada to najpi\u0119kniejsze i najbardziej radosne \u015bwi\u0119to \u2013 takie, kt\u00f3re m\u00f3wi o naszej niepodleg\u0142o\u015bci i suwerenno\u015bci, ale tak\u017ce wyznacza konkretne zadania na nasz\u0105 przysz\u0142o\u015b\u0107\u201d \u2013 powiedzia\u0142 Prezydent Karol Nawrocki w rozmowie z TV Republika.<\/p>\n<h3 class=\"wp-block-heading\">Wywiad z Prezydentem w TV Republika<\/h3>\n<p>Prezydent Karol Nawrocki udzieli\u0142 wywiadu TV Republika, gdzie dziennikarka Danuta Holecka zapyta\u0142a go m.in. o znaczenie \u015awi\u0119ta Niepodleg\u0142o\u015bci. G\u0142owa pa\u0144stwa podkre\u015bli\u0142a, \u017ce \u200b\u200b\u201ejest to niew\u0105tpliwie najwa\u017cniejsze \u015bwi\u0119to w naszym historycznym kalendarzu \u2014 najbardziej znacz\u0105ca rocznica\u201d.<\/p>\n<p>&#8222;11 listopada, po zmaganiach pi\u0119ciu pokole\u0144 i konsekwentnym d\u0105\u017ceniu do wolnej i niepodleg\u0142ej Polski, ten dzie\u0144 sta\u0142 si\u0119 momentem, w kt\u00f3rym odzyskali\u015bmy w\u0142asny dom &#8211; nasz\u0105 Polsk\u0119. To najpi\u0119kniejsze i radosne \u015bwi\u0119to m\u00f3wi\u0105ce o naszej niepodleg\u0142o\u015bci i suwerenno\u015bci, ale te\u017c takie, kt\u00f3re stawia przed nami konkretne zadania na przysz\u0142o\u015b\u0107&#8221; &#8211; przypomnia\u0142.<\/p>\n<p>Prezydenta zapytano tak\u017ce o wcze\u015bniejsz\u0105 deklaracj\u0119 wzi\u0119cia czynnego udzia\u0142u w Marszu Niepodleg\u0142o\u015bci.<\/p>\n<p>&#8222;To nie b\u0119dzie pierwszy raz, kiedy b\u0119d\u0119 bra\u0142 udzia\u0142 w Marszu Niepodleg\u0142o\u015bci, bra\u0142em w nim udzia\u0142 ju\u017c wiele razy. To wyj\u0105tkowe wydarzenie, podczas kt\u00f3rego wszyscy Polacy mog\u0105 11 listopada zjednoczy\u0107 si\u0119 w \u015bwi\u0119towaniu naszej bia\u0142o-czerwonej flagi i naszych wsp\u00f3lnych warto\u015bci&#8221; &#8211; powiedzia\u0142.<\/p>\n<h3 class=\"wp-block-heading\">\u201eTo nie jest marsz faszyst\u00f3w\u201d<\/h3>\n<p>Prezydent Nawrocki odni\u00f3s\u0142 si\u0119 tak\u017ce do atak\u00f3w na patriot\u00f3w bior\u0105cych udzia\u0142 w marszu w ostatnich latach. Kilka lat temu Guy Verhofstadt nazwa\u0142 Marsz Niepodleg\u0142o\u015bci \u201emarszem faszyst\u00f3w\u201d, kt\u00f3ry nie powinien odbywa\u0107 si\u0119 w Europie.<\/p>\n<p>&#8222;Pami\u0119tam, \u017ce jako szef IPN w Gda\u0144sku nawet publicznie sprzeciwia\u0142em si\u0119 takim wypowiedziom. Zawsze bra\u0142em udzia\u0142 w tym marszu i widzia\u0142em zupe\u0142nie inny obraz, ni\u017c opisywa\u0142 europarlamentarz. Widzia\u0142em rodziny z dzie\u0107mi, osoby oddane piel\u0119gnowaniu polskiej to\u017csamo\u015bci. Oczywi\u015bcie, w tak du\u017cym zgromadzeniu zawsze dochodzi do r\u00f3\u017cnych incydent\u00f3w. Ale na pewno nie jest to marsz faszyst\u00f3w &#8211; to marsz ludzi dumnych z bycia Polakiem&#8221; &#8211; powiedzia\u0142 prezydent Nawrocki. powiedzia\u0142.<\/p>\n<h3 class=\"wp-block-heading\">\u201eTo nie przypadek\u201d<\/h3>\n<p>Gospodarz zapyta\u0142 nast\u0119pnie prezydenta, jak ocenia decyzj\u0119 rz\u0105du o zakazie u\u017cywania rac podczas wydarzenia, a tak\u017ce trwaj\u0105cy remont Dworca Centralnego.<\/p>\n<p>&#8222;Trudno mi dzi\u015b to oceni\u0107, ale dobrze pami\u0119tam, co dzia\u0142o si\u0119 podczas poprzednich Marsz\u00f3w Niepodleg\u0142o\u015bci, kiedy partia rz\u0105dz\u0105ca niekoniecznie czu\u0142a si\u0119 zwi\u0105zana z tym wydarzeniem. Byli\u015bmy \u015bwiadkami prowokacji i pewnych dzia\u0142a\u0144, kt\u00f3re nie przystawa\u0142y do \u200b\u200bgodno\u015bci Dnia Niepodleg\u0142o\u015bci. My\u015bl\u0119, \u017ce to nie przypadek&#8221; &#8211; zauwa\u017cy\u0142 prezydent.<\/p>\n<p>Doda\u0142 jednak, \u017ce s\u0105 powody do optymizmu.<\/p>\n<p>&#8222;Jeste\u015bmy narodem bardzo buntowniczym. Gdy zdarzaj\u0105 si\u0119 takie sytuacje &#8211; gdy kto\u015b si\u0142\u0105 pr\u00f3buje udowodni\u0107, \u017ce do Warszawy nie mo\u017cna dojecha\u0107 &#8211; wiem, \u017ce tysi\u0105ce Polak\u00f3w wsiada do samochod\u00f3w i jedzie do stolicy. Tacy jeste\u015bmy jako Polacy. Kiedy kto\u015b nam m\u00f3wi, \u017ceby\u015bmy nie wywieszali bia\u0142o-czerwonej flagi i nie dzielili si\u0119 rado\u015bci\u0105 z naszego Dnia Niepodleg\u0142o\u015bci, tym bardziej jeste\u015bmy zdeterminowani, \u017ceby tam &#8211; w Warszawie&#8221; &#8211; podkre\u015bli\u0142 prezydent.<\/p>\n<\/div>\n<\/div>\n","protected":false},"excerpt":{"rendered":"<p>\u201e\u015awi\u0119to Niepodleg\u0142o\u015bci przypadaj\u0105ce 11 listopada to najpi\u0119kniejsze i najbardziej radosne \u015bwi\u0119to \u2013 takie, kt\u00f3re m\u00f3wi o naszej niepodleg\u0142o\u015bci i suwerenno\u015bci,<\/p>\n","protected":false},"author":1,"featured_media":10415,"comment_status":"open","ping_status":"open","sticky":false,"template":"","format":"standard","meta":{"footnotes":""},"categories":[4748],"tags":[131,11892,450,2180,341,11853,355,1366,8262,340,5764],"class_list":["post-10414","post","type-post","status-publish","format-standard","has-post-thumbnail","hentry","category-aktualne","tag-dla","tag-marszowi","tag-nie","tag-niepodleglosci","tag-prezydent","tag-prowokacjach","tag-przeciwko","tag-przypadek","tag-przypomina","tag-republika","tag-wywiadzie","generate-columns","tablet-grid-50","mobile-grid-100","grid-parent","grid-50","resize-featured-image"],"yoast_head":"<!-- This site is optimized with the Yoast SEO plugin v23.2 - https:\/\/yoast.com\/wordpress\/plugins\/seo\/ -->\n<title>\u201eTo nie przypadek\u201d. Prezydent w wywiadzie dla TV Republika przypomina o prowokacjach przeciwko Marszowi Niepodleg\u0142o\u015bci - POGOTOWIE FLAGOWE\u00ae<\/title>\n<meta name=\"robots\" content=\"index, follow, max-snippet:-1, max-image-preview:large, max-video-preview:-1\" \/>\n<link rel=\"canonical\" href=\"https:\/\/www.pogotowieflagowe.pl\/aktualne\/to-nie-przypadek-prezydent-w-wywiadzie-dla-tv-republika-przypomina-o-prowokacjach-przeciwko-marszowi-niepodleglosci\/\" \/>\n<meta property=\"og:locale\" content=\"pl_PL\" \/>\n<meta property=\"og:type\" content=\"article\" \/>\n<meta property=\"og:title\" content=\"\u201eTo nie przypadek\u201d. Prezydent w wywiadzie dla TV Republika przypomina o prowokacjach przeciwko Marszowi Niepodleg\u0142o\u015bci - POGOTOWIE FLAGOWE\u00ae\" \/>\n<meta property=\"og:description\" content=\"\u201e\u015awi\u0119to Niepodleg\u0142o\u015bci przypadaj\u0105ce 11 listopada to najpi\u0119kniejsze i najbardziej radosne \u015bwi\u0119to \u2013 takie, kt\u00f3re m\u00f3wi o naszej niepodleg\u0142o\u015bci i suwerenno\u015bci,\" \/>\n<meta property=\"og:url\" content=\"https:\/\/www.pogotowieflagowe.pl\/aktualne\/to-nie-przypadek-prezydent-w-wywiadzie-dla-tv-republika-przypomina-o-prowokacjach-przeciwko-marszowi-niepodleglosci\/\" \/>\n<meta property=\"og:site_name\" content=\"POGOTOWIE FLAGOWE\u00ae\" \/>\n<meta property=\"article:published_time\" content=\"2025-11-10T21:59:19+00:00\" \/>\n<meta property=\"article:modified_time\" content=\"2025-11-10T21:59:21+00:00\" \/>\n<meta property=\"og:image\" content=\"https:\/\/www.pogotowieflagowe.pl\/aktualne\/wp-content\/uploads\/2025\/11\/\u201eTo-nie-przypadek-Prezydent-w-wywiadzie-dla-TV-Republika-przypomina.webp.webp\" \/>\n\t<meta property=\"og:image:width\" content=\"1280\" \/>\n\t<meta property=\"og:image:height\" content=\"719\" \/>\n\t<meta property=\"og:image:type\" content=\"image\/webp\" \/>\n<meta name=\"author\" content=\"Filip\" \/>\n<meta name=\"twitter:card\" content=\"summary_large_image\" \/>\n<meta name=\"twitter:label1\" content=\"Napisane przez\" \/>\n\t<meta name=\"twitter:data1\" content=\"Filip\" \/>\n\t<meta name=\"twitter:label2\" content=\"Szacowany czas czytania\" \/>\n\t<meta name=\"twitter:data2\" content=\"3 minuty\" \/>\n<script type=\"application\/ld+json\" class=\"yoast-schema-graph\">{\"@context\":\"https:\/\/schema.org\",\"@graph\":[{\"@type\":\"Article\",\"@id\":\"https:\/\/www.pogotowieflagowe.pl\/aktualne\/to-nie-przypadek-prezydent-w-wywiadzie-dla-tv-republika-przypomina-o-prowokacjach-przeciwko-marszowi-niepodleglosci\/#article\",\"isPartOf\":{\"@id\":\"https:\/\/www.pogotowieflagowe.pl\/aktualne\/to-nie-przypadek-prezydent-w-wywiadzie-dla-tv-republika-przypomina-o-prowokacjach-przeciwko-marszowi-niepodleglosci\/\"},\"author\":{\"name\":\"Filip\",\"@id\":\"https:\/\/www.pogotowieflagowe.pl\/aktualne\/#\/schema\/person\/9c2fb7d2362ebf6fa088960d7f0d27b0\"},\"headline\":\"\u201eTo nie przypadek\u201d. Prezydent w wywiadzie dla TV Republika przypomina o prowokacjach przeciwko Marszowi Niepodleg\u0142o\u015bci\",\"datePublished\":\"2025-11-10T21:59:19+00:00\",\"dateModified\":\"2025-11-10T21:59:21+00:00\",\"mainEntityOfPage\":{\"@id\":\"https:\/\/www.pogotowieflagowe.pl\/aktualne\/to-nie-przypadek-prezydent-w-wywiadzie-dla-tv-republika-przypomina-o-prowokacjach-przeciwko-marszowi-niepodleglosci\/\"},\"wordCount\":565,\"commentCount\":0,\"publisher\":{\"@id\":\"https:\/\/www.pogotowieflagowe.pl\/aktualne\/#organization\"},\"image\":{\"@id\":\"https:\/\/www.pogotowieflagowe.pl\/aktualne\/to-nie-przypadek-prezydent-w-wywiadzie-dla-tv-republika-przypomina-o-prowokacjach-przeciwko-marszowi-niepodleglosci\/#primaryimage\"},\"thumbnailUrl\":\"https:\/\/www.pogotowieflagowe.pl\/aktualne\/wp-content\/uploads\/2025\/11\/\u201eTo-nie-przypadek-Prezydent-w-wywiadzie-dla-TV-Republika-przypomina.webp.webp\",\"keywords\":[\"dla\",\"Marszowi\",\"Nie\",\"Niepodleg\u0142o\u015bci\",\"Prezydent\",\"prowokacjach\",\"przeciwko\",\"Przypadek\",\"przypomina\",\"Republika\",\"wywiadzie\"],\"articleSection\":[\"Aktualne\"],\"inLanguage\":\"pl-PL\",\"potentialAction\":[{\"@type\":\"CommentAction\",\"name\":\"Comment\",\"target\":[\"https:\/\/www.pogotowieflagowe.pl\/aktualne\/to-nie-przypadek-prezydent-w-wywiadzie-dla-tv-republika-przypomina-o-prowokacjach-przeciwko-marszowi-niepodleglosci\/#respond\"]}]},{\"@type\":\"WebPage\",\"@id\":\"https:\/\/www.pogotowieflagowe.pl\/aktualne\/to-nie-przypadek-prezydent-w-wywiadzie-dla-tv-republika-przypomina-o-prowokacjach-przeciwko-marszowi-niepodleglosci\/\",\"url\":\"https:\/\/www.pogotowieflagowe.pl\/aktualne\/to-nie-przypadek-prezydent-w-wywiadzie-dla-tv-republika-przypomina-o-prowokacjach-przeciwko-marszowi-niepodleglosci\/\",\"name\":\"\u201eTo nie przypadek\u201d. Prezydent w wywiadzie dla TV Republika przypomina o prowokacjach przeciwko Marszowi Niepodleg\u0142o\u015bci - POGOTOWIE FLAGOWE\u00ae\",\"isPartOf\":{\"@id\":\"https:\/\/www.pogotowieflagowe.pl\/aktualne\/#website\"},\"primaryImageOfPage\":{\"@id\":\"https:\/\/www.pogotowieflagowe.pl\/aktualne\/to-nie-przypadek-prezydent-w-wywiadzie-dla-tv-republika-przypomina-o-prowokacjach-przeciwko-marszowi-niepodleglosci\/#primaryimage\"},\"image\":{\"@id\":\"https:\/\/www.pogotowieflagowe.pl\/aktualne\/to-nie-przypadek-prezydent-w-wywiadzie-dla-tv-republika-przypomina-o-prowokacjach-przeciwko-marszowi-niepodleglosci\/#primaryimage\"},\"thumbnailUrl\":\"https:\/\/www.pogotowieflagowe.pl\/aktualne\/wp-content\/uploads\/2025\/11\/\u201eTo-nie-przypadek-Prezydent-w-wywiadzie-dla-TV-Republika-przypomina.webp.webp\",\"datePublished\":\"2025-11-10T21:59:19+00:00\",\"dateModified\":\"2025-11-10T21:59:21+00:00\",\"breadcrumb\":{\"@id\":\"https:\/\/www.pogotowieflagowe.pl\/aktualne\/to-nie-przypadek-prezydent-w-wywiadzie-dla-tv-republika-przypomina-o-prowokacjach-przeciwko-marszowi-niepodleglosci\/#breadcrumb\"},\"inLanguage\":\"pl-PL\",\"potentialAction\":[{\"@type\":\"ReadAction\",\"target\":[\"https:\/\/www.pogotowieflagowe.pl\/aktualne\/to-nie-przypadek-prezydent-w-wywiadzie-dla-tv-republika-przypomina-o-prowokacjach-przeciwko-marszowi-niepodleglosci\/\"]}]},{\"@type\":\"ImageObject\",\"inLanguage\":\"pl-PL\",\"@id\":\"https:\/\/www.pogotowieflagowe.pl\/aktualne\/to-nie-przypadek-prezydent-w-wywiadzie-dla-tv-republika-przypomina-o-prowokacjach-przeciwko-marszowi-niepodleglosci\/#primaryimage\",\"url\":\"https:\/\/www.pogotowieflagowe.pl\/aktualne\/wp-content\/uploads\/2025\/11\/\u201eTo-nie-przypadek-Prezydent-w-wywiadzie-dla-TV-Republika-przypomina.webp.webp\",\"contentUrl\":\"https:\/\/www.pogotowieflagowe.pl\/aktualne\/wp-content\/uploads\/2025\/11\/\u201eTo-nie-przypadek-Prezydent-w-wywiadzie-dla-TV-Republika-przypomina.webp.webp\",\"width\":1280,\"height\":719,\"caption\":\"\u201eTo nie przypadek\u201d. Prezydent w wywiadzie dla TV Republika przypomina o prowokacjach przeciwko Marszowi Niepodleg\u0142o\u015bci\"},{\"@type\":\"BreadcrumbList\",\"@id\":\"https:\/\/www.pogotowieflagowe.pl\/aktualne\/to-nie-przypadek-prezydent-w-wywiadzie-dla-tv-republika-przypomina-o-prowokacjach-przeciwko-marszowi-niepodleglosci\/#breadcrumb\",\"itemListElement\":[{\"@type\":\"ListItem\",\"position\":1,\"name\":\"Home\",\"item\":\"https:\/\/www.pogotowieflagowe.pl\/aktualne\/\"},{\"@type\":\"ListItem\",\"position\":2,\"name\":\"\u201eTo nie przypadek\u201d. Prezydent w wywiadzie dla TV Republika przypomina o prowokacjach przeciwko Marszowi Niepodleg\u0142o\u015bci\"}]},{\"@type\":\"WebSite\",\"@id\":\"https:\/\/www.pogotowieflagowe.pl\/aktualne\/#website\",\"url\":\"https:\/\/www.pogotowieflagowe.pl\/aktualne\/\",\"name\":\"POGOTOWIE FLAGOWE\u00ae\",\"description\":\"\",\"publisher\":{\"@id\":\"https:\/\/www.pogotowieflagowe.pl\/aktualne\/#organization\"},\"potentialAction\":[{\"@type\":\"SearchAction\",\"target\":{\"@type\":\"EntryPoint\",\"urlTemplate\":\"https:\/\/www.pogotowieflagowe.pl\/aktualne\/?s={search_term_string}\"},\"query-input\":\"required name=search_term_string\"}],\"inLanguage\":\"pl-PL\"},{\"@type\":\"Organization\",\"@id\":\"https:\/\/www.pogotowieflagowe.pl\/aktualne\/#organization\",\"name\":\"POGOTOWIE FLAGOWE\u00ae\",\"url\":\"https:\/\/www.pogotowieflagowe.pl\/aktualne\/\",\"logo\":{\"@type\":\"ImageObject\",\"inLanguage\":\"pl-PL\",\"@id\":\"https:\/\/www.pogotowieflagowe.pl\/aktualne\/#\/schema\/logo\/image\/\",\"url\":\"https:\/\/www.pogotowieflagowe.pl\/aktualne\/wp-content\/uploads\/2024\/08\/cropped-pogotowieflagowe_flaga_projekt_sm.jpg\",\"contentUrl\":\"https:\/\/www.pogotowieflagowe.pl\/aktualne\/wp-content\/uploads\/2024\/08\/cropped-pogotowieflagowe_flaga_projekt_sm.jpg\",\"width\":250,\"height\":143,\"caption\":\"POGOTOWIE FLAGOWE\u00ae\"},\"image\":{\"@id\":\"https:\/\/www.pogotowieflagowe.pl\/aktualne\/#\/schema\/logo\/image\/\"}},{\"@type\":\"Person\",\"@id\":\"https:\/\/www.pogotowieflagowe.pl\/aktualne\/#\/schema\/person\/9c2fb7d2362ebf6fa088960d7f0d27b0\",\"name\":\"Filip\",\"image\":{\"@type\":\"ImageObject\",\"inLanguage\":\"pl-PL\",\"@id\":\"https:\/\/www.pogotowieflagowe.pl\/aktualne\/#\/schema\/person\/image\/\",\"url\":\"https:\/\/www.pogotowieflagowe.pl\/aktualne\/wp-content\/uploads\/2024\/08\/pogotowieflagowe.pl_.jpg\",\"contentUrl\":\"https:\/\/www.pogotowieflagowe.pl\/aktualne\/wp-content\/uploads\/2024\/08\/pogotowieflagowe.pl_.jpg\",\"caption\":\"Filip\"},\"description\":\"Jestem Filip, polski dziennikarz z dyplomem nauk politycznych Uniwersytetu Warszawskiego. Rozpoczynaj\u0105c swoj\u0105 karier\u0119 w r\u00f3\u017cnych lokalnych mediach, zdoby\u0142em solidne do\u015bwiadczenie w zakresie \u015bledztwa i redakcji. Obecnie jako redaktor w Pogotowie flagowe, staram si\u0119 dostarcza\u0107 dog\u0142\u0119bne i istotne analizy na temat najwa\u017cniejszych kwestii aktualno\u015bci, \u0142\u0105cz\u0105c rygor z pasj\u0105 dziennikarsk\u0105.\",\"sameAs\":[\"https:\/\/www.pogotowieflagowe.pl\/\"]}]}<\/script>\n<!-- \/ Yoast SEO plugin. -->","yoast_head_json":{"title":"\u201eTo nie przypadek\u201d. Prezydent w wywiadzie dla TV Republika przypomina o prowokacjach przeciwko Marszowi Niepodleg\u0142o\u015bci - POGOTOWIE FLAGOWE\u00ae","robots":{"index":"index","follow":"follow","max-snippet":"max-snippet:-1","max-image-preview":"max-image-preview:large","max-video-preview":"max-video-preview:-1"},"canonical":"https:\/\/www.pogotowieflagowe.pl\/aktualne\/to-nie-przypadek-prezydent-w-wywiadzie-dla-tv-republika-przypomina-o-prowokacjach-przeciwko-marszowi-niepodleglosci\/","og_locale":"pl_PL","og_type":"article","og_title":"\u201eTo nie przypadek\u201d. Prezydent w wywiadzie dla TV Republika przypomina o prowokacjach przeciwko Marszowi Niepodleg\u0142o\u015bci - POGOTOWIE FLAGOWE\u00ae","og_description":"\u201e\u015awi\u0119to Niepodleg\u0142o\u015bci przypadaj\u0105ce 11 listopada to najpi\u0119kniejsze i najbardziej radosne \u015bwi\u0119to \u2013 takie, kt\u00f3re m\u00f3wi o naszej niepodleg\u0142o\u015bci i suwerenno\u015bci,","og_url":"https:\/\/www.pogotowieflagowe.pl\/aktualne\/to-nie-przypadek-prezydent-w-wywiadzie-dla-tv-republika-przypomina-o-prowokacjach-przeciwko-marszowi-niepodleglosci\/","og_site_name":"POGOTOWIE FLAGOWE\u00ae","article_published_time":"2025-11-10T21:59:19+00:00","article_modified_time":"2025-11-10T21:59:21+00:00","og_image":[{"width":1280,"height":719,"url":"https:\/\/www.pogotowieflagowe.pl\/aktualne\/wp-content\/uploads\/2025\/11\/\u201eTo-nie-przypadek-Prezydent-w-wywiadzie-dla-TV-Republika-przypomina.webp.webp","type":"image\/webp"}],"author":"Filip","twitter_card":"summary_large_image","twitter_misc":{"Napisane przez":"Filip","Szacowany czas czytania":"3 minuty"},"schema":{"@context":"https:\/\/schema.org","@graph":[{"@type":"Article","@id":"https:\/\/www.pogotowieflagowe.pl\/aktualne\/to-nie-przypadek-prezydent-w-wywiadzie-dla-tv-republika-przypomina-o-prowokacjach-przeciwko-marszowi-niepodleglosci\/#article","isPartOf":{"@id":"https:\/\/www.pogotowieflagowe.pl\/aktualne\/to-nie-przypadek-prezydent-w-wywiadzie-dla-tv-republika-przypomina-o-prowokacjach-przeciwko-marszowi-niepodleglosci\/"},"author":{"name":"Filip","@id":"https:\/\/www.pogotowieflagowe.pl\/aktualne\/#\/schema\/person\/9c2fb7d2362ebf6fa088960d7f0d27b0"},"headline":"\u201eTo nie przypadek\u201d. Prezydent w wywiadzie dla TV Republika przypomina o prowokacjach przeciwko Marszowi Niepodleg\u0142o\u015bci","datePublished":"2025-11-10T21:59:19+00:00","dateModified":"2025-11-10T21:59:21+00:00","mainEntityOfPage":{"@id":"https:\/\/www.pogotowieflagowe.pl\/aktualne\/to-nie-przypadek-prezydent-w-wywiadzie-dla-tv-republika-przypomina-o-prowokacjach-przeciwko-marszowi-niepodleglosci\/"},"wordCount":565,"commentCount":0,"publisher":{"@id":"https:\/\/www.pogotowieflagowe.pl\/aktualne\/#organization"},"image":{"@id":"https:\/\/www.pogotowieflagowe.pl\/aktualne\/to-nie-przypadek-prezydent-w-wywiadzie-dla-tv-republika-przypomina-o-prowokacjach-przeciwko-marszowi-niepodleglosci\/#primaryimage"},"thumbnailUrl":"https:\/\/www.pogotowieflagowe.pl\/aktualne\/wp-content\/uploads\/2025\/11\/\u201eTo-nie-przypadek-Prezydent-w-wywiadzie-dla-TV-Republika-przypomina.webp.webp","keywords":["dla","Marszowi","Nie","Niepodleg\u0142o\u015bci","Prezydent","prowokacjach","przeciwko","Przypadek","przypomina","Republika","wywiadzie"],"articleSection":["Aktualne"],"inLanguage":"pl-PL","potentialAction":[{"@type":"CommentAction","name":"Comment","target":["https:\/\/www.pogotowieflagowe.pl\/aktualne\/to-nie-przypadek-prezydent-w-wywiadzie-dla-tv-republika-przypomina-o-prowokacjach-przeciwko-marszowi-niepodleglosci\/#respond"]}]},{"@type":"WebPage","@id":"https:\/\/www.pogotowieflagowe.pl\/aktualne\/to-nie-przypadek-prezydent-w-wywiadzie-dla-tv-republika-przypomina-o-prowokacjach-przeciwko-marszowi-niepodleglosci\/","url":"https:\/\/www.pogotowieflagowe.pl\/aktualne\/to-nie-przypadek-prezydent-w-wywiadzie-dla-tv-republika-przypomina-o-prowokacjach-przeciwko-marszowi-niepodleglosci\/","name":"\u201eTo nie przypadek\u201d. Prezydent w wywiadzie dla TV Republika przypomina o prowokacjach przeciwko Marszowi Niepodleg\u0142o\u015bci - POGOTOWIE FLAGOWE\u00ae","isPartOf":{"@id":"https:\/\/www.pogotowieflagowe.pl\/aktualne\/#website"},"primaryImageOfPage":{"@id":"https:\/\/www.pogotowieflagowe.pl\/aktualne\/to-nie-przypadek-prezydent-w-wywiadzie-dla-tv-republika-przypomina-o-prowokacjach-przeciwko-marszowi-niepodleglosci\/#primaryimage"},"image":{"@id":"https:\/\/www.pogotowieflagowe.pl\/aktualne\/to-nie-przypadek-prezydent-w-wywiadzie-dla-tv-republika-przypomina-o-prowokacjach-przeciwko-marszowi-niepodleglosci\/#primaryimage"},"thumbnailUrl":"https:\/\/www.pogotowieflagowe.pl\/aktualne\/wp-content\/uploads\/2025\/11\/\u201eTo-nie-przypadek-Prezydent-w-wywiadzie-dla-TV-Republika-przypomina.webp.webp","datePublished":"2025-11-10T21:59:19+00:00","dateModified":"2025-11-10T21:59:21+00:00","breadcrumb":{"@id":"https:\/\/www.pogotowieflagowe.pl\/aktualne\/to-nie-przypadek-prezydent-w-wywiadzie-dla-tv-republika-przypomina-o-prowokacjach-przeciwko-marszowi-niepodleglosci\/#breadcrumb"},"inLanguage":"pl-PL","potentialAction":[{"@type":"ReadAction","target":["https:\/\/www.pogotowieflagowe.pl\/aktualne\/to-nie-przypadek-prezydent-w-wywiadzie-dla-tv-republika-przypomina-o-prowokacjach-przeciwko-marszowi-niepodleglosci\/"]}]},{"@type":"ImageObject","inLanguage":"pl-PL","@id":"https:\/\/www.pogotowieflagowe.pl\/aktualne\/to-nie-przypadek-prezydent-w-wywiadzie-dla-tv-republika-przypomina-o-prowokacjach-przeciwko-marszowi-niepodleglosci\/#primaryimage","url":"https:\/\/www.pogotowieflagowe.pl\/aktualne\/wp-content\/uploads\/2025\/11\/\u201eTo-nie-przypadek-Prezydent-w-wywiadzie-dla-TV-Republika-przypomina.webp.webp","contentUrl":"https:\/\/www.pogotowieflagowe.pl\/aktualne\/wp-content\/uploads\/2025\/11\/\u201eTo-nie-przypadek-Prezydent-w-wywiadzie-dla-TV-Republika-przypomina.webp.webp","width":1280,"height":719,"caption":"\u201eTo nie przypadek\u201d. Prezydent w wywiadzie dla TV Republika przypomina o prowokacjach przeciwko Marszowi Niepodleg\u0142o\u015bci"},{"@type":"BreadcrumbList","@id":"https:\/\/www.pogotowieflagowe.pl\/aktualne\/to-nie-przypadek-prezydent-w-wywiadzie-dla-tv-republika-przypomina-o-prowokacjach-przeciwko-marszowi-niepodleglosci\/#breadcrumb","itemListElement":[{"@type":"ListItem","position":1,"name":"Home","item":"https:\/\/www.pogotowieflagowe.pl\/aktualne\/"},{"@type":"ListItem","position":2,"name":"\u201eTo nie przypadek\u201d. Prezydent w wywiadzie dla TV Republika przypomina o prowokacjach przeciwko Marszowi Niepodleg\u0142o\u015bci"}]},{"@type":"WebSite","@id":"https:\/\/www.pogotowieflagowe.pl\/aktualne\/#website","url":"https:\/\/www.pogotowieflagowe.pl\/aktualne\/","name":"POGOTOWIE FLAGOWE\u00ae","description":"","publisher":{"@id":"https:\/\/www.pogotowieflagowe.pl\/aktualne\/#organization"},"potentialAction":[{"@type":"SearchAction","target":{"@type":"EntryPoint","urlTemplate":"https:\/\/www.pogotowieflagowe.pl\/aktualne\/?s={search_term_string}"},"query-input":"required name=search_term_string"}],"inLanguage":"pl-PL"},{"@type":"Organization","@id":"https:\/\/www.pogotowieflagowe.pl\/aktualne\/#organization","name":"POGOTOWIE FLAGOWE\u00ae","url":"https:\/\/www.pogotowieflagowe.pl\/aktualne\/","logo":{"@type":"ImageObject","inLanguage":"pl-PL","@id":"https:\/\/www.pogotowieflagowe.pl\/aktualne\/#\/schema\/logo\/image\/","url":"https:\/\/www.pogotowieflagowe.pl\/aktualne\/wp-content\/uploads\/2024\/08\/cropped-pogotowieflagowe_flaga_projekt_sm.jpg","contentUrl":"https:\/\/www.pogotowieflagowe.pl\/aktualne\/wp-content\/uploads\/2024\/08\/cropped-pogotowieflagowe_flaga_projekt_sm.jpg","width":250,"height":143,"caption":"POGOTOWIE FLAGOWE\u00ae"},"image":{"@id":"https:\/\/www.pogotowieflagowe.pl\/aktualne\/#\/schema\/logo\/image\/"}},{"@type":"Person","@id":"https:\/\/www.pogotowieflagowe.pl\/aktualne\/#\/schema\/person\/9c2fb7d2362ebf6fa088960d7f0d27b0","name":"Filip","image":{"@type":"ImageObject","inLanguage":"pl-PL","@id":"https:\/\/www.pogotowieflagowe.pl\/aktualne\/#\/schema\/person\/image\/","url":"https:\/\/www.pogotowieflagowe.pl\/aktualne\/wp-content\/uploads\/2024\/08\/pogotowieflagowe.pl_.jpg","contentUrl":"https:\/\/www.pogotowieflagowe.pl\/aktualne\/wp-content\/uploads\/2024\/08\/pogotowieflagowe.pl_.jpg","caption":"Filip"},"description":"Jestem Filip, polski dziennikarz z dyplomem nauk politycznych Uniwersytetu Warszawskiego. Rozpoczynaj\u0105c swoj\u0105 karier\u0119 w r\u00f3\u017cnych lokalnych mediach, zdoby\u0142em solidne do\u015bwiadczenie w zakresie \u015bledztwa i redakcji. Obecnie jako redaktor w Pogotowie flagowe, staram si\u0119 dostarcza\u0107 dog\u0142\u0119bne i istotne analizy na temat najwa\u017cniejszych kwestii aktualno\u015bci, \u0142\u0105cz\u0105c rygor z pasj\u0105 dziennikarsk\u0105.","sameAs":["https:\/\/www.pogotowieflagowe.pl\/"]}]}},"_links":{"self":[{"href":"https:\/\/www.pogotowieflagowe.pl\/aktualne\/wp-json\/wp\/v2\/posts\/10414","targetHints":{"allow":["GET"]}}],"collection":[{"href":"https:\/\/www.pogotowieflagowe.pl\/aktualne\/wp-json\/wp\/v2\/posts"}],"about":[{"href":"https:\/\/www.pogotowieflagowe.pl\/aktualne\/wp-json\/wp\/v2\/types\/post"}],"author":[{"embeddable":true,"href":"https:\/\/www.pogotowieflagowe.pl\/aktualne\/wp-json\/wp\/v2\/users\/1"}],"replies":[{"embeddable":true,"href":"https:\/\/www.pogotowieflagowe.pl\/aktualne\/wp-json\/wp\/v2\/comments?post=10414"}],"version-history":[{"count":1,"href":"https:\/\/www.pogotowieflagowe.pl\/aktualne\/wp-json\/wp\/v2\/posts\/10414\/revisions"}],"predecessor-version":[{"id":10416,"href":"https:\/\/www.pogotowieflagowe.pl\/aktualne\/wp-json\/wp\/v2\/posts\/10414\/revisions\/10416"}],"wp:featuredmedia":[{"embeddable":true,"href":"https:\/\/www.pogotowieflagowe.pl\/aktualne\/wp-json\/wp\/v2\/media\/10415"}],"wp:attachment":[{"href":"https:\/\/www.pogotowieflagowe.pl\/aktualne\/wp-json\/wp\/v2\/media?parent=10414"}],"wp:term":[{"taxonomy":"category","embeddable":true,"href":"https:\/\/www.pogotowieflagowe.pl\/aktualne\/wp-json\/wp\/v2\/categories?post=10414"},{"taxonomy":"post_tag","embeddable":true,"href":"https:\/\/www.pogotowieflagowe.pl\/aktualne\/wp-json\/wp\/v2\/tags?post=10414"}],"curies":[{"name":"wp","href":"https:\/\/api.w.org\/{rel}","templated":true}]}}